{"id":81418,"date":"2016-07-02T00:33:26","date_gmt":"2016-07-01T22:33:26","guid":{"rendered":"http:\/\/eldigitaldeasturias.com\/magazine365\/?p=81418"},"modified":"2016-07-02T00:33:26","modified_gmt":"2016-07-01T22:33:26","slug":"la-ocupacion-en-el-litoral-andaluz-llega-al-82-y-la-media-en-la-comunidad-al-70","status":"publish","type":"post","link":"https:\/\/eldigitaldeasturias.com\/magazine365\/la-ocupacion-en-el-litoral-andaluz-llega-al-82-y-la-media-en-la-comunidad-al-70\/","title":{"rendered":"La ocupaci\u00f3n en el litoral andaluz llega al 82% y la media en la comunidad, al 70%"},"content":{"rendered":"<p><img fetchpriority=\"high\" decoding=\"async\" class=\"alignleft size-medium wp-image-81419\" src=\"https:\/\/eldigitaldeasturias.com\/magazine365\/wp-content\/uploads\/2016\/07\/fotonoticia_20160701140609_800-360x240.jpg\" alt=\"fotonoticia_20160701140609_800\" width=\"360\" height=\"240\" srcset=\"https:\/\/eldigitaldeasturias.com\/magazine365\/wp-content\/uploads\/2016\/07\/fotonoticia_20160701140609_800-360x240.jpg 360w, https:\/\/eldigitaldeasturias.com\/magazine365\/wp-content\/uploads\/2016\/07\/fotonoticia_20160701140609_800-650x433.jpg 650w, https:\/\/eldigitaldeasturias.com\/magazine365\/wp-content\/uploads\/2016\/07\/fotonoticia_20160701140609_800-768x512.jpg 768w, https:\/\/eldigitaldeasturias.com\/magazine365\/wp-content\/uploads\/2016\/07\/fotonoticia_20160701140609_800-150x100.jpg 150w, https:\/\/eldigitaldeasturias.com\/magazine365\/wp-content\/uploads\/2016\/07\/fotonoticia_20160701140609_800-450x300.jpg 450w, https:\/\/eldigitaldeasturias.com\/magazine365\/wp-content\/uploads\/2016\/07\/fotonoticia_20160701140609_800-101x66.jpg 101w, https:\/\/eldigitaldeasturias.com\/magazine365\/wp-content\/uploads\/2016\/07\/fotonoticia_20160701140609_800.jpg 800w\" sizes=\"(max-width: 360px) 100vw, 360px\" \/>El consejero de Turismo y Deporte, Francisco Javier Fern\u00e1ndez, ha valorado la ocupaci\u00f3n del 82 por ciento en el litoral andaluz en estos momentos y del 70 por ciento a nivel general en la comunidad, por lo que ha saludado el reparto del flujo tur\u00edstico en el tiempo y el territorio.<\/p>\n<p>Tras asistir a la entrega de las becas del Plan Andaluc\u00eda Ol\u00edmpica, con la presencia de la presidenta de la Junta de Andaluc\u00eda, Susana D\u00edaz, el consejero de Turismo ha apuntado que los datos que se esperan en el sector tur\u00edstico para el verano seguir\u00e1n la tendencia de incremento del primer semestre del a\u00f1o.<\/p>\n<p>\u00abVamos a tener un verano muy bueno, con un crecimiento de pernoctaciones del 7,5 por ciento\u00bb, ha subrayado el consejero, quien ha destacado la oferta complementaria y completa de Andaluc\u00eda.<\/p>\n<p>En este sentido, ha detallado los recursos tur\u00edsticos del interior andaluz y ha hecho menci\u00f3n de la visita del actor Harrison Ford a ciudades de interior como son Sevilla, C\u00f3rdoba y Granada. \u00abEl interior tiene mucho que ofrecer\u00bb, ha subrayado.<\/p>\n<h2 class=\"ladillo\">DATOS PARA EL VERANO<\/h2>\n<p>La Consejer\u00eda de Turismo y Deporte prev\u00e9 que Andaluc\u00eda alcance los 25,4 millones de pernoctaciones entre junio, julio, agosto y septiembre, lo que representa un incremento del 7,5 por ciento en comparaci\u00f3n con los datos del a\u00f1o pasado.<\/p>\n<p>En el mes de junio se alcanzar\u00e1n los 5,3 millones de estancias (+7,5%); julio, los 6,66 millones de estancias (+8%); agosto, los 7,49 millones (+6,8%), y septiembre, los 5,88 millones (+6,7%).<\/p>\n","protected":false},"excerpt":{"rendered":"<p>El consejero de Turismo y Deporte, Francisco Javier Fern\u00e1ndez, ha valorado la ocupaci\u00f3n del 82 por ciento en el litoral andaluz en estos momentos y del 70 por ciento a nivel general en la comunidad, por lo que ha saludado el reparto del flujo tur\u00edstico en el tiempo y el territorio. Tras asistir a la<\/p>\n","protected":false},"author":1,"featured_media":81419,"comment_status":"open","ping_status":"closed","sticky":false,"template":"","format":"standard","meta":{"footnotes":""},"categories":[224],"tags":[],"class_list":{"0":"post-81418","1":"post","2":"type-post","3":"status-publish","4":"format-standard","5":"has-post-thumbnail","7":"category-noticias-actualidad"},"aioseo_notices":[],"aioseo_head":"\n\t\t<!-- All in One SEO Pro 4.9.6.1 - aioseo.com -->\n\t<meta name=\"description\" content=\"El consejero de Turismo y Deporte, Francisco Javier Fern\u00e1ndez, ha valorado la ocupaci\u00f3n del 82 por ciento en el litoral andaluz en estos momentos y del 70 por ciento a nivel general en la comunidad, por lo que ha saludado el reparto del flujo tur\u00edstico en el tiempo y el territorio. Tras asistir a la\" \/>\n\t<meta name=\"robots\" content=\"max-image-preview:large\" \/>\n\t<meta name=\"author\" content=\"admin\"\/>\n\t<meta name=\"google-site-verification\" content=\"UA-38556648-1\" \/>\n\t<meta name=\"keywords\" content=\"noticias y actualidad\" \/>\n\t<link rel=\"canonical\" href=\"https:\/\/eldigitaldeasturias.com\/magazine365\/la-ocupacion-en-el-litoral-andaluz-llega-al-82-y-la-media-en-la-comunidad-al-70\/\" \/>\n\t<meta name=\"generator\" content=\"All in One SEO Pro (AIOSEO) 4.9.6.1\" \/>\n\t\t<meta property=\"og:locale\" content=\"es_ES\" \/>\n\t\t<meta property=\"og:site_name\" content=\"El Digital de Asturias \u2013 Revista de ocio, turismo y estilo de vida\" \/>\n\t\t<meta property=\"og:type\" content=\"article\" \/>\n\t\t<meta property=\"og:title\" content=\"La ocupaci\u00f3n en el litoral andaluz llega al 82% y la media en la comunidad, al 70% | El Digital de Asturias\" \/>\n\t\t<meta property=\"og:description\" content=\"El consejero de Turismo y Deporte, Francisco Javier Fern\u00e1ndez, ha valorado la ocupaci\u00f3n del 82 por ciento en el litoral andaluz en estos momentos y del 70 por ciento a nivel general en la comunidad, por lo que ha saludado el reparto del flujo tur\u00edstico en el tiempo y el territorio. Tras asistir a la\" \/>\n\t\t<meta property=\"og:url\" content=\"https:\/\/eldigitaldeasturias.com\/magazine365\/la-ocupacion-en-el-litoral-andaluz-llega-al-82-y-la-media-en-la-comunidad-al-70\/\" \/>\n\t\t<meta property=\"og:image\" content=\"https:\/\/eldigitaldeasturias.com\/magazine365\/wp-content\/uploads\/2016\/07\/fotonoticia_20160701140609_800.jpg\" \/>\n\t\t<meta property=\"og:image:secure_url\" content=\"https:\/\/eldigitaldeasturias.com\/magazine365\/wp-content\/uploads\/2016\/07\/fotonoticia_20160701140609_800.jpg\" \/>\n\t\t<meta property=\"og:image:width\" content=\"800\" \/>\n\t\t<meta property=\"og:image:height\" content=\"533\" \/>\n\t\t<meta property=\"article:published_time\" content=\"2016-07-01T22:33:26+00:00\" \/>\n\t\t<meta property=\"article:modified_time\" content=\"2016-07-01T22:33:26+00:00\" \/>\n\t\t<meta name=\"twitter:card\" content=\"summary_large_image\" \/>\n\t\t<meta name=\"twitter:title\" content=\"La ocupaci\u00f3n en el litoral andaluz llega al 82% y la media en la comunidad, al 70% | El Digital de Asturias\" \/>\n\t\t<meta name=\"twitter:description\" content=\"El consejero de Turismo y Deporte, Francisco Javier Fern\u00e1ndez, ha valorado la ocupaci\u00f3n del 82 por ciento en el litoral andaluz en estos momentos y del 70 por ciento a nivel general en la comunidad, por lo que ha saludado el reparto del flujo tur\u00edstico en el tiempo y el territorio. Tras asistir a la\" \/>\n\t\t<meta name=\"twitter:image\" content=\"https:\/\/eldigitaldeasturias.com\/magazine365\/wp-content\/uploads\/2016\/07\/fotonoticia_20160701140609_800.jpg\" \/>\n\t\t<script type=\"application\/ld+json\" class=\"aioseo-schema\">\n\t\t\t{\"@context\":\"https:\\\/\\\/schema.org\",\"@graph\":[{\"@type\":\"Article\",\"@id\":\"https:\\\/\\\/eldigitaldeasturias.com\\\/magazine365\\\/la-ocupacion-en-el-litoral-andaluz-llega-al-82-y-la-media-en-la-comunidad-al-70\\\/#article\",\"name\":\"La ocupaci\\u00f3n en el litoral andaluz llega al 82% y la media en la comunidad, al 70% | El Digital de Asturias\",\"headline\":\"La ocupaci\\u00f3n en el litoral andaluz llega al 82% y la media en la comunidad, al 70%\",\"author\":{\"@id\":\"https:\\\/\\\/eldigitaldeasturias.com\\\/magazine365\\\/author\\\/admin\\\/#author\"},\"publisher\":{\"@id\":\"https:\\\/\\\/eldigitaldeasturias.com\\\/magazine365\\\/#organization\"},\"image\":{\"@type\":\"ImageObject\",\"url\":\"https:\\\/\\\/eldigitaldeasturias.com\\\/magazine365\\\/wp-content\\\/uploads\\\/2016\\\/07\\\/fotonoticia_20160701140609_800.jpg\",\"width\":800,\"height\":533},\"datePublished\":\"2016-07-02T00:33:26+02:00\",\"dateModified\":\"2016-07-02T00:33:26+02:00\",\"inLanguage\":\"es-ES\",\"mainEntityOfPage\":{\"@id\":\"https:\\\/\\\/eldigitaldeasturias.com\\\/magazine365\\\/la-ocupacion-en-el-litoral-andaluz-llega-al-82-y-la-media-en-la-comunidad-al-70\\\/#webpage\"},\"isPartOf\":{\"@id\":\"https:\\\/\\\/eldigitaldeasturias.com\\\/magazine365\\\/la-ocupacion-en-el-litoral-andaluz-llega-al-82-y-la-media-en-la-comunidad-al-70\\\/#webpage\"},\"articleSection\":\"Noticias y Actualidad\"},{\"@type\":\"BreadcrumbList\",\"@id\":\"https:\\\/\\\/eldigitaldeasturias.com\\\/magazine365\\\/la-ocupacion-en-el-litoral-andaluz-llega-al-82-y-la-media-en-la-comunidad-al-70\\\/#breadcrumblist\",\"itemListElement\":[{\"@type\":\"ListItem\",\"@id\":\"https:\\\/\\\/eldigitaldeasturias.com\\\/magazine365#listItem\",\"position\":1,\"name\":\"Home\",\"item\":\"https:\\\/\\\/eldigitaldeasturias.com\\\/magazine365\",\"nextItem\":{\"@type\":\"ListItem\",\"@id\":\"https:\\\/\\\/eldigitaldeasturias.com\\\/magazine365\\\/category\\\/noticias-actualidad\\\/#listItem\",\"name\":\"Noticias y Actualidad\"}},{\"@type\":\"ListItem\",\"@id\":\"https:\\\/\\\/eldigitaldeasturias.com\\\/magazine365\\\/category\\\/noticias-actualidad\\\/#listItem\",\"position\":2,\"name\":\"Noticias y Actualidad\",\"item\":\"https:\\\/\\\/eldigitaldeasturias.com\\\/magazine365\\\/category\\\/noticias-actualidad\\\/\",\"nextItem\":{\"@type\":\"ListItem\",\"@id\":\"https:\\\/\\\/eldigitaldeasturias.com\\\/magazine365\\\/la-ocupacion-en-el-litoral-andaluz-llega-al-82-y-la-media-en-la-comunidad-al-70\\\/#listItem\",\"name\":\"La ocupaci\\u00f3n en el litoral andaluz llega al 82% y la media en la comunidad, al 70%\"},\"previousItem\":{\"@type\":\"ListItem\",\"@id\":\"https:\\\/\\\/eldigitaldeasturias.com\\\/magazine365#listItem\",\"name\":\"Home\"}},{\"@type\":\"ListItem\",\"@id\":\"https:\\\/\\\/eldigitaldeasturias.com\\\/magazine365\\\/la-ocupacion-en-el-litoral-andaluz-llega-al-82-y-la-media-en-la-comunidad-al-70\\\/#listItem\",\"position\":3,\"name\":\"La ocupaci\\u00f3n en el litoral andaluz llega al 82% y la media en la comunidad, al 70%\",\"previousItem\":{\"@type\":\"ListItem\",\"@id\":\"https:\\\/\\\/eldigitaldeasturias.com\\\/magazine365\\\/category\\\/noticias-actualidad\\\/#listItem\",\"name\":\"Noticias y Actualidad\"}}]},{\"@type\":\"Organization\",\"@id\":\"https:\\\/\\\/eldigitaldeasturias.com\\\/magazine365\\\/#organization\",\"name\":\"El digital de Asturias\",\"description\":\"Revista de ocio, turismo y estilo de vida\",\"url\":\"https:\\\/\\\/eldigitaldeasturias.com\\\/magazine365\\\/\",\"logo\":{\"@type\":\"ImageObject\",\"url\":\"https:\\\/\\\/www.eldigitaldeasturias.com\\\/noticias\\\/wp-content\\\/uploads\\\/2020\\\/12\\\/EDA.jpg\",\"@id\":\"https:\\\/\\\/eldigitaldeasturias.com\\\/magazine365\\\/la-ocupacion-en-el-litoral-andaluz-llega-al-82-y-la-media-en-la-comunidad-al-70\\\/#organizationLogo\"},\"image\":{\"@id\":\"https:\\\/\\\/eldigitaldeasturias.com\\\/magazine365\\\/la-ocupacion-en-el-litoral-andaluz-llega-al-82-y-la-media-en-la-comunidad-al-70\\\/#organizationLogo\"}},{\"@type\":\"Person\",\"@id\":\"https:\\\/\\\/eldigitaldeasturias.com\\\/magazine365\\\/author\\\/admin\\\/#author\",\"url\":\"https:\\\/\\\/eldigitaldeasturias.com\\\/magazine365\\\/author\\\/admin\\\/\",\"name\":\"admin\",\"image\":{\"@type\":\"ImageObject\",\"@id\":\"https:\\\/\\\/eldigitaldeasturias.com\\\/magazine365\\\/la-ocupacion-en-el-litoral-andaluz-llega-al-82-y-la-media-en-la-comunidad-al-70\\\/#authorImage\",\"url\":\"https:\\\/\\\/eldigitaldeasturias.com\\\/magazine365\\\/wp-content\\\/litespeed\\\/avatar\\\/e571bcf59a0edd6fa6838245a470f2fe.jpg?ver=1776969259\",\"width\":96,\"height\":96,\"caption\":\"admin\"}},{\"@type\":\"WebPage\",\"@id\":\"https:\\\/\\\/eldigitaldeasturias.com\\\/magazine365\\\/la-ocupacion-en-el-litoral-andaluz-llega-al-82-y-la-media-en-la-comunidad-al-70\\\/#webpage\",\"url\":\"https:\\\/\\\/eldigitaldeasturias.com\\\/magazine365\\\/la-ocupacion-en-el-litoral-andaluz-llega-al-82-y-la-media-en-la-comunidad-al-70\\\/\",\"name\":\"La ocupaci\\u00f3n en el litoral andaluz llega al 82% y la media en la comunidad, al 70% | El Digital de Asturias\",\"description\":\"El consejero de Turismo y Deporte, Francisco Javier Fern\\u00e1ndez, ha valorado la ocupaci\\u00f3n del 82 por ciento en el litoral andaluz en estos momentos y del 70 por ciento a nivel general en la comunidad, por lo que ha saludado el reparto del flujo tur\\u00edstico en el tiempo y el territorio. Tras asistir a la\",\"inLanguage\":\"es-ES\",\"isPartOf\":{\"@id\":\"https:\\\/\\\/eldigitaldeasturias.com\\\/magazine365\\\/#website\"},\"breadcrumb\":{\"@id\":\"https:\\\/\\\/eldigitaldeasturias.com\\\/magazine365\\\/la-ocupacion-en-el-litoral-andaluz-llega-al-82-y-la-media-en-la-comunidad-al-70\\\/#breadcrumblist\"},\"author\":{\"@id\":\"https:\\\/\\\/eldigitaldeasturias.com\\\/magazine365\\\/author\\\/admin\\\/#author\"},\"creator\":{\"@id\":\"https:\\\/\\\/eldigitaldeasturias.com\\\/magazine365\\\/author\\\/admin\\\/#author\"},\"image\":{\"@type\":\"ImageObject\",\"url\":\"https:\\\/\\\/eldigitaldeasturias.com\\\/magazine365\\\/wp-content\\\/uploads\\\/2016\\\/07\\\/fotonoticia_20160701140609_800.jpg\",\"@id\":\"https:\\\/\\\/eldigitaldeasturias.com\\\/magazine365\\\/la-ocupacion-en-el-litoral-andaluz-llega-al-82-y-la-media-en-la-comunidad-al-70\\\/#mainImage\",\"width\":800,\"height\":533},\"primaryImageOfPage\":{\"@id\":\"https:\\\/\\\/eldigitaldeasturias.com\\\/magazine365\\\/la-ocupacion-en-el-litoral-andaluz-llega-al-82-y-la-media-en-la-comunidad-al-70\\\/#mainImage\"},\"datePublished\":\"2016-07-02T00:33:26+02:00\",\"dateModified\":\"2016-07-02T00:33:26+02:00\"},{\"@type\":\"WebSite\",\"@id\":\"https:\\\/\\\/eldigitaldeasturias.com\\\/magazine365\\\/#website\",\"url\":\"https:\\\/\\\/eldigitaldeasturias.com\\\/magazine365\\\/\",\"name\":\"El Digital de Asturias\",\"description\":\"Revista de ocio, turismo y estilo de vida\",\"inLanguage\":\"es-ES\",\"publisher\":{\"@id\":\"https:\\\/\\\/eldigitaldeasturias.com\\\/magazine365\\\/#organization\"}}]}\n\t\t<\/script>\n\t\t<!-- All in One SEO Pro -->\r\n\t\t<title>La ocupaci\u00f3n en el litoral andaluz llega al 82% y la media en la comunidad, al 70% | El Digital de Asturias<\/title>\n\n","aioseo_head_json":{"title":"La ocupaci\u00f3n en el litoral andaluz llega al 82% y la media en la comunidad, al 70% | El Digital de Asturias","description":"El consejero de Turismo y Deporte, Francisco Javier Fern\u00e1ndez, ha valorado la ocupaci\u00f3n del 82 por ciento en el litoral andaluz en estos momentos y del 70 por ciento a nivel general en la comunidad, por lo que ha saludado el reparto del flujo tur\u00edstico en el tiempo y el territorio. Tras asistir a la","canonical_url":"https:\/\/eldigitaldeasturias.com\/magazine365\/la-ocupacion-en-el-litoral-andaluz-llega-al-82-y-la-media-en-la-comunidad-al-70\/","robots":"max-image-preview:large","keywords":"noticias y actualidad","webmasterTools":{"google-site-verification":"UA-38556648-1","miscellaneous":""},"schema":{"@context":"https:\/\/schema.org","@graph":[{"@type":"Article","@id":"https:\/\/eldigitaldeasturias.com\/magazine365\/la-ocupacion-en-el-litoral-andaluz-llega-al-82-y-la-media-en-la-comunidad-al-70\/#article","name":"La ocupaci\u00f3n en el litoral andaluz llega al 82% y la media en la comunidad, al 70% | El Digital de Asturias","headline":"La ocupaci\u00f3n en el litoral andaluz llega al 82% y la media en la comunidad, al 70%","author":{"@id":"https:\/\/eldigitaldeasturias.com\/magazine365\/author\/admin\/#author"},"publisher":{"@id":"https:\/\/eldigitaldeasturias.com\/magazine365\/#organization"},"image":{"@type":"ImageObject","url":"https:\/\/eldigitaldeasturias.com\/magazine365\/wp-content\/uploads\/2016\/07\/fotonoticia_20160701140609_800.jpg","width":800,"height":533},"datePublished":"2016-07-02T00:33:26+02:00","dateModified":"2016-07-02T00:33:26+02:00","inLanguage":"es-ES","mainEntityOfPage":{"@id":"https:\/\/eldigitaldeasturias.com\/magazine365\/la-ocupacion-en-el-litoral-andaluz-llega-al-82-y-la-media-en-la-comunidad-al-70\/#webpage"},"isPartOf":{"@id":"https:\/\/eldigitaldeasturias.com\/magazine365\/la-ocupacion-en-el-litoral-andaluz-llega-al-82-y-la-media-en-la-comunidad-al-70\/#webpage"},"articleSection":"Noticias y Actualidad"},{"@type":"BreadcrumbList","@id":"https:\/\/eldigitaldeasturias.com\/magazine365\/la-ocupacion-en-el-litoral-andaluz-llega-al-82-y-la-media-en-la-comunidad-al-70\/#breadcrumblist","itemListElement":[{"@type":"ListItem","@id":"https:\/\/eldigitaldeasturias.com\/magazine365#listItem","position":1,"name":"Home","item":"https:\/\/eldigitaldeasturias.com\/magazine365","nextItem":{"@type":"ListItem","@id":"https:\/\/eldigitaldeasturias.com\/magazine365\/category\/noticias-actualidad\/#listItem","name":"Noticias y Actualidad"}},{"@type":"ListItem","@id":"https:\/\/eldigitaldeasturias.com\/magazine365\/category\/noticias-actualidad\/#listItem","position":2,"name":"Noticias y Actualidad","item":"https:\/\/eldigitaldeasturias.com\/magazine365\/category\/noticias-actualidad\/","nextItem":{"@type":"ListItem","@id":"https:\/\/eldigitaldeasturias.com\/magazine365\/la-ocupacion-en-el-litoral-andaluz-llega-al-82-y-la-media-en-la-comunidad-al-70\/#listItem","name":"La ocupaci\u00f3n en el litoral andaluz llega al 82% y la media en la comunidad, al 70%"},"previousItem":{"@type":"ListItem","@id":"https:\/\/eldigitaldeasturias.com\/magazine365#listItem","name":"Home"}},{"@type":"ListItem","@id":"https:\/\/eldigitaldeasturias.com\/magazine365\/la-ocupacion-en-el-litoral-andaluz-llega-al-82-y-la-media-en-la-comunidad-al-70\/#listItem","position":3,"name":"La ocupaci\u00f3n en el litoral andaluz llega al 82% y la media en la comunidad, al 70%","previousItem":{"@type":"ListItem","@id":"https:\/\/eldigitaldeasturias.com\/magazine365\/category\/noticias-actualidad\/#listItem","name":"Noticias y Actualidad"}}]},{"@type":"Organization","@id":"https:\/\/eldigitaldeasturias.com\/magazine365\/#organization","name":"El digital de Asturias","description":"Revista de ocio, turismo y estilo de vida","url":"https:\/\/eldigitaldeasturias.com\/magazine365\/","logo":{"@type":"ImageObject","url":"https:\/\/www.eldigitaldeasturias.com\/noticias\/wp-content\/uploads\/2020\/12\/EDA.jpg","@id":"https:\/\/eldigitaldeasturias.com\/magazine365\/la-ocupacion-en-el-litoral-andaluz-llega-al-82-y-la-media-en-la-comunidad-al-70\/#organizationLogo"},"image":{"@id":"https:\/\/eldigitaldeasturias.com\/magazine365\/la-ocupacion-en-el-litoral-andaluz-llega-al-82-y-la-media-en-la-comunidad-al-70\/#organizationLogo"}},{"@type":"Person","@id":"https:\/\/eldigitaldeasturias.com\/magazine365\/author\/admin\/#author","url":"https:\/\/eldigitaldeasturias.com\/magazine365\/author\/admin\/","name":"admin","image":{"@type":"ImageObject","@id":"https:\/\/eldigitaldeasturias.com\/magazine365\/la-ocupacion-en-el-litoral-andaluz-llega-al-82-y-la-media-en-la-comunidad-al-70\/#authorImage","url":"https:\/\/eldigitaldeasturias.com\/magazine365\/wp-content\/litespeed\/avatar\/e571bcf59a0edd6fa6838245a470f2fe.jpg?ver=1776969259","width":96,"height":96,"caption":"admin"}},{"@type":"WebPage","@id":"https:\/\/eldigitaldeasturias.com\/magazine365\/la-ocupacion-en-el-litoral-andaluz-llega-al-82-y-la-media-en-la-comunidad-al-70\/#webpage","url":"https:\/\/eldigitaldeasturias.com\/magazine365\/la-ocupacion-en-el-litoral-andaluz-llega-al-82-y-la-media-en-la-comunidad-al-70\/","name":"La ocupaci\u00f3n en el litoral andaluz llega al 82% y la media en la comunidad, al 70% | El Digital de Asturias","description":"El consejero de Turismo y Deporte, Francisco Javier Fern\u00e1ndez, ha valorado la ocupaci\u00f3n del 82 por ciento en el litoral andaluz en estos momentos y del 70 por ciento a nivel general en la comunidad, por lo que ha saludado el reparto del flujo tur\u00edstico en el tiempo y el territorio. Tras asistir a la","inLanguage":"es-ES","isPartOf":{"@id":"https:\/\/eldigitaldeasturias.com\/magazine365\/#website"},"breadcrumb":{"@id":"https:\/\/eldigitaldeasturias.com\/magazine365\/la-ocupacion-en-el-litoral-andaluz-llega-al-82-y-la-media-en-la-comunidad-al-70\/#breadcrumblist"},"author":{"@id":"https:\/\/eldigitaldeasturias.com\/magazine365\/author\/admin\/#author"},"creator":{"@id":"https:\/\/eldigitaldeasturias.com\/magazine365\/author\/admin\/#author"},"image":{"@type":"ImageObject","url":"https:\/\/eldigitaldeasturias.com\/magazine365\/wp-content\/uploads\/2016\/07\/fotonoticia_20160701140609_800.jpg","@id":"https:\/\/eldigitaldeasturias.com\/magazine365\/la-ocupacion-en-el-litoral-andaluz-llega-al-82-y-la-media-en-la-comunidad-al-70\/#mainImage","width":800,"height":533},"primaryImageOfPage":{"@id":"https:\/\/eldigitaldeasturias.com\/magazine365\/la-ocupacion-en-el-litoral-andaluz-llega-al-82-y-la-media-en-la-comunidad-al-70\/#mainImage"},"datePublished":"2016-07-02T00:33:26+02:00","dateModified":"2016-07-02T00:33:26+02:00"},{"@type":"WebSite","@id":"https:\/\/eldigitaldeasturias.com\/magazine365\/#website","url":"https:\/\/eldigitaldeasturias.com\/magazine365\/","name":"El Digital de Asturias","description":"Revista de ocio, turismo y estilo de vida","inLanguage":"es-ES","publisher":{"@id":"https:\/\/eldigitaldeasturias.com\/magazine365\/#organization"}}]},"og:locale":"es_ES","og:site_name":"El Digital de Asturias \u2013 Revista de ocio, turismo y estilo de vida","og:type":"article","og:title":"La ocupaci\u00f3n en el litoral andaluz llega al 82% y la media en la comunidad, al 70% | El Digital de Asturias","og:description":"El consejero de Turismo y Deporte, Francisco Javier Fern\u00e1ndez, ha valorado la ocupaci\u00f3n del 82 por ciento en el litoral andaluz en estos momentos y del 70 por ciento a nivel general en la comunidad, por lo que ha saludado el reparto del flujo tur\u00edstico en el tiempo y el territorio. Tras asistir a la","og:url":"https:\/\/eldigitaldeasturias.com\/magazine365\/la-ocupacion-en-el-litoral-andaluz-llega-al-82-y-la-media-en-la-comunidad-al-70\/","og:image":"https:\/\/eldigitaldeasturias.com\/magazine365\/wp-content\/uploads\/2016\/07\/fotonoticia_20160701140609_800.jpg","og:image:secure_url":"https:\/\/eldigitaldeasturias.com\/magazine365\/wp-content\/uploads\/2016\/07\/fotonoticia_20160701140609_800.jpg","og:image:width":800,"og:image:height":533,"article:published_time":"2016-07-01T22:33:26+00:00","article:modified_time":"2016-07-01T22:33:26+00:00","twitter:card":"summary_large_image","twitter:title":"La ocupaci\u00f3n en el litoral andaluz llega al 82% y la media en la comunidad, al 70% | El Digital de Asturias","twitter:description":"El consejero de Turismo y Deporte, Francisco Javier Fern\u00e1ndez, ha valorado la ocupaci\u00f3n del 82 por ciento en el litoral andaluz en estos momentos y del 70 por ciento a nivel general en la comunidad, por lo que ha saludado el reparto del flujo tur\u00edstico en el tiempo y el territorio. Tras asistir a la","twitter:image":"https:\/\/eldigitaldeasturias.com\/magazine365\/wp-content\/uploads\/2016\/07\/fotonoticia_20160701140609_800.jpg"},"aioseo_meta_data":{"post_id":"81418","title":null,"description":null,"keywords":null,"keyphrases":null,"primary_term":null,"canonical_url":null,"og_title":null,"og_description":null,"og_object_type":"default","og_image_type":"default","og_image_url":null,"og_image_width":null,"og_image_height":null,"og_image_custom_url":null,"og_image_custom_fields":null,"og_video":null,"og_custom_url":null,"og_article_section":null,"og_article_tags":null,"twitter_use_og":false,"twitter_card":"default","twitter_image_type":"default","twitter_image_url":null,"twitter_image_custom_url":null,"twitter_image_custom_fields":null,"twitter_title":null,"twitter_description":null,"schema":{"blockGraphs":[],"customGraphs":[],"default":{"data":{"Article":[],"Course":[],"Dataset":[],"FAQPage":[],"Movie":[],"Person":[],"Product":[],"ProductReview":[],"Car":[],"Recipe":[],"Service":[],"SoftwareApplication":[],"WebPage":[]},"graphName":"","isEnabled":true},"graphs":[],"defaultGraph":"","defaultPostTypeGraph":""},"schema_type":null,"schema_type_options":null,"pillar_content":false,"robots_default":true,"robots_noindex":false,"robots_noarchive":false,"robots_nosnippet":false,"robots_nofollow":false,"robots_noimageindex":false,"robots_noodp":false,"robots_notranslate":false,"robots_max_snippet":null,"robots_max_videopreview":null,"robots_max_imagepreview":"large","priority":null,"frequency":null,"location":null,"local_seo":null,"seo_analyzer_scan_date":"2025-09-27 22:50:12","breadcrumb_settings":null,"limit_modified_date":false,"open_ai":null,"ai":null,"created":"2021-03-08 17:17:52","updated":"2025-09-27 22:50:12"},"aioseo_breadcrumb":"<div class=\"aioseo-breadcrumbs\"><span class=\"aioseo-breadcrumb\">\n\t<a href=\"https:\/\/eldigitaldeasturias.com\/magazine365\" title=\"Home\">Home<\/a>\n<\/span><span class=\"aioseo-breadcrumb-separator\">\u2013<\/span><span class=\"aioseo-breadcrumb\">\n\t<a href=\"https:\/\/eldigitaldeasturias.com\/magazine365\/category\/noticias-actualidad\/\" title=\"Noticias y Actualidad\">Noticias y Actualidad<\/a>\n<\/span><span class=\"aioseo-breadcrumb-separator\">\u2013<\/span><span class=\"aioseo-breadcrumb\">\n\t<a href=\"https:\/\/eldigitaldeasturias.com\/magazine365\/la-ocupacion-en-el-litoral-andaluz-llega-al-82-y-la-media-en-la-comunidad-al-70\/\" title=\"La ocupaci\u00f3n en el litoral andaluz llega al 82% y la media en la comunidad, al 70%\">La ocupaci\u00f3n en el litoral andaluz llega al 82% y la media en la comunidad, al 70%<\/a>\n<\/span><\/div>","aioseo_breadcrumb_json":[{"label":"Home","link":"https:\/\/eldigitaldeasturias.com\/magazine365"},{"label":"Noticias y Actualidad","link":"https:\/\/eldigitaldeasturias.com\/magazine365\/category\/noticias-actualidad\/"},{"label":"La ocupaci\u00f3n en el litoral andaluz llega al 82% y la media en la comunidad, al 70%","link":"https:\/\/eldigitaldeasturias.com\/magazine365\/la-ocupacion-en-el-litoral-andaluz-llega-al-82-y-la-media-en-la-comunidad-al-70\/"}],"_links":{"self":[{"href":"https:\/\/eldigitaldeasturias.com\/magazine365\/wp-json\/wp\/v2\/posts\/81418","targetHints":{"allow":["GET"]}}],"collection":[{"href":"https:\/\/eldigitaldeasturias.com\/magazine365\/wp-json\/wp\/v2\/posts"}],"about":[{"href":"https:\/\/eldigitaldeasturias.com\/magazine365\/wp-json\/wp\/v2\/types\/post"}],"author":[{"embeddable":true,"href":"https:\/\/eldigitaldeasturias.com\/magazine365\/wp-json\/wp\/v2\/users\/1"}],"replies":[{"embeddable":true,"href":"https:\/\/eldigitaldeasturias.com\/magazine365\/wp-json\/wp\/v2\/comments?post=81418"}],"version-history":[{"count":0,"href":"https:\/\/eldigitaldeasturias.com\/magazine365\/wp-json\/wp\/v2\/posts\/81418\/revisions"}],"wp:featuredmedia":[{"embeddable":true,"href":"https:\/\/eldigitaldeasturias.com\/magazine365\/wp-json\/wp\/v2\/media\/81419"}],"wp:attachment":[{"href":"https:\/\/eldigitaldeasturias.com\/magazine365\/wp-json\/wp\/v2\/media?parent=81418"}],"wp:term":[{"taxonomy":"category","embeddable":true,"href":"https:\/\/eldigitaldeasturias.com\/magazine365\/wp-json\/wp\/v2\/categories?post=81418"},{"taxonomy":"post_tag","embeddable":true,"href":"https:\/\/eldigitaldeasturias.com\/magazine365\/wp-json\/wp\/v2\/tags?post=81418"}],"curies":[{"name":"wp","href":"https:\/\/api.w.org\/{rel}","templated":true}]}}