{"id":81416,"date":"2016-07-02T00:32:36","date_gmt":"2016-07-01T22:32:36","guid":{"rendered":"http:\/\/eldigitaldeasturias.com\/magazine365\/?p=81416"},"modified":"2016-07-02T00:32:36","modified_gmt":"2016-07-01T22:32:36","slug":"la-mesa-del-turismo-impulsara-la-investigacion-sobre-temas-turisticos","status":"publish","type":"post","link":"https:\/\/eldigitaldeasturias.com\/magazine365\/la-mesa-del-turismo-impulsara-la-investigacion-sobre-temas-turisticos\/","title":{"rendered":"La Mesa del Turismo impulsar\u00e1 la investigaci\u00f3n sobre temas tur\u00edsticos"},"content":{"rendered":"<p><img fetchpriority=\"high\" decoding=\"async\" class=\"alignleft size-medium wp-image-77926\" src=\"https:\/\/eldigitaldeasturias.com\/magazine365\/wp-content\/uploads\/2016\/06\/m365-360x198.jpg\" alt=\"m365\" width=\"360\" height=\"198\" srcset=\"https:\/\/eldigitaldeasturias.com\/magazine365\/wp-content\/uploads\/2016\/06\/m365-360x198.jpg 360w, https:\/\/eldigitaldeasturias.com\/magazine365\/wp-content\/uploads\/2016\/06\/m365-650x357.jpg 650w, https:\/\/eldigitaldeasturias.com\/magazine365\/wp-content\/uploads\/2016\/06\/m365-150x82.jpg 150w, https:\/\/eldigitaldeasturias.com\/magazine365\/wp-content\/uploads\/2016\/06\/m365-450x247.jpg 450w, https:\/\/eldigitaldeasturias.com\/magazine365\/wp-content\/uploads\/2016\/06\/m365.jpg 655w\" sizes=\"(max-width: 360px) 100vw, 360px\" \/>La Mesa del Turismo, la Universidad Nebrija y la Fundaci\u00f3n Antonio de Nebrija impulsar\u00e1n labores de investigaci\u00f3n sobre temas de turismo gracias al acuerdo suscrito entre las tres entidades.<\/p>\n<p>El convenio ha sido firmado por el presidente de la Mesa del Turismo, Abel Matutes, el presidente de la Universidad y del Patronato de la Fundaci\u00f3n Antonio de Nebrija, Manuel Villa-Cellino, y por el rector de la Universidad Lebrija, Juan Cay\u00f3n.<\/p>\n<p>El ibicenco Abel Matutes ha destacado que el convenio es una \u00abmagn\u00edfica iniciativa\u00bb porque \u00abhay que explicar al sector y a la poblaci\u00f3n los datos producto de los estudios para que saquen provecho\u00bb. \u00abSin el turismo Espa\u00f1a no habr\u00eda mejorado su situaci\u00f3n econ\u00f3mica\u00bb, ha insistido.<\/p>\n<p>Con este acuerdo, seg\u00fan han dicho, se busca reforzar la imprescindible relaci\u00f3n entre el mundo empresarial del turismo y el \u00e1mbito acad\u00e9mico. La actividad tur\u00edstica espa\u00f1ola precisa de un conocimiento cada vez m\u00e1s preciso y detallado de los factores que influyen en su desarrollo y determinan su competitividad y as\u00ed, han explicado que el peso del turismo en el PIB espa\u00f1ol ser\u00e1 previsiblemente superior al 11 por ciento en 2016 y su contribuci\u00f3n al empleo lograr\u00e1 una cuota superior al 12 por ciento, por lo que \u00abse exige un tratamiento acad\u00e9mico cada vez m\u00e1s amplio y riguroso de una realidad fundamental de la econom\u00eda nacional\u00bb.<\/p>\n<p>El convenio tiene por objeto establecer el marco de colaboraci\u00f3n entre las tres instituciones para la investigaci\u00f3n, el desarrollo de proyectos, acciones de promoci\u00f3n y posicionamiento en el \u00e1mbito del turismo, tales como la docencia, formaci\u00f3n de recursos humanos, estudiantes en pr\u00e1cticas, la mejora de la calidad y de la gesti\u00f3n, investigaci\u00f3n y acciones de comunicaci\u00f3n.<\/p>\n<p>Asimismo, se desarrollar\u00e1 una investigaci\u00f3n de la actividad tur\u00edstica acordando la realizaci\u00f3n de un &#8216;Informe trimestral sobre coyuntura tur\u00edstica&#8217; y anualmente \u00abun avance a la aproximaci\u00f3n de la Cuenta Nacional del Turismo Espa\u00f1ol\u00bb, que se dar\u00e1 a conocer a los medios de comunicaci\u00f3n y a la opini\u00f3n p\u00fablica. La labor acad\u00e9mica para la realizaci\u00f3n de estas tareas estar\u00e1 a cargo del Manuel Figuerola.<\/p>\n<p>El profesor, director de la C\u00e1tedra de Turismo de la Universidad Nebrija, ha destacado la importancia del convenio debido a que \u00abel turismo requiere una llamada de atenci\u00f3n y la colaboraci\u00f3n de instituciones no es suficiente\u00bb. Adem\u00e1s, \u00abla Mesa del Turismo es un referente \u00fanico en el sector para la Universidad Nebrija\u00bb, seg\u00fan ha dicho, por lo que los resultados de los estudios de la Universidad \u00abenriquecer\u00e1n la informaci\u00f3n estad\u00edstica del turismo del pa\u00eds\u00bb.<\/p>\n","protected":false},"excerpt":{"rendered":"<p>La Mesa del Turismo, la Universidad Nebrija y la Fundaci\u00f3n Antonio de Nebrija impulsar\u00e1n labores de investigaci\u00f3n sobre temas de turismo gracias al acuerdo suscrito entre las tres entidades. El convenio ha sido firmado por el presidente de la Mesa del Turismo, Abel Matutes, el presidente de la Universidad y del Patronato de la Fundaci\u00f3n<\/p>\n","protected":false},"author":1,"featured_media":77926,"comment_status":"open","ping_status":"closed","sticky":false,"template":"","format":"standard","meta":{"footnotes":""},"categories":[224],"tags":[],"class_list":{"0":"post-81416","1":"post","2":"type-post","3":"status-publish","4":"format-standard","5":"has-post-thumbnail","7":"category-noticias-actualidad"},"aioseo_notices":[],"aioseo_head":"\n\t\t<!-- All in One SEO Pro 4.9.6.1 - aioseo.com -->\n\t<meta name=\"description\" content=\"La Mesa del Turismo, la Universidad Nebrija y la Fundaci\u00f3n Antonio de Nebrija impulsar\u00e1n labores de investigaci\u00f3n sobre temas de turismo gracias al acuerdo suscrito entre las tres entidades. El convenio ha sido firmado por el presidente de la Mesa del Turismo, Abel Matutes, el presidente de la Universidad y del Patronato de la Fundaci\u00f3n\" \/>\n\t<meta name=\"robots\" content=\"max-image-preview:large\" \/>\n\t<meta name=\"author\" content=\"admin\"\/>\n\t<meta name=\"google-site-verification\" content=\"UA-38556648-1\" \/>\n\t<meta name=\"keywords\" content=\"noticias y actualidad\" \/>\n\t<link rel=\"canonical\" href=\"https:\/\/eldigitaldeasturias.com\/magazine365\/la-mesa-del-turismo-impulsara-la-investigacion-sobre-temas-turisticos\/\" \/>\n\t<meta name=\"generator\" content=\"All in One SEO Pro (AIOSEO) 4.9.6.1\" \/>\n\t\t<meta property=\"og:locale\" content=\"es_ES\" \/>\n\t\t<meta property=\"og:site_name\" content=\"El Digital de Asturias \u2013 Revista de ocio, turismo y estilo de vida\" \/>\n\t\t<meta property=\"og:type\" content=\"article\" \/>\n\t\t<meta property=\"og:title\" content=\"La Mesa del Turismo impulsar\u00e1 la investigaci\u00f3n sobre temas tur\u00edsticos | El Digital de Asturias\" \/>\n\t\t<meta property=\"og:description\" content=\"La Mesa del Turismo, la Universidad Nebrija y la Fundaci\u00f3n Antonio de Nebrija impulsar\u00e1n labores de investigaci\u00f3n sobre temas de turismo gracias al acuerdo suscrito entre las tres entidades. El convenio ha sido firmado por el presidente de la Mesa del Turismo, Abel Matutes, el presidente de la Universidad y del Patronato de la Fundaci\u00f3n\" \/>\n\t\t<meta property=\"og:url\" content=\"https:\/\/eldigitaldeasturias.com\/magazine365\/la-mesa-del-turismo-impulsara-la-investigacion-sobre-temas-turisticos\/\" \/>\n\t\t<meta property=\"og:image\" content=\"https:\/\/eldigitaldeasturias.com\/magazine365\/wp-content\/uploads\/2016\/06\/m365.jpg\" \/>\n\t\t<meta property=\"og:image:secure_url\" content=\"https:\/\/eldigitaldeasturias.com\/magazine365\/wp-content\/uploads\/2016\/06\/m365.jpg\" \/>\n\t\t<meta property=\"og:image:width\" content=\"655\" \/>\n\t\t<meta property=\"og:image:height\" content=\"360\" \/>\n\t\t<meta property=\"article:published_time\" content=\"2016-07-01T22:32:36+00:00\" \/>\n\t\t<meta property=\"article:modified_time\" content=\"2016-07-01T22:32:36+00:00\" \/>\n\t\t<meta name=\"twitter:card\" content=\"summary_large_image\" \/>\n\t\t<meta name=\"twitter:title\" content=\"La Mesa del Turismo impulsar\u00e1 la investigaci\u00f3n sobre temas tur\u00edsticos | El Digital de Asturias\" \/>\n\t\t<meta name=\"twitter:description\" content=\"La Mesa del Turismo, la Universidad Nebrija y la Fundaci\u00f3n Antonio de Nebrija impulsar\u00e1n labores de investigaci\u00f3n sobre temas de turismo gracias al acuerdo suscrito entre las tres entidades. El convenio ha sido firmado por el presidente de la Mesa del Turismo, Abel Matutes, el presidente de la Universidad y del Patronato de la Fundaci\u00f3n\" \/>\n\t\t<meta name=\"twitter:image\" content=\"https:\/\/eldigitaldeasturias.com\/magazine365\/wp-content\/uploads\/2016\/06\/m365.jpg\" \/>\n\t\t<script type=\"application\/ld+json\" class=\"aioseo-schema\">\n\t\t\t{\"@context\":\"https:\\\/\\\/schema.org\",\"@graph\":[{\"@type\":\"Article\",\"@id\":\"https:\\\/\\\/eldigitaldeasturias.com\\\/magazine365\\\/la-mesa-del-turismo-impulsara-la-investigacion-sobre-temas-turisticos\\\/#article\",\"name\":\"La Mesa del Turismo impulsar\\u00e1 la investigaci\\u00f3n sobre temas tur\\u00edsticos | El Digital de Asturias\",\"headline\":\"La Mesa del Turismo impulsar\\u00e1 la investigaci\\u00f3n sobre temas tur\\u00edsticos\",\"author\":{\"@id\":\"https:\\\/\\\/eldigitaldeasturias.com\\\/magazine365\\\/author\\\/admin\\\/#author\"},\"publisher\":{\"@id\":\"https:\\\/\\\/eldigitaldeasturias.com\\\/magazine365\\\/#organization\"},\"image\":{\"@type\":\"ImageObject\",\"url\":\"https:\\\/\\\/eldigitaldeasturias.com\\\/magazine365\\\/wp-content\\\/uploads\\\/2016\\\/06\\\/m365.jpg\",\"width\":655,\"height\":360},\"datePublished\":\"2016-07-02T00:32:36+02:00\",\"dateModified\":\"2016-07-02T00:32:36+02:00\",\"inLanguage\":\"es-ES\",\"mainEntityOfPage\":{\"@id\":\"https:\\\/\\\/eldigitaldeasturias.com\\\/magazine365\\\/la-mesa-del-turismo-impulsara-la-investigacion-sobre-temas-turisticos\\\/#webpage\"},\"isPartOf\":{\"@id\":\"https:\\\/\\\/eldigitaldeasturias.com\\\/magazine365\\\/la-mesa-del-turismo-impulsara-la-investigacion-sobre-temas-turisticos\\\/#webpage\"},\"articleSection\":\"Noticias y Actualidad\"},{\"@type\":\"BreadcrumbList\",\"@id\":\"https:\\\/\\\/eldigitaldeasturias.com\\\/magazine365\\\/la-mesa-del-turismo-impulsara-la-investigacion-sobre-temas-turisticos\\\/#breadcrumblist\",\"itemListElement\":[{\"@type\":\"ListItem\",\"@id\":\"https:\\\/\\\/eldigitaldeasturias.com\\\/magazine365#listItem\",\"position\":1,\"name\":\"Home\",\"item\":\"https:\\\/\\\/eldigitaldeasturias.com\\\/magazine365\",\"nextItem\":{\"@type\":\"ListItem\",\"@id\":\"https:\\\/\\\/eldigitaldeasturias.com\\\/magazine365\\\/category\\\/noticias-actualidad\\\/#listItem\",\"name\":\"Noticias y Actualidad\"}},{\"@type\":\"ListItem\",\"@id\":\"https:\\\/\\\/eldigitaldeasturias.com\\\/magazine365\\\/category\\\/noticias-actualidad\\\/#listItem\",\"position\":2,\"name\":\"Noticias y Actualidad\",\"item\":\"https:\\\/\\\/eldigitaldeasturias.com\\\/magazine365\\\/category\\\/noticias-actualidad\\\/\",\"nextItem\":{\"@type\":\"ListItem\",\"@id\":\"https:\\\/\\\/eldigitaldeasturias.com\\\/magazine365\\\/la-mesa-del-turismo-impulsara-la-investigacion-sobre-temas-turisticos\\\/#listItem\",\"name\":\"La Mesa del Turismo impulsar\\u00e1 la investigaci\\u00f3n sobre temas tur\\u00edsticos\"},\"previousItem\":{\"@type\":\"ListItem\",\"@id\":\"https:\\\/\\\/eldigitaldeasturias.com\\\/magazine365#listItem\",\"name\":\"Home\"}},{\"@type\":\"ListItem\",\"@id\":\"https:\\\/\\\/eldigitaldeasturias.com\\\/magazine365\\\/la-mesa-del-turismo-impulsara-la-investigacion-sobre-temas-turisticos\\\/#listItem\",\"position\":3,\"name\":\"La Mesa del Turismo impulsar\\u00e1 la investigaci\\u00f3n sobre temas tur\\u00edsticos\",\"previousItem\":{\"@type\":\"ListItem\",\"@id\":\"https:\\\/\\\/eldigitaldeasturias.com\\\/magazine365\\\/category\\\/noticias-actualidad\\\/#listItem\",\"name\":\"Noticias y Actualidad\"}}]},{\"@type\":\"Organization\",\"@id\":\"https:\\\/\\\/eldigitaldeasturias.com\\\/magazine365\\\/#organization\",\"name\":\"El digital de Asturias\",\"description\":\"Revista de ocio, turismo y estilo de vida\",\"url\":\"https:\\\/\\\/eldigitaldeasturias.com\\\/magazine365\\\/\",\"logo\":{\"@type\":\"ImageObject\",\"url\":\"https:\\\/\\\/www.eldigitaldeasturias.com\\\/noticias\\\/wp-content\\\/uploads\\\/2020\\\/12\\\/EDA.jpg\",\"@id\":\"https:\\\/\\\/eldigitaldeasturias.com\\\/magazine365\\\/la-mesa-del-turismo-impulsara-la-investigacion-sobre-temas-turisticos\\\/#organizationLogo\"},\"image\":{\"@id\":\"https:\\\/\\\/eldigitaldeasturias.com\\\/magazine365\\\/la-mesa-del-turismo-impulsara-la-investigacion-sobre-temas-turisticos\\\/#organizationLogo\"}},{\"@type\":\"Person\",\"@id\":\"https:\\\/\\\/eldigitaldeasturias.com\\\/magazine365\\\/author\\\/admin\\\/#author\",\"url\":\"https:\\\/\\\/eldigitaldeasturias.com\\\/magazine365\\\/author\\\/admin\\\/\",\"name\":\"admin\",\"image\":{\"@type\":\"ImageObject\",\"@id\":\"https:\\\/\\\/eldigitaldeasturias.com\\\/magazine365\\\/la-mesa-del-turismo-impulsara-la-investigacion-sobre-temas-turisticos\\\/#authorImage\",\"url\":\"https:\\\/\\\/eldigitaldeasturias.com\\\/magazine365\\\/wp-content\\\/litespeed\\\/avatar\\\/e571bcf59a0edd6fa6838245a470f2fe.jpg?ver=1776969259\",\"width\":96,\"height\":96,\"caption\":\"admin\"}},{\"@type\":\"WebPage\",\"@id\":\"https:\\\/\\\/eldigitaldeasturias.com\\\/magazine365\\\/la-mesa-del-turismo-impulsara-la-investigacion-sobre-temas-turisticos\\\/#webpage\",\"url\":\"https:\\\/\\\/eldigitaldeasturias.com\\\/magazine365\\\/la-mesa-del-turismo-impulsara-la-investigacion-sobre-temas-turisticos\\\/\",\"name\":\"La Mesa del Turismo impulsar\\u00e1 la investigaci\\u00f3n sobre temas tur\\u00edsticos | El Digital de Asturias\",\"description\":\"La Mesa del Turismo, la Universidad Nebrija y la Fundaci\\u00f3n Antonio de Nebrija impulsar\\u00e1n labores de investigaci\\u00f3n sobre temas de turismo gracias al acuerdo suscrito entre las tres entidades. El convenio ha sido firmado por el presidente de la Mesa del Turismo, Abel Matutes, el presidente de la Universidad y del Patronato de la Fundaci\\u00f3n\",\"inLanguage\":\"es-ES\",\"isPartOf\":{\"@id\":\"https:\\\/\\\/eldigitaldeasturias.com\\\/magazine365\\\/#website\"},\"breadcrumb\":{\"@id\":\"https:\\\/\\\/eldigitaldeasturias.com\\\/magazine365\\\/la-mesa-del-turismo-impulsara-la-investigacion-sobre-temas-turisticos\\\/#breadcrumblist\"},\"author\":{\"@id\":\"https:\\\/\\\/eldigitaldeasturias.com\\\/magazine365\\\/author\\\/admin\\\/#author\"},\"creator\":{\"@id\":\"https:\\\/\\\/eldigitaldeasturias.com\\\/magazine365\\\/author\\\/admin\\\/#author\"},\"image\":{\"@type\":\"ImageObject\",\"url\":\"https:\\\/\\\/eldigitaldeasturias.com\\\/magazine365\\\/wp-content\\\/uploads\\\/2016\\\/06\\\/m365.jpg\",\"@id\":\"https:\\\/\\\/eldigitaldeasturias.com\\\/magazine365\\\/la-mesa-del-turismo-impulsara-la-investigacion-sobre-temas-turisticos\\\/#mainImage\",\"width\":655,\"height\":360},\"primaryImageOfPage\":{\"@id\":\"https:\\\/\\\/eldigitaldeasturias.com\\\/magazine365\\\/la-mesa-del-turismo-impulsara-la-investigacion-sobre-temas-turisticos\\\/#mainImage\"},\"datePublished\":\"2016-07-02T00:32:36+02:00\",\"dateModified\":\"2016-07-02T00:32:36+02:00\"},{\"@type\":\"WebSite\",\"@id\":\"https:\\\/\\\/eldigitaldeasturias.com\\\/magazine365\\\/#website\",\"url\":\"https:\\\/\\\/eldigitaldeasturias.com\\\/magazine365\\\/\",\"name\":\"El Digital de Asturias\",\"description\":\"Revista de ocio, turismo y estilo de vida\",\"inLanguage\":\"es-ES\",\"publisher\":{\"@id\":\"https:\\\/\\\/eldigitaldeasturias.com\\\/magazine365\\\/#organization\"}}]}\n\t\t<\/script>\n\t\t<!-- All in One SEO Pro -->\r\n\t\t<title>La Mesa del Turismo impulsar\u00e1 la investigaci\u00f3n sobre temas tur\u00edsticos | El Digital de Asturias<\/title>\n\n","aioseo_head_json":{"title":"La Mesa del Turismo impulsar\u00e1 la investigaci\u00f3n sobre temas tur\u00edsticos | El Digital de Asturias","description":"La Mesa del Turismo, la Universidad Nebrija y la Fundaci\u00f3n Antonio de Nebrija impulsar\u00e1n labores de investigaci\u00f3n sobre temas de turismo gracias al acuerdo suscrito entre las tres entidades. El convenio ha sido firmado por el presidente de la Mesa del Turismo, Abel Matutes, el presidente de la Universidad y del Patronato de la Fundaci\u00f3n","canonical_url":"https:\/\/eldigitaldeasturias.com\/magazine365\/la-mesa-del-turismo-impulsara-la-investigacion-sobre-temas-turisticos\/","robots":"max-image-preview:large","keywords":"noticias y actualidad","webmasterTools":{"google-site-verification":"UA-38556648-1","miscellaneous":""},"schema":{"@context":"https:\/\/schema.org","@graph":[{"@type":"Article","@id":"https:\/\/eldigitaldeasturias.com\/magazine365\/la-mesa-del-turismo-impulsara-la-investigacion-sobre-temas-turisticos\/#article","name":"La Mesa del Turismo impulsar\u00e1 la investigaci\u00f3n sobre temas tur\u00edsticos | El Digital de Asturias","headline":"La Mesa del Turismo impulsar\u00e1 la investigaci\u00f3n sobre temas tur\u00edsticos","author":{"@id":"https:\/\/eldigitaldeasturias.com\/magazine365\/author\/admin\/#author"},"publisher":{"@id":"https:\/\/eldigitaldeasturias.com\/magazine365\/#organization"},"image":{"@type":"ImageObject","url":"https:\/\/eldigitaldeasturias.com\/magazine365\/wp-content\/uploads\/2016\/06\/m365.jpg","width":655,"height":360},"datePublished":"2016-07-02T00:32:36+02:00","dateModified":"2016-07-02T00:32:36+02:00","inLanguage":"es-ES","mainEntityOfPage":{"@id":"https:\/\/eldigitaldeasturias.com\/magazine365\/la-mesa-del-turismo-impulsara-la-investigacion-sobre-temas-turisticos\/#webpage"},"isPartOf":{"@id":"https:\/\/eldigitaldeasturias.com\/magazine365\/la-mesa-del-turismo-impulsara-la-investigacion-sobre-temas-turisticos\/#webpage"},"articleSection":"Noticias y Actualidad"},{"@type":"BreadcrumbList","@id":"https:\/\/eldigitaldeasturias.com\/magazine365\/la-mesa-del-turismo-impulsara-la-investigacion-sobre-temas-turisticos\/#breadcrumblist","itemListElement":[{"@type":"ListItem","@id":"https:\/\/eldigitaldeasturias.com\/magazine365#listItem","position":1,"name":"Home","item":"https:\/\/eldigitaldeasturias.com\/magazine365","nextItem":{"@type":"ListItem","@id":"https:\/\/eldigitaldeasturias.com\/magazine365\/category\/noticias-actualidad\/#listItem","name":"Noticias y Actualidad"}},{"@type":"ListItem","@id":"https:\/\/eldigitaldeasturias.com\/magazine365\/category\/noticias-actualidad\/#listItem","position":2,"name":"Noticias y Actualidad","item":"https:\/\/eldigitaldeasturias.com\/magazine365\/category\/noticias-actualidad\/","nextItem":{"@type":"ListItem","@id":"https:\/\/eldigitaldeasturias.com\/magazine365\/la-mesa-del-turismo-impulsara-la-investigacion-sobre-temas-turisticos\/#listItem","name":"La Mesa del Turismo impulsar\u00e1 la investigaci\u00f3n sobre temas tur\u00edsticos"},"previousItem":{"@type":"ListItem","@id":"https:\/\/eldigitaldeasturias.com\/magazine365#listItem","name":"Home"}},{"@type":"ListItem","@id":"https:\/\/eldigitaldeasturias.com\/magazine365\/la-mesa-del-turismo-impulsara-la-investigacion-sobre-temas-turisticos\/#listItem","position":3,"name":"La Mesa del Turismo impulsar\u00e1 la investigaci\u00f3n sobre temas tur\u00edsticos","previousItem":{"@type":"ListItem","@id":"https:\/\/eldigitaldeasturias.com\/magazine365\/category\/noticias-actualidad\/#listItem","name":"Noticias y Actualidad"}}]},{"@type":"Organization","@id":"https:\/\/eldigitaldeasturias.com\/magazine365\/#organization","name":"El digital de Asturias","description":"Revista de ocio, turismo y estilo de vida","url":"https:\/\/eldigitaldeasturias.com\/magazine365\/","logo":{"@type":"ImageObject","url":"https:\/\/www.eldigitaldeasturias.com\/noticias\/wp-content\/uploads\/2020\/12\/EDA.jpg","@id":"https:\/\/eldigitaldeasturias.com\/magazine365\/la-mesa-del-turismo-impulsara-la-investigacion-sobre-temas-turisticos\/#organizationLogo"},"image":{"@id":"https:\/\/eldigitaldeasturias.com\/magazine365\/la-mesa-del-turismo-impulsara-la-investigacion-sobre-temas-turisticos\/#organizationLogo"}},{"@type":"Person","@id":"https:\/\/eldigitaldeasturias.com\/magazine365\/author\/admin\/#author","url":"https:\/\/eldigitaldeasturias.com\/magazine365\/author\/admin\/","name":"admin","image":{"@type":"ImageObject","@id":"https:\/\/eldigitaldeasturias.com\/magazine365\/la-mesa-del-turismo-impulsara-la-investigacion-sobre-temas-turisticos\/#authorImage","url":"https:\/\/eldigitaldeasturias.com\/magazine365\/wp-content\/litespeed\/avatar\/e571bcf59a0edd6fa6838245a470f2fe.jpg?ver=1776969259","width":96,"height":96,"caption":"admin"}},{"@type":"WebPage","@id":"https:\/\/eldigitaldeasturias.com\/magazine365\/la-mesa-del-turismo-impulsara-la-investigacion-sobre-temas-turisticos\/#webpage","url":"https:\/\/eldigitaldeasturias.com\/magazine365\/la-mesa-del-turismo-impulsara-la-investigacion-sobre-temas-turisticos\/","name":"La Mesa del Turismo impulsar\u00e1 la investigaci\u00f3n sobre temas tur\u00edsticos | El Digital de Asturias","description":"La Mesa del Turismo, la Universidad Nebrija y la Fundaci\u00f3n Antonio de Nebrija impulsar\u00e1n labores de investigaci\u00f3n sobre temas de turismo gracias al acuerdo suscrito entre las tres entidades. El convenio ha sido firmado por el presidente de la Mesa del Turismo, Abel Matutes, el presidente de la Universidad y del Patronato de la Fundaci\u00f3n","inLanguage":"es-ES","isPartOf":{"@id":"https:\/\/eldigitaldeasturias.com\/magazine365\/#website"},"breadcrumb":{"@id":"https:\/\/eldigitaldeasturias.com\/magazine365\/la-mesa-del-turismo-impulsara-la-investigacion-sobre-temas-turisticos\/#breadcrumblist"},"author":{"@id":"https:\/\/eldigitaldeasturias.com\/magazine365\/author\/admin\/#author"},"creator":{"@id":"https:\/\/eldigitaldeasturias.com\/magazine365\/author\/admin\/#author"},"image":{"@type":"ImageObject","url":"https:\/\/eldigitaldeasturias.com\/magazine365\/wp-content\/uploads\/2016\/06\/m365.jpg","@id":"https:\/\/eldigitaldeasturias.com\/magazine365\/la-mesa-del-turismo-impulsara-la-investigacion-sobre-temas-turisticos\/#mainImage","width":655,"height":360},"primaryImageOfPage":{"@id":"https:\/\/eldigitaldeasturias.com\/magazine365\/la-mesa-del-turismo-impulsara-la-investigacion-sobre-temas-turisticos\/#mainImage"},"datePublished":"2016-07-02T00:32:36+02:00","dateModified":"2016-07-02T00:32:36+02:00"},{"@type":"WebSite","@id":"https:\/\/eldigitaldeasturias.com\/magazine365\/#website","url":"https:\/\/eldigitaldeasturias.com\/magazine365\/","name":"El Digital de Asturias","description":"Revista de ocio, turismo y estilo de vida","inLanguage":"es-ES","publisher":{"@id":"https:\/\/eldigitaldeasturias.com\/magazine365\/#organization"}}]},"og:locale":"es_ES","og:site_name":"El Digital de Asturias \u2013 Revista de ocio, turismo y estilo de vida","og:type":"article","og:title":"La Mesa del Turismo impulsar\u00e1 la investigaci\u00f3n sobre temas tur\u00edsticos | El Digital de Asturias","og:description":"La Mesa del Turismo, la Universidad Nebrija y la Fundaci\u00f3n Antonio de Nebrija impulsar\u00e1n labores de investigaci\u00f3n sobre temas de turismo gracias al acuerdo suscrito entre las tres entidades. El convenio ha sido firmado por el presidente de la Mesa del Turismo, Abel Matutes, el presidente de la Universidad y del Patronato de la Fundaci\u00f3n","og:url":"https:\/\/eldigitaldeasturias.com\/magazine365\/la-mesa-del-turismo-impulsara-la-investigacion-sobre-temas-turisticos\/","og:image":"https:\/\/eldigitaldeasturias.com\/magazine365\/wp-content\/uploads\/2016\/06\/m365.jpg","og:image:secure_url":"https:\/\/eldigitaldeasturias.com\/magazine365\/wp-content\/uploads\/2016\/06\/m365.jpg","og:image:width":655,"og:image:height":360,"article:published_time":"2016-07-01T22:32:36+00:00","article:modified_time":"2016-07-01T22:32:36+00:00","twitter:card":"summary_large_image","twitter:title":"La Mesa del Turismo impulsar\u00e1 la investigaci\u00f3n sobre temas tur\u00edsticos | El Digital de Asturias","twitter:description":"La Mesa del Turismo, la Universidad Nebrija y la Fundaci\u00f3n Antonio de Nebrija impulsar\u00e1n labores de investigaci\u00f3n sobre temas de turismo gracias al acuerdo suscrito entre las tres entidades. El convenio ha sido firmado por el presidente de la Mesa del Turismo, Abel Matutes, el presidente de la Universidad y del Patronato de la Fundaci\u00f3n","twitter:image":"https:\/\/eldigitaldeasturias.com\/magazine365\/wp-content\/uploads\/2016\/06\/m365.jpg"},"aioseo_meta_data":{"post_id":"81416","title":null,"description":null,"keywords":null,"keyphrases":null,"primary_term":null,"canonical_url":null,"og_title":null,"og_description":null,"og_object_type":"default","og_image_type":"default","og_image_url":null,"og_image_width":null,"og_image_height":null,"og_image_custom_url":null,"og_image_custom_fields":null,"og_video":null,"og_custom_url":null,"og_article_section":null,"og_article_tags":null,"twitter_use_og":false,"twitter_card":"default","twitter_image_type":"default","twitter_image_url":null,"twitter_image_custom_url":null,"twitter_image_custom_fields":null,"twitter_title":null,"twitter_description":null,"schema":{"blockGraphs":[],"customGraphs":[],"default":{"data":{"Article":[],"Course":[],"Dataset":[],"FAQPage":[],"Movie":[],"Person":[],"Product":[],"ProductReview":[],"Car":[],"Recipe":[],"Service":[],"SoftwareApplication":[],"WebPage":[]},"graphName":"","isEnabled":true},"graphs":[],"defaultGraph":"","defaultPostTypeGraph":""},"schema_type":null,"schema_type_options":null,"pillar_content":false,"robots_default":true,"robots_noindex":false,"robots_noarchive":false,"robots_nosnippet":false,"robots_nofollow":false,"robots_noimageindex":false,"robots_noodp":false,"robots_notranslate":false,"robots_max_snippet":null,"robots_max_videopreview":null,"robots_max_imagepreview":"large","priority":null,"frequency":null,"location":null,"local_seo":null,"seo_analyzer_scan_date":"2025-09-27 22:50:10","breadcrumb_settings":null,"limit_modified_date":false,"open_ai":null,"ai":null,"created":"2021-03-08 17:17:52","updated":"2025-09-27 22:50:10"},"aioseo_breadcrumb":"<div class=\"aioseo-breadcrumbs\"><span class=\"aioseo-breadcrumb\">\n\t<a href=\"https:\/\/eldigitaldeasturias.com\/magazine365\" title=\"Home\">Home<\/a>\n<\/span><span class=\"aioseo-breadcrumb-separator\">\u2013<\/span><span class=\"aioseo-breadcrumb\">\n\t<a href=\"https:\/\/eldigitaldeasturias.com\/magazine365\/category\/noticias-actualidad\/\" title=\"Noticias y Actualidad\">Noticias y Actualidad<\/a>\n<\/span><span class=\"aioseo-breadcrumb-separator\">\u2013<\/span><span class=\"aioseo-breadcrumb\">\n\t<a href=\"https:\/\/eldigitaldeasturias.com\/magazine365\/la-mesa-del-turismo-impulsara-la-investigacion-sobre-temas-turisticos\/\" title=\"La Mesa del Turismo impulsar\u00e1 la investigaci\u00f3n sobre temas tur\u00edsticos\">La Mesa del Turismo impulsar\u00e1 la investigaci\u00f3n sobre temas tur\u00edsticos<\/a>\n<\/span><\/div>","aioseo_breadcrumb_json":[{"label":"Home","link":"https:\/\/eldigitaldeasturias.com\/magazine365"},{"label":"Noticias y Actualidad","link":"https:\/\/eldigitaldeasturias.com\/magazine365\/category\/noticias-actualidad\/"},{"label":"La Mesa del Turismo impulsar\u00e1 la investigaci\u00f3n sobre temas tur\u00edsticos","link":"https:\/\/eldigitaldeasturias.com\/magazine365\/la-mesa-del-turismo-impulsara-la-investigacion-sobre-temas-turisticos\/"}],"_links":{"self":[{"href":"https:\/\/eldigitaldeasturias.com\/magazine365\/wp-json\/wp\/v2\/posts\/81416","targetHints":{"allow":["GET"]}}],"collection":[{"href":"https:\/\/eldigitaldeasturias.com\/magazine365\/wp-json\/wp\/v2\/posts"}],"about":[{"href":"https:\/\/eldigitaldeasturias.com\/magazine365\/wp-json\/wp\/v2\/types\/post"}],"author":[{"embeddable":true,"href":"https:\/\/eldigitaldeasturias.com\/magazine365\/wp-json\/wp\/v2\/users\/1"}],"replies":[{"embeddable":true,"href":"https:\/\/eldigitaldeasturias.com\/magazine365\/wp-json\/wp\/v2\/comments?post=81416"}],"version-history":[{"count":0,"href":"https:\/\/eldigitaldeasturias.com\/magazine365\/wp-json\/wp\/v2\/posts\/81416\/revisions"}],"wp:featuredmedia":[{"embeddable":true,"href":"https:\/\/eldigitaldeasturias.com\/magazine365\/wp-json\/wp\/v2\/media\/77926"}],"wp:attachment":[{"href":"https:\/\/eldigitaldeasturias.com\/magazine365\/wp-json\/wp\/v2\/media?parent=81416"}],"wp:term":[{"taxonomy":"category","embeddable":true,"href":"https:\/\/eldigitaldeasturias.com\/magazine365\/wp-json\/wp\/v2\/categories?post=81416"},{"taxonomy":"post_tag","embeddable":true,"href":"https:\/\/eldigitaldeasturias.com\/magazine365\/wp-json\/wp\/v2\/tags?post=81416"}],"curies":[{"name":"wp","href":"https:\/\/api.w.org\/{rel}","templated":true}]}}