{"id":81410,"date":"2016-07-02T00:30:49","date_gmt":"2016-07-01T22:30:49","guid":{"rendered":"http:\/\/eldigitaldeasturias.com\/magazine365\/?p=81410"},"modified":"2016-07-02T00:30:49","modified_gmt":"2016-07-01T22:30:49","slug":"faunia-abre-una-ruta-especial-nocturna-los-jueves-viernes-y-sabados-de-julio-y-agosto","status":"publish","type":"post","link":"https:\/\/eldigitaldeasturias.com\/magazine365\/faunia-abre-una-ruta-especial-nocturna-los-jueves-viernes-y-sabados-de-julio-y-agosto\/","title":{"rendered":"Faunia abre una ruta especial nocturna los jueves, viernes y s\u00e1bados de julio y agosto"},"content":{"rendered":"<p><img fetchpriority=\"high\" decoding=\"async\" class=\"alignleft size-medium wp-image-81411\" src=\"https:\/\/eldigitaldeasturias.com\/magazine365\/wp-content\/uploads\/2016\/07\/fotonoticia_20160701131650_800-360x240.jpg\" alt=\"fotonoticia_20160701131650_800\" width=\"360\" height=\"240\" srcset=\"https:\/\/eldigitaldeasturias.com\/magazine365\/wp-content\/uploads\/2016\/07\/fotonoticia_20160701131650_800-360x240.jpg 360w, https:\/\/eldigitaldeasturias.com\/magazine365\/wp-content\/uploads\/2016\/07\/fotonoticia_20160701131650_800-650x434.jpg 650w, https:\/\/eldigitaldeasturias.com\/magazine365\/wp-content\/uploads\/2016\/07\/fotonoticia_20160701131650_800-768x513.jpg 768w, https:\/\/eldigitaldeasturias.com\/magazine365\/wp-content\/uploads\/2016\/07\/fotonoticia_20160701131650_800-150x100.jpg 150w, https:\/\/eldigitaldeasturias.com\/magazine365\/wp-content\/uploads\/2016\/07\/fotonoticia_20160701131650_800-450x300.jpg 450w, https:\/\/eldigitaldeasturias.com\/magazine365\/wp-content\/uploads\/2016\/07\/fotonoticia_20160701131650_800-101x66.jpg 101w, https:\/\/eldigitaldeasturias.com\/magazine365\/wp-content\/uploads\/2016\/07\/fotonoticia_20160701131650_800.jpg 800w\" sizes=\"(max-width: 360px) 100vw, 360px\" \/>A partir del 1 de julio y hasta el pr\u00f3ximo 27 de agosto, Faunia invita al visitante a sumergirse todos los jueves, viernes y s\u00e1bados, de 21 a 00 horas, en un recorrido nocturno cargado de misterio.<\/p>\n<p>La ruta comenzar\u00e1 en &#8216;Veneno&#8217; donde expertos gu\u00edas desvelar\u00e1n los enigmas m\u00e1s mort\u00edferos de la cobra real o el monstruo de Gila para continuar el paseo en el ca\u00f1\u00f3n de los dinosaurios. Un escenario en el que cobrar\u00e1n vida sus r\u00e9plicas a tama\u00f1o natural en un juego de luces, sombras y sonidos.<\/p>\n<p>El recorrido seguir\u00e1 por la Jungla amaz\u00f3nica junto a &#8216;Robinson Crusoe&#8217; en el Cine 3D de verano que trasladar\u00e1 a peque\u00f1os y adultos a una fant\u00e1stica aventura en tres pases nocturnos (21.45, 22.15 y 22.45 horas).<\/p>\n<p>En el paseo otra de las citas es el Ecosistema Polar, a partir de las 22 horas, donde se mostrar\u00e1n las diferencias y costumbres entre las siete especies de ping\u00fcinos que integran la colonia de Faunia en uno de los momentos m\u00e1s bellos del a\u00f1o, la \u00e9poca de reproducci\u00f3n de estas graciosas y \u00e1giles aves acu\u00e1ticas tan queridas por los peque\u00f1os de la casa.<\/p>\n<p>Las \u00e1reas m\u00e1s fascinantes del parque tambi\u00e9n abrir\u00e1n sus puertas para conocer a los quoles o gatos tigre, la nueva especie que ha llegado a Sombras Silenciosas, los cocodrilos del Nilo e incluso disfrutar de la experiencia Toca Toca, a las 20 horas, en la guarder\u00eda de dragones de Komodo donde cobrar\u00e1 especial protagonismo este imponente e inteligente lagarto.<\/p>\n<p>Otra de las grandes sorpresas de la noche para los amantes del clima mediterr\u00e1neo se presenta en el ecosistema del bosque templado, un bello espacio al aire libre para quienes buscan vivir la experiencia del m\u00e1s cerca imposible, en silencio y rodeados de naturaleza. Bajo una tenue luz de luna, el visitante se cruzar\u00e1 con especies aut\u00f3ctonas de aves y peque\u00f1os c\u00e9rvidos como mazamas, muntjacs, chaj\u00e1s, faisanes y grullas en un camino rodeado de vegetaci\u00f3n.<\/p>\n<p>El viaje por el reino animal culminar\u00e1 a las 23.15 horas en la Bah\u00eda de Steller para conocer en vivo a los leones marinos del Norte, de Mirai y Hooper, de 5 y 4 a\u00f1os.<\/p>\n","protected":false},"excerpt":{"rendered":"<p>A partir del 1 de julio y hasta el pr\u00f3ximo 27 de agosto, Faunia invita al visitante a sumergirse todos los jueves, viernes y s\u00e1bados, de 21 a 00 horas, en un recorrido nocturno cargado de misterio. La ruta comenzar\u00e1 en &#8216;Veneno&#8217; donde expertos gu\u00edas desvelar\u00e1n los enigmas m\u00e1s mort\u00edferos de la cobra real o<\/p>\n","protected":false},"author":1,"featured_media":81411,"comment_status":"open","ping_status":"closed","sticky":false,"template":"","format":"standard","meta":{"footnotes":""},"categories":[224],"tags":[],"class_list":{"0":"post-81410","1":"post","2":"type-post","3":"status-publish","4":"format-standard","5":"has-post-thumbnail","7":"category-noticias-actualidad"},"aioseo_notices":[],"aioseo_head":"\n\t\t<!-- All in One SEO Pro 4.9.6.1 - aioseo.com -->\n\t<meta name=\"description\" content=\"A partir del 1 de julio y hasta el pr\u00f3ximo 27 de agosto, Faunia invita al visitante a sumergirse todos los jueves, viernes y s\u00e1bados, de 21 a 00 horas, en un recorrido nocturno cargado de misterio. La ruta comenzar\u00e1 en &#039;Veneno&#039; donde expertos gu\u00edas desvelar\u00e1n los enigmas m\u00e1s mort\u00edferos de la cobra real o\" \/>\n\t<meta name=\"robots\" content=\"max-image-preview:large\" \/>\n\t<meta name=\"author\" content=\"admin\"\/>\n\t<meta name=\"google-site-verification\" content=\"UA-38556648-1\" \/>\n\t<meta name=\"keywords\" content=\"noticias y actualidad\" \/>\n\t<link rel=\"canonical\" href=\"https:\/\/eldigitaldeasturias.com\/magazine365\/faunia-abre-una-ruta-especial-nocturna-los-jueves-viernes-y-sabados-de-julio-y-agosto\/\" \/>\n\t<meta name=\"generator\" content=\"All in One SEO Pro (AIOSEO) 4.9.6.1\" \/>\n\t\t<meta property=\"og:locale\" content=\"es_ES\" \/>\n\t\t<meta property=\"og:site_name\" content=\"El Digital de Asturias \u2013 Revista de ocio, turismo y estilo de vida\" \/>\n\t\t<meta property=\"og:type\" content=\"article\" \/>\n\t\t<meta property=\"og:title\" content=\"Faunia abre una ruta especial nocturna los jueves, viernes y s\u00e1bados de julio y agosto | El Digital de Asturias\" \/>\n\t\t<meta property=\"og:description\" content=\"A partir del 1 de julio y hasta el pr\u00f3ximo 27 de agosto, Faunia invita al visitante a sumergirse todos los jueves, viernes y s\u00e1bados, de 21 a 00 horas, en un recorrido nocturno cargado de misterio. La ruta comenzar\u00e1 en &#039;Veneno&#039; donde expertos gu\u00edas desvelar\u00e1n los enigmas m\u00e1s mort\u00edferos de la cobra real o\" \/>\n\t\t<meta property=\"og:url\" content=\"https:\/\/eldigitaldeasturias.com\/magazine365\/faunia-abre-una-ruta-especial-nocturna-los-jueves-viernes-y-sabados-de-julio-y-agosto\/\" \/>\n\t\t<meta property=\"og:image\" content=\"https:\/\/eldigitaldeasturias.com\/magazine365\/wp-content\/uploads\/2016\/07\/fotonoticia_20160701131650_800.jpg\" \/>\n\t\t<meta property=\"og:image:secure_url\" content=\"https:\/\/eldigitaldeasturias.com\/magazine365\/wp-content\/uploads\/2016\/07\/fotonoticia_20160701131650_800.jpg\" \/>\n\t\t<meta property=\"og:image:width\" content=\"800\" \/>\n\t\t<meta property=\"og:image:height\" content=\"534\" \/>\n\t\t<meta property=\"article:published_time\" content=\"2016-07-01T22:30:49+00:00\" \/>\n\t\t<meta property=\"article:modified_time\" content=\"2016-07-01T22:30:49+00:00\" \/>\n\t\t<meta name=\"twitter:card\" content=\"summary_large_image\" \/>\n\t\t<meta name=\"twitter:title\" content=\"Faunia abre una ruta especial nocturna los jueves, viernes y s\u00e1bados de julio y agosto | El Digital de Asturias\" \/>\n\t\t<meta name=\"twitter:description\" content=\"A partir del 1 de julio y hasta el pr\u00f3ximo 27 de agosto, Faunia invita al visitante a sumergirse todos los jueves, viernes y s\u00e1bados, de 21 a 00 horas, en un recorrido nocturno cargado de misterio. La ruta comenzar\u00e1 en &#039;Veneno&#039; donde expertos gu\u00edas desvelar\u00e1n los enigmas m\u00e1s mort\u00edferos de la cobra real o\" \/>\n\t\t<meta name=\"twitter:image\" content=\"https:\/\/eldigitaldeasturias.com\/magazine365\/wp-content\/uploads\/2016\/07\/fotonoticia_20160701131650_800.jpg\" \/>\n\t\t<script type=\"application\/ld+json\" class=\"aioseo-schema\">\n\t\t\t{\"@context\":\"https:\\\/\\\/schema.org\",\"@graph\":[{\"@type\":\"Article\",\"@id\":\"https:\\\/\\\/eldigitaldeasturias.com\\\/magazine365\\\/faunia-abre-una-ruta-especial-nocturna-los-jueves-viernes-y-sabados-de-julio-y-agosto\\\/#article\",\"name\":\"Faunia abre una ruta especial nocturna los jueves, viernes y s\\u00e1bados de julio y agosto | El Digital de Asturias\",\"headline\":\"Faunia abre una ruta especial nocturna los jueves, viernes y s\\u00e1bados de julio y agosto\",\"author\":{\"@id\":\"https:\\\/\\\/eldigitaldeasturias.com\\\/magazine365\\\/author\\\/admin\\\/#author\"},\"publisher\":{\"@id\":\"https:\\\/\\\/eldigitaldeasturias.com\\\/magazine365\\\/#organization\"},\"image\":{\"@type\":\"ImageObject\",\"url\":\"https:\\\/\\\/eldigitaldeasturias.com\\\/magazine365\\\/wp-content\\\/uploads\\\/2016\\\/07\\\/fotonoticia_20160701131650_800.jpg\",\"width\":800,\"height\":534},\"datePublished\":\"2016-07-02T00:30:49+02:00\",\"dateModified\":\"2016-07-02T00:30:49+02:00\",\"inLanguage\":\"es-ES\",\"mainEntityOfPage\":{\"@id\":\"https:\\\/\\\/eldigitaldeasturias.com\\\/magazine365\\\/faunia-abre-una-ruta-especial-nocturna-los-jueves-viernes-y-sabados-de-julio-y-agosto\\\/#webpage\"},\"isPartOf\":{\"@id\":\"https:\\\/\\\/eldigitaldeasturias.com\\\/magazine365\\\/faunia-abre-una-ruta-especial-nocturna-los-jueves-viernes-y-sabados-de-julio-y-agosto\\\/#webpage\"},\"articleSection\":\"Noticias y Actualidad\"},{\"@type\":\"BreadcrumbList\",\"@id\":\"https:\\\/\\\/eldigitaldeasturias.com\\\/magazine365\\\/faunia-abre-una-ruta-especial-nocturna-los-jueves-viernes-y-sabados-de-julio-y-agosto\\\/#breadcrumblist\",\"itemListElement\":[{\"@type\":\"ListItem\",\"@id\":\"https:\\\/\\\/eldigitaldeasturias.com\\\/magazine365#listItem\",\"position\":1,\"name\":\"Home\",\"item\":\"https:\\\/\\\/eldigitaldeasturias.com\\\/magazine365\",\"nextItem\":{\"@type\":\"ListItem\",\"@id\":\"https:\\\/\\\/eldigitaldeasturias.com\\\/magazine365\\\/category\\\/noticias-actualidad\\\/#listItem\",\"name\":\"Noticias y Actualidad\"}},{\"@type\":\"ListItem\",\"@id\":\"https:\\\/\\\/eldigitaldeasturias.com\\\/magazine365\\\/category\\\/noticias-actualidad\\\/#listItem\",\"position\":2,\"name\":\"Noticias y Actualidad\",\"item\":\"https:\\\/\\\/eldigitaldeasturias.com\\\/magazine365\\\/category\\\/noticias-actualidad\\\/\",\"nextItem\":{\"@type\":\"ListItem\",\"@id\":\"https:\\\/\\\/eldigitaldeasturias.com\\\/magazine365\\\/faunia-abre-una-ruta-especial-nocturna-los-jueves-viernes-y-sabados-de-julio-y-agosto\\\/#listItem\",\"name\":\"Faunia abre una ruta especial nocturna los jueves, viernes y s\\u00e1bados de julio y agosto\"},\"previousItem\":{\"@type\":\"ListItem\",\"@id\":\"https:\\\/\\\/eldigitaldeasturias.com\\\/magazine365#listItem\",\"name\":\"Home\"}},{\"@type\":\"ListItem\",\"@id\":\"https:\\\/\\\/eldigitaldeasturias.com\\\/magazine365\\\/faunia-abre-una-ruta-especial-nocturna-los-jueves-viernes-y-sabados-de-julio-y-agosto\\\/#listItem\",\"position\":3,\"name\":\"Faunia abre una ruta especial nocturna los jueves, viernes y s\\u00e1bados de julio y agosto\",\"previousItem\":{\"@type\":\"ListItem\",\"@id\":\"https:\\\/\\\/eldigitaldeasturias.com\\\/magazine365\\\/category\\\/noticias-actualidad\\\/#listItem\",\"name\":\"Noticias y Actualidad\"}}]},{\"@type\":\"Organization\",\"@id\":\"https:\\\/\\\/eldigitaldeasturias.com\\\/magazine365\\\/#organization\",\"name\":\"El digital de Asturias\",\"description\":\"Revista de ocio, turismo y estilo de vida\",\"url\":\"https:\\\/\\\/eldigitaldeasturias.com\\\/magazine365\\\/\",\"logo\":{\"@type\":\"ImageObject\",\"url\":\"https:\\\/\\\/www.eldigitaldeasturias.com\\\/noticias\\\/wp-content\\\/uploads\\\/2020\\\/12\\\/EDA.jpg\",\"@id\":\"https:\\\/\\\/eldigitaldeasturias.com\\\/magazine365\\\/faunia-abre-una-ruta-especial-nocturna-los-jueves-viernes-y-sabados-de-julio-y-agosto\\\/#organizationLogo\"},\"image\":{\"@id\":\"https:\\\/\\\/eldigitaldeasturias.com\\\/magazine365\\\/faunia-abre-una-ruta-especial-nocturna-los-jueves-viernes-y-sabados-de-julio-y-agosto\\\/#organizationLogo\"}},{\"@type\":\"Person\",\"@id\":\"https:\\\/\\\/eldigitaldeasturias.com\\\/magazine365\\\/author\\\/admin\\\/#author\",\"url\":\"https:\\\/\\\/eldigitaldeasturias.com\\\/magazine365\\\/author\\\/admin\\\/\",\"name\":\"admin\",\"image\":{\"@type\":\"ImageObject\",\"@id\":\"https:\\\/\\\/eldigitaldeasturias.com\\\/magazine365\\\/faunia-abre-una-ruta-especial-nocturna-los-jueves-viernes-y-sabados-de-julio-y-agosto\\\/#authorImage\",\"url\":\"https:\\\/\\\/eldigitaldeasturias.com\\\/magazine365\\\/wp-content\\\/litespeed\\\/avatar\\\/e571bcf59a0edd6fa6838245a470f2fe.jpg?ver=1776969259\",\"width\":96,\"height\":96,\"caption\":\"admin\"}},{\"@type\":\"WebPage\",\"@id\":\"https:\\\/\\\/eldigitaldeasturias.com\\\/magazine365\\\/faunia-abre-una-ruta-especial-nocturna-los-jueves-viernes-y-sabados-de-julio-y-agosto\\\/#webpage\",\"url\":\"https:\\\/\\\/eldigitaldeasturias.com\\\/magazine365\\\/faunia-abre-una-ruta-especial-nocturna-los-jueves-viernes-y-sabados-de-julio-y-agosto\\\/\",\"name\":\"Faunia abre una ruta especial nocturna los jueves, viernes y s\\u00e1bados de julio y agosto | El Digital de Asturias\",\"description\":\"A partir del 1 de julio y hasta el pr\\u00f3ximo 27 de agosto, Faunia invita al visitante a sumergirse todos los jueves, viernes y s\\u00e1bados, de 21 a 00 horas, en un recorrido nocturno cargado de misterio. La ruta comenzar\\u00e1 en 'Veneno' donde expertos gu\\u00edas desvelar\\u00e1n los enigmas m\\u00e1s mort\\u00edferos de la cobra real o\",\"inLanguage\":\"es-ES\",\"isPartOf\":{\"@id\":\"https:\\\/\\\/eldigitaldeasturias.com\\\/magazine365\\\/#website\"},\"breadcrumb\":{\"@id\":\"https:\\\/\\\/eldigitaldeasturias.com\\\/magazine365\\\/faunia-abre-una-ruta-especial-nocturna-los-jueves-viernes-y-sabados-de-julio-y-agosto\\\/#breadcrumblist\"},\"author\":{\"@id\":\"https:\\\/\\\/eldigitaldeasturias.com\\\/magazine365\\\/author\\\/admin\\\/#author\"},\"creator\":{\"@id\":\"https:\\\/\\\/eldigitaldeasturias.com\\\/magazine365\\\/author\\\/admin\\\/#author\"},\"image\":{\"@type\":\"ImageObject\",\"url\":\"https:\\\/\\\/eldigitaldeasturias.com\\\/magazine365\\\/wp-content\\\/uploads\\\/2016\\\/07\\\/fotonoticia_20160701131650_800.jpg\",\"@id\":\"https:\\\/\\\/eldigitaldeasturias.com\\\/magazine365\\\/faunia-abre-una-ruta-especial-nocturna-los-jueves-viernes-y-sabados-de-julio-y-agosto\\\/#mainImage\",\"width\":800,\"height\":534},\"primaryImageOfPage\":{\"@id\":\"https:\\\/\\\/eldigitaldeasturias.com\\\/magazine365\\\/faunia-abre-una-ruta-especial-nocturna-los-jueves-viernes-y-sabados-de-julio-y-agosto\\\/#mainImage\"},\"datePublished\":\"2016-07-02T00:30:49+02:00\",\"dateModified\":\"2016-07-02T00:30:49+02:00\"},{\"@type\":\"WebSite\",\"@id\":\"https:\\\/\\\/eldigitaldeasturias.com\\\/magazine365\\\/#website\",\"url\":\"https:\\\/\\\/eldigitaldeasturias.com\\\/magazine365\\\/\",\"name\":\"El Digital de Asturias\",\"description\":\"Revista de ocio, turismo y estilo de vida\",\"inLanguage\":\"es-ES\",\"publisher\":{\"@id\":\"https:\\\/\\\/eldigitaldeasturias.com\\\/magazine365\\\/#organization\"}}]}\n\t\t<\/script>\n\t\t<!-- All in One SEO Pro -->\r\n\t\t<title>Faunia abre una ruta especial nocturna los jueves, viernes y s\u00e1bados de julio y agosto | El Digital de Asturias<\/title>\n\n","aioseo_head_json":{"title":"Faunia abre una ruta especial nocturna los jueves, viernes y s\u00e1bados de julio y agosto | El Digital de Asturias","description":"A partir del 1 de julio y hasta el pr\u00f3ximo 27 de agosto, Faunia invita al visitante a sumergirse todos los jueves, viernes y s\u00e1bados, de 21 a 00 horas, en un recorrido nocturno cargado de misterio. La ruta comenzar\u00e1 en 'Veneno' donde expertos gu\u00edas desvelar\u00e1n los enigmas m\u00e1s mort\u00edferos de la cobra real o","canonical_url":"https:\/\/eldigitaldeasturias.com\/magazine365\/faunia-abre-una-ruta-especial-nocturna-los-jueves-viernes-y-sabados-de-julio-y-agosto\/","robots":"max-image-preview:large","keywords":"noticias y actualidad","webmasterTools":{"google-site-verification":"UA-38556648-1","miscellaneous":""},"schema":{"@context":"https:\/\/schema.org","@graph":[{"@type":"Article","@id":"https:\/\/eldigitaldeasturias.com\/magazine365\/faunia-abre-una-ruta-especial-nocturna-los-jueves-viernes-y-sabados-de-julio-y-agosto\/#article","name":"Faunia abre una ruta especial nocturna los jueves, viernes y s\u00e1bados de julio y agosto | El Digital de Asturias","headline":"Faunia abre una ruta especial nocturna los jueves, viernes y s\u00e1bados de julio y agosto","author":{"@id":"https:\/\/eldigitaldeasturias.com\/magazine365\/author\/admin\/#author"},"publisher":{"@id":"https:\/\/eldigitaldeasturias.com\/magazine365\/#organization"},"image":{"@type":"ImageObject","url":"https:\/\/eldigitaldeasturias.com\/magazine365\/wp-content\/uploads\/2016\/07\/fotonoticia_20160701131650_800.jpg","width":800,"height":534},"datePublished":"2016-07-02T00:30:49+02:00","dateModified":"2016-07-02T00:30:49+02:00","inLanguage":"es-ES","mainEntityOfPage":{"@id":"https:\/\/eldigitaldeasturias.com\/magazine365\/faunia-abre-una-ruta-especial-nocturna-los-jueves-viernes-y-sabados-de-julio-y-agosto\/#webpage"},"isPartOf":{"@id":"https:\/\/eldigitaldeasturias.com\/magazine365\/faunia-abre-una-ruta-especial-nocturna-los-jueves-viernes-y-sabados-de-julio-y-agosto\/#webpage"},"articleSection":"Noticias y Actualidad"},{"@type":"BreadcrumbList","@id":"https:\/\/eldigitaldeasturias.com\/magazine365\/faunia-abre-una-ruta-especial-nocturna-los-jueves-viernes-y-sabados-de-julio-y-agosto\/#breadcrumblist","itemListElement":[{"@type":"ListItem","@id":"https:\/\/eldigitaldeasturias.com\/magazine365#listItem","position":1,"name":"Home","item":"https:\/\/eldigitaldeasturias.com\/magazine365","nextItem":{"@type":"ListItem","@id":"https:\/\/eldigitaldeasturias.com\/magazine365\/category\/noticias-actualidad\/#listItem","name":"Noticias y Actualidad"}},{"@type":"ListItem","@id":"https:\/\/eldigitaldeasturias.com\/magazine365\/category\/noticias-actualidad\/#listItem","position":2,"name":"Noticias y Actualidad","item":"https:\/\/eldigitaldeasturias.com\/magazine365\/category\/noticias-actualidad\/","nextItem":{"@type":"ListItem","@id":"https:\/\/eldigitaldeasturias.com\/magazine365\/faunia-abre-una-ruta-especial-nocturna-los-jueves-viernes-y-sabados-de-julio-y-agosto\/#listItem","name":"Faunia abre una ruta especial nocturna los jueves, viernes y s\u00e1bados de julio y agosto"},"previousItem":{"@type":"ListItem","@id":"https:\/\/eldigitaldeasturias.com\/magazine365#listItem","name":"Home"}},{"@type":"ListItem","@id":"https:\/\/eldigitaldeasturias.com\/magazine365\/faunia-abre-una-ruta-especial-nocturna-los-jueves-viernes-y-sabados-de-julio-y-agosto\/#listItem","position":3,"name":"Faunia abre una ruta especial nocturna los jueves, viernes y s\u00e1bados de julio y agosto","previousItem":{"@type":"ListItem","@id":"https:\/\/eldigitaldeasturias.com\/magazine365\/category\/noticias-actualidad\/#listItem","name":"Noticias y Actualidad"}}]},{"@type":"Organization","@id":"https:\/\/eldigitaldeasturias.com\/magazine365\/#organization","name":"El digital de Asturias","description":"Revista de ocio, turismo y estilo de vida","url":"https:\/\/eldigitaldeasturias.com\/magazine365\/","logo":{"@type":"ImageObject","url":"https:\/\/www.eldigitaldeasturias.com\/noticias\/wp-content\/uploads\/2020\/12\/EDA.jpg","@id":"https:\/\/eldigitaldeasturias.com\/magazine365\/faunia-abre-una-ruta-especial-nocturna-los-jueves-viernes-y-sabados-de-julio-y-agosto\/#organizationLogo"},"image":{"@id":"https:\/\/eldigitaldeasturias.com\/magazine365\/faunia-abre-una-ruta-especial-nocturna-los-jueves-viernes-y-sabados-de-julio-y-agosto\/#organizationLogo"}},{"@type":"Person","@id":"https:\/\/eldigitaldeasturias.com\/magazine365\/author\/admin\/#author","url":"https:\/\/eldigitaldeasturias.com\/magazine365\/author\/admin\/","name":"admin","image":{"@type":"ImageObject","@id":"https:\/\/eldigitaldeasturias.com\/magazine365\/faunia-abre-una-ruta-especial-nocturna-los-jueves-viernes-y-sabados-de-julio-y-agosto\/#authorImage","url":"https:\/\/eldigitaldeasturias.com\/magazine365\/wp-content\/litespeed\/avatar\/e571bcf59a0edd6fa6838245a470f2fe.jpg?ver=1776969259","width":96,"height":96,"caption":"admin"}},{"@type":"WebPage","@id":"https:\/\/eldigitaldeasturias.com\/magazine365\/faunia-abre-una-ruta-especial-nocturna-los-jueves-viernes-y-sabados-de-julio-y-agosto\/#webpage","url":"https:\/\/eldigitaldeasturias.com\/magazine365\/faunia-abre-una-ruta-especial-nocturna-los-jueves-viernes-y-sabados-de-julio-y-agosto\/","name":"Faunia abre una ruta especial nocturna los jueves, viernes y s\u00e1bados de julio y agosto | El Digital de Asturias","description":"A partir del 1 de julio y hasta el pr\u00f3ximo 27 de agosto, Faunia invita al visitante a sumergirse todos los jueves, viernes y s\u00e1bados, de 21 a 00 horas, en un recorrido nocturno cargado de misterio. La ruta comenzar\u00e1 en 'Veneno' donde expertos gu\u00edas desvelar\u00e1n los enigmas m\u00e1s mort\u00edferos de la cobra real o","inLanguage":"es-ES","isPartOf":{"@id":"https:\/\/eldigitaldeasturias.com\/magazine365\/#website"},"breadcrumb":{"@id":"https:\/\/eldigitaldeasturias.com\/magazine365\/faunia-abre-una-ruta-especial-nocturna-los-jueves-viernes-y-sabados-de-julio-y-agosto\/#breadcrumblist"},"author":{"@id":"https:\/\/eldigitaldeasturias.com\/magazine365\/author\/admin\/#author"},"creator":{"@id":"https:\/\/eldigitaldeasturias.com\/magazine365\/author\/admin\/#author"},"image":{"@type":"ImageObject","url":"https:\/\/eldigitaldeasturias.com\/magazine365\/wp-content\/uploads\/2016\/07\/fotonoticia_20160701131650_800.jpg","@id":"https:\/\/eldigitaldeasturias.com\/magazine365\/faunia-abre-una-ruta-especial-nocturna-los-jueves-viernes-y-sabados-de-julio-y-agosto\/#mainImage","width":800,"height":534},"primaryImageOfPage":{"@id":"https:\/\/eldigitaldeasturias.com\/magazine365\/faunia-abre-una-ruta-especial-nocturna-los-jueves-viernes-y-sabados-de-julio-y-agosto\/#mainImage"},"datePublished":"2016-07-02T00:30:49+02:00","dateModified":"2016-07-02T00:30:49+02:00"},{"@type":"WebSite","@id":"https:\/\/eldigitaldeasturias.com\/magazine365\/#website","url":"https:\/\/eldigitaldeasturias.com\/magazine365\/","name":"El Digital de Asturias","description":"Revista de ocio, turismo y estilo de vida","inLanguage":"es-ES","publisher":{"@id":"https:\/\/eldigitaldeasturias.com\/magazine365\/#organization"}}]},"og:locale":"es_ES","og:site_name":"El Digital de Asturias \u2013 Revista de ocio, turismo y estilo de vida","og:type":"article","og:title":"Faunia abre una ruta especial nocturna los jueves, viernes y s\u00e1bados de julio y agosto | El Digital de Asturias","og:description":"A partir del 1 de julio y hasta el pr\u00f3ximo 27 de agosto, Faunia invita al visitante a sumergirse todos los jueves, viernes y s\u00e1bados, de 21 a 00 horas, en un recorrido nocturno cargado de misterio. La ruta comenzar\u00e1 en 'Veneno' donde expertos gu\u00edas desvelar\u00e1n los enigmas m\u00e1s mort\u00edferos de la cobra real o","og:url":"https:\/\/eldigitaldeasturias.com\/magazine365\/faunia-abre-una-ruta-especial-nocturna-los-jueves-viernes-y-sabados-de-julio-y-agosto\/","og:image":"https:\/\/eldigitaldeasturias.com\/magazine365\/wp-content\/uploads\/2016\/07\/fotonoticia_20160701131650_800.jpg","og:image:secure_url":"https:\/\/eldigitaldeasturias.com\/magazine365\/wp-content\/uploads\/2016\/07\/fotonoticia_20160701131650_800.jpg","og:image:width":800,"og:image:height":534,"article:published_time":"2016-07-01T22:30:49+00:00","article:modified_time":"2016-07-01T22:30:49+00:00","twitter:card":"summary_large_image","twitter:title":"Faunia abre una ruta especial nocturna los jueves, viernes y s\u00e1bados de julio y agosto | El Digital de Asturias","twitter:description":"A partir del 1 de julio y hasta el pr\u00f3ximo 27 de agosto, Faunia invita al visitante a sumergirse todos los jueves, viernes y s\u00e1bados, de 21 a 00 horas, en un recorrido nocturno cargado de misterio. La ruta comenzar\u00e1 en 'Veneno' donde expertos gu\u00edas desvelar\u00e1n los enigmas m\u00e1s mort\u00edferos de la cobra real o","twitter:image":"https:\/\/eldigitaldeasturias.com\/magazine365\/wp-content\/uploads\/2016\/07\/fotonoticia_20160701131650_800.jpg"},"aioseo_meta_data":{"post_id":"81410","title":null,"description":null,"keywords":null,"keyphrases":null,"primary_term":null,"canonical_url":null,"og_title":null,"og_description":null,"og_object_type":"default","og_image_type":"default","og_image_url":null,"og_image_width":null,"og_image_height":null,"og_image_custom_url":null,"og_image_custom_fields":null,"og_video":null,"og_custom_url":null,"og_article_section":null,"og_article_tags":null,"twitter_use_og":false,"twitter_card":"default","twitter_image_type":"default","twitter_image_url":null,"twitter_image_custom_url":null,"twitter_image_custom_fields":null,"twitter_title":null,"twitter_description":null,"schema":{"blockGraphs":[],"customGraphs":[],"default":{"data":{"Article":[],"Course":[],"Dataset":[],"FAQPage":[],"Movie":[],"Person":[],"Product":[],"ProductReview":[],"Car":[],"Recipe":[],"Service":[],"SoftwareApplication":[],"WebPage":[]},"graphName":"","isEnabled":true},"graphs":[],"defaultGraph":"","defaultPostTypeGraph":""},"schema_type":null,"schema_type_options":null,"pillar_content":false,"robots_default":true,"robots_noindex":false,"robots_noarchive":false,"robots_nosnippet":false,"robots_nofollow":false,"robots_noimageindex":false,"robots_noodp":false,"robots_notranslate":false,"robots_max_snippet":null,"robots_max_videopreview":null,"robots_max_imagepreview":"large","priority":null,"frequency":null,"location":null,"local_seo":null,"seo_analyzer_scan_date":"2025-09-27 22:48:46","breadcrumb_settings":null,"limit_modified_date":false,"open_ai":null,"ai":null,"created":"2021-03-08 17:17:52","updated":"2025-09-27 22:48:47"},"aioseo_breadcrumb":"<div class=\"aioseo-breadcrumbs\"><span class=\"aioseo-breadcrumb\">\n\t<a href=\"https:\/\/eldigitaldeasturias.com\/magazine365\" title=\"Home\">Home<\/a>\n<\/span><span class=\"aioseo-breadcrumb-separator\">\u2013<\/span><span class=\"aioseo-breadcrumb\">\n\t<a href=\"https:\/\/eldigitaldeasturias.com\/magazine365\/category\/noticias-actualidad\/\" title=\"Noticias y Actualidad\">Noticias y Actualidad<\/a>\n<\/span><span class=\"aioseo-breadcrumb-separator\">\u2013<\/span><span class=\"aioseo-breadcrumb\">\n\t<a href=\"https:\/\/eldigitaldeasturias.com\/magazine365\/faunia-abre-una-ruta-especial-nocturna-los-jueves-viernes-y-sabados-de-julio-y-agosto\/\" title=\"Faunia abre una ruta especial nocturna los jueves, viernes y s\u00e1bados de julio y agosto\">Faunia abre una ruta especial nocturna los jueves, viernes y s\u00e1bados de julio y agosto<\/a>\n<\/span><\/div>","aioseo_breadcrumb_json":[{"label":"Home","link":"https:\/\/eldigitaldeasturias.com\/magazine365"},{"label":"Noticias y Actualidad","link":"https:\/\/eldigitaldeasturias.com\/magazine365\/category\/noticias-actualidad\/"},{"label":"Faunia abre una ruta especial nocturna los jueves, viernes y s\u00e1bados de julio y agosto","link":"https:\/\/eldigitaldeasturias.com\/magazine365\/faunia-abre-una-ruta-especial-nocturna-los-jueves-viernes-y-sabados-de-julio-y-agosto\/"}],"_links":{"self":[{"href":"https:\/\/eldigitaldeasturias.com\/magazine365\/wp-json\/wp\/v2\/posts\/81410","targetHints":{"allow":["GET"]}}],"collection":[{"href":"https:\/\/eldigitaldeasturias.com\/magazine365\/wp-json\/wp\/v2\/posts"}],"about":[{"href":"https:\/\/eldigitaldeasturias.com\/magazine365\/wp-json\/wp\/v2\/types\/post"}],"author":[{"embeddable":true,"href":"https:\/\/eldigitaldeasturias.com\/magazine365\/wp-json\/wp\/v2\/users\/1"}],"replies":[{"embeddable":true,"href":"https:\/\/eldigitaldeasturias.com\/magazine365\/wp-json\/wp\/v2\/comments?post=81410"}],"version-history":[{"count":0,"href":"https:\/\/eldigitaldeasturias.com\/magazine365\/wp-json\/wp\/v2\/posts\/81410\/revisions"}],"wp:featuredmedia":[{"embeddable":true,"href":"https:\/\/eldigitaldeasturias.com\/magazine365\/wp-json\/wp\/v2\/media\/81411"}],"wp:attachment":[{"href":"https:\/\/eldigitaldeasturias.com\/magazine365\/wp-json\/wp\/v2\/media?parent=81410"}],"wp:term":[{"taxonomy":"category","embeddable":true,"href":"https:\/\/eldigitaldeasturias.com\/magazine365\/wp-json\/wp\/v2\/categories?post=81410"},{"taxonomy":"post_tag","embeddable":true,"href":"https:\/\/eldigitaldeasturias.com\/magazine365\/wp-json\/wp\/v2\/tags?post=81410"}],"curies":[{"name":"wp","href":"https:\/\/api.w.org\/{rel}","templated":true}]}}