{"id":81395,"date":"2016-07-02T00:24:00","date_gmt":"2016-07-01T22:24:00","guid":{"rendered":"http:\/\/eldigitaldeasturias.com\/magazine365\/?p=81395"},"modified":"2016-07-02T00:24:00","modified_gmt":"2016-07-01T22:24:00","slug":"el-festival-de-merida-se-incorpora-a-la-red-nacional-de-teatros-publicos-y-certamenes","status":"publish","type":"post","link":"https:\/\/eldigitaldeasturias.com\/magazine365\/el-festival-de-merida-se-incorpora-a-la-red-nacional-de-teatros-publicos-y-certamenes\/","title":{"rendered":"El Festival de M\u00e9rida se incorpora a La Red nacional de teatros p\u00fablicos y cert\u00e1menes"},"content":{"rendered":"<p><img fetchpriority=\"high\" decoding=\"async\" class=\"alignleft size-medium wp-image-81396\" src=\"https:\/\/eldigitaldeasturias.com\/magazine365\/wp-content\/uploads\/2016\/07\/fotonoticia_20160701122850_800-360x270.jpg\" alt=\"fotonoticia_20160701122850_800\" width=\"360\" height=\"270\" srcset=\"https:\/\/eldigitaldeasturias.com\/magazine365\/wp-content\/uploads\/2016\/07\/fotonoticia_20160701122850_800-360x270.jpg 360w, https:\/\/eldigitaldeasturias.com\/magazine365\/wp-content\/uploads\/2016\/07\/fotonoticia_20160701122850_800-650x488.jpg 650w, https:\/\/eldigitaldeasturias.com\/magazine365\/wp-content\/uploads\/2016\/07\/fotonoticia_20160701122850_800-768x576.jpg 768w, https:\/\/eldigitaldeasturias.com\/magazine365\/wp-content\/uploads\/2016\/07\/fotonoticia_20160701122850_800-150x113.jpg 150w, https:\/\/eldigitaldeasturias.com\/magazine365\/wp-content\/uploads\/2016\/07\/fotonoticia_20160701122850_800-450x338.jpg 450w, https:\/\/eldigitaldeasturias.com\/magazine365\/wp-content\/uploads\/2016\/07\/fotonoticia_20160701122850_800-90x67.jpg 90w, https:\/\/eldigitaldeasturias.com\/magazine365\/wp-content\/uploads\/2016\/07\/fotonoticia_20160701122850_800-164x124.jpg 164w, https:\/\/eldigitaldeasturias.com\/magazine365\/wp-content\/uploads\/2016\/07\/fotonoticia_20160701122850_800-100x75.jpg 100w, https:\/\/eldigitaldeasturias.com\/magazine365\/wp-content\/uploads\/2016\/07\/fotonoticia_20160701122850_800.jpg 800w\" sizes=\"(max-width: 360px) 100vw, 360px\" \/>El Festival Internacional de Teatro Cl\u00e1sico de M\u00e9rida se ha incorporado a La Red Espa\u00f1ola de Teatros, Auditorios, Circuitos y Festivales de Titularidad P\u00fablica, conocida popularmente como La Red.<\/p>\n<p>Esta asociaci\u00f3n sin \u00e1nimo de lucro, que aglutina al gran parte del sector de las artes esc\u00e9nicas del territorio nacional, funciona desde al a\u00f1o 2000 sostenida por el Instituto Nacional de las Artes Esc\u00e9nicas y de la M\u00fasica (INAEM) y el Ministerio de Cultura, explica en nota de prensa el Festival de M\u00e9rida.<\/p>\n<p>La Red tiene entre sus fines fundacionales impulsar el sector de las artes esc\u00e9nicas y de la m\u00fasica, haci\u00e9ndolo \u00abm\u00e1s accesible\u00bb a toda la poblaci\u00f3n desde diversos \u00e1mbitos, como la formaci\u00f3n, la investigaci\u00f3n, las nuevas tecnolog\u00edas en busca de la eficiencia e innovaci\u00f3n en el sector.<\/p>\n<p>La integraci\u00f3n del Festival de M\u00e9rida en La Red aporta nuevas herramientas de difusi\u00f3n y promoci\u00f3n a la cita cultural extreme\u00f1a dentro y fuera del sector, adem\u00e1s de abrir nuevos canales de colaboraci\u00f3n con festivales y teatros de toda Espa\u00f1a.<\/p>\n<p>Actualmente La Red Espa\u00f1ola de Teatros cuenta con 145 asociados. Se trata de espacios de exhibici\u00f3n de artes esc\u00e9nicas de titularidad p\u00fablica de todo el territorio nacional. Dentro de esta cifra se incluyen los principales teatros y auditorios del pa\u00eds. Adem\u00e1s de 12 redes y circuitos de artes esc\u00e9nicas de las comunidades aut\u00f3nomas y provinciales que a su vez aglutinan sus espacios dependientes. Por lo que La Red re\u00fane m\u00e1s de 700 espacios de exhibici\u00f3n p\u00fablicos.<\/p>\n<p>Con esta incorporaci\u00f3n a La Red, el Festival consolida los \u00ablazos de uni\u00f3n y colaboraci\u00f3n\u00bb con el mundo de las artes esc\u00e9nicas de Espa\u00f1a y que ya en el mes de abril se extendi\u00f3 al panorama internacional al integrarse en la Asociaci\u00f3n Europea de Festivales (EFA, en sus siglas inglesas), un colectivo en el que est\u00e1n presentes un centenar de festivales de 40 pa\u00edses.<\/p>\n","protected":false},"excerpt":{"rendered":"<p>El Festival Internacional de Teatro Cl\u00e1sico de M\u00e9rida se ha incorporado a La Red Espa\u00f1ola de Teatros, Auditorios, Circuitos y Festivales de Titularidad P\u00fablica, conocida popularmente como La Red. Esta asociaci\u00f3n sin \u00e1nimo de lucro, que aglutina al gran parte del sector de las artes esc\u00e9nicas del territorio nacional, funciona desde al a\u00f1o 2000 sostenida<\/p>\n","protected":false},"author":1,"featured_media":81396,"comment_status":"open","ping_status":"closed","sticky":false,"template":"","format":"standard","meta":{"footnotes":""},"categories":[224],"tags":[],"class_list":{"0":"post-81395","1":"post","2":"type-post","3":"status-publish","4":"format-standard","5":"has-post-thumbnail","7":"category-noticias-actualidad"},"aioseo_notices":[],"aioseo_head":"\n\t\t<!-- All in One SEO Pro 4.9.6.1 - aioseo.com -->\n\t<meta name=\"description\" content=\"El Festival Internacional de Teatro Cl\u00e1sico de M\u00e9rida se ha incorporado a La Red Espa\u00f1ola de Teatros, Auditorios, Circuitos y Festivales de Titularidad P\u00fablica, conocida popularmente como La Red. Esta asociaci\u00f3n sin \u00e1nimo de lucro, que aglutina al gran parte del sector de las artes esc\u00e9nicas del territorio nacional, funciona desde al a\u00f1o 2000 sostenida\" \/>\n\t<meta name=\"robots\" content=\"max-image-preview:large\" \/>\n\t<meta name=\"author\" content=\"admin\"\/>\n\t<meta name=\"google-site-verification\" content=\"UA-38556648-1\" \/>\n\t<meta name=\"keywords\" content=\"noticias y actualidad\" \/>\n\t<link rel=\"canonical\" href=\"https:\/\/eldigitaldeasturias.com\/magazine365\/el-festival-de-merida-se-incorpora-a-la-red-nacional-de-teatros-publicos-y-certamenes\/\" \/>\n\t<meta name=\"generator\" content=\"All in One SEO Pro (AIOSEO) 4.9.6.1\" \/>\n\t\t<meta property=\"og:locale\" content=\"es_ES\" \/>\n\t\t<meta property=\"og:site_name\" content=\"El Digital de Asturias \u2013 Revista de ocio, turismo y estilo de vida\" \/>\n\t\t<meta property=\"og:type\" content=\"article\" \/>\n\t\t<meta property=\"og:title\" content=\"El Festival de M\u00e9rida se incorpora a La Red nacional de teatros p\u00fablicos y cert\u00e1menes | El Digital de Asturias\" \/>\n\t\t<meta property=\"og:description\" content=\"El Festival Internacional de Teatro Cl\u00e1sico de M\u00e9rida se ha incorporado a La Red Espa\u00f1ola de Teatros, Auditorios, Circuitos y Festivales de Titularidad P\u00fablica, conocida popularmente como La Red. Esta asociaci\u00f3n sin \u00e1nimo de lucro, que aglutina al gran parte del sector de las artes esc\u00e9nicas del territorio nacional, funciona desde al a\u00f1o 2000 sostenida\" \/>\n\t\t<meta property=\"og:url\" content=\"https:\/\/eldigitaldeasturias.com\/magazine365\/el-festival-de-merida-se-incorpora-a-la-red-nacional-de-teatros-publicos-y-certamenes\/\" \/>\n\t\t<meta property=\"og:image\" content=\"https:\/\/eldigitaldeasturias.com\/magazine365\/wp-content\/uploads\/2016\/07\/fotonoticia_20160701122850_800.jpg\" \/>\n\t\t<meta property=\"og:image:secure_url\" content=\"https:\/\/eldigitaldeasturias.com\/magazine365\/wp-content\/uploads\/2016\/07\/fotonoticia_20160701122850_800.jpg\" \/>\n\t\t<meta property=\"og:image:width\" content=\"800\" \/>\n\t\t<meta property=\"og:image:height\" content=\"600\" \/>\n\t\t<meta property=\"article:published_time\" content=\"2016-07-01T22:24:00+00:00\" \/>\n\t\t<meta property=\"article:modified_time\" content=\"2016-07-01T22:24:00+00:00\" \/>\n\t\t<meta name=\"twitter:card\" content=\"summary_large_image\" \/>\n\t\t<meta name=\"twitter:title\" content=\"El Festival de M\u00e9rida se incorpora a La Red nacional de teatros p\u00fablicos y cert\u00e1menes | El Digital de Asturias\" \/>\n\t\t<meta name=\"twitter:description\" content=\"El Festival Internacional de Teatro Cl\u00e1sico de M\u00e9rida se ha incorporado a La Red Espa\u00f1ola de Teatros, Auditorios, Circuitos y Festivales de Titularidad P\u00fablica, conocida popularmente como La Red. Esta asociaci\u00f3n sin \u00e1nimo de lucro, que aglutina al gran parte del sector de las artes esc\u00e9nicas del territorio nacional, funciona desde al a\u00f1o 2000 sostenida\" \/>\n\t\t<meta name=\"twitter:image\" content=\"https:\/\/eldigitaldeasturias.com\/magazine365\/wp-content\/uploads\/2016\/07\/fotonoticia_20160701122850_800.jpg\" \/>\n\t\t<script type=\"application\/ld+json\" class=\"aioseo-schema\">\n\t\t\t{\"@context\":\"https:\\\/\\\/schema.org\",\"@graph\":[{\"@type\":\"Article\",\"@id\":\"https:\\\/\\\/eldigitaldeasturias.com\\\/magazine365\\\/el-festival-de-merida-se-incorpora-a-la-red-nacional-de-teatros-publicos-y-certamenes\\\/#article\",\"name\":\"El Festival de M\\u00e9rida se incorpora a La Red nacional de teatros p\\u00fablicos y cert\\u00e1menes | El Digital de Asturias\",\"headline\":\"El Festival de M\\u00e9rida se incorpora a La Red nacional de teatros p\\u00fablicos y cert\\u00e1menes\",\"author\":{\"@id\":\"https:\\\/\\\/eldigitaldeasturias.com\\\/magazine365\\\/author\\\/admin\\\/#author\"},\"publisher\":{\"@id\":\"https:\\\/\\\/eldigitaldeasturias.com\\\/magazine365\\\/#organization\"},\"image\":{\"@type\":\"ImageObject\",\"url\":\"https:\\\/\\\/eldigitaldeasturias.com\\\/magazine365\\\/wp-content\\\/uploads\\\/2016\\\/07\\\/fotonoticia_20160701122850_800.jpg\",\"width\":800,\"height\":600},\"datePublished\":\"2016-07-02T00:24:00+02:00\",\"dateModified\":\"2016-07-02T00:24:00+02:00\",\"inLanguage\":\"es-ES\",\"mainEntityOfPage\":{\"@id\":\"https:\\\/\\\/eldigitaldeasturias.com\\\/magazine365\\\/el-festival-de-merida-se-incorpora-a-la-red-nacional-de-teatros-publicos-y-certamenes\\\/#webpage\"},\"isPartOf\":{\"@id\":\"https:\\\/\\\/eldigitaldeasturias.com\\\/magazine365\\\/el-festival-de-merida-se-incorpora-a-la-red-nacional-de-teatros-publicos-y-certamenes\\\/#webpage\"},\"articleSection\":\"Noticias y Actualidad\"},{\"@type\":\"BreadcrumbList\",\"@id\":\"https:\\\/\\\/eldigitaldeasturias.com\\\/magazine365\\\/el-festival-de-merida-se-incorpora-a-la-red-nacional-de-teatros-publicos-y-certamenes\\\/#breadcrumblist\",\"itemListElement\":[{\"@type\":\"ListItem\",\"@id\":\"https:\\\/\\\/eldigitaldeasturias.com\\\/magazine365#listItem\",\"position\":1,\"name\":\"Home\",\"item\":\"https:\\\/\\\/eldigitaldeasturias.com\\\/magazine365\",\"nextItem\":{\"@type\":\"ListItem\",\"@id\":\"https:\\\/\\\/eldigitaldeasturias.com\\\/magazine365\\\/category\\\/noticias-actualidad\\\/#listItem\",\"name\":\"Noticias y Actualidad\"}},{\"@type\":\"ListItem\",\"@id\":\"https:\\\/\\\/eldigitaldeasturias.com\\\/magazine365\\\/category\\\/noticias-actualidad\\\/#listItem\",\"position\":2,\"name\":\"Noticias y Actualidad\",\"item\":\"https:\\\/\\\/eldigitaldeasturias.com\\\/magazine365\\\/category\\\/noticias-actualidad\\\/\",\"nextItem\":{\"@type\":\"ListItem\",\"@id\":\"https:\\\/\\\/eldigitaldeasturias.com\\\/magazine365\\\/el-festival-de-merida-se-incorpora-a-la-red-nacional-de-teatros-publicos-y-certamenes\\\/#listItem\",\"name\":\"El Festival de M\\u00e9rida se incorpora a La Red nacional de teatros p\\u00fablicos y cert\\u00e1menes\"},\"previousItem\":{\"@type\":\"ListItem\",\"@id\":\"https:\\\/\\\/eldigitaldeasturias.com\\\/magazine365#listItem\",\"name\":\"Home\"}},{\"@type\":\"ListItem\",\"@id\":\"https:\\\/\\\/eldigitaldeasturias.com\\\/magazine365\\\/el-festival-de-merida-se-incorpora-a-la-red-nacional-de-teatros-publicos-y-certamenes\\\/#listItem\",\"position\":3,\"name\":\"El Festival de M\\u00e9rida se incorpora a La Red nacional de teatros p\\u00fablicos y cert\\u00e1menes\",\"previousItem\":{\"@type\":\"ListItem\",\"@id\":\"https:\\\/\\\/eldigitaldeasturias.com\\\/magazine365\\\/category\\\/noticias-actualidad\\\/#listItem\",\"name\":\"Noticias y Actualidad\"}}]},{\"@type\":\"Organization\",\"@id\":\"https:\\\/\\\/eldigitaldeasturias.com\\\/magazine365\\\/#organization\",\"name\":\"El digital de Asturias\",\"description\":\"Revista de ocio, turismo y estilo de vida\",\"url\":\"https:\\\/\\\/eldigitaldeasturias.com\\\/magazine365\\\/\",\"logo\":{\"@type\":\"ImageObject\",\"url\":\"https:\\\/\\\/www.eldigitaldeasturias.com\\\/noticias\\\/wp-content\\\/uploads\\\/2020\\\/12\\\/EDA.jpg\",\"@id\":\"https:\\\/\\\/eldigitaldeasturias.com\\\/magazine365\\\/el-festival-de-merida-se-incorpora-a-la-red-nacional-de-teatros-publicos-y-certamenes\\\/#organizationLogo\"},\"image\":{\"@id\":\"https:\\\/\\\/eldigitaldeasturias.com\\\/magazine365\\\/el-festival-de-merida-se-incorpora-a-la-red-nacional-de-teatros-publicos-y-certamenes\\\/#organizationLogo\"}},{\"@type\":\"Person\",\"@id\":\"https:\\\/\\\/eldigitaldeasturias.com\\\/magazine365\\\/author\\\/admin\\\/#author\",\"url\":\"https:\\\/\\\/eldigitaldeasturias.com\\\/magazine365\\\/author\\\/admin\\\/\",\"name\":\"admin\",\"image\":{\"@type\":\"ImageObject\",\"@id\":\"https:\\\/\\\/eldigitaldeasturias.com\\\/magazine365\\\/el-festival-de-merida-se-incorpora-a-la-red-nacional-de-teatros-publicos-y-certamenes\\\/#authorImage\",\"url\":\"https:\\\/\\\/eldigitaldeasturias.com\\\/magazine365\\\/wp-content\\\/litespeed\\\/avatar\\\/e571bcf59a0edd6fa6838245a470f2fe.jpg?ver=1776969259\",\"width\":96,\"height\":96,\"caption\":\"admin\"}},{\"@type\":\"WebPage\",\"@id\":\"https:\\\/\\\/eldigitaldeasturias.com\\\/magazine365\\\/el-festival-de-merida-se-incorpora-a-la-red-nacional-de-teatros-publicos-y-certamenes\\\/#webpage\",\"url\":\"https:\\\/\\\/eldigitaldeasturias.com\\\/magazine365\\\/el-festival-de-merida-se-incorpora-a-la-red-nacional-de-teatros-publicos-y-certamenes\\\/\",\"name\":\"El Festival de M\\u00e9rida se incorpora a La Red nacional de teatros p\\u00fablicos y cert\\u00e1menes | El Digital de Asturias\",\"description\":\"El Festival Internacional de Teatro Cl\\u00e1sico de M\\u00e9rida se ha incorporado a La Red Espa\\u00f1ola de Teatros, Auditorios, Circuitos y Festivales de Titularidad P\\u00fablica, conocida popularmente como La Red. Esta asociaci\\u00f3n sin \\u00e1nimo de lucro, que aglutina al gran parte del sector de las artes esc\\u00e9nicas del territorio nacional, funciona desde al a\\u00f1o 2000 sostenida\",\"inLanguage\":\"es-ES\",\"isPartOf\":{\"@id\":\"https:\\\/\\\/eldigitaldeasturias.com\\\/magazine365\\\/#website\"},\"breadcrumb\":{\"@id\":\"https:\\\/\\\/eldigitaldeasturias.com\\\/magazine365\\\/el-festival-de-merida-se-incorpora-a-la-red-nacional-de-teatros-publicos-y-certamenes\\\/#breadcrumblist\"},\"author\":{\"@id\":\"https:\\\/\\\/eldigitaldeasturias.com\\\/magazine365\\\/author\\\/admin\\\/#author\"},\"creator\":{\"@id\":\"https:\\\/\\\/eldigitaldeasturias.com\\\/magazine365\\\/author\\\/admin\\\/#author\"},\"image\":{\"@type\":\"ImageObject\",\"url\":\"https:\\\/\\\/eldigitaldeasturias.com\\\/magazine365\\\/wp-content\\\/uploads\\\/2016\\\/07\\\/fotonoticia_20160701122850_800.jpg\",\"@id\":\"https:\\\/\\\/eldigitaldeasturias.com\\\/magazine365\\\/el-festival-de-merida-se-incorpora-a-la-red-nacional-de-teatros-publicos-y-certamenes\\\/#mainImage\",\"width\":800,\"height\":600},\"primaryImageOfPage\":{\"@id\":\"https:\\\/\\\/eldigitaldeasturias.com\\\/magazine365\\\/el-festival-de-merida-se-incorpora-a-la-red-nacional-de-teatros-publicos-y-certamenes\\\/#mainImage\"},\"datePublished\":\"2016-07-02T00:24:00+02:00\",\"dateModified\":\"2016-07-02T00:24:00+02:00\"},{\"@type\":\"WebSite\",\"@id\":\"https:\\\/\\\/eldigitaldeasturias.com\\\/magazine365\\\/#website\",\"url\":\"https:\\\/\\\/eldigitaldeasturias.com\\\/magazine365\\\/\",\"name\":\"El Digital de Asturias\",\"description\":\"Revista de ocio, turismo y estilo de vida\",\"inLanguage\":\"es-ES\",\"publisher\":{\"@id\":\"https:\\\/\\\/eldigitaldeasturias.com\\\/magazine365\\\/#organization\"}}]}\n\t\t<\/script>\n\t\t<!-- All in One SEO Pro -->\r\n\t\t<title>El Festival de M\u00e9rida se incorpora a La Red nacional de teatros p\u00fablicos y cert\u00e1menes | El Digital de Asturias<\/title>\n\n","aioseo_head_json":{"title":"El Festival de M\u00e9rida se incorpora a La Red nacional de teatros p\u00fablicos y cert\u00e1menes | El Digital de Asturias","description":"El Festival Internacional de Teatro Cl\u00e1sico de M\u00e9rida se ha incorporado a La Red Espa\u00f1ola de Teatros, Auditorios, Circuitos y Festivales de Titularidad P\u00fablica, conocida popularmente como La Red. Esta asociaci\u00f3n sin \u00e1nimo de lucro, que aglutina al gran parte del sector de las artes esc\u00e9nicas del territorio nacional, funciona desde al a\u00f1o 2000 sostenida","canonical_url":"https:\/\/eldigitaldeasturias.com\/magazine365\/el-festival-de-merida-se-incorpora-a-la-red-nacional-de-teatros-publicos-y-certamenes\/","robots":"max-image-preview:large","keywords":"noticias y actualidad","webmasterTools":{"google-site-verification":"UA-38556648-1","miscellaneous":""},"schema":{"@context":"https:\/\/schema.org","@graph":[{"@type":"Article","@id":"https:\/\/eldigitaldeasturias.com\/magazine365\/el-festival-de-merida-se-incorpora-a-la-red-nacional-de-teatros-publicos-y-certamenes\/#article","name":"El Festival de M\u00e9rida se incorpora a La Red nacional de teatros p\u00fablicos y cert\u00e1menes | El Digital de Asturias","headline":"El Festival de M\u00e9rida se incorpora a La Red nacional de teatros p\u00fablicos y cert\u00e1menes","author":{"@id":"https:\/\/eldigitaldeasturias.com\/magazine365\/author\/admin\/#author"},"publisher":{"@id":"https:\/\/eldigitaldeasturias.com\/magazine365\/#organization"},"image":{"@type":"ImageObject","url":"https:\/\/eldigitaldeasturias.com\/magazine365\/wp-content\/uploads\/2016\/07\/fotonoticia_20160701122850_800.jpg","width":800,"height":600},"datePublished":"2016-07-02T00:24:00+02:00","dateModified":"2016-07-02T00:24:00+02:00","inLanguage":"es-ES","mainEntityOfPage":{"@id":"https:\/\/eldigitaldeasturias.com\/magazine365\/el-festival-de-merida-se-incorpora-a-la-red-nacional-de-teatros-publicos-y-certamenes\/#webpage"},"isPartOf":{"@id":"https:\/\/eldigitaldeasturias.com\/magazine365\/el-festival-de-merida-se-incorpora-a-la-red-nacional-de-teatros-publicos-y-certamenes\/#webpage"},"articleSection":"Noticias y Actualidad"},{"@type":"BreadcrumbList","@id":"https:\/\/eldigitaldeasturias.com\/magazine365\/el-festival-de-merida-se-incorpora-a-la-red-nacional-de-teatros-publicos-y-certamenes\/#breadcrumblist","itemListElement":[{"@type":"ListItem","@id":"https:\/\/eldigitaldeasturias.com\/magazine365#listItem","position":1,"name":"Home","item":"https:\/\/eldigitaldeasturias.com\/magazine365","nextItem":{"@type":"ListItem","@id":"https:\/\/eldigitaldeasturias.com\/magazine365\/category\/noticias-actualidad\/#listItem","name":"Noticias y Actualidad"}},{"@type":"ListItem","@id":"https:\/\/eldigitaldeasturias.com\/magazine365\/category\/noticias-actualidad\/#listItem","position":2,"name":"Noticias y Actualidad","item":"https:\/\/eldigitaldeasturias.com\/magazine365\/category\/noticias-actualidad\/","nextItem":{"@type":"ListItem","@id":"https:\/\/eldigitaldeasturias.com\/magazine365\/el-festival-de-merida-se-incorpora-a-la-red-nacional-de-teatros-publicos-y-certamenes\/#listItem","name":"El Festival de M\u00e9rida se incorpora a La Red nacional de teatros p\u00fablicos y cert\u00e1menes"},"previousItem":{"@type":"ListItem","@id":"https:\/\/eldigitaldeasturias.com\/magazine365#listItem","name":"Home"}},{"@type":"ListItem","@id":"https:\/\/eldigitaldeasturias.com\/magazine365\/el-festival-de-merida-se-incorpora-a-la-red-nacional-de-teatros-publicos-y-certamenes\/#listItem","position":3,"name":"El Festival de M\u00e9rida se incorpora a La Red nacional de teatros p\u00fablicos y cert\u00e1menes","previousItem":{"@type":"ListItem","@id":"https:\/\/eldigitaldeasturias.com\/magazine365\/category\/noticias-actualidad\/#listItem","name":"Noticias y Actualidad"}}]},{"@type":"Organization","@id":"https:\/\/eldigitaldeasturias.com\/magazine365\/#organization","name":"El digital de Asturias","description":"Revista de ocio, turismo y estilo de vida","url":"https:\/\/eldigitaldeasturias.com\/magazine365\/","logo":{"@type":"ImageObject","url":"https:\/\/www.eldigitaldeasturias.com\/noticias\/wp-content\/uploads\/2020\/12\/EDA.jpg","@id":"https:\/\/eldigitaldeasturias.com\/magazine365\/el-festival-de-merida-se-incorpora-a-la-red-nacional-de-teatros-publicos-y-certamenes\/#organizationLogo"},"image":{"@id":"https:\/\/eldigitaldeasturias.com\/magazine365\/el-festival-de-merida-se-incorpora-a-la-red-nacional-de-teatros-publicos-y-certamenes\/#organizationLogo"}},{"@type":"Person","@id":"https:\/\/eldigitaldeasturias.com\/magazine365\/author\/admin\/#author","url":"https:\/\/eldigitaldeasturias.com\/magazine365\/author\/admin\/","name":"admin","image":{"@type":"ImageObject","@id":"https:\/\/eldigitaldeasturias.com\/magazine365\/el-festival-de-merida-se-incorpora-a-la-red-nacional-de-teatros-publicos-y-certamenes\/#authorImage","url":"https:\/\/eldigitaldeasturias.com\/magazine365\/wp-content\/litespeed\/avatar\/e571bcf59a0edd6fa6838245a470f2fe.jpg?ver=1776969259","width":96,"height":96,"caption":"admin"}},{"@type":"WebPage","@id":"https:\/\/eldigitaldeasturias.com\/magazine365\/el-festival-de-merida-se-incorpora-a-la-red-nacional-de-teatros-publicos-y-certamenes\/#webpage","url":"https:\/\/eldigitaldeasturias.com\/magazine365\/el-festival-de-merida-se-incorpora-a-la-red-nacional-de-teatros-publicos-y-certamenes\/","name":"El Festival de M\u00e9rida se incorpora a La Red nacional de teatros p\u00fablicos y cert\u00e1menes | El Digital de Asturias","description":"El Festival Internacional de Teatro Cl\u00e1sico de M\u00e9rida se ha incorporado a La Red Espa\u00f1ola de Teatros, Auditorios, Circuitos y Festivales de Titularidad P\u00fablica, conocida popularmente como La Red. Esta asociaci\u00f3n sin \u00e1nimo de lucro, que aglutina al gran parte del sector de las artes esc\u00e9nicas del territorio nacional, funciona desde al a\u00f1o 2000 sostenida","inLanguage":"es-ES","isPartOf":{"@id":"https:\/\/eldigitaldeasturias.com\/magazine365\/#website"},"breadcrumb":{"@id":"https:\/\/eldigitaldeasturias.com\/magazine365\/el-festival-de-merida-se-incorpora-a-la-red-nacional-de-teatros-publicos-y-certamenes\/#breadcrumblist"},"author":{"@id":"https:\/\/eldigitaldeasturias.com\/magazine365\/author\/admin\/#author"},"creator":{"@id":"https:\/\/eldigitaldeasturias.com\/magazine365\/author\/admin\/#author"},"image":{"@type":"ImageObject","url":"https:\/\/eldigitaldeasturias.com\/magazine365\/wp-content\/uploads\/2016\/07\/fotonoticia_20160701122850_800.jpg","@id":"https:\/\/eldigitaldeasturias.com\/magazine365\/el-festival-de-merida-se-incorpora-a-la-red-nacional-de-teatros-publicos-y-certamenes\/#mainImage","width":800,"height":600},"primaryImageOfPage":{"@id":"https:\/\/eldigitaldeasturias.com\/magazine365\/el-festival-de-merida-se-incorpora-a-la-red-nacional-de-teatros-publicos-y-certamenes\/#mainImage"},"datePublished":"2016-07-02T00:24:00+02:00","dateModified":"2016-07-02T00:24:00+02:00"},{"@type":"WebSite","@id":"https:\/\/eldigitaldeasturias.com\/magazine365\/#website","url":"https:\/\/eldigitaldeasturias.com\/magazine365\/","name":"El Digital de Asturias","description":"Revista de ocio, turismo y estilo de vida","inLanguage":"es-ES","publisher":{"@id":"https:\/\/eldigitaldeasturias.com\/magazine365\/#organization"}}]},"og:locale":"es_ES","og:site_name":"El Digital de Asturias \u2013 Revista de ocio, turismo y estilo de vida","og:type":"article","og:title":"El Festival de M\u00e9rida se incorpora a La Red nacional de teatros p\u00fablicos y cert\u00e1menes | El Digital de Asturias","og:description":"El Festival Internacional de Teatro Cl\u00e1sico de M\u00e9rida se ha incorporado a La Red Espa\u00f1ola de Teatros, Auditorios, Circuitos y Festivales de Titularidad P\u00fablica, conocida popularmente como La Red. Esta asociaci\u00f3n sin \u00e1nimo de lucro, que aglutina al gran parte del sector de las artes esc\u00e9nicas del territorio nacional, funciona desde al a\u00f1o 2000 sostenida","og:url":"https:\/\/eldigitaldeasturias.com\/magazine365\/el-festival-de-merida-se-incorpora-a-la-red-nacional-de-teatros-publicos-y-certamenes\/","og:image":"https:\/\/eldigitaldeasturias.com\/magazine365\/wp-content\/uploads\/2016\/07\/fotonoticia_20160701122850_800.jpg","og:image:secure_url":"https:\/\/eldigitaldeasturias.com\/magazine365\/wp-content\/uploads\/2016\/07\/fotonoticia_20160701122850_800.jpg","og:image:width":800,"og:image:height":600,"article:published_time":"2016-07-01T22:24:00+00:00","article:modified_time":"2016-07-01T22:24:00+00:00","twitter:card":"summary_large_image","twitter:title":"El Festival de M\u00e9rida se incorpora a La Red nacional de teatros p\u00fablicos y cert\u00e1menes | El Digital de Asturias","twitter:description":"El Festival Internacional de Teatro Cl\u00e1sico de M\u00e9rida se ha incorporado a La Red Espa\u00f1ola de Teatros, Auditorios, Circuitos y Festivales de Titularidad P\u00fablica, conocida popularmente como La Red. Esta asociaci\u00f3n sin \u00e1nimo de lucro, que aglutina al gran parte del sector de las artes esc\u00e9nicas del territorio nacional, funciona desde al a\u00f1o 2000 sostenida","twitter:image":"https:\/\/eldigitaldeasturias.com\/magazine365\/wp-content\/uploads\/2016\/07\/fotonoticia_20160701122850_800.jpg"},"aioseo_meta_data":{"post_id":"81395","title":null,"description":null,"keywords":null,"keyphrases":null,"primary_term":null,"canonical_url":null,"og_title":null,"og_description":null,"og_object_type":"default","og_image_type":"default","og_image_url":null,"og_image_width":null,"og_image_height":null,"og_image_custom_url":null,"og_image_custom_fields":null,"og_video":null,"og_custom_url":null,"og_article_section":null,"og_article_tags":null,"twitter_use_og":false,"twitter_card":"default","twitter_image_type":"default","twitter_image_url":null,"twitter_image_custom_url":null,"twitter_image_custom_fields":null,"twitter_title":null,"twitter_description":null,"schema":{"blockGraphs":[],"customGraphs":[],"default":{"data":{"Article":[],"Course":[],"Dataset":[],"FAQPage":[],"Movie":[],"Person":[],"Product":[],"ProductReview":[],"Car":[],"Recipe":[],"Service":[],"SoftwareApplication":[],"WebPage":[]},"graphName":"","isEnabled":true},"graphs":[],"defaultGraph":"","defaultPostTypeGraph":""},"schema_type":null,"schema_type_options":null,"pillar_content":false,"robots_default":true,"robots_noindex":false,"robots_noarchive":false,"robots_nosnippet":false,"robots_nofollow":false,"robots_noimageindex":false,"robots_noodp":false,"robots_notranslate":false,"robots_max_snippet":null,"robots_max_videopreview":null,"robots_max_imagepreview":"large","priority":null,"frequency":null,"location":null,"local_seo":null,"seo_analyzer_scan_date":"2025-09-27 22:48:42","breadcrumb_settings":null,"limit_modified_date":false,"open_ai":null,"ai":null,"created":"2021-03-08 17:18:58","updated":"2025-09-27 22:48:42"},"aioseo_breadcrumb":"<div class=\"aioseo-breadcrumbs\"><span class=\"aioseo-breadcrumb\">\n\t<a href=\"https:\/\/eldigitaldeasturias.com\/magazine365\" title=\"Home\">Home<\/a>\n<\/span><span class=\"aioseo-breadcrumb-separator\">\u2013<\/span><span class=\"aioseo-breadcrumb\">\n\t<a href=\"https:\/\/eldigitaldeasturias.com\/magazine365\/category\/noticias-actualidad\/\" title=\"Noticias y Actualidad\">Noticias y Actualidad<\/a>\n<\/span><span class=\"aioseo-breadcrumb-separator\">\u2013<\/span><span class=\"aioseo-breadcrumb\">\n\t<a href=\"https:\/\/eldigitaldeasturias.com\/magazine365\/el-festival-de-merida-se-incorpora-a-la-red-nacional-de-teatros-publicos-y-certamenes\/\" title=\"El Festival de M\u00e9rida se incorpora a La Red nacional de teatros p\u00fablicos y cert\u00e1menes\">El Festival de M\u00e9rida se incorpora a La Red nacional de teatros p\u00fablicos y cert\u00e1menes<\/a>\n<\/span><\/div>","aioseo_breadcrumb_json":[{"label":"Home","link":"https:\/\/eldigitaldeasturias.com\/magazine365"},{"label":"Noticias y Actualidad","link":"https:\/\/eldigitaldeasturias.com\/magazine365\/category\/noticias-actualidad\/"},{"label":"El Festival de M\u00e9rida se incorpora a La Red nacional de teatros p\u00fablicos y cert\u00e1menes","link":"https:\/\/eldigitaldeasturias.com\/magazine365\/el-festival-de-merida-se-incorpora-a-la-red-nacional-de-teatros-publicos-y-certamenes\/"}],"_links":{"self":[{"href":"https:\/\/eldigitaldeasturias.com\/magazine365\/wp-json\/wp\/v2\/posts\/81395","targetHints":{"allow":["GET"]}}],"collection":[{"href":"https:\/\/eldigitaldeasturias.com\/magazine365\/wp-json\/wp\/v2\/posts"}],"about":[{"href":"https:\/\/eldigitaldeasturias.com\/magazine365\/wp-json\/wp\/v2\/types\/post"}],"author":[{"embeddable":true,"href":"https:\/\/eldigitaldeasturias.com\/magazine365\/wp-json\/wp\/v2\/users\/1"}],"replies":[{"embeddable":true,"href":"https:\/\/eldigitaldeasturias.com\/magazine365\/wp-json\/wp\/v2\/comments?post=81395"}],"version-history":[{"count":0,"href":"https:\/\/eldigitaldeasturias.com\/magazine365\/wp-json\/wp\/v2\/posts\/81395\/revisions"}],"wp:featuredmedia":[{"embeddable":true,"href":"https:\/\/eldigitaldeasturias.com\/magazine365\/wp-json\/wp\/v2\/media\/81396"}],"wp:attachment":[{"href":"https:\/\/eldigitaldeasturias.com\/magazine365\/wp-json\/wp\/v2\/media?parent=81395"}],"wp:term":[{"taxonomy":"category","embeddable":true,"href":"https:\/\/eldigitaldeasturias.com\/magazine365\/wp-json\/wp\/v2\/categories?post=81395"},{"taxonomy":"post_tag","embeddable":true,"href":"https:\/\/eldigitaldeasturias.com\/magazine365\/wp-json\/wp\/v2\/tags?post=81395"}],"curies":[{"name":"wp","href":"https:\/\/api.w.org\/{rel}","templated":true}]}}