{"id":81380,"date":"2016-07-01T23:34:02","date_gmt":"2016-07-01T21:34:02","guid":{"rendered":"http:\/\/eldigitaldeasturias.com\/magazine365\/?p=81380"},"modified":"2016-07-01T23:34:02","modified_gmt":"2016-07-01T21:34:02","slug":"vueling-cancela-cinco-vuelos-y-registra-retrasos-en-la-mayoria-de-vuelos-de-el-prat","status":"publish","type":"post","link":"https:\/\/eldigitaldeasturias.com\/magazine365\/vueling-cancela-cinco-vuelos-y-registra-retrasos-en-la-mayoria-de-vuelos-de-el-prat\/","title":{"rendered":"Vueling cancela cinco vuelos y registra retrasos en la mayor\u00eda de vuelos de El Prat"},"content":{"rendered":"<p><img fetchpriority=\"high\" decoding=\"async\" class=\"alignleft size-medium wp-image-81381\" src=\"https:\/\/eldigitaldeasturias.com\/magazine365\/wp-content\/uploads\/2016\/07\/fotonoticia_20160701113547_800-360x241.jpg\" alt=\"fotonoticia_20160701113547_800\" width=\"360\" height=\"241\" srcset=\"https:\/\/eldigitaldeasturias.com\/magazine365\/wp-content\/uploads\/2016\/07\/fotonoticia_20160701113547_800-360x241.jpg 360w, https:\/\/eldigitaldeasturias.com\/magazine365\/wp-content\/uploads\/2016\/07\/fotonoticia_20160701113547_800-650x436.jpg 650w, https:\/\/eldigitaldeasturias.com\/magazine365\/wp-content\/uploads\/2016\/07\/fotonoticia_20160701113547_800-768x515.jpg 768w, https:\/\/eldigitaldeasturias.com\/magazine365\/wp-content\/uploads\/2016\/07\/fotonoticia_20160701113547_800-150x101.jpg 150w, https:\/\/eldigitaldeasturias.com\/magazine365\/wp-content\/uploads\/2016\/07\/fotonoticia_20160701113547_800-450x302.jpg 450w, https:\/\/eldigitaldeasturias.com\/magazine365\/wp-content\/uploads\/2016\/07\/fotonoticia_20160701113547_800.jpg 800w\" sizes=\"(max-width: 360px) 100vw, 360px\" \/>Vueling, la principal compa\u00f1\u00eda del Aeropuerto de Barcelona-El Prat, ha cancelado cinco vuelos en esta instalaci\u00f3n este viernes y registra retrasos en la mayor\u00eda de sus operaciones, que en algunos vuelos llegan a superar las tres horas de demora.<\/p>\n<p>Seg\u00fan la informaci\u00f3n de las pantallas de Aena del aeropuerto de El Prat, Vueling ha cancelado dos vuelos de salida en direcci\u00f3n a M\u00e1laga y a Par\u00eds y tres llegadas procedentes de Alicante, Granada y Kaz\u00e1n (Rusia).<\/p>\n<p>Adem\u00e1s, la mayor\u00eda de operaciones de la aerol\u00ednea registran retrasos que han superado las tres horas, como es el caso de un avi\u00f3n en direcci\u00f3n a Z\u00farich (Suiza) programado para las 7.00 horas y que ha despegado a las 10.17 horas.<\/p>\n<p>Ante los mostradores de Vueling en la terminal T-1 de El Prat se han acumulado pasajeros afectados por las cancelaciones, como es el caso de Manuel Sanchis, que ten\u00eda previsto viajar a M\u00e1laga y que ha criticado \u00abla falta de informaci\u00f3n y las m\u00e1s de dos horas de cola que hay que hacer para buscar una soluci\u00f3n\u00bb.<\/p>\n<p>Otra pasajera afectada por la cancelaci\u00f3n del vuelo a M\u00e1laga, Bony Abecas\u00eds, ha relatado que vive en Andorra y que ten\u00eda previsto asistir a una boda a las 19.00 horas en Marbella: \u00abLo \u00fanico que quiero es que me devuelvan el dinero porque ya no llego a tiempo a la boda\u00bb, ha lamentado.<\/p>\n<p>MOSSOS D&#8217;ESQUADRA<\/p>\n<p>Seg\u00fan han informado los Mossos d&#8217;Esquadra a Europa Press, varios agentes han acudido esta noche al aeropuerto para \u00abevitar un altercado\u00bb debido a la cantidad de pasajeros que han quedado en tierra.<\/p>\n<p>En los \u00faltimos d\u00edas, la Agencia Catalana de Consumo ha enviado un requerimiento a Vueling para que le informe de las causas de los problemas con sus vuelos en el Barcelona, as\u00ed como de las medidas que est\u00e1 tomando para atender a los viajeros afectados, y la Conselleria de Empresa y Conocimiento ha solicitado el n\u00famero de vuelos y pasajeros afectados.<\/p>\n<p>Para mejorar su operativa durante los meses de verano, la aerol\u00ednea ha asegurado que incorporar\u00e1 nuevos tripulantes de cara a julio y est\u00e1 trabajando en mejoras en los procesos de embarque y en aumentar el tiempo de escala, entre otras medidas.<\/p>\n","protected":false},"excerpt":{"rendered":"<p>Vueling, la principal compa\u00f1\u00eda del Aeropuerto de Barcelona-El Prat, ha cancelado cinco vuelos en esta instalaci\u00f3n este viernes y registra retrasos en la mayor\u00eda de sus operaciones, que en algunos vuelos llegan a superar las tres horas de demora. Seg\u00fan la informaci\u00f3n de las pantallas de Aena del aeropuerto de El Prat, Vueling ha cancelado<\/p>\n","protected":false},"author":1,"featured_media":81381,"comment_status":"open","ping_status":"closed","sticky":false,"template":"","format":"standard","meta":{"footnotes":""},"categories":[224],"tags":[],"class_list":{"0":"post-81380","1":"post","2":"type-post","3":"status-publish","4":"format-standard","5":"has-post-thumbnail","7":"category-noticias-actualidad"},"aioseo_notices":[],"aioseo_head":"\n\t\t<!-- All in One SEO Pro 4.9.6.1 - aioseo.com -->\n\t<meta name=\"description\" content=\"Vueling, la principal compa\u00f1\u00eda del Aeropuerto de Barcelona-El Prat, ha cancelado cinco vuelos en esta instalaci\u00f3n este viernes y registra retrasos en la mayor\u00eda de sus operaciones, que en algunos vuelos llegan a superar las tres horas de demora. Seg\u00fan la informaci\u00f3n de las pantallas de Aena del aeropuerto de El Prat, Vueling ha cancelado\" \/>\n\t<meta name=\"robots\" content=\"max-image-preview:large\" \/>\n\t<meta name=\"author\" content=\"admin\"\/>\n\t<meta name=\"google-site-verification\" content=\"UA-38556648-1\" \/>\n\t<meta name=\"keywords\" content=\"noticias y actualidad\" \/>\n\t<link rel=\"canonical\" href=\"https:\/\/eldigitaldeasturias.com\/magazine365\/vueling-cancela-cinco-vuelos-y-registra-retrasos-en-la-mayoria-de-vuelos-de-el-prat\/\" \/>\n\t<meta name=\"generator\" content=\"All in One SEO Pro (AIOSEO) 4.9.6.1\" \/>\n\t\t<meta property=\"og:locale\" content=\"es_ES\" \/>\n\t\t<meta property=\"og:site_name\" content=\"El Digital de Asturias \u2013 Revista de ocio, turismo y estilo de vida\" \/>\n\t\t<meta property=\"og:type\" content=\"article\" \/>\n\t\t<meta property=\"og:title\" content=\"Vueling cancela cinco vuelos y registra retrasos en la mayor\u00eda de vuelos de El Prat | El Digital de Asturias\" \/>\n\t\t<meta property=\"og:description\" content=\"Vueling, la principal compa\u00f1\u00eda del Aeropuerto de Barcelona-El Prat, ha cancelado cinco vuelos en esta instalaci\u00f3n este viernes y registra retrasos en la mayor\u00eda de sus operaciones, que en algunos vuelos llegan a superar las tres horas de demora. Seg\u00fan la informaci\u00f3n de las pantallas de Aena del aeropuerto de El Prat, Vueling ha cancelado\" \/>\n\t\t<meta property=\"og:url\" content=\"https:\/\/eldigitaldeasturias.com\/magazine365\/vueling-cancela-cinco-vuelos-y-registra-retrasos-en-la-mayoria-de-vuelos-de-el-prat\/\" \/>\n\t\t<meta property=\"og:image\" content=\"https:\/\/eldigitaldeasturias.com\/magazine365\/wp-content\/uploads\/2016\/07\/fotonoticia_20160701113547_800.jpg\" \/>\n\t\t<meta property=\"og:image:secure_url\" content=\"https:\/\/eldigitaldeasturias.com\/magazine365\/wp-content\/uploads\/2016\/07\/fotonoticia_20160701113547_800.jpg\" \/>\n\t\t<meta property=\"og:image:width\" content=\"800\" \/>\n\t\t<meta property=\"og:image:height\" content=\"536\" \/>\n\t\t<meta property=\"article:published_time\" content=\"2016-07-01T21:34:02+00:00\" \/>\n\t\t<meta property=\"article:modified_time\" content=\"2016-07-01T21:34:02+00:00\" \/>\n\t\t<meta name=\"twitter:card\" content=\"summary_large_image\" \/>\n\t\t<meta name=\"twitter:title\" content=\"Vueling cancela cinco vuelos y registra retrasos en la mayor\u00eda de vuelos de El Prat | El Digital de Asturias\" \/>\n\t\t<meta name=\"twitter:description\" content=\"Vueling, la principal compa\u00f1\u00eda del Aeropuerto de Barcelona-El Prat, ha cancelado cinco vuelos en esta instalaci\u00f3n este viernes y registra retrasos en la mayor\u00eda de sus operaciones, que en algunos vuelos llegan a superar las tres horas de demora. Seg\u00fan la informaci\u00f3n de las pantallas de Aena del aeropuerto de El Prat, Vueling ha cancelado\" \/>\n\t\t<meta name=\"twitter:image\" content=\"https:\/\/eldigitaldeasturias.com\/magazine365\/wp-content\/uploads\/2016\/07\/fotonoticia_20160701113547_800.jpg\" \/>\n\t\t<script type=\"application\/ld+json\" class=\"aioseo-schema\">\n\t\t\t{\"@context\":\"https:\\\/\\\/schema.org\",\"@graph\":[{\"@type\":\"Article\",\"@id\":\"https:\\\/\\\/eldigitaldeasturias.com\\\/magazine365\\\/vueling-cancela-cinco-vuelos-y-registra-retrasos-en-la-mayoria-de-vuelos-de-el-prat\\\/#article\",\"name\":\"Vueling cancela cinco vuelos y registra retrasos en la mayor\\u00eda de vuelos de El Prat | El Digital de Asturias\",\"headline\":\"Vueling cancela cinco vuelos y registra retrasos en la mayor\\u00eda de vuelos de El Prat\",\"author\":{\"@id\":\"https:\\\/\\\/eldigitaldeasturias.com\\\/magazine365\\\/author\\\/admin\\\/#author\"},\"publisher\":{\"@id\":\"https:\\\/\\\/eldigitaldeasturias.com\\\/magazine365\\\/#organization\"},\"image\":{\"@type\":\"ImageObject\",\"url\":\"https:\\\/\\\/eldigitaldeasturias.com\\\/magazine365\\\/wp-content\\\/uploads\\\/2016\\\/07\\\/fotonoticia_20160701113547_800.jpg\",\"width\":800,\"height\":536},\"datePublished\":\"2016-07-01T23:34:02+02:00\",\"dateModified\":\"2016-07-01T23:34:02+02:00\",\"inLanguage\":\"es-ES\",\"mainEntityOfPage\":{\"@id\":\"https:\\\/\\\/eldigitaldeasturias.com\\\/magazine365\\\/vueling-cancela-cinco-vuelos-y-registra-retrasos-en-la-mayoria-de-vuelos-de-el-prat\\\/#webpage\"},\"isPartOf\":{\"@id\":\"https:\\\/\\\/eldigitaldeasturias.com\\\/magazine365\\\/vueling-cancela-cinco-vuelos-y-registra-retrasos-en-la-mayoria-de-vuelos-de-el-prat\\\/#webpage\"},\"articleSection\":\"Noticias y Actualidad\"},{\"@type\":\"BreadcrumbList\",\"@id\":\"https:\\\/\\\/eldigitaldeasturias.com\\\/magazine365\\\/vueling-cancela-cinco-vuelos-y-registra-retrasos-en-la-mayoria-de-vuelos-de-el-prat\\\/#breadcrumblist\",\"itemListElement\":[{\"@type\":\"ListItem\",\"@id\":\"https:\\\/\\\/eldigitaldeasturias.com\\\/magazine365#listItem\",\"position\":1,\"name\":\"Home\",\"item\":\"https:\\\/\\\/eldigitaldeasturias.com\\\/magazine365\",\"nextItem\":{\"@type\":\"ListItem\",\"@id\":\"https:\\\/\\\/eldigitaldeasturias.com\\\/magazine365\\\/category\\\/noticias-actualidad\\\/#listItem\",\"name\":\"Noticias y Actualidad\"}},{\"@type\":\"ListItem\",\"@id\":\"https:\\\/\\\/eldigitaldeasturias.com\\\/magazine365\\\/category\\\/noticias-actualidad\\\/#listItem\",\"position\":2,\"name\":\"Noticias y Actualidad\",\"item\":\"https:\\\/\\\/eldigitaldeasturias.com\\\/magazine365\\\/category\\\/noticias-actualidad\\\/\",\"nextItem\":{\"@type\":\"ListItem\",\"@id\":\"https:\\\/\\\/eldigitaldeasturias.com\\\/magazine365\\\/vueling-cancela-cinco-vuelos-y-registra-retrasos-en-la-mayoria-de-vuelos-de-el-prat\\\/#listItem\",\"name\":\"Vueling cancela cinco vuelos y registra retrasos en la mayor\\u00eda de vuelos de El Prat\"},\"previousItem\":{\"@type\":\"ListItem\",\"@id\":\"https:\\\/\\\/eldigitaldeasturias.com\\\/magazine365#listItem\",\"name\":\"Home\"}},{\"@type\":\"ListItem\",\"@id\":\"https:\\\/\\\/eldigitaldeasturias.com\\\/magazine365\\\/vueling-cancela-cinco-vuelos-y-registra-retrasos-en-la-mayoria-de-vuelos-de-el-prat\\\/#listItem\",\"position\":3,\"name\":\"Vueling cancela cinco vuelos y registra retrasos en la mayor\\u00eda de vuelos de El Prat\",\"previousItem\":{\"@type\":\"ListItem\",\"@id\":\"https:\\\/\\\/eldigitaldeasturias.com\\\/magazine365\\\/category\\\/noticias-actualidad\\\/#listItem\",\"name\":\"Noticias y Actualidad\"}}]},{\"@type\":\"Organization\",\"@id\":\"https:\\\/\\\/eldigitaldeasturias.com\\\/magazine365\\\/#organization\",\"name\":\"El digital de Asturias\",\"description\":\"Revista de ocio, turismo y estilo de vida\",\"url\":\"https:\\\/\\\/eldigitaldeasturias.com\\\/magazine365\\\/\",\"logo\":{\"@type\":\"ImageObject\",\"url\":\"https:\\\/\\\/www.eldigitaldeasturias.com\\\/noticias\\\/wp-content\\\/uploads\\\/2020\\\/12\\\/EDA.jpg\",\"@id\":\"https:\\\/\\\/eldigitaldeasturias.com\\\/magazine365\\\/vueling-cancela-cinco-vuelos-y-registra-retrasos-en-la-mayoria-de-vuelos-de-el-prat\\\/#organizationLogo\"},\"image\":{\"@id\":\"https:\\\/\\\/eldigitaldeasturias.com\\\/magazine365\\\/vueling-cancela-cinco-vuelos-y-registra-retrasos-en-la-mayoria-de-vuelos-de-el-prat\\\/#organizationLogo\"}},{\"@type\":\"Person\",\"@id\":\"https:\\\/\\\/eldigitaldeasturias.com\\\/magazine365\\\/author\\\/admin\\\/#author\",\"url\":\"https:\\\/\\\/eldigitaldeasturias.com\\\/magazine365\\\/author\\\/admin\\\/\",\"name\":\"admin\",\"image\":{\"@type\":\"ImageObject\",\"@id\":\"https:\\\/\\\/eldigitaldeasturias.com\\\/magazine365\\\/vueling-cancela-cinco-vuelos-y-registra-retrasos-en-la-mayoria-de-vuelos-de-el-prat\\\/#authorImage\",\"url\":\"https:\\\/\\\/eldigitaldeasturias.com\\\/magazine365\\\/wp-content\\\/litespeed\\\/avatar\\\/e571bcf59a0edd6fa6838245a470f2fe.jpg?ver=1776969259\",\"width\":96,\"height\":96,\"caption\":\"admin\"}},{\"@type\":\"WebPage\",\"@id\":\"https:\\\/\\\/eldigitaldeasturias.com\\\/magazine365\\\/vueling-cancela-cinco-vuelos-y-registra-retrasos-en-la-mayoria-de-vuelos-de-el-prat\\\/#webpage\",\"url\":\"https:\\\/\\\/eldigitaldeasturias.com\\\/magazine365\\\/vueling-cancela-cinco-vuelos-y-registra-retrasos-en-la-mayoria-de-vuelos-de-el-prat\\\/\",\"name\":\"Vueling cancela cinco vuelos y registra retrasos en la mayor\\u00eda de vuelos de El Prat | El Digital de Asturias\",\"description\":\"Vueling, la principal compa\\u00f1\\u00eda del Aeropuerto de Barcelona-El Prat, ha cancelado cinco vuelos en esta instalaci\\u00f3n este viernes y registra retrasos en la mayor\\u00eda de sus operaciones, que en algunos vuelos llegan a superar las tres horas de demora. Seg\\u00fan la informaci\\u00f3n de las pantallas de Aena del aeropuerto de El Prat, Vueling ha cancelado\",\"inLanguage\":\"es-ES\",\"isPartOf\":{\"@id\":\"https:\\\/\\\/eldigitaldeasturias.com\\\/magazine365\\\/#website\"},\"breadcrumb\":{\"@id\":\"https:\\\/\\\/eldigitaldeasturias.com\\\/magazine365\\\/vueling-cancela-cinco-vuelos-y-registra-retrasos-en-la-mayoria-de-vuelos-de-el-prat\\\/#breadcrumblist\"},\"author\":{\"@id\":\"https:\\\/\\\/eldigitaldeasturias.com\\\/magazine365\\\/author\\\/admin\\\/#author\"},\"creator\":{\"@id\":\"https:\\\/\\\/eldigitaldeasturias.com\\\/magazine365\\\/author\\\/admin\\\/#author\"},\"image\":{\"@type\":\"ImageObject\",\"url\":\"https:\\\/\\\/eldigitaldeasturias.com\\\/magazine365\\\/wp-content\\\/uploads\\\/2016\\\/07\\\/fotonoticia_20160701113547_800.jpg\",\"@id\":\"https:\\\/\\\/eldigitaldeasturias.com\\\/magazine365\\\/vueling-cancela-cinco-vuelos-y-registra-retrasos-en-la-mayoria-de-vuelos-de-el-prat\\\/#mainImage\",\"width\":800,\"height\":536},\"primaryImageOfPage\":{\"@id\":\"https:\\\/\\\/eldigitaldeasturias.com\\\/magazine365\\\/vueling-cancela-cinco-vuelos-y-registra-retrasos-en-la-mayoria-de-vuelos-de-el-prat\\\/#mainImage\"},\"datePublished\":\"2016-07-01T23:34:02+02:00\",\"dateModified\":\"2016-07-01T23:34:02+02:00\"},{\"@type\":\"WebSite\",\"@id\":\"https:\\\/\\\/eldigitaldeasturias.com\\\/magazine365\\\/#website\",\"url\":\"https:\\\/\\\/eldigitaldeasturias.com\\\/magazine365\\\/\",\"name\":\"El Digital de Asturias\",\"description\":\"Revista de ocio, turismo y estilo de vida\",\"inLanguage\":\"es-ES\",\"publisher\":{\"@id\":\"https:\\\/\\\/eldigitaldeasturias.com\\\/magazine365\\\/#organization\"}}]}\n\t\t<\/script>\n\t\t<!-- All in One SEO Pro -->\r\n\t\t<title>Vueling cancela cinco vuelos y registra retrasos en la mayor\u00eda de vuelos de El Prat | El Digital de Asturias<\/title>\n\n","aioseo_head_json":{"title":"Vueling cancela cinco vuelos y registra retrasos en la mayor\u00eda de vuelos de El Prat | El Digital de Asturias","description":"Vueling, la principal compa\u00f1\u00eda del Aeropuerto de Barcelona-El Prat, ha cancelado cinco vuelos en esta instalaci\u00f3n este viernes y registra retrasos en la mayor\u00eda de sus operaciones, que en algunos vuelos llegan a superar las tres horas de demora. Seg\u00fan la informaci\u00f3n de las pantallas de Aena del aeropuerto de El Prat, Vueling ha cancelado","canonical_url":"https:\/\/eldigitaldeasturias.com\/magazine365\/vueling-cancela-cinco-vuelos-y-registra-retrasos-en-la-mayoria-de-vuelos-de-el-prat\/","robots":"max-image-preview:large","keywords":"noticias y actualidad","webmasterTools":{"google-site-verification":"UA-38556648-1","miscellaneous":""},"schema":{"@context":"https:\/\/schema.org","@graph":[{"@type":"Article","@id":"https:\/\/eldigitaldeasturias.com\/magazine365\/vueling-cancela-cinco-vuelos-y-registra-retrasos-en-la-mayoria-de-vuelos-de-el-prat\/#article","name":"Vueling cancela cinco vuelos y registra retrasos en la mayor\u00eda de vuelos de El Prat | El Digital de Asturias","headline":"Vueling cancela cinco vuelos y registra retrasos en la mayor\u00eda de vuelos de El Prat","author":{"@id":"https:\/\/eldigitaldeasturias.com\/magazine365\/author\/admin\/#author"},"publisher":{"@id":"https:\/\/eldigitaldeasturias.com\/magazine365\/#organization"},"image":{"@type":"ImageObject","url":"https:\/\/eldigitaldeasturias.com\/magazine365\/wp-content\/uploads\/2016\/07\/fotonoticia_20160701113547_800.jpg","width":800,"height":536},"datePublished":"2016-07-01T23:34:02+02:00","dateModified":"2016-07-01T23:34:02+02:00","inLanguage":"es-ES","mainEntityOfPage":{"@id":"https:\/\/eldigitaldeasturias.com\/magazine365\/vueling-cancela-cinco-vuelos-y-registra-retrasos-en-la-mayoria-de-vuelos-de-el-prat\/#webpage"},"isPartOf":{"@id":"https:\/\/eldigitaldeasturias.com\/magazine365\/vueling-cancela-cinco-vuelos-y-registra-retrasos-en-la-mayoria-de-vuelos-de-el-prat\/#webpage"},"articleSection":"Noticias y Actualidad"},{"@type":"BreadcrumbList","@id":"https:\/\/eldigitaldeasturias.com\/magazine365\/vueling-cancela-cinco-vuelos-y-registra-retrasos-en-la-mayoria-de-vuelos-de-el-prat\/#breadcrumblist","itemListElement":[{"@type":"ListItem","@id":"https:\/\/eldigitaldeasturias.com\/magazine365#listItem","position":1,"name":"Home","item":"https:\/\/eldigitaldeasturias.com\/magazine365","nextItem":{"@type":"ListItem","@id":"https:\/\/eldigitaldeasturias.com\/magazine365\/category\/noticias-actualidad\/#listItem","name":"Noticias y Actualidad"}},{"@type":"ListItem","@id":"https:\/\/eldigitaldeasturias.com\/magazine365\/category\/noticias-actualidad\/#listItem","position":2,"name":"Noticias y Actualidad","item":"https:\/\/eldigitaldeasturias.com\/magazine365\/category\/noticias-actualidad\/","nextItem":{"@type":"ListItem","@id":"https:\/\/eldigitaldeasturias.com\/magazine365\/vueling-cancela-cinco-vuelos-y-registra-retrasos-en-la-mayoria-de-vuelos-de-el-prat\/#listItem","name":"Vueling cancela cinco vuelos y registra retrasos en la mayor\u00eda de vuelos de El Prat"},"previousItem":{"@type":"ListItem","@id":"https:\/\/eldigitaldeasturias.com\/magazine365#listItem","name":"Home"}},{"@type":"ListItem","@id":"https:\/\/eldigitaldeasturias.com\/magazine365\/vueling-cancela-cinco-vuelos-y-registra-retrasos-en-la-mayoria-de-vuelos-de-el-prat\/#listItem","position":3,"name":"Vueling cancela cinco vuelos y registra retrasos en la mayor\u00eda de vuelos de El Prat","previousItem":{"@type":"ListItem","@id":"https:\/\/eldigitaldeasturias.com\/magazine365\/category\/noticias-actualidad\/#listItem","name":"Noticias y Actualidad"}}]},{"@type":"Organization","@id":"https:\/\/eldigitaldeasturias.com\/magazine365\/#organization","name":"El digital de Asturias","description":"Revista de ocio, turismo y estilo de vida","url":"https:\/\/eldigitaldeasturias.com\/magazine365\/","logo":{"@type":"ImageObject","url":"https:\/\/www.eldigitaldeasturias.com\/noticias\/wp-content\/uploads\/2020\/12\/EDA.jpg","@id":"https:\/\/eldigitaldeasturias.com\/magazine365\/vueling-cancela-cinco-vuelos-y-registra-retrasos-en-la-mayoria-de-vuelos-de-el-prat\/#organizationLogo"},"image":{"@id":"https:\/\/eldigitaldeasturias.com\/magazine365\/vueling-cancela-cinco-vuelos-y-registra-retrasos-en-la-mayoria-de-vuelos-de-el-prat\/#organizationLogo"}},{"@type":"Person","@id":"https:\/\/eldigitaldeasturias.com\/magazine365\/author\/admin\/#author","url":"https:\/\/eldigitaldeasturias.com\/magazine365\/author\/admin\/","name":"admin","image":{"@type":"ImageObject","@id":"https:\/\/eldigitaldeasturias.com\/magazine365\/vueling-cancela-cinco-vuelos-y-registra-retrasos-en-la-mayoria-de-vuelos-de-el-prat\/#authorImage","url":"https:\/\/eldigitaldeasturias.com\/magazine365\/wp-content\/litespeed\/avatar\/e571bcf59a0edd6fa6838245a470f2fe.jpg?ver=1776969259","width":96,"height":96,"caption":"admin"}},{"@type":"WebPage","@id":"https:\/\/eldigitaldeasturias.com\/magazine365\/vueling-cancela-cinco-vuelos-y-registra-retrasos-en-la-mayoria-de-vuelos-de-el-prat\/#webpage","url":"https:\/\/eldigitaldeasturias.com\/magazine365\/vueling-cancela-cinco-vuelos-y-registra-retrasos-en-la-mayoria-de-vuelos-de-el-prat\/","name":"Vueling cancela cinco vuelos y registra retrasos en la mayor\u00eda de vuelos de El Prat | El Digital de Asturias","description":"Vueling, la principal compa\u00f1\u00eda del Aeropuerto de Barcelona-El Prat, ha cancelado cinco vuelos en esta instalaci\u00f3n este viernes y registra retrasos en la mayor\u00eda de sus operaciones, que en algunos vuelos llegan a superar las tres horas de demora. Seg\u00fan la informaci\u00f3n de las pantallas de Aena del aeropuerto de El Prat, Vueling ha cancelado","inLanguage":"es-ES","isPartOf":{"@id":"https:\/\/eldigitaldeasturias.com\/magazine365\/#website"},"breadcrumb":{"@id":"https:\/\/eldigitaldeasturias.com\/magazine365\/vueling-cancela-cinco-vuelos-y-registra-retrasos-en-la-mayoria-de-vuelos-de-el-prat\/#breadcrumblist"},"author":{"@id":"https:\/\/eldigitaldeasturias.com\/magazine365\/author\/admin\/#author"},"creator":{"@id":"https:\/\/eldigitaldeasturias.com\/magazine365\/author\/admin\/#author"},"image":{"@type":"ImageObject","url":"https:\/\/eldigitaldeasturias.com\/magazine365\/wp-content\/uploads\/2016\/07\/fotonoticia_20160701113547_800.jpg","@id":"https:\/\/eldigitaldeasturias.com\/magazine365\/vueling-cancela-cinco-vuelos-y-registra-retrasos-en-la-mayoria-de-vuelos-de-el-prat\/#mainImage","width":800,"height":536},"primaryImageOfPage":{"@id":"https:\/\/eldigitaldeasturias.com\/magazine365\/vueling-cancela-cinco-vuelos-y-registra-retrasos-en-la-mayoria-de-vuelos-de-el-prat\/#mainImage"},"datePublished":"2016-07-01T23:34:02+02:00","dateModified":"2016-07-01T23:34:02+02:00"},{"@type":"WebSite","@id":"https:\/\/eldigitaldeasturias.com\/magazine365\/#website","url":"https:\/\/eldigitaldeasturias.com\/magazine365\/","name":"El Digital de Asturias","description":"Revista de ocio, turismo y estilo de vida","inLanguage":"es-ES","publisher":{"@id":"https:\/\/eldigitaldeasturias.com\/magazine365\/#organization"}}]},"og:locale":"es_ES","og:site_name":"El Digital de Asturias \u2013 Revista de ocio, turismo y estilo de vida","og:type":"article","og:title":"Vueling cancela cinco vuelos y registra retrasos en la mayor\u00eda de vuelos de El Prat | El Digital de Asturias","og:description":"Vueling, la principal compa\u00f1\u00eda del Aeropuerto de Barcelona-El Prat, ha cancelado cinco vuelos en esta instalaci\u00f3n este viernes y registra retrasos en la mayor\u00eda de sus operaciones, que en algunos vuelos llegan a superar las tres horas de demora. Seg\u00fan la informaci\u00f3n de las pantallas de Aena del aeropuerto de El Prat, Vueling ha cancelado","og:url":"https:\/\/eldigitaldeasturias.com\/magazine365\/vueling-cancela-cinco-vuelos-y-registra-retrasos-en-la-mayoria-de-vuelos-de-el-prat\/","og:image":"https:\/\/eldigitaldeasturias.com\/magazine365\/wp-content\/uploads\/2016\/07\/fotonoticia_20160701113547_800.jpg","og:image:secure_url":"https:\/\/eldigitaldeasturias.com\/magazine365\/wp-content\/uploads\/2016\/07\/fotonoticia_20160701113547_800.jpg","og:image:width":800,"og:image:height":536,"article:published_time":"2016-07-01T21:34:02+00:00","article:modified_time":"2016-07-01T21:34:02+00:00","twitter:card":"summary_large_image","twitter:title":"Vueling cancela cinco vuelos y registra retrasos en la mayor\u00eda de vuelos de El Prat | El Digital de Asturias","twitter:description":"Vueling, la principal compa\u00f1\u00eda del Aeropuerto de Barcelona-El Prat, ha cancelado cinco vuelos en esta instalaci\u00f3n este viernes y registra retrasos en la mayor\u00eda de sus operaciones, que en algunos vuelos llegan a superar las tres horas de demora. Seg\u00fan la informaci\u00f3n de las pantallas de Aena del aeropuerto de El Prat, Vueling ha cancelado","twitter:image":"https:\/\/eldigitaldeasturias.com\/magazine365\/wp-content\/uploads\/2016\/07\/fotonoticia_20160701113547_800.jpg"},"aioseo_meta_data":{"post_id":"81380","title":null,"description":null,"keywords":null,"keyphrases":null,"primary_term":null,"canonical_url":null,"og_title":null,"og_description":null,"og_object_type":"default","og_image_type":"default","og_image_url":null,"og_image_width":null,"og_image_height":null,"og_image_custom_url":null,"og_image_custom_fields":null,"og_video":null,"og_custom_url":null,"og_article_section":null,"og_article_tags":null,"twitter_use_og":false,"twitter_card":"default","twitter_image_type":"default","twitter_image_url":null,"twitter_image_custom_url":null,"twitter_image_custom_fields":null,"twitter_title":null,"twitter_description":null,"schema":{"blockGraphs":[],"customGraphs":[],"default":{"data":{"Article":[],"Course":[],"Dataset":[],"FAQPage":[],"Movie":[],"Person":[],"Product":[],"ProductReview":[],"Car":[],"Recipe":[],"Service":[],"SoftwareApplication":[],"WebPage":[]},"graphName":"","isEnabled":true},"graphs":[],"defaultGraph":"","defaultPostTypeGraph":""},"schema_type":null,"schema_type_options":null,"pillar_content":false,"robots_default":true,"robots_noindex":false,"robots_noarchive":false,"robots_nosnippet":false,"robots_nofollow":false,"robots_noimageindex":false,"robots_noodp":false,"robots_notranslate":false,"robots_max_snippet":null,"robots_max_videopreview":null,"robots_max_imagepreview":"large","priority":null,"frequency":null,"location":null,"local_seo":null,"seo_analyzer_scan_date":"2025-09-27 22:46:04","breadcrumb_settings":null,"limit_modified_date":false,"open_ai":null,"ai":null,"created":"2021-03-08 17:18:58","updated":"2025-09-27 22:46:04"},"aioseo_breadcrumb":"<div class=\"aioseo-breadcrumbs\"><span class=\"aioseo-breadcrumb\">\n\t<a href=\"https:\/\/eldigitaldeasturias.com\/magazine365\" title=\"Home\">Home<\/a>\n<\/span><span class=\"aioseo-breadcrumb-separator\">\u2013<\/span><span class=\"aioseo-breadcrumb\">\n\t<a href=\"https:\/\/eldigitaldeasturias.com\/magazine365\/category\/noticias-actualidad\/\" title=\"Noticias y Actualidad\">Noticias y Actualidad<\/a>\n<\/span><span class=\"aioseo-breadcrumb-separator\">\u2013<\/span><span class=\"aioseo-breadcrumb\">\n\t<a href=\"https:\/\/eldigitaldeasturias.com\/magazine365\/vueling-cancela-cinco-vuelos-y-registra-retrasos-en-la-mayoria-de-vuelos-de-el-prat\/\" title=\"Vueling cancela cinco vuelos y registra retrasos en la mayor\u00eda de vuelos de El Prat\">Vueling cancela cinco vuelos y registra retrasos en la mayor\u00eda de vuelos de El Prat<\/a>\n<\/span><\/div>","aioseo_breadcrumb_json":[{"label":"Home","link":"https:\/\/eldigitaldeasturias.com\/magazine365"},{"label":"Noticias y Actualidad","link":"https:\/\/eldigitaldeasturias.com\/magazine365\/category\/noticias-actualidad\/"},{"label":"Vueling cancela cinco vuelos y registra retrasos en la mayor\u00eda de vuelos de El Prat","link":"https:\/\/eldigitaldeasturias.com\/magazine365\/vueling-cancela-cinco-vuelos-y-registra-retrasos-en-la-mayoria-de-vuelos-de-el-prat\/"}],"_links":{"self":[{"href":"https:\/\/eldigitaldeasturias.com\/magazine365\/wp-json\/wp\/v2\/posts\/81380","targetHints":{"allow":["GET"]}}],"collection":[{"href":"https:\/\/eldigitaldeasturias.com\/magazine365\/wp-json\/wp\/v2\/posts"}],"about":[{"href":"https:\/\/eldigitaldeasturias.com\/magazine365\/wp-json\/wp\/v2\/types\/post"}],"author":[{"embeddable":true,"href":"https:\/\/eldigitaldeasturias.com\/magazine365\/wp-json\/wp\/v2\/users\/1"}],"replies":[{"embeddable":true,"href":"https:\/\/eldigitaldeasturias.com\/magazine365\/wp-json\/wp\/v2\/comments?post=81380"}],"version-history":[{"count":0,"href":"https:\/\/eldigitaldeasturias.com\/magazine365\/wp-json\/wp\/v2\/posts\/81380\/revisions"}],"wp:featuredmedia":[{"embeddable":true,"href":"https:\/\/eldigitaldeasturias.com\/magazine365\/wp-json\/wp\/v2\/media\/81381"}],"wp:attachment":[{"href":"https:\/\/eldigitaldeasturias.com\/magazine365\/wp-json\/wp\/v2\/media?parent=81380"}],"wp:term":[{"taxonomy":"category","embeddable":true,"href":"https:\/\/eldigitaldeasturias.com\/magazine365\/wp-json\/wp\/v2\/categories?post=81380"},{"taxonomy":"post_tag","embeddable":true,"href":"https:\/\/eldigitaldeasturias.com\/magazine365\/wp-json\/wp\/v2\/tags?post=81380"}],"curies":[{"name":"wp","href":"https:\/\/api.w.org\/{rel}","templated":true}]}}