{"id":81366,"date":"2016-07-01T23:24:08","date_gmt":"2016-07-01T21:24:08","guid":{"rendered":"http:\/\/eldigitaldeasturias.com\/magazine365\/?p=81366"},"modified":"2016-07-01T23:24:08","modified_gmt":"2016-07-01T21:24:08","slug":"hidalgo-dice-que-el-cierre-de-una-pista-de-barajas-seria-una-temeridad-absoluta","status":"publish","type":"post","link":"https:\/\/eldigitaldeasturias.com\/magazine365\/hidalgo-dice-que-el-cierre-de-una-pista-de-barajas-seria-una-temeridad-absoluta\/","title":{"rendered":"Hidalgo dice que el cierre de una pista de Barajas ser\u00eda \u00abuna temeridad absoluta\u00bb"},"content":{"rendered":"<p><img fetchpriority=\"high\" decoding=\"async\" class=\"alignleft size-medium wp-image-81367\" src=\"https:\/\/eldigitaldeasturias.com\/magazine365\/wp-content\/uploads\/2016\/07\/fotonoticia_20160701093451_800-360x297.jpg\" alt=\"fotonoticia_20160701093451_800\" width=\"360\" height=\"297\" srcset=\"https:\/\/eldigitaldeasturias.com\/magazine365\/wp-content\/uploads\/2016\/07\/fotonoticia_20160701093451_800-360x297.jpg 360w, https:\/\/eldigitaldeasturias.com\/magazine365\/wp-content\/uploads\/2016\/07\/fotonoticia_20160701093451_800-650x536.jpg 650w, https:\/\/eldigitaldeasturias.com\/magazine365\/wp-content\/uploads\/2016\/07\/fotonoticia_20160701093451_800-768x634.jpg 768w, https:\/\/eldigitaldeasturias.com\/magazine365\/wp-content\/uploads\/2016\/07\/fotonoticia_20160701093451_800-150x124.jpg 150w, https:\/\/eldigitaldeasturias.com\/magazine365\/wp-content\/uploads\/2016\/07\/fotonoticia_20160701093451_800-450x371.jpg 450w, https:\/\/eldigitaldeasturias.com\/magazine365\/wp-content\/uploads\/2016\/07\/fotonoticia_20160701093451_800-300x247.jpg 300w, https:\/\/eldigitaldeasturias.com\/magazine365\/wp-content\/uploads\/2016\/07\/fotonoticia_20160701093451_800.jpg 800w\" sizes=\"(max-width: 360px) 100vw, 360px\" \/>El presidente de Globalia, Juan Jos\u00e9 Hidalgo, ha se\u00f1alado este jueves que el cierre de una pista del aeropuerto Adolfo Su\u00e1rez Madrid-Barajas ser\u00eda \u00abuna temeridad absoluta\u00bb.<\/p>\n<p>\u00abSer\u00eda una temeridad absoluta que se le quitara la proyecci\u00f3n al aeropuerto de Madrid, que las compa\u00f1\u00edas tuvieran que reducir las operaciones que estamos haciendo\u00bb, ha recalcado, de cara al inminente fallo del Tribunal Supremo sobre la reclamaci\u00f3n de varios vecinos de la urbanizaci\u00f3n de Santo Domingo.<\/p>\n<p>\u00abHoy Madrid, con cuatro pistas, tiene 120 aterrizajes a la hora. Antes ten\u00eda 90\u00bb, ha dicho, a\u00f1adiendo que \u00abtodav\u00eda tiene muchas posibilidades de crecimiento\u00bb.<\/p>\n<p>Concretamente, ha indicado que, seg\u00fan sus c\u00e1lculos, se podr\u00eda llegar \u00abperfectamente\u00bb a las 140 o 160 operaciones por hora, al tiempo que ha resaltado que \u00abno se puede estar todo el d\u00eda con esta cantinela de dificultades\u00bb.<\/p>\n<p>\u00abNo soy capaz de entender esa situaci\u00f3n en la que nos encontramos\u00bb, ha dicho, durante un encuentro con periodistas en la capital de Colombia, Bogot\u00e1, a donde viaj\u00f3 el martes en el vuelo inaugural de la ruta de Air Europa a esta ciudad.<\/p>\n<p>\u00abPara m\u00ed el aeropuerto es un tema hist\u00f3rico. Antes de que se construyeran las viviendas alrededor de Barajas ya exist\u00eda el aeropuerto\u00bb, ha recordado Hidalgo.<\/p>\n<p>En este sentido, ha destacado que \u00abno se puede entender que despu\u00e9s de hacerse una inversi\u00f3n sobre una situaci\u00f3n que estaba claramente definida (&#8230;) se est\u00e9n teniendo en cuenta este tipo de reclamaciones\u00bb.<\/p>\n<p>\u00abTodo el mundo tiene derecho a elegir si duerme o no duerme, pero creo que para buscar sitios para dormir hubiera sido m\u00e1s l\u00f3gico haber buscado otras zonas, no concretamente al lado del aeropuerto\u00bb, ha dicho.<\/p>\n<p>As\u00ed, Hidalgo ha manifestado que \u00abtodos los aeropuertos del mundo est\u00e1n pegados a las ciudades\u00bb, resaltando que \u00abo se va a los pueblos a residir tranquilamente, o se va a las ciudades, donde hay estas repercusiones\u00bb.<\/p>\n<p>\u00abSER\u00cdA TIRAR LA INVERSI\u00d3N\u00bb<\/p>\n<p>Por ello, el presidente de Globalia ha resaltado que \u00absi hay que cerrar una pista, las consecuencias son para todas las compa\u00f1\u00edas\u00bb. \u00abNo es para una ni para otra, ser\u00e1 para todas\u00bb, ha agregado.<\/p>\n<p>As\u00ed, ha adelantado que \u00absi se cierra una de estas pistas, se bajar\u00eda un 25 por ciento operativamente\u00bb, reiterando que \u00abhabr\u00eda que andar mucho m\u00e1s justos y el crecimiento se congelar\u00eda\u00bb.<\/p>\n<p>\u00abPara eso se han hecho esas grandes infraestructuras. \u00bfPara qu\u00e9 hacemos la tercera y la cuarta pista, para qu\u00e9 hacemos el sat\u00e9lite y la T4 si ahora la vamos a cerrar?\u00bb, se ha preguntado.<\/p>\n<p>\u00abPara qu\u00e9 hemos invertido 4.000 millones (de euros)? \u00bfPara tirarlos? Si ahora se cierra la pista larga hemos tirado la inversi\u00f3n\u00bb, ha advertido.<\/p>\n<p>\u00abEstas cosas habr\u00eda que haberlas analizado anteriormente, pero no despu\u00e9s de haber invertido y crecer, ahora estamos con un tema judicial sobre si procede cerrar o no\u00bb, ha lamentado.<\/p>\n<p>DEFIENDE AL PRESIDENTE DE AENA<\/p>\n<p>De hecho, y tras describir como \u00ablocuras\u00bb lo que se est\u00e1 discutiendo, Hidalgo ha recalcado que, a su juicio, \u00abesas propiedades no debieron haber existido\u00bb.<\/p>\n<p>\u00abLo que nunca debieron es permitir que se construyera en esos suelos. Ah\u00ed est\u00e1 el mal. Hay tanto suelo en los alrededores de Madrid, que \u00bfc\u00f3mo se permite construir casas al lado del aeropuerto?\u00bb, ha cuestionado.<\/p>\n<p>En este sentido, ha manifestado que \u00abhabr\u00eda que juzgar a los constructores que hicieron esas edificaciones, y no a unas pistas o al presidente de AENA\u00bb.<\/p>\n<p>\u00abEs una locura que est\u00e9n investigando o que digan que el presidente de AENA es responsable \u00bfC\u00f3mo puede ser responsable el presidente de AENA de unas casas y unas urbanizaciones que se han hecho cuando ya exist\u00eda el aeropuerto? Me parecen cosas verdaderamente injustas\u00bb, ha dicho.<\/p>\n<p>DIVISI\u00d3N DE OPERACIONES POR TERMINALES<\/p>\n<p>En otro orden de cosas, Hidalgo ha insistido en que es necesario que haya \u00abdos acciones operativas\u00bb, reclamando que las compa\u00f1\u00edas que se situaron en la T1,T2 y T3 operen desde dichas pistas.<\/p>\n<p>\u00abSi se hacen dos pistas nuevas, y dos aeropuertos nuevos, que para m\u00ed son la T4 y el sat\u00e9lite, que los aviones que fueran a esas terminales fueran a esas pistas y despeguen de las mismas\u00bb, ha defendido.<\/p>\n<p>As\u00ed, ha solicitado que las aerol\u00edneas que est\u00e1n en las otras tres terminales operen \u00abpor las pistas que siempre existieron en Barajas\u00bb y que \u00abpor las dos modernas se hagan estaciones modernas\u00bb.<\/p>\n<p>\u00abHabr\u00eda un mont\u00f3n de ahorro interiormente en rodajes, y habr\u00eda un mont\u00f3n de comodidad para el cliente, que tendr\u00eda que estar mucho menos tiempo en los aviones\u00bb, ha argumentado.<\/p>\n<p>EL FALLO DEL SUPREMO<\/p>\n<p>El Tribunal Supremo (TS) tiene pendiente una sentencia de resoluci\u00f3n en el proceso judicial iniciado en 2004 por los vecinos de la urbanizaci\u00f3n madrile\u00f1a de Santo Domingo (Algete), que podr\u00eda conllevar la reducci\u00f3n de la capacidad operativa de Barajas en la pista 18-R, la m\u00e1s larga del aeropuerto.<\/p>\n<p>El Tribunal Superior de Justicia de Madrid (TSJM) declar\u00f3 en diciembre de 2014 no ejecutada la sentencia del TS y decret\u00f3 que la reducci\u00f3n de operaciones debe ser sobre el 30 por ciento del n\u00famero total de vuelos reconocidos en 2004 (20.730 aproximaciones).<\/p>\n<p>El Juzgado de Instrucci\u00f3n n\u00famero 35 de Madrid ha citado a declarar como investigados al presidente y consejero delegado de Aena, Jos\u00e9 Manuel Vargas G\u00f3mez, y al anterior presidente de AENA, Juan Ignacio Lema, el pr\u00f3ximo 4 de julio por presuntos delitos de desobediencia y contra el medio ambiente.<\/p>\n<p>Por otro lado, Aena recuperar\u00e1 provisiones de 446,7 millones en este ejercicio al recibir otra sentencia del TS favorable a los intereses de la compa\u00f1\u00eda en relaci\u00f3n con la expropiaci\u00f3n de varias fincas en el proyecto de expansi\u00f3n de Madrid-Barajas.<\/p>\n","protected":false},"excerpt":{"rendered":"<p>El presidente de Globalia, Juan Jos\u00e9 Hidalgo, ha se\u00f1alado este jueves que el cierre de una pista del aeropuerto Adolfo Su\u00e1rez Madrid-Barajas ser\u00eda \u00abuna temeridad absoluta\u00bb. \u00abSer\u00eda una temeridad absoluta que se le quitara la proyecci\u00f3n al aeropuerto de Madrid, que las compa\u00f1\u00edas tuvieran que reducir las operaciones que estamos haciendo\u00bb, ha recalcado, de cara<\/p>\n","protected":false},"author":1,"featured_media":81367,"comment_status":"open","ping_status":"closed","sticky":false,"template":"","format":"standard","meta":{"footnotes":""},"categories":[224],"tags":[],"class_list":{"0":"post-81366","1":"post","2":"type-post","3":"status-publish","4":"format-standard","5":"has-post-thumbnail","7":"category-noticias-actualidad"},"aioseo_notices":[],"aioseo_head":"\n\t\t<!-- All in One SEO Pro 4.9.6.1 - aioseo.com -->\n\t<meta name=\"description\" content=\"El presidente de Globalia, Juan Jos\u00e9 Hidalgo, ha se\u00f1alado este jueves que el cierre de una pista del aeropuerto Adolfo Su\u00e1rez Madrid-Barajas ser\u00eda &quot;una temeridad absoluta&quot;. &quot;Ser\u00eda una temeridad absoluta que se le quitara la proyecci\u00f3n al aeropuerto de Madrid, que las compa\u00f1\u00edas tuvieran que reducir las operaciones que estamos haciendo&quot;, ha recalcado, de cara\" \/>\n\t<meta name=\"robots\" content=\"max-image-preview:large\" \/>\n\t<meta name=\"author\" content=\"admin\"\/>\n\t<meta name=\"google-site-verification\" content=\"UA-38556648-1\" \/>\n\t<meta name=\"keywords\" content=\"noticias y actualidad\" \/>\n\t<link rel=\"canonical\" href=\"https:\/\/eldigitaldeasturias.com\/magazine365\/hidalgo-dice-que-el-cierre-de-una-pista-de-barajas-seria-una-temeridad-absoluta\/\" \/>\n\t<meta name=\"generator\" content=\"All in One SEO Pro (AIOSEO) 4.9.6.1\" \/>\n\t\t<meta property=\"og:locale\" content=\"es_ES\" \/>\n\t\t<meta property=\"og:site_name\" content=\"El Digital de Asturias \u2013 Revista de ocio, turismo y estilo de vida\" \/>\n\t\t<meta property=\"og:type\" content=\"article\" \/>\n\t\t<meta property=\"og:title\" content=\"Hidalgo dice que el cierre de una pista de Barajas ser\u00eda \u00abuna temeridad absoluta\u00bb | El Digital de Asturias\" \/>\n\t\t<meta property=\"og:description\" content=\"El presidente de Globalia, Juan Jos\u00e9 Hidalgo, ha se\u00f1alado este jueves que el cierre de una pista del aeropuerto Adolfo Su\u00e1rez Madrid-Barajas ser\u00eda &quot;una temeridad absoluta&quot;. &quot;Ser\u00eda una temeridad absoluta que se le quitara la proyecci\u00f3n al aeropuerto de Madrid, que las compa\u00f1\u00edas tuvieran que reducir las operaciones que estamos haciendo&quot;, ha recalcado, de cara\" \/>\n\t\t<meta property=\"og:url\" content=\"https:\/\/eldigitaldeasturias.com\/magazine365\/hidalgo-dice-que-el-cierre-de-una-pista-de-barajas-seria-una-temeridad-absoluta\/\" \/>\n\t\t<meta property=\"og:image\" content=\"https:\/\/eldigitaldeasturias.com\/magazine365\/wp-content\/uploads\/2016\/07\/fotonoticia_20160701093451_800.jpg\" \/>\n\t\t<meta property=\"og:image:secure_url\" content=\"https:\/\/eldigitaldeasturias.com\/magazine365\/wp-content\/uploads\/2016\/07\/fotonoticia_20160701093451_800.jpg\" \/>\n\t\t<meta property=\"og:image:width\" content=\"800\" \/>\n\t\t<meta property=\"og:image:height\" content=\"660\" \/>\n\t\t<meta property=\"article:published_time\" content=\"2016-07-01T21:24:08+00:00\" \/>\n\t\t<meta property=\"article:modified_time\" content=\"2016-07-01T21:24:08+00:00\" \/>\n\t\t<meta name=\"twitter:card\" content=\"summary_large_image\" \/>\n\t\t<meta name=\"twitter:title\" content=\"Hidalgo dice que el cierre de una pista de Barajas ser\u00eda \u00abuna temeridad absoluta\u00bb | El Digital de Asturias\" \/>\n\t\t<meta name=\"twitter:description\" content=\"El presidente de Globalia, Juan Jos\u00e9 Hidalgo, ha se\u00f1alado este jueves que el cierre de una pista del aeropuerto Adolfo Su\u00e1rez Madrid-Barajas ser\u00eda &quot;una temeridad absoluta&quot;. &quot;Ser\u00eda una temeridad absoluta que se le quitara la proyecci\u00f3n al aeropuerto de Madrid, que las compa\u00f1\u00edas tuvieran que reducir las operaciones que estamos haciendo&quot;, ha recalcado, de cara\" \/>\n\t\t<meta name=\"twitter:image\" content=\"https:\/\/eldigitaldeasturias.com\/magazine365\/wp-content\/uploads\/2016\/07\/fotonoticia_20160701093451_800.jpg\" \/>\n\t\t<script type=\"application\/ld+json\" class=\"aioseo-schema\">\n\t\t\t{\"@context\":\"https:\\\/\\\/schema.org\",\"@graph\":[{\"@type\":\"Article\",\"@id\":\"https:\\\/\\\/eldigitaldeasturias.com\\\/magazine365\\\/hidalgo-dice-que-el-cierre-de-una-pista-de-barajas-seria-una-temeridad-absoluta\\\/#article\",\"name\":\"Hidalgo dice que el cierre de una pista de Barajas ser\\u00eda \\u00abuna temeridad absoluta\\u00bb | El Digital de Asturias\",\"headline\":\"Hidalgo dice que el cierre de una pista de Barajas ser\\u00eda \\u00abuna temeridad absoluta\\u00bb\",\"author\":{\"@id\":\"https:\\\/\\\/eldigitaldeasturias.com\\\/magazine365\\\/author\\\/admin\\\/#author\"},\"publisher\":{\"@id\":\"https:\\\/\\\/eldigitaldeasturias.com\\\/magazine365\\\/#organization\"},\"image\":{\"@type\":\"ImageObject\",\"url\":\"https:\\\/\\\/eldigitaldeasturias.com\\\/magazine365\\\/wp-content\\\/uploads\\\/2016\\\/07\\\/fotonoticia_20160701093451_800.jpg\",\"width\":800,\"height\":660},\"datePublished\":\"2016-07-01T23:24:08+02:00\",\"dateModified\":\"2016-07-01T23:24:08+02:00\",\"inLanguage\":\"es-ES\",\"mainEntityOfPage\":{\"@id\":\"https:\\\/\\\/eldigitaldeasturias.com\\\/magazine365\\\/hidalgo-dice-que-el-cierre-de-una-pista-de-barajas-seria-una-temeridad-absoluta\\\/#webpage\"},\"isPartOf\":{\"@id\":\"https:\\\/\\\/eldigitaldeasturias.com\\\/magazine365\\\/hidalgo-dice-que-el-cierre-de-una-pista-de-barajas-seria-una-temeridad-absoluta\\\/#webpage\"},\"articleSection\":\"Noticias y Actualidad\"},{\"@type\":\"BreadcrumbList\",\"@id\":\"https:\\\/\\\/eldigitaldeasturias.com\\\/magazine365\\\/hidalgo-dice-que-el-cierre-de-una-pista-de-barajas-seria-una-temeridad-absoluta\\\/#breadcrumblist\",\"itemListElement\":[{\"@type\":\"ListItem\",\"@id\":\"https:\\\/\\\/eldigitaldeasturias.com\\\/magazine365#listItem\",\"position\":1,\"name\":\"Home\",\"item\":\"https:\\\/\\\/eldigitaldeasturias.com\\\/magazine365\",\"nextItem\":{\"@type\":\"ListItem\",\"@id\":\"https:\\\/\\\/eldigitaldeasturias.com\\\/magazine365\\\/category\\\/noticias-actualidad\\\/#listItem\",\"name\":\"Noticias y Actualidad\"}},{\"@type\":\"ListItem\",\"@id\":\"https:\\\/\\\/eldigitaldeasturias.com\\\/magazine365\\\/category\\\/noticias-actualidad\\\/#listItem\",\"position\":2,\"name\":\"Noticias y Actualidad\",\"item\":\"https:\\\/\\\/eldigitaldeasturias.com\\\/magazine365\\\/category\\\/noticias-actualidad\\\/\",\"nextItem\":{\"@type\":\"ListItem\",\"@id\":\"https:\\\/\\\/eldigitaldeasturias.com\\\/magazine365\\\/hidalgo-dice-que-el-cierre-de-una-pista-de-barajas-seria-una-temeridad-absoluta\\\/#listItem\",\"name\":\"Hidalgo dice que el cierre de una pista de Barajas ser\\u00eda \\u00abuna temeridad absoluta\\u00bb\"},\"previousItem\":{\"@type\":\"ListItem\",\"@id\":\"https:\\\/\\\/eldigitaldeasturias.com\\\/magazine365#listItem\",\"name\":\"Home\"}},{\"@type\":\"ListItem\",\"@id\":\"https:\\\/\\\/eldigitaldeasturias.com\\\/magazine365\\\/hidalgo-dice-que-el-cierre-de-una-pista-de-barajas-seria-una-temeridad-absoluta\\\/#listItem\",\"position\":3,\"name\":\"Hidalgo dice que el cierre de una pista de Barajas ser\\u00eda \\u00abuna temeridad absoluta\\u00bb\",\"previousItem\":{\"@type\":\"ListItem\",\"@id\":\"https:\\\/\\\/eldigitaldeasturias.com\\\/magazine365\\\/category\\\/noticias-actualidad\\\/#listItem\",\"name\":\"Noticias y Actualidad\"}}]},{\"@type\":\"Organization\",\"@id\":\"https:\\\/\\\/eldigitaldeasturias.com\\\/magazine365\\\/#organization\",\"name\":\"El digital de Asturias\",\"description\":\"Revista de ocio, turismo y estilo de vida\",\"url\":\"https:\\\/\\\/eldigitaldeasturias.com\\\/magazine365\\\/\",\"logo\":{\"@type\":\"ImageObject\",\"url\":\"https:\\\/\\\/www.eldigitaldeasturias.com\\\/noticias\\\/wp-content\\\/uploads\\\/2020\\\/12\\\/EDA.jpg\",\"@id\":\"https:\\\/\\\/eldigitaldeasturias.com\\\/magazine365\\\/hidalgo-dice-que-el-cierre-de-una-pista-de-barajas-seria-una-temeridad-absoluta\\\/#organizationLogo\"},\"image\":{\"@id\":\"https:\\\/\\\/eldigitaldeasturias.com\\\/magazine365\\\/hidalgo-dice-que-el-cierre-de-una-pista-de-barajas-seria-una-temeridad-absoluta\\\/#organizationLogo\"}},{\"@type\":\"Person\",\"@id\":\"https:\\\/\\\/eldigitaldeasturias.com\\\/magazine365\\\/author\\\/admin\\\/#author\",\"url\":\"https:\\\/\\\/eldigitaldeasturias.com\\\/magazine365\\\/author\\\/admin\\\/\",\"name\":\"admin\",\"image\":{\"@type\":\"ImageObject\",\"@id\":\"https:\\\/\\\/eldigitaldeasturias.com\\\/magazine365\\\/hidalgo-dice-que-el-cierre-de-una-pista-de-barajas-seria-una-temeridad-absoluta\\\/#authorImage\",\"url\":\"https:\\\/\\\/eldigitaldeasturias.com\\\/magazine365\\\/wp-content\\\/litespeed\\\/avatar\\\/e571bcf59a0edd6fa6838245a470f2fe.jpg?ver=1776969259\",\"width\":96,\"height\":96,\"caption\":\"admin\"}},{\"@type\":\"WebPage\",\"@id\":\"https:\\\/\\\/eldigitaldeasturias.com\\\/magazine365\\\/hidalgo-dice-que-el-cierre-de-una-pista-de-barajas-seria-una-temeridad-absoluta\\\/#webpage\",\"url\":\"https:\\\/\\\/eldigitaldeasturias.com\\\/magazine365\\\/hidalgo-dice-que-el-cierre-de-una-pista-de-barajas-seria-una-temeridad-absoluta\\\/\",\"name\":\"Hidalgo dice que el cierre de una pista de Barajas ser\\u00eda \\u00abuna temeridad absoluta\\u00bb | El Digital de Asturias\",\"description\":\"El presidente de Globalia, Juan Jos\\u00e9 Hidalgo, ha se\\u00f1alado este jueves que el cierre de una pista del aeropuerto Adolfo Su\\u00e1rez Madrid-Barajas ser\\u00eda \\\"una temeridad absoluta\\\". \\\"Ser\\u00eda una temeridad absoluta que se le quitara la proyecci\\u00f3n al aeropuerto de Madrid, que las compa\\u00f1\\u00edas tuvieran que reducir las operaciones que estamos haciendo\\\", ha recalcado, de cara\",\"inLanguage\":\"es-ES\",\"isPartOf\":{\"@id\":\"https:\\\/\\\/eldigitaldeasturias.com\\\/magazine365\\\/#website\"},\"breadcrumb\":{\"@id\":\"https:\\\/\\\/eldigitaldeasturias.com\\\/magazine365\\\/hidalgo-dice-que-el-cierre-de-una-pista-de-barajas-seria-una-temeridad-absoluta\\\/#breadcrumblist\"},\"author\":{\"@id\":\"https:\\\/\\\/eldigitaldeasturias.com\\\/magazine365\\\/author\\\/admin\\\/#author\"},\"creator\":{\"@id\":\"https:\\\/\\\/eldigitaldeasturias.com\\\/magazine365\\\/author\\\/admin\\\/#author\"},\"image\":{\"@type\":\"ImageObject\",\"url\":\"https:\\\/\\\/eldigitaldeasturias.com\\\/magazine365\\\/wp-content\\\/uploads\\\/2016\\\/07\\\/fotonoticia_20160701093451_800.jpg\",\"@id\":\"https:\\\/\\\/eldigitaldeasturias.com\\\/magazine365\\\/hidalgo-dice-que-el-cierre-de-una-pista-de-barajas-seria-una-temeridad-absoluta\\\/#mainImage\",\"width\":800,\"height\":660},\"primaryImageOfPage\":{\"@id\":\"https:\\\/\\\/eldigitaldeasturias.com\\\/magazine365\\\/hidalgo-dice-que-el-cierre-de-una-pista-de-barajas-seria-una-temeridad-absoluta\\\/#mainImage\"},\"datePublished\":\"2016-07-01T23:24:08+02:00\",\"dateModified\":\"2016-07-01T23:24:08+02:00\"},{\"@type\":\"WebSite\",\"@id\":\"https:\\\/\\\/eldigitaldeasturias.com\\\/magazine365\\\/#website\",\"url\":\"https:\\\/\\\/eldigitaldeasturias.com\\\/magazine365\\\/\",\"name\":\"El Digital de Asturias\",\"description\":\"Revista de ocio, turismo y estilo de vida\",\"inLanguage\":\"es-ES\",\"publisher\":{\"@id\":\"https:\\\/\\\/eldigitaldeasturias.com\\\/magazine365\\\/#organization\"}}]}\n\t\t<\/script>\n\t\t<!-- All in One SEO Pro -->\r\n\t\t<title>Hidalgo dice que el cierre de una pista de Barajas ser\u00eda \u00abuna temeridad absoluta\u00bb | El Digital de Asturias<\/title>\n\n","aioseo_head_json":{"title":"Hidalgo dice que el cierre de una pista de Barajas ser\u00eda \u00abuna temeridad absoluta\u00bb | El Digital de Asturias","description":"El presidente de Globalia, Juan Jos\u00e9 Hidalgo, ha se\u00f1alado este jueves que el cierre de una pista del aeropuerto Adolfo Su\u00e1rez Madrid-Barajas ser\u00eda \"una temeridad absoluta\". \"Ser\u00eda una temeridad absoluta que se le quitara la proyecci\u00f3n al aeropuerto de Madrid, que las compa\u00f1\u00edas tuvieran que reducir las operaciones que estamos haciendo\", ha recalcado, de cara","canonical_url":"https:\/\/eldigitaldeasturias.com\/magazine365\/hidalgo-dice-que-el-cierre-de-una-pista-de-barajas-seria-una-temeridad-absoluta\/","robots":"max-image-preview:large","keywords":"noticias y actualidad","webmasterTools":{"google-site-verification":"UA-38556648-1","miscellaneous":""},"schema":{"@context":"https:\/\/schema.org","@graph":[{"@type":"Article","@id":"https:\/\/eldigitaldeasturias.com\/magazine365\/hidalgo-dice-que-el-cierre-de-una-pista-de-barajas-seria-una-temeridad-absoluta\/#article","name":"Hidalgo dice que el cierre de una pista de Barajas ser\u00eda \u00abuna temeridad absoluta\u00bb | El Digital de Asturias","headline":"Hidalgo dice que el cierre de una pista de Barajas ser\u00eda \u00abuna temeridad absoluta\u00bb","author":{"@id":"https:\/\/eldigitaldeasturias.com\/magazine365\/author\/admin\/#author"},"publisher":{"@id":"https:\/\/eldigitaldeasturias.com\/magazine365\/#organization"},"image":{"@type":"ImageObject","url":"https:\/\/eldigitaldeasturias.com\/magazine365\/wp-content\/uploads\/2016\/07\/fotonoticia_20160701093451_800.jpg","width":800,"height":660},"datePublished":"2016-07-01T23:24:08+02:00","dateModified":"2016-07-01T23:24:08+02:00","inLanguage":"es-ES","mainEntityOfPage":{"@id":"https:\/\/eldigitaldeasturias.com\/magazine365\/hidalgo-dice-que-el-cierre-de-una-pista-de-barajas-seria-una-temeridad-absoluta\/#webpage"},"isPartOf":{"@id":"https:\/\/eldigitaldeasturias.com\/magazine365\/hidalgo-dice-que-el-cierre-de-una-pista-de-barajas-seria-una-temeridad-absoluta\/#webpage"},"articleSection":"Noticias y Actualidad"},{"@type":"BreadcrumbList","@id":"https:\/\/eldigitaldeasturias.com\/magazine365\/hidalgo-dice-que-el-cierre-de-una-pista-de-barajas-seria-una-temeridad-absoluta\/#breadcrumblist","itemListElement":[{"@type":"ListItem","@id":"https:\/\/eldigitaldeasturias.com\/magazine365#listItem","position":1,"name":"Home","item":"https:\/\/eldigitaldeasturias.com\/magazine365","nextItem":{"@type":"ListItem","@id":"https:\/\/eldigitaldeasturias.com\/magazine365\/category\/noticias-actualidad\/#listItem","name":"Noticias y Actualidad"}},{"@type":"ListItem","@id":"https:\/\/eldigitaldeasturias.com\/magazine365\/category\/noticias-actualidad\/#listItem","position":2,"name":"Noticias y Actualidad","item":"https:\/\/eldigitaldeasturias.com\/magazine365\/category\/noticias-actualidad\/","nextItem":{"@type":"ListItem","@id":"https:\/\/eldigitaldeasturias.com\/magazine365\/hidalgo-dice-que-el-cierre-de-una-pista-de-barajas-seria-una-temeridad-absoluta\/#listItem","name":"Hidalgo dice que el cierre de una pista de Barajas ser\u00eda \u00abuna temeridad absoluta\u00bb"},"previousItem":{"@type":"ListItem","@id":"https:\/\/eldigitaldeasturias.com\/magazine365#listItem","name":"Home"}},{"@type":"ListItem","@id":"https:\/\/eldigitaldeasturias.com\/magazine365\/hidalgo-dice-que-el-cierre-de-una-pista-de-barajas-seria-una-temeridad-absoluta\/#listItem","position":3,"name":"Hidalgo dice que el cierre de una pista de Barajas ser\u00eda \u00abuna temeridad absoluta\u00bb","previousItem":{"@type":"ListItem","@id":"https:\/\/eldigitaldeasturias.com\/magazine365\/category\/noticias-actualidad\/#listItem","name":"Noticias y Actualidad"}}]},{"@type":"Organization","@id":"https:\/\/eldigitaldeasturias.com\/magazine365\/#organization","name":"El digital de Asturias","description":"Revista de ocio, turismo y estilo de vida","url":"https:\/\/eldigitaldeasturias.com\/magazine365\/","logo":{"@type":"ImageObject","url":"https:\/\/www.eldigitaldeasturias.com\/noticias\/wp-content\/uploads\/2020\/12\/EDA.jpg","@id":"https:\/\/eldigitaldeasturias.com\/magazine365\/hidalgo-dice-que-el-cierre-de-una-pista-de-barajas-seria-una-temeridad-absoluta\/#organizationLogo"},"image":{"@id":"https:\/\/eldigitaldeasturias.com\/magazine365\/hidalgo-dice-que-el-cierre-de-una-pista-de-barajas-seria-una-temeridad-absoluta\/#organizationLogo"}},{"@type":"Person","@id":"https:\/\/eldigitaldeasturias.com\/magazine365\/author\/admin\/#author","url":"https:\/\/eldigitaldeasturias.com\/magazine365\/author\/admin\/","name":"admin","image":{"@type":"ImageObject","@id":"https:\/\/eldigitaldeasturias.com\/magazine365\/hidalgo-dice-que-el-cierre-de-una-pista-de-barajas-seria-una-temeridad-absoluta\/#authorImage","url":"https:\/\/eldigitaldeasturias.com\/magazine365\/wp-content\/litespeed\/avatar\/e571bcf59a0edd6fa6838245a470f2fe.jpg?ver=1776969259","width":96,"height":96,"caption":"admin"}},{"@type":"WebPage","@id":"https:\/\/eldigitaldeasturias.com\/magazine365\/hidalgo-dice-que-el-cierre-de-una-pista-de-barajas-seria-una-temeridad-absoluta\/#webpage","url":"https:\/\/eldigitaldeasturias.com\/magazine365\/hidalgo-dice-que-el-cierre-de-una-pista-de-barajas-seria-una-temeridad-absoluta\/","name":"Hidalgo dice que el cierre de una pista de Barajas ser\u00eda \u00abuna temeridad absoluta\u00bb | El Digital de Asturias","description":"El presidente de Globalia, Juan Jos\u00e9 Hidalgo, ha se\u00f1alado este jueves que el cierre de una pista del aeropuerto Adolfo Su\u00e1rez Madrid-Barajas ser\u00eda \"una temeridad absoluta\". \"Ser\u00eda una temeridad absoluta que se le quitara la proyecci\u00f3n al aeropuerto de Madrid, que las compa\u00f1\u00edas tuvieran que reducir las operaciones que estamos haciendo\", ha recalcado, de cara","inLanguage":"es-ES","isPartOf":{"@id":"https:\/\/eldigitaldeasturias.com\/magazine365\/#website"},"breadcrumb":{"@id":"https:\/\/eldigitaldeasturias.com\/magazine365\/hidalgo-dice-que-el-cierre-de-una-pista-de-barajas-seria-una-temeridad-absoluta\/#breadcrumblist"},"author":{"@id":"https:\/\/eldigitaldeasturias.com\/magazine365\/author\/admin\/#author"},"creator":{"@id":"https:\/\/eldigitaldeasturias.com\/magazine365\/author\/admin\/#author"},"image":{"@type":"ImageObject","url":"https:\/\/eldigitaldeasturias.com\/magazine365\/wp-content\/uploads\/2016\/07\/fotonoticia_20160701093451_800.jpg","@id":"https:\/\/eldigitaldeasturias.com\/magazine365\/hidalgo-dice-que-el-cierre-de-una-pista-de-barajas-seria-una-temeridad-absoluta\/#mainImage","width":800,"height":660},"primaryImageOfPage":{"@id":"https:\/\/eldigitaldeasturias.com\/magazine365\/hidalgo-dice-que-el-cierre-de-una-pista-de-barajas-seria-una-temeridad-absoluta\/#mainImage"},"datePublished":"2016-07-01T23:24:08+02:00","dateModified":"2016-07-01T23:24:08+02:00"},{"@type":"WebSite","@id":"https:\/\/eldigitaldeasturias.com\/magazine365\/#website","url":"https:\/\/eldigitaldeasturias.com\/magazine365\/","name":"El Digital de Asturias","description":"Revista de ocio, turismo y estilo de vida","inLanguage":"es-ES","publisher":{"@id":"https:\/\/eldigitaldeasturias.com\/magazine365\/#organization"}}]},"og:locale":"es_ES","og:site_name":"El Digital de Asturias \u2013 Revista de ocio, turismo y estilo de vida","og:type":"article","og:title":"Hidalgo dice que el cierre de una pista de Barajas ser\u00eda \u00abuna temeridad absoluta\u00bb | El Digital de Asturias","og:description":"El presidente de Globalia, Juan Jos\u00e9 Hidalgo, ha se\u00f1alado este jueves que el cierre de una pista del aeropuerto Adolfo Su\u00e1rez Madrid-Barajas ser\u00eda &quot;una temeridad absoluta&quot;. &quot;Ser\u00eda una temeridad absoluta que se le quitara la proyecci\u00f3n al aeropuerto de Madrid, que las compa\u00f1\u00edas tuvieran que reducir las operaciones que estamos haciendo&quot;, ha recalcado, de cara","og:url":"https:\/\/eldigitaldeasturias.com\/magazine365\/hidalgo-dice-que-el-cierre-de-una-pista-de-barajas-seria-una-temeridad-absoluta\/","og:image":"https:\/\/eldigitaldeasturias.com\/magazine365\/wp-content\/uploads\/2016\/07\/fotonoticia_20160701093451_800.jpg","og:image:secure_url":"https:\/\/eldigitaldeasturias.com\/magazine365\/wp-content\/uploads\/2016\/07\/fotonoticia_20160701093451_800.jpg","og:image:width":800,"og:image:height":660,"article:published_time":"2016-07-01T21:24:08+00:00","article:modified_time":"2016-07-01T21:24:08+00:00","twitter:card":"summary_large_image","twitter:title":"Hidalgo dice que el cierre de una pista de Barajas ser\u00eda \u00abuna temeridad absoluta\u00bb | El Digital de Asturias","twitter:description":"El presidente de Globalia, Juan Jos\u00e9 Hidalgo, ha se\u00f1alado este jueves que el cierre de una pista del aeropuerto Adolfo Su\u00e1rez Madrid-Barajas ser\u00eda &quot;una temeridad absoluta&quot;. &quot;Ser\u00eda una temeridad absoluta que se le quitara la proyecci\u00f3n al aeropuerto de Madrid, que las compa\u00f1\u00edas tuvieran que reducir las operaciones que estamos haciendo&quot;, ha recalcado, de cara","twitter:image":"https:\/\/eldigitaldeasturias.com\/magazine365\/wp-content\/uploads\/2016\/07\/fotonoticia_20160701093451_800.jpg"},"aioseo_meta_data":{"post_id":"81366","title":null,"description":null,"keywords":null,"keyphrases":null,"primary_term":null,"canonical_url":null,"og_title":null,"og_description":null,"og_object_type":"default","og_image_type":"default","og_image_url":null,"og_image_width":null,"og_image_height":null,"og_image_custom_url":null,"og_image_custom_fields":null,"og_video":null,"og_custom_url":null,"og_article_section":null,"og_article_tags":null,"twitter_use_og":false,"twitter_card":"default","twitter_image_type":"default","twitter_image_url":null,"twitter_image_custom_url":null,"twitter_image_custom_fields":null,"twitter_title":null,"twitter_description":null,"schema":{"blockGraphs":[],"customGraphs":[],"default":{"data":{"Article":[],"Course":[],"Dataset":[],"FAQPage":[],"Movie":[],"Person":[],"Product":[],"ProductReview":[],"Car":[],"Recipe":[],"Service":[],"SoftwareApplication":[],"WebPage":[]},"graphName":"","isEnabled":true},"graphs":[],"defaultGraph":"","defaultPostTypeGraph":""},"schema_type":null,"schema_type_options":null,"pillar_content":false,"robots_default":true,"robots_noindex":false,"robots_noarchive":false,"robots_nosnippet":false,"robots_nofollow":false,"robots_noimageindex":false,"robots_noodp":false,"robots_notranslate":false,"robots_max_snippet":null,"robots_max_videopreview":null,"robots_max_imagepreview":"large","priority":null,"frequency":null,"location":null,"local_seo":null,"seo_analyzer_scan_date":"2025-09-27 22:44:11","breadcrumb_settings":null,"limit_modified_date":false,"open_ai":null,"ai":null,"created":"2021-03-08 17:18:58","updated":"2025-09-27 22:44:11"},"aioseo_breadcrumb":"<div class=\"aioseo-breadcrumbs\"><span class=\"aioseo-breadcrumb\">\n\t<a href=\"https:\/\/eldigitaldeasturias.com\/magazine365\" title=\"Home\">Home<\/a>\n<\/span><span class=\"aioseo-breadcrumb-separator\">\u2013<\/span><span class=\"aioseo-breadcrumb\">\n\t<a href=\"https:\/\/eldigitaldeasturias.com\/magazine365\/category\/noticias-actualidad\/\" title=\"Noticias y Actualidad\">Noticias y Actualidad<\/a>\n<\/span><span class=\"aioseo-breadcrumb-separator\">\u2013<\/span><span class=\"aioseo-breadcrumb\">\n\t<a href=\"https:\/\/eldigitaldeasturias.com\/magazine365\/hidalgo-dice-que-el-cierre-de-una-pista-de-barajas-seria-una-temeridad-absoluta\/\" title=\"Hidalgo dice que el cierre de una pista de Barajas ser\u00eda \u00abuna temeridad absoluta\u00bb\">Hidalgo dice que el cierre de una pista de Barajas ser\u00eda \u00abuna temeridad absoluta\u00bb<\/a>\n<\/span><\/div>","aioseo_breadcrumb_json":[{"label":"Home","link":"https:\/\/eldigitaldeasturias.com\/magazine365"},{"label":"Noticias y Actualidad","link":"https:\/\/eldigitaldeasturias.com\/magazine365\/category\/noticias-actualidad\/"},{"label":"Hidalgo dice que el cierre de una pista de Barajas ser\u00eda \u00abuna temeridad absoluta\u00bb","link":"https:\/\/eldigitaldeasturias.com\/magazine365\/hidalgo-dice-que-el-cierre-de-una-pista-de-barajas-seria-una-temeridad-absoluta\/"}],"_links":{"self":[{"href":"https:\/\/eldigitaldeasturias.com\/magazine365\/wp-json\/wp\/v2\/posts\/81366","targetHints":{"allow":["GET"]}}],"collection":[{"href":"https:\/\/eldigitaldeasturias.com\/magazine365\/wp-json\/wp\/v2\/posts"}],"about":[{"href":"https:\/\/eldigitaldeasturias.com\/magazine365\/wp-json\/wp\/v2\/types\/post"}],"author":[{"embeddable":true,"href":"https:\/\/eldigitaldeasturias.com\/magazine365\/wp-json\/wp\/v2\/users\/1"}],"replies":[{"embeddable":true,"href":"https:\/\/eldigitaldeasturias.com\/magazine365\/wp-json\/wp\/v2\/comments?post=81366"}],"version-history":[{"count":0,"href":"https:\/\/eldigitaldeasturias.com\/magazine365\/wp-json\/wp\/v2\/posts\/81366\/revisions"}],"wp:featuredmedia":[{"embeddable":true,"href":"https:\/\/eldigitaldeasturias.com\/magazine365\/wp-json\/wp\/v2\/media\/81367"}],"wp:attachment":[{"href":"https:\/\/eldigitaldeasturias.com\/magazine365\/wp-json\/wp\/v2\/media?parent=81366"}],"wp:term":[{"taxonomy":"category","embeddable":true,"href":"https:\/\/eldigitaldeasturias.com\/magazine365\/wp-json\/wp\/v2\/categories?post=81366"},{"taxonomy":"post_tag","embeddable":true,"href":"https:\/\/eldigitaldeasturias.com\/magazine365\/wp-json\/wp\/v2\/tags?post=81366"}],"curies":[{"name":"wp","href":"https:\/\/api.w.org\/{rel}","templated":true}]}}