{"id":81363,"date":"2016-07-01T23:23:13","date_gmt":"2016-07-01T21:23:13","guid":{"rendered":"http:\/\/eldigitaldeasturias.com\/magazine365\/?p=81363"},"modified":"2016-07-01T23:23:13","modified_gmt":"2016-07-01T21:23:13","slug":"globalia-confirma-que-operara-proximamente-la-linea-de-autobus-murcia-cartagena-alicante","status":"publish","type":"post","link":"https:\/\/eldigitaldeasturias.com\/magazine365\/globalia-confirma-que-operara-proximamente-la-linea-de-autobus-murcia-cartagena-alicante\/","title":{"rendered":"Globalia confirma que operar\u00e1 pr\u00f3ximamente la l\u00ednea de autob\u00fas Murcia-Cartagena-Alicante"},"content":{"rendered":"<p><img fetchpriority=\"high\" decoding=\"async\" class=\"alignleft size-medium wp-image-81364\" src=\"https:\/\/eldigitaldeasturias.com\/magazine365\/wp-content\/uploads\/2016\/07\/fotonoticia_20160701093245_800-360x204.jpg\" alt=\"fotonoticia_20160701093245_800\" width=\"360\" height=\"204\" srcset=\"https:\/\/eldigitaldeasturias.com\/magazine365\/wp-content\/uploads\/2016\/07\/fotonoticia_20160701093245_800-360x204.jpg 360w, https:\/\/eldigitaldeasturias.com\/magazine365\/wp-content\/uploads\/2016\/07\/fotonoticia_20160701093245_800-650x369.jpg 650w, https:\/\/eldigitaldeasturias.com\/magazine365\/wp-content\/uploads\/2016\/07\/fotonoticia_20160701093245_800-768x436.jpg 768w, https:\/\/eldigitaldeasturias.com\/magazine365\/wp-content\/uploads\/2016\/07\/fotonoticia_20160701093245_800-150x85.jpg 150w, https:\/\/eldigitaldeasturias.com\/magazine365\/wp-content\/uploads\/2016\/07\/fotonoticia_20160701093245_800-450x255.jpg 450w, https:\/\/eldigitaldeasturias.com\/magazine365\/wp-content\/uploads\/2016\/07\/fotonoticia_20160701093245_800-510x289.jpg 510w, https:\/\/eldigitaldeasturias.com\/magazine365\/wp-content\/uploads\/2016\/07\/fotonoticia_20160701093245_800.jpg 800w\" sizes=\"(max-width: 360px) 100vw, 360px\" \/>El presidente de Globalia, Juan Jos\u00e9 Hidalgo, ha confirmado este jueves que el grupo ha conseguido la concesi\u00f3n para operar la l\u00ednea de autob\u00fas entre las localidades de Murcia y Alicante, con parada en Cartagena, resaltando que las operaciones empezar\u00e1n \u00abmuy r\u00e1pido\u00bb.<\/p>\n<p>\u00abLa l\u00ednea est\u00e1 concedida, es la primera que nos han adjudicado. Creo que en breve la vamos a poner en marcha\u00bb, ha indicado durante un encuentro con periodistas en la capital de Colombia, Bogot\u00e1, a donde viaj\u00f3 el martes en el vuelo inaugural de la ruta de Air Europa a esta ciudad.<\/p>\n<p>As\u00ed, ha revelado que \u00abse est\u00e1 fabricando una docena de autobuses con unas caracter\u00edsticas especiales para poner en marcha la l\u00ednea\u00bb.<\/p>\n<p>\u00abNo s\u00e9 si es este mes o el pr\u00f3ximo, pero debe estar ya en cualquier momento todo previsto y preparado para empezar a operarla\u00bb, ha dicho, agregando que, si bien no hay a\u00fan una fecha, \u00abva a ser muy r\u00e1pido\u00bb.<\/p>\n<p>Hidalgo ha apuntado adem\u00e1s que \u00abdoce veh\u00edculos en ese recorrido pueden hacer mucha frecuencia\u00bb. \u00abNo s\u00e9 si cada media hora, 20 o 40 minutos, pero es una l\u00ednea buena, con mucho tr\u00e1fico\u00bb, ha destacado.<\/p>\n<p>\u00abPara m\u00ed, m\u00e1s importante que el contenido real de esta concesi\u00f3n es que se han abierto para el grupo que presido todas las l\u00edneas que tienen que salir a concurso\u00bb, ha explicado.<\/p>\n<p>Por ello, ha insistido en que \u00abno se trata s\u00f3lo\u00bb de esta l\u00ednea, sino \u00abde todas las l\u00edneas nacionales\u00bb, que ha descrito como \u00abobsoletas, caducadas y fuera de servicio\u00bb.<\/p>\n<p>Hidalgo, tras destacar que \u00abpoder actualizar el sistema de transporte interior terrestre es verdaderamente importante para el pa\u00eds\u00bb, ha apuntado que \u00ablo importante es que se est\u00e1 cogiendo un principio de competitividad\u00bb.<\/p>\n<p>En este sentido, ha criticado \u00abun monopolio que ha existido toda la vida con cuatro grupos, ingleses adem\u00e1s, y cuatro grupos espa\u00f1oles que manejan todo el transporte terrestre\u00bb.<\/p>\n<p>\u00abYa es hora de que eso se empiece a normalizar y actualizar. Para m\u00ed es verdaderamente importante\u00bb, ha argumentado.<\/p>\n<p>Por otra parte, durante el viaje Hidalgo ha reconocido que esta concesi\u00f3n \u00abes un paso de gigante\u00bb, al estar en el proceso de liberalizaci\u00f3n de la carretera\u00bb, a\u00f1adiendo que \u00abesto va ligado totalmente a la gesti\u00f3n del transporte del AVE\u00bb.<\/p>\n<p>\u00abPor eso estamos interesados y preparados para que si verdaderamente hay una liberalizaci\u00f3n, estar ah\u00ed presentes\u00bb, ha remachado.<\/p>\n","protected":false},"excerpt":{"rendered":"<p>El presidente de Globalia, Juan Jos\u00e9 Hidalgo, ha confirmado este jueves que el grupo ha conseguido la concesi\u00f3n para operar la l\u00ednea de autob\u00fas entre las localidades de Murcia y Alicante, con parada en Cartagena, resaltando que las operaciones empezar\u00e1n \u00abmuy r\u00e1pido\u00bb. \u00abLa l\u00ednea est\u00e1 concedida, es la primera que nos han adjudicado. Creo que<\/p>\n","protected":false},"author":1,"featured_media":81364,"comment_status":"open","ping_status":"closed","sticky":false,"template":"","format":"standard","meta":{"footnotes":""},"categories":[224],"tags":[],"class_list":{"0":"post-81363","1":"post","2":"type-post","3":"status-publish","4":"format-standard","5":"has-post-thumbnail","7":"category-noticias-actualidad"},"aioseo_notices":[],"aioseo_head":"\n\t\t<!-- All in One SEO Pro 4.9.6.1 - aioseo.com -->\n\t<meta name=\"description\" content=\"El presidente de Globalia, Juan Jos\u00e9 Hidalgo, ha confirmado este jueves que el grupo ha conseguido la concesi\u00f3n para operar la l\u00ednea de autob\u00fas entre las localidades de Murcia y Alicante, con parada en Cartagena, resaltando que las operaciones empezar\u00e1n &quot;muy r\u00e1pido&quot;. &quot;La l\u00ednea est\u00e1 concedida, es la primera que nos han adjudicado. Creo que\" \/>\n\t<meta name=\"robots\" content=\"max-image-preview:large\" \/>\n\t<meta name=\"author\" content=\"admin\"\/>\n\t<meta name=\"google-site-verification\" content=\"UA-38556648-1\" \/>\n\t<meta name=\"keywords\" content=\"noticias y actualidad\" \/>\n\t<link rel=\"canonical\" href=\"https:\/\/eldigitaldeasturias.com\/magazine365\/globalia-confirma-que-operara-proximamente-la-linea-de-autobus-murcia-cartagena-alicante\/\" \/>\n\t<meta name=\"generator\" content=\"All in One SEO Pro (AIOSEO) 4.9.6.1\" \/>\n\t\t<meta property=\"og:locale\" content=\"es_ES\" \/>\n\t\t<meta property=\"og:site_name\" content=\"El Digital de Asturias \u2013 Revista de ocio, turismo y estilo de vida\" \/>\n\t\t<meta property=\"og:type\" content=\"article\" \/>\n\t\t<meta property=\"og:title\" content=\"Globalia confirma que operar\u00e1 pr\u00f3ximamente la l\u00ednea de autob\u00fas Murcia-Cartagena-Alicante | El Digital de Asturias\" \/>\n\t\t<meta property=\"og:description\" content=\"El presidente de Globalia, Juan Jos\u00e9 Hidalgo, ha confirmado este jueves que el grupo ha conseguido la concesi\u00f3n para operar la l\u00ednea de autob\u00fas entre las localidades de Murcia y Alicante, con parada en Cartagena, resaltando que las operaciones empezar\u00e1n &quot;muy r\u00e1pido&quot;. &quot;La l\u00ednea est\u00e1 concedida, es la primera que nos han adjudicado. Creo que\" \/>\n\t\t<meta property=\"og:url\" content=\"https:\/\/eldigitaldeasturias.com\/magazine365\/globalia-confirma-que-operara-proximamente-la-linea-de-autobus-murcia-cartagena-alicante\/\" \/>\n\t\t<meta property=\"og:image\" content=\"https:\/\/eldigitaldeasturias.com\/magazine365\/wp-content\/uploads\/2016\/07\/fotonoticia_20160701093245_800.jpg\" \/>\n\t\t<meta property=\"og:image:secure_url\" content=\"https:\/\/eldigitaldeasturias.com\/magazine365\/wp-content\/uploads\/2016\/07\/fotonoticia_20160701093245_800.jpg\" \/>\n\t\t<meta property=\"og:image:width\" content=\"800\" \/>\n\t\t<meta property=\"og:image:height\" content=\"454\" \/>\n\t\t<meta property=\"article:published_time\" content=\"2016-07-01T21:23:13+00:00\" \/>\n\t\t<meta property=\"article:modified_time\" content=\"2016-07-01T21:23:13+00:00\" \/>\n\t\t<meta name=\"twitter:card\" content=\"summary_large_image\" \/>\n\t\t<meta name=\"twitter:title\" content=\"Globalia confirma que operar\u00e1 pr\u00f3ximamente la l\u00ednea de autob\u00fas Murcia-Cartagena-Alicante | El Digital de Asturias\" \/>\n\t\t<meta name=\"twitter:description\" content=\"El presidente de Globalia, Juan Jos\u00e9 Hidalgo, ha confirmado este jueves que el grupo ha conseguido la concesi\u00f3n para operar la l\u00ednea de autob\u00fas entre las localidades de Murcia y Alicante, con parada en Cartagena, resaltando que las operaciones empezar\u00e1n &quot;muy r\u00e1pido&quot;. &quot;La l\u00ednea est\u00e1 concedida, es la primera que nos han adjudicado. Creo que\" \/>\n\t\t<meta name=\"twitter:image\" content=\"https:\/\/eldigitaldeasturias.com\/magazine365\/wp-content\/uploads\/2016\/07\/fotonoticia_20160701093245_800.jpg\" \/>\n\t\t<script type=\"application\/ld+json\" class=\"aioseo-schema\">\n\t\t\t{\"@context\":\"https:\\\/\\\/schema.org\",\"@graph\":[{\"@type\":\"Article\",\"@id\":\"https:\\\/\\\/eldigitaldeasturias.com\\\/magazine365\\\/globalia-confirma-que-operara-proximamente-la-linea-de-autobus-murcia-cartagena-alicante\\\/#article\",\"name\":\"Globalia confirma que operar\\u00e1 pr\\u00f3ximamente la l\\u00ednea de autob\\u00fas Murcia-Cartagena-Alicante | El Digital de Asturias\",\"headline\":\"Globalia confirma que operar\\u00e1 pr\\u00f3ximamente la l\\u00ednea de autob\\u00fas Murcia-Cartagena-Alicante\",\"author\":{\"@id\":\"https:\\\/\\\/eldigitaldeasturias.com\\\/magazine365\\\/author\\\/admin\\\/#author\"},\"publisher\":{\"@id\":\"https:\\\/\\\/eldigitaldeasturias.com\\\/magazine365\\\/#organization\"},\"image\":{\"@type\":\"ImageObject\",\"url\":\"https:\\\/\\\/eldigitaldeasturias.com\\\/magazine365\\\/wp-content\\\/uploads\\\/2016\\\/07\\\/fotonoticia_20160701093245_800.jpg\",\"width\":800,\"height\":454},\"datePublished\":\"2016-07-01T23:23:13+02:00\",\"dateModified\":\"2016-07-01T23:23:13+02:00\",\"inLanguage\":\"es-ES\",\"mainEntityOfPage\":{\"@id\":\"https:\\\/\\\/eldigitaldeasturias.com\\\/magazine365\\\/globalia-confirma-que-operara-proximamente-la-linea-de-autobus-murcia-cartagena-alicante\\\/#webpage\"},\"isPartOf\":{\"@id\":\"https:\\\/\\\/eldigitaldeasturias.com\\\/magazine365\\\/globalia-confirma-que-operara-proximamente-la-linea-de-autobus-murcia-cartagena-alicante\\\/#webpage\"},\"articleSection\":\"Noticias y Actualidad\"},{\"@type\":\"BreadcrumbList\",\"@id\":\"https:\\\/\\\/eldigitaldeasturias.com\\\/magazine365\\\/globalia-confirma-que-operara-proximamente-la-linea-de-autobus-murcia-cartagena-alicante\\\/#breadcrumblist\",\"itemListElement\":[{\"@type\":\"ListItem\",\"@id\":\"https:\\\/\\\/eldigitaldeasturias.com\\\/magazine365#listItem\",\"position\":1,\"name\":\"Home\",\"item\":\"https:\\\/\\\/eldigitaldeasturias.com\\\/magazine365\",\"nextItem\":{\"@type\":\"ListItem\",\"@id\":\"https:\\\/\\\/eldigitaldeasturias.com\\\/magazine365\\\/category\\\/noticias-actualidad\\\/#listItem\",\"name\":\"Noticias y Actualidad\"}},{\"@type\":\"ListItem\",\"@id\":\"https:\\\/\\\/eldigitaldeasturias.com\\\/magazine365\\\/category\\\/noticias-actualidad\\\/#listItem\",\"position\":2,\"name\":\"Noticias y Actualidad\",\"item\":\"https:\\\/\\\/eldigitaldeasturias.com\\\/magazine365\\\/category\\\/noticias-actualidad\\\/\",\"nextItem\":{\"@type\":\"ListItem\",\"@id\":\"https:\\\/\\\/eldigitaldeasturias.com\\\/magazine365\\\/globalia-confirma-que-operara-proximamente-la-linea-de-autobus-murcia-cartagena-alicante\\\/#listItem\",\"name\":\"Globalia confirma que operar\\u00e1 pr\\u00f3ximamente la l\\u00ednea de autob\\u00fas Murcia-Cartagena-Alicante\"},\"previousItem\":{\"@type\":\"ListItem\",\"@id\":\"https:\\\/\\\/eldigitaldeasturias.com\\\/magazine365#listItem\",\"name\":\"Home\"}},{\"@type\":\"ListItem\",\"@id\":\"https:\\\/\\\/eldigitaldeasturias.com\\\/magazine365\\\/globalia-confirma-que-operara-proximamente-la-linea-de-autobus-murcia-cartagena-alicante\\\/#listItem\",\"position\":3,\"name\":\"Globalia confirma que operar\\u00e1 pr\\u00f3ximamente la l\\u00ednea de autob\\u00fas Murcia-Cartagena-Alicante\",\"previousItem\":{\"@type\":\"ListItem\",\"@id\":\"https:\\\/\\\/eldigitaldeasturias.com\\\/magazine365\\\/category\\\/noticias-actualidad\\\/#listItem\",\"name\":\"Noticias y Actualidad\"}}]},{\"@type\":\"Organization\",\"@id\":\"https:\\\/\\\/eldigitaldeasturias.com\\\/magazine365\\\/#organization\",\"name\":\"El digital de Asturias\",\"description\":\"Revista de ocio, turismo y estilo de vida\",\"url\":\"https:\\\/\\\/eldigitaldeasturias.com\\\/magazine365\\\/\",\"logo\":{\"@type\":\"ImageObject\",\"url\":\"https:\\\/\\\/www.eldigitaldeasturias.com\\\/noticias\\\/wp-content\\\/uploads\\\/2020\\\/12\\\/EDA.jpg\",\"@id\":\"https:\\\/\\\/eldigitaldeasturias.com\\\/magazine365\\\/globalia-confirma-que-operara-proximamente-la-linea-de-autobus-murcia-cartagena-alicante\\\/#organizationLogo\"},\"image\":{\"@id\":\"https:\\\/\\\/eldigitaldeasturias.com\\\/magazine365\\\/globalia-confirma-que-operara-proximamente-la-linea-de-autobus-murcia-cartagena-alicante\\\/#organizationLogo\"}},{\"@type\":\"Person\",\"@id\":\"https:\\\/\\\/eldigitaldeasturias.com\\\/magazine365\\\/author\\\/admin\\\/#author\",\"url\":\"https:\\\/\\\/eldigitaldeasturias.com\\\/magazine365\\\/author\\\/admin\\\/\",\"name\":\"admin\",\"image\":{\"@type\":\"ImageObject\",\"@id\":\"https:\\\/\\\/eldigitaldeasturias.com\\\/magazine365\\\/globalia-confirma-que-operara-proximamente-la-linea-de-autobus-murcia-cartagena-alicante\\\/#authorImage\",\"url\":\"https:\\\/\\\/eldigitaldeasturias.com\\\/magazine365\\\/wp-content\\\/litespeed\\\/avatar\\\/e571bcf59a0edd6fa6838245a470f2fe.jpg?ver=1776969259\",\"width\":96,\"height\":96,\"caption\":\"admin\"}},{\"@type\":\"WebPage\",\"@id\":\"https:\\\/\\\/eldigitaldeasturias.com\\\/magazine365\\\/globalia-confirma-que-operara-proximamente-la-linea-de-autobus-murcia-cartagena-alicante\\\/#webpage\",\"url\":\"https:\\\/\\\/eldigitaldeasturias.com\\\/magazine365\\\/globalia-confirma-que-operara-proximamente-la-linea-de-autobus-murcia-cartagena-alicante\\\/\",\"name\":\"Globalia confirma que operar\\u00e1 pr\\u00f3ximamente la l\\u00ednea de autob\\u00fas Murcia-Cartagena-Alicante | El Digital de Asturias\",\"description\":\"El presidente de Globalia, Juan Jos\\u00e9 Hidalgo, ha confirmado este jueves que el grupo ha conseguido la concesi\\u00f3n para operar la l\\u00ednea de autob\\u00fas entre las localidades de Murcia y Alicante, con parada en Cartagena, resaltando que las operaciones empezar\\u00e1n \\\"muy r\\u00e1pido\\\". \\\"La l\\u00ednea est\\u00e1 concedida, es la primera que nos han adjudicado. Creo que\",\"inLanguage\":\"es-ES\",\"isPartOf\":{\"@id\":\"https:\\\/\\\/eldigitaldeasturias.com\\\/magazine365\\\/#website\"},\"breadcrumb\":{\"@id\":\"https:\\\/\\\/eldigitaldeasturias.com\\\/magazine365\\\/globalia-confirma-que-operara-proximamente-la-linea-de-autobus-murcia-cartagena-alicante\\\/#breadcrumblist\"},\"author\":{\"@id\":\"https:\\\/\\\/eldigitaldeasturias.com\\\/magazine365\\\/author\\\/admin\\\/#author\"},\"creator\":{\"@id\":\"https:\\\/\\\/eldigitaldeasturias.com\\\/magazine365\\\/author\\\/admin\\\/#author\"},\"image\":{\"@type\":\"ImageObject\",\"url\":\"https:\\\/\\\/eldigitaldeasturias.com\\\/magazine365\\\/wp-content\\\/uploads\\\/2016\\\/07\\\/fotonoticia_20160701093245_800.jpg\",\"@id\":\"https:\\\/\\\/eldigitaldeasturias.com\\\/magazine365\\\/globalia-confirma-que-operara-proximamente-la-linea-de-autobus-murcia-cartagena-alicante\\\/#mainImage\",\"width\":800,\"height\":454},\"primaryImageOfPage\":{\"@id\":\"https:\\\/\\\/eldigitaldeasturias.com\\\/magazine365\\\/globalia-confirma-que-operara-proximamente-la-linea-de-autobus-murcia-cartagena-alicante\\\/#mainImage\"},\"datePublished\":\"2016-07-01T23:23:13+02:00\",\"dateModified\":\"2016-07-01T23:23:13+02:00\"},{\"@type\":\"WebSite\",\"@id\":\"https:\\\/\\\/eldigitaldeasturias.com\\\/magazine365\\\/#website\",\"url\":\"https:\\\/\\\/eldigitaldeasturias.com\\\/magazine365\\\/\",\"name\":\"El Digital de Asturias\",\"description\":\"Revista de ocio, turismo y estilo de vida\",\"inLanguage\":\"es-ES\",\"publisher\":{\"@id\":\"https:\\\/\\\/eldigitaldeasturias.com\\\/magazine365\\\/#organization\"}}]}\n\t\t<\/script>\n\t\t<!-- All in One SEO Pro -->\r\n\t\t<title>Globalia confirma que operar\u00e1 pr\u00f3ximamente la l\u00ednea de autob\u00fas Murcia-Cartagena-Alicante | El Digital de Asturias<\/title>\n\n","aioseo_head_json":{"title":"Globalia confirma que operar\u00e1 pr\u00f3ximamente la l\u00ednea de autob\u00fas Murcia-Cartagena-Alicante | El Digital de Asturias","description":"El presidente de Globalia, Juan Jos\u00e9 Hidalgo, ha confirmado este jueves que el grupo ha conseguido la concesi\u00f3n para operar la l\u00ednea de autob\u00fas entre las localidades de Murcia y Alicante, con parada en Cartagena, resaltando que las operaciones empezar\u00e1n \"muy r\u00e1pido\". \"La l\u00ednea est\u00e1 concedida, es la primera que nos han adjudicado. Creo que","canonical_url":"https:\/\/eldigitaldeasturias.com\/magazine365\/globalia-confirma-que-operara-proximamente-la-linea-de-autobus-murcia-cartagena-alicante\/","robots":"max-image-preview:large","keywords":"noticias y actualidad","webmasterTools":{"google-site-verification":"UA-38556648-1","miscellaneous":""},"schema":{"@context":"https:\/\/schema.org","@graph":[{"@type":"Article","@id":"https:\/\/eldigitaldeasturias.com\/magazine365\/globalia-confirma-que-operara-proximamente-la-linea-de-autobus-murcia-cartagena-alicante\/#article","name":"Globalia confirma que operar\u00e1 pr\u00f3ximamente la l\u00ednea de autob\u00fas Murcia-Cartagena-Alicante | El Digital de Asturias","headline":"Globalia confirma que operar\u00e1 pr\u00f3ximamente la l\u00ednea de autob\u00fas Murcia-Cartagena-Alicante","author":{"@id":"https:\/\/eldigitaldeasturias.com\/magazine365\/author\/admin\/#author"},"publisher":{"@id":"https:\/\/eldigitaldeasturias.com\/magazine365\/#organization"},"image":{"@type":"ImageObject","url":"https:\/\/eldigitaldeasturias.com\/magazine365\/wp-content\/uploads\/2016\/07\/fotonoticia_20160701093245_800.jpg","width":800,"height":454},"datePublished":"2016-07-01T23:23:13+02:00","dateModified":"2016-07-01T23:23:13+02:00","inLanguage":"es-ES","mainEntityOfPage":{"@id":"https:\/\/eldigitaldeasturias.com\/magazine365\/globalia-confirma-que-operara-proximamente-la-linea-de-autobus-murcia-cartagena-alicante\/#webpage"},"isPartOf":{"@id":"https:\/\/eldigitaldeasturias.com\/magazine365\/globalia-confirma-que-operara-proximamente-la-linea-de-autobus-murcia-cartagena-alicante\/#webpage"},"articleSection":"Noticias y Actualidad"},{"@type":"BreadcrumbList","@id":"https:\/\/eldigitaldeasturias.com\/magazine365\/globalia-confirma-que-operara-proximamente-la-linea-de-autobus-murcia-cartagena-alicante\/#breadcrumblist","itemListElement":[{"@type":"ListItem","@id":"https:\/\/eldigitaldeasturias.com\/magazine365#listItem","position":1,"name":"Home","item":"https:\/\/eldigitaldeasturias.com\/magazine365","nextItem":{"@type":"ListItem","@id":"https:\/\/eldigitaldeasturias.com\/magazine365\/category\/noticias-actualidad\/#listItem","name":"Noticias y Actualidad"}},{"@type":"ListItem","@id":"https:\/\/eldigitaldeasturias.com\/magazine365\/category\/noticias-actualidad\/#listItem","position":2,"name":"Noticias y Actualidad","item":"https:\/\/eldigitaldeasturias.com\/magazine365\/category\/noticias-actualidad\/","nextItem":{"@type":"ListItem","@id":"https:\/\/eldigitaldeasturias.com\/magazine365\/globalia-confirma-que-operara-proximamente-la-linea-de-autobus-murcia-cartagena-alicante\/#listItem","name":"Globalia confirma que operar\u00e1 pr\u00f3ximamente la l\u00ednea de autob\u00fas Murcia-Cartagena-Alicante"},"previousItem":{"@type":"ListItem","@id":"https:\/\/eldigitaldeasturias.com\/magazine365#listItem","name":"Home"}},{"@type":"ListItem","@id":"https:\/\/eldigitaldeasturias.com\/magazine365\/globalia-confirma-que-operara-proximamente-la-linea-de-autobus-murcia-cartagena-alicante\/#listItem","position":3,"name":"Globalia confirma que operar\u00e1 pr\u00f3ximamente la l\u00ednea de autob\u00fas Murcia-Cartagena-Alicante","previousItem":{"@type":"ListItem","@id":"https:\/\/eldigitaldeasturias.com\/magazine365\/category\/noticias-actualidad\/#listItem","name":"Noticias y Actualidad"}}]},{"@type":"Organization","@id":"https:\/\/eldigitaldeasturias.com\/magazine365\/#organization","name":"El digital de Asturias","description":"Revista de ocio, turismo y estilo de vida","url":"https:\/\/eldigitaldeasturias.com\/magazine365\/","logo":{"@type":"ImageObject","url":"https:\/\/www.eldigitaldeasturias.com\/noticias\/wp-content\/uploads\/2020\/12\/EDA.jpg","@id":"https:\/\/eldigitaldeasturias.com\/magazine365\/globalia-confirma-que-operara-proximamente-la-linea-de-autobus-murcia-cartagena-alicante\/#organizationLogo"},"image":{"@id":"https:\/\/eldigitaldeasturias.com\/magazine365\/globalia-confirma-que-operara-proximamente-la-linea-de-autobus-murcia-cartagena-alicante\/#organizationLogo"}},{"@type":"Person","@id":"https:\/\/eldigitaldeasturias.com\/magazine365\/author\/admin\/#author","url":"https:\/\/eldigitaldeasturias.com\/magazine365\/author\/admin\/","name":"admin","image":{"@type":"ImageObject","@id":"https:\/\/eldigitaldeasturias.com\/magazine365\/globalia-confirma-que-operara-proximamente-la-linea-de-autobus-murcia-cartagena-alicante\/#authorImage","url":"https:\/\/eldigitaldeasturias.com\/magazine365\/wp-content\/litespeed\/avatar\/e571bcf59a0edd6fa6838245a470f2fe.jpg?ver=1776969259","width":96,"height":96,"caption":"admin"}},{"@type":"WebPage","@id":"https:\/\/eldigitaldeasturias.com\/magazine365\/globalia-confirma-que-operara-proximamente-la-linea-de-autobus-murcia-cartagena-alicante\/#webpage","url":"https:\/\/eldigitaldeasturias.com\/magazine365\/globalia-confirma-que-operara-proximamente-la-linea-de-autobus-murcia-cartagena-alicante\/","name":"Globalia confirma que operar\u00e1 pr\u00f3ximamente la l\u00ednea de autob\u00fas Murcia-Cartagena-Alicante | El Digital de Asturias","description":"El presidente de Globalia, Juan Jos\u00e9 Hidalgo, ha confirmado este jueves que el grupo ha conseguido la concesi\u00f3n para operar la l\u00ednea de autob\u00fas entre las localidades de Murcia y Alicante, con parada en Cartagena, resaltando que las operaciones empezar\u00e1n \"muy r\u00e1pido\". \"La l\u00ednea est\u00e1 concedida, es la primera que nos han adjudicado. Creo que","inLanguage":"es-ES","isPartOf":{"@id":"https:\/\/eldigitaldeasturias.com\/magazine365\/#website"},"breadcrumb":{"@id":"https:\/\/eldigitaldeasturias.com\/magazine365\/globalia-confirma-que-operara-proximamente-la-linea-de-autobus-murcia-cartagena-alicante\/#breadcrumblist"},"author":{"@id":"https:\/\/eldigitaldeasturias.com\/magazine365\/author\/admin\/#author"},"creator":{"@id":"https:\/\/eldigitaldeasturias.com\/magazine365\/author\/admin\/#author"},"image":{"@type":"ImageObject","url":"https:\/\/eldigitaldeasturias.com\/magazine365\/wp-content\/uploads\/2016\/07\/fotonoticia_20160701093245_800.jpg","@id":"https:\/\/eldigitaldeasturias.com\/magazine365\/globalia-confirma-que-operara-proximamente-la-linea-de-autobus-murcia-cartagena-alicante\/#mainImage","width":800,"height":454},"primaryImageOfPage":{"@id":"https:\/\/eldigitaldeasturias.com\/magazine365\/globalia-confirma-que-operara-proximamente-la-linea-de-autobus-murcia-cartagena-alicante\/#mainImage"},"datePublished":"2016-07-01T23:23:13+02:00","dateModified":"2016-07-01T23:23:13+02:00"},{"@type":"WebSite","@id":"https:\/\/eldigitaldeasturias.com\/magazine365\/#website","url":"https:\/\/eldigitaldeasturias.com\/magazine365\/","name":"El Digital de Asturias","description":"Revista de ocio, turismo y estilo de vida","inLanguage":"es-ES","publisher":{"@id":"https:\/\/eldigitaldeasturias.com\/magazine365\/#organization"}}]},"og:locale":"es_ES","og:site_name":"El Digital de Asturias \u2013 Revista de ocio, turismo y estilo de vida","og:type":"article","og:title":"Globalia confirma que operar\u00e1 pr\u00f3ximamente la l\u00ednea de autob\u00fas Murcia-Cartagena-Alicante | El Digital de Asturias","og:description":"El presidente de Globalia, Juan Jos\u00e9 Hidalgo, ha confirmado este jueves que el grupo ha conseguido la concesi\u00f3n para operar la l\u00ednea de autob\u00fas entre las localidades de Murcia y Alicante, con parada en Cartagena, resaltando que las operaciones empezar\u00e1n &quot;muy r\u00e1pido&quot;. &quot;La l\u00ednea est\u00e1 concedida, es la primera que nos han adjudicado. Creo que","og:url":"https:\/\/eldigitaldeasturias.com\/magazine365\/globalia-confirma-que-operara-proximamente-la-linea-de-autobus-murcia-cartagena-alicante\/","og:image":"https:\/\/eldigitaldeasturias.com\/magazine365\/wp-content\/uploads\/2016\/07\/fotonoticia_20160701093245_800.jpg","og:image:secure_url":"https:\/\/eldigitaldeasturias.com\/magazine365\/wp-content\/uploads\/2016\/07\/fotonoticia_20160701093245_800.jpg","og:image:width":800,"og:image:height":454,"article:published_time":"2016-07-01T21:23:13+00:00","article:modified_time":"2016-07-01T21:23:13+00:00","twitter:card":"summary_large_image","twitter:title":"Globalia confirma que operar\u00e1 pr\u00f3ximamente la l\u00ednea de autob\u00fas Murcia-Cartagena-Alicante | El Digital de Asturias","twitter:description":"El presidente de Globalia, Juan Jos\u00e9 Hidalgo, ha confirmado este jueves que el grupo ha conseguido la concesi\u00f3n para operar la l\u00ednea de autob\u00fas entre las localidades de Murcia y Alicante, con parada en Cartagena, resaltando que las operaciones empezar\u00e1n &quot;muy r\u00e1pido&quot;. &quot;La l\u00ednea est\u00e1 concedida, es la primera que nos han adjudicado. Creo que","twitter:image":"https:\/\/eldigitaldeasturias.com\/magazine365\/wp-content\/uploads\/2016\/07\/fotonoticia_20160701093245_800.jpg"},"aioseo_meta_data":{"post_id":"81363","title":null,"description":null,"keywords":null,"keyphrases":null,"primary_term":null,"canonical_url":null,"og_title":null,"og_description":null,"og_object_type":"default","og_image_type":"default","og_image_url":null,"og_image_width":null,"og_image_height":null,"og_image_custom_url":null,"og_image_custom_fields":null,"og_video":null,"og_custom_url":null,"og_article_section":null,"og_article_tags":null,"twitter_use_og":false,"twitter_card":"default","twitter_image_type":"default","twitter_image_url":null,"twitter_image_custom_url":null,"twitter_image_custom_fields":null,"twitter_title":null,"twitter_description":null,"schema":{"blockGraphs":[],"customGraphs":[],"default":{"data":{"Article":[],"Course":[],"Dataset":[],"FAQPage":[],"Movie":[],"Person":[],"Product":[],"ProductReview":[],"Car":[],"Recipe":[],"Service":[],"SoftwareApplication":[],"WebPage":[]},"graphName":"","isEnabled":true},"graphs":[],"defaultGraph":"","defaultPostTypeGraph":""},"schema_type":null,"schema_type_options":null,"pillar_content":false,"robots_default":true,"robots_noindex":false,"robots_noarchive":false,"robots_nosnippet":false,"robots_nofollow":false,"robots_noimageindex":false,"robots_noodp":false,"robots_notranslate":false,"robots_max_snippet":null,"robots_max_videopreview":null,"robots_max_imagepreview":"large","priority":null,"frequency":null,"location":null,"local_seo":null,"seo_analyzer_scan_date":"2025-09-27 22:42:23","breadcrumb_settings":null,"limit_modified_date":false,"open_ai":null,"ai":null,"created":"2021-03-08 17:18:58","updated":"2025-09-27 22:42:23"},"aioseo_breadcrumb":"<div class=\"aioseo-breadcrumbs\"><span class=\"aioseo-breadcrumb\">\n\t<a href=\"https:\/\/eldigitaldeasturias.com\/magazine365\" title=\"Home\">Home<\/a>\n<\/span><span class=\"aioseo-breadcrumb-separator\">\u2013<\/span><span class=\"aioseo-breadcrumb\">\n\t<a href=\"https:\/\/eldigitaldeasturias.com\/magazine365\/category\/noticias-actualidad\/\" title=\"Noticias y Actualidad\">Noticias y Actualidad<\/a>\n<\/span><span class=\"aioseo-breadcrumb-separator\">\u2013<\/span><span class=\"aioseo-breadcrumb\">\n\t<a href=\"https:\/\/eldigitaldeasturias.com\/magazine365\/globalia-confirma-que-operara-proximamente-la-linea-de-autobus-murcia-cartagena-alicante\/\" title=\"Globalia confirma que operar\u00e1 pr\u00f3ximamente la l\u00ednea de autob\u00fas Murcia-Cartagena-Alicante\">Globalia confirma que operar\u00e1 pr\u00f3ximamente la l\u00ednea de autob\u00fas Murcia-Cartagena-Alicante<\/a>\n<\/span><\/div>","aioseo_breadcrumb_json":[{"label":"Home","link":"https:\/\/eldigitaldeasturias.com\/magazine365"},{"label":"Noticias y Actualidad","link":"https:\/\/eldigitaldeasturias.com\/magazine365\/category\/noticias-actualidad\/"},{"label":"Globalia confirma que operar\u00e1 pr\u00f3ximamente la l\u00ednea de autob\u00fas Murcia-Cartagena-Alicante","link":"https:\/\/eldigitaldeasturias.com\/magazine365\/globalia-confirma-que-operara-proximamente-la-linea-de-autobus-murcia-cartagena-alicante\/"}],"_links":{"self":[{"href":"https:\/\/eldigitaldeasturias.com\/magazine365\/wp-json\/wp\/v2\/posts\/81363","targetHints":{"allow":["GET"]}}],"collection":[{"href":"https:\/\/eldigitaldeasturias.com\/magazine365\/wp-json\/wp\/v2\/posts"}],"about":[{"href":"https:\/\/eldigitaldeasturias.com\/magazine365\/wp-json\/wp\/v2\/types\/post"}],"author":[{"embeddable":true,"href":"https:\/\/eldigitaldeasturias.com\/magazine365\/wp-json\/wp\/v2\/users\/1"}],"replies":[{"embeddable":true,"href":"https:\/\/eldigitaldeasturias.com\/magazine365\/wp-json\/wp\/v2\/comments?post=81363"}],"version-history":[{"count":0,"href":"https:\/\/eldigitaldeasturias.com\/magazine365\/wp-json\/wp\/v2\/posts\/81363\/revisions"}],"wp:featuredmedia":[{"embeddable":true,"href":"https:\/\/eldigitaldeasturias.com\/magazine365\/wp-json\/wp\/v2\/media\/81364"}],"wp:attachment":[{"href":"https:\/\/eldigitaldeasturias.com\/magazine365\/wp-json\/wp\/v2\/media?parent=81363"}],"wp:term":[{"taxonomy":"category","embeddable":true,"href":"https:\/\/eldigitaldeasturias.com\/magazine365\/wp-json\/wp\/v2\/categories?post=81363"},{"taxonomy":"post_tag","embeddable":true,"href":"https:\/\/eldigitaldeasturias.com\/magazine365\/wp-json\/wp\/v2\/tags?post=81363"}],"curies":[{"name":"wp","href":"https:\/\/api.w.org\/{rel}","templated":true}]}}