{"id":81360,"date":"2016-07-01T23:22:02","date_gmt":"2016-07-01T21:22:02","guid":{"rendered":"http:\/\/eldigitaldeasturias.com\/magazine365\/?p=81360"},"modified":"2016-07-01T23:22:02","modified_gmt":"2016-07-01T21:22:02","slug":"air-europa-anuncia-que-operara-una-nueva-ruta-a-cartagena-de-indias","status":"publish","type":"post","link":"https:\/\/eldigitaldeasturias.com\/magazine365\/air-europa-anuncia-que-operara-una-nueva-ruta-a-cartagena-de-indias\/","title":{"rendered":"Air Europa anuncia que operar\u00e1 una nueva ruta a Cartagena de Indias"},"content":{"rendered":"<p><img fetchpriority=\"high\" decoding=\"async\" class=\"alignleft size-medium wp-image-81361\" src=\"https:\/\/eldigitaldeasturias.com\/magazine365\/wp-content\/uploads\/2016\/07\/fotonoticia_20160701093144_800-360x270.jpg\" alt=\"fotonoticia_20160701093144_800\" width=\"360\" height=\"270\" srcset=\"https:\/\/eldigitaldeasturias.com\/magazine365\/wp-content\/uploads\/2016\/07\/fotonoticia_20160701093144_800-360x270.jpg 360w, https:\/\/eldigitaldeasturias.com\/magazine365\/wp-content\/uploads\/2016\/07\/fotonoticia_20160701093144_800-650x488.jpg 650w, https:\/\/eldigitaldeasturias.com\/magazine365\/wp-content\/uploads\/2016\/07\/fotonoticia_20160701093144_800-768x576.jpg 768w, https:\/\/eldigitaldeasturias.com\/magazine365\/wp-content\/uploads\/2016\/07\/fotonoticia_20160701093144_800-150x113.jpg 150w, https:\/\/eldigitaldeasturias.com\/magazine365\/wp-content\/uploads\/2016\/07\/fotonoticia_20160701093144_800-450x338.jpg 450w, https:\/\/eldigitaldeasturias.com\/magazine365\/wp-content\/uploads\/2016\/07\/fotonoticia_20160701093144_800-90x67.jpg 90w, https:\/\/eldigitaldeasturias.com\/magazine365\/wp-content\/uploads\/2016\/07\/fotonoticia_20160701093144_800-164x124.jpg 164w, https:\/\/eldigitaldeasturias.com\/magazine365\/wp-content\/uploads\/2016\/07\/fotonoticia_20160701093144_800-100x75.jpg 100w, https:\/\/eldigitaldeasturias.com\/magazine365\/wp-content\/uploads\/2016\/07\/fotonoticia_20160701093144_800.jpg 800w\" sizes=\"(max-width: 360px) 100vw, 360px\" \/>El presidente de Globalia, Juan Jos\u00e9 Hidalgo, ha anunciado este jueves que la aerol\u00ednea Air Europa, parte del grupo, operar\u00e1 a partir de marzo de 2017 una ruta a la localidad colombiana de Cartagena de Indias.<\/p>\n<p>Durante un encuentro con periodistas en la capital del pa\u00eds, Bogot\u00e1, Hidalgo ha detallado que \u00abm\u00ednimo habr\u00e1 dos frecuencias (diarias), pero pueden ser tres\u00bb.<\/p>\n<p>\u00abEst\u00e1bamos en duda sobre si iniciar (la ruta) en diciembre o en marzo, y al final parece que los hoteleros han empujado la posibilidad de marzo\u00bb, ha dicho.<\/p>\n<p>\u00abCreo que ser\u00e1 definitivamente en este mes cuando se empiece la ruta, porque la temporada alta est\u00e1 bastante completa\u00bb, ha remachado Hidalgo, quien el martes viaj\u00f3 a Bogot\u00e1 en el vuelo inaugural de Air Europa a la capital colombiana.<\/p>\n<p>Sobre el proyecto de expansi\u00f3n de la aerol\u00ednea en Am\u00e9rica Latina, el presidente de Globalia ha recordado durante la estancia en el pa\u00eds que \u00abno es en este momento (cuando se impulsan las redes en esta regi\u00f3n), sino que lleva ya ocho a\u00f1os, cada a\u00f1o abriendo dos o tres rutas\u00bb.<\/p>\n<p>\u00abNo es un tema novedoso para Air Europa, es un plan proyectado con muchos a\u00f1os para ir haciendo paso a paso, no podemos hacer todo de golpe\u00bb, ha dicho.<\/p>\n<p>En este sentido, ha recalcado que \u00abAir Europa tiene todo planificado hasta 2022, cuando tendr\u00e1 una sola flota\u00bb.<\/p>\n<p>As\u00ed, ha detallado que \u00abde aqu\u00ed a 2022 van a venir de f\u00e1brica 46 aviones nuevos\u00bb, destacando la mejora que esto supondr\u00e1 para la flota y argumentando que \u00abcada vez que viene un avi\u00f3n m\u00e1s moderno es m\u00e1s eficiente, porque cada vez se hacen mejor las cosas\u00bb.<\/p>\n<p>NUEVOS PROYECTOS EN LA REGI\u00d3N<\/p>\n<p>Por ello, Hidalgo ha se\u00f1alado que \u00ablas l\u00edneas que quedan est\u00e1n claras\u00bb. \u00abTenemos que ir a Santiago de Chile, Ciudad de Panam\u00e1 y Ciudad de M\u00e9xico, que son las tres l\u00edneas m\u00e1s eminentes que tenemos que hacer en esta zona\u00bb, ha dicho.<\/p>\n<p>\u00abCreo que cubriendo estas tres tenemos todo cubierto, volando a Quito y Guayaquil entre noviembre y diciembre y C\u00f3rdoba en Argentina (este a\u00f1o, v\u00eda Asunci\u00f3n)\u00bb, ha a\u00f1adido.<\/p>\n<p>Asimismo, ha reconocido que uno de los puntos que podr\u00eda ser considerado es la localidad brasile\u00f1a de R\u00edo de Janeiro, si bien ha destacado que ser\u00eda necesario que \u00abBrasil se recupere un poco\u00bb.<\/p>\n<p>\u00abAhora volamos a Sao Paulo y Salvador de Bah\u00eda. Podr\u00eda ser (que se abra la ruta a R\u00edo de Janeiro), pero Brasil ahora est\u00e1 flojo, hay algunos problemas de corredor de tr\u00e1fico\u00bb.<\/p>\n<p>Por \u00faltimo, el presidente de Globalia ha se\u00f1alado que \u00abuna vez se cubra esto, hay que ir a Am\u00e9rica del Norte, hay que ir a algunos puntos m\u00e1s\u00bb.<\/p>\n<p>\u00abAhora volamos a Nueva York, Miami y San Juan, y tenemos que buscar alguna alternativa en Am\u00e9rica del Norte\u00bb, ha puntualizado.<\/p>\n<p>\u00abLuego ya lo que queda es China, algo en \u00c1frica, como Johannesburgo\u00bb, ha destacado, poniendo sobre la mesa la posibilidad de una ruta a Jap\u00f3n, si bien ha reconocido que \u00abeso son cosas mayores\u00bb ya que \u00abhace falta crecer mucho en flota\u00bb.<\/p>\n<p>CONTROLA M\u00c1S DEL 40% DE LA CUOTA DE MERCADO<\/p>\n<p>Hidalgo ha indicado adem\u00e1s que \u00aben global, haciendo una estad\u00edstica y de forma aventurada, Air Europa est\u00e1 por encima del 40 por ciento (de la cuota de mercado de tr\u00e1fico europeo a Am\u00e9rica Latina)\u00bb.<\/p>\n<p>\u00abEl primer d\u00eda &#8211;de la ruta a Bogot\u00e1&#8211; hemos conseguido el 25 por ciento de la ruta\u00bb, ha dicho, en referencia a la citada inauguraci\u00f3n.<\/p>\n<p>\u00abHe preguntado si el \u00e9xito ha sido en detrimento de los dem\u00e1s, y me han dicho que no. Hemos crecido\u00bb, ha se\u00f1alado.<\/p>\n<p>\u00abSi hab\u00eda tres vuelos diarios con Madrid, ahora hay cuatro y el tr\u00e1fico ha subido un 25 por ciento\u00bb, ha manifestado, agregando que \u00abel mercado ped\u00eda el crecimiento\u00bb. \u00abEra necesario un vuelo m\u00e1s\u00bb, ha arg\u00fcido.<\/p>\n<p>Los vuelos de esta nueva ruta saldr\u00e1n a diario de Madrid a las 14.55 horas con llegada a las 17.55 horas a Bogot\u00e1 y, a su regreso, partir\u00e1n de la capital colombiana a las 20.00 horas para aterrizar en el aeropuerto Adolfo Su\u00e1rez Madrid-Barajas a las 12.25 horas del d\u00eda siguiente, siempre seg\u00fan la hora local.<\/p>\n<p>AIR EUROPA EXPRESS<\/p>\n<p>En otro orden de cosas, Hidalgo ha defendido el proyecto de Air Europa Express, subrayando que \u00abes un tema de ahorro de costos en la conectividad\u00bb.<\/p>\n<p>\u00abTenemos que pensar que para todo este plan de crecimiento, de nuevas rutas y de tener una flota unificada de s\u00f3lo un modelo en 2022, necesitamos mucha alimentaci\u00f3n, y debe ir por un tema de menos costos, por lo que es un tema competitivo\u00bb, ha argumentado.<\/p>\n<p>\u00abTenemos que competir con Iberia, con los modelos de Iberia Express, con Vueling, con Air Nostrum, y tenemos que buscar un modelo m\u00e1s econ\u00f3mico\u00bb, ha resaltado.<\/p>\n<p>En este sentido, ha subrayado que \u00abtodos los pilotos (de Air Europa) van a progresar\u00bb. \u00abNadie puede pensar que le puede perjudicar el modelo paralelo de una empresa m\u00e1s competitiva\u00bb, ha a\u00f1adido.<\/p>\n<p>\u00abLa empresa tiene proyectado algo para no perjudicar a nadie, para que todo el mundo progrese en una misma idea, en una misma acci\u00f3n, en un mismo modelo, y en una empresa mod\u00e9lica, que es la que estamos creando\u00bb, ha zanjado.<\/p>\n<p>Air Europa Express fue fundada en 1996 y ces\u00f3 sus operaciones en 2001, si bien Globalia anunci\u00f3 en diciembre de 2015 que crear\u00eda una nueva filial en 2016, tras la compra de Aeronova, la cual recibir\u00eda el nombre de Air Europa Express.<\/p>\n<p>LAS NEGOCIACIONES CON HNA<\/p>\n<p>Hidalgo se ha referido tambi\u00e9n a las negociaciones con el grupo chino HNA, recalcando que \u00abno ha buscado a ning\u00fan socio\u00bb. \u00abNo he dicho en ning\u00fan momento que fuera a vender nada\u00bb, ha agregado.<\/p>\n<p>\u00abSiempre he dicho que me voy a mantener siendo el m\u00e1ximo accionista de este proyecto, que he ido creando poco a poco y que empec\u00e9 de cero\u00bb, ha resaltado.<\/p>\n<p>\u00abLo que ocurre es que han llamado a nuestra puerta unas personas interesadas, y las hemos escuchado. Escuch\u00e9 con mucha atenci\u00f3n el proyecto de HNA\u00bb, ha dicho, apuntando que es el proyecto \u00abque m\u00e1s ha gustado\u00bb.<\/p>\n<p>Sin embargo, ha insistido en que \u00abla compa\u00f1\u00eda ha crecido con sus propios esfuerzos y ha generado la suficiente econom\u00eda para poder soportar el crecimiento\u00bb.<\/p>\n<p>\u00abPor eso nunca he pensado en un socio que me aporte econom\u00eda, sino en un socio que me aporte sinergias\u00bb, ha se\u00f1alado, al tiempo que ha destacado que \u00abChina es el futuro del movimiento de personas por todo el mundo\u00bb.<\/p>\n<p>\u00abHe entendido siempre que buscar una sinergia con China era una sinergia importante para el grupo\u00bb, ha reconocido el presidente de Globalia.<\/p>\n<p>As\u00ed, ha manifestado que \u00ablo \u00fanico que se pretende con HNA es un socio que comparta ideas y aporte sinergias, as\u00ed como entenderse con un socio en lugar de con ocho que hay ahora\u00bb.<\/p>\n<p>\u00abSi llega HNA, me encantan como socios, pero si no llega, el grupo tiene todas sus l\u00edneas trazadas, tiene una modernidad prevista en toda su flota y tiene una previsi\u00f3n de abrir rutas. No va a cambiar ning\u00fan rumbo ni va a cambiar nada\u00bb, ha recalcado.<\/p>\n","protected":false},"excerpt":{"rendered":"<p>El presidente de Globalia, Juan Jos\u00e9 Hidalgo, ha anunciado este jueves que la aerol\u00ednea Air Europa, parte del grupo, operar\u00e1 a partir de marzo de 2017 una ruta a la localidad colombiana de Cartagena de Indias. Durante un encuentro con periodistas en la capital del pa\u00eds, Bogot\u00e1, Hidalgo ha detallado que \u00abm\u00ednimo habr\u00e1 dos frecuencias<\/p>\n","protected":false},"author":1,"featured_media":81361,"comment_status":"open","ping_status":"closed","sticky":false,"template":"","format":"standard","meta":{"footnotes":""},"categories":[224],"tags":[],"class_list":{"0":"post-81360","1":"post","2":"type-post","3":"status-publish","4":"format-standard","5":"has-post-thumbnail","7":"category-noticias-actualidad"},"aioseo_notices":[],"aioseo_head":"\n\t\t<!-- All in One SEO Pro 4.9.6.1 - aioseo.com -->\n\t<meta name=\"description\" content=\"El presidente de Globalia, Juan Jos\u00e9 Hidalgo, ha anunciado este jueves que la aerol\u00ednea Air Europa, parte del grupo, operar\u00e1 a partir de marzo de 2017 una ruta a la localidad colombiana de Cartagena de Indias. Durante un encuentro con periodistas en la capital del pa\u00eds, Bogot\u00e1, Hidalgo ha detallado que &quot;m\u00ednimo habr\u00e1 dos frecuencias\" \/>\n\t<meta name=\"robots\" content=\"max-image-preview:large\" \/>\n\t<meta name=\"author\" content=\"admin\"\/>\n\t<meta name=\"google-site-verification\" content=\"UA-38556648-1\" \/>\n\t<meta name=\"keywords\" content=\"noticias y actualidad\" \/>\n\t<link rel=\"canonical\" href=\"https:\/\/eldigitaldeasturias.com\/magazine365\/air-europa-anuncia-que-operara-una-nueva-ruta-a-cartagena-de-indias\/\" \/>\n\t<meta name=\"generator\" content=\"All in One SEO Pro (AIOSEO) 4.9.6.1\" \/>\n\t\t<meta property=\"og:locale\" content=\"es_ES\" \/>\n\t\t<meta property=\"og:site_name\" content=\"El Digital de Asturias \u2013 Revista de ocio, turismo y estilo de vida\" \/>\n\t\t<meta property=\"og:type\" content=\"article\" \/>\n\t\t<meta property=\"og:title\" content=\"Air Europa anuncia que operar\u00e1 una nueva ruta a Cartagena de Indias | El Digital de Asturias\" \/>\n\t\t<meta property=\"og:description\" content=\"El presidente de Globalia, Juan Jos\u00e9 Hidalgo, ha anunciado este jueves que la aerol\u00ednea Air Europa, parte del grupo, operar\u00e1 a partir de marzo de 2017 una ruta a la localidad colombiana de Cartagena de Indias. Durante un encuentro con periodistas en la capital del pa\u00eds, Bogot\u00e1, Hidalgo ha detallado que &quot;m\u00ednimo habr\u00e1 dos frecuencias\" \/>\n\t\t<meta property=\"og:url\" content=\"https:\/\/eldigitaldeasturias.com\/magazine365\/air-europa-anuncia-que-operara-una-nueva-ruta-a-cartagena-de-indias\/\" \/>\n\t\t<meta property=\"og:image\" content=\"https:\/\/eldigitaldeasturias.com\/magazine365\/wp-content\/uploads\/2016\/07\/fotonoticia_20160701093144_800.jpg\" \/>\n\t\t<meta property=\"og:image:secure_url\" content=\"https:\/\/eldigitaldeasturias.com\/magazine365\/wp-content\/uploads\/2016\/07\/fotonoticia_20160701093144_800.jpg\" \/>\n\t\t<meta property=\"og:image:width\" content=\"800\" \/>\n\t\t<meta property=\"og:image:height\" content=\"600\" \/>\n\t\t<meta property=\"article:published_time\" content=\"2016-07-01T21:22:02+00:00\" \/>\n\t\t<meta property=\"article:modified_time\" content=\"2016-07-01T21:22:02+00:00\" \/>\n\t\t<meta name=\"twitter:card\" content=\"summary_large_image\" \/>\n\t\t<meta name=\"twitter:title\" content=\"Air Europa anuncia que operar\u00e1 una nueva ruta a Cartagena de Indias | El Digital de Asturias\" \/>\n\t\t<meta name=\"twitter:description\" content=\"El presidente de Globalia, Juan Jos\u00e9 Hidalgo, ha anunciado este jueves que la aerol\u00ednea Air Europa, parte del grupo, operar\u00e1 a partir de marzo de 2017 una ruta a la localidad colombiana de Cartagena de Indias. Durante un encuentro con periodistas en la capital del pa\u00eds, Bogot\u00e1, Hidalgo ha detallado que &quot;m\u00ednimo habr\u00e1 dos frecuencias\" \/>\n\t\t<meta name=\"twitter:image\" content=\"https:\/\/eldigitaldeasturias.com\/magazine365\/wp-content\/uploads\/2016\/07\/fotonoticia_20160701093144_800.jpg\" \/>\n\t\t<script type=\"application\/ld+json\" class=\"aioseo-schema\">\n\t\t\t{\"@context\":\"https:\\\/\\\/schema.org\",\"@graph\":[{\"@type\":\"Article\",\"@id\":\"https:\\\/\\\/eldigitaldeasturias.com\\\/magazine365\\\/air-europa-anuncia-que-operara-una-nueva-ruta-a-cartagena-de-indias\\\/#article\",\"name\":\"Air Europa anuncia que operar\\u00e1 una nueva ruta a Cartagena de Indias | El Digital de Asturias\",\"headline\":\"Air Europa anuncia que operar\\u00e1 una nueva ruta a Cartagena de Indias\",\"author\":{\"@id\":\"https:\\\/\\\/eldigitaldeasturias.com\\\/magazine365\\\/author\\\/admin\\\/#author\"},\"publisher\":{\"@id\":\"https:\\\/\\\/eldigitaldeasturias.com\\\/magazine365\\\/#organization\"},\"image\":{\"@type\":\"ImageObject\",\"url\":\"https:\\\/\\\/eldigitaldeasturias.com\\\/magazine365\\\/wp-content\\\/uploads\\\/2016\\\/07\\\/fotonoticia_20160701093144_800.jpg\",\"width\":800,\"height\":600},\"datePublished\":\"2016-07-01T23:22:02+02:00\",\"dateModified\":\"2016-07-01T23:22:02+02:00\",\"inLanguage\":\"es-ES\",\"mainEntityOfPage\":{\"@id\":\"https:\\\/\\\/eldigitaldeasturias.com\\\/magazine365\\\/air-europa-anuncia-que-operara-una-nueva-ruta-a-cartagena-de-indias\\\/#webpage\"},\"isPartOf\":{\"@id\":\"https:\\\/\\\/eldigitaldeasturias.com\\\/magazine365\\\/air-europa-anuncia-que-operara-una-nueva-ruta-a-cartagena-de-indias\\\/#webpage\"},\"articleSection\":\"Noticias y Actualidad\"},{\"@type\":\"BreadcrumbList\",\"@id\":\"https:\\\/\\\/eldigitaldeasturias.com\\\/magazine365\\\/air-europa-anuncia-que-operara-una-nueva-ruta-a-cartagena-de-indias\\\/#breadcrumblist\",\"itemListElement\":[{\"@type\":\"ListItem\",\"@id\":\"https:\\\/\\\/eldigitaldeasturias.com\\\/magazine365#listItem\",\"position\":1,\"name\":\"Home\",\"item\":\"https:\\\/\\\/eldigitaldeasturias.com\\\/magazine365\",\"nextItem\":{\"@type\":\"ListItem\",\"@id\":\"https:\\\/\\\/eldigitaldeasturias.com\\\/magazine365\\\/category\\\/noticias-actualidad\\\/#listItem\",\"name\":\"Noticias y Actualidad\"}},{\"@type\":\"ListItem\",\"@id\":\"https:\\\/\\\/eldigitaldeasturias.com\\\/magazine365\\\/category\\\/noticias-actualidad\\\/#listItem\",\"position\":2,\"name\":\"Noticias y Actualidad\",\"item\":\"https:\\\/\\\/eldigitaldeasturias.com\\\/magazine365\\\/category\\\/noticias-actualidad\\\/\",\"nextItem\":{\"@type\":\"ListItem\",\"@id\":\"https:\\\/\\\/eldigitaldeasturias.com\\\/magazine365\\\/air-europa-anuncia-que-operara-una-nueva-ruta-a-cartagena-de-indias\\\/#listItem\",\"name\":\"Air Europa anuncia que operar\\u00e1 una nueva ruta a Cartagena de Indias\"},\"previousItem\":{\"@type\":\"ListItem\",\"@id\":\"https:\\\/\\\/eldigitaldeasturias.com\\\/magazine365#listItem\",\"name\":\"Home\"}},{\"@type\":\"ListItem\",\"@id\":\"https:\\\/\\\/eldigitaldeasturias.com\\\/magazine365\\\/air-europa-anuncia-que-operara-una-nueva-ruta-a-cartagena-de-indias\\\/#listItem\",\"position\":3,\"name\":\"Air Europa anuncia que operar\\u00e1 una nueva ruta a Cartagena de Indias\",\"previousItem\":{\"@type\":\"ListItem\",\"@id\":\"https:\\\/\\\/eldigitaldeasturias.com\\\/magazine365\\\/category\\\/noticias-actualidad\\\/#listItem\",\"name\":\"Noticias y Actualidad\"}}]},{\"@type\":\"Organization\",\"@id\":\"https:\\\/\\\/eldigitaldeasturias.com\\\/magazine365\\\/#organization\",\"name\":\"El digital de Asturias\",\"description\":\"Revista de ocio, turismo y estilo de vida\",\"url\":\"https:\\\/\\\/eldigitaldeasturias.com\\\/magazine365\\\/\",\"logo\":{\"@type\":\"ImageObject\",\"url\":\"https:\\\/\\\/www.eldigitaldeasturias.com\\\/noticias\\\/wp-content\\\/uploads\\\/2020\\\/12\\\/EDA.jpg\",\"@id\":\"https:\\\/\\\/eldigitaldeasturias.com\\\/magazine365\\\/air-europa-anuncia-que-operara-una-nueva-ruta-a-cartagena-de-indias\\\/#organizationLogo\"},\"image\":{\"@id\":\"https:\\\/\\\/eldigitaldeasturias.com\\\/magazine365\\\/air-europa-anuncia-que-operara-una-nueva-ruta-a-cartagena-de-indias\\\/#organizationLogo\"}},{\"@type\":\"Person\",\"@id\":\"https:\\\/\\\/eldigitaldeasturias.com\\\/magazine365\\\/author\\\/admin\\\/#author\",\"url\":\"https:\\\/\\\/eldigitaldeasturias.com\\\/magazine365\\\/author\\\/admin\\\/\",\"name\":\"admin\",\"image\":{\"@type\":\"ImageObject\",\"@id\":\"https:\\\/\\\/eldigitaldeasturias.com\\\/magazine365\\\/air-europa-anuncia-que-operara-una-nueva-ruta-a-cartagena-de-indias\\\/#authorImage\",\"url\":\"https:\\\/\\\/eldigitaldeasturias.com\\\/magazine365\\\/wp-content\\\/litespeed\\\/avatar\\\/e571bcf59a0edd6fa6838245a470f2fe.jpg?ver=1776969259\",\"width\":96,\"height\":96,\"caption\":\"admin\"}},{\"@type\":\"WebPage\",\"@id\":\"https:\\\/\\\/eldigitaldeasturias.com\\\/magazine365\\\/air-europa-anuncia-que-operara-una-nueva-ruta-a-cartagena-de-indias\\\/#webpage\",\"url\":\"https:\\\/\\\/eldigitaldeasturias.com\\\/magazine365\\\/air-europa-anuncia-que-operara-una-nueva-ruta-a-cartagena-de-indias\\\/\",\"name\":\"Air Europa anuncia que operar\\u00e1 una nueva ruta a Cartagena de Indias | El Digital de Asturias\",\"description\":\"El presidente de Globalia, Juan Jos\\u00e9 Hidalgo, ha anunciado este jueves que la aerol\\u00ednea Air Europa, parte del grupo, operar\\u00e1 a partir de marzo de 2017 una ruta a la localidad colombiana de Cartagena de Indias. Durante un encuentro con periodistas en la capital del pa\\u00eds, Bogot\\u00e1, Hidalgo ha detallado que \\\"m\\u00ednimo habr\\u00e1 dos frecuencias\",\"inLanguage\":\"es-ES\",\"isPartOf\":{\"@id\":\"https:\\\/\\\/eldigitaldeasturias.com\\\/magazine365\\\/#website\"},\"breadcrumb\":{\"@id\":\"https:\\\/\\\/eldigitaldeasturias.com\\\/magazine365\\\/air-europa-anuncia-que-operara-una-nueva-ruta-a-cartagena-de-indias\\\/#breadcrumblist\"},\"author\":{\"@id\":\"https:\\\/\\\/eldigitaldeasturias.com\\\/magazine365\\\/author\\\/admin\\\/#author\"},\"creator\":{\"@id\":\"https:\\\/\\\/eldigitaldeasturias.com\\\/magazine365\\\/author\\\/admin\\\/#author\"},\"image\":{\"@type\":\"ImageObject\",\"url\":\"https:\\\/\\\/eldigitaldeasturias.com\\\/magazine365\\\/wp-content\\\/uploads\\\/2016\\\/07\\\/fotonoticia_20160701093144_800.jpg\",\"@id\":\"https:\\\/\\\/eldigitaldeasturias.com\\\/magazine365\\\/air-europa-anuncia-que-operara-una-nueva-ruta-a-cartagena-de-indias\\\/#mainImage\",\"width\":800,\"height\":600},\"primaryImageOfPage\":{\"@id\":\"https:\\\/\\\/eldigitaldeasturias.com\\\/magazine365\\\/air-europa-anuncia-que-operara-una-nueva-ruta-a-cartagena-de-indias\\\/#mainImage\"},\"datePublished\":\"2016-07-01T23:22:02+02:00\",\"dateModified\":\"2016-07-01T23:22:02+02:00\"},{\"@type\":\"WebSite\",\"@id\":\"https:\\\/\\\/eldigitaldeasturias.com\\\/magazine365\\\/#website\",\"url\":\"https:\\\/\\\/eldigitaldeasturias.com\\\/magazine365\\\/\",\"name\":\"El Digital de Asturias\",\"description\":\"Revista de ocio, turismo y estilo de vida\",\"inLanguage\":\"es-ES\",\"publisher\":{\"@id\":\"https:\\\/\\\/eldigitaldeasturias.com\\\/magazine365\\\/#organization\"}}]}\n\t\t<\/script>\n\t\t<!-- All in One SEO Pro -->\r\n\t\t<title>Air Europa anuncia que operar\u00e1 una nueva ruta a Cartagena de Indias | El Digital de Asturias<\/title>\n\n","aioseo_head_json":{"title":"Air Europa anuncia que operar\u00e1 una nueva ruta a Cartagena de Indias | El Digital de Asturias","description":"El presidente de Globalia, Juan Jos\u00e9 Hidalgo, ha anunciado este jueves que la aerol\u00ednea Air Europa, parte del grupo, operar\u00e1 a partir de marzo de 2017 una ruta a la localidad colombiana de Cartagena de Indias. Durante un encuentro con periodistas en la capital del pa\u00eds, Bogot\u00e1, Hidalgo ha detallado que \"m\u00ednimo habr\u00e1 dos frecuencias","canonical_url":"https:\/\/eldigitaldeasturias.com\/magazine365\/air-europa-anuncia-que-operara-una-nueva-ruta-a-cartagena-de-indias\/","robots":"max-image-preview:large","keywords":"noticias y actualidad","webmasterTools":{"google-site-verification":"UA-38556648-1","miscellaneous":""},"schema":{"@context":"https:\/\/schema.org","@graph":[{"@type":"Article","@id":"https:\/\/eldigitaldeasturias.com\/magazine365\/air-europa-anuncia-que-operara-una-nueva-ruta-a-cartagena-de-indias\/#article","name":"Air Europa anuncia que operar\u00e1 una nueva ruta a Cartagena de Indias | El Digital de Asturias","headline":"Air Europa anuncia que operar\u00e1 una nueva ruta a Cartagena de Indias","author":{"@id":"https:\/\/eldigitaldeasturias.com\/magazine365\/author\/admin\/#author"},"publisher":{"@id":"https:\/\/eldigitaldeasturias.com\/magazine365\/#organization"},"image":{"@type":"ImageObject","url":"https:\/\/eldigitaldeasturias.com\/magazine365\/wp-content\/uploads\/2016\/07\/fotonoticia_20160701093144_800.jpg","width":800,"height":600},"datePublished":"2016-07-01T23:22:02+02:00","dateModified":"2016-07-01T23:22:02+02:00","inLanguage":"es-ES","mainEntityOfPage":{"@id":"https:\/\/eldigitaldeasturias.com\/magazine365\/air-europa-anuncia-que-operara-una-nueva-ruta-a-cartagena-de-indias\/#webpage"},"isPartOf":{"@id":"https:\/\/eldigitaldeasturias.com\/magazine365\/air-europa-anuncia-que-operara-una-nueva-ruta-a-cartagena-de-indias\/#webpage"},"articleSection":"Noticias y Actualidad"},{"@type":"BreadcrumbList","@id":"https:\/\/eldigitaldeasturias.com\/magazine365\/air-europa-anuncia-que-operara-una-nueva-ruta-a-cartagena-de-indias\/#breadcrumblist","itemListElement":[{"@type":"ListItem","@id":"https:\/\/eldigitaldeasturias.com\/magazine365#listItem","position":1,"name":"Home","item":"https:\/\/eldigitaldeasturias.com\/magazine365","nextItem":{"@type":"ListItem","@id":"https:\/\/eldigitaldeasturias.com\/magazine365\/category\/noticias-actualidad\/#listItem","name":"Noticias y Actualidad"}},{"@type":"ListItem","@id":"https:\/\/eldigitaldeasturias.com\/magazine365\/category\/noticias-actualidad\/#listItem","position":2,"name":"Noticias y Actualidad","item":"https:\/\/eldigitaldeasturias.com\/magazine365\/category\/noticias-actualidad\/","nextItem":{"@type":"ListItem","@id":"https:\/\/eldigitaldeasturias.com\/magazine365\/air-europa-anuncia-que-operara-una-nueva-ruta-a-cartagena-de-indias\/#listItem","name":"Air Europa anuncia que operar\u00e1 una nueva ruta a Cartagena de Indias"},"previousItem":{"@type":"ListItem","@id":"https:\/\/eldigitaldeasturias.com\/magazine365#listItem","name":"Home"}},{"@type":"ListItem","@id":"https:\/\/eldigitaldeasturias.com\/magazine365\/air-europa-anuncia-que-operara-una-nueva-ruta-a-cartagena-de-indias\/#listItem","position":3,"name":"Air Europa anuncia que operar\u00e1 una nueva ruta a Cartagena de Indias","previousItem":{"@type":"ListItem","@id":"https:\/\/eldigitaldeasturias.com\/magazine365\/category\/noticias-actualidad\/#listItem","name":"Noticias y Actualidad"}}]},{"@type":"Organization","@id":"https:\/\/eldigitaldeasturias.com\/magazine365\/#organization","name":"El digital de Asturias","description":"Revista de ocio, turismo y estilo de vida","url":"https:\/\/eldigitaldeasturias.com\/magazine365\/","logo":{"@type":"ImageObject","url":"https:\/\/www.eldigitaldeasturias.com\/noticias\/wp-content\/uploads\/2020\/12\/EDA.jpg","@id":"https:\/\/eldigitaldeasturias.com\/magazine365\/air-europa-anuncia-que-operara-una-nueva-ruta-a-cartagena-de-indias\/#organizationLogo"},"image":{"@id":"https:\/\/eldigitaldeasturias.com\/magazine365\/air-europa-anuncia-que-operara-una-nueva-ruta-a-cartagena-de-indias\/#organizationLogo"}},{"@type":"Person","@id":"https:\/\/eldigitaldeasturias.com\/magazine365\/author\/admin\/#author","url":"https:\/\/eldigitaldeasturias.com\/magazine365\/author\/admin\/","name":"admin","image":{"@type":"ImageObject","@id":"https:\/\/eldigitaldeasturias.com\/magazine365\/air-europa-anuncia-que-operara-una-nueva-ruta-a-cartagena-de-indias\/#authorImage","url":"https:\/\/eldigitaldeasturias.com\/magazine365\/wp-content\/litespeed\/avatar\/e571bcf59a0edd6fa6838245a470f2fe.jpg?ver=1776969259","width":96,"height":96,"caption":"admin"}},{"@type":"WebPage","@id":"https:\/\/eldigitaldeasturias.com\/magazine365\/air-europa-anuncia-que-operara-una-nueva-ruta-a-cartagena-de-indias\/#webpage","url":"https:\/\/eldigitaldeasturias.com\/magazine365\/air-europa-anuncia-que-operara-una-nueva-ruta-a-cartagena-de-indias\/","name":"Air Europa anuncia que operar\u00e1 una nueva ruta a Cartagena de Indias | El Digital de Asturias","description":"El presidente de Globalia, Juan Jos\u00e9 Hidalgo, ha anunciado este jueves que la aerol\u00ednea Air Europa, parte del grupo, operar\u00e1 a partir de marzo de 2017 una ruta a la localidad colombiana de Cartagena de Indias. Durante un encuentro con periodistas en la capital del pa\u00eds, Bogot\u00e1, Hidalgo ha detallado que \"m\u00ednimo habr\u00e1 dos frecuencias","inLanguage":"es-ES","isPartOf":{"@id":"https:\/\/eldigitaldeasturias.com\/magazine365\/#website"},"breadcrumb":{"@id":"https:\/\/eldigitaldeasturias.com\/magazine365\/air-europa-anuncia-que-operara-una-nueva-ruta-a-cartagena-de-indias\/#breadcrumblist"},"author":{"@id":"https:\/\/eldigitaldeasturias.com\/magazine365\/author\/admin\/#author"},"creator":{"@id":"https:\/\/eldigitaldeasturias.com\/magazine365\/author\/admin\/#author"},"image":{"@type":"ImageObject","url":"https:\/\/eldigitaldeasturias.com\/magazine365\/wp-content\/uploads\/2016\/07\/fotonoticia_20160701093144_800.jpg","@id":"https:\/\/eldigitaldeasturias.com\/magazine365\/air-europa-anuncia-que-operara-una-nueva-ruta-a-cartagena-de-indias\/#mainImage","width":800,"height":600},"primaryImageOfPage":{"@id":"https:\/\/eldigitaldeasturias.com\/magazine365\/air-europa-anuncia-que-operara-una-nueva-ruta-a-cartagena-de-indias\/#mainImage"},"datePublished":"2016-07-01T23:22:02+02:00","dateModified":"2016-07-01T23:22:02+02:00"},{"@type":"WebSite","@id":"https:\/\/eldigitaldeasturias.com\/magazine365\/#website","url":"https:\/\/eldigitaldeasturias.com\/magazine365\/","name":"El Digital de Asturias","description":"Revista de ocio, turismo y estilo de vida","inLanguage":"es-ES","publisher":{"@id":"https:\/\/eldigitaldeasturias.com\/magazine365\/#organization"}}]},"og:locale":"es_ES","og:site_name":"El Digital de Asturias \u2013 Revista de ocio, turismo y estilo de vida","og:type":"article","og:title":"Air Europa anuncia que operar\u00e1 una nueva ruta a Cartagena de Indias | El Digital de Asturias","og:description":"El presidente de Globalia, Juan Jos\u00e9 Hidalgo, ha anunciado este jueves que la aerol\u00ednea Air Europa, parte del grupo, operar\u00e1 a partir de marzo de 2017 una ruta a la localidad colombiana de Cartagena de Indias. Durante un encuentro con periodistas en la capital del pa\u00eds, Bogot\u00e1, Hidalgo ha detallado que &quot;m\u00ednimo habr\u00e1 dos frecuencias","og:url":"https:\/\/eldigitaldeasturias.com\/magazine365\/air-europa-anuncia-que-operara-una-nueva-ruta-a-cartagena-de-indias\/","og:image":"https:\/\/eldigitaldeasturias.com\/magazine365\/wp-content\/uploads\/2016\/07\/fotonoticia_20160701093144_800.jpg","og:image:secure_url":"https:\/\/eldigitaldeasturias.com\/magazine365\/wp-content\/uploads\/2016\/07\/fotonoticia_20160701093144_800.jpg","og:image:width":800,"og:image:height":600,"article:published_time":"2016-07-01T21:22:02+00:00","article:modified_time":"2016-07-01T21:22:02+00:00","twitter:card":"summary_large_image","twitter:title":"Air Europa anuncia que operar\u00e1 una nueva ruta a Cartagena de Indias | El Digital de Asturias","twitter:description":"El presidente de Globalia, Juan Jos\u00e9 Hidalgo, ha anunciado este jueves que la aerol\u00ednea Air Europa, parte del grupo, operar\u00e1 a partir de marzo de 2017 una ruta a la localidad colombiana de Cartagena de Indias. Durante un encuentro con periodistas en la capital del pa\u00eds, Bogot\u00e1, Hidalgo ha detallado que &quot;m\u00ednimo habr\u00e1 dos frecuencias","twitter:image":"https:\/\/eldigitaldeasturias.com\/magazine365\/wp-content\/uploads\/2016\/07\/fotonoticia_20160701093144_800.jpg"},"aioseo_meta_data":{"post_id":"81360","title":null,"description":null,"keywords":null,"keyphrases":null,"primary_term":null,"canonical_url":null,"og_title":null,"og_description":null,"og_object_type":"default","og_image_type":"default","og_image_url":null,"og_image_width":null,"og_image_height":null,"og_image_custom_url":null,"og_image_custom_fields":null,"og_video":null,"og_custom_url":null,"og_article_section":null,"og_article_tags":null,"twitter_use_og":false,"twitter_card":"default","twitter_image_type":"default","twitter_image_url":null,"twitter_image_custom_url":null,"twitter_image_custom_fields":null,"twitter_title":null,"twitter_description":null,"schema":{"blockGraphs":[],"customGraphs":[],"default":{"data":{"Article":[],"Course":[],"Dataset":[],"FAQPage":[],"Movie":[],"Person":[],"Product":[],"ProductReview":[],"Car":[],"Recipe":[],"Service":[],"SoftwareApplication":[],"WebPage":[]},"graphName":"","isEnabled":true},"graphs":[],"defaultGraph":"","defaultPostTypeGraph":""},"schema_type":null,"schema_type_options":null,"pillar_content":false,"robots_default":true,"robots_noindex":false,"robots_noarchive":false,"robots_nosnippet":false,"robots_nofollow":false,"robots_noimageindex":false,"robots_noodp":false,"robots_notranslate":false,"robots_max_snippet":null,"robots_max_videopreview":null,"robots_max_imagepreview":"large","priority":null,"frequency":null,"location":null,"local_seo":null,"seo_analyzer_scan_date":"2025-09-27 22:42:22","breadcrumb_settings":null,"limit_modified_date":false,"open_ai":null,"ai":null,"created":"2021-03-08 17:18:58","updated":"2025-09-27 22:42:22"},"aioseo_breadcrumb":"<div class=\"aioseo-breadcrumbs\"><span class=\"aioseo-breadcrumb\">\n\t<a href=\"https:\/\/eldigitaldeasturias.com\/magazine365\" title=\"Home\">Home<\/a>\n<\/span><span class=\"aioseo-breadcrumb-separator\">\u2013<\/span><span class=\"aioseo-breadcrumb\">\n\t<a href=\"https:\/\/eldigitaldeasturias.com\/magazine365\/category\/noticias-actualidad\/\" title=\"Noticias y Actualidad\">Noticias y Actualidad<\/a>\n<\/span><span class=\"aioseo-breadcrumb-separator\">\u2013<\/span><span class=\"aioseo-breadcrumb\">\n\t<a href=\"https:\/\/eldigitaldeasturias.com\/magazine365\/air-europa-anuncia-que-operara-una-nueva-ruta-a-cartagena-de-indias\/\" title=\"Air Europa anuncia que operar\u00e1 una nueva ruta a Cartagena de Indias\">Air Europa anuncia que operar\u00e1 una nueva ruta a Cartagena de Indias<\/a>\n<\/span><\/div>","aioseo_breadcrumb_json":[{"label":"Home","link":"https:\/\/eldigitaldeasturias.com\/magazine365"},{"label":"Noticias y Actualidad","link":"https:\/\/eldigitaldeasturias.com\/magazine365\/category\/noticias-actualidad\/"},{"label":"Air Europa anuncia que operar\u00e1 una nueva ruta a Cartagena de Indias","link":"https:\/\/eldigitaldeasturias.com\/magazine365\/air-europa-anuncia-que-operara-una-nueva-ruta-a-cartagena-de-indias\/"}],"_links":{"self":[{"href":"https:\/\/eldigitaldeasturias.com\/magazine365\/wp-json\/wp\/v2\/posts\/81360","targetHints":{"allow":["GET"]}}],"collection":[{"href":"https:\/\/eldigitaldeasturias.com\/magazine365\/wp-json\/wp\/v2\/posts"}],"about":[{"href":"https:\/\/eldigitaldeasturias.com\/magazine365\/wp-json\/wp\/v2\/types\/post"}],"author":[{"embeddable":true,"href":"https:\/\/eldigitaldeasturias.com\/magazine365\/wp-json\/wp\/v2\/users\/1"}],"replies":[{"embeddable":true,"href":"https:\/\/eldigitaldeasturias.com\/magazine365\/wp-json\/wp\/v2\/comments?post=81360"}],"version-history":[{"count":0,"href":"https:\/\/eldigitaldeasturias.com\/magazine365\/wp-json\/wp\/v2\/posts\/81360\/revisions"}],"wp:featuredmedia":[{"embeddable":true,"href":"https:\/\/eldigitaldeasturias.com\/magazine365\/wp-json\/wp\/v2\/media\/81361"}],"wp:attachment":[{"href":"https:\/\/eldigitaldeasturias.com\/magazine365\/wp-json\/wp\/v2\/media?parent=81360"}],"wp:term":[{"taxonomy":"category","embeddable":true,"href":"https:\/\/eldigitaldeasturias.com\/magazine365\/wp-json\/wp\/v2\/categories?post=81360"},{"taxonomy":"post_tag","embeddable":true,"href":"https:\/\/eldigitaldeasturias.com\/magazine365\/wp-json\/wp\/v2\/tags?post=81360"}],"curies":[{"name":"wp","href":"https:\/\/api.w.org\/{rel}","templated":true}]}}