{"id":81350,"date":"2016-06-30T23:58:57","date_gmt":"2016-06-30T21:58:57","guid":{"rendered":"http:\/\/eldigitaldeasturias.com\/magazine365\/?p=81350"},"modified":"2016-06-30T23:58:57","modified_gmt":"2016-06-30T21:58:57","slug":"la-xunta-destina-mas-de-800-000-euros-a-la-senalizacion-y-mejora-del-camino-frances","status":"publish","type":"post","link":"https:\/\/eldigitaldeasturias.com\/magazine365\/la-xunta-destina-mas-de-800-000-euros-a-la-senalizacion-y-mejora-del-camino-frances\/","title":{"rendered":"La Xunta destina m\u00e1s de 800.000 euros a la se\u00f1alizaci\u00f3n y mejora del Camino Franc\u00e9s"},"content":{"rendered":"<p><img fetchpriority=\"high\" decoding=\"async\" class=\"alignleft size-medium wp-image-81351\" src=\"https:\/\/eldigitaldeasturias.com\/magazine365\/wp-content\/uploads\/2016\/06\/fotonoticia_20160630194031_800-360x240.jpg\" alt=\"fotonoticia_20160630194031_800\" width=\"360\" height=\"240\" srcset=\"https:\/\/eldigitaldeasturias.com\/magazine365\/wp-content\/uploads\/2016\/06\/fotonoticia_20160630194031_800-360x240.jpg 360w, https:\/\/eldigitaldeasturias.com\/magazine365\/wp-content\/uploads\/2016\/06\/fotonoticia_20160630194031_800-650x433.jpg 650w, https:\/\/eldigitaldeasturias.com\/magazine365\/wp-content\/uploads\/2016\/06\/fotonoticia_20160630194031_800-768x512.jpg 768w, https:\/\/eldigitaldeasturias.com\/magazine365\/wp-content\/uploads\/2016\/06\/fotonoticia_20160630194031_800-150x100.jpg 150w, https:\/\/eldigitaldeasturias.com\/magazine365\/wp-content\/uploads\/2016\/06\/fotonoticia_20160630194031_800-450x300.jpg 450w, https:\/\/eldigitaldeasturias.com\/magazine365\/wp-content\/uploads\/2016\/06\/fotonoticia_20160630194031_800-101x66.jpg 101w, https:\/\/eldigitaldeasturias.com\/magazine365\/wp-content\/uploads\/2016\/06\/fotonoticia_20160630194031_800.jpg 800w\" sizes=\"(max-width: 360px) 100vw, 360px\" \/>Turismo de Galicia ha destinado m\u00e1s de 800.000 euros a la se\u00f1alizaci\u00f3n y mejora del Camino Franc\u00e9s con el objetivo de adaptar el itinerario a la delimitaci\u00f3n oficial.<\/p>\n<p>En concreto, las actuaciones se realizar\u00e1n en el municipio coru\u00f1\u00e9s de Arz\u00faa y en los lucenses de Pedrafita do Cebreiro, Sarria, Paradela, Portomar\u00edn y Samos.<\/p>\n<p>La directora de Turismo de Galicia, Nava Castro, se ha reunido este jueves en Santiago con los alcaldes de las localidades en las que se llevar\u00e1n a cabo las obras para comunicarles su realizaci\u00f3n, as\u00ed como con el gerente del Xacobeo, Rafael S\u00e1nchez, seg\u00fan ha indicado la Xunta en un comunicado.<\/p>\n<p>La inversi\u00f3n en la segunda fase de las actuaciones, que tendr\u00e1n una duraci\u00f3n de cuatro meses, supera los 500.000 euros y permitir\u00e1n completar el proyecto de se\u00f1alizaci\u00f3n del Camino Franc\u00e9s. Este presupuesto se suma a los 320.000 euros invertidos en la primera fase, cuyas obras finalizaron en marzo.<\/p>\n<p>En la reuni\u00f3n, la directora de Turismo ha indicado que se incorporar\u00e1 una se\u00f1alizaci\u00f3n provisional de obra para que el Camino no deje de estar indicado en ning\u00fan momento.<\/p>\n<p>Adem\u00e1s, ha explicado que el objetivo de esta acci\u00f3n es ofrecer un mejor servicio a los peregrinos que se decanten por este itinerario, as\u00ed como unificar la se\u00f1alizaci\u00f3n del Camino.<\/p>\n<h2 class=\"ladillo\">ACTUACIONES<\/h2>\n<p>Las obras previstas actuar\u00e1n sobre la se\u00f1alizaci\u00f3n existente y el estado de accesibilidad del Camino. Adem\u00e1s, permitir\u00e1n la apertura de nuevos tramos para el tr\u00e1nsito de peregrinos. Para facilitar la se\u00f1alizaci\u00f3n, se colocar\u00e1n mojones, conchas cer\u00e1micas o de bronce, placas y otras se\u00f1ales, de acuerdo con el Manual de Se\u00f1alizaci\u00f3n Tur\u00edstico de Galicia.<\/p>\n<p>Los mojones se colocar\u00e1n cada 500 metros en el trazado horizontal con una flecha tallada y pintada en amarillo, placa de lat\u00f3n con el punto kilom\u00e9trico y con el texto &#8216;Galicia&#8217; grabado.<\/p>\n<p>Mientras, las conchas ser\u00e1n de cer\u00e1mica y estar\u00e1n colocadas en horizontal con una flecha de las mismas dimensiones indicativa de la direcci\u00f3n. Adem\u00e1s, en los lugares considerados como Bien de Inter\u00e9s Cultural se dispondr\u00e1n conchas de bronce.<\/p>\n","protected":false},"excerpt":{"rendered":"<p>Turismo de Galicia ha destinado m\u00e1s de 800.000 euros a la se\u00f1alizaci\u00f3n y mejora del Camino Franc\u00e9s con el objetivo de adaptar el itinerario a la delimitaci\u00f3n oficial. En concreto, las actuaciones se realizar\u00e1n en el municipio coru\u00f1\u00e9s de Arz\u00faa y en los lucenses de Pedrafita do Cebreiro, Sarria, Paradela, Portomar\u00edn y Samos. La directora<\/p>\n","protected":false},"author":1,"featured_media":81351,"comment_status":"open","ping_status":"closed","sticky":false,"template":"","format":"standard","meta":{"footnotes":""},"categories":[224],"tags":[],"class_list":{"0":"post-81350","1":"post","2":"type-post","3":"status-publish","4":"format-standard","5":"has-post-thumbnail","7":"category-noticias-actualidad"},"aioseo_notices":[],"aioseo_head":"\n\t\t<!-- All in One SEO Pro 4.9.6.1 - aioseo.com -->\n\t<meta name=\"description\" content=\"Turismo de Galicia ha destinado m\u00e1s de 800.000 euros a la se\u00f1alizaci\u00f3n y mejora del Camino Franc\u00e9s con el objetivo de adaptar el itinerario a la delimitaci\u00f3n oficial. En concreto, las actuaciones se realizar\u00e1n en el municipio coru\u00f1\u00e9s de Arz\u00faa y en los lucenses de Pedrafita do Cebreiro, Sarria, Paradela, Portomar\u00edn y Samos. La directora\" \/>\n\t<meta name=\"robots\" content=\"max-image-preview:large\" \/>\n\t<meta name=\"author\" content=\"admin\"\/>\n\t<meta name=\"google-site-verification\" content=\"UA-38556648-1\" \/>\n\t<meta name=\"keywords\" content=\"noticias y actualidad\" \/>\n\t<link rel=\"canonical\" href=\"https:\/\/eldigitaldeasturias.com\/magazine365\/la-xunta-destina-mas-de-800-000-euros-a-la-senalizacion-y-mejora-del-camino-frances\/\" \/>\n\t<meta name=\"generator\" content=\"All in One SEO Pro (AIOSEO) 4.9.6.1\" \/>\n\t\t<meta property=\"og:locale\" content=\"es_ES\" \/>\n\t\t<meta property=\"og:site_name\" content=\"El Digital de Asturias \u2013 Revista de ocio, turismo y estilo de vida\" \/>\n\t\t<meta property=\"og:type\" content=\"article\" \/>\n\t\t<meta property=\"og:title\" content=\"La Xunta destina m\u00e1s de 800.000 euros a la se\u00f1alizaci\u00f3n y mejora del Camino Franc\u00e9s | El Digital de Asturias\" \/>\n\t\t<meta property=\"og:description\" content=\"Turismo de Galicia ha destinado m\u00e1s de 800.000 euros a la se\u00f1alizaci\u00f3n y mejora del Camino Franc\u00e9s con el objetivo de adaptar el itinerario a la delimitaci\u00f3n oficial. En concreto, las actuaciones se realizar\u00e1n en el municipio coru\u00f1\u00e9s de Arz\u00faa y en los lucenses de Pedrafita do Cebreiro, Sarria, Paradela, Portomar\u00edn y Samos. La directora\" \/>\n\t\t<meta property=\"og:url\" content=\"https:\/\/eldigitaldeasturias.com\/magazine365\/la-xunta-destina-mas-de-800-000-euros-a-la-senalizacion-y-mejora-del-camino-frances\/\" \/>\n\t\t<meta property=\"og:image\" content=\"https:\/\/eldigitaldeasturias.com\/magazine365\/wp-content\/uploads\/2016\/06\/fotonoticia_20160630194031_800.jpg\" \/>\n\t\t<meta property=\"og:image:secure_url\" content=\"https:\/\/eldigitaldeasturias.com\/magazine365\/wp-content\/uploads\/2016\/06\/fotonoticia_20160630194031_800.jpg\" \/>\n\t\t<meta property=\"og:image:width\" content=\"800\" \/>\n\t\t<meta property=\"og:image:height\" content=\"533\" \/>\n\t\t<meta property=\"article:published_time\" content=\"2016-06-30T21:58:57+00:00\" \/>\n\t\t<meta property=\"article:modified_time\" content=\"2016-06-30T21:58:57+00:00\" \/>\n\t\t<meta name=\"twitter:card\" content=\"summary_large_image\" \/>\n\t\t<meta name=\"twitter:title\" content=\"La Xunta destina m\u00e1s de 800.000 euros a la se\u00f1alizaci\u00f3n y mejora del Camino Franc\u00e9s | El Digital de Asturias\" \/>\n\t\t<meta name=\"twitter:description\" content=\"Turismo de Galicia ha destinado m\u00e1s de 800.000 euros a la se\u00f1alizaci\u00f3n y mejora del Camino Franc\u00e9s con el objetivo de adaptar el itinerario a la delimitaci\u00f3n oficial. En concreto, las actuaciones se realizar\u00e1n en el municipio coru\u00f1\u00e9s de Arz\u00faa y en los lucenses de Pedrafita do Cebreiro, Sarria, Paradela, Portomar\u00edn y Samos. La directora\" \/>\n\t\t<meta name=\"twitter:image\" content=\"https:\/\/eldigitaldeasturias.com\/magazine365\/wp-content\/uploads\/2016\/06\/fotonoticia_20160630194031_800.jpg\" \/>\n\t\t<script type=\"application\/ld+json\" class=\"aioseo-schema\">\n\t\t\t{\"@context\":\"https:\\\/\\\/schema.org\",\"@graph\":[{\"@type\":\"Article\",\"@id\":\"https:\\\/\\\/eldigitaldeasturias.com\\\/magazine365\\\/la-xunta-destina-mas-de-800-000-euros-a-la-senalizacion-y-mejora-del-camino-frances\\\/#article\",\"name\":\"La Xunta destina m\\u00e1s de 800.000 euros a la se\\u00f1alizaci\\u00f3n y mejora del Camino Franc\\u00e9s | El Digital de Asturias\",\"headline\":\"La Xunta destina m\\u00e1s de 800.000 euros a la se\\u00f1alizaci\\u00f3n y mejora del Camino Franc\\u00e9s\",\"author\":{\"@id\":\"https:\\\/\\\/eldigitaldeasturias.com\\\/magazine365\\\/author\\\/admin\\\/#author\"},\"publisher\":{\"@id\":\"https:\\\/\\\/eldigitaldeasturias.com\\\/magazine365\\\/#organization\"},\"image\":{\"@type\":\"ImageObject\",\"url\":\"https:\\\/\\\/eldigitaldeasturias.com\\\/magazine365\\\/wp-content\\\/uploads\\\/2016\\\/06\\\/fotonoticia_20160630194031_800.jpg\",\"width\":800,\"height\":533},\"datePublished\":\"2016-06-30T23:58:57+02:00\",\"dateModified\":\"2016-06-30T23:58:57+02:00\",\"inLanguage\":\"es-ES\",\"mainEntityOfPage\":{\"@id\":\"https:\\\/\\\/eldigitaldeasturias.com\\\/magazine365\\\/la-xunta-destina-mas-de-800-000-euros-a-la-senalizacion-y-mejora-del-camino-frances\\\/#webpage\"},\"isPartOf\":{\"@id\":\"https:\\\/\\\/eldigitaldeasturias.com\\\/magazine365\\\/la-xunta-destina-mas-de-800-000-euros-a-la-senalizacion-y-mejora-del-camino-frances\\\/#webpage\"},\"articleSection\":\"Noticias y Actualidad\"},{\"@type\":\"BreadcrumbList\",\"@id\":\"https:\\\/\\\/eldigitaldeasturias.com\\\/magazine365\\\/la-xunta-destina-mas-de-800-000-euros-a-la-senalizacion-y-mejora-del-camino-frances\\\/#breadcrumblist\",\"itemListElement\":[{\"@type\":\"ListItem\",\"@id\":\"https:\\\/\\\/eldigitaldeasturias.com\\\/magazine365#listItem\",\"position\":1,\"name\":\"Home\",\"item\":\"https:\\\/\\\/eldigitaldeasturias.com\\\/magazine365\",\"nextItem\":{\"@type\":\"ListItem\",\"@id\":\"https:\\\/\\\/eldigitaldeasturias.com\\\/magazine365\\\/category\\\/noticias-actualidad\\\/#listItem\",\"name\":\"Noticias y Actualidad\"}},{\"@type\":\"ListItem\",\"@id\":\"https:\\\/\\\/eldigitaldeasturias.com\\\/magazine365\\\/category\\\/noticias-actualidad\\\/#listItem\",\"position\":2,\"name\":\"Noticias y Actualidad\",\"item\":\"https:\\\/\\\/eldigitaldeasturias.com\\\/magazine365\\\/category\\\/noticias-actualidad\\\/\",\"nextItem\":{\"@type\":\"ListItem\",\"@id\":\"https:\\\/\\\/eldigitaldeasturias.com\\\/magazine365\\\/la-xunta-destina-mas-de-800-000-euros-a-la-senalizacion-y-mejora-del-camino-frances\\\/#listItem\",\"name\":\"La Xunta destina m\\u00e1s de 800.000 euros a la se\\u00f1alizaci\\u00f3n y mejora del Camino Franc\\u00e9s\"},\"previousItem\":{\"@type\":\"ListItem\",\"@id\":\"https:\\\/\\\/eldigitaldeasturias.com\\\/magazine365#listItem\",\"name\":\"Home\"}},{\"@type\":\"ListItem\",\"@id\":\"https:\\\/\\\/eldigitaldeasturias.com\\\/magazine365\\\/la-xunta-destina-mas-de-800-000-euros-a-la-senalizacion-y-mejora-del-camino-frances\\\/#listItem\",\"position\":3,\"name\":\"La Xunta destina m\\u00e1s de 800.000 euros a la se\\u00f1alizaci\\u00f3n y mejora del Camino Franc\\u00e9s\",\"previousItem\":{\"@type\":\"ListItem\",\"@id\":\"https:\\\/\\\/eldigitaldeasturias.com\\\/magazine365\\\/category\\\/noticias-actualidad\\\/#listItem\",\"name\":\"Noticias y Actualidad\"}}]},{\"@type\":\"Organization\",\"@id\":\"https:\\\/\\\/eldigitaldeasturias.com\\\/magazine365\\\/#organization\",\"name\":\"El digital de Asturias\",\"description\":\"Revista de ocio, turismo y estilo de vida\",\"url\":\"https:\\\/\\\/eldigitaldeasturias.com\\\/magazine365\\\/\",\"logo\":{\"@type\":\"ImageObject\",\"url\":\"https:\\\/\\\/www.eldigitaldeasturias.com\\\/noticias\\\/wp-content\\\/uploads\\\/2020\\\/12\\\/EDA.jpg\",\"@id\":\"https:\\\/\\\/eldigitaldeasturias.com\\\/magazine365\\\/la-xunta-destina-mas-de-800-000-euros-a-la-senalizacion-y-mejora-del-camino-frances\\\/#organizationLogo\"},\"image\":{\"@id\":\"https:\\\/\\\/eldigitaldeasturias.com\\\/magazine365\\\/la-xunta-destina-mas-de-800-000-euros-a-la-senalizacion-y-mejora-del-camino-frances\\\/#organizationLogo\"}},{\"@type\":\"Person\",\"@id\":\"https:\\\/\\\/eldigitaldeasturias.com\\\/magazine365\\\/author\\\/admin\\\/#author\",\"url\":\"https:\\\/\\\/eldigitaldeasturias.com\\\/magazine365\\\/author\\\/admin\\\/\",\"name\":\"admin\",\"image\":{\"@type\":\"ImageObject\",\"@id\":\"https:\\\/\\\/eldigitaldeasturias.com\\\/magazine365\\\/la-xunta-destina-mas-de-800-000-euros-a-la-senalizacion-y-mejora-del-camino-frances\\\/#authorImage\",\"url\":\"https:\\\/\\\/eldigitaldeasturias.com\\\/magazine365\\\/wp-content\\\/litespeed\\\/avatar\\\/e571bcf59a0edd6fa6838245a470f2fe.jpg?ver=1776969259\",\"width\":96,\"height\":96,\"caption\":\"admin\"}},{\"@type\":\"WebPage\",\"@id\":\"https:\\\/\\\/eldigitaldeasturias.com\\\/magazine365\\\/la-xunta-destina-mas-de-800-000-euros-a-la-senalizacion-y-mejora-del-camino-frances\\\/#webpage\",\"url\":\"https:\\\/\\\/eldigitaldeasturias.com\\\/magazine365\\\/la-xunta-destina-mas-de-800-000-euros-a-la-senalizacion-y-mejora-del-camino-frances\\\/\",\"name\":\"La Xunta destina m\\u00e1s de 800.000 euros a la se\\u00f1alizaci\\u00f3n y mejora del Camino Franc\\u00e9s | El Digital de Asturias\",\"description\":\"Turismo de Galicia ha destinado m\\u00e1s de 800.000 euros a la se\\u00f1alizaci\\u00f3n y mejora del Camino Franc\\u00e9s con el objetivo de adaptar el itinerario a la delimitaci\\u00f3n oficial. En concreto, las actuaciones se realizar\\u00e1n en el municipio coru\\u00f1\\u00e9s de Arz\\u00faa y en los lucenses de Pedrafita do Cebreiro, Sarria, Paradela, Portomar\\u00edn y Samos. La directora\",\"inLanguage\":\"es-ES\",\"isPartOf\":{\"@id\":\"https:\\\/\\\/eldigitaldeasturias.com\\\/magazine365\\\/#website\"},\"breadcrumb\":{\"@id\":\"https:\\\/\\\/eldigitaldeasturias.com\\\/magazine365\\\/la-xunta-destina-mas-de-800-000-euros-a-la-senalizacion-y-mejora-del-camino-frances\\\/#breadcrumblist\"},\"author\":{\"@id\":\"https:\\\/\\\/eldigitaldeasturias.com\\\/magazine365\\\/author\\\/admin\\\/#author\"},\"creator\":{\"@id\":\"https:\\\/\\\/eldigitaldeasturias.com\\\/magazine365\\\/author\\\/admin\\\/#author\"},\"image\":{\"@type\":\"ImageObject\",\"url\":\"https:\\\/\\\/eldigitaldeasturias.com\\\/magazine365\\\/wp-content\\\/uploads\\\/2016\\\/06\\\/fotonoticia_20160630194031_800.jpg\",\"@id\":\"https:\\\/\\\/eldigitaldeasturias.com\\\/magazine365\\\/la-xunta-destina-mas-de-800-000-euros-a-la-senalizacion-y-mejora-del-camino-frances\\\/#mainImage\",\"width\":800,\"height\":533},\"primaryImageOfPage\":{\"@id\":\"https:\\\/\\\/eldigitaldeasturias.com\\\/magazine365\\\/la-xunta-destina-mas-de-800-000-euros-a-la-senalizacion-y-mejora-del-camino-frances\\\/#mainImage\"},\"datePublished\":\"2016-06-30T23:58:57+02:00\",\"dateModified\":\"2016-06-30T23:58:57+02:00\"},{\"@type\":\"WebSite\",\"@id\":\"https:\\\/\\\/eldigitaldeasturias.com\\\/magazine365\\\/#website\",\"url\":\"https:\\\/\\\/eldigitaldeasturias.com\\\/magazine365\\\/\",\"name\":\"El Digital de Asturias\",\"description\":\"Revista de ocio, turismo y estilo de vida\",\"inLanguage\":\"es-ES\",\"publisher\":{\"@id\":\"https:\\\/\\\/eldigitaldeasturias.com\\\/magazine365\\\/#organization\"}}]}\n\t\t<\/script>\n\t\t<!-- All in One SEO Pro -->\r\n\t\t<title>La Xunta destina m\u00e1s de 800.000 euros a la se\u00f1alizaci\u00f3n y mejora del Camino Franc\u00e9s | El Digital de Asturias<\/title>\n\n","aioseo_head_json":{"title":"La Xunta destina m\u00e1s de 800.000 euros a la se\u00f1alizaci\u00f3n y mejora del Camino Franc\u00e9s | El Digital de Asturias","description":"Turismo de Galicia ha destinado m\u00e1s de 800.000 euros a la se\u00f1alizaci\u00f3n y mejora del Camino Franc\u00e9s con el objetivo de adaptar el itinerario a la delimitaci\u00f3n oficial. En concreto, las actuaciones se realizar\u00e1n en el municipio coru\u00f1\u00e9s de Arz\u00faa y en los lucenses de Pedrafita do Cebreiro, Sarria, Paradela, Portomar\u00edn y Samos. La directora","canonical_url":"https:\/\/eldigitaldeasturias.com\/magazine365\/la-xunta-destina-mas-de-800-000-euros-a-la-senalizacion-y-mejora-del-camino-frances\/","robots":"max-image-preview:large","keywords":"noticias y actualidad","webmasterTools":{"google-site-verification":"UA-38556648-1","miscellaneous":""},"schema":{"@context":"https:\/\/schema.org","@graph":[{"@type":"Article","@id":"https:\/\/eldigitaldeasturias.com\/magazine365\/la-xunta-destina-mas-de-800-000-euros-a-la-senalizacion-y-mejora-del-camino-frances\/#article","name":"La Xunta destina m\u00e1s de 800.000 euros a la se\u00f1alizaci\u00f3n y mejora del Camino Franc\u00e9s | El Digital de Asturias","headline":"La Xunta destina m\u00e1s de 800.000 euros a la se\u00f1alizaci\u00f3n y mejora del Camino Franc\u00e9s","author":{"@id":"https:\/\/eldigitaldeasturias.com\/magazine365\/author\/admin\/#author"},"publisher":{"@id":"https:\/\/eldigitaldeasturias.com\/magazine365\/#organization"},"image":{"@type":"ImageObject","url":"https:\/\/eldigitaldeasturias.com\/magazine365\/wp-content\/uploads\/2016\/06\/fotonoticia_20160630194031_800.jpg","width":800,"height":533},"datePublished":"2016-06-30T23:58:57+02:00","dateModified":"2016-06-30T23:58:57+02:00","inLanguage":"es-ES","mainEntityOfPage":{"@id":"https:\/\/eldigitaldeasturias.com\/magazine365\/la-xunta-destina-mas-de-800-000-euros-a-la-senalizacion-y-mejora-del-camino-frances\/#webpage"},"isPartOf":{"@id":"https:\/\/eldigitaldeasturias.com\/magazine365\/la-xunta-destina-mas-de-800-000-euros-a-la-senalizacion-y-mejora-del-camino-frances\/#webpage"},"articleSection":"Noticias y Actualidad"},{"@type":"BreadcrumbList","@id":"https:\/\/eldigitaldeasturias.com\/magazine365\/la-xunta-destina-mas-de-800-000-euros-a-la-senalizacion-y-mejora-del-camino-frances\/#breadcrumblist","itemListElement":[{"@type":"ListItem","@id":"https:\/\/eldigitaldeasturias.com\/magazine365#listItem","position":1,"name":"Home","item":"https:\/\/eldigitaldeasturias.com\/magazine365","nextItem":{"@type":"ListItem","@id":"https:\/\/eldigitaldeasturias.com\/magazine365\/category\/noticias-actualidad\/#listItem","name":"Noticias y Actualidad"}},{"@type":"ListItem","@id":"https:\/\/eldigitaldeasturias.com\/magazine365\/category\/noticias-actualidad\/#listItem","position":2,"name":"Noticias y Actualidad","item":"https:\/\/eldigitaldeasturias.com\/magazine365\/category\/noticias-actualidad\/","nextItem":{"@type":"ListItem","@id":"https:\/\/eldigitaldeasturias.com\/magazine365\/la-xunta-destina-mas-de-800-000-euros-a-la-senalizacion-y-mejora-del-camino-frances\/#listItem","name":"La Xunta destina m\u00e1s de 800.000 euros a la se\u00f1alizaci\u00f3n y mejora del Camino Franc\u00e9s"},"previousItem":{"@type":"ListItem","@id":"https:\/\/eldigitaldeasturias.com\/magazine365#listItem","name":"Home"}},{"@type":"ListItem","@id":"https:\/\/eldigitaldeasturias.com\/magazine365\/la-xunta-destina-mas-de-800-000-euros-a-la-senalizacion-y-mejora-del-camino-frances\/#listItem","position":3,"name":"La Xunta destina m\u00e1s de 800.000 euros a la se\u00f1alizaci\u00f3n y mejora del Camino Franc\u00e9s","previousItem":{"@type":"ListItem","@id":"https:\/\/eldigitaldeasturias.com\/magazine365\/category\/noticias-actualidad\/#listItem","name":"Noticias y Actualidad"}}]},{"@type":"Organization","@id":"https:\/\/eldigitaldeasturias.com\/magazine365\/#organization","name":"El digital de Asturias","description":"Revista de ocio, turismo y estilo de vida","url":"https:\/\/eldigitaldeasturias.com\/magazine365\/","logo":{"@type":"ImageObject","url":"https:\/\/www.eldigitaldeasturias.com\/noticias\/wp-content\/uploads\/2020\/12\/EDA.jpg","@id":"https:\/\/eldigitaldeasturias.com\/magazine365\/la-xunta-destina-mas-de-800-000-euros-a-la-senalizacion-y-mejora-del-camino-frances\/#organizationLogo"},"image":{"@id":"https:\/\/eldigitaldeasturias.com\/magazine365\/la-xunta-destina-mas-de-800-000-euros-a-la-senalizacion-y-mejora-del-camino-frances\/#organizationLogo"}},{"@type":"Person","@id":"https:\/\/eldigitaldeasturias.com\/magazine365\/author\/admin\/#author","url":"https:\/\/eldigitaldeasturias.com\/magazine365\/author\/admin\/","name":"admin","image":{"@type":"ImageObject","@id":"https:\/\/eldigitaldeasturias.com\/magazine365\/la-xunta-destina-mas-de-800-000-euros-a-la-senalizacion-y-mejora-del-camino-frances\/#authorImage","url":"https:\/\/eldigitaldeasturias.com\/magazine365\/wp-content\/litespeed\/avatar\/e571bcf59a0edd6fa6838245a470f2fe.jpg?ver=1776969259","width":96,"height":96,"caption":"admin"}},{"@type":"WebPage","@id":"https:\/\/eldigitaldeasturias.com\/magazine365\/la-xunta-destina-mas-de-800-000-euros-a-la-senalizacion-y-mejora-del-camino-frances\/#webpage","url":"https:\/\/eldigitaldeasturias.com\/magazine365\/la-xunta-destina-mas-de-800-000-euros-a-la-senalizacion-y-mejora-del-camino-frances\/","name":"La Xunta destina m\u00e1s de 800.000 euros a la se\u00f1alizaci\u00f3n y mejora del Camino Franc\u00e9s | El Digital de Asturias","description":"Turismo de Galicia ha destinado m\u00e1s de 800.000 euros a la se\u00f1alizaci\u00f3n y mejora del Camino Franc\u00e9s con el objetivo de adaptar el itinerario a la delimitaci\u00f3n oficial. En concreto, las actuaciones se realizar\u00e1n en el municipio coru\u00f1\u00e9s de Arz\u00faa y en los lucenses de Pedrafita do Cebreiro, Sarria, Paradela, Portomar\u00edn y Samos. La directora","inLanguage":"es-ES","isPartOf":{"@id":"https:\/\/eldigitaldeasturias.com\/magazine365\/#website"},"breadcrumb":{"@id":"https:\/\/eldigitaldeasturias.com\/magazine365\/la-xunta-destina-mas-de-800-000-euros-a-la-senalizacion-y-mejora-del-camino-frances\/#breadcrumblist"},"author":{"@id":"https:\/\/eldigitaldeasturias.com\/magazine365\/author\/admin\/#author"},"creator":{"@id":"https:\/\/eldigitaldeasturias.com\/magazine365\/author\/admin\/#author"},"image":{"@type":"ImageObject","url":"https:\/\/eldigitaldeasturias.com\/magazine365\/wp-content\/uploads\/2016\/06\/fotonoticia_20160630194031_800.jpg","@id":"https:\/\/eldigitaldeasturias.com\/magazine365\/la-xunta-destina-mas-de-800-000-euros-a-la-senalizacion-y-mejora-del-camino-frances\/#mainImage","width":800,"height":533},"primaryImageOfPage":{"@id":"https:\/\/eldigitaldeasturias.com\/magazine365\/la-xunta-destina-mas-de-800-000-euros-a-la-senalizacion-y-mejora-del-camino-frances\/#mainImage"},"datePublished":"2016-06-30T23:58:57+02:00","dateModified":"2016-06-30T23:58:57+02:00"},{"@type":"WebSite","@id":"https:\/\/eldigitaldeasturias.com\/magazine365\/#website","url":"https:\/\/eldigitaldeasturias.com\/magazine365\/","name":"El Digital de Asturias","description":"Revista de ocio, turismo y estilo de vida","inLanguage":"es-ES","publisher":{"@id":"https:\/\/eldigitaldeasturias.com\/magazine365\/#organization"}}]},"og:locale":"es_ES","og:site_name":"El Digital de Asturias \u2013 Revista de ocio, turismo y estilo de vida","og:type":"article","og:title":"La Xunta destina m\u00e1s de 800.000 euros a la se\u00f1alizaci\u00f3n y mejora del Camino Franc\u00e9s | El Digital de Asturias","og:description":"Turismo de Galicia ha destinado m\u00e1s de 800.000 euros a la se\u00f1alizaci\u00f3n y mejora del Camino Franc\u00e9s con el objetivo de adaptar el itinerario a la delimitaci\u00f3n oficial. En concreto, las actuaciones se realizar\u00e1n en el municipio coru\u00f1\u00e9s de Arz\u00faa y en los lucenses de Pedrafita do Cebreiro, Sarria, Paradela, Portomar\u00edn y Samos. La directora","og:url":"https:\/\/eldigitaldeasturias.com\/magazine365\/la-xunta-destina-mas-de-800-000-euros-a-la-senalizacion-y-mejora-del-camino-frances\/","og:image":"https:\/\/eldigitaldeasturias.com\/magazine365\/wp-content\/uploads\/2016\/06\/fotonoticia_20160630194031_800.jpg","og:image:secure_url":"https:\/\/eldigitaldeasturias.com\/magazine365\/wp-content\/uploads\/2016\/06\/fotonoticia_20160630194031_800.jpg","og:image:width":800,"og:image:height":533,"article:published_time":"2016-06-30T21:58:57+00:00","article:modified_time":"2016-06-30T21:58:57+00:00","twitter:card":"summary_large_image","twitter:title":"La Xunta destina m\u00e1s de 800.000 euros a la se\u00f1alizaci\u00f3n y mejora del Camino Franc\u00e9s | El Digital de Asturias","twitter:description":"Turismo de Galicia ha destinado m\u00e1s de 800.000 euros a la se\u00f1alizaci\u00f3n y mejora del Camino Franc\u00e9s con el objetivo de adaptar el itinerario a la delimitaci\u00f3n oficial. En concreto, las actuaciones se realizar\u00e1n en el municipio coru\u00f1\u00e9s de Arz\u00faa y en los lucenses de Pedrafita do Cebreiro, Sarria, Paradela, Portomar\u00edn y Samos. La directora","twitter:image":"https:\/\/eldigitaldeasturias.com\/magazine365\/wp-content\/uploads\/2016\/06\/fotonoticia_20160630194031_800.jpg"},"aioseo_meta_data":{"post_id":"81350","title":null,"description":null,"keywords":null,"keyphrases":null,"primary_term":null,"canonical_url":null,"og_title":null,"og_description":null,"og_object_type":"default","og_image_type":"default","og_image_url":null,"og_image_width":null,"og_image_height":null,"og_image_custom_url":null,"og_image_custom_fields":null,"og_video":null,"og_custom_url":null,"og_article_section":null,"og_article_tags":null,"twitter_use_og":false,"twitter_card":"default","twitter_image_type":"default","twitter_image_url":null,"twitter_image_custom_url":null,"twitter_image_custom_fields":null,"twitter_title":null,"twitter_description":null,"schema":{"blockGraphs":[],"customGraphs":[],"default":{"data":{"Article":[],"Course":[],"Dataset":[],"FAQPage":[],"Movie":[],"Person":[],"Product":[],"ProductReview":[],"Car":[],"Recipe":[],"Service":[],"SoftwareApplication":[],"WebPage":[]},"graphName":"","isEnabled":true},"graphs":[],"defaultGraph":"","defaultPostTypeGraph":""},"schema_type":null,"schema_type_options":null,"pillar_content":false,"robots_default":true,"robots_noindex":false,"robots_noarchive":false,"robots_nosnippet":false,"robots_nofollow":false,"robots_noimageindex":false,"robots_noodp":false,"robots_notranslate":false,"robots_max_snippet":null,"robots_max_videopreview":null,"robots_max_imagepreview":"large","priority":null,"frequency":null,"location":null,"local_seo":null,"seo_analyzer_scan_date":"2025-09-27 22:42:19","breadcrumb_settings":null,"limit_modified_date":false,"open_ai":null,"ai":null,"created":"2021-03-08 17:18:58","updated":"2025-09-27 22:42:19"},"aioseo_breadcrumb":"<div class=\"aioseo-breadcrumbs\"><span class=\"aioseo-breadcrumb\">\n\t<a href=\"https:\/\/eldigitaldeasturias.com\/magazine365\" title=\"Home\">Home<\/a>\n<\/span><span class=\"aioseo-breadcrumb-separator\">\u2013<\/span><span class=\"aioseo-breadcrumb\">\n\t<a href=\"https:\/\/eldigitaldeasturias.com\/magazine365\/category\/noticias-actualidad\/\" title=\"Noticias y Actualidad\">Noticias y Actualidad<\/a>\n<\/span><span class=\"aioseo-breadcrumb-separator\">\u2013<\/span><span class=\"aioseo-breadcrumb\">\n\t<a href=\"https:\/\/eldigitaldeasturias.com\/magazine365\/la-xunta-destina-mas-de-800-000-euros-a-la-senalizacion-y-mejora-del-camino-frances\/\" title=\"La Xunta destina m\u00e1s de 800.000 euros a la se\u00f1alizaci\u00f3n y mejora del Camino Franc\u00e9s\">La Xunta destina m\u00e1s de 800.000 euros a la se\u00f1alizaci\u00f3n y mejora del Camino Franc\u00e9s<\/a>\n<\/span><\/div>","aioseo_breadcrumb_json":[{"label":"Home","link":"https:\/\/eldigitaldeasturias.com\/magazine365"},{"label":"Noticias y Actualidad","link":"https:\/\/eldigitaldeasturias.com\/magazine365\/category\/noticias-actualidad\/"},{"label":"La Xunta destina m\u00e1s de 800.000 euros a la se\u00f1alizaci\u00f3n y mejora del Camino Franc\u00e9s","link":"https:\/\/eldigitaldeasturias.com\/magazine365\/la-xunta-destina-mas-de-800-000-euros-a-la-senalizacion-y-mejora-del-camino-frances\/"}],"_links":{"self":[{"href":"https:\/\/eldigitaldeasturias.com\/magazine365\/wp-json\/wp\/v2\/posts\/81350","targetHints":{"allow":["GET"]}}],"collection":[{"href":"https:\/\/eldigitaldeasturias.com\/magazine365\/wp-json\/wp\/v2\/posts"}],"about":[{"href":"https:\/\/eldigitaldeasturias.com\/magazine365\/wp-json\/wp\/v2\/types\/post"}],"author":[{"embeddable":true,"href":"https:\/\/eldigitaldeasturias.com\/magazine365\/wp-json\/wp\/v2\/users\/1"}],"replies":[{"embeddable":true,"href":"https:\/\/eldigitaldeasturias.com\/magazine365\/wp-json\/wp\/v2\/comments?post=81350"}],"version-history":[{"count":0,"href":"https:\/\/eldigitaldeasturias.com\/magazine365\/wp-json\/wp\/v2\/posts\/81350\/revisions"}],"wp:featuredmedia":[{"embeddable":true,"href":"https:\/\/eldigitaldeasturias.com\/magazine365\/wp-json\/wp\/v2\/media\/81351"}],"wp:attachment":[{"href":"https:\/\/eldigitaldeasturias.com\/magazine365\/wp-json\/wp\/v2\/media?parent=81350"}],"wp:term":[{"taxonomy":"category","embeddable":true,"href":"https:\/\/eldigitaldeasturias.com\/magazine365\/wp-json\/wp\/v2\/categories?post=81350"},{"taxonomy":"post_tag","embeddable":true,"href":"https:\/\/eldigitaldeasturias.com\/magazine365\/wp-json\/wp\/v2\/tags?post=81350"}],"curies":[{"name":"wp","href":"https:\/\/api.w.org\/{rel}","templated":true}]}}