{"id":81347,"date":"2016-06-30T23:58:09","date_gmt":"2016-06-30T21:58:09","guid":{"rendered":"http:\/\/eldigitaldeasturias.com\/magazine365\/?p=81347"},"modified":"2016-06-30T23:58:09","modified_gmt":"2016-06-30T21:58:09","slug":"el-ayuntamiento-de-merida-amplia-hasta-las-0300-horas-el-cierre-de-las-terrazas-en-verano","status":"publish","type":"post","link":"https:\/\/eldigitaldeasturias.com\/magazine365\/el-ayuntamiento-de-merida-amplia-hasta-las-0300-horas-el-cierre-de-las-terrazas-en-verano\/","title":{"rendered":"El Ayuntamiento de M\u00e9rida ampl\u00eda hasta las 03:00 horas el cierre de las terrazas en verano"},"content":{"rendered":"<p><img fetchpriority=\"high\" decoding=\"async\" class=\"alignleft size-medium wp-image-81348\" src=\"https:\/\/eldigitaldeasturias.com\/magazine365\/wp-content\/uploads\/2016\/06\/fotonoticia_20160630193657_800-360x255.jpg\" alt=\"fotonoticia_20160630193657_800\" width=\"360\" height=\"255\" srcset=\"https:\/\/eldigitaldeasturias.com\/magazine365\/wp-content\/uploads\/2016\/06\/fotonoticia_20160630193657_800-360x255.jpg 360w, https:\/\/eldigitaldeasturias.com\/magazine365\/wp-content\/uploads\/2016\/06\/fotonoticia_20160630193657_800-650x460.jpg 650w, https:\/\/eldigitaldeasturias.com\/magazine365\/wp-content\/uploads\/2016\/06\/fotonoticia_20160630193657_800-768x543.jpg 768w, https:\/\/eldigitaldeasturias.com\/magazine365\/wp-content\/uploads\/2016\/06\/fotonoticia_20160630193657_800-150x106.jpg 150w, https:\/\/eldigitaldeasturias.com\/magazine365\/wp-content\/uploads\/2016\/06\/fotonoticia_20160630193657_800-450x318.jpg 450w, https:\/\/eldigitaldeasturias.com\/magazine365\/wp-content\/uploads\/2016\/06\/fotonoticia_20160630193657_800.jpg 800w\" sizes=\"(max-width: 360px) 100vw, 360px\" \/>El Ayuntamiento de M\u00e9rida ha aprobado la ampliaci\u00f3n del horario de las terrazas y veladores del casco hist\u00f3rico hasta las tres de las madrugada durante los meses de verano.<\/p>\n<p>Con esta medida, que se aplicar\u00e1 hasta el 30 de septiembre, el consistorio pretende \u00abfacilitar el l\u00f3gico disfrute de las calles y sus establecimientos de ocio, siempre y cuando sea conciliable con el necesario descanso nocturno de sus vecinos\u00bb.<\/p>\n<p>La ampliaci\u00f3n de horario de veladores dentro del casco urbano ser\u00e1 hasta las 3,00 horas para los establecimientos cuya licencia sea de caf\u00e9-conciertos y\/o bares de categor\u00eda especial (pubs), y en el caso de bares hasta la hora de cierre contemplada en su licencia de actividad.<\/p>\n<p>El decreto firmado por el alcalde, Antonio Rodr\u00edguez Osuna, indica que \u00abel ambiente festivo de las calles propicia mayor demanda\u00bb de las terrazas de los establecimientos p\u00fablicos de restauraci\u00f3n tanto por los vecinos como por los visitantes de la ciudad, como \u00ablugar de esparcimiento en las noches de verano\u00bb.<\/p>\n<p>El regidor municipal atiende de esta forma la demanda de representantes del sector hostelero con respecto a la ampliaci\u00f3n de los horarios de las terrazas durante los meses de verano, cuyo cierre est\u00e1 fijado a nivel municipal \u00abantes de los establecimientos principales a los que pertenecen\u00bb, seg\u00fan informa el ayuntamiento en nota de prensa.<\/p>\n<p>De esta forma, el Ayuntamiento \u00abapoya la iniciativa de ampliar este horario hasta el d\u00eda 30 de septiembre de 2016, dentro de los m\u00e1rgenes legales que le est\u00e1n atribuidos y desde el m\u00e1s absoluto respeto al descanso de los ciudadanos\u00bb.<\/p>\n<p>Rodr\u00edguez Osuna se\u00f1ala que \u00abesta ampliaci\u00f3n excepcional, deber\u00e1 contemplar por parte de los hosteleros y empresarios del sector la responsabilidad del cumplimiento de la Ordenanza municipal de ocupaci\u00f3n de v\u00eda p\u00fablica no ocasionando molestias a los vecinos en lo referente a niveles de ruido m\u00e1ximos recogidos en ordenanzas y\/o normativas estatales o de la comunidad aut\u00f3noma. La excepcionalidad de horario no afecta a toda la Ciudad sino a una zona restringida dentro del cetro urbano\u00bb.<\/p>\n<p>Esta zona contempla la franja que marca el r\u00edo Guadiana, entre las calles Almendralejo y el puente Fern\u00e1ndez Casado, as\u00ed como la Avenida Extremadura hasta el Museo Abierto de M\u00e9rida, Cabo Verde, Avenida de Estudiante y V\u00eda Ensanche.<\/p>\n","protected":false},"excerpt":{"rendered":"<p>El Ayuntamiento de M\u00e9rida ha aprobado la ampliaci\u00f3n del horario de las terrazas y veladores del casco hist\u00f3rico hasta las tres de las madrugada durante los meses de verano. Con esta medida, que se aplicar\u00e1 hasta el 30 de septiembre, el consistorio pretende \u00abfacilitar el l\u00f3gico disfrute de las calles y sus establecimientos de ocio,<\/p>\n","protected":false},"author":1,"featured_media":81348,"comment_status":"open","ping_status":"closed","sticky":false,"template":"","format":"standard","meta":{"footnotes":""},"categories":[224],"tags":[],"class_list":{"0":"post-81347","1":"post","2":"type-post","3":"status-publish","4":"format-standard","5":"has-post-thumbnail","7":"category-noticias-actualidad"},"aioseo_notices":[],"aioseo_head":"\n\t\t<!-- All in One SEO Pro 4.9.6.1 - aioseo.com -->\n\t<meta name=\"description\" content=\"El Ayuntamiento de M\u00e9rida ha aprobado la ampliaci\u00f3n del horario de las terrazas y veladores del casco hist\u00f3rico hasta las tres de las madrugada durante los meses de verano. Con esta medida, que se aplicar\u00e1 hasta el 30 de septiembre, el consistorio pretende &quot;facilitar el l\u00f3gico disfrute de las calles y sus establecimientos de ocio,\" \/>\n\t<meta name=\"robots\" content=\"max-image-preview:large\" \/>\n\t<meta name=\"author\" content=\"admin\"\/>\n\t<meta name=\"google-site-verification\" content=\"UA-38556648-1\" \/>\n\t<meta name=\"keywords\" content=\"noticias y actualidad\" \/>\n\t<link rel=\"canonical\" href=\"https:\/\/eldigitaldeasturias.com\/magazine365\/el-ayuntamiento-de-merida-amplia-hasta-las-0300-horas-el-cierre-de-las-terrazas-en-verano\/\" \/>\n\t<meta name=\"generator\" content=\"All in One SEO Pro (AIOSEO) 4.9.6.1\" \/>\n\t\t<meta property=\"og:locale\" content=\"es_ES\" \/>\n\t\t<meta property=\"og:site_name\" content=\"El Digital de Asturias \u2013 Revista de ocio, turismo y estilo de vida\" \/>\n\t\t<meta property=\"og:type\" content=\"article\" \/>\n\t\t<meta property=\"og:title\" content=\"El Ayuntamiento de M\u00e9rida ampl\u00eda hasta las 03:00 horas el cierre de las terrazas en verano | El Digital de Asturias\" \/>\n\t\t<meta property=\"og:description\" content=\"El Ayuntamiento de M\u00e9rida ha aprobado la ampliaci\u00f3n del horario de las terrazas y veladores del casco hist\u00f3rico hasta las tres de las madrugada durante los meses de verano. Con esta medida, que se aplicar\u00e1 hasta el 30 de septiembre, el consistorio pretende &quot;facilitar el l\u00f3gico disfrute de las calles y sus establecimientos de ocio,\" \/>\n\t\t<meta property=\"og:url\" content=\"https:\/\/eldigitaldeasturias.com\/magazine365\/el-ayuntamiento-de-merida-amplia-hasta-las-0300-horas-el-cierre-de-las-terrazas-en-verano\/\" \/>\n\t\t<meta property=\"og:image\" content=\"https:\/\/eldigitaldeasturias.com\/magazine365\/wp-content\/uploads\/2016\/06\/fotonoticia_20160630193657_800.jpg\" \/>\n\t\t<meta property=\"og:image:secure_url\" content=\"https:\/\/eldigitaldeasturias.com\/magazine365\/wp-content\/uploads\/2016\/06\/fotonoticia_20160630193657_800.jpg\" \/>\n\t\t<meta property=\"og:image:width\" content=\"800\" \/>\n\t\t<meta property=\"og:image:height\" content=\"566\" \/>\n\t\t<meta property=\"article:published_time\" content=\"2016-06-30T21:58:09+00:00\" \/>\n\t\t<meta property=\"article:modified_time\" content=\"2016-06-30T21:58:09+00:00\" \/>\n\t\t<meta name=\"twitter:card\" content=\"summary_large_image\" \/>\n\t\t<meta name=\"twitter:title\" content=\"El Ayuntamiento de M\u00e9rida ampl\u00eda hasta las 03:00 horas el cierre de las terrazas en verano | El Digital de Asturias\" \/>\n\t\t<meta name=\"twitter:description\" content=\"El Ayuntamiento de M\u00e9rida ha aprobado la ampliaci\u00f3n del horario de las terrazas y veladores del casco hist\u00f3rico hasta las tres de las madrugada durante los meses de verano. Con esta medida, que se aplicar\u00e1 hasta el 30 de septiembre, el consistorio pretende &quot;facilitar el l\u00f3gico disfrute de las calles y sus establecimientos de ocio,\" \/>\n\t\t<meta name=\"twitter:image\" content=\"https:\/\/eldigitaldeasturias.com\/magazine365\/wp-content\/uploads\/2016\/06\/fotonoticia_20160630193657_800.jpg\" \/>\n\t\t<script type=\"application\/ld+json\" class=\"aioseo-schema\">\n\t\t\t{\"@context\":\"https:\\\/\\\/schema.org\",\"@graph\":[{\"@type\":\"Article\",\"@id\":\"https:\\\/\\\/eldigitaldeasturias.com\\\/magazine365\\\/el-ayuntamiento-de-merida-amplia-hasta-las-0300-horas-el-cierre-de-las-terrazas-en-verano\\\/#article\",\"name\":\"El Ayuntamiento de M\\u00e9rida ampl\\u00eda hasta las 03:00 horas el cierre de las terrazas en verano | El Digital de Asturias\",\"headline\":\"El Ayuntamiento de M\\u00e9rida ampl\\u00eda hasta las 03:00 horas el cierre de las terrazas en verano\",\"author\":{\"@id\":\"https:\\\/\\\/eldigitaldeasturias.com\\\/magazine365\\\/author\\\/admin\\\/#author\"},\"publisher\":{\"@id\":\"https:\\\/\\\/eldigitaldeasturias.com\\\/magazine365\\\/#organization\"},\"image\":{\"@type\":\"ImageObject\",\"url\":\"https:\\\/\\\/eldigitaldeasturias.com\\\/magazine365\\\/wp-content\\\/uploads\\\/2016\\\/06\\\/fotonoticia_20160630193657_800.jpg\",\"width\":800,\"height\":566},\"datePublished\":\"2016-06-30T23:58:09+02:00\",\"dateModified\":\"2016-06-30T23:58:09+02:00\",\"inLanguage\":\"es-ES\",\"mainEntityOfPage\":{\"@id\":\"https:\\\/\\\/eldigitaldeasturias.com\\\/magazine365\\\/el-ayuntamiento-de-merida-amplia-hasta-las-0300-horas-el-cierre-de-las-terrazas-en-verano\\\/#webpage\"},\"isPartOf\":{\"@id\":\"https:\\\/\\\/eldigitaldeasturias.com\\\/magazine365\\\/el-ayuntamiento-de-merida-amplia-hasta-las-0300-horas-el-cierre-de-las-terrazas-en-verano\\\/#webpage\"},\"articleSection\":\"Noticias y Actualidad\"},{\"@type\":\"BreadcrumbList\",\"@id\":\"https:\\\/\\\/eldigitaldeasturias.com\\\/magazine365\\\/el-ayuntamiento-de-merida-amplia-hasta-las-0300-horas-el-cierre-de-las-terrazas-en-verano\\\/#breadcrumblist\",\"itemListElement\":[{\"@type\":\"ListItem\",\"@id\":\"https:\\\/\\\/eldigitaldeasturias.com\\\/magazine365#listItem\",\"position\":1,\"name\":\"Home\",\"item\":\"https:\\\/\\\/eldigitaldeasturias.com\\\/magazine365\",\"nextItem\":{\"@type\":\"ListItem\",\"@id\":\"https:\\\/\\\/eldigitaldeasturias.com\\\/magazine365\\\/category\\\/noticias-actualidad\\\/#listItem\",\"name\":\"Noticias y Actualidad\"}},{\"@type\":\"ListItem\",\"@id\":\"https:\\\/\\\/eldigitaldeasturias.com\\\/magazine365\\\/category\\\/noticias-actualidad\\\/#listItem\",\"position\":2,\"name\":\"Noticias y Actualidad\",\"item\":\"https:\\\/\\\/eldigitaldeasturias.com\\\/magazine365\\\/category\\\/noticias-actualidad\\\/\",\"nextItem\":{\"@type\":\"ListItem\",\"@id\":\"https:\\\/\\\/eldigitaldeasturias.com\\\/magazine365\\\/el-ayuntamiento-de-merida-amplia-hasta-las-0300-horas-el-cierre-de-las-terrazas-en-verano\\\/#listItem\",\"name\":\"El Ayuntamiento de M\\u00e9rida ampl\\u00eda hasta las 03:00 horas el cierre de las terrazas en verano\"},\"previousItem\":{\"@type\":\"ListItem\",\"@id\":\"https:\\\/\\\/eldigitaldeasturias.com\\\/magazine365#listItem\",\"name\":\"Home\"}},{\"@type\":\"ListItem\",\"@id\":\"https:\\\/\\\/eldigitaldeasturias.com\\\/magazine365\\\/el-ayuntamiento-de-merida-amplia-hasta-las-0300-horas-el-cierre-de-las-terrazas-en-verano\\\/#listItem\",\"position\":3,\"name\":\"El Ayuntamiento de M\\u00e9rida ampl\\u00eda hasta las 03:00 horas el cierre de las terrazas en verano\",\"previousItem\":{\"@type\":\"ListItem\",\"@id\":\"https:\\\/\\\/eldigitaldeasturias.com\\\/magazine365\\\/category\\\/noticias-actualidad\\\/#listItem\",\"name\":\"Noticias y Actualidad\"}}]},{\"@type\":\"Organization\",\"@id\":\"https:\\\/\\\/eldigitaldeasturias.com\\\/magazine365\\\/#organization\",\"name\":\"El digital de Asturias\",\"description\":\"Revista de ocio, turismo y estilo de vida\",\"url\":\"https:\\\/\\\/eldigitaldeasturias.com\\\/magazine365\\\/\",\"logo\":{\"@type\":\"ImageObject\",\"url\":\"https:\\\/\\\/www.eldigitaldeasturias.com\\\/noticias\\\/wp-content\\\/uploads\\\/2020\\\/12\\\/EDA.jpg\",\"@id\":\"https:\\\/\\\/eldigitaldeasturias.com\\\/magazine365\\\/el-ayuntamiento-de-merida-amplia-hasta-las-0300-horas-el-cierre-de-las-terrazas-en-verano\\\/#organizationLogo\"},\"image\":{\"@id\":\"https:\\\/\\\/eldigitaldeasturias.com\\\/magazine365\\\/el-ayuntamiento-de-merida-amplia-hasta-las-0300-horas-el-cierre-de-las-terrazas-en-verano\\\/#organizationLogo\"}},{\"@type\":\"Person\",\"@id\":\"https:\\\/\\\/eldigitaldeasturias.com\\\/magazine365\\\/author\\\/admin\\\/#author\",\"url\":\"https:\\\/\\\/eldigitaldeasturias.com\\\/magazine365\\\/author\\\/admin\\\/\",\"name\":\"admin\",\"image\":{\"@type\":\"ImageObject\",\"@id\":\"https:\\\/\\\/eldigitaldeasturias.com\\\/magazine365\\\/el-ayuntamiento-de-merida-amplia-hasta-las-0300-horas-el-cierre-de-las-terrazas-en-verano\\\/#authorImage\",\"url\":\"https:\\\/\\\/eldigitaldeasturias.com\\\/magazine365\\\/wp-content\\\/litespeed\\\/avatar\\\/e571bcf59a0edd6fa6838245a470f2fe.jpg?ver=1776969259\",\"width\":96,\"height\":96,\"caption\":\"admin\"}},{\"@type\":\"WebPage\",\"@id\":\"https:\\\/\\\/eldigitaldeasturias.com\\\/magazine365\\\/el-ayuntamiento-de-merida-amplia-hasta-las-0300-horas-el-cierre-de-las-terrazas-en-verano\\\/#webpage\",\"url\":\"https:\\\/\\\/eldigitaldeasturias.com\\\/magazine365\\\/el-ayuntamiento-de-merida-amplia-hasta-las-0300-horas-el-cierre-de-las-terrazas-en-verano\\\/\",\"name\":\"El Ayuntamiento de M\\u00e9rida ampl\\u00eda hasta las 03:00 horas el cierre de las terrazas en verano | El Digital de Asturias\",\"description\":\"El Ayuntamiento de M\\u00e9rida ha aprobado la ampliaci\\u00f3n del horario de las terrazas y veladores del casco hist\\u00f3rico hasta las tres de las madrugada durante los meses de verano. Con esta medida, que se aplicar\\u00e1 hasta el 30 de septiembre, el consistorio pretende \\\"facilitar el l\\u00f3gico disfrute de las calles y sus establecimientos de ocio,\",\"inLanguage\":\"es-ES\",\"isPartOf\":{\"@id\":\"https:\\\/\\\/eldigitaldeasturias.com\\\/magazine365\\\/#website\"},\"breadcrumb\":{\"@id\":\"https:\\\/\\\/eldigitaldeasturias.com\\\/magazine365\\\/el-ayuntamiento-de-merida-amplia-hasta-las-0300-horas-el-cierre-de-las-terrazas-en-verano\\\/#breadcrumblist\"},\"author\":{\"@id\":\"https:\\\/\\\/eldigitaldeasturias.com\\\/magazine365\\\/author\\\/admin\\\/#author\"},\"creator\":{\"@id\":\"https:\\\/\\\/eldigitaldeasturias.com\\\/magazine365\\\/author\\\/admin\\\/#author\"},\"image\":{\"@type\":\"ImageObject\",\"url\":\"https:\\\/\\\/eldigitaldeasturias.com\\\/magazine365\\\/wp-content\\\/uploads\\\/2016\\\/06\\\/fotonoticia_20160630193657_800.jpg\",\"@id\":\"https:\\\/\\\/eldigitaldeasturias.com\\\/magazine365\\\/el-ayuntamiento-de-merida-amplia-hasta-las-0300-horas-el-cierre-de-las-terrazas-en-verano\\\/#mainImage\",\"width\":800,\"height\":566},\"primaryImageOfPage\":{\"@id\":\"https:\\\/\\\/eldigitaldeasturias.com\\\/magazine365\\\/el-ayuntamiento-de-merida-amplia-hasta-las-0300-horas-el-cierre-de-las-terrazas-en-verano\\\/#mainImage\"},\"datePublished\":\"2016-06-30T23:58:09+02:00\",\"dateModified\":\"2016-06-30T23:58:09+02:00\"},{\"@type\":\"WebSite\",\"@id\":\"https:\\\/\\\/eldigitaldeasturias.com\\\/magazine365\\\/#website\",\"url\":\"https:\\\/\\\/eldigitaldeasturias.com\\\/magazine365\\\/\",\"name\":\"El Digital de Asturias\",\"description\":\"Revista de ocio, turismo y estilo de vida\",\"inLanguage\":\"es-ES\",\"publisher\":{\"@id\":\"https:\\\/\\\/eldigitaldeasturias.com\\\/magazine365\\\/#organization\"}}]}\n\t\t<\/script>\n\t\t<!-- All in One SEO Pro -->\r\n\t\t<title>El Ayuntamiento de M\u00e9rida ampl\u00eda hasta las 03:00 horas el cierre de las terrazas en verano | El Digital de Asturias<\/title>\n\n","aioseo_head_json":{"title":"El Ayuntamiento de M\u00e9rida ampl\u00eda hasta las 03:00 horas el cierre de las terrazas en verano | El Digital de Asturias","description":"El Ayuntamiento de M\u00e9rida ha aprobado la ampliaci\u00f3n del horario de las terrazas y veladores del casco hist\u00f3rico hasta las tres de las madrugada durante los meses de verano. Con esta medida, que se aplicar\u00e1 hasta el 30 de septiembre, el consistorio pretende \"facilitar el l\u00f3gico disfrute de las calles y sus establecimientos de ocio,","canonical_url":"https:\/\/eldigitaldeasturias.com\/magazine365\/el-ayuntamiento-de-merida-amplia-hasta-las-0300-horas-el-cierre-de-las-terrazas-en-verano\/","robots":"max-image-preview:large","keywords":"noticias y actualidad","webmasterTools":{"google-site-verification":"UA-38556648-1","miscellaneous":""},"schema":{"@context":"https:\/\/schema.org","@graph":[{"@type":"Article","@id":"https:\/\/eldigitaldeasturias.com\/magazine365\/el-ayuntamiento-de-merida-amplia-hasta-las-0300-horas-el-cierre-de-las-terrazas-en-verano\/#article","name":"El Ayuntamiento de M\u00e9rida ampl\u00eda hasta las 03:00 horas el cierre de las terrazas en verano | El Digital de Asturias","headline":"El Ayuntamiento de M\u00e9rida ampl\u00eda hasta las 03:00 horas el cierre de las terrazas en verano","author":{"@id":"https:\/\/eldigitaldeasturias.com\/magazine365\/author\/admin\/#author"},"publisher":{"@id":"https:\/\/eldigitaldeasturias.com\/magazine365\/#organization"},"image":{"@type":"ImageObject","url":"https:\/\/eldigitaldeasturias.com\/magazine365\/wp-content\/uploads\/2016\/06\/fotonoticia_20160630193657_800.jpg","width":800,"height":566},"datePublished":"2016-06-30T23:58:09+02:00","dateModified":"2016-06-30T23:58:09+02:00","inLanguage":"es-ES","mainEntityOfPage":{"@id":"https:\/\/eldigitaldeasturias.com\/magazine365\/el-ayuntamiento-de-merida-amplia-hasta-las-0300-horas-el-cierre-de-las-terrazas-en-verano\/#webpage"},"isPartOf":{"@id":"https:\/\/eldigitaldeasturias.com\/magazine365\/el-ayuntamiento-de-merida-amplia-hasta-las-0300-horas-el-cierre-de-las-terrazas-en-verano\/#webpage"},"articleSection":"Noticias y Actualidad"},{"@type":"BreadcrumbList","@id":"https:\/\/eldigitaldeasturias.com\/magazine365\/el-ayuntamiento-de-merida-amplia-hasta-las-0300-horas-el-cierre-de-las-terrazas-en-verano\/#breadcrumblist","itemListElement":[{"@type":"ListItem","@id":"https:\/\/eldigitaldeasturias.com\/magazine365#listItem","position":1,"name":"Home","item":"https:\/\/eldigitaldeasturias.com\/magazine365","nextItem":{"@type":"ListItem","@id":"https:\/\/eldigitaldeasturias.com\/magazine365\/category\/noticias-actualidad\/#listItem","name":"Noticias y Actualidad"}},{"@type":"ListItem","@id":"https:\/\/eldigitaldeasturias.com\/magazine365\/category\/noticias-actualidad\/#listItem","position":2,"name":"Noticias y Actualidad","item":"https:\/\/eldigitaldeasturias.com\/magazine365\/category\/noticias-actualidad\/","nextItem":{"@type":"ListItem","@id":"https:\/\/eldigitaldeasturias.com\/magazine365\/el-ayuntamiento-de-merida-amplia-hasta-las-0300-horas-el-cierre-de-las-terrazas-en-verano\/#listItem","name":"El Ayuntamiento de M\u00e9rida ampl\u00eda hasta las 03:00 horas el cierre de las terrazas en verano"},"previousItem":{"@type":"ListItem","@id":"https:\/\/eldigitaldeasturias.com\/magazine365#listItem","name":"Home"}},{"@type":"ListItem","@id":"https:\/\/eldigitaldeasturias.com\/magazine365\/el-ayuntamiento-de-merida-amplia-hasta-las-0300-horas-el-cierre-de-las-terrazas-en-verano\/#listItem","position":3,"name":"El Ayuntamiento de M\u00e9rida ampl\u00eda hasta las 03:00 horas el cierre de las terrazas en verano","previousItem":{"@type":"ListItem","@id":"https:\/\/eldigitaldeasturias.com\/magazine365\/category\/noticias-actualidad\/#listItem","name":"Noticias y Actualidad"}}]},{"@type":"Organization","@id":"https:\/\/eldigitaldeasturias.com\/magazine365\/#organization","name":"El digital de Asturias","description":"Revista de ocio, turismo y estilo de vida","url":"https:\/\/eldigitaldeasturias.com\/magazine365\/","logo":{"@type":"ImageObject","url":"https:\/\/www.eldigitaldeasturias.com\/noticias\/wp-content\/uploads\/2020\/12\/EDA.jpg","@id":"https:\/\/eldigitaldeasturias.com\/magazine365\/el-ayuntamiento-de-merida-amplia-hasta-las-0300-horas-el-cierre-de-las-terrazas-en-verano\/#organizationLogo"},"image":{"@id":"https:\/\/eldigitaldeasturias.com\/magazine365\/el-ayuntamiento-de-merida-amplia-hasta-las-0300-horas-el-cierre-de-las-terrazas-en-verano\/#organizationLogo"}},{"@type":"Person","@id":"https:\/\/eldigitaldeasturias.com\/magazine365\/author\/admin\/#author","url":"https:\/\/eldigitaldeasturias.com\/magazine365\/author\/admin\/","name":"admin","image":{"@type":"ImageObject","@id":"https:\/\/eldigitaldeasturias.com\/magazine365\/el-ayuntamiento-de-merida-amplia-hasta-las-0300-horas-el-cierre-de-las-terrazas-en-verano\/#authorImage","url":"https:\/\/eldigitaldeasturias.com\/magazine365\/wp-content\/litespeed\/avatar\/e571bcf59a0edd6fa6838245a470f2fe.jpg?ver=1776969259","width":96,"height":96,"caption":"admin"}},{"@type":"WebPage","@id":"https:\/\/eldigitaldeasturias.com\/magazine365\/el-ayuntamiento-de-merida-amplia-hasta-las-0300-horas-el-cierre-de-las-terrazas-en-verano\/#webpage","url":"https:\/\/eldigitaldeasturias.com\/magazine365\/el-ayuntamiento-de-merida-amplia-hasta-las-0300-horas-el-cierre-de-las-terrazas-en-verano\/","name":"El Ayuntamiento de M\u00e9rida ampl\u00eda hasta las 03:00 horas el cierre de las terrazas en verano | El Digital de Asturias","description":"El Ayuntamiento de M\u00e9rida ha aprobado la ampliaci\u00f3n del horario de las terrazas y veladores del casco hist\u00f3rico hasta las tres de las madrugada durante los meses de verano. Con esta medida, que se aplicar\u00e1 hasta el 30 de septiembre, el consistorio pretende \"facilitar el l\u00f3gico disfrute de las calles y sus establecimientos de ocio,","inLanguage":"es-ES","isPartOf":{"@id":"https:\/\/eldigitaldeasturias.com\/magazine365\/#website"},"breadcrumb":{"@id":"https:\/\/eldigitaldeasturias.com\/magazine365\/el-ayuntamiento-de-merida-amplia-hasta-las-0300-horas-el-cierre-de-las-terrazas-en-verano\/#breadcrumblist"},"author":{"@id":"https:\/\/eldigitaldeasturias.com\/magazine365\/author\/admin\/#author"},"creator":{"@id":"https:\/\/eldigitaldeasturias.com\/magazine365\/author\/admin\/#author"},"image":{"@type":"ImageObject","url":"https:\/\/eldigitaldeasturias.com\/magazine365\/wp-content\/uploads\/2016\/06\/fotonoticia_20160630193657_800.jpg","@id":"https:\/\/eldigitaldeasturias.com\/magazine365\/el-ayuntamiento-de-merida-amplia-hasta-las-0300-horas-el-cierre-de-las-terrazas-en-verano\/#mainImage","width":800,"height":566},"primaryImageOfPage":{"@id":"https:\/\/eldigitaldeasturias.com\/magazine365\/el-ayuntamiento-de-merida-amplia-hasta-las-0300-horas-el-cierre-de-las-terrazas-en-verano\/#mainImage"},"datePublished":"2016-06-30T23:58:09+02:00","dateModified":"2016-06-30T23:58:09+02:00"},{"@type":"WebSite","@id":"https:\/\/eldigitaldeasturias.com\/magazine365\/#website","url":"https:\/\/eldigitaldeasturias.com\/magazine365\/","name":"El Digital de Asturias","description":"Revista de ocio, turismo y estilo de vida","inLanguage":"es-ES","publisher":{"@id":"https:\/\/eldigitaldeasturias.com\/magazine365\/#organization"}}]},"og:locale":"es_ES","og:site_name":"El Digital de Asturias \u2013 Revista de ocio, turismo y estilo de vida","og:type":"article","og:title":"El Ayuntamiento de M\u00e9rida ampl\u00eda hasta las 03:00 horas el cierre de las terrazas en verano | El Digital de Asturias","og:description":"El Ayuntamiento de M\u00e9rida ha aprobado la ampliaci\u00f3n del horario de las terrazas y veladores del casco hist\u00f3rico hasta las tres de las madrugada durante los meses de verano. Con esta medida, que se aplicar\u00e1 hasta el 30 de septiembre, el consistorio pretende &quot;facilitar el l\u00f3gico disfrute de las calles y sus establecimientos de ocio,","og:url":"https:\/\/eldigitaldeasturias.com\/magazine365\/el-ayuntamiento-de-merida-amplia-hasta-las-0300-horas-el-cierre-de-las-terrazas-en-verano\/","og:image":"https:\/\/eldigitaldeasturias.com\/magazine365\/wp-content\/uploads\/2016\/06\/fotonoticia_20160630193657_800.jpg","og:image:secure_url":"https:\/\/eldigitaldeasturias.com\/magazine365\/wp-content\/uploads\/2016\/06\/fotonoticia_20160630193657_800.jpg","og:image:width":800,"og:image:height":566,"article:published_time":"2016-06-30T21:58:09+00:00","article:modified_time":"2016-06-30T21:58:09+00:00","twitter:card":"summary_large_image","twitter:title":"El Ayuntamiento de M\u00e9rida ampl\u00eda hasta las 03:00 horas el cierre de las terrazas en verano | El Digital de Asturias","twitter:description":"El Ayuntamiento de M\u00e9rida ha aprobado la ampliaci\u00f3n del horario de las terrazas y veladores del casco hist\u00f3rico hasta las tres de las madrugada durante los meses de verano. Con esta medida, que se aplicar\u00e1 hasta el 30 de septiembre, el consistorio pretende &quot;facilitar el l\u00f3gico disfrute de las calles y sus establecimientos de ocio,","twitter:image":"https:\/\/eldigitaldeasturias.com\/magazine365\/wp-content\/uploads\/2016\/06\/fotonoticia_20160630193657_800.jpg"},"aioseo_meta_data":{"post_id":"81347","title":null,"description":null,"keywords":null,"keyphrases":null,"primary_term":null,"canonical_url":null,"og_title":null,"og_description":null,"og_object_type":"default","og_image_type":"default","og_image_url":null,"og_image_width":null,"og_image_height":null,"og_image_custom_url":null,"og_image_custom_fields":null,"og_video":null,"og_custom_url":null,"og_article_section":null,"og_article_tags":null,"twitter_use_og":false,"twitter_card":"default","twitter_image_type":"default","twitter_image_url":null,"twitter_image_custom_url":null,"twitter_image_custom_fields":null,"twitter_title":null,"twitter_description":null,"schema":{"blockGraphs":[],"customGraphs":[],"default":{"data":{"Article":[],"Course":[],"Dataset":[],"FAQPage":[],"Movie":[],"Person":[],"Product":[],"ProductReview":[],"Car":[],"Recipe":[],"Service":[],"SoftwareApplication":[],"WebPage":[]},"graphName":"","isEnabled":true},"graphs":[],"defaultGraph":"","defaultPostTypeGraph":""},"schema_type":null,"schema_type_options":null,"pillar_content":false,"robots_default":true,"robots_noindex":false,"robots_noarchive":false,"robots_nosnippet":false,"robots_nofollow":false,"robots_noimageindex":false,"robots_noodp":false,"robots_notranslate":false,"robots_max_snippet":null,"robots_max_videopreview":null,"robots_max_imagepreview":"large","priority":null,"frequency":null,"location":null,"local_seo":null,"seo_analyzer_scan_date":"2025-09-27 22:42:18","breadcrumb_settings":null,"limit_modified_date":false,"open_ai":null,"ai":null,"created":"2021-03-08 17:18:58","updated":"2025-09-27 22:42:18"},"aioseo_breadcrumb":"<div class=\"aioseo-breadcrumbs\"><span class=\"aioseo-breadcrumb\">\n\t<a href=\"https:\/\/eldigitaldeasturias.com\/magazine365\" title=\"Home\">Home<\/a>\n<\/span><span class=\"aioseo-breadcrumb-separator\">\u2013<\/span><span class=\"aioseo-breadcrumb\">\n\t<a href=\"https:\/\/eldigitaldeasturias.com\/magazine365\/category\/noticias-actualidad\/\" title=\"Noticias y Actualidad\">Noticias y Actualidad<\/a>\n<\/span><span class=\"aioseo-breadcrumb-separator\">\u2013<\/span><span class=\"aioseo-breadcrumb\">\n\t<a href=\"https:\/\/eldigitaldeasturias.com\/magazine365\/el-ayuntamiento-de-merida-amplia-hasta-las-0300-horas-el-cierre-de-las-terrazas-en-verano\/\" title=\"El Ayuntamiento de M\u00e9rida ampl\u00eda hasta las 03:00 horas el cierre de las terrazas en verano\">El Ayuntamiento de M\u00e9rida ampl\u00eda hasta las 03:00 horas el cierre de las terrazas en verano<\/a>\n<\/span><\/div>","aioseo_breadcrumb_json":[{"label":"Home","link":"https:\/\/eldigitaldeasturias.com\/magazine365"},{"label":"Noticias y Actualidad","link":"https:\/\/eldigitaldeasturias.com\/magazine365\/category\/noticias-actualidad\/"},{"label":"El Ayuntamiento de M\u00e9rida ampl\u00eda hasta las 03:00 horas el cierre de las terrazas en verano","link":"https:\/\/eldigitaldeasturias.com\/magazine365\/el-ayuntamiento-de-merida-amplia-hasta-las-0300-horas-el-cierre-de-las-terrazas-en-verano\/"}],"_links":{"self":[{"href":"https:\/\/eldigitaldeasturias.com\/magazine365\/wp-json\/wp\/v2\/posts\/81347","targetHints":{"allow":["GET"]}}],"collection":[{"href":"https:\/\/eldigitaldeasturias.com\/magazine365\/wp-json\/wp\/v2\/posts"}],"about":[{"href":"https:\/\/eldigitaldeasturias.com\/magazine365\/wp-json\/wp\/v2\/types\/post"}],"author":[{"embeddable":true,"href":"https:\/\/eldigitaldeasturias.com\/magazine365\/wp-json\/wp\/v2\/users\/1"}],"replies":[{"embeddable":true,"href":"https:\/\/eldigitaldeasturias.com\/magazine365\/wp-json\/wp\/v2\/comments?post=81347"}],"version-history":[{"count":0,"href":"https:\/\/eldigitaldeasturias.com\/magazine365\/wp-json\/wp\/v2\/posts\/81347\/revisions"}],"wp:featuredmedia":[{"embeddable":true,"href":"https:\/\/eldigitaldeasturias.com\/magazine365\/wp-json\/wp\/v2\/media\/81348"}],"wp:attachment":[{"href":"https:\/\/eldigitaldeasturias.com\/magazine365\/wp-json\/wp\/v2\/media?parent=81347"}],"wp:term":[{"taxonomy":"category","embeddable":true,"href":"https:\/\/eldigitaldeasturias.com\/magazine365\/wp-json\/wp\/v2\/categories?post=81347"},{"taxonomy":"post_tag","embeddable":true,"href":"https:\/\/eldigitaldeasturias.com\/magazine365\/wp-json\/wp\/v2\/tags?post=81347"}],"curies":[{"name":"wp","href":"https:\/\/api.w.org\/{rel}","templated":true}]}}