{"id":81344,"date":"2016-06-30T23:56:49","date_gmt":"2016-06-30T21:56:49","guid":{"rendered":"http:\/\/eldigitaldeasturias.com\/magazine365\/?p=81344"},"modified":"2016-06-30T23:56:49","modified_gmt":"2016-06-30T21:56:49","slug":"airbus-group-presenta-sus-nuevos-productos-en-la-feria-aeronautica-de-farnborough","status":"publish","type":"post","link":"https:\/\/eldigitaldeasturias.com\/magazine365\/airbus-group-presenta-sus-nuevos-productos-en-la-feria-aeronautica-de-farnborough\/","title":{"rendered":"Airbus Group presenta sus nuevos productos en la feria aeron\u00e1utica de Farnborough"},"content":{"rendered":"<p><img fetchpriority=\"high\" decoding=\"async\" class=\"alignleft size-medium wp-image-81345\" src=\"https:\/\/eldigitaldeasturias.com\/magazine365\/wp-content\/uploads\/2016\/06\/fotonoticia_20160630193316_800-360x240.jpg\" alt=\"fotonoticia_20160630193316_800\" width=\"360\" height=\"240\" srcset=\"https:\/\/eldigitaldeasturias.com\/magazine365\/wp-content\/uploads\/2016\/06\/fotonoticia_20160630193316_800-360x240.jpg 360w, https:\/\/eldigitaldeasturias.com\/magazine365\/wp-content\/uploads\/2016\/06\/fotonoticia_20160630193316_800-650x433.jpg 650w, https:\/\/eldigitaldeasturias.com\/magazine365\/wp-content\/uploads\/2016\/06\/fotonoticia_20160630193316_800-768x512.jpg 768w, https:\/\/eldigitaldeasturias.com\/magazine365\/wp-content\/uploads\/2016\/06\/fotonoticia_20160630193316_800-150x100.jpg 150w, https:\/\/eldigitaldeasturias.com\/magazine365\/wp-content\/uploads\/2016\/06\/fotonoticia_20160630193316_800-450x300.jpg 450w, https:\/\/eldigitaldeasturias.com\/magazine365\/wp-content\/uploads\/2016\/06\/fotonoticia_20160630193316_800-101x66.jpg 101w, https:\/\/eldigitaldeasturias.com\/magazine365\/wp-content\/uploads\/2016\/06\/fotonoticia_20160630193316_800.jpg 800w\" sizes=\"(max-width: 360px) 100vw, 360px\" \/>Airbus Group presentar\u00e1 sus aviones comerciales y militares y sus nuevos helic\u00f3pteros en la &#8216;Feria Aeron\u00e1utica de Farnborough&#8217;, que se celebrar\u00e1 del 11 al 17 de julio, seg\u00fan informa la compa\u00f1\u00eda en un comunicado.<\/p>\n<p>Farnborough 2016 girar\u00e1 en torno al tercer aniversario del primer vuelo del A350. Desde su entrada en servicio en enero de 2015, m\u00e1s de 2,5 millones de pasajeros han viajado en ellos. Los visitantes del Pabell\u00f3n de Airbus Group podr\u00e1n experimentar las comodidades de su cabina en el servicio en la realidad virtual &#8216;Airspace by Airbus&#8217; con una maqueta de esta, seg\u00fan informa Airbus.<\/p>\n<p>Se realizar\u00e1n distintos vuelos de exhibici\u00f3n durante los d\u00edas en los que desarrollar\u00e1 la feria, como los del nuevo helic\u00f3ptero H145 o el avi\u00f3n militar A400M, adem\u00e1s de los comerciales A350 XWB y A380.<\/p>\n","protected":false},"excerpt":{"rendered":"<p>Airbus Group presentar\u00e1 sus aviones comerciales y militares y sus nuevos helic\u00f3pteros en la &#8216;Feria Aeron\u00e1utica de Farnborough&#8217;, que se celebrar\u00e1 del 11 al 17 de julio, seg\u00fan informa la compa\u00f1\u00eda en un comunicado. Farnborough 2016 girar\u00e1 en torno al tercer aniversario del primer vuelo del A350. Desde su entrada en servicio en enero de<\/p>\n","protected":false},"author":1,"featured_media":81345,"comment_status":"open","ping_status":"closed","sticky":false,"template":"","format":"standard","meta":{"footnotes":""},"categories":[224],"tags":[],"class_list":{"0":"post-81344","1":"post","2":"type-post","3":"status-publish","4":"format-standard","5":"has-post-thumbnail","7":"category-noticias-actualidad"},"aioseo_notices":[],"aioseo_head":"\n\t\t<!-- All in One SEO Pro 4.9.6.1 - aioseo.com -->\n\t<meta name=\"description\" content=\"Airbus Group presentar\u00e1 sus aviones comerciales y militares y sus nuevos helic\u00f3pteros en la &#039;Feria Aeron\u00e1utica de Farnborough&#039;, que se celebrar\u00e1 del 11 al 17 de julio, seg\u00fan informa la compa\u00f1\u00eda en un comunicado. Farnborough 2016 girar\u00e1 en torno al tercer aniversario del primer vuelo del A350. Desde su entrada en servicio en enero de\" \/>\n\t<meta name=\"robots\" content=\"max-image-preview:large\" \/>\n\t<meta name=\"author\" content=\"admin\"\/>\n\t<meta name=\"google-site-verification\" content=\"UA-38556648-1\" \/>\n\t<meta name=\"keywords\" content=\"noticias y actualidad\" \/>\n\t<link rel=\"canonical\" href=\"https:\/\/eldigitaldeasturias.com\/magazine365\/airbus-group-presenta-sus-nuevos-productos-en-la-feria-aeronautica-de-farnborough\/\" \/>\n\t<meta name=\"generator\" content=\"All in One SEO Pro (AIOSEO) 4.9.6.1\" \/>\n\t\t<meta property=\"og:locale\" content=\"es_ES\" \/>\n\t\t<meta property=\"og:site_name\" content=\"El Digital de Asturias \u2013 Revista de ocio, turismo y estilo de vida\" \/>\n\t\t<meta property=\"og:type\" content=\"article\" \/>\n\t\t<meta property=\"og:title\" content=\"Airbus Group presenta sus nuevos productos en la feria aeron\u00e1utica de Farnborough | El Digital de Asturias\" \/>\n\t\t<meta property=\"og:description\" content=\"Airbus Group presentar\u00e1 sus aviones comerciales y militares y sus nuevos helic\u00f3pteros en la &#039;Feria Aeron\u00e1utica de Farnborough&#039;, que se celebrar\u00e1 del 11 al 17 de julio, seg\u00fan informa la compa\u00f1\u00eda en un comunicado. Farnborough 2016 girar\u00e1 en torno al tercer aniversario del primer vuelo del A350. Desde su entrada en servicio en enero de\" \/>\n\t\t<meta property=\"og:url\" content=\"https:\/\/eldigitaldeasturias.com\/magazine365\/airbus-group-presenta-sus-nuevos-productos-en-la-feria-aeronautica-de-farnborough\/\" \/>\n\t\t<meta property=\"og:image\" content=\"https:\/\/eldigitaldeasturias.com\/magazine365\/wp-content\/uploads\/2016\/06\/fotonoticia_20160630193316_800.jpg\" \/>\n\t\t<meta property=\"og:image:secure_url\" content=\"https:\/\/eldigitaldeasturias.com\/magazine365\/wp-content\/uploads\/2016\/06\/fotonoticia_20160630193316_800.jpg\" \/>\n\t\t<meta property=\"og:image:width\" content=\"800\" \/>\n\t\t<meta property=\"og:image:height\" content=\"533\" \/>\n\t\t<meta property=\"article:published_time\" content=\"2016-06-30T21:56:49+00:00\" \/>\n\t\t<meta property=\"article:modified_time\" content=\"2016-06-30T21:56:49+00:00\" \/>\n\t\t<meta name=\"twitter:card\" content=\"summary_large_image\" \/>\n\t\t<meta name=\"twitter:title\" content=\"Airbus Group presenta sus nuevos productos en la feria aeron\u00e1utica de Farnborough | El Digital de Asturias\" \/>\n\t\t<meta name=\"twitter:description\" content=\"Airbus Group presentar\u00e1 sus aviones comerciales y militares y sus nuevos helic\u00f3pteros en la &#039;Feria Aeron\u00e1utica de Farnborough&#039;, que se celebrar\u00e1 del 11 al 17 de julio, seg\u00fan informa la compa\u00f1\u00eda en un comunicado. Farnborough 2016 girar\u00e1 en torno al tercer aniversario del primer vuelo del A350. Desde su entrada en servicio en enero de\" \/>\n\t\t<meta name=\"twitter:image\" content=\"https:\/\/eldigitaldeasturias.com\/magazine365\/wp-content\/uploads\/2016\/06\/fotonoticia_20160630193316_800.jpg\" \/>\n\t\t<script type=\"application\/ld+json\" class=\"aioseo-schema\">\n\t\t\t{\"@context\":\"https:\\\/\\\/schema.org\",\"@graph\":[{\"@type\":\"Article\",\"@id\":\"https:\\\/\\\/eldigitaldeasturias.com\\\/magazine365\\\/airbus-group-presenta-sus-nuevos-productos-en-la-feria-aeronautica-de-farnborough\\\/#article\",\"name\":\"Airbus Group presenta sus nuevos productos en la feria aeron\\u00e1utica de Farnborough | El Digital de Asturias\",\"headline\":\"Airbus Group presenta sus nuevos productos en la feria aeron\\u00e1utica de Farnborough\",\"author\":{\"@id\":\"https:\\\/\\\/eldigitaldeasturias.com\\\/magazine365\\\/author\\\/admin\\\/#author\"},\"publisher\":{\"@id\":\"https:\\\/\\\/eldigitaldeasturias.com\\\/magazine365\\\/#organization\"},\"image\":{\"@type\":\"ImageObject\",\"url\":\"https:\\\/\\\/eldigitaldeasturias.com\\\/magazine365\\\/wp-content\\\/uploads\\\/2016\\\/06\\\/fotonoticia_20160630193316_800.jpg\",\"width\":800,\"height\":533},\"datePublished\":\"2016-06-30T23:56:49+02:00\",\"dateModified\":\"2016-06-30T23:56:49+02:00\",\"inLanguage\":\"es-ES\",\"mainEntityOfPage\":{\"@id\":\"https:\\\/\\\/eldigitaldeasturias.com\\\/magazine365\\\/airbus-group-presenta-sus-nuevos-productos-en-la-feria-aeronautica-de-farnborough\\\/#webpage\"},\"isPartOf\":{\"@id\":\"https:\\\/\\\/eldigitaldeasturias.com\\\/magazine365\\\/airbus-group-presenta-sus-nuevos-productos-en-la-feria-aeronautica-de-farnborough\\\/#webpage\"},\"articleSection\":\"Noticias y Actualidad\"},{\"@type\":\"BreadcrumbList\",\"@id\":\"https:\\\/\\\/eldigitaldeasturias.com\\\/magazine365\\\/airbus-group-presenta-sus-nuevos-productos-en-la-feria-aeronautica-de-farnborough\\\/#breadcrumblist\",\"itemListElement\":[{\"@type\":\"ListItem\",\"@id\":\"https:\\\/\\\/eldigitaldeasturias.com\\\/magazine365#listItem\",\"position\":1,\"name\":\"Home\",\"item\":\"https:\\\/\\\/eldigitaldeasturias.com\\\/magazine365\",\"nextItem\":{\"@type\":\"ListItem\",\"@id\":\"https:\\\/\\\/eldigitaldeasturias.com\\\/magazine365\\\/category\\\/noticias-actualidad\\\/#listItem\",\"name\":\"Noticias y Actualidad\"}},{\"@type\":\"ListItem\",\"@id\":\"https:\\\/\\\/eldigitaldeasturias.com\\\/magazine365\\\/category\\\/noticias-actualidad\\\/#listItem\",\"position\":2,\"name\":\"Noticias y Actualidad\",\"item\":\"https:\\\/\\\/eldigitaldeasturias.com\\\/magazine365\\\/category\\\/noticias-actualidad\\\/\",\"nextItem\":{\"@type\":\"ListItem\",\"@id\":\"https:\\\/\\\/eldigitaldeasturias.com\\\/magazine365\\\/airbus-group-presenta-sus-nuevos-productos-en-la-feria-aeronautica-de-farnborough\\\/#listItem\",\"name\":\"Airbus Group presenta sus nuevos productos en la feria aeron\\u00e1utica de Farnborough\"},\"previousItem\":{\"@type\":\"ListItem\",\"@id\":\"https:\\\/\\\/eldigitaldeasturias.com\\\/magazine365#listItem\",\"name\":\"Home\"}},{\"@type\":\"ListItem\",\"@id\":\"https:\\\/\\\/eldigitaldeasturias.com\\\/magazine365\\\/airbus-group-presenta-sus-nuevos-productos-en-la-feria-aeronautica-de-farnborough\\\/#listItem\",\"position\":3,\"name\":\"Airbus Group presenta sus nuevos productos en la feria aeron\\u00e1utica de Farnborough\",\"previousItem\":{\"@type\":\"ListItem\",\"@id\":\"https:\\\/\\\/eldigitaldeasturias.com\\\/magazine365\\\/category\\\/noticias-actualidad\\\/#listItem\",\"name\":\"Noticias y Actualidad\"}}]},{\"@type\":\"Organization\",\"@id\":\"https:\\\/\\\/eldigitaldeasturias.com\\\/magazine365\\\/#organization\",\"name\":\"El digital de Asturias\",\"description\":\"Revista de ocio, turismo y estilo de vida\",\"url\":\"https:\\\/\\\/eldigitaldeasturias.com\\\/magazine365\\\/\",\"logo\":{\"@type\":\"ImageObject\",\"url\":\"https:\\\/\\\/www.eldigitaldeasturias.com\\\/noticias\\\/wp-content\\\/uploads\\\/2020\\\/12\\\/EDA.jpg\",\"@id\":\"https:\\\/\\\/eldigitaldeasturias.com\\\/magazine365\\\/airbus-group-presenta-sus-nuevos-productos-en-la-feria-aeronautica-de-farnborough\\\/#organizationLogo\"},\"image\":{\"@id\":\"https:\\\/\\\/eldigitaldeasturias.com\\\/magazine365\\\/airbus-group-presenta-sus-nuevos-productos-en-la-feria-aeronautica-de-farnborough\\\/#organizationLogo\"}},{\"@type\":\"Person\",\"@id\":\"https:\\\/\\\/eldigitaldeasturias.com\\\/magazine365\\\/author\\\/admin\\\/#author\",\"url\":\"https:\\\/\\\/eldigitaldeasturias.com\\\/magazine365\\\/author\\\/admin\\\/\",\"name\":\"admin\",\"image\":{\"@type\":\"ImageObject\",\"@id\":\"https:\\\/\\\/eldigitaldeasturias.com\\\/magazine365\\\/airbus-group-presenta-sus-nuevos-productos-en-la-feria-aeronautica-de-farnborough\\\/#authorImage\",\"url\":\"https:\\\/\\\/eldigitaldeasturias.com\\\/magazine365\\\/wp-content\\\/litespeed\\\/avatar\\\/e571bcf59a0edd6fa6838245a470f2fe.jpg?ver=1776969259\",\"width\":96,\"height\":96,\"caption\":\"admin\"}},{\"@type\":\"WebPage\",\"@id\":\"https:\\\/\\\/eldigitaldeasturias.com\\\/magazine365\\\/airbus-group-presenta-sus-nuevos-productos-en-la-feria-aeronautica-de-farnborough\\\/#webpage\",\"url\":\"https:\\\/\\\/eldigitaldeasturias.com\\\/magazine365\\\/airbus-group-presenta-sus-nuevos-productos-en-la-feria-aeronautica-de-farnborough\\\/\",\"name\":\"Airbus Group presenta sus nuevos productos en la feria aeron\\u00e1utica de Farnborough | El Digital de Asturias\",\"description\":\"Airbus Group presentar\\u00e1 sus aviones comerciales y militares y sus nuevos helic\\u00f3pteros en la 'Feria Aeron\\u00e1utica de Farnborough', que se celebrar\\u00e1 del 11 al 17 de julio, seg\\u00fan informa la compa\\u00f1\\u00eda en un comunicado. Farnborough 2016 girar\\u00e1 en torno al tercer aniversario del primer vuelo del A350. Desde su entrada en servicio en enero de\",\"inLanguage\":\"es-ES\",\"isPartOf\":{\"@id\":\"https:\\\/\\\/eldigitaldeasturias.com\\\/magazine365\\\/#website\"},\"breadcrumb\":{\"@id\":\"https:\\\/\\\/eldigitaldeasturias.com\\\/magazine365\\\/airbus-group-presenta-sus-nuevos-productos-en-la-feria-aeronautica-de-farnborough\\\/#breadcrumblist\"},\"author\":{\"@id\":\"https:\\\/\\\/eldigitaldeasturias.com\\\/magazine365\\\/author\\\/admin\\\/#author\"},\"creator\":{\"@id\":\"https:\\\/\\\/eldigitaldeasturias.com\\\/magazine365\\\/author\\\/admin\\\/#author\"},\"image\":{\"@type\":\"ImageObject\",\"url\":\"https:\\\/\\\/eldigitaldeasturias.com\\\/magazine365\\\/wp-content\\\/uploads\\\/2016\\\/06\\\/fotonoticia_20160630193316_800.jpg\",\"@id\":\"https:\\\/\\\/eldigitaldeasturias.com\\\/magazine365\\\/airbus-group-presenta-sus-nuevos-productos-en-la-feria-aeronautica-de-farnborough\\\/#mainImage\",\"width\":800,\"height\":533},\"primaryImageOfPage\":{\"@id\":\"https:\\\/\\\/eldigitaldeasturias.com\\\/magazine365\\\/airbus-group-presenta-sus-nuevos-productos-en-la-feria-aeronautica-de-farnborough\\\/#mainImage\"},\"datePublished\":\"2016-06-30T23:56:49+02:00\",\"dateModified\":\"2016-06-30T23:56:49+02:00\"},{\"@type\":\"WebSite\",\"@id\":\"https:\\\/\\\/eldigitaldeasturias.com\\\/magazine365\\\/#website\",\"url\":\"https:\\\/\\\/eldigitaldeasturias.com\\\/magazine365\\\/\",\"name\":\"El Digital de Asturias\",\"description\":\"Revista de ocio, turismo y estilo de vida\",\"inLanguage\":\"es-ES\",\"publisher\":{\"@id\":\"https:\\\/\\\/eldigitaldeasturias.com\\\/magazine365\\\/#organization\"}}]}\n\t\t<\/script>\n\t\t<!-- All in One SEO Pro -->\r\n\t\t<title>Airbus Group presenta sus nuevos productos en la feria aeron\u00e1utica de Farnborough | El Digital de Asturias<\/title>\n\n","aioseo_head_json":{"title":"Airbus Group presenta sus nuevos productos en la feria aeron\u00e1utica de Farnborough | El Digital de Asturias","description":"Airbus Group presentar\u00e1 sus aviones comerciales y militares y sus nuevos helic\u00f3pteros en la 'Feria Aeron\u00e1utica de Farnborough', que se celebrar\u00e1 del 11 al 17 de julio, seg\u00fan informa la compa\u00f1\u00eda en un comunicado. Farnborough 2016 girar\u00e1 en torno al tercer aniversario del primer vuelo del A350. Desde su entrada en servicio en enero de","canonical_url":"https:\/\/eldigitaldeasturias.com\/magazine365\/airbus-group-presenta-sus-nuevos-productos-en-la-feria-aeronautica-de-farnborough\/","robots":"max-image-preview:large","keywords":"noticias y actualidad","webmasterTools":{"google-site-verification":"UA-38556648-1","miscellaneous":""},"schema":{"@context":"https:\/\/schema.org","@graph":[{"@type":"Article","@id":"https:\/\/eldigitaldeasturias.com\/magazine365\/airbus-group-presenta-sus-nuevos-productos-en-la-feria-aeronautica-de-farnborough\/#article","name":"Airbus Group presenta sus nuevos productos en la feria aeron\u00e1utica de Farnborough | El Digital de Asturias","headline":"Airbus Group presenta sus nuevos productos en la feria aeron\u00e1utica de Farnborough","author":{"@id":"https:\/\/eldigitaldeasturias.com\/magazine365\/author\/admin\/#author"},"publisher":{"@id":"https:\/\/eldigitaldeasturias.com\/magazine365\/#organization"},"image":{"@type":"ImageObject","url":"https:\/\/eldigitaldeasturias.com\/magazine365\/wp-content\/uploads\/2016\/06\/fotonoticia_20160630193316_800.jpg","width":800,"height":533},"datePublished":"2016-06-30T23:56:49+02:00","dateModified":"2016-06-30T23:56:49+02:00","inLanguage":"es-ES","mainEntityOfPage":{"@id":"https:\/\/eldigitaldeasturias.com\/magazine365\/airbus-group-presenta-sus-nuevos-productos-en-la-feria-aeronautica-de-farnborough\/#webpage"},"isPartOf":{"@id":"https:\/\/eldigitaldeasturias.com\/magazine365\/airbus-group-presenta-sus-nuevos-productos-en-la-feria-aeronautica-de-farnborough\/#webpage"},"articleSection":"Noticias y Actualidad"},{"@type":"BreadcrumbList","@id":"https:\/\/eldigitaldeasturias.com\/magazine365\/airbus-group-presenta-sus-nuevos-productos-en-la-feria-aeronautica-de-farnborough\/#breadcrumblist","itemListElement":[{"@type":"ListItem","@id":"https:\/\/eldigitaldeasturias.com\/magazine365#listItem","position":1,"name":"Home","item":"https:\/\/eldigitaldeasturias.com\/magazine365","nextItem":{"@type":"ListItem","@id":"https:\/\/eldigitaldeasturias.com\/magazine365\/category\/noticias-actualidad\/#listItem","name":"Noticias y Actualidad"}},{"@type":"ListItem","@id":"https:\/\/eldigitaldeasturias.com\/magazine365\/category\/noticias-actualidad\/#listItem","position":2,"name":"Noticias y Actualidad","item":"https:\/\/eldigitaldeasturias.com\/magazine365\/category\/noticias-actualidad\/","nextItem":{"@type":"ListItem","@id":"https:\/\/eldigitaldeasturias.com\/magazine365\/airbus-group-presenta-sus-nuevos-productos-en-la-feria-aeronautica-de-farnborough\/#listItem","name":"Airbus Group presenta sus nuevos productos en la feria aeron\u00e1utica de Farnborough"},"previousItem":{"@type":"ListItem","@id":"https:\/\/eldigitaldeasturias.com\/magazine365#listItem","name":"Home"}},{"@type":"ListItem","@id":"https:\/\/eldigitaldeasturias.com\/magazine365\/airbus-group-presenta-sus-nuevos-productos-en-la-feria-aeronautica-de-farnborough\/#listItem","position":3,"name":"Airbus Group presenta sus nuevos productos en la feria aeron\u00e1utica de Farnborough","previousItem":{"@type":"ListItem","@id":"https:\/\/eldigitaldeasturias.com\/magazine365\/category\/noticias-actualidad\/#listItem","name":"Noticias y Actualidad"}}]},{"@type":"Organization","@id":"https:\/\/eldigitaldeasturias.com\/magazine365\/#organization","name":"El digital de Asturias","description":"Revista de ocio, turismo y estilo de vida","url":"https:\/\/eldigitaldeasturias.com\/magazine365\/","logo":{"@type":"ImageObject","url":"https:\/\/www.eldigitaldeasturias.com\/noticias\/wp-content\/uploads\/2020\/12\/EDA.jpg","@id":"https:\/\/eldigitaldeasturias.com\/magazine365\/airbus-group-presenta-sus-nuevos-productos-en-la-feria-aeronautica-de-farnborough\/#organizationLogo"},"image":{"@id":"https:\/\/eldigitaldeasturias.com\/magazine365\/airbus-group-presenta-sus-nuevos-productos-en-la-feria-aeronautica-de-farnborough\/#organizationLogo"}},{"@type":"Person","@id":"https:\/\/eldigitaldeasturias.com\/magazine365\/author\/admin\/#author","url":"https:\/\/eldigitaldeasturias.com\/magazine365\/author\/admin\/","name":"admin","image":{"@type":"ImageObject","@id":"https:\/\/eldigitaldeasturias.com\/magazine365\/airbus-group-presenta-sus-nuevos-productos-en-la-feria-aeronautica-de-farnborough\/#authorImage","url":"https:\/\/eldigitaldeasturias.com\/magazine365\/wp-content\/litespeed\/avatar\/e571bcf59a0edd6fa6838245a470f2fe.jpg?ver=1776969259","width":96,"height":96,"caption":"admin"}},{"@type":"WebPage","@id":"https:\/\/eldigitaldeasturias.com\/magazine365\/airbus-group-presenta-sus-nuevos-productos-en-la-feria-aeronautica-de-farnborough\/#webpage","url":"https:\/\/eldigitaldeasturias.com\/magazine365\/airbus-group-presenta-sus-nuevos-productos-en-la-feria-aeronautica-de-farnborough\/","name":"Airbus Group presenta sus nuevos productos en la feria aeron\u00e1utica de Farnborough | El Digital de Asturias","description":"Airbus Group presentar\u00e1 sus aviones comerciales y militares y sus nuevos helic\u00f3pteros en la 'Feria Aeron\u00e1utica de Farnborough', que se celebrar\u00e1 del 11 al 17 de julio, seg\u00fan informa la compa\u00f1\u00eda en un comunicado. Farnborough 2016 girar\u00e1 en torno al tercer aniversario del primer vuelo del A350. Desde su entrada en servicio en enero de","inLanguage":"es-ES","isPartOf":{"@id":"https:\/\/eldigitaldeasturias.com\/magazine365\/#website"},"breadcrumb":{"@id":"https:\/\/eldigitaldeasturias.com\/magazine365\/airbus-group-presenta-sus-nuevos-productos-en-la-feria-aeronautica-de-farnborough\/#breadcrumblist"},"author":{"@id":"https:\/\/eldigitaldeasturias.com\/magazine365\/author\/admin\/#author"},"creator":{"@id":"https:\/\/eldigitaldeasturias.com\/magazine365\/author\/admin\/#author"},"image":{"@type":"ImageObject","url":"https:\/\/eldigitaldeasturias.com\/magazine365\/wp-content\/uploads\/2016\/06\/fotonoticia_20160630193316_800.jpg","@id":"https:\/\/eldigitaldeasturias.com\/magazine365\/airbus-group-presenta-sus-nuevos-productos-en-la-feria-aeronautica-de-farnborough\/#mainImage","width":800,"height":533},"primaryImageOfPage":{"@id":"https:\/\/eldigitaldeasturias.com\/magazine365\/airbus-group-presenta-sus-nuevos-productos-en-la-feria-aeronautica-de-farnborough\/#mainImage"},"datePublished":"2016-06-30T23:56:49+02:00","dateModified":"2016-06-30T23:56:49+02:00"},{"@type":"WebSite","@id":"https:\/\/eldigitaldeasturias.com\/magazine365\/#website","url":"https:\/\/eldigitaldeasturias.com\/magazine365\/","name":"El Digital de Asturias","description":"Revista de ocio, turismo y estilo de vida","inLanguage":"es-ES","publisher":{"@id":"https:\/\/eldigitaldeasturias.com\/magazine365\/#organization"}}]},"og:locale":"es_ES","og:site_name":"El Digital de Asturias \u2013 Revista de ocio, turismo y estilo de vida","og:type":"article","og:title":"Airbus Group presenta sus nuevos productos en la feria aeron\u00e1utica de Farnborough | El Digital de Asturias","og:description":"Airbus Group presentar\u00e1 sus aviones comerciales y militares y sus nuevos helic\u00f3pteros en la 'Feria Aeron\u00e1utica de Farnborough', que se celebrar\u00e1 del 11 al 17 de julio, seg\u00fan informa la compa\u00f1\u00eda en un comunicado. Farnborough 2016 girar\u00e1 en torno al tercer aniversario del primer vuelo del A350. Desde su entrada en servicio en enero de","og:url":"https:\/\/eldigitaldeasturias.com\/magazine365\/airbus-group-presenta-sus-nuevos-productos-en-la-feria-aeronautica-de-farnborough\/","og:image":"https:\/\/eldigitaldeasturias.com\/magazine365\/wp-content\/uploads\/2016\/06\/fotonoticia_20160630193316_800.jpg","og:image:secure_url":"https:\/\/eldigitaldeasturias.com\/magazine365\/wp-content\/uploads\/2016\/06\/fotonoticia_20160630193316_800.jpg","og:image:width":800,"og:image:height":533,"article:published_time":"2016-06-30T21:56:49+00:00","article:modified_time":"2016-06-30T21:56:49+00:00","twitter:card":"summary_large_image","twitter:title":"Airbus Group presenta sus nuevos productos en la feria aeron\u00e1utica de Farnborough | El Digital de Asturias","twitter:description":"Airbus Group presentar\u00e1 sus aviones comerciales y militares y sus nuevos helic\u00f3pteros en la 'Feria Aeron\u00e1utica de Farnborough', que se celebrar\u00e1 del 11 al 17 de julio, seg\u00fan informa la compa\u00f1\u00eda en un comunicado. Farnborough 2016 girar\u00e1 en torno al tercer aniversario del primer vuelo del A350. Desde su entrada en servicio en enero de","twitter:image":"https:\/\/eldigitaldeasturias.com\/magazine365\/wp-content\/uploads\/2016\/06\/fotonoticia_20160630193316_800.jpg"},"aioseo_meta_data":{"post_id":"81344","title":null,"description":null,"keywords":null,"keyphrases":null,"primary_term":null,"canonical_url":null,"og_title":null,"og_description":null,"og_object_type":"default","og_image_type":"default","og_image_url":null,"og_image_width":null,"og_image_height":null,"og_image_custom_url":null,"og_image_custom_fields":null,"og_video":null,"og_custom_url":null,"og_article_section":null,"og_article_tags":null,"twitter_use_og":false,"twitter_card":"default","twitter_image_type":"default","twitter_image_url":null,"twitter_image_custom_url":null,"twitter_image_custom_fields":null,"twitter_title":null,"twitter_description":null,"schema":{"blockGraphs":[],"customGraphs":[],"default":{"data":{"Article":[],"Course":[],"Dataset":[],"FAQPage":[],"Movie":[],"Person":[],"Product":[],"ProductReview":[],"Car":[],"Recipe":[],"Service":[],"SoftwareApplication":[],"WebPage":[]},"graphName":"","isEnabled":true},"graphs":[],"defaultGraph":"","defaultPostTypeGraph":""},"schema_type":null,"schema_type_options":null,"pillar_content":false,"robots_default":true,"robots_noindex":false,"robots_noarchive":false,"robots_nosnippet":false,"robots_nofollow":false,"robots_noimageindex":false,"robots_noodp":false,"robots_notranslate":false,"robots_max_snippet":null,"robots_max_videopreview":null,"robots_max_imagepreview":"large","priority":null,"frequency":null,"location":null,"local_seo":null,"seo_analyzer_scan_date":"2025-09-27 22:40:32","breadcrumb_settings":null,"limit_modified_date":false,"open_ai":null,"ai":null,"created":"2021-03-08 17:18:58","updated":"2025-09-27 22:40:32"},"aioseo_breadcrumb":"<div class=\"aioseo-breadcrumbs\"><span class=\"aioseo-breadcrumb\">\n\t<a href=\"https:\/\/eldigitaldeasturias.com\/magazine365\" title=\"Home\">Home<\/a>\n<\/span><span class=\"aioseo-breadcrumb-separator\">\u2013<\/span><span class=\"aioseo-breadcrumb\">\n\t<a href=\"https:\/\/eldigitaldeasturias.com\/magazine365\/category\/noticias-actualidad\/\" title=\"Noticias y Actualidad\">Noticias y Actualidad<\/a>\n<\/span><span class=\"aioseo-breadcrumb-separator\">\u2013<\/span><span class=\"aioseo-breadcrumb\">\n\t<a href=\"https:\/\/eldigitaldeasturias.com\/magazine365\/airbus-group-presenta-sus-nuevos-productos-en-la-feria-aeronautica-de-farnborough\/\" title=\"Airbus Group presenta sus nuevos productos en la feria aeron\u00e1utica de Farnborough\">Airbus Group presenta sus nuevos productos en la feria aeron\u00e1utica de Farnborough<\/a>\n<\/span><\/div>","aioseo_breadcrumb_json":[{"label":"Home","link":"https:\/\/eldigitaldeasturias.com\/magazine365"},{"label":"Noticias y Actualidad","link":"https:\/\/eldigitaldeasturias.com\/magazine365\/category\/noticias-actualidad\/"},{"label":"Airbus Group presenta sus nuevos productos en la feria aeron\u00e1utica de Farnborough","link":"https:\/\/eldigitaldeasturias.com\/magazine365\/airbus-group-presenta-sus-nuevos-productos-en-la-feria-aeronautica-de-farnborough\/"}],"_links":{"self":[{"href":"https:\/\/eldigitaldeasturias.com\/magazine365\/wp-json\/wp\/v2\/posts\/81344","targetHints":{"allow":["GET"]}}],"collection":[{"href":"https:\/\/eldigitaldeasturias.com\/magazine365\/wp-json\/wp\/v2\/posts"}],"about":[{"href":"https:\/\/eldigitaldeasturias.com\/magazine365\/wp-json\/wp\/v2\/types\/post"}],"author":[{"embeddable":true,"href":"https:\/\/eldigitaldeasturias.com\/magazine365\/wp-json\/wp\/v2\/users\/1"}],"replies":[{"embeddable":true,"href":"https:\/\/eldigitaldeasturias.com\/magazine365\/wp-json\/wp\/v2\/comments?post=81344"}],"version-history":[{"count":0,"href":"https:\/\/eldigitaldeasturias.com\/magazine365\/wp-json\/wp\/v2\/posts\/81344\/revisions"}],"wp:featuredmedia":[{"embeddable":true,"href":"https:\/\/eldigitaldeasturias.com\/magazine365\/wp-json\/wp\/v2\/media\/81345"}],"wp:attachment":[{"href":"https:\/\/eldigitaldeasturias.com\/magazine365\/wp-json\/wp\/v2\/media?parent=81344"}],"wp:term":[{"taxonomy":"category","embeddable":true,"href":"https:\/\/eldigitaldeasturias.com\/magazine365\/wp-json\/wp\/v2\/categories?post=81344"},{"taxonomy":"post_tag","embeddable":true,"href":"https:\/\/eldigitaldeasturias.com\/magazine365\/wp-json\/wp\/v2\/tags?post=81344"}],"curies":[{"name":"wp","href":"https:\/\/api.w.org\/{rel}","templated":true}]}}