{"id":81306,"date":"2016-06-30T18:43:41","date_gmt":"2016-06-30T16:43:41","guid":{"rendered":"http:\/\/eldigitaldeasturias.com\/magazine365\/?p=81306"},"modified":"2016-06-30T18:43:41","modified_gmt":"2016-06-30T16:43:41","slug":"comienzan-manana-las-rutas-nocturnas-teatralizadas-e-historicas-por-valladolid","status":"publish","type":"post","link":"https:\/\/eldigitaldeasturias.com\/magazine365\/comienzan-manana-las-rutas-nocturnas-teatralizadas-e-historicas-por-valladolid\/","title":{"rendered":"Comienzan ma\u00f1ana las rutas nocturnas, teatralizadas e hist\u00f3ricas por Valladolid"},"content":{"rendered":"<p><img fetchpriority=\"high\" decoding=\"async\" class=\"alignleft size-medium wp-image-81307\" src=\"https:\/\/eldigitaldeasturias.com\/magazine365\/wp-content\/uploads\/2016\/06\/fotonoticia_20160630163801_800-360x252.jpg\" alt=\"fotonoticia_20160630163801_800\" width=\"360\" height=\"252\" srcset=\"https:\/\/eldigitaldeasturias.com\/magazine365\/wp-content\/uploads\/2016\/06\/fotonoticia_20160630163801_800-360x252.jpg 360w, https:\/\/eldigitaldeasturias.com\/magazine365\/wp-content\/uploads\/2016\/06\/fotonoticia_20160630163801_800-650x455.jpg 650w, https:\/\/eldigitaldeasturias.com\/magazine365\/wp-content\/uploads\/2016\/06\/fotonoticia_20160630163801_800-768x538.jpg 768w, https:\/\/eldigitaldeasturias.com\/magazine365\/wp-content\/uploads\/2016\/06\/fotonoticia_20160630163801_800-150x105.jpg 150w, https:\/\/eldigitaldeasturias.com\/magazine365\/wp-content\/uploads\/2016\/06\/fotonoticia_20160630163801_800-450x315.jpg 450w, https:\/\/eldigitaldeasturias.com\/magazine365\/wp-content\/uploads\/2016\/06\/fotonoticia_20160630163801_800.jpg 800w\" sizes=\"(max-width: 360px) 100vw, 360px\" \/>El Ayuntamiento de Valladolid ha programado del 1 de julio al 25 de septiembre un programa de visitas tur\u00edsticas guiadas que incluye como novedades una ruta arqueol\u00f3gica, un viaje a trav\u00e9s del tiempo para conocer la evoluci\u00f3n hist\u00f3rica de la ciudad, un recorrido por la ribera del Pisuerga y dos nuevas visitas teatralizadas.<\/p>\n<p>Una de las rutas, &#8216;Historias de un p\u00edcaro&#8217; mostrar\u00e1 el casco hist\u00f3rico a trav\u00e9s de las aventuras de un &#8216;buscavidas&#8217; del Valladolid mas cortesano; mientras que otra nueva ruta &#8216;Otra de fantasmas&#8217; desvelar\u00e1, de noche, los secretos de los protagonistas de cuentos y leyendas que pueblan la ciudad.<\/p>\n<p>Se trata de 17 recorridos distintos de los que est\u00e1n previstos un total de 187 pases a lo largo de los pr\u00f3ximos meses, entre los que se podr\u00e1 optar para descubrir la capital desde diferentes perspectivas.<\/p>\n<p>Para poder participar en cualquiera de estas actividades es necesario inscribirse, previamente, en la Oficina de Turismo de la Acera de Recoletos.<\/p>\n<p>2016 es el a\u00f1o en el que se conmemorar el IV Aniversario del Fallecimiento de Miguel de Cervantes, tambi\u00e9n de Shakespeare, por lo que ambos escritores son los protagonistas de la visita teatralizada, producida por &#8216;Azar Teatro&#8217; y estrenada durante la pasada Feria del Libro, que se repetir\u00e1, a lo largo del verano hasta en tres ocasiones.<\/p>\n<p>Los d\u00edas 6 y 13 de agosto, a partir de las 19,30 horas, y el 17 de septiembre, en esta ocasi\u00f3n a las 18,30 horas, teniendo como punto de arranque, en todas las ocasiones, la Plaza de la Universidad. Esta es la \u00fanica ruta para la que no es necesaria inscripci\u00f3n previa.<\/p>\n<p>Cervantes, su vida en Valladolid, los lugares de la ciudad que describi\u00f3 en sus obras, como el Hospital de la Resurrecci\u00f3n, lo que le sucedi\u00f3 durante su estancia por estas tierras, es el hilo conductor de otra ruta, titulada &#8216;Cervantes en Valladolid&#8217;, en la que se incluye la visita a la que fuera su casa en la calle del Rastro de los Carneros.<\/p>\n<p>Para poder visitar la nueva exposici\u00f3n abierta en Toro (Zamora) de las Edades del Hombre, desde la Oficina de Turismo de la Acera de Recoletos se han organizado varias excursiones que se complementan con la visita a la misma ciudad que cobija la muestra, as\u00ed como, seg\u00fan los d\u00edas, un recorrido guiado por Urue\u00f1a, ya de regreso, o la visita a Torrelobat\u00f3n.<\/p>\n<p>La salida ser\u00e1 a las 9,00 horas y el retorno, a partir de las 19,30 horas. Todo un d\u00eda de excursi\u00f3n para disfrutar de &#8216;Aqua&#8217;, degustar alguno de los caldos de Bodegas El\u00edas Mora o de la Denominaci\u00f3n de Origen Toro, empaparse de la historia de la \u00abVilla del Libro\u00bb y recorrer un castillo hoy convertido en &#8216;Centro de interpretaci\u00f3n del Movimiento Comunero&#8217;.<\/p>\n<p>Para que ning\u00fan rinc\u00f3n quede sin explorar, a las visitas guiadas anteriores se suman otras que transcurren por los principales monumentos que pueblan el centro de la ciudad.<\/p>\n<p>El Valladolid hist\u00f3rico maridado con los vinos de la tierra, la nocturna &#8216;R\u00edos de Luz&#8217; que permite contemplar los edificios religiosos o civiles con el encendido ornamental que los realza y decora. El interior de la Academia de Caballer\u00eda, la perspectiva nocturna de la ciudad que se divisa desde lo m\u00e1s alto de la torre de la catedral, el Valladolid de finales del XIX y sus casas modernistas, y los patios -como el de las &#8216;tabas&#8217;, Fabio Nelli o el Colegio de San Gregorio-, son otros de los lugares m\u00e1s tur\u00edsticos de la ciudad que, visitantes y ciudadanos, podr\u00e1n conocer de mano de la Oficina de Turismo.<\/p>\n","protected":false},"excerpt":{"rendered":"<p>El Ayuntamiento de Valladolid ha programado del 1 de julio al 25 de septiembre un programa de visitas tur\u00edsticas guiadas que incluye como novedades una ruta arqueol\u00f3gica, un viaje a trav\u00e9s del tiempo para conocer la evoluci\u00f3n hist\u00f3rica de la ciudad, un recorrido por la ribera del Pisuerga y dos nuevas visitas teatralizadas. Una de<\/p>\n","protected":false},"author":1,"featured_media":81307,"comment_status":"open","ping_status":"closed","sticky":false,"template":"","format":"standard","meta":{"footnotes":""},"categories":[224],"tags":[],"class_list":{"0":"post-81306","1":"post","2":"type-post","3":"status-publish","4":"format-standard","5":"has-post-thumbnail","7":"category-noticias-actualidad"},"aioseo_notices":[],"aioseo_head":"\n\t\t<!-- All in One SEO Pro 4.9.6.1 - aioseo.com -->\n\t<meta name=\"description\" content=\"El Ayuntamiento de Valladolid ha programado del 1 de julio al 25 de septiembre un programa de visitas tur\u00edsticas guiadas que incluye como novedades una ruta arqueol\u00f3gica, un viaje a trav\u00e9s del tiempo para conocer la evoluci\u00f3n hist\u00f3rica de la ciudad, un recorrido por la ribera del Pisuerga y dos nuevas visitas teatralizadas. Una de\" \/>\n\t<meta name=\"robots\" content=\"max-image-preview:large\" \/>\n\t<meta name=\"author\" content=\"admin\"\/>\n\t<meta name=\"google-site-verification\" content=\"UA-38556648-1\" \/>\n\t<meta name=\"keywords\" content=\"noticias y actualidad\" \/>\n\t<link rel=\"canonical\" href=\"https:\/\/eldigitaldeasturias.com\/magazine365\/comienzan-manana-las-rutas-nocturnas-teatralizadas-e-historicas-por-valladolid\/\" \/>\n\t<meta name=\"generator\" content=\"All in One SEO Pro (AIOSEO) 4.9.6.1\" \/>\n\t\t<meta property=\"og:locale\" content=\"es_ES\" \/>\n\t\t<meta property=\"og:site_name\" content=\"El Digital de Asturias \u2013 Revista de ocio, turismo y estilo de vida\" \/>\n\t\t<meta property=\"og:type\" content=\"article\" \/>\n\t\t<meta property=\"og:title\" content=\"Comienzan ma\u00f1ana las rutas nocturnas, teatralizadas e hist\u00f3ricas por Valladolid | El Digital de Asturias\" \/>\n\t\t<meta property=\"og:description\" content=\"El Ayuntamiento de Valladolid ha programado del 1 de julio al 25 de septiembre un programa de visitas tur\u00edsticas guiadas que incluye como novedades una ruta arqueol\u00f3gica, un viaje a trav\u00e9s del tiempo para conocer la evoluci\u00f3n hist\u00f3rica de la ciudad, un recorrido por la ribera del Pisuerga y dos nuevas visitas teatralizadas. Una de\" \/>\n\t\t<meta property=\"og:url\" content=\"https:\/\/eldigitaldeasturias.com\/magazine365\/comienzan-manana-las-rutas-nocturnas-teatralizadas-e-historicas-por-valladolid\/\" \/>\n\t\t<meta property=\"og:image\" content=\"https:\/\/eldigitaldeasturias.com\/magazine365\/wp-content\/uploads\/2016\/06\/fotonoticia_20160630163801_800.jpg\" \/>\n\t\t<meta property=\"og:image:secure_url\" content=\"https:\/\/eldigitaldeasturias.com\/magazine365\/wp-content\/uploads\/2016\/06\/fotonoticia_20160630163801_800.jpg\" \/>\n\t\t<meta property=\"og:image:width\" content=\"800\" \/>\n\t\t<meta property=\"og:image:height\" content=\"560\" \/>\n\t\t<meta property=\"article:published_time\" content=\"2016-06-30T16:43:41+00:00\" \/>\n\t\t<meta property=\"article:modified_time\" content=\"2016-06-30T16:43:41+00:00\" \/>\n\t\t<meta name=\"twitter:card\" content=\"summary_large_image\" \/>\n\t\t<meta name=\"twitter:title\" content=\"Comienzan ma\u00f1ana las rutas nocturnas, teatralizadas e hist\u00f3ricas por Valladolid | El Digital de Asturias\" \/>\n\t\t<meta name=\"twitter:description\" content=\"El Ayuntamiento de Valladolid ha programado del 1 de julio al 25 de septiembre un programa de visitas tur\u00edsticas guiadas que incluye como novedades una ruta arqueol\u00f3gica, un viaje a trav\u00e9s del tiempo para conocer la evoluci\u00f3n hist\u00f3rica de la ciudad, un recorrido por la ribera del Pisuerga y dos nuevas visitas teatralizadas. Una de\" \/>\n\t\t<meta name=\"twitter:image\" content=\"https:\/\/eldigitaldeasturias.com\/magazine365\/wp-content\/uploads\/2016\/06\/fotonoticia_20160630163801_800.jpg\" \/>\n\t\t<script type=\"application\/ld+json\" class=\"aioseo-schema\">\n\t\t\t{\"@context\":\"https:\\\/\\\/schema.org\",\"@graph\":[{\"@type\":\"Article\",\"@id\":\"https:\\\/\\\/eldigitaldeasturias.com\\\/magazine365\\\/comienzan-manana-las-rutas-nocturnas-teatralizadas-e-historicas-por-valladolid\\\/#article\",\"name\":\"Comienzan ma\\u00f1ana las rutas nocturnas, teatralizadas e hist\\u00f3ricas por Valladolid | El Digital de Asturias\",\"headline\":\"Comienzan ma\\u00f1ana las rutas nocturnas, teatralizadas e hist\\u00f3ricas por Valladolid\",\"author\":{\"@id\":\"https:\\\/\\\/eldigitaldeasturias.com\\\/magazine365\\\/author\\\/admin\\\/#author\"},\"publisher\":{\"@id\":\"https:\\\/\\\/eldigitaldeasturias.com\\\/magazine365\\\/#organization\"},\"image\":{\"@type\":\"ImageObject\",\"url\":\"https:\\\/\\\/eldigitaldeasturias.com\\\/magazine365\\\/wp-content\\\/uploads\\\/2016\\\/06\\\/fotonoticia_20160630163801_800.jpg\",\"width\":800,\"height\":560},\"datePublished\":\"2016-06-30T18:43:41+02:00\",\"dateModified\":\"2016-06-30T18:43:41+02:00\",\"inLanguage\":\"es-ES\",\"mainEntityOfPage\":{\"@id\":\"https:\\\/\\\/eldigitaldeasturias.com\\\/magazine365\\\/comienzan-manana-las-rutas-nocturnas-teatralizadas-e-historicas-por-valladolid\\\/#webpage\"},\"isPartOf\":{\"@id\":\"https:\\\/\\\/eldigitaldeasturias.com\\\/magazine365\\\/comienzan-manana-las-rutas-nocturnas-teatralizadas-e-historicas-por-valladolid\\\/#webpage\"},\"articleSection\":\"Noticias y Actualidad\"},{\"@type\":\"BreadcrumbList\",\"@id\":\"https:\\\/\\\/eldigitaldeasturias.com\\\/magazine365\\\/comienzan-manana-las-rutas-nocturnas-teatralizadas-e-historicas-por-valladolid\\\/#breadcrumblist\",\"itemListElement\":[{\"@type\":\"ListItem\",\"@id\":\"https:\\\/\\\/eldigitaldeasturias.com\\\/magazine365#listItem\",\"position\":1,\"name\":\"Home\",\"item\":\"https:\\\/\\\/eldigitaldeasturias.com\\\/magazine365\",\"nextItem\":{\"@type\":\"ListItem\",\"@id\":\"https:\\\/\\\/eldigitaldeasturias.com\\\/magazine365\\\/category\\\/noticias-actualidad\\\/#listItem\",\"name\":\"Noticias y Actualidad\"}},{\"@type\":\"ListItem\",\"@id\":\"https:\\\/\\\/eldigitaldeasturias.com\\\/magazine365\\\/category\\\/noticias-actualidad\\\/#listItem\",\"position\":2,\"name\":\"Noticias y Actualidad\",\"item\":\"https:\\\/\\\/eldigitaldeasturias.com\\\/magazine365\\\/category\\\/noticias-actualidad\\\/\",\"nextItem\":{\"@type\":\"ListItem\",\"@id\":\"https:\\\/\\\/eldigitaldeasturias.com\\\/magazine365\\\/comienzan-manana-las-rutas-nocturnas-teatralizadas-e-historicas-por-valladolid\\\/#listItem\",\"name\":\"Comienzan ma\\u00f1ana las rutas nocturnas, teatralizadas e hist\\u00f3ricas por Valladolid\"},\"previousItem\":{\"@type\":\"ListItem\",\"@id\":\"https:\\\/\\\/eldigitaldeasturias.com\\\/magazine365#listItem\",\"name\":\"Home\"}},{\"@type\":\"ListItem\",\"@id\":\"https:\\\/\\\/eldigitaldeasturias.com\\\/magazine365\\\/comienzan-manana-las-rutas-nocturnas-teatralizadas-e-historicas-por-valladolid\\\/#listItem\",\"position\":3,\"name\":\"Comienzan ma\\u00f1ana las rutas nocturnas, teatralizadas e hist\\u00f3ricas por Valladolid\",\"previousItem\":{\"@type\":\"ListItem\",\"@id\":\"https:\\\/\\\/eldigitaldeasturias.com\\\/magazine365\\\/category\\\/noticias-actualidad\\\/#listItem\",\"name\":\"Noticias y Actualidad\"}}]},{\"@type\":\"Organization\",\"@id\":\"https:\\\/\\\/eldigitaldeasturias.com\\\/magazine365\\\/#organization\",\"name\":\"El digital de Asturias\",\"description\":\"Revista de ocio, turismo y estilo de vida\",\"url\":\"https:\\\/\\\/eldigitaldeasturias.com\\\/magazine365\\\/\",\"logo\":{\"@type\":\"ImageObject\",\"url\":\"https:\\\/\\\/www.eldigitaldeasturias.com\\\/noticias\\\/wp-content\\\/uploads\\\/2020\\\/12\\\/EDA.jpg\",\"@id\":\"https:\\\/\\\/eldigitaldeasturias.com\\\/magazine365\\\/comienzan-manana-las-rutas-nocturnas-teatralizadas-e-historicas-por-valladolid\\\/#organizationLogo\"},\"image\":{\"@id\":\"https:\\\/\\\/eldigitaldeasturias.com\\\/magazine365\\\/comienzan-manana-las-rutas-nocturnas-teatralizadas-e-historicas-por-valladolid\\\/#organizationLogo\"}},{\"@type\":\"Person\",\"@id\":\"https:\\\/\\\/eldigitaldeasturias.com\\\/magazine365\\\/author\\\/admin\\\/#author\",\"url\":\"https:\\\/\\\/eldigitaldeasturias.com\\\/magazine365\\\/author\\\/admin\\\/\",\"name\":\"admin\",\"image\":{\"@type\":\"ImageObject\",\"@id\":\"https:\\\/\\\/eldigitaldeasturias.com\\\/magazine365\\\/comienzan-manana-las-rutas-nocturnas-teatralizadas-e-historicas-por-valladolid\\\/#authorImage\",\"url\":\"https:\\\/\\\/eldigitaldeasturias.com\\\/magazine365\\\/wp-content\\\/litespeed\\\/avatar\\\/e571bcf59a0edd6fa6838245a470f2fe.jpg?ver=1776969259\",\"width\":96,\"height\":96,\"caption\":\"admin\"}},{\"@type\":\"WebPage\",\"@id\":\"https:\\\/\\\/eldigitaldeasturias.com\\\/magazine365\\\/comienzan-manana-las-rutas-nocturnas-teatralizadas-e-historicas-por-valladolid\\\/#webpage\",\"url\":\"https:\\\/\\\/eldigitaldeasturias.com\\\/magazine365\\\/comienzan-manana-las-rutas-nocturnas-teatralizadas-e-historicas-por-valladolid\\\/\",\"name\":\"Comienzan ma\\u00f1ana las rutas nocturnas, teatralizadas e hist\\u00f3ricas por Valladolid | El Digital de Asturias\",\"description\":\"El Ayuntamiento de Valladolid ha programado del 1 de julio al 25 de septiembre un programa de visitas tur\\u00edsticas guiadas que incluye como novedades una ruta arqueol\\u00f3gica, un viaje a trav\\u00e9s del tiempo para conocer la evoluci\\u00f3n hist\\u00f3rica de la ciudad, un recorrido por la ribera del Pisuerga y dos nuevas visitas teatralizadas. Una de\",\"inLanguage\":\"es-ES\",\"isPartOf\":{\"@id\":\"https:\\\/\\\/eldigitaldeasturias.com\\\/magazine365\\\/#website\"},\"breadcrumb\":{\"@id\":\"https:\\\/\\\/eldigitaldeasturias.com\\\/magazine365\\\/comienzan-manana-las-rutas-nocturnas-teatralizadas-e-historicas-por-valladolid\\\/#breadcrumblist\"},\"author\":{\"@id\":\"https:\\\/\\\/eldigitaldeasturias.com\\\/magazine365\\\/author\\\/admin\\\/#author\"},\"creator\":{\"@id\":\"https:\\\/\\\/eldigitaldeasturias.com\\\/magazine365\\\/author\\\/admin\\\/#author\"},\"image\":{\"@type\":\"ImageObject\",\"url\":\"https:\\\/\\\/eldigitaldeasturias.com\\\/magazine365\\\/wp-content\\\/uploads\\\/2016\\\/06\\\/fotonoticia_20160630163801_800.jpg\",\"@id\":\"https:\\\/\\\/eldigitaldeasturias.com\\\/magazine365\\\/comienzan-manana-las-rutas-nocturnas-teatralizadas-e-historicas-por-valladolid\\\/#mainImage\",\"width\":800,\"height\":560},\"primaryImageOfPage\":{\"@id\":\"https:\\\/\\\/eldigitaldeasturias.com\\\/magazine365\\\/comienzan-manana-las-rutas-nocturnas-teatralizadas-e-historicas-por-valladolid\\\/#mainImage\"},\"datePublished\":\"2016-06-30T18:43:41+02:00\",\"dateModified\":\"2016-06-30T18:43:41+02:00\"},{\"@type\":\"WebSite\",\"@id\":\"https:\\\/\\\/eldigitaldeasturias.com\\\/magazine365\\\/#website\",\"url\":\"https:\\\/\\\/eldigitaldeasturias.com\\\/magazine365\\\/\",\"name\":\"El Digital de Asturias\",\"description\":\"Revista de ocio, turismo y estilo de vida\",\"inLanguage\":\"es-ES\",\"publisher\":{\"@id\":\"https:\\\/\\\/eldigitaldeasturias.com\\\/magazine365\\\/#organization\"}}]}\n\t\t<\/script>\n\t\t<!-- All in One SEO Pro -->\r\n\t\t<title>Comienzan ma\u00f1ana las rutas nocturnas, teatralizadas e hist\u00f3ricas por Valladolid | El Digital de Asturias<\/title>\n\n","aioseo_head_json":{"title":"Comienzan ma\u00f1ana las rutas nocturnas, teatralizadas e hist\u00f3ricas por Valladolid | El Digital de Asturias","description":"El Ayuntamiento de Valladolid ha programado del 1 de julio al 25 de septiembre un programa de visitas tur\u00edsticas guiadas que incluye como novedades una ruta arqueol\u00f3gica, un viaje a trav\u00e9s del tiempo para conocer la evoluci\u00f3n hist\u00f3rica de la ciudad, un recorrido por la ribera del Pisuerga y dos nuevas visitas teatralizadas. Una de","canonical_url":"https:\/\/eldigitaldeasturias.com\/magazine365\/comienzan-manana-las-rutas-nocturnas-teatralizadas-e-historicas-por-valladolid\/","robots":"max-image-preview:large","keywords":"noticias y actualidad","webmasterTools":{"google-site-verification":"UA-38556648-1","miscellaneous":""},"schema":{"@context":"https:\/\/schema.org","@graph":[{"@type":"Article","@id":"https:\/\/eldigitaldeasturias.com\/magazine365\/comienzan-manana-las-rutas-nocturnas-teatralizadas-e-historicas-por-valladolid\/#article","name":"Comienzan ma\u00f1ana las rutas nocturnas, teatralizadas e hist\u00f3ricas por Valladolid | El Digital de Asturias","headline":"Comienzan ma\u00f1ana las rutas nocturnas, teatralizadas e hist\u00f3ricas por Valladolid","author":{"@id":"https:\/\/eldigitaldeasturias.com\/magazine365\/author\/admin\/#author"},"publisher":{"@id":"https:\/\/eldigitaldeasturias.com\/magazine365\/#organization"},"image":{"@type":"ImageObject","url":"https:\/\/eldigitaldeasturias.com\/magazine365\/wp-content\/uploads\/2016\/06\/fotonoticia_20160630163801_800.jpg","width":800,"height":560},"datePublished":"2016-06-30T18:43:41+02:00","dateModified":"2016-06-30T18:43:41+02:00","inLanguage":"es-ES","mainEntityOfPage":{"@id":"https:\/\/eldigitaldeasturias.com\/magazine365\/comienzan-manana-las-rutas-nocturnas-teatralizadas-e-historicas-por-valladolid\/#webpage"},"isPartOf":{"@id":"https:\/\/eldigitaldeasturias.com\/magazine365\/comienzan-manana-las-rutas-nocturnas-teatralizadas-e-historicas-por-valladolid\/#webpage"},"articleSection":"Noticias y Actualidad"},{"@type":"BreadcrumbList","@id":"https:\/\/eldigitaldeasturias.com\/magazine365\/comienzan-manana-las-rutas-nocturnas-teatralizadas-e-historicas-por-valladolid\/#breadcrumblist","itemListElement":[{"@type":"ListItem","@id":"https:\/\/eldigitaldeasturias.com\/magazine365#listItem","position":1,"name":"Home","item":"https:\/\/eldigitaldeasturias.com\/magazine365","nextItem":{"@type":"ListItem","@id":"https:\/\/eldigitaldeasturias.com\/magazine365\/category\/noticias-actualidad\/#listItem","name":"Noticias y Actualidad"}},{"@type":"ListItem","@id":"https:\/\/eldigitaldeasturias.com\/magazine365\/category\/noticias-actualidad\/#listItem","position":2,"name":"Noticias y Actualidad","item":"https:\/\/eldigitaldeasturias.com\/magazine365\/category\/noticias-actualidad\/","nextItem":{"@type":"ListItem","@id":"https:\/\/eldigitaldeasturias.com\/magazine365\/comienzan-manana-las-rutas-nocturnas-teatralizadas-e-historicas-por-valladolid\/#listItem","name":"Comienzan ma\u00f1ana las rutas nocturnas, teatralizadas e hist\u00f3ricas por Valladolid"},"previousItem":{"@type":"ListItem","@id":"https:\/\/eldigitaldeasturias.com\/magazine365#listItem","name":"Home"}},{"@type":"ListItem","@id":"https:\/\/eldigitaldeasturias.com\/magazine365\/comienzan-manana-las-rutas-nocturnas-teatralizadas-e-historicas-por-valladolid\/#listItem","position":3,"name":"Comienzan ma\u00f1ana las rutas nocturnas, teatralizadas e hist\u00f3ricas por Valladolid","previousItem":{"@type":"ListItem","@id":"https:\/\/eldigitaldeasturias.com\/magazine365\/category\/noticias-actualidad\/#listItem","name":"Noticias y Actualidad"}}]},{"@type":"Organization","@id":"https:\/\/eldigitaldeasturias.com\/magazine365\/#organization","name":"El digital de Asturias","description":"Revista de ocio, turismo y estilo de vida","url":"https:\/\/eldigitaldeasturias.com\/magazine365\/","logo":{"@type":"ImageObject","url":"https:\/\/www.eldigitaldeasturias.com\/noticias\/wp-content\/uploads\/2020\/12\/EDA.jpg","@id":"https:\/\/eldigitaldeasturias.com\/magazine365\/comienzan-manana-las-rutas-nocturnas-teatralizadas-e-historicas-por-valladolid\/#organizationLogo"},"image":{"@id":"https:\/\/eldigitaldeasturias.com\/magazine365\/comienzan-manana-las-rutas-nocturnas-teatralizadas-e-historicas-por-valladolid\/#organizationLogo"}},{"@type":"Person","@id":"https:\/\/eldigitaldeasturias.com\/magazine365\/author\/admin\/#author","url":"https:\/\/eldigitaldeasturias.com\/magazine365\/author\/admin\/","name":"admin","image":{"@type":"ImageObject","@id":"https:\/\/eldigitaldeasturias.com\/magazine365\/comienzan-manana-las-rutas-nocturnas-teatralizadas-e-historicas-por-valladolid\/#authorImage","url":"https:\/\/eldigitaldeasturias.com\/magazine365\/wp-content\/litespeed\/avatar\/e571bcf59a0edd6fa6838245a470f2fe.jpg?ver=1776969259","width":96,"height":96,"caption":"admin"}},{"@type":"WebPage","@id":"https:\/\/eldigitaldeasturias.com\/magazine365\/comienzan-manana-las-rutas-nocturnas-teatralizadas-e-historicas-por-valladolid\/#webpage","url":"https:\/\/eldigitaldeasturias.com\/magazine365\/comienzan-manana-las-rutas-nocturnas-teatralizadas-e-historicas-por-valladolid\/","name":"Comienzan ma\u00f1ana las rutas nocturnas, teatralizadas e hist\u00f3ricas por Valladolid | El Digital de Asturias","description":"El Ayuntamiento de Valladolid ha programado del 1 de julio al 25 de septiembre un programa de visitas tur\u00edsticas guiadas que incluye como novedades una ruta arqueol\u00f3gica, un viaje a trav\u00e9s del tiempo para conocer la evoluci\u00f3n hist\u00f3rica de la ciudad, un recorrido por la ribera del Pisuerga y dos nuevas visitas teatralizadas. Una de","inLanguage":"es-ES","isPartOf":{"@id":"https:\/\/eldigitaldeasturias.com\/magazine365\/#website"},"breadcrumb":{"@id":"https:\/\/eldigitaldeasturias.com\/magazine365\/comienzan-manana-las-rutas-nocturnas-teatralizadas-e-historicas-por-valladolid\/#breadcrumblist"},"author":{"@id":"https:\/\/eldigitaldeasturias.com\/magazine365\/author\/admin\/#author"},"creator":{"@id":"https:\/\/eldigitaldeasturias.com\/magazine365\/author\/admin\/#author"},"image":{"@type":"ImageObject","url":"https:\/\/eldigitaldeasturias.com\/magazine365\/wp-content\/uploads\/2016\/06\/fotonoticia_20160630163801_800.jpg","@id":"https:\/\/eldigitaldeasturias.com\/magazine365\/comienzan-manana-las-rutas-nocturnas-teatralizadas-e-historicas-por-valladolid\/#mainImage","width":800,"height":560},"primaryImageOfPage":{"@id":"https:\/\/eldigitaldeasturias.com\/magazine365\/comienzan-manana-las-rutas-nocturnas-teatralizadas-e-historicas-por-valladolid\/#mainImage"},"datePublished":"2016-06-30T18:43:41+02:00","dateModified":"2016-06-30T18:43:41+02:00"},{"@type":"WebSite","@id":"https:\/\/eldigitaldeasturias.com\/magazine365\/#website","url":"https:\/\/eldigitaldeasturias.com\/magazine365\/","name":"El Digital de Asturias","description":"Revista de ocio, turismo y estilo de vida","inLanguage":"es-ES","publisher":{"@id":"https:\/\/eldigitaldeasturias.com\/magazine365\/#organization"}}]},"og:locale":"es_ES","og:site_name":"El Digital de Asturias \u2013 Revista de ocio, turismo y estilo de vida","og:type":"article","og:title":"Comienzan ma\u00f1ana las rutas nocturnas, teatralizadas e hist\u00f3ricas por Valladolid | El Digital de Asturias","og:description":"El Ayuntamiento de Valladolid ha programado del 1 de julio al 25 de septiembre un programa de visitas tur\u00edsticas guiadas que incluye como novedades una ruta arqueol\u00f3gica, un viaje a trav\u00e9s del tiempo para conocer la evoluci\u00f3n hist\u00f3rica de la ciudad, un recorrido por la ribera del Pisuerga y dos nuevas visitas teatralizadas. Una de","og:url":"https:\/\/eldigitaldeasturias.com\/magazine365\/comienzan-manana-las-rutas-nocturnas-teatralizadas-e-historicas-por-valladolid\/","og:image":"https:\/\/eldigitaldeasturias.com\/magazine365\/wp-content\/uploads\/2016\/06\/fotonoticia_20160630163801_800.jpg","og:image:secure_url":"https:\/\/eldigitaldeasturias.com\/magazine365\/wp-content\/uploads\/2016\/06\/fotonoticia_20160630163801_800.jpg","og:image:width":800,"og:image:height":560,"article:published_time":"2016-06-30T16:43:41+00:00","article:modified_time":"2016-06-30T16:43:41+00:00","twitter:card":"summary_large_image","twitter:title":"Comienzan ma\u00f1ana las rutas nocturnas, teatralizadas e hist\u00f3ricas por Valladolid | El Digital de Asturias","twitter:description":"El Ayuntamiento de Valladolid ha programado del 1 de julio al 25 de septiembre un programa de visitas tur\u00edsticas guiadas que incluye como novedades una ruta arqueol\u00f3gica, un viaje a trav\u00e9s del tiempo para conocer la evoluci\u00f3n hist\u00f3rica de la ciudad, un recorrido por la ribera del Pisuerga y dos nuevas visitas teatralizadas. Una de","twitter:image":"https:\/\/eldigitaldeasturias.com\/magazine365\/wp-content\/uploads\/2016\/06\/fotonoticia_20160630163801_800.jpg"},"aioseo_meta_data":{"post_id":"81306","title":null,"description":null,"keywords":null,"keyphrases":null,"primary_term":null,"canonical_url":null,"og_title":null,"og_description":null,"og_object_type":"default","og_image_type":"default","og_image_url":null,"og_image_width":null,"og_image_height":null,"og_image_custom_url":null,"og_image_custom_fields":null,"og_video":null,"og_custom_url":null,"og_article_section":null,"og_article_tags":null,"twitter_use_og":false,"twitter_card":"default","twitter_image_type":"default","twitter_image_url":null,"twitter_image_custom_url":null,"twitter_image_custom_fields":null,"twitter_title":null,"twitter_description":null,"schema":{"blockGraphs":[],"customGraphs":[],"default":{"data":{"Article":[],"Course":[],"Dataset":[],"FAQPage":[],"Movie":[],"Person":[],"Product":[],"ProductReview":[],"Car":[],"Recipe":[],"Service":[],"SoftwareApplication":[],"WebPage":[]},"graphName":"","isEnabled":true},"graphs":[],"defaultGraph":"","defaultPostTypeGraph":""},"schema_type":null,"schema_type_options":null,"pillar_content":false,"robots_default":true,"robots_noindex":false,"robots_noarchive":false,"robots_nosnippet":false,"robots_nofollow":false,"robots_noimageindex":false,"robots_noodp":false,"robots_notranslate":false,"robots_max_snippet":null,"robots_max_videopreview":null,"robots_max_imagepreview":"large","priority":null,"frequency":null,"location":null,"local_seo":null,"seo_analyzer_scan_date":"2025-09-27 22:37:58","breadcrumb_settings":null,"limit_modified_date":false,"open_ai":null,"ai":null,"created":"2021-03-08 17:19:40","updated":"2025-09-27 22:37:58"},"aioseo_breadcrumb":"<div class=\"aioseo-breadcrumbs\"><span class=\"aioseo-breadcrumb\">\n\t<a href=\"https:\/\/eldigitaldeasturias.com\/magazine365\" title=\"Home\">Home<\/a>\n<\/span><span class=\"aioseo-breadcrumb-separator\">\u2013<\/span><span class=\"aioseo-breadcrumb\">\n\t<a href=\"https:\/\/eldigitaldeasturias.com\/magazine365\/category\/noticias-actualidad\/\" title=\"Noticias y Actualidad\">Noticias y Actualidad<\/a>\n<\/span><span class=\"aioseo-breadcrumb-separator\">\u2013<\/span><span class=\"aioseo-breadcrumb\">\n\t<a href=\"https:\/\/eldigitaldeasturias.com\/magazine365\/comienzan-manana-las-rutas-nocturnas-teatralizadas-e-historicas-por-valladolid\/\" title=\"Comienzan ma\u00f1ana las rutas nocturnas, teatralizadas e hist\u00f3ricas por Valladolid\">Comienzan ma\u00f1ana las rutas nocturnas, teatralizadas e hist\u00f3ricas por Valladolid<\/a>\n<\/span><\/div>","aioseo_breadcrumb_json":[{"label":"Home","link":"https:\/\/eldigitaldeasturias.com\/magazine365"},{"label":"Noticias y Actualidad","link":"https:\/\/eldigitaldeasturias.com\/magazine365\/category\/noticias-actualidad\/"},{"label":"Comienzan ma\u00f1ana las rutas nocturnas, teatralizadas e hist\u00f3ricas por Valladolid","link":"https:\/\/eldigitaldeasturias.com\/magazine365\/comienzan-manana-las-rutas-nocturnas-teatralizadas-e-historicas-por-valladolid\/"}],"_links":{"self":[{"href":"https:\/\/eldigitaldeasturias.com\/magazine365\/wp-json\/wp\/v2\/posts\/81306","targetHints":{"allow":["GET"]}}],"collection":[{"href":"https:\/\/eldigitaldeasturias.com\/magazine365\/wp-json\/wp\/v2\/posts"}],"about":[{"href":"https:\/\/eldigitaldeasturias.com\/magazine365\/wp-json\/wp\/v2\/types\/post"}],"author":[{"embeddable":true,"href":"https:\/\/eldigitaldeasturias.com\/magazine365\/wp-json\/wp\/v2\/users\/1"}],"replies":[{"embeddable":true,"href":"https:\/\/eldigitaldeasturias.com\/magazine365\/wp-json\/wp\/v2\/comments?post=81306"}],"version-history":[{"count":0,"href":"https:\/\/eldigitaldeasturias.com\/magazine365\/wp-json\/wp\/v2\/posts\/81306\/revisions"}],"wp:featuredmedia":[{"embeddable":true,"href":"https:\/\/eldigitaldeasturias.com\/magazine365\/wp-json\/wp\/v2\/media\/81307"}],"wp:attachment":[{"href":"https:\/\/eldigitaldeasturias.com\/magazine365\/wp-json\/wp\/v2\/media?parent=81306"}],"wp:term":[{"taxonomy":"category","embeddable":true,"href":"https:\/\/eldigitaldeasturias.com\/magazine365\/wp-json\/wp\/v2\/categories?post=81306"},{"taxonomy":"post_tag","embeddable":true,"href":"https:\/\/eldigitaldeasturias.com\/magazine365\/wp-json\/wp\/v2\/tags?post=81306"}],"curies":[{"name":"wp","href":"https:\/\/api.w.org\/{rel}","templated":true}]}}