{"id":81303,"date":"2016-06-30T18:42:55","date_gmt":"2016-06-30T16:42:55","guid":{"rendered":"http:\/\/eldigitaldeasturias.com\/magazine365\/?p=81303"},"modified":"2016-06-30T18:42:55","modified_gmt":"2016-06-30T16:42:55","slug":"aragon-y-aquitania-dan-un-paso-decisivo-hacia-la-reapertura-de-canfranc-en-2020","status":"publish","type":"post","link":"https:\/\/eldigitaldeasturias.com\/magazine365\/aragon-y-aquitania-dan-un-paso-decisivo-hacia-la-reapertura-de-canfranc-en-2020\/","title":{"rendered":"Arag\u00f3n y Aquitania dan \u00abun paso decisivo\u00bb hacia la reapertura de Canfranc en 2020"},"content":{"rendered":"<p><img fetchpriority=\"high\" decoding=\"async\" class=\"alignleft size-medium wp-image-81304\" src=\"https:\/\/eldigitaldeasturias.com\/magazine365\/wp-content\/uploads\/2016\/06\/fotonoticia_20160630163532_800-360x239.jpg\" alt=\"fotonoticia_20160630163532_800\" width=\"360\" height=\"239\" srcset=\"https:\/\/eldigitaldeasturias.com\/magazine365\/wp-content\/uploads\/2016\/06\/fotonoticia_20160630163532_800-360x239.jpg 360w, https:\/\/eldigitaldeasturias.com\/magazine365\/wp-content\/uploads\/2016\/06\/fotonoticia_20160630163532_800-650x431.jpg 650w, https:\/\/eldigitaldeasturias.com\/magazine365\/wp-content\/uploads\/2016\/06\/fotonoticia_20160630163532_800-768x510.jpg 768w, https:\/\/eldigitaldeasturias.com\/magazine365\/wp-content\/uploads\/2016\/06\/fotonoticia_20160630163532_800-150x100.jpg 150w, https:\/\/eldigitaldeasturias.com\/magazine365\/wp-content\/uploads\/2016\/06\/fotonoticia_20160630163532_800-450x299.jpg 450w, https:\/\/eldigitaldeasturias.com\/magazine365\/wp-content\/uploads\/2016\/06\/fotonoticia_20160630163532_800-121x79.jpg 121w, https:\/\/eldigitaldeasturias.com\/magazine365\/wp-content\/uploads\/2016\/06\/fotonoticia_20160630163532_800-101x66.jpg 101w, https:\/\/eldigitaldeasturias.com\/magazine365\/wp-content\/uploads\/2016\/06\/fotonoticia_20160630163532_800.jpg 800w\" sizes=\"(max-width: 360px) 100vw, 360px\" \/>Arag\u00f3n y Aquitania dar\u00e1n este viernes, 1 de julio, \u00abun paso decisivo\u00bb hacia la reapertura de la l\u00ednea internacional de Canfranc en 2020. En la parte francesa se inaugurar\u00e1 oficialmente el tramo ferroviario Oloron-Bedous, mientras que en la espa\u00f1ola se celebrar\u00e1n unas jornadas que analizar\u00e1n el proyecto propuesto por el Gobierno aragon\u00e9s para rehabilitar y revitalizar la Estaci\u00f3n de Canfranc (Huesca) y su entorno.<\/p>\n<p>As\u00ed lo ha indicado en una rueda de prensa el consejero de Vertebraci\u00f3n del Territorio, Movilidad y Vivienda del Gobierno de Arag\u00f3n, Jos\u00e9 Luis Soro, quien, acompa\u00f1ado por el director general de Urbanismo, Carmelo Bosque, ha recalcado que de esta forma se pretende dar \u00abel pistoletazo de salida\u00bb a este \u00abapasionante\u00bb proyecto.<\/p>\n<p>Alrededor de las 10.30 horas de este viernes, el presidente del Consejo Regional de Aquitania-Limousin-Poitou-Charentes, Alain Rousset, y el presidente de Arag\u00f3n, Javier Lamb\u00e1n, asistir\u00e1n a la inauguraci\u00f3n del restablecimiento de los tr\u00e1ficos ferroviarios entre Olor\u00f3n-Sainte-Marie y Bedous.<\/p>\n<p>En el acto tambi\u00e9n participar\u00e1n la consejera de Ciudadan\u00eda y Derechos Sociales del Gobierno de Arag\u00f3n, Mar\u00eda Victoria Broto, y el consejero de Vertebraci\u00f3n del Territorio, Movilidad y Vivienda, Jos\u00e9 Luis Soro.<\/p>\n<p>Los presidentes tomar\u00e1n el tren en la localidad de Pau y realizar\u00e1n el recorrido completo hasta Bedous. Parte de la representaci\u00f3n del Gobierno de Arag\u00f3n que asiste al acto subir\u00e1n al ferrocarril en la estaci\u00f3n de Olor\u00f3n-Sainte-Marie.<\/p>\n<p>Con la inauguraci\u00f3n de este tramo, la l\u00ednea se quedar\u00e1 a 30 kil\u00f3metros de Canfranc estaci\u00f3n. Soro ha remarcado que se trata de \u00abun paso important\u00edsimo y decisivo\u00bb, aunque ha reconocido que en Aquitania queda \u00abuna parte muy complicada\u00bb y que es necesaria \u00abuna importante inversi\u00f3n\u00bb en el lado aragon\u00e9s para convertir a ese tren en \u00abuna l\u00ednea competitiva\u00bb.<\/p>\n<h2 class=\"ladillo\">&#8216;CANFRANC 2020, LA RAZ\u00d3N DEL SUE\u00d1O&#8217;<\/h2>\n<p>Arag\u00f3n ha organizado para este viernes y s\u00e1bado, d\u00edas 1 y 2 de julio, las jornadas &#8216;Canfranc 2020, La raz\u00f3n del sue\u00f1o&#8217;, que analizar\u00e1n el proyecto de rehabilitaci\u00f3n impulsado por el Gobierno aragon\u00e9s para la zona de la Estaci\u00f3n y la reapertura de la l\u00ednea ferroviaria.<\/p>\n<p>El t\u00edtulo de estas sesiones &#8216;La raz\u00f3n del sue\u00f1o&#8217; pretende evocar a los grabados realizados por Francisco de Goya, \u00abun aragon\u00e9s universal que es nexo de uni\u00f3n entre Arag\u00f3n &#8211;donde naci\u00f3&#8211; y Aquitania &#8211;regi\u00f3n en la que falleci\u00f3&#8211;\u00ab, ha relatado Jos\u00e9 Luis Soro.<\/p>\n<p>De esta forma, ha agregado, tambi\u00e9n se quiere poner de manifiesto que las jornadas no son s\u00f3lo para analizar el proyecto aragon\u00e9s, tambi\u00e9n pretenden reivindicar la apertura de la l\u00ednea internacional en el a\u00f1o 2020, algo que ha explicado que no depende s\u00f3lo de Arag\u00f3n, tambi\u00e9n depende de la Uni\u00f3n Europea y de los gobiernos franc\u00e9s y espa\u00f1ol.<\/p>\n<p>El presidente del Consejo Regional de Aquitania-Limousin-Poitou-Charentes, Alain Rousset, y el presidente de Arag\u00f3n, Javier Lamb\u00e1n, ser\u00e1n los encargados de inaugurar las jornadas, el viernes a las 17.00 horas. La Iglesia de Canfranc Estaci\u00f3n, en la avenida de Fernando el Cat\u00f3lico, acoger\u00e1 estas conferencias.<\/p>\n<h2 class=\"ladillo\">RECUPERACI\u00d3N C\u00cdVICA<\/h2>\n<p>Las charlas analizar\u00e1n los aspectos t\u00e9cnicos, sociales, hist\u00f3ricos y econ\u00f3micos del proyecto aragon\u00e9s. La primera ponencia la impartir\u00e1 el director general de Urbanismo del Gobierno de Arag\u00f3n, Carmelo Bosque, quien explicar\u00e1 la propuesta para la recuperaci\u00f3n c\u00edvica de la explana de Los Ara\u00f1ones y su nuevo Plan Parcial.<\/p>\n<p>En concreto, narrar\u00e1 que el proyecto del Ejecutivo aragon\u00e9s para la zona prioriza el uso ferroviario de este \u00e1rea, respeta las edificaciones existentes y prev\u00e9 un m\u00e1ximo de 130 viviendas.<\/p>\n<p>Tambi\u00e9n contempla la creaci\u00f3n de amplias zonas verdes y de esparcimiento, pero siempre con la vista puesta en la l\u00ednea internacional 2020. No se pretende que la explanada de Los Ara\u00f1ones sea un solar para viviendas sino que se ponga en valor como un lugar \u00fanico.<\/p>\n<p>El Plan Parcial pretende garantizar el proyecto ferroviario y llenar \u00abde gente y de actividad econ\u00f3mica\u00bb la zona, ha relatado el consejero de Vertebraci\u00f3n del Territorio.<\/p>\n<p>A esta sesi\u00f3n se seguir\u00e1 otra sobre la funci\u00f3n ferroviaria de Canfranc del ingeniero de Caminos y subdirector general de Planificaci\u00f3n Ferroviaria del Ministerio de Fomento, Jorge Ballesteros.<\/p>\n<h2 class=\"ladillo\">CANFRANC, REFERENTE TUR\u00cdSTICO<\/h2>\n<p>El jefe de An\u00e1lisis y Estrategia de Turismo de Arag\u00f3n, Jos\u00e9 Luis Galar, impartir\u00e1 la ponencia &#8216;Canfranc, Icono, referente turismo del valle del Arag\u00f3n&#8217;. De esta forma, detallar\u00e1 la situaci\u00f3n y las posibilidades tur\u00edsticas de la zona desde una visi\u00f3n t\u00e9cnica.<\/p>\n<p>El aspecto social y m\u00e1s reivindicativo de las jornadas lo pondr\u00e1 el portavoz de la Coordinadora para la Reapertura del Ferrocarril Canfranc-Olor\u00f3n (CREFCO), Javier Garrido, quien recordar\u00e1 el medio siglo de reivindicaciones por la reapertura que han protagonizado los movimientos sociales y pol\u00edticos de los dos pa\u00edses.<\/p>\n<p>Un mesa redonda sobre el impacto de la rehabilitaci\u00f3n de la l\u00ednea y estaci\u00f3n de Canfranc en el Valle Alto del Arag\u00f3n cerrar\u00e1 las sesiones del viernes, a partir de las 20.30 horas.<\/p>\n<p>En ella, intervendr\u00e1n el alcalde de Canfranc, Fernando S\u00e1nchez; el alcalde de A\u00edsa, Jos\u00e9 Luis Galindo; el alcalde de Villan\u00faa, Luis Terr\u00e9n; alcalde de Castiello de Jaca, Jos\u00e9 \u00c1lvaro Salesa; el alcalde de Jaca, Juan Manuel Ram\u00f3n, y la presidenta de la Comarca Jacetania, Mar\u00eda Monserrat Cast\u00e1n.<\/p>\n<h2 class=\"ladillo\">HISTORIA<\/h2>\n<p>La jornada del s\u00e1bado, 2 de julio, empezar\u00e1 con conferencias de contenido hist\u00f3rico, a partir de las 10.00 horas. As\u00ed, el licenciado en Derecho y m\u00e1ster en Periodismo, Ram\u00f3n Javier Campo, hablar\u00e1 de &#8216;Canfranc, una mina de oro y wolframio&#8217;. La estaci\u00f3n fue un punto estrat\u00e9gico por el que, durante la II Guerra Mundial (1939-1945) pasaron toneladas de oro del expolio nazi y de wolframio para su intercambio con Alemania.<\/p>\n<p>Asimismo, el catedr\u00e1tico de Historia Contempor\u00e1nea de la Universidad de Zaragoza, Juli\u00e1n Casanova, recorrer\u00e1 la historia de Canfranc de la dictadura de Primo de Rivera a la de Francisco Franco.<\/p>\n<p>A las 11.40 horas ser\u00e1 el turno del arquitecto jefe de Restauraci\u00f3n de Edificaci\u00f3n de la Diputaci\u00f3n Provincial de Zaragoza (DPZ), Jos\u00e9 Mar\u00eda Valero, quien expondr\u00e1 las caracter\u00edsticas de la arquitectura monumental ferroviaria.<\/p>\n<h2 class=\"ladillo\">IMPACTO EMPRESARIAL<\/h2>\n<p>El impacto empresarial y para el empleo que tendr\u00eda la rehabilitaci\u00f3n de la Estaci\u00f3n del Canfranc y su entorno ser\u00e1 analizado por el presidente honorario de la C\u00e1mara de Comercio de Espa\u00f1a, Manuel Teruel Izquierdo.<\/p>\n<p>A las 13.00 horas empezar\u00e1 una mesa redonda sobre la implicaci\u00f3n social del proyecto de rehabilitaci\u00f3n de la l\u00ednea y estaci\u00f3n de Canfranc. Contar\u00e1 con los directores de Heraldo de Arag\u00f3n, Mikel Iturbe; El Peri\u00f3dico de Arag\u00f3n, Jaime Armengol; del Diario del Alto Arag\u00f3n, Javier Garc\u00eda; de Arag\u00f3n Televisi\u00f3n, Pepe Qu\u00edlez; de Ser Arag\u00f3n, Jos\u00e9 Mar\u00eda Tejerina, y de contenidos de Radio Huesca y Huesca Televisi\u00f3n, Jos\u00e9 Luis Rodrigo.<\/p>\n<p>La clausura correr\u00e1 a cargo del consejero de Vertebraci\u00f3n del Territorio, Jos\u00e9 Luis Soro, y del subsecretario de Fomento, Mario Garc\u00e9s.<\/p>\n<p>Soro ha incidido en que con esta iniciativa se pretende defender \u00abla dimensi\u00f3n\u00bb que significa la recuperaci\u00f3n de la zona de la estaci\u00f3n de Canfranc.<\/p>\n<p>\u00abSomos conscientes de que por si sola la recuperaci\u00f3n de la explanada de los Ara\u00f1ones no garantiza la reapertura de la l\u00ednea, pero s\u00ed que estamos seguros de que va a generar unas sinergias importantes y va a ser un elemento fundamental en el futuro para seguir impulsando la l\u00ednea ferroviaria\u00bb, ha remarcado.<\/p>\n","protected":false},"excerpt":{"rendered":"<p>Arag\u00f3n y Aquitania dar\u00e1n este viernes, 1 de julio, \u00abun paso decisivo\u00bb hacia la reapertura de la l\u00ednea internacional de Canfranc en 2020. En la parte francesa se inaugurar\u00e1 oficialmente el tramo ferroviario Oloron-Bedous, mientras que en la espa\u00f1ola se celebrar\u00e1n unas jornadas que analizar\u00e1n el proyecto propuesto por el Gobierno aragon\u00e9s para rehabilitar y<\/p>\n","protected":false},"author":1,"featured_media":81304,"comment_status":"open","ping_status":"closed","sticky":false,"template":"","format":"standard","meta":{"footnotes":""},"categories":[224],"tags":[],"class_list":{"0":"post-81303","1":"post","2":"type-post","3":"status-publish","4":"format-standard","5":"has-post-thumbnail","7":"category-noticias-actualidad"},"aioseo_notices":[],"aioseo_head":"\n\t\t<!-- All in One SEO Pro 4.9.6.1 - aioseo.com -->\n\t<meta name=\"description\" content=\"Arag\u00f3n y Aquitania dar\u00e1n este viernes, 1 de julio, &quot;un paso decisivo&quot; hacia la reapertura de la l\u00ednea internacional de Canfranc en 2020. En la parte francesa se inaugurar\u00e1 oficialmente el tramo ferroviario Oloron-Bedous, mientras que en la espa\u00f1ola se celebrar\u00e1n unas jornadas que analizar\u00e1n el proyecto propuesto por el Gobierno aragon\u00e9s para rehabilitar y\" \/>\n\t<meta name=\"robots\" content=\"max-image-preview:large\" \/>\n\t<meta name=\"author\" content=\"admin\"\/>\n\t<meta name=\"google-site-verification\" content=\"UA-38556648-1\" \/>\n\t<meta name=\"keywords\" content=\"noticias y actualidad\" \/>\n\t<link rel=\"canonical\" href=\"https:\/\/eldigitaldeasturias.com\/magazine365\/aragon-y-aquitania-dan-un-paso-decisivo-hacia-la-reapertura-de-canfranc-en-2020\/\" \/>\n\t<meta name=\"generator\" content=\"All in One SEO Pro (AIOSEO) 4.9.6.1\" \/>\n\t\t<meta property=\"og:locale\" content=\"es_ES\" \/>\n\t\t<meta property=\"og:site_name\" content=\"El Digital de Asturias \u2013 Revista de ocio, turismo y estilo de vida\" \/>\n\t\t<meta property=\"og:type\" content=\"article\" \/>\n\t\t<meta property=\"og:title\" content=\"Arag\u00f3n y Aquitania dan \u00abun paso decisivo\u00bb hacia la reapertura de Canfranc en 2020 | El Digital de Asturias\" \/>\n\t\t<meta property=\"og:description\" content=\"Arag\u00f3n y Aquitania dar\u00e1n este viernes, 1 de julio, &quot;un paso decisivo&quot; hacia la reapertura de la l\u00ednea internacional de Canfranc en 2020. En la parte francesa se inaugurar\u00e1 oficialmente el tramo ferroviario Oloron-Bedous, mientras que en la espa\u00f1ola se celebrar\u00e1n unas jornadas que analizar\u00e1n el proyecto propuesto por el Gobierno aragon\u00e9s para rehabilitar y\" \/>\n\t\t<meta property=\"og:url\" content=\"https:\/\/eldigitaldeasturias.com\/magazine365\/aragon-y-aquitania-dan-un-paso-decisivo-hacia-la-reapertura-de-canfranc-en-2020\/\" \/>\n\t\t<meta property=\"og:image\" content=\"https:\/\/eldigitaldeasturias.com\/magazine365\/wp-content\/uploads\/2016\/06\/fotonoticia_20160630163532_800.jpg\" \/>\n\t\t<meta property=\"og:image:secure_url\" content=\"https:\/\/eldigitaldeasturias.com\/magazine365\/wp-content\/uploads\/2016\/06\/fotonoticia_20160630163532_800.jpg\" \/>\n\t\t<meta property=\"og:image:width\" content=\"800\" \/>\n\t\t<meta property=\"og:image:height\" content=\"531\" \/>\n\t\t<meta property=\"article:published_time\" content=\"2016-06-30T16:42:55+00:00\" \/>\n\t\t<meta property=\"article:modified_time\" content=\"2016-06-30T16:42:55+00:00\" \/>\n\t\t<meta name=\"twitter:card\" content=\"summary_large_image\" \/>\n\t\t<meta name=\"twitter:title\" content=\"Arag\u00f3n y Aquitania dan \u00abun paso decisivo\u00bb hacia la reapertura de Canfranc en 2020 | El Digital de Asturias\" \/>\n\t\t<meta name=\"twitter:description\" content=\"Arag\u00f3n y Aquitania dar\u00e1n este viernes, 1 de julio, &quot;un paso decisivo&quot; hacia la reapertura de la l\u00ednea internacional de Canfranc en 2020. En la parte francesa se inaugurar\u00e1 oficialmente el tramo ferroviario Oloron-Bedous, mientras que en la espa\u00f1ola se celebrar\u00e1n unas jornadas que analizar\u00e1n el proyecto propuesto por el Gobierno aragon\u00e9s para rehabilitar y\" \/>\n\t\t<meta name=\"twitter:image\" content=\"https:\/\/eldigitaldeasturias.com\/magazine365\/wp-content\/uploads\/2016\/06\/fotonoticia_20160630163532_800.jpg\" \/>\n\t\t<script type=\"application\/ld+json\" class=\"aioseo-schema\">\n\t\t\t{\"@context\":\"https:\\\/\\\/schema.org\",\"@graph\":[{\"@type\":\"Article\",\"@id\":\"https:\\\/\\\/eldigitaldeasturias.com\\\/magazine365\\\/aragon-y-aquitania-dan-un-paso-decisivo-hacia-la-reapertura-de-canfranc-en-2020\\\/#article\",\"name\":\"Arag\\u00f3n y Aquitania dan \\u00abun paso decisivo\\u00bb hacia la reapertura de Canfranc en 2020 | El Digital de Asturias\",\"headline\":\"Arag\\u00f3n y Aquitania dan \\u00abun paso decisivo\\u00bb hacia la reapertura de Canfranc en 2020\",\"author\":{\"@id\":\"https:\\\/\\\/eldigitaldeasturias.com\\\/magazine365\\\/author\\\/admin\\\/#author\"},\"publisher\":{\"@id\":\"https:\\\/\\\/eldigitaldeasturias.com\\\/magazine365\\\/#organization\"},\"image\":{\"@type\":\"ImageObject\",\"url\":\"https:\\\/\\\/eldigitaldeasturias.com\\\/magazine365\\\/wp-content\\\/uploads\\\/2016\\\/06\\\/fotonoticia_20160630163532_800.jpg\",\"width\":800,\"height\":531},\"datePublished\":\"2016-06-30T18:42:55+02:00\",\"dateModified\":\"2016-06-30T18:42:55+02:00\",\"inLanguage\":\"es-ES\",\"mainEntityOfPage\":{\"@id\":\"https:\\\/\\\/eldigitaldeasturias.com\\\/magazine365\\\/aragon-y-aquitania-dan-un-paso-decisivo-hacia-la-reapertura-de-canfranc-en-2020\\\/#webpage\"},\"isPartOf\":{\"@id\":\"https:\\\/\\\/eldigitaldeasturias.com\\\/magazine365\\\/aragon-y-aquitania-dan-un-paso-decisivo-hacia-la-reapertura-de-canfranc-en-2020\\\/#webpage\"},\"articleSection\":\"Noticias y Actualidad\"},{\"@type\":\"BreadcrumbList\",\"@id\":\"https:\\\/\\\/eldigitaldeasturias.com\\\/magazine365\\\/aragon-y-aquitania-dan-un-paso-decisivo-hacia-la-reapertura-de-canfranc-en-2020\\\/#breadcrumblist\",\"itemListElement\":[{\"@type\":\"ListItem\",\"@id\":\"https:\\\/\\\/eldigitaldeasturias.com\\\/magazine365#listItem\",\"position\":1,\"name\":\"Home\",\"item\":\"https:\\\/\\\/eldigitaldeasturias.com\\\/magazine365\",\"nextItem\":{\"@type\":\"ListItem\",\"@id\":\"https:\\\/\\\/eldigitaldeasturias.com\\\/magazine365\\\/category\\\/noticias-actualidad\\\/#listItem\",\"name\":\"Noticias y Actualidad\"}},{\"@type\":\"ListItem\",\"@id\":\"https:\\\/\\\/eldigitaldeasturias.com\\\/magazine365\\\/category\\\/noticias-actualidad\\\/#listItem\",\"position\":2,\"name\":\"Noticias y Actualidad\",\"item\":\"https:\\\/\\\/eldigitaldeasturias.com\\\/magazine365\\\/category\\\/noticias-actualidad\\\/\",\"nextItem\":{\"@type\":\"ListItem\",\"@id\":\"https:\\\/\\\/eldigitaldeasturias.com\\\/magazine365\\\/aragon-y-aquitania-dan-un-paso-decisivo-hacia-la-reapertura-de-canfranc-en-2020\\\/#listItem\",\"name\":\"Arag\\u00f3n y Aquitania dan \\u00abun paso decisivo\\u00bb hacia la reapertura de Canfranc en 2020\"},\"previousItem\":{\"@type\":\"ListItem\",\"@id\":\"https:\\\/\\\/eldigitaldeasturias.com\\\/magazine365#listItem\",\"name\":\"Home\"}},{\"@type\":\"ListItem\",\"@id\":\"https:\\\/\\\/eldigitaldeasturias.com\\\/magazine365\\\/aragon-y-aquitania-dan-un-paso-decisivo-hacia-la-reapertura-de-canfranc-en-2020\\\/#listItem\",\"position\":3,\"name\":\"Arag\\u00f3n y Aquitania dan \\u00abun paso decisivo\\u00bb hacia la reapertura de Canfranc en 2020\",\"previousItem\":{\"@type\":\"ListItem\",\"@id\":\"https:\\\/\\\/eldigitaldeasturias.com\\\/magazine365\\\/category\\\/noticias-actualidad\\\/#listItem\",\"name\":\"Noticias y Actualidad\"}}]},{\"@type\":\"Organization\",\"@id\":\"https:\\\/\\\/eldigitaldeasturias.com\\\/magazine365\\\/#organization\",\"name\":\"El digital de Asturias\",\"description\":\"Revista de ocio, turismo y estilo de vida\",\"url\":\"https:\\\/\\\/eldigitaldeasturias.com\\\/magazine365\\\/\",\"logo\":{\"@type\":\"ImageObject\",\"url\":\"https:\\\/\\\/www.eldigitaldeasturias.com\\\/noticias\\\/wp-content\\\/uploads\\\/2020\\\/12\\\/EDA.jpg\",\"@id\":\"https:\\\/\\\/eldigitaldeasturias.com\\\/magazine365\\\/aragon-y-aquitania-dan-un-paso-decisivo-hacia-la-reapertura-de-canfranc-en-2020\\\/#organizationLogo\"},\"image\":{\"@id\":\"https:\\\/\\\/eldigitaldeasturias.com\\\/magazine365\\\/aragon-y-aquitania-dan-un-paso-decisivo-hacia-la-reapertura-de-canfranc-en-2020\\\/#organizationLogo\"}},{\"@type\":\"Person\",\"@id\":\"https:\\\/\\\/eldigitaldeasturias.com\\\/magazine365\\\/author\\\/admin\\\/#author\",\"url\":\"https:\\\/\\\/eldigitaldeasturias.com\\\/magazine365\\\/author\\\/admin\\\/\",\"name\":\"admin\",\"image\":{\"@type\":\"ImageObject\",\"@id\":\"https:\\\/\\\/eldigitaldeasturias.com\\\/magazine365\\\/aragon-y-aquitania-dan-un-paso-decisivo-hacia-la-reapertura-de-canfranc-en-2020\\\/#authorImage\",\"url\":\"https:\\\/\\\/eldigitaldeasturias.com\\\/magazine365\\\/wp-content\\\/litespeed\\\/avatar\\\/e571bcf59a0edd6fa6838245a470f2fe.jpg?ver=1776969259\",\"width\":96,\"height\":96,\"caption\":\"admin\"}},{\"@type\":\"WebPage\",\"@id\":\"https:\\\/\\\/eldigitaldeasturias.com\\\/magazine365\\\/aragon-y-aquitania-dan-un-paso-decisivo-hacia-la-reapertura-de-canfranc-en-2020\\\/#webpage\",\"url\":\"https:\\\/\\\/eldigitaldeasturias.com\\\/magazine365\\\/aragon-y-aquitania-dan-un-paso-decisivo-hacia-la-reapertura-de-canfranc-en-2020\\\/\",\"name\":\"Arag\\u00f3n y Aquitania dan \\u00abun paso decisivo\\u00bb hacia la reapertura de Canfranc en 2020 | El Digital de Asturias\",\"description\":\"Arag\\u00f3n y Aquitania dar\\u00e1n este viernes, 1 de julio, \\\"un paso decisivo\\\" hacia la reapertura de la l\\u00ednea internacional de Canfranc en 2020. En la parte francesa se inaugurar\\u00e1 oficialmente el tramo ferroviario Oloron-Bedous, mientras que en la espa\\u00f1ola se celebrar\\u00e1n unas jornadas que analizar\\u00e1n el proyecto propuesto por el Gobierno aragon\\u00e9s para rehabilitar y\",\"inLanguage\":\"es-ES\",\"isPartOf\":{\"@id\":\"https:\\\/\\\/eldigitaldeasturias.com\\\/magazine365\\\/#website\"},\"breadcrumb\":{\"@id\":\"https:\\\/\\\/eldigitaldeasturias.com\\\/magazine365\\\/aragon-y-aquitania-dan-un-paso-decisivo-hacia-la-reapertura-de-canfranc-en-2020\\\/#breadcrumblist\"},\"author\":{\"@id\":\"https:\\\/\\\/eldigitaldeasturias.com\\\/magazine365\\\/author\\\/admin\\\/#author\"},\"creator\":{\"@id\":\"https:\\\/\\\/eldigitaldeasturias.com\\\/magazine365\\\/author\\\/admin\\\/#author\"},\"image\":{\"@type\":\"ImageObject\",\"url\":\"https:\\\/\\\/eldigitaldeasturias.com\\\/magazine365\\\/wp-content\\\/uploads\\\/2016\\\/06\\\/fotonoticia_20160630163532_800.jpg\",\"@id\":\"https:\\\/\\\/eldigitaldeasturias.com\\\/magazine365\\\/aragon-y-aquitania-dan-un-paso-decisivo-hacia-la-reapertura-de-canfranc-en-2020\\\/#mainImage\",\"width\":800,\"height\":531},\"primaryImageOfPage\":{\"@id\":\"https:\\\/\\\/eldigitaldeasturias.com\\\/magazine365\\\/aragon-y-aquitania-dan-un-paso-decisivo-hacia-la-reapertura-de-canfranc-en-2020\\\/#mainImage\"},\"datePublished\":\"2016-06-30T18:42:55+02:00\",\"dateModified\":\"2016-06-30T18:42:55+02:00\"},{\"@type\":\"WebSite\",\"@id\":\"https:\\\/\\\/eldigitaldeasturias.com\\\/magazine365\\\/#website\",\"url\":\"https:\\\/\\\/eldigitaldeasturias.com\\\/magazine365\\\/\",\"name\":\"El Digital de Asturias\",\"description\":\"Revista de ocio, turismo y estilo de vida\",\"inLanguage\":\"es-ES\",\"publisher\":{\"@id\":\"https:\\\/\\\/eldigitaldeasturias.com\\\/magazine365\\\/#organization\"}}]}\n\t\t<\/script>\n\t\t<!-- All in One SEO Pro -->\r\n\t\t<title>Arag\u00f3n y Aquitania dan \u00abun paso decisivo\u00bb hacia la reapertura de Canfranc en 2020 | El Digital de Asturias<\/title>\n\n","aioseo_head_json":{"title":"Arag\u00f3n y Aquitania dan \u00abun paso decisivo\u00bb hacia la reapertura de Canfranc en 2020 | El Digital de Asturias","description":"Arag\u00f3n y Aquitania dar\u00e1n este viernes, 1 de julio, \"un paso decisivo\" hacia la reapertura de la l\u00ednea internacional de Canfranc en 2020. En la parte francesa se inaugurar\u00e1 oficialmente el tramo ferroviario Oloron-Bedous, mientras que en la espa\u00f1ola se celebrar\u00e1n unas jornadas que analizar\u00e1n el proyecto propuesto por el Gobierno aragon\u00e9s para rehabilitar y","canonical_url":"https:\/\/eldigitaldeasturias.com\/magazine365\/aragon-y-aquitania-dan-un-paso-decisivo-hacia-la-reapertura-de-canfranc-en-2020\/","robots":"max-image-preview:large","keywords":"noticias y actualidad","webmasterTools":{"google-site-verification":"UA-38556648-1","miscellaneous":""},"schema":{"@context":"https:\/\/schema.org","@graph":[{"@type":"Article","@id":"https:\/\/eldigitaldeasturias.com\/magazine365\/aragon-y-aquitania-dan-un-paso-decisivo-hacia-la-reapertura-de-canfranc-en-2020\/#article","name":"Arag\u00f3n y Aquitania dan \u00abun paso decisivo\u00bb hacia la reapertura de Canfranc en 2020 | El Digital de Asturias","headline":"Arag\u00f3n y Aquitania dan \u00abun paso decisivo\u00bb hacia la reapertura de Canfranc en 2020","author":{"@id":"https:\/\/eldigitaldeasturias.com\/magazine365\/author\/admin\/#author"},"publisher":{"@id":"https:\/\/eldigitaldeasturias.com\/magazine365\/#organization"},"image":{"@type":"ImageObject","url":"https:\/\/eldigitaldeasturias.com\/magazine365\/wp-content\/uploads\/2016\/06\/fotonoticia_20160630163532_800.jpg","width":800,"height":531},"datePublished":"2016-06-30T18:42:55+02:00","dateModified":"2016-06-30T18:42:55+02:00","inLanguage":"es-ES","mainEntityOfPage":{"@id":"https:\/\/eldigitaldeasturias.com\/magazine365\/aragon-y-aquitania-dan-un-paso-decisivo-hacia-la-reapertura-de-canfranc-en-2020\/#webpage"},"isPartOf":{"@id":"https:\/\/eldigitaldeasturias.com\/magazine365\/aragon-y-aquitania-dan-un-paso-decisivo-hacia-la-reapertura-de-canfranc-en-2020\/#webpage"},"articleSection":"Noticias y Actualidad"},{"@type":"BreadcrumbList","@id":"https:\/\/eldigitaldeasturias.com\/magazine365\/aragon-y-aquitania-dan-un-paso-decisivo-hacia-la-reapertura-de-canfranc-en-2020\/#breadcrumblist","itemListElement":[{"@type":"ListItem","@id":"https:\/\/eldigitaldeasturias.com\/magazine365#listItem","position":1,"name":"Home","item":"https:\/\/eldigitaldeasturias.com\/magazine365","nextItem":{"@type":"ListItem","@id":"https:\/\/eldigitaldeasturias.com\/magazine365\/category\/noticias-actualidad\/#listItem","name":"Noticias y Actualidad"}},{"@type":"ListItem","@id":"https:\/\/eldigitaldeasturias.com\/magazine365\/category\/noticias-actualidad\/#listItem","position":2,"name":"Noticias y Actualidad","item":"https:\/\/eldigitaldeasturias.com\/magazine365\/category\/noticias-actualidad\/","nextItem":{"@type":"ListItem","@id":"https:\/\/eldigitaldeasturias.com\/magazine365\/aragon-y-aquitania-dan-un-paso-decisivo-hacia-la-reapertura-de-canfranc-en-2020\/#listItem","name":"Arag\u00f3n y Aquitania dan \u00abun paso decisivo\u00bb hacia la reapertura de Canfranc en 2020"},"previousItem":{"@type":"ListItem","@id":"https:\/\/eldigitaldeasturias.com\/magazine365#listItem","name":"Home"}},{"@type":"ListItem","@id":"https:\/\/eldigitaldeasturias.com\/magazine365\/aragon-y-aquitania-dan-un-paso-decisivo-hacia-la-reapertura-de-canfranc-en-2020\/#listItem","position":3,"name":"Arag\u00f3n y Aquitania dan \u00abun paso decisivo\u00bb hacia la reapertura de Canfranc en 2020","previousItem":{"@type":"ListItem","@id":"https:\/\/eldigitaldeasturias.com\/magazine365\/category\/noticias-actualidad\/#listItem","name":"Noticias y Actualidad"}}]},{"@type":"Organization","@id":"https:\/\/eldigitaldeasturias.com\/magazine365\/#organization","name":"El digital de Asturias","description":"Revista de ocio, turismo y estilo de vida","url":"https:\/\/eldigitaldeasturias.com\/magazine365\/","logo":{"@type":"ImageObject","url":"https:\/\/www.eldigitaldeasturias.com\/noticias\/wp-content\/uploads\/2020\/12\/EDA.jpg","@id":"https:\/\/eldigitaldeasturias.com\/magazine365\/aragon-y-aquitania-dan-un-paso-decisivo-hacia-la-reapertura-de-canfranc-en-2020\/#organizationLogo"},"image":{"@id":"https:\/\/eldigitaldeasturias.com\/magazine365\/aragon-y-aquitania-dan-un-paso-decisivo-hacia-la-reapertura-de-canfranc-en-2020\/#organizationLogo"}},{"@type":"Person","@id":"https:\/\/eldigitaldeasturias.com\/magazine365\/author\/admin\/#author","url":"https:\/\/eldigitaldeasturias.com\/magazine365\/author\/admin\/","name":"admin","image":{"@type":"ImageObject","@id":"https:\/\/eldigitaldeasturias.com\/magazine365\/aragon-y-aquitania-dan-un-paso-decisivo-hacia-la-reapertura-de-canfranc-en-2020\/#authorImage","url":"https:\/\/eldigitaldeasturias.com\/magazine365\/wp-content\/litespeed\/avatar\/e571bcf59a0edd6fa6838245a470f2fe.jpg?ver=1776969259","width":96,"height":96,"caption":"admin"}},{"@type":"WebPage","@id":"https:\/\/eldigitaldeasturias.com\/magazine365\/aragon-y-aquitania-dan-un-paso-decisivo-hacia-la-reapertura-de-canfranc-en-2020\/#webpage","url":"https:\/\/eldigitaldeasturias.com\/magazine365\/aragon-y-aquitania-dan-un-paso-decisivo-hacia-la-reapertura-de-canfranc-en-2020\/","name":"Arag\u00f3n y Aquitania dan \u00abun paso decisivo\u00bb hacia la reapertura de Canfranc en 2020 | El Digital de Asturias","description":"Arag\u00f3n y Aquitania dar\u00e1n este viernes, 1 de julio, \"un paso decisivo\" hacia la reapertura de la l\u00ednea internacional de Canfranc en 2020. En la parte francesa se inaugurar\u00e1 oficialmente el tramo ferroviario Oloron-Bedous, mientras que en la espa\u00f1ola se celebrar\u00e1n unas jornadas que analizar\u00e1n el proyecto propuesto por el Gobierno aragon\u00e9s para rehabilitar y","inLanguage":"es-ES","isPartOf":{"@id":"https:\/\/eldigitaldeasturias.com\/magazine365\/#website"},"breadcrumb":{"@id":"https:\/\/eldigitaldeasturias.com\/magazine365\/aragon-y-aquitania-dan-un-paso-decisivo-hacia-la-reapertura-de-canfranc-en-2020\/#breadcrumblist"},"author":{"@id":"https:\/\/eldigitaldeasturias.com\/magazine365\/author\/admin\/#author"},"creator":{"@id":"https:\/\/eldigitaldeasturias.com\/magazine365\/author\/admin\/#author"},"image":{"@type":"ImageObject","url":"https:\/\/eldigitaldeasturias.com\/magazine365\/wp-content\/uploads\/2016\/06\/fotonoticia_20160630163532_800.jpg","@id":"https:\/\/eldigitaldeasturias.com\/magazine365\/aragon-y-aquitania-dan-un-paso-decisivo-hacia-la-reapertura-de-canfranc-en-2020\/#mainImage","width":800,"height":531},"primaryImageOfPage":{"@id":"https:\/\/eldigitaldeasturias.com\/magazine365\/aragon-y-aquitania-dan-un-paso-decisivo-hacia-la-reapertura-de-canfranc-en-2020\/#mainImage"},"datePublished":"2016-06-30T18:42:55+02:00","dateModified":"2016-06-30T18:42:55+02:00"},{"@type":"WebSite","@id":"https:\/\/eldigitaldeasturias.com\/magazine365\/#website","url":"https:\/\/eldigitaldeasturias.com\/magazine365\/","name":"El Digital de Asturias","description":"Revista de ocio, turismo y estilo de vida","inLanguage":"es-ES","publisher":{"@id":"https:\/\/eldigitaldeasturias.com\/magazine365\/#organization"}}]},"og:locale":"es_ES","og:site_name":"El Digital de Asturias \u2013 Revista de ocio, turismo y estilo de vida","og:type":"article","og:title":"Arag\u00f3n y Aquitania dan \u00abun paso decisivo\u00bb hacia la reapertura de Canfranc en 2020 | El Digital de Asturias","og:description":"Arag\u00f3n y Aquitania dar\u00e1n este viernes, 1 de julio, &quot;un paso decisivo&quot; hacia la reapertura de la l\u00ednea internacional de Canfranc en 2020. En la parte francesa se inaugurar\u00e1 oficialmente el tramo ferroviario Oloron-Bedous, mientras que en la espa\u00f1ola se celebrar\u00e1n unas jornadas que analizar\u00e1n el proyecto propuesto por el Gobierno aragon\u00e9s para rehabilitar y","og:url":"https:\/\/eldigitaldeasturias.com\/magazine365\/aragon-y-aquitania-dan-un-paso-decisivo-hacia-la-reapertura-de-canfranc-en-2020\/","og:image":"https:\/\/eldigitaldeasturias.com\/magazine365\/wp-content\/uploads\/2016\/06\/fotonoticia_20160630163532_800.jpg","og:image:secure_url":"https:\/\/eldigitaldeasturias.com\/magazine365\/wp-content\/uploads\/2016\/06\/fotonoticia_20160630163532_800.jpg","og:image:width":800,"og:image:height":531,"article:published_time":"2016-06-30T16:42:55+00:00","article:modified_time":"2016-06-30T16:42:55+00:00","twitter:card":"summary_large_image","twitter:title":"Arag\u00f3n y Aquitania dan \u00abun paso decisivo\u00bb hacia la reapertura de Canfranc en 2020 | El Digital de Asturias","twitter:description":"Arag\u00f3n y Aquitania dar\u00e1n este viernes, 1 de julio, &quot;un paso decisivo&quot; hacia la reapertura de la l\u00ednea internacional de Canfranc en 2020. En la parte francesa se inaugurar\u00e1 oficialmente el tramo ferroviario Oloron-Bedous, mientras que en la espa\u00f1ola se celebrar\u00e1n unas jornadas que analizar\u00e1n el proyecto propuesto por el Gobierno aragon\u00e9s para rehabilitar y","twitter:image":"https:\/\/eldigitaldeasturias.com\/magazine365\/wp-content\/uploads\/2016\/06\/fotonoticia_20160630163532_800.jpg"},"aioseo_meta_data":{"post_id":"81303","title":null,"description":null,"keywords":null,"keyphrases":null,"primary_term":null,"canonical_url":null,"og_title":null,"og_description":null,"og_object_type":"default","og_image_type":"default","og_image_url":null,"og_image_width":null,"og_image_height":null,"og_image_custom_url":null,"og_image_custom_fields":null,"og_video":null,"og_custom_url":null,"og_article_section":null,"og_article_tags":null,"twitter_use_og":false,"twitter_card":"default","twitter_image_type":"default","twitter_image_url":null,"twitter_image_custom_url":null,"twitter_image_custom_fields":null,"twitter_title":null,"twitter_description":null,"schema":{"blockGraphs":[],"customGraphs":[],"default":{"data":{"Article":[],"Course":[],"Dataset":[],"FAQPage":[],"Movie":[],"Person":[],"Product":[],"ProductReview":[],"Car":[],"Recipe":[],"Service":[],"SoftwareApplication":[],"WebPage":[]},"graphName":"","isEnabled":true},"graphs":[],"defaultGraph":"","defaultPostTypeGraph":""},"schema_type":null,"schema_type_options":null,"pillar_content":false,"robots_default":true,"robots_noindex":false,"robots_noarchive":false,"robots_nosnippet":false,"robots_nofollow":false,"robots_noimageindex":false,"robots_noodp":false,"robots_notranslate":false,"robots_max_snippet":null,"robots_max_videopreview":null,"robots_max_imagepreview":"large","priority":null,"frequency":null,"location":null,"local_seo":null,"seo_analyzer_scan_date":"2025-09-27 22:36:23","breadcrumb_settings":null,"limit_modified_date":false,"open_ai":null,"ai":null,"created":"2021-03-08 17:19:40","updated":"2025-09-27 22:36:23"},"aioseo_breadcrumb":"<div class=\"aioseo-breadcrumbs\"><span class=\"aioseo-breadcrumb\">\n\t<a href=\"https:\/\/eldigitaldeasturias.com\/magazine365\" title=\"Home\">Home<\/a>\n<\/span><span class=\"aioseo-breadcrumb-separator\">\u2013<\/span><span class=\"aioseo-breadcrumb\">\n\t<a href=\"https:\/\/eldigitaldeasturias.com\/magazine365\/category\/noticias-actualidad\/\" title=\"Noticias y Actualidad\">Noticias y Actualidad<\/a>\n<\/span><span class=\"aioseo-breadcrumb-separator\">\u2013<\/span><span class=\"aioseo-breadcrumb\">\n\t<a href=\"https:\/\/eldigitaldeasturias.com\/magazine365\/aragon-y-aquitania-dan-un-paso-decisivo-hacia-la-reapertura-de-canfranc-en-2020\/\" title=\"Arag\u00f3n y Aquitania dan \u00abun paso decisivo\u00bb hacia la reapertura de Canfranc en 2020\">Arag\u00f3n y Aquitania dan \u00abun paso decisivo\u00bb hacia la reapertura de Canfranc en 2020<\/a>\n<\/span><\/div>","aioseo_breadcrumb_json":[{"label":"Home","link":"https:\/\/eldigitaldeasturias.com\/magazine365"},{"label":"Noticias y Actualidad","link":"https:\/\/eldigitaldeasturias.com\/magazine365\/category\/noticias-actualidad\/"},{"label":"Arag\u00f3n y Aquitania dan \u00abun paso decisivo\u00bb hacia la reapertura de Canfranc en 2020","link":"https:\/\/eldigitaldeasturias.com\/magazine365\/aragon-y-aquitania-dan-un-paso-decisivo-hacia-la-reapertura-de-canfranc-en-2020\/"}],"_links":{"self":[{"href":"https:\/\/eldigitaldeasturias.com\/magazine365\/wp-json\/wp\/v2\/posts\/81303","targetHints":{"allow":["GET"]}}],"collection":[{"href":"https:\/\/eldigitaldeasturias.com\/magazine365\/wp-json\/wp\/v2\/posts"}],"about":[{"href":"https:\/\/eldigitaldeasturias.com\/magazine365\/wp-json\/wp\/v2\/types\/post"}],"author":[{"embeddable":true,"href":"https:\/\/eldigitaldeasturias.com\/magazine365\/wp-json\/wp\/v2\/users\/1"}],"replies":[{"embeddable":true,"href":"https:\/\/eldigitaldeasturias.com\/magazine365\/wp-json\/wp\/v2\/comments?post=81303"}],"version-history":[{"count":0,"href":"https:\/\/eldigitaldeasturias.com\/magazine365\/wp-json\/wp\/v2\/posts\/81303\/revisions"}],"wp:featuredmedia":[{"embeddable":true,"href":"https:\/\/eldigitaldeasturias.com\/magazine365\/wp-json\/wp\/v2\/media\/81304"}],"wp:attachment":[{"href":"https:\/\/eldigitaldeasturias.com\/magazine365\/wp-json\/wp\/v2\/media?parent=81303"}],"wp:term":[{"taxonomy":"category","embeddable":true,"href":"https:\/\/eldigitaldeasturias.com\/magazine365\/wp-json\/wp\/v2\/categories?post=81303"},{"taxonomy":"post_tag","embeddable":true,"href":"https:\/\/eldigitaldeasturias.com\/magazine365\/wp-json\/wp\/v2\/tags?post=81303"}],"curies":[{"name":"wp","href":"https:\/\/api.w.org\/{rel}","templated":true}]}}