{"id":81291,"date":"2016-06-30T18:38:17","date_gmt":"2016-06-30T16:38:17","guid":{"rendered":"http:\/\/eldigitaldeasturias.com\/magazine365\/?p=81291"},"modified":"2016-06-30T18:38:17","modified_gmt":"2016-06-30T16:38:17","slug":"el-ayuntamiento-de-badajoz-potencia-su-turismo-recorriendo-su-patrimonio-cultural","status":"publish","type":"post","link":"https:\/\/eldigitaldeasturias.com\/magazine365\/el-ayuntamiento-de-badajoz-potencia-su-turismo-recorriendo-su-patrimonio-cultural\/","title":{"rendered":"El Ayuntamiento de Badajoz potencia su turismo recorriendo su patrimonio cultural"},"content":{"rendered":"<p><img fetchpriority=\"high\" decoding=\"async\" class=\"alignleft size-medium wp-image-81292\" src=\"https:\/\/eldigitaldeasturias.com\/magazine365\/wp-content\/uploads\/2016\/06\/fotonoticia_20160630154151_800-360x270.jpg\" alt=\"fotonoticia_20160630154151_800\" width=\"360\" height=\"270\" srcset=\"https:\/\/eldigitaldeasturias.com\/magazine365\/wp-content\/uploads\/2016\/06\/fotonoticia_20160630154151_800-360x270.jpg 360w, https:\/\/eldigitaldeasturias.com\/magazine365\/wp-content\/uploads\/2016\/06\/fotonoticia_20160630154151_800-650x488.jpg 650w, https:\/\/eldigitaldeasturias.com\/magazine365\/wp-content\/uploads\/2016\/06\/fotonoticia_20160630154151_800-768x576.jpg 768w, https:\/\/eldigitaldeasturias.com\/magazine365\/wp-content\/uploads\/2016\/06\/fotonoticia_20160630154151_800-150x113.jpg 150w, https:\/\/eldigitaldeasturias.com\/magazine365\/wp-content\/uploads\/2016\/06\/fotonoticia_20160630154151_800-450x338.jpg 450w, https:\/\/eldigitaldeasturias.com\/magazine365\/wp-content\/uploads\/2016\/06\/fotonoticia_20160630154151_800-90x67.jpg 90w, https:\/\/eldigitaldeasturias.com\/magazine365\/wp-content\/uploads\/2016\/06\/fotonoticia_20160630154151_800-164x124.jpg 164w, https:\/\/eldigitaldeasturias.com\/magazine365\/wp-content\/uploads\/2016\/06\/fotonoticia_20160630154151_800-100x75.jpg 100w, https:\/\/eldigitaldeasturias.com\/magazine365\/wp-content\/uploads\/2016\/06\/fotonoticia_20160630154151_800.jpg 800w\" sizes=\"(max-width: 360px) 100vw, 360px\" \/>El Ayuntamiento de Badajoz invitar a pasar un &#8216;Verano monumental&#8217; en la ciudad recorriendo su patrimonio a trav\u00e9s de una decena de rutas, especialmente dedicadas a los m\u00e1s peque\u00f1os y que dan a conocer sus fortificaciones, sus baluartes, la Alcazaba o el Fuerte de San Crist\u00f3bal.<\/p>\n<p>El teniente de alcalde delegado del \u00e1rea, Germ\u00e1n L\u00f3pez Iglesias, y el jefe de servicio de Turismo, Fernando Fuentes, han presentado este proyecto que, seg\u00fan el edil &#8216;popular&#8217;, desde el verano de 2009 hac\u00eda hincapi\u00e9 en los museos de la capital pacense, pero que desde el pasado a\u00f1o est\u00e1 dedicado a conocer la ciudad y sus monumentos a trav\u00e9s de distintas visitas guiadas.<\/p>\n<p>L\u00f3pez Iglesias ha puntualizado que, de este modo, se acerca el patrimonio cultural badajocense a los visitantes y se favorece la \u00absensibilizaci\u00f3n\u00bb en torno al mismo de los vecinos de la ciudad en esta iniciativa que tiene como objetivos dinamizar el turismo de Badajoz, reforzar las labores de conservaci\u00f3n del patrimonio divulgando y difundiendo su contenido, avanzar en el proceso de su puesta en valor y recuperaci\u00f3n y \u00abcontinuar reforzando\u00bb los servicios tur\u00edsticos de la ciudad.<\/p>\n<p>Junto a las distintas visitas guiadas que tendr\u00e1n lugar los s\u00e1bados de julio y agosto en torno al Fuerte de San Crist\u00f3bal, la Alcazaba, las plazas Alta y de Espa\u00f1a o la muralla abaluartada, algunas de ellas especialmente dirigidas a ni\u00f1os de entre 9 y 12 a\u00f1os, el concejal ha destacado que tambi\u00e9n se abrir\u00e1n para visitas libres monumentos como el Fuerte de San Crist\u00f3bal, la Torre de Espantaperros, la Puerta de Palmas y la Galer\u00eda de Fusileros del Baluarte de San Pedro.<\/p>\n<h2 class=\"ladillo\">DIEZ VISITAS Y UNA AVENTURA<\/h2>\n<p>Fernando Fuentes ha detallado por su parte que estas visitas tienen como objetivo \u00abtocar\u00bb todas las zonas monumentales del Casco Antiguo de la ciudad y que cada d\u00eda se trate una diferente en esta actividad recogida en un folleto \u00abtematizado\u00bb y en el que cada visita es \u00abuna aventura\u00bb.<\/p>\n<p>Ha concretado que la primera visita es este s\u00e1bado, d\u00eda 2 de julio, por el Fuerte de San Crist\u00f3bal y que las siguientes recorren el 9 de julio la Plaza Alta y el Museo Luis de Morales, el 16 de julio la Alcazaba, el 23 de julio la Plaza de Espa\u00f1a, el ayuntamiento y la Catedral, el 30 de julio el sistema defensivo de la ciudad en torno a su r\u00edo y el 6 de agosto la Alcazaba a trav\u00e9s de sus etapas constructivas.<\/p>\n<p>De cara al puente de agosto, el 13 de ese mes la visita se centra de nuevo en el Fuerte de San Crist\u00f3bal y el d\u00eda 15 en los monumentos m\u00e1s representativos, mientras que el 20 de agosto se pone el foco en lugares emblem\u00e1ticos recuperados como el patio andalus\u00ed de las Casas Mud\u00e9jares o las Antiguas Casas Consistoriales en la Plaza Alta y el 27 de agosto en la muralla abaluartada de la ciudad.<\/p>\n<p>La mitad de estas visitas est\u00e1n enfocadas a dar a conocer a los peque\u00f1os de la casa el patrimonio monumental de la ciudad y se entregar\u00e1 material divulgativo adaptado a ellos y elaborado por profesionales, ha se\u00f1alado Fuentes, que ha cifrado en unas 80 personas la media de asistentes a las realizadas en 2015.<\/p>\n","protected":false},"excerpt":{"rendered":"<p>El Ayuntamiento de Badajoz invitar a pasar un &#8216;Verano monumental&#8217; en la ciudad recorriendo su patrimonio a trav\u00e9s de una decena de rutas, especialmente dedicadas a los m\u00e1s peque\u00f1os y que dan a conocer sus fortificaciones, sus baluartes, la Alcazaba o el Fuerte de San Crist\u00f3bal. El teniente de alcalde delegado del \u00e1rea, Germ\u00e1n L\u00f3pez<\/p>\n","protected":false},"author":1,"featured_media":81292,"comment_status":"open","ping_status":"closed","sticky":false,"template":"","format":"standard","meta":{"footnotes":""},"categories":[224],"tags":[],"class_list":{"0":"post-81291","1":"post","2":"type-post","3":"status-publish","4":"format-standard","5":"has-post-thumbnail","7":"category-noticias-actualidad"},"aioseo_notices":[],"aioseo_head":"\n\t\t<!-- All in One SEO Pro 4.9.6.1 - aioseo.com -->\n\t<meta name=\"description\" content=\"El Ayuntamiento de Badajoz invitar a pasar un &#039;Verano monumental&#039; en la ciudad recorriendo su patrimonio a trav\u00e9s de una decena de rutas, especialmente dedicadas a los m\u00e1s peque\u00f1os y que dan a conocer sus fortificaciones, sus baluartes, la Alcazaba o el Fuerte de San Crist\u00f3bal. El teniente de alcalde delegado del \u00e1rea, Germ\u00e1n L\u00f3pez\" \/>\n\t<meta name=\"robots\" content=\"max-image-preview:large\" \/>\n\t<meta name=\"author\" content=\"admin\"\/>\n\t<meta name=\"google-site-verification\" content=\"UA-38556648-1\" \/>\n\t<meta name=\"keywords\" content=\"noticias y actualidad\" \/>\n\t<link rel=\"canonical\" href=\"https:\/\/eldigitaldeasturias.com\/magazine365\/el-ayuntamiento-de-badajoz-potencia-su-turismo-recorriendo-su-patrimonio-cultural\/\" \/>\n\t<meta name=\"generator\" content=\"All in One SEO Pro (AIOSEO) 4.9.6.1\" \/>\n\t\t<meta property=\"og:locale\" content=\"es_ES\" \/>\n\t\t<meta property=\"og:site_name\" content=\"El Digital de Asturias \u2013 Revista de ocio, turismo y estilo de vida\" \/>\n\t\t<meta property=\"og:type\" content=\"article\" \/>\n\t\t<meta property=\"og:title\" content=\"El Ayuntamiento de Badajoz potencia su turismo recorriendo su patrimonio cultural | El Digital de Asturias\" \/>\n\t\t<meta property=\"og:description\" content=\"El Ayuntamiento de Badajoz invitar a pasar un &#039;Verano monumental&#039; en la ciudad recorriendo su patrimonio a trav\u00e9s de una decena de rutas, especialmente dedicadas a los m\u00e1s peque\u00f1os y que dan a conocer sus fortificaciones, sus baluartes, la Alcazaba o el Fuerte de San Crist\u00f3bal. El teniente de alcalde delegado del \u00e1rea, Germ\u00e1n L\u00f3pez\" \/>\n\t\t<meta property=\"og:url\" content=\"https:\/\/eldigitaldeasturias.com\/magazine365\/el-ayuntamiento-de-badajoz-potencia-su-turismo-recorriendo-su-patrimonio-cultural\/\" \/>\n\t\t<meta property=\"og:image\" content=\"https:\/\/eldigitaldeasturias.com\/magazine365\/wp-content\/uploads\/2016\/06\/fotonoticia_20160630154151_800.jpg\" \/>\n\t\t<meta property=\"og:image:secure_url\" content=\"https:\/\/eldigitaldeasturias.com\/magazine365\/wp-content\/uploads\/2016\/06\/fotonoticia_20160630154151_800.jpg\" \/>\n\t\t<meta property=\"og:image:width\" content=\"800\" \/>\n\t\t<meta property=\"og:image:height\" content=\"600\" \/>\n\t\t<meta property=\"article:published_time\" content=\"2016-06-30T16:38:17+00:00\" \/>\n\t\t<meta property=\"article:modified_time\" content=\"2016-06-30T16:38:17+00:00\" \/>\n\t\t<meta name=\"twitter:card\" content=\"summary_large_image\" \/>\n\t\t<meta name=\"twitter:title\" content=\"El Ayuntamiento de Badajoz potencia su turismo recorriendo su patrimonio cultural | El Digital de Asturias\" \/>\n\t\t<meta name=\"twitter:description\" content=\"El Ayuntamiento de Badajoz invitar a pasar un &#039;Verano monumental&#039; en la ciudad recorriendo su patrimonio a trav\u00e9s de una decena de rutas, especialmente dedicadas a los m\u00e1s peque\u00f1os y que dan a conocer sus fortificaciones, sus baluartes, la Alcazaba o el Fuerte de San Crist\u00f3bal. El teniente de alcalde delegado del \u00e1rea, Germ\u00e1n L\u00f3pez\" \/>\n\t\t<meta name=\"twitter:image\" content=\"https:\/\/eldigitaldeasturias.com\/magazine365\/wp-content\/uploads\/2016\/06\/fotonoticia_20160630154151_800.jpg\" \/>\n\t\t<script type=\"application\/ld+json\" class=\"aioseo-schema\">\n\t\t\t{\"@context\":\"https:\\\/\\\/schema.org\",\"@graph\":[{\"@type\":\"Article\",\"@id\":\"https:\\\/\\\/eldigitaldeasturias.com\\\/magazine365\\\/el-ayuntamiento-de-badajoz-potencia-su-turismo-recorriendo-su-patrimonio-cultural\\\/#article\",\"name\":\"El Ayuntamiento de Badajoz potencia su turismo recorriendo su patrimonio cultural | El Digital de Asturias\",\"headline\":\"El Ayuntamiento de Badajoz potencia su turismo recorriendo su patrimonio cultural\",\"author\":{\"@id\":\"https:\\\/\\\/eldigitaldeasturias.com\\\/magazine365\\\/author\\\/admin\\\/#author\"},\"publisher\":{\"@id\":\"https:\\\/\\\/eldigitaldeasturias.com\\\/magazine365\\\/#organization\"},\"image\":{\"@type\":\"ImageObject\",\"url\":\"https:\\\/\\\/eldigitaldeasturias.com\\\/magazine365\\\/wp-content\\\/uploads\\\/2016\\\/06\\\/fotonoticia_20160630154151_800.jpg\",\"width\":800,\"height\":600},\"datePublished\":\"2016-06-30T18:38:17+02:00\",\"dateModified\":\"2016-06-30T18:38:17+02:00\",\"inLanguage\":\"es-ES\",\"mainEntityOfPage\":{\"@id\":\"https:\\\/\\\/eldigitaldeasturias.com\\\/magazine365\\\/el-ayuntamiento-de-badajoz-potencia-su-turismo-recorriendo-su-patrimonio-cultural\\\/#webpage\"},\"isPartOf\":{\"@id\":\"https:\\\/\\\/eldigitaldeasturias.com\\\/magazine365\\\/el-ayuntamiento-de-badajoz-potencia-su-turismo-recorriendo-su-patrimonio-cultural\\\/#webpage\"},\"articleSection\":\"Noticias y Actualidad\"},{\"@type\":\"BreadcrumbList\",\"@id\":\"https:\\\/\\\/eldigitaldeasturias.com\\\/magazine365\\\/el-ayuntamiento-de-badajoz-potencia-su-turismo-recorriendo-su-patrimonio-cultural\\\/#breadcrumblist\",\"itemListElement\":[{\"@type\":\"ListItem\",\"@id\":\"https:\\\/\\\/eldigitaldeasturias.com\\\/magazine365#listItem\",\"position\":1,\"name\":\"Home\",\"item\":\"https:\\\/\\\/eldigitaldeasturias.com\\\/magazine365\",\"nextItem\":{\"@type\":\"ListItem\",\"@id\":\"https:\\\/\\\/eldigitaldeasturias.com\\\/magazine365\\\/category\\\/noticias-actualidad\\\/#listItem\",\"name\":\"Noticias y Actualidad\"}},{\"@type\":\"ListItem\",\"@id\":\"https:\\\/\\\/eldigitaldeasturias.com\\\/magazine365\\\/category\\\/noticias-actualidad\\\/#listItem\",\"position\":2,\"name\":\"Noticias y Actualidad\",\"item\":\"https:\\\/\\\/eldigitaldeasturias.com\\\/magazine365\\\/category\\\/noticias-actualidad\\\/\",\"nextItem\":{\"@type\":\"ListItem\",\"@id\":\"https:\\\/\\\/eldigitaldeasturias.com\\\/magazine365\\\/el-ayuntamiento-de-badajoz-potencia-su-turismo-recorriendo-su-patrimonio-cultural\\\/#listItem\",\"name\":\"El Ayuntamiento de Badajoz potencia su turismo recorriendo su patrimonio cultural\"},\"previousItem\":{\"@type\":\"ListItem\",\"@id\":\"https:\\\/\\\/eldigitaldeasturias.com\\\/magazine365#listItem\",\"name\":\"Home\"}},{\"@type\":\"ListItem\",\"@id\":\"https:\\\/\\\/eldigitaldeasturias.com\\\/magazine365\\\/el-ayuntamiento-de-badajoz-potencia-su-turismo-recorriendo-su-patrimonio-cultural\\\/#listItem\",\"position\":3,\"name\":\"El Ayuntamiento de Badajoz potencia su turismo recorriendo su patrimonio cultural\",\"previousItem\":{\"@type\":\"ListItem\",\"@id\":\"https:\\\/\\\/eldigitaldeasturias.com\\\/magazine365\\\/category\\\/noticias-actualidad\\\/#listItem\",\"name\":\"Noticias y Actualidad\"}}]},{\"@type\":\"Organization\",\"@id\":\"https:\\\/\\\/eldigitaldeasturias.com\\\/magazine365\\\/#organization\",\"name\":\"El digital de Asturias\",\"description\":\"Revista de ocio, turismo y estilo de vida\",\"url\":\"https:\\\/\\\/eldigitaldeasturias.com\\\/magazine365\\\/\",\"logo\":{\"@type\":\"ImageObject\",\"url\":\"https:\\\/\\\/www.eldigitaldeasturias.com\\\/noticias\\\/wp-content\\\/uploads\\\/2020\\\/12\\\/EDA.jpg\",\"@id\":\"https:\\\/\\\/eldigitaldeasturias.com\\\/magazine365\\\/el-ayuntamiento-de-badajoz-potencia-su-turismo-recorriendo-su-patrimonio-cultural\\\/#organizationLogo\"},\"image\":{\"@id\":\"https:\\\/\\\/eldigitaldeasturias.com\\\/magazine365\\\/el-ayuntamiento-de-badajoz-potencia-su-turismo-recorriendo-su-patrimonio-cultural\\\/#organizationLogo\"}},{\"@type\":\"Person\",\"@id\":\"https:\\\/\\\/eldigitaldeasturias.com\\\/magazine365\\\/author\\\/admin\\\/#author\",\"url\":\"https:\\\/\\\/eldigitaldeasturias.com\\\/magazine365\\\/author\\\/admin\\\/\",\"name\":\"admin\",\"image\":{\"@type\":\"ImageObject\",\"@id\":\"https:\\\/\\\/eldigitaldeasturias.com\\\/magazine365\\\/el-ayuntamiento-de-badajoz-potencia-su-turismo-recorriendo-su-patrimonio-cultural\\\/#authorImage\",\"url\":\"https:\\\/\\\/eldigitaldeasturias.com\\\/magazine365\\\/wp-content\\\/litespeed\\\/avatar\\\/e571bcf59a0edd6fa6838245a470f2fe.jpg?ver=1776969259\",\"width\":96,\"height\":96,\"caption\":\"admin\"}},{\"@type\":\"WebPage\",\"@id\":\"https:\\\/\\\/eldigitaldeasturias.com\\\/magazine365\\\/el-ayuntamiento-de-badajoz-potencia-su-turismo-recorriendo-su-patrimonio-cultural\\\/#webpage\",\"url\":\"https:\\\/\\\/eldigitaldeasturias.com\\\/magazine365\\\/el-ayuntamiento-de-badajoz-potencia-su-turismo-recorriendo-su-patrimonio-cultural\\\/\",\"name\":\"El Ayuntamiento de Badajoz potencia su turismo recorriendo su patrimonio cultural | El Digital de Asturias\",\"description\":\"El Ayuntamiento de Badajoz invitar a pasar un 'Verano monumental' en la ciudad recorriendo su patrimonio a trav\\u00e9s de una decena de rutas, especialmente dedicadas a los m\\u00e1s peque\\u00f1os y que dan a conocer sus fortificaciones, sus baluartes, la Alcazaba o el Fuerte de San Crist\\u00f3bal. El teniente de alcalde delegado del \\u00e1rea, Germ\\u00e1n L\\u00f3pez\",\"inLanguage\":\"es-ES\",\"isPartOf\":{\"@id\":\"https:\\\/\\\/eldigitaldeasturias.com\\\/magazine365\\\/#website\"},\"breadcrumb\":{\"@id\":\"https:\\\/\\\/eldigitaldeasturias.com\\\/magazine365\\\/el-ayuntamiento-de-badajoz-potencia-su-turismo-recorriendo-su-patrimonio-cultural\\\/#breadcrumblist\"},\"author\":{\"@id\":\"https:\\\/\\\/eldigitaldeasturias.com\\\/magazine365\\\/author\\\/admin\\\/#author\"},\"creator\":{\"@id\":\"https:\\\/\\\/eldigitaldeasturias.com\\\/magazine365\\\/author\\\/admin\\\/#author\"},\"image\":{\"@type\":\"ImageObject\",\"url\":\"https:\\\/\\\/eldigitaldeasturias.com\\\/magazine365\\\/wp-content\\\/uploads\\\/2016\\\/06\\\/fotonoticia_20160630154151_800.jpg\",\"@id\":\"https:\\\/\\\/eldigitaldeasturias.com\\\/magazine365\\\/el-ayuntamiento-de-badajoz-potencia-su-turismo-recorriendo-su-patrimonio-cultural\\\/#mainImage\",\"width\":800,\"height\":600},\"primaryImageOfPage\":{\"@id\":\"https:\\\/\\\/eldigitaldeasturias.com\\\/magazine365\\\/el-ayuntamiento-de-badajoz-potencia-su-turismo-recorriendo-su-patrimonio-cultural\\\/#mainImage\"},\"datePublished\":\"2016-06-30T18:38:17+02:00\",\"dateModified\":\"2016-06-30T18:38:17+02:00\"},{\"@type\":\"WebSite\",\"@id\":\"https:\\\/\\\/eldigitaldeasturias.com\\\/magazine365\\\/#website\",\"url\":\"https:\\\/\\\/eldigitaldeasturias.com\\\/magazine365\\\/\",\"name\":\"El Digital de Asturias\",\"description\":\"Revista de ocio, turismo y estilo de vida\",\"inLanguage\":\"es-ES\",\"publisher\":{\"@id\":\"https:\\\/\\\/eldigitaldeasturias.com\\\/magazine365\\\/#organization\"}}]}\n\t\t<\/script>\n\t\t<!-- All in One SEO Pro -->\r\n\t\t<title>El Ayuntamiento de Badajoz potencia su turismo recorriendo su patrimonio cultural | El Digital de Asturias<\/title>\n\n","aioseo_head_json":{"title":"El Ayuntamiento de Badajoz potencia su turismo recorriendo su patrimonio cultural | El Digital de Asturias","description":"El Ayuntamiento de Badajoz invitar a pasar un 'Verano monumental' en la ciudad recorriendo su patrimonio a trav\u00e9s de una decena de rutas, especialmente dedicadas a los m\u00e1s peque\u00f1os y que dan a conocer sus fortificaciones, sus baluartes, la Alcazaba o el Fuerte de San Crist\u00f3bal. El teniente de alcalde delegado del \u00e1rea, Germ\u00e1n L\u00f3pez","canonical_url":"https:\/\/eldigitaldeasturias.com\/magazine365\/el-ayuntamiento-de-badajoz-potencia-su-turismo-recorriendo-su-patrimonio-cultural\/","robots":"max-image-preview:large","keywords":"noticias y actualidad","webmasterTools":{"google-site-verification":"UA-38556648-1","miscellaneous":""},"schema":{"@context":"https:\/\/schema.org","@graph":[{"@type":"Article","@id":"https:\/\/eldigitaldeasturias.com\/magazine365\/el-ayuntamiento-de-badajoz-potencia-su-turismo-recorriendo-su-patrimonio-cultural\/#article","name":"El Ayuntamiento de Badajoz potencia su turismo recorriendo su patrimonio cultural | El Digital de Asturias","headline":"El Ayuntamiento de Badajoz potencia su turismo recorriendo su patrimonio cultural","author":{"@id":"https:\/\/eldigitaldeasturias.com\/magazine365\/author\/admin\/#author"},"publisher":{"@id":"https:\/\/eldigitaldeasturias.com\/magazine365\/#organization"},"image":{"@type":"ImageObject","url":"https:\/\/eldigitaldeasturias.com\/magazine365\/wp-content\/uploads\/2016\/06\/fotonoticia_20160630154151_800.jpg","width":800,"height":600},"datePublished":"2016-06-30T18:38:17+02:00","dateModified":"2016-06-30T18:38:17+02:00","inLanguage":"es-ES","mainEntityOfPage":{"@id":"https:\/\/eldigitaldeasturias.com\/magazine365\/el-ayuntamiento-de-badajoz-potencia-su-turismo-recorriendo-su-patrimonio-cultural\/#webpage"},"isPartOf":{"@id":"https:\/\/eldigitaldeasturias.com\/magazine365\/el-ayuntamiento-de-badajoz-potencia-su-turismo-recorriendo-su-patrimonio-cultural\/#webpage"},"articleSection":"Noticias y Actualidad"},{"@type":"BreadcrumbList","@id":"https:\/\/eldigitaldeasturias.com\/magazine365\/el-ayuntamiento-de-badajoz-potencia-su-turismo-recorriendo-su-patrimonio-cultural\/#breadcrumblist","itemListElement":[{"@type":"ListItem","@id":"https:\/\/eldigitaldeasturias.com\/magazine365#listItem","position":1,"name":"Home","item":"https:\/\/eldigitaldeasturias.com\/magazine365","nextItem":{"@type":"ListItem","@id":"https:\/\/eldigitaldeasturias.com\/magazine365\/category\/noticias-actualidad\/#listItem","name":"Noticias y Actualidad"}},{"@type":"ListItem","@id":"https:\/\/eldigitaldeasturias.com\/magazine365\/category\/noticias-actualidad\/#listItem","position":2,"name":"Noticias y Actualidad","item":"https:\/\/eldigitaldeasturias.com\/magazine365\/category\/noticias-actualidad\/","nextItem":{"@type":"ListItem","@id":"https:\/\/eldigitaldeasturias.com\/magazine365\/el-ayuntamiento-de-badajoz-potencia-su-turismo-recorriendo-su-patrimonio-cultural\/#listItem","name":"El Ayuntamiento de Badajoz potencia su turismo recorriendo su patrimonio cultural"},"previousItem":{"@type":"ListItem","@id":"https:\/\/eldigitaldeasturias.com\/magazine365#listItem","name":"Home"}},{"@type":"ListItem","@id":"https:\/\/eldigitaldeasturias.com\/magazine365\/el-ayuntamiento-de-badajoz-potencia-su-turismo-recorriendo-su-patrimonio-cultural\/#listItem","position":3,"name":"El Ayuntamiento de Badajoz potencia su turismo recorriendo su patrimonio cultural","previousItem":{"@type":"ListItem","@id":"https:\/\/eldigitaldeasturias.com\/magazine365\/category\/noticias-actualidad\/#listItem","name":"Noticias y Actualidad"}}]},{"@type":"Organization","@id":"https:\/\/eldigitaldeasturias.com\/magazine365\/#organization","name":"El digital de Asturias","description":"Revista de ocio, turismo y estilo de vida","url":"https:\/\/eldigitaldeasturias.com\/magazine365\/","logo":{"@type":"ImageObject","url":"https:\/\/www.eldigitaldeasturias.com\/noticias\/wp-content\/uploads\/2020\/12\/EDA.jpg","@id":"https:\/\/eldigitaldeasturias.com\/magazine365\/el-ayuntamiento-de-badajoz-potencia-su-turismo-recorriendo-su-patrimonio-cultural\/#organizationLogo"},"image":{"@id":"https:\/\/eldigitaldeasturias.com\/magazine365\/el-ayuntamiento-de-badajoz-potencia-su-turismo-recorriendo-su-patrimonio-cultural\/#organizationLogo"}},{"@type":"Person","@id":"https:\/\/eldigitaldeasturias.com\/magazine365\/author\/admin\/#author","url":"https:\/\/eldigitaldeasturias.com\/magazine365\/author\/admin\/","name":"admin","image":{"@type":"ImageObject","@id":"https:\/\/eldigitaldeasturias.com\/magazine365\/el-ayuntamiento-de-badajoz-potencia-su-turismo-recorriendo-su-patrimonio-cultural\/#authorImage","url":"https:\/\/eldigitaldeasturias.com\/magazine365\/wp-content\/litespeed\/avatar\/e571bcf59a0edd6fa6838245a470f2fe.jpg?ver=1776969259","width":96,"height":96,"caption":"admin"}},{"@type":"WebPage","@id":"https:\/\/eldigitaldeasturias.com\/magazine365\/el-ayuntamiento-de-badajoz-potencia-su-turismo-recorriendo-su-patrimonio-cultural\/#webpage","url":"https:\/\/eldigitaldeasturias.com\/magazine365\/el-ayuntamiento-de-badajoz-potencia-su-turismo-recorriendo-su-patrimonio-cultural\/","name":"El Ayuntamiento de Badajoz potencia su turismo recorriendo su patrimonio cultural | El Digital de Asturias","description":"El Ayuntamiento de Badajoz invitar a pasar un 'Verano monumental' en la ciudad recorriendo su patrimonio a trav\u00e9s de una decena de rutas, especialmente dedicadas a los m\u00e1s peque\u00f1os y que dan a conocer sus fortificaciones, sus baluartes, la Alcazaba o el Fuerte de San Crist\u00f3bal. El teniente de alcalde delegado del \u00e1rea, Germ\u00e1n L\u00f3pez","inLanguage":"es-ES","isPartOf":{"@id":"https:\/\/eldigitaldeasturias.com\/magazine365\/#website"},"breadcrumb":{"@id":"https:\/\/eldigitaldeasturias.com\/magazine365\/el-ayuntamiento-de-badajoz-potencia-su-turismo-recorriendo-su-patrimonio-cultural\/#breadcrumblist"},"author":{"@id":"https:\/\/eldigitaldeasturias.com\/magazine365\/author\/admin\/#author"},"creator":{"@id":"https:\/\/eldigitaldeasturias.com\/magazine365\/author\/admin\/#author"},"image":{"@type":"ImageObject","url":"https:\/\/eldigitaldeasturias.com\/magazine365\/wp-content\/uploads\/2016\/06\/fotonoticia_20160630154151_800.jpg","@id":"https:\/\/eldigitaldeasturias.com\/magazine365\/el-ayuntamiento-de-badajoz-potencia-su-turismo-recorriendo-su-patrimonio-cultural\/#mainImage","width":800,"height":600},"primaryImageOfPage":{"@id":"https:\/\/eldigitaldeasturias.com\/magazine365\/el-ayuntamiento-de-badajoz-potencia-su-turismo-recorriendo-su-patrimonio-cultural\/#mainImage"},"datePublished":"2016-06-30T18:38:17+02:00","dateModified":"2016-06-30T18:38:17+02:00"},{"@type":"WebSite","@id":"https:\/\/eldigitaldeasturias.com\/magazine365\/#website","url":"https:\/\/eldigitaldeasturias.com\/magazine365\/","name":"El Digital de Asturias","description":"Revista de ocio, turismo y estilo de vida","inLanguage":"es-ES","publisher":{"@id":"https:\/\/eldigitaldeasturias.com\/magazine365\/#organization"}}]},"og:locale":"es_ES","og:site_name":"El Digital de Asturias \u2013 Revista de ocio, turismo y estilo de vida","og:type":"article","og:title":"El Ayuntamiento de Badajoz potencia su turismo recorriendo su patrimonio cultural | El Digital de Asturias","og:description":"El Ayuntamiento de Badajoz invitar a pasar un 'Verano monumental' en la ciudad recorriendo su patrimonio a trav\u00e9s de una decena de rutas, especialmente dedicadas a los m\u00e1s peque\u00f1os y que dan a conocer sus fortificaciones, sus baluartes, la Alcazaba o el Fuerte de San Crist\u00f3bal. El teniente de alcalde delegado del \u00e1rea, Germ\u00e1n L\u00f3pez","og:url":"https:\/\/eldigitaldeasturias.com\/magazine365\/el-ayuntamiento-de-badajoz-potencia-su-turismo-recorriendo-su-patrimonio-cultural\/","og:image":"https:\/\/eldigitaldeasturias.com\/magazine365\/wp-content\/uploads\/2016\/06\/fotonoticia_20160630154151_800.jpg","og:image:secure_url":"https:\/\/eldigitaldeasturias.com\/magazine365\/wp-content\/uploads\/2016\/06\/fotonoticia_20160630154151_800.jpg","og:image:width":800,"og:image:height":600,"article:published_time":"2016-06-30T16:38:17+00:00","article:modified_time":"2016-06-30T16:38:17+00:00","twitter:card":"summary_large_image","twitter:title":"El Ayuntamiento de Badajoz potencia su turismo recorriendo su patrimonio cultural | El Digital de Asturias","twitter:description":"El Ayuntamiento de Badajoz invitar a pasar un 'Verano monumental' en la ciudad recorriendo su patrimonio a trav\u00e9s de una decena de rutas, especialmente dedicadas a los m\u00e1s peque\u00f1os y que dan a conocer sus fortificaciones, sus baluartes, la Alcazaba o el Fuerte de San Crist\u00f3bal. El teniente de alcalde delegado del \u00e1rea, Germ\u00e1n L\u00f3pez","twitter:image":"https:\/\/eldigitaldeasturias.com\/magazine365\/wp-content\/uploads\/2016\/06\/fotonoticia_20160630154151_800.jpg"},"aioseo_meta_data":{"post_id":"81291","title":null,"description":null,"keywords":null,"keyphrases":null,"primary_term":null,"canonical_url":null,"og_title":null,"og_description":null,"og_object_type":"default","og_image_type":"default","og_image_url":null,"og_image_width":null,"og_image_height":null,"og_image_custom_url":null,"og_image_custom_fields":null,"og_video":null,"og_custom_url":null,"og_article_section":null,"og_article_tags":null,"twitter_use_og":false,"twitter_card":"default","twitter_image_type":"default","twitter_image_url":null,"twitter_image_custom_url":null,"twitter_image_custom_fields":null,"twitter_title":null,"twitter_description":null,"schema":{"blockGraphs":[],"customGraphs":[],"default":{"data":{"Article":[],"Course":[],"Dataset":[],"FAQPage":[],"Movie":[],"Person":[],"Product":[],"ProductReview":[],"Car":[],"Recipe":[],"Service":[],"SoftwareApplication":[],"WebPage":[]},"graphName":"","isEnabled":true},"graphs":[],"defaultGraph":"","defaultPostTypeGraph":""},"schema_type":null,"schema_type_options":null,"pillar_content":false,"robots_default":true,"robots_noindex":false,"robots_noarchive":false,"robots_nosnippet":false,"robots_nofollow":false,"robots_noimageindex":false,"robots_noodp":false,"robots_notranslate":false,"robots_max_snippet":null,"robots_max_videopreview":null,"robots_max_imagepreview":"large","priority":null,"frequency":null,"location":null,"local_seo":null,"seo_analyzer_scan_date":"2025-09-27 22:36:19","breadcrumb_settings":null,"limit_modified_date":false,"open_ai":null,"ai":null,"created":"2021-03-08 17:19:40","updated":"2025-09-27 22:36:19"},"aioseo_breadcrumb":"<div class=\"aioseo-breadcrumbs\"><span class=\"aioseo-breadcrumb\">\n\t<a href=\"https:\/\/eldigitaldeasturias.com\/magazine365\" title=\"Home\">Home<\/a>\n<\/span><span class=\"aioseo-breadcrumb-separator\">\u2013<\/span><span class=\"aioseo-breadcrumb\">\n\t<a href=\"https:\/\/eldigitaldeasturias.com\/magazine365\/category\/noticias-actualidad\/\" title=\"Noticias y Actualidad\">Noticias y Actualidad<\/a>\n<\/span><span class=\"aioseo-breadcrumb-separator\">\u2013<\/span><span class=\"aioseo-breadcrumb\">\n\t<a href=\"https:\/\/eldigitaldeasturias.com\/magazine365\/el-ayuntamiento-de-badajoz-potencia-su-turismo-recorriendo-su-patrimonio-cultural\/\" title=\"El Ayuntamiento de Badajoz potencia su turismo recorriendo su patrimonio cultural\">El Ayuntamiento de Badajoz potencia su turismo recorriendo su patrimonio cultural<\/a>\n<\/span><\/div>","aioseo_breadcrumb_json":[{"label":"Home","link":"https:\/\/eldigitaldeasturias.com\/magazine365"},{"label":"Noticias y Actualidad","link":"https:\/\/eldigitaldeasturias.com\/magazine365\/category\/noticias-actualidad\/"},{"label":"El Ayuntamiento de Badajoz potencia su turismo recorriendo su patrimonio cultural","link":"https:\/\/eldigitaldeasturias.com\/magazine365\/el-ayuntamiento-de-badajoz-potencia-su-turismo-recorriendo-su-patrimonio-cultural\/"}],"_links":{"self":[{"href":"https:\/\/eldigitaldeasturias.com\/magazine365\/wp-json\/wp\/v2\/posts\/81291","targetHints":{"allow":["GET"]}}],"collection":[{"href":"https:\/\/eldigitaldeasturias.com\/magazine365\/wp-json\/wp\/v2\/posts"}],"about":[{"href":"https:\/\/eldigitaldeasturias.com\/magazine365\/wp-json\/wp\/v2\/types\/post"}],"author":[{"embeddable":true,"href":"https:\/\/eldigitaldeasturias.com\/magazine365\/wp-json\/wp\/v2\/users\/1"}],"replies":[{"embeddable":true,"href":"https:\/\/eldigitaldeasturias.com\/magazine365\/wp-json\/wp\/v2\/comments?post=81291"}],"version-history":[{"count":0,"href":"https:\/\/eldigitaldeasturias.com\/magazine365\/wp-json\/wp\/v2\/posts\/81291\/revisions"}],"wp:featuredmedia":[{"embeddable":true,"href":"https:\/\/eldigitaldeasturias.com\/magazine365\/wp-json\/wp\/v2\/media\/81292"}],"wp:attachment":[{"href":"https:\/\/eldigitaldeasturias.com\/magazine365\/wp-json\/wp\/v2\/media?parent=81291"}],"wp:term":[{"taxonomy":"category","embeddable":true,"href":"https:\/\/eldigitaldeasturias.com\/magazine365\/wp-json\/wp\/v2\/categories?post=81291"},{"taxonomy":"post_tag","embeddable":true,"href":"https:\/\/eldigitaldeasturias.com\/magazine365\/wp-json\/wp\/v2\/tags?post=81291"}],"curies":[{"name":"wp","href":"https:\/\/api.w.org\/{rel}","templated":true}]}}