{"id":81285,"date":"2016-06-30T18:35:13","date_gmt":"2016-06-30T16:35:13","guid":{"rendered":"http:\/\/eldigitaldeasturias.com\/magazine365\/?p=81285"},"modified":"2016-06-30T18:35:13","modified_gmt":"2016-06-30T16:35:13","slug":"roma-en-el-espejo-ofrece-en-julio-un-programa-de-historia-musica-poesia-y-teatro","status":"publish","type":"post","link":"https:\/\/eldigitaldeasturias.com\/magazine365\/roma-en-el-espejo-ofrece-en-julio-un-programa-de-historia-musica-poesia-y-teatro\/","title":{"rendered":"&#8216;Roma en el espejo&#8217; ofrece en julio un programa de historia, m\u00fasica, poes\u00eda y teatro"},"content":{"rendered":"<p><img fetchpriority=\"high\" decoding=\"async\" class=\"alignleft size-medium wp-image-81286\" src=\"https:\/\/eldigitaldeasturias.com\/magazine365\/wp-content\/uploads\/2016\/06\/fotonoticia_20160630153204_800-360x240.jpg\" alt=\"fotonoticia_20160630153204_800\" width=\"360\" height=\"240\" srcset=\"https:\/\/eldigitaldeasturias.com\/magazine365\/wp-content\/uploads\/2016\/06\/fotonoticia_20160630153204_800-360x240.jpg 360w, https:\/\/eldigitaldeasturias.com\/magazine365\/wp-content\/uploads\/2016\/06\/fotonoticia_20160630153204_800-650x433.jpg 650w, https:\/\/eldigitaldeasturias.com\/magazine365\/wp-content\/uploads\/2016\/06\/fotonoticia_20160630153204_800-768x512.jpg 768w, https:\/\/eldigitaldeasturias.com\/magazine365\/wp-content\/uploads\/2016\/06\/fotonoticia_20160630153204_800-150x100.jpg 150w, https:\/\/eldigitaldeasturias.com\/magazine365\/wp-content\/uploads\/2016\/06\/fotonoticia_20160630153204_800-450x300.jpg 450w, https:\/\/eldigitaldeasturias.com\/magazine365\/wp-content\/uploads\/2016\/06\/fotonoticia_20160630153204_800-101x66.jpg 101w, https:\/\/eldigitaldeasturias.com\/magazine365\/wp-content\/uploads\/2016\/06\/fotonoticia_20160630153204_800.jpg 800w\" sizes=\"(max-width: 360px) 100vw, 360px\" \/>La Concejal de Cultura, Patrimonio y Turismo, Margarita Torres, ha presentado hoy &#8216;Roma en el espejo (Subterr\u00e1neo de cultura), un certamen a lo largo del mes de julio ofrecer\u00e1 espect\u00e1culos en vivo en el marco de los restos del anfiteatro romano, en la Cripta de Cascaler\u00eda.<\/p>\n<p>Margarita Torres ha destacado que el objetivo de esta iniciativa es \u00abponer en valor el patrimonio de la ciudad, en este caso con un trasfondo po\u00e9tico de la mano del teatro, m\u00fasica, poes\u00eda, narraci\u00f3n oral y folk. \u00abHemos buscado que sea una forma de mirarnos en ese pasado romano\u00bb, ha a\u00f1adido Torres, para resaltar el escenario de &#8216;Roma en el espejo&#8217;, el anfiteatro de lo que fue la G\u00e9mina VII.<\/p>\n<p>Por su parte, el coordinador del evento, V\u00edctor M. D\u00edez, ha se\u00f1alado que la programaci\u00f3n persigue combinar el esp\u00edritu po\u00e9tico con otras artes, a\u00fanan poes\u00eda, m\u00fasica y teatro.<\/p>\n<p>&#8216;Roma en el espejo&#8217; comenzar\u00e1 el 5 de julio y a lo largo de todos los martes y jueves hasta el d\u00eda 28. Todos los eventos se presentan en dos pases de 45 minutos cada uno, a las 20.00 y a las 21.00 horas.<\/p>\n","protected":false},"excerpt":{"rendered":"<p>La Concejal de Cultura, Patrimonio y Turismo, Margarita Torres, ha presentado hoy &#8216;Roma en el espejo (Subterr\u00e1neo de cultura), un certamen a lo largo del mes de julio ofrecer\u00e1 espect\u00e1culos en vivo en el marco de los restos del anfiteatro romano, en la Cripta de Cascaler\u00eda. Margarita Torres ha destacado que el objetivo de esta<\/p>\n","protected":false},"author":1,"featured_media":81286,"comment_status":"open","ping_status":"closed","sticky":false,"template":"","format":"standard","meta":{"footnotes":""},"categories":[224],"tags":[],"class_list":{"0":"post-81285","1":"post","2":"type-post","3":"status-publish","4":"format-standard","5":"has-post-thumbnail","7":"category-noticias-actualidad"},"aioseo_notices":[],"aioseo_head":"\n\t\t<!-- All in One SEO Pro 4.9.6.1 - aioseo.com -->\n\t<meta name=\"description\" content=\"La Concejal de Cultura, Patrimonio y Turismo, Margarita Torres, ha presentado hoy &#039;Roma en el espejo (Subterr\u00e1neo de cultura), un certamen a lo largo del mes de julio ofrecer\u00e1 espect\u00e1culos en vivo en el marco de los restos del anfiteatro romano, en la Cripta de Cascaler\u00eda. Margarita Torres ha destacado que el objetivo de esta\" \/>\n\t<meta name=\"robots\" content=\"max-image-preview:large\" \/>\n\t<meta name=\"author\" content=\"admin\"\/>\n\t<meta name=\"google-site-verification\" content=\"UA-38556648-1\" \/>\n\t<meta name=\"keywords\" content=\"noticias y actualidad\" \/>\n\t<link rel=\"canonical\" href=\"https:\/\/eldigitaldeasturias.com\/magazine365\/roma-en-el-espejo-ofrece-en-julio-un-programa-de-historia-musica-poesia-y-teatro\/\" \/>\n\t<meta name=\"generator\" content=\"All in One SEO Pro (AIOSEO) 4.9.6.1\" \/>\n\t\t<meta property=\"og:locale\" content=\"es_ES\" \/>\n\t\t<meta property=\"og:site_name\" content=\"El Digital de Asturias \u2013 Revista de ocio, turismo y estilo de vida\" \/>\n\t\t<meta property=\"og:type\" content=\"article\" \/>\n\t\t<meta property=\"og:title\" content=\"\u2018Roma en el espejo\u2019 ofrece en julio un programa de historia, m\u00fasica, poes\u00eda y teatro | El Digital de Asturias\" \/>\n\t\t<meta property=\"og:description\" content=\"La Concejal de Cultura, Patrimonio y Turismo, Margarita Torres, ha presentado hoy &#039;Roma en el espejo (Subterr\u00e1neo de cultura), un certamen a lo largo del mes de julio ofrecer\u00e1 espect\u00e1culos en vivo en el marco de los restos del anfiteatro romano, en la Cripta de Cascaler\u00eda. Margarita Torres ha destacado que el objetivo de esta\" \/>\n\t\t<meta property=\"og:url\" content=\"https:\/\/eldigitaldeasturias.com\/magazine365\/roma-en-el-espejo-ofrece-en-julio-un-programa-de-historia-musica-poesia-y-teatro\/\" \/>\n\t\t<meta property=\"og:image\" content=\"https:\/\/eldigitaldeasturias.com\/magazine365\/wp-content\/uploads\/2016\/06\/fotonoticia_20160630153204_800.jpg\" \/>\n\t\t<meta property=\"og:image:secure_url\" content=\"https:\/\/eldigitaldeasturias.com\/magazine365\/wp-content\/uploads\/2016\/06\/fotonoticia_20160630153204_800.jpg\" \/>\n\t\t<meta property=\"og:image:width\" content=\"800\" \/>\n\t\t<meta property=\"og:image:height\" content=\"533\" \/>\n\t\t<meta property=\"article:published_time\" content=\"2016-06-30T16:35:13+00:00\" \/>\n\t\t<meta property=\"article:modified_time\" content=\"2016-06-30T16:35:13+00:00\" \/>\n\t\t<meta name=\"twitter:card\" content=\"summary_large_image\" \/>\n\t\t<meta name=\"twitter:title\" content=\"\u2018Roma en el espejo\u2019 ofrece en julio un programa de historia, m\u00fasica, poes\u00eda y teatro | El Digital de Asturias\" \/>\n\t\t<meta name=\"twitter:description\" content=\"La Concejal de Cultura, Patrimonio y Turismo, Margarita Torres, ha presentado hoy &#039;Roma en el espejo (Subterr\u00e1neo de cultura), un certamen a lo largo del mes de julio ofrecer\u00e1 espect\u00e1culos en vivo en el marco de los restos del anfiteatro romano, en la Cripta de Cascaler\u00eda. Margarita Torres ha destacado que el objetivo de esta\" \/>\n\t\t<meta name=\"twitter:image\" content=\"https:\/\/eldigitaldeasturias.com\/magazine365\/wp-content\/uploads\/2016\/06\/fotonoticia_20160630153204_800.jpg\" \/>\n\t\t<script type=\"application\/ld+json\" class=\"aioseo-schema\">\n\t\t\t{\"@context\":\"https:\\\/\\\/schema.org\",\"@graph\":[{\"@type\":\"Article\",\"@id\":\"https:\\\/\\\/eldigitaldeasturias.com\\\/magazine365\\\/roma-en-el-espejo-ofrece-en-julio-un-programa-de-historia-musica-poesia-y-teatro\\\/#article\",\"name\":\"\\u2018Roma en el espejo\\u2019 ofrece en julio un programa de historia, m\\u00fasica, poes\\u00eda y teatro | El Digital de Asturias\",\"headline\":\"&#8216;Roma en el espejo&#8217; ofrece en julio un programa de historia, m\\u00fasica, poes\\u00eda y teatro\",\"author\":{\"@id\":\"https:\\\/\\\/eldigitaldeasturias.com\\\/magazine365\\\/author\\\/admin\\\/#author\"},\"publisher\":{\"@id\":\"https:\\\/\\\/eldigitaldeasturias.com\\\/magazine365\\\/#organization\"},\"image\":{\"@type\":\"ImageObject\",\"url\":\"https:\\\/\\\/eldigitaldeasturias.com\\\/magazine365\\\/wp-content\\\/uploads\\\/2016\\\/06\\\/fotonoticia_20160630153204_800.jpg\",\"width\":800,\"height\":533},\"datePublished\":\"2016-06-30T18:35:13+02:00\",\"dateModified\":\"2016-06-30T18:35:13+02:00\",\"inLanguage\":\"es-ES\",\"mainEntityOfPage\":{\"@id\":\"https:\\\/\\\/eldigitaldeasturias.com\\\/magazine365\\\/roma-en-el-espejo-ofrece-en-julio-un-programa-de-historia-musica-poesia-y-teatro\\\/#webpage\"},\"isPartOf\":{\"@id\":\"https:\\\/\\\/eldigitaldeasturias.com\\\/magazine365\\\/roma-en-el-espejo-ofrece-en-julio-un-programa-de-historia-musica-poesia-y-teatro\\\/#webpage\"},\"articleSection\":\"Noticias y Actualidad\"},{\"@type\":\"BreadcrumbList\",\"@id\":\"https:\\\/\\\/eldigitaldeasturias.com\\\/magazine365\\\/roma-en-el-espejo-ofrece-en-julio-un-programa-de-historia-musica-poesia-y-teatro\\\/#breadcrumblist\",\"itemListElement\":[{\"@type\":\"ListItem\",\"@id\":\"https:\\\/\\\/eldigitaldeasturias.com\\\/magazine365#listItem\",\"position\":1,\"name\":\"Home\",\"item\":\"https:\\\/\\\/eldigitaldeasturias.com\\\/magazine365\",\"nextItem\":{\"@type\":\"ListItem\",\"@id\":\"https:\\\/\\\/eldigitaldeasturias.com\\\/magazine365\\\/category\\\/noticias-actualidad\\\/#listItem\",\"name\":\"Noticias y Actualidad\"}},{\"@type\":\"ListItem\",\"@id\":\"https:\\\/\\\/eldigitaldeasturias.com\\\/magazine365\\\/category\\\/noticias-actualidad\\\/#listItem\",\"position\":2,\"name\":\"Noticias y Actualidad\",\"item\":\"https:\\\/\\\/eldigitaldeasturias.com\\\/magazine365\\\/category\\\/noticias-actualidad\\\/\",\"nextItem\":{\"@type\":\"ListItem\",\"@id\":\"https:\\\/\\\/eldigitaldeasturias.com\\\/magazine365\\\/roma-en-el-espejo-ofrece-en-julio-un-programa-de-historia-musica-poesia-y-teatro\\\/#listItem\",\"name\":\"&#8216;Roma en el espejo&#8217; ofrece en julio un programa de historia, m\\u00fasica, poes\\u00eda y teatro\"},\"previousItem\":{\"@type\":\"ListItem\",\"@id\":\"https:\\\/\\\/eldigitaldeasturias.com\\\/magazine365#listItem\",\"name\":\"Home\"}},{\"@type\":\"ListItem\",\"@id\":\"https:\\\/\\\/eldigitaldeasturias.com\\\/magazine365\\\/roma-en-el-espejo-ofrece-en-julio-un-programa-de-historia-musica-poesia-y-teatro\\\/#listItem\",\"position\":3,\"name\":\"&#8216;Roma en el espejo&#8217; ofrece en julio un programa de historia, m\\u00fasica, poes\\u00eda y teatro\",\"previousItem\":{\"@type\":\"ListItem\",\"@id\":\"https:\\\/\\\/eldigitaldeasturias.com\\\/magazine365\\\/category\\\/noticias-actualidad\\\/#listItem\",\"name\":\"Noticias y Actualidad\"}}]},{\"@type\":\"Organization\",\"@id\":\"https:\\\/\\\/eldigitaldeasturias.com\\\/magazine365\\\/#organization\",\"name\":\"El digital de Asturias\",\"description\":\"Revista de ocio, turismo y estilo de vida\",\"url\":\"https:\\\/\\\/eldigitaldeasturias.com\\\/magazine365\\\/\",\"logo\":{\"@type\":\"ImageObject\",\"url\":\"https:\\\/\\\/www.eldigitaldeasturias.com\\\/noticias\\\/wp-content\\\/uploads\\\/2020\\\/12\\\/EDA.jpg\",\"@id\":\"https:\\\/\\\/eldigitaldeasturias.com\\\/magazine365\\\/roma-en-el-espejo-ofrece-en-julio-un-programa-de-historia-musica-poesia-y-teatro\\\/#organizationLogo\"},\"image\":{\"@id\":\"https:\\\/\\\/eldigitaldeasturias.com\\\/magazine365\\\/roma-en-el-espejo-ofrece-en-julio-un-programa-de-historia-musica-poesia-y-teatro\\\/#organizationLogo\"}},{\"@type\":\"Person\",\"@id\":\"https:\\\/\\\/eldigitaldeasturias.com\\\/magazine365\\\/author\\\/admin\\\/#author\",\"url\":\"https:\\\/\\\/eldigitaldeasturias.com\\\/magazine365\\\/author\\\/admin\\\/\",\"name\":\"admin\",\"image\":{\"@type\":\"ImageObject\",\"@id\":\"https:\\\/\\\/eldigitaldeasturias.com\\\/magazine365\\\/roma-en-el-espejo-ofrece-en-julio-un-programa-de-historia-musica-poesia-y-teatro\\\/#authorImage\",\"url\":\"https:\\\/\\\/eldigitaldeasturias.com\\\/magazine365\\\/wp-content\\\/litespeed\\\/avatar\\\/e571bcf59a0edd6fa6838245a470f2fe.jpg?ver=1776969259\",\"width\":96,\"height\":96,\"caption\":\"admin\"}},{\"@type\":\"WebPage\",\"@id\":\"https:\\\/\\\/eldigitaldeasturias.com\\\/magazine365\\\/roma-en-el-espejo-ofrece-en-julio-un-programa-de-historia-musica-poesia-y-teatro\\\/#webpage\",\"url\":\"https:\\\/\\\/eldigitaldeasturias.com\\\/magazine365\\\/roma-en-el-espejo-ofrece-en-julio-un-programa-de-historia-musica-poesia-y-teatro\\\/\",\"name\":\"\\u2018Roma en el espejo\\u2019 ofrece en julio un programa de historia, m\\u00fasica, poes\\u00eda y teatro | El Digital de Asturias\",\"description\":\"La Concejal de Cultura, Patrimonio y Turismo, Margarita Torres, ha presentado hoy 'Roma en el espejo (Subterr\\u00e1neo de cultura), un certamen a lo largo del mes de julio ofrecer\\u00e1 espect\\u00e1culos en vivo en el marco de los restos del anfiteatro romano, en la Cripta de Cascaler\\u00eda. Margarita Torres ha destacado que el objetivo de esta\",\"inLanguage\":\"es-ES\",\"isPartOf\":{\"@id\":\"https:\\\/\\\/eldigitaldeasturias.com\\\/magazine365\\\/#website\"},\"breadcrumb\":{\"@id\":\"https:\\\/\\\/eldigitaldeasturias.com\\\/magazine365\\\/roma-en-el-espejo-ofrece-en-julio-un-programa-de-historia-musica-poesia-y-teatro\\\/#breadcrumblist\"},\"author\":{\"@id\":\"https:\\\/\\\/eldigitaldeasturias.com\\\/magazine365\\\/author\\\/admin\\\/#author\"},\"creator\":{\"@id\":\"https:\\\/\\\/eldigitaldeasturias.com\\\/magazine365\\\/author\\\/admin\\\/#author\"},\"image\":{\"@type\":\"ImageObject\",\"url\":\"https:\\\/\\\/eldigitaldeasturias.com\\\/magazine365\\\/wp-content\\\/uploads\\\/2016\\\/06\\\/fotonoticia_20160630153204_800.jpg\",\"@id\":\"https:\\\/\\\/eldigitaldeasturias.com\\\/magazine365\\\/roma-en-el-espejo-ofrece-en-julio-un-programa-de-historia-musica-poesia-y-teatro\\\/#mainImage\",\"width\":800,\"height\":533},\"primaryImageOfPage\":{\"@id\":\"https:\\\/\\\/eldigitaldeasturias.com\\\/magazine365\\\/roma-en-el-espejo-ofrece-en-julio-un-programa-de-historia-musica-poesia-y-teatro\\\/#mainImage\"},\"datePublished\":\"2016-06-30T18:35:13+02:00\",\"dateModified\":\"2016-06-30T18:35:13+02:00\"},{\"@type\":\"WebSite\",\"@id\":\"https:\\\/\\\/eldigitaldeasturias.com\\\/magazine365\\\/#website\",\"url\":\"https:\\\/\\\/eldigitaldeasturias.com\\\/magazine365\\\/\",\"name\":\"El Digital de Asturias\",\"description\":\"Revista de ocio, turismo y estilo de vida\",\"inLanguage\":\"es-ES\",\"publisher\":{\"@id\":\"https:\\\/\\\/eldigitaldeasturias.com\\\/magazine365\\\/#organization\"}}]}\n\t\t<\/script>\n\t\t<!-- All in One SEO Pro -->\r\n\t\t<title>\u2018Roma en el espejo\u2019 ofrece en julio un programa de historia, m\u00fasica, poes\u00eda y teatro | El Digital de Asturias<\/title>\n\n","aioseo_head_json":{"title":"\u2018Roma en el espejo\u2019 ofrece en julio un programa de historia, m\u00fasica, poes\u00eda y teatro | El Digital de Asturias","description":"La Concejal de Cultura, Patrimonio y Turismo, Margarita Torres, ha presentado hoy 'Roma en el espejo (Subterr\u00e1neo de cultura), un certamen a lo largo del mes de julio ofrecer\u00e1 espect\u00e1culos en vivo en el marco de los restos del anfiteatro romano, en la Cripta de Cascaler\u00eda. Margarita Torres ha destacado que el objetivo de esta","canonical_url":"https:\/\/eldigitaldeasturias.com\/magazine365\/roma-en-el-espejo-ofrece-en-julio-un-programa-de-historia-musica-poesia-y-teatro\/","robots":"max-image-preview:large","keywords":"noticias y actualidad","webmasterTools":{"google-site-verification":"UA-38556648-1","miscellaneous":""},"schema":{"@context":"https:\/\/schema.org","@graph":[{"@type":"Article","@id":"https:\/\/eldigitaldeasturias.com\/magazine365\/roma-en-el-espejo-ofrece-en-julio-un-programa-de-historia-musica-poesia-y-teatro\/#article","name":"\u2018Roma en el espejo\u2019 ofrece en julio un programa de historia, m\u00fasica, poes\u00eda y teatro | El Digital de Asturias","headline":"&#8216;Roma en el espejo&#8217; ofrece en julio un programa de historia, m\u00fasica, poes\u00eda y teatro","author":{"@id":"https:\/\/eldigitaldeasturias.com\/magazine365\/author\/admin\/#author"},"publisher":{"@id":"https:\/\/eldigitaldeasturias.com\/magazine365\/#organization"},"image":{"@type":"ImageObject","url":"https:\/\/eldigitaldeasturias.com\/magazine365\/wp-content\/uploads\/2016\/06\/fotonoticia_20160630153204_800.jpg","width":800,"height":533},"datePublished":"2016-06-30T18:35:13+02:00","dateModified":"2016-06-30T18:35:13+02:00","inLanguage":"es-ES","mainEntityOfPage":{"@id":"https:\/\/eldigitaldeasturias.com\/magazine365\/roma-en-el-espejo-ofrece-en-julio-un-programa-de-historia-musica-poesia-y-teatro\/#webpage"},"isPartOf":{"@id":"https:\/\/eldigitaldeasturias.com\/magazine365\/roma-en-el-espejo-ofrece-en-julio-un-programa-de-historia-musica-poesia-y-teatro\/#webpage"},"articleSection":"Noticias y Actualidad"},{"@type":"BreadcrumbList","@id":"https:\/\/eldigitaldeasturias.com\/magazine365\/roma-en-el-espejo-ofrece-en-julio-un-programa-de-historia-musica-poesia-y-teatro\/#breadcrumblist","itemListElement":[{"@type":"ListItem","@id":"https:\/\/eldigitaldeasturias.com\/magazine365#listItem","position":1,"name":"Home","item":"https:\/\/eldigitaldeasturias.com\/magazine365","nextItem":{"@type":"ListItem","@id":"https:\/\/eldigitaldeasturias.com\/magazine365\/category\/noticias-actualidad\/#listItem","name":"Noticias y Actualidad"}},{"@type":"ListItem","@id":"https:\/\/eldigitaldeasturias.com\/magazine365\/category\/noticias-actualidad\/#listItem","position":2,"name":"Noticias y Actualidad","item":"https:\/\/eldigitaldeasturias.com\/magazine365\/category\/noticias-actualidad\/","nextItem":{"@type":"ListItem","@id":"https:\/\/eldigitaldeasturias.com\/magazine365\/roma-en-el-espejo-ofrece-en-julio-un-programa-de-historia-musica-poesia-y-teatro\/#listItem","name":"&#8216;Roma en el espejo&#8217; ofrece en julio un programa de historia, m\u00fasica, poes\u00eda y teatro"},"previousItem":{"@type":"ListItem","@id":"https:\/\/eldigitaldeasturias.com\/magazine365#listItem","name":"Home"}},{"@type":"ListItem","@id":"https:\/\/eldigitaldeasturias.com\/magazine365\/roma-en-el-espejo-ofrece-en-julio-un-programa-de-historia-musica-poesia-y-teatro\/#listItem","position":3,"name":"&#8216;Roma en el espejo&#8217; ofrece en julio un programa de historia, m\u00fasica, poes\u00eda y teatro","previousItem":{"@type":"ListItem","@id":"https:\/\/eldigitaldeasturias.com\/magazine365\/category\/noticias-actualidad\/#listItem","name":"Noticias y Actualidad"}}]},{"@type":"Organization","@id":"https:\/\/eldigitaldeasturias.com\/magazine365\/#organization","name":"El digital de Asturias","description":"Revista de ocio, turismo y estilo de vida","url":"https:\/\/eldigitaldeasturias.com\/magazine365\/","logo":{"@type":"ImageObject","url":"https:\/\/www.eldigitaldeasturias.com\/noticias\/wp-content\/uploads\/2020\/12\/EDA.jpg","@id":"https:\/\/eldigitaldeasturias.com\/magazine365\/roma-en-el-espejo-ofrece-en-julio-un-programa-de-historia-musica-poesia-y-teatro\/#organizationLogo"},"image":{"@id":"https:\/\/eldigitaldeasturias.com\/magazine365\/roma-en-el-espejo-ofrece-en-julio-un-programa-de-historia-musica-poesia-y-teatro\/#organizationLogo"}},{"@type":"Person","@id":"https:\/\/eldigitaldeasturias.com\/magazine365\/author\/admin\/#author","url":"https:\/\/eldigitaldeasturias.com\/magazine365\/author\/admin\/","name":"admin","image":{"@type":"ImageObject","@id":"https:\/\/eldigitaldeasturias.com\/magazine365\/roma-en-el-espejo-ofrece-en-julio-un-programa-de-historia-musica-poesia-y-teatro\/#authorImage","url":"https:\/\/eldigitaldeasturias.com\/magazine365\/wp-content\/litespeed\/avatar\/e571bcf59a0edd6fa6838245a470f2fe.jpg?ver=1776969259","width":96,"height":96,"caption":"admin"}},{"@type":"WebPage","@id":"https:\/\/eldigitaldeasturias.com\/magazine365\/roma-en-el-espejo-ofrece-en-julio-un-programa-de-historia-musica-poesia-y-teatro\/#webpage","url":"https:\/\/eldigitaldeasturias.com\/magazine365\/roma-en-el-espejo-ofrece-en-julio-un-programa-de-historia-musica-poesia-y-teatro\/","name":"\u2018Roma en el espejo\u2019 ofrece en julio un programa de historia, m\u00fasica, poes\u00eda y teatro | El Digital de Asturias","description":"La Concejal de Cultura, Patrimonio y Turismo, Margarita Torres, ha presentado hoy 'Roma en el espejo (Subterr\u00e1neo de cultura), un certamen a lo largo del mes de julio ofrecer\u00e1 espect\u00e1culos en vivo en el marco de los restos del anfiteatro romano, en la Cripta de Cascaler\u00eda. Margarita Torres ha destacado que el objetivo de esta","inLanguage":"es-ES","isPartOf":{"@id":"https:\/\/eldigitaldeasturias.com\/magazine365\/#website"},"breadcrumb":{"@id":"https:\/\/eldigitaldeasturias.com\/magazine365\/roma-en-el-espejo-ofrece-en-julio-un-programa-de-historia-musica-poesia-y-teatro\/#breadcrumblist"},"author":{"@id":"https:\/\/eldigitaldeasturias.com\/magazine365\/author\/admin\/#author"},"creator":{"@id":"https:\/\/eldigitaldeasturias.com\/magazine365\/author\/admin\/#author"},"image":{"@type":"ImageObject","url":"https:\/\/eldigitaldeasturias.com\/magazine365\/wp-content\/uploads\/2016\/06\/fotonoticia_20160630153204_800.jpg","@id":"https:\/\/eldigitaldeasturias.com\/magazine365\/roma-en-el-espejo-ofrece-en-julio-un-programa-de-historia-musica-poesia-y-teatro\/#mainImage","width":800,"height":533},"primaryImageOfPage":{"@id":"https:\/\/eldigitaldeasturias.com\/magazine365\/roma-en-el-espejo-ofrece-en-julio-un-programa-de-historia-musica-poesia-y-teatro\/#mainImage"},"datePublished":"2016-06-30T18:35:13+02:00","dateModified":"2016-06-30T18:35:13+02:00"},{"@type":"WebSite","@id":"https:\/\/eldigitaldeasturias.com\/magazine365\/#website","url":"https:\/\/eldigitaldeasturias.com\/magazine365\/","name":"El Digital de Asturias","description":"Revista de ocio, turismo y estilo de vida","inLanguage":"es-ES","publisher":{"@id":"https:\/\/eldigitaldeasturias.com\/magazine365\/#organization"}}]},"og:locale":"es_ES","og:site_name":"El Digital de Asturias \u2013 Revista de ocio, turismo y estilo de vida","og:type":"article","og:title":"\u2018Roma en el espejo\u2019 ofrece en julio un programa de historia, m\u00fasica, poes\u00eda y teatro | El Digital de Asturias","og:description":"La Concejal de Cultura, Patrimonio y Turismo, Margarita Torres, ha presentado hoy 'Roma en el espejo (Subterr\u00e1neo de cultura), un certamen a lo largo del mes de julio ofrecer\u00e1 espect\u00e1culos en vivo en el marco de los restos del anfiteatro romano, en la Cripta de Cascaler\u00eda. Margarita Torres ha destacado que el objetivo de esta","og:url":"https:\/\/eldigitaldeasturias.com\/magazine365\/roma-en-el-espejo-ofrece-en-julio-un-programa-de-historia-musica-poesia-y-teatro\/","og:image":"https:\/\/eldigitaldeasturias.com\/magazine365\/wp-content\/uploads\/2016\/06\/fotonoticia_20160630153204_800.jpg","og:image:secure_url":"https:\/\/eldigitaldeasturias.com\/magazine365\/wp-content\/uploads\/2016\/06\/fotonoticia_20160630153204_800.jpg","og:image:width":800,"og:image:height":533,"article:published_time":"2016-06-30T16:35:13+00:00","article:modified_time":"2016-06-30T16:35:13+00:00","twitter:card":"summary_large_image","twitter:title":"\u2018Roma en el espejo\u2019 ofrece en julio un programa de historia, m\u00fasica, poes\u00eda y teatro | El Digital de Asturias","twitter:description":"La Concejal de Cultura, Patrimonio y Turismo, Margarita Torres, ha presentado hoy 'Roma en el espejo (Subterr\u00e1neo de cultura), un certamen a lo largo del mes de julio ofrecer\u00e1 espect\u00e1culos en vivo en el marco de los restos del anfiteatro romano, en la Cripta de Cascaler\u00eda. Margarita Torres ha destacado que el objetivo de esta","twitter:image":"https:\/\/eldigitaldeasturias.com\/magazine365\/wp-content\/uploads\/2016\/06\/fotonoticia_20160630153204_800.jpg"},"aioseo_meta_data":{"post_id":"81285","title":null,"description":null,"keywords":null,"keyphrases":null,"primary_term":null,"canonical_url":null,"og_title":null,"og_description":null,"og_object_type":"default","og_image_type":"default","og_image_url":null,"og_image_width":null,"og_image_height":null,"og_image_custom_url":null,"og_image_custom_fields":null,"og_video":null,"og_custom_url":null,"og_article_section":null,"og_article_tags":null,"twitter_use_og":false,"twitter_card":"default","twitter_image_type":"default","twitter_image_url":null,"twitter_image_custom_url":null,"twitter_image_custom_fields":null,"twitter_title":null,"twitter_description":null,"schema":{"blockGraphs":[],"customGraphs":[],"default":{"data":{"Article":[],"Course":[],"Dataset":[],"FAQPage":[],"Movie":[],"Person":[],"Product":[],"ProductReview":[],"Car":[],"Recipe":[],"Service":[],"SoftwareApplication":[],"WebPage":[]},"graphName":"","isEnabled":true},"graphs":[],"defaultGraph":"","defaultPostTypeGraph":""},"schema_type":null,"schema_type_options":null,"pillar_content":false,"robots_default":true,"robots_noindex":false,"robots_noarchive":false,"robots_nosnippet":false,"robots_nofollow":false,"robots_noimageindex":false,"robots_noodp":false,"robots_notranslate":false,"robots_max_snippet":null,"robots_max_videopreview":null,"robots_max_imagepreview":"large","priority":null,"frequency":null,"location":null,"local_seo":null,"seo_analyzer_scan_date":"2025-09-27 22:35:00","breadcrumb_settings":null,"limit_modified_date":false,"open_ai":null,"ai":null,"created":"2021-03-08 17:19:40","updated":"2025-09-27 22:35:00"},"aioseo_breadcrumb":"<div class=\"aioseo-breadcrumbs\"><span class=\"aioseo-breadcrumb\">\n\t<a href=\"https:\/\/eldigitaldeasturias.com\/magazine365\" title=\"Home\">Home<\/a>\n<\/span><span class=\"aioseo-breadcrumb-separator\">\u2013<\/span><span class=\"aioseo-breadcrumb\">\n\t<a href=\"https:\/\/eldigitaldeasturias.com\/magazine365\/category\/noticias-actualidad\/\" title=\"Noticias y Actualidad\">Noticias y Actualidad<\/a>\n<\/span><span class=\"aioseo-breadcrumb-separator\">\u2013<\/span><span class=\"aioseo-breadcrumb\">\n\t<a href=\"https:\/\/eldigitaldeasturias.com\/magazine365\/roma-en-el-espejo-ofrece-en-julio-un-programa-de-historia-musica-poesia-y-teatro\/\" title=\"\u2018Roma en el espejo\u2019 ofrece en julio un programa de historia, m\u00fasica, poes\u00eda y teatro\">\u2018Roma en el espejo\u2019 ofrece en julio un programa de historia, m\u00fasica, poes\u00eda y teatro<\/a>\n<\/span><\/div>","aioseo_breadcrumb_json":[{"label":"Home","link":"https:\/\/eldigitaldeasturias.com\/magazine365"},{"label":"Noticias y Actualidad","link":"https:\/\/eldigitaldeasturias.com\/magazine365\/category\/noticias-actualidad\/"},{"label":"&#8216;Roma en el espejo&#8217; ofrece en julio un programa de historia, m\u00fasica, poes\u00eda y teatro","link":"https:\/\/eldigitaldeasturias.com\/magazine365\/roma-en-el-espejo-ofrece-en-julio-un-programa-de-historia-musica-poesia-y-teatro\/"}],"_links":{"self":[{"href":"https:\/\/eldigitaldeasturias.com\/magazine365\/wp-json\/wp\/v2\/posts\/81285","targetHints":{"allow":["GET"]}}],"collection":[{"href":"https:\/\/eldigitaldeasturias.com\/magazine365\/wp-json\/wp\/v2\/posts"}],"about":[{"href":"https:\/\/eldigitaldeasturias.com\/magazine365\/wp-json\/wp\/v2\/types\/post"}],"author":[{"embeddable":true,"href":"https:\/\/eldigitaldeasturias.com\/magazine365\/wp-json\/wp\/v2\/users\/1"}],"replies":[{"embeddable":true,"href":"https:\/\/eldigitaldeasturias.com\/magazine365\/wp-json\/wp\/v2\/comments?post=81285"}],"version-history":[{"count":0,"href":"https:\/\/eldigitaldeasturias.com\/magazine365\/wp-json\/wp\/v2\/posts\/81285\/revisions"}],"wp:featuredmedia":[{"embeddable":true,"href":"https:\/\/eldigitaldeasturias.com\/magazine365\/wp-json\/wp\/v2\/media\/81286"}],"wp:attachment":[{"href":"https:\/\/eldigitaldeasturias.com\/magazine365\/wp-json\/wp\/v2\/media?parent=81285"}],"wp:term":[{"taxonomy":"category","embeddable":true,"href":"https:\/\/eldigitaldeasturias.com\/magazine365\/wp-json\/wp\/v2\/categories?post=81285"},{"taxonomy":"post_tag","embeddable":true,"href":"https:\/\/eldigitaldeasturias.com\/magazine365\/wp-json\/wp\/v2\/tags?post=81285"}],"curies":[{"name":"wp","href":"https:\/\/api.w.org\/{rel}","templated":true}]}}