{"id":81266,"date":"2016-06-30T16:14:45","date_gmt":"2016-06-30T14:14:45","guid":{"rendered":"http:\/\/eldigitaldeasturias.com\/magazine365\/?p=81266"},"modified":"2016-06-30T16:14:45","modified_gmt":"2016-06-30T14:14:45","slug":"lufthansa-ofrecera-internet-de-banda-ancha-a-bordo-en-vuelos-de-corta-y-media-distancia","status":"publish","type":"post","link":"https:\/\/eldigitaldeasturias.com\/magazine365\/lufthansa-ofrecera-internet-de-banda-ancha-a-bordo-en-vuelos-de-corta-y-media-distancia\/","title":{"rendered":"Lufthansa ofrecer\u00e1 Internet de banda ancha a bordo en vuelos de corta y media distancia"},"content":{"rendered":"<p><img fetchpriority=\"high\" decoding=\"async\" class=\"alignleft size-medium wp-image-81267\" src=\"https:\/\/eldigitaldeasturias.com\/magazine365\/wp-content\/uploads\/2016\/06\/fotonoticia_20160630141053_800-360x239.jpg\" alt=\"fotonoticia_20160630141053_800\" width=\"360\" height=\"239\" srcset=\"https:\/\/eldigitaldeasturias.com\/magazine365\/wp-content\/uploads\/2016\/06\/fotonoticia_20160630141053_800-360x239.jpg 360w, https:\/\/eldigitaldeasturias.com\/magazine365\/wp-content\/uploads\/2016\/06\/fotonoticia_20160630141053_800-650x431.jpg 650w, https:\/\/eldigitaldeasturias.com\/magazine365\/wp-content\/uploads\/2016\/06\/fotonoticia_20160630141053_800-768x510.jpg 768w, https:\/\/eldigitaldeasturias.com\/magazine365\/wp-content\/uploads\/2016\/06\/fotonoticia_20160630141053_800-150x100.jpg 150w, https:\/\/eldigitaldeasturias.com\/magazine365\/wp-content\/uploads\/2016\/06\/fotonoticia_20160630141053_800-450x299.jpg 450w, https:\/\/eldigitaldeasturias.com\/magazine365\/wp-content\/uploads\/2016\/06\/fotonoticia_20160630141053_800-121x79.jpg 121w, https:\/\/eldigitaldeasturias.com\/magazine365\/wp-content\/uploads\/2016\/06\/fotonoticia_20160630141053_800-101x66.jpg 101w, https:\/\/eldigitaldeasturias.com\/magazine365\/wp-content\/uploads\/2016\/06\/fotonoticia_20160630141053_800.jpg 800w\" sizes=\"(max-width: 360px) 100vw, 360px\" \/>Los pasajeros de Lufthansa podr\u00e1n disponer a partir del pr\u00f3ximo mes de octubre de Internet de banda ancha a bordo en vuelos de corta y media distancia, seg\u00fan inform\u00f3 la aerol\u00ednea este jueves en un comunicado.<\/p>\n<p>La primera aeronave ha sido equipada en junio y en las pr\u00f3ximas semanas se pondr\u00e1 a prueba el sistema de a bordo para comprobar la funcionalidad y la estabilidad.<\/p>\n<p>La aerol\u00ednea germana prev\u00e9 que toda su flota de la familia de aviones Airbus A320 disponga de esta tecnolog\u00eda a mediados de 2018. M\u00e1s adelante tambi\u00e9n se implementar\u00e1 en otras aerol\u00edneas del Grupo Lufthansa.<\/p>\n<p>El futuro servicio de Lufthansa y su socio tecnol\u00f3gico Inmarsat est\u00e1 basado en la \u00faltima tecnolog\u00eda de banda ancha por sat\u00e9lite (banda Ka) y ofrece una cobertura perfecta y fiable en vuelos de corta y media distancia, gracias a la red Global Xpress de Inmarsat.<\/p>\n<p>Los pasajeros podr\u00e1n acceder a Internet con sus propios dispositivos m\u00f3viles a trav\u00e9s de WiFi. Adem\u00e1s de la navegaci\u00f3n b\u00e1sica y de correo electr\u00f3nico, se ofrecer\u00e1n aplicaciones m\u00e1s sofisticadas, incluyendo la transmisi\u00f3n de v\u00eddeo. Dentro de un tiempo, los pasajeros tambi\u00e9n podr\u00e1n usar sus tel\u00e9fonos m\u00f3viles para enviar SMS y realizar transferencias de datos a trav\u00e9s de sus propias cuentas.<\/p>\n<h2 class=\"ladillo\">CERTIFICADO ESPECIAL PARA LOS A320<\/h2>\n<p>Lufthansa Technik ha sido la primera empresa de MRO (mantenimiento, reparaciones y operaciones) de Europa que ha recibido un certificado de tipo suplementario (STC, por sus siglas en ingl\u00e9s) por parte de EASA (Agencia Europea de Seguridad A\u00e9rea), para instalar una antena de banda Ka en la familia de aviones A320, es decir, en los modelos A319, A320 y A321.<\/p>\n<p>Lufthansa llev\u00f3 a cabo el primer vuelo programado con acceso a Internet de banda ancha el 15 de enero de 2003. A pesar de la creciente popularidad que hab\u00eda adquirido entre los pasajeros, este servicio t\u00e9cnicamente fiable tuvo que ser interrumpido en 2006 despu\u00e9s de que los sat\u00e9lites de Boeing cesaran sus operaciones comerciales.<\/p>\n<p>Desde junio de 2015, el servicio FlyNet est\u00e1 disponible en los 107 aviones de larga distancia. De hecho, Lufthansa opera la mayor flota de larga distancia con conexi\u00f3n a Internet en el mundo.<\/p>\n","protected":false},"excerpt":{"rendered":"<p>Los pasajeros de Lufthansa podr\u00e1n disponer a partir del pr\u00f3ximo mes de octubre de Internet de banda ancha a bordo en vuelos de corta y media distancia, seg\u00fan inform\u00f3 la aerol\u00ednea este jueves en un comunicado. La primera aeronave ha sido equipada en junio y en las pr\u00f3ximas semanas se pondr\u00e1 a prueba el sistema<\/p>\n","protected":false},"author":1,"featured_media":81267,"comment_status":"open","ping_status":"closed","sticky":false,"template":"","format":"standard","meta":{"footnotes":""},"categories":[224],"tags":[],"class_list":{"0":"post-81266","1":"post","2":"type-post","3":"status-publish","4":"format-standard","5":"has-post-thumbnail","7":"category-noticias-actualidad"},"aioseo_notices":[],"aioseo_head":"\n\t\t<!-- All in One SEO Pro 4.9.6.1 - aioseo.com -->\n\t<meta name=\"description\" content=\"Los pasajeros de Lufthansa podr\u00e1n disponer a partir del pr\u00f3ximo mes de octubre de Internet de banda ancha a bordo en vuelos de corta y media distancia, seg\u00fan inform\u00f3 la aerol\u00ednea este jueves en un comunicado. La primera aeronave ha sido equipada en junio y en las pr\u00f3ximas semanas se pondr\u00e1 a prueba el sistema\" \/>\n\t<meta name=\"robots\" content=\"max-image-preview:large\" \/>\n\t<meta name=\"author\" content=\"admin\"\/>\n\t<meta name=\"google-site-verification\" content=\"UA-38556648-1\" \/>\n\t<meta name=\"keywords\" content=\"noticias y actualidad\" \/>\n\t<link rel=\"canonical\" href=\"https:\/\/eldigitaldeasturias.com\/magazine365\/lufthansa-ofrecera-internet-de-banda-ancha-a-bordo-en-vuelos-de-corta-y-media-distancia\/\" \/>\n\t<meta name=\"generator\" content=\"All in One SEO Pro (AIOSEO) 4.9.6.1\" \/>\n\t\t<meta property=\"og:locale\" content=\"es_ES\" \/>\n\t\t<meta property=\"og:site_name\" content=\"El Digital de Asturias \u2013 Revista de ocio, turismo y estilo de vida\" \/>\n\t\t<meta property=\"og:type\" content=\"article\" \/>\n\t\t<meta property=\"og:title\" content=\"Lufthansa ofrecer\u00e1 Internet de banda ancha a bordo en vuelos de corta y media distancia | El Digital de Asturias\" \/>\n\t\t<meta property=\"og:description\" content=\"Los pasajeros de Lufthansa podr\u00e1n disponer a partir del pr\u00f3ximo mes de octubre de Internet de banda ancha a bordo en vuelos de corta y media distancia, seg\u00fan inform\u00f3 la aerol\u00ednea este jueves en un comunicado. La primera aeronave ha sido equipada en junio y en las pr\u00f3ximas semanas se pondr\u00e1 a prueba el sistema\" \/>\n\t\t<meta property=\"og:url\" content=\"https:\/\/eldigitaldeasturias.com\/magazine365\/lufthansa-ofrecera-internet-de-banda-ancha-a-bordo-en-vuelos-de-corta-y-media-distancia\/\" \/>\n\t\t<meta property=\"og:image\" content=\"https:\/\/eldigitaldeasturias.com\/magazine365\/wp-content\/uploads\/2016\/06\/fotonoticia_20160630141053_800.jpg\" \/>\n\t\t<meta property=\"og:image:secure_url\" content=\"https:\/\/eldigitaldeasturias.com\/magazine365\/wp-content\/uploads\/2016\/06\/fotonoticia_20160630141053_800.jpg\" \/>\n\t\t<meta property=\"og:image:width\" content=\"800\" \/>\n\t\t<meta property=\"og:image:height\" content=\"531\" \/>\n\t\t<meta property=\"article:published_time\" content=\"2016-06-30T14:14:45+00:00\" \/>\n\t\t<meta property=\"article:modified_time\" content=\"2016-06-30T14:14:45+00:00\" \/>\n\t\t<meta name=\"twitter:card\" content=\"summary_large_image\" \/>\n\t\t<meta name=\"twitter:title\" content=\"Lufthansa ofrecer\u00e1 Internet de banda ancha a bordo en vuelos de corta y media distancia | El Digital de Asturias\" \/>\n\t\t<meta name=\"twitter:description\" content=\"Los pasajeros de Lufthansa podr\u00e1n disponer a partir del pr\u00f3ximo mes de octubre de Internet de banda ancha a bordo en vuelos de corta y media distancia, seg\u00fan inform\u00f3 la aerol\u00ednea este jueves en un comunicado. La primera aeronave ha sido equipada en junio y en las pr\u00f3ximas semanas se pondr\u00e1 a prueba el sistema\" \/>\n\t\t<meta name=\"twitter:image\" content=\"https:\/\/eldigitaldeasturias.com\/magazine365\/wp-content\/uploads\/2016\/06\/fotonoticia_20160630141053_800.jpg\" \/>\n\t\t<script type=\"application\/ld+json\" class=\"aioseo-schema\">\n\t\t\t{\"@context\":\"https:\\\/\\\/schema.org\",\"@graph\":[{\"@type\":\"Article\",\"@id\":\"https:\\\/\\\/eldigitaldeasturias.com\\\/magazine365\\\/lufthansa-ofrecera-internet-de-banda-ancha-a-bordo-en-vuelos-de-corta-y-media-distancia\\\/#article\",\"name\":\"Lufthansa ofrecer\\u00e1 Internet de banda ancha a bordo en vuelos de corta y media distancia | El Digital de Asturias\",\"headline\":\"Lufthansa ofrecer\\u00e1 Internet de banda ancha a bordo en vuelos de corta y media distancia\",\"author\":{\"@id\":\"https:\\\/\\\/eldigitaldeasturias.com\\\/magazine365\\\/author\\\/admin\\\/#author\"},\"publisher\":{\"@id\":\"https:\\\/\\\/eldigitaldeasturias.com\\\/magazine365\\\/#organization\"},\"image\":{\"@type\":\"ImageObject\",\"url\":\"https:\\\/\\\/eldigitaldeasturias.com\\\/magazine365\\\/wp-content\\\/uploads\\\/2016\\\/06\\\/fotonoticia_20160630141053_800.jpg\",\"width\":800,\"height\":531},\"datePublished\":\"2016-06-30T16:14:45+02:00\",\"dateModified\":\"2016-06-30T16:14:45+02:00\",\"inLanguage\":\"es-ES\",\"mainEntityOfPage\":{\"@id\":\"https:\\\/\\\/eldigitaldeasturias.com\\\/magazine365\\\/lufthansa-ofrecera-internet-de-banda-ancha-a-bordo-en-vuelos-de-corta-y-media-distancia\\\/#webpage\"},\"isPartOf\":{\"@id\":\"https:\\\/\\\/eldigitaldeasturias.com\\\/magazine365\\\/lufthansa-ofrecera-internet-de-banda-ancha-a-bordo-en-vuelos-de-corta-y-media-distancia\\\/#webpage\"},\"articleSection\":\"Noticias y Actualidad\"},{\"@type\":\"BreadcrumbList\",\"@id\":\"https:\\\/\\\/eldigitaldeasturias.com\\\/magazine365\\\/lufthansa-ofrecera-internet-de-banda-ancha-a-bordo-en-vuelos-de-corta-y-media-distancia\\\/#breadcrumblist\",\"itemListElement\":[{\"@type\":\"ListItem\",\"@id\":\"https:\\\/\\\/eldigitaldeasturias.com\\\/magazine365#listItem\",\"position\":1,\"name\":\"Home\",\"item\":\"https:\\\/\\\/eldigitaldeasturias.com\\\/magazine365\",\"nextItem\":{\"@type\":\"ListItem\",\"@id\":\"https:\\\/\\\/eldigitaldeasturias.com\\\/magazine365\\\/category\\\/noticias-actualidad\\\/#listItem\",\"name\":\"Noticias y Actualidad\"}},{\"@type\":\"ListItem\",\"@id\":\"https:\\\/\\\/eldigitaldeasturias.com\\\/magazine365\\\/category\\\/noticias-actualidad\\\/#listItem\",\"position\":2,\"name\":\"Noticias y Actualidad\",\"item\":\"https:\\\/\\\/eldigitaldeasturias.com\\\/magazine365\\\/category\\\/noticias-actualidad\\\/\",\"nextItem\":{\"@type\":\"ListItem\",\"@id\":\"https:\\\/\\\/eldigitaldeasturias.com\\\/magazine365\\\/lufthansa-ofrecera-internet-de-banda-ancha-a-bordo-en-vuelos-de-corta-y-media-distancia\\\/#listItem\",\"name\":\"Lufthansa ofrecer\\u00e1 Internet de banda ancha a bordo en vuelos de corta y media distancia\"},\"previousItem\":{\"@type\":\"ListItem\",\"@id\":\"https:\\\/\\\/eldigitaldeasturias.com\\\/magazine365#listItem\",\"name\":\"Home\"}},{\"@type\":\"ListItem\",\"@id\":\"https:\\\/\\\/eldigitaldeasturias.com\\\/magazine365\\\/lufthansa-ofrecera-internet-de-banda-ancha-a-bordo-en-vuelos-de-corta-y-media-distancia\\\/#listItem\",\"position\":3,\"name\":\"Lufthansa ofrecer\\u00e1 Internet de banda ancha a bordo en vuelos de corta y media distancia\",\"previousItem\":{\"@type\":\"ListItem\",\"@id\":\"https:\\\/\\\/eldigitaldeasturias.com\\\/magazine365\\\/category\\\/noticias-actualidad\\\/#listItem\",\"name\":\"Noticias y Actualidad\"}}]},{\"@type\":\"Organization\",\"@id\":\"https:\\\/\\\/eldigitaldeasturias.com\\\/magazine365\\\/#organization\",\"name\":\"El digital de Asturias\",\"description\":\"Revista de ocio, turismo y estilo de vida\",\"url\":\"https:\\\/\\\/eldigitaldeasturias.com\\\/magazine365\\\/\",\"logo\":{\"@type\":\"ImageObject\",\"url\":\"https:\\\/\\\/www.eldigitaldeasturias.com\\\/noticias\\\/wp-content\\\/uploads\\\/2020\\\/12\\\/EDA.jpg\",\"@id\":\"https:\\\/\\\/eldigitaldeasturias.com\\\/magazine365\\\/lufthansa-ofrecera-internet-de-banda-ancha-a-bordo-en-vuelos-de-corta-y-media-distancia\\\/#organizationLogo\"},\"image\":{\"@id\":\"https:\\\/\\\/eldigitaldeasturias.com\\\/magazine365\\\/lufthansa-ofrecera-internet-de-banda-ancha-a-bordo-en-vuelos-de-corta-y-media-distancia\\\/#organizationLogo\"}},{\"@type\":\"Person\",\"@id\":\"https:\\\/\\\/eldigitaldeasturias.com\\\/magazine365\\\/author\\\/admin\\\/#author\",\"url\":\"https:\\\/\\\/eldigitaldeasturias.com\\\/magazine365\\\/author\\\/admin\\\/\",\"name\":\"admin\",\"image\":{\"@type\":\"ImageObject\",\"@id\":\"https:\\\/\\\/eldigitaldeasturias.com\\\/magazine365\\\/lufthansa-ofrecera-internet-de-banda-ancha-a-bordo-en-vuelos-de-corta-y-media-distancia\\\/#authorImage\",\"url\":\"https:\\\/\\\/eldigitaldeasturias.com\\\/magazine365\\\/wp-content\\\/litespeed\\\/avatar\\\/e571bcf59a0edd6fa6838245a470f2fe.jpg?ver=1776969259\",\"width\":96,\"height\":96,\"caption\":\"admin\"}},{\"@type\":\"WebPage\",\"@id\":\"https:\\\/\\\/eldigitaldeasturias.com\\\/magazine365\\\/lufthansa-ofrecera-internet-de-banda-ancha-a-bordo-en-vuelos-de-corta-y-media-distancia\\\/#webpage\",\"url\":\"https:\\\/\\\/eldigitaldeasturias.com\\\/magazine365\\\/lufthansa-ofrecera-internet-de-banda-ancha-a-bordo-en-vuelos-de-corta-y-media-distancia\\\/\",\"name\":\"Lufthansa ofrecer\\u00e1 Internet de banda ancha a bordo en vuelos de corta y media distancia | El Digital de Asturias\",\"description\":\"Los pasajeros de Lufthansa podr\\u00e1n disponer a partir del pr\\u00f3ximo mes de octubre de Internet de banda ancha a bordo en vuelos de corta y media distancia, seg\\u00fan inform\\u00f3 la aerol\\u00ednea este jueves en un comunicado. La primera aeronave ha sido equipada en junio y en las pr\\u00f3ximas semanas se pondr\\u00e1 a prueba el sistema\",\"inLanguage\":\"es-ES\",\"isPartOf\":{\"@id\":\"https:\\\/\\\/eldigitaldeasturias.com\\\/magazine365\\\/#website\"},\"breadcrumb\":{\"@id\":\"https:\\\/\\\/eldigitaldeasturias.com\\\/magazine365\\\/lufthansa-ofrecera-internet-de-banda-ancha-a-bordo-en-vuelos-de-corta-y-media-distancia\\\/#breadcrumblist\"},\"author\":{\"@id\":\"https:\\\/\\\/eldigitaldeasturias.com\\\/magazine365\\\/author\\\/admin\\\/#author\"},\"creator\":{\"@id\":\"https:\\\/\\\/eldigitaldeasturias.com\\\/magazine365\\\/author\\\/admin\\\/#author\"},\"image\":{\"@type\":\"ImageObject\",\"url\":\"https:\\\/\\\/eldigitaldeasturias.com\\\/magazine365\\\/wp-content\\\/uploads\\\/2016\\\/06\\\/fotonoticia_20160630141053_800.jpg\",\"@id\":\"https:\\\/\\\/eldigitaldeasturias.com\\\/magazine365\\\/lufthansa-ofrecera-internet-de-banda-ancha-a-bordo-en-vuelos-de-corta-y-media-distancia\\\/#mainImage\",\"width\":800,\"height\":531},\"primaryImageOfPage\":{\"@id\":\"https:\\\/\\\/eldigitaldeasturias.com\\\/magazine365\\\/lufthansa-ofrecera-internet-de-banda-ancha-a-bordo-en-vuelos-de-corta-y-media-distancia\\\/#mainImage\"},\"datePublished\":\"2016-06-30T16:14:45+02:00\",\"dateModified\":\"2016-06-30T16:14:45+02:00\"},{\"@type\":\"WebSite\",\"@id\":\"https:\\\/\\\/eldigitaldeasturias.com\\\/magazine365\\\/#website\",\"url\":\"https:\\\/\\\/eldigitaldeasturias.com\\\/magazine365\\\/\",\"name\":\"El Digital de Asturias\",\"description\":\"Revista de ocio, turismo y estilo de vida\",\"inLanguage\":\"es-ES\",\"publisher\":{\"@id\":\"https:\\\/\\\/eldigitaldeasturias.com\\\/magazine365\\\/#organization\"}}]}\n\t\t<\/script>\n\t\t<!-- All in One SEO Pro -->\r\n\t\t<title>Lufthansa ofrecer\u00e1 Internet de banda ancha a bordo en vuelos de corta y media distancia | El Digital de Asturias<\/title>\n\n","aioseo_head_json":{"title":"Lufthansa ofrecer\u00e1 Internet de banda ancha a bordo en vuelos de corta y media distancia | El Digital de Asturias","description":"Los pasajeros de Lufthansa podr\u00e1n disponer a partir del pr\u00f3ximo mes de octubre de Internet de banda ancha a bordo en vuelos de corta y media distancia, seg\u00fan inform\u00f3 la aerol\u00ednea este jueves en un comunicado. La primera aeronave ha sido equipada en junio y en las pr\u00f3ximas semanas se pondr\u00e1 a prueba el sistema","canonical_url":"https:\/\/eldigitaldeasturias.com\/magazine365\/lufthansa-ofrecera-internet-de-banda-ancha-a-bordo-en-vuelos-de-corta-y-media-distancia\/","robots":"max-image-preview:large","keywords":"noticias y actualidad","webmasterTools":{"google-site-verification":"UA-38556648-1","miscellaneous":""},"schema":{"@context":"https:\/\/schema.org","@graph":[{"@type":"Article","@id":"https:\/\/eldigitaldeasturias.com\/magazine365\/lufthansa-ofrecera-internet-de-banda-ancha-a-bordo-en-vuelos-de-corta-y-media-distancia\/#article","name":"Lufthansa ofrecer\u00e1 Internet de banda ancha a bordo en vuelos de corta y media distancia | El Digital de Asturias","headline":"Lufthansa ofrecer\u00e1 Internet de banda ancha a bordo en vuelos de corta y media distancia","author":{"@id":"https:\/\/eldigitaldeasturias.com\/magazine365\/author\/admin\/#author"},"publisher":{"@id":"https:\/\/eldigitaldeasturias.com\/magazine365\/#organization"},"image":{"@type":"ImageObject","url":"https:\/\/eldigitaldeasturias.com\/magazine365\/wp-content\/uploads\/2016\/06\/fotonoticia_20160630141053_800.jpg","width":800,"height":531},"datePublished":"2016-06-30T16:14:45+02:00","dateModified":"2016-06-30T16:14:45+02:00","inLanguage":"es-ES","mainEntityOfPage":{"@id":"https:\/\/eldigitaldeasturias.com\/magazine365\/lufthansa-ofrecera-internet-de-banda-ancha-a-bordo-en-vuelos-de-corta-y-media-distancia\/#webpage"},"isPartOf":{"@id":"https:\/\/eldigitaldeasturias.com\/magazine365\/lufthansa-ofrecera-internet-de-banda-ancha-a-bordo-en-vuelos-de-corta-y-media-distancia\/#webpage"},"articleSection":"Noticias y Actualidad"},{"@type":"BreadcrumbList","@id":"https:\/\/eldigitaldeasturias.com\/magazine365\/lufthansa-ofrecera-internet-de-banda-ancha-a-bordo-en-vuelos-de-corta-y-media-distancia\/#breadcrumblist","itemListElement":[{"@type":"ListItem","@id":"https:\/\/eldigitaldeasturias.com\/magazine365#listItem","position":1,"name":"Home","item":"https:\/\/eldigitaldeasturias.com\/magazine365","nextItem":{"@type":"ListItem","@id":"https:\/\/eldigitaldeasturias.com\/magazine365\/category\/noticias-actualidad\/#listItem","name":"Noticias y Actualidad"}},{"@type":"ListItem","@id":"https:\/\/eldigitaldeasturias.com\/magazine365\/category\/noticias-actualidad\/#listItem","position":2,"name":"Noticias y Actualidad","item":"https:\/\/eldigitaldeasturias.com\/magazine365\/category\/noticias-actualidad\/","nextItem":{"@type":"ListItem","@id":"https:\/\/eldigitaldeasturias.com\/magazine365\/lufthansa-ofrecera-internet-de-banda-ancha-a-bordo-en-vuelos-de-corta-y-media-distancia\/#listItem","name":"Lufthansa ofrecer\u00e1 Internet de banda ancha a bordo en vuelos de corta y media distancia"},"previousItem":{"@type":"ListItem","@id":"https:\/\/eldigitaldeasturias.com\/magazine365#listItem","name":"Home"}},{"@type":"ListItem","@id":"https:\/\/eldigitaldeasturias.com\/magazine365\/lufthansa-ofrecera-internet-de-banda-ancha-a-bordo-en-vuelos-de-corta-y-media-distancia\/#listItem","position":3,"name":"Lufthansa ofrecer\u00e1 Internet de banda ancha a bordo en vuelos de corta y media distancia","previousItem":{"@type":"ListItem","@id":"https:\/\/eldigitaldeasturias.com\/magazine365\/category\/noticias-actualidad\/#listItem","name":"Noticias y Actualidad"}}]},{"@type":"Organization","@id":"https:\/\/eldigitaldeasturias.com\/magazine365\/#organization","name":"El digital de Asturias","description":"Revista de ocio, turismo y estilo de vida","url":"https:\/\/eldigitaldeasturias.com\/magazine365\/","logo":{"@type":"ImageObject","url":"https:\/\/www.eldigitaldeasturias.com\/noticias\/wp-content\/uploads\/2020\/12\/EDA.jpg","@id":"https:\/\/eldigitaldeasturias.com\/magazine365\/lufthansa-ofrecera-internet-de-banda-ancha-a-bordo-en-vuelos-de-corta-y-media-distancia\/#organizationLogo"},"image":{"@id":"https:\/\/eldigitaldeasturias.com\/magazine365\/lufthansa-ofrecera-internet-de-banda-ancha-a-bordo-en-vuelos-de-corta-y-media-distancia\/#organizationLogo"}},{"@type":"Person","@id":"https:\/\/eldigitaldeasturias.com\/magazine365\/author\/admin\/#author","url":"https:\/\/eldigitaldeasturias.com\/magazine365\/author\/admin\/","name":"admin","image":{"@type":"ImageObject","@id":"https:\/\/eldigitaldeasturias.com\/magazine365\/lufthansa-ofrecera-internet-de-banda-ancha-a-bordo-en-vuelos-de-corta-y-media-distancia\/#authorImage","url":"https:\/\/eldigitaldeasturias.com\/magazine365\/wp-content\/litespeed\/avatar\/e571bcf59a0edd6fa6838245a470f2fe.jpg?ver=1776969259","width":96,"height":96,"caption":"admin"}},{"@type":"WebPage","@id":"https:\/\/eldigitaldeasturias.com\/magazine365\/lufthansa-ofrecera-internet-de-banda-ancha-a-bordo-en-vuelos-de-corta-y-media-distancia\/#webpage","url":"https:\/\/eldigitaldeasturias.com\/magazine365\/lufthansa-ofrecera-internet-de-banda-ancha-a-bordo-en-vuelos-de-corta-y-media-distancia\/","name":"Lufthansa ofrecer\u00e1 Internet de banda ancha a bordo en vuelos de corta y media distancia | El Digital de Asturias","description":"Los pasajeros de Lufthansa podr\u00e1n disponer a partir del pr\u00f3ximo mes de octubre de Internet de banda ancha a bordo en vuelos de corta y media distancia, seg\u00fan inform\u00f3 la aerol\u00ednea este jueves en un comunicado. La primera aeronave ha sido equipada en junio y en las pr\u00f3ximas semanas se pondr\u00e1 a prueba el sistema","inLanguage":"es-ES","isPartOf":{"@id":"https:\/\/eldigitaldeasturias.com\/magazine365\/#website"},"breadcrumb":{"@id":"https:\/\/eldigitaldeasturias.com\/magazine365\/lufthansa-ofrecera-internet-de-banda-ancha-a-bordo-en-vuelos-de-corta-y-media-distancia\/#breadcrumblist"},"author":{"@id":"https:\/\/eldigitaldeasturias.com\/magazine365\/author\/admin\/#author"},"creator":{"@id":"https:\/\/eldigitaldeasturias.com\/magazine365\/author\/admin\/#author"},"image":{"@type":"ImageObject","url":"https:\/\/eldigitaldeasturias.com\/magazine365\/wp-content\/uploads\/2016\/06\/fotonoticia_20160630141053_800.jpg","@id":"https:\/\/eldigitaldeasturias.com\/magazine365\/lufthansa-ofrecera-internet-de-banda-ancha-a-bordo-en-vuelos-de-corta-y-media-distancia\/#mainImage","width":800,"height":531},"primaryImageOfPage":{"@id":"https:\/\/eldigitaldeasturias.com\/magazine365\/lufthansa-ofrecera-internet-de-banda-ancha-a-bordo-en-vuelos-de-corta-y-media-distancia\/#mainImage"},"datePublished":"2016-06-30T16:14:45+02:00","dateModified":"2016-06-30T16:14:45+02:00"},{"@type":"WebSite","@id":"https:\/\/eldigitaldeasturias.com\/magazine365\/#website","url":"https:\/\/eldigitaldeasturias.com\/magazine365\/","name":"El Digital de Asturias","description":"Revista de ocio, turismo y estilo de vida","inLanguage":"es-ES","publisher":{"@id":"https:\/\/eldigitaldeasturias.com\/magazine365\/#organization"}}]},"og:locale":"es_ES","og:site_name":"El Digital de Asturias \u2013 Revista de ocio, turismo y estilo de vida","og:type":"article","og:title":"Lufthansa ofrecer\u00e1 Internet de banda ancha a bordo en vuelos de corta y media distancia | El Digital de Asturias","og:description":"Los pasajeros de Lufthansa podr\u00e1n disponer a partir del pr\u00f3ximo mes de octubre de Internet de banda ancha a bordo en vuelos de corta y media distancia, seg\u00fan inform\u00f3 la aerol\u00ednea este jueves en un comunicado. La primera aeronave ha sido equipada en junio y en las pr\u00f3ximas semanas se pondr\u00e1 a prueba el sistema","og:url":"https:\/\/eldigitaldeasturias.com\/magazine365\/lufthansa-ofrecera-internet-de-banda-ancha-a-bordo-en-vuelos-de-corta-y-media-distancia\/","og:image":"https:\/\/eldigitaldeasturias.com\/magazine365\/wp-content\/uploads\/2016\/06\/fotonoticia_20160630141053_800.jpg","og:image:secure_url":"https:\/\/eldigitaldeasturias.com\/magazine365\/wp-content\/uploads\/2016\/06\/fotonoticia_20160630141053_800.jpg","og:image:width":800,"og:image:height":531,"article:published_time":"2016-06-30T14:14:45+00:00","article:modified_time":"2016-06-30T14:14:45+00:00","twitter:card":"summary_large_image","twitter:title":"Lufthansa ofrecer\u00e1 Internet de banda ancha a bordo en vuelos de corta y media distancia | El Digital de Asturias","twitter:description":"Los pasajeros de Lufthansa podr\u00e1n disponer a partir del pr\u00f3ximo mes de octubre de Internet de banda ancha a bordo en vuelos de corta y media distancia, seg\u00fan inform\u00f3 la aerol\u00ednea este jueves en un comunicado. La primera aeronave ha sido equipada en junio y en las pr\u00f3ximas semanas se pondr\u00e1 a prueba el sistema","twitter:image":"https:\/\/eldigitaldeasturias.com\/magazine365\/wp-content\/uploads\/2016\/06\/fotonoticia_20160630141053_800.jpg"},"aioseo_meta_data":{"post_id":"81266","title":null,"description":null,"keywords":null,"keyphrases":null,"primary_term":null,"canonical_url":null,"og_title":null,"og_description":null,"og_object_type":"default","og_image_type":"default","og_image_url":null,"og_image_width":null,"og_image_height":null,"og_image_custom_url":null,"og_image_custom_fields":null,"og_video":null,"og_custom_url":null,"og_article_section":null,"og_article_tags":null,"twitter_use_og":false,"twitter_card":"default","twitter_image_type":"default","twitter_image_url":null,"twitter_image_custom_url":null,"twitter_image_custom_fields":null,"twitter_title":null,"twitter_description":null,"schema":{"blockGraphs":[],"customGraphs":[],"default":{"data":{"Article":[],"Course":[],"Dataset":[],"FAQPage":[],"Movie":[],"Person":[],"Product":[],"ProductReview":[],"Car":[],"Recipe":[],"Service":[],"SoftwareApplication":[],"WebPage":[]},"graphName":"","isEnabled":true},"graphs":[],"defaultGraph":"","defaultPostTypeGraph":""},"schema_type":null,"schema_type_options":null,"pillar_content":false,"robots_default":true,"robots_noindex":false,"robots_noarchive":false,"robots_nosnippet":false,"robots_nofollow":false,"robots_noimageindex":false,"robots_noodp":false,"robots_notranslate":false,"robots_max_snippet":null,"robots_max_videopreview":null,"robots_max_imagepreview":"large","priority":null,"frequency":null,"location":null,"local_seo":null,"seo_analyzer_scan_date":"2025-09-27 22:33:45","breadcrumb_settings":null,"limit_modified_date":false,"open_ai":null,"ai":null,"created":"2021-03-08 17:19:40","updated":"2025-09-27 22:33:45"},"aioseo_breadcrumb":"<div class=\"aioseo-breadcrumbs\"><span class=\"aioseo-breadcrumb\">\n\t<a href=\"https:\/\/eldigitaldeasturias.com\/magazine365\" title=\"Home\">Home<\/a>\n<\/span><span class=\"aioseo-breadcrumb-separator\">\u2013<\/span><span class=\"aioseo-breadcrumb\">\n\t<a href=\"https:\/\/eldigitaldeasturias.com\/magazine365\/category\/noticias-actualidad\/\" title=\"Noticias y Actualidad\">Noticias y Actualidad<\/a>\n<\/span><span class=\"aioseo-breadcrumb-separator\">\u2013<\/span><span class=\"aioseo-breadcrumb\">\n\t<a href=\"https:\/\/eldigitaldeasturias.com\/magazine365\/lufthansa-ofrecera-internet-de-banda-ancha-a-bordo-en-vuelos-de-corta-y-media-distancia\/\" title=\"Lufthansa ofrecer\u00e1 Internet de banda ancha a bordo en vuelos de corta y media distancia\">Lufthansa ofrecer\u00e1 Internet de banda ancha a bordo en vuelos de corta y media distancia<\/a>\n<\/span><\/div>","aioseo_breadcrumb_json":[{"label":"Home","link":"https:\/\/eldigitaldeasturias.com\/magazine365"},{"label":"Noticias y Actualidad","link":"https:\/\/eldigitaldeasturias.com\/magazine365\/category\/noticias-actualidad\/"},{"label":"Lufthansa ofrecer\u00e1 Internet de banda ancha a bordo en vuelos de corta y media distancia","link":"https:\/\/eldigitaldeasturias.com\/magazine365\/lufthansa-ofrecera-internet-de-banda-ancha-a-bordo-en-vuelos-de-corta-y-media-distancia\/"}],"_links":{"self":[{"href":"https:\/\/eldigitaldeasturias.com\/magazine365\/wp-json\/wp\/v2\/posts\/81266","targetHints":{"allow":["GET"]}}],"collection":[{"href":"https:\/\/eldigitaldeasturias.com\/magazine365\/wp-json\/wp\/v2\/posts"}],"about":[{"href":"https:\/\/eldigitaldeasturias.com\/magazine365\/wp-json\/wp\/v2\/types\/post"}],"author":[{"embeddable":true,"href":"https:\/\/eldigitaldeasturias.com\/magazine365\/wp-json\/wp\/v2\/users\/1"}],"replies":[{"embeddable":true,"href":"https:\/\/eldigitaldeasturias.com\/magazine365\/wp-json\/wp\/v2\/comments?post=81266"}],"version-history":[{"count":0,"href":"https:\/\/eldigitaldeasturias.com\/magazine365\/wp-json\/wp\/v2\/posts\/81266\/revisions"}],"wp:featuredmedia":[{"embeddable":true,"href":"https:\/\/eldigitaldeasturias.com\/magazine365\/wp-json\/wp\/v2\/media\/81267"}],"wp:attachment":[{"href":"https:\/\/eldigitaldeasturias.com\/magazine365\/wp-json\/wp\/v2\/media?parent=81266"}],"wp:term":[{"taxonomy":"category","embeddable":true,"href":"https:\/\/eldigitaldeasturias.com\/magazine365\/wp-json\/wp\/v2\/categories?post=81266"},{"taxonomy":"post_tag","embeddable":true,"href":"https:\/\/eldigitaldeasturias.com\/magazine365\/wp-json\/wp\/v2\/tags?post=81266"}],"curies":[{"name":"wp","href":"https:\/\/api.w.org\/{rel}","templated":true}]}}