{"id":81260,"date":"2016-06-30T16:12:56","date_gmt":"2016-06-30T14:12:56","guid":{"rendered":"http:\/\/eldigitaldeasturias.com\/magazine365\/?p=81260"},"modified":"2016-06-30T16:12:56","modified_gmt":"2016-06-30T14:12:56","slug":"las-palmas-de-gran-canaria-pide-declarar-su-carnaval-fiesta-de-interes-turistico-nacional","status":"publish","type":"post","link":"https:\/\/eldigitaldeasturias.com\/magazine365\/las-palmas-de-gran-canaria-pide-declarar-su-carnaval-fiesta-de-interes-turistico-nacional\/","title":{"rendered":"Las Palmas de Gran Canaria pide declarar su Carnaval Fiesta de Inter\u00e9s Tur\u00edstico Nacional"},"content":{"rendered":"<p><img fetchpriority=\"high\" decoding=\"async\" class=\"alignleft size-medium wp-image-81261\" src=\"https:\/\/eldigitaldeasturias.com\/magazine365\/wp-content\/uploads\/2016\/06\/fotonoticia_20160630135331_800-360x240.jpg\" alt=\"fotonoticia_20160630135331_800\" width=\"360\" height=\"240\" srcset=\"https:\/\/eldigitaldeasturias.com\/magazine365\/wp-content\/uploads\/2016\/06\/fotonoticia_20160630135331_800-360x240.jpg 360w, https:\/\/eldigitaldeasturias.com\/magazine365\/wp-content\/uploads\/2016\/06\/fotonoticia_20160630135331_800-650x434.jpg 650w, https:\/\/eldigitaldeasturias.com\/magazine365\/wp-content\/uploads\/2016\/06\/fotonoticia_20160630135331_800-768x513.jpg 768w, https:\/\/eldigitaldeasturias.com\/magazine365\/wp-content\/uploads\/2016\/06\/fotonoticia_20160630135331_800-150x100.jpg 150w, https:\/\/eldigitaldeasturias.com\/magazine365\/wp-content\/uploads\/2016\/06\/fotonoticia_20160630135331_800-450x300.jpg 450w, https:\/\/eldigitaldeasturias.com\/magazine365\/wp-content\/uploads\/2016\/06\/fotonoticia_20160630135331_800-101x66.jpg 101w, https:\/\/eldigitaldeasturias.com\/magazine365\/wp-content\/uploads\/2016\/06\/fotonoticia_20160630135331_800.jpg 800w\" sizes=\"(max-width: 360px) 100vw, 360px\" \/>El pleno del Ayuntamiento de Las Palmas de Gran Canaria ha aprobado por unanimidad la solicitud de que el Carnaval obtenga la declaraci\u00f3n de Fiesta de Inter\u00e9s Tur\u00edstico Nacional (ITN) en funci\u00f3n al expediente presentado este mi\u00e9rcoles, 30 de junio.<\/p>\n<p>En este sentido, se explic\u00f3 que tras recibirse la notificaci\u00f3n por parte de la Secretar\u00eda General, el expediente incorporar\u00e1 el acuerdo de pleno y se elevar\u00e1 al Gobierno de Canarias, ya que la instituci\u00f3n regional es la \u00abresponsable de elaborar el informe vinculante con el que se dar\u00e1 curso a la solicitud\u00bb, seg\u00fan inform\u00f3 el Ayuntamiento en nota de prensa.<\/p>\n<p>En este sentido, la concejal de Carnaval y portavoz del Grupo Pol\u00edtico Municipal Socialista, Inmaculada Medina, se\u00f1al\u00f3 que el Ayuntamiento contin\u00faa con la l\u00ednea abierta en junio de 2011 cuando el Carnaval fue declarado Fiesta de Inter\u00e9s Tur\u00edstico de Canarias por parte de la Viceconsejer\u00eda de Turismo del Gobierno de Canarias, paso previo para cumplir con el requisito fundamental de optar al t\u00edtulo que lo posiciona a nivel nacional porque el primer punto del que se pide constancia es que la fiesta haya sido declarada Fiesta de Inter\u00e9s Tur\u00edstico de su Comunidad Aut\u00f3noma durante los cinco a\u00f1os previos a la solicitud.<\/p>\n<p>Asimismo, se indic\u00f3 que la declaraci\u00f3n del Carnaval como Fiesta de ITN \u00ablo posicionar\u00e1 como uno de los referentes m\u00e1s importantes de cara a la promoci\u00f3n exterior de Las Palmas de Gran Canaria, reconocer\u00e1 su historia y pondr\u00e1 en valor el impacto econ\u00f3mico y social que genera en la capital\u00bb.<\/p>\n<p>A\u00f1adi\u00f3 que, adem\u00e1s, ser\u00e1 el paso previo al objetivo \u00faltimo de lograr que, dentro de cinco a\u00f1os, se intente optar a la declaraci\u00f3n de Fiesta de Inter\u00e9s Tur\u00edstico Internacional, que depender\u00e1 del apoyo institucional que reciba por parte del Cabildo de Gran Canaria y de Promotur Turismo Canarias, instituci\u00f3n cuyas competencias incluyen la promoci\u00f3n en el exterior del destino Islas Canarias.<\/p>\n<p>Al respecto, se indic\u00f3 que adem\u00e1s del acuerdo de pleno y la resoluci\u00f3n de la declaraci\u00f3n de Fiesta de Inter\u00e9s Tur\u00edstico de Canarias, las dos cajas y seis carpetas que conforman el expediente se acompa\u00f1an de una memoria explicativa con todos los puntos requeridos, tales como son la descripci\u00f3n detallada de la fiesta y los actos que conforman el programa, su origen y raigambre en la sociedad, as\u00ed como los \u00edndices de participaci\u00f3n y la afluencia de visitantes, entre otros.<\/p>\n<p>Tambi\u00e9n se informa del equipamiento \u00abadecuado\u00bb de alojamiento y servicio tur\u00edstico para la recepci\u00f3n de visitantes, as\u00ed como del alcance que ha tenido a lo largo de estos a\u00f1os como plataforma de promoci\u00f3n exterior. En concreto, incluye el informe de repercusi\u00f3n en medios de comunicaci\u00f3n y los impactos que ha tenido a nivel nacional desde 2011 a 2016.<\/p>\n<p>Por \u00faltimo, se indic\u00f3 que cuando se disponga del acuerdo de pleno, el expediente se dirigir\u00e1 a la Direcci\u00f3n General de Ordenaci\u00f3n y Promoci\u00f3n Tur\u00edstica de la Consejer\u00eda de Turismo del Gobierno de Canarias que contar\u00e1 con un plazo de tres meses para elaborar el informe vinculante. Finalmente, la secretar\u00eda general de Estado de Turismo dispondr\u00e1 de otros tres meses para otorgar el t\u00edtulo de Fiesta de Inter\u00e9s Tur\u00edstico Nacional.<\/p>\n","protected":false},"excerpt":{"rendered":"<p>El pleno del Ayuntamiento de Las Palmas de Gran Canaria ha aprobado por unanimidad la solicitud de que el Carnaval obtenga la declaraci\u00f3n de Fiesta de Inter\u00e9s Tur\u00edstico Nacional (ITN) en funci\u00f3n al expediente presentado este mi\u00e9rcoles, 30 de junio. En este sentido, se explic\u00f3 que tras recibirse la notificaci\u00f3n por parte de la Secretar\u00eda<\/p>\n","protected":false},"author":1,"featured_media":81261,"comment_status":"open","ping_status":"closed","sticky":false,"template":"","format":"standard","meta":{"footnotes":""},"categories":[224],"tags":[],"class_list":{"0":"post-81260","1":"post","2":"type-post","3":"status-publish","4":"format-standard","5":"has-post-thumbnail","7":"category-noticias-actualidad"},"aioseo_notices":[],"aioseo_head":"\n\t\t<!-- All in One SEO Pro 4.9.6.1 - aioseo.com -->\n\t<meta name=\"description\" content=\"El pleno del Ayuntamiento de Las Palmas de Gran Canaria ha aprobado por unanimidad la solicitud de que el Carnaval obtenga la declaraci\u00f3n de Fiesta de Inter\u00e9s Tur\u00edstico Nacional (ITN) en funci\u00f3n al expediente presentado este mi\u00e9rcoles, 30 de junio. En este sentido, se explic\u00f3 que tras recibirse la notificaci\u00f3n por parte de la Secretar\u00eda\" \/>\n\t<meta name=\"robots\" content=\"max-image-preview:large\" \/>\n\t<meta name=\"author\" content=\"admin\"\/>\n\t<meta name=\"google-site-verification\" content=\"UA-38556648-1\" \/>\n\t<meta name=\"keywords\" content=\"noticias y actualidad\" \/>\n\t<link rel=\"canonical\" href=\"https:\/\/eldigitaldeasturias.com\/magazine365\/las-palmas-de-gran-canaria-pide-declarar-su-carnaval-fiesta-de-interes-turistico-nacional\/\" \/>\n\t<meta name=\"generator\" content=\"All in One SEO Pro (AIOSEO) 4.9.6.1\" \/>\n\t\t<meta property=\"og:locale\" content=\"es_ES\" \/>\n\t\t<meta property=\"og:site_name\" content=\"El Digital de Asturias \u2013 Revista de ocio, turismo y estilo de vida\" \/>\n\t\t<meta property=\"og:type\" content=\"article\" \/>\n\t\t<meta property=\"og:title\" content=\"Las Palmas de Gran Canaria pide declarar su Carnaval Fiesta de Inter\u00e9s Tur\u00edstico Nacional | El Digital de Asturias\" \/>\n\t\t<meta property=\"og:description\" content=\"El pleno del Ayuntamiento de Las Palmas de Gran Canaria ha aprobado por unanimidad la solicitud de que el Carnaval obtenga la declaraci\u00f3n de Fiesta de Inter\u00e9s Tur\u00edstico Nacional (ITN) en funci\u00f3n al expediente presentado este mi\u00e9rcoles, 30 de junio. En este sentido, se explic\u00f3 que tras recibirse la notificaci\u00f3n por parte de la Secretar\u00eda\" \/>\n\t\t<meta property=\"og:url\" content=\"https:\/\/eldigitaldeasturias.com\/magazine365\/las-palmas-de-gran-canaria-pide-declarar-su-carnaval-fiesta-de-interes-turistico-nacional\/\" \/>\n\t\t<meta property=\"og:image\" content=\"https:\/\/eldigitaldeasturias.com\/magazine365\/wp-content\/uploads\/2016\/06\/fotonoticia_20160630135331_800.jpg\" \/>\n\t\t<meta property=\"og:image:secure_url\" content=\"https:\/\/eldigitaldeasturias.com\/magazine365\/wp-content\/uploads\/2016\/06\/fotonoticia_20160630135331_800.jpg\" \/>\n\t\t<meta property=\"og:image:width\" content=\"800\" \/>\n\t\t<meta property=\"og:image:height\" content=\"534\" \/>\n\t\t<meta property=\"article:published_time\" content=\"2016-06-30T14:12:56+00:00\" \/>\n\t\t<meta property=\"article:modified_time\" content=\"2016-06-30T14:12:56+00:00\" \/>\n\t\t<meta name=\"twitter:card\" content=\"summary_large_image\" \/>\n\t\t<meta name=\"twitter:title\" content=\"Las Palmas de Gran Canaria pide declarar su Carnaval Fiesta de Inter\u00e9s Tur\u00edstico Nacional | El Digital de Asturias\" \/>\n\t\t<meta name=\"twitter:description\" content=\"El pleno del Ayuntamiento de Las Palmas de Gran Canaria ha aprobado por unanimidad la solicitud de que el Carnaval obtenga la declaraci\u00f3n de Fiesta de Inter\u00e9s Tur\u00edstico Nacional (ITN) en funci\u00f3n al expediente presentado este mi\u00e9rcoles, 30 de junio. En este sentido, se explic\u00f3 que tras recibirse la notificaci\u00f3n por parte de la Secretar\u00eda\" \/>\n\t\t<meta name=\"twitter:image\" content=\"https:\/\/eldigitaldeasturias.com\/magazine365\/wp-content\/uploads\/2016\/06\/fotonoticia_20160630135331_800.jpg\" \/>\n\t\t<script type=\"application\/ld+json\" class=\"aioseo-schema\">\n\t\t\t{\"@context\":\"https:\\\/\\\/schema.org\",\"@graph\":[{\"@type\":\"Article\",\"@id\":\"https:\\\/\\\/eldigitaldeasturias.com\\\/magazine365\\\/las-palmas-de-gran-canaria-pide-declarar-su-carnaval-fiesta-de-interes-turistico-nacional\\\/#article\",\"name\":\"Las Palmas de Gran Canaria pide declarar su Carnaval Fiesta de Inter\\u00e9s Tur\\u00edstico Nacional | El Digital de Asturias\",\"headline\":\"Las Palmas de Gran Canaria pide declarar su Carnaval Fiesta de Inter\\u00e9s Tur\\u00edstico Nacional\",\"author\":{\"@id\":\"https:\\\/\\\/eldigitaldeasturias.com\\\/magazine365\\\/author\\\/admin\\\/#author\"},\"publisher\":{\"@id\":\"https:\\\/\\\/eldigitaldeasturias.com\\\/magazine365\\\/#organization\"},\"image\":{\"@type\":\"ImageObject\",\"url\":\"https:\\\/\\\/eldigitaldeasturias.com\\\/magazine365\\\/wp-content\\\/uploads\\\/2016\\\/06\\\/fotonoticia_20160630135331_800.jpg\",\"width\":800,\"height\":534},\"datePublished\":\"2016-06-30T16:12:56+02:00\",\"dateModified\":\"2016-06-30T16:12:56+02:00\",\"inLanguage\":\"es-ES\",\"mainEntityOfPage\":{\"@id\":\"https:\\\/\\\/eldigitaldeasturias.com\\\/magazine365\\\/las-palmas-de-gran-canaria-pide-declarar-su-carnaval-fiesta-de-interes-turistico-nacional\\\/#webpage\"},\"isPartOf\":{\"@id\":\"https:\\\/\\\/eldigitaldeasturias.com\\\/magazine365\\\/las-palmas-de-gran-canaria-pide-declarar-su-carnaval-fiesta-de-interes-turistico-nacional\\\/#webpage\"},\"articleSection\":\"Noticias y Actualidad\"},{\"@type\":\"BreadcrumbList\",\"@id\":\"https:\\\/\\\/eldigitaldeasturias.com\\\/magazine365\\\/las-palmas-de-gran-canaria-pide-declarar-su-carnaval-fiesta-de-interes-turistico-nacional\\\/#breadcrumblist\",\"itemListElement\":[{\"@type\":\"ListItem\",\"@id\":\"https:\\\/\\\/eldigitaldeasturias.com\\\/magazine365#listItem\",\"position\":1,\"name\":\"Home\",\"item\":\"https:\\\/\\\/eldigitaldeasturias.com\\\/magazine365\",\"nextItem\":{\"@type\":\"ListItem\",\"@id\":\"https:\\\/\\\/eldigitaldeasturias.com\\\/magazine365\\\/category\\\/noticias-actualidad\\\/#listItem\",\"name\":\"Noticias y Actualidad\"}},{\"@type\":\"ListItem\",\"@id\":\"https:\\\/\\\/eldigitaldeasturias.com\\\/magazine365\\\/category\\\/noticias-actualidad\\\/#listItem\",\"position\":2,\"name\":\"Noticias y Actualidad\",\"item\":\"https:\\\/\\\/eldigitaldeasturias.com\\\/magazine365\\\/category\\\/noticias-actualidad\\\/\",\"nextItem\":{\"@type\":\"ListItem\",\"@id\":\"https:\\\/\\\/eldigitaldeasturias.com\\\/magazine365\\\/las-palmas-de-gran-canaria-pide-declarar-su-carnaval-fiesta-de-interes-turistico-nacional\\\/#listItem\",\"name\":\"Las Palmas de Gran Canaria pide declarar su Carnaval Fiesta de Inter\\u00e9s Tur\\u00edstico Nacional\"},\"previousItem\":{\"@type\":\"ListItem\",\"@id\":\"https:\\\/\\\/eldigitaldeasturias.com\\\/magazine365#listItem\",\"name\":\"Home\"}},{\"@type\":\"ListItem\",\"@id\":\"https:\\\/\\\/eldigitaldeasturias.com\\\/magazine365\\\/las-palmas-de-gran-canaria-pide-declarar-su-carnaval-fiesta-de-interes-turistico-nacional\\\/#listItem\",\"position\":3,\"name\":\"Las Palmas de Gran Canaria pide declarar su Carnaval Fiesta de Inter\\u00e9s Tur\\u00edstico Nacional\",\"previousItem\":{\"@type\":\"ListItem\",\"@id\":\"https:\\\/\\\/eldigitaldeasturias.com\\\/magazine365\\\/category\\\/noticias-actualidad\\\/#listItem\",\"name\":\"Noticias y Actualidad\"}}]},{\"@type\":\"Organization\",\"@id\":\"https:\\\/\\\/eldigitaldeasturias.com\\\/magazine365\\\/#organization\",\"name\":\"El digital de Asturias\",\"description\":\"Revista de ocio, turismo y estilo de vida\",\"url\":\"https:\\\/\\\/eldigitaldeasturias.com\\\/magazine365\\\/\",\"logo\":{\"@type\":\"ImageObject\",\"url\":\"https:\\\/\\\/www.eldigitaldeasturias.com\\\/noticias\\\/wp-content\\\/uploads\\\/2020\\\/12\\\/EDA.jpg\",\"@id\":\"https:\\\/\\\/eldigitaldeasturias.com\\\/magazine365\\\/las-palmas-de-gran-canaria-pide-declarar-su-carnaval-fiesta-de-interes-turistico-nacional\\\/#organizationLogo\"},\"image\":{\"@id\":\"https:\\\/\\\/eldigitaldeasturias.com\\\/magazine365\\\/las-palmas-de-gran-canaria-pide-declarar-su-carnaval-fiesta-de-interes-turistico-nacional\\\/#organizationLogo\"}},{\"@type\":\"Person\",\"@id\":\"https:\\\/\\\/eldigitaldeasturias.com\\\/magazine365\\\/author\\\/admin\\\/#author\",\"url\":\"https:\\\/\\\/eldigitaldeasturias.com\\\/magazine365\\\/author\\\/admin\\\/\",\"name\":\"admin\",\"image\":{\"@type\":\"ImageObject\",\"@id\":\"https:\\\/\\\/eldigitaldeasturias.com\\\/magazine365\\\/las-palmas-de-gran-canaria-pide-declarar-su-carnaval-fiesta-de-interes-turistico-nacional\\\/#authorImage\",\"url\":\"https:\\\/\\\/eldigitaldeasturias.com\\\/magazine365\\\/wp-content\\\/litespeed\\\/avatar\\\/e571bcf59a0edd6fa6838245a470f2fe.jpg?ver=1776969259\",\"width\":96,\"height\":96,\"caption\":\"admin\"}},{\"@type\":\"WebPage\",\"@id\":\"https:\\\/\\\/eldigitaldeasturias.com\\\/magazine365\\\/las-palmas-de-gran-canaria-pide-declarar-su-carnaval-fiesta-de-interes-turistico-nacional\\\/#webpage\",\"url\":\"https:\\\/\\\/eldigitaldeasturias.com\\\/magazine365\\\/las-palmas-de-gran-canaria-pide-declarar-su-carnaval-fiesta-de-interes-turistico-nacional\\\/\",\"name\":\"Las Palmas de Gran Canaria pide declarar su Carnaval Fiesta de Inter\\u00e9s Tur\\u00edstico Nacional | El Digital de Asturias\",\"description\":\"El pleno del Ayuntamiento de Las Palmas de Gran Canaria ha aprobado por unanimidad la solicitud de que el Carnaval obtenga la declaraci\\u00f3n de Fiesta de Inter\\u00e9s Tur\\u00edstico Nacional (ITN) en funci\\u00f3n al expediente presentado este mi\\u00e9rcoles, 30 de junio. En este sentido, se explic\\u00f3 que tras recibirse la notificaci\\u00f3n por parte de la Secretar\\u00eda\",\"inLanguage\":\"es-ES\",\"isPartOf\":{\"@id\":\"https:\\\/\\\/eldigitaldeasturias.com\\\/magazine365\\\/#website\"},\"breadcrumb\":{\"@id\":\"https:\\\/\\\/eldigitaldeasturias.com\\\/magazine365\\\/las-palmas-de-gran-canaria-pide-declarar-su-carnaval-fiesta-de-interes-turistico-nacional\\\/#breadcrumblist\"},\"author\":{\"@id\":\"https:\\\/\\\/eldigitaldeasturias.com\\\/magazine365\\\/author\\\/admin\\\/#author\"},\"creator\":{\"@id\":\"https:\\\/\\\/eldigitaldeasturias.com\\\/magazine365\\\/author\\\/admin\\\/#author\"},\"image\":{\"@type\":\"ImageObject\",\"url\":\"https:\\\/\\\/eldigitaldeasturias.com\\\/magazine365\\\/wp-content\\\/uploads\\\/2016\\\/06\\\/fotonoticia_20160630135331_800.jpg\",\"@id\":\"https:\\\/\\\/eldigitaldeasturias.com\\\/magazine365\\\/las-palmas-de-gran-canaria-pide-declarar-su-carnaval-fiesta-de-interes-turistico-nacional\\\/#mainImage\",\"width\":800,\"height\":534},\"primaryImageOfPage\":{\"@id\":\"https:\\\/\\\/eldigitaldeasturias.com\\\/magazine365\\\/las-palmas-de-gran-canaria-pide-declarar-su-carnaval-fiesta-de-interes-turistico-nacional\\\/#mainImage\"},\"datePublished\":\"2016-06-30T16:12:56+02:00\",\"dateModified\":\"2016-06-30T16:12:56+02:00\"},{\"@type\":\"WebSite\",\"@id\":\"https:\\\/\\\/eldigitaldeasturias.com\\\/magazine365\\\/#website\",\"url\":\"https:\\\/\\\/eldigitaldeasturias.com\\\/magazine365\\\/\",\"name\":\"El Digital de Asturias\",\"description\":\"Revista de ocio, turismo y estilo de vida\",\"inLanguage\":\"es-ES\",\"publisher\":{\"@id\":\"https:\\\/\\\/eldigitaldeasturias.com\\\/magazine365\\\/#organization\"}}]}\n\t\t<\/script>\n\t\t<!-- All in One SEO Pro -->\r\n\t\t<title>Las Palmas de Gran Canaria pide declarar su Carnaval Fiesta de Inter\u00e9s Tur\u00edstico Nacional | El Digital de Asturias<\/title>\n\n","aioseo_head_json":{"title":"Las Palmas de Gran Canaria pide declarar su Carnaval Fiesta de Inter\u00e9s Tur\u00edstico Nacional | El Digital de Asturias","description":"El pleno del Ayuntamiento de Las Palmas de Gran Canaria ha aprobado por unanimidad la solicitud de que el Carnaval obtenga la declaraci\u00f3n de Fiesta de Inter\u00e9s Tur\u00edstico Nacional (ITN) en funci\u00f3n al expediente presentado este mi\u00e9rcoles, 30 de junio. En este sentido, se explic\u00f3 que tras recibirse la notificaci\u00f3n por parte de la Secretar\u00eda","canonical_url":"https:\/\/eldigitaldeasturias.com\/magazine365\/las-palmas-de-gran-canaria-pide-declarar-su-carnaval-fiesta-de-interes-turistico-nacional\/","robots":"max-image-preview:large","keywords":"noticias y actualidad","webmasterTools":{"google-site-verification":"UA-38556648-1","miscellaneous":""},"schema":{"@context":"https:\/\/schema.org","@graph":[{"@type":"Article","@id":"https:\/\/eldigitaldeasturias.com\/magazine365\/las-palmas-de-gran-canaria-pide-declarar-su-carnaval-fiesta-de-interes-turistico-nacional\/#article","name":"Las Palmas de Gran Canaria pide declarar su Carnaval Fiesta de Inter\u00e9s Tur\u00edstico Nacional | El Digital de Asturias","headline":"Las Palmas de Gran Canaria pide declarar su Carnaval Fiesta de Inter\u00e9s Tur\u00edstico Nacional","author":{"@id":"https:\/\/eldigitaldeasturias.com\/magazine365\/author\/admin\/#author"},"publisher":{"@id":"https:\/\/eldigitaldeasturias.com\/magazine365\/#organization"},"image":{"@type":"ImageObject","url":"https:\/\/eldigitaldeasturias.com\/magazine365\/wp-content\/uploads\/2016\/06\/fotonoticia_20160630135331_800.jpg","width":800,"height":534},"datePublished":"2016-06-30T16:12:56+02:00","dateModified":"2016-06-30T16:12:56+02:00","inLanguage":"es-ES","mainEntityOfPage":{"@id":"https:\/\/eldigitaldeasturias.com\/magazine365\/las-palmas-de-gran-canaria-pide-declarar-su-carnaval-fiesta-de-interes-turistico-nacional\/#webpage"},"isPartOf":{"@id":"https:\/\/eldigitaldeasturias.com\/magazine365\/las-palmas-de-gran-canaria-pide-declarar-su-carnaval-fiesta-de-interes-turistico-nacional\/#webpage"},"articleSection":"Noticias y Actualidad"},{"@type":"BreadcrumbList","@id":"https:\/\/eldigitaldeasturias.com\/magazine365\/las-palmas-de-gran-canaria-pide-declarar-su-carnaval-fiesta-de-interes-turistico-nacional\/#breadcrumblist","itemListElement":[{"@type":"ListItem","@id":"https:\/\/eldigitaldeasturias.com\/magazine365#listItem","position":1,"name":"Home","item":"https:\/\/eldigitaldeasturias.com\/magazine365","nextItem":{"@type":"ListItem","@id":"https:\/\/eldigitaldeasturias.com\/magazine365\/category\/noticias-actualidad\/#listItem","name":"Noticias y Actualidad"}},{"@type":"ListItem","@id":"https:\/\/eldigitaldeasturias.com\/magazine365\/category\/noticias-actualidad\/#listItem","position":2,"name":"Noticias y Actualidad","item":"https:\/\/eldigitaldeasturias.com\/magazine365\/category\/noticias-actualidad\/","nextItem":{"@type":"ListItem","@id":"https:\/\/eldigitaldeasturias.com\/magazine365\/las-palmas-de-gran-canaria-pide-declarar-su-carnaval-fiesta-de-interes-turistico-nacional\/#listItem","name":"Las Palmas de Gran Canaria pide declarar su Carnaval Fiesta de Inter\u00e9s Tur\u00edstico Nacional"},"previousItem":{"@type":"ListItem","@id":"https:\/\/eldigitaldeasturias.com\/magazine365#listItem","name":"Home"}},{"@type":"ListItem","@id":"https:\/\/eldigitaldeasturias.com\/magazine365\/las-palmas-de-gran-canaria-pide-declarar-su-carnaval-fiesta-de-interes-turistico-nacional\/#listItem","position":3,"name":"Las Palmas de Gran Canaria pide declarar su Carnaval Fiesta de Inter\u00e9s Tur\u00edstico Nacional","previousItem":{"@type":"ListItem","@id":"https:\/\/eldigitaldeasturias.com\/magazine365\/category\/noticias-actualidad\/#listItem","name":"Noticias y Actualidad"}}]},{"@type":"Organization","@id":"https:\/\/eldigitaldeasturias.com\/magazine365\/#organization","name":"El digital de Asturias","description":"Revista de ocio, turismo y estilo de vida","url":"https:\/\/eldigitaldeasturias.com\/magazine365\/","logo":{"@type":"ImageObject","url":"https:\/\/www.eldigitaldeasturias.com\/noticias\/wp-content\/uploads\/2020\/12\/EDA.jpg","@id":"https:\/\/eldigitaldeasturias.com\/magazine365\/las-palmas-de-gran-canaria-pide-declarar-su-carnaval-fiesta-de-interes-turistico-nacional\/#organizationLogo"},"image":{"@id":"https:\/\/eldigitaldeasturias.com\/magazine365\/las-palmas-de-gran-canaria-pide-declarar-su-carnaval-fiesta-de-interes-turistico-nacional\/#organizationLogo"}},{"@type":"Person","@id":"https:\/\/eldigitaldeasturias.com\/magazine365\/author\/admin\/#author","url":"https:\/\/eldigitaldeasturias.com\/magazine365\/author\/admin\/","name":"admin","image":{"@type":"ImageObject","@id":"https:\/\/eldigitaldeasturias.com\/magazine365\/las-palmas-de-gran-canaria-pide-declarar-su-carnaval-fiesta-de-interes-turistico-nacional\/#authorImage","url":"https:\/\/eldigitaldeasturias.com\/magazine365\/wp-content\/litespeed\/avatar\/e571bcf59a0edd6fa6838245a470f2fe.jpg?ver=1776969259","width":96,"height":96,"caption":"admin"}},{"@type":"WebPage","@id":"https:\/\/eldigitaldeasturias.com\/magazine365\/las-palmas-de-gran-canaria-pide-declarar-su-carnaval-fiesta-de-interes-turistico-nacional\/#webpage","url":"https:\/\/eldigitaldeasturias.com\/magazine365\/las-palmas-de-gran-canaria-pide-declarar-su-carnaval-fiesta-de-interes-turistico-nacional\/","name":"Las Palmas de Gran Canaria pide declarar su Carnaval Fiesta de Inter\u00e9s Tur\u00edstico Nacional | El Digital de Asturias","description":"El pleno del Ayuntamiento de Las Palmas de Gran Canaria ha aprobado por unanimidad la solicitud de que el Carnaval obtenga la declaraci\u00f3n de Fiesta de Inter\u00e9s Tur\u00edstico Nacional (ITN) en funci\u00f3n al expediente presentado este mi\u00e9rcoles, 30 de junio. En este sentido, se explic\u00f3 que tras recibirse la notificaci\u00f3n por parte de la Secretar\u00eda","inLanguage":"es-ES","isPartOf":{"@id":"https:\/\/eldigitaldeasturias.com\/magazine365\/#website"},"breadcrumb":{"@id":"https:\/\/eldigitaldeasturias.com\/magazine365\/las-palmas-de-gran-canaria-pide-declarar-su-carnaval-fiesta-de-interes-turistico-nacional\/#breadcrumblist"},"author":{"@id":"https:\/\/eldigitaldeasturias.com\/magazine365\/author\/admin\/#author"},"creator":{"@id":"https:\/\/eldigitaldeasturias.com\/magazine365\/author\/admin\/#author"},"image":{"@type":"ImageObject","url":"https:\/\/eldigitaldeasturias.com\/magazine365\/wp-content\/uploads\/2016\/06\/fotonoticia_20160630135331_800.jpg","@id":"https:\/\/eldigitaldeasturias.com\/magazine365\/las-palmas-de-gran-canaria-pide-declarar-su-carnaval-fiesta-de-interes-turistico-nacional\/#mainImage","width":800,"height":534},"primaryImageOfPage":{"@id":"https:\/\/eldigitaldeasturias.com\/magazine365\/las-palmas-de-gran-canaria-pide-declarar-su-carnaval-fiesta-de-interes-turistico-nacional\/#mainImage"},"datePublished":"2016-06-30T16:12:56+02:00","dateModified":"2016-06-30T16:12:56+02:00"},{"@type":"WebSite","@id":"https:\/\/eldigitaldeasturias.com\/magazine365\/#website","url":"https:\/\/eldigitaldeasturias.com\/magazine365\/","name":"El Digital de Asturias","description":"Revista de ocio, turismo y estilo de vida","inLanguage":"es-ES","publisher":{"@id":"https:\/\/eldigitaldeasturias.com\/magazine365\/#organization"}}]},"og:locale":"es_ES","og:site_name":"El Digital de Asturias \u2013 Revista de ocio, turismo y estilo de vida","og:type":"article","og:title":"Las Palmas de Gran Canaria pide declarar su Carnaval Fiesta de Inter\u00e9s Tur\u00edstico Nacional | El Digital de Asturias","og:description":"El pleno del Ayuntamiento de Las Palmas de Gran Canaria ha aprobado por unanimidad la solicitud de que el Carnaval obtenga la declaraci\u00f3n de Fiesta de Inter\u00e9s Tur\u00edstico Nacional (ITN) en funci\u00f3n al expediente presentado este mi\u00e9rcoles, 30 de junio. En este sentido, se explic\u00f3 que tras recibirse la notificaci\u00f3n por parte de la Secretar\u00eda","og:url":"https:\/\/eldigitaldeasturias.com\/magazine365\/las-palmas-de-gran-canaria-pide-declarar-su-carnaval-fiesta-de-interes-turistico-nacional\/","og:image":"https:\/\/eldigitaldeasturias.com\/magazine365\/wp-content\/uploads\/2016\/06\/fotonoticia_20160630135331_800.jpg","og:image:secure_url":"https:\/\/eldigitaldeasturias.com\/magazine365\/wp-content\/uploads\/2016\/06\/fotonoticia_20160630135331_800.jpg","og:image:width":800,"og:image:height":534,"article:published_time":"2016-06-30T14:12:56+00:00","article:modified_time":"2016-06-30T14:12:56+00:00","twitter:card":"summary_large_image","twitter:title":"Las Palmas de Gran Canaria pide declarar su Carnaval Fiesta de Inter\u00e9s Tur\u00edstico Nacional | El Digital de Asturias","twitter:description":"El pleno del Ayuntamiento de Las Palmas de Gran Canaria ha aprobado por unanimidad la solicitud de que el Carnaval obtenga la declaraci\u00f3n de Fiesta de Inter\u00e9s Tur\u00edstico Nacional (ITN) en funci\u00f3n al expediente presentado este mi\u00e9rcoles, 30 de junio. En este sentido, se explic\u00f3 que tras recibirse la notificaci\u00f3n por parte de la Secretar\u00eda","twitter:image":"https:\/\/eldigitaldeasturias.com\/magazine365\/wp-content\/uploads\/2016\/06\/fotonoticia_20160630135331_800.jpg"},"aioseo_meta_data":{"post_id":"81260","title":null,"description":null,"keywords":null,"keyphrases":null,"primary_term":null,"canonical_url":null,"og_title":null,"og_description":null,"og_object_type":"default","og_image_type":"default","og_image_url":null,"og_image_width":null,"og_image_height":null,"og_image_custom_url":null,"og_image_custom_fields":null,"og_video":null,"og_custom_url":null,"og_article_section":null,"og_article_tags":null,"twitter_use_og":false,"twitter_card":"default","twitter_image_type":"default","twitter_image_url":null,"twitter_image_custom_url":null,"twitter_image_custom_fields":null,"twitter_title":null,"twitter_description":null,"schema":{"blockGraphs":[],"customGraphs":[],"default":{"data":{"Article":[],"Course":[],"Dataset":[],"FAQPage":[],"Movie":[],"Person":[],"Product":[],"ProductReview":[],"Car":[],"Recipe":[],"Service":[],"SoftwareApplication":[],"WebPage":[]},"graphName":"","isEnabled":true},"graphs":[],"defaultGraph":"","defaultPostTypeGraph":""},"schema_type":null,"schema_type_options":null,"pillar_content":false,"robots_default":true,"robots_noindex":false,"robots_noarchive":false,"robots_nosnippet":false,"robots_nofollow":false,"robots_noimageindex":false,"robots_noodp":false,"robots_notranslate":false,"robots_max_snippet":null,"robots_max_videopreview":null,"robots_max_imagepreview":"large","priority":null,"frequency":null,"location":null,"local_seo":null,"seo_analyzer_scan_date":"2025-09-27 22:33:43","breadcrumb_settings":null,"limit_modified_date":false,"open_ai":null,"ai":null,"created":"2021-03-08 17:19:40","updated":"2025-09-27 22:33:43"},"aioseo_breadcrumb":"<div class=\"aioseo-breadcrumbs\"><span class=\"aioseo-breadcrumb\">\n\t<a href=\"https:\/\/eldigitaldeasturias.com\/magazine365\" title=\"Home\">Home<\/a>\n<\/span><span class=\"aioseo-breadcrumb-separator\">\u2013<\/span><span class=\"aioseo-breadcrumb\">\n\t<a href=\"https:\/\/eldigitaldeasturias.com\/magazine365\/category\/noticias-actualidad\/\" title=\"Noticias y Actualidad\">Noticias y Actualidad<\/a>\n<\/span><span class=\"aioseo-breadcrumb-separator\">\u2013<\/span><span class=\"aioseo-breadcrumb\">\n\t<a href=\"https:\/\/eldigitaldeasturias.com\/magazine365\/las-palmas-de-gran-canaria-pide-declarar-su-carnaval-fiesta-de-interes-turistico-nacional\/\" title=\"Las Palmas de Gran Canaria pide declarar su Carnaval Fiesta de Inter\u00e9s Tur\u00edstico Nacional\">Las Palmas de Gran Canaria pide declarar su Carnaval Fiesta de Inter\u00e9s Tur\u00edstico Nacional<\/a>\n<\/span><\/div>","aioseo_breadcrumb_json":[{"label":"Home","link":"https:\/\/eldigitaldeasturias.com\/magazine365"},{"label":"Noticias y Actualidad","link":"https:\/\/eldigitaldeasturias.com\/magazine365\/category\/noticias-actualidad\/"},{"label":"Las Palmas de Gran Canaria pide declarar su Carnaval Fiesta de Inter\u00e9s Tur\u00edstico Nacional","link":"https:\/\/eldigitaldeasturias.com\/magazine365\/las-palmas-de-gran-canaria-pide-declarar-su-carnaval-fiesta-de-interes-turistico-nacional\/"}],"_links":{"self":[{"href":"https:\/\/eldigitaldeasturias.com\/magazine365\/wp-json\/wp\/v2\/posts\/81260","targetHints":{"allow":["GET"]}}],"collection":[{"href":"https:\/\/eldigitaldeasturias.com\/magazine365\/wp-json\/wp\/v2\/posts"}],"about":[{"href":"https:\/\/eldigitaldeasturias.com\/magazine365\/wp-json\/wp\/v2\/types\/post"}],"author":[{"embeddable":true,"href":"https:\/\/eldigitaldeasturias.com\/magazine365\/wp-json\/wp\/v2\/users\/1"}],"replies":[{"embeddable":true,"href":"https:\/\/eldigitaldeasturias.com\/magazine365\/wp-json\/wp\/v2\/comments?post=81260"}],"version-history":[{"count":0,"href":"https:\/\/eldigitaldeasturias.com\/magazine365\/wp-json\/wp\/v2\/posts\/81260\/revisions"}],"wp:featuredmedia":[{"embeddable":true,"href":"https:\/\/eldigitaldeasturias.com\/magazine365\/wp-json\/wp\/v2\/media\/81261"}],"wp:attachment":[{"href":"https:\/\/eldigitaldeasturias.com\/magazine365\/wp-json\/wp\/v2\/media?parent=81260"}],"wp:term":[{"taxonomy":"category","embeddable":true,"href":"https:\/\/eldigitaldeasturias.com\/magazine365\/wp-json\/wp\/v2\/categories?post=81260"},{"taxonomy":"post_tag","embeddable":true,"href":"https:\/\/eldigitaldeasturias.com\/magazine365\/wp-json\/wp\/v2\/tags?post=81260"}],"curies":[{"name":"wp","href":"https:\/\/api.w.org\/{rel}","templated":true}]}}