{"id":81257,"date":"2016-06-30T16:12:03","date_gmt":"2016-06-30T14:12:03","guid":{"rendered":"http:\/\/eldigitaldeasturias.com\/magazine365\/?p=81257"},"modified":"2016-06-30T16:27:04","modified_gmt":"2016-06-30T14:27:04","slug":"un-testigo-protegido-afirma-que-el-presunto-asesino-de-la-turista-danesa-en-2014-le-confeso-el-crimen","status":"publish","type":"post","link":"https:\/\/eldigitaldeasturias.com\/magazine365\/un-testigo-protegido-afirma-que-el-presunto-asesino-de-la-turista-danesa-en-2014-le-confeso-el-crimen\/","title":{"rendered":"Contin\u00faa el juicio por el asesinato de la turista danesa en 2014"},"content":{"rendered":"<p><img fetchpriority=\"high\" decoding=\"async\" class=\"alignleft size-medium wp-image-81258\" src=\"https:\/\/eldigitaldeasturias.com\/magazine365\/wp-content\/uploads\/2016\/06\/fotonoticia_20160630135237_800-360x203.jpg\" alt=\"fotonoticia_20160630135237_800\" width=\"360\" height=\"203\" srcset=\"https:\/\/eldigitaldeasturias.com\/magazine365\/wp-content\/uploads\/2016\/06\/fotonoticia_20160630135237_800-360x203.jpg 360w, https:\/\/eldigitaldeasturias.com\/magazine365\/wp-content\/uploads\/2016\/06\/fotonoticia_20160630135237_800-650x366.jpg 650w, https:\/\/eldigitaldeasturias.com\/magazine365\/wp-content\/uploads\/2016\/06\/fotonoticia_20160630135237_800-768x432.jpg 768w, https:\/\/eldigitaldeasturias.com\/magazine365\/wp-content\/uploads\/2016\/06\/fotonoticia_20160630135237_800-150x84.jpg 150w, https:\/\/eldigitaldeasturias.com\/magazine365\/wp-content\/uploads\/2016\/06\/fotonoticia_20160630135237_800-450x253.jpg 450w, https:\/\/eldigitaldeasturias.com\/magazine365\/wp-content\/uploads\/2016\/06\/fotonoticia_20160630135237_800-499x280.jpg 499w, https:\/\/eldigitaldeasturias.com\/magazine365\/wp-content\/uploads\/2016\/06\/fotonoticia_20160630135237_800-510x289.jpg 510w, https:\/\/eldigitaldeasturias.com\/magazine365\/wp-content\/uploads\/2016\/06\/fotonoticia_20160630135237_800.jpg 800w\" sizes=\"(max-width: 360px) 100vw, 360px\" \/>Un vecino del asesino confeso de una turista danesa en 2014, que se encuentra en la causa como testigo protegido, ha relatado en el juicio que una noche de copas despu\u00e9s del crimen Dave V. le coment\u00f3 que hab\u00eda sido el autor del asesinato de la joven, algo ante lo que se qued\u00f3 perplejo.<\/p>\n<p>\u00abEst\u00e1bamos un grupo en un bar del barrio y coment\u00f3 que no iba a volver a ver a su hijo. Fuimos a la barra y le pregunt\u00e9 por qu\u00e9 dec\u00eda eso. Me dijo que el que sal\u00eda en la prensa, en las noticias, por la turista era \u00e9l y que tuvo que trocear a otra en Gerona. No pude decir nada. Me quede bloqueado\u00bb.<\/p>\n<p>Con este relato y oculto tras un biombo, ha contado el testigo \u00abla bomba\u00bb que le confes\u00f3 el acusado, al que conoc\u00eda desde hace 3 a\u00f1os por compartir horas de copas. En su declaraci\u00f3n policial, que hoy ha ratificado, manifest\u00f3 que Dave le dijo que la chica era \u00abuna hija de puta\u00bb, dado que al parecer le iba a contar a su pareja que le hab\u00eda molestado.<\/p>\n<p>El testigo ha relatado que entre su grupo de amigos se comentaba que Dave podr\u00eda tener causas judiciales abiertas por abusos sexuales y por una violaci\u00f3n en Madrid. Tras esto, el procesado ha realizado aspavientos y ha negado lo dicho con movimientos de cabeza.<\/p>\n<p>El hombre conoc\u00eda a Dave de hace unos 3 a\u00f1os. Sol\u00edan compartir noches de alcohol, pero nunca de consumo de droga. \u00abEl por lo menos delante de m\u00ed nunca tom\u00f3 nada de eso\u00bb, ha destacado. Seg\u00fan el acusado, era adicto a la coca\u00edna a ra\u00edz de la muerte de otra chica en Gerona, a quien descuartiz\u00f3 a instancias de su compa\u00f1ero de piso.<\/p>\n<h2 class=\"ladillo\">SU NOVIA, SU JEFA<\/h2>\n<p>Tambi\u00e9n ha comparecido la que fuera su compa\u00f1era sentimental durante cuatro a\u00f1os. La mujer conoci\u00f3 al asesino de la turista danesa en la empresa, donde era la coordinadora. La entonces novia ha contado que sol\u00eda discutir siempre por el tema de la bebida y que incluso la noche del asesinato le retir\u00f3 del servicio porque estaba bebido.<\/p>\n<p>Cuando esa madrugada lleg\u00f3 a casa, alrededor de las 6 de la ma\u00f1ana, coment\u00f3 que hab\u00eda bomberos en la zona donde estaba los apartamentos alquilador de la empresa, preguntando a su novia qu\u00e9 hacia. Esta le coment\u00f3 que si hubiera pasado algo en alguno de sus pisos, ya le habr\u00edan llamado.<\/p>\n<p>La mujer ha destacado que Dave nunca fue agresivo con ella ni le puso la mano encima, indicando que s\u00ed sol\u00eda levantar la voz en las disputas que ten\u00edan. Horas antes del crimen, ella le dio un ultim\u00e1tum.<\/p>\n<p>Asimismo, ha declarado el compa\u00f1ero de trabajo del acusado, con quien ya en aquella \u00e9poca no manten\u00eda buena relaci\u00f3n. El testigo ha recordado que en ambos registraron a la chica el 2 de junio, d\u00edas antes del crimen.<\/p>\n<p>Seg\u00fan su relato, Dave ya hab\u00eda dejado de beber porque ten\u00eda problemas en la empresa con ese tema. De hecho, le hab\u00edan dicho que avisara si volv\u00eda a recaer. \u00abSol\u00eda enfadarse y se peleaba\u00bb, ha contado.<\/p>\n<h2 class=\"ladillo\">HECHOS JUZGADOS<\/h2>\n<p>Seg\u00fan el relato del fiscal, el acusado sali\u00f3 de su domicilio el 13 de junio de 2014 y se dirigi\u00f3 a la vivienda donde resid\u00eda la v\u00edctima, accediendo con el juego de llaves que portaba. El hombre era empleado de la empresa que ten\u00eda alquilada a la joven el apartamento.<\/p>\n<p>En el interior, se fue a su dormitorio y le golpe\u00f3 la cara mientras dorm\u00eda, rode\u00e1ndole el cuello con un cable del ordenador. Tras matarla, roci\u00f3 su cuerpo con aceite y le prendi\u00f3 fuego. La habitaci\u00f3n se incendi\u00f3 y las llamas dejaron el cuerpo casi carbonizado.<\/p>\n","protected":false},"excerpt":{"rendered":"<p>Un vecino del asesino confeso de una turista danesa en 2014, que se encuentra en la causa como testigo protegido, ha relatado en el juicio que una noche de copas despu\u00e9s del crimen Dave V. le coment\u00f3 que hab\u00eda sido el autor del asesinato de la joven, algo ante lo que se qued\u00f3 perplejo. \u00abEst\u00e1bamos<\/p>\n","protected":false},"author":1,"featured_media":81258,"comment_status":"open","ping_status":"closed","sticky":false,"template":"","format":"standard","meta":{"footnotes":""},"categories":[224],"tags":[],"class_list":{"0":"post-81257","1":"post","2":"type-post","3":"status-publish","4":"format-standard","5":"has-post-thumbnail","7":"category-noticias-actualidad"},"aioseo_notices":[],"aioseo_head":"\n\t\t<!-- All in One SEO Pro 4.9.6.1 - aioseo.com -->\n\t<meta name=\"description\" content=\"Un vecino del asesino confeso de una turista danesa en 2014, que se encuentra en la causa como testigo protegido, ha relatado en el juicio que una noche de copas despu\u00e9s del crimen Dave V. le coment\u00f3 que hab\u00eda sido el autor del asesinato de la joven, algo ante lo que se qued\u00f3 perplejo. &quot;Est\u00e1bamos\" \/>\n\t<meta name=\"robots\" content=\"max-image-preview:large\" \/>\n\t<meta name=\"author\" content=\"admin\"\/>\n\t<meta name=\"google-site-verification\" content=\"UA-38556648-1\" \/>\n\t<meta name=\"keywords\" content=\"noticias y actualidad\" \/>\n\t<link rel=\"canonical\" href=\"https:\/\/eldigitaldeasturias.com\/magazine365\/un-testigo-protegido-afirma-que-el-presunto-asesino-de-la-turista-danesa-en-2014-le-confeso-el-crimen\/\" \/>\n\t<meta name=\"generator\" content=\"All in One SEO Pro (AIOSEO) 4.9.6.1\" \/>\n\t\t<meta property=\"og:locale\" content=\"es_ES\" \/>\n\t\t<meta property=\"og:site_name\" content=\"El Digital de Asturias \u2013 Revista de ocio, turismo y estilo de vida\" \/>\n\t\t<meta property=\"og:type\" content=\"article\" \/>\n\t\t<meta property=\"og:title\" content=\"Contin\u00faa el juicio por el asesinato de la turista danesa en 2014 | El Digital de Asturias\" \/>\n\t\t<meta property=\"og:description\" content=\"Un vecino del asesino confeso de una turista danesa en 2014, que se encuentra en la causa como testigo protegido, ha relatado en el juicio que una noche de copas despu\u00e9s del crimen Dave V. le coment\u00f3 que hab\u00eda sido el autor del asesinato de la joven, algo ante lo que se qued\u00f3 perplejo. &quot;Est\u00e1bamos\" \/>\n\t\t<meta property=\"og:url\" content=\"https:\/\/eldigitaldeasturias.com\/magazine365\/un-testigo-protegido-afirma-que-el-presunto-asesino-de-la-turista-danesa-en-2014-le-confeso-el-crimen\/\" \/>\n\t\t<meta property=\"og:image\" content=\"https:\/\/eldigitaldeasturias.com\/magazine365\/wp-content\/uploads\/2016\/06\/fotonoticia_20160630135237_800.jpg\" \/>\n\t\t<meta property=\"og:image:secure_url\" content=\"https:\/\/eldigitaldeasturias.com\/magazine365\/wp-content\/uploads\/2016\/06\/fotonoticia_20160630135237_800.jpg\" \/>\n\t\t<meta property=\"og:image:width\" content=\"800\" \/>\n\t\t<meta property=\"og:image:height\" content=\"450\" \/>\n\t\t<meta property=\"article:published_time\" content=\"2016-06-30T14:12:03+00:00\" \/>\n\t\t<meta property=\"article:modified_time\" content=\"2016-06-30T14:27:04+00:00\" \/>\n\t\t<meta name=\"twitter:card\" content=\"summary_large_image\" \/>\n\t\t<meta name=\"twitter:title\" content=\"Contin\u00faa el juicio por el asesinato de la turista danesa en 2014 | El Digital de Asturias\" \/>\n\t\t<meta name=\"twitter:description\" content=\"Un vecino del asesino confeso de una turista danesa en 2014, que se encuentra en la causa como testigo protegido, ha relatado en el juicio que una noche de copas despu\u00e9s del crimen Dave V. le coment\u00f3 que hab\u00eda sido el autor del asesinato de la joven, algo ante lo que se qued\u00f3 perplejo. &quot;Est\u00e1bamos\" \/>\n\t\t<meta name=\"twitter:image\" content=\"https:\/\/eldigitaldeasturias.com\/magazine365\/wp-content\/uploads\/2016\/06\/fotonoticia_20160630135237_800.jpg\" \/>\n\t\t<script type=\"application\/ld+json\" class=\"aioseo-schema\">\n\t\t\t{\"@context\":\"https:\\\/\\\/schema.org\",\"@graph\":[{\"@type\":\"Article\",\"@id\":\"https:\\\/\\\/eldigitaldeasturias.com\\\/magazine365\\\/un-testigo-protegido-afirma-que-el-presunto-asesino-de-la-turista-danesa-en-2014-le-confeso-el-crimen\\\/#article\",\"name\":\"Contin\\u00faa el juicio por el asesinato de la turista danesa en 2014 | El Digital de Asturias\",\"headline\":\"Contin\\u00faa el juicio por el asesinato de la turista danesa en 2014\",\"author\":{\"@id\":\"https:\\\/\\\/eldigitaldeasturias.com\\\/magazine365\\\/author\\\/admin\\\/#author\"},\"publisher\":{\"@id\":\"https:\\\/\\\/eldigitaldeasturias.com\\\/magazine365\\\/#organization\"},\"image\":{\"@type\":\"ImageObject\",\"url\":\"https:\\\/\\\/eldigitaldeasturias.com\\\/magazine365\\\/wp-content\\\/uploads\\\/2016\\\/06\\\/fotonoticia_20160630135237_800.jpg\",\"width\":800,\"height\":450},\"datePublished\":\"2016-06-30T16:12:03+02:00\",\"dateModified\":\"2016-06-30T16:27:04+02:00\",\"inLanguage\":\"es-ES\",\"mainEntityOfPage\":{\"@id\":\"https:\\\/\\\/eldigitaldeasturias.com\\\/magazine365\\\/un-testigo-protegido-afirma-que-el-presunto-asesino-de-la-turista-danesa-en-2014-le-confeso-el-crimen\\\/#webpage\"},\"isPartOf\":{\"@id\":\"https:\\\/\\\/eldigitaldeasturias.com\\\/magazine365\\\/un-testigo-protegido-afirma-que-el-presunto-asesino-de-la-turista-danesa-en-2014-le-confeso-el-crimen\\\/#webpage\"},\"articleSection\":\"Noticias y Actualidad\"},{\"@type\":\"BreadcrumbList\",\"@id\":\"https:\\\/\\\/eldigitaldeasturias.com\\\/magazine365\\\/un-testigo-protegido-afirma-que-el-presunto-asesino-de-la-turista-danesa-en-2014-le-confeso-el-crimen\\\/#breadcrumblist\",\"itemListElement\":[{\"@type\":\"ListItem\",\"@id\":\"https:\\\/\\\/eldigitaldeasturias.com\\\/magazine365#listItem\",\"position\":1,\"name\":\"Home\",\"item\":\"https:\\\/\\\/eldigitaldeasturias.com\\\/magazine365\",\"nextItem\":{\"@type\":\"ListItem\",\"@id\":\"https:\\\/\\\/eldigitaldeasturias.com\\\/magazine365\\\/category\\\/noticias-actualidad\\\/#listItem\",\"name\":\"Noticias y Actualidad\"}},{\"@type\":\"ListItem\",\"@id\":\"https:\\\/\\\/eldigitaldeasturias.com\\\/magazine365\\\/category\\\/noticias-actualidad\\\/#listItem\",\"position\":2,\"name\":\"Noticias y Actualidad\",\"item\":\"https:\\\/\\\/eldigitaldeasturias.com\\\/magazine365\\\/category\\\/noticias-actualidad\\\/\",\"nextItem\":{\"@type\":\"ListItem\",\"@id\":\"https:\\\/\\\/eldigitaldeasturias.com\\\/magazine365\\\/un-testigo-protegido-afirma-que-el-presunto-asesino-de-la-turista-danesa-en-2014-le-confeso-el-crimen\\\/#listItem\",\"name\":\"Contin\\u00faa el juicio por el asesinato de la turista danesa en 2014\"},\"previousItem\":{\"@type\":\"ListItem\",\"@id\":\"https:\\\/\\\/eldigitaldeasturias.com\\\/magazine365#listItem\",\"name\":\"Home\"}},{\"@type\":\"ListItem\",\"@id\":\"https:\\\/\\\/eldigitaldeasturias.com\\\/magazine365\\\/un-testigo-protegido-afirma-que-el-presunto-asesino-de-la-turista-danesa-en-2014-le-confeso-el-crimen\\\/#listItem\",\"position\":3,\"name\":\"Contin\\u00faa el juicio por el asesinato de la turista danesa en 2014\",\"previousItem\":{\"@type\":\"ListItem\",\"@id\":\"https:\\\/\\\/eldigitaldeasturias.com\\\/magazine365\\\/category\\\/noticias-actualidad\\\/#listItem\",\"name\":\"Noticias y Actualidad\"}}]},{\"@type\":\"Organization\",\"@id\":\"https:\\\/\\\/eldigitaldeasturias.com\\\/magazine365\\\/#organization\",\"name\":\"El digital de Asturias\",\"description\":\"Revista de ocio, turismo y estilo de vida\",\"url\":\"https:\\\/\\\/eldigitaldeasturias.com\\\/magazine365\\\/\",\"logo\":{\"@type\":\"ImageObject\",\"url\":\"https:\\\/\\\/www.eldigitaldeasturias.com\\\/noticias\\\/wp-content\\\/uploads\\\/2020\\\/12\\\/EDA.jpg\",\"@id\":\"https:\\\/\\\/eldigitaldeasturias.com\\\/magazine365\\\/un-testigo-protegido-afirma-que-el-presunto-asesino-de-la-turista-danesa-en-2014-le-confeso-el-crimen\\\/#organizationLogo\"},\"image\":{\"@id\":\"https:\\\/\\\/eldigitaldeasturias.com\\\/magazine365\\\/un-testigo-protegido-afirma-que-el-presunto-asesino-de-la-turista-danesa-en-2014-le-confeso-el-crimen\\\/#organizationLogo\"}},{\"@type\":\"Person\",\"@id\":\"https:\\\/\\\/eldigitaldeasturias.com\\\/magazine365\\\/author\\\/admin\\\/#author\",\"url\":\"https:\\\/\\\/eldigitaldeasturias.com\\\/magazine365\\\/author\\\/admin\\\/\",\"name\":\"admin\",\"image\":{\"@type\":\"ImageObject\",\"@id\":\"https:\\\/\\\/eldigitaldeasturias.com\\\/magazine365\\\/un-testigo-protegido-afirma-que-el-presunto-asesino-de-la-turista-danesa-en-2014-le-confeso-el-crimen\\\/#authorImage\",\"url\":\"https:\\\/\\\/eldigitaldeasturias.com\\\/magazine365\\\/wp-content\\\/litespeed\\\/avatar\\\/e571bcf59a0edd6fa6838245a470f2fe.jpg?ver=1776969259\",\"width\":96,\"height\":96,\"caption\":\"admin\"}},{\"@type\":\"WebPage\",\"@id\":\"https:\\\/\\\/eldigitaldeasturias.com\\\/magazine365\\\/un-testigo-protegido-afirma-que-el-presunto-asesino-de-la-turista-danesa-en-2014-le-confeso-el-crimen\\\/#webpage\",\"url\":\"https:\\\/\\\/eldigitaldeasturias.com\\\/magazine365\\\/un-testigo-protegido-afirma-que-el-presunto-asesino-de-la-turista-danesa-en-2014-le-confeso-el-crimen\\\/\",\"name\":\"Contin\\u00faa el juicio por el asesinato de la turista danesa en 2014 | El Digital de Asturias\",\"description\":\"Un vecino del asesino confeso de una turista danesa en 2014, que se encuentra en la causa como testigo protegido, ha relatado en el juicio que una noche de copas despu\\u00e9s del crimen Dave V. le coment\\u00f3 que hab\\u00eda sido el autor del asesinato de la joven, algo ante lo que se qued\\u00f3 perplejo. \\\"Est\\u00e1bamos\",\"inLanguage\":\"es-ES\",\"isPartOf\":{\"@id\":\"https:\\\/\\\/eldigitaldeasturias.com\\\/magazine365\\\/#website\"},\"breadcrumb\":{\"@id\":\"https:\\\/\\\/eldigitaldeasturias.com\\\/magazine365\\\/un-testigo-protegido-afirma-que-el-presunto-asesino-de-la-turista-danesa-en-2014-le-confeso-el-crimen\\\/#breadcrumblist\"},\"author\":{\"@id\":\"https:\\\/\\\/eldigitaldeasturias.com\\\/magazine365\\\/author\\\/admin\\\/#author\"},\"creator\":{\"@id\":\"https:\\\/\\\/eldigitaldeasturias.com\\\/magazine365\\\/author\\\/admin\\\/#author\"},\"image\":{\"@type\":\"ImageObject\",\"url\":\"https:\\\/\\\/eldigitaldeasturias.com\\\/magazine365\\\/wp-content\\\/uploads\\\/2016\\\/06\\\/fotonoticia_20160630135237_800.jpg\",\"@id\":\"https:\\\/\\\/eldigitaldeasturias.com\\\/magazine365\\\/un-testigo-protegido-afirma-que-el-presunto-asesino-de-la-turista-danesa-en-2014-le-confeso-el-crimen\\\/#mainImage\",\"width\":800,\"height\":450},\"primaryImageOfPage\":{\"@id\":\"https:\\\/\\\/eldigitaldeasturias.com\\\/magazine365\\\/un-testigo-protegido-afirma-que-el-presunto-asesino-de-la-turista-danesa-en-2014-le-confeso-el-crimen\\\/#mainImage\"},\"datePublished\":\"2016-06-30T16:12:03+02:00\",\"dateModified\":\"2016-06-30T16:27:04+02:00\"},{\"@type\":\"WebSite\",\"@id\":\"https:\\\/\\\/eldigitaldeasturias.com\\\/magazine365\\\/#website\",\"url\":\"https:\\\/\\\/eldigitaldeasturias.com\\\/magazine365\\\/\",\"name\":\"El Digital de Asturias\",\"description\":\"Revista de ocio, turismo y estilo de vida\",\"inLanguage\":\"es-ES\",\"publisher\":{\"@id\":\"https:\\\/\\\/eldigitaldeasturias.com\\\/magazine365\\\/#organization\"}}]}\n\t\t<\/script>\n\t\t<!-- All in One SEO Pro -->\r\n\t\t<title>Contin\u00faa el juicio por el asesinato de la turista danesa en 2014 | El Digital de Asturias<\/title>\n\n","aioseo_head_json":{"title":"Contin\u00faa el juicio por el asesinato de la turista danesa en 2014 | El Digital de Asturias","description":"Un vecino del asesino confeso de una turista danesa en 2014, que se encuentra en la causa como testigo protegido, ha relatado en el juicio que una noche de copas despu\u00e9s del crimen Dave V. le coment\u00f3 que hab\u00eda sido el autor del asesinato de la joven, algo ante lo que se qued\u00f3 perplejo. \"Est\u00e1bamos","canonical_url":"https:\/\/eldigitaldeasturias.com\/magazine365\/un-testigo-protegido-afirma-que-el-presunto-asesino-de-la-turista-danesa-en-2014-le-confeso-el-crimen\/","robots":"max-image-preview:large","keywords":"noticias y actualidad","webmasterTools":{"google-site-verification":"UA-38556648-1","miscellaneous":""},"schema":{"@context":"https:\/\/schema.org","@graph":[{"@type":"Article","@id":"https:\/\/eldigitaldeasturias.com\/magazine365\/un-testigo-protegido-afirma-que-el-presunto-asesino-de-la-turista-danesa-en-2014-le-confeso-el-crimen\/#article","name":"Contin\u00faa el juicio por el asesinato de la turista danesa en 2014 | El Digital de Asturias","headline":"Contin\u00faa el juicio por el asesinato de la turista danesa en 2014","author":{"@id":"https:\/\/eldigitaldeasturias.com\/magazine365\/author\/admin\/#author"},"publisher":{"@id":"https:\/\/eldigitaldeasturias.com\/magazine365\/#organization"},"image":{"@type":"ImageObject","url":"https:\/\/eldigitaldeasturias.com\/magazine365\/wp-content\/uploads\/2016\/06\/fotonoticia_20160630135237_800.jpg","width":800,"height":450},"datePublished":"2016-06-30T16:12:03+02:00","dateModified":"2016-06-30T16:27:04+02:00","inLanguage":"es-ES","mainEntityOfPage":{"@id":"https:\/\/eldigitaldeasturias.com\/magazine365\/un-testigo-protegido-afirma-que-el-presunto-asesino-de-la-turista-danesa-en-2014-le-confeso-el-crimen\/#webpage"},"isPartOf":{"@id":"https:\/\/eldigitaldeasturias.com\/magazine365\/un-testigo-protegido-afirma-que-el-presunto-asesino-de-la-turista-danesa-en-2014-le-confeso-el-crimen\/#webpage"},"articleSection":"Noticias y Actualidad"},{"@type":"BreadcrumbList","@id":"https:\/\/eldigitaldeasturias.com\/magazine365\/un-testigo-protegido-afirma-que-el-presunto-asesino-de-la-turista-danesa-en-2014-le-confeso-el-crimen\/#breadcrumblist","itemListElement":[{"@type":"ListItem","@id":"https:\/\/eldigitaldeasturias.com\/magazine365#listItem","position":1,"name":"Home","item":"https:\/\/eldigitaldeasturias.com\/magazine365","nextItem":{"@type":"ListItem","@id":"https:\/\/eldigitaldeasturias.com\/magazine365\/category\/noticias-actualidad\/#listItem","name":"Noticias y Actualidad"}},{"@type":"ListItem","@id":"https:\/\/eldigitaldeasturias.com\/magazine365\/category\/noticias-actualidad\/#listItem","position":2,"name":"Noticias y Actualidad","item":"https:\/\/eldigitaldeasturias.com\/magazine365\/category\/noticias-actualidad\/","nextItem":{"@type":"ListItem","@id":"https:\/\/eldigitaldeasturias.com\/magazine365\/un-testigo-protegido-afirma-que-el-presunto-asesino-de-la-turista-danesa-en-2014-le-confeso-el-crimen\/#listItem","name":"Contin\u00faa el juicio por el asesinato de la turista danesa en 2014"},"previousItem":{"@type":"ListItem","@id":"https:\/\/eldigitaldeasturias.com\/magazine365#listItem","name":"Home"}},{"@type":"ListItem","@id":"https:\/\/eldigitaldeasturias.com\/magazine365\/un-testigo-protegido-afirma-que-el-presunto-asesino-de-la-turista-danesa-en-2014-le-confeso-el-crimen\/#listItem","position":3,"name":"Contin\u00faa el juicio por el asesinato de la turista danesa en 2014","previousItem":{"@type":"ListItem","@id":"https:\/\/eldigitaldeasturias.com\/magazine365\/category\/noticias-actualidad\/#listItem","name":"Noticias y Actualidad"}}]},{"@type":"Organization","@id":"https:\/\/eldigitaldeasturias.com\/magazine365\/#organization","name":"El digital de Asturias","description":"Revista de ocio, turismo y estilo de vida","url":"https:\/\/eldigitaldeasturias.com\/magazine365\/","logo":{"@type":"ImageObject","url":"https:\/\/www.eldigitaldeasturias.com\/noticias\/wp-content\/uploads\/2020\/12\/EDA.jpg","@id":"https:\/\/eldigitaldeasturias.com\/magazine365\/un-testigo-protegido-afirma-que-el-presunto-asesino-de-la-turista-danesa-en-2014-le-confeso-el-crimen\/#organizationLogo"},"image":{"@id":"https:\/\/eldigitaldeasturias.com\/magazine365\/un-testigo-protegido-afirma-que-el-presunto-asesino-de-la-turista-danesa-en-2014-le-confeso-el-crimen\/#organizationLogo"}},{"@type":"Person","@id":"https:\/\/eldigitaldeasturias.com\/magazine365\/author\/admin\/#author","url":"https:\/\/eldigitaldeasturias.com\/magazine365\/author\/admin\/","name":"admin","image":{"@type":"ImageObject","@id":"https:\/\/eldigitaldeasturias.com\/magazine365\/un-testigo-protegido-afirma-que-el-presunto-asesino-de-la-turista-danesa-en-2014-le-confeso-el-crimen\/#authorImage","url":"https:\/\/eldigitaldeasturias.com\/magazine365\/wp-content\/litespeed\/avatar\/e571bcf59a0edd6fa6838245a470f2fe.jpg?ver=1776969259","width":96,"height":96,"caption":"admin"}},{"@type":"WebPage","@id":"https:\/\/eldigitaldeasturias.com\/magazine365\/un-testigo-protegido-afirma-que-el-presunto-asesino-de-la-turista-danesa-en-2014-le-confeso-el-crimen\/#webpage","url":"https:\/\/eldigitaldeasturias.com\/magazine365\/un-testigo-protegido-afirma-que-el-presunto-asesino-de-la-turista-danesa-en-2014-le-confeso-el-crimen\/","name":"Contin\u00faa el juicio por el asesinato de la turista danesa en 2014 | El Digital de Asturias","description":"Un vecino del asesino confeso de una turista danesa en 2014, que se encuentra en la causa como testigo protegido, ha relatado en el juicio que una noche de copas despu\u00e9s del crimen Dave V. le coment\u00f3 que hab\u00eda sido el autor del asesinato de la joven, algo ante lo que se qued\u00f3 perplejo. \"Est\u00e1bamos","inLanguage":"es-ES","isPartOf":{"@id":"https:\/\/eldigitaldeasturias.com\/magazine365\/#website"},"breadcrumb":{"@id":"https:\/\/eldigitaldeasturias.com\/magazine365\/un-testigo-protegido-afirma-que-el-presunto-asesino-de-la-turista-danesa-en-2014-le-confeso-el-crimen\/#breadcrumblist"},"author":{"@id":"https:\/\/eldigitaldeasturias.com\/magazine365\/author\/admin\/#author"},"creator":{"@id":"https:\/\/eldigitaldeasturias.com\/magazine365\/author\/admin\/#author"},"image":{"@type":"ImageObject","url":"https:\/\/eldigitaldeasturias.com\/magazine365\/wp-content\/uploads\/2016\/06\/fotonoticia_20160630135237_800.jpg","@id":"https:\/\/eldigitaldeasturias.com\/magazine365\/un-testigo-protegido-afirma-que-el-presunto-asesino-de-la-turista-danesa-en-2014-le-confeso-el-crimen\/#mainImage","width":800,"height":450},"primaryImageOfPage":{"@id":"https:\/\/eldigitaldeasturias.com\/magazine365\/un-testigo-protegido-afirma-que-el-presunto-asesino-de-la-turista-danesa-en-2014-le-confeso-el-crimen\/#mainImage"},"datePublished":"2016-06-30T16:12:03+02:00","dateModified":"2016-06-30T16:27:04+02:00"},{"@type":"WebSite","@id":"https:\/\/eldigitaldeasturias.com\/magazine365\/#website","url":"https:\/\/eldigitaldeasturias.com\/magazine365\/","name":"El Digital de Asturias","description":"Revista de ocio, turismo y estilo de vida","inLanguage":"es-ES","publisher":{"@id":"https:\/\/eldigitaldeasturias.com\/magazine365\/#organization"}}]},"og:locale":"es_ES","og:site_name":"El Digital de Asturias \u2013 Revista de ocio, turismo y estilo de vida","og:type":"article","og:title":"Contin\u00faa el juicio por el asesinato de la turista danesa en 2014 | El Digital de Asturias","og:description":"Un vecino del asesino confeso de una turista danesa en 2014, que se encuentra en la causa como testigo protegido, ha relatado en el juicio que una noche de copas despu\u00e9s del crimen Dave V. le coment\u00f3 que hab\u00eda sido el autor del asesinato de la joven, algo ante lo que se qued\u00f3 perplejo. &quot;Est\u00e1bamos","og:url":"https:\/\/eldigitaldeasturias.com\/magazine365\/un-testigo-protegido-afirma-que-el-presunto-asesino-de-la-turista-danesa-en-2014-le-confeso-el-crimen\/","og:image":"https:\/\/eldigitaldeasturias.com\/magazine365\/wp-content\/uploads\/2016\/06\/fotonoticia_20160630135237_800.jpg","og:image:secure_url":"https:\/\/eldigitaldeasturias.com\/magazine365\/wp-content\/uploads\/2016\/06\/fotonoticia_20160630135237_800.jpg","og:image:width":800,"og:image:height":450,"article:published_time":"2016-06-30T14:12:03+00:00","article:modified_time":"2016-06-30T14:27:04+00:00","twitter:card":"summary_large_image","twitter:title":"Contin\u00faa el juicio por el asesinato de la turista danesa en 2014 | El Digital de Asturias","twitter:description":"Un vecino del asesino confeso de una turista danesa en 2014, que se encuentra en la causa como testigo protegido, ha relatado en el juicio que una noche de copas despu\u00e9s del crimen Dave V. le coment\u00f3 que hab\u00eda sido el autor del asesinato de la joven, algo ante lo que se qued\u00f3 perplejo. &quot;Est\u00e1bamos","twitter:image":"https:\/\/eldigitaldeasturias.com\/magazine365\/wp-content\/uploads\/2016\/06\/fotonoticia_20160630135237_800.jpg"},"aioseo_meta_data":{"post_id":"81257","title":null,"description":null,"keywords":null,"keyphrases":null,"primary_term":null,"canonical_url":null,"og_title":null,"og_description":null,"og_object_type":"default","og_image_type":"default","og_image_url":null,"og_image_width":null,"og_image_height":null,"og_image_custom_url":null,"og_image_custom_fields":null,"og_video":null,"og_custom_url":null,"og_article_section":null,"og_article_tags":null,"twitter_use_og":false,"twitter_card":"default","twitter_image_type":"default","twitter_image_url":null,"twitter_image_custom_url":null,"twitter_image_custom_fields":null,"twitter_title":null,"twitter_description":null,"schema":{"blockGraphs":[],"customGraphs":[],"default":{"data":{"Article":[],"Course":[],"Dataset":[],"FAQPage":[],"Movie":[],"Person":[],"Product":[],"ProductReview":[],"Car":[],"Recipe":[],"Service":[],"SoftwareApplication":[],"WebPage":[]},"graphName":"","isEnabled":true},"graphs":[],"defaultGraph":"","defaultPostTypeGraph":""},"schema_type":null,"schema_type_options":null,"pillar_content":false,"robots_default":true,"robots_noindex":false,"robots_noarchive":false,"robots_nosnippet":false,"robots_nofollow":false,"robots_noimageindex":false,"robots_noodp":false,"robots_notranslate":false,"robots_max_snippet":null,"robots_max_videopreview":null,"robots_max_imagepreview":"large","priority":null,"frequency":null,"location":null,"local_seo":null,"seo_analyzer_scan_date":"2025-09-27 22:33:42","breadcrumb_settings":null,"limit_modified_date":false,"open_ai":null,"ai":null,"created":"2021-03-08 17:19:40","updated":"2025-09-27 22:33:42"},"aioseo_breadcrumb":"<div class=\"aioseo-breadcrumbs\"><span class=\"aioseo-breadcrumb\">\n\t<a href=\"https:\/\/eldigitaldeasturias.com\/magazine365\" title=\"Home\">Home<\/a>\n<\/span><span class=\"aioseo-breadcrumb-separator\">\u2013<\/span><span class=\"aioseo-breadcrumb\">\n\t<a href=\"https:\/\/eldigitaldeasturias.com\/magazine365\/category\/noticias-actualidad\/\" title=\"Noticias y Actualidad\">Noticias y Actualidad<\/a>\n<\/span><span class=\"aioseo-breadcrumb-separator\">\u2013<\/span><span class=\"aioseo-breadcrumb\">\n\t<a href=\"https:\/\/eldigitaldeasturias.com\/magazine365\/un-testigo-protegido-afirma-que-el-presunto-asesino-de-la-turista-danesa-en-2014-le-confeso-el-crimen\/\" title=\"Contin\u00faa el juicio por el asesinato de la turista danesa en 2014\">Contin\u00faa el juicio por el asesinato de la turista danesa en 2014<\/a>\n<\/span><\/div>","aioseo_breadcrumb_json":[{"label":"Home","link":"https:\/\/eldigitaldeasturias.com\/magazine365"},{"label":"Noticias y Actualidad","link":"https:\/\/eldigitaldeasturias.com\/magazine365\/category\/noticias-actualidad\/"},{"label":"Contin\u00faa el juicio por el asesinato de la turista danesa en 2014","link":"https:\/\/eldigitaldeasturias.com\/magazine365\/un-testigo-protegido-afirma-que-el-presunto-asesino-de-la-turista-danesa-en-2014-le-confeso-el-crimen\/"}],"_links":{"self":[{"href":"https:\/\/eldigitaldeasturias.com\/magazine365\/wp-json\/wp\/v2\/posts\/81257","targetHints":{"allow":["GET"]}}],"collection":[{"href":"https:\/\/eldigitaldeasturias.com\/magazine365\/wp-json\/wp\/v2\/posts"}],"about":[{"href":"https:\/\/eldigitaldeasturias.com\/magazine365\/wp-json\/wp\/v2\/types\/post"}],"author":[{"embeddable":true,"href":"https:\/\/eldigitaldeasturias.com\/magazine365\/wp-json\/wp\/v2\/users\/1"}],"replies":[{"embeddable":true,"href":"https:\/\/eldigitaldeasturias.com\/magazine365\/wp-json\/wp\/v2\/comments?post=81257"}],"version-history":[{"count":0,"href":"https:\/\/eldigitaldeasturias.com\/magazine365\/wp-json\/wp\/v2\/posts\/81257\/revisions"}],"wp:featuredmedia":[{"embeddable":true,"href":"https:\/\/eldigitaldeasturias.com\/magazine365\/wp-json\/wp\/v2\/media\/81258"}],"wp:attachment":[{"href":"https:\/\/eldigitaldeasturias.com\/magazine365\/wp-json\/wp\/v2\/media?parent=81257"}],"wp:term":[{"taxonomy":"category","embeddable":true,"href":"https:\/\/eldigitaldeasturias.com\/magazine365\/wp-json\/wp\/v2\/categories?post=81257"},{"taxonomy":"post_tag","embeddable":true,"href":"https:\/\/eldigitaldeasturias.com\/magazine365\/wp-json\/wp\/v2\/tags?post=81257"}],"curies":[{"name":"wp","href":"https:\/\/api.w.org\/{rel}","templated":true}]}}