{"id":81250,"date":"2016-06-30T16:10:03","date_gmt":"2016-06-30T14:10:03","guid":{"rendered":"http:\/\/eldigitaldeasturias.com\/magazine365\/?p=81250"},"modified":"2016-06-30T16:10:03","modified_gmt":"2016-06-30T14:10:03","slug":"pierre-vacances-inaugura-tras-una-renovacion-integral-el-complejo-estartit-playa","status":"publish","type":"post","link":"https:\/\/eldigitaldeasturias.com\/magazine365\/pierre-vacances-inaugura-tras-una-renovacion-integral-el-complejo-estartit-playa\/","title":{"rendered":"Pierre &#038; Vacances inaugura tras una renovaci\u00f3n integral el complejo Estartit Playa"},"content":{"rendered":"<p><img fetchpriority=\"high\" decoding=\"async\" class=\"alignleft size-medium wp-image-81251\" src=\"https:\/\/eldigitaldeasturias.com\/magazine365\/wp-content\/uploads\/2016\/06\/fotonoticia_20160630134806_800-360x248.jpg\" alt=\"fotonoticia_20160630134806_800\" width=\"360\" height=\"248\" srcset=\"https:\/\/eldigitaldeasturias.com\/magazine365\/wp-content\/uploads\/2016\/06\/fotonoticia_20160630134806_800-360x248.jpg 360w, https:\/\/eldigitaldeasturias.com\/magazine365\/wp-content\/uploads\/2016\/06\/fotonoticia_20160630134806_800-650x449.jpg 650w, https:\/\/eldigitaldeasturias.com\/magazine365\/wp-content\/uploads\/2016\/06\/fotonoticia_20160630134806_800-768x530.jpg 768w, https:\/\/eldigitaldeasturias.com\/magazine365\/wp-content\/uploads\/2016\/06\/fotonoticia_20160630134806_800-150x104.jpg 150w, https:\/\/eldigitaldeasturias.com\/magazine365\/wp-content\/uploads\/2016\/06\/fotonoticia_20160630134806_800-450x311.jpg 450w, https:\/\/eldigitaldeasturias.com\/magazine365\/wp-content\/uploads\/2016\/06\/fotonoticia_20160630134806_800.jpg 800w\" sizes=\"(max-width: 360px) 100vw, 360px\" \/>El Grupo Pierre &amp; Vacances Center Parcs ha anunciado la inauguraci\u00f3n de un nuevo complejo completamente reformado de 60 apartamentos en L&#8217;Estartit, el tercero que abre el grupo franc\u00e9s en la localidad gerundense.<\/p>\n<p>El nuevo establecimiento se compone de un edificio de cuatro plantas con apartamentos con capacidad desde cuatro a seis personas. Ubicado a tan s\u00f3lo 250 metros de la playa &#8216;P&amp;V Estartit Playa&#8217; cuenta adem\u00e1s con una piscina exterior, as\u00ed como amplios espacios comunes.<\/p>\n<p>Esta incorporaci\u00f3n fortalece la presencia de Pierre &amp; Vacances en la Costa de Brava y en la localidad de l&#8217;Estartit, donde el grupo tambi\u00e9n cuenta con &#8216;Pierre &amp; Vacances Estartit Costa&#8217;, un complejo de 43 apartamentos inaugurado en 2012, y con &#8216;Maeva Estartit&#8217;, inaugurado el pasado mes de abril y que est\u00e1 compuesto por 137 apartamentos.<\/p>\n<p>A lo largo del \u00faltimo a\u00f1o, el grupo franc\u00e9s ha consolidado su presencia en Espa\u00f1a y Andorra con la incorporaci\u00f3n de 5 nuevos complejos a su portafolio, que se traducen en m\u00e1s de 600 apartamentos, lo que supone un incremento de la capacidad de alojamiento del 19%.<\/p>\n","protected":false},"excerpt":{"rendered":"<p>El Grupo Pierre &amp; Vacances Center Parcs ha anunciado la inauguraci\u00f3n de un nuevo complejo completamente reformado de 60 apartamentos en L&#8217;Estartit, el tercero que abre el grupo franc\u00e9s en la localidad gerundense. El nuevo establecimiento se compone de un edificio de cuatro plantas con apartamentos con capacidad desde cuatro a seis personas. Ubicado a<\/p>\n","protected":false},"author":1,"featured_media":81251,"comment_status":"open","ping_status":"closed","sticky":false,"template":"","format":"standard","meta":{"footnotes":""},"categories":[224],"tags":[],"class_list":{"0":"post-81250","1":"post","2":"type-post","3":"status-publish","4":"format-standard","5":"has-post-thumbnail","7":"category-noticias-actualidad"},"aioseo_notices":[],"aioseo_head":"\n\t\t<!-- All in One SEO Pro 4.9.6.1 - aioseo.com -->\n\t<meta name=\"description\" content=\"El Grupo Pierre &amp; Vacances Center Parcs ha anunciado la inauguraci\u00f3n de un nuevo complejo completamente reformado de 60 apartamentos en L&#039;Estartit, el tercero que abre el grupo franc\u00e9s en la localidad gerundense. El nuevo establecimiento se compone de un edificio de cuatro plantas con apartamentos con capacidad desde cuatro a seis personas. Ubicado a\" \/>\n\t<meta name=\"robots\" content=\"max-image-preview:large\" \/>\n\t<meta name=\"author\" content=\"admin\"\/>\n\t<meta name=\"google-site-verification\" content=\"UA-38556648-1\" \/>\n\t<meta name=\"keywords\" content=\"noticias y actualidad\" \/>\n\t<link rel=\"canonical\" href=\"https:\/\/eldigitaldeasturias.com\/magazine365\/pierre-vacances-inaugura-tras-una-renovacion-integral-el-complejo-estartit-playa\/\" \/>\n\t<meta name=\"generator\" content=\"All in One SEO Pro (AIOSEO) 4.9.6.1\" \/>\n\t\t<meta property=\"og:locale\" content=\"es_ES\" \/>\n\t\t<meta property=\"og:site_name\" content=\"El Digital de Asturias \u2013 Revista de ocio, turismo y estilo de vida\" \/>\n\t\t<meta property=\"og:type\" content=\"article\" \/>\n\t\t<meta property=\"og:title\" content=\"Pierre &amp; Vacances inaugura tras una renovaci\u00f3n integral el complejo Estartit Playa | El Digital de Asturias\" \/>\n\t\t<meta property=\"og:description\" content=\"El Grupo Pierre &amp; Vacances Center Parcs ha anunciado la inauguraci\u00f3n de un nuevo complejo completamente reformado de 60 apartamentos en L&#039;Estartit, el tercero que abre el grupo franc\u00e9s en la localidad gerundense. El nuevo establecimiento se compone de un edificio de cuatro plantas con apartamentos con capacidad desde cuatro a seis personas. Ubicado a\" \/>\n\t\t<meta property=\"og:url\" content=\"https:\/\/eldigitaldeasturias.com\/magazine365\/pierre-vacances-inaugura-tras-una-renovacion-integral-el-complejo-estartit-playa\/\" \/>\n\t\t<meta property=\"og:image\" content=\"https:\/\/eldigitaldeasturias.com\/magazine365\/wp-content\/uploads\/2016\/06\/fotonoticia_20160630134806_800.jpg\" \/>\n\t\t<meta property=\"og:image:secure_url\" content=\"https:\/\/eldigitaldeasturias.com\/magazine365\/wp-content\/uploads\/2016\/06\/fotonoticia_20160630134806_800.jpg\" \/>\n\t\t<meta property=\"og:image:width\" content=\"800\" \/>\n\t\t<meta property=\"og:image:height\" content=\"552\" \/>\n\t\t<meta property=\"article:published_time\" content=\"2016-06-30T14:10:03+00:00\" \/>\n\t\t<meta property=\"article:modified_time\" content=\"2016-06-30T14:10:03+00:00\" \/>\n\t\t<meta name=\"twitter:card\" content=\"summary_large_image\" \/>\n\t\t<meta name=\"twitter:title\" content=\"Pierre &amp; Vacances inaugura tras una renovaci\u00f3n integral el complejo Estartit Playa | El Digital de Asturias\" \/>\n\t\t<meta name=\"twitter:description\" content=\"El Grupo Pierre &amp; Vacances Center Parcs ha anunciado la inauguraci\u00f3n de un nuevo complejo completamente reformado de 60 apartamentos en L&#039;Estartit, el tercero que abre el grupo franc\u00e9s en la localidad gerundense. El nuevo establecimiento se compone de un edificio de cuatro plantas con apartamentos con capacidad desde cuatro a seis personas. Ubicado a\" \/>\n\t\t<meta name=\"twitter:image\" content=\"https:\/\/eldigitaldeasturias.com\/magazine365\/wp-content\/uploads\/2016\/06\/fotonoticia_20160630134806_800.jpg\" \/>\n\t\t<script type=\"application\/ld+json\" class=\"aioseo-schema\">\n\t\t\t{\"@context\":\"https:\\\/\\\/schema.org\",\"@graph\":[{\"@type\":\"Article\",\"@id\":\"https:\\\/\\\/eldigitaldeasturias.com\\\/magazine365\\\/pierre-vacances-inaugura-tras-una-renovacion-integral-el-complejo-estartit-playa\\\/#article\",\"name\":\"Pierre & Vacances inaugura tras una renovaci\\u00f3n integral el complejo Estartit Playa | El Digital de Asturias\",\"headline\":\"Pierre &#038; Vacances inaugura tras una renovaci\\u00f3n integral el complejo Estartit Playa\",\"author\":{\"@id\":\"https:\\\/\\\/eldigitaldeasturias.com\\\/magazine365\\\/author\\\/admin\\\/#author\"},\"publisher\":{\"@id\":\"https:\\\/\\\/eldigitaldeasturias.com\\\/magazine365\\\/#organization\"},\"image\":{\"@type\":\"ImageObject\",\"url\":\"https:\\\/\\\/eldigitaldeasturias.com\\\/magazine365\\\/wp-content\\\/uploads\\\/2016\\\/06\\\/fotonoticia_20160630134806_800.jpg\",\"width\":800,\"height\":552},\"datePublished\":\"2016-06-30T16:10:03+02:00\",\"dateModified\":\"2016-06-30T16:10:03+02:00\",\"inLanguage\":\"es-ES\",\"mainEntityOfPage\":{\"@id\":\"https:\\\/\\\/eldigitaldeasturias.com\\\/magazine365\\\/pierre-vacances-inaugura-tras-una-renovacion-integral-el-complejo-estartit-playa\\\/#webpage\"},\"isPartOf\":{\"@id\":\"https:\\\/\\\/eldigitaldeasturias.com\\\/magazine365\\\/pierre-vacances-inaugura-tras-una-renovacion-integral-el-complejo-estartit-playa\\\/#webpage\"},\"articleSection\":\"Noticias y Actualidad\"},{\"@type\":\"BreadcrumbList\",\"@id\":\"https:\\\/\\\/eldigitaldeasturias.com\\\/magazine365\\\/pierre-vacances-inaugura-tras-una-renovacion-integral-el-complejo-estartit-playa\\\/#breadcrumblist\",\"itemListElement\":[{\"@type\":\"ListItem\",\"@id\":\"https:\\\/\\\/eldigitaldeasturias.com\\\/magazine365#listItem\",\"position\":1,\"name\":\"Home\",\"item\":\"https:\\\/\\\/eldigitaldeasturias.com\\\/magazine365\",\"nextItem\":{\"@type\":\"ListItem\",\"@id\":\"https:\\\/\\\/eldigitaldeasturias.com\\\/magazine365\\\/category\\\/noticias-actualidad\\\/#listItem\",\"name\":\"Noticias y Actualidad\"}},{\"@type\":\"ListItem\",\"@id\":\"https:\\\/\\\/eldigitaldeasturias.com\\\/magazine365\\\/category\\\/noticias-actualidad\\\/#listItem\",\"position\":2,\"name\":\"Noticias y Actualidad\",\"item\":\"https:\\\/\\\/eldigitaldeasturias.com\\\/magazine365\\\/category\\\/noticias-actualidad\\\/\",\"nextItem\":{\"@type\":\"ListItem\",\"@id\":\"https:\\\/\\\/eldigitaldeasturias.com\\\/magazine365\\\/pierre-vacances-inaugura-tras-una-renovacion-integral-el-complejo-estartit-playa\\\/#listItem\",\"name\":\"Pierre &#038; Vacances inaugura tras una renovaci\\u00f3n integral el complejo Estartit Playa\"},\"previousItem\":{\"@type\":\"ListItem\",\"@id\":\"https:\\\/\\\/eldigitaldeasturias.com\\\/magazine365#listItem\",\"name\":\"Home\"}},{\"@type\":\"ListItem\",\"@id\":\"https:\\\/\\\/eldigitaldeasturias.com\\\/magazine365\\\/pierre-vacances-inaugura-tras-una-renovacion-integral-el-complejo-estartit-playa\\\/#listItem\",\"position\":3,\"name\":\"Pierre &#038; Vacances inaugura tras una renovaci\\u00f3n integral el complejo Estartit Playa\",\"previousItem\":{\"@type\":\"ListItem\",\"@id\":\"https:\\\/\\\/eldigitaldeasturias.com\\\/magazine365\\\/category\\\/noticias-actualidad\\\/#listItem\",\"name\":\"Noticias y Actualidad\"}}]},{\"@type\":\"Organization\",\"@id\":\"https:\\\/\\\/eldigitaldeasturias.com\\\/magazine365\\\/#organization\",\"name\":\"El digital de Asturias\",\"description\":\"Revista de ocio, turismo y estilo de vida\",\"url\":\"https:\\\/\\\/eldigitaldeasturias.com\\\/magazine365\\\/\",\"logo\":{\"@type\":\"ImageObject\",\"url\":\"https:\\\/\\\/www.eldigitaldeasturias.com\\\/noticias\\\/wp-content\\\/uploads\\\/2020\\\/12\\\/EDA.jpg\",\"@id\":\"https:\\\/\\\/eldigitaldeasturias.com\\\/magazine365\\\/pierre-vacances-inaugura-tras-una-renovacion-integral-el-complejo-estartit-playa\\\/#organizationLogo\"},\"image\":{\"@id\":\"https:\\\/\\\/eldigitaldeasturias.com\\\/magazine365\\\/pierre-vacances-inaugura-tras-una-renovacion-integral-el-complejo-estartit-playa\\\/#organizationLogo\"}},{\"@type\":\"Person\",\"@id\":\"https:\\\/\\\/eldigitaldeasturias.com\\\/magazine365\\\/author\\\/admin\\\/#author\",\"url\":\"https:\\\/\\\/eldigitaldeasturias.com\\\/magazine365\\\/author\\\/admin\\\/\",\"name\":\"admin\",\"image\":{\"@type\":\"ImageObject\",\"@id\":\"https:\\\/\\\/eldigitaldeasturias.com\\\/magazine365\\\/pierre-vacances-inaugura-tras-una-renovacion-integral-el-complejo-estartit-playa\\\/#authorImage\",\"url\":\"https:\\\/\\\/eldigitaldeasturias.com\\\/magazine365\\\/wp-content\\\/litespeed\\\/avatar\\\/e571bcf59a0edd6fa6838245a470f2fe.jpg?ver=1776969259\",\"width\":96,\"height\":96,\"caption\":\"admin\"}},{\"@type\":\"WebPage\",\"@id\":\"https:\\\/\\\/eldigitaldeasturias.com\\\/magazine365\\\/pierre-vacances-inaugura-tras-una-renovacion-integral-el-complejo-estartit-playa\\\/#webpage\",\"url\":\"https:\\\/\\\/eldigitaldeasturias.com\\\/magazine365\\\/pierre-vacances-inaugura-tras-una-renovacion-integral-el-complejo-estartit-playa\\\/\",\"name\":\"Pierre & Vacances inaugura tras una renovaci\\u00f3n integral el complejo Estartit Playa | El Digital de Asturias\",\"description\":\"El Grupo Pierre & Vacances Center Parcs ha anunciado la inauguraci\\u00f3n de un nuevo complejo completamente reformado de 60 apartamentos en L'Estartit, el tercero que abre el grupo franc\\u00e9s en la localidad gerundense. El nuevo establecimiento se compone de un edificio de cuatro plantas con apartamentos con capacidad desde cuatro a seis personas. Ubicado a\",\"inLanguage\":\"es-ES\",\"isPartOf\":{\"@id\":\"https:\\\/\\\/eldigitaldeasturias.com\\\/magazine365\\\/#website\"},\"breadcrumb\":{\"@id\":\"https:\\\/\\\/eldigitaldeasturias.com\\\/magazine365\\\/pierre-vacances-inaugura-tras-una-renovacion-integral-el-complejo-estartit-playa\\\/#breadcrumblist\"},\"author\":{\"@id\":\"https:\\\/\\\/eldigitaldeasturias.com\\\/magazine365\\\/author\\\/admin\\\/#author\"},\"creator\":{\"@id\":\"https:\\\/\\\/eldigitaldeasturias.com\\\/magazine365\\\/author\\\/admin\\\/#author\"},\"image\":{\"@type\":\"ImageObject\",\"url\":\"https:\\\/\\\/eldigitaldeasturias.com\\\/magazine365\\\/wp-content\\\/uploads\\\/2016\\\/06\\\/fotonoticia_20160630134806_800.jpg\",\"@id\":\"https:\\\/\\\/eldigitaldeasturias.com\\\/magazine365\\\/pierre-vacances-inaugura-tras-una-renovacion-integral-el-complejo-estartit-playa\\\/#mainImage\",\"width\":800,\"height\":552},\"primaryImageOfPage\":{\"@id\":\"https:\\\/\\\/eldigitaldeasturias.com\\\/magazine365\\\/pierre-vacances-inaugura-tras-una-renovacion-integral-el-complejo-estartit-playa\\\/#mainImage\"},\"datePublished\":\"2016-06-30T16:10:03+02:00\",\"dateModified\":\"2016-06-30T16:10:03+02:00\"},{\"@type\":\"WebSite\",\"@id\":\"https:\\\/\\\/eldigitaldeasturias.com\\\/magazine365\\\/#website\",\"url\":\"https:\\\/\\\/eldigitaldeasturias.com\\\/magazine365\\\/\",\"name\":\"El Digital de Asturias\",\"description\":\"Revista de ocio, turismo y estilo de vida\",\"inLanguage\":\"es-ES\",\"publisher\":{\"@id\":\"https:\\\/\\\/eldigitaldeasturias.com\\\/magazine365\\\/#organization\"}}]}\n\t\t<\/script>\n\t\t<!-- All in One SEO Pro -->\r\n\t\t<title>Pierre &amp; Vacances inaugura tras una renovaci\u00f3n integral el complejo Estartit Playa | El Digital de Asturias<\/title>\n\n","aioseo_head_json":{"title":"Pierre & Vacances inaugura tras una renovaci\u00f3n integral el complejo Estartit Playa | El Digital de Asturias","description":"El Grupo Pierre & Vacances Center Parcs ha anunciado la inauguraci\u00f3n de un nuevo complejo completamente reformado de 60 apartamentos en L'Estartit, el tercero que abre el grupo franc\u00e9s en la localidad gerundense. El nuevo establecimiento se compone de un edificio de cuatro plantas con apartamentos con capacidad desde cuatro a seis personas. Ubicado a","canonical_url":"https:\/\/eldigitaldeasturias.com\/magazine365\/pierre-vacances-inaugura-tras-una-renovacion-integral-el-complejo-estartit-playa\/","robots":"max-image-preview:large","keywords":"noticias y actualidad","webmasterTools":{"google-site-verification":"UA-38556648-1","miscellaneous":""},"schema":{"@context":"https:\/\/schema.org","@graph":[{"@type":"Article","@id":"https:\/\/eldigitaldeasturias.com\/magazine365\/pierre-vacances-inaugura-tras-una-renovacion-integral-el-complejo-estartit-playa\/#article","name":"Pierre & Vacances inaugura tras una renovaci\u00f3n integral el complejo Estartit Playa | El Digital de Asturias","headline":"Pierre &#038; Vacances inaugura tras una renovaci\u00f3n integral el complejo Estartit Playa","author":{"@id":"https:\/\/eldigitaldeasturias.com\/magazine365\/author\/admin\/#author"},"publisher":{"@id":"https:\/\/eldigitaldeasturias.com\/magazine365\/#organization"},"image":{"@type":"ImageObject","url":"https:\/\/eldigitaldeasturias.com\/magazine365\/wp-content\/uploads\/2016\/06\/fotonoticia_20160630134806_800.jpg","width":800,"height":552},"datePublished":"2016-06-30T16:10:03+02:00","dateModified":"2016-06-30T16:10:03+02:00","inLanguage":"es-ES","mainEntityOfPage":{"@id":"https:\/\/eldigitaldeasturias.com\/magazine365\/pierre-vacances-inaugura-tras-una-renovacion-integral-el-complejo-estartit-playa\/#webpage"},"isPartOf":{"@id":"https:\/\/eldigitaldeasturias.com\/magazine365\/pierre-vacances-inaugura-tras-una-renovacion-integral-el-complejo-estartit-playa\/#webpage"},"articleSection":"Noticias y Actualidad"},{"@type":"BreadcrumbList","@id":"https:\/\/eldigitaldeasturias.com\/magazine365\/pierre-vacances-inaugura-tras-una-renovacion-integral-el-complejo-estartit-playa\/#breadcrumblist","itemListElement":[{"@type":"ListItem","@id":"https:\/\/eldigitaldeasturias.com\/magazine365#listItem","position":1,"name":"Home","item":"https:\/\/eldigitaldeasturias.com\/magazine365","nextItem":{"@type":"ListItem","@id":"https:\/\/eldigitaldeasturias.com\/magazine365\/category\/noticias-actualidad\/#listItem","name":"Noticias y Actualidad"}},{"@type":"ListItem","@id":"https:\/\/eldigitaldeasturias.com\/magazine365\/category\/noticias-actualidad\/#listItem","position":2,"name":"Noticias y Actualidad","item":"https:\/\/eldigitaldeasturias.com\/magazine365\/category\/noticias-actualidad\/","nextItem":{"@type":"ListItem","@id":"https:\/\/eldigitaldeasturias.com\/magazine365\/pierre-vacances-inaugura-tras-una-renovacion-integral-el-complejo-estartit-playa\/#listItem","name":"Pierre &#038; Vacances inaugura tras una renovaci\u00f3n integral el complejo Estartit Playa"},"previousItem":{"@type":"ListItem","@id":"https:\/\/eldigitaldeasturias.com\/magazine365#listItem","name":"Home"}},{"@type":"ListItem","@id":"https:\/\/eldigitaldeasturias.com\/magazine365\/pierre-vacances-inaugura-tras-una-renovacion-integral-el-complejo-estartit-playa\/#listItem","position":3,"name":"Pierre &#038; Vacances inaugura tras una renovaci\u00f3n integral el complejo Estartit Playa","previousItem":{"@type":"ListItem","@id":"https:\/\/eldigitaldeasturias.com\/magazine365\/category\/noticias-actualidad\/#listItem","name":"Noticias y Actualidad"}}]},{"@type":"Organization","@id":"https:\/\/eldigitaldeasturias.com\/magazine365\/#organization","name":"El digital de Asturias","description":"Revista de ocio, turismo y estilo de vida","url":"https:\/\/eldigitaldeasturias.com\/magazine365\/","logo":{"@type":"ImageObject","url":"https:\/\/www.eldigitaldeasturias.com\/noticias\/wp-content\/uploads\/2020\/12\/EDA.jpg","@id":"https:\/\/eldigitaldeasturias.com\/magazine365\/pierre-vacances-inaugura-tras-una-renovacion-integral-el-complejo-estartit-playa\/#organizationLogo"},"image":{"@id":"https:\/\/eldigitaldeasturias.com\/magazine365\/pierre-vacances-inaugura-tras-una-renovacion-integral-el-complejo-estartit-playa\/#organizationLogo"}},{"@type":"Person","@id":"https:\/\/eldigitaldeasturias.com\/magazine365\/author\/admin\/#author","url":"https:\/\/eldigitaldeasturias.com\/magazine365\/author\/admin\/","name":"admin","image":{"@type":"ImageObject","@id":"https:\/\/eldigitaldeasturias.com\/magazine365\/pierre-vacances-inaugura-tras-una-renovacion-integral-el-complejo-estartit-playa\/#authorImage","url":"https:\/\/eldigitaldeasturias.com\/magazine365\/wp-content\/litespeed\/avatar\/e571bcf59a0edd6fa6838245a470f2fe.jpg?ver=1776969259","width":96,"height":96,"caption":"admin"}},{"@type":"WebPage","@id":"https:\/\/eldigitaldeasturias.com\/magazine365\/pierre-vacances-inaugura-tras-una-renovacion-integral-el-complejo-estartit-playa\/#webpage","url":"https:\/\/eldigitaldeasturias.com\/magazine365\/pierre-vacances-inaugura-tras-una-renovacion-integral-el-complejo-estartit-playa\/","name":"Pierre & Vacances inaugura tras una renovaci\u00f3n integral el complejo Estartit Playa | El Digital de Asturias","description":"El Grupo Pierre & Vacances Center Parcs ha anunciado la inauguraci\u00f3n de un nuevo complejo completamente reformado de 60 apartamentos en L'Estartit, el tercero que abre el grupo franc\u00e9s en la localidad gerundense. El nuevo establecimiento se compone de un edificio de cuatro plantas con apartamentos con capacidad desde cuatro a seis personas. Ubicado a","inLanguage":"es-ES","isPartOf":{"@id":"https:\/\/eldigitaldeasturias.com\/magazine365\/#website"},"breadcrumb":{"@id":"https:\/\/eldigitaldeasturias.com\/magazine365\/pierre-vacances-inaugura-tras-una-renovacion-integral-el-complejo-estartit-playa\/#breadcrumblist"},"author":{"@id":"https:\/\/eldigitaldeasturias.com\/magazine365\/author\/admin\/#author"},"creator":{"@id":"https:\/\/eldigitaldeasturias.com\/magazine365\/author\/admin\/#author"},"image":{"@type":"ImageObject","url":"https:\/\/eldigitaldeasturias.com\/magazine365\/wp-content\/uploads\/2016\/06\/fotonoticia_20160630134806_800.jpg","@id":"https:\/\/eldigitaldeasturias.com\/magazine365\/pierre-vacances-inaugura-tras-una-renovacion-integral-el-complejo-estartit-playa\/#mainImage","width":800,"height":552},"primaryImageOfPage":{"@id":"https:\/\/eldigitaldeasturias.com\/magazine365\/pierre-vacances-inaugura-tras-una-renovacion-integral-el-complejo-estartit-playa\/#mainImage"},"datePublished":"2016-06-30T16:10:03+02:00","dateModified":"2016-06-30T16:10:03+02:00"},{"@type":"WebSite","@id":"https:\/\/eldigitaldeasturias.com\/magazine365\/#website","url":"https:\/\/eldigitaldeasturias.com\/magazine365\/","name":"El Digital de Asturias","description":"Revista de ocio, turismo y estilo de vida","inLanguage":"es-ES","publisher":{"@id":"https:\/\/eldigitaldeasturias.com\/magazine365\/#organization"}}]},"og:locale":"es_ES","og:site_name":"El Digital de Asturias \u2013 Revista de ocio, turismo y estilo de vida","og:type":"article","og:title":"Pierre &amp; Vacances inaugura tras una renovaci\u00f3n integral el complejo Estartit Playa | El Digital de Asturias","og:description":"El Grupo Pierre &amp; Vacances Center Parcs ha anunciado la inauguraci\u00f3n de un nuevo complejo completamente reformado de 60 apartamentos en L'Estartit, el tercero que abre el grupo franc\u00e9s en la localidad gerundense. El nuevo establecimiento se compone de un edificio de cuatro plantas con apartamentos con capacidad desde cuatro a seis personas. Ubicado a","og:url":"https:\/\/eldigitaldeasturias.com\/magazine365\/pierre-vacances-inaugura-tras-una-renovacion-integral-el-complejo-estartit-playa\/","og:image":"https:\/\/eldigitaldeasturias.com\/magazine365\/wp-content\/uploads\/2016\/06\/fotonoticia_20160630134806_800.jpg","og:image:secure_url":"https:\/\/eldigitaldeasturias.com\/magazine365\/wp-content\/uploads\/2016\/06\/fotonoticia_20160630134806_800.jpg","og:image:width":800,"og:image:height":552,"article:published_time":"2016-06-30T14:10:03+00:00","article:modified_time":"2016-06-30T14:10:03+00:00","twitter:card":"summary_large_image","twitter:title":"Pierre &amp; Vacances inaugura tras una renovaci\u00f3n integral el complejo Estartit Playa | El Digital de Asturias","twitter:description":"El Grupo Pierre &amp; Vacances Center Parcs ha anunciado la inauguraci\u00f3n de un nuevo complejo completamente reformado de 60 apartamentos en L'Estartit, el tercero que abre el grupo franc\u00e9s en la localidad gerundense. El nuevo establecimiento se compone de un edificio de cuatro plantas con apartamentos con capacidad desde cuatro a seis personas. Ubicado a","twitter:image":"https:\/\/eldigitaldeasturias.com\/magazine365\/wp-content\/uploads\/2016\/06\/fotonoticia_20160630134806_800.jpg"},"aioseo_meta_data":{"post_id":"81250","title":null,"description":null,"keywords":null,"keyphrases":null,"primary_term":null,"canonical_url":null,"og_title":null,"og_description":null,"og_object_type":"default","og_image_type":"default","og_image_url":null,"og_image_width":null,"og_image_height":null,"og_image_custom_url":null,"og_image_custom_fields":null,"og_video":null,"og_custom_url":null,"og_article_section":null,"og_article_tags":null,"twitter_use_og":false,"twitter_card":"default","twitter_image_type":"default","twitter_image_url":null,"twitter_image_custom_url":null,"twitter_image_custom_fields":null,"twitter_title":null,"twitter_description":null,"schema":{"blockGraphs":[],"customGraphs":[],"default":{"data":{"Article":[],"Course":[],"Dataset":[],"FAQPage":[],"Movie":[],"Person":[],"Product":[],"ProductReview":[],"Car":[],"Recipe":[],"Service":[],"SoftwareApplication":[],"WebPage":[]},"graphName":"","isEnabled":true},"graphs":[],"defaultGraph":"","defaultPostTypeGraph":""},"schema_type":null,"schema_type_options":null,"pillar_content":false,"robots_default":true,"robots_noindex":false,"robots_noarchive":false,"robots_nosnippet":false,"robots_nofollow":false,"robots_noimageindex":false,"robots_noodp":false,"robots_notranslate":false,"robots_max_snippet":null,"robots_max_videopreview":null,"robots_max_imagepreview":"large","priority":null,"frequency":null,"location":null,"local_seo":null,"seo_analyzer_scan_date":"2025-09-27 22:31:35","breadcrumb_settings":null,"limit_modified_date":false,"open_ai":null,"ai":null,"created":"2021-03-08 17:19:40","updated":"2025-09-27 22:31:35"},"aioseo_breadcrumb":"<div class=\"aioseo-breadcrumbs\"><span class=\"aioseo-breadcrumb\">\n\t<a href=\"https:\/\/eldigitaldeasturias.com\/magazine365\" title=\"Home\">Home<\/a>\n<\/span><span class=\"aioseo-breadcrumb-separator\">\u2013<\/span><span class=\"aioseo-breadcrumb\">\n\t<a href=\"https:\/\/eldigitaldeasturias.com\/magazine365\/category\/noticias-actualidad\/\" title=\"Noticias y Actualidad\">Noticias y Actualidad<\/a>\n<\/span><span class=\"aioseo-breadcrumb-separator\">\u2013<\/span><span class=\"aioseo-breadcrumb\">\n\t<a href=\"https:\/\/eldigitaldeasturias.com\/magazine365\/pierre-vacances-inaugura-tras-una-renovacion-integral-el-complejo-estartit-playa\/\" title=\"Pierre &amp; Vacances inaugura tras una renovaci\u00f3n integral el complejo Estartit Playa\">Pierre &amp; Vacances inaugura tras una renovaci\u00f3n integral el complejo Estartit Playa<\/a>\n<\/span><\/div>","aioseo_breadcrumb_json":[{"label":"Home","link":"https:\/\/eldigitaldeasturias.com\/magazine365"},{"label":"Noticias y Actualidad","link":"https:\/\/eldigitaldeasturias.com\/magazine365\/category\/noticias-actualidad\/"},{"label":"Pierre &#038; Vacances inaugura tras una renovaci\u00f3n integral el complejo Estartit Playa","link":"https:\/\/eldigitaldeasturias.com\/magazine365\/pierre-vacances-inaugura-tras-una-renovacion-integral-el-complejo-estartit-playa\/"}],"_links":{"self":[{"href":"https:\/\/eldigitaldeasturias.com\/magazine365\/wp-json\/wp\/v2\/posts\/81250","targetHints":{"allow":["GET"]}}],"collection":[{"href":"https:\/\/eldigitaldeasturias.com\/magazine365\/wp-json\/wp\/v2\/posts"}],"about":[{"href":"https:\/\/eldigitaldeasturias.com\/magazine365\/wp-json\/wp\/v2\/types\/post"}],"author":[{"embeddable":true,"href":"https:\/\/eldigitaldeasturias.com\/magazine365\/wp-json\/wp\/v2\/users\/1"}],"replies":[{"embeddable":true,"href":"https:\/\/eldigitaldeasturias.com\/magazine365\/wp-json\/wp\/v2\/comments?post=81250"}],"version-history":[{"count":0,"href":"https:\/\/eldigitaldeasturias.com\/magazine365\/wp-json\/wp\/v2\/posts\/81250\/revisions"}],"wp:featuredmedia":[{"embeddable":true,"href":"https:\/\/eldigitaldeasturias.com\/magazine365\/wp-json\/wp\/v2\/media\/81251"}],"wp:attachment":[{"href":"https:\/\/eldigitaldeasturias.com\/magazine365\/wp-json\/wp\/v2\/media?parent=81250"}],"wp:term":[{"taxonomy":"category","embeddable":true,"href":"https:\/\/eldigitaldeasturias.com\/magazine365\/wp-json\/wp\/v2\/categories?post=81250"},{"taxonomy":"post_tag","embeddable":true,"href":"https:\/\/eldigitaldeasturias.com\/magazine365\/wp-json\/wp\/v2\/tags?post=81250"}],"curies":[{"name":"wp","href":"https:\/\/api.w.org\/{rel}","templated":true}]}}