{"id":81242,"date":"2016-06-30T16:07:19","date_gmt":"2016-06-30T14:07:19","guid":{"rendered":"http:\/\/eldigitaldeasturias.com\/magazine365\/?p=81242"},"modified":"2016-06-30T20:11:41","modified_gmt":"2016-06-30T18:11:41","slug":"las-obras-del-proyecto-que-sustituira-bcn-world-empezaran-en-verano-de-2017","status":"publish","type":"post","link":"https:\/\/eldigitaldeasturias.com\/magazine365\/las-obras-del-proyecto-que-sustituira-bcn-world-empezaran-en-verano-de-2017\/","title":{"rendered":"Las obras del proyecto que sustituir\u00e1 BCN World empezar\u00e1n en verano de 2017"},"content":{"rendered":"<p><img fetchpriority=\"high\" decoding=\"async\" class=\"alignleft size-medium wp-image-81243\" src=\"https:\/\/eldigitaldeasturias.com\/magazine365\/wp-content\/uploads\/2016\/06\/fotonoticia_20160630133324_800-360x270.jpg\" alt=\"fotonoticia_20160630133324_800\" width=\"360\" height=\"270\" srcset=\"https:\/\/eldigitaldeasturias.com\/magazine365\/wp-content\/uploads\/2016\/06\/fotonoticia_20160630133324_800-360x270.jpg 360w, https:\/\/eldigitaldeasturias.com\/magazine365\/wp-content\/uploads\/2016\/06\/fotonoticia_20160630133324_800-650x488.jpg 650w, https:\/\/eldigitaldeasturias.com\/magazine365\/wp-content\/uploads\/2016\/06\/fotonoticia_20160630133324_800-768x576.jpg 768w, https:\/\/eldigitaldeasturias.com\/magazine365\/wp-content\/uploads\/2016\/06\/fotonoticia_20160630133324_800-150x113.jpg 150w, https:\/\/eldigitaldeasturias.com\/magazine365\/wp-content\/uploads\/2016\/06\/fotonoticia_20160630133324_800-450x338.jpg 450w, https:\/\/eldigitaldeasturias.com\/magazine365\/wp-content\/uploads\/2016\/06\/fotonoticia_20160630133324_800-90x67.jpg 90w, https:\/\/eldigitaldeasturias.com\/magazine365\/wp-content\/uploads\/2016\/06\/fotonoticia_20160630133324_800-164x124.jpg 164w, https:\/\/eldigitaldeasturias.com\/magazine365\/wp-content\/uploads\/2016\/06\/fotonoticia_20160630133324_800-100x75.jpg 100w, https:\/\/eldigitaldeasturias.com\/magazine365\/wp-content\/uploads\/2016\/06\/fotonoticia_20160630133324_800.jpg 800w\" sizes=\"(max-width: 360px) 100vw, 360px\" \/><\/p>\n<p>Las obras del proyecto del complejo tur\u00edstico y recreativo (CRT) de Salou y Vila-seca que sustituir\u00e1 al hasta ahora conocido como BCN World empezar\u00e1n en verano de 2017 y supondr\u00e1n una inversi\u00f3n de 2.500 millones de euros, ha anunciado este jueves el vicepresidente de la Generalitat, Oriol Junqueras.<\/p>\n<p>Lo ha dado a conocer al presentar el nuevo proyecto, que supondr\u00e1 crear 10.000 empleos y que incluye reducir a la mitad la superficie para actividades de juego, de los 60.000 metros cuadrados previstos inicialmente a 30.000 &#8211;un 4% del total de la superficie construible&#8211;, con un m\u00e1ximo de dos licencias para casinos, frente a las seis previstas en el primer proyecto.<\/p>\n<p>La rueda de prensa de Junqueras, en la sede del consorcio del CRT, ha sido despu\u00e9s de reunirse con la junta del Consorcio del Centro Recreativo y Tur\u00edstico (CRT) de Vila-seca y Salou, que ha aprobado el informe favorable al Plan Director Urban\u00edstico (PDU) de reordenaci\u00f3n de esta zona, y para la tarde est\u00e1 convocada la Comisi\u00f3n de Urbanismo del Camp de Tarragona presidida por el conseller de Territorio, Josep Rull, para aprobar inicialmente el PDU, que se prev\u00e9 aprobar definitivamente a final de a\u00f1o.<\/p>\n<p>\u00abLos proyectos anteriores conocidos como Eurovegas y BCN World est\u00e1n muertos y enterrados\u00bb, seg\u00fan Junqueras, y el nombre definitivo del proyecto lo decidir\u00e1 el inversor que se adjudique el concurso, aunque deber\u00e1 integrar alg\u00fan top\u00f3nimo de la zona donde se ubica.<\/p>\n<p>Considera el nuevo proyecto \u00abm\u00e1s realista, m\u00e1s sostenible, que da confianza a los inversores y que se integra bien en la realidad social del territorio\u00bb, y el 96% del techo edificable &#8211;que se ha reducido en un 25% en el nuevo PDU, de un mill\u00f3n de metros cuadrados a 745.000&#8211; ir\u00e1 destinado al turismo de convenciones, eventos y ocio, y, por tanto, s\u00f3lo el 4% ser\u00e1 para juego.<\/p>\n<p>El nuevo PDU tambi\u00e9n prev\u00e9 un 29% menos de espacio para hoteles respecto al planeamiento inicial, pasando de 600.000 metros cuadrados de techo edificable a 425.000 (supone un 57% del total); y se mantiene el techo destinado a usos comerciales en 50.000 metros cuadrados (el 7%) y a ocio, con 120.000 (16%).<\/p>\n<p>Junqueras ha explicado que la luz verde que se da este jueves al proyecto descarta definitivamente la propuesta de una consulta sobre el proyecto, porque hay un \u00abconsenso suficientemente amplio, tanto en el territorio como en el conjunto de Catalunya\u00bb.<\/p>\n<h2 class=\"ladillo\">CASINOS<\/h2>\n<p>Tambi\u00e9n ha dicho que los tres inversores precualificados para participar en el concurso para obtener autorizaci\u00f3n de casinos &#8211;Hard Rock, Melco y Grup Perelada, asociado con el operador malasio Genting&#8211; obtendr\u00e1n en julio el derecho de acceso a los terrenos, para lo que deber\u00e1n pagar una fianza de 2,5 millones de euros cada uno como muestra de su compromiso, hasta adjudicarse el proyecto, lo que est\u00e1 previsto para el primer semestre de 2017.<\/p>\n<p>Tener acceso al suelo es uno de los requerimientos para presentarse a la segunda fase del concurso de casinos, y la Generalitat garantizar\u00e1 al ganador o ganadores de la compra de los terrenos &#8211;Hard Rock y Melco se han presentado juntos&#8211; las mismas condiciones de la opci\u00f3n de compra que actualmente tiene el Govern sobre los terrenos de La Caixa, que se ha prorrogado hasta septiembre de 2017.<\/p>\n<p>El concurso incluye un m\u00e1ximo de dos licencias para casinos, que se har\u00edan si ganara la oferta conjunta de Melco y Hard Rock &#8211;tendr\u00edan una licencia para cada empresa&#8211;, mientras que si gana Grup Perelada se construir\u00e1 un solo casino, aunque la superficie m\u00e1xima ser\u00e1 en cualquier caso de 30.000 metros cuadrados en total.<\/p>\n","protected":false},"excerpt":{"rendered":"<p>Las obras del proyecto del complejo tur\u00edstico y recreativo (CRT) de Salou y Vila-seca que sustituir\u00e1 al hasta ahora conocido como BCN World empezar\u00e1n en verano de 2017 y supondr\u00e1n una inversi\u00f3n de 2.500 millones de euros, ha anunciado este jueves el vicepresidente de la Generalitat, Oriol Junqueras. Lo ha dado a conocer al presentar<\/p>\n","protected":false},"author":1,"featured_media":81243,"comment_status":"open","ping_status":"closed","sticky":false,"template":"","format":"standard","meta":{"footnotes":""},"categories":[224],"tags":[],"class_list":{"0":"post-81242","1":"post","2":"type-post","3":"status-publish","4":"format-standard","5":"has-post-thumbnail","7":"category-noticias-actualidad"},"aioseo_notices":[],"aioseo_head":"\n\t\t<!-- All in One SEO Pro 4.9.6.1 - aioseo.com -->\n\t<meta name=\"description\" content=\"Las obras del proyecto del complejo tur\u00edstico y recreativo (CRT) de Salou y Vila-seca que sustituir\u00e1 al hasta ahora conocido como BCN World empezar\u00e1n en verano de 2017 y supondr\u00e1n una inversi\u00f3n de 2.500 millones de euros, ha anunciado este jueves el vicepresidente de la Generalitat, Oriol Junqueras. Lo ha dado a conocer al presentar\" \/>\n\t<meta name=\"robots\" content=\"max-image-preview:large\" \/>\n\t<meta name=\"author\" content=\"admin\"\/>\n\t<meta name=\"google-site-verification\" content=\"UA-38556648-1\" \/>\n\t<meta name=\"keywords\" content=\"noticias y actualidad\" \/>\n\t<link rel=\"canonical\" href=\"https:\/\/eldigitaldeasturias.com\/magazine365\/las-obras-del-proyecto-que-sustituira-bcn-world-empezaran-en-verano-de-2017\/\" \/>\n\t<meta name=\"generator\" content=\"All in One SEO Pro (AIOSEO) 4.9.6.1\" \/>\n\t\t<meta property=\"og:locale\" content=\"es_ES\" \/>\n\t\t<meta property=\"og:site_name\" content=\"El Digital de Asturias \u2013 Revista de ocio, turismo y estilo de vida\" \/>\n\t\t<meta property=\"og:type\" content=\"article\" \/>\n\t\t<meta property=\"og:title\" content=\"Las obras del proyecto que sustituir\u00e1 BCN World empezar\u00e1n en verano de 2017 | El Digital de Asturias\" \/>\n\t\t<meta property=\"og:description\" content=\"Las obras del proyecto del complejo tur\u00edstico y recreativo (CRT) de Salou y Vila-seca que sustituir\u00e1 al hasta ahora conocido como BCN World empezar\u00e1n en verano de 2017 y supondr\u00e1n una inversi\u00f3n de 2.500 millones de euros, ha anunciado este jueves el vicepresidente de la Generalitat, Oriol Junqueras. Lo ha dado a conocer al presentar\" \/>\n\t\t<meta property=\"og:url\" content=\"https:\/\/eldigitaldeasturias.com\/magazine365\/las-obras-del-proyecto-que-sustituira-bcn-world-empezaran-en-verano-de-2017\/\" \/>\n\t\t<meta property=\"og:image\" content=\"https:\/\/eldigitaldeasturias.com\/magazine365\/wp-content\/uploads\/2016\/06\/fotonoticia_20160630133324_800.jpg\" \/>\n\t\t<meta property=\"og:image:secure_url\" content=\"https:\/\/eldigitaldeasturias.com\/magazine365\/wp-content\/uploads\/2016\/06\/fotonoticia_20160630133324_800.jpg\" \/>\n\t\t<meta property=\"og:image:width\" content=\"800\" \/>\n\t\t<meta property=\"og:image:height\" content=\"600\" \/>\n\t\t<meta property=\"article:published_time\" content=\"2016-06-30T14:07:19+00:00\" \/>\n\t\t<meta property=\"article:modified_time\" content=\"2016-06-30T18:11:41+00:00\" \/>\n\t\t<meta name=\"twitter:card\" content=\"summary_large_image\" \/>\n\t\t<meta name=\"twitter:title\" content=\"Las obras del proyecto que sustituir\u00e1 BCN World empezar\u00e1n en verano de 2017 | El Digital de Asturias\" \/>\n\t\t<meta name=\"twitter:description\" content=\"Las obras del proyecto del complejo tur\u00edstico y recreativo (CRT) de Salou y Vila-seca que sustituir\u00e1 al hasta ahora conocido como BCN World empezar\u00e1n en verano de 2017 y supondr\u00e1n una inversi\u00f3n de 2.500 millones de euros, ha anunciado este jueves el vicepresidente de la Generalitat, Oriol Junqueras. Lo ha dado a conocer al presentar\" \/>\n\t\t<meta name=\"twitter:image\" content=\"https:\/\/eldigitaldeasturias.com\/magazine365\/wp-content\/uploads\/2016\/06\/fotonoticia_20160630133324_800.jpg\" \/>\n\t\t<script type=\"application\/ld+json\" class=\"aioseo-schema\">\n\t\t\t{\"@context\":\"https:\\\/\\\/schema.org\",\"@graph\":[{\"@type\":\"Article\",\"@id\":\"https:\\\/\\\/eldigitaldeasturias.com\\\/magazine365\\\/las-obras-del-proyecto-que-sustituira-bcn-world-empezaran-en-verano-de-2017\\\/#article\",\"name\":\"Las obras del proyecto que sustituir\\u00e1 BCN World empezar\\u00e1n en verano de 2017 | El Digital de Asturias\",\"headline\":\"Las obras del proyecto que sustituir\\u00e1 BCN World empezar\\u00e1n en verano de 2017\",\"author\":{\"@id\":\"https:\\\/\\\/eldigitaldeasturias.com\\\/magazine365\\\/author\\\/admin\\\/#author\"},\"publisher\":{\"@id\":\"https:\\\/\\\/eldigitaldeasturias.com\\\/magazine365\\\/#organization\"},\"image\":{\"@type\":\"ImageObject\",\"url\":\"https:\\\/\\\/eldigitaldeasturias.com\\\/magazine365\\\/wp-content\\\/uploads\\\/2016\\\/06\\\/fotonoticia_20160630133324_800.jpg\",\"width\":800,\"height\":600},\"datePublished\":\"2016-06-30T16:07:19+02:00\",\"dateModified\":\"2016-06-30T20:11:41+02:00\",\"inLanguage\":\"es-ES\",\"mainEntityOfPage\":{\"@id\":\"https:\\\/\\\/eldigitaldeasturias.com\\\/magazine365\\\/las-obras-del-proyecto-que-sustituira-bcn-world-empezaran-en-verano-de-2017\\\/#webpage\"},\"isPartOf\":{\"@id\":\"https:\\\/\\\/eldigitaldeasturias.com\\\/magazine365\\\/las-obras-del-proyecto-que-sustituira-bcn-world-empezaran-en-verano-de-2017\\\/#webpage\"},\"articleSection\":\"Noticias y Actualidad\"},{\"@type\":\"BreadcrumbList\",\"@id\":\"https:\\\/\\\/eldigitaldeasturias.com\\\/magazine365\\\/las-obras-del-proyecto-que-sustituira-bcn-world-empezaran-en-verano-de-2017\\\/#breadcrumblist\",\"itemListElement\":[{\"@type\":\"ListItem\",\"@id\":\"https:\\\/\\\/eldigitaldeasturias.com\\\/magazine365#listItem\",\"position\":1,\"name\":\"Home\",\"item\":\"https:\\\/\\\/eldigitaldeasturias.com\\\/magazine365\",\"nextItem\":{\"@type\":\"ListItem\",\"@id\":\"https:\\\/\\\/eldigitaldeasturias.com\\\/magazine365\\\/category\\\/noticias-actualidad\\\/#listItem\",\"name\":\"Noticias y Actualidad\"}},{\"@type\":\"ListItem\",\"@id\":\"https:\\\/\\\/eldigitaldeasturias.com\\\/magazine365\\\/category\\\/noticias-actualidad\\\/#listItem\",\"position\":2,\"name\":\"Noticias y Actualidad\",\"item\":\"https:\\\/\\\/eldigitaldeasturias.com\\\/magazine365\\\/category\\\/noticias-actualidad\\\/\",\"nextItem\":{\"@type\":\"ListItem\",\"@id\":\"https:\\\/\\\/eldigitaldeasturias.com\\\/magazine365\\\/las-obras-del-proyecto-que-sustituira-bcn-world-empezaran-en-verano-de-2017\\\/#listItem\",\"name\":\"Las obras del proyecto que sustituir\\u00e1 BCN World empezar\\u00e1n en verano de 2017\"},\"previousItem\":{\"@type\":\"ListItem\",\"@id\":\"https:\\\/\\\/eldigitaldeasturias.com\\\/magazine365#listItem\",\"name\":\"Home\"}},{\"@type\":\"ListItem\",\"@id\":\"https:\\\/\\\/eldigitaldeasturias.com\\\/magazine365\\\/las-obras-del-proyecto-que-sustituira-bcn-world-empezaran-en-verano-de-2017\\\/#listItem\",\"position\":3,\"name\":\"Las obras del proyecto que sustituir\\u00e1 BCN World empezar\\u00e1n en verano de 2017\",\"previousItem\":{\"@type\":\"ListItem\",\"@id\":\"https:\\\/\\\/eldigitaldeasturias.com\\\/magazine365\\\/category\\\/noticias-actualidad\\\/#listItem\",\"name\":\"Noticias y Actualidad\"}}]},{\"@type\":\"Organization\",\"@id\":\"https:\\\/\\\/eldigitaldeasturias.com\\\/magazine365\\\/#organization\",\"name\":\"El digital de Asturias\",\"description\":\"Revista de ocio, turismo y estilo de vida\",\"url\":\"https:\\\/\\\/eldigitaldeasturias.com\\\/magazine365\\\/\",\"logo\":{\"@type\":\"ImageObject\",\"url\":\"https:\\\/\\\/www.eldigitaldeasturias.com\\\/noticias\\\/wp-content\\\/uploads\\\/2020\\\/12\\\/EDA.jpg\",\"@id\":\"https:\\\/\\\/eldigitaldeasturias.com\\\/magazine365\\\/las-obras-del-proyecto-que-sustituira-bcn-world-empezaran-en-verano-de-2017\\\/#organizationLogo\"},\"image\":{\"@id\":\"https:\\\/\\\/eldigitaldeasturias.com\\\/magazine365\\\/las-obras-del-proyecto-que-sustituira-bcn-world-empezaran-en-verano-de-2017\\\/#organizationLogo\"}},{\"@type\":\"Person\",\"@id\":\"https:\\\/\\\/eldigitaldeasturias.com\\\/magazine365\\\/author\\\/admin\\\/#author\",\"url\":\"https:\\\/\\\/eldigitaldeasturias.com\\\/magazine365\\\/author\\\/admin\\\/\",\"name\":\"admin\",\"image\":{\"@type\":\"ImageObject\",\"@id\":\"https:\\\/\\\/eldigitaldeasturias.com\\\/magazine365\\\/las-obras-del-proyecto-que-sustituira-bcn-world-empezaran-en-verano-de-2017\\\/#authorImage\",\"url\":\"https:\\\/\\\/eldigitaldeasturias.com\\\/magazine365\\\/wp-content\\\/litespeed\\\/avatar\\\/e571bcf59a0edd6fa6838245a470f2fe.jpg?ver=1776969259\",\"width\":96,\"height\":96,\"caption\":\"admin\"}},{\"@type\":\"WebPage\",\"@id\":\"https:\\\/\\\/eldigitaldeasturias.com\\\/magazine365\\\/las-obras-del-proyecto-que-sustituira-bcn-world-empezaran-en-verano-de-2017\\\/#webpage\",\"url\":\"https:\\\/\\\/eldigitaldeasturias.com\\\/magazine365\\\/las-obras-del-proyecto-que-sustituira-bcn-world-empezaran-en-verano-de-2017\\\/\",\"name\":\"Las obras del proyecto que sustituir\\u00e1 BCN World empezar\\u00e1n en verano de 2017 | El Digital de Asturias\",\"description\":\"Las obras del proyecto del complejo tur\\u00edstico y recreativo (CRT) de Salou y Vila-seca que sustituir\\u00e1 al hasta ahora conocido como BCN World empezar\\u00e1n en verano de 2017 y supondr\\u00e1n una inversi\\u00f3n de 2.500 millones de euros, ha anunciado este jueves el vicepresidente de la Generalitat, Oriol Junqueras. Lo ha dado a conocer al presentar\",\"inLanguage\":\"es-ES\",\"isPartOf\":{\"@id\":\"https:\\\/\\\/eldigitaldeasturias.com\\\/magazine365\\\/#website\"},\"breadcrumb\":{\"@id\":\"https:\\\/\\\/eldigitaldeasturias.com\\\/magazine365\\\/las-obras-del-proyecto-que-sustituira-bcn-world-empezaran-en-verano-de-2017\\\/#breadcrumblist\"},\"author\":{\"@id\":\"https:\\\/\\\/eldigitaldeasturias.com\\\/magazine365\\\/author\\\/admin\\\/#author\"},\"creator\":{\"@id\":\"https:\\\/\\\/eldigitaldeasturias.com\\\/magazine365\\\/author\\\/admin\\\/#author\"},\"image\":{\"@type\":\"ImageObject\",\"url\":\"https:\\\/\\\/eldigitaldeasturias.com\\\/magazine365\\\/wp-content\\\/uploads\\\/2016\\\/06\\\/fotonoticia_20160630133324_800.jpg\",\"@id\":\"https:\\\/\\\/eldigitaldeasturias.com\\\/magazine365\\\/las-obras-del-proyecto-que-sustituira-bcn-world-empezaran-en-verano-de-2017\\\/#mainImage\",\"width\":800,\"height\":600},\"primaryImageOfPage\":{\"@id\":\"https:\\\/\\\/eldigitaldeasturias.com\\\/magazine365\\\/las-obras-del-proyecto-que-sustituira-bcn-world-empezaran-en-verano-de-2017\\\/#mainImage\"},\"datePublished\":\"2016-06-30T16:07:19+02:00\",\"dateModified\":\"2016-06-30T20:11:41+02:00\"},{\"@type\":\"WebSite\",\"@id\":\"https:\\\/\\\/eldigitaldeasturias.com\\\/magazine365\\\/#website\",\"url\":\"https:\\\/\\\/eldigitaldeasturias.com\\\/magazine365\\\/\",\"name\":\"El Digital de Asturias\",\"description\":\"Revista de ocio, turismo y estilo de vida\",\"inLanguage\":\"es-ES\",\"publisher\":{\"@id\":\"https:\\\/\\\/eldigitaldeasturias.com\\\/magazine365\\\/#organization\"}}]}\n\t\t<\/script>\n\t\t<!-- All in One SEO Pro -->\r\n\t\t<title>Las obras del proyecto que sustituir\u00e1 BCN World empezar\u00e1n en verano de 2017 | El Digital de Asturias<\/title>\n\n","aioseo_head_json":{"title":"Las obras del proyecto que sustituir\u00e1 BCN World empezar\u00e1n en verano de 2017 | El Digital de Asturias","description":"Las obras del proyecto del complejo tur\u00edstico y recreativo (CRT) de Salou y Vila-seca que sustituir\u00e1 al hasta ahora conocido como BCN World empezar\u00e1n en verano de 2017 y supondr\u00e1n una inversi\u00f3n de 2.500 millones de euros, ha anunciado este jueves el vicepresidente de la Generalitat, Oriol Junqueras. Lo ha dado a conocer al presentar","canonical_url":"https:\/\/eldigitaldeasturias.com\/magazine365\/las-obras-del-proyecto-que-sustituira-bcn-world-empezaran-en-verano-de-2017\/","robots":"max-image-preview:large","keywords":"noticias y actualidad","webmasterTools":{"google-site-verification":"UA-38556648-1","miscellaneous":""},"schema":{"@context":"https:\/\/schema.org","@graph":[{"@type":"Article","@id":"https:\/\/eldigitaldeasturias.com\/magazine365\/las-obras-del-proyecto-que-sustituira-bcn-world-empezaran-en-verano-de-2017\/#article","name":"Las obras del proyecto que sustituir\u00e1 BCN World empezar\u00e1n en verano de 2017 | El Digital de Asturias","headline":"Las obras del proyecto que sustituir\u00e1 BCN World empezar\u00e1n en verano de 2017","author":{"@id":"https:\/\/eldigitaldeasturias.com\/magazine365\/author\/admin\/#author"},"publisher":{"@id":"https:\/\/eldigitaldeasturias.com\/magazine365\/#organization"},"image":{"@type":"ImageObject","url":"https:\/\/eldigitaldeasturias.com\/magazine365\/wp-content\/uploads\/2016\/06\/fotonoticia_20160630133324_800.jpg","width":800,"height":600},"datePublished":"2016-06-30T16:07:19+02:00","dateModified":"2016-06-30T20:11:41+02:00","inLanguage":"es-ES","mainEntityOfPage":{"@id":"https:\/\/eldigitaldeasturias.com\/magazine365\/las-obras-del-proyecto-que-sustituira-bcn-world-empezaran-en-verano-de-2017\/#webpage"},"isPartOf":{"@id":"https:\/\/eldigitaldeasturias.com\/magazine365\/las-obras-del-proyecto-que-sustituira-bcn-world-empezaran-en-verano-de-2017\/#webpage"},"articleSection":"Noticias y Actualidad"},{"@type":"BreadcrumbList","@id":"https:\/\/eldigitaldeasturias.com\/magazine365\/las-obras-del-proyecto-que-sustituira-bcn-world-empezaran-en-verano-de-2017\/#breadcrumblist","itemListElement":[{"@type":"ListItem","@id":"https:\/\/eldigitaldeasturias.com\/magazine365#listItem","position":1,"name":"Home","item":"https:\/\/eldigitaldeasturias.com\/magazine365","nextItem":{"@type":"ListItem","@id":"https:\/\/eldigitaldeasturias.com\/magazine365\/category\/noticias-actualidad\/#listItem","name":"Noticias y Actualidad"}},{"@type":"ListItem","@id":"https:\/\/eldigitaldeasturias.com\/magazine365\/category\/noticias-actualidad\/#listItem","position":2,"name":"Noticias y Actualidad","item":"https:\/\/eldigitaldeasturias.com\/magazine365\/category\/noticias-actualidad\/","nextItem":{"@type":"ListItem","@id":"https:\/\/eldigitaldeasturias.com\/magazine365\/las-obras-del-proyecto-que-sustituira-bcn-world-empezaran-en-verano-de-2017\/#listItem","name":"Las obras del proyecto que sustituir\u00e1 BCN World empezar\u00e1n en verano de 2017"},"previousItem":{"@type":"ListItem","@id":"https:\/\/eldigitaldeasturias.com\/magazine365#listItem","name":"Home"}},{"@type":"ListItem","@id":"https:\/\/eldigitaldeasturias.com\/magazine365\/las-obras-del-proyecto-que-sustituira-bcn-world-empezaran-en-verano-de-2017\/#listItem","position":3,"name":"Las obras del proyecto que sustituir\u00e1 BCN World empezar\u00e1n en verano de 2017","previousItem":{"@type":"ListItem","@id":"https:\/\/eldigitaldeasturias.com\/magazine365\/category\/noticias-actualidad\/#listItem","name":"Noticias y Actualidad"}}]},{"@type":"Organization","@id":"https:\/\/eldigitaldeasturias.com\/magazine365\/#organization","name":"El digital de Asturias","description":"Revista de ocio, turismo y estilo de vida","url":"https:\/\/eldigitaldeasturias.com\/magazine365\/","logo":{"@type":"ImageObject","url":"https:\/\/www.eldigitaldeasturias.com\/noticias\/wp-content\/uploads\/2020\/12\/EDA.jpg","@id":"https:\/\/eldigitaldeasturias.com\/magazine365\/las-obras-del-proyecto-que-sustituira-bcn-world-empezaran-en-verano-de-2017\/#organizationLogo"},"image":{"@id":"https:\/\/eldigitaldeasturias.com\/magazine365\/las-obras-del-proyecto-que-sustituira-bcn-world-empezaran-en-verano-de-2017\/#organizationLogo"}},{"@type":"Person","@id":"https:\/\/eldigitaldeasturias.com\/magazine365\/author\/admin\/#author","url":"https:\/\/eldigitaldeasturias.com\/magazine365\/author\/admin\/","name":"admin","image":{"@type":"ImageObject","@id":"https:\/\/eldigitaldeasturias.com\/magazine365\/las-obras-del-proyecto-que-sustituira-bcn-world-empezaran-en-verano-de-2017\/#authorImage","url":"https:\/\/eldigitaldeasturias.com\/magazine365\/wp-content\/litespeed\/avatar\/e571bcf59a0edd6fa6838245a470f2fe.jpg?ver=1776969259","width":96,"height":96,"caption":"admin"}},{"@type":"WebPage","@id":"https:\/\/eldigitaldeasturias.com\/magazine365\/las-obras-del-proyecto-que-sustituira-bcn-world-empezaran-en-verano-de-2017\/#webpage","url":"https:\/\/eldigitaldeasturias.com\/magazine365\/las-obras-del-proyecto-que-sustituira-bcn-world-empezaran-en-verano-de-2017\/","name":"Las obras del proyecto que sustituir\u00e1 BCN World empezar\u00e1n en verano de 2017 | El Digital de Asturias","description":"Las obras del proyecto del complejo tur\u00edstico y recreativo (CRT) de Salou y Vila-seca que sustituir\u00e1 al hasta ahora conocido como BCN World empezar\u00e1n en verano de 2017 y supondr\u00e1n una inversi\u00f3n de 2.500 millones de euros, ha anunciado este jueves el vicepresidente de la Generalitat, Oriol Junqueras. Lo ha dado a conocer al presentar","inLanguage":"es-ES","isPartOf":{"@id":"https:\/\/eldigitaldeasturias.com\/magazine365\/#website"},"breadcrumb":{"@id":"https:\/\/eldigitaldeasturias.com\/magazine365\/las-obras-del-proyecto-que-sustituira-bcn-world-empezaran-en-verano-de-2017\/#breadcrumblist"},"author":{"@id":"https:\/\/eldigitaldeasturias.com\/magazine365\/author\/admin\/#author"},"creator":{"@id":"https:\/\/eldigitaldeasturias.com\/magazine365\/author\/admin\/#author"},"image":{"@type":"ImageObject","url":"https:\/\/eldigitaldeasturias.com\/magazine365\/wp-content\/uploads\/2016\/06\/fotonoticia_20160630133324_800.jpg","@id":"https:\/\/eldigitaldeasturias.com\/magazine365\/las-obras-del-proyecto-que-sustituira-bcn-world-empezaran-en-verano-de-2017\/#mainImage","width":800,"height":600},"primaryImageOfPage":{"@id":"https:\/\/eldigitaldeasturias.com\/magazine365\/las-obras-del-proyecto-que-sustituira-bcn-world-empezaran-en-verano-de-2017\/#mainImage"},"datePublished":"2016-06-30T16:07:19+02:00","dateModified":"2016-06-30T20:11:41+02:00"},{"@type":"WebSite","@id":"https:\/\/eldigitaldeasturias.com\/magazine365\/#website","url":"https:\/\/eldigitaldeasturias.com\/magazine365\/","name":"El Digital de Asturias","description":"Revista de ocio, turismo y estilo de vida","inLanguage":"es-ES","publisher":{"@id":"https:\/\/eldigitaldeasturias.com\/magazine365\/#organization"}}]},"og:locale":"es_ES","og:site_name":"El Digital de Asturias \u2013 Revista de ocio, turismo y estilo de vida","og:type":"article","og:title":"Las obras del proyecto que sustituir\u00e1 BCN World empezar\u00e1n en verano de 2017 | El Digital de Asturias","og:description":"Las obras del proyecto del complejo tur\u00edstico y recreativo (CRT) de Salou y Vila-seca que sustituir\u00e1 al hasta ahora conocido como BCN World empezar\u00e1n en verano de 2017 y supondr\u00e1n una inversi\u00f3n de 2.500 millones de euros, ha anunciado este jueves el vicepresidente de la Generalitat, Oriol Junqueras. Lo ha dado a conocer al presentar","og:url":"https:\/\/eldigitaldeasturias.com\/magazine365\/las-obras-del-proyecto-que-sustituira-bcn-world-empezaran-en-verano-de-2017\/","og:image":"https:\/\/eldigitaldeasturias.com\/magazine365\/wp-content\/uploads\/2016\/06\/fotonoticia_20160630133324_800.jpg","og:image:secure_url":"https:\/\/eldigitaldeasturias.com\/magazine365\/wp-content\/uploads\/2016\/06\/fotonoticia_20160630133324_800.jpg","og:image:width":800,"og:image:height":600,"article:published_time":"2016-06-30T14:07:19+00:00","article:modified_time":"2016-06-30T18:11:41+00:00","twitter:card":"summary_large_image","twitter:title":"Las obras del proyecto que sustituir\u00e1 BCN World empezar\u00e1n en verano de 2017 | El Digital de Asturias","twitter:description":"Las obras del proyecto del complejo tur\u00edstico y recreativo (CRT) de Salou y Vila-seca que sustituir\u00e1 al hasta ahora conocido como BCN World empezar\u00e1n en verano de 2017 y supondr\u00e1n una inversi\u00f3n de 2.500 millones de euros, ha anunciado este jueves el vicepresidente de la Generalitat, Oriol Junqueras. Lo ha dado a conocer al presentar","twitter:image":"https:\/\/eldigitaldeasturias.com\/magazine365\/wp-content\/uploads\/2016\/06\/fotonoticia_20160630133324_800.jpg"},"aioseo_meta_data":{"post_id":"81242","title":null,"description":null,"keywords":null,"keyphrases":null,"primary_term":null,"canonical_url":null,"og_title":null,"og_description":null,"og_object_type":"default","og_image_type":"default","og_image_url":null,"og_image_width":null,"og_image_height":null,"og_image_custom_url":null,"og_image_custom_fields":null,"og_video":null,"og_custom_url":null,"og_article_section":null,"og_article_tags":null,"twitter_use_og":false,"twitter_card":"default","twitter_image_type":"default","twitter_image_url":null,"twitter_image_custom_url":null,"twitter_image_custom_fields":null,"twitter_title":null,"twitter_description":null,"schema":{"blockGraphs":[],"customGraphs":[],"default":{"data":{"Article":[],"Course":[],"Dataset":[],"FAQPage":[],"Movie":[],"Person":[],"Product":[],"ProductReview":[],"Car":[],"Recipe":[],"Service":[],"SoftwareApplication":[],"WebPage":[]},"graphName":"","isEnabled":true},"graphs":[],"defaultGraph":"","defaultPostTypeGraph":""},"schema_type":null,"schema_type_options":null,"pillar_content":false,"robots_default":true,"robots_noindex":false,"robots_noarchive":false,"robots_nosnippet":false,"robots_nofollow":false,"robots_noimageindex":false,"robots_noodp":false,"robots_notranslate":false,"robots_max_snippet":null,"robots_max_videopreview":null,"robots_max_imagepreview":"large","priority":null,"frequency":null,"location":null,"local_seo":null,"seo_analyzer_scan_date":"2025-09-27 22:31:33","breadcrumb_settings":null,"limit_modified_date":false,"open_ai":null,"ai":null,"created":"2021-03-08 17:19:40","updated":"2025-09-27 22:31:33"},"aioseo_breadcrumb":"<div class=\"aioseo-breadcrumbs\"><span class=\"aioseo-breadcrumb\">\n\t<a href=\"https:\/\/eldigitaldeasturias.com\/magazine365\" title=\"Home\">Home<\/a>\n<\/span><span class=\"aioseo-breadcrumb-separator\">\u2013<\/span><span class=\"aioseo-breadcrumb\">\n\t<a href=\"https:\/\/eldigitaldeasturias.com\/magazine365\/category\/noticias-actualidad\/\" title=\"Noticias y Actualidad\">Noticias y Actualidad<\/a>\n<\/span><span class=\"aioseo-breadcrumb-separator\">\u2013<\/span><span class=\"aioseo-breadcrumb\">\n\t<a href=\"https:\/\/eldigitaldeasturias.com\/magazine365\/las-obras-del-proyecto-que-sustituira-bcn-world-empezaran-en-verano-de-2017\/\" title=\"Las obras del proyecto que sustituir\u00e1 BCN World empezar\u00e1n en verano de 2017\">Las obras del proyecto que sustituir\u00e1 BCN World empezar\u00e1n en verano de 2017<\/a>\n<\/span><\/div>","aioseo_breadcrumb_json":[{"label":"Home","link":"https:\/\/eldigitaldeasturias.com\/magazine365"},{"label":"Noticias y Actualidad","link":"https:\/\/eldigitaldeasturias.com\/magazine365\/category\/noticias-actualidad\/"},{"label":"Las obras del proyecto que sustituir\u00e1 BCN World empezar\u00e1n en verano de 2017","link":"https:\/\/eldigitaldeasturias.com\/magazine365\/las-obras-del-proyecto-que-sustituira-bcn-world-empezaran-en-verano-de-2017\/"}],"_links":{"self":[{"href":"https:\/\/eldigitaldeasturias.com\/magazine365\/wp-json\/wp\/v2\/posts\/81242","targetHints":{"allow":["GET"]}}],"collection":[{"href":"https:\/\/eldigitaldeasturias.com\/magazine365\/wp-json\/wp\/v2\/posts"}],"about":[{"href":"https:\/\/eldigitaldeasturias.com\/magazine365\/wp-json\/wp\/v2\/types\/post"}],"author":[{"embeddable":true,"href":"https:\/\/eldigitaldeasturias.com\/magazine365\/wp-json\/wp\/v2\/users\/1"}],"replies":[{"embeddable":true,"href":"https:\/\/eldigitaldeasturias.com\/magazine365\/wp-json\/wp\/v2\/comments?post=81242"}],"version-history":[{"count":0,"href":"https:\/\/eldigitaldeasturias.com\/magazine365\/wp-json\/wp\/v2\/posts\/81242\/revisions"}],"wp:featuredmedia":[{"embeddable":true,"href":"https:\/\/eldigitaldeasturias.com\/magazine365\/wp-json\/wp\/v2\/media\/81243"}],"wp:attachment":[{"href":"https:\/\/eldigitaldeasturias.com\/magazine365\/wp-json\/wp\/v2\/media?parent=81242"}],"wp:term":[{"taxonomy":"category","embeddable":true,"href":"https:\/\/eldigitaldeasturias.com\/magazine365\/wp-json\/wp\/v2\/categories?post=81242"},{"taxonomy":"post_tag","embeddable":true,"href":"https:\/\/eldigitaldeasturias.com\/magazine365\/wp-json\/wp\/v2\/tags?post=81242"}],"curies":[{"name":"wp","href":"https:\/\/api.w.org\/{rel}","templated":true}]}}