{"id":81229,"date":"2016-06-30T16:03:50","date_gmt":"2016-06-30T14:03:50","guid":{"rendered":"http:\/\/eldigitaldeasturias.com\/magazine365\/?p=81229"},"modified":"2016-06-30T16:03:50","modified_gmt":"2016-06-30T14:03:50","slug":"el-consorcio-del-ave-a-la-meca-nombrara-a-alvaro-senador-gomez-nuevo-consejero-delegado","status":"publish","type":"post","link":"https:\/\/eldigitaldeasturias.com\/magazine365\/el-consorcio-del-ave-a-la-meca-nombrara-a-alvaro-senador-gomez-nuevo-consejero-delegado\/","title":{"rendered":"El consorcio del AVE a La Meca nombrar\u00e1 a \u00c1lvaro Senador-G\u00f3mez nuevo consejero delegado"},"content":{"rendered":"<p><img fetchpriority=\"high\" decoding=\"async\" class=\"alignleft size-medium wp-image-81231\" src=\"https:\/\/eldigitaldeasturias.com\/magazine365\/wp-content\/uploads\/2016\/06\/fotonoticia_20160630131654_800-360x255.jpg\" alt=\"fotonoticia_20160630131654_800\" width=\"360\" height=\"255\" srcset=\"https:\/\/eldigitaldeasturias.com\/magazine365\/wp-content\/uploads\/2016\/06\/fotonoticia_20160630131654_800-360x255.jpg 360w, https:\/\/eldigitaldeasturias.com\/magazine365\/wp-content\/uploads\/2016\/06\/fotonoticia_20160630131654_800-650x460.jpg 650w, https:\/\/eldigitaldeasturias.com\/magazine365\/wp-content\/uploads\/2016\/06\/fotonoticia_20160630131654_800-768x543.jpg 768w, https:\/\/eldigitaldeasturias.com\/magazine365\/wp-content\/uploads\/2016\/06\/fotonoticia_20160630131654_800-150x106.jpg 150w, https:\/\/eldigitaldeasturias.com\/magazine365\/wp-content\/uploads\/2016\/06\/fotonoticia_20160630131654_800-450x318.jpg 450w, https:\/\/eldigitaldeasturias.com\/magazine365\/wp-content\/uploads\/2016\/06\/fotonoticia_20160630131654_800.jpg 800w\" sizes=\"(max-width: 360px) 100vw, 360px\" \/>El consorcio de empresas espa\u00f1olas que construye el AVE La Meca-Medina nombrar\u00e1 nuevo consejero delegado del grupo a \u00c1lvaro Senador-G\u00f3mez, quien relevar\u00e1 en el cargo a Santiago Ru\u00edz despu\u00e9s de que hace tiempo presentara su renuncia al puesto, seg\u00fan confirmaron a Europa Press en fuentes el sector.<\/p>\n<p>Senador-G\u00f3mez, ingeniero de caminos, es desde febrero de 2015 director general del consorcio contratista. Con anterioridad, ocup\u00f3 distintos cargos de responsabilidad en FCC.<\/p>\n<p>Las compa\u00f1\u00edas encargadas del &#8216;AVE del Desierto&#8217; sustituir\u00e1n as\u00ed finalmente a Santiago Ru\u00edz como consejero delegado despu\u00e9s de que hubiera presentado hace tiempo su renuncia al cargo, tal como adelanta el diario &#8216;El Mundo&#8217; en su edici\u00f3n de este jueves.<\/p>\n<p>El cambio en el puesto de primer ejecutivo del consorcio tiene lugar mientras el grupo mantiene abiertas negociaciones con Arabia Saud\u00ed sobre la demora de los plazos y los sobrecostes del proyecto.<\/p>\n<p>No obstante, se registra despu\u00e9s de que el pa\u00eds \u00e1rabe comenzara a ponerse al corriente de pago de los importes que adeudaba a las empresas espa\u00f1olas que acometen la obra.<\/p>\n<p>El consorcio mantiene continuas negociaciones con Arabia para que se vayan reconociendo los cambios y modificaciones que se van implementando en el proyecto, y que suponen un coste adicional sobre el importe de 6.700 millones de euros al que se adjudic\u00f3 el que constituye uno de los mayores contratos logrado por empresas espa\u00f1olas en el exterior.<\/p>\n<p>Por el momento, las empresas lograron el pasado mes de mayo un plazo adicional de catorce meses para concluir las obras, al reconocer Arabia el retraso con el que el grupo espa\u00f1ol recibi\u00f3 los tramos de la l\u00ednea para ejecutar los trabajos.<\/p>\n<p>As\u00ed, la fecha ahora prevista para que el AVE La Meca-Medina est\u00e9 listo y comience a circular es la primera mitad de 2018, un a\u00f1o y medio despu\u00e9s de la inicialmente prevista de principios de 2017.<\/p>\n<p>El consorcio que a finales de 2011 se adjudic\u00f3 el AVE La Meca-Medina est\u00e1 compuesto por las empresas p\u00fablicas Adif, Renfe e Ineco, y las privadas OHL, Cobra (ACS), Indra, Consultrans, Copasa, Dimetronic, Imathia, Inabensa y Talgo, adem\u00e1s de las firmas saud\u00edes Al Shoula y Al Rosan.<\/p>\n<p>El proyecto consiste en construir la denominada &#8216;superestructura&#8217; (las v\u00edas y los sistemas de comunicaci\u00f3n, electrificaci\u00f3n y seguridad) de los 450 kil\u00f3metros de l\u00ednea AVE que unir\u00e1 las dos ciudades santas, adem\u00e1s de su posterior explotaci\u00f3n.<\/p>\n<p>&nbsp;<\/p>\n","protected":false},"excerpt":{"rendered":"<p>El consorcio de empresas espa\u00f1olas que construye el AVE La Meca-Medina nombrar\u00e1 nuevo consejero delegado del grupo a \u00c1lvaro Senador-G\u00f3mez, quien relevar\u00e1 en el cargo a Santiago Ru\u00edz despu\u00e9s de que hace tiempo presentara su renuncia al puesto, seg\u00fan confirmaron a Europa Press en fuentes el sector. Senador-G\u00f3mez, ingeniero de caminos, es desde febrero de<\/p>\n","protected":false},"author":1,"featured_media":81231,"comment_status":"open","ping_status":"closed","sticky":false,"template":"","format":"standard","meta":{"footnotes":""},"categories":[224],"tags":[],"class_list":{"0":"post-81229","1":"post","2":"type-post","3":"status-publish","4":"format-standard","5":"has-post-thumbnail","7":"category-noticias-actualidad"},"aioseo_notices":[],"aioseo_head":"\n\t\t<!-- All in One SEO Pro 4.9.6.1 - aioseo.com -->\n\t<meta name=\"description\" content=\"El consorcio de empresas espa\u00f1olas que construye el AVE La Meca-Medina nombrar\u00e1 nuevo consejero delegado del grupo a \u00c1lvaro Senador-G\u00f3mez, quien relevar\u00e1 en el cargo a Santiago Ru\u00edz despu\u00e9s de que hace tiempo presentara su renuncia al puesto, seg\u00fan confirmaron a Europa Press en fuentes el sector. Senador-G\u00f3mez, ingeniero de caminos, es desde febrero de\" \/>\n\t<meta name=\"robots\" content=\"max-image-preview:large\" \/>\n\t<meta name=\"author\" content=\"admin\"\/>\n\t<meta name=\"google-site-verification\" content=\"UA-38556648-1\" \/>\n\t<meta name=\"keywords\" content=\"noticias y actualidad\" \/>\n\t<link rel=\"canonical\" href=\"https:\/\/eldigitaldeasturias.com\/magazine365\/el-consorcio-del-ave-a-la-meca-nombrara-a-alvaro-senador-gomez-nuevo-consejero-delegado\/\" \/>\n\t<meta name=\"generator\" content=\"All in One SEO Pro (AIOSEO) 4.9.6.1\" \/>\n\t\t<meta property=\"og:locale\" content=\"es_ES\" \/>\n\t\t<meta property=\"og:site_name\" content=\"El Digital de Asturias \u2013 Revista de ocio, turismo y estilo de vida\" \/>\n\t\t<meta property=\"og:type\" content=\"article\" \/>\n\t\t<meta property=\"og:title\" content=\"El consorcio del AVE a La Meca nombrar\u00e1 a \u00c1lvaro Senador-G\u00f3mez nuevo consejero delegado | El Digital de Asturias\" \/>\n\t\t<meta property=\"og:description\" content=\"El consorcio de empresas espa\u00f1olas que construye el AVE La Meca-Medina nombrar\u00e1 nuevo consejero delegado del grupo a \u00c1lvaro Senador-G\u00f3mez, quien relevar\u00e1 en el cargo a Santiago Ru\u00edz despu\u00e9s de que hace tiempo presentara su renuncia al puesto, seg\u00fan confirmaron a Europa Press en fuentes el sector. Senador-G\u00f3mez, ingeniero de caminos, es desde febrero de\" \/>\n\t\t<meta property=\"og:url\" content=\"https:\/\/eldigitaldeasturias.com\/magazine365\/el-consorcio-del-ave-a-la-meca-nombrara-a-alvaro-senador-gomez-nuevo-consejero-delegado\/\" \/>\n\t\t<meta property=\"og:image\" content=\"https:\/\/eldigitaldeasturias.com\/magazine365\/wp-content\/uploads\/2016\/06\/fotonoticia_20160630131654_800.jpg\" \/>\n\t\t<meta property=\"og:image:secure_url\" content=\"https:\/\/eldigitaldeasturias.com\/magazine365\/wp-content\/uploads\/2016\/06\/fotonoticia_20160630131654_800.jpg\" \/>\n\t\t<meta property=\"og:image:width\" content=\"800\" \/>\n\t\t<meta property=\"og:image:height\" content=\"566\" \/>\n\t\t<meta property=\"article:published_time\" content=\"2016-06-30T14:03:50+00:00\" \/>\n\t\t<meta property=\"article:modified_time\" content=\"2016-06-30T14:03:50+00:00\" \/>\n\t\t<meta name=\"twitter:card\" content=\"summary_large_image\" \/>\n\t\t<meta name=\"twitter:title\" content=\"El consorcio del AVE a La Meca nombrar\u00e1 a \u00c1lvaro Senador-G\u00f3mez nuevo consejero delegado | El Digital de Asturias\" \/>\n\t\t<meta name=\"twitter:description\" content=\"El consorcio de empresas espa\u00f1olas que construye el AVE La Meca-Medina nombrar\u00e1 nuevo consejero delegado del grupo a \u00c1lvaro Senador-G\u00f3mez, quien relevar\u00e1 en el cargo a Santiago Ru\u00edz despu\u00e9s de que hace tiempo presentara su renuncia al puesto, seg\u00fan confirmaron a Europa Press en fuentes el sector. Senador-G\u00f3mez, ingeniero de caminos, es desde febrero de\" \/>\n\t\t<meta name=\"twitter:image\" content=\"https:\/\/eldigitaldeasturias.com\/magazine365\/wp-content\/uploads\/2016\/06\/fotonoticia_20160630131654_800.jpg\" \/>\n\t\t<script type=\"application\/ld+json\" class=\"aioseo-schema\">\n\t\t\t{\"@context\":\"https:\\\/\\\/schema.org\",\"@graph\":[{\"@type\":\"Article\",\"@id\":\"https:\\\/\\\/eldigitaldeasturias.com\\\/magazine365\\\/el-consorcio-del-ave-a-la-meca-nombrara-a-alvaro-senador-gomez-nuevo-consejero-delegado\\\/#article\",\"name\":\"El consorcio del AVE a La Meca nombrar\\u00e1 a \\u00c1lvaro Senador-G\\u00f3mez nuevo consejero delegado | El Digital de Asturias\",\"headline\":\"El consorcio del AVE a La Meca nombrar\\u00e1 a \\u00c1lvaro Senador-G\\u00f3mez nuevo consejero delegado\",\"author\":{\"@id\":\"https:\\\/\\\/eldigitaldeasturias.com\\\/magazine365\\\/author\\\/admin\\\/#author\"},\"publisher\":{\"@id\":\"https:\\\/\\\/eldigitaldeasturias.com\\\/magazine365\\\/#organization\"},\"image\":{\"@type\":\"ImageObject\",\"url\":\"https:\\\/\\\/eldigitaldeasturias.com\\\/magazine365\\\/wp-content\\\/uploads\\\/2016\\\/06\\\/fotonoticia_20160630131654_800.jpg\",\"width\":800,\"height\":566},\"datePublished\":\"2016-06-30T16:03:50+02:00\",\"dateModified\":\"2016-06-30T16:03:50+02:00\",\"inLanguage\":\"es-ES\",\"mainEntityOfPage\":{\"@id\":\"https:\\\/\\\/eldigitaldeasturias.com\\\/magazine365\\\/el-consorcio-del-ave-a-la-meca-nombrara-a-alvaro-senador-gomez-nuevo-consejero-delegado\\\/#webpage\"},\"isPartOf\":{\"@id\":\"https:\\\/\\\/eldigitaldeasturias.com\\\/magazine365\\\/el-consorcio-del-ave-a-la-meca-nombrara-a-alvaro-senador-gomez-nuevo-consejero-delegado\\\/#webpage\"},\"articleSection\":\"Noticias y Actualidad\"},{\"@type\":\"BreadcrumbList\",\"@id\":\"https:\\\/\\\/eldigitaldeasturias.com\\\/magazine365\\\/el-consorcio-del-ave-a-la-meca-nombrara-a-alvaro-senador-gomez-nuevo-consejero-delegado\\\/#breadcrumblist\",\"itemListElement\":[{\"@type\":\"ListItem\",\"@id\":\"https:\\\/\\\/eldigitaldeasturias.com\\\/magazine365#listItem\",\"position\":1,\"name\":\"Home\",\"item\":\"https:\\\/\\\/eldigitaldeasturias.com\\\/magazine365\",\"nextItem\":{\"@type\":\"ListItem\",\"@id\":\"https:\\\/\\\/eldigitaldeasturias.com\\\/magazine365\\\/category\\\/noticias-actualidad\\\/#listItem\",\"name\":\"Noticias y Actualidad\"}},{\"@type\":\"ListItem\",\"@id\":\"https:\\\/\\\/eldigitaldeasturias.com\\\/magazine365\\\/category\\\/noticias-actualidad\\\/#listItem\",\"position\":2,\"name\":\"Noticias y Actualidad\",\"item\":\"https:\\\/\\\/eldigitaldeasturias.com\\\/magazine365\\\/category\\\/noticias-actualidad\\\/\",\"nextItem\":{\"@type\":\"ListItem\",\"@id\":\"https:\\\/\\\/eldigitaldeasturias.com\\\/magazine365\\\/el-consorcio-del-ave-a-la-meca-nombrara-a-alvaro-senador-gomez-nuevo-consejero-delegado\\\/#listItem\",\"name\":\"El consorcio del AVE a La Meca nombrar\\u00e1 a \\u00c1lvaro Senador-G\\u00f3mez nuevo consejero delegado\"},\"previousItem\":{\"@type\":\"ListItem\",\"@id\":\"https:\\\/\\\/eldigitaldeasturias.com\\\/magazine365#listItem\",\"name\":\"Home\"}},{\"@type\":\"ListItem\",\"@id\":\"https:\\\/\\\/eldigitaldeasturias.com\\\/magazine365\\\/el-consorcio-del-ave-a-la-meca-nombrara-a-alvaro-senador-gomez-nuevo-consejero-delegado\\\/#listItem\",\"position\":3,\"name\":\"El consorcio del AVE a La Meca nombrar\\u00e1 a \\u00c1lvaro Senador-G\\u00f3mez nuevo consejero delegado\",\"previousItem\":{\"@type\":\"ListItem\",\"@id\":\"https:\\\/\\\/eldigitaldeasturias.com\\\/magazine365\\\/category\\\/noticias-actualidad\\\/#listItem\",\"name\":\"Noticias y Actualidad\"}}]},{\"@type\":\"Organization\",\"@id\":\"https:\\\/\\\/eldigitaldeasturias.com\\\/magazine365\\\/#organization\",\"name\":\"El digital de Asturias\",\"description\":\"Revista de ocio, turismo y estilo de vida\",\"url\":\"https:\\\/\\\/eldigitaldeasturias.com\\\/magazine365\\\/\",\"logo\":{\"@type\":\"ImageObject\",\"url\":\"https:\\\/\\\/www.eldigitaldeasturias.com\\\/noticias\\\/wp-content\\\/uploads\\\/2020\\\/12\\\/EDA.jpg\",\"@id\":\"https:\\\/\\\/eldigitaldeasturias.com\\\/magazine365\\\/el-consorcio-del-ave-a-la-meca-nombrara-a-alvaro-senador-gomez-nuevo-consejero-delegado\\\/#organizationLogo\"},\"image\":{\"@id\":\"https:\\\/\\\/eldigitaldeasturias.com\\\/magazine365\\\/el-consorcio-del-ave-a-la-meca-nombrara-a-alvaro-senador-gomez-nuevo-consejero-delegado\\\/#organizationLogo\"}},{\"@type\":\"Person\",\"@id\":\"https:\\\/\\\/eldigitaldeasturias.com\\\/magazine365\\\/author\\\/admin\\\/#author\",\"url\":\"https:\\\/\\\/eldigitaldeasturias.com\\\/magazine365\\\/author\\\/admin\\\/\",\"name\":\"admin\",\"image\":{\"@type\":\"ImageObject\",\"@id\":\"https:\\\/\\\/eldigitaldeasturias.com\\\/magazine365\\\/el-consorcio-del-ave-a-la-meca-nombrara-a-alvaro-senador-gomez-nuevo-consejero-delegado\\\/#authorImage\",\"url\":\"https:\\\/\\\/eldigitaldeasturias.com\\\/magazine365\\\/wp-content\\\/litespeed\\\/avatar\\\/e571bcf59a0edd6fa6838245a470f2fe.jpg?ver=1776969259\",\"width\":96,\"height\":96,\"caption\":\"admin\"}},{\"@type\":\"WebPage\",\"@id\":\"https:\\\/\\\/eldigitaldeasturias.com\\\/magazine365\\\/el-consorcio-del-ave-a-la-meca-nombrara-a-alvaro-senador-gomez-nuevo-consejero-delegado\\\/#webpage\",\"url\":\"https:\\\/\\\/eldigitaldeasturias.com\\\/magazine365\\\/el-consorcio-del-ave-a-la-meca-nombrara-a-alvaro-senador-gomez-nuevo-consejero-delegado\\\/\",\"name\":\"El consorcio del AVE a La Meca nombrar\\u00e1 a \\u00c1lvaro Senador-G\\u00f3mez nuevo consejero delegado | El Digital de Asturias\",\"description\":\"El consorcio de empresas espa\\u00f1olas que construye el AVE La Meca-Medina nombrar\\u00e1 nuevo consejero delegado del grupo a \\u00c1lvaro Senador-G\\u00f3mez, quien relevar\\u00e1 en el cargo a Santiago Ru\\u00edz despu\\u00e9s de que hace tiempo presentara su renuncia al puesto, seg\\u00fan confirmaron a Europa Press en fuentes el sector. Senador-G\\u00f3mez, ingeniero de caminos, es desde febrero de\",\"inLanguage\":\"es-ES\",\"isPartOf\":{\"@id\":\"https:\\\/\\\/eldigitaldeasturias.com\\\/magazine365\\\/#website\"},\"breadcrumb\":{\"@id\":\"https:\\\/\\\/eldigitaldeasturias.com\\\/magazine365\\\/el-consorcio-del-ave-a-la-meca-nombrara-a-alvaro-senador-gomez-nuevo-consejero-delegado\\\/#breadcrumblist\"},\"author\":{\"@id\":\"https:\\\/\\\/eldigitaldeasturias.com\\\/magazine365\\\/author\\\/admin\\\/#author\"},\"creator\":{\"@id\":\"https:\\\/\\\/eldigitaldeasturias.com\\\/magazine365\\\/author\\\/admin\\\/#author\"},\"image\":{\"@type\":\"ImageObject\",\"url\":\"https:\\\/\\\/eldigitaldeasturias.com\\\/magazine365\\\/wp-content\\\/uploads\\\/2016\\\/06\\\/fotonoticia_20160630131654_800.jpg\",\"@id\":\"https:\\\/\\\/eldigitaldeasturias.com\\\/magazine365\\\/el-consorcio-del-ave-a-la-meca-nombrara-a-alvaro-senador-gomez-nuevo-consejero-delegado\\\/#mainImage\",\"width\":800,\"height\":566},\"primaryImageOfPage\":{\"@id\":\"https:\\\/\\\/eldigitaldeasturias.com\\\/magazine365\\\/el-consorcio-del-ave-a-la-meca-nombrara-a-alvaro-senador-gomez-nuevo-consejero-delegado\\\/#mainImage\"},\"datePublished\":\"2016-06-30T16:03:50+02:00\",\"dateModified\":\"2016-06-30T16:03:50+02:00\"},{\"@type\":\"WebSite\",\"@id\":\"https:\\\/\\\/eldigitaldeasturias.com\\\/magazine365\\\/#website\",\"url\":\"https:\\\/\\\/eldigitaldeasturias.com\\\/magazine365\\\/\",\"name\":\"El Digital de Asturias\",\"description\":\"Revista de ocio, turismo y estilo de vida\",\"inLanguage\":\"es-ES\",\"publisher\":{\"@id\":\"https:\\\/\\\/eldigitaldeasturias.com\\\/magazine365\\\/#organization\"}}]}\n\t\t<\/script>\n\t\t<!-- All in One SEO Pro -->\r\n\t\t<title>El consorcio del AVE a La Meca nombrar\u00e1 a \u00c1lvaro Senador-G\u00f3mez nuevo consejero delegado | El Digital de Asturias<\/title>\n\n","aioseo_head_json":{"title":"El consorcio del AVE a La Meca nombrar\u00e1 a \u00c1lvaro Senador-G\u00f3mez nuevo consejero delegado | El Digital de Asturias","description":"El consorcio de empresas espa\u00f1olas que construye el AVE La Meca-Medina nombrar\u00e1 nuevo consejero delegado del grupo a \u00c1lvaro Senador-G\u00f3mez, quien relevar\u00e1 en el cargo a Santiago Ru\u00edz despu\u00e9s de que hace tiempo presentara su renuncia al puesto, seg\u00fan confirmaron a Europa Press en fuentes el sector. Senador-G\u00f3mez, ingeniero de caminos, es desde febrero de","canonical_url":"https:\/\/eldigitaldeasturias.com\/magazine365\/el-consorcio-del-ave-a-la-meca-nombrara-a-alvaro-senador-gomez-nuevo-consejero-delegado\/","robots":"max-image-preview:large","keywords":"noticias y actualidad","webmasterTools":{"google-site-verification":"UA-38556648-1","miscellaneous":""},"schema":{"@context":"https:\/\/schema.org","@graph":[{"@type":"Article","@id":"https:\/\/eldigitaldeasturias.com\/magazine365\/el-consorcio-del-ave-a-la-meca-nombrara-a-alvaro-senador-gomez-nuevo-consejero-delegado\/#article","name":"El consorcio del AVE a La Meca nombrar\u00e1 a \u00c1lvaro Senador-G\u00f3mez nuevo consejero delegado | El Digital de Asturias","headline":"El consorcio del AVE a La Meca nombrar\u00e1 a \u00c1lvaro Senador-G\u00f3mez nuevo consejero delegado","author":{"@id":"https:\/\/eldigitaldeasturias.com\/magazine365\/author\/admin\/#author"},"publisher":{"@id":"https:\/\/eldigitaldeasturias.com\/magazine365\/#organization"},"image":{"@type":"ImageObject","url":"https:\/\/eldigitaldeasturias.com\/magazine365\/wp-content\/uploads\/2016\/06\/fotonoticia_20160630131654_800.jpg","width":800,"height":566},"datePublished":"2016-06-30T16:03:50+02:00","dateModified":"2016-06-30T16:03:50+02:00","inLanguage":"es-ES","mainEntityOfPage":{"@id":"https:\/\/eldigitaldeasturias.com\/magazine365\/el-consorcio-del-ave-a-la-meca-nombrara-a-alvaro-senador-gomez-nuevo-consejero-delegado\/#webpage"},"isPartOf":{"@id":"https:\/\/eldigitaldeasturias.com\/magazine365\/el-consorcio-del-ave-a-la-meca-nombrara-a-alvaro-senador-gomez-nuevo-consejero-delegado\/#webpage"},"articleSection":"Noticias y Actualidad"},{"@type":"BreadcrumbList","@id":"https:\/\/eldigitaldeasturias.com\/magazine365\/el-consorcio-del-ave-a-la-meca-nombrara-a-alvaro-senador-gomez-nuevo-consejero-delegado\/#breadcrumblist","itemListElement":[{"@type":"ListItem","@id":"https:\/\/eldigitaldeasturias.com\/magazine365#listItem","position":1,"name":"Home","item":"https:\/\/eldigitaldeasturias.com\/magazine365","nextItem":{"@type":"ListItem","@id":"https:\/\/eldigitaldeasturias.com\/magazine365\/category\/noticias-actualidad\/#listItem","name":"Noticias y Actualidad"}},{"@type":"ListItem","@id":"https:\/\/eldigitaldeasturias.com\/magazine365\/category\/noticias-actualidad\/#listItem","position":2,"name":"Noticias y Actualidad","item":"https:\/\/eldigitaldeasturias.com\/magazine365\/category\/noticias-actualidad\/","nextItem":{"@type":"ListItem","@id":"https:\/\/eldigitaldeasturias.com\/magazine365\/el-consorcio-del-ave-a-la-meca-nombrara-a-alvaro-senador-gomez-nuevo-consejero-delegado\/#listItem","name":"El consorcio del AVE a La Meca nombrar\u00e1 a \u00c1lvaro Senador-G\u00f3mez nuevo consejero delegado"},"previousItem":{"@type":"ListItem","@id":"https:\/\/eldigitaldeasturias.com\/magazine365#listItem","name":"Home"}},{"@type":"ListItem","@id":"https:\/\/eldigitaldeasturias.com\/magazine365\/el-consorcio-del-ave-a-la-meca-nombrara-a-alvaro-senador-gomez-nuevo-consejero-delegado\/#listItem","position":3,"name":"El consorcio del AVE a La Meca nombrar\u00e1 a \u00c1lvaro Senador-G\u00f3mez nuevo consejero delegado","previousItem":{"@type":"ListItem","@id":"https:\/\/eldigitaldeasturias.com\/magazine365\/category\/noticias-actualidad\/#listItem","name":"Noticias y Actualidad"}}]},{"@type":"Organization","@id":"https:\/\/eldigitaldeasturias.com\/magazine365\/#organization","name":"El digital de Asturias","description":"Revista de ocio, turismo y estilo de vida","url":"https:\/\/eldigitaldeasturias.com\/magazine365\/","logo":{"@type":"ImageObject","url":"https:\/\/www.eldigitaldeasturias.com\/noticias\/wp-content\/uploads\/2020\/12\/EDA.jpg","@id":"https:\/\/eldigitaldeasturias.com\/magazine365\/el-consorcio-del-ave-a-la-meca-nombrara-a-alvaro-senador-gomez-nuevo-consejero-delegado\/#organizationLogo"},"image":{"@id":"https:\/\/eldigitaldeasturias.com\/magazine365\/el-consorcio-del-ave-a-la-meca-nombrara-a-alvaro-senador-gomez-nuevo-consejero-delegado\/#organizationLogo"}},{"@type":"Person","@id":"https:\/\/eldigitaldeasturias.com\/magazine365\/author\/admin\/#author","url":"https:\/\/eldigitaldeasturias.com\/magazine365\/author\/admin\/","name":"admin","image":{"@type":"ImageObject","@id":"https:\/\/eldigitaldeasturias.com\/magazine365\/el-consorcio-del-ave-a-la-meca-nombrara-a-alvaro-senador-gomez-nuevo-consejero-delegado\/#authorImage","url":"https:\/\/eldigitaldeasturias.com\/magazine365\/wp-content\/litespeed\/avatar\/e571bcf59a0edd6fa6838245a470f2fe.jpg?ver=1776969259","width":96,"height":96,"caption":"admin"}},{"@type":"WebPage","@id":"https:\/\/eldigitaldeasturias.com\/magazine365\/el-consorcio-del-ave-a-la-meca-nombrara-a-alvaro-senador-gomez-nuevo-consejero-delegado\/#webpage","url":"https:\/\/eldigitaldeasturias.com\/magazine365\/el-consorcio-del-ave-a-la-meca-nombrara-a-alvaro-senador-gomez-nuevo-consejero-delegado\/","name":"El consorcio del AVE a La Meca nombrar\u00e1 a \u00c1lvaro Senador-G\u00f3mez nuevo consejero delegado | El Digital de Asturias","description":"El consorcio de empresas espa\u00f1olas que construye el AVE La Meca-Medina nombrar\u00e1 nuevo consejero delegado del grupo a \u00c1lvaro Senador-G\u00f3mez, quien relevar\u00e1 en el cargo a Santiago Ru\u00edz despu\u00e9s de que hace tiempo presentara su renuncia al puesto, seg\u00fan confirmaron a Europa Press en fuentes el sector. Senador-G\u00f3mez, ingeniero de caminos, es desde febrero de","inLanguage":"es-ES","isPartOf":{"@id":"https:\/\/eldigitaldeasturias.com\/magazine365\/#website"},"breadcrumb":{"@id":"https:\/\/eldigitaldeasturias.com\/magazine365\/el-consorcio-del-ave-a-la-meca-nombrara-a-alvaro-senador-gomez-nuevo-consejero-delegado\/#breadcrumblist"},"author":{"@id":"https:\/\/eldigitaldeasturias.com\/magazine365\/author\/admin\/#author"},"creator":{"@id":"https:\/\/eldigitaldeasturias.com\/magazine365\/author\/admin\/#author"},"image":{"@type":"ImageObject","url":"https:\/\/eldigitaldeasturias.com\/magazine365\/wp-content\/uploads\/2016\/06\/fotonoticia_20160630131654_800.jpg","@id":"https:\/\/eldigitaldeasturias.com\/magazine365\/el-consorcio-del-ave-a-la-meca-nombrara-a-alvaro-senador-gomez-nuevo-consejero-delegado\/#mainImage","width":800,"height":566},"primaryImageOfPage":{"@id":"https:\/\/eldigitaldeasturias.com\/magazine365\/el-consorcio-del-ave-a-la-meca-nombrara-a-alvaro-senador-gomez-nuevo-consejero-delegado\/#mainImage"},"datePublished":"2016-06-30T16:03:50+02:00","dateModified":"2016-06-30T16:03:50+02:00"},{"@type":"WebSite","@id":"https:\/\/eldigitaldeasturias.com\/magazine365\/#website","url":"https:\/\/eldigitaldeasturias.com\/magazine365\/","name":"El Digital de Asturias","description":"Revista de ocio, turismo y estilo de vida","inLanguage":"es-ES","publisher":{"@id":"https:\/\/eldigitaldeasturias.com\/magazine365\/#organization"}}]},"og:locale":"es_ES","og:site_name":"El Digital de Asturias \u2013 Revista de ocio, turismo y estilo de vida","og:type":"article","og:title":"El consorcio del AVE a La Meca nombrar\u00e1 a \u00c1lvaro Senador-G\u00f3mez nuevo consejero delegado | El Digital de Asturias","og:description":"El consorcio de empresas espa\u00f1olas que construye el AVE La Meca-Medina nombrar\u00e1 nuevo consejero delegado del grupo a \u00c1lvaro Senador-G\u00f3mez, quien relevar\u00e1 en el cargo a Santiago Ru\u00edz despu\u00e9s de que hace tiempo presentara su renuncia al puesto, seg\u00fan confirmaron a Europa Press en fuentes el sector. Senador-G\u00f3mez, ingeniero de caminos, es desde febrero de","og:url":"https:\/\/eldigitaldeasturias.com\/magazine365\/el-consorcio-del-ave-a-la-meca-nombrara-a-alvaro-senador-gomez-nuevo-consejero-delegado\/","og:image":"https:\/\/eldigitaldeasturias.com\/magazine365\/wp-content\/uploads\/2016\/06\/fotonoticia_20160630131654_800.jpg","og:image:secure_url":"https:\/\/eldigitaldeasturias.com\/magazine365\/wp-content\/uploads\/2016\/06\/fotonoticia_20160630131654_800.jpg","og:image:width":800,"og:image:height":566,"article:published_time":"2016-06-30T14:03:50+00:00","article:modified_time":"2016-06-30T14:03:50+00:00","twitter:card":"summary_large_image","twitter:title":"El consorcio del AVE a La Meca nombrar\u00e1 a \u00c1lvaro Senador-G\u00f3mez nuevo consejero delegado | El Digital de Asturias","twitter:description":"El consorcio de empresas espa\u00f1olas que construye el AVE La Meca-Medina nombrar\u00e1 nuevo consejero delegado del grupo a \u00c1lvaro Senador-G\u00f3mez, quien relevar\u00e1 en el cargo a Santiago Ru\u00edz despu\u00e9s de que hace tiempo presentara su renuncia al puesto, seg\u00fan confirmaron a Europa Press en fuentes el sector. Senador-G\u00f3mez, ingeniero de caminos, es desde febrero de","twitter:image":"https:\/\/eldigitaldeasturias.com\/magazine365\/wp-content\/uploads\/2016\/06\/fotonoticia_20160630131654_800.jpg"},"aioseo_meta_data":{"post_id":"81229","title":null,"description":null,"keywords":null,"keyphrases":null,"primary_term":null,"canonical_url":null,"og_title":null,"og_description":null,"og_object_type":"default","og_image_type":"default","og_image_url":null,"og_image_width":null,"og_image_height":null,"og_image_custom_url":null,"og_image_custom_fields":null,"og_video":null,"og_custom_url":null,"og_article_section":null,"og_article_tags":null,"twitter_use_og":false,"twitter_card":"default","twitter_image_type":"default","twitter_image_url":null,"twitter_image_custom_url":null,"twitter_image_custom_fields":null,"twitter_title":null,"twitter_description":null,"schema":{"blockGraphs":[],"customGraphs":[],"default":{"data":{"Article":[],"Course":[],"Dataset":[],"FAQPage":[],"Movie":[],"Person":[],"Product":[],"ProductReview":[],"Car":[],"Recipe":[],"Service":[],"SoftwareApplication":[],"WebPage":[]},"graphName":"","isEnabled":true},"graphs":[],"defaultGraph":"","defaultPostTypeGraph":""},"schema_type":null,"schema_type_options":null,"pillar_content":false,"robots_default":true,"robots_noindex":false,"robots_noarchive":false,"robots_nosnippet":false,"robots_nofollow":false,"robots_noimageindex":false,"robots_noodp":false,"robots_notranslate":false,"robots_max_snippet":null,"robots_max_videopreview":null,"robots_max_imagepreview":"large","priority":null,"frequency":null,"location":null,"local_seo":null,"seo_analyzer_scan_date":"2025-09-27 22:29:03","breadcrumb_settings":null,"limit_modified_date":false,"open_ai":null,"ai":null,"created":"2021-03-08 17:19:40","updated":"2025-09-27 22:29:03"},"aioseo_breadcrumb":"<div class=\"aioseo-breadcrumbs\"><span class=\"aioseo-breadcrumb\">\n\t<a href=\"https:\/\/eldigitaldeasturias.com\/magazine365\" title=\"Home\">Home<\/a>\n<\/span><span class=\"aioseo-breadcrumb-separator\">\u2013<\/span><span class=\"aioseo-breadcrumb\">\n\t<a href=\"https:\/\/eldigitaldeasturias.com\/magazine365\/category\/noticias-actualidad\/\" title=\"Noticias y Actualidad\">Noticias y Actualidad<\/a>\n<\/span><span class=\"aioseo-breadcrumb-separator\">\u2013<\/span><span class=\"aioseo-breadcrumb\">\n\t<a href=\"https:\/\/eldigitaldeasturias.com\/magazine365\/el-consorcio-del-ave-a-la-meca-nombrara-a-alvaro-senador-gomez-nuevo-consejero-delegado\/\" title=\"El consorcio del AVE a La Meca nombrar\u00e1 a \u00c1lvaro Senador-G\u00f3mez nuevo consejero delegado\">El consorcio del AVE a La Meca nombrar\u00e1 a \u00c1lvaro Senador-G\u00f3mez nuevo consejero delegado<\/a>\n<\/span><\/div>","aioseo_breadcrumb_json":[{"label":"Home","link":"https:\/\/eldigitaldeasturias.com\/magazine365"},{"label":"Noticias y Actualidad","link":"https:\/\/eldigitaldeasturias.com\/magazine365\/category\/noticias-actualidad\/"},{"label":"El consorcio del AVE a La Meca nombrar\u00e1 a \u00c1lvaro Senador-G\u00f3mez nuevo consejero delegado","link":"https:\/\/eldigitaldeasturias.com\/magazine365\/el-consorcio-del-ave-a-la-meca-nombrara-a-alvaro-senador-gomez-nuevo-consejero-delegado\/"}],"_links":{"self":[{"href":"https:\/\/eldigitaldeasturias.com\/magazine365\/wp-json\/wp\/v2\/posts\/81229","targetHints":{"allow":["GET"]}}],"collection":[{"href":"https:\/\/eldigitaldeasturias.com\/magazine365\/wp-json\/wp\/v2\/posts"}],"about":[{"href":"https:\/\/eldigitaldeasturias.com\/magazine365\/wp-json\/wp\/v2\/types\/post"}],"author":[{"embeddable":true,"href":"https:\/\/eldigitaldeasturias.com\/magazine365\/wp-json\/wp\/v2\/users\/1"}],"replies":[{"embeddable":true,"href":"https:\/\/eldigitaldeasturias.com\/magazine365\/wp-json\/wp\/v2\/comments?post=81229"}],"version-history":[{"count":0,"href":"https:\/\/eldigitaldeasturias.com\/magazine365\/wp-json\/wp\/v2\/posts\/81229\/revisions"}],"wp:featuredmedia":[{"embeddable":true,"href":"https:\/\/eldigitaldeasturias.com\/magazine365\/wp-json\/wp\/v2\/media\/81231"}],"wp:attachment":[{"href":"https:\/\/eldigitaldeasturias.com\/magazine365\/wp-json\/wp\/v2\/media?parent=81229"}],"wp:term":[{"taxonomy":"category","embeddable":true,"href":"https:\/\/eldigitaldeasturias.com\/magazine365\/wp-json\/wp\/v2\/categories?post=81229"},{"taxonomy":"post_tag","embeddable":true,"href":"https:\/\/eldigitaldeasturias.com\/magazine365\/wp-json\/wp\/v2\/tags?post=81229"}],"curies":[{"name":"wp","href":"https:\/\/api.w.org\/{rel}","templated":true}]}}