{"id":81222,"date":"2016-06-30T15:55:05","date_gmt":"2016-06-30T13:55:05","guid":{"rendered":"http:\/\/eldigitaldeasturias.com\/magazine365\/?p=81222"},"modified":"2016-06-30T15:55:05","modified_gmt":"2016-06-30T13:55:05","slug":"la-generalitat-valenciana-crea-una-comision-para-analizar-el-impacto-del-brexit-en-turismo","status":"publish","type":"post","link":"https:\/\/eldigitaldeasturias.com\/magazine365\/la-generalitat-valenciana-crea-una-comision-para-analizar-el-impacto-del-brexit-en-turismo\/","title":{"rendered":"La Generalitat Valenciana crea una comisi\u00f3n para analizar el impacto del &#8216;Brexit&#8217; en turismo"},"content":{"rendered":"<p><img fetchpriority=\"high\" decoding=\"async\" class=\"alignleft size-medium wp-image-38569\" src=\"https:\/\/eldigitaldeasturias.com\/magazine365\/wp-content\/uploads\/2015\/06\/turismo1-360x231.jpg\" alt=\"turismo\" width=\"360\" height=\"231\" \/>El presidente de la Generalitat Valenciana, Ximo Puig, ha avanzado este jueves que el Consell ha creado tres comisiones de seguimiento para analizar el impacto del &#8216;Brexit&#8217; en los sectores tur\u00edstico, industrial y agroalimentario, ya que ha se\u00f1alado que la salida del Reino Unido de la Uni\u00f3n Europea \u00abafecta especialmente\u00bb a la Comunitat Valenciana.<\/p>\n<p>As\u00ed lo ha explicado Ximo Puig en la sesi\u00f3n de control del pleno de las Corts tras la pregunta del s\u00edndic de Podemos Antonio Montiel, sobre el impacto que el &#8216;Brexit&#8217; puede tener en el sector agr\u00edcola valenciano y qu\u00e9 medidas tiene previsto acometer el Consell para minimizar estos efectos.<\/p>\n<p>Durante su intervenci\u00f3n, el jefe del Consell ha se\u00f1alado que el pasado viernes se puso en contacto con el embajador Gran Breta\u00f1a en Espa\u00f1a \u00abpara establecer un contacto especial permanente con \u00e9l\u00bb. Asimismo, ha avanzado que el pr\u00f3ximo lunes mantendr\u00e1 una reuni\u00f3n con el sector tur\u00edstico en Alicante y, posteriormente, celebrar\u00e1 encuentros con el resto de \u00e1mbitos afectados.<\/p>\n<p>El &#8216;president&#8217; ha asegurado que \u00abtodos los ciudadanos que viven en la Comunitat procedentes del Reino Unido, ayer como hoy, tienen todos los derechos los intactos\u00bb, al igual que \u00ablos valencianos que est\u00e1n en Reino Unido\u00bb .<\/p>\n<p>Puig ha expresado su \u00abtristeza\u00bb y la del Gobierno valenciano \u00abpor la decisi\u00f3n adoptada libremente en Reino Unido\u00bb. Ha destacado que \u00abla idea de Europa va m\u00e1s all\u00e1 de la cuesti\u00f3n econ\u00f3mica\u00bb, pero ha lamentado que \u00abha perdido los valores fundaciones y que tiene el espacio de igualdad y libertad m\u00e1s importante del mundo\u00bb.<\/p>\n<p>Al respecto, ha advertido de que \u00abcuando se dejan caer lo valores, se deja caer en parte el sue\u00f1o europeo\u00bb y ha reclamado que \u00abnecesitamos m\u00e1s Europa\u00bb. En este sentido, considera que la salida de Reino Unido debe suponer \u00abuna mayor implicaci\u00f3n de los pa\u00edses miembros\u00bb, ante \u00abun momento delicado para la UE que hay que aceptar como una nueva oportunidad\u00bb.<\/p>\n<p>Antonio Montiel, por su parte, ha destacado que \u00abla decisi\u00f3n de los brit\u00e1nicos de abandonar la Uni\u00f3n Europea tiene un impacto todav\u00eda desconocido para la econom\u00eda valenciana, pero necesita ser evaluado y tomar medidas\u00bb, por lo que ha valorado la creaci\u00f3n de \u00abespacios de di\u00e1logo con los sectores afectados\u00bb.<\/p>\n<p>El portavoz de Podemos ha hecho hincapi\u00e9 en que el 7 por ciento de la econom\u00eda alicantina depende del mercado brit\u00e1nico, y que el 89 por ciento de los brit\u00e1nicos residentes en la Comunitat Valenciana residen en Alicante.<\/p>\n<p>Asimismo, ha indicado que en Reino Unido hay 5.712 valencianos con tarjeta sanitaria , pero \u00abaproximadamente otros 5.000 valencianos, la mayor\u00eda j\u00f3venes, no est\u00e1n inscritos en ning\u00fan registro\u00bb y, por tanto, \u00abperder\u00edan su cobertura sanitaria a partir de 90 d\u00edas en el extranjero\u00bb. \u00abNos preocupan esas 10.000 personas\u00bb, ha manifestado.<\/p>\n<p><strong>\u00abGRAN TRANQUILIDAD\u00bb<\/strong><\/p>\n<p>Ximo Puig ha destacado que \u00abcomienza ahora un proceso\u00bb, porque \u00abel &#8216;Brexit&#8217; no es de hoy para ma\u00f1ana\u00bb. En este sentido, ha querido lanzar un mensaje de \u00abgran tranquilidad, al menos de momento, para todas las personas\u00bb, y ha resaltado que \u00abaqu\u00ed tenemos sanidad universal para todos, vengan de donde vengan\u00bb. No obstante, ha exigido al Gobierno central que \u00abpague los 75 millones que nos debe cada a\u00f1o de desplazados\u00bb.<\/p>\n<p>El diputado de Podemos David Torres ha preguntado al Consell por qu\u00e9 actuaciones llevar\u00e1 a cabo para compensar las \u00abposibles p\u00e9rdidas\u00bb del &#8216;Brexit&#8217; en el sector agroalimentario valenciano.<\/p>\n<p>La vicepresidenta de la Generalitat, M\u00f3nica Oltra, ha respondido que \u00ablo m\u00e1s importante es la negociaci\u00f3n de la Pol\u00edtica Agraria Com\u00fan (PAC)\u00bb, que hoy est\u00e1 negociando en Madrid la consellera de Agricultura, Elena Cebri\u00e1n, \u00abpara que beneficie al sector agroalimentario valenciano y no le perjudique como hasta ahora\u00bb.<\/p>\n<p>&nbsp;<\/p>\n","protected":false},"excerpt":{"rendered":"<p>El presidente de la Generalitat Valenciana, Ximo Puig, ha avanzado este jueves que el Consell ha creado tres comisiones de seguimiento para analizar el impacto del &#8216;Brexit&#8217; en los sectores tur\u00edstico, industrial y agroalimentario, ya que ha se\u00f1alado que la salida del Reino Unido de la Uni\u00f3n Europea \u00abafecta especialmente\u00bb a la Comunitat Valenciana. As\u00ed<\/p>\n","protected":false},"author":1,"featured_media":0,"comment_status":"open","ping_status":"closed","sticky":false,"template":"","format":"standard","meta":{"footnotes":""},"categories":[224],"tags":[],"class_list":{"0":"post-81222","1":"post","2":"type-post","3":"status-publish","4":"format-standard","6":"category-noticias-actualidad"},"aioseo_notices":[],"aioseo_head":"\n\t\t<!-- All in One SEO Pro 4.9.6.1 - aioseo.com -->\n\t<meta name=\"description\" content=\"El presidente de la Generalitat Valenciana, Ximo Puig, ha avanzado este jueves que el Consell ha creado tres comisiones de seguimiento para analizar el impacto del &#039;Brexit&#039; en los sectores tur\u00edstico, industrial y agroalimentario, ya que ha se\u00f1alado que la salida del Reino Unido de la Uni\u00f3n Europea &quot;afecta especialmente&quot; a la Comunitat Valenciana. As\u00ed\" \/>\n\t<meta name=\"robots\" content=\"max-image-preview:large\" \/>\n\t<meta name=\"author\" content=\"admin\"\/>\n\t<meta name=\"google-site-verification\" content=\"UA-38556648-1\" \/>\n\t<meta name=\"keywords\" content=\"noticias y actualidad\" \/>\n\t<link rel=\"canonical\" href=\"https:\/\/eldigitaldeasturias.com\/magazine365\/la-generalitat-valenciana-crea-una-comision-para-analizar-el-impacto-del-brexit-en-turismo\/\" \/>\n\t<meta name=\"generator\" content=\"All in One SEO Pro (AIOSEO) 4.9.6.1\" \/>\n\t\t<meta property=\"og:locale\" content=\"es_ES\" \/>\n\t\t<meta property=\"og:site_name\" content=\"El Digital de Asturias \u2013 Revista de ocio, turismo y estilo de vida\" \/>\n\t\t<meta property=\"og:type\" content=\"article\" \/>\n\t\t<meta property=\"og:title\" content=\"La Generalitat Valenciana crea una comisi\u00f3n para analizar el impacto del \u2018Brexit\u2019 en turismo | El Digital de Asturias\" \/>\n\t\t<meta property=\"og:description\" content=\"El presidente de la Generalitat Valenciana, Ximo Puig, ha avanzado este jueves que el Consell ha creado tres comisiones de seguimiento para analizar el impacto del &#039;Brexit&#039; en los sectores tur\u00edstico, industrial y agroalimentario, ya que ha se\u00f1alado que la salida del Reino Unido de la Uni\u00f3n Europea &quot;afecta especialmente&quot; a la Comunitat Valenciana. As\u00ed\" \/>\n\t\t<meta property=\"og:url\" content=\"https:\/\/eldigitaldeasturias.com\/magazine365\/la-generalitat-valenciana-crea-una-comision-para-analizar-el-impacto-del-brexit-en-turismo\/\" \/>\n\t\t<meta property=\"og:image\" content=\"https:\/\/www.eldigitaldeasturias.com\/noticias\/wp-content\/uploads\/2020\/12\/EDA.jpg\" \/>\n\t\t<meta property=\"og:image:secure_url\" content=\"https:\/\/www.eldigitaldeasturias.com\/noticias\/wp-content\/uploads\/2020\/12\/EDA.jpg\" \/>\n\t\t<meta property=\"article:published_time\" content=\"2016-06-30T13:55:05+00:00\" \/>\n\t\t<meta property=\"article:modified_time\" content=\"2016-06-30T13:55:05+00:00\" \/>\n\t\t<meta name=\"twitter:card\" content=\"summary_large_image\" \/>\n\t\t<meta name=\"twitter:title\" content=\"La Generalitat Valenciana crea una comisi\u00f3n para analizar el impacto del \u2018Brexit\u2019 en turismo | El Digital de Asturias\" \/>\n\t\t<meta name=\"twitter:description\" content=\"El presidente de la Generalitat Valenciana, Ximo Puig, ha avanzado este jueves que el Consell ha creado tres comisiones de seguimiento para analizar el impacto del &#039;Brexit&#039; en los sectores tur\u00edstico, industrial y agroalimentario, ya que ha se\u00f1alado que la salida del Reino Unido de la Uni\u00f3n Europea &quot;afecta especialmente&quot; a la Comunitat Valenciana. As\u00ed\" \/>\n\t\t<meta name=\"twitter:image\" content=\"https:\/\/www.eldigitaldeasturias.com\/noticias\/wp-content\/uploads\/2020\/12\/EDA.jpg\" \/>\n\t\t<script type=\"application\/ld+json\" class=\"aioseo-schema\">\n\t\t\t{\"@context\":\"https:\\\/\\\/schema.org\",\"@graph\":[{\"@type\":\"Article\",\"@id\":\"https:\\\/\\\/eldigitaldeasturias.com\\\/magazine365\\\/la-generalitat-valenciana-crea-una-comision-para-analizar-el-impacto-del-brexit-en-turismo\\\/#article\",\"name\":\"La Generalitat Valenciana crea una comisi\\u00f3n para analizar el impacto del \\u2018Brexit\\u2019 en turismo | El Digital de Asturias\",\"headline\":\"La Generalitat Valenciana crea una comisi\\u00f3n para analizar el impacto del &#8216;Brexit&#8217; en turismo\",\"author\":{\"@id\":\"https:\\\/\\\/eldigitaldeasturias.com\\\/magazine365\\\/author\\\/admin\\\/#author\"},\"publisher\":{\"@id\":\"https:\\\/\\\/eldigitaldeasturias.com\\\/magazine365\\\/#organization\"},\"image\":{\"@type\":\"ImageObject\",\"url\":\"http:\\\/\\\/eldigitaldeasturias.com\\\/magazine365\\\/wp-content\\\/uploads\\\/2015\\\/06\\\/turismo1-360x231.jpg\",\"@id\":\"https:\\\/\\\/eldigitaldeasturias.com\\\/magazine365\\\/la-generalitat-valenciana-crea-una-comision-para-analizar-el-impacto-del-brexit-en-turismo\\\/#articleImage\"},\"datePublished\":\"2016-06-30T15:55:05+02:00\",\"dateModified\":\"2016-06-30T15:55:05+02:00\",\"inLanguage\":\"es-ES\",\"mainEntityOfPage\":{\"@id\":\"https:\\\/\\\/eldigitaldeasturias.com\\\/magazine365\\\/la-generalitat-valenciana-crea-una-comision-para-analizar-el-impacto-del-brexit-en-turismo\\\/#webpage\"},\"isPartOf\":{\"@id\":\"https:\\\/\\\/eldigitaldeasturias.com\\\/magazine365\\\/la-generalitat-valenciana-crea-una-comision-para-analizar-el-impacto-del-brexit-en-turismo\\\/#webpage\"},\"articleSection\":\"Noticias y Actualidad\"},{\"@type\":\"BreadcrumbList\",\"@id\":\"https:\\\/\\\/eldigitaldeasturias.com\\\/magazine365\\\/la-generalitat-valenciana-crea-una-comision-para-analizar-el-impacto-del-brexit-en-turismo\\\/#breadcrumblist\",\"itemListElement\":[{\"@type\":\"ListItem\",\"@id\":\"https:\\\/\\\/eldigitaldeasturias.com\\\/magazine365#listItem\",\"position\":1,\"name\":\"Home\",\"item\":\"https:\\\/\\\/eldigitaldeasturias.com\\\/magazine365\",\"nextItem\":{\"@type\":\"ListItem\",\"@id\":\"https:\\\/\\\/eldigitaldeasturias.com\\\/magazine365\\\/category\\\/noticias-actualidad\\\/#listItem\",\"name\":\"Noticias y Actualidad\"}},{\"@type\":\"ListItem\",\"@id\":\"https:\\\/\\\/eldigitaldeasturias.com\\\/magazine365\\\/category\\\/noticias-actualidad\\\/#listItem\",\"position\":2,\"name\":\"Noticias y Actualidad\",\"item\":\"https:\\\/\\\/eldigitaldeasturias.com\\\/magazine365\\\/category\\\/noticias-actualidad\\\/\",\"nextItem\":{\"@type\":\"ListItem\",\"@id\":\"https:\\\/\\\/eldigitaldeasturias.com\\\/magazine365\\\/la-generalitat-valenciana-crea-una-comision-para-analizar-el-impacto-del-brexit-en-turismo\\\/#listItem\",\"name\":\"La Generalitat Valenciana crea una comisi\\u00f3n para analizar el impacto del &#8216;Brexit&#8217; en turismo\"},\"previousItem\":{\"@type\":\"ListItem\",\"@id\":\"https:\\\/\\\/eldigitaldeasturias.com\\\/magazine365#listItem\",\"name\":\"Home\"}},{\"@type\":\"ListItem\",\"@id\":\"https:\\\/\\\/eldigitaldeasturias.com\\\/magazine365\\\/la-generalitat-valenciana-crea-una-comision-para-analizar-el-impacto-del-brexit-en-turismo\\\/#listItem\",\"position\":3,\"name\":\"La Generalitat Valenciana crea una comisi\\u00f3n para analizar el impacto del &#8216;Brexit&#8217; en turismo\",\"previousItem\":{\"@type\":\"ListItem\",\"@id\":\"https:\\\/\\\/eldigitaldeasturias.com\\\/magazine365\\\/category\\\/noticias-actualidad\\\/#listItem\",\"name\":\"Noticias y Actualidad\"}}]},{\"@type\":\"Organization\",\"@id\":\"https:\\\/\\\/eldigitaldeasturias.com\\\/magazine365\\\/#organization\",\"name\":\"El digital de Asturias\",\"description\":\"Revista de ocio, turismo y estilo de vida\",\"url\":\"https:\\\/\\\/eldigitaldeasturias.com\\\/magazine365\\\/\",\"logo\":{\"@type\":\"ImageObject\",\"url\":\"https:\\\/\\\/www.eldigitaldeasturias.com\\\/noticias\\\/wp-content\\\/uploads\\\/2020\\\/12\\\/EDA.jpg\",\"@id\":\"https:\\\/\\\/eldigitaldeasturias.com\\\/magazine365\\\/la-generalitat-valenciana-crea-una-comision-para-analizar-el-impacto-del-brexit-en-turismo\\\/#organizationLogo\"},\"image\":{\"@id\":\"https:\\\/\\\/eldigitaldeasturias.com\\\/magazine365\\\/la-generalitat-valenciana-crea-una-comision-para-analizar-el-impacto-del-brexit-en-turismo\\\/#organizationLogo\"}},{\"@type\":\"Person\",\"@id\":\"https:\\\/\\\/eldigitaldeasturias.com\\\/magazine365\\\/author\\\/admin\\\/#author\",\"url\":\"https:\\\/\\\/eldigitaldeasturias.com\\\/magazine365\\\/author\\\/admin\\\/\",\"name\":\"admin\",\"image\":{\"@type\":\"ImageObject\",\"@id\":\"https:\\\/\\\/eldigitaldeasturias.com\\\/magazine365\\\/la-generalitat-valenciana-crea-una-comision-para-analizar-el-impacto-del-brexit-en-turismo\\\/#authorImage\",\"url\":\"https:\\\/\\\/eldigitaldeasturias.com\\\/magazine365\\\/wp-content\\\/litespeed\\\/avatar\\\/e571bcf59a0edd6fa6838245a470f2fe.jpg?ver=1776969259\",\"width\":96,\"height\":96,\"caption\":\"admin\"}},{\"@type\":\"WebPage\",\"@id\":\"https:\\\/\\\/eldigitaldeasturias.com\\\/magazine365\\\/la-generalitat-valenciana-crea-una-comision-para-analizar-el-impacto-del-brexit-en-turismo\\\/#webpage\",\"url\":\"https:\\\/\\\/eldigitaldeasturias.com\\\/magazine365\\\/la-generalitat-valenciana-crea-una-comision-para-analizar-el-impacto-del-brexit-en-turismo\\\/\",\"name\":\"La Generalitat Valenciana crea una comisi\\u00f3n para analizar el impacto del \\u2018Brexit\\u2019 en turismo | El Digital de Asturias\",\"description\":\"El presidente de la Generalitat Valenciana, Ximo Puig, ha avanzado este jueves que el Consell ha creado tres comisiones de seguimiento para analizar el impacto del 'Brexit' en los sectores tur\\u00edstico, industrial y agroalimentario, ya que ha se\\u00f1alado que la salida del Reino Unido de la Uni\\u00f3n Europea \\\"afecta especialmente\\\" a la Comunitat Valenciana. As\\u00ed\",\"inLanguage\":\"es-ES\",\"isPartOf\":{\"@id\":\"https:\\\/\\\/eldigitaldeasturias.com\\\/magazine365\\\/#website\"},\"breadcrumb\":{\"@id\":\"https:\\\/\\\/eldigitaldeasturias.com\\\/magazine365\\\/la-generalitat-valenciana-crea-una-comision-para-analizar-el-impacto-del-brexit-en-turismo\\\/#breadcrumblist\"},\"author\":{\"@id\":\"https:\\\/\\\/eldigitaldeasturias.com\\\/magazine365\\\/author\\\/admin\\\/#author\"},\"creator\":{\"@id\":\"https:\\\/\\\/eldigitaldeasturias.com\\\/magazine365\\\/author\\\/admin\\\/#author\"},\"datePublished\":\"2016-06-30T15:55:05+02:00\",\"dateModified\":\"2016-06-30T15:55:05+02:00\"},{\"@type\":\"WebSite\",\"@id\":\"https:\\\/\\\/eldigitaldeasturias.com\\\/magazine365\\\/#website\",\"url\":\"https:\\\/\\\/eldigitaldeasturias.com\\\/magazine365\\\/\",\"name\":\"El Digital de Asturias\",\"description\":\"Revista de ocio, turismo y estilo de vida\",\"inLanguage\":\"es-ES\",\"publisher\":{\"@id\":\"https:\\\/\\\/eldigitaldeasturias.com\\\/magazine365\\\/#organization\"}}]}\n\t\t<\/script>\n\t\t<!-- All in One SEO Pro -->\r\n\t\t<title>La Generalitat Valenciana crea una comisi\u00f3n para analizar el impacto del \u2018Brexit\u2019 en turismo | El Digital de Asturias<\/title>\n\n","aioseo_head_json":{"title":"La Generalitat Valenciana crea una comisi\u00f3n para analizar el impacto del \u2018Brexit\u2019 en turismo | El Digital de Asturias","description":"El presidente de la Generalitat Valenciana, Ximo Puig, ha avanzado este jueves que el Consell ha creado tres comisiones de seguimiento para analizar el impacto del 'Brexit' en los sectores tur\u00edstico, industrial y agroalimentario, ya que ha se\u00f1alado que la salida del Reino Unido de la Uni\u00f3n Europea \"afecta especialmente\" a la Comunitat Valenciana. As\u00ed","canonical_url":"https:\/\/eldigitaldeasturias.com\/magazine365\/la-generalitat-valenciana-crea-una-comision-para-analizar-el-impacto-del-brexit-en-turismo\/","robots":"max-image-preview:large","keywords":"noticias y actualidad","webmasterTools":{"google-site-verification":"UA-38556648-1","miscellaneous":""},"schema":{"@context":"https:\/\/schema.org","@graph":[{"@type":"Article","@id":"https:\/\/eldigitaldeasturias.com\/magazine365\/la-generalitat-valenciana-crea-una-comision-para-analizar-el-impacto-del-brexit-en-turismo\/#article","name":"La Generalitat Valenciana crea una comisi\u00f3n para analizar el impacto del \u2018Brexit\u2019 en turismo | El Digital de Asturias","headline":"La Generalitat Valenciana crea una comisi\u00f3n para analizar el impacto del &#8216;Brexit&#8217; en turismo","author":{"@id":"https:\/\/eldigitaldeasturias.com\/magazine365\/author\/admin\/#author"},"publisher":{"@id":"https:\/\/eldigitaldeasturias.com\/magazine365\/#organization"},"image":{"@type":"ImageObject","url":"http:\/\/eldigitaldeasturias.com\/magazine365\/wp-content\/uploads\/2015\/06\/turismo1-360x231.jpg","@id":"https:\/\/eldigitaldeasturias.com\/magazine365\/la-generalitat-valenciana-crea-una-comision-para-analizar-el-impacto-del-brexit-en-turismo\/#articleImage"},"datePublished":"2016-06-30T15:55:05+02:00","dateModified":"2016-06-30T15:55:05+02:00","inLanguage":"es-ES","mainEntityOfPage":{"@id":"https:\/\/eldigitaldeasturias.com\/magazine365\/la-generalitat-valenciana-crea-una-comision-para-analizar-el-impacto-del-brexit-en-turismo\/#webpage"},"isPartOf":{"@id":"https:\/\/eldigitaldeasturias.com\/magazine365\/la-generalitat-valenciana-crea-una-comision-para-analizar-el-impacto-del-brexit-en-turismo\/#webpage"},"articleSection":"Noticias y Actualidad"},{"@type":"BreadcrumbList","@id":"https:\/\/eldigitaldeasturias.com\/magazine365\/la-generalitat-valenciana-crea-una-comision-para-analizar-el-impacto-del-brexit-en-turismo\/#breadcrumblist","itemListElement":[{"@type":"ListItem","@id":"https:\/\/eldigitaldeasturias.com\/magazine365#listItem","position":1,"name":"Home","item":"https:\/\/eldigitaldeasturias.com\/magazine365","nextItem":{"@type":"ListItem","@id":"https:\/\/eldigitaldeasturias.com\/magazine365\/category\/noticias-actualidad\/#listItem","name":"Noticias y Actualidad"}},{"@type":"ListItem","@id":"https:\/\/eldigitaldeasturias.com\/magazine365\/category\/noticias-actualidad\/#listItem","position":2,"name":"Noticias y Actualidad","item":"https:\/\/eldigitaldeasturias.com\/magazine365\/category\/noticias-actualidad\/","nextItem":{"@type":"ListItem","@id":"https:\/\/eldigitaldeasturias.com\/magazine365\/la-generalitat-valenciana-crea-una-comision-para-analizar-el-impacto-del-brexit-en-turismo\/#listItem","name":"La Generalitat Valenciana crea una comisi\u00f3n para analizar el impacto del &#8216;Brexit&#8217; en turismo"},"previousItem":{"@type":"ListItem","@id":"https:\/\/eldigitaldeasturias.com\/magazine365#listItem","name":"Home"}},{"@type":"ListItem","@id":"https:\/\/eldigitaldeasturias.com\/magazine365\/la-generalitat-valenciana-crea-una-comision-para-analizar-el-impacto-del-brexit-en-turismo\/#listItem","position":3,"name":"La Generalitat Valenciana crea una comisi\u00f3n para analizar el impacto del &#8216;Brexit&#8217; en turismo","previousItem":{"@type":"ListItem","@id":"https:\/\/eldigitaldeasturias.com\/magazine365\/category\/noticias-actualidad\/#listItem","name":"Noticias y Actualidad"}}]},{"@type":"Organization","@id":"https:\/\/eldigitaldeasturias.com\/magazine365\/#organization","name":"El digital de Asturias","description":"Revista de ocio, turismo y estilo de vida","url":"https:\/\/eldigitaldeasturias.com\/magazine365\/","logo":{"@type":"ImageObject","url":"https:\/\/www.eldigitaldeasturias.com\/noticias\/wp-content\/uploads\/2020\/12\/EDA.jpg","@id":"https:\/\/eldigitaldeasturias.com\/magazine365\/la-generalitat-valenciana-crea-una-comision-para-analizar-el-impacto-del-brexit-en-turismo\/#organizationLogo"},"image":{"@id":"https:\/\/eldigitaldeasturias.com\/magazine365\/la-generalitat-valenciana-crea-una-comision-para-analizar-el-impacto-del-brexit-en-turismo\/#organizationLogo"}},{"@type":"Person","@id":"https:\/\/eldigitaldeasturias.com\/magazine365\/author\/admin\/#author","url":"https:\/\/eldigitaldeasturias.com\/magazine365\/author\/admin\/","name":"admin","image":{"@type":"ImageObject","@id":"https:\/\/eldigitaldeasturias.com\/magazine365\/la-generalitat-valenciana-crea-una-comision-para-analizar-el-impacto-del-brexit-en-turismo\/#authorImage","url":"https:\/\/eldigitaldeasturias.com\/magazine365\/wp-content\/litespeed\/avatar\/e571bcf59a0edd6fa6838245a470f2fe.jpg?ver=1776969259","width":96,"height":96,"caption":"admin"}},{"@type":"WebPage","@id":"https:\/\/eldigitaldeasturias.com\/magazine365\/la-generalitat-valenciana-crea-una-comision-para-analizar-el-impacto-del-brexit-en-turismo\/#webpage","url":"https:\/\/eldigitaldeasturias.com\/magazine365\/la-generalitat-valenciana-crea-una-comision-para-analizar-el-impacto-del-brexit-en-turismo\/","name":"La Generalitat Valenciana crea una comisi\u00f3n para analizar el impacto del \u2018Brexit\u2019 en turismo | El Digital de Asturias","description":"El presidente de la Generalitat Valenciana, Ximo Puig, ha avanzado este jueves que el Consell ha creado tres comisiones de seguimiento para analizar el impacto del 'Brexit' en los sectores tur\u00edstico, industrial y agroalimentario, ya que ha se\u00f1alado que la salida del Reino Unido de la Uni\u00f3n Europea \"afecta especialmente\" a la Comunitat Valenciana. As\u00ed","inLanguage":"es-ES","isPartOf":{"@id":"https:\/\/eldigitaldeasturias.com\/magazine365\/#website"},"breadcrumb":{"@id":"https:\/\/eldigitaldeasturias.com\/magazine365\/la-generalitat-valenciana-crea-una-comision-para-analizar-el-impacto-del-brexit-en-turismo\/#breadcrumblist"},"author":{"@id":"https:\/\/eldigitaldeasturias.com\/magazine365\/author\/admin\/#author"},"creator":{"@id":"https:\/\/eldigitaldeasturias.com\/magazine365\/author\/admin\/#author"},"datePublished":"2016-06-30T15:55:05+02:00","dateModified":"2016-06-30T15:55:05+02:00"},{"@type":"WebSite","@id":"https:\/\/eldigitaldeasturias.com\/magazine365\/#website","url":"https:\/\/eldigitaldeasturias.com\/magazine365\/","name":"El Digital de Asturias","description":"Revista de ocio, turismo y estilo de vida","inLanguage":"es-ES","publisher":{"@id":"https:\/\/eldigitaldeasturias.com\/magazine365\/#organization"}}]},"og:locale":"es_ES","og:site_name":"El Digital de Asturias \u2013 Revista de ocio, turismo y estilo de vida","og:type":"article","og:title":"La Generalitat Valenciana crea una comisi\u00f3n para analizar el impacto del \u2018Brexit\u2019 en turismo | El Digital de Asturias","og:description":"El presidente de la Generalitat Valenciana, Ximo Puig, ha avanzado este jueves que el Consell ha creado tres comisiones de seguimiento para analizar el impacto del 'Brexit' en los sectores tur\u00edstico, industrial y agroalimentario, ya que ha se\u00f1alado que la salida del Reino Unido de la Uni\u00f3n Europea &quot;afecta especialmente&quot; a la Comunitat Valenciana. As\u00ed","og:url":"https:\/\/eldigitaldeasturias.com\/magazine365\/la-generalitat-valenciana-crea-una-comision-para-analizar-el-impacto-del-brexit-en-turismo\/","og:image":"https:\/\/www.eldigitaldeasturias.com\/noticias\/wp-content\/uploads\/2020\/12\/EDA.jpg","og:image:secure_url":"https:\/\/www.eldigitaldeasturias.com\/noticias\/wp-content\/uploads\/2020\/12\/EDA.jpg","article:published_time":"2016-06-30T13:55:05+00:00","article:modified_time":"2016-06-30T13:55:05+00:00","twitter:card":"summary_large_image","twitter:title":"La Generalitat Valenciana crea una comisi\u00f3n para analizar el impacto del \u2018Brexit\u2019 en turismo | El Digital de Asturias","twitter:description":"El presidente de la Generalitat Valenciana, Ximo Puig, ha avanzado este jueves que el Consell ha creado tres comisiones de seguimiento para analizar el impacto del 'Brexit' en los sectores tur\u00edstico, industrial y agroalimentario, ya que ha se\u00f1alado que la salida del Reino Unido de la Uni\u00f3n Europea &quot;afecta especialmente&quot; a la Comunitat Valenciana. As\u00ed","twitter:image":"https:\/\/www.eldigitaldeasturias.com\/noticias\/wp-content\/uploads\/2020\/12\/EDA.jpg"},"aioseo_meta_data":{"post_id":"81222","title":null,"description":null,"keywords":null,"keyphrases":null,"primary_term":null,"canonical_url":null,"og_title":null,"og_description":null,"og_object_type":"default","og_image_type":"default","og_image_url":null,"og_image_width":null,"og_image_height":null,"og_image_custom_url":null,"og_image_custom_fields":null,"og_video":null,"og_custom_url":null,"og_article_section":null,"og_article_tags":null,"twitter_use_og":false,"twitter_card":"default","twitter_image_type":"default","twitter_image_url":null,"twitter_image_custom_url":null,"twitter_image_custom_fields":null,"twitter_title":null,"twitter_description":null,"schema":{"blockGraphs":[],"customGraphs":[],"default":{"data":{"Article":[],"Course":[],"Dataset":[],"FAQPage":[],"Movie":[],"Person":[],"Product":[],"ProductReview":[],"Car":[],"Recipe":[],"Service":[],"SoftwareApplication":[],"WebPage":[]},"graphName":"","isEnabled":true},"graphs":[],"defaultGraph":"","defaultPostTypeGraph":""},"schema_type":null,"schema_type_options":null,"pillar_content":false,"robots_default":true,"robots_noindex":false,"robots_noarchive":false,"robots_nosnippet":false,"robots_nofollow":false,"robots_noimageindex":false,"robots_noodp":false,"robots_notranslate":false,"robots_max_snippet":null,"robots_max_videopreview":null,"robots_max_imagepreview":"large","priority":null,"frequency":null,"location":null,"local_seo":null,"seo_analyzer_scan_date":"2025-09-27 22:29:01","breadcrumb_settings":null,"limit_modified_date":false,"open_ai":null,"ai":null,"created":"2021-03-08 17:20:54","updated":"2025-09-27 22:29:01"},"aioseo_breadcrumb":"<div class=\"aioseo-breadcrumbs\"><span class=\"aioseo-breadcrumb\">\n\t<a href=\"https:\/\/eldigitaldeasturias.com\/magazine365\" title=\"Home\">Home<\/a>\n<\/span><span class=\"aioseo-breadcrumb-separator\">\u2013<\/span><span class=\"aioseo-breadcrumb\">\n\t<a href=\"https:\/\/eldigitaldeasturias.com\/magazine365\/category\/noticias-actualidad\/\" title=\"Noticias y Actualidad\">Noticias y Actualidad<\/a>\n<\/span><span class=\"aioseo-breadcrumb-separator\">\u2013<\/span><span class=\"aioseo-breadcrumb\">\n\t<a href=\"https:\/\/eldigitaldeasturias.com\/magazine365\/la-generalitat-valenciana-crea-una-comision-para-analizar-el-impacto-del-brexit-en-turismo\/\" title=\"La Generalitat Valenciana crea una comisi\u00f3n para analizar el impacto del \u2018Brexit\u2019 en turismo\">La Generalitat Valenciana crea una comisi\u00f3n para analizar el impacto del \u2018Brexit\u2019 en turismo<\/a>\n<\/span><\/div>","aioseo_breadcrumb_json":[{"label":"Home","link":"https:\/\/eldigitaldeasturias.com\/magazine365"},{"label":"Noticias y Actualidad","link":"https:\/\/eldigitaldeasturias.com\/magazine365\/category\/noticias-actualidad\/"},{"label":"La Generalitat Valenciana crea una comisi\u00f3n para analizar el impacto del &#8216;Brexit&#8217; en turismo","link":"https:\/\/eldigitaldeasturias.com\/magazine365\/la-generalitat-valenciana-crea-una-comision-para-analizar-el-impacto-del-brexit-en-turismo\/"}],"_links":{"self":[{"href":"https:\/\/eldigitaldeasturias.com\/magazine365\/wp-json\/wp\/v2\/posts\/81222","targetHints":{"allow":["GET"]}}],"collection":[{"href":"https:\/\/eldigitaldeasturias.com\/magazine365\/wp-json\/wp\/v2\/posts"}],"about":[{"href":"https:\/\/eldigitaldeasturias.com\/magazine365\/wp-json\/wp\/v2\/types\/post"}],"author":[{"embeddable":true,"href":"https:\/\/eldigitaldeasturias.com\/magazine365\/wp-json\/wp\/v2\/users\/1"}],"replies":[{"embeddable":true,"href":"https:\/\/eldigitaldeasturias.com\/magazine365\/wp-json\/wp\/v2\/comments?post=81222"}],"version-history":[{"count":0,"href":"https:\/\/eldigitaldeasturias.com\/magazine365\/wp-json\/wp\/v2\/posts\/81222\/revisions"}],"wp:attachment":[{"href":"https:\/\/eldigitaldeasturias.com\/magazine365\/wp-json\/wp\/v2\/media?parent=81222"}],"wp:term":[{"taxonomy":"category","embeddable":true,"href":"https:\/\/eldigitaldeasturias.com\/magazine365\/wp-json\/wp\/v2\/categories?post=81222"},{"taxonomy":"post_tag","embeddable":true,"href":"https:\/\/eldigitaldeasturias.com\/magazine365\/wp-json\/wp\/v2\/tags?post=81222"}],"curies":[{"name":"wp","href":"https:\/\/api.w.org\/{rel}","templated":true}]}}