{"id":81216,"date":"2016-06-30T15:45:33","date_gmt":"2016-06-30T13:45:33","guid":{"rendered":"http:\/\/eldigitaldeasturias.com\/magazine365\/?p=81216"},"modified":"2016-06-30T15:45:33","modified_gmt":"2016-06-30T13:45:33","slug":"la-gasolina-y-el-gasoleo-arrancan-las-vacaciones-de-verano-con-sus-precios-mas-bajos-en-los-ultimos-seis-anos","status":"publish","type":"post","link":"https:\/\/eldigitaldeasturias.com\/magazine365\/la-gasolina-y-el-gasoleo-arrancan-las-vacaciones-de-verano-con-sus-precios-mas-bajos-en-los-ultimos-seis-anos\/","title":{"rendered":"La gasolina y el gas\u00f3leo arrancan las vacaciones de verano con sus precios m\u00e1s bajos en los \u00faltimos seis a\u00f1os"},"content":{"rendered":"<p><img fetchpriority=\"high\" decoding=\"async\" class=\"alignleft size-medium wp-image-81217\" src=\"https:\/\/eldigitaldeasturias.com\/magazine365\/wp-content\/uploads\/2016\/06\/fotonoticia_20160630122547_800-360x240.jpg\" alt=\"fotonoticia_20160630122547_800\" width=\"360\" height=\"240\" srcset=\"https:\/\/eldigitaldeasturias.com\/magazine365\/wp-content\/uploads\/2016\/06\/fotonoticia_20160630122547_800-360x240.jpg 360w, https:\/\/eldigitaldeasturias.com\/magazine365\/wp-content\/uploads\/2016\/06\/fotonoticia_20160630122547_800-650x433.jpg 650w, https:\/\/eldigitaldeasturias.com\/magazine365\/wp-content\/uploads\/2016\/06\/fotonoticia_20160630122547_800-768x512.jpg 768w, https:\/\/eldigitaldeasturias.com\/magazine365\/wp-content\/uploads\/2016\/06\/fotonoticia_20160630122547_800-150x100.jpg 150w, https:\/\/eldigitaldeasturias.com\/magazine365\/wp-content\/uploads\/2016\/06\/fotonoticia_20160630122547_800-450x300.jpg 450w, https:\/\/eldigitaldeasturias.com\/magazine365\/wp-content\/uploads\/2016\/06\/fotonoticia_20160630122547_800-101x66.jpg 101w, https:\/\/eldigitaldeasturias.com\/magazine365\/wp-content\/uploads\/2016\/06\/fotonoticia_20160630122547_800.jpg 800w\" sizes=\"(max-width: 360px) 100vw, 360px\" \/>Los precios de la gasolina y del gas\u00f3leo arrancar\u00e1n las vacaciones de verano, que se inician este 1 de julio, con sus precios m\u00e1s bajos en estas fechas en los \u00faltimos seis a\u00f1os, desde 2010, lo que supondr\u00e1 un ahorro para los conductores de m\u00e1s de siete euros en el llenado del dep\u00f3sito.<\/p>\n<p>En concreto, el precio medio del litro de gas\u00f3leo se sit\u00faa en los 1,047 euros, tras haber registrado una ca\u00edda del 0,47% en la \u00faltima semana, mientras que el de gasolina asciende a 1,184 euros, despu\u00e9s de haber repuntado un 0,42%.<\/p>\n<p>A principios de julio del a\u00f1o pasado, el precio medio del gas\u00f3leo era de 1,177 euros el litro y de 1,325 euros el de la gasolina, un 10,6% y un 11%, respectivamente, m\u00e1s caros con respecto a los actuales.<\/p>\n<p>De esta manera, el llenado de un dep\u00f3sito medio de gasolina de 55 litros cuesta actualmente 65,12 euros, unos 7,75 euros menos que hace un a\u00f1o, mientras que en el caso del gas\u00f3leo el coste se sit\u00faa en a 57,58 euros, unos 7,15 euros m\u00e1s barato.<\/p>\n<p>Es previsible que esta diferencia en el precio con respecto a hace un a\u00f1o se mantenga a lo largo del verano, ya que en el periodo estival de 2015 el precio del litro de gasolina se mantuvo en torno a los 1,3 euros y el del gas\u00f3leo por encima de los 1,1 euros.<\/p>\n<p><strong>M\u00c1S DE 84 MILLONES DE DESPLAZAMIENTOS EN EL VERANO.<\/strong><\/p>\n<p>La operaci\u00f3n de tr\u00e1fico de verano arranca este 1 de julio y la Direcci\u00f3n General de Tr\u00e1fico prev\u00e9 84 millones de desplazamientos de larga distancia en los pr\u00f3ximos dos meses, un 3,5% m\u00e1s que el a\u00f1o pasado.<\/p>\n<p>Estos precios de los carburantes actuales corresponden a una cotizaci\u00f3n del petr\u00f3leo Brent en el entorno de los 50 d\u00f3lares el barril, nivel que se ha mantenido en las \u00faltimas semanas. El a\u00f1o pasado por estas mismas fechas, el barril de crudo se intercambiaba a 62 d\u00f3lares.<\/p>\n<p>Los carburantes cuestan en Espa\u00f1a menos que la media de la UE y la zona euro, donde el precio de venta al p\u00fablico del litro de gasolina se sit\u00faa en 1,323 euros y en 1,361 euros, respectivamente. Por su parte, el litro de gas\u00f3leo cuesta 1,154 euros de media en la UE y 1,142 euros en la eurozona.<\/p>\n<p>El menor nivel de precios finales con respecto a los pa\u00edses del entorno se debe a que Espa\u00f1a, pese a las subidas del IVA, a los mayores impuestos y a los nuevos grav\u00e1menes al biodi\u00e9sel, sigue contando con una menor presi\u00f3n fiscal.<\/p>\n<p>&nbsp;<\/p>\n","protected":false},"excerpt":{"rendered":"<p>Los precios de la gasolina y del gas\u00f3leo arrancar\u00e1n las vacaciones de verano, que se inician este 1 de julio, con sus precios m\u00e1s bajos en estas fechas en los \u00faltimos seis a\u00f1os, desde 2010, lo que supondr\u00e1 un ahorro para los conductores de m\u00e1s de siete euros en el llenado del dep\u00f3sito. En concreto,<\/p>\n","protected":false},"author":1,"featured_media":81217,"comment_status":"open","ping_status":"closed","sticky":false,"template":"","format":"standard","meta":{"footnotes":""},"categories":[224],"tags":[],"class_list":{"0":"post-81216","1":"post","2":"type-post","3":"status-publish","4":"format-standard","5":"has-post-thumbnail","7":"category-noticias-actualidad"},"aioseo_notices":[],"aioseo_head":"\n\t\t<!-- All in One SEO Pro 4.9.6.1 - aioseo.com -->\n\t<meta name=\"description\" content=\"Los precios de la gasolina y del gas\u00f3leo arrancar\u00e1n las vacaciones de verano, que se inician este 1 de julio, con sus precios m\u00e1s bajos en estas fechas en los \u00faltimos seis a\u00f1os, desde 2010, lo que supondr\u00e1 un ahorro para los conductores de m\u00e1s de siete euros en el llenado del dep\u00f3sito. En concreto,\" \/>\n\t<meta name=\"robots\" content=\"max-image-preview:large\" \/>\n\t<meta name=\"author\" content=\"admin\"\/>\n\t<meta name=\"google-site-verification\" content=\"UA-38556648-1\" \/>\n\t<meta name=\"keywords\" content=\"noticias y actualidad\" \/>\n\t<link rel=\"canonical\" href=\"https:\/\/eldigitaldeasturias.com\/magazine365\/la-gasolina-y-el-gasoleo-arrancan-las-vacaciones-de-verano-con-sus-precios-mas-bajos-en-los-ultimos-seis-anos\/\" \/>\n\t<meta name=\"generator\" content=\"All in One SEO Pro (AIOSEO) 4.9.6.1\" \/>\n\t\t<meta property=\"og:locale\" content=\"es_ES\" \/>\n\t\t<meta property=\"og:site_name\" content=\"El Digital de Asturias \u2013 Revista de ocio, turismo y estilo de vida\" \/>\n\t\t<meta property=\"og:type\" content=\"article\" \/>\n\t\t<meta property=\"og:title\" content=\"La gasolina y el gas\u00f3leo arrancan las vacaciones de verano con sus precios m\u00e1s bajos en los \u00faltimos seis a\u00f1os | El Digital de Asturias\" \/>\n\t\t<meta property=\"og:description\" content=\"Los precios de la gasolina y del gas\u00f3leo arrancar\u00e1n las vacaciones de verano, que se inician este 1 de julio, con sus precios m\u00e1s bajos en estas fechas en los \u00faltimos seis a\u00f1os, desde 2010, lo que supondr\u00e1 un ahorro para los conductores de m\u00e1s de siete euros en el llenado del dep\u00f3sito. En concreto,\" \/>\n\t\t<meta property=\"og:url\" content=\"https:\/\/eldigitaldeasturias.com\/magazine365\/la-gasolina-y-el-gasoleo-arrancan-las-vacaciones-de-verano-con-sus-precios-mas-bajos-en-los-ultimos-seis-anos\/\" \/>\n\t\t<meta property=\"og:image\" content=\"https:\/\/eldigitaldeasturias.com\/magazine365\/wp-content\/uploads\/2016\/06\/fotonoticia_20160630122547_800.jpg\" \/>\n\t\t<meta property=\"og:image:secure_url\" content=\"https:\/\/eldigitaldeasturias.com\/magazine365\/wp-content\/uploads\/2016\/06\/fotonoticia_20160630122547_800.jpg\" \/>\n\t\t<meta property=\"og:image:width\" content=\"800\" \/>\n\t\t<meta property=\"og:image:height\" content=\"533\" \/>\n\t\t<meta property=\"article:published_time\" content=\"2016-06-30T13:45:33+00:00\" \/>\n\t\t<meta property=\"article:modified_time\" content=\"2016-06-30T13:45:33+00:00\" \/>\n\t\t<meta name=\"twitter:card\" content=\"summary_large_image\" \/>\n\t\t<meta name=\"twitter:title\" content=\"La gasolina y el gas\u00f3leo arrancan las vacaciones de verano con sus precios m\u00e1s bajos en los \u00faltimos seis a\u00f1os | El Digital de Asturias\" \/>\n\t\t<meta name=\"twitter:description\" content=\"Los precios de la gasolina y del gas\u00f3leo arrancar\u00e1n las vacaciones de verano, que se inician este 1 de julio, con sus precios m\u00e1s bajos en estas fechas en los \u00faltimos seis a\u00f1os, desde 2010, lo que supondr\u00e1 un ahorro para los conductores de m\u00e1s de siete euros en el llenado del dep\u00f3sito. En concreto,\" \/>\n\t\t<meta name=\"twitter:image\" content=\"https:\/\/eldigitaldeasturias.com\/magazine365\/wp-content\/uploads\/2016\/06\/fotonoticia_20160630122547_800.jpg\" \/>\n\t\t<script type=\"application\/ld+json\" class=\"aioseo-schema\">\n\t\t\t{\"@context\":\"https:\\\/\\\/schema.org\",\"@graph\":[{\"@type\":\"Article\",\"@id\":\"https:\\\/\\\/eldigitaldeasturias.com\\\/magazine365\\\/la-gasolina-y-el-gasoleo-arrancan-las-vacaciones-de-verano-con-sus-precios-mas-bajos-en-los-ultimos-seis-anos\\\/#article\",\"name\":\"La gasolina y el gas\\u00f3leo arrancan las vacaciones de verano con sus precios m\\u00e1s bajos en los \\u00faltimos seis a\\u00f1os | El Digital de Asturias\",\"headline\":\"La gasolina y el gas\\u00f3leo arrancan las vacaciones de verano con sus precios m\\u00e1s bajos en los \\u00faltimos seis a\\u00f1os\",\"author\":{\"@id\":\"https:\\\/\\\/eldigitaldeasturias.com\\\/magazine365\\\/author\\\/admin\\\/#author\"},\"publisher\":{\"@id\":\"https:\\\/\\\/eldigitaldeasturias.com\\\/magazine365\\\/#organization\"},\"image\":{\"@type\":\"ImageObject\",\"url\":\"https:\\\/\\\/eldigitaldeasturias.com\\\/magazine365\\\/wp-content\\\/uploads\\\/2016\\\/06\\\/fotonoticia_20160630122547_800.jpg\",\"width\":800,\"height\":533},\"datePublished\":\"2016-06-30T15:45:33+02:00\",\"dateModified\":\"2016-06-30T15:45:33+02:00\",\"inLanguage\":\"es-ES\",\"mainEntityOfPage\":{\"@id\":\"https:\\\/\\\/eldigitaldeasturias.com\\\/magazine365\\\/la-gasolina-y-el-gasoleo-arrancan-las-vacaciones-de-verano-con-sus-precios-mas-bajos-en-los-ultimos-seis-anos\\\/#webpage\"},\"isPartOf\":{\"@id\":\"https:\\\/\\\/eldigitaldeasturias.com\\\/magazine365\\\/la-gasolina-y-el-gasoleo-arrancan-las-vacaciones-de-verano-con-sus-precios-mas-bajos-en-los-ultimos-seis-anos\\\/#webpage\"},\"articleSection\":\"Noticias y Actualidad\"},{\"@type\":\"BreadcrumbList\",\"@id\":\"https:\\\/\\\/eldigitaldeasturias.com\\\/magazine365\\\/la-gasolina-y-el-gasoleo-arrancan-las-vacaciones-de-verano-con-sus-precios-mas-bajos-en-los-ultimos-seis-anos\\\/#breadcrumblist\",\"itemListElement\":[{\"@type\":\"ListItem\",\"@id\":\"https:\\\/\\\/eldigitaldeasturias.com\\\/magazine365#listItem\",\"position\":1,\"name\":\"Home\",\"item\":\"https:\\\/\\\/eldigitaldeasturias.com\\\/magazine365\",\"nextItem\":{\"@type\":\"ListItem\",\"@id\":\"https:\\\/\\\/eldigitaldeasturias.com\\\/magazine365\\\/category\\\/noticias-actualidad\\\/#listItem\",\"name\":\"Noticias y Actualidad\"}},{\"@type\":\"ListItem\",\"@id\":\"https:\\\/\\\/eldigitaldeasturias.com\\\/magazine365\\\/category\\\/noticias-actualidad\\\/#listItem\",\"position\":2,\"name\":\"Noticias y Actualidad\",\"item\":\"https:\\\/\\\/eldigitaldeasturias.com\\\/magazine365\\\/category\\\/noticias-actualidad\\\/\",\"nextItem\":{\"@type\":\"ListItem\",\"@id\":\"https:\\\/\\\/eldigitaldeasturias.com\\\/magazine365\\\/la-gasolina-y-el-gasoleo-arrancan-las-vacaciones-de-verano-con-sus-precios-mas-bajos-en-los-ultimos-seis-anos\\\/#listItem\",\"name\":\"La gasolina y el gas\\u00f3leo arrancan las vacaciones de verano con sus precios m\\u00e1s bajos en los \\u00faltimos seis a\\u00f1os\"},\"previousItem\":{\"@type\":\"ListItem\",\"@id\":\"https:\\\/\\\/eldigitaldeasturias.com\\\/magazine365#listItem\",\"name\":\"Home\"}},{\"@type\":\"ListItem\",\"@id\":\"https:\\\/\\\/eldigitaldeasturias.com\\\/magazine365\\\/la-gasolina-y-el-gasoleo-arrancan-las-vacaciones-de-verano-con-sus-precios-mas-bajos-en-los-ultimos-seis-anos\\\/#listItem\",\"position\":3,\"name\":\"La gasolina y el gas\\u00f3leo arrancan las vacaciones de verano con sus precios m\\u00e1s bajos en los \\u00faltimos seis a\\u00f1os\",\"previousItem\":{\"@type\":\"ListItem\",\"@id\":\"https:\\\/\\\/eldigitaldeasturias.com\\\/magazine365\\\/category\\\/noticias-actualidad\\\/#listItem\",\"name\":\"Noticias y Actualidad\"}}]},{\"@type\":\"Organization\",\"@id\":\"https:\\\/\\\/eldigitaldeasturias.com\\\/magazine365\\\/#organization\",\"name\":\"El digital de Asturias\",\"description\":\"Revista de ocio, turismo y estilo de vida\",\"url\":\"https:\\\/\\\/eldigitaldeasturias.com\\\/magazine365\\\/\",\"logo\":{\"@type\":\"ImageObject\",\"url\":\"https:\\\/\\\/www.eldigitaldeasturias.com\\\/noticias\\\/wp-content\\\/uploads\\\/2020\\\/12\\\/EDA.jpg\",\"@id\":\"https:\\\/\\\/eldigitaldeasturias.com\\\/magazine365\\\/la-gasolina-y-el-gasoleo-arrancan-las-vacaciones-de-verano-con-sus-precios-mas-bajos-en-los-ultimos-seis-anos\\\/#organizationLogo\"},\"image\":{\"@id\":\"https:\\\/\\\/eldigitaldeasturias.com\\\/magazine365\\\/la-gasolina-y-el-gasoleo-arrancan-las-vacaciones-de-verano-con-sus-precios-mas-bajos-en-los-ultimos-seis-anos\\\/#organizationLogo\"}},{\"@type\":\"Person\",\"@id\":\"https:\\\/\\\/eldigitaldeasturias.com\\\/magazine365\\\/author\\\/admin\\\/#author\",\"url\":\"https:\\\/\\\/eldigitaldeasturias.com\\\/magazine365\\\/author\\\/admin\\\/\",\"name\":\"admin\",\"image\":{\"@type\":\"ImageObject\",\"@id\":\"https:\\\/\\\/eldigitaldeasturias.com\\\/magazine365\\\/la-gasolina-y-el-gasoleo-arrancan-las-vacaciones-de-verano-con-sus-precios-mas-bajos-en-los-ultimos-seis-anos\\\/#authorImage\",\"url\":\"https:\\\/\\\/eldigitaldeasturias.com\\\/magazine365\\\/wp-content\\\/litespeed\\\/avatar\\\/e571bcf59a0edd6fa6838245a470f2fe.jpg?ver=1776969259\",\"width\":96,\"height\":96,\"caption\":\"admin\"}},{\"@type\":\"WebPage\",\"@id\":\"https:\\\/\\\/eldigitaldeasturias.com\\\/magazine365\\\/la-gasolina-y-el-gasoleo-arrancan-las-vacaciones-de-verano-con-sus-precios-mas-bajos-en-los-ultimos-seis-anos\\\/#webpage\",\"url\":\"https:\\\/\\\/eldigitaldeasturias.com\\\/magazine365\\\/la-gasolina-y-el-gasoleo-arrancan-las-vacaciones-de-verano-con-sus-precios-mas-bajos-en-los-ultimos-seis-anos\\\/\",\"name\":\"La gasolina y el gas\\u00f3leo arrancan las vacaciones de verano con sus precios m\\u00e1s bajos en los \\u00faltimos seis a\\u00f1os | El Digital de Asturias\",\"description\":\"Los precios de la gasolina y del gas\\u00f3leo arrancar\\u00e1n las vacaciones de verano, que se inician este 1 de julio, con sus precios m\\u00e1s bajos en estas fechas en los \\u00faltimos seis a\\u00f1os, desde 2010, lo que supondr\\u00e1 un ahorro para los conductores de m\\u00e1s de siete euros en el llenado del dep\\u00f3sito. En concreto,\",\"inLanguage\":\"es-ES\",\"isPartOf\":{\"@id\":\"https:\\\/\\\/eldigitaldeasturias.com\\\/magazine365\\\/#website\"},\"breadcrumb\":{\"@id\":\"https:\\\/\\\/eldigitaldeasturias.com\\\/magazine365\\\/la-gasolina-y-el-gasoleo-arrancan-las-vacaciones-de-verano-con-sus-precios-mas-bajos-en-los-ultimos-seis-anos\\\/#breadcrumblist\"},\"author\":{\"@id\":\"https:\\\/\\\/eldigitaldeasturias.com\\\/magazine365\\\/author\\\/admin\\\/#author\"},\"creator\":{\"@id\":\"https:\\\/\\\/eldigitaldeasturias.com\\\/magazine365\\\/author\\\/admin\\\/#author\"},\"image\":{\"@type\":\"ImageObject\",\"url\":\"https:\\\/\\\/eldigitaldeasturias.com\\\/magazine365\\\/wp-content\\\/uploads\\\/2016\\\/06\\\/fotonoticia_20160630122547_800.jpg\",\"@id\":\"https:\\\/\\\/eldigitaldeasturias.com\\\/magazine365\\\/la-gasolina-y-el-gasoleo-arrancan-las-vacaciones-de-verano-con-sus-precios-mas-bajos-en-los-ultimos-seis-anos\\\/#mainImage\",\"width\":800,\"height\":533},\"primaryImageOfPage\":{\"@id\":\"https:\\\/\\\/eldigitaldeasturias.com\\\/magazine365\\\/la-gasolina-y-el-gasoleo-arrancan-las-vacaciones-de-verano-con-sus-precios-mas-bajos-en-los-ultimos-seis-anos\\\/#mainImage\"},\"datePublished\":\"2016-06-30T15:45:33+02:00\",\"dateModified\":\"2016-06-30T15:45:33+02:00\"},{\"@type\":\"WebSite\",\"@id\":\"https:\\\/\\\/eldigitaldeasturias.com\\\/magazine365\\\/#website\",\"url\":\"https:\\\/\\\/eldigitaldeasturias.com\\\/magazine365\\\/\",\"name\":\"El Digital de Asturias\",\"description\":\"Revista de ocio, turismo y estilo de vida\",\"inLanguage\":\"es-ES\",\"publisher\":{\"@id\":\"https:\\\/\\\/eldigitaldeasturias.com\\\/magazine365\\\/#organization\"}}]}\n\t\t<\/script>\n\t\t<!-- All in One SEO Pro -->\r\n\t\t<title>La gasolina y el gas\u00f3leo arrancan las vacaciones de verano con sus precios m\u00e1s bajos en los \u00faltimos seis a\u00f1os | El Digital de Asturias<\/title>\n\n","aioseo_head_json":{"title":"La gasolina y el gas\u00f3leo arrancan las vacaciones de verano con sus precios m\u00e1s bajos en los \u00faltimos seis a\u00f1os | El Digital de Asturias","description":"Los precios de la gasolina y del gas\u00f3leo arrancar\u00e1n las vacaciones de verano, que se inician este 1 de julio, con sus precios m\u00e1s bajos en estas fechas en los \u00faltimos seis a\u00f1os, desde 2010, lo que supondr\u00e1 un ahorro para los conductores de m\u00e1s de siete euros en el llenado del dep\u00f3sito. En concreto,","canonical_url":"https:\/\/eldigitaldeasturias.com\/magazine365\/la-gasolina-y-el-gasoleo-arrancan-las-vacaciones-de-verano-con-sus-precios-mas-bajos-en-los-ultimos-seis-anos\/","robots":"max-image-preview:large","keywords":"noticias y actualidad","webmasterTools":{"google-site-verification":"UA-38556648-1","miscellaneous":""},"schema":{"@context":"https:\/\/schema.org","@graph":[{"@type":"Article","@id":"https:\/\/eldigitaldeasturias.com\/magazine365\/la-gasolina-y-el-gasoleo-arrancan-las-vacaciones-de-verano-con-sus-precios-mas-bajos-en-los-ultimos-seis-anos\/#article","name":"La gasolina y el gas\u00f3leo arrancan las vacaciones de verano con sus precios m\u00e1s bajos en los \u00faltimos seis a\u00f1os | El Digital de Asturias","headline":"La gasolina y el gas\u00f3leo arrancan las vacaciones de verano con sus precios m\u00e1s bajos en los \u00faltimos seis a\u00f1os","author":{"@id":"https:\/\/eldigitaldeasturias.com\/magazine365\/author\/admin\/#author"},"publisher":{"@id":"https:\/\/eldigitaldeasturias.com\/magazine365\/#organization"},"image":{"@type":"ImageObject","url":"https:\/\/eldigitaldeasturias.com\/magazine365\/wp-content\/uploads\/2016\/06\/fotonoticia_20160630122547_800.jpg","width":800,"height":533},"datePublished":"2016-06-30T15:45:33+02:00","dateModified":"2016-06-30T15:45:33+02:00","inLanguage":"es-ES","mainEntityOfPage":{"@id":"https:\/\/eldigitaldeasturias.com\/magazine365\/la-gasolina-y-el-gasoleo-arrancan-las-vacaciones-de-verano-con-sus-precios-mas-bajos-en-los-ultimos-seis-anos\/#webpage"},"isPartOf":{"@id":"https:\/\/eldigitaldeasturias.com\/magazine365\/la-gasolina-y-el-gasoleo-arrancan-las-vacaciones-de-verano-con-sus-precios-mas-bajos-en-los-ultimos-seis-anos\/#webpage"},"articleSection":"Noticias y Actualidad"},{"@type":"BreadcrumbList","@id":"https:\/\/eldigitaldeasturias.com\/magazine365\/la-gasolina-y-el-gasoleo-arrancan-las-vacaciones-de-verano-con-sus-precios-mas-bajos-en-los-ultimos-seis-anos\/#breadcrumblist","itemListElement":[{"@type":"ListItem","@id":"https:\/\/eldigitaldeasturias.com\/magazine365#listItem","position":1,"name":"Home","item":"https:\/\/eldigitaldeasturias.com\/magazine365","nextItem":{"@type":"ListItem","@id":"https:\/\/eldigitaldeasturias.com\/magazine365\/category\/noticias-actualidad\/#listItem","name":"Noticias y Actualidad"}},{"@type":"ListItem","@id":"https:\/\/eldigitaldeasturias.com\/magazine365\/category\/noticias-actualidad\/#listItem","position":2,"name":"Noticias y Actualidad","item":"https:\/\/eldigitaldeasturias.com\/magazine365\/category\/noticias-actualidad\/","nextItem":{"@type":"ListItem","@id":"https:\/\/eldigitaldeasturias.com\/magazine365\/la-gasolina-y-el-gasoleo-arrancan-las-vacaciones-de-verano-con-sus-precios-mas-bajos-en-los-ultimos-seis-anos\/#listItem","name":"La gasolina y el gas\u00f3leo arrancan las vacaciones de verano con sus precios m\u00e1s bajos en los \u00faltimos seis a\u00f1os"},"previousItem":{"@type":"ListItem","@id":"https:\/\/eldigitaldeasturias.com\/magazine365#listItem","name":"Home"}},{"@type":"ListItem","@id":"https:\/\/eldigitaldeasturias.com\/magazine365\/la-gasolina-y-el-gasoleo-arrancan-las-vacaciones-de-verano-con-sus-precios-mas-bajos-en-los-ultimos-seis-anos\/#listItem","position":3,"name":"La gasolina y el gas\u00f3leo arrancan las vacaciones de verano con sus precios m\u00e1s bajos en los \u00faltimos seis a\u00f1os","previousItem":{"@type":"ListItem","@id":"https:\/\/eldigitaldeasturias.com\/magazine365\/category\/noticias-actualidad\/#listItem","name":"Noticias y Actualidad"}}]},{"@type":"Organization","@id":"https:\/\/eldigitaldeasturias.com\/magazine365\/#organization","name":"El digital de Asturias","description":"Revista de ocio, turismo y estilo de vida","url":"https:\/\/eldigitaldeasturias.com\/magazine365\/","logo":{"@type":"ImageObject","url":"https:\/\/www.eldigitaldeasturias.com\/noticias\/wp-content\/uploads\/2020\/12\/EDA.jpg","@id":"https:\/\/eldigitaldeasturias.com\/magazine365\/la-gasolina-y-el-gasoleo-arrancan-las-vacaciones-de-verano-con-sus-precios-mas-bajos-en-los-ultimos-seis-anos\/#organizationLogo"},"image":{"@id":"https:\/\/eldigitaldeasturias.com\/magazine365\/la-gasolina-y-el-gasoleo-arrancan-las-vacaciones-de-verano-con-sus-precios-mas-bajos-en-los-ultimos-seis-anos\/#organizationLogo"}},{"@type":"Person","@id":"https:\/\/eldigitaldeasturias.com\/magazine365\/author\/admin\/#author","url":"https:\/\/eldigitaldeasturias.com\/magazine365\/author\/admin\/","name":"admin","image":{"@type":"ImageObject","@id":"https:\/\/eldigitaldeasturias.com\/magazine365\/la-gasolina-y-el-gasoleo-arrancan-las-vacaciones-de-verano-con-sus-precios-mas-bajos-en-los-ultimos-seis-anos\/#authorImage","url":"https:\/\/eldigitaldeasturias.com\/magazine365\/wp-content\/litespeed\/avatar\/e571bcf59a0edd6fa6838245a470f2fe.jpg?ver=1776969259","width":96,"height":96,"caption":"admin"}},{"@type":"WebPage","@id":"https:\/\/eldigitaldeasturias.com\/magazine365\/la-gasolina-y-el-gasoleo-arrancan-las-vacaciones-de-verano-con-sus-precios-mas-bajos-en-los-ultimos-seis-anos\/#webpage","url":"https:\/\/eldigitaldeasturias.com\/magazine365\/la-gasolina-y-el-gasoleo-arrancan-las-vacaciones-de-verano-con-sus-precios-mas-bajos-en-los-ultimos-seis-anos\/","name":"La gasolina y el gas\u00f3leo arrancan las vacaciones de verano con sus precios m\u00e1s bajos en los \u00faltimos seis a\u00f1os | El Digital de Asturias","description":"Los precios de la gasolina y del gas\u00f3leo arrancar\u00e1n las vacaciones de verano, que se inician este 1 de julio, con sus precios m\u00e1s bajos en estas fechas en los \u00faltimos seis a\u00f1os, desde 2010, lo que supondr\u00e1 un ahorro para los conductores de m\u00e1s de siete euros en el llenado del dep\u00f3sito. En concreto,","inLanguage":"es-ES","isPartOf":{"@id":"https:\/\/eldigitaldeasturias.com\/magazine365\/#website"},"breadcrumb":{"@id":"https:\/\/eldigitaldeasturias.com\/magazine365\/la-gasolina-y-el-gasoleo-arrancan-las-vacaciones-de-verano-con-sus-precios-mas-bajos-en-los-ultimos-seis-anos\/#breadcrumblist"},"author":{"@id":"https:\/\/eldigitaldeasturias.com\/magazine365\/author\/admin\/#author"},"creator":{"@id":"https:\/\/eldigitaldeasturias.com\/magazine365\/author\/admin\/#author"},"image":{"@type":"ImageObject","url":"https:\/\/eldigitaldeasturias.com\/magazine365\/wp-content\/uploads\/2016\/06\/fotonoticia_20160630122547_800.jpg","@id":"https:\/\/eldigitaldeasturias.com\/magazine365\/la-gasolina-y-el-gasoleo-arrancan-las-vacaciones-de-verano-con-sus-precios-mas-bajos-en-los-ultimos-seis-anos\/#mainImage","width":800,"height":533},"primaryImageOfPage":{"@id":"https:\/\/eldigitaldeasturias.com\/magazine365\/la-gasolina-y-el-gasoleo-arrancan-las-vacaciones-de-verano-con-sus-precios-mas-bajos-en-los-ultimos-seis-anos\/#mainImage"},"datePublished":"2016-06-30T15:45:33+02:00","dateModified":"2016-06-30T15:45:33+02:00"},{"@type":"WebSite","@id":"https:\/\/eldigitaldeasturias.com\/magazine365\/#website","url":"https:\/\/eldigitaldeasturias.com\/magazine365\/","name":"El Digital de Asturias","description":"Revista de ocio, turismo y estilo de vida","inLanguage":"es-ES","publisher":{"@id":"https:\/\/eldigitaldeasturias.com\/magazine365\/#organization"}}]},"og:locale":"es_ES","og:site_name":"El Digital de Asturias \u2013 Revista de ocio, turismo y estilo de vida","og:type":"article","og:title":"La gasolina y el gas\u00f3leo arrancan las vacaciones de verano con sus precios m\u00e1s bajos en los \u00faltimos seis a\u00f1os | El Digital de Asturias","og:description":"Los precios de la gasolina y del gas\u00f3leo arrancar\u00e1n las vacaciones de verano, que se inician este 1 de julio, con sus precios m\u00e1s bajos en estas fechas en los \u00faltimos seis a\u00f1os, desde 2010, lo que supondr\u00e1 un ahorro para los conductores de m\u00e1s de siete euros en el llenado del dep\u00f3sito. En concreto,","og:url":"https:\/\/eldigitaldeasturias.com\/magazine365\/la-gasolina-y-el-gasoleo-arrancan-las-vacaciones-de-verano-con-sus-precios-mas-bajos-en-los-ultimos-seis-anos\/","og:image":"https:\/\/eldigitaldeasturias.com\/magazine365\/wp-content\/uploads\/2016\/06\/fotonoticia_20160630122547_800.jpg","og:image:secure_url":"https:\/\/eldigitaldeasturias.com\/magazine365\/wp-content\/uploads\/2016\/06\/fotonoticia_20160630122547_800.jpg","og:image:width":800,"og:image:height":533,"article:published_time":"2016-06-30T13:45:33+00:00","article:modified_time":"2016-06-30T13:45:33+00:00","twitter:card":"summary_large_image","twitter:title":"La gasolina y el gas\u00f3leo arrancan las vacaciones de verano con sus precios m\u00e1s bajos en los \u00faltimos seis a\u00f1os | El Digital de Asturias","twitter:description":"Los precios de la gasolina y del gas\u00f3leo arrancar\u00e1n las vacaciones de verano, que se inician este 1 de julio, con sus precios m\u00e1s bajos en estas fechas en los \u00faltimos seis a\u00f1os, desde 2010, lo que supondr\u00e1 un ahorro para los conductores de m\u00e1s de siete euros en el llenado del dep\u00f3sito. En concreto,","twitter:image":"https:\/\/eldigitaldeasturias.com\/magazine365\/wp-content\/uploads\/2016\/06\/fotonoticia_20160630122547_800.jpg"},"aioseo_meta_data":{"post_id":"81216","title":null,"description":null,"keywords":null,"keyphrases":null,"primary_term":null,"canonical_url":null,"og_title":null,"og_description":null,"og_object_type":"default","og_image_type":"default","og_image_url":null,"og_image_width":null,"og_image_height":null,"og_image_custom_url":null,"og_image_custom_fields":null,"og_video":null,"og_custom_url":null,"og_article_section":null,"og_article_tags":null,"twitter_use_og":false,"twitter_card":"default","twitter_image_type":"default","twitter_image_url":null,"twitter_image_custom_url":null,"twitter_image_custom_fields":null,"twitter_title":null,"twitter_description":null,"schema":{"blockGraphs":[],"customGraphs":[],"default":{"data":{"Article":[],"Course":[],"Dataset":[],"FAQPage":[],"Movie":[],"Person":[],"Product":[],"ProductReview":[],"Car":[],"Recipe":[],"Service":[],"SoftwareApplication":[],"WebPage":[]},"graphName":"","isEnabled":true},"graphs":[],"defaultGraph":"","defaultPostTypeGraph":""},"schema_type":null,"schema_type_options":null,"pillar_content":false,"robots_default":true,"robots_noindex":false,"robots_noarchive":false,"robots_nosnippet":false,"robots_nofollow":false,"robots_noimageindex":false,"robots_noodp":false,"robots_notranslate":false,"robots_max_snippet":null,"robots_max_videopreview":null,"robots_max_imagepreview":"large","priority":null,"frequency":null,"location":null,"local_seo":null,"seo_analyzer_scan_date":"2025-09-27 22:27:04","breadcrumb_settings":null,"limit_modified_date":false,"open_ai":null,"ai":null,"created":"2021-03-08 17:20:54","updated":"2025-09-27 22:27:04"},"aioseo_breadcrumb":"<div class=\"aioseo-breadcrumbs\"><span class=\"aioseo-breadcrumb\">\n\t<a href=\"https:\/\/eldigitaldeasturias.com\/magazine365\" title=\"Home\">Home<\/a>\n<\/span><span class=\"aioseo-breadcrumb-separator\">\u2013<\/span><span class=\"aioseo-breadcrumb\">\n\t<a href=\"https:\/\/eldigitaldeasturias.com\/magazine365\/category\/noticias-actualidad\/\" title=\"Noticias y Actualidad\">Noticias y Actualidad<\/a>\n<\/span><span class=\"aioseo-breadcrumb-separator\">\u2013<\/span><span class=\"aioseo-breadcrumb\">\n\t<a href=\"https:\/\/eldigitaldeasturias.com\/magazine365\/la-gasolina-y-el-gasoleo-arrancan-las-vacaciones-de-verano-con-sus-precios-mas-bajos-en-los-ultimos-seis-anos\/\" title=\"La gasolina y el gas\u00f3leo arrancan las vacaciones de verano con sus precios m\u00e1s bajos en los \u00faltimos seis a\u00f1os\">La gasolina y el gas\u00f3leo arrancan las vacaciones de verano con sus precios m\u00e1s bajos en los \u00faltimos seis a\u00f1os<\/a>\n<\/span><\/div>","aioseo_breadcrumb_json":[{"label":"Home","link":"https:\/\/eldigitaldeasturias.com\/magazine365"},{"label":"Noticias y Actualidad","link":"https:\/\/eldigitaldeasturias.com\/magazine365\/category\/noticias-actualidad\/"},{"label":"La gasolina y el gas\u00f3leo arrancan las vacaciones de verano con sus precios m\u00e1s bajos en los \u00faltimos seis a\u00f1os","link":"https:\/\/eldigitaldeasturias.com\/magazine365\/la-gasolina-y-el-gasoleo-arrancan-las-vacaciones-de-verano-con-sus-precios-mas-bajos-en-los-ultimos-seis-anos\/"}],"_links":{"self":[{"href":"https:\/\/eldigitaldeasturias.com\/magazine365\/wp-json\/wp\/v2\/posts\/81216","targetHints":{"allow":["GET"]}}],"collection":[{"href":"https:\/\/eldigitaldeasturias.com\/magazine365\/wp-json\/wp\/v2\/posts"}],"about":[{"href":"https:\/\/eldigitaldeasturias.com\/magazine365\/wp-json\/wp\/v2\/types\/post"}],"author":[{"embeddable":true,"href":"https:\/\/eldigitaldeasturias.com\/magazine365\/wp-json\/wp\/v2\/users\/1"}],"replies":[{"embeddable":true,"href":"https:\/\/eldigitaldeasturias.com\/magazine365\/wp-json\/wp\/v2\/comments?post=81216"}],"version-history":[{"count":0,"href":"https:\/\/eldigitaldeasturias.com\/magazine365\/wp-json\/wp\/v2\/posts\/81216\/revisions"}],"wp:featuredmedia":[{"embeddable":true,"href":"https:\/\/eldigitaldeasturias.com\/magazine365\/wp-json\/wp\/v2\/media\/81217"}],"wp:attachment":[{"href":"https:\/\/eldigitaldeasturias.com\/magazine365\/wp-json\/wp\/v2\/media?parent=81216"}],"wp:term":[{"taxonomy":"category","embeddable":true,"href":"https:\/\/eldigitaldeasturias.com\/magazine365\/wp-json\/wp\/v2\/categories?post=81216"},{"taxonomy":"post_tag","embeddable":true,"href":"https:\/\/eldigitaldeasturias.com\/magazine365\/wp-json\/wp\/v2\/tags?post=81216"}],"curies":[{"name":"wp","href":"https:\/\/api.w.org\/{rel}","templated":true}]}}