{"id":81199,"date":"2016-06-30T09:55:53","date_gmt":"2016-06-30T07:55:53","guid":{"rendered":"http:\/\/eldigitaldeasturias.com\/magazine365\/?p=81199"},"modified":"2016-06-30T09:55:53","modified_gmt":"2016-06-30T07:55:53","slug":"los-campings-asturianos-alcanzaran-el-80-de-ocupacion-en-verano","status":"publish","type":"post","link":"https:\/\/eldigitaldeasturias.com\/magazine365\/los-campings-asturianos-alcanzaran-el-80-de-ocupacion-en-verano\/","title":{"rendered":"Los campings asturianos alcanzar\u00e1n el 80% de ocupaci\u00f3n en verano"},"content":{"rendered":"<p><img fetchpriority=\"high\" decoding=\"async\" class=\"alignleft size-medium wp-image-81200\" src=\"https:\/\/eldigitaldeasturias.com\/magazine365\/wp-content\/uploads\/2016\/06\/fotonoticia_20160629181637_800-360x270.jpg\" alt=\"fotonoticia_20160629181637_800\" width=\"360\" height=\"270\" srcset=\"https:\/\/eldigitaldeasturias.com\/magazine365\/wp-content\/uploads\/2016\/06\/fotonoticia_20160629181637_800-360x270.jpg 360w, https:\/\/eldigitaldeasturias.com\/magazine365\/wp-content\/uploads\/2016\/06\/fotonoticia_20160629181637_800-650x488.jpg 650w, https:\/\/eldigitaldeasturias.com\/magazine365\/wp-content\/uploads\/2016\/06\/fotonoticia_20160629181637_800-768x576.jpg 768w, https:\/\/eldigitaldeasturias.com\/magazine365\/wp-content\/uploads\/2016\/06\/fotonoticia_20160629181637_800-150x113.jpg 150w, https:\/\/eldigitaldeasturias.com\/magazine365\/wp-content\/uploads\/2016\/06\/fotonoticia_20160629181637_800-450x338.jpg 450w, https:\/\/eldigitaldeasturias.com\/magazine365\/wp-content\/uploads\/2016\/06\/fotonoticia_20160629181637_800-90x67.jpg 90w, https:\/\/eldigitaldeasturias.com\/magazine365\/wp-content\/uploads\/2016\/06\/fotonoticia_20160629181637_800-164x124.jpg 164w, https:\/\/eldigitaldeasturias.com\/magazine365\/wp-content\/uploads\/2016\/06\/fotonoticia_20160629181637_800-100x75.jpg 100w, https:\/\/eldigitaldeasturias.com\/magazine365\/wp-content\/uploads\/2016\/06\/fotonoticia_20160629181637_800.jpg 800w\" sizes=\"(max-width: 360px) 100vw, 360px\" \/>Los campings asturianos alcanzar\u00e1n un 80 por ciento de ocupaci\u00f3n media en los meses de verano, seg\u00fan los datos que maneja la Federaci\u00f3n Espa\u00f1ola de Empresarios del Camping (FEEC).<\/p>\n<p>Seg\u00fan se\u00f1ala en una nota la FEEC, tras cuatro a\u00f1os de continua ca\u00edda, tres estancados y dos de recuperaci\u00f3n, el camping vuelve a registros ocupacionales y de pernoctaci\u00f3n del 2006. Si ya durante el 2014 y el 2015, el camping se convirti\u00f3 en la segunda oferta alojativa vacacional preferida de los espa\u00f1oles, los datos que maneja la FEEC sit\u00faan \u00abeste 2016 como el a\u00f1o de la recuperaci\u00f3n definitiva del sector con una ocupaci\u00f3n media para los meses de julio y agosto de entorno al 85 por ciento\u00bb.<\/p>\n<p>En el caso de los campings de costa, en el Mediterr\u00e1neo, establecimientos de Andaluc\u00eda, Murcia, Catalu\u00f1a o Alicante tendr\u00e1n una ocupaci\u00f3n de un 85 por ciento. En el norte del pa\u00eds y dependiendo de las condiciones meteorol\u00f3gicas, campings de Cantabria, Asturias y Pa\u00eds Vasco alcanzar\u00e1n el 80 por ciento de ocupaci\u00f3n.<\/p>\n<p>Respecto a los campings de interior, las previsiones en establecimientos de Navarra, La Rioja, Arag\u00f3n, Madrid, Castilla y Le\u00f3n, Castilla la Mancha o Extremadura rondan tambi\u00e9n el 80 por ciento.<\/p>\n<p>Adem\u00e1s, por tercer a\u00f1o consecutivo, los bungalows se confirman como el producto estrella dentro de los campings con un 90 por ciento de reservas. Las parcelas para caravanas, tiendas de campa\u00f1a y autocaravanas presentan ya un 70 por ciento de reservas.<\/p>\n<p>FEEC tambi\u00e9n ha llamado la atenci\u00f3n sobre el aumento de reservas entre campistas nacionales, con un 70 por ciento frente a un 30 por ciento de extranjeros y ha destacado el aumento de la estancia media, hasta los cinco d\u00edas y el gasto por familia a 85 euros diarios.<\/p>\n<p>Por \u00faltimo, esta evoluci\u00f3n positiva se va a reflejar en el n\u00famero de pernoctaciones con cifras similares a las que se alcanzaron en 2006. La FEEC calcula que, solo durante julio y agosto, se aproximen a los 18 millones de pernoctaciones.<\/p>\n<p>&nbsp;<\/p>\n","protected":false},"excerpt":{"rendered":"<p>Los campings asturianos alcanzar\u00e1n un 80 por ciento de ocupaci\u00f3n media en los meses de verano, seg\u00fan los datos que maneja la Federaci\u00f3n Espa\u00f1ola de Empresarios del Camping (FEEC). Seg\u00fan se\u00f1ala en una nota la FEEC, tras cuatro a\u00f1os de continua ca\u00edda, tres estancados y dos de recuperaci\u00f3n, el camping vuelve a registros ocupacionales y<\/p>\n","protected":false},"author":1,"featured_media":81200,"comment_status":"open","ping_status":"closed","sticky":false,"template":"","format":"standard","meta":{"footnotes":""},"categories":[224],"tags":[],"class_list":{"0":"post-81199","1":"post","2":"type-post","3":"status-publish","4":"format-standard","5":"has-post-thumbnail","7":"category-noticias-actualidad"},"aioseo_notices":[],"aioseo_head":"\n\t\t<!-- All in One SEO Pro 4.9.6.1 - aioseo.com -->\n\t<meta name=\"description\" content=\"Los campings asturianos alcanzar\u00e1n un 80 por ciento de ocupaci\u00f3n media en los meses de verano, seg\u00fan los datos que maneja la Federaci\u00f3n Espa\u00f1ola de Empresarios del Camping (FEEC). Seg\u00fan se\u00f1ala en una nota la FEEC, tras cuatro a\u00f1os de continua ca\u00edda, tres estancados y dos de recuperaci\u00f3n, el camping vuelve a registros ocupacionales y\" \/>\n\t<meta name=\"robots\" content=\"max-image-preview:large\" \/>\n\t<meta name=\"author\" content=\"admin\"\/>\n\t<meta name=\"google-site-verification\" content=\"UA-38556648-1\" \/>\n\t<meta name=\"keywords\" content=\"noticias y actualidad\" \/>\n\t<link rel=\"canonical\" href=\"https:\/\/eldigitaldeasturias.com\/magazine365\/los-campings-asturianos-alcanzaran-el-80-de-ocupacion-en-verano\/\" \/>\n\t<meta name=\"generator\" content=\"All in One SEO Pro (AIOSEO) 4.9.6.1\" \/>\n\t\t<meta property=\"og:locale\" content=\"es_ES\" \/>\n\t\t<meta property=\"og:site_name\" content=\"El Digital de Asturias \u2013 Revista de ocio, turismo y estilo de vida\" \/>\n\t\t<meta property=\"og:type\" content=\"article\" \/>\n\t\t<meta property=\"og:title\" content=\"Los campings asturianos alcanzar\u00e1n el 80% de ocupaci\u00f3n en verano | El Digital de Asturias\" \/>\n\t\t<meta property=\"og:description\" content=\"Los campings asturianos alcanzar\u00e1n un 80 por ciento de ocupaci\u00f3n media en los meses de verano, seg\u00fan los datos que maneja la Federaci\u00f3n Espa\u00f1ola de Empresarios del Camping (FEEC). Seg\u00fan se\u00f1ala en una nota la FEEC, tras cuatro a\u00f1os de continua ca\u00edda, tres estancados y dos de recuperaci\u00f3n, el camping vuelve a registros ocupacionales y\" \/>\n\t\t<meta property=\"og:url\" content=\"https:\/\/eldigitaldeasturias.com\/magazine365\/los-campings-asturianos-alcanzaran-el-80-de-ocupacion-en-verano\/\" \/>\n\t\t<meta property=\"og:image\" content=\"https:\/\/eldigitaldeasturias.com\/magazine365\/wp-content\/uploads\/2016\/06\/fotonoticia_20160629181637_800.jpg\" \/>\n\t\t<meta property=\"og:image:secure_url\" content=\"https:\/\/eldigitaldeasturias.com\/magazine365\/wp-content\/uploads\/2016\/06\/fotonoticia_20160629181637_800.jpg\" \/>\n\t\t<meta property=\"og:image:width\" content=\"800\" \/>\n\t\t<meta property=\"og:image:height\" content=\"600\" \/>\n\t\t<meta property=\"article:published_time\" content=\"2016-06-30T07:55:53+00:00\" \/>\n\t\t<meta property=\"article:modified_time\" content=\"2016-06-30T07:55:53+00:00\" \/>\n\t\t<meta name=\"twitter:card\" content=\"summary_large_image\" \/>\n\t\t<meta name=\"twitter:title\" content=\"Los campings asturianos alcanzar\u00e1n el 80% de ocupaci\u00f3n en verano | El Digital de Asturias\" \/>\n\t\t<meta name=\"twitter:description\" content=\"Los campings asturianos alcanzar\u00e1n un 80 por ciento de ocupaci\u00f3n media en los meses de verano, seg\u00fan los datos que maneja la Federaci\u00f3n Espa\u00f1ola de Empresarios del Camping (FEEC). Seg\u00fan se\u00f1ala en una nota la FEEC, tras cuatro a\u00f1os de continua ca\u00edda, tres estancados y dos de recuperaci\u00f3n, el camping vuelve a registros ocupacionales y\" \/>\n\t\t<meta name=\"twitter:image\" content=\"https:\/\/eldigitaldeasturias.com\/magazine365\/wp-content\/uploads\/2016\/06\/fotonoticia_20160629181637_800.jpg\" \/>\n\t\t<script type=\"application\/ld+json\" class=\"aioseo-schema\">\n\t\t\t{\"@context\":\"https:\\\/\\\/schema.org\",\"@graph\":[{\"@type\":\"Article\",\"@id\":\"https:\\\/\\\/eldigitaldeasturias.com\\\/magazine365\\\/los-campings-asturianos-alcanzaran-el-80-de-ocupacion-en-verano\\\/#article\",\"name\":\"Los campings asturianos alcanzar\\u00e1n el 80% de ocupaci\\u00f3n en verano | El Digital de Asturias\",\"headline\":\"Los campings asturianos alcanzar\\u00e1n el 80% de ocupaci\\u00f3n en verano\",\"author\":{\"@id\":\"https:\\\/\\\/eldigitaldeasturias.com\\\/magazine365\\\/author\\\/admin\\\/#author\"},\"publisher\":{\"@id\":\"https:\\\/\\\/eldigitaldeasturias.com\\\/magazine365\\\/#organization\"},\"image\":{\"@type\":\"ImageObject\",\"url\":\"https:\\\/\\\/eldigitaldeasturias.com\\\/magazine365\\\/wp-content\\\/uploads\\\/2016\\\/06\\\/fotonoticia_20160629181637_800.jpg\",\"width\":800,\"height\":600},\"datePublished\":\"2016-06-30T09:55:53+02:00\",\"dateModified\":\"2016-06-30T09:55:53+02:00\",\"inLanguage\":\"es-ES\",\"mainEntityOfPage\":{\"@id\":\"https:\\\/\\\/eldigitaldeasturias.com\\\/magazine365\\\/los-campings-asturianos-alcanzaran-el-80-de-ocupacion-en-verano\\\/#webpage\"},\"isPartOf\":{\"@id\":\"https:\\\/\\\/eldigitaldeasturias.com\\\/magazine365\\\/los-campings-asturianos-alcanzaran-el-80-de-ocupacion-en-verano\\\/#webpage\"},\"articleSection\":\"Noticias y Actualidad\"},{\"@type\":\"BreadcrumbList\",\"@id\":\"https:\\\/\\\/eldigitaldeasturias.com\\\/magazine365\\\/los-campings-asturianos-alcanzaran-el-80-de-ocupacion-en-verano\\\/#breadcrumblist\",\"itemListElement\":[{\"@type\":\"ListItem\",\"@id\":\"https:\\\/\\\/eldigitaldeasturias.com\\\/magazine365#listItem\",\"position\":1,\"name\":\"Home\",\"item\":\"https:\\\/\\\/eldigitaldeasturias.com\\\/magazine365\",\"nextItem\":{\"@type\":\"ListItem\",\"@id\":\"https:\\\/\\\/eldigitaldeasturias.com\\\/magazine365\\\/category\\\/noticias-actualidad\\\/#listItem\",\"name\":\"Noticias y Actualidad\"}},{\"@type\":\"ListItem\",\"@id\":\"https:\\\/\\\/eldigitaldeasturias.com\\\/magazine365\\\/category\\\/noticias-actualidad\\\/#listItem\",\"position\":2,\"name\":\"Noticias y Actualidad\",\"item\":\"https:\\\/\\\/eldigitaldeasturias.com\\\/magazine365\\\/category\\\/noticias-actualidad\\\/\",\"nextItem\":{\"@type\":\"ListItem\",\"@id\":\"https:\\\/\\\/eldigitaldeasturias.com\\\/magazine365\\\/los-campings-asturianos-alcanzaran-el-80-de-ocupacion-en-verano\\\/#listItem\",\"name\":\"Los campings asturianos alcanzar\\u00e1n el 80% de ocupaci\\u00f3n en verano\"},\"previousItem\":{\"@type\":\"ListItem\",\"@id\":\"https:\\\/\\\/eldigitaldeasturias.com\\\/magazine365#listItem\",\"name\":\"Home\"}},{\"@type\":\"ListItem\",\"@id\":\"https:\\\/\\\/eldigitaldeasturias.com\\\/magazine365\\\/los-campings-asturianos-alcanzaran-el-80-de-ocupacion-en-verano\\\/#listItem\",\"position\":3,\"name\":\"Los campings asturianos alcanzar\\u00e1n el 80% de ocupaci\\u00f3n en verano\",\"previousItem\":{\"@type\":\"ListItem\",\"@id\":\"https:\\\/\\\/eldigitaldeasturias.com\\\/magazine365\\\/category\\\/noticias-actualidad\\\/#listItem\",\"name\":\"Noticias y Actualidad\"}}]},{\"@type\":\"Organization\",\"@id\":\"https:\\\/\\\/eldigitaldeasturias.com\\\/magazine365\\\/#organization\",\"name\":\"El digital de Asturias\",\"description\":\"Revista de ocio, turismo y estilo de vida\",\"url\":\"https:\\\/\\\/eldigitaldeasturias.com\\\/magazine365\\\/\",\"logo\":{\"@type\":\"ImageObject\",\"url\":\"https:\\\/\\\/www.eldigitaldeasturias.com\\\/noticias\\\/wp-content\\\/uploads\\\/2020\\\/12\\\/EDA.jpg\",\"@id\":\"https:\\\/\\\/eldigitaldeasturias.com\\\/magazine365\\\/los-campings-asturianos-alcanzaran-el-80-de-ocupacion-en-verano\\\/#organizationLogo\"},\"image\":{\"@id\":\"https:\\\/\\\/eldigitaldeasturias.com\\\/magazine365\\\/los-campings-asturianos-alcanzaran-el-80-de-ocupacion-en-verano\\\/#organizationLogo\"}},{\"@type\":\"Person\",\"@id\":\"https:\\\/\\\/eldigitaldeasturias.com\\\/magazine365\\\/author\\\/admin\\\/#author\",\"url\":\"https:\\\/\\\/eldigitaldeasturias.com\\\/magazine365\\\/author\\\/admin\\\/\",\"name\":\"admin\",\"image\":{\"@type\":\"ImageObject\",\"@id\":\"https:\\\/\\\/eldigitaldeasturias.com\\\/magazine365\\\/los-campings-asturianos-alcanzaran-el-80-de-ocupacion-en-verano\\\/#authorImage\",\"url\":\"https:\\\/\\\/eldigitaldeasturias.com\\\/magazine365\\\/wp-content\\\/litespeed\\\/avatar\\\/e571bcf59a0edd6fa6838245a470f2fe.jpg?ver=1776969259\",\"width\":96,\"height\":96,\"caption\":\"admin\"}},{\"@type\":\"WebPage\",\"@id\":\"https:\\\/\\\/eldigitaldeasturias.com\\\/magazine365\\\/los-campings-asturianos-alcanzaran-el-80-de-ocupacion-en-verano\\\/#webpage\",\"url\":\"https:\\\/\\\/eldigitaldeasturias.com\\\/magazine365\\\/los-campings-asturianos-alcanzaran-el-80-de-ocupacion-en-verano\\\/\",\"name\":\"Los campings asturianos alcanzar\\u00e1n el 80% de ocupaci\\u00f3n en verano | El Digital de Asturias\",\"description\":\"Los campings asturianos alcanzar\\u00e1n un 80 por ciento de ocupaci\\u00f3n media en los meses de verano, seg\\u00fan los datos que maneja la Federaci\\u00f3n Espa\\u00f1ola de Empresarios del Camping (FEEC). Seg\\u00fan se\\u00f1ala en una nota la FEEC, tras cuatro a\\u00f1os de continua ca\\u00edda, tres estancados y dos de recuperaci\\u00f3n, el camping vuelve a registros ocupacionales y\",\"inLanguage\":\"es-ES\",\"isPartOf\":{\"@id\":\"https:\\\/\\\/eldigitaldeasturias.com\\\/magazine365\\\/#website\"},\"breadcrumb\":{\"@id\":\"https:\\\/\\\/eldigitaldeasturias.com\\\/magazine365\\\/los-campings-asturianos-alcanzaran-el-80-de-ocupacion-en-verano\\\/#breadcrumblist\"},\"author\":{\"@id\":\"https:\\\/\\\/eldigitaldeasturias.com\\\/magazine365\\\/author\\\/admin\\\/#author\"},\"creator\":{\"@id\":\"https:\\\/\\\/eldigitaldeasturias.com\\\/magazine365\\\/author\\\/admin\\\/#author\"},\"image\":{\"@type\":\"ImageObject\",\"url\":\"https:\\\/\\\/eldigitaldeasturias.com\\\/magazine365\\\/wp-content\\\/uploads\\\/2016\\\/06\\\/fotonoticia_20160629181637_800.jpg\",\"@id\":\"https:\\\/\\\/eldigitaldeasturias.com\\\/magazine365\\\/los-campings-asturianos-alcanzaran-el-80-de-ocupacion-en-verano\\\/#mainImage\",\"width\":800,\"height\":600},\"primaryImageOfPage\":{\"@id\":\"https:\\\/\\\/eldigitaldeasturias.com\\\/magazine365\\\/los-campings-asturianos-alcanzaran-el-80-de-ocupacion-en-verano\\\/#mainImage\"},\"datePublished\":\"2016-06-30T09:55:53+02:00\",\"dateModified\":\"2016-06-30T09:55:53+02:00\"},{\"@type\":\"WebSite\",\"@id\":\"https:\\\/\\\/eldigitaldeasturias.com\\\/magazine365\\\/#website\",\"url\":\"https:\\\/\\\/eldigitaldeasturias.com\\\/magazine365\\\/\",\"name\":\"El Digital de Asturias\",\"description\":\"Revista de ocio, turismo y estilo de vida\",\"inLanguage\":\"es-ES\",\"publisher\":{\"@id\":\"https:\\\/\\\/eldigitaldeasturias.com\\\/magazine365\\\/#organization\"}}]}\n\t\t<\/script>\n\t\t<!-- All in One SEO Pro -->\r\n\t\t<title>Los campings asturianos alcanzar\u00e1n el 80% de ocupaci\u00f3n en verano | El Digital de Asturias<\/title>\n\n","aioseo_head_json":{"title":"Los campings asturianos alcanzar\u00e1n el 80% de ocupaci\u00f3n en verano | El Digital de Asturias","description":"Los campings asturianos alcanzar\u00e1n un 80 por ciento de ocupaci\u00f3n media en los meses de verano, seg\u00fan los datos que maneja la Federaci\u00f3n Espa\u00f1ola de Empresarios del Camping (FEEC). Seg\u00fan se\u00f1ala en una nota la FEEC, tras cuatro a\u00f1os de continua ca\u00edda, tres estancados y dos de recuperaci\u00f3n, el camping vuelve a registros ocupacionales y","canonical_url":"https:\/\/eldigitaldeasturias.com\/magazine365\/los-campings-asturianos-alcanzaran-el-80-de-ocupacion-en-verano\/","robots":"max-image-preview:large","keywords":"noticias y actualidad","webmasterTools":{"google-site-verification":"UA-38556648-1","miscellaneous":""},"schema":{"@context":"https:\/\/schema.org","@graph":[{"@type":"Article","@id":"https:\/\/eldigitaldeasturias.com\/magazine365\/los-campings-asturianos-alcanzaran-el-80-de-ocupacion-en-verano\/#article","name":"Los campings asturianos alcanzar\u00e1n el 80% de ocupaci\u00f3n en verano | El Digital de Asturias","headline":"Los campings asturianos alcanzar\u00e1n el 80% de ocupaci\u00f3n en verano","author":{"@id":"https:\/\/eldigitaldeasturias.com\/magazine365\/author\/admin\/#author"},"publisher":{"@id":"https:\/\/eldigitaldeasturias.com\/magazine365\/#organization"},"image":{"@type":"ImageObject","url":"https:\/\/eldigitaldeasturias.com\/magazine365\/wp-content\/uploads\/2016\/06\/fotonoticia_20160629181637_800.jpg","width":800,"height":600},"datePublished":"2016-06-30T09:55:53+02:00","dateModified":"2016-06-30T09:55:53+02:00","inLanguage":"es-ES","mainEntityOfPage":{"@id":"https:\/\/eldigitaldeasturias.com\/magazine365\/los-campings-asturianos-alcanzaran-el-80-de-ocupacion-en-verano\/#webpage"},"isPartOf":{"@id":"https:\/\/eldigitaldeasturias.com\/magazine365\/los-campings-asturianos-alcanzaran-el-80-de-ocupacion-en-verano\/#webpage"},"articleSection":"Noticias y Actualidad"},{"@type":"BreadcrumbList","@id":"https:\/\/eldigitaldeasturias.com\/magazine365\/los-campings-asturianos-alcanzaran-el-80-de-ocupacion-en-verano\/#breadcrumblist","itemListElement":[{"@type":"ListItem","@id":"https:\/\/eldigitaldeasturias.com\/magazine365#listItem","position":1,"name":"Home","item":"https:\/\/eldigitaldeasturias.com\/magazine365","nextItem":{"@type":"ListItem","@id":"https:\/\/eldigitaldeasturias.com\/magazine365\/category\/noticias-actualidad\/#listItem","name":"Noticias y Actualidad"}},{"@type":"ListItem","@id":"https:\/\/eldigitaldeasturias.com\/magazine365\/category\/noticias-actualidad\/#listItem","position":2,"name":"Noticias y Actualidad","item":"https:\/\/eldigitaldeasturias.com\/magazine365\/category\/noticias-actualidad\/","nextItem":{"@type":"ListItem","@id":"https:\/\/eldigitaldeasturias.com\/magazine365\/los-campings-asturianos-alcanzaran-el-80-de-ocupacion-en-verano\/#listItem","name":"Los campings asturianos alcanzar\u00e1n el 80% de ocupaci\u00f3n en verano"},"previousItem":{"@type":"ListItem","@id":"https:\/\/eldigitaldeasturias.com\/magazine365#listItem","name":"Home"}},{"@type":"ListItem","@id":"https:\/\/eldigitaldeasturias.com\/magazine365\/los-campings-asturianos-alcanzaran-el-80-de-ocupacion-en-verano\/#listItem","position":3,"name":"Los campings asturianos alcanzar\u00e1n el 80% de ocupaci\u00f3n en verano","previousItem":{"@type":"ListItem","@id":"https:\/\/eldigitaldeasturias.com\/magazine365\/category\/noticias-actualidad\/#listItem","name":"Noticias y Actualidad"}}]},{"@type":"Organization","@id":"https:\/\/eldigitaldeasturias.com\/magazine365\/#organization","name":"El digital de Asturias","description":"Revista de ocio, turismo y estilo de vida","url":"https:\/\/eldigitaldeasturias.com\/magazine365\/","logo":{"@type":"ImageObject","url":"https:\/\/www.eldigitaldeasturias.com\/noticias\/wp-content\/uploads\/2020\/12\/EDA.jpg","@id":"https:\/\/eldigitaldeasturias.com\/magazine365\/los-campings-asturianos-alcanzaran-el-80-de-ocupacion-en-verano\/#organizationLogo"},"image":{"@id":"https:\/\/eldigitaldeasturias.com\/magazine365\/los-campings-asturianos-alcanzaran-el-80-de-ocupacion-en-verano\/#organizationLogo"}},{"@type":"Person","@id":"https:\/\/eldigitaldeasturias.com\/magazine365\/author\/admin\/#author","url":"https:\/\/eldigitaldeasturias.com\/magazine365\/author\/admin\/","name":"admin","image":{"@type":"ImageObject","@id":"https:\/\/eldigitaldeasturias.com\/magazine365\/los-campings-asturianos-alcanzaran-el-80-de-ocupacion-en-verano\/#authorImage","url":"https:\/\/eldigitaldeasturias.com\/magazine365\/wp-content\/litespeed\/avatar\/e571bcf59a0edd6fa6838245a470f2fe.jpg?ver=1776969259","width":96,"height":96,"caption":"admin"}},{"@type":"WebPage","@id":"https:\/\/eldigitaldeasturias.com\/magazine365\/los-campings-asturianos-alcanzaran-el-80-de-ocupacion-en-verano\/#webpage","url":"https:\/\/eldigitaldeasturias.com\/magazine365\/los-campings-asturianos-alcanzaran-el-80-de-ocupacion-en-verano\/","name":"Los campings asturianos alcanzar\u00e1n el 80% de ocupaci\u00f3n en verano | El Digital de Asturias","description":"Los campings asturianos alcanzar\u00e1n un 80 por ciento de ocupaci\u00f3n media en los meses de verano, seg\u00fan los datos que maneja la Federaci\u00f3n Espa\u00f1ola de Empresarios del Camping (FEEC). Seg\u00fan se\u00f1ala en una nota la FEEC, tras cuatro a\u00f1os de continua ca\u00edda, tres estancados y dos de recuperaci\u00f3n, el camping vuelve a registros ocupacionales y","inLanguage":"es-ES","isPartOf":{"@id":"https:\/\/eldigitaldeasturias.com\/magazine365\/#website"},"breadcrumb":{"@id":"https:\/\/eldigitaldeasturias.com\/magazine365\/los-campings-asturianos-alcanzaran-el-80-de-ocupacion-en-verano\/#breadcrumblist"},"author":{"@id":"https:\/\/eldigitaldeasturias.com\/magazine365\/author\/admin\/#author"},"creator":{"@id":"https:\/\/eldigitaldeasturias.com\/magazine365\/author\/admin\/#author"},"image":{"@type":"ImageObject","url":"https:\/\/eldigitaldeasturias.com\/magazine365\/wp-content\/uploads\/2016\/06\/fotonoticia_20160629181637_800.jpg","@id":"https:\/\/eldigitaldeasturias.com\/magazine365\/los-campings-asturianos-alcanzaran-el-80-de-ocupacion-en-verano\/#mainImage","width":800,"height":600},"primaryImageOfPage":{"@id":"https:\/\/eldigitaldeasturias.com\/magazine365\/los-campings-asturianos-alcanzaran-el-80-de-ocupacion-en-verano\/#mainImage"},"datePublished":"2016-06-30T09:55:53+02:00","dateModified":"2016-06-30T09:55:53+02:00"},{"@type":"WebSite","@id":"https:\/\/eldigitaldeasturias.com\/magazine365\/#website","url":"https:\/\/eldigitaldeasturias.com\/magazine365\/","name":"El Digital de Asturias","description":"Revista de ocio, turismo y estilo de vida","inLanguage":"es-ES","publisher":{"@id":"https:\/\/eldigitaldeasturias.com\/magazine365\/#organization"}}]},"og:locale":"es_ES","og:site_name":"El Digital de Asturias \u2013 Revista de ocio, turismo y estilo de vida","og:type":"article","og:title":"Los campings asturianos alcanzar\u00e1n el 80% de ocupaci\u00f3n en verano | El Digital de Asturias","og:description":"Los campings asturianos alcanzar\u00e1n un 80 por ciento de ocupaci\u00f3n media en los meses de verano, seg\u00fan los datos que maneja la Federaci\u00f3n Espa\u00f1ola de Empresarios del Camping (FEEC). Seg\u00fan se\u00f1ala en una nota la FEEC, tras cuatro a\u00f1os de continua ca\u00edda, tres estancados y dos de recuperaci\u00f3n, el camping vuelve a registros ocupacionales y","og:url":"https:\/\/eldigitaldeasturias.com\/magazine365\/los-campings-asturianos-alcanzaran-el-80-de-ocupacion-en-verano\/","og:image":"https:\/\/eldigitaldeasturias.com\/magazine365\/wp-content\/uploads\/2016\/06\/fotonoticia_20160629181637_800.jpg","og:image:secure_url":"https:\/\/eldigitaldeasturias.com\/magazine365\/wp-content\/uploads\/2016\/06\/fotonoticia_20160629181637_800.jpg","og:image:width":800,"og:image:height":600,"article:published_time":"2016-06-30T07:55:53+00:00","article:modified_time":"2016-06-30T07:55:53+00:00","twitter:card":"summary_large_image","twitter:title":"Los campings asturianos alcanzar\u00e1n el 80% de ocupaci\u00f3n en verano | El Digital de Asturias","twitter:description":"Los campings asturianos alcanzar\u00e1n un 80 por ciento de ocupaci\u00f3n media en los meses de verano, seg\u00fan los datos que maneja la Federaci\u00f3n Espa\u00f1ola de Empresarios del Camping (FEEC). Seg\u00fan se\u00f1ala en una nota la FEEC, tras cuatro a\u00f1os de continua ca\u00edda, tres estancados y dos de recuperaci\u00f3n, el camping vuelve a registros ocupacionales y","twitter:image":"https:\/\/eldigitaldeasturias.com\/magazine365\/wp-content\/uploads\/2016\/06\/fotonoticia_20160629181637_800.jpg"},"aioseo_meta_data":{"post_id":"81199","title":null,"description":null,"keywords":null,"keyphrases":null,"primary_term":null,"canonical_url":null,"og_title":null,"og_description":null,"og_object_type":"default","og_image_type":"default","og_image_url":null,"og_image_width":null,"og_image_height":null,"og_image_custom_url":null,"og_image_custom_fields":null,"og_video":null,"og_custom_url":null,"og_article_section":null,"og_article_tags":null,"twitter_use_og":false,"twitter_card":"default","twitter_image_type":"default","twitter_image_url":null,"twitter_image_custom_url":null,"twitter_image_custom_fields":null,"twitter_title":null,"twitter_description":null,"schema":{"blockGraphs":[],"customGraphs":[],"default":{"data":{"Article":[],"Course":[],"Dataset":[],"FAQPage":[],"Movie":[],"Person":[],"Product":[],"ProductReview":[],"Car":[],"Recipe":[],"Service":[],"SoftwareApplication":[],"WebPage":[]},"graphName":"","isEnabled":true},"graphs":[],"defaultGraph":"","defaultPostTypeGraph":""},"schema_type":null,"schema_type_options":null,"pillar_content":false,"robots_default":true,"robots_noindex":false,"robots_noarchive":false,"robots_nosnippet":false,"robots_nofollow":false,"robots_noimageindex":false,"robots_noodp":false,"robots_notranslate":false,"robots_max_snippet":null,"robots_max_videopreview":null,"robots_max_imagepreview":"large","priority":null,"frequency":null,"location":null,"local_seo":null,"seo_analyzer_scan_date":"2025-09-27 22:25:17","breadcrumb_settings":null,"limit_modified_date":false,"open_ai":null,"ai":null,"created":"2021-03-08 17:20:54","updated":"2025-09-27 22:25:17"},"aioseo_breadcrumb":"<div class=\"aioseo-breadcrumbs\"><span class=\"aioseo-breadcrumb\">\n\t<a href=\"https:\/\/eldigitaldeasturias.com\/magazine365\" title=\"Home\">Home<\/a>\n<\/span><span class=\"aioseo-breadcrumb-separator\">\u2013<\/span><span class=\"aioseo-breadcrumb\">\n\t<a href=\"https:\/\/eldigitaldeasturias.com\/magazine365\/category\/noticias-actualidad\/\" title=\"Noticias y Actualidad\">Noticias y Actualidad<\/a>\n<\/span><span class=\"aioseo-breadcrumb-separator\">\u2013<\/span><span class=\"aioseo-breadcrumb\">\n\t<a href=\"https:\/\/eldigitaldeasturias.com\/magazine365\/los-campings-asturianos-alcanzaran-el-80-de-ocupacion-en-verano\/\" title=\"Los campings asturianos alcanzar\u00e1n el 80% de ocupaci\u00f3n en verano\">Los campings asturianos alcanzar\u00e1n el 80% de ocupaci\u00f3n en verano<\/a>\n<\/span><\/div>","aioseo_breadcrumb_json":[{"label":"Home","link":"https:\/\/eldigitaldeasturias.com\/magazine365"},{"label":"Noticias y Actualidad","link":"https:\/\/eldigitaldeasturias.com\/magazine365\/category\/noticias-actualidad\/"},{"label":"Los campings asturianos alcanzar\u00e1n el 80% de ocupaci\u00f3n en verano","link":"https:\/\/eldigitaldeasturias.com\/magazine365\/los-campings-asturianos-alcanzaran-el-80-de-ocupacion-en-verano\/"}],"_links":{"self":[{"href":"https:\/\/eldigitaldeasturias.com\/magazine365\/wp-json\/wp\/v2\/posts\/81199","targetHints":{"allow":["GET"]}}],"collection":[{"href":"https:\/\/eldigitaldeasturias.com\/magazine365\/wp-json\/wp\/v2\/posts"}],"about":[{"href":"https:\/\/eldigitaldeasturias.com\/magazine365\/wp-json\/wp\/v2\/types\/post"}],"author":[{"embeddable":true,"href":"https:\/\/eldigitaldeasturias.com\/magazine365\/wp-json\/wp\/v2\/users\/1"}],"replies":[{"embeddable":true,"href":"https:\/\/eldigitaldeasturias.com\/magazine365\/wp-json\/wp\/v2\/comments?post=81199"}],"version-history":[{"count":0,"href":"https:\/\/eldigitaldeasturias.com\/magazine365\/wp-json\/wp\/v2\/posts\/81199\/revisions"}],"wp:featuredmedia":[{"embeddable":true,"href":"https:\/\/eldigitaldeasturias.com\/magazine365\/wp-json\/wp\/v2\/media\/81200"}],"wp:attachment":[{"href":"https:\/\/eldigitaldeasturias.com\/magazine365\/wp-json\/wp\/v2\/media?parent=81199"}],"wp:term":[{"taxonomy":"category","embeddable":true,"href":"https:\/\/eldigitaldeasturias.com\/magazine365\/wp-json\/wp\/v2\/categories?post=81199"},{"taxonomy":"post_tag","embeddable":true,"href":"https:\/\/eldigitaldeasturias.com\/magazine365\/wp-json\/wp\/v2\/tags?post=81199"}],"curies":[{"name":"wp","href":"https:\/\/api.w.org\/{rel}","templated":true}]}}