{"id":81191,"date":"2016-06-30T00:01:04","date_gmt":"2016-06-29T22:01:04","guid":{"rendered":"http:\/\/eldigitaldeasturias.com\/magazine365\/?p=81191"},"modified":"2016-06-30T00:01:04","modified_gmt":"2016-06-29T22:01:04","slug":"presidente-de-anave-dice-que-la-regulacion-internacional-de-omi-es-imporante-para-el-transporte-maritimo","status":"publish","type":"post","link":"https:\/\/eldigitaldeasturias.com\/magazine365\/presidente-de-anave-dice-que-la-regulacion-internacional-de-omi-es-imporante-para-el-transporte-maritimo\/","title":{"rendered":"Presidente de Anave dice que la regulaci\u00f3n internacional de OMI es imporante para el transporte mar\u00edtimo"},"content":{"rendered":"<p><img fetchpriority=\"high\" decoding=\"async\" class=\"alignleft size-medium wp-image-81192\" src=\"https:\/\/eldigitaldeasturias.com\/magazine365\/wp-content\/uploads\/2016\/06\/fotonoticia_20160629195847_800-360x242.jpg\" alt=\"fotonoticia_20160629195847_800\" width=\"360\" height=\"242\" srcset=\"https:\/\/eldigitaldeasturias.com\/magazine365\/wp-content\/uploads\/2016\/06\/fotonoticia_20160629195847_800-360x242.jpg 360w, https:\/\/eldigitaldeasturias.com\/magazine365\/wp-content\/uploads\/2016\/06\/fotonoticia_20160629195847_800-650x437.jpg 650w, https:\/\/eldigitaldeasturias.com\/magazine365\/wp-content\/uploads\/2016\/06\/fotonoticia_20160629195847_800-768x516.jpg 768w, https:\/\/eldigitaldeasturias.com\/magazine365\/wp-content\/uploads\/2016\/06\/fotonoticia_20160629195847_800-150x101.jpg 150w, https:\/\/eldigitaldeasturias.com\/magazine365\/wp-content\/uploads\/2016\/06\/fotonoticia_20160629195847_800-450x303.jpg 450w, https:\/\/eldigitaldeasturias.com\/magazine365\/wp-content\/uploads\/2016\/06\/fotonoticia_20160629195847_800.jpg 800w\" sizes=\"(max-width: 360px) 100vw, 360px\" \/>El presidente de la asociaci\u00f3n de navieros espa\u00f1oles, Anave, Alejandro Aznar, ha destacado la importancia de una regulaci\u00f3n internacional, emanada de la Organizaci\u00f3n Mar\u00edtima Internacional (OMI), para el desarrollo del transporte mar\u00edtimo, en su discurso de clausura de la asamblea general de la asociaci\u00f3n, que tambi\u00e9n ha contado con la presencia del presidente de la asamblea general de la OMI, Federico Trillo, que ha tenido lugar hoy en el Hotel Ritz de Madrid, seg\u00fan ha informado la asociaci\u00f3n en un comunicado.<\/p>\n<p>El presidente ha puesto en valor la importancia de la OMI como foro regulador global, la capacidad de los Estados miembros de la misma para alcanzar consensos y los alentadores resultados de las normas que se adoptan en la Organizaci\u00f3n y que aplican sus Estados miembros.<\/p>\n<p>El presidente de Anave hizo especial hincapi\u00e9 en el impacto que tienen muchas nuevas normas, pensadas fundamentalmente para el tr\u00e1fico transoce\u00e1nico, sobre el transporte mar\u00edtimo de corta distancia, por lo que propuso al presidente de la Asamblea de la OMI \u00abla creaci\u00f3n de un subcomit\u00e9 con el encargo de analizar el impacto de toda nueva norma sobre el transporte mar\u00edtimo de corta distancia\u00bb.<\/p>\n<p>Aznar habl\u00f3 tambi\u00e9n del impulso de la &#8216;econom\u00eda azul&#8217; por parte de la UE, para posteriormente centrarse en Espa\u00f1a, tratando el descenso de la flota mercante nacional por noveno a\u00f1o consecutivo debido a la p\u00e9rdida de competitividad del Registro Especial de Canarias (REC), y de la \u00abnecesidad de reforzar la competitividad relativa del REC y as\u00ed recuperar la flota espa\u00f1ola y el empleo en la misma\u00bb, un objetivo alcanzable.<\/p>\n<p>El presidente de Anave concluy\u00f3 su intervenci\u00f3n afirmando que las recientes inversiones de las empresas navieras espa\u00f1olas permiten mirar al futuro con perspectivas positivas.<\/p>\n<h2 class=\"ladillo\">PREMIOS DURANTE LA ASAMBLEA<\/h2>\n<p>El acto se inici\u00f3 con la entrega del &#8216;CARUS Excellence Award 2016&#8217;, que recogi\u00f3 el director general de Grimaldi Espa\u00f1a, Mario Massarotti, en nombre de Emanuele Grimaldi, \u00abpor su excelencia en la dedicaci\u00f3n a la industria del transporte y su aportaci\u00f3n decisiva al crecimiento del sector mar\u00edtimo en Europa\u00bb.<\/p>\n<p>A continuaci\u00f3n, la ministra de Fomento en funciones, Ana Pastor y el presidente de la asociaci\u00f3n entregaron los &#8216;Premios ANAVE de periodismo 2015&#8217;, cuyo primer galard\u00f3n, dotado con 6.000 euros, correspondi\u00f3 a Beatriz Couce por su trabajo &#8216;La revoluci\u00f3n que trae el gas en el mar&#8217;, publicado en &#8216;La Voz de Galicia&#8217;.<\/p>\n","protected":false},"excerpt":{"rendered":"<p>El presidente de la asociaci\u00f3n de navieros espa\u00f1oles, Anave, Alejandro Aznar, ha destacado la importancia de una regulaci\u00f3n internacional, emanada de la Organizaci\u00f3n Mar\u00edtima Internacional (OMI), para el desarrollo del transporte mar\u00edtimo, en su discurso de clausura de la asamblea general de la asociaci\u00f3n, que tambi\u00e9n ha contado con la presencia del presidente de la<\/p>\n","protected":false},"author":1,"featured_media":81192,"comment_status":"open","ping_status":"closed","sticky":false,"template":"","format":"standard","meta":{"footnotes":""},"categories":[224],"tags":[],"class_list":{"0":"post-81191","1":"post","2":"type-post","3":"status-publish","4":"format-standard","5":"has-post-thumbnail","7":"category-noticias-actualidad"},"aioseo_notices":[],"aioseo_head":"\n\t\t<!-- All in One SEO Pro 4.9.6.1 - aioseo.com -->\n\t<meta name=\"description\" content=\"El presidente de la asociaci\u00f3n de navieros espa\u00f1oles, Anave, Alejandro Aznar, ha destacado la importancia de una regulaci\u00f3n internacional, emanada de la Organizaci\u00f3n Mar\u00edtima Internacional (OMI), para el desarrollo del transporte mar\u00edtimo, en su discurso de clausura de la asamblea general de la asociaci\u00f3n, que tambi\u00e9n ha contado con la presencia del presidente de la\" \/>\n\t<meta name=\"robots\" content=\"max-image-preview:large\" \/>\n\t<meta name=\"author\" content=\"admin\"\/>\n\t<meta name=\"google-site-verification\" content=\"UA-38556648-1\" \/>\n\t<meta name=\"keywords\" content=\"noticias y actualidad\" \/>\n\t<link rel=\"canonical\" href=\"https:\/\/eldigitaldeasturias.com\/magazine365\/presidente-de-anave-dice-que-la-regulacion-internacional-de-omi-es-imporante-para-el-transporte-maritimo\/\" \/>\n\t<meta name=\"generator\" content=\"All in One SEO Pro (AIOSEO) 4.9.6.1\" \/>\n\t\t<meta property=\"og:locale\" content=\"es_ES\" \/>\n\t\t<meta property=\"og:site_name\" content=\"El Digital de Asturias \u2013 Revista de ocio, turismo y estilo de vida\" \/>\n\t\t<meta property=\"og:type\" content=\"article\" \/>\n\t\t<meta property=\"og:title\" content=\"Presidente de Anave dice que la regulaci\u00f3n internacional de OMI es imporante para el transporte mar\u00edtimo | El Digital de Asturias\" \/>\n\t\t<meta property=\"og:description\" content=\"El presidente de la asociaci\u00f3n de navieros espa\u00f1oles, Anave, Alejandro Aznar, ha destacado la importancia de una regulaci\u00f3n internacional, emanada de la Organizaci\u00f3n Mar\u00edtima Internacional (OMI), para el desarrollo del transporte mar\u00edtimo, en su discurso de clausura de la asamblea general de la asociaci\u00f3n, que tambi\u00e9n ha contado con la presencia del presidente de la\" \/>\n\t\t<meta property=\"og:url\" content=\"https:\/\/eldigitaldeasturias.com\/magazine365\/presidente-de-anave-dice-que-la-regulacion-internacional-de-omi-es-imporante-para-el-transporte-maritimo\/\" \/>\n\t\t<meta property=\"og:image\" content=\"https:\/\/eldigitaldeasturias.com\/magazine365\/wp-content\/uploads\/2016\/06\/fotonoticia_20160629195847_800.jpg\" \/>\n\t\t<meta property=\"og:image:secure_url\" content=\"https:\/\/eldigitaldeasturias.com\/magazine365\/wp-content\/uploads\/2016\/06\/fotonoticia_20160629195847_800.jpg\" \/>\n\t\t<meta property=\"og:image:width\" content=\"800\" \/>\n\t\t<meta property=\"og:image:height\" content=\"538\" \/>\n\t\t<meta property=\"article:published_time\" content=\"2016-06-29T22:01:04+00:00\" \/>\n\t\t<meta property=\"article:modified_time\" content=\"2016-06-29T22:01:04+00:00\" \/>\n\t\t<meta name=\"twitter:card\" content=\"summary_large_image\" \/>\n\t\t<meta name=\"twitter:title\" content=\"Presidente de Anave dice que la regulaci\u00f3n internacional de OMI es imporante para el transporte mar\u00edtimo | El Digital de Asturias\" \/>\n\t\t<meta name=\"twitter:description\" content=\"El presidente de la asociaci\u00f3n de navieros espa\u00f1oles, Anave, Alejandro Aznar, ha destacado la importancia de una regulaci\u00f3n internacional, emanada de la Organizaci\u00f3n Mar\u00edtima Internacional (OMI), para el desarrollo del transporte mar\u00edtimo, en su discurso de clausura de la asamblea general de la asociaci\u00f3n, que tambi\u00e9n ha contado con la presencia del presidente de la\" \/>\n\t\t<meta name=\"twitter:image\" content=\"https:\/\/eldigitaldeasturias.com\/magazine365\/wp-content\/uploads\/2016\/06\/fotonoticia_20160629195847_800.jpg\" \/>\n\t\t<script type=\"application\/ld+json\" class=\"aioseo-schema\">\n\t\t\t{\"@context\":\"https:\\\/\\\/schema.org\",\"@graph\":[{\"@type\":\"Article\",\"@id\":\"https:\\\/\\\/eldigitaldeasturias.com\\\/magazine365\\\/presidente-de-anave-dice-que-la-regulacion-internacional-de-omi-es-imporante-para-el-transporte-maritimo\\\/#article\",\"name\":\"Presidente de Anave dice que la regulaci\\u00f3n internacional de OMI es imporante para el transporte mar\\u00edtimo | El Digital de Asturias\",\"headline\":\"Presidente de Anave dice que la regulaci\\u00f3n internacional de OMI es imporante para el transporte mar\\u00edtimo\",\"author\":{\"@id\":\"https:\\\/\\\/eldigitaldeasturias.com\\\/magazine365\\\/author\\\/admin\\\/#author\"},\"publisher\":{\"@id\":\"https:\\\/\\\/eldigitaldeasturias.com\\\/magazine365\\\/#organization\"},\"image\":{\"@type\":\"ImageObject\",\"url\":\"https:\\\/\\\/eldigitaldeasturias.com\\\/magazine365\\\/wp-content\\\/uploads\\\/2016\\\/06\\\/fotonoticia_20160629195847_800.jpg\",\"width\":800,\"height\":538},\"datePublished\":\"2016-06-30T00:01:04+02:00\",\"dateModified\":\"2016-06-30T00:01:04+02:00\",\"inLanguage\":\"es-ES\",\"mainEntityOfPage\":{\"@id\":\"https:\\\/\\\/eldigitaldeasturias.com\\\/magazine365\\\/presidente-de-anave-dice-que-la-regulacion-internacional-de-omi-es-imporante-para-el-transporte-maritimo\\\/#webpage\"},\"isPartOf\":{\"@id\":\"https:\\\/\\\/eldigitaldeasturias.com\\\/magazine365\\\/presidente-de-anave-dice-que-la-regulacion-internacional-de-omi-es-imporante-para-el-transporte-maritimo\\\/#webpage\"},\"articleSection\":\"Noticias y Actualidad\"},{\"@type\":\"BreadcrumbList\",\"@id\":\"https:\\\/\\\/eldigitaldeasturias.com\\\/magazine365\\\/presidente-de-anave-dice-que-la-regulacion-internacional-de-omi-es-imporante-para-el-transporte-maritimo\\\/#breadcrumblist\",\"itemListElement\":[{\"@type\":\"ListItem\",\"@id\":\"https:\\\/\\\/eldigitaldeasturias.com\\\/magazine365#listItem\",\"position\":1,\"name\":\"Home\",\"item\":\"https:\\\/\\\/eldigitaldeasturias.com\\\/magazine365\",\"nextItem\":{\"@type\":\"ListItem\",\"@id\":\"https:\\\/\\\/eldigitaldeasturias.com\\\/magazine365\\\/category\\\/noticias-actualidad\\\/#listItem\",\"name\":\"Noticias y Actualidad\"}},{\"@type\":\"ListItem\",\"@id\":\"https:\\\/\\\/eldigitaldeasturias.com\\\/magazine365\\\/category\\\/noticias-actualidad\\\/#listItem\",\"position\":2,\"name\":\"Noticias y Actualidad\",\"item\":\"https:\\\/\\\/eldigitaldeasturias.com\\\/magazine365\\\/category\\\/noticias-actualidad\\\/\",\"nextItem\":{\"@type\":\"ListItem\",\"@id\":\"https:\\\/\\\/eldigitaldeasturias.com\\\/magazine365\\\/presidente-de-anave-dice-que-la-regulacion-internacional-de-omi-es-imporante-para-el-transporte-maritimo\\\/#listItem\",\"name\":\"Presidente de Anave dice que la regulaci\\u00f3n internacional de OMI es imporante para el transporte mar\\u00edtimo\"},\"previousItem\":{\"@type\":\"ListItem\",\"@id\":\"https:\\\/\\\/eldigitaldeasturias.com\\\/magazine365#listItem\",\"name\":\"Home\"}},{\"@type\":\"ListItem\",\"@id\":\"https:\\\/\\\/eldigitaldeasturias.com\\\/magazine365\\\/presidente-de-anave-dice-que-la-regulacion-internacional-de-omi-es-imporante-para-el-transporte-maritimo\\\/#listItem\",\"position\":3,\"name\":\"Presidente de Anave dice que la regulaci\\u00f3n internacional de OMI es imporante para el transporte mar\\u00edtimo\",\"previousItem\":{\"@type\":\"ListItem\",\"@id\":\"https:\\\/\\\/eldigitaldeasturias.com\\\/magazine365\\\/category\\\/noticias-actualidad\\\/#listItem\",\"name\":\"Noticias y Actualidad\"}}]},{\"@type\":\"Organization\",\"@id\":\"https:\\\/\\\/eldigitaldeasturias.com\\\/magazine365\\\/#organization\",\"name\":\"El digital de Asturias\",\"description\":\"Revista de ocio, turismo y estilo de vida\",\"url\":\"https:\\\/\\\/eldigitaldeasturias.com\\\/magazine365\\\/\",\"logo\":{\"@type\":\"ImageObject\",\"url\":\"https:\\\/\\\/www.eldigitaldeasturias.com\\\/noticias\\\/wp-content\\\/uploads\\\/2020\\\/12\\\/EDA.jpg\",\"@id\":\"https:\\\/\\\/eldigitaldeasturias.com\\\/magazine365\\\/presidente-de-anave-dice-que-la-regulacion-internacional-de-omi-es-imporante-para-el-transporte-maritimo\\\/#organizationLogo\"},\"image\":{\"@id\":\"https:\\\/\\\/eldigitaldeasturias.com\\\/magazine365\\\/presidente-de-anave-dice-que-la-regulacion-internacional-de-omi-es-imporante-para-el-transporte-maritimo\\\/#organizationLogo\"}},{\"@type\":\"Person\",\"@id\":\"https:\\\/\\\/eldigitaldeasturias.com\\\/magazine365\\\/author\\\/admin\\\/#author\",\"url\":\"https:\\\/\\\/eldigitaldeasturias.com\\\/magazine365\\\/author\\\/admin\\\/\",\"name\":\"admin\",\"image\":{\"@type\":\"ImageObject\",\"@id\":\"https:\\\/\\\/eldigitaldeasturias.com\\\/magazine365\\\/presidente-de-anave-dice-que-la-regulacion-internacional-de-omi-es-imporante-para-el-transporte-maritimo\\\/#authorImage\",\"url\":\"https:\\\/\\\/eldigitaldeasturias.com\\\/magazine365\\\/wp-content\\\/litespeed\\\/avatar\\\/e571bcf59a0edd6fa6838245a470f2fe.jpg?ver=1776969259\",\"width\":96,\"height\":96,\"caption\":\"admin\"}},{\"@type\":\"WebPage\",\"@id\":\"https:\\\/\\\/eldigitaldeasturias.com\\\/magazine365\\\/presidente-de-anave-dice-que-la-regulacion-internacional-de-omi-es-imporante-para-el-transporte-maritimo\\\/#webpage\",\"url\":\"https:\\\/\\\/eldigitaldeasturias.com\\\/magazine365\\\/presidente-de-anave-dice-que-la-regulacion-internacional-de-omi-es-imporante-para-el-transporte-maritimo\\\/\",\"name\":\"Presidente de Anave dice que la regulaci\\u00f3n internacional de OMI es imporante para el transporte mar\\u00edtimo | El Digital de Asturias\",\"description\":\"El presidente de la asociaci\\u00f3n de navieros espa\\u00f1oles, Anave, Alejandro Aznar, ha destacado la importancia de una regulaci\\u00f3n internacional, emanada de la Organizaci\\u00f3n Mar\\u00edtima Internacional (OMI), para el desarrollo del transporte mar\\u00edtimo, en su discurso de clausura de la asamblea general de la asociaci\\u00f3n, que tambi\\u00e9n ha contado con la presencia del presidente de la\",\"inLanguage\":\"es-ES\",\"isPartOf\":{\"@id\":\"https:\\\/\\\/eldigitaldeasturias.com\\\/magazine365\\\/#website\"},\"breadcrumb\":{\"@id\":\"https:\\\/\\\/eldigitaldeasturias.com\\\/magazine365\\\/presidente-de-anave-dice-que-la-regulacion-internacional-de-omi-es-imporante-para-el-transporte-maritimo\\\/#breadcrumblist\"},\"author\":{\"@id\":\"https:\\\/\\\/eldigitaldeasturias.com\\\/magazine365\\\/author\\\/admin\\\/#author\"},\"creator\":{\"@id\":\"https:\\\/\\\/eldigitaldeasturias.com\\\/magazine365\\\/author\\\/admin\\\/#author\"},\"image\":{\"@type\":\"ImageObject\",\"url\":\"https:\\\/\\\/eldigitaldeasturias.com\\\/magazine365\\\/wp-content\\\/uploads\\\/2016\\\/06\\\/fotonoticia_20160629195847_800.jpg\",\"@id\":\"https:\\\/\\\/eldigitaldeasturias.com\\\/magazine365\\\/presidente-de-anave-dice-que-la-regulacion-internacional-de-omi-es-imporante-para-el-transporte-maritimo\\\/#mainImage\",\"width\":800,\"height\":538},\"primaryImageOfPage\":{\"@id\":\"https:\\\/\\\/eldigitaldeasturias.com\\\/magazine365\\\/presidente-de-anave-dice-que-la-regulacion-internacional-de-omi-es-imporante-para-el-transporte-maritimo\\\/#mainImage\"},\"datePublished\":\"2016-06-30T00:01:04+02:00\",\"dateModified\":\"2016-06-30T00:01:04+02:00\"},{\"@type\":\"WebSite\",\"@id\":\"https:\\\/\\\/eldigitaldeasturias.com\\\/magazine365\\\/#website\",\"url\":\"https:\\\/\\\/eldigitaldeasturias.com\\\/magazine365\\\/\",\"name\":\"El Digital de Asturias\",\"description\":\"Revista de ocio, turismo y estilo de vida\",\"inLanguage\":\"es-ES\",\"publisher\":{\"@id\":\"https:\\\/\\\/eldigitaldeasturias.com\\\/magazine365\\\/#organization\"}}]}\n\t\t<\/script>\n\t\t<!-- All in One SEO Pro -->\r\n\t\t<title>Presidente de Anave dice que la regulaci\u00f3n internacional de OMI es imporante para el transporte mar\u00edtimo | El Digital de Asturias<\/title>\n\n","aioseo_head_json":{"title":"Presidente de Anave dice que la regulaci\u00f3n internacional de OMI es imporante para el transporte mar\u00edtimo | El Digital de Asturias","description":"El presidente de la asociaci\u00f3n de navieros espa\u00f1oles, Anave, Alejandro Aznar, ha destacado la importancia de una regulaci\u00f3n internacional, emanada de la Organizaci\u00f3n Mar\u00edtima Internacional (OMI), para el desarrollo del transporte mar\u00edtimo, en su discurso de clausura de la asamblea general de la asociaci\u00f3n, que tambi\u00e9n ha contado con la presencia del presidente de la","canonical_url":"https:\/\/eldigitaldeasturias.com\/magazine365\/presidente-de-anave-dice-que-la-regulacion-internacional-de-omi-es-imporante-para-el-transporte-maritimo\/","robots":"max-image-preview:large","keywords":"noticias y actualidad","webmasterTools":{"google-site-verification":"UA-38556648-1","miscellaneous":""},"schema":{"@context":"https:\/\/schema.org","@graph":[{"@type":"Article","@id":"https:\/\/eldigitaldeasturias.com\/magazine365\/presidente-de-anave-dice-que-la-regulacion-internacional-de-omi-es-imporante-para-el-transporte-maritimo\/#article","name":"Presidente de Anave dice que la regulaci\u00f3n internacional de OMI es imporante para el transporte mar\u00edtimo | El Digital de Asturias","headline":"Presidente de Anave dice que la regulaci\u00f3n internacional de OMI es imporante para el transporte mar\u00edtimo","author":{"@id":"https:\/\/eldigitaldeasturias.com\/magazine365\/author\/admin\/#author"},"publisher":{"@id":"https:\/\/eldigitaldeasturias.com\/magazine365\/#organization"},"image":{"@type":"ImageObject","url":"https:\/\/eldigitaldeasturias.com\/magazine365\/wp-content\/uploads\/2016\/06\/fotonoticia_20160629195847_800.jpg","width":800,"height":538},"datePublished":"2016-06-30T00:01:04+02:00","dateModified":"2016-06-30T00:01:04+02:00","inLanguage":"es-ES","mainEntityOfPage":{"@id":"https:\/\/eldigitaldeasturias.com\/magazine365\/presidente-de-anave-dice-que-la-regulacion-internacional-de-omi-es-imporante-para-el-transporte-maritimo\/#webpage"},"isPartOf":{"@id":"https:\/\/eldigitaldeasturias.com\/magazine365\/presidente-de-anave-dice-que-la-regulacion-internacional-de-omi-es-imporante-para-el-transporte-maritimo\/#webpage"},"articleSection":"Noticias y Actualidad"},{"@type":"BreadcrumbList","@id":"https:\/\/eldigitaldeasturias.com\/magazine365\/presidente-de-anave-dice-que-la-regulacion-internacional-de-omi-es-imporante-para-el-transporte-maritimo\/#breadcrumblist","itemListElement":[{"@type":"ListItem","@id":"https:\/\/eldigitaldeasturias.com\/magazine365#listItem","position":1,"name":"Home","item":"https:\/\/eldigitaldeasturias.com\/magazine365","nextItem":{"@type":"ListItem","@id":"https:\/\/eldigitaldeasturias.com\/magazine365\/category\/noticias-actualidad\/#listItem","name":"Noticias y Actualidad"}},{"@type":"ListItem","@id":"https:\/\/eldigitaldeasturias.com\/magazine365\/category\/noticias-actualidad\/#listItem","position":2,"name":"Noticias y Actualidad","item":"https:\/\/eldigitaldeasturias.com\/magazine365\/category\/noticias-actualidad\/","nextItem":{"@type":"ListItem","@id":"https:\/\/eldigitaldeasturias.com\/magazine365\/presidente-de-anave-dice-que-la-regulacion-internacional-de-omi-es-imporante-para-el-transporte-maritimo\/#listItem","name":"Presidente de Anave dice que la regulaci\u00f3n internacional de OMI es imporante para el transporte mar\u00edtimo"},"previousItem":{"@type":"ListItem","@id":"https:\/\/eldigitaldeasturias.com\/magazine365#listItem","name":"Home"}},{"@type":"ListItem","@id":"https:\/\/eldigitaldeasturias.com\/magazine365\/presidente-de-anave-dice-que-la-regulacion-internacional-de-omi-es-imporante-para-el-transporte-maritimo\/#listItem","position":3,"name":"Presidente de Anave dice que la regulaci\u00f3n internacional de OMI es imporante para el transporte mar\u00edtimo","previousItem":{"@type":"ListItem","@id":"https:\/\/eldigitaldeasturias.com\/magazine365\/category\/noticias-actualidad\/#listItem","name":"Noticias y Actualidad"}}]},{"@type":"Organization","@id":"https:\/\/eldigitaldeasturias.com\/magazine365\/#organization","name":"El digital de Asturias","description":"Revista de ocio, turismo y estilo de vida","url":"https:\/\/eldigitaldeasturias.com\/magazine365\/","logo":{"@type":"ImageObject","url":"https:\/\/www.eldigitaldeasturias.com\/noticias\/wp-content\/uploads\/2020\/12\/EDA.jpg","@id":"https:\/\/eldigitaldeasturias.com\/magazine365\/presidente-de-anave-dice-que-la-regulacion-internacional-de-omi-es-imporante-para-el-transporte-maritimo\/#organizationLogo"},"image":{"@id":"https:\/\/eldigitaldeasturias.com\/magazine365\/presidente-de-anave-dice-que-la-regulacion-internacional-de-omi-es-imporante-para-el-transporte-maritimo\/#organizationLogo"}},{"@type":"Person","@id":"https:\/\/eldigitaldeasturias.com\/magazine365\/author\/admin\/#author","url":"https:\/\/eldigitaldeasturias.com\/magazine365\/author\/admin\/","name":"admin","image":{"@type":"ImageObject","@id":"https:\/\/eldigitaldeasturias.com\/magazine365\/presidente-de-anave-dice-que-la-regulacion-internacional-de-omi-es-imporante-para-el-transporte-maritimo\/#authorImage","url":"https:\/\/eldigitaldeasturias.com\/magazine365\/wp-content\/litespeed\/avatar\/e571bcf59a0edd6fa6838245a470f2fe.jpg?ver=1776969259","width":96,"height":96,"caption":"admin"}},{"@type":"WebPage","@id":"https:\/\/eldigitaldeasturias.com\/magazine365\/presidente-de-anave-dice-que-la-regulacion-internacional-de-omi-es-imporante-para-el-transporte-maritimo\/#webpage","url":"https:\/\/eldigitaldeasturias.com\/magazine365\/presidente-de-anave-dice-que-la-regulacion-internacional-de-omi-es-imporante-para-el-transporte-maritimo\/","name":"Presidente de Anave dice que la regulaci\u00f3n internacional de OMI es imporante para el transporte mar\u00edtimo | El Digital de Asturias","description":"El presidente de la asociaci\u00f3n de navieros espa\u00f1oles, Anave, Alejandro Aznar, ha destacado la importancia de una regulaci\u00f3n internacional, emanada de la Organizaci\u00f3n Mar\u00edtima Internacional (OMI), para el desarrollo del transporte mar\u00edtimo, en su discurso de clausura de la asamblea general de la asociaci\u00f3n, que tambi\u00e9n ha contado con la presencia del presidente de la","inLanguage":"es-ES","isPartOf":{"@id":"https:\/\/eldigitaldeasturias.com\/magazine365\/#website"},"breadcrumb":{"@id":"https:\/\/eldigitaldeasturias.com\/magazine365\/presidente-de-anave-dice-que-la-regulacion-internacional-de-omi-es-imporante-para-el-transporte-maritimo\/#breadcrumblist"},"author":{"@id":"https:\/\/eldigitaldeasturias.com\/magazine365\/author\/admin\/#author"},"creator":{"@id":"https:\/\/eldigitaldeasturias.com\/magazine365\/author\/admin\/#author"},"image":{"@type":"ImageObject","url":"https:\/\/eldigitaldeasturias.com\/magazine365\/wp-content\/uploads\/2016\/06\/fotonoticia_20160629195847_800.jpg","@id":"https:\/\/eldigitaldeasturias.com\/magazine365\/presidente-de-anave-dice-que-la-regulacion-internacional-de-omi-es-imporante-para-el-transporte-maritimo\/#mainImage","width":800,"height":538},"primaryImageOfPage":{"@id":"https:\/\/eldigitaldeasturias.com\/magazine365\/presidente-de-anave-dice-que-la-regulacion-internacional-de-omi-es-imporante-para-el-transporte-maritimo\/#mainImage"},"datePublished":"2016-06-30T00:01:04+02:00","dateModified":"2016-06-30T00:01:04+02:00"},{"@type":"WebSite","@id":"https:\/\/eldigitaldeasturias.com\/magazine365\/#website","url":"https:\/\/eldigitaldeasturias.com\/magazine365\/","name":"El Digital de Asturias","description":"Revista de ocio, turismo y estilo de vida","inLanguage":"es-ES","publisher":{"@id":"https:\/\/eldigitaldeasturias.com\/magazine365\/#organization"}}]},"og:locale":"es_ES","og:site_name":"El Digital de Asturias \u2013 Revista de ocio, turismo y estilo de vida","og:type":"article","og:title":"Presidente de Anave dice que la regulaci\u00f3n internacional de OMI es imporante para el transporte mar\u00edtimo | El Digital de Asturias","og:description":"El presidente de la asociaci\u00f3n de navieros espa\u00f1oles, Anave, Alejandro Aznar, ha destacado la importancia de una regulaci\u00f3n internacional, emanada de la Organizaci\u00f3n Mar\u00edtima Internacional (OMI), para el desarrollo del transporte mar\u00edtimo, en su discurso de clausura de la asamblea general de la asociaci\u00f3n, que tambi\u00e9n ha contado con la presencia del presidente de la","og:url":"https:\/\/eldigitaldeasturias.com\/magazine365\/presidente-de-anave-dice-que-la-regulacion-internacional-de-omi-es-imporante-para-el-transporte-maritimo\/","og:image":"https:\/\/eldigitaldeasturias.com\/magazine365\/wp-content\/uploads\/2016\/06\/fotonoticia_20160629195847_800.jpg","og:image:secure_url":"https:\/\/eldigitaldeasturias.com\/magazine365\/wp-content\/uploads\/2016\/06\/fotonoticia_20160629195847_800.jpg","og:image:width":800,"og:image:height":538,"article:published_time":"2016-06-29T22:01:04+00:00","article:modified_time":"2016-06-29T22:01:04+00:00","twitter:card":"summary_large_image","twitter:title":"Presidente de Anave dice que la regulaci\u00f3n internacional de OMI es imporante para el transporte mar\u00edtimo | El Digital de Asturias","twitter:description":"El presidente de la asociaci\u00f3n de navieros espa\u00f1oles, Anave, Alejandro Aznar, ha destacado la importancia de una regulaci\u00f3n internacional, emanada de la Organizaci\u00f3n Mar\u00edtima Internacional (OMI), para el desarrollo del transporte mar\u00edtimo, en su discurso de clausura de la asamblea general de la asociaci\u00f3n, que tambi\u00e9n ha contado con la presencia del presidente de la","twitter:image":"https:\/\/eldigitaldeasturias.com\/magazine365\/wp-content\/uploads\/2016\/06\/fotonoticia_20160629195847_800.jpg"},"aioseo_meta_data":{"post_id":"81191","title":null,"description":null,"keywords":null,"keyphrases":null,"primary_term":null,"canonical_url":null,"og_title":null,"og_description":null,"og_object_type":"default","og_image_type":"default","og_image_url":null,"og_image_width":null,"og_image_height":null,"og_image_custom_url":null,"og_image_custom_fields":null,"og_video":null,"og_custom_url":null,"og_article_section":null,"og_article_tags":null,"twitter_use_og":false,"twitter_card":"default","twitter_image_type":"default","twitter_image_url":null,"twitter_image_custom_url":null,"twitter_image_custom_fields":null,"twitter_title":null,"twitter_description":null,"schema":{"blockGraphs":[],"customGraphs":[],"default":{"data":{"Article":[],"Course":[],"Dataset":[],"FAQPage":[],"Movie":[],"Person":[],"Product":[],"ProductReview":[],"Car":[],"Recipe":[],"Service":[],"SoftwareApplication":[],"WebPage":[]},"graphName":"","isEnabled":true},"graphs":[],"defaultGraph":"","defaultPostTypeGraph":""},"schema_type":null,"schema_type_options":null,"pillar_content":false,"robots_default":true,"robots_noindex":false,"robots_noarchive":false,"robots_nosnippet":false,"robots_nofollow":false,"robots_noimageindex":false,"robots_noodp":false,"robots_notranslate":false,"robots_max_snippet":null,"robots_max_videopreview":null,"robots_max_imagepreview":"large","priority":null,"frequency":null,"location":null,"local_seo":null,"seo_analyzer_scan_date":"2025-09-27 22:25:15","breadcrumb_settings":null,"limit_modified_date":false,"open_ai":null,"ai":null,"created":"2021-03-08 17:20:54","updated":"2025-09-27 22:25:15"},"aioseo_breadcrumb":"<div class=\"aioseo-breadcrumbs\"><span class=\"aioseo-breadcrumb\">\n\t<a href=\"https:\/\/eldigitaldeasturias.com\/magazine365\" title=\"Home\">Home<\/a>\n<\/span><span class=\"aioseo-breadcrumb-separator\">\u2013<\/span><span class=\"aioseo-breadcrumb\">\n\t<a href=\"https:\/\/eldigitaldeasturias.com\/magazine365\/category\/noticias-actualidad\/\" title=\"Noticias y Actualidad\">Noticias y Actualidad<\/a>\n<\/span><span class=\"aioseo-breadcrumb-separator\">\u2013<\/span><span class=\"aioseo-breadcrumb\">\n\t<a href=\"https:\/\/eldigitaldeasturias.com\/magazine365\/presidente-de-anave-dice-que-la-regulacion-internacional-de-omi-es-imporante-para-el-transporte-maritimo\/\" title=\"Presidente de Anave dice que la regulaci\u00f3n internacional de OMI es imporante para el transporte mar\u00edtimo\">Presidente de Anave dice que la regulaci\u00f3n internacional de OMI es imporante para el transporte mar\u00edtimo<\/a>\n<\/span><\/div>","aioseo_breadcrumb_json":[{"label":"Home","link":"https:\/\/eldigitaldeasturias.com\/magazine365"},{"label":"Noticias y Actualidad","link":"https:\/\/eldigitaldeasturias.com\/magazine365\/category\/noticias-actualidad\/"},{"label":"Presidente de Anave dice que la regulaci\u00f3n internacional de OMI es imporante para el transporte mar\u00edtimo","link":"https:\/\/eldigitaldeasturias.com\/magazine365\/presidente-de-anave-dice-que-la-regulacion-internacional-de-omi-es-imporante-para-el-transporte-maritimo\/"}],"_links":{"self":[{"href":"https:\/\/eldigitaldeasturias.com\/magazine365\/wp-json\/wp\/v2\/posts\/81191","targetHints":{"allow":["GET"]}}],"collection":[{"href":"https:\/\/eldigitaldeasturias.com\/magazine365\/wp-json\/wp\/v2\/posts"}],"about":[{"href":"https:\/\/eldigitaldeasturias.com\/magazine365\/wp-json\/wp\/v2\/types\/post"}],"author":[{"embeddable":true,"href":"https:\/\/eldigitaldeasturias.com\/magazine365\/wp-json\/wp\/v2\/users\/1"}],"replies":[{"embeddable":true,"href":"https:\/\/eldigitaldeasturias.com\/magazine365\/wp-json\/wp\/v2\/comments?post=81191"}],"version-history":[{"count":0,"href":"https:\/\/eldigitaldeasturias.com\/magazine365\/wp-json\/wp\/v2\/posts\/81191\/revisions"}],"wp:featuredmedia":[{"embeddable":true,"href":"https:\/\/eldigitaldeasturias.com\/magazine365\/wp-json\/wp\/v2\/media\/81192"}],"wp:attachment":[{"href":"https:\/\/eldigitaldeasturias.com\/magazine365\/wp-json\/wp\/v2\/media?parent=81191"}],"wp:term":[{"taxonomy":"category","embeddable":true,"href":"https:\/\/eldigitaldeasturias.com\/magazine365\/wp-json\/wp\/v2\/categories?post=81191"},{"taxonomy":"post_tag","embeddable":true,"href":"https:\/\/eldigitaldeasturias.com\/magazine365\/wp-json\/wp\/v2\/tags?post=81191"}],"curies":[{"name":"wp","href":"https:\/\/api.w.org\/{rel}","templated":true}]}}