{"id":81189,"date":"2016-06-29T23:59:15","date_gmt":"2016-06-29T21:59:15","guid":{"rendered":"http:\/\/eldigitaldeasturias.com\/magazine365\/?p=81189"},"modified":"2016-06-29T23:59:15","modified_gmt":"2016-06-29T21:59:15","slug":"la-academia-andaluza-de-gastronomia-y-turismo-celebra-su-junta-rectora-en-huelva-con-14-academicos","status":"publish","type":"post","link":"https:\/\/eldigitaldeasturias.com\/magazine365\/la-academia-andaluza-de-gastronomia-y-turismo-celebra-su-junta-rectora-en-huelva-con-14-academicos\/","title":{"rendered":"La Academia Andaluza de Gastronom\u00eda y Turismo celebra su junta rectora en Huelva con 14 acad\u00e9micos"},"content":{"rendered":"<p><img fetchpriority=\"high\" decoding=\"async\" class=\"alignleft size-medium wp-image-49328\" src=\"https:\/\/eldigitaldeasturias.com\/magazine365\/wp-content\/uploads\/2015\/09\/gastronomia-360x198.jpg\" alt=\"gastronomia\" width=\"360\" height=\"198\" srcset=\"https:\/\/eldigitaldeasturias.com\/magazine365\/wp-content\/uploads\/2015\/09\/gastronomia-360x198.jpg 360w, https:\/\/eldigitaldeasturias.com\/magazine365\/wp-content\/uploads\/2015\/09\/gastronomia-650x357.jpg 650w, https:\/\/eldigitaldeasturias.com\/magazine365\/wp-content\/uploads\/2015\/09\/gastronomia-150x82.jpg 150w, https:\/\/eldigitaldeasturias.com\/magazine365\/wp-content\/uploads\/2015\/09\/gastronomia-450x247.jpg 450w, https:\/\/eldigitaldeasturias.com\/magazine365\/wp-content\/uploads\/2015\/09\/gastronomia.jpg 655w\" sizes=\"(max-width: 360px) 100vw, 360px\" \/>La Academia Andaluza de Gastronom\u00eda y Turismo ha celebrado su junta rectora del mes de junio en Huelva en un acto celebrado en el marco de los segundos ciclos gastron\u00f3micos Ac\u00e1nthum, restaurante de Xanty El\u00edas.<\/p>\n<p>Durante esta junta rectora en la que han estado presentes 14 acad\u00e9micos venidos de toda Andaluc\u00eda, la academia ha mostrado su apoyo de manera un\u00e1nime a la candidatura de Huelva a Capital Espa\u00f1ola de la Gastronom\u00eda en 2017, resaltando la calidad de los productos onubenses as\u00ed como la evoluci\u00f3n de la restauraci\u00f3n de Huelva tanto de los locales tradicionales como de nuevos establecimientos que est\u00e1n llevando a cabo un gran trabajo, ha informado la organizaci\u00f3n en una nota.<\/p>\n<p>Igualmente la academia ha avanzado en la planificaci\u00f3n de actos de su pr\u00f3xima Asamblea General que se celebrar\u00e1 en Huelva en marzo de 2017 y en la que quieren implicar a toda la restauraci\u00f3n local as\u00ed como a empresas del sector agroalimentario de la provincia para servir de altavoz y defensa de nuestra gastronom\u00eda.<\/p>\n<p>Los segundos ciclos Ac\u00e1nthum, que se est\u00e1n desarrollando hasta este jueves, han sido organizados por Xanty El\u00edas y Enfoque Comunicaci\u00f3n con el apoyo del Patronato de Turismo de Huelva y de Mercedes Adarsa y han contado ya con la visita de los chefs Juan Carlos Trujillo del restaurante &#8216;Canela en Rama&#8217; de Linares y de Juan Andr\u00e9s Morilla del restaurante &#8216;El Claustro&#8217; de Granada y cuya formaci\u00f3n desarroll\u00f3 en la Escuela de Hosteler\u00eda de Islantilla.<\/p>\n<p>Concretamente para la \u00faltima sesi\u00f3n, est\u00e1 prevista la participaci\u00f3n de Sergio Garrido del hotel Vincci Posada, \u00fanico 5 estrellas de M\u00e1laga capital.<\/p>\n<p>Los cocineros junto a un grupo de periodistas y blogueros de gran repercusi\u00f3n en el panorama nacional y auton\u00f3mico est\u00e1n llevando a cabo un extenso programa de visitas para mostrar rincones gastron\u00f3micos de Huelva, tales como el mercado del Carmen, Ciquitrake Gastrobar, Usisa, Salinas de Isla Cristina, Restaurante Azabache o Confiter\u00eda Dioni son algunos de los lugares que han visitado, teniendo programada visitas al Centro del Vino Condado de Huelva, bodegas Privilegio y bodegas Contrera Ruiz.<\/p>\n<p>Adem\u00e1s de dar a conocer la gastronom\u00eda y ofrecer a la ciudadan\u00eda de Huelva la posibilidad de probar las cocinas de grandes profesionales de Andaluc\u00eda, los ciclos Ac\u00e1nthum pretenden ser \u00abun altavoz fuera de la provincia de lo que aqu\u00ed ocurre\u00bb.<\/p>\n<p>El resultado es que hasta la mitad del segundo d\u00eda de actividades el alcance en la red social Twitter del hashtag &#8216;#ciclosac\u00e1nthum16&#8217; ha sido de m\u00e1s de 400.000 personas, adem\u00e1s la prensa invitada se ha volcado tambi\u00e9n en su apoyo a la candidatura de Huelva a capital gastron\u00f3mica y por ello en los \u00faltimos d\u00edas el hashtag &#8216;#huelvagastron\u00f3mica17&#8217; ha llegado a m\u00e1s de 350.000 personas.<\/p>\n","protected":false},"excerpt":{"rendered":"<p>La Academia Andaluza de Gastronom\u00eda y Turismo ha celebrado su junta rectora del mes de junio en Huelva en un acto celebrado en el marco de los segundos ciclos gastron\u00f3micos Ac\u00e1nthum, restaurante de Xanty El\u00edas. Durante esta junta rectora en la que han estado presentes 14 acad\u00e9micos venidos de toda Andaluc\u00eda, la academia ha mostrado<\/p>\n","protected":false},"author":1,"featured_media":49328,"comment_status":"open","ping_status":"closed","sticky":false,"template":"","format":"standard","meta":{"footnotes":""},"categories":[224],"tags":[],"class_list":{"0":"post-81189","1":"post","2":"type-post","3":"status-publish","4":"format-standard","5":"has-post-thumbnail","7":"category-noticias-actualidad"},"aioseo_notices":[],"aioseo_head":"\n\t\t<!-- All in One SEO Pro 4.9.6.1 - aioseo.com -->\n\t<meta name=\"description\" content=\"La Academia Andaluza de Gastronom\u00eda y Turismo ha celebrado su junta rectora del mes de junio en Huelva en un acto celebrado en el marco de los segundos ciclos gastron\u00f3micos Ac\u00e1nthum, restaurante de Xanty El\u00edas. Durante esta junta rectora en la que han estado presentes 14 acad\u00e9micos venidos de toda Andaluc\u00eda, la academia ha mostrado\" \/>\n\t<meta name=\"robots\" content=\"max-image-preview:large\" \/>\n\t<meta name=\"author\" content=\"admin\"\/>\n\t<meta name=\"google-site-verification\" content=\"UA-38556648-1\" \/>\n\t<meta name=\"keywords\" content=\"noticias y actualidad\" \/>\n\t<link rel=\"canonical\" href=\"https:\/\/eldigitaldeasturias.com\/magazine365\/la-academia-andaluza-de-gastronomia-y-turismo-celebra-su-junta-rectora-en-huelva-con-14-academicos\/\" \/>\n\t<meta name=\"generator\" content=\"All in One SEO Pro (AIOSEO) 4.9.6.1\" \/>\n\t\t<meta property=\"og:locale\" content=\"es_ES\" \/>\n\t\t<meta property=\"og:site_name\" content=\"El Digital de Asturias \u2013 Revista de ocio, turismo y estilo de vida\" \/>\n\t\t<meta property=\"og:type\" content=\"article\" \/>\n\t\t<meta property=\"og:title\" content=\"La Academia Andaluza de Gastronom\u00eda y Turismo celebra su junta rectora en Huelva con 14 acad\u00e9micos | El Digital de Asturias\" \/>\n\t\t<meta property=\"og:description\" content=\"La Academia Andaluza de Gastronom\u00eda y Turismo ha celebrado su junta rectora del mes de junio en Huelva en un acto celebrado en el marco de los segundos ciclos gastron\u00f3micos Ac\u00e1nthum, restaurante de Xanty El\u00edas. Durante esta junta rectora en la que han estado presentes 14 acad\u00e9micos venidos de toda Andaluc\u00eda, la academia ha mostrado\" \/>\n\t\t<meta property=\"og:url\" content=\"https:\/\/eldigitaldeasturias.com\/magazine365\/la-academia-andaluza-de-gastronomia-y-turismo-celebra-su-junta-rectora-en-huelva-con-14-academicos\/\" \/>\n\t\t<meta property=\"og:image\" content=\"https:\/\/eldigitaldeasturias.com\/magazine365\/wp-content\/uploads\/2015\/09\/gastronomia.jpg\" \/>\n\t\t<meta property=\"og:image:secure_url\" content=\"https:\/\/eldigitaldeasturias.com\/magazine365\/wp-content\/uploads\/2015\/09\/gastronomia.jpg\" \/>\n\t\t<meta property=\"og:image:width\" content=\"655\" \/>\n\t\t<meta property=\"og:image:height\" content=\"360\" \/>\n\t\t<meta property=\"article:published_time\" content=\"2016-06-29T21:59:15+00:00\" \/>\n\t\t<meta property=\"article:modified_time\" content=\"2016-06-29T21:59:15+00:00\" \/>\n\t\t<meta name=\"twitter:card\" content=\"summary_large_image\" \/>\n\t\t<meta name=\"twitter:title\" content=\"La Academia Andaluza de Gastronom\u00eda y Turismo celebra su junta rectora en Huelva con 14 acad\u00e9micos | El Digital de Asturias\" \/>\n\t\t<meta name=\"twitter:description\" content=\"La Academia Andaluza de Gastronom\u00eda y Turismo ha celebrado su junta rectora del mes de junio en Huelva en un acto celebrado en el marco de los segundos ciclos gastron\u00f3micos Ac\u00e1nthum, restaurante de Xanty El\u00edas. Durante esta junta rectora en la que han estado presentes 14 acad\u00e9micos venidos de toda Andaluc\u00eda, la academia ha mostrado\" \/>\n\t\t<meta name=\"twitter:image\" content=\"https:\/\/eldigitaldeasturias.com\/magazine365\/wp-content\/uploads\/2015\/09\/gastronomia.jpg\" \/>\n\t\t<script type=\"application\/ld+json\" class=\"aioseo-schema\">\n\t\t\t{\"@context\":\"https:\\\/\\\/schema.org\",\"@graph\":[{\"@type\":\"Article\",\"@id\":\"https:\\\/\\\/eldigitaldeasturias.com\\\/magazine365\\\/la-academia-andaluza-de-gastronomia-y-turismo-celebra-su-junta-rectora-en-huelva-con-14-academicos\\\/#article\",\"name\":\"La Academia Andaluza de Gastronom\\u00eda y Turismo celebra su junta rectora en Huelva con 14 acad\\u00e9micos | El Digital de Asturias\",\"headline\":\"La Academia Andaluza de Gastronom\\u00eda y Turismo celebra su junta rectora en Huelva con 14 acad\\u00e9micos\",\"author\":{\"@id\":\"https:\\\/\\\/eldigitaldeasturias.com\\\/magazine365\\\/author\\\/admin\\\/#author\"},\"publisher\":{\"@id\":\"https:\\\/\\\/eldigitaldeasturias.com\\\/magazine365\\\/#organization\"},\"image\":{\"@type\":\"ImageObject\",\"url\":\"https:\\\/\\\/eldigitaldeasturias.com\\\/magazine365\\\/wp-content\\\/uploads\\\/2015\\\/09\\\/gastronomia.jpg\",\"width\":655,\"height\":360},\"datePublished\":\"2016-06-29T23:59:15+02:00\",\"dateModified\":\"2016-06-29T23:59:15+02:00\",\"inLanguage\":\"es-ES\",\"mainEntityOfPage\":{\"@id\":\"https:\\\/\\\/eldigitaldeasturias.com\\\/magazine365\\\/la-academia-andaluza-de-gastronomia-y-turismo-celebra-su-junta-rectora-en-huelva-con-14-academicos\\\/#webpage\"},\"isPartOf\":{\"@id\":\"https:\\\/\\\/eldigitaldeasturias.com\\\/magazine365\\\/la-academia-andaluza-de-gastronomia-y-turismo-celebra-su-junta-rectora-en-huelva-con-14-academicos\\\/#webpage\"},\"articleSection\":\"Noticias y Actualidad\"},{\"@type\":\"BreadcrumbList\",\"@id\":\"https:\\\/\\\/eldigitaldeasturias.com\\\/magazine365\\\/la-academia-andaluza-de-gastronomia-y-turismo-celebra-su-junta-rectora-en-huelva-con-14-academicos\\\/#breadcrumblist\",\"itemListElement\":[{\"@type\":\"ListItem\",\"@id\":\"https:\\\/\\\/eldigitaldeasturias.com\\\/magazine365#listItem\",\"position\":1,\"name\":\"Home\",\"item\":\"https:\\\/\\\/eldigitaldeasturias.com\\\/magazine365\",\"nextItem\":{\"@type\":\"ListItem\",\"@id\":\"https:\\\/\\\/eldigitaldeasturias.com\\\/magazine365\\\/category\\\/noticias-actualidad\\\/#listItem\",\"name\":\"Noticias y Actualidad\"}},{\"@type\":\"ListItem\",\"@id\":\"https:\\\/\\\/eldigitaldeasturias.com\\\/magazine365\\\/category\\\/noticias-actualidad\\\/#listItem\",\"position\":2,\"name\":\"Noticias y Actualidad\",\"item\":\"https:\\\/\\\/eldigitaldeasturias.com\\\/magazine365\\\/category\\\/noticias-actualidad\\\/\",\"nextItem\":{\"@type\":\"ListItem\",\"@id\":\"https:\\\/\\\/eldigitaldeasturias.com\\\/magazine365\\\/la-academia-andaluza-de-gastronomia-y-turismo-celebra-su-junta-rectora-en-huelva-con-14-academicos\\\/#listItem\",\"name\":\"La Academia Andaluza de Gastronom\\u00eda y Turismo celebra su junta rectora en Huelva con 14 acad\\u00e9micos\"},\"previousItem\":{\"@type\":\"ListItem\",\"@id\":\"https:\\\/\\\/eldigitaldeasturias.com\\\/magazine365#listItem\",\"name\":\"Home\"}},{\"@type\":\"ListItem\",\"@id\":\"https:\\\/\\\/eldigitaldeasturias.com\\\/magazine365\\\/la-academia-andaluza-de-gastronomia-y-turismo-celebra-su-junta-rectora-en-huelva-con-14-academicos\\\/#listItem\",\"position\":3,\"name\":\"La Academia Andaluza de Gastronom\\u00eda y Turismo celebra su junta rectora en Huelva con 14 acad\\u00e9micos\",\"previousItem\":{\"@type\":\"ListItem\",\"@id\":\"https:\\\/\\\/eldigitaldeasturias.com\\\/magazine365\\\/category\\\/noticias-actualidad\\\/#listItem\",\"name\":\"Noticias y Actualidad\"}}]},{\"@type\":\"Organization\",\"@id\":\"https:\\\/\\\/eldigitaldeasturias.com\\\/magazine365\\\/#organization\",\"name\":\"El digital de Asturias\",\"description\":\"Revista de ocio, turismo y estilo de vida\",\"url\":\"https:\\\/\\\/eldigitaldeasturias.com\\\/magazine365\\\/\",\"logo\":{\"@type\":\"ImageObject\",\"url\":\"https:\\\/\\\/www.eldigitaldeasturias.com\\\/noticias\\\/wp-content\\\/uploads\\\/2020\\\/12\\\/EDA.jpg\",\"@id\":\"https:\\\/\\\/eldigitaldeasturias.com\\\/magazine365\\\/la-academia-andaluza-de-gastronomia-y-turismo-celebra-su-junta-rectora-en-huelva-con-14-academicos\\\/#organizationLogo\"},\"image\":{\"@id\":\"https:\\\/\\\/eldigitaldeasturias.com\\\/magazine365\\\/la-academia-andaluza-de-gastronomia-y-turismo-celebra-su-junta-rectora-en-huelva-con-14-academicos\\\/#organizationLogo\"}},{\"@type\":\"Person\",\"@id\":\"https:\\\/\\\/eldigitaldeasturias.com\\\/magazine365\\\/author\\\/admin\\\/#author\",\"url\":\"https:\\\/\\\/eldigitaldeasturias.com\\\/magazine365\\\/author\\\/admin\\\/\",\"name\":\"admin\",\"image\":{\"@type\":\"ImageObject\",\"@id\":\"https:\\\/\\\/eldigitaldeasturias.com\\\/magazine365\\\/la-academia-andaluza-de-gastronomia-y-turismo-celebra-su-junta-rectora-en-huelva-con-14-academicos\\\/#authorImage\",\"url\":\"https:\\\/\\\/eldigitaldeasturias.com\\\/magazine365\\\/wp-content\\\/litespeed\\\/avatar\\\/e571bcf59a0edd6fa6838245a470f2fe.jpg?ver=1776969259\",\"width\":96,\"height\":96,\"caption\":\"admin\"}},{\"@type\":\"WebPage\",\"@id\":\"https:\\\/\\\/eldigitaldeasturias.com\\\/magazine365\\\/la-academia-andaluza-de-gastronomia-y-turismo-celebra-su-junta-rectora-en-huelva-con-14-academicos\\\/#webpage\",\"url\":\"https:\\\/\\\/eldigitaldeasturias.com\\\/magazine365\\\/la-academia-andaluza-de-gastronomia-y-turismo-celebra-su-junta-rectora-en-huelva-con-14-academicos\\\/\",\"name\":\"La Academia Andaluza de Gastronom\\u00eda y Turismo celebra su junta rectora en Huelva con 14 acad\\u00e9micos | El Digital de Asturias\",\"description\":\"La Academia Andaluza de Gastronom\\u00eda y Turismo ha celebrado su junta rectora del mes de junio en Huelva en un acto celebrado en el marco de los segundos ciclos gastron\\u00f3micos Ac\\u00e1nthum, restaurante de Xanty El\\u00edas. Durante esta junta rectora en la que han estado presentes 14 acad\\u00e9micos venidos de toda Andaluc\\u00eda, la academia ha mostrado\",\"inLanguage\":\"es-ES\",\"isPartOf\":{\"@id\":\"https:\\\/\\\/eldigitaldeasturias.com\\\/magazine365\\\/#website\"},\"breadcrumb\":{\"@id\":\"https:\\\/\\\/eldigitaldeasturias.com\\\/magazine365\\\/la-academia-andaluza-de-gastronomia-y-turismo-celebra-su-junta-rectora-en-huelva-con-14-academicos\\\/#breadcrumblist\"},\"author\":{\"@id\":\"https:\\\/\\\/eldigitaldeasturias.com\\\/magazine365\\\/author\\\/admin\\\/#author\"},\"creator\":{\"@id\":\"https:\\\/\\\/eldigitaldeasturias.com\\\/magazine365\\\/author\\\/admin\\\/#author\"},\"image\":{\"@type\":\"ImageObject\",\"url\":\"https:\\\/\\\/eldigitaldeasturias.com\\\/magazine365\\\/wp-content\\\/uploads\\\/2015\\\/09\\\/gastronomia.jpg\",\"@id\":\"https:\\\/\\\/eldigitaldeasturias.com\\\/magazine365\\\/la-academia-andaluza-de-gastronomia-y-turismo-celebra-su-junta-rectora-en-huelva-con-14-academicos\\\/#mainImage\",\"width\":655,\"height\":360},\"primaryImageOfPage\":{\"@id\":\"https:\\\/\\\/eldigitaldeasturias.com\\\/magazine365\\\/la-academia-andaluza-de-gastronomia-y-turismo-celebra-su-junta-rectora-en-huelva-con-14-academicos\\\/#mainImage\"},\"datePublished\":\"2016-06-29T23:59:15+02:00\",\"dateModified\":\"2016-06-29T23:59:15+02:00\"},{\"@type\":\"WebSite\",\"@id\":\"https:\\\/\\\/eldigitaldeasturias.com\\\/magazine365\\\/#website\",\"url\":\"https:\\\/\\\/eldigitaldeasturias.com\\\/magazine365\\\/\",\"name\":\"El Digital de Asturias\",\"description\":\"Revista de ocio, turismo y estilo de vida\",\"inLanguage\":\"es-ES\",\"publisher\":{\"@id\":\"https:\\\/\\\/eldigitaldeasturias.com\\\/magazine365\\\/#organization\"}}]}\n\t\t<\/script>\n\t\t<!-- All in One SEO Pro -->\r\n\t\t<title>La Academia Andaluza de Gastronom\u00eda y Turismo celebra su junta rectora en Huelva con 14 acad\u00e9micos | El Digital de Asturias<\/title>\n\n","aioseo_head_json":{"title":"La Academia Andaluza de Gastronom\u00eda y Turismo celebra su junta rectora en Huelva con 14 acad\u00e9micos | El Digital de Asturias","description":"La Academia Andaluza de Gastronom\u00eda y Turismo ha celebrado su junta rectora del mes de junio en Huelva en un acto celebrado en el marco de los segundos ciclos gastron\u00f3micos Ac\u00e1nthum, restaurante de Xanty El\u00edas. Durante esta junta rectora en la que han estado presentes 14 acad\u00e9micos venidos de toda Andaluc\u00eda, la academia ha mostrado","canonical_url":"https:\/\/eldigitaldeasturias.com\/magazine365\/la-academia-andaluza-de-gastronomia-y-turismo-celebra-su-junta-rectora-en-huelva-con-14-academicos\/","robots":"max-image-preview:large","keywords":"noticias y actualidad","webmasterTools":{"google-site-verification":"UA-38556648-1","miscellaneous":""},"schema":{"@context":"https:\/\/schema.org","@graph":[{"@type":"Article","@id":"https:\/\/eldigitaldeasturias.com\/magazine365\/la-academia-andaluza-de-gastronomia-y-turismo-celebra-su-junta-rectora-en-huelva-con-14-academicos\/#article","name":"La Academia Andaluza de Gastronom\u00eda y Turismo celebra su junta rectora en Huelva con 14 acad\u00e9micos | El Digital de Asturias","headline":"La Academia Andaluza de Gastronom\u00eda y Turismo celebra su junta rectora en Huelva con 14 acad\u00e9micos","author":{"@id":"https:\/\/eldigitaldeasturias.com\/magazine365\/author\/admin\/#author"},"publisher":{"@id":"https:\/\/eldigitaldeasturias.com\/magazine365\/#organization"},"image":{"@type":"ImageObject","url":"https:\/\/eldigitaldeasturias.com\/magazine365\/wp-content\/uploads\/2015\/09\/gastronomia.jpg","width":655,"height":360},"datePublished":"2016-06-29T23:59:15+02:00","dateModified":"2016-06-29T23:59:15+02:00","inLanguage":"es-ES","mainEntityOfPage":{"@id":"https:\/\/eldigitaldeasturias.com\/magazine365\/la-academia-andaluza-de-gastronomia-y-turismo-celebra-su-junta-rectora-en-huelva-con-14-academicos\/#webpage"},"isPartOf":{"@id":"https:\/\/eldigitaldeasturias.com\/magazine365\/la-academia-andaluza-de-gastronomia-y-turismo-celebra-su-junta-rectora-en-huelva-con-14-academicos\/#webpage"},"articleSection":"Noticias y Actualidad"},{"@type":"BreadcrumbList","@id":"https:\/\/eldigitaldeasturias.com\/magazine365\/la-academia-andaluza-de-gastronomia-y-turismo-celebra-su-junta-rectora-en-huelva-con-14-academicos\/#breadcrumblist","itemListElement":[{"@type":"ListItem","@id":"https:\/\/eldigitaldeasturias.com\/magazine365#listItem","position":1,"name":"Home","item":"https:\/\/eldigitaldeasturias.com\/magazine365","nextItem":{"@type":"ListItem","@id":"https:\/\/eldigitaldeasturias.com\/magazine365\/category\/noticias-actualidad\/#listItem","name":"Noticias y Actualidad"}},{"@type":"ListItem","@id":"https:\/\/eldigitaldeasturias.com\/magazine365\/category\/noticias-actualidad\/#listItem","position":2,"name":"Noticias y Actualidad","item":"https:\/\/eldigitaldeasturias.com\/magazine365\/category\/noticias-actualidad\/","nextItem":{"@type":"ListItem","@id":"https:\/\/eldigitaldeasturias.com\/magazine365\/la-academia-andaluza-de-gastronomia-y-turismo-celebra-su-junta-rectora-en-huelva-con-14-academicos\/#listItem","name":"La Academia Andaluza de Gastronom\u00eda y Turismo celebra su junta rectora en Huelva con 14 acad\u00e9micos"},"previousItem":{"@type":"ListItem","@id":"https:\/\/eldigitaldeasturias.com\/magazine365#listItem","name":"Home"}},{"@type":"ListItem","@id":"https:\/\/eldigitaldeasturias.com\/magazine365\/la-academia-andaluza-de-gastronomia-y-turismo-celebra-su-junta-rectora-en-huelva-con-14-academicos\/#listItem","position":3,"name":"La Academia Andaluza de Gastronom\u00eda y Turismo celebra su junta rectora en Huelva con 14 acad\u00e9micos","previousItem":{"@type":"ListItem","@id":"https:\/\/eldigitaldeasturias.com\/magazine365\/category\/noticias-actualidad\/#listItem","name":"Noticias y Actualidad"}}]},{"@type":"Organization","@id":"https:\/\/eldigitaldeasturias.com\/magazine365\/#organization","name":"El digital de Asturias","description":"Revista de ocio, turismo y estilo de vida","url":"https:\/\/eldigitaldeasturias.com\/magazine365\/","logo":{"@type":"ImageObject","url":"https:\/\/www.eldigitaldeasturias.com\/noticias\/wp-content\/uploads\/2020\/12\/EDA.jpg","@id":"https:\/\/eldigitaldeasturias.com\/magazine365\/la-academia-andaluza-de-gastronomia-y-turismo-celebra-su-junta-rectora-en-huelva-con-14-academicos\/#organizationLogo"},"image":{"@id":"https:\/\/eldigitaldeasturias.com\/magazine365\/la-academia-andaluza-de-gastronomia-y-turismo-celebra-su-junta-rectora-en-huelva-con-14-academicos\/#organizationLogo"}},{"@type":"Person","@id":"https:\/\/eldigitaldeasturias.com\/magazine365\/author\/admin\/#author","url":"https:\/\/eldigitaldeasturias.com\/magazine365\/author\/admin\/","name":"admin","image":{"@type":"ImageObject","@id":"https:\/\/eldigitaldeasturias.com\/magazine365\/la-academia-andaluza-de-gastronomia-y-turismo-celebra-su-junta-rectora-en-huelva-con-14-academicos\/#authorImage","url":"https:\/\/eldigitaldeasturias.com\/magazine365\/wp-content\/litespeed\/avatar\/e571bcf59a0edd6fa6838245a470f2fe.jpg?ver=1776969259","width":96,"height":96,"caption":"admin"}},{"@type":"WebPage","@id":"https:\/\/eldigitaldeasturias.com\/magazine365\/la-academia-andaluza-de-gastronomia-y-turismo-celebra-su-junta-rectora-en-huelva-con-14-academicos\/#webpage","url":"https:\/\/eldigitaldeasturias.com\/magazine365\/la-academia-andaluza-de-gastronomia-y-turismo-celebra-su-junta-rectora-en-huelva-con-14-academicos\/","name":"La Academia Andaluza de Gastronom\u00eda y Turismo celebra su junta rectora en Huelva con 14 acad\u00e9micos | El Digital de Asturias","description":"La Academia Andaluza de Gastronom\u00eda y Turismo ha celebrado su junta rectora del mes de junio en Huelva en un acto celebrado en el marco de los segundos ciclos gastron\u00f3micos Ac\u00e1nthum, restaurante de Xanty El\u00edas. Durante esta junta rectora en la que han estado presentes 14 acad\u00e9micos venidos de toda Andaluc\u00eda, la academia ha mostrado","inLanguage":"es-ES","isPartOf":{"@id":"https:\/\/eldigitaldeasturias.com\/magazine365\/#website"},"breadcrumb":{"@id":"https:\/\/eldigitaldeasturias.com\/magazine365\/la-academia-andaluza-de-gastronomia-y-turismo-celebra-su-junta-rectora-en-huelva-con-14-academicos\/#breadcrumblist"},"author":{"@id":"https:\/\/eldigitaldeasturias.com\/magazine365\/author\/admin\/#author"},"creator":{"@id":"https:\/\/eldigitaldeasturias.com\/magazine365\/author\/admin\/#author"},"image":{"@type":"ImageObject","url":"https:\/\/eldigitaldeasturias.com\/magazine365\/wp-content\/uploads\/2015\/09\/gastronomia.jpg","@id":"https:\/\/eldigitaldeasturias.com\/magazine365\/la-academia-andaluza-de-gastronomia-y-turismo-celebra-su-junta-rectora-en-huelva-con-14-academicos\/#mainImage","width":655,"height":360},"primaryImageOfPage":{"@id":"https:\/\/eldigitaldeasturias.com\/magazine365\/la-academia-andaluza-de-gastronomia-y-turismo-celebra-su-junta-rectora-en-huelva-con-14-academicos\/#mainImage"},"datePublished":"2016-06-29T23:59:15+02:00","dateModified":"2016-06-29T23:59:15+02:00"},{"@type":"WebSite","@id":"https:\/\/eldigitaldeasturias.com\/magazine365\/#website","url":"https:\/\/eldigitaldeasturias.com\/magazine365\/","name":"El Digital de Asturias","description":"Revista de ocio, turismo y estilo de vida","inLanguage":"es-ES","publisher":{"@id":"https:\/\/eldigitaldeasturias.com\/magazine365\/#organization"}}]},"og:locale":"es_ES","og:site_name":"El Digital de Asturias \u2013 Revista de ocio, turismo y estilo de vida","og:type":"article","og:title":"La Academia Andaluza de Gastronom\u00eda y Turismo celebra su junta rectora en Huelva con 14 acad\u00e9micos | El Digital de Asturias","og:description":"La Academia Andaluza de Gastronom\u00eda y Turismo ha celebrado su junta rectora del mes de junio en Huelva en un acto celebrado en el marco de los segundos ciclos gastron\u00f3micos Ac\u00e1nthum, restaurante de Xanty El\u00edas. Durante esta junta rectora en la que han estado presentes 14 acad\u00e9micos venidos de toda Andaluc\u00eda, la academia ha mostrado","og:url":"https:\/\/eldigitaldeasturias.com\/magazine365\/la-academia-andaluza-de-gastronomia-y-turismo-celebra-su-junta-rectora-en-huelva-con-14-academicos\/","og:image":"https:\/\/eldigitaldeasturias.com\/magazine365\/wp-content\/uploads\/2015\/09\/gastronomia.jpg","og:image:secure_url":"https:\/\/eldigitaldeasturias.com\/magazine365\/wp-content\/uploads\/2015\/09\/gastronomia.jpg","og:image:width":655,"og:image:height":360,"article:published_time":"2016-06-29T21:59:15+00:00","article:modified_time":"2016-06-29T21:59:15+00:00","twitter:card":"summary_large_image","twitter:title":"La Academia Andaluza de Gastronom\u00eda y Turismo celebra su junta rectora en Huelva con 14 acad\u00e9micos | El Digital de Asturias","twitter:description":"La Academia Andaluza de Gastronom\u00eda y Turismo ha celebrado su junta rectora del mes de junio en Huelva en un acto celebrado en el marco de los segundos ciclos gastron\u00f3micos Ac\u00e1nthum, restaurante de Xanty El\u00edas. Durante esta junta rectora en la que han estado presentes 14 acad\u00e9micos venidos de toda Andaluc\u00eda, la academia ha mostrado","twitter:image":"https:\/\/eldigitaldeasturias.com\/magazine365\/wp-content\/uploads\/2015\/09\/gastronomia.jpg"},"aioseo_meta_data":{"post_id":"81189","title":null,"description":null,"keywords":null,"keyphrases":null,"primary_term":null,"canonical_url":null,"og_title":null,"og_description":null,"og_object_type":"default","og_image_type":"default","og_image_url":null,"og_image_width":null,"og_image_height":null,"og_image_custom_url":null,"og_image_custom_fields":null,"og_video":null,"og_custom_url":null,"og_article_section":null,"og_article_tags":null,"twitter_use_og":false,"twitter_card":"default","twitter_image_type":"default","twitter_image_url":null,"twitter_image_custom_url":null,"twitter_image_custom_fields":null,"twitter_title":null,"twitter_description":null,"schema":{"blockGraphs":[],"customGraphs":[],"default":{"data":{"Article":[],"Course":[],"Dataset":[],"FAQPage":[],"Movie":[],"Person":[],"Product":[],"ProductReview":[],"Car":[],"Recipe":[],"Service":[],"SoftwareApplication":[],"WebPage":[]},"graphName":"","isEnabled":true},"graphs":[],"defaultGraph":"","defaultPostTypeGraph":""},"schema_type":null,"schema_type_options":null,"pillar_content":false,"robots_default":true,"robots_noindex":false,"robots_noarchive":false,"robots_nosnippet":false,"robots_nofollow":false,"robots_noimageindex":false,"robots_noodp":false,"robots_notranslate":false,"robots_max_snippet":null,"robots_max_videopreview":null,"robots_max_imagepreview":"large","priority":null,"frequency":null,"location":null,"local_seo":null,"seo_analyzer_scan_date":"2025-09-27 22:25:14","breadcrumb_settings":null,"limit_modified_date":false,"open_ai":null,"ai":null,"created":"2021-03-08 17:20:54","updated":"2025-09-27 22:25:14"},"aioseo_breadcrumb":"<div class=\"aioseo-breadcrumbs\"><span class=\"aioseo-breadcrumb\">\n\t<a href=\"https:\/\/eldigitaldeasturias.com\/magazine365\" title=\"Home\">Home<\/a>\n<\/span><span class=\"aioseo-breadcrumb-separator\">\u2013<\/span><span class=\"aioseo-breadcrumb\">\n\t<a href=\"https:\/\/eldigitaldeasturias.com\/magazine365\/category\/noticias-actualidad\/\" title=\"Noticias y Actualidad\">Noticias y Actualidad<\/a>\n<\/span><span class=\"aioseo-breadcrumb-separator\">\u2013<\/span><span class=\"aioseo-breadcrumb\">\n\t<a href=\"https:\/\/eldigitaldeasturias.com\/magazine365\/la-academia-andaluza-de-gastronomia-y-turismo-celebra-su-junta-rectora-en-huelva-con-14-academicos\/\" title=\"La Academia Andaluza de Gastronom\u00eda y Turismo celebra su junta rectora en Huelva con 14 acad\u00e9micos\">La Academia Andaluza de Gastronom\u00eda y Turismo celebra su junta rectora en Huelva con 14 acad\u00e9micos<\/a>\n<\/span><\/div>","aioseo_breadcrumb_json":[{"label":"Home","link":"https:\/\/eldigitaldeasturias.com\/magazine365"},{"label":"Noticias y Actualidad","link":"https:\/\/eldigitaldeasturias.com\/magazine365\/category\/noticias-actualidad\/"},{"label":"La Academia Andaluza de Gastronom\u00eda y Turismo celebra su junta rectora en Huelva con 14 acad\u00e9micos","link":"https:\/\/eldigitaldeasturias.com\/magazine365\/la-academia-andaluza-de-gastronomia-y-turismo-celebra-su-junta-rectora-en-huelva-con-14-academicos\/"}],"_links":{"self":[{"href":"https:\/\/eldigitaldeasturias.com\/magazine365\/wp-json\/wp\/v2\/posts\/81189","targetHints":{"allow":["GET"]}}],"collection":[{"href":"https:\/\/eldigitaldeasturias.com\/magazine365\/wp-json\/wp\/v2\/posts"}],"about":[{"href":"https:\/\/eldigitaldeasturias.com\/magazine365\/wp-json\/wp\/v2\/types\/post"}],"author":[{"embeddable":true,"href":"https:\/\/eldigitaldeasturias.com\/magazine365\/wp-json\/wp\/v2\/users\/1"}],"replies":[{"embeddable":true,"href":"https:\/\/eldigitaldeasturias.com\/magazine365\/wp-json\/wp\/v2\/comments?post=81189"}],"version-history":[{"count":0,"href":"https:\/\/eldigitaldeasturias.com\/magazine365\/wp-json\/wp\/v2\/posts\/81189\/revisions"}],"wp:featuredmedia":[{"embeddable":true,"href":"https:\/\/eldigitaldeasturias.com\/magazine365\/wp-json\/wp\/v2\/media\/49328"}],"wp:attachment":[{"href":"https:\/\/eldigitaldeasturias.com\/magazine365\/wp-json\/wp\/v2\/media?parent=81189"}],"wp:term":[{"taxonomy":"category","embeddable":true,"href":"https:\/\/eldigitaldeasturias.com\/magazine365\/wp-json\/wp\/v2\/categories?post=81189"},{"taxonomy":"post_tag","embeddable":true,"href":"https:\/\/eldigitaldeasturias.com\/magazine365\/wp-json\/wp\/v2\/tags?post=81189"}],"curies":[{"name":"wp","href":"https:\/\/api.w.org\/{rel}","templated":true}]}}