{"id":81173,"date":"2016-06-29T20:50:31","date_gmt":"2016-06-29T18:50:31","guid":{"rendered":"http:\/\/eldigitaldeasturias.com\/magazine365\/?p=81173"},"modified":"2016-06-29T20:50:31","modified_gmt":"2016-06-29T18:50:31","slug":"el-salon-ht-vuelve-en-2017-del-19-al-21-de-marzo-en-el-palacio-de-ferias-y-congresos","status":"publish","type":"post","link":"https:\/\/eldigitaldeasturias.com\/magazine365\/el-salon-ht-vuelve-en-2017-del-19-al-21-de-marzo-en-el-palacio-de-ferias-y-congresos\/","title":{"rendered":"El Sal\u00f3n H&#038;T vuelve en 2017 del 19 al 21 de marzo en el Palacio de Ferias y Congresos"},"content":{"rendered":"<p><img fetchpriority=\"high\" decoding=\"async\" class=\"alignleft size-medium wp-image-81174\" src=\"https:\/\/eldigitaldeasturias.com\/magazine365\/wp-content\/uploads\/2016\/06\/fotonoticia_20160629181528_800-360x224.jpg\" alt=\"fotonoticia_20160629181528_800\" width=\"360\" height=\"224\" srcset=\"https:\/\/eldigitaldeasturias.com\/magazine365\/wp-content\/uploads\/2016\/06\/fotonoticia_20160629181528_800-360x224.jpg 360w, https:\/\/eldigitaldeasturias.com\/magazine365\/wp-content\/uploads\/2016\/06\/fotonoticia_20160629181528_800-650x404.jpg 650w, https:\/\/eldigitaldeasturias.com\/magazine365\/wp-content\/uploads\/2016\/06\/fotonoticia_20160629181528_800-768x477.jpg 768w, https:\/\/eldigitaldeasturias.com\/magazine365\/wp-content\/uploads\/2016\/06\/fotonoticia_20160629181528_800-150x93.jpg 150w, https:\/\/eldigitaldeasturias.com\/magazine365\/wp-content\/uploads\/2016\/06\/fotonoticia_20160629181528_800-450x280.jpg 450w, https:\/\/eldigitaldeasturias.com\/magazine365\/wp-content\/uploads\/2016\/06\/fotonoticia_20160629181528_800-279x173.jpg 279w, https:\/\/eldigitaldeasturias.com\/magazine365\/wp-content\/uploads\/2016\/06\/fotonoticia_20160629181528_800-160x100.jpg 160w, https:\/\/eldigitaldeasturias.com\/magazine365\/wp-content\/uploads\/2016\/06\/fotonoticia_20160629181528_800.jpg 800w\" sizes=\"(max-width: 360px) 100vw, 360px\" \/>El Palacio de Ferias y Congresos de M\u00e1laga (Fycma) acoger\u00e1 del 19 al 21 de marzo de 2017 una nueva edici\u00f3n de H&amp;T, el gran escaparate sectorial de la hosteler\u00eda y la hoteler\u00eda del sur de Espa\u00f1a dirigido a empresarios y profesionales que deseen conocer de primera mano las \u00faltimas tendencias en equipamiento, alimentaci\u00f3n y dem\u00e1s industria auxiliar vinculada a estas actividades.<\/p>\n<p>El evento se propone, en su edici\u00f3n decimonovena, afianzar la marca H&amp;T, poner en valor su larga trayectoria como evento referente en el sector y lograr una mayor presencia del sector hotelero.<\/p>\n<p>Dicha edici\u00f3n estar\u00e1 avalada adem\u00e1s por la alta satisfacci\u00f3n de sus participantes en 2016, cuya pr\u00e1ctica totalidad de expositores han manifestado su intenci\u00f3n de repetir en esta nueva convocatoria, calificando m\u00e1s del 90 por ciento el resultado de la feria entre &#8216;excelente&#8217; y &#8216;bueno&#8217;. En el caso de los visitantes, esta \u00faltima cifra se sit\u00faa en el 100 por 100, asegurando la mayor\u00eda de ellos su visita para 2017.<\/p>\n<p>En 2016 acudieron a H&amp;T, seg\u00fan ha informado Fycma a trav\u00e9s de un comunicado, 8.700 profesionales y m\u00e1s de 200 empresas proveedoras de servicios y equipamiento para hosteler\u00eda y hoteler\u00eda, que suponen un nueve y un diez por ciento m\u00e1s que en 2015 respectivamente.<\/p>\n<p>Hasta el momento, H&amp;T ha diversificado los sectores tradicionales que abarcaba para ampliar a otras \u00e1reas como wellness-spa, decoraci\u00f3n de interiores, colchones, viveros y jardiner\u00edas, insonorizaci\u00f3n, cajas fuertes, adem\u00e1s de servicios de limpieza, pulimento y desinfecci\u00f3n, de telefon\u00eda, de seguros y bancarios.<\/p>\n<p>De esta forma, el sal\u00f3n ofrece un cat\u00e1logo integral de productos y servicios al profesional de la hosteler\u00eda, la hoteler\u00eda y el turismo, con gran protagonismo de la gastronom\u00eda y un programa de conferencias, charlas y mesas redondas dirigido al reciclaje y la actualizaci\u00f3n de conocimientos.<\/p>\n<p>H&amp;T est\u00e1 organizado por el Palacio de Ferias y Congresos de M\u00e1laga (Fycma), dependiente del Ayuntamiento de M\u00e1laga, y por la Asociaci\u00f3n de Empresarios Hoteleros de la Costa del Sol (Aehcos). Est\u00e1 promovido por la Consejer\u00eda de Turismo y Deporte de la Junta de Andaluc\u00eda, Empresa P\u00fablica para la Gesti\u00f3n del Turismo y del Deporte de Andaluc\u00eda; por la C\u00e1mara de Industria, Comercio y Navegaci\u00f3n de M\u00e1laga y por Turismo Costa del Sol. Adem\u00e1s, est\u00e1 patrocinado por la Diputaci\u00f3n de M\u00e1laga y la marca Sabor a M\u00e1laga.<\/p>\n<p>Cuenta, asimismo, con la implicaci\u00f3n de todo el sector a trav\u00e9s de la colaboraci\u00f3n de la Asociaci\u00f3n de Empresarios de Campings de la Costa del Sol (Aecamping), Andaluc\u00eda LAB, la Asociaci\u00f3n de Empresarios de Playas de la Provincia de M\u00e1laga-Costa del Sol (Aeplayas), el colectivo gastron\u00f3mico Gastroarte, la Confederaci\u00f3n Espa\u00f1ola de Hoteles y Alojamientos Tur\u00edsticos (Cehat), la Asociaci\u00f3n de Barmans de la Costa del Sol (ABE M\u00e1laga), F\u00f3rum Caf\u00e9, Makro y la Asociaci\u00f3n de Hosteleros de M\u00e1laga (Mahos).<\/p>\n<p>Los interesados en conocer m\u00e1s informaci\u00f3n sobre H&amp;T pueden dirigirse a <a href=\"http:\/\/www.salonhyt.com\/\" target=\"_blank\">www.salonhyt.com<\/a> , a la p\u00e1gina de Facebook<a href=\"http:\/\/www.facebook.com\/salonhyt\" target=\"_blank\">www.facebook.com\/salonhyt<\/a> y al perfil de Twitter @salonhyt.<\/p>\n","protected":false},"excerpt":{"rendered":"<p>El Palacio de Ferias y Congresos de M\u00e1laga (Fycma) acoger\u00e1 del 19 al 21 de marzo de 2017 una nueva edici\u00f3n de H&amp;T, el gran escaparate sectorial de la hosteler\u00eda y la hoteler\u00eda del sur de Espa\u00f1a dirigido a empresarios y profesionales que deseen conocer de primera mano las \u00faltimas tendencias en equipamiento, alimentaci\u00f3n y<\/p>\n","protected":false},"author":1,"featured_media":81174,"comment_status":"open","ping_status":"closed","sticky":false,"template":"","format":"standard","meta":{"footnotes":""},"categories":[224],"tags":[],"class_list":{"0":"post-81173","1":"post","2":"type-post","3":"status-publish","4":"format-standard","5":"has-post-thumbnail","7":"category-noticias-actualidad"},"aioseo_notices":[],"aioseo_head":"\n\t\t<!-- All in One SEO Pro 4.9.6.1 - aioseo.com -->\n\t<meta name=\"description\" content=\"El Palacio de Ferias y Congresos de M\u00e1laga (Fycma) acoger\u00e1 del 19 al 21 de marzo de 2017 una nueva edici\u00f3n de H&amp;T, el gran escaparate sectorial de la hosteler\u00eda y la hoteler\u00eda del sur de Espa\u00f1a dirigido a empresarios y profesionales que deseen conocer de primera mano las \u00faltimas tendencias en equipamiento, alimentaci\u00f3n y\" \/>\n\t<meta name=\"robots\" content=\"max-image-preview:large\" \/>\n\t<meta name=\"author\" content=\"admin\"\/>\n\t<meta name=\"google-site-verification\" content=\"UA-38556648-1\" \/>\n\t<meta name=\"keywords\" content=\"noticias y actualidad\" \/>\n\t<link rel=\"canonical\" href=\"https:\/\/eldigitaldeasturias.com\/magazine365\/el-salon-ht-vuelve-en-2017-del-19-al-21-de-marzo-en-el-palacio-de-ferias-y-congresos\/\" \/>\n\t<meta name=\"generator\" content=\"All in One SEO Pro (AIOSEO) 4.9.6.1\" \/>\n\t\t<meta property=\"og:locale\" content=\"es_ES\" \/>\n\t\t<meta property=\"og:site_name\" content=\"El Digital de Asturias \u2013 Revista de ocio, turismo y estilo de vida\" \/>\n\t\t<meta property=\"og:type\" content=\"article\" \/>\n\t\t<meta property=\"og:title\" content=\"El Sal\u00f3n H&amp;T vuelve en 2017 del 19 al 21 de marzo en el Palacio de Ferias y Congresos | El Digital de Asturias\" \/>\n\t\t<meta property=\"og:description\" content=\"El Palacio de Ferias y Congresos de M\u00e1laga (Fycma) acoger\u00e1 del 19 al 21 de marzo de 2017 una nueva edici\u00f3n de H&amp;T, el gran escaparate sectorial de la hosteler\u00eda y la hoteler\u00eda del sur de Espa\u00f1a dirigido a empresarios y profesionales que deseen conocer de primera mano las \u00faltimas tendencias en equipamiento, alimentaci\u00f3n y\" \/>\n\t\t<meta property=\"og:url\" content=\"https:\/\/eldigitaldeasturias.com\/magazine365\/el-salon-ht-vuelve-en-2017-del-19-al-21-de-marzo-en-el-palacio-de-ferias-y-congresos\/\" \/>\n\t\t<meta property=\"og:image\" content=\"https:\/\/eldigitaldeasturias.com\/magazine365\/wp-content\/uploads\/2016\/06\/fotonoticia_20160629181528_800.jpg\" \/>\n\t\t<meta property=\"og:image:secure_url\" content=\"https:\/\/eldigitaldeasturias.com\/magazine365\/wp-content\/uploads\/2016\/06\/fotonoticia_20160629181528_800.jpg\" \/>\n\t\t<meta property=\"og:image:width\" content=\"800\" \/>\n\t\t<meta property=\"og:image:height\" content=\"497\" \/>\n\t\t<meta property=\"article:published_time\" content=\"2016-06-29T18:50:31+00:00\" \/>\n\t\t<meta property=\"article:modified_time\" content=\"2016-06-29T18:50:31+00:00\" \/>\n\t\t<meta name=\"twitter:card\" content=\"summary_large_image\" \/>\n\t\t<meta name=\"twitter:title\" content=\"El Sal\u00f3n H&amp;T vuelve en 2017 del 19 al 21 de marzo en el Palacio de Ferias y Congresos | El Digital de Asturias\" \/>\n\t\t<meta name=\"twitter:description\" content=\"El Palacio de Ferias y Congresos de M\u00e1laga (Fycma) acoger\u00e1 del 19 al 21 de marzo de 2017 una nueva edici\u00f3n de H&amp;T, el gran escaparate sectorial de la hosteler\u00eda y la hoteler\u00eda del sur de Espa\u00f1a dirigido a empresarios y profesionales que deseen conocer de primera mano las \u00faltimas tendencias en equipamiento, alimentaci\u00f3n y\" \/>\n\t\t<meta name=\"twitter:image\" content=\"https:\/\/eldigitaldeasturias.com\/magazine365\/wp-content\/uploads\/2016\/06\/fotonoticia_20160629181528_800.jpg\" \/>\n\t\t<script type=\"application\/ld+json\" class=\"aioseo-schema\">\n\t\t\t{\"@context\":\"https:\\\/\\\/schema.org\",\"@graph\":[{\"@type\":\"Article\",\"@id\":\"https:\\\/\\\/eldigitaldeasturias.com\\\/magazine365\\\/el-salon-ht-vuelve-en-2017-del-19-al-21-de-marzo-en-el-palacio-de-ferias-y-congresos\\\/#article\",\"name\":\"El Sal\\u00f3n H&T vuelve en 2017 del 19 al 21 de marzo en el Palacio de Ferias y Congresos | El Digital de Asturias\",\"headline\":\"El Sal\\u00f3n H&#038;T vuelve en 2017 del 19 al 21 de marzo en el Palacio de Ferias y Congresos\",\"author\":{\"@id\":\"https:\\\/\\\/eldigitaldeasturias.com\\\/magazine365\\\/author\\\/admin\\\/#author\"},\"publisher\":{\"@id\":\"https:\\\/\\\/eldigitaldeasturias.com\\\/magazine365\\\/#organization\"},\"image\":{\"@type\":\"ImageObject\",\"url\":\"https:\\\/\\\/eldigitaldeasturias.com\\\/magazine365\\\/wp-content\\\/uploads\\\/2016\\\/06\\\/fotonoticia_20160629181528_800.jpg\",\"width\":800,\"height\":497},\"datePublished\":\"2016-06-29T20:50:31+02:00\",\"dateModified\":\"2016-06-29T20:50:31+02:00\",\"inLanguage\":\"es-ES\",\"mainEntityOfPage\":{\"@id\":\"https:\\\/\\\/eldigitaldeasturias.com\\\/magazine365\\\/el-salon-ht-vuelve-en-2017-del-19-al-21-de-marzo-en-el-palacio-de-ferias-y-congresos\\\/#webpage\"},\"isPartOf\":{\"@id\":\"https:\\\/\\\/eldigitaldeasturias.com\\\/magazine365\\\/el-salon-ht-vuelve-en-2017-del-19-al-21-de-marzo-en-el-palacio-de-ferias-y-congresos\\\/#webpage\"},\"articleSection\":\"Noticias y Actualidad\"},{\"@type\":\"BreadcrumbList\",\"@id\":\"https:\\\/\\\/eldigitaldeasturias.com\\\/magazine365\\\/el-salon-ht-vuelve-en-2017-del-19-al-21-de-marzo-en-el-palacio-de-ferias-y-congresos\\\/#breadcrumblist\",\"itemListElement\":[{\"@type\":\"ListItem\",\"@id\":\"https:\\\/\\\/eldigitaldeasturias.com\\\/magazine365#listItem\",\"position\":1,\"name\":\"Home\",\"item\":\"https:\\\/\\\/eldigitaldeasturias.com\\\/magazine365\",\"nextItem\":{\"@type\":\"ListItem\",\"@id\":\"https:\\\/\\\/eldigitaldeasturias.com\\\/magazine365\\\/category\\\/noticias-actualidad\\\/#listItem\",\"name\":\"Noticias y Actualidad\"}},{\"@type\":\"ListItem\",\"@id\":\"https:\\\/\\\/eldigitaldeasturias.com\\\/magazine365\\\/category\\\/noticias-actualidad\\\/#listItem\",\"position\":2,\"name\":\"Noticias y Actualidad\",\"item\":\"https:\\\/\\\/eldigitaldeasturias.com\\\/magazine365\\\/category\\\/noticias-actualidad\\\/\",\"nextItem\":{\"@type\":\"ListItem\",\"@id\":\"https:\\\/\\\/eldigitaldeasturias.com\\\/magazine365\\\/el-salon-ht-vuelve-en-2017-del-19-al-21-de-marzo-en-el-palacio-de-ferias-y-congresos\\\/#listItem\",\"name\":\"El Sal\\u00f3n H&#038;T vuelve en 2017 del 19 al 21 de marzo en el Palacio de Ferias y Congresos\"},\"previousItem\":{\"@type\":\"ListItem\",\"@id\":\"https:\\\/\\\/eldigitaldeasturias.com\\\/magazine365#listItem\",\"name\":\"Home\"}},{\"@type\":\"ListItem\",\"@id\":\"https:\\\/\\\/eldigitaldeasturias.com\\\/magazine365\\\/el-salon-ht-vuelve-en-2017-del-19-al-21-de-marzo-en-el-palacio-de-ferias-y-congresos\\\/#listItem\",\"position\":3,\"name\":\"El Sal\\u00f3n H&#038;T vuelve en 2017 del 19 al 21 de marzo en el Palacio de Ferias y Congresos\",\"previousItem\":{\"@type\":\"ListItem\",\"@id\":\"https:\\\/\\\/eldigitaldeasturias.com\\\/magazine365\\\/category\\\/noticias-actualidad\\\/#listItem\",\"name\":\"Noticias y Actualidad\"}}]},{\"@type\":\"Organization\",\"@id\":\"https:\\\/\\\/eldigitaldeasturias.com\\\/magazine365\\\/#organization\",\"name\":\"El digital de Asturias\",\"description\":\"Revista de ocio, turismo y estilo de vida\",\"url\":\"https:\\\/\\\/eldigitaldeasturias.com\\\/magazine365\\\/\",\"logo\":{\"@type\":\"ImageObject\",\"url\":\"https:\\\/\\\/www.eldigitaldeasturias.com\\\/noticias\\\/wp-content\\\/uploads\\\/2020\\\/12\\\/EDA.jpg\",\"@id\":\"https:\\\/\\\/eldigitaldeasturias.com\\\/magazine365\\\/el-salon-ht-vuelve-en-2017-del-19-al-21-de-marzo-en-el-palacio-de-ferias-y-congresos\\\/#organizationLogo\"},\"image\":{\"@id\":\"https:\\\/\\\/eldigitaldeasturias.com\\\/magazine365\\\/el-salon-ht-vuelve-en-2017-del-19-al-21-de-marzo-en-el-palacio-de-ferias-y-congresos\\\/#organizationLogo\"}},{\"@type\":\"Person\",\"@id\":\"https:\\\/\\\/eldigitaldeasturias.com\\\/magazine365\\\/author\\\/admin\\\/#author\",\"url\":\"https:\\\/\\\/eldigitaldeasturias.com\\\/magazine365\\\/author\\\/admin\\\/\",\"name\":\"admin\",\"image\":{\"@type\":\"ImageObject\",\"@id\":\"https:\\\/\\\/eldigitaldeasturias.com\\\/magazine365\\\/el-salon-ht-vuelve-en-2017-del-19-al-21-de-marzo-en-el-palacio-de-ferias-y-congresos\\\/#authorImage\",\"url\":\"https:\\\/\\\/eldigitaldeasturias.com\\\/magazine365\\\/wp-content\\\/litespeed\\\/avatar\\\/e571bcf59a0edd6fa6838245a470f2fe.jpg?ver=1776969259\",\"width\":96,\"height\":96,\"caption\":\"admin\"}},{\"@type\":\"WebPage\",\"@id\":\"https:\\\/\\\/eldigitaldeasturias.com\\\/magazine365\\\/el-salon-ht-vuelve-en-2017-del-19-al-21-de-marzo-en-el-palacio-de-ferias-y-congresos\\\/#webpage\",\"url\":\"https:\\\/\\\/eldigitaldeasturias.com\\\/magazine365\\\/el-salon-ht-vuelve-en-2017-del-19-al-21-de-marzo-en-el-palacio-de-ferias-y-congresos\\\/\",\"name\":\"El Sal\\u00f3n H&T vuelve en 2017 del 19 al 21 de marzo en el Palacio de Ferias y Congresos | El Digital de Asturias\",\"description\":\"El Palacio de Ferias y Congresos de M\\u00e1laga (Fycma) acoger\\u00e1 del 19 al 21 de marzo de 2017 una nueva edici\\u00f3n de H&T, el gran escaparate sectorial de la hosteler\\u00eda y la hoteler\\u00eda del sur de Espa\\u00f1a dirigido a empresarios y profesionales que deseen conocer de primera mano las \\u00faltimas tendencias en equipamiento, alimentaci\\u00f3n y\",\"inLanguage\":\"es-ES\",\"isPartOf\":{\"@id\":\"https:\\\/\\\/eldigitaldeasturias.com\\\/magazine365\\\/#website\"},\"breadcrumb\":{\"@id\":\"https:\\\/\\\/eldigitaldeasturias.com\\\/magazine365\\\/el-salon-ht-vuelve-en-2017-del-19-al-21-de-marzo-en-el-palacio-de-ferias-y-congresos\\\/#breadcrumblist\"},\"author\":{\"@id\":\"https:\\\/\\\/eldigitaldeasturias.com\\\/magazine365\\\/author\\\/admin\\\/#author\"},\"creator\":{\"@id\":\"https:\\\/\\\/eldigitaldeasturias.com\\\/magazine365\\\/author\\\/admin\\\/#author\"},\"image\":{\"@type\":\"ImageObject\",\"url\":\"https:\\\/\\\/eldigitaldeasturias.com\\\/magazine365\\\/wp-content\\\/uploads\\\/2016\\\/06\\\/fotonoticia_20160629181528_800.jpg\",\"@id\":\"https:\\\/\\\/eldigitaldeasturias.com\\\/magazine365\\\/el-salon-ht-vuelve-en-2017-del-19-al-21-de-marzo-en-el-palacio-de-ferias-y-congresos\\\/#mainImage\",\"width\":800,\"height\":497},\"primaryImageOfPage\":{\"@id\":\"https:\\\/\\\/eldigitaldeasturias.com\\\/magazine365\\\/el-salon-ht-vuelve-en-2017-del-19-al-21-de-marzo-en-el-palacio-de-ferias-y-congresos\\\/#mainImage\"},\"datePublished\":\"2016-06-29T20:50:31+02:00\",\"dateModified\":\"2016-06-29T20:50:31+02:00\"},{\"@type\":\"WebSite\",\"@id\":\"https:\\\/\\\/eldigitaldeasturias.com\\\/magazine365\\\/#website\",\"url\":\"https:\\\/\\\/eldigitaldeasturias.com\\\/magazine365\\\/\",\"name\":\"El Digital de Asturias\",\"description\":\"Revista de ocio, turismo y estilo de vida\",\"inLanguage\":\"es-ES\",\"publisher\":{\"@id\":\"https:\\\/\\\/eldigitaldeasturias.com\\\/magazine365\\\/#organization\"}}]}\n\t\t<\/script>\n\t\t<!-- All in One SEO Pro -->\r\n\t\t<title>El Sal\u00f3n H&amp;T vuelve en 2017 del 19 al 21 de marzo en el Palacio de Ferias y Congresos | El Digital de Asturias<\/title>\n\n","aioseo_head_json":{"title":"El Sal\u00f3n H&T vuelve en 2017 del 19 al 21 de marzo en el Palacio de Ferias y Congresos | El Digital de Asturias","description":"El Palacio de Ferias y Congresos de M\u00e1laga (Fycma) acoger\u00e1 del 19 al 21 de marzo de 2017 una nueva edici\u00f3n de H&T, el gran escaparate sectorial de la hosteler\u00eda y la hoteler\u00eda del sur de Espa\u00f1a dirigido a empresarios y profesionales que deseen conocer de primera mano las \u00faltimas tendencias en equipamiento, alimentaci\u00f3n y","canonical_url":"https:\/\/eldigitaldeasturias.com\/magazine365\/el-salon-ht-vuelve-en-2017-del-19-al-21-de-marzo-en-el-palacio-de-ferias-y-congresos\/","robots":"max-image-preview:large","keywords":"noticias y actualidad","webmasterTools":{"google-site-verification":"UA-38556648-1","miscellaneous":""},"schema":{"@context":"https:\/\/schema.org","@graph":[{"@type":"Article","@id":"https:\/\/eldigitaldeasturias.com\/magazine365\/el-salon-ht-vuelve-en-2017-del-19-al-21-de-marzo-en-el-palacio-de-ferias-y-congresos\/#article","name":"El Sal\u00f3n H&T vuelve en 2017 del 19 al 21 de marzo en el Palacio de Ferias y Congresos | El Digital de Asturias","headline":"El Sal\u00f3n H&#038;T vuelve en 2017 del 19 al 21 de marzo en el Palacio de Ferias y Congresos","author":{"@id":"https:\/\/eldigitaldeasturias.com\/magazine365\/author\/admin\/#author"},"publisher":{"@id":"https:\/\/eldigitaldeasturias.com\/magazine365\/#organization"},"image":{"@type":"ImageObject","url":"https:\/\/eldigitaldeasturias.com\/magazine365\/wp-content\/uploads\/2016\/06\/fotonoticia_20160629181528_800.jpg","width":800,"height":497},"datePublished":"2016-06-29T20:50:31+02:00","dateModified":"2016-06-29T20:50:31+02:00","inLanguage":"es-ES","mainEntityOfPage":{"@id":"https:\/\/eldigitaldeasturias.com\/magazine365\/el-salon-ht-vuelve-en-2017-del-19-al-21-de-marzo-en-el-palacio-de-ferias-y-congresos\/#webpage"},"isPartOf":{"@id":"https:\/\/eldigitaldeasturias.com\/magazine365\/el-salon-ht-vuelve-en-2017-del-19-al-21-de-marzo-en-el-palacio-de-ferias-y-congresos\/#webpage"},"articleSection":"Noticias y Actualidad"},{"@type":"BreadcrumbList","@id":"https:\/\/eldigitaldeasturias.com\/magazine365\/el-salon-ht-vuelve-en-2017-del-19-al-21-de-marzo-en-el-palacio-de-ferias-y-congresos\/#breadcrumblist","itemListElement":[{"@type":"ListItem","@id":"https:\/\/eldigitaldeasturias.com\/magazine365#listItem","position":1,"name":"Home","item":"https:\/\/eldigitaldeasturias.com\/magazine365","nextItem":{"@type":"ListItem","@id":"https:\/\/eldigitaldeasturias.com\/magazine365\/category\/noticias-actualidad\/#listItem","name":"Noticias y Actualidad"}},{"@type":"ListItem","@id":"https:\/\/eldigitaldeasturias.com\/magazine365\/category\/noticias-actualidad\/#listItem","position":2,"name":"Noticias y Actualidad","item":"https:\/\/eldigitaldeasturias.com\/magazine365\/category\/noticias-actualidad\/","nextItem":{"@type":"ListItem","@id":"https:\/\/eldigitaldeasturias.com\/magazine365\/el-salon-ht-vuelve-en-2017-del-19-al-21-de-marzo-en-el-palacio-de-ferias-y-congresos\/#listItem","name":"El Sal\u00f3n H&#038;T vuelve en 2017 del 19 al 21 de marzo en el Palacio de Ferias y Congresos"},"previousItem":{"@type":"ListItem","@id":"https:\/\/eldigitaldeasturias.com\/magazine365#listItem","name":"Home"}},{"@type":"ListItem","@id":"https:\/\/eldigitaldeasturias.com\/magazine365\/el-salon-ht-vuelve-en-2017-del-19-al-21-de-marzo-en-el-palacio-de-ferias-y-congresos\/#listItem","position":3,"name":"El Sal\u00f3n H&#038;T vuelve en 2017 del 19 al 21 de marzo en el Palacio de Ferias y Congresos","previousItem":{"@type":"ListItem","@id":"https:\/\/eldigitaldeasturias.com\/magazine365\/category\/noticias-actualidad\/#listItem","name":"Noticias y Actualidad"}}]},{"@type":"Organization","@id":"https:\/\/eldigitaldeasturias.com\/magazine365\/#organization","name":"El digital de Asturias","description":"Revista de ocio, turismo y estilo de vida","url":"https:\/\/eldigitaldeasturias.com\/magazine365\/","logo":{"@type":"ImageObject","url":"https:\/\/www.eldigitaldeasturias.com\/noticias\/wp-content\/uploads\/2020\/12\/EDA.jpg","@id":"https:\/\/eldigitaldeasturias.com\/magazine365\/el-salon-ht-vuelve-en-2017-del-19-al-21-de-marzo-en-el-palacio-de-ferias-y-congresos\/#organizationLogo"},"image":{"@id":"https:\/\/eldigitaldeasturias.com\/magazine365\/el-salon-ht-vuelve-en-2017-del-19-al-21-de-marzo-en-el-palacio-de-ferias-y-congresos\/#organizationLogo"}},{"@type":"Person","@id":"https:\/\/eldigitaldeasturias.com\/magazine365\/author\/admin\/#author","url":"https:\/\/eldigitaldeasturias.com\/magazine365\/author\/admin\/","name":"admin","image":{"@type":"ImageObject","@id":"https:\/\/eldigitaldeasturias.com\/magazine365\/el-salon-ht-vuelve-en-2017-del-19-al-21-de-marzo-en-el-palacio-de-ferias-y-congresos\/#authorImage","url":"https:\/\/eldigitaldeasturias.com\/magazine365\/wp-content\/litespeed\/avatar\/e571bcf59a0edd6fa6838245a470f2fe.jpg?ver=1776969259","width":96,"height":96,"caption":"admin"}},{"@type":"WebPage","@id":"https:\/\/eldigitaldeasturias.com\/magazine365\/el-salon-ht-vuelve-en-2017-del-19-al-21-de-marzo-en-el-palacio-de-ferias-y-congresos\/#webpage","url":"https:\/\/eldigitaldeasturias.com\/magazine365\/el-salon-ht-vuelve-en-2017-del-19-al-21-de-marzo-en-el-palacio-de-ferias-y-congresos\/","name":"El Sal\u00f3n H&T vuelve en 2017 del 19 al 21 de marzo en el Palacio de Ferias y Congresos | El Digital de Asturias","description":"El Palacio de Ferias y Congresos de M\u00e1laga (Fycma) acoger\u00e1 del 19 al 21 de marzo de 2017 una nueva edici\u00f3n de H&T, el gran escaparate sectorial de la hosteler\u00eda y la hoteler\u00eda del sur de Espa\u00f1a dirigido a empresarios y profesionales que deseen conocer de primera mano las \u00faltimas tendencias en equipamiento, alimentaci\u00f3n y","inLanguage":"es-ES","isPartOf":{"@id":"https:\/\/eldigitaldeasturias.com\/magazine365\/#website"},"breadcrumb":{"@id":"https:\/\/eldigitaldeasturias.com\/magazine365\/el-salon-ht-vuelve-en-2017-del-19-al-21-de-marzo-en-el-palacio-de-ferias-y-congresos\/#breadcrumblist"},"author":{"@id":"https:\/\/eldigitaldeasturias.com\/magazine365\/author\/admin\/#author"},"creator":{"@id":"https:\/\/eldigitaldeasturias.com\/magazine365\/author\/admin\/#author"},"image":{"@type":"ImageObject","url":"https:\/\/eldigitaldeasturias.com\/magazine365\/wp-content\/uploads\/2016\/06\/fotonoticia_20160629181528_800.jpg","@id":"https:\/\/eldigitaldeasturias.com\/magazine365\/el-salon-ht-vuelve-en-2017-del-19-al-21-de-marzo-en-el-palacio-de-ferias-y-congresos\/#mainImage","width":800,"height":497},"primaryImageOfPage":{"@id":"https:\/\/eldigitaldeasturias.com\/magazine365\/el-salon-ht-vuelve-en-2017-del-19-al-21-de-marzo-en-el-palacio-de-ferias-y-congresos\/#mainImage"},"datePublished":"2016-06-29T20:50:31+02:00","dateModified":"2016-06-29T20:50:31+02:00"},{"@type":"WebSite","@id":"https:\/\/eldigitaldeasturias.com\/magazine365\/#website","url":"https:\/\/eldigitaldeasturias.com\/magazine365\/","name":"El Digital de Asturias","description":"Revista de ocio, turismo y estilo de vida","inLanguage":"es-ES","publisher":{"@id":"https:\/\/eldigitaldeasturias.com\/magazine365\/#organization"}}]},"og:locale":"es_ES","og:site_name":"El Digital de Asturias \u2013 Revista de ocio, turismo y estilo de vida","og:type":"article","og:title":"El Sal\u00f3n H&amp;T vuelve en 2017 del 19 al 21 de marzo en el Palacio de Ferias y Congresos | El Digital de Asturias","og:description":"El Palacio de Ferias y Congresos de M\u00e1laga (Fycma) acoger\u00e1 del 19 al 21 de marzo de 2017 una nueva edici\u00f3n de H&amp;T, el gran escaparate sectorial de la hosteler\u00eda y la hoteler\u00eda del sur de Espa\u00f1a dirigido a empresarios y profesionales que deseen conocer de primera mano las \u00faltimas tendencias en equipamiento, alimentaci\u00f3n y","og:url":"https:\/\/eldigitaldeasturias.com\/magazine365\/el-salon-ht-vuelve-en-2017-del-19-al-21-de-marzo-en-el-palacio-de-ferias-y-congresos\/","og:image":"https:\/\/eldigitaldeasturias.com\/magazine365\/wp-content\/uploads\/2016\/06\/fotonoticia_20160629181528_800.jpg","og:image:secure_url":"https:\/\/eldigitaldeasturias.com\/magazine365\/wp-content\/uploads\/2016\/06\/fotonoticia_20160629181528_800.jpg","og:image:width":800,"og:image:height":497,"article:published_time":"2016-06-29T18:50:31+00:00","article:modified_time":"2016-06-29T18:50:31+00:00","twitter:card":"summary_large_image","twitter:title":"El Sal\u00f3n H&amp;T vuelve en 2017 del 19 al 21 de marzo en el Palacio de Ferias y Congresos | El Digital de Asturias","twitter:description":"El Palacio de Ferias y Congresos de M\u00e1laga (Fycma) acoger\u00e1 del 19 al 21 de marzo de 2017 una nueva edici\u00f3n de H&amp;T, el gran escaparate sectorial de la hosteler\u00eda y la hoteler\u00eda del sur de Espa\u00f1a dirigido a empresarios y profesionales que deseen conocer de primera mano las \u00faltimas tendencias en equipamiento, alimentaci\u00f3n y","twitter:image":"https:\/\/eldigitaldeasturias.com\/magazine365\/wp-content\/uploads\/2016\/06\/fotonoticia_20160629181528_800.jpg"},"aioseo_meta_data":{"post_id":"81173","title":null,"description":null,"keywords":null,"keyphrases":null,"primary_term":null,"canonical_url":null,"og_title":null,"og_description":null,"og_object_type":"default","og_image_type":"default","og_image_url":null,"og_image_width":null,"og_image_height":null,"og_image_custom_url":null,"og_image_custom_fields":null,"og_video":null,"og_custom_url":null,"og_article_section":null,"og_article_tags":null,"twitter_use_og":false,"twitter_card":"default","twitter_image_type":"default","twitter_image_url":null,"twitter_image_custom_url":null,"twitter_image_custom_fields":null,"twitter_title":null,"twitter_description":null,"schema":{"blockGraphs":[],"customGraphs":[],"default":{"data":{"Article":[],"Course":[],"Dataset":[],"FAQPage":[],"Movie":[],"Person":[],"Product":[],"ProductReview":[],"Car":[],"Recipe":[],"Service":[],"SoftwareApplication":[],"WebPage":[]},"graphName":"","isEnabled":true},"graphs":[],"defaultGraph":"","defaultPostTypeGraph":""},"schema_type":null,"schema_type_options":null,"pillar_content":false,"robots_default":true,"robots_noindex":false,"robots_noarchive":false,"robots_nosnippet":false,"robots_nofollow":false,"robots_noimageindex":false,"robots_noodp":false,"robots_notranslate":false,"robots_max_snippet":null,"robots_max_videopreview":null,"robots_max_imagepreview":"large","priority":null,"frequency":null,"location":null,"local_seo":null,"seo_analyzer_scan_date":"2025-09-27 22:23:50","breadcrumb_settings":null,"limit_modified_date":false,"open_ai":null,"ai":null,"created":"2021-03-08 17:20:54","updated":"2025-09-27 22:23:50"},"aioseo_breadcrumb":"<div class=\"aioseo-breadcrumbs\"><span class=\"aioseo-breadcrumb\">\n\t<a href=\"https:\/\/eldigitaldeasturias.com\/magazine365\" title=\"Home\">Home<\/a>\n<\/span><span class=\"aioseo-breadcrumb-separator\">\u2013<\/span><span class=\"aioseo-breadcrumb\">\n\t<a href=\"https:\/\/eldigitaldeasturias.com\/magazine365\/category\/noticias-actualidad\/\" title=\"Noticias y Actualidad\">Noticias y Actualidad<\/a>\n<\/span><span class=\"aioseo-breadcrumb-separator\">\u2013<\/span><span class=\"aioseo-breadcrumb\">\n\t<a href=\"https:\/\/eldigitaldeasturias.com\/magazine365\/el-salon-ht-vuelve-en-2017-del-19-al-21-de-marzo-en-el-palacio-de-ferias-y-congresos\/\" title=\"El Sal\u00f3n H&amp;T vuelve en 2017 del 19 al 21 de marzo en el Palacio de Ferias y Congresos\">El Sal\u00f3n H&amp;T vuelve en 2017 del 19 al 21 de marzo en el Palacio de Ferias y Congresos<\/a>\n<\/span><\/div>","aioseo_breadcrumb_json":[{"label":"Home","link":"https:\/\/eldigitaldeasturias.com\/magazine365"},{"label":"Noticias y Actualidad","link":"https:\/\/eldigitaldeasturias.com\/magazine365\/category\/noticias-actualidad\/"},{"label":"El Sal\u00f3n H&#038;T vuelve en 2017 del 19 al 21 de marzo en el Palacio de Ferias y Congresos","link":"https:\/\/eldigitaldeasturias.com\/magazine365\/el-salon-ht-vuelve-en-2017-del-19-al-21-de-marzo-en-el-palacio-de-ferias-y-congresos\/"}],"_links":{"self":[{"href":"https:\/\/eldigitaldeasturias.com\/magazine365\/wp-json\/wp\/v2\/posts\/81173","targetHints":{"allow":["GET"]}}],"collection":[{"href":"https:\/\/eldigitaldeasturias.com\/magazine365\/wp-json\/wp\/v2\/posts"}],"about":[{"href":"https:\/\/eldigitaldeasturias.com\/magazine365\/wp-json\/wp\/v2\/types\/post"}],"author":[{"embeddable":true,"href":"https:\/\/eldigitaldeasturias.com\/magazine365\/wp-json\/wp\/v2\/users\/1"}],"replies":[{"embeddable":true,"href":"https:\/\/eldigitaldeasturias.com\/magazine365\/wp-json\/wp\/v2\/comments?post=81173"}],"version-history":[{"count":0,"href":"https:\/\/eldigitaldeasturias.com\/magazine365\/wp-json\/wp\/v2\/posts\/81173\/revisions"}],"wp:featuredmedia":[{"embeddable":true,"href":"https:\/\/eldigitaldeasturias.com\/magazine365\/wp-json\/wp\/v2\/media\/81174"}],"wp:attachment":[{"href":"https:\/\/eldigitaldeasturias.com\/magazine365\/wp-json\/wp\/v2\/media?parent=81173"}],"wp:term":[{"taxonomy":"category","embeddable":true,"href":"https:\/\/eldigitaldeasturias.com\/magazine365\/wp-json\/wp\/v2\/categories?post=81173"},{"taxonomy":"post_tag","embeddable":true,"href":"https:\/\/eldigitaldeasturias.com\/magazine365\/wp-json\/wp\/v2\/tags?post=81173"}],"curies":[{"name":"wp","href":"https:\/\/api.w.org\/{rel}","templated":true}]}}