{"id":81167,"date":"2016-06-29T20:48:53","date_gmt":"2016-06-29T18:48:53","guid":{"rendered":"http:\/\/eldigitaldeasturias.com\/magazine365\/?p=81167"},"modified":"2016-06-29T20:48:53","modified_gmt":"2016-06-29T18:48:53","slug":"euskotren-celebrara-este-sabado-una-jornada-de-puertas-abiertas-en-la-linea-del-txorierri","status":"publish","type":"post","link":"https:\/\/eldigitaldeasturias.com\/magazine365\/euskotren-celebrara-este-sabado-una-jornada-de-puertas-abiertas-en-la-linea-del-txorierri\/","title":{"rendered":"Euskotren celebrar\u00e1 este s\u00e1bado una jornada de puertas abiertas en la l\u00ednea del Txorierri"},"content":{"rendered":"<p><img fetchpriority=\"high\" decoding=\"async\" class=\"alignleft size-medium wp-image-81168\" src=\"https:\/\/eldigitaldeasturias.com\/magazine365\/wp-content\/uploads\/2016\/06\/fotonoticia_20160629180836_800-216x300.jpg\" alt=\"fotonoticia_20160629180836_800\" width=\"216\" height=\"300\" srcset=\"https:\/\/eldigitaldeasturias.com\/magazine365\/wp-content\/uploads\/2016\/06\/fotonoticia_20160629180836_800-216x300.jpg 216w, https:\/\/eldigitaldeasturias.com\/magazine365\/wp-content\/uploads\/2016\/06\/fotonoticia_20160629180836_800-460x640.jpg 460w, https:\/\/eldigitaldeasturias.com\/magazine365\/wp-content\/uploads\/2016\/06\/fotonoticia_20160629180836_800-768x1068.jpg 768w, https:\/\/eldigitaldeasturias.com\/magazine365\/wp-content\/uploads\/2016\/06\/fotonoticia_20160629180836_800-150x209.jpg 150w, https:\/\/eldigitaldeasturias.com\/magazine365\/wp-content\/uploads\/2016\/06\/fotonoticia_20160629180836_800-450x626.jpg 450w, https:\/\/eldigitaldeasturias.com\/magazine365\/wp-content\/uploads\/2016\/06\/fotonoticia_20160629180836_800.jpg 800w\" sizes=\"(max-width: 216px) 100vw, 216px\" \/>La Sociedad P\u00fablica Euskotren, perteneciente al Departamento de Medio Ambiente y Pol\u00edtica Territorial del Gobierno vasco, celebrar\u00e1 este s\u00e1bado una jornada de puertas abiertas en la L\u00ednea del Txorierri (Lutxana &#8211; Lezama).<\/p>\n<p>La ciudadan\u00eda y las personas usuarias del Txorierri tendr\u00e1n la oportunidad desde el inicio del servicio del s\u00e1bado, hasta las 22.00 horas, de viajar gratis y utilizar las nuevas Unidades de la Serie 950, que formar\u00e1n parte del servicio comercial de la futura L\u00ednea 3 de Metro, operada por Euskotren. Con la puesta en marcha de la L\u00ednea 3, prevista en 2017, el actual servicio del Txorierri quedar\u00e1 integrado en la misma.<\/p>\n<p>La nueva Serie 950 va a estar integrada por 28 trenes, que permitir\u00e1n cubrir las necesidades de la L\u00ednea 3 de Metro, cuyo operador ser\u00e1 Euskotren, as\u00ed como continuar con el proceso de modernizaci\u00f3n del parque m\u00f3vil ferroviario de la Compa\u00f1\u00eda, atendiendo a las necesidades de explotaci\u00f3n contempladas para el per\u00edodo 2016-2019 en el resto de l\u00edneas, sustituyendo a las Unidades de mayor antig\u00fcedad, pertenecientes a las Series 200 y 300.<\/p>\n<p>La Serie 950 incluye unidades de tren el\u00e9ctricas de 1.500 Vcc de v\u00eda m\u00e9trica. Cada unidad est\u00e1 compuesta por dos coches motores con cabina de conducci\u00f3n y un coche remolque intermedio. Adem\u00e1s, son ampliables a cuatro coches, sin perder las prestaciones iniciales de tres coches.<\/p>\n<p>Los coches externos disponen de una cabina de conducci\u00f3n, dotada de un puesto de conducci\u00f3n y de una puerta de evacuaci\u00f3n frontal con escalera incorporada. El coche intermedio dispone de zonas para Personas de Movilidad Reducida (PMR) y rampas autom\u00e1ticas en dos de sus puertas.<\/p>\n<p>Los trenes disponen de puertas de evacuaci\u00f3n de emergencia laterales y frontales, en funci\u00f3n del coche de que se trate. Todos los coches est\u00e1n comunicados por pasillos de intercomunicaci\u00f3n di\u00e1fanos, y el acceso es realizado a trav\u00e9s de seis puertas por coche, el\u00e9ctricas de doble hoja.<\/p>\n<p>Otros equipamientos incorporados son aquellos destinados a la se\u00f1alizaci\u00f3n, detecci\u00f3n de incendios, megafon\u00eda \u00abModo T\u00bb, aviso para personas invidentes, sistema de ayuda a la operaci\u00f3n, identificaci\u00f3n de conductores\/as y funciones de conducci\u00f3n eficiente.<\/p>\n<p>Cada unidad pondr\u00e1 a disposici\u00f3n de la ciudadan\u00eda un total de 296 plazas, 94 de ellas de asiento. Se ha optimizado el dise\u00f1o con dispositivos anticlimber y estructuras deformables, \u00abpara responder a los requisitos de seguridad y as\u00ed minimizar las consecuencias en caso de impacto frontal\u00bb, ha indicado Euskotren, que tambi\u00e9n ha explicado que las puertas incorporan una funci\u00f3n de seguridad anti-atrapamiento.<\/p>\n","protected":false},"excerpt":{"rendered":"<p>La Sociedad P\u00fablica Euskotren, perteneciente al Departamento de Medio Ambiente y Pol\u00edtica Territorial del Gobierno vasco, celebrar\u00e1 este s\u00e1bado una jornada de puertas abiertas en la L\u00ednea del Txorierri (Lutxana &#8211; Lezama). La ciudadan\u00eda y las personas usuarias del Txorierri tendr\u00e1n la oportunidad desde el inicio del servicio del s\u00e1bado, hasta las 22.00 horas, de<\/p>\n","protected":false},"author":1,"featured_media":81168,"comment_status":"open","ping_status":"closed","sticky":false,"template":"","format":"standard","meta":{"footnotes":""},"categories":[224],"tags":[],"class_list":{"0":"post-81167","1":"post","2":"type-post","3":"status-publish","4":"format-standard","5":"has-post-thumbnail","7":"category-noticias-actualidad"},"aioseo_notices":[],"aioseo_head":"\n\t\t<!-- All in One SEO Pro 4.9.6.1 - aioseo.com -->\n\t<meta name=\"description\" content=\"La Sociedad P\u00fablica Euskotren, perteneciente al Departamento de Medio Ambiente y Pol\u00edtica Territorial del Gobierno vasco, celebrar\u00e1 este s\u00e1bado una jornada de puertas abiertas en la L\u00ednea del Txorierri (Lutxana - Lezama). La ciudadan\u00eda y las personas usuarias del Txorierri tendr\u00e1n la oportunidad desde el inicio del servicio del s\u00e1bado, hasta las 22.00 horas, de\" \/>\n\t<meta name=\"robots\" content=\"max-image-preview:large\" \/>\n\t<meta name=\"author\" content=\"admin\"\/>\n\t<meta name=\"google-site-verification\" content=\"UA-38556648-1\" \/>\n\t<meta name=\"keywords\" content=\"noticias y actualidad\" \/>\n\t<link rel=\"canonical\" href=\"https:\/\/eldigitaldeasturias.com\/magazine365\/euskotren-celebrara-este-sabado-una-jornada-de-puertas-abiertas-en-la-linea-del-txorierri\/\" \/>\n\t<meta name=\"generator\" content=\"All in One SEO Pro (AIOSEO) 4.9.6.1\" \/>\n\t\t<meta property=\"og:locale\" content=\"es_ES\" \/>\n\t\t<meta property=\"og:site_name\" content=\"El Digital de Asturias \u2013 Revista de ocio, turismo y estilo de vida\" \/>\n\t\t<meta property=\"og:type\" content=\"article\" \/>\n\t\t<meta property=\"og:title\" content=\"Euskotren celebrar\u00e1 este s\u00e1bado una jornada de puertas abiertas en la l\u00ednea del Txorierri | El Digital de Asturias\" \/>\n\t\t<meta property=\"og:description\" content=\"La Sociedad P\u00fablica Euskotren, perteneciente al Departamento de Medio Ambiente y Pol\u00edtica Territorial del Gobierno vasco, celebrar\u00e1 este s\u00e1bado una jornada de puertas abiertas en la L\u00ednea del Txorierri (Lutxana - Lezama). La ciudadan\u00eda y las personas usuarias del Txorierri tendr\u00e1n la oportunidad desde el inicio del servicio del s\u00e1bado, hasta las 22.00 horas, de\" \/>\n\t\t<meta property=\"og:url\" content=\"https:\/\/eldigitaldeasturias.com\/magazine365\/euskotren-celebrara-este-sabado-una-jornada-de-puertas-abiertas-en-la-linea-del-txorierri\/\" \/>\n\t\t<meta property=\"og:image\" content=\"https:\/\/eldigitaldeasturias.com\/magazine365\/wp-content\/uploads\/2016\/06\/fotonoticia_20160629180836_800.jpg\" \/>\n\t\t<meta property=\"og:image:secure_url\" content=\"https:\/\/eldigitaldeasturias.com\/magazine365\/wp-content\/uploads\/2016\/06\/fotonoticia_20160629180836_800.jpg\" \/>\n\t\t<meta property=\"og:image:width\" content=\"800\" \/>\n\t\t<meta property=\"og:image:height\" content=\"1112\" \/>\n\t\t<meta property=\"article:published_time\" content=\"2016-06-29T18:48:53+00:00\" \/>\n\t\t<meta property=\"article:modified_time\" content=\"2016-06-29T18:48:53+00:00\" \/>\n\t\t<meta name=\"twitter:card\" content=\"summary_large_image\" \/>\n\t\t<meta name=\"twitter:title\" content=\"Euskotren celebrar\u00e1 este s\u00e1bado una jornada de puertas abiertas en la l\u00ednea del Txorierri | El Digital de Asturias\" \/>\n\t\t<meta name=\"twitter:description\" content=\"La Sociedad P\u00fablica Euskotren, perteneciente al Departamento de Medio Ambiente y Pol\u00edtica Territorial del Gobierno vasco, celebrar\u00e1 este s\u00e1bado una jornada de puertas abiertas en la L\u00ednea del Txorierri (Lutxana - Lezama). La ciudadan\u00eda y las personas usuarias del Txorierri tendr\u00e1n la oportunidad desde el inicio del servicio del s\u00e1bado, hasta las 22.00 horas, de\" \/>\n\t\t<meta name=\"twitter:image\" content=\"https:\/\/eldigitaldeasturias.com\/magazine365\/wp-content\/uploads\/2016\/06\/fotonoticia_20160629180836_800.jpg\" \/>\n\t\t<script type=\"application\/ld+json\" class=\"aioseo-schema\">\n\t\t\t{\"@context\":\"https:\\\/\\\/schema.org\",\"@graph\":[{\"@type\":\"Article\",\"@id\":\"https:\\\/\\\/eldigitaldeasturias.com\\\/magazine365\\\/euskotren-celebrara-este-sabado-una-jornada-de-puertas-abiertas-en-la-linea-del-txorierri\\\/#article\",\"name\":\"Euskotren celebrar\\u00e1 este s\\u00e1bado una jornada de puertas abiertas en la l\\u00ednea del Txorierri | El Digital de Asturias\",\"headline\":\"Euskotren celebrar\\u00e1 este s\\u00e1bado una jornada de puertas abiertas en la l\\u00ednea del Txorierri\",\"author\":{\"@id\":\"https:\\\/\\\/eldigitaldeasturias.com\\\/magazine365\\\/author\\\/admin\\\/#author\"},\"publisher\":{\"@id\":\"https:\\\/\\\/eldigitaldeasturias.com\\\/magazine365\\\/#organization\"},\"image\":{\"@type\":\"ImageObject\",\"url\":\"https:\\\/\\\/eldigitaldeasturias.com\\\/magazine365\\\/wp-content\\\/uploads\\\/2016\\\/06\\\/fotonoticia_20160629180836_800.jpg\",\"width\":800,\"height\":1112},\"datePublished\":\"2016-06-29T20:48:53+02:00\",\"dateModified\":\"2016-06-29T20:48:53+02:00\",\"inLanguage\":\"es-ES\",\"mainEntityOfPage\":{\"@id\":\"https:\\\/\\\/eldigitaldeasturias.com\\\/magazine365\\\/euskotren-celebrara-este-sabado-una-jornada-de-puertas-abiertas-en-la-linea-del-txorierri\\\/#webpage\"},\"isPartOf\":{\"@id\":\"https:\\\/\\\/eldigitaldeasturias.com\\\/magazine365\\\/euskotren-celebrara-este-sabado-una-jornada-de-puertas-abiertas-en-la-linea-del-txorierri\\\/#webpage\"},\"articleSection\":\"Noticias y Actualidad\"},{\"@type\":\"BreadcrumbList\",\"@id\":\"https:\\\/\\\/eldigitaldeasturias.com\\\/magazine365\\\/euskotren-celebrara-este-sabado-una-jornada-de-puertas-abiertas-en-la-linea-del-txorierri\\\/#breadcrumblist\",\"itemListElement\":[{\"@type\":\"ListItem\",\"@id\":\"https:\\\/\\\/eldigitaldeasturias.com\\\/magazine365#listItem\",\"position\":1,\"name\":\"Home\",\"item\":\"https:\\\/\\\/eldigitaldeasturias.com\\\/magazine365\",\"nextItem\":{\"@type\":\"ListItem\",\"@id\":\"https:\\\/\\\/eldigitaldeasturias.com\\\/magazine365\\\/category\\\/noticias-actualidad\\\/#listItem\",\"name\":\"Noticias y Actualidad\"}},{\"@type\":\"ListItem\",\"@id\":\"https:\\\/\\\/eldigitaldeasturias.com\\\/magazine365\\\/category\\\/noticias-actualidad\\\/#listItem\",\"position\":2,\"name\":\"Noticias y Actualidad\",\"item\":\"https:\\\/\\\/eldigitaldeasturias.com\\\/magazine365\\\/category\\\/noticias-actualidad\\\/\",\"nextItem\":{\"@type\":\"ListItem\",\"@id\":\"https:\\\/\\\/eldigitaldeasturias.com\\\/magazine365\\\/euskotren-celebrara-este-sabado-una-jornada-de-puertas-abiertas-en-la-linea-del-txorierri\\\/#listItem\",\"name\":\"Euskotren celebrar\\u00e1 este s\\u00e1bado una jornada de puertas abiertas en la l\\u00ednea del Txorierri\"},\"previousItem\":{\"@type\":\"ListItem\",\"@id\":\"https:\\\/\\\/eldigitaldeasturias.com\\\/magazine365#listItem\",\"name\":\"Home\"}},{\"@type\":\"ListItem\",\"@id\":\"https:\\\/\\\/eldigitaldeasturias.com\\\/magazine365\\\/euskotren-celebrara-este-sabado-una-jornada-de-puertas-abiertas-en-la-linea-del-txorierri\\\/#listItem\",\"position\":3,\"name\":\"Euskotren celebrar\\u00e1 este s\\u00e1bado una jornada de puertas abiertas en la l\\u00ednea del Txorierri\",\"previousItem\":{\"@type\":\"ListItem\",\"@id\":\"https:\\\/\\\/eldigitaldeasturias.com\\\/magazine365\\\/category\\\/noticias-actualidad\\\/#listItem\",\"name\":\"Noticias y Actualidad\"}}]},{\"@type\":\"Organization\",\"@id\":\"https:\\\/\\\/eldigitaldeasturias.com\\\/magazine365\\\/#organization\",\"name\":\"El digital de Asturias\",\"description\":\"Revista de ocio, turismo y estilo de vida\",\"url\":\"https:\\\/\\\/eldigitaldeasturias.com\\\/magazine365\\\/\",\"logo\":{\"@type\":\"ImageObject\",\"url\":\"https:\\\/\\\/www.eldigitaldeasturias.com\\\/noticias\\\/wp-content\\\/uploads\\\/2020\\\/12\\\/EDA.jpg\",\"@id\":\"https:\\\/\\\/eldigitaldeasturias.com\\\/magazine365\\\/euskotren-celebrara-este-sabado-una-jornada-de-puertas-abiertas-en-la-linea-del-txorierri\\\/#organizationLogo\"},\"image\":{\"@id\":\"https:\\\/\\\/eldigitaldeasturias.com\\\/magazine365\\\/euskotren-celebrara-este-sabado-una-jornada-de-puertas-abiertas-en-la-linea-del-txorierri\\\/#organizationLogo\"}},{\"@type\":\"Person\",\"@id\":\"https:\\\/\\\/eldigitaldeasturias.com\\\/magazine365\\\/author\\\/admin\\\/#author\",\"url\":\"https:\\\/\\\/eldigitaldeasturias.com\\\/magazine365\\\/author\\\/admin\\\/\",\"name\":\"admin\",\"image\":{\"@type\":\"ImageObject\",\"@id\":\"https:\\\/\\\/eldigitaldeasturias.com\\\/magazine365\\\/euskotren-celebrara-este-sabado-una-jornada-de-puertas-abiertas-en-la-linea-del-txorierri\\\/#authorImage\",\"url\":\"https:\\\/\\\/eldigitaldeasturias.com\\\/magazine365\\\/wp-content\\\/litespeed\\\/avatar\\\/e571bcf59a0edd6fa6838245a470f2fe.jpg?ver=1776969259\",\"width\":96,\"height\":96,\"caption\":\"admin\"}},{\"@type\":\"WebPage\",\"@id\":\"https:\\\/\\\/eldigitaldeasturias.com\\\/magazine365\\\/euskotren-celebrara-este-sabado-una-jornada-de-puertas-abiertas-en-la-linea-del-txorierri\\\/#webpage\",\"url\":\"https:\\\/\\\/eldigitaldeasturias.com\\\/magazine365\\\/euskotren-celebrara-este-sabado-una-jornada-de-puertas-abiertas-en-la-linea-del-txorierri\\\/\",\"name\":\"Euskotren celebrar\\u00e1 este s\\u00e1bado una jornada de puertas abiertas en la l\\u00ednea del Txorierri | El Digital de Asturias\",\"description\":\"La Sociedad P\\u00fablica Euskotren, perteneciente al Departamento de Medio Ambiente y Pol\\u00edtica Territorial del Gobierno vasco, celebrar\\u00e1 este s\\u00e1bado una jornada de puertas abiertas en la L\\u00ednea del Txorierri (Lutxana - Lezama). La ciudadan\\u00eda y las personas usuarias del Txorierri tendr\\u00e1n la oportunidad desde el inicio del servicio del s\\u00e1bado, hasta las 22.00 horas, de\",\"inLanguage\":\"es-ES\",\"isPartOf\":{\"@id\":\"https:\\\/\\\/eldigitaldeasturias.com\\\/magazine365\\\/#website\"},\"breadcrumb\":{\"@id\":\"https:\\\/\\\/eldigitaldeasturias.com\\\/magazine365\\\/euskotren-celebrara-este-sabado-una-jornada-de-puertas-abiertas-en-la-linea-del-txorierri\\\/#breadcrumblist\"},\"author\":{\"@id\":\"https:\\\/\\\/eldigitaldeasturias.com\\\/magazine365\\\/author\\\/admin\\\/#author\"},\"creator\":{\"@id\":\"https:\\\/\\\/eldigitaldeasturias.com\\\/magazine365\\\/author\\\/admin\\\/#author\"},\"image\":{\"@type\":\"ImageObject\",\"url\":\"https:\\\/\\\/eldigitaldeasturias.com\\\/magazine365\\\/wp-content\\\/uploads\\\/2016\\\/06\\\/fotonoticia_20160629180836_800.jpg\",\"@id\":\"https:\\\/\\\/eldigitaldeasturias.com\\\/magazine365\\\/euskotren-celebrara-este-sabado-una-jornada-de-puertas-abiertas-en-la-linea-del-txorierri\\\/#mainImage\",\"width\":800,\"height\":1112},\"primaryImageOfPage\":{\"@id\":\"https:\\\/\\\/eldigitaldeasturias.com\\\/magazine365\\\/euskotren-celebrara-este-sabado-una-jornada-de-puertas-abiertas-en-la-linea-del-txorierri\\\/#mainImage\"},\"datePublished\":\"2016-06-29T20:48:53+02:00\",\"dateModified\":\"2016-06-29T20:48:53+02:00\"},{\"@type\":\"WebSite\",\"@id\":\"https:\\\/\\\/eldigitaldeasturias.com\\\/magazine365\\\/#website\",\"url\":\"https:\\\/\\\/eldigitaldeasturias.com\\\/magazine365\\\/\",\"name\":\"El Digital de Asturias\",\"description\":\"Revista de ocio, turismo y estilo de vida\",\"inLanguage\":\"es-ES\",\"publisher\":{\"@id\":\"https:\\\/\\\/eldigitaldeasturias.com\\\/magazine365\\\/#organization\"}}]}\n\t\t<\/script>\n\t\t<!-- All in One SEO Pro -->\r\n\t\t<title>Euskotren celebrar\u00e1 este s\u00e1bado una jornada de puertas abiertas en la l\u00ednea del Txorierri | El Digital de Asturias<\/title>\n\n","aioseo_head_json":{"title":"Euskotren celebrar\u00e1 este s\u00e1bado una jornada de puertas abiertas en la l\u00ednea del Txorierri | El Digital de Asturias","description":"La Sociedad P\u00fablica Euskotren, perteneciente al Departamento de Medio Ambiente y Pol\u00edtica Territorial del Gobierno vasco, celebrar\u00e1 este s\u00e1bado una jornada de puertas abiertas en la L\u00ednea del Txorierri (Lutxana - Lezama). La ciudadan\u00eda y las personas usuarias del Txorierri tendr\u00e1n la oportunidad desde el inicio del servicio del s\u00e1bado, hasta las 22.00 horas, de","canonical_url":"https:\/\/eldigitaldeasturias.com\/magazine365\/euskotren-celebrara-este-sabado-una-jornada-de-puertas-abiertas-en-la-linea-del-txorierri\/","robots":"max-image-preview:large","keywords":"noticias y actualidad","webmasterTools":{"google-site-verification":"UA-38556648-1","miscellaneous":""},"schema":{"@context":"https:\/\/schema.org","@graph":[{"@type":"Article","@id":"https:\/\/eldigitaldeasturias.com\/magazine365\/euskotren-celebrara-este-sabado-una-jornada-de-puertas-abiertas-en-la-linea-del-txorierri\/#article","name":"Euskotren celebrar\u00e1 este s\u00e1bado una jornada de puertas abiertas en la l\u00ednea del Txorierri | El Digital de Asturias","headline":"Euskotren celebrar\u00e1 este s\u00e1bado una jornada de puertas abiertas en la l\u00ednea del Txorierri","author":{"@id":"https:\/\/eldigitaldeasturias.com\/magazine365\/author\/admin\/#author"},"publisher":{"@id":"https:\/\/eldigitaldeasturias.com\/magazine365\/#organization"},"image":{"@type":"ImageObject","url":"https:\/\/eldigitaldeasturias.com\/magazine365\/wp-content\/uploads\/2016\/06\/fotonoticia_20160629180836_800.jpg","width":800,"height":1112},"datePublished":"2016-06-29T20:48:53+02:00","dateModified":"2016-06-29T20:48:53+02:00","inLanguage":"es-ES","mainEntityOfPage":{"@id":"https:\/\/eldigitaldeasturias.com\/magazine365\/euskotren-celebrara-este-sabado-una-jornada-de-puertas-abiertas-en-la-linea-del-txorierri\/#webpage"},"isPartOf":{"@id":"https:\/\/eldigitaldeasturias.com\/magazine365\/euskotren-celebrara-este-sabado-una-jornada-de-puertas-abiertas-en-la-linea-del-txorierri\/#webpage"},"articleSection":"Noticias y Actualidad"},{"@type":"BreadcrumbList","@id":"https:\/\/eldigitaldeasturias.com\/magazine365\/euskotren-celebrara-este-sabado-una-jornada-de-puertas-abiertas-en-la-linea-del-txorierri\/#breadcrumblist","itemListElement":[{"@type":"ListItem","@id":"https:\/\/eldigitaldeasturias.com\/magazine365#listItem","position":1,"name":"Home","item":"https:\/\/eldigitaldeasturias.com\/magazine365","nextItem":{"@type":"ListItem","@id":"https:\/\/eldigitaldeasturias.com\/magazine365\/category\/noticias-actualidad\/#listItem","name":"Noticias y Actualidad"}},{"@type":"ListItem","@id":"https:\/\/eldigitaldeasturias.com\/magazine365\/category\/noticias-actualidad\/#listItem","position":2,"name":"Noticias y Actualidad","item":"https:\/\/eldigitaldeasturias.com\/magazine365\/category\/noticias-actualidad\/","nextItem":{"@type":"ListItem","@id":"https:\/\/eldigitaldeasturias.com\/magazine365\/euskotren-celebrara-este-sabado-una-jornada-de-puertas-abiertas-en-la-linea-del-txorierri\/#listItem","name":"Euskotren celebrar\u00e1 este s\u00e1bado una jornada de puertas abiertas en la l\u00ednea del Txorierri"},"previousItem":{"@type":"ListItem","@id":"https:\/\/eldigitaldeasturias.com\/magazine365#listItem","name":"Home"}},{"@type":"ListItem","@id":"https:\/\/eldigitaldeasturias.com\/magazine365\/euskotren-celebrara-este-sabado-una-jornada-de-puertas-abiertas-en-la-linea-del-txorierri\/#listItem","position":3,"name":"Euskotren celebrar\u00e1 este s\u00e1bado una jornada de puertas abiertas en la l\u00ednea del Txorierri","previousItem":{"@type":"ListItem","@id":"https:\/\/eldigitaldeasturias.com\/magazine365\/category\/noticias-actualidad\/#listItem","name":"Noticias y Actualidad"}}]},{"@type":"Organization","@id":"https:\/\/eldigitaldeasturias.com\/magazine365\/#organization","name":"El digital de Asturias","description":"Revista de ocio, turismo y estilo de vida","url":"https:\/\/eldigitaldeasturias.com\/magazine365\/","logo":{"@type":"ImageObject","url":"https:\/\/www.eldigitaldeasturias.com\/noticias\/wp-content\/uploads\/2020\/12\/EDA.jpg","@id":"https:\/\/eldigitaldeasturias.com\/magazine365\/euskotren-celebrara-este-sabado-una-jornada-de-puertas-abiertas-en-la-linea-del-txorierri\/#organizationLogo"},"image":{"@id":"https:\/\/eldigitaldeasturias.com\/magazine365\/euskotren-celebrara-este-sabado-una-jornada-de-puertas-abiertas-en-la-linea-del-txorierri\/#organizationLogo"}},{"@type":"Person","@id":"https:\/\/eldigitaldeasturias.com\/magazine365\/author\/admin\/#author","url":"https:\/\/eldigitaldeasturias.com\/magazine365\/author\/admin\/","name":"admin","image":{"@type":"ImageObject","@id":"https:\/\/eldigitaldeasturias.com\/magazine365\/euskotren-celebrara-este-sabado-una-jornada-de-puertas-abiertas-en-la-linea-del-txorierri\/#authorImage","url":"https:\/\/eldigitaldeasturias.com\/magazine365\/wp-content\/litespeed\/avatar\/e571bcf59a0edd6fa6838245a470f2fe.jpg?ver=1776969259","width":96,"height":96,"caption":"admin"}},{"@type":"WebPage","@id":"https:\/\/eldigitaldeasturias.com\/magazine365\/euskotren-celebrara-este-sabado-una-jornada-de-puertas-abiertas-en-la-linea-del-txorierri\/#webpage","url":"https:\/\/eldigitaldeasturias.com\/magazine365\/euskotren-celebrara-este-sabado-una-jornada-de-puertas-abiertas-en-la-linea-del-txorierri\/","name":"Euskotren celebrar\u00e1 este s\u00e1bado una jornada de puertas abiertas en la l\u00ednea del Txorierri | El Digital de Asturias","description":"La Sociedad P\u00fablica Euskotren, perteneciente al Departamento de Medio Ambiente y Pol\u00edtica Territorial del Gobierno vasco, celebrar\u00e1 este s\u00e1bado una jornada de puertas abiertas en la L\u00ednea del Txorierri (Lutxana - Lezama). La ciudadan\u00eda y las personas usuarias del Txorierri tendr\u00e1n la oportunidad desde el inicio del servicio del s\u00e1bado, hasta las 22.00 horas, de","inLanguage":"es-ES","isPartOf":{"@id":"https:\/\/eldigitaldeasturias.com\/magazine365\/#website"},"breadcrumb":{"@id":"https:\/\/eldigitaldeasturias.com\/magazine365\/euskotren-celebrara-este-sabado-una-jornada-de-puertas-abiertas-en-la-linea-del-txorierri\/#breadcrumblist"},"author":{"@id":"https:\/\/eldigitaldeasturias.com\/magazine365\/author\/admin\/#author"},"creator":{"@id":"https:\/\/eldigitaldeasturias.com\/magazine365\/author\/admin\/#author"},"image":{"@type":"ImageObject","url":"https:\/\/eldigitaldeasturias.com\/magazine365\/wp-content\/uploads\/2016\/06\/fotonoticia_20160629180836_800.jpg","@id":"https:\/\/eldigitaldeasturias.com\/magazine365\/euskotren-celebrara-este-sabado-una-jornada-de-puertas-abiertas-en-la-linea-del-txorierri\/#mainImage","width":800,"height":1112},"primaryImageOfPage":{"@id":"https:\/\/eldigitaldeasturias.com\/magazine365\/euskotren-celebrara-este-sabado-una-jornada-de-puertas-abiertas-en-la-linea-del-txorierri\/#mainImage"},"datePublished":"2016-06-29T20:48:53+02:00","dateModified":"2016-06-29T20:48:53+02:00"},{"@type":"WebSite","@id":"https:\/\/eldigitaldeasturias.com\/magazine365\/#website","url":"https:\/\/eldigitaldeasturias.com\/magazine365\/","name":"El Digital de Asturias","description":"Revista de ocio, turismo y estilo de vida","inLanguage":"es-ES","publisher":{"@id":"https:\/\/eldigitaldeasturias.com\/magazine365\/#organization"}}]},"og:locale":"es_ES","og:site_name":"El Digital de Asturias \u2013 Revista de ocio, turismo y estilo de vida","og:type":"article","og:title":"Euskotren celebrar\u00e1 este s\u00e1bado una jornada de puertas abiertas en la l\u00ednea del Txorierri | El Digital de Asturias","og:description":"La Sociedad P\u00fablica Euskotren, perteneciente al Departamento de Medio Ambiente y Pol\u00edtica Territorial del Gobierno vasco, celebrar\u00e1 este s\u00e1bado una jornada de puertas abiertas en la L\u00ednea del Txorierri (Lutxana - Lezama). La ciudadan\u00eda y las personas usuarias del Txorierri tendr\u00e1n la oportunidad desde el inicio del servicio del s\u00e1bado, hasta las 22.00 horas, de","og:url":"https:\/\/eldigitaldeasturias.com\/magazine365\/euskotren-celebrara-este-sabado-una-jornada-de-puertas-abiertas-en-la-linea-del-txorierri\/","og:image":"https:\/\/eldigitaldeasturias.com\/magazine365\/wp-content\/uploads\/2016\/06\/fotonoticia_20160629180836_800.jpg","og:image:secure_url":"https:\/\/eldigitaldeasturias.com\/magazine365\/wp-content\/uploads\/2016\/06\/fotonoticia_20160629180836_800.jpg","og:image:width":800,"og:image:height":1112,"article:published_time":"2016-06-29T18:48:53+00:00","article:modified_time":"2016-06-29T18:48:53+00:00","twitter:card":"summary_large_image","twitter:title":"Euskotren celebrar\u00e1 este s\u00e1bado una jornada de puertas abiertas en la l\u00ednea del Txorierri | El Digital de Asturias","twitter:description":"La Sociedad P\u00fablica Euskotren, perteneciente al Departamento de Medio Ambiente y Pol\u00edtica Territorial del Gobierno vasco, celebrar\u00e1 este s\u00e1bado una jornada de puertas abiertas en la L\u00ednea del Txorierri (Lutxana - Lezama). La ciudadan\u00eda y las personas usuarias del Txorierri tendr\u00e1n la oportunidad desde el inicio del servicio del s\u00e1bado, hasta las 22.00 horas, de","twitter:image":"https:\/\/eldigitaldeasturias.com\/magazine365\/wp-content\/uploads\/2016\/06\/fotonoticia_20160629180836_800.jpg"},"aioseo_meta_data":{"post_id":"81167","title":null,"description":null,"keywords":null,"keyphrases":null,"primary_term":null,"canonical_url":null,"og_title":null,"og_description":null,"og_object_type":"default","og_image_type":"default","og_image_url":null,"og_image_width":null,"og_image_height":null,"og_image_custom_url":null,"og_image_custom_fields":null,"og_video":null,"og_custom_url":null,"og_article_section":null,"og_article_tags":null,"twitter_use_og":false,"twitter_card":"default","twitter_image_type":"default","twitter_image_url":null,"twitter_image_custom_url":null,"twitter_image_custom_fields":null,"twitter_title":null,"twitter_description":null,"schema":{"blockGraphs":[],"customGraphs":[],"default":{"data":{"Article":[],"Course":[],"Dataset":[],"FAQPage":[],"Movie":[],"Person":[],"Product":[],"ProductReview":[],"Car":[],"Recipe":[],"Service":[],"SoftwareApplication":[],"WebPage":[]},"graphName":"","isEnabled":true},"graphs":[],"defaultGraph":"","defaultPostTypeGraph":""},"schema_type":null,"schema_type_options":null,"pillar_content":false,"robots_default":true,"robots_noindex":false,"robots_noarchive":false,"robots_nosnippet":false,"robots_nofollow":false,"robots_noimageindex":false,"robots_noodp":false,"robots_notranslate":false,"robots_max_snippet":null,"robots_max_videopreview":null,"robots_max_imagepreview":"large","priority":null,"frequency":null,"location":null,"local_seo":null,"seo_analyzer_scan_date":"2025-09-27 22:21:10","breadcrumb_settings":null,"limit_modified_date":false,"open_ai":null,"ai":null,"created":"2021-03-08 17:20:54","updated":"2025-09-27 22:21:10"},"aioseo_breadcrumb":"<div class=\"aioseo-breadcrumbs\"><span class=\"aioseo-breadcrumb\">\n\t<a href=\"https:\/\/eldigitaldeasturias.com\/magazine365\" title=\"Home\">Home<\/a>\n<\/span><span class=\"aioseo-breadcrumb-separator\">\u2013<\/span><span class=\"aioseo-breadcrumb\">\n\t<a href=\"https:\/\/eldigitaldeasturias.com\/magazine365\/category\/noticias-actualidad\/\" title=\"Noticias y Actualidad\">Noticias y Actualidad<\/a>\n<\/span><span class=\"aioseo-breadcrumb-separator\">\u2013<\/span><span class=\"aioseo-breadcrumb\">\n\t<a href=\"https:\/\/eldigitaldeasturias.com\/magazine365\/euskotren-celebrara-este-sabado-una-jornada-de-puertas-abiertas-en-la-linea-del-txorierri\/\" title=\"Euskotren celebrar\u00e1 este s\u00e1bado una jornada de puertas abiertas en la l\u00ednea del Txorierri\">Euskotren celebrar\u00e1 este s\u00e1bado una jornada de puertas abiertas en la l\u00ednea del Txorierri<\/a>\n<\/span><\/div>","aioseo_breadcrumb_json":[{"label":"Home","link":"https:\/\/eldigitaldeasturias.com\/magazine365"},{"label":"Noticias y Actualidad","link":"https:\/\/eldigitaldeasturias.com\/magazine365\/category\/noticias-actualidad\/"},{"label":"Euskotren celebrar\u00e1 este s\u00e1bado una jornada de puertas abiertas en la l\u00ednea del Txorierri","link":"https:\/\/eldigitaldeasturias.com\/magazine365\/euskotren-celebrara-este-sabado-una-jornada-de-puertas-abiertas-en-la-linea-del-txorierri\/"}],"_links":{"self":[{"href":"https:\/\/eldigitaldeasturias.com\/magazine365\/wp-json\/wp\/v2\/posts\/81167","targetHints":{"allow":["GET"]}}],"collection":[{"href":"https:\/\/eldigitaldeasturias.com\/magazine365\/wp-json\/wp\/v2\/posts"}],"about":[{"href":"https:\/\/eldigitaldeasturias.com\/magazine365\/wp-json\/wp\/v2\/types\/post"}],"author":[{"embeddable":true,"href":"https:\/\/eldigitaldeasturias.com\/magazine365\/wp-json\/wp\/v2\/users\/1"}],"replies":[{"embeddable":true,"href":"https:\/\/eldigitaldeasturias.com\/magazine365\/wp-json\/wp\/v2\/comments?post=81167"}],"version-history":[{"count":0,"href":"https:\/\/eldigitaldeasturias.com\/magazine365\/wp-json\/wp\/v2\/posts\/81167\/revisions"}],"wp:featuredmedia":[{"embeddable":true,"href":"https:\/\/eldigitaldeasturias.com\/magazine365\/wp-json\/wp\/v2\/media\/81168"}],"wp:attachment":[{"href":"https:\/\/eldigitaldeasturias.com\/magazine365\/wp-json\/wp\/v2\/media?parent=81167"}],"wp:term":[{"taxonomy":"category","embeddable":true,"href":"https:\/\/eldigitaldeasturias.com\/magazine365\/wp-json\/wp\/v2\/categories?post=81167"},{"taxonomy":"post_tag","embeddable":true,"href":"https:\/\/eldigitaldeasturias.com\/magazine365\/wp-json\/wp\/v2\/tags?post=81167"}],"curies":[{"name":"wp","href":"https:\/\/api.w.org\/{rel}","templated":true}]}}