{"id":81149,"date":"2016-06-29T20:43:45","date_gmt":"2016-06-29T18:43:45","guid":{"rendered":"http:\/\/eldigitaldeasturias.com\/magazine365\/?p=81149"},"modified":"2016-06-29T20:43:45","modified_gmt":"2016-06-29T18:43:45","slug":"carlos-nunez-marlango-y-the-funamviolistas-en-el-festival-de-musica-de-trujillo","status":"publish","type":"post","link":"https:\/\/eldigitaldeasturias.com\/magazine365\/carlos-nunez-marlango-y-the-funamviolistas-en-el-festival-de-musica-de-trujillo\/","title":{"rendered":"Carlos N\u00fa\u00f1ez, Marlango y The Funamviolistas, en el Festival de M\u00fasica de Trujillo"},"content":{"rendered":"<p><img fetchpriority=\"high\" decoding=\"async\" class=\"alignleft size-medium wp-image-81150\" src=\"https:\/\/eldigitaldeasturias.com\/magazine365\/wp-content\/uploads\/2016\/06\/fotonoticia_20160629163828_800-360x200.jpg\" alt=\"fotonoticia_20160629163828_800\" width=\"360\" height=\"200\" srcset=\"https:\/\/eldigitaldeasturias.com\/magazine365\/wp-content\/uploads\/2016\/06\/fotonoticia_20160629163828_800-360x200.jpg 360w, https:\/\/eldigitaldeasturias.com\/magazine365\/wp-content\/uploads\/2016\/06\/fotonoticia_20160629163828_800-650x361.jpg 650w, https:\/\/eldigitaldeasturias.com\/magazine365\/wp-content\/uploads\/2016\/06\/fotonoticia_20160629163828_800-768x426.jpg 768w, https:\/\/eldigitaldeasturias.com\/magazine365\/wp-content\/uploads\/2016\/06\/fotonoticia_20160629163828_800-150x83.jpg 150w, https:\/\/eldigitaldeasturias.com\/magazine365\/wp-content\/uploads\/2016\/06\/fotonoticia_20160629163828_800-450x250.jpg 450w, https:\/\/eldigitaldeasturias.com\/magazine365\/wp-content\/uploads\/2016\/06\/fotonoticia_20160629163828_800.jpg 800w\" sizes=\"(max-width: 360px) 100vw, 360px\" \/>El Festival Internacional de M\u00fasica Ciudad de Trujillo (C\u00e1ceres) reunir\u00e1 del 6 al 10 de julio a figuras y artistas como el saxofonista Jorge Pardo, el gaitero Carlos N\u00fa\u00f1ez, Marlango y la cantaora extreme\u00f1a Celia Romero con Ensemble Sonido Extremo y su versi\u00f3n de El Amor Brujo, de Falla.<\/p>\n<p>Tambi\u00e9n tendr\u00e1 cabida una de las compa\u00f1\u00edas con \u00abmayor \u00e9xito\u00bb de p\u00fablico y cr\u00edtica, The Funamviolistas, espect\u00e1culo que a\u00fana m\u00fasica, danza, canto, humor y teatro.<\/p>\n<p>Organizado por el Ayuntamiento de Trujillo, con la colaboraci\u00f3n de Aquanex, el certamen contar\u00e1 dos escenarios distintos, en concreto, los Jardines de La Vi\u00f1a, en el casco antiguo, y el Palacio de los Duques de San Carlos, en el coraz\u00f3n de la plaza Mayor.<\/p>\n<p>Las entradas del festival estar\u00e1n a la venta al precio \u00fanico de 10 euros por concierto. Podr\u00e1n adquirirse en la Concejal\u00eda de Cultura del Ayuntamiento de Trujillo y en la plataforma ticketea.com. Este fin de semana tambi\u00e9n se vender\u00e1n en la oficina de Turismo. Todos los espect\u00e1culos comenzar\u00e1n a las 22,00 horas, informa en nota de prensa la organizaci\u00f3n.<\/p>\n<h2 class=\"ladillo\">ACTUACIONES<\/h2>\n<p>Abrir\u00e1 el festival en los Jardines de La Vi\u00f1a Ensemble Sonido Extremo, con la cantaora extreme\u00f1a Celia Romero al frente y su \u00abexquisita\u00bb versi\u00f3n de El Amor Brujo, de Manuel de Falla.<\/p>\n<p>Para el jueves 7 de julio, el certamen se trasladar\u00e1 al Palacio de los Duques de San Carlos, donde el saxofonista Jorge Pardo interpretar\u00e1 el concierto \u00abHuellas\u00bb, que ha llevado a festivales, teatros, clubes de jazz o pe\u00f1as flamencas de los cinco continentes en m\u00e1s de 250 conciertos en los \u00faltimos tres a\u00f1os.<\/p>\n<p>Al m\u00fasico espa\u00f1ol le acompa\u00f1ar\u00e1n en el escenario Jose Carra, al piano; Pablo B\u00e1ez, al contrabajo, y Dani Dom\u00ednguez, bater\u00eda.<\/p>\n<p>Asimismo, el viernes 8 de julio llegar\u00e1 Marlango, que presentar\u00e1 en los Jardines de La Vi\u00f1a su versi\u00f3n \u00abm\u00e1s \u00edntima y cercana\u00bb con el formato a d\u00fao que tan buena acogida ha tenido con su nueva gira \u00abDelicatessen\u00bb.<\/p>\n<p>Leonor Watling es la cara m\u00e1s conocida de esta formaci\u00f3n que ha llevado a los escenarios una concepci\u00f3n de la m\u00fasica basada en un estilo \u00abinconfundible\u00bb, en el que la voz de una de las solistas y actrices con \u00abmayor personalidad\u00bb del panorama espa\u00f1ol deja su encanto entre los espectadores.<\/p>\n<p>Con el piano de Alejandro Pelayo, la otra mitad de Marlango e \u00abinseparable\u00bb de Leonor Watling, este espect\u00e1culo viene avalado por la trayectoria de un grupo que ya ha cumplido 10 a\u00f1os.<\/p>\n<p>A su vez, el s\u00e1bado 9 de julio le tocar\u00e1 el turno al gaitero Carlos N\u00fa\u00f1ez que, en los Jardines de La Vi\u00f1a, mostrar\u00e1 su universo musical que conecta la tradici\u00f3n celta de Galicia con las de Irlanda, Escocia o Breta\u00f1a.<\/p>\n<p>El cierre en el Palacio de los Duques de San Carlos el domingo 10 de julio correr\u00e1 a cargo de The Funamviolistas que, con direcci\u00f3n de Rafael Ruiz, ha sido una de las \u00absensaciones\u00bb de la temporada por su original apuesta por combinar m\u00fasica, danza, canto, humor y teatro del gesto, \u00absin necesidad del uso de la palabra\u00bb.<\/p>\n","protected":false},"excerpt":{"rendered":"<p>El Festival Internacional de M\u00fasica Ciudad de Trujillo (C\u00e1ceres) reunir\u00e1 del 6 al 10 de julio a figuras y artistas como el saxofonista Jorge Pardo, el gaitero Carlos N\u00fa\u00f1ez, Marlango y la cantaora extreme\u00f1a Celia Romero con Ensemble Sonido Extremo y su versi\u00f3n de El Amor Brujo, de Falla. Tambi\u00e9n tendr\u00e1 cabida una de las<\/p>\n","protected":false},"author":1,"featured_media":81150,"comment_status":"open","ping_status":"closed","sticky":false,"template":"","format":"standard","meta":{"footnotes":""},"categories":[224],"tags":[],"class_list":{"0":"post-81149","1":"post","2":"type-post","3":"status-publish","4":"format-standard","5":"has-post-thumbnail","7":"category-noticias-actualidad"},"aioseo_notices":[],"aioseo_head":"\n\t\t<!-- All in One SEO Pro 4.9.6.1 - aioseo.com -->\n\t<meta name=\"description\" content=\"El Festival Internacional de M\u00fasica Ciudad de Trujillo (C\u00e1ceres) reunir\u00e1 del 6 al 10 de julio a figuras y artistas como el saxofonista Jorge Pardo, el gaitero Carlos N\u00fa\u00f1ez, Marlango y la cantaora extreme\u00f1a Celia Romero con Ensemble Sonido Extremo y su versi\u00f3n de El Amor Brujo, de Falla. Tambi\u00e9n tendr\u00e1 cabida una de las\" \/>\n\t<meta name=\"robots\" content=\"max-image-preview:large\" \/>\n\t<meta name=\"author\" content=\"admin\"\/>\n\t<meta name=\"google-site-verification\" content=\"UA-38556648-1\" \/>\n\t<meta name=\"keywords\" content=\"noticias y actualidad\" \/>\n\t<link rel=\"canonical\" href=\"https:\/\/eldigitaldeasturias.com\/magazine365\/carlos-nunez-marlango-y-the-funamviolistas-en-el-festival-de-musica-de-trujillo\/\" \/>\n\t<meta name=\"generator\" content=\"All in One SEO Pro (AIOSEO) 4.9.6.1\" \/>\n\t\t<meta property=\"og:locale\" content=\"es_ES\" \/>\n\t\t<meta property=\"og:site_name\" content=\"El Digital de Asturias \u2013 Revista de ocio, turismo y estilo de vida\" \/>\n\t\t<meta property=\"og:type\" content=\"article\" \/>\n\t\t<meta property=\"og:title\" content=\"Carlos N\u00fa\u00f1ez, Marlango y The Funamviolistas, en el Festival de M\u00fasica de Trujillo | El Digital de Asturias\" \/>\n\t\t<meta property=\"og:description\" content=\"El Festival Internacional de M\u00fasica Ciudad de Trujillo (C\u00e1ceres) reunir\u00e1 del 6 al 10 de julio a figuras y artistas como el saxofonista Jorge Pardo, el gaitero Carlos N\u00fa\u00f1ez, Marlango y la cantaora extreme\u00f1a Celia Romero con Ensemble Sonido Extremo y su versi\u00f3n de El Amor Brujo, de Falla. Tambi\u00e9n tendr\u00e1 cabida una de las\" \/>\n\t\t<meta property=\"og:url\" content=\"https:\/\/eldigitaldeasturias.com\/magazine365\/carlos-nunez-marlango-y-the-funamviolistas-en-el-festival-de-musica-de-trujillo\/\" \/>\n\t\t<meta property=\"og:image\" content=\"https:\/\/eldigitaldeasturias.com\/magazine365\/wp-content\/uploads\/2016\/06\/fotonoticia_20160629163828_800.jpg\" \/>\n\t\t<meta property=\"og:image:secure_url\" content=\"https:\/\/eldigitaldeasturias.com\/magazine365\/wp-content\/uploads\/2016\/06\/fotonoticia_20160629163828_800.jpg\" \/>\n\t\t<meta property=\"og:image:width\" content=\"800\" \/>\n\t\t<meta property=\"og:image:height\" content=\"444\" \/>\n\t\t<meta property=\"article:published_time\" content=\"2016-06-29T18:43:45+00:00\" \/>\n\t\t<meta property=\"article:modified_time\" content=\"2016-06-29T18:43:45+00:00\" \/>\n\t\t<meta name=\"twitter:card\" content=\"summary_large_image\" \/>\n\t\t<meta name=\"twitter:title\" content=\"Carlos N\u00fa\u00f1ez, Marlango y The Funamviolistas, en el Festival de M\u00fasica de Trujillo | El Digital de Asturias\" \/>\n\t\t<meta name=\"twitter:description\" content=\"El Festival Internacional de M\u00fasica Ciudad de Trujillo (C\u00e1ceres) reunir\u00e1 del 6 al 10 de julio a figuras y artistas como el saxofonista Jorge Pardo, el gaitero Carlos N\u00fa\u00f1ez, Marlango y la cantaora extreme\u00f1a Celia Romero con Ensemble Sonido Extremo y su versi\u00f3n de El Amor Brujo, de Falla. Tambi\u00e9n tendr\u00e1 cabida una de las\" \/>\n\t\t<meta name=\"twitter:image\" content=\"https:\/\/eldigitaldeasturias.com\/magazine365\/wp-content\/uploads\/2016\/06\/fotonoticia_20160629163828_800.jpg\" \/>\n\t\t<script type=\"application\/ld+json\" class=\"aioseo-schema\">\n\t\t\t{\"@context\":\"https:\\\/\\\/schema.org\",\"@graph\":[{\"@type\":\"Article\",\"@id\":\"https:\\\/\\\/eldigitaldeasturias.com\\\/magazine365\\\/carlos-nunez-marlango-y-the-funamviolistas-en-el-festival-de-musica-de-trujillo\\\/#article\",\"name\":\"Carlos N\\u00fa\\u00f1ez, Marlango y The Funamviolistas, en el Festival de M\\u00fasica de Trujillo | El Digital de Asturias\",\"headline\":\"Carlos N\\u00fa\\u00f1ez, Marlango y The Funamviolistas, en el Festival de M\\u00fasica de Trujillo\",\"author\":{\"@id\":\"https:\\\/\\\/eldigitaldeasturias.com\\\/magazine365\\\/author\\\/admin\\\/#author\"},\"publisher\":{\"@id\":\"https:\\\/\\\/eldigitaldeasturias.com\\\/magazine365\\\/#organization\"},\"image\":{\"@type\":\"ImageObject\",\"url\":\"https:\\\/\\\/eldigitaldeasturias.com\\\/magazine365\\\/wp-content\\\/uploads\\\/2016\\\/06\\\/fotonoticia_20160629163828_800.jpg\",\"width\":800,\"height\":444},\"datePublished\":\"2016-06-29T20:43:45+02:00\",\"dateModified\":\"2016-06-29T20:43:45+02:00\",\"inLanguage\":\"es-ES\",\"mainEntityOfPage\":{\"@id\":\"https:\\\/\\\/eldigitaldeasturias.com\\\/magazine365\\\/carlos-nunez-marlango-y-the-funamviolistas-en-el-festival-de-musica-de-trujillo\\\/#webpage\"},\"isPartOf\":{\"@id\":\"https:\\\/\\\/eldigitaldeasturias.com\\\/magazine365\\\/carlos-nunez-marlango-y-the-funamviolistas-en-el-festival-de-musica-de-trujillo\\\/#webpage\"},\"articleSection\":\"Noticias y Actualidad\"},{\"@type\":\"BreadcrumbList\",\"@id\":\"https:\\\/\\\/eldigitaldeasturias.com\\\/magazine365\\\/carlos-nunez-marlango-y-the-funamviolistas-en-el-festival-de-musica-de-trujillo\\\/#breadcrumblist\",\"itemListElement\":[{\"@type\":\"ListItem\",\"@id\":\"https:\\\/\\\/eldigitaldeasturias.com\\\/magazine365#listItem\",\"position\":1,\"name\":\"Home\",\"item\":\"https:\\\/\\\/eldigitaldeasturias.com\\\/magazine365\",\"nextItem\":{\"@type\":\"ListItem\",\"@id\":\"https:\\\/\\\/eldigitaldeasturias.com\\\/magazine365\\\/category\\\/noticias-actualidad\\\/#listItem\",\"name\":\"Noticias y Actualidad\"}},{\"@type\":\"ListItem\",\"@id\":\"https:\\\/\\\/eldigitaldeasturias.com\\\/magazine365\\\/category\\\/noticias-actualidad\\\/#listItem\",\"position\":2,\"name\":\"Noticias y Actualidad\",\"item\":\"https:\\\/\\\/eldigitaldeasturias.com\\\/magazine365\\\/category\\\/noticias-actualidad\\\/\",\"nextItem\":{\"@type\":\"ListItem\",\"@id\":\"https:\\\/\\\/eldigitaldeasturias.com\\\/magazine365\\\/carlos-nunez-marlango-y-the-funamviolistas-en-el-festival-de-musica-de-trujillo\\\/#listItem\",\"name\":\"Carlos N\\u00fa\\u00f1ez, Marlango y The Funamviolistas, en el Festival de M\\u00fasica de Trujillo\"},\"previousItem\":{\"@type\":\"ListItem\",\"@id\":\"https:\\\/\\\/eldigitaldeasturias.com\\\/magazine365#listItem\",\"name\":\"Home\"}},{\"@type\":\"ListItem\",\"@id\":\"https:\\\/\\\/eldigitaldeasturias.com\\\/magazine365\\\/carlos-nunez-marlango-y-the-funamviolistas-en-el-festival-de-musica-de-trujillo\\\/#listItem\",\"position\":3,\"name\":\"Carlos N\\u00fa\\u00f1ez, Marlango y The Funamviolistas, en el Festival de M\\u00fasica de Trujillo\",\"previousItem\":{\"@type\":\"ListItem\",\"@id\":\"https:\\\/\\\/eldigitaldeasturias.com\\\/magazine365\\\/category\\\/noticias-actualidad\\\/#listItem\",\"name\":\"Noticias y Actualidad\"}}]},{\"@type\":\"Organization\",\"@id\":\"https:\\\/\\\/eldigitaldeasturias.com\\\/magazine365\\\/#organization\",\"name\":\"El digital de Asturias\",\"description\":\"Revista de ocio, turismo y estilo de vida\",\"url\":\"https:\\\/\\\/eldigitaldeasturias.com\\\/magazine365\\\/\",\"logo\":{\"@type\":\"ImageObject\",\"url\":\"https:\\\/\\\/www.eldigitaldeasturias.com\\\/noticias\\\/wp-content\\\/uploads\\\/2020\\\/12\\\/EDA.jpg\",\"@id\":\"https:\\\/\\\/eldigitaldeasturias.com\\\/magazine365\\\/carlos-nunez-marlango-y-the-funamviolistas-en-el-festival-de-musica-de-trujillo\\\/#organizationLogo\"},\"image\":{\"@id\":\"https:\\\/\\\/eldigitaldeasturias.com\\\/magazine365\\\/carlos-nunez-marlango-y-the-funamviolistas-en-el-festival-de-musica-de-trujillo\\\/#organizationLogo\"}},{\"@type\":\"Person\",\"@id\":\"https:\\\/\\\/eldigitaldeasturias.com\\\/magazine365\\\/author\\\/admin\\\/#author\",\"url\":\"https:\\\/\\\/eldigitaldeasturias.com\\\/magazine365\\\/author\\\/admin\\\/\",\"name\":\"admin\",\"image\":{\"@type\":\"ImageObject\",\"@id\":\"https:\\\/\\\/eldigitaldeasturias.com\\\/magazine365\\\/carlos-nunez-marlango-y-the-funamviolistas-en-el-festival-de-musica-de-trujillo\\\/#authorImage\",\"url\":\"https:\\\/\\\/eldigitaldeasturias.com\\\/magazine365\\\/wp-content\\\/litespeed\\\/avatar\\\/e571bcf59a0edd6fa6838245a470f2fe.jpg?ver=1776969259\",\"width\":96,\"height\":96,\"caption\":\"admin\"}},{\"@type\":\"WebPage\",\"@id\":\"https:\\\/\\\/eldigitaldeasturias.com\\\/magazine365\\\/carlos-nunez-marlango-y-the-funamviolistas-en-el-festival-de-musica-de-trujillo\\\/#webpage\",\"url\":\"https:\\\/\\\/eldigitaldeasturias.com\\\/magazine365\\\/carlos-nunez-marlango-y-the-funamviolistas-en-el-festival-de-musica-de-trujillo\\\/\",\"name\":\"Carlos N\\u00fa\\u00f1ez, Marlango y The Funamviolistas, en el Festival de M\\u00fasica de Trujillo | El Digital de Asturias\",\"description\":\"El Festival Internacional de M\\u00fasica Ciudad de Trujillo (C\\u00e1ceres) reunir\\u00e1 del 6 al 10 de julio a figuras y artistas como el saxofonista Jorge Pardo, el gaitero Carlos N\\u00fa\\u00f1ez, Marlango y la cantaora extreme\\u00f1a Celia Romero con Ensemble Sonido Extremo y su versi\\u00f3n de El Amor Brujo, de Falla. Tambi\\u00e9n tendr\\u00e1 cabida una de las\",\"inLanguage\":\"es-ES\",\"isPartOf\":{\"@id\":\"https:\\\/\\\/eldigitaldeasturias.com\\\/magazine365\\\/#website\"},\"breadcrumb\":{\"@id\":\"https:\\\/\\\/eldigitaldeasturias.com\\\/magazine365\\\/carlos-nunez-marlango-y-the-funamviolistas-en-el-festival-de-musica-de-trujillo\\\/#breadcrumblist\"},\"author\":{\"@id\":\"https:\\\/\\\/eldigitaldeasturias.com\\\/magazine365\\\/author\\\/admin\\\/#author\"},\"creator\":{\"@id\":\"https:\\\/\\\/eldigitaldeasturias.com\\\/magazine365\\\/author\\\/admin\\\/#author\"},\"image\":{\"@type\":\"ImageObject\",\"url\":\"https:\\\/\\\/eldigitaldeasturias.com\\\/magazine365\\\/wp-content\\\/uploads\\\/2016\\\/06\\\/fotonoticia_20160629163828_800.jpg\",\"@id\":\"https:\\\/\\\/eldigitaldeasturias.com\\\/magazine365\\\/carlos-nunez-marlango-y-the-funamviolistas-en-el-festival-de-musica-de-trujillo\\\/#mainImage\",\"width\":800,\"height\":444},\"primaryImageOfPage\":{\"@id\":\"https:\\\/\\\/eldigitaldeasturias.com\\\/magazine365\\\/carlos-nunez-marlango-y-the-funamviolistas-en-el-festival-de-musica-de-trujillo\\\/#mainImage\"},\"datePublished\":\"2016-06-29T20:43:45+02:00\",\"dateModified\":\"2016-06-29T20:43:45+02:00\"},{\"@type\":\"WebSite\",\"@id\":\"https:\\\/\\\/eldigitaldeasturias.com\\\/magazine365\\\/#website\",\"url\":\"https:\\\/\\\/eldigitaldeasturias.com\\\/magazine365\\\/\",\"name\":\"El Digital de Asturias\",\"description\":\"Revista de ocio, turismo y estilo de vida\",\"inLanguage\":\"es-ES\",\"publisher\":{\"@id\":\"https:\\\/\\\/eldigitaldeasturias.com\\\/magazine365\\\/#organization\"}}]}\n\t\t<\/script>\n\t\t<!-- All in One SEO Pro -->\r\n\t\t<title>Carlos N\u00fa\u00f1ez, Marlango y The Funamviolistas, en el Festival de M\u00fasica de Trujillo | El Digital de Asturias<\/title>\n\n","aioseo_head_json":{"title":"Carlos N\u00fa\u00f1ez, Marlango y The Funamviolistas, en el Festival de M\u00fasica de Trujillo | El Digital de Asturias","description":"El Festival Internacional de M\u00fasica Ciudad de Trujillo (C\u00e1ceres) reunir\u00e1 del 6 al 10 de julio a figuras y artistas como el saxofonista Jorge Pardo, el gaitero Carlos N\u00fa\u00f1ez, Marlango y la cantaora extreme\u00f1a Celia Romero con Ensemble Sonido Extremo y su versi\u00f3n de El Amor Brujo, de Falla. Tambi\u00e9n tendr\u00e1 cabida una de las","canonical_url":"https:\/\/eldigitaldeasturias.com\/magazine365\/carlos-nunez-marlango-y-the-funamviolistas-en-el-festival-de-musica-de-trujillo\/","robots":"max-image-preview:large","keywords":"noticias y actualidad","webmasterTools":{"google-site-verification":"UA-38556648-1","miscellaneous":""},"schema":{"@context":"https:\/\/schema.org","@graph":[{"@type":"Article","@id":"https:\/\/eldigitaldeasturias.com\/magazine365\/carlos-nunez-marlango-y-the-funamviolistas-en-el-festival-de-musica-de-trujillo\/#article","name":"Carlos N\u00fa\u00f1ez, Marlango y The Funamviolistas, en el Festival de M\u00fasica de Trujillo | El Digital de Asturias","headline":"Carlos N\u00fa\u00f1ez, Marlango y The Funamviolistas, en el Festival de M\u00fasica de Trujillo","author":{"@id":"https:\/\/eldigitaldeasturias.com\/magazine365\/author\/admin\/#author"},"publisher":{"@id":"https:\/\/eldigitaldeasturias.com\/magazine365\/#organization"},"image":{"@type":"ImageObject","url":"https:\/\/eldigitaldeasturias.com\/magazine365\/wp-content\/uploads\/2016\/06\/fotonoticia_20160629163828_800.jpg","width":800,"height":444},"datePublished":"2016-06-29T20:43:45+02:00","dateModified":"2016-06-29T20:43:45+02:00","inLanguage":"es-ES","mainEntityOfPage":{"@id":"https:\/\/eldigitaldeasturias.com\/magazine365\/carlos-nunez-marlango-y-the-funamviolistas-en-el-festival-de-musica-de-trujillo\/#webpage"},"isPartOf":{"@id":"https:\/\/eldigitaldeasturias.com\/magazine365\/carlos-nunez-marlango-y-the-funamviolistas-en-el-festival-de-musica-de-trujillo\/#webpage"},"articleSection":"Noticias y Actualidad"},{"@type":"BreadcrumbList","@id":"https:\/\/eldigitaldeasturias.com\/magazine365\/carlos-nunez-marlango-y-the-funamviolistas-en-el-festival-de-musica-de-trujillo\/#breadcrumblist","itemListElement":[{"@type":"ListItem","@id":"https:\/\/eldigitaldeasturias.com\/magazine365#listItem","position":1,"name":"Home","item":"https:\/\/eldigitaldeasturias.com\/magazine365","nextItem":{"@type":"ListItem","@id":"https:\/\/eldigitaldeasturias.com\/magazine365\/category\/noticias-actualidad\/#listItem","name":"Noticias y Actualidad"}},{"@type":"ListItem","@id":"https:\/\/eldigitaldeasturias.com\/magazine365\/category\/noticias-actualidad\/#listItem","position":2,"name":"Noticias y Actualidad","item":"https:\/\/eldigitaldeasturias.com\/magazine365\/category\/noticias-actualidad\/","nextItem":{"@type":"ListItem","@id":"https:\/\/eldigitaldeasturias.com\/magazine365\/carlos-nunez-marlango-y-the-funamviolistas-en-el-festival-de-musica-de-trujillo\/#listItem","name":"Carlos N\u00fa\u00f1ez, Marlango y The Funamviolistas, en el Festival de M\u00fasica de Trujillo"},"previousItem":{"@type":"ListItem","@id":"https:\/\/eldigitaldeasturias.com\/magazine365#listItem","name":"Home"}},{"@type":"ListItem","@id":"https:\/\/eldigitaldeasturias.com\/magazine365\/carlos-nunez-marlango-y-the-funamviolistas-en-el-festival-de-musica-de-trujillo\/#listItem","position":3,"name":"Carlos N\u00fa\u00f1ez, Marlango y The Funamviolistas, en el Festival de M\u00fasica de Trujillo","previousItem":{"@type":"ListItem","@id":"https:\/\/eldigitaldeasturias.com\/magazine365\/category\/noticias-actualidad\/#listItem","name":"Noticias y Actualidad"}}]},{"@type":"Organization","@id":"https:\/\/eldigitaldeasturias.com\/magazine365\/#organization","name":"El digital de Asturias","description":"Revista de ocio, turismo y estilo de vida","url":"https:\/\/eldigitaldeasturias.com\/magazine365\/","logo":{"@type":"ImageObject","url":"https:\/\/www.eldigitaldeasturias.com\/noticias\/wp-content\/uploads\/2020\/12\/EDA.jpg","@id":"https:\/\/eldigitaldeasturias.com\/magazine365\/carlos-nunez-marlango-y-the-funamviolistas-en-el-festival-de-musica-de-trujillo\/#organizationLogo"},"image":{"@id":"https:\/\/eldigitaldeasturias.com\/magazine365\/carlos-nunez-marlango-y-the-funamviolistas-en-el-festival-de-musica-de-trujillo\/#organizationLogo"}},{"@type":"Person","@id":"https:\/\/eldigitaldeasturias.com\/magazine365\/author\/admin\/#author","url":"https:\/\/eldigitaldeasturias.com\/magazine365\/author\/admin\/","name":"admin","image":{"@type":"ImageObject","@id":"https:\/\/eldigitaldeasturias.com\/magazine365\/carlos-nunez-marlango-y-the-funamviolistas-en-el-festival-de-musica-de-trujillo\/#authorImage","url":"https:\/\/eldigitaldeasturias.com\/magazine365\/wp-content\/litespeed\/avatar\/e571bcf59a0edd6fa6838245a470f2fe.jpg?ver=1776969259","width":96,"height":96,"caption":"admin"}},{"@type":"WebPage","@id":"https:\/\/eldigitaldeasturias.com\/magazine365\/carlos-nunez-marlango-y-the-funamviolistas-en-el-festival-de-musica-de-trujillo\/#webpage","url":"https:\/\/eldigitaldeasturias.com\/magazine365\/carlos-nunez-marlango-y-the-funamviolistas-en-el-festival-de-musica-de-trujillo\/","name":"Carlos N\u00fa\u00f1ez, Marlango y The Funamviolistas, en el Festival de M\u00fasica de Trujillo | El Digital de Asturias","description":"El Festival Internacional de M\u00fasica Ciudad de Trujillo (C\u00e1ceres) reunir\u00e1 del 6 al 10 de julio a figuras y artistas como el saxofonista Jorge Pardo, el gaitero Carlos N\u00fa\u00f1ez, Marlango y la cantaora extreme\u00f1a Celia Romero con Ensemble Sonido Extremo y su versi\u00f3n de El Amor Brujo, de Falla. Tambi\u00e9n tendr\u00e1 cabida una de las","inLanguage":"es-ES","isPartOf":{"@id":"https:\/\/eldigitaldeasturias.com\/magazine365\/#website"},"breadcrumb":{"@id":"https:\/\/eldigitaldeasturias.com\/magazine365\/carlos-nunez-marlango-y-the-funamviolistas-en-el-festival-de-musica-de-trujillo\/#breadcrumblist"},"author":{"@id":"https:\/\/eldigitaldeasturias.com\/magazine365\/author\/admin\/#author"},"creator":{"@id":"https:\/\/eldigitaldeasturias.com\/magazine365\/author\/admin\/#author"},"image":{"@type":"ImageObject","url":"https:\/\/eldigitaldeasturias.com\/magazine365\/wp-content\/uploads\/2016\/06\/fotonoticia_20160629163828_800.jpg","@id":"https:\/\/eldigitaldeasturias.com\/magazine365\/carlos-nunez-marlango-y-the-funamviolistas-en-el-festival-de-musica-de-trujillo\/#mainImage","width":800,"height":444},"primaryImageOfPage":{"@id":"https:\/\/eldigitaldeasturias.com\/magazine365\/carlos-nunez-marlango-y-the-funamviolistas-en-el-festival-de-musica-de-trujillo\/#mainImage"},"datePublished":"2016-06-29T20:43:45+02:00","dateModified":"2016-06-29T20:43:45+02:00"},{"@type":"WebSite","@id":"https:\/\/eldigitaldeasturias.com\/magazine365\/#website","url":"https:\/\/eldigitaldeasturias.com\/magazine365\/","name":"El Digital de Asturias","description":"Revista de ocio, turismo y estilo de vida","inLanguage":"es-ES","publisher":{"@id":"https:\/\/eldigitaldeasturias.com\/magazine365\/#organization"}}]},"og:locale":"es_ES","og:site_name":"El Digital de Asturias \u2013 Revista de ocio, turismo y estilo de vida","og:type":"article","og:title":"Carlos N\u00fa\u00f1ez, Marlango y The Funamviolistas, en el Festival de M\u00fasica de Trujillo | El Digital de Asturias","og:description":"El Festival Internacional de M\u00fasica Ciudad de Trujillo (C\u00e1ceres) reunir\u00e1 del 6 al 10 de julio a figuras y artistas como el saxofonista Jorge Pardo, el gaitero Carlos N\u00fa\u00f1ez, Marlango y la cantaora extreme\u00f1a Celia Romero con Ensemble Sonido Extremo y su versi\u00f3n de El Amor Brujo, de Falla. Tambi\u00e9n tendr\u00e1 cabida una de las","og:url":"https:\/\/eldigitaldeasturias.com\/magazine365\/carlos-nunez-marlango-y-the-funamviolistas-en-el-festival-de-musica-de-trujillo\/","og:image":"https:\/\/eldigitaldeasturias.com\/magazine365\/wp-content\/uploads\/2016\/06\/fotonoticia_20160629163828_800.jpg","og:image:secure_url":"https:\/\/eldigitaldeasturias.com\/magazine365\/wp-content\/uploads\/2016\/06\/fotonoticia_20160629163828_800.jpg","og:image:width":800,"og:image:height":444,"article:published_time":"2016-06-29T18:43:45+00:00","article:modified_time":"2016-06-29T18:43:45+00:00","twitter:card":"summary_large_image","twitter:title":"Carlos N\u00fa\u00f1ez, Marlango y The Funamviolistas, en el Festival de M\u00fasica de Trujillo | El Digital de Asturias","twitter:description":"El Festival Internacional de M\u00fasica Ciudad de Trujillo (C\u00e1ceres) reunir\u00e1 del 6 al 10 de julio a figuras y artistas como el saxofonista Jorge Pardo, el gaitero Carlos N\u00fa\u00f1ez, Marlango y la cantaora extreme\u00f1a Celia Romero con Ensemble Sonido Extremo y su versi\u00f3n de El Amor Brujo, de Falla. Tambi\u00e9n tendr\u00e1 cabida una de las","twitter:image":"https:\/\/eldigitaldeasturias.com\/magazine365\/wp-content\/uploads\/2016\/06\/fotonoticia_20160629163828_800.jpg"},"aioseo_meta_data":{"post_id":"81149","title":null,"description":null,"keywords":null,"keyphrases":null,"primary_term":null,"canonical_url":null,"og_title":null,"og_description":null,"og_object_type":"default","og_image_type":"default","og_image_url":null,"og_image_width":null,"og_image_height":null,"og_image_custom_url":null,"og_image_custom_fields":null,"og_video":null,"og_custom_url":null,"og_article_section":null,"og_article_tags":null,"twitter_use_og":false,"twitter_card":"default","twitter_image_type":"default","twitter_image_url":null,"twitter_image_custom_url":null,"twitter_image_custom_fields":null,"twitter_title":null,"twitter_description":null,"schema":{"blockGraphs":[],"customGraphs":[],"default":{"data":{"Article":[],"Course":[],"Dataset":[],"FAQPage":[],"Movie":[],"Person":[],"Product":[],"ProductReview":[],"Car":[],"Recipe":[],"Service":[],"SoftwareApplication":[],"WebPage":[]},"graphName":"","isEnabled":true},"graphs":[],"defaultGraph":"","defaultPostTypeGraph":""},"schema_type":null,"schema_type_options":null,"pillar_content":false,"robots_default":true,"robots_noindex":false,"robots_noarchive":false,"robots_nosnippet":false,"robots_nofollow":false,"robots_noimageindex":false,"robots_noodp":false,"robots_notranslate":false,"robots_max_snippet":null,"robots_max_videopreview":null,"robots_max_imagepreview":"large","priority":null,"frequency":null,"location":null,"local_seo":null,"seo_analyzer_scan_date":"2025-09-27 22:19:28","breadcrumb_settings":null,"limit_modified_date":false,"open_ai":null,"ai":null,"created":"2021-03-08 17:20:54","updated":"2025-09-27 22:19:28"},"aioseo_breadcrumb":"<div class=\"aioseo-breadcrumbs\"><span class=\"aioseo-breadcrumb\">\n\t<a href=\"https:\/\/eldigitaldeasturias.com\/magazine365\" title=\"Home\">Home<\/a>\n<\/span><span class=\"aioseo-breadcrumb-separator\">\u2013<\/span><span class=\"aioseo-breadcrumb\">\n\t<a href=\"https:\/\/eldigitaldeasturias.com\/magazine365\/category\/noticias-actualidad\/\" title=\"Noticias y Actualidad\">Noticias y Actualidad<\/a>\n<\/span><span class=\"aioseo-breadcrumb-separator\">\u2013<\/span><span class=\"aioseo-breadcrumb\">\n\t<a href=\"https:\/\/eldigitaldeasturias.com\/magazine365\/carlos-nunez-marlango-y-the-funamviolistas-en-el-festival-de-musica-de-trujillo\/\" title=\"Carlos N\u00fa\u00f1ez, Marlango y The Funamviolistas, en el Festival de M\u00fasica de Trujillo\">Carlos N\u00fa\u00f1ez, Marlango y The Funamviolistas, en el Festival de M\u00fasica de Trujillo<\/a>\n<\/span><\/div>","aioseo_breadcrumb_json":[{"label":"Home","link":"https:\/\/eldigitaldeasturias.com\/magazine365"},{"label":"Noticias y Actualidad","link":"https:\/\/eldigitaldeasturias.com\/magazine365\/category\/noticias-actualidad\/"},{"label":"Carlos N\u00fa\u00f1ez, Marlango y The Funamviolistas, en el Festival de M\u00fasica de Trujillo","link":"https:\/\/eldigitaldeasturias.com\/magazine365\/carlos-nunez-marlango-y-the-funamviolistas-en-el-festival-de-musica-de-trujillo\/"}],"_links":{"self":[{"href":"https:\/\/eldigitaldeasturias.com\/magazine365\/wp-json\/wp\/v2\/posts\/81149","targetHints":{"allow":["GET"]}}],"collection":[{"href":"https:\/\/eldigitaldeasturias.com\/magazine365\/wp-json\/wp\/v2\/posts"}],"about":[{"href":"https:\/\/eldigitaldeasturias.com\/magazine365\/wp-json\/wp\/v2\/types\/post"}],"author":[{"embeddable":true,"href":"https:\/\/eldigitaldeasturias.com\/magazine365\/wp-json\/wp\/v2\/users\/1"}],"replies":[{"embeddable":true,"href":"https:\/\/eldigitaldeasturias.com\/magazine365\/wp-json\/wp\/v2\/comments?post=81149"}],"version-history":[{"count":0,"href":"https:\/\/eldigitaldeasturias.com\/magazine365\/wp-json\/wp\/v2\/posts\/81149\/revisions"}],"wp:featuredmedia":[{"embeddable":true,"href":"https:\/\/eldigitaldeasturias.com\/magazine365\/wp-json\/wp\/v2\/media\/81150"}],"wp:attachment":[{"href":"https:\/\/eldigitaldeasturias.com\/magazine365\/wp-json\/wp\/v2\/media?parent=81149"}],"wp:term":[{"taxonomy":"category","embeddable":true,"href":"https:\/\/eldigitaldeasturias.com\/magazine365\/wp-json\/wp\/v2\/categories?post=81149"},{"taxonomy":"post_tag","embeddable":true,"href":"https:\/\/eldigitaldeasturias.com\/magazine365\/wp-json\/wp\/v2\/tags?post=81149"}],"curies":[{"name":"wp","href":"https:\/\/api.w.org\/{rel}","templated":true}]}}