{"id":81143,"date":"2016-06-29T20:42:05","date_gmt":"2016-06-29T18:42:05","guid":{"rendered":"http:\/\/eldigitaldeasturias.com\/magazine365\/?p=81143"},"modified":"2016-06-29T20:42:05","modified_gmt":"2016-06-29T18:42:05","slug":"los-establecimientos-tinerfenos-preven-este-verano-una-ocupacion-media-del-85","status":"publish","type":"post","link":"https:\/\/eldigitaldeasturias.com\/magazine365\/los-establecimientos-tinerfenos-preven-este-verano-una-ocupacion-media-del-85\/","title":{"rendered":"Los establecimientos tinerfe\u00f1os prev\u00e9n este verano una ocupaci\u00f3n media del 85%"},"content":{"rendered":"<p><img fetchpriority=\"high\" decoding=\"async\" class=\"alignleft size-medium wp-image-81144\" src=\"https:\/\/eldigitaldeasturias.com\/magazine365\/wp-content\/uploads\/2016\/06\/fotonoticia_20160629163454_800-360x263.jpg\" alt=\"fotonoticia_20160629163454_800\" width=\"360\" height=\"263\" srcset=\"https:\/\/eldigitaldeasturias.com\/magazine365\/wp-content\/uploads\/2016\/06\/fotonoticia_20160629163454_800-360x263.jpg 360w, https:\/\/eldigitaldeasturias.com\/magazine365\/wp-content\/uploads\/2016\/06\/fotonoticia_20160629163454_800-650x475.jpg 650w, https:\/\/eldigitaldeasturias.com\/magazine365\/wp-content\/uploads\/2016\/06\/fotonoticia_20160629163454_800-768x561.jpg 768w, https:\/\/eldigitaldeasturias.com\/magazine365\/wp-content\/uploads\/2016\/06\/fotonoticia_20160629163454_800-150x110.jpg 150w, https:\/\/eldigitaldeasturias.com\/magazine365\/wp-content\/uploads\/2016\/06\/fotonoticia_20160629163454_800-450x329.jpg 450w, https:\/\/eldigitaldeasturias.com\/magazine365\/wp-content\/uploads\/2016\/06\/fotonoticia_20160629163454_800-90x67.jpg 90w, https:\/\/eldigitaldeasturias.com\/magazine365\/wp-content\/uploads\/2016\/06\/fotonoticia_20160629163454_800.jpg 800w\" sizes=\"(max-width: 360px) 100vw, 360px\" \/>Los establecimientos hoteleros y extrahoteleros de la isla de Tenerife tienen previsto alcanzar una ocupaci\u00f3n media del 85% este verano, lo que supone una subida de dos puntos respecto al 83% registrado en el mismo periodo de 2015, seg\u00fan la encuesta de ocupaci\u00f3n que realiza Ashotel entre m\u00e1s de 100.000 camas.<\/p>\n<p>Por islas y zonas, los hoteles del sur de Tenerife son los que alcanzan el mayor \u00edndice de ocupaci\u00f3n en los meses de julio y agosto, con un 90%, frente al 87% del a\u00f1o anterior.<\/p>\n<p>No obstante, con respecto a los hoteles del norte de la isla est\u00e1 previsto alcanzar un 70% de su capacidad alojativa durante la temporada de verano, lo que significa un aumento de dos puntos con respecto a 2015, sin tener en cuenta las reservas de \u00faltima hora.<\/p>\n<p>En la zona metropolitana, la estimaci\u00f3n es de un 61%, dato que indica que la ocupaci\u00f3n disminuye cuatro puntos con respecto al 65% del a\u00f1o anterior.<\/p>\n<p>La Palma prev\u00e9 alcanzar el 89% frente al 78% de 2015, un aumento de once puntos. La Gomera, por su parte, tiene previsto llegar al 80% de ocupaci\u00f3n, porcentaje similar al mismo periodo del a\u00f1o anterior.<\/p>\n<p>Por \u00faltimo, la isla de El Hierro prev\u00e9 tambi\u00e9n unos \u00edndices de ocupaci\u00f3n media en torno al 80%. Para 2017 la isla prev\u00e9 superar esta cifra durante la primera semana de julio, debido a la celebraci\u00f3n de su Bajada de la Virgen, que se celebra cada cuatro a\u00f1os. De hecho, muchos establecimientos han puesto ya el cartel de completo.<\/p>\n<p>El buen momento que vive el turismo en Canarias se muestra una vez m\u00e1s en las buenas cifras de ocupaci\u00f3n, un momento que Ashotel considera oportuno para mantener renovados los establecimientos obsoletos y crecer en competitividad de los negocios hoteleros.<\/p>\n","protected":false},"excerpt":{"rendered":"<p>Los establecimientos hoteleros y extrahoteleros de la isla de Tenerife tienen previsto alcanzar una ocupaci\u00f3n media del 85% este verano, lo que supone una subida de dos puntos respecto al 83% registrado en el mismo periodo de 2015, seg\u00fan la encuesta de ocupaci\u00f3n que realiza Ashotel entre m\u00e1s de 100.000 camas. Por islas y zonas,<\/p>\n","protected":false},"author":1,"featured_media":81144,"comment_status":"open","ping_status":"closed","sticky":false,"template":"","format":"standard","meta":{"footnotes":""},"categories":[224],"tags":[],"class_list":{"0":"post-81143","1":"post","2":"type-post","3":"status-publish","4":"format-standard","5":"has-post-thumbnail","7":"category-noticias-actualidad"},"aioseo_notices":[],"aioseo_head":"\n\t\t<!-- All in One SEO Pro 4.9.6.1 - aioseo.com -->\n\t<meta name=\"description\" content=\"Los establecimientos hoteleros y extrahoteleros de la isla de Tenerife tienen previsto alcanzar una ocupaci\u00f3n media del 85% este verano, lo que supone una subida de dos puntos respecto al 83% registrado en el mismo periodo de 2015, seg\u00fan la encuesta de ocupaci\u00f3n que realiza Ashotel entre m\u00e1s de 100.000 camas. Por islas y zonas,\" \/>\n\t<meta name=\"robots\" content=\"max-image-preview:large\" \/>\n\t<meta name=\"author\" content=\"admin\"\/>\n\t<meta name=\"google-site-verification\" content=\"UA-38556648-1\" \/>\n\t<meta name=\"keywords\" content=\"noticias y actualidad\" \/>\n\t<link rel=\"canonical\" href=\"https:\/\/eldigitaldeasturias.com\/magazine365\/los-establecimientos-tinerfenos-preven-este-verano-una-ocupacion-media-del-85\/\" \/>\n\t<meta name=\"generator\" content=\"All in One SEO Pro (AIOSEO) 4.9.6.1\" \/>\n\t\t<meta property=\"og:locale\" content=\"es_ES\" \/>\n\t\t<meta property=\"og:site_name\" content=\"El Digital de Asturias \u2013 Revista de ocio, turismo y estilo de vida\" \/>\n\t\t<meta property=\"og:type\" content=\"article\" \/>\n\t\t<meta property=\"og:title\" content=\"Los establecimientos tinerfe\u00f1os prev\u00e9n este verano una ocupaci\u00f3n media del 85% | El Digital de Asturias\" \/>\n\t\t<meta property=\"og:description\" content=\"Los establecimientos hoteleros y extrahoteleros de la isla de Tenerife tienen previsto alcanzar una ocupaci\u00f3n media del 85% este verano, lo que supone una subida de dos puntos respecto al 83% registrado en el mismo periodo de 2015, seg\u00fan la encuesta de ocupaci\u00f3n que realiza Ashotel entre m\u00e1s de 100.000 camas. Por islas y zonas,\" \/>\n\t\t<meta property=\"og:url\" content=\"https:\/\/eldigitaldeasturias.com\/magazine365\/los-establecimientos-tinerfenos-preven-este-verano-una-ocupacion-media-del-85\/\" \/>\n\t\t<meta property=\"og:image\" content=\"https:\/\/eldigitaldeasturias.com\/magazine365\/wp-content\/uploads\/2016\/06\/fotonoticia_20160629163454_800.jpg\" \/>\n\t\t<meta property=\"og:image:secure_url\" content=\"https:\/\/eldigitaldeasturias.com\/magazine365\/wp-content\/uploads\/2016\/06\/fotonoticia_20160629163454_800.jpg\" \/>\n\t\t<meta property=\"og:image:width\" content=\"800\" \/>\n\t\t<meta property=\"og:image:height\" content=\"584\" \/>\n\t\t<meta property=\"article:published_time\" content=\"2016-06-29T18:42:05+00:00\" \/>\n\t\t<meta property=\"article:modified_time\" content=\"2016-06-29T18:42:05+00:00\" \/>\n\t\t<meta name=\"twitter:card\" content=\"summary_large_image\" \/>\n\t\t<meta name=\"twitter:title\" content=\"Los establecimientos tinerfe\u00f1os prev\u00e9n este verano una ocupaci\u00f3n media del 85% | El Digital de Asturias\" \/>\n\t\t<meta name=\"twitter:description\" content=\"Los establecimientos hoteleros y extrahoteleros de la isla de Tenerife tienen previsto alcanzar una ocupaci\u00f3n media del 85% este verano, lo que supone una subida de dos puntos respecto al 83% registrado en el mismo periodo de 2015, seg\u00fan la encuesta de ocupaci\u00f3n que realiza Ashotel entre m\u00e1s de 100.000 camas. Por islas y zonas,\" \/>\n\t\t<meta name=\"twitter:image\" content=\"https:\/\/eldigitaldeasturias.com\/magazine365\/wp-content\/uploads\/2016\/06\/fotonoticia_20160629163454_800.jpg\" \/>\n\t\t<script type=\"application\/ld+json\" class=\"aioseo-schema\">\n\t\t\t{\"@context\":\"https:\\\/\\\/schema.org\",\"@graph\":[{\"@type\":\"Article\",\"@id\":\"https:\\\/\\\/eldigitaldeasturias.com\\\/magazine365\\\/los-establecimientos-tinerfenos-preven-este-verano-una-ocupacion-media-del-85\\\/#article\",\"name\":\"Los establecimientos tinerfe\\u00f1os prev\\u00e9n este verano una ocupaci\\u00f3n media del 85% | El Digital de Asturias\",\"headline\":\"Los establecimientos tinerfe\\u00f1os prev\\u00e9n este verano una ocupaci\\u00f3n media del 85%\",\"author\":{\"@id\":\"https:\\\/\\\/eldigitaldeasturias.com\\\/magazine365\\\/author\\\/admin\\\/#author\"},\"publisher\":{\"@id\":\"https:\\\/\\\/eldigitaldeasturias.com\\\/magazine365\\\/#organization\"},\"image\":{\"@type\":\"ImageObject\",\"url\":\"https:\\\/\\\/eldigitaldeasturias.com\\\/magazine365\\\/wp-content\\\/uploads\\\/2016\\\/06\\\/fotonoticia_20160629163454_800.jpg\",\"width\":800,\"height\":584},\"datePublished\":\"2016-06-29T20:42:05+02:00\",\"dateModified\":\"2016-06-29T20:42:05+02:00\",\"inLanguage\":\"es-ES\",\"mainEntityOfPage\":{\"@id\":\"https:\\\/\\\/eldigitaldeasturias.com\\\/magazine365\\\/los-establecimientos-tinerfenos-preven-este-verano-una-ocupacion-media-del-85\\\/#webpage\"},\"isPartOf\":{\"@id\":\"https:\\\/\\\/eldigitaldeasturias.com\\\/magazine365\\\/los-establecimientos-tinerfenos-preven-este-verano-una-ocupacion-media-del-85\\\/#webpage\"},\"articleSection\":\"Noticias y Actualidad\"},{\"@type\":\"BreadcrumbList\",\"@id\":\"https:\\\/\\\/eldigitaldeasturias.com\\\/magazine365\\\/los-establecimientos-tinerfenos-preven-este-verano-una-ocupacion-media-del-85\\\/#breadcrumblist\",\"itemListElement\":[{\"@type\":\"ListItem\",\"@id\":\"https:\\\/\\\/eldigitaldeasturias.com\\\/magazine365#listItem\",\"position\":1,\"name\":\"Home\",\"item\":\"https:\\\/\\\/eldigitaldeasturias.com\\\/magazine365\",\"nextItem\":{\"@type\":\"ListItem\",\"@id\":\"https:\\\/\\\/eldigitaldeasturias.com\\\/magazine365\\\/category\\\/noticias-actualidad\\\/#listItem\",\"name\":\"Noticias y Actualidad\"}},{\"@type\":\"ListItem\",\"@id\":\"https:\\\/\\\/eldigitaldeasturias.com\\\/magazine365\\\/category\\\/noticias-actualidad\\\/#listItem\",\"position\":2,\"name\":\"Noticias y Actualidad\",\"item\":\"https:\\\/\\\/eldigitaldeasturias.com\\\/magazine365\\\/category\\\/noticias-actualidad\\\/\",\"nextItem\":{\"@type\":\"ListItem\",\"@id\":\"https:\\\/\\\/eldigitaldeasturias.com\\\/magazine365\\\/los-establecimientos-tinerfenos-preven-este-verano-una-ocupacion-media-del-85\\\/#listItem\",\"name\":\"Los establecimientos tinerfe\\u00f1os prev\\u00e9n este verano una ocupaci\\u00f3n media del 85%\"},\"previousItem\":{\"@type\":\"ListItem\",\"@id\":\"https:\\\/\\\/eldigitaldeasturias.com\\\/magazine365#listItem\",\"name\":\"Home\"}},{\"@type\":\"ListItem\",\"@id\":\"https:\\\/\\\/eldigitaldeasturias.com\\\/magazine365\\\/los-establecimientos-tinerfenos-preven-este-verano-una-ocupacion-media-del-85\\\/#listItem\",\"position\":3,\"name\":\"Los establecimientos tinerfe\\u00f1os prev\\u00e9n este verano una ocupaci\\u00f3n media del 85%\",\"previousItem\":{\"@type\":\"ListItem\",\"@id\":\"https:\\\/\\\/eldigitaldeasturias.com\\\/magazine365\\\/category\\\/noticias-actualidad\\\/#listItem\",\"name\":\"Noticias y Actualidad\"}}]},{\"@type\":\"Organization\",\"@id\":\"https:\\\/\\\/eldigitaldeasturias.com\\\/magazine365\\\/#organization\",\"name\":\"El digital de Asturias\",\"description\":\"Revista de ocio, turismo y estilo de vida\",\"url\":\"https:\\\/\\\/eldigitaldeasturias.com\\\/magazine365\\\/\",\"logo\":{\"@type\":\"ImageObject\",\"url\":\"https:\\\/\\\/www.eldigitaldeasturias.com\\\/noticias\\\/wp-content\\\/uploads\\\/2020\\\/12\\\/EDA.jpg\",\"@id\":\"https:\\\/\\\/eldigitaldeasturias.com\\\/magazine365\\\/los-establecimientos-tinerfenos-preven-este-verano-una-ocupacion-media-del-85\\\/#organizationLogo\"},\"image\":{\"@id\":\"https:\\\/\\\/eldigitaldeasturias.com\\\/magazine365\\\/los-establecimientos-tinerfenos-preven-este-verano-una-ocupacion-media-del-85\\\/#organizationLogo\"}},{\"@type\":\"Person\",\"@id\":\"https:\\\/\\\/eldigitaldeasturias.com\\\/magazine365\\\/author\\\/admin\\\/#author\",\"url\":\"https:\\\/\\\/eldigitaldeasturias.com\\\/magazine365\\\/author\\\/admin\\\/\",\"name\":\"admin\",\"image\":{\"@type\":\"ImageObject\",\"@id\":\"https:\\\/\\\/eldigitaldeasturias.com\\\/magazine365\\\/los-establecimientos-tinerfenos-preven-este-verano-una-ocupacion-media-del-85\\\/#authorImage\",\"url\":\"https:\\\/\\\/eldigitaldeasturias.com\\\/magazine365\\\/wp-content\\\/litespeed\\\/avatar\\\/e571bcf59a0edd6fa6838245a470f2fe.jpg?ver=1776969259\",\"width\":96,\"height\":96,\"caption\":\"admin\"}},{\"@type\":\"WebPage\",\"@id\":\"https:\\\/\\\/eldigitaldeasturias.com\\\/magazine365\\\/los-establecimientos-tinerfenos-preven-este-verano-una-ocupacion-media-del-85\\\/#webpage\",\"url\":\"https:\\\/\\\/eldigitaldeasturias.com\\\/magazine365\\\/los-establecimientos-tinerfenos-preven-este-verano-una-ocupacion-media-del-85\\\/\",\"name\":\"Los establecimientos tinerfe\\u00f1os prev\\u00e9n este verano una ocupaci\\u00f3n media del 85% | El Digital de Asturias\",\"description\":\"Los establecimientos hoteleros y extrahoteleros de la isla de Tenerife tienen previsto alcanzar una ocupaci\\u00f3n media del 85% este verano, lo que supone una subida de dos puntos respecto al 83% registrado en el mismo periodo de 2015, seg\\u00fan la encuesta de ocupaci\\u00f3n que realiza Ashotel entre m\\u00e1s de 100.000 camas. Por islas y zonas,\",\"inLanguage\":\"es-ES\",\"isPartOf\":{\"@id\":\"https:\\\/\\\/eldigitaldeasturias.com\\\/magazine365\\\/#website\"},\"breadcrumb\":{\"@id\":\"https:\\\/\\\/eldigitaldeasturias.com\\\/magazine365\\\/los-establecimientos-tinerfenos-preven-este-verano-una-ocupacion-media-del-85\\\/#breadcrumblist\"},\"author\":{\"@id\":\"https:\\\/\\\/eldigitaldeasturias.com\\\/magazine365\\\/author\\\/admin\\\/#author\"},\"creator\":{\"@id\":\"https:\\\/\\\/eldigitaldeasturias.com\\\/magazine365\\\/author\\\/admin\\\/#author\"},\"image\":{\"@type\":\"ImageObject\",\"url\":\"https:\\\/\\\/eldigitaldeasturias.com\\\/magazine365\\\/wp-content\\\/uploads\\\/2016\\\/06\\\/fotonoticia_20160629163454_800.jpg\",\"@id\":\"https:\\\/\\\/eldigitaldeasturias.com\\\/magazine365\\\/los-establecimientos-tinerfenos-preven-este-verano-una-ocupacion-media-del-85\\\/#mainImage\",\"width\":800,\"height\":584},\"primaryImageOfPage\":{\"@id\":\"https:\\\/\\\/eldigitaldeasturias.com\\\/magazine365\\\/los-establecimientos-tinerfenos-preven-este-verano-una-ocupacion-media-del-85\\\/#mainImage\"},\"datePublished\":\"2016-06-29T20:42:05+02:00\",\"dateModified\":\"2016-06-29T20:42:05+02:00\"},{\"@type\":\"WebSite\",\"@id\":\"https:\\\/\\\/eldigitaldeasturias.com\\\/magazine365\\\/#website\",\"url\":\"https:\\\/\\\/eldigitaldeasturias.com\\\/magazine365\\\/\",\"name\":\"El Digital de Asturias\",\"description\":\"Revista de ocio, turismo y estilo de vida\",\"inLanguage\":\"es-ES\",\"publisher\":{\"@id\":\"https:\\\/\\\/eldigitaldeasturias.com\\\/magazine365\\\/#organization\"}}]}\n\t\t<\/script>\n\t\t<!-- All in One SEO Pro -->\r\n\t\t<title>Los establecimientos tinerfe\u00f1os prev\u00e9n este verano una ocupaci\u00f3n media del 85% | El Digital de Asturias<\/title>\n\n","aioseo_head_json":{"title":"Los establecimientos tinerfe\u00f1os prev\u00e9n este verano una ocupaci\u00f3n media del 85% | El Digital de Asturias","description":"Los establecimientos hoteleros y extrahoteleros de la isla de Tenerife tienen previsto alcanzar una ocupaci\u00f3n media del 85% este verano, lo que supone una subida de dos puntos respecto al 83% registrado en el mismo periodo de 2015, seg\u00fan la encuesta de ocupaci\u00f3n que realiza Ashotel entre m\u00e1s de 100.000 camas. Por islas y zonas,","canonical_url":"https:\/\/eldigitaldeasturias.com\/magazine365\/los-establecimientos-tinerfenos-preven-este-verano-una-ocupacion-media-del-85\/","robots":"max-image-preview:large","keywords":"noticias y actualidad","webmasterTools":{"google-site-verification":"UA-38556648-1","miscellaneous":""},"schema":{"@context":"https:\/\/schema.org","@graph":[{"@type":"Article","@id":"https:\/\/eldigitaldeasturias.com\/magazine365\/los-establecimientos-tinerfenos-preven-este-verano-una-ocupacion-media-del-85\/#article","name":"Los establecimientos tinerfe\u00f1os prev\u00e9n este verano una ocupaci\u00f3n media del 85% | El Digital de Asturias","headline":"Los establecimientos tinerfe\u00f1os prev\u00e9n este verano una ocupaci\u00f3n media del 85%","author":{"@id":"https:\/\/eldigitaldeasturias.com\/magazine365\/author\/admin\/#author"},"publisher":{"@id":"https:\/\/eldigitaldeasturias.com\/magazine365\/#organization"},"image":{"@type":"ImageObject","url":"https:\/\/eldigitaldeasturias.com\/magazine365\/wp-content\/uploads\/2016\/06\/fotonoticia_20160629163454_800.jpg","width":800,"height":584},"datePublished":"2016-06-29T20:42:05+02:00","dateModified":"2016-06-29T20:42:05+02:00","inLanguage":"es-ES","mainEntityOfPage":{"@id":"https:\/\/eldigitaldeasturias.com\/magazine365\/los-establecimientos-tinerfenos-preven-este-verano-una-ocupacion-media-del-85\/#webpage"},"isPartOf":{"@id":"https:\/\/eldigitaldeasturias.com\/magazine365\/los-establecimientos-tinerfenos-preven-este-verano-una-ocupacion-media-del-85\/#webpage"},"articleSection":"Noticias y Actualidad"},{"@type":"BreadcrumbList","@id":"https:\/\/eldigitaldeasturias.com\/magazine365\/los-establecimientos-tinerfenos-preven-este-verano-una-ocupacion-media-del-85\/#breadcrumblist","itemListElement":[{"@type":"ListItem","@id":"https:\/\/eldigitaldeasturias.com\/magazine365#listItem","position":1,"name":"Home","item":"https:\/\/eldigitaldeasturias.com\/magazine365","nextItem":{"@type":"ListItem","@id":"https:\/\/eldigitaldeasturias.com\/magazine365\/category\/noticias-actualidad\/#listItem","name":"Noticias y Actualidad"}},{"@type":"ListItem","@id":"https:\/\/eldigitaldeasturias.com\/magazine365\/category\/noticias-actualidad\/#listItem","position":2,"name":"Noticias y Actualidad","item":"https:\/\/eldigitaldeasturias.com\/magazine365\/category\/noticias-actualidad\/","nextItem":{"@type":"ListItem","@id":"https:\/\/eldigitaldeasturias.com\/magazine365\/los-establecimientos-tinerfenos-preven-este-verano-una-ocupacion-media-del-85\/#listItem","name":"Los establecimientos tinerfe\u00f1os prev\u00e9n este verano una ocupaci\u00f3n media del 85%"},"previousItem":{"@type":"ListItem","@id":"https:\/\/eldigitaldeasturias.com\/magazine365#listItem","name":"Home"}},{"@type":"ListItem","@id":"https:\/\/eldigitaldeasturias.com\/magazine365\/los-establecimientos-tinerfenos-preven-este-verano-una-ocupacion-media-del-85\/#listItem","position":3,"name":"Los establecimientos tinerfe\u00f1os prev\u00e9n este verano una ocupaci\u00f3n media del 85%","previousItem":{"@type":"ListItem","@id":"https:\/\/eldigitaldeasturias.com\/magazine365\/category\/noticias-actualidad\/#listItem","name":"Noticias y Actualidad"}}]},{"@type":"Organization","@id":"https:\/\/eldigitaldeasturias.com\/magazine365\/#organization","name":"El digital de Asturias","description":"Revista de ocio, turismo y estilo de vida","url":"https:\/\/eldigitaldeasturias.com\/magazine365\/","logo":{"@type":"ImageObject","url":"https:\/\/www.eldigitaldeasturias.com\/noticias\/wp-content\/uploads\/2020\/12\/EDA.jpg","@id":"https:\/\/eldigitaldeasturias.com\/magazine365\/los-establecimientos-tinerfenos-preven-este-verano-una-ocupacion-media-del-85\/#organizationLogo"},"image":{"@id":"https:\/\/eldigitaldeasturias.com\/magazine365\/los-establecimientos-tinerfenos-preven-este-verano-una-ocupacion-media-del-85\/#organizationLogo"}},{"@type":"Person","@id":"https:\/\/eldigitaldeasturias.com\/magazine365\/author\/admin\/#author","url":"https:\/\/eldigitaldeasturias.com\/magazine365\/author\/admin\/","name":"admin","image":{"@type":"ImageObject","@id":"https:\/\/eldigitaldeasturias.com\/magazine365\/los-establecimientos-tinerfenos-preven-este-verano-una-ocupacion-media-del-85\/#authorImage","url":"https:\/\/eldigitaldeasturias.com\/magazine365\/wp-content\/litespeed\/avatar\/e571bcf59a0edd6fa6838245a470f2fe.jpg?ver=1776969259","width":96,"height":96,"caption":"admin"}},{"@type":"WebPage","@id":"https:\/\/eldigitaldeasturias.com\/magazine365\/los-establecimientos-tinerfenos-preven-este-verano-una-ocupacion-media-del-85\/#webpage","url":"https:\/\/eldigitaldeasturias.com\/magazine365\/los-establecimientos-tinerfenos-preven-este-verano-una-ocupacion-media-del-85\/","name":"Los establecimientos tinerfe\u00f1os prev\u00e9n este verano una ocupaci\u00f3n media del 85% | El Digital de Asturias","description":"Los establecimientos hoteleros y extrahoteleros de la isla de Tenerife tienen previsto alcanzar una ocupaci\u00f3n media del 85% este verano, lo que supone una subida de dos puntos respecto al 83% registrado en el mismo periodo de 2015, seg\u00fan la encuesta de ocupaci\u00f3n que realiza Ashotel entre m\u00e1s de 100.000 camas. Por islas y zonas,","inLanguage":"es-ES","isPartOf":{"@id":"https:\/\/eldigitaldeasturias.com\/magazine365\/#website"},"breadcrumb":{"@id":"https:\/\/eldigitaldeasturias.com\/magazine365\/los-establecimientos-tinerfenos-preven-este-verano-una-ocupacion-media-del-85\/#breadcrumblist"},"author":{"@id":"https:\/\/eldigitaldeasturias.com\/magazine365\/author\/admin\/#author"},"creator":{"@id":"https:\/\/eldigitaldeasturias.com\/magazine365\/author\/admin\/#author"},"image":{"@type":"ImageObject","url":"https:\/\/eldigitaldeasturias.com\/magazine365\/wp-content\/uploads\/2016\/06\/fotonoticia_20160629163454_800.jpg","@id":"https:\/\/eldigitaldeasturias.com\/magazine365\/los-establecimientos-tinerfenos-preven-este-verano-una-ocupacion-media-del-85\/#mainImage","width":800,"height":584},"primaryImageOfPage":{"@id":"https:\/\/eldigitaldeasturias.com\/magazine365\/los-establecimientos-tinerfenos-preven-este-verano-una-ocupacion-media-del-85\/#mainImage"},"datePublished":"2016-06-29T20:42:05+02:00","dateModified":"2016-06-29T20:42:05+02:00"},{"@type":"WebSite","@id":"https:\/\/eldigitaldeasturias.com\/magazine365\/#website","url":"https:\/\/eldigitaldeasturias.com\/magazine365\/","name":"El Digital de Asturias","description":"Revista de ocio, turismo y estilo de vida","inLanguage":"es-ES","publisher":{"@id":"https:\/\/eldigitaldeasturias.com\/magazine365\/#organization"}}]},"og:locale":"es_ES","og:site_name":"El Digital de Asturias \u2013 Revista de ocio, turismo y estilo de vida","og:type":"article","og:title":"Los establecimientos tinerfe\u00f1os prev\u00e9n este verano una ocupaci\u00f3n media del 85% | El Digital de Asturias","og:description":"Los establecimientos hoteleros y extrahoteleros de la isla de Tenerife tienen previsto alcanzar una ocupaci\u00f3n media del 85% este verano, lo que supone una subida de dos puntos respecto al 83% registrado en el mismo periodo de 2015, seg\u00fan la encuesta de ocupaci\u00f3n que realiza Ashotel entre m\u00e1s de 100.000 camas. Por islas y zonas,","og:url":"https:\/\/eldigitaldeasturias.com\/magazine365\/los-establecimientos-tinerfenos-preven-este-verano-una-ocupacion-media-del-85\/","og:image":"https:\/\/eldigitaldeasturias.com\/magazine365\/wp-content\/uploads\/2016\/06\/fotonoticia_20160629163454_800.jpg","og:image:secure_url":"https:\/\/eldigitaldeasturias.com\/magazine365\/wp-content\/uploads\/2016\/06\/fotonoticia_20160629163454_800.jpg","og:image:width":800,"og:image:height":584,"article:published_time":"2016-06-29T18:42:05+00:00","article:modified_time":"2016-06-29T18:42:05+00:00","twitter:card":"summary_large_image","twitter:title":"Los establecimientos tinerfe\u00f1os prev\u00e9n este verano una ocupaci\u00f3n media del 85% | El Digital de Asturias","twitter:description":"Los establecimientos hoteleros y extrahoteleros de la isla de Tenerife tienen previsto alcanzar una ocupaci\u00f3n media del 85% este verano, lo que supone una subida de dos puntos respecto al 83% registrado en el mismo periodo de 2015, seg\u00fan la encuesta de ocupaci\u00f3n que realiza Ashotel entre m\u00e1s de 100.000 camas. Por islas y zonas,","twitter:image":"https:\/\/eldigitaldeasturias.com\/magazine365\/wp-content\/uploads\/2016\/06\/fotonoticia_20160629163454_800.jpg"},"aioseo_meta_data":{"post_id":"81143","title":null,"description":null,"keywords":null,"keyphrases":null,"primary_term":null,"canonical_url":null,"og_title":null,"og_description":null,"og_object_type":"default","og_image_type":"default","og_image_url":null,"og_image_width":null,"og_image_height":null,"og_image_custom_url":null,"og_image_custom_fields":null,"og_video":null,"og_custom_url":null,"og_article_section":null,"og_article_tags":null,"twitter_use_og":false,"twitter_card":"default","twitter_image_type":"default","twitter_image_url":null,"twitter_image_custom_url":null,"twitter_image_custom_fields":null,"twitter_title":null,"twitter_description":null,"schema":{"blockGraphs":[],"customGraphs":[],"default":{"data":{"Article":[],"Course":[],"Dataset":[],"FAQPage":[],"Movie":[],"Person":[],"Product":[],"ProductReview":[],"Car":[],"Recipe":[],"Service":[],"SoftwareApplication":[],"WebPage":[]},"graphName":"","isEnabled":true},"graphs":[],"defaultGraph":"","defaultPostTypeGraph":""},"schema_type":null,"schema_type_options":null,"pillar_content":false,"robots_default":true,"robots_noindex":false,"robots_noarchive":false,"robots_nosnippet":false,"robots_nofollow":false,"robots_noimageindex":false,"robots_noodp":false,"robots_notranslate":false,"robots_max_snippet":null,"robots_max_videopreview":null,"robots_max_imagepreview":"large","priority":null,"frequency":null,"location":null,"local_seo":null,"seo_analyzer_scan_date":"2025-09-27 22:19:26","breadcrumb_settings":null,"limit_modified_date":false,"open_ai":null,"ai":null,"created":"2021-03-08 17:21:45","updated":"2025-09-27 22:19:26"},"aioseo_breadcrumb":"<div class=\"aioseo-breadcrumbs\"><span class=\"aioseo-breadcrumb\">\n\t<a href=\"https:\/\/eldigitaldeasturias.com\/magazine365\" title=\"Home\">Home<\/a>\n<\/span><span class=\"aioseo-breadcrumb-separator\">\u2013<\/span><span class=\"aioseo-breadcrumb\">\n\t<a href=\"https:\/\/eldigitaldeasturias.com\/magazine365\/category\/noticias-actualidad\/\" title=\"Noticias y Actualidad\">Noticias y Actualidad<\/a>\n<\/span><span class=\"aioseo-breadcrumb-separator\">\u2013<\/span><span class=\"aioseo-breadcrumb\">\n\t<a href=\"https:\/\/eldigitaldeasturias.com\/magazine365\/los-establecimientos-tinerfenos-preven-este-verano-una-ocupacion-media-del-85\/\" title=\"Los establecimientos tinerfe\u00f1os prev\u00e9n este verano una ocupaci\u00f3n media del 85%\">Los establecimientos tinerfe\u00f1os prev\u00e9n este verano una ocupaci\u00f3n media del 85%<\/a>\n<\/span><\/div>","aioseo_breadcrumb_json":[{"label":"Home","link":"https:\/\/eldigitaldeasturias.com\/magazine365"},{"label":"Noticias y Actualidad","link":"https:\/\/eldigitaldeasturias.com\/magazine365\/category\/noticias-actualidad\/"},{"label":"Los establecimientos tinerfe\u00f1os prev\u00e9n este verano una ocupaci\u00f3n media del 85%","link":"https:\/\/eldigitaldeasturias.com\/magazine365\/los-establecimientos-tinerfenos-preven-este-verano-una-ocupacion-media-del-85\/"}],"_links":{"self":[{"href":"https:\/\/eldigitaldeasturias.com\/magazine365\/wp-json\/wp\/v2\/posts\/81143","targetHints":{"allow":["GET"]}}],"collection":[{"href":"https:\/\/eldigitaldeasturias.com\/magazine365\/wp-json\/wp\/v2\/posts"}],"about":[{"href":"https:\/\/eldigitaldeasturias.com\/magazine365\/wp-json\/wp\/v2\/types\/post"}],"author":[{"embeddable":true,"href":"https:\/\/eldigitaldeasturias.com\/magazine365\/wp-json\/wp\/v2\/users\/1"}],"replies":[{"embeddable":true,"href":"https:\/\/eldigitaldeasturias.com\/magazine365\/wp-json\/wp\/v2\/comments?post=81143"}],"version-history":[{"count":0,"href":"https:\/\/eldigitaldeasturias.com\/magazine365\/wp-json\/wp\/v2\/posts\/81143\/revisions"}],"wp:featuredmedia":[{"embeddable":true,"href":"https:\/\/eldigitaldeasturias.com\/magazine365\/wp-json\/wp\/v2\/media\/81144"}],"wp:attachment":[{"href":"https:\/\/eldigitaldeasturias.com\/magazine365\/wp-json\/wp\/v2\/media?parent=81143"}],"wp:term":[{"taxonomy":"category","embeddable":true,"href":"https:\/\/eldigitaldeasturias.com\/magazine365\/wp-json\/wp\/v2\/categories?post=81143"},{"taxonomy":"post_tag","embeddable":true,"href":"https:\/\/eldigitaldeasturias.com\/magazine365\/wp-json\/wp\/v2\/tags?post=81143"}],"curies":[{"name":"wp","href":"https:\/\/api.w.org\/{rel}","templated":true}]}}