{"id":81140,"date":"2016-06-29T20:40:59","date_gmt":"2016-06-29T18:40:59","guid":{"rendered":"http:\/\/eldigitaldeasturias.com\/magazine365\/?p=81140"},"modified":"2016-06-29T20:40:59","modified_gmt":"2016-06-29T18:40:59","slug":"la-diputacion-de-badajoz-impulsa-varios-eventos-culturales-y-religiosos-en-fiestas-con-historia","status":"publish","type":"post","link":"https:\/\/eldigitaldeasturias.com\/magazine365\/la-diputacion-de-badajoz-impulsa-varios-eventos-culturales-y-religiosos-en-fiestas-con-historia\/","title":{"rendered":"La Diputaci\u00f3n de Badajoz impulsa varios eventos culturales y religiosos en &#8216;Fiestas con Historia&#8217;"},"content":{"rendered":"<p><img fetchpriority=\"high\" decoding=\"async\" class=\"alignleft size-medium wp-image-81141\" src=\"https:\/\/eldigitaldeasturias.com\/magazine365\/wp-content\/uploads\/2016\/06\/fotonoticia_20160629163404_800-360x240.jpg\" alt=\"fotonoticia_20160629163404_800\" width=\"360\" height=\"240\" srcset=\"https:\/\/eldigitaldeasturias.com\/magazine365\/wp-content\/uploads\/2016\/06\/fotonoticia_20160629163404_800-360x240.jpg 360w, https:\/\/eldigitaldeasturias.com\/magazine365\/wp-content\/uploads\/2016\/06\/fotonoticia_20160629163404_800-650x434.jpg 650w, https:\/\/eldigitaldeasturias.com\/magazine365\/wp-content\/uploads\/2016\/06\/fotonoticia_20160629163404_800-768x513.jpg 768w, https:\/\/eldigitaldeasturias.com\/magazine365\/wp-content\/uploads\/2016\/06\/fotonoticia_20160629163404_800-150x100.jpg 150w, https:\/\/eldigitaldeasturias.com\/magazine365\/wp-content\/uploads\/2016\/06\/fotonoticia_20160629163404_800-450x300.jpg 450w, https:\/\/eldigitaldeasturias.com\/magazine365\/wp-content\/uploads\/2016\/06\/fotonoticia_20160629163404_800-101x66.jpg 101w, https:\/\/eldigitaldeasturias.com\/magazine365\/wp-content\/uploads\/2016\/06\/fotonoticia_20160629163404_800.jpg 800w\" sizes=\"(max-width: 360px) 100vw, 360px\" \/>La Diputaci\u00f3n de Badajoz promociona por tercer a\u00f1o consecutivo el programa &#8216;Fiestas con Historia&#8217; que a\u00fana una veintena de eventos teatrales, literarios, musicales o religiosos como La Batalla de La Albuera, la Ruta Literaria del Romanticismo de Almendralejo o el Festival Templario de Jerez de los Caballeros.<\/p>\n<p>El diputado delegado de Desarrollo Local, Jos\u00e9 \u00c1ngel Ben\u00edtez, acompa\u00f1ado por la directora del \u00c1rea, Maribel Cort\u00e9s, ha informado este mi\u00e9rcoles en una rueda de prensa en la Diputaci\u00f3n de Badajoz sobre el desarrollo de este proyecto que se inserta en el Plan Director del Turismo de la provincia de Badajoz.<\/p>\n<p>En su intervenci\u00f3n, Ben\u00edtez ha explicado que su objetivo es conseguir que el turismo, que en otras zonas de Extremadura y Espa\u00f1a supone un importante factor de desarrollo econ\u00f3mico, tambi\u00e9n lo sea dentro de la provincia de Badajoz contribuyendo a la creaci\u00f3n de empleo y a la mejora de las condiciones de vida de sus habitantes, seg\u00fan informa la diputaci\u00f3n en nota de prensa.<\/p>\n<p>Se trata de celebraciones que deben tener una base teatral, literaria, musical o religiosa y entre las mismas se cuentan La Batalla de La Albuera, la Ruta Literaria del Romanticismo de Almendralejo, el Paseo de la Santa Cruz de Palomas, o De la Luna al Fuego en Zafra.<\/p>\n<p>De cara a los pr\u00f3ximos meses de julio y agosto se desarrollan, adem\u00e1s, fiestas como el Festival Templario de Jerez de los Caballeros, las Noches Templarias de San Juan en Burguillos del Cerro o Tentud\u00eda La Gloria de un Maestre en Calera de Le\u00f3n.<\/p>\n<p>Todas estas celebraciones, a las que se pueden sumar las de aquellos municipios que tengan una origen patrimonial o hist\u00f3rico, pueden sumarse al proyecto &#8216;Fiestas con Historia&#8217; promocionado por la Diputaci\u00f3n de Badajoz, concluye el comunicado.<\/p>\n","protected":false},"excerpt":{"rendered":"<p>La Diputaci\u00f3n de Badajoz promociona por tercer a\u00f1o consecutivo el programa &#8216;Fiestas con Historia&#8217; que a\u00fana una veintena de eventos teatrales, literarios, musicales o religiosos como La Batalla de La Albuera, la Ruta Literaria del Romanticismo de Almendralejo o el Festival Templario de Jerez de los Caballeros. El diputado delegado de Desarrollo Local, Jos\u00e9 \u00c1ngel<\/p>\n","protected":false},"author":1,"featured_media":81141,"comment_status":"open","ping_status":"closed","sticky":false,"template":"","format":"standard","meta":{"footnotes":""},"categories":[224],"tags":[],"class_list":{"0":"post-81140","1":"post","2":"type-post","3":"status-publish","4":"format-standard","5":"has-post-thumbnail","7":"category-noticias-actualidad"},"aioseo_notices":[],"aioseo_head":"\n\t\t<!-- All in One SEO Pro 4.9.6.1 - aioseo.com -->\n\t<meta name=\"description\" content=\"La Diputaci\u00f3n de Badajoz promociona por tercer a\u00f1o consecutivo el programa &#039;Fiestas con Historia&#039; que a\u00fana una veintena de eventos teatrales, literarios, musicales o religiosos como La Batalla de La Albuera, la Ruta Literaria del Romanticismo de Almendralejo o el Festival Templario de Jerez de los Caballeros. El diputado delegado de Desarrollo Local, Jos\u00e9 \u00c1ngel\" \/>\n\t<meta name=\"robots\" content=\"max-image-preview:large\" \/>\n\t<meta name=\"author\" content=\"admin\"\/>\n\t<meta name=\"google-site-verification\" content=\"UA-38556648-1\" \/>\n\t<meta name=\"keywords\" content=\"noticias y actualidad\" \/>\n\t<link rel=\"canonical\" href=\"https:\/\/eldigitaldeasturias.com\/magazine365\/la-diputacion-de-badajoz-impulsa-varios-eventos-culturales-y-religiosos-en-fiestas-con-historia\/\" \/>\n\t<meta name=\"generator\" content=\"All in One SEO Pro (AIOSEO) 4.9.6.1\" \/>\n\t\t<meta property=\"og:locale\" content=\"es_ES\" \/>\n\t\t<meta property=\"og:site_name\" content=\"El Digital de Asturias \u2013 Revista de ocio, turismo y estilo de vida\" \/>\n\t\t<meta property=\"og:type\" content=\"article\" \/>\n\t\t<meta property=\"og:title\" content=\"La Diputaci\u00f3n de Badajoz impulsa varios eventos culturales y religiosos en \u2018Fiestas con Historia\u2019 | El Digital de Asturias\" \/>\n\t\t<meta property=\"og:description\" content=\"La Diputaci\u00f3n de Badajoz promociona por tercer a\u00f1o consecutivo el programa &#039;Fiestas con Historia&#039; que a\u00fana una veintena de eventos teatrales, literarios, musicales o religiosos como La Batalla de La Albuera, la Ruta Literaria del Romanticismo de Almendralejo o el Festival Templario de Jerez de los Caballeros. El diputado delegado de Desarrollo Local, Jos\u00e9 \u00c1ngel\" \/>\n\t\t<meta property=\"og:url\" content=\"https:\/\/eldigitaldeasturias.com\/magazine365\/la-diputacion-de-badajoz-impulsa-varios-eventos-culturales-y-religiosos-en-fiestas-con-historia\/\" \/>\n\t\t<meta property=\"og:image\" content=\"https:\/\/eldigitaldeasturias.com\/magazine365\/wp-content\/uploads\/2016\/06\/fotonoticia_20160629163404_800.jpg\" \/>\n\t\t<meta property=\"og:image:secure_url\" content=\"https:\/\/eldigitaldeasturias.com\/magazine365\/wp-content\/uploads\/2016\/06\/fotonoticia_20160629163404_800.jpg\" \/>\n\t\t<meta property=\"og:image:width\" content=\"800\" \/>\n\t\t<meta property=\"og:image:height\" content=\"534\" \/>\n\t\t<meta property=\"article:published_time\" content=\"2016-06-29T18:40:59+00:00\" \/>\n\t\t<meta property=\"article:modified_time\" content=\"2016-06-29T18:40:59+00:00\" \/>\n\t\t<meta name=\"twitter:card\" content=\"summary_large_image\" \/>\n\t\t<meta name=\"twitter:title\" content=\"La Diputaci\u00f3n de Badajoz impulsa varios eventos culturales y religiosos en \u2018Fiestas con Historia\u2019 | El Digital de Asturias\" \/>\n\t\t<meta name=\"twitter:description\" content=\"La Diputaci\u00f3n de Badajoz promociona por tercer a\u00f1o consecutivo el programa &#039;Fiestas con Historia&#039; que a\u00fana una veintena de eventos teatrales, literarios, musicales o religiosos como La Batalla de La Albuera, la Ruta Literaria del Romanticismo de Almendralejo o el Festival Templario de Jerez de los Caballeros. El diputado delegado de Desarrollo Local, Jos\u00e9 \u00c1ngel\" \/>\n\t\t<meta name=\"twitter:image\" content=\"https:\/\/eldigitaldeasturias.com\/magazine365\/wp-content\/uploads\/2016\/06\/fotonoticia_20160629163404_800.jpg\" \/>\n\t\t<script type=\"application\/ld+json\" class=\"aioseo-schema\">\n\t\t\t{\"@context\":\"https:\\\/\\\/schema.org\",\"@graph\":[{\"@type\":\"Article\",\"@id\":\"https:\\\/\\\/eldigitaldeasturias.com\\\/magazine365\\\/la-diputacion-de-badajoz-impulsa-varios-eventos-culturales-y-religiosos-en-fiestas-con-historia\\\/#article\",\"name\":\"La Diputaci\\u00f3n de Badajoz impulsa varios eventos culturales y religiosos en \\u2018Fiestas con Historia\\u2019 | El Digital de Asturias\",\"headline\":\"La Diputaci\\u00f3n de Badajoz impulsa varios eventos culturales y religiosos en &#8216;Fiestas con Historia&#8217;\",\"author\":{\"@id\":\"https:\\\/\\\/eldigitaldeasturias.com\\\/magazine365\\\/author\\\/admin\\\/#author\"},\"publisher\":{\"@id\":\"https:\\\/\\\/eldigitaldeasturias.com\\\/magazine365\\\/#organization\"},\"image\":{\"@type\":\"ImageObject\",\"url\":\"https:\\\/\\\/eldigitaldeasturias.com\\\/magazine365\\\/wp-content\\\/uploads\\\/2016\\\/06\\\/fotonoticia_20160629163404_800.jpg\",\"width\":800,\"height\":534},\"datePublished\":\"2016-06-29T20:40:59+02:00\",\"dateModified\":\"2016-06-29T20:40:59+02:00\",\"inLanguage\":\"es-ES\",\"mainEntityOfPage\":{\"@id\":\"https:\\\/\\\/eldigitaldeasturias.com\\\/magazine365\\\/la-diputacion-de-badajoz-impulsa-varios-eventos-culturales-y-religiosos-en-fiestas-con-historia\\\/#webpage\"},\"isPartOf\":{\"@id\":\"https:\\\/\\\/eldigitaldeasturias.com\\\/magazine365\\\/la-diputacion-de-badajoz-impulsa-varios-eventos-culturales-y-religiosos-en-fiestas-con-historia\\\/#webpage\"},\"articleSection\":\"Noticias y Actualidad\"},{\"@type\":\"BreadcrumbList\",\"@id\":\"https:\\\/\\\/eldigitaldeasturias.com\\\/magazine365\\\/la-diputacion-de-badajoz-impulsa-varios-eventos-culturales-y-religiosos-en-fiestas-con-historia\\\/#breadcrumblist\",\"itemListElement\":[{\"@type\":\"ListItem\",\"@id\":\"https:\\\/\\\/eldigitaldeasturias.com\\\/magazine365#listItem\",\"position\":1,\"name\":\"Home\",\"item\":\"https:\\\/\\\/eldigitaldeasturias.com\\\/magazine365\",\"nextItem\":{\"@type\":\"ListItem\",\"@id\":\"https:\\\/\\\/eldigitaldeasturias.com\\\/magazine365\\\/category\\\/noticias-actualidad\\\/#listItem\",\"name\":\"Noticias y Actualidad\"}},{\"@type\":\"ListItem\",\"@id\":\"https:\\\/\\\/eldigitaldeasturias.com\\\/magazine365\\\/category\\\/noticias-actualidad\\\/#listItem\",\"position\":2,\"name\":\"Noticias y Actualidad\",\"item\":\"https:\\\/\\\/eldigitaldeasturias.com\\\/magazine365\\\/category\\\/noticias-actualidad\\\/\",\"nextItem\":{\"@type\":\"ListItem\",\"@id\":\"https:\\\/\\\/eldigitaldeasturias.com\\\/magazine365\\\/la-diputacion-de-badajoz-impulsa-varios-eventos-culturales-y-religiosos-en-fiestas-con-historia\\\/#listItem\",\"name\":\"La Diputaci\\u00f3n de Badajoz impulsa varios eventos culturales y religiosos en &#8216;Fiestas con Historia&#8217;\"},\"previousItem\":{\"@type\":\"ListItem\",\"@id\":\"https:\\\/\\\/eldigitaldeasturias.com\\\/magazine365#listItem\",\"name\":\"Home\"}},{\"@type\":\"ListItem\",\"@id\":\"https:\\\/\\\/eldigitaldeasturias.com\\\/magazine365\\\/la-diputacion-de-badajoz-impulsa-varios-eventos-culturales-y-religiosos-en-fiestas-con-historia\\\/#listItem\",\"position\":3,\"name\":\"La Diputaci\\u00f3n de Badajoz impulsa varios eventos culturales y religiosos en &#8216;Fiestas con Historia&#8217;\",\"previousItem\":{\"@type\":\"ListItem\",\"@id\":\"https:\\\/\\\/eldigitaldeasturias.com\\\/magazine365\\\/category\\\/noticias-actualidad\\\/#listItem\",\"name\":\"Noticias y Actualidad\"}}]},{\"@type\":\"Organization\",\"@id\":\"https:\\\/\\\/eldigitaldeasturias.com\\\/magazine365\\\/#organization\",\"name\":\"El digital de Asturias\",\"description\":\"Revista de ocio, turismo y estilo de vida\",\"url\":\"https:\\\/\\\/eldigitaldeasturias.com\\\/magazine365\\\/\",\"logo\":{\"@type\":\"ImageObject\",\"url\":\"https:\\\/\\\/www.eldigitaldeasturias.com\\\/noticias\\\/wp-content\\\/uploads\\\/2020\\\/12\\\/EDA.jpg\",\"@id\":\"https:\\\/\\\/eldigitaldeasturias.com\\\/magazine365\\\/la-diputacion-de-badajoz-impulsa-varios-eventos-culturales-y-religiosos-en-fiestas-con-historia\\\/#organizationLogo\"},\"image\":{\"@id\":\"https:\\\/\\\/eldigitaldeasturias.com\\\/magazine365\\\/la-diputacion-de-badajoz-impulsa-varios-eventos-culturales-y-religiosos-en-fiestas-con-historia\\\/#organizationLogo\"}},{\"@type\":\"Person\",\"@id\":\"https:\\\/\\\/eldigitaldeasturias.com\\\/magazine365\\\/author\\\/admin\\\/#author\",\"url\":\"https:\\\/\\\/eldigitaldeasturias.com\\\/magazine365\\\/author\\\/admin\\\/\",\"name\":\"admin\",\"image\":{\"@type\":\"ImageObject\",\"@id\":\"https:\\\/\\\/eldigitaldeasturias.com\\\/magazine365\\\/la-diputacion-de-badajoz-impulsa-varios-eventos-culturales-y-religiosos-en-fiestas-con-historia\\\/#authorImage\",\"url\":\"https:\\\/\\\/eldigitaldeasturias.com\\\/magazine365\\\/wp-content\\\/litespeed\\\/avatar\\\/e571bcf59a0edd6fa6838245a470f2fe.jpg?ver=1776969259\",\"width\":96,\"height\":96,\"caption\":\"admin\"}},{\"@type\":\"WebPage\",\"@id\":\"https:\\\/\\\/eldigitaldeasturias.com\\\/magazine365\\\/la-diputacion-de-badajoz-impulsa-varios-eventos-culturales-y-religiosos-en-fiestas-con-historia\\\/#webpage\",\"url\":\"https:\\\/\\\/eldigitaldeasturias.com\\\/magazine365\\\/la-diputacion-de-badajoz-impulsa-varios-eventos-culturales-y-religiosos-en-fiestas-con-historia\\\/\",\"name\":\"La Diputaci\\u00f3n de Badajoz impulsa varios eventos culturales y religiosos en \\u2018Fiestas con Historia\\u2019 | El Digital de Asturias\",\"description\":\"La Diputaci\\u00f3n de Badajoz promociona por tercer a\\u00f1o consecutivo el programa 'Fiestas con Historia' que a\\u00fana una veintena de eventos teatrales, literarios, musicales o religiosos como La Batalla de La Albuera, la Ruta Literaria del Romanticismo de Almendralejo o el Festival Templario de Jerez de los Caballeros. El diputado delegado de Desarrollo Local, Jos\\u00e9 \\u00c1ngel\",\"inLanguage\":\"es-ES\",\"isPartOf\":{\"@id\":\"https:\\\/\\\/eldigitaldeasturias.com\\\/magazine365\\\/#website\"},\"breadcrumb\":{\"@id\":\"https:\\\/\\\/eldigitaldeasturias.com\\\/magazine365\\\/la-diputacion-de-badajoz-impulsa-varios-eventos-culturales-y-religiosos-en-fiestas-con-historia\\\/#breadcrumblist\"},\"author\":{\"@id\":\"https:\\\/\\\/eldigitaldeasturias.com\\\/magazine365\\\/author\\\/admin\\\/#author\"},\"creator\":{\"@id\":\"https:\\\/\\\/eldigitaldeasturias.com\\\/magazine365\\\/author\\\/admin\\\/#author\"},\"image\":{\"@type\":\"ImageObject\",\"url\":\"https:\\\/\\\/eldigitaldeasturias.com\\\/magazine365\\\/wp-content\\\/uploads\\\/2016\\\/06\\\/fotonoticia_20160629163404_800.jpg\",\"@id\":\"https:\\\/\\\/eldigitaldeasturias.com\\\/magazine365\\\/la-diputacion-de-badajoz-impulsa-varios-eventos-culturales-y-religiosos-en-fiestas-con-historia\\\/#mainImage\",\"width\":800,\"height\":534},\"primaryImageOfPage\":{\"@id\":\"https:\\\/\\\/eldigitaldeasturias.com\\\/magazine365\\\/la-diputacion-de-badajoz-impulsa-varios-eventos-culturales-y-religiosos-en-fiestas-con-historia\\\/#mainImage\"},\"datePublished\":\"2016-06-29T20:40:59+02:00\",\"dateModified\":\"2016-06-29T20:40:59+02:00\"},{\"@type\":\"WebSite\",\"@id\":\"https:\\\/\\\/eldigitaldeasturias.com\\\/magazine365\\\/#website\",\"url\":\"https:\\\/\\\/eldigitaldeasturias.com\\\/magazine365\\\/\",\"name\":\"El Digital de Asturias\",\"description\":\"Revista de ocio, turismo y estilo de vida\",\"inLanguage\":\"es-ES\",\"publisher\":{\"@id\":\"https:\\\/\\\/eldigitaldeasturias.com\\\/magazine365\\\/#organization\"}}]}\n\t\t<\/script>\n\t\t<!-- All in One SEO Pro -->\r\n\t\t<title>La Diputaci\u00f3n de Badajoz impulsa varios eventos culturales y religiosos en \u2018Fiestas con Historia\u2019 | El Digital de Asturias<\/title>\n\n","aioseo_head_json":{"title":"La Diputaci\u00f3n de Badajoz impulsa varios eventos culturales y religiosos en \u2018Fiestas con Historia\u2019 | El Digital de Asturias","description":"La Diputaci\u00f3n de Badajoz promociona por tercer a\u00f1o consecutivo el programa 'Fiestas con Historia' que a\u00fana una veintena de eventos teatrales, literarios, musicales o religiosos como La Batalla de La Albuera, la Ruta Literaria del Romanticismo de Almendralejo o el Festival Templario de Jerez de los Caballeros. El diputado delegado de Desarrollo Local, Jos\u00e9 \u00c1ngel","canonical_url":"https:\/\/eldigitaldeasturias.com\/magazine365\/la-diputacion-de-badajoz-impulsa-varios-eventos-culturales-y-religiosos-en-fiestas-con-historia\/","robots":"max-image-preview:large","keywords":"noticias y actualidad","webmasterTools":{"google-site-verification":"UA-38556648-1","miscellaneous":""},"schema":{"@context":"https:\/\/schema.org","@graph":[{"@type":"Article","@id":"https:\/\/eldigitaldeasturias.com\/magazine365\/la-diputacion-de-badajoz-impulsa-varios-eventos-culturales-y-religiosos-en-fiestas-con-historia\/#article","name":"La Diputaci\u00f3n de Badajoz impulsa varios eventos culturales y religiosos en \u2018Fiestas con Historia\u2019 | El Digital de Asturias","headline":"La Diputaci\u00f3n de Badajoz impulsa varios eventos culturales y religiosos en &#8216;Fiestas con Historia&#8217;","author":{"@id":"https:\/\/eldigitaldeasturias.com\/magazine365\/author\/admin\/#author"},"publisher":{"@id":"https:\/\/eldigitaldeasturias.com\/magazine365\/#organization"},"image":{"@type":"ImageObject","url":"https:\/\/eldigitaldeasturias.com\/magazine365\/wp-content\/uploads\/2016\/06\/fotonoticia_20160629163404_800.jpg","width":800,"height":534},"datePublished":"2016-06-29T20:40:59+02:00","dateModified":"2016-06-29T20:40:59+02:00","inLanguage":"es-ES","mainEntityOfPage":{"@id":"https:\/\/eldigitaldeasturias.com\/magazine365\/la-diputacion-de-badajoz-impulsa-varios-eventos-culturales-y-religiosos-en-fiestas-con-historia\/#webpage"},"isPartOf":{"@id":"https:\/\/eldigitaldeasturias.com\/magazine365\/la-diputacion-de-badajoz-impulsa-varios-eventos-culturales-y-religiosos-en-fiestas-con-historia\/#webpage"},"articleSection":"Noticias y Actualidad"},{"@type":"BreadcrumbList","@id":"https:\/\/eldigitaldeasturias.com\/magazine365\/la-diputacion-de-badajoz-impulsa-varios-eventos-culturales-y-religiosos-en-fiestas-con-historia\/#breadcrumblist","itemListElement":[{"@type":"ListItem","@id":"https:\/\/eldigitaldeasturias.com\/magazine365#listItem","position":1,"name":"Home","item":"https:\/\/eldigitaldeasturias.com\/magazine365","nextItem":{"@type":"ListItem","@id":"https:\/\/eldigitaldeasturias.com\/magazine365\/category\/noticias-actualidad\/#listItem","name":"Noticias y Actualidad"}},{"@type":"ListItem","@id":"https:\/\/eldigitaldeasturias.com\/magazine365\/category\/noticias-actualidad\/#listItem","position":2,"name":"Noticias y Actualidad","item":"https:\/\/eldigitaldeasturias.com\/magazine365\/category\/noticias-actualidad\/","nextItem":{"@type":"ListItem","@id":"https:\/\/eldigitaldeasturias.com\/magazine365\/la-diputacion-de-badajoz-impulsa-varios-eventos-culturales-y-religiosos-en-fiestas-con-historia\/#listItem","name":"La Diputaci\u00f3n de Badajoz impulsa varios eventos culturales y religiosos en &#8216;Fiestas con Historia&#8217;"},"previousItem":{"@type":"ListItem","@id":"https:\/\/eldigitaldeasturias.com\/magazine365#listItem","name":"Home"}},{"@type":"ListItem","@id":"https:\/\/eldigitaldeasturias.com\/magazine365\/la-diputacion-de-badajoz-impulsa-varios-eventos-culturales-y-religiosos-en-fiestas-con-historia\/#listItem","position":3,"name":"La Diputaci\u00f3n de Badajoz impulsa varios eventos culturales y religiosos en &#8216;Fiestas con Historia&#8217;","previousItem":{"@type":"ListItem","@id":"https:\/\/eldigitaldeasturias.com\/magazine365\/category\/noticias-actualidad\/#listItem","name":"Noticias y Actualidad"}}]},{"@type":"Organization","@id":"https:\/\/eldigitaldeasturias.com\/magazine365\/#organization","name":"El digital de Asturias","description":"Revista de ocio, turismo y estilo de vida","url":"https:\/\/eldigitaldeasturias.com\/magazine365\/","logo":{"@type":"ImageObject","url":"https:\/\/www.eldigitaldeasturias.com\/noticias\/wp-content\/uploads\/2020\/12\/EDA.jpg","@id":"https:\/\/eldigitaldeasturias.com\/magazine365\/la-diputacion-de-badajoz-impulsa-varios-eventos-culturales-y-religiosos-en-fiestas-con-historia\/#organizationLogo"},"image":{"@id":"https:\/\/eldigitaldeasturias.com\/magazine365\/la-diputacion-de-badajoz-impulsa-varios-eventos-culturales-y-religiosos-en-fiestas-con-historia\/#organizationLogo"}},{"@type":"Person","@id":"https:\/\/eldigitaldeasturias.com\/magazine365\/author\/admin\/#author","url":"https:\/\/eldigitaldeasturias.com\/magazine365\/author\/admin\/","name":"admin","image":{"@type":"ImageObject","@id":"https:\/\/eldigitaldeasturias.com\/magazine365\/la-diputacion-de-badajoz-impulsa-varios-eventos-culturales-y-religiosos-en-fiestas-con-historia\/#authorImage","url":"https:\/\/eldigitaldeasturias.com\/magazine365\/wp-content\/litespeed\/avatar\/e571bcf59a0edd6fa6838245a470f2fe.jpg?ver=1776969259","width":96,"height":96,"caption":"admin"}},{"@type":"WebPage","@id":"https:\/\/eldigitaldeasturias.com\/magazine365\/la-diputacion-de-badajoz-impulsa-varios-eventos-culturales-y-religiosos-en-fiestas-con-historia\/#webpage","url":"https:\/\/eldigitaldeasturias.com\/magazine365\/la-diputacion-de-badajoz-impulsa-varios-eventos-culturales-y-religiosos-en-fiestas-con-historia\/","name":"La Diputaci\u00f3n de Badajoz impulsa varios eventos culturales y religiosos en \u2018Fiestas con Historia\u2019 | El Digital de Asturias","description":"La Diputaci\u00f3n de Badajoz promociona por tercer a\u00f1o consecutivo el programa 'Fiestas con Historia' que a\u00fana una veintena de eventos teatrales, literarios, musicales o religiosos como La Batalla de La Albuera, la Ruta Literaria del Romanticismo de Almendralejo o el Festival Templario de Jerez de los Caballeros. El diputado delegado de Desarrollo Local, Jos\u00e9 \u00c1ngel","inLanguage":"es-ES","isPartOf":{"@id":"https:\/\/eldigitaldeasturias.com\/magazine365\/#website"},"breadcrumb":{"@id":"https:\/\/eldigitaldeasturias.com\/magazine365\/la-diputacion-de-badajoz-impulsa-varios-eventos-culturales-y-religiosos-en-fiestas-con-historia\/#breadcrumblist"},"author":{"@id":"https:\/\/eldigitaldeasturias.com\/magazine365\/author\/admin\/#author"},"creator":{"@id":"https:\/\/eldigitaldeasturias.com\/magazine365\/author\/admin\/#author"},"image":{"@type":"ImageObject","url":"https:\/\/eldigitaldeasturias.com\/magazine365\/wp-content\/uploads\/2016\/06\/fotonoticia_20160629163404_800.jpg","@id":"https:\/\/eldigitaldeasturias.com\/magazine365\/la-diputacion-de-badajoz-impulsa-varios-eventos-culturales-y-religiosos-en-fiestas-con-historia\/#mainImage","width":800,"height":534},"primaryImageOfPage":{"@id":"https:\/\/eldigitaldeasturias.com\/magazine365\/la-diputacion-de-badajoz-impulsa-varios-eventos-culturales-y-religiosos-en-fiestas-con-historia\/#mainImage"},"datePublished":"2016-06-29T20:40:59+02:00","dateModified":"2016-06-29T20:40:59+02:00"},{"@type":"WebSite","@id":"https:\/\/eldigitaldeasturias.com\/magazine365\/#website","url":"https:\/\/eldigitaldeasturias.com\/magazine365\/","name":"El Digital de Asturias","description":"Revista de ocio, turismo y estilo de vida","inLanguage":"es-ES","publisher":{"@id":"https:\/\/eldigitaldeasturias.com\/magazine365\/#organization"}}]},"og:locale":"es_ES","og:site_name":"El Digital de Asturias \u2013 Revista de ocio, turismo y estilo de vida","og:type":"article","og:title":"La Diputaci\u00f3n de Badajoz impulsa varios eventos culturales y religiosos en \u2018Fiestas con Historia\u2019 | El Digital de Asturias","og:description":"La Diputaci\u00f3n de Badajoz promociona por tercer a\u00f1o consecutivo el programa 'Fiestas con Historia' que a\u00fana una veintena de eventos teatrales, literarios, musicales o religiosos como La Batalla de La Albuera, la Ruta Literaria del Romanticismo de Almendralejo o el Festival Templario de Jerez de los Caballeros. El diputado delegado de Desarrollo Local, Jos\u00e9 \u00c1ngel","og:url":"https:\/\/eldigitaldeasturias.com\/magazine365\/la-diputacion-de-badajoz-impulsa-varios-eventos-culturales-y-religiosos-en-fiestas-con-historia\/","og:image":"https:\/\/eldigitaldeasturias.com\/magazine365\/wp-content\/uploads\/2016\/06\/fotonoticia_20160629163404_800.jpg","og:image:secure_url":"https:\/\/eldigitaldeasturias.com\/magazine365\/wp-content\/uploads\/2016\/06\/fotonoticia_20160629163404_800.jpg","og:image:width":800,"og:image:height":534,"article:published_time":"2016-06-29T18:40:59+00:00","article:modified_time":"2016-06-29T18:40:59+00:00","twitter:card":"summary_large_image","twitter:title":"La Diputaci\u00f3n de Badajoz impulsa varios eventos culturales y religiosos en \u2018Fiestas con Historia\u2019 | El Digital de Asturias","twitter:description":"La Diputaci\u00f3n de Badajoz promociona por tercer a\u00f1o consecutivo el programa 'Fiestas con Historia' que a\u00fana una veintena de eventos teatrales, literarios, musicales o religiosos como La Batalla de La Albuera, la Ruta Literaria del Romanticismo de Almendralejo o el Festival Templario de Jerez de los Caballeros. El diputado delegado de Desarrollo Local, Jos\u00e9 \u00c1ngel","twitter:image":"https:\/\/eldigitaldeasturias.com\/magazine365\/wp-content\/uploads\/2016\/06\/fotonoticia_20160629163404_800.jpg"},"aioseo_meta_data":{"post_id":"81140","title":null,"description":null,"keywords":null,"keyphrases":null,"primary_term":null,"canonical_url":null,"og_title":null,"og_description":null,"og_object_type":"default","og_image_type":"default","og_image_url":null,"og_image_width":null,"og_image_height":null,"og_image_custom_url":null,"og_image_custom_fields":null,"og_video":null,"og_custom_url":null,"og_article_section":null,"og_article_tags":null,"twitter_use_og":false,"twitter_card":"default","twitter_image_type":"default","twitter_image_url":null,"twitter_image_custom_url":null,"twitter_image_custom_fields":null,"twitter_title":null,"twitter_description":null,"schema":{"blockGraphs":[],"customGraphs":[],"default":{"data":{"Article":[],"Course":[],"Dataset":[],"FAQPage":[],"Movie":[],"Person":[],"Product":[],"ProductReview":[],"Car":[],"Recipe":[],"Service":[],"SoftwareApplication":[],"WebPage":[]},"graphName":"","isEnabled":true},"graphs":[],"defaultGraph":"","defaultPostTypeGraph":""},"schema_type":null,"schema_type_options":null,"pillar_content":false,"robots_default":true,"robots_noindex":false,"robots_noarchive":false,"robots_nosnippet":false,"robots_nofollow":false,"robots_noimageindex":false,"robots_noodp":false,"robots_notranslate":false,"robots_max_snippet":null,"robots_max_videopreview":null,"robots_max_imagepreview":"large","priority":null,"frequency":null,"location":null,"local_seo":null,"seo_analyzer_scan_date":"2025-09-27 22:17:40","breadcrumb_settings":null,"limit_modified_date":false,"open_ai":null,"ai":null,"created":"2021-03-08 17:21:45","updated":"2025-09-27 22:17:40"},"aioseo_breadcrumb":"<div class=\"aioseo-breadcrumbs\"><span class=\"aioseo-breadcrumb\">\n\t<a href=\"https:\/\/eldigitaldeasturias.com\/magazine365\" title=\"Home\">Home<\/a>\n<\/span><span class=\"aioseo-breadcrumb-separator\">\u2013<\/span><span class=\"aioseo-breadcrumb\">\n\t<a href=\"https:\/\/eldigitaldeasturias.com\/magazine365\/category\/noticias-actualidad\/\" title=\"Noticias y Actualidad\">Noticias y Actualidad<\/a>\n<\/span><span class=\"aioseo-breadcrumb-separator\">\u2013<\/span><span class=\"aioseo-breadcrumb\">\n\t<a href=\"https:\/\/eldigitaldeasturias.com\/magazine365\/la-diputacion-de-badajoz-impulsa-varios-eventos-culturales-y-religiosos-en-fiestas-con-historia\/\" title=\"La Diputaci\u00f3n de Badajoz impulsa varios eventos culturales y religiosos en \u2018Fiestas con Historia\u2019\">La Diputaci\u00f3n de Badajoz impulsa varios eventos culturales y religiosos en \u2018Fiestas con Historia\u2019<\/a>\n<\/span><\/div>","aioseo_breadcrumb_json":[{"label":"Home","link":"https:\/\/eldigitaldeasturias.com\/magazine365"},{"label":"Noticias y Actualidad","link":"https:\/\/eldigitaldeasturias.com\/magazine365\/category\/noticias-actualidad\/"},{"label":"La Diputaci\u00f3n de Badajoz impulsa varios eventos culturales y religiosos en &#8216;Fiestas con Historia&#8217;","link":"https:\/\/eldigitaldeasturias.com\/magazine365\/la-diputacion-de-badajoz-impulsa-varios-eventos-culturales-y-religiosos-en-fiestas-con-historia\/"}],"_links":{"self":[{"href":"https:\/\/eldigitaldeasturias.com\/magazine365\/wp-json\/wp\/v2\/posts\/81140","targetHints":{"allow":["GET"]}}],"collection":[{"href":"https:\/\/eldigitaldeasturias.com\/magazine365\/wp-json\/wp\/v2\/posts"}],"about":[{"href":"https:\/\/eldigitaldeasturias.com\/magazine365\/wp-json\/wp\/v2\/types\/post"}],"author":[{"embeddable":true,"href":"https:\/\/eldigitaldeasturias.com\/magazine365\/wp-json\/wp\/v2\/users\/1"}],"replies":[{"embeddable":true,"href":"https:\/\/eldigitaldeasturias.com\/magazine365\/wp-json\/wp\/v2\/comments?post=81140"}],"version-history":[{"count":0,"href":"https:\/\/eldigitaldeasturias.com\/magazine365\/wp-json\/wp\/v2\/posts\/81140\/revisions"}],"wp:featuredmedia":[{"embeddable":true,"href":"https:\/\/eldigitaldeasturias.com\/magazine365\/wp-json\/wp\/v2\/media\/81141"}],"wp:attachment":[{"href":"https:\/\/eldigitaldeasturias.com\/magazine365\/wp-json\/wp\/v2\/media?parent=81140"}],"wp:term":[{"taxonomy":"category","embeddable":true,"href":"https:\/\/eldigitaldeasturias.com\/magazine365\/wp-json\/wp\/v2\/categories?post=81140"},{"taxonomy":"post_tag","embeddable":true,"href":"https:\/\/eldigitaldeasturias.com\/magazine365\/wp-json\/wp\/v2\/tags?post=81140"}],"curies":[{"name":"wp","href":"https:\/\/api.w.org\/{rel}","templated":true}]}}