{"id":81137,"date":"2016-06-29T20:40:02","date_gmt":"2016-06-29T18:40:02","guid":{"rendered":"http:\/\/eldigitaldeasturias.com\/magazine365\/?p=81137"},"modified":"2016-06-29T20:40:02","modified_gmt":"2016-06-29T18:40:02","slug":"el-palacio-del-infantado-acogera-un-ciclo-de-conciertos-en-apoyo-de-la-candidatura-del-edificio-a-patrimonio-mundial","status":"publish","type":"post","link":"https:\/\/eldigitaldeasturias.com\/magazine365\/el-palacio-del-infantado-acogera-un-ciclo-de-conciertos-en-apoyo-de-la-candidatura-del-edificio-a-patrimonio-mundial\/","title":{"rendered":"El Palacio del Infantado acoger\u00e1 un ciclo de conciertos en apoyo de la candidatura del edificio a Patrimonio Mundial"},"content":{"rendered":"<p><img fetchpriority=\"high\" decoding=\"async\" class=\"alignleft size-medium wp-image-81138\" src=\"https:\/\/eldigitaldeasturias.com\/magazine365\/wp-content\/uploads\/2016\/06\/fotonoticia_20160629163209_800-360x220.jpg\" alt=\"fotonoticia_20160629163209_800\" width=\"360\" height=\"220\" srcset=\"https:\/\/eldigitaldeasturias.com\/magazine365\/wp-content\/uploads\/2016\/06\/fotonoticia_20160629163209_800-360x220.jpg 360w, https:\/\/eldigitaldeasturias.com\/magazine365\/wp-content\/uploads\/2016\/06\/fotonoticia_20160629163209_800-650x397.jpg 650w, https:\/\/eldigitaldeasturias.com\/magazine365\/wp-content\/uploads\/2016\/06\/fotonoticia_20160629163209_800-768x468.jpg 768w, https:\/\/eldigitaldeasturias.com\/magazine365\/wp-content\/uploads\/2016\/06\/fotonoticia_20160629163209_800-150x92.jpg 150w, https:\/\/eldigitaldeasturias.com\/magazine365\/wp-content\/uploads\/2016\/06\/fotonoticia_20160629163209_800-450x275.jpg 450w, https:\/\/eldigitaldeasturias.com\/magazine365\/wp-content\/uploads\/2016\/06\/fotonoticia_20160629163209_800.jpg 800w\" sizes=\"(max-width: 360px) 100vw, 360px\" \/>El Palacio del Infantado, su emblem\u00e1tico patio y sus jardines, es el escenario elegido para llevar a cabo el ciclo de conciertos que ha organizado el Ayuntamiento de Guadalajara dentro del programa &#8216;Las Noches del Infantado&#8217;, que se celebrar\u00e1 a lo largo del mes de julio.<\/p>\n<p>Se trata, tal y como ha explicado Armengol Engonga, concejal de Cultura, \u00abde una nueva iniciativa puesta en marcha en apoyo de la candidatura del Palacio del Infantado a Patrimonio Mundial\u00bb. El edil ha estado acompa\u00f1ado en la comparecencia por Juan Garrido, presidente de la Fundaci\u00f3n Siglo Futuro, entidad que colabora expresamente en la programaci\u00f3n a trav\u00e9s del proyecto &#8216;M\u00fasicas del Mundo&#8217;.<\/p>\n<p>Desde el Consistorio, Armengol Engonga ha destacado la colaboraci\u00f3n \u00abespecial\u00bb de la Fundaci\u00f3n, en el a\u00f1o en el que celebran el 25\u00ba aniversario de su creaci\u00f3n, seg\u00fan ha informado el Ayuntamiento en nota de prensa.<\/p>\n<h2 class=\"ladillo\">MONOLITO EN LA CONCORDIA<\/h2>\n<p>Junto a la felicitaci\u00f3n por la dilatada trayectoria cultural de la Fundaci\u00f3n, el tambi\u00e9n teniente de alcalde ha anunciado el acto que tendr\u00e1 lugar este jueves, d\u00eda 30 de junio, en el parque de la Concordia, donde se descubrir\u00e1 un monolito conmemorativo de la efem\u00e9ride y con el que el Ayuntamiento y la ciudad quieren agradecer a Juan Garrido y los miembros de la Fundaci\u00f3n \u00absu labor y su contribuci\u00f3n a la vida cultura de Guadalajara\u00bb.<\/p>\n<p>Con el ciclo musical &#8216;Las Noches del Infantado&#8217;, se refuerza la programaci\u00f3n que desde el Ayuntamiento de Guadalajara, a trav\u00e9s de las concejal\u00edas de Cultura, Turismo y Patronato de Cultura, se vienen realizando para reforzar la proyecci\u00f3n del palacio y su candidatura.<\/p>\n<p>Estos conciertos son un refuerzo m\u00e1s a las iniciativas que se han celebrado en torno al Infantado y que han contado con un gran apoyo popular. La Noche de los Sentidos o la recreaci\u00f3n hist\u00f3rica de la boda de Felipe II e Isabel de Valois, son ya dos referentes a los que se sumar\u00e1 ahora estos conciertos que van a reunir \u00aba m\u00fasicos de alt\u00edsima calidad y de renombre nacional e internacional\u00bb.<\/p>\n<p>En nombre de la Fundaci\u00f3n Siglo Futuro, su presidente Juan Garrido ha agradecido el apoyo del Ayuntamiento de Guadalajara y ha enfatizado la colaboraci\u00f3n mutua de ambas instituciones. El reconocimiento que tendr\u00e1 lugar este jueves en la Concordia ha sido tambi\u00e9n motivo de especial agradecimiento. Es un gesto que valoran mucho desde la Fundaci\u00f3n \u00abpor lo que representa\u00bb. En este monolito \u00abestar\u00e1 reflejado todo el trabajo que se ha realizado en los \u00faltimos 25 a\u00f1os\u00bb.<\/p>\n","protected":false},"excerpt":{"rendered":"<p>El Palacio del Infantado, su emblem\u00e1tico patio y sus jardines, es el escenario elegido para llevar a cabo el ciclo de conciertos que ha organizado el Ayuntamiento de Guadalajara dentro del programa &#8216;Las Noches del Infantado&#8217;, que se celebrar\u00e1 a lo largo del mes de julio. Se trata, tal y como ha explicado Armengol Engonga,<\/p>\n","protected":false},"author":1,"featured_media":81138,"comment_status":"open","ping_status":"closed","sticky":false,"template":"","format":"standard","meta":{"footnotes":""},"categories":[224],"tags":[],"class_list":{"0":"post-81137","1":"post","2":"type-post","3":"status-publish","4":"format-standard","5":"has-post-thumbnail","7":"category-noticias-actualidad"},"aioseo_notices":[],"aioseo_head":"\n\t\t<!-- All in One SEO Pro 4.9.6.1 - aioseo.com -->\n\t<meta name=\"description\" content=\"El Palacio del Infantado, su emblem\u00e1tico patio y sus jardines, es el escenario elegido para llevar a cabo el ciclo de conciertos que ha organizado el Ayuntamiento de Guadalajara dentro del programa &#039;Las Noches del Infantado&#039;, que se celebrar\u00e1 a lo largo del mes de julio. Se trata, tal y como ha explicado Armengol Engonga,\" \/>\n\t<meta name=\"robots\" content=\"max-image-preview:large\" \/>\n\t<meta name=\"author\" content=\"admin\"\/>\n\t<meta name=\"google-site-verification\" content=\"UA-38556648-1\" \/>\n\t<meta name=\"keywords\" content=\"noticias y actualidad\" \/>\n\t<link rel=\"canonical\" href=\"https:\/\/eldigitaldeasturias.com\/magazine365\/el-palacio-del-infantado-acogera-un-ciclo-de-conciertos-en-apoyo-de-la-candidatura-del-edificio-a-patrimonio-mundial\/\" \/>\n\t<meta name=\"generator\" content=\"All in One SEO Pro (AIOSEO) 4.9.6.1\" \/>\n\t\t<meta property=\"og:locale\" content=\"es_ES\" \/>\n\t\t<meta property=\"og:site_name\" content=\"El Digital de Asturias \u2013 Revista de ocio, turismo y estilo de vida\" \/>\n\t\t<meta property=\"og:type\" content=\"article\" \/>\n\t\t<meta property=\"og:title\" content=\"El Palacio del Infantado acoger\u00e1 un ciclo de conciertos en apoyo de la candidatura del edificio a Patrimonio Mundial | El Digital de Asturias\" \/>\n\t\t<meta property=\"og:description\" content=\"El Palacio del Infantado, su emblem\u00e1tico patio y sus jardines, es el escenario elegido para llevar a cabo el ciclo de conciertos que ha organizado el Ayuntamiento de Guadalajara dentro del programa &#039;Las Noches del Infantado&#039;, que se celebrar\u00e1 a lo largo del mes de julio. Se trata, tal y como ha explicado Armengol Engonga,\" \/>\n\t\t<meta property=\"og:url\" content=\"https:\/\/eldigitaldeasturias.com\/magazine365\/el-palacio-del-infantado-acogera-un-ciclo-de-conciertos-en-apoyo-de-la-candidatura-del-edificio-a-patrimonio-mundial\/\" \/>\n\t\t<meta property=\"og:image\" content=\"https:\/\/eldigitaldeasturias.com\/magazine365\/wp-content\/uploads\/2016\/06\/fotonoticia_20160629163209_800.jpg\" \/>\n\t\t<meta property=\"og:image:secure_url\" content=\"https:\/\/eldigitaldeasturias.com\/magazine365\/wp-content\/uploads\/2016\/06\/fotonoticia_20160629163209_800.jpg\" \/>\n\t\t<meta property=\"og:image:width\" content=\"800\" \/>\n\t\t<meta property=\"og:image:height\" content=\"488\" \/>\n\t\t<meta property=\"article:published_time\" content=\"2016-06-29T18:40:02+00:00\" \/>\n\t\t<meta property=\"article:modified_time\" content=\"2016-06-29T18:40:02+00:00\" \/>\n\t\t<meta name=\"twitter:card\" content=\"summary_large_image\" \/>\n\t\t<meta name=\"twitter:title\" content=\"El Palacio del Infantado acoger\u00e1 un ciclo de conciertos en apoyo de la candidatura del edificio a Patrimonio Mundial | El Digital de Asturias\" \/>\n\t\t<meta name=\"twitter:description\" content=\"El Palacio del Infantado, su emblem\u00e1tico patio y sus jardines, es el escenario elegido para llevar a cabo el ciclo de conciertos que ha organizado el Ayuntamiento de Guadalajara dentro del programa &#039;Las Noches del Infantado&#039;, que se celebrar\u00e1 a lo largo del mes de julio. Se trata, tal y como ha explicado Armengol Engonga,\" \/>\n\t\t<meta name=\"twitter:image\" content=\"https:\/\/eldigitaldeasturias.com\/magazine365\/wp-content\/uploads\/2016\/06\/fotonoticia_20160629163209_800.jpg\" \/>\n\t\t<script type=\"application\/ld+json\" class=\"aioseo-schema\">\n\t\t\t{\"@context\":\"https:\\\/\\\/schema.org\",\"@graph\":[{\"@type\":\"Article\",\"@id\":\"https:\\\/\\\/eldigitaldeasturias.com\\\/magazine365\\\/el-palacio-del-infantado-acogera-un-ciclo-de-conciertos-en-apoyo-de-la-candidatura-del-edificio-a-patrimonio-mundial\\\/#article\",\"name\":\"El Palacio del Infantado acoger\\u00e1 un ciclo de conciertos en apoyo de la candidatura del edificio a Patrimonio Mundial | El Digital de Asturias\",\"headline\":\"El Palacio del Infantado acoger\\u00e1 un ciclo de conciertos en apoyo de la candidatura del edificio a Patrimonio Mundial\",\"author\":{\"@id\":\"https:\\\/\\\/eldigitaldeasturias.com\\\/magazine365\\\/author\\\/admin\\\/#author\"},\"publisher\":{\"@id\":\"https:\\\/\\\/eldigitaldeasturias.com\\\/magazine365\\\/#organization\"},\"image\":{\"@type\":\"ImageObject\",\"url\":\"https:\\\/\\\/eldigitaldeasturias.com\\\/magazine365\\\/wp-content\\\/uploads\\\/2016\\\/06\\\/fotonoticia_20160629163209_800.jpg\",\"width\":800,\"height\":488},\"datePublished\":\"2016-06-29T20:40:02+02:00\",\"dateModified\":\"2016-06-29T20:40:02+02:00\",\"inLanguage\":\"es-ES\",\"mainEntityOfPage\":{\"@id\":\"https:\\\/\\\/eldigitaldeasturias.com\\\/magazine365\\\/el-palacio-del-infantado-acogera-un-ciclo-de-conciertos-en-apoyo-de-la-candidatura-del-edificio-a-patrimonio-mundial\\\/#webpage\"},\"isPartOf\":{\"@id\":\"https:\\\/\\\/eldigitaldeasturias.com\\\/magazine365\\\/el-palacio-del-infantado-acogera-un-ciclo-de-conciertos-en-apoyo-de-la-candidatura-del-edificio-a-patrimonio-mundial\\\/#webpage\"},\"articleSection\":\"Noticias y Actualidad\"},{\"@type\":\"BreadcrumbList\",\"@id\":\"https:\\\/\\\/eldigitaldeasturias.com\\\/magazine365\\\/el-palacio-del-infantado-acogera-un-ciclo-de-conciertos-en-apoyo-de-la-candidatura-del-edificio-a-patrimonio-mundial\\\/#breadcrumblist\",\"itemListElement\":[{\"@type\":\"ListItem\",\"@id\":\"https:\\\/\\\/eldigitaldeasturias.com\\\/magazine365#listItem\",\"position\":1,\"name\":\"Home\",\"item\":\"https:\\\/\\\/eldigitaldeasturias.com\\\/magazine365\",\"nextItem\":{\"@type\":\"ListItem\",\"@id\":\"https:\\\/\\\/eldigitaldeasturias.com\\\/magazine365\\\/category\\\/noticias-actualidad\\\/#listItem\",\"name\":\"Noticias y Actualidad\"}},{\"@type\":\"ListItem\",\"@id\":\"https:\\\/\\\/eldigitaldeasturias.com\\\/magazine365\\\/category\\\/noticias-actualidad\\\/#listItem\",\"position\":2,\"name\":\"Noticias y Actualidad\",\"item\":\"https:\\\/\\\/eldigitaldeasturias.com\\\/magazine365\\\/category\\\/noticias-actualidad\\\/\",\"nextItem\":{\"@type\":\"ListItem\",\"@id\":\"https:\\\/\\\/eldigitaldeasturias.com\\\/magazine365\\\/el-palacio-del-infantado-acogera-un-ciclo-de-conciertos-en-apoyo-de-la-candidatura-del-edificio-a-patrimonio-mundial\\\/#listItem\",\"name\":\"El Palacio del Infantado acoger\\u00e1 un ciclo de conciertos en apoyo de la candidatura del edificio a Patrimonio Mundial\"},\"previousItem\":{\"@type\":\"ListItem\",\"@id\":\"https:\\\/\\\/eldigitaldeasturias.com\\\/magazine365#listItem\",\"name\":\"Home\"}},{\"@type\":\"ListItem\",\"@id\":\"https:\\\/\\\/eldigitaldeasturias.com\\\/magazine365\\\/el-palacio-del-infantado-acogera-un-ciclo-de-conciertos-en-apoyo-de-la-candidatura-del-edificio-a-patrimonio-mundial\\\/#listItem\",\"position\":3,\"name\":\"El Palacio del Infantado acoger\\u00e1 un ciclo de conciertos en apoyo de la candidatura del edificio a Patrimonio Mundial\",\"previousItem\":{\"@type\":\"ListItem\",\"@id\":\"https:\\\/\\\/eldigitaldeasturias.com\\\/magazine365\\\/category\\\/noticias-actualidad\\\/#listItem\",\"name\":\"Noticias y Actualidad\"}}]},{\"@type\":\"Organization\",\"@id\":\"https:\\\/\\\/eldigitaldeasturias.com\\\/magazine365\\\/#organization\",\"name\":\"El digital de Asturias\",\"description\":\"Revista de ocio, turismo y estilo de vida\",\"url\":\"https:\\\/\\\/eldigitaldeasturias.com\\\/magazine365\\\/\",\"logo\":{\"@type\":\"ImageObject\",\"url\":\"https:\\\/\\\/www.eldigitaldeasturias.com\\\/noticias\\\/wp-content\\\/uploads\\\/2020\\\/12\\\/EDA.jpg\",\"@id\":\"https:\\\/\\\/eldigitaldeasturias.com\\\/magazine365\\\/el-palacio-del-infantado-acogera-un-ciclo-de-conciertos-en-apoyo-de-la-candidatura-del-edificio-a-patrimonio-mundial\\\/#organizationLogo\"},\"image\":{\"@id\":\"https:\\\/\\\/eldigitaldeasturias.com\\\/magazine365\\\/el-palacio-del-infantado-acogera-un-ciclo-de-conciertos-en-apoyo-de-la-candidatura-del-edificio-a-patrimonio-mundial\\\/#organizationLogo\"}},{\"@type\":\"Person\",\"@id\":\"https:\\\/\\\/eldigitaldeasturias.com\\\/magazine365\\\/author\\\/admin\\\/#author\",\"url\":\"https:\\\/\\\/eldigitaldeasturias.com\\\/magazine365\\\/author\\\/admin\\\/\",\"name\":\"admin\",\"image\":{\"@type\":\"ImageObject\",\"@id\":\"https:\\\/\\\/eldigitaldeasturias.com\\\/magazine365\\\/el-palacio-del-infantado-acogera-un-ciclo-de-conciertos-en-apoyo-de-la-candidatura-del-edificio-a-patrimonio-mundial\\\/#authorImage\",\"url\":\"https:\\\/\\\/eldigitaldeasturias.com\\\/magazine365\\\/wp-content\\\/litespeed\\\/avatar\\\/e571bcf59a0edd6fa6838245a470f2fe.jpg?ver=1776969259\",\"width\":96,\"height\":96,\"caption\":\"admin\"}},{\"@type\":\"WebPage\",\"@id\":\"https:\\\/\\\/eldigitaldeasturias.com\\\/magazine365\\\/el-palacio-del-infantado-acogera-un-ciclo-de-conciertos-en-apoyo-de-la-candidatura-del-edificio-a-patrimonio-mundial\\\/#webpage\",\"url\":\"https:\\\/\\\/eldigitaldeasturias.com\\\/magazine365\\\/el-palacio-del-infantado-acogera-un-ciclo-de-conciertos-en-apoyo-de-la-candidatura-del-edificio-a-patrimonio-mundial\\\/\",\"name\":\"El Palacio del Infantado acoger\\u00e1 un ciclo de conciertos en apoyo de la candidatura del edificio a Patrimonio Mundial | El Digital de Asturias\",\"description\":\"El Palacio del Infantado, su emblem\\u00e1tico patio y sus jardines, es el escenario elegido para llevar a cabo el ciclo de conciertos que ha organizado el Ayuntamiento de Guadalajara dentro del programa 'Las Noches del Infantado', que se celebrar\\u00e1 a lo largo del mes de julio. Se trata, tal y como ha explicado Armengol Engonga,\",\"inLanguage\":\"es-ES\",\"isPartOf\":{\"@id\":\"https:\\\/\\\/eldigitaldeasturias.com\\\/magazine365\\\/#website\"},\"breadcrumb\":{\"@id\":\"https:\\\/\\\/eldigitaldeasturias.com\\\/magazine365\\\/el-palacio-del-infantado-acogera-un-ciclo-de-conciertos-en-apoyo-de-la-candidatura-del-edificio-a-patrimonio-mundial\\\/#breadcrumblist\"},\"author\":{\"@id\":\"https:\\\/\\\/eldigitaldeasturias.com\\\/magazine365\\\/author\\\/admin\\\/#author\"},\"creator\":{\"@id\":\"https:\\\/\\\/eldigitaldeasturias.com\\\/magazine365\\\/author\\\/admin\\\/#author\"},\"image\":{\"@type\":\"ImageObject\",\"url\":\"https:\\\/\\\/eldigitaldeasturias.com\\\/magazine365\\\/wp-content\\\/uploads\\\/2016\\\/06\\\/fotonoticia_20160629163209_800.jpg\",\"@id\":\"https:\\\/\\\/eldigitaldeasturias.com\\\/magazine365\\\/el-palacio-del-infantado-acogera-un-ciclo-de-conciertos-en-apoyo-de-la-candidatura-del-edificio-a-patrimonio-mundial\\\/#mainImage\",\"width\":800,\"height\":488},\"primaryImageOfPage\":{\"@id\":\"https:\\\/\\\/eldigitaldeasturias.com\\\/magazine365\\\/el-palacio-del-infantado-acogera-un-ciclo-de-conciertos-en-apoyo-de-la-candidatura-del-edificio-a-patrimonio-mundial\\\/#mainImage\"},\"datePublished\":\"2016-06-29T20:40:02+02:00\",\"dateModified\":\"2016-06-29T20:40:02+02:00\"},{\"@type\":\"WebSite\",\"@id\":\"https:\\\/\\\/eldigitaldeasturias.com\\\/magazine365\\\/#website\",\"url\":\"https:\\\/\\\/eldigitaldeasturias.com\\\/magazine365\\\/\",\"name\":\"El Digital de Asturias\",\"description\":\"Revista de ocio, turismo y estilo de vida\",\"inLanguage\":\"es-ES\",\"publisher\":{\"@id\":\"https:\\\/\\\/eldigitaldeasturias.com\\\/magazine365\\\/#organization\"}}]}\n\t\t<\/script>\n\t\t<!-- All in One SEO Pro -->\r\n\t\t<title>El Palacio del Infantado acoger\u00e1 un ciclo de conciertos en apoyo de la candidatura del edificio a Patrimonio Mundial | El Digital de Asturias<\/title>\n\n","aioseo_head_json":{"title":"El Palacio del Infantado acoger\u00e1 un ciclo de conciertos en apoyo de la candidatura del edificio a Patrimonio Mundial | El Digital de Asturias","description":"El Palacio del Infantado, su emblem\u00e1tico patio y sus jardines, es el escenario elegido para llevar a cabo el ciclo de conciertos que ha organizado el Ayuntamiento de Guadalajara dentro del programa 'Las Noches del Infantado', que se celebrar\u00e1 a lo largo del mes de julio. Se trata, tal y como ha explicado Armengol Engonga,","canonical_url":"https:\/\/eldigitaldeasturias.com\/magazine365\/el-palacio-del-infantado-acogera-un-ciclo-de-conciertos-en-apoyo-de-la-candidatura-del-edificio-a-patrimonio-mundial\/","robots":"max-image-preview:large","keywords":"noticias y actualidad","webmasterTools":{"google-site-verification":"UA-38556648-1","miscellaneous":""},"schema":{"@context":"https:\/\/schema.org","@graph":[{"@type":"Article","@id":"https:\/\/eldigitaldeasturias.com\/magazine365\/el-palacio-del-infantado-acogera-un-ciclo-de-conciertos-en-apoyo-de-la-candidatura-del-edificio-a-patrimonio-mundial\/#article","name":"El Palacio del Infantado acoger\u00e1 un ciclo de conciertos en apoyo de la candidatura del edificio a Patrimonio Mundial | El Digital de Asturias","headline":"El Palacio del Infantado acoger\u00e1 un ciclo de conciertos en apoyo de la candidatura del edificio a Patrimonio Mundial","author":{"@id":"https:\/\/eldigitaldeasturias.com\/magazine365\/author\/admin\/#author"},"publisher":{"@id":"https:\/\/eldigitaldeasturias.com\/magazine365\/#organization"},"image":{"@type":"ImageObject","url":"https:\/\/eldigitaldeasturias.com\/magazine365\/wp-content\/uploads\/2016\/06\/fotonoticia_20160629163209_800.jpg","width":800,"height":488},"datePublished":"2016-06-29T20:40:02+02:00","dateModified":"2016-06-29T20:40:02+02:00","inLanguage":"es-ES","mainEntityOfPage":{"@id":"https:\/\/eldigitaldeasturias.com\/magazine365\/el-palacio-del-infantado-acogera-un-ciclo-de-conciertos-en-apoyo-de-la-candidatura-del-edificio-a-patrimonio-mundial\/#webpage"},"isPartOf":{"@id":"https:\/\/eldigitaldeasturias.com\/magazine365\/el-palacio-del-infantado-acogera-un-ciclo-de-conciertos-en-apoyo-de-la-candidatura-del-edificio-a-patrimonio-mundial\/#webpage"},"articleSection":"Noticias y Actualidad"},{"@type":"BreadcrumbList","@id":"https:\/\/eldigitaldeasturias.com\/magazine365\/el-palacio-del-infantado-acogera-un-ciclo-de-conciertos-en-apoyo-de-la-candidatura-del-edificio-a-patrimonio-mundial\/#breadcrumblist","itemListElement":[{"@type":"ListItem","@id":"https:\/\/eldigitaldeasturias.com\/magazine365#listItem","position":1,"name":"Home","item":"https:\/\/eldigitaldeasturias.com\/magazine365","nextItem":{"@type":"ListItem","@id":"https:\/\/eldigitaldeasturias.com\/magazine365\/category\/noticias-actualidad\/#listItem","name":"Noticias y Actualidad"}},{"@type":"ListItem","@id":"https:\/\/eldigitaldeasturias.com\/magazine365\/category\/noticias-actualidad\/#listItem","position":2,"name":"Noticias y Actualidad","item":"https:\/\/eldigitaldeasturias.com\/magazine365\/category\/noticias-actualidad\/","nextItem":{"@type":"ListItem","@id":"https:\/\/eldigitaldeasturias.com\/magazine365\/el-palacio-del-infantado-acogera-un-ciclo-de-conciertos-en-apoyo-de-la-candidatura-del-edificio-a-patrimonio-mundial\/#listItem","name":"El Palacio del Infantado acoger\u00e1 un ciclo de conciertos en apoyo de la candidatura del edificio a Patrimonio Mundial"},"previousItem":{"@type":"ListItem","@id":"https:\/\/eldigitaldeasturias.com\/magazine365#listItem","name":"Home"}},{"@type":"ListItem","@id":"https:\/\/eldigitaldeasturias.com\/magazine365\/el-palacio-del-infantado-acogera-un-ciclo-de-conciertos-en-apoyo-de-la-candidatura-del-edificio-a-patrimonio-mundial\/#listItem","position":3,"name":"El Palacio del Infantado acoger\u00e1 un ciclo de conciertos en apoyo de la candidatura del edificio a Patrimonio Mundial","previousItem":{"@type":"ListItem","@id":"https:\/\/eldigitaldeasturias.com\/magazine365\/category\/noticias-actualidad\/#listItem","name":"Noticias y Actualidad"}}]},{"@type":"Organization","@id":"https:\/\/eldigitaldeasturias.com\/magazine365\/#organization","name":"El digital de Asturias","description":"Revista de ocio, turismo y estilo de vida","url":"https:\/\/eldigitaldeasturias.com\/magazine365\/","logo":{"@type":"ImageObject","url":"https:\/\/www.eldigitaldeasturias.com\/noticias\/wp-content\/uploads\/2020\/12\/EDA.jpg","@id":"https:\/\/eldigitaldeasturias.com\/magazine365\/el-palacio-del-infantado-acogera-un-ciclo-de-conciertos-en-apoyo-de-la-candidatura-del-edificio-a-patrimonio-mundial\/#organizationLogo"},"image":{"@id":"https:\/\/eldigitaldeasturias.com\/magazine365\/el-palacio-del-infantado-acogera-un-ciclo-de-conciertos-en-apoyo-de-la-candidatura-del-edificio-a-patrimonio-mundial\/#organizationLogo"}},{"@type":"Person","@id":"https:\/\/eldigitaldeasturias.com\/magazine365\/author\/admin\/#author","url":"https:\/\/eldigitaldeasturias.com\/magazine365\/author\/admin\/","name":"admin","image":{"@type":"ImageObject","@id":"https:\/\/eldigitaldeasturias.com\/magazine365\/el-palacio-del-infantado-acogera-un-ciclo-de-conciertos-en-apoyo-de-la-candidatura-del-edificio-a-patrimonio-mundial\/#authorImage","url":"https:\/\/eldigitaldeasturias.com\/magazine365\/wp-content\/litespeed\/avatar\/e571bcf59a0edd6fa6838245a470f2fe.jpg?ver=1776969259","width":96,"height":96,"caption":"admin"}},{"@type":"WebPage","@id":"https:\/\/eldigitaldeasturias.com\/magazine365\/el-palacio-del-infantado-acogera-un-ciclo-de-conciertos-en-apoyo-de-la-candidatura-del-edificio-a-patrimonio-mundial\/#webpage","url":"https:\/\/eldigitaldeasturias.com\/magazine365\/el-palacio-del-infantado-acogera-un-ciclo-de-conciertos-en-apoyo-de-la-candidatura-del-edificio-a-patrimonio-mundial\/","name":"El Palacio del Infantado acoger\u00e1 un ciclo de conciertos en apoyo de la candidatura del edificio a Patrimonio Mundial | El Digital de Asturias","description":"El Palacio del Infantado, su emblem\u00e1tico patio y sus jardines, es el escenario elegido para llevar a cabo el ciclo de conciertos que ha organizado el Ayuntamiento de Guadalajara dentro del programa 'Las Noches del Infantado', que se celebrar\u00e1 a lo largo del mes de julio. Se trata, tal y como ha explicado Armengol Engonga,","inLanguage":"es-ES","isPartOf":{"@id":"https:\/\/eldigitaldeasturias.com\/magazine365\/#website"},"breadcrumb":{"@id":"https:\/\/eldigitaldeasturias.com\/magazine365\/el-palacio-del-infantado-acogera-un-ciclo-de-conciertos-en-apoyo-de-la-candidatura-del-edificio-a-patrimonio-mundial\/#breadcrumblist"},"author":{"@id":"https:\/\/eldigitaldeasturias.com\/magazine365\/author\/admin\/#author"},"creator":{"@id":"https:\/\/eldigitaldeasturias.com\/magazine365\/author\/admin\/#author"},"image":{"@type":"ImageObject","url":"https:\/\/eldigitaldeasturias.com\/magazine365\/wp-content\/uploads\/2016\/06\/fotonoticia_20160629163209_800.jpg","@id":"https:\/\/eldigitaldeasturias.com\/magazine365\/el-palacio-del-infantado-acogera-un-ciclo-de-conciertos-en-apoyo-de-la-candidatura-del-edificio-a-patrimonio-mundial\/#mainImage","width":800,"height":488},"primaryImageOfPage":{"@id":"https:\/\/eldigitaldeasturias.com\/magazine365\/el-palacio-del-infantado-acogera-un-ciclo-de-conciertos-en-apoyo-de-la-candidatura-del-edificio-a-patrimonio-mundial\/#mainImage"},"datePublished":"2016-06-29T20:40:02+02:00","dateModified":"2016-06-29T20:40:02+02:00"},{"@type":"WebSite","@id":"https:\/\/eldigitaldeasturias.com\/magazine365\/#website","url":"https:\/\/eldigitaldeasturias.com\/magazine365\/","name":"El Digital de Asturias","description":"Revista de ocio, turismo y estilo de vida","inLanguage":"es-ES","publisher":{"@id":"https:\/\/eldigitaldeasturias.com\/magazine365\/#organization"}}]},"og:locale":"es_ES","og:site_name":"El Digital de Asturias \u2013 Revista de ocio, turismo y estilo de vida","og:type":"article","og:title":"El Palacio del Infantado acoger\u00e1 un ciclo de conciertos en apoyo de la candidatura del edificio a Patrimonio Mundial | El Digital de Asturias","og:description":"El Palacio del Infantado, su emblem\u00e1tico patio y sus jardines, es el escenario elegido para llevar a cabo el ciclo de conciertos que ha organizado el Ayuntamiento de Guadalajara dentro del programa 'Las Noches del Infantado', que se celebrar\u00e1 a lo largo del mes de julio. Se trata, tal y como ha explicado Armengol Engonga,","og:url":"https:\/\/eldigitaldeasturias.com\/magazine365\/el-palacio-del-infantado-acogera-un-ciclo-de-conciertos-en-apoyo-de-la-candidatura-del-edificio-a-patrimonio-mundial\/","og:image":"https:\/\/eldigitaldeasturias.com\/magazine365\/wp-content\/uploads\/2016\/06\/fotonoticia_20160629163209_800.jpg","og:image:secure_url":"https:\/\/eldigitaldeasturias.com\/magazine365\/wp-content\/uploads\/2016\/06\/fotonoticia_20160629163209_800.jpg","og:image:width":800,"og:image:height":488,"article:published_time":"2016-06-29T18:40:02+00:00","article:modified_time":"2016-06-29T18:40:02+00:00","twitter:card":"summary_large_image","twitter:title":"El Palacio del Infantado acoger\u00e1 un ciclo de conciertos en apoyo de la candidatura del edificio a Patrimonio Mundial | El Digital de Asturias","twitter:description":"El Palacio del Infantado, su emblem\u00e1tico patio y sus jardines, es el escenario elegido para llevar a cabo el ciclo de conciertos que ha organizado el Ayuntamiento de Guadalajara dentro del programa 'Las Noches del Infantado', que se celebrar\u00e1 a lo largo del mes de julio. Se trata, tal y como ha explicado Armengol Engonga,","twitter:image":"https:\/\/eldigitaldeasturias.com\/magazine365\/wp-content\/uploads\/2016\/06\/fotonoticia_20160629163209_800.jpg"},"aioseo_meta_data":{"post_id":"81137","title":null,"description":null,"keywords":null,"keyphrases":null,"primary_term":null,"canonical_url":null,"og_title":null,"og_description":null,"og_object_type":"default","og_image_type":"default","og_image_url":null,"og_image_width":null,"og_image_height":null,"og_image_custom_url":null,"og_image_custom_fields":null,"og_video":null,"og_custom_url":null,"og_article_section":null,"og_article_tags":null,"twitter_use_og":false,"twitter_card":"default","twitter_image_type":"default","twitter_image_url":null,"twitter_image_custom_url":null,"twitter_image_custom_fields":null,"twitter_title":null,"twitter_description":null,"schema":{"blockGraphs":[],"customGraphs":[],"default":{"data":{"Article":[],"Course":[],"Dataset":[],"FAQPage":[],"Movie":[],"Person":[],"Product":[],"ProductReview":[],"Car":[],"Recipe":[],"Service":[],"SoftwareApplication":[],"WebPage":[]},"graphName":"","isEnabled":true},"graphs":[],"defaultGraph":"","defaultPostTypeGraph":""},"schema_type":null,"schema_type_options":null,"pillar_content":false,"robots_default":true,"robots_noindex":false,"robots_noarchive":false,"robots_nosnippet":false,"robots_nofollow":false,"robots_noimageindex":false,"robots_noodp":false,"robots_notranslate":false,"robots_max_snippet":null,"robots_max_videopreview":null,"robots_max_imagepreview":"large","priority":null,"frequency":null,"location":null,"local_seo":null,"seo_analyzer_scan_date":"2025-09-27 22:17:39","breadcrumb_settings":null,"limit_modified_date":false,"open_ai":null,"ai":null,"created":"2021-03-08 17:21:45","updated":"2025-09-27 22:17:39"},"aioseo_breadcrumb":"<div class=\"aioseo-breadcrumbs\"><span class=\"aioseo-breadcrumb\">\n\t<a href=\"https:\/\/eldigitaldeasturias.com\/magazine365\" title=\"Home\">Home<\/a>\n<\/span><span class=\"aioseo-breadcrumb-separator\">\u2013<\/span><span class=\"aioseo-breadcrumb\">\n\t<a href=\"https:\/\/eldigitaldeasturias.com\/magazine365\/category\/noticias-actualidad\/\" title=\"Noticias y Actualidad\">Noticias y Actualidad<\/a>\n<\/span><span class=\"aioseo-breadcrumb-separator\">\u2013<\/span><span class=\"aioseo-breadcrumb\">\n\t<a href=\"https:\/\/eldigitaldeasturias.com\/magazine365\/el-palacio-del-infantado-acogera-un-ciclo-de-conciertos-en-apoyo-de-la-candidatura-del-edificio-a-patrimonio-mundial\/\" title=\"El Palacio del Infantado acoger\u00e1 un ciclo de conciertos en apoyo de la candidatura del edificio a Patrimonio Mundial\">El Palacio del Infantado acoger\u00e1 un ciclo de conciertos en apoyo de la candidatura del edificio a Patrimonio Mundial<\/a>\n<\/span><\/div>","aioseo_breadcrumb_json":[{"label":"Home","link":"https:\/\/eldigitaldeasturias.com\/magazine365"},{"label":"Noticias y Actualidad","link":"https:\/\/eldigitaldeasturias.com\/magazine365\/category\/noticias-actualidad\/"},{"label":"El Palacio del Infantado acoger\u00e1 un ciclo de conciertos en apoyo de la candidatura del edificio a Patrimonio Mundial","link":"https:\/\/eldigitaldeasturias.com\/magazine365\/el-palacio-del-infantado-acogera-un-ciclo-de-conciertos-en-apoyo-de-la-candidatura-del-edificio-a-patrimonio-mundial\/"}],"_links":{"self":[{"href":"https:\/\/eldigitaldeasturias.com\/magazine365\/wp-json\/wp\/v2\/posts\/81137","targetHints":{"allow":["GET"]}}],"collection":[{"href":"https:\/\/eldigitaldeasturias.com\/magazine365\/wp-json\/wp\/v2\/posts"}],"about":[{"href":"https:\/\/eldigitaldeasturias.com\/magazine365\/wp-json\/wp\/v2\/types\/post"}],"author":[{"embeddable":true,"href":"https:\/\/eldigitaldeasturias.com\/magazine365\/wp-json\/wp\/v2\/users\/1"}],"replies":[{"embeddable":true,"href":"https:\/\/eldigitaldeasturias.com\/magazine365\/wp-json\/wp\/v2\/comments?post=81137"}],"version-history":[{"count":0,"href":"https:\/\/eldigitaldeasturias.com\/magazine365\/wp-json\/wp\/v2\/posts\/81137\/revisions"}],"wp:featuredmedia":[{"embeddable":true,"href":"https:\/\/eldigitaldeasturias.com\/magazine365\/wp-json\/wp\/v2\/media\/81138"}],"wp:attachment":[{"href":"https:\/\/eldigitaldeasturias.com\/magazine365\/wp-json\/wp\/v2\/media?parent=81137"}],"wp:term":[{"taxonomy":"category","embeddable":true,"href":"https:\/\/eldigitaldeasturias.com\/magazine365\/wp-json\/wp\/v2\/categories?post=81137"},{"taxonomy":"post_tag","embeddable":true,"href":"https:\/\/eldigitaldeasturias.com\/magazine365\/wp-json\/wp\/v2\/tags?post=81137"}],"curies":[{"name":"wp","href":"https:\/\/api.w.org\/{rel}","templated":true}]}}