{"id":81134,"date":"2016-06-29T20:38:55","date_gmt":"2016-06-29T18:38:55","guid":{"rendered":"http:\/\/eldigitaldeasturias.com\/magazine365\/?p=81134"},"modified":"2016-06-29T20:38:55","modified_gmt":"2016-06-29T18:38:55","slug":"la-comision-de-patrimonio-historico-informa-a-favor-del-proyecto-en-el-templo-romano-de-cordoba","status":"publish","type":"post","link":"https:\/\/eldigitaldeasturias.com\/magazine365\/la-comision-de-patrimonio-historico-informa-a-favor-del-proyecto-en-el-templo-romano-de-cordoba\/","title":{"rendered":"La Comisi\u00f3n de Patrimonio Hist\u00f3rico informa a favor del proyecto en el Templo Romano de C\u00f3rdoba"},"content":{"rendered":"<p><img fetchpriority=\"high\" decoding=\"async\" class=\"alignleft size-medium wp-image-81135\" src=\"https:\/\/eldigitaldeasturias.com\/magazine365\/wp-content\/uploads\/2016\/06\/fotonoticia_20160629162918_800-360x270.jpg\" alt=\"fotonoticia_20160629162918_800\" width=\"360\" height=\"270\" srcset=\"https:\/\/eldigitaldeasturias.com\/magazine365\/wp-content\/uploads\/2016\/06\/fotonoticia_20160629162918_800-360x270.jpg 360w, https:\/\/eldigitaldeasturias.com\/magazine365\/wp-content\/uploads\/2016\/06\/fotonoticia_20160629162918_800-650x488.jpg 650w, https:\/\/eldigitaldeasturias.com\/magazine365\/wp-content\/uploads\/2016\/06\/fotonoticia_20160629162918_800-768x576.jpg 768w, https:\/\/eldigitaldeasturias.com\/magazine365\/wp-content\/uploads\/2016\/06\/fotonoticia_20160629162918_800-150x113.jpg 150w, https:\/\/eldigitaldeasturias.com\/magazine365\/wp-content\/uploads\/2016\/06\/fotonoticia_20160629162918_800-450x338.jpg 450w, https:\/\/eldigitaldeasturias.com\/magazine365\/wp-content\/uploads\/2016\/06\/fotonoticia_20160629162918_800-90x67.jpg 90w, https:\/\/eldigitaldeasturias.com\/magazine365\/wp-content\/uploads\/2016\/06\/fotonoticia_20160629162918_800-164x124.jpg 164w, https:\/\/eldigitaldeasturias.com\/magazine365\/wp-content\/uploads\/2016\/06\/fotonoticia_20160629162918_800-100x75.jpg 100w, https:\/\/eldigitaldeasturias.com\/magazine365\/wp-content\/uploads\/2016\/06\/fotonoticia_20160629162918_800.jpg 800w\" sizes=\"(max-width: 360px) 100vw, 360px\" \/>El delegado de Cultura, Turismo y Deporte de la Junta de Andaluc\u00eda en C\u00f3rdoba, Francisco Alcalde, que preside la Comisi\u00f3n de Patrimonio Hist\u00f3rico, ha anunciado este mi\u00e9rcoles que la misma ha informado favorablemente el proyecto, presentado por el Ayuntamiento de C\u00f3rdoba, en el Templo Romano, para conservaci\u00f3n y restauraci\u00f3n de sus estructuras y de las ant\u00e9rides.<\/p>\n<p>Dicho proyecto, seg\u00fan ha informado la Administraci\u00f3n auton\u00f3mica, tiene por objeto la conservaci\u00f3n y restauraci\u00f3n de las estructuras arqueol\u00f3gicas pertenecientes al Templo Romano y del muro de contenci\u00f3n de la terraza superior, as\u00ed como la puesta en valor de este monumento, situado junto a la propia sede del Consistorio cordob\u00e9s, que lo integra.<\/p>\n<p>El Templo Romano de C\u00f3rdoba fue declarado Bien de Inter\u00e9s Cultural (BIC), con categor\u00eda de Monumento, por Decreto 160\/2007 de 29 de mayo. Adem\u00e1s, forma parte del conjunto hist\u00f3rico de C\u00f3rdoba, protegido desde el a\u00f1o 1929, y se encuentra inscrito en el Cat\u00e1logo General del Patrimonio Hist\u00f3rico Andaluz.<\/p>\n<p>Por lo que respecta a su entorno, se trata de un espacio urbano que ha experimentado importantes modificaciones a lo largo de la historia de la ciudad, desde la construcci\u00f3n de la muralla fundacional romana, el posterior complejo de culto imperial en la \u00e9poca de Augusto, su reutilizaci\u00f3n como elemento defensivo en el per\u00edodo emiral y califal, la construcci\u00f3n del convento de San Pablo en 1241, la construcci\u00f3n de las Casas Consistoriales en el siglo XVI, la apertura de la calle Claudio Marcelo a finales del siglo XIX, la demolici\u00f3n del viejo Ayuntamiento, el descubrimiento y posterior restauraci\u00f3n del Templo romano, o la realineaci\u00f3n de la antigua Plaza del Salvador. En la actualidad el tejido residencial del entorno est\u00e1 configurado por edificios renovados a lo largo del siglo XX.<\/p>\n<p>El proyecto informado favorablemente por la Comisi\u00f3n de Patrimonio Hist\u00f3rico plantea actuaciones muy necesarias de consolidaci\u00f3n y restauraci\u00f3n de las estructuras arqueol\u00f3gicas del Templo Romano y de la anastilosis, que se realiz\u00f3 a mediados del siglo pasado.<\/p>\n<p>Junto a ello, la Comisi\u00f3n de Patrimonio Hist\u00f3rico ha indicado la necesidad de reconsiderar algunas de las actuaciones previstas en el proyecto, relativas a la puesta en valor del bien.<\/p>\n<p>El delegado ha recordado tambi\u00e9n que este proyecto se enmarca en la Plan Tur\u00edstico de Grandes Ciudades. As\u00ed, con el informe favorable de la Comisi\u00f3n, como ya ocurri\u00f3 en la sesi\u00f3n del pasado de mayo, en la que se actu\u00f3 de la misma forma con la remodelaci\u00f3n de la calle Capitulares, se consigue un doble objetivo: el cultural, protegiendo y poniendo en valor el patrimonio hist\u00f3rico, y tambi\u00e9n el tur\u00edstico, favoreciendo las actuaciones y la ejecuci\u00f3n del Plan Tur\u00edstico, financiado por la Junta de Andaluc\u00eda y el Ayuntamiento de C\u00f3rdoba.<\/p>\n","protected":false},"excerpt":{"rendered":"<p>El delegado de Cultura, Turismo y Deporte de la Junta de Andaluc\u00eda en C\u00f3rdoba, Francisco Alcalde, que preside la Comisi\u00f3n de Patrimonio Hist\u00f3rico, ha anunciado este mi\u00e9rcoles que la misma ha informado favorablemente el proyecto, presentado por el Ayuntamiento de C\u00f3rdoba, en el Templo Romano, para conservaci\u00f3n y restauraci\u00f3n de sus estructuras y de las<\/p>\n","protected":false},"author":1,"featured_media":81135,"comment_status":"open","ping_status":"closed","sticky":false,"template":"","format":"standard","meta":{"footnotes":""},"categories":[224],"tags":[],"class_list":{"0":"post-81134","1":"post","2":"type-post","3":"status-publish","4":"format-standard","5":"has-post-thumbnail","7":"category-noticias-actualidad"},"aioseo_notices":[],"aioseo_head":"\n\t\t<!-- All in One SEO Pro 4.9.6.1 - aioseo.com -->\n\t<meta name=\"description\" content=\"El delegado de Cultura, Turismo y Deporte de la Junta de Andaluc\u00eda en C\u00f3rdoba, Francisco Alcalde, que preside la Comisi\u00f3n de Patrimonio Hist\u00f3rico, ha anunciado este mi\u00e9rcoles que la misma ha informado favorablemente el proyecto, presentado por el Ayuntamiento de C\u00f3rdoba, en el Templo Romano, para conservaci\u00f3n y restauraci\u00f3n de sus estructuras y de las\" \/>\n\t<meta name=\"robots\" content=\"max-image-preview:large\" \/>\n\t<meta name=\"author\" content=\"admin\"\/>\n\t<meta name=\"google-site-verification\" content=\"UA-38556648-1\" \/>\n\t<meta name=\"keywords\" content=\"noticias y actualidad\" \/>\n\t<link rel=\"canonical\" href=\"https:\/\/eldigitaldeasturias.com\/magazine365\/la-comision-de-patrimonio-historico-informa-a-favor-del-proyecto-en-el-templo-romano-de-cordoba\/\" \/>\n\t<meta name=\"generator\" content=\"All in One SEO Pro (AIOSEO) 4.9.6.1\" \/>\n\t\t<meta property=\"og:locale\" content=\"es_ES\" \/>\n\t\t<meta property=\"og:site_name\" content=\"El Digital de Asturias \u2013 Revista de ocio, turismo y estilo de vida\" \/>\n\t\t<meta property=\"og:type\" content=\"article\" \/>\n\t\t<meta property=\"og:title\" content=\"La Comisi\u00f3n de Patrimonio Hist\u00f3rico informa a favor del proyecto en el Templo Romano de C\u00f3rdoba | El Digital de Asturias\" \/>\n\t\t<meta property=\"og:description\" content=\"El delegado de Cultura, Turismo y Deporte de la Junta de Andaluc\u00eda en C\u00f3rdoba, Francisco Alcalde, que preside la Comisi\u00f3n de Patrimonio Hist\u00f3rico, ha anunciado este mi\u00e9rcoles que la misma ha informado favorablemente el proyecto, presentado por el Ayuntamiento de C\u00f3rdoba, en el Templo Romano, para conservaci\u00f3n y restauraci\u00f3n de sus estructuras y de las\" \/>\n\t\t<meta property=\"og:url\" content=\"https:\/\/eldigitaldeasturias.com\/magazine365\/la-comision-de-patrimonio-historico-informa-a-favor-del-proyecto-en-el-templo-romano-de-cordoba\/\" \/>\n\t\t<meta property=\"og:image\" content=\"https:\/\/eldigitaldeasturias.com\/magazine365\/wp-content\/uploads\/2016\/06\/fotonoticia_20160629162918_800.jpg\" \/>\n\t\t<meta property=\"og:image:secure_url\" content=\"https:\/\/eldigitaldeasturias.com\/magazine365\/wp-content\/uploads\/2016\/06\/fotonoticia_20160629162918_800.jpg\" \/>\n\t\t<meta property=\"og:image:width\" content=\"800\" \/>\n\t\t<meta property=\"og:image:height\" content=\"600\" \/>\n\t\t<meta property=\"article:published_time\" content=\"2016-06-29T18:38:55+00:00\" \/>\n\t\t<meta property=\"article:modified_time\" content=\"2016-06-29T18:38:55+00:00\" \/>\n\t\t<meta name=\"twitter:card\" content=\"summary_large_image\" \/>\n\t\t<meta name=\"twitter:title\" content=\"La Comisi\u00f3n de Patrimonio Hist\u00f3rico informa a favor del proyecto en el Templo Romano de C\u00f3rdoba | El Digital de Asturias\" \/>\n\t\t<meta name=\"twitter:description\" content=\"El delegado de Cultura, Turismo y Deporte de la Junta de Andaluc\u00eda en C\u00f3rdoba, Francisco Alcalde, que preside la Comisi\u00f3n de Patrimonio Hist\u00f3rico, ha anunciado este mi\u00e9rcoles que la misma ha informado favorablemente el proyecto, presentado por el Ayuntamiento de C\u00f3rdoba, en el Templo Romano, para conservaci\u00f3n y restauraci\u00f3n de sus estructuras y de las\" \/>\n\t\t<meta name=\"twitter:image\" content=\"https:\/\/eldigitaldeasturias.com\/magazine365\/wp-content\/uploads\/2016\/06\/fotonoticia_20160629162918_800.jpg\" \/>\n\t\t<script type=\"application\/ld+json\" class=\"aioseo-schema\">\n\t\t\t{\"@context\":\"https:\\\/\\\/schema.org\",\"@graph\":[{\"@type\":\"Article\",\"@id\":\"https:\\\/\\\/eldigitaldeasturias.com\\\/magazine365\\\/la-comision-de-patrimonio-historico-informa-a-favor-del-proyecto-en-el-templo-romano-de-cordoba\\\/#article\",\"name\":\"La Comisi\\u00f3n de Patrimonio Hist\\u00f3rico informa a favor del proyecto en el Templo Romano de C\\u00f3rdoba | El Digital de Asturias\",\"headline\":\"La Comisi\\u00f3n de Patrimonio Hist\\u00f3rico informa a favor del proyecto en el Templo Romano de C\\u00f3rdoba\",\"author\":{\"@id\":\"https:\\\/\\\/eldigitaldeasturias.com\\\/magazine365\\\/author\\\/admin\\\/#author\"},\"publisher\":{\"@id\":\"https:\\\/\\\/eldigitaldeasturias.com\\\/magazine365\\\/#organization\"},\"image\":{\"@type\":\"ImageObject\",\"url\":\"https:\\\/\\\/eldigitaldeasturias.com\\\/magazine365\\\/wp-content\\\/uploads\\\/2016\\\/06\\\/fotonoticia_20160629162918_800.jpg\",\"width\":800,\"height\":600},\"datePublished\":\"2016-06-29T20:38:55+02:00\",\"dateModified\":\"2016-06-29T20:38:55+02:00\",\"inLanguage\":\"es-ES\",\"mainEntityOfPage\":{\"@id\":\"https:\\\/\\\/eldigitaldeasturias.com\\\/magazine365\\\/la-comision-de-patrimonio-historico-informa-a-favor-del-proyecto-en-el-templo-romano-de-cordoba\\\/#webpage\"},\"isPartOf\":{\"@id\":\"https:\\\/\\\/eldigitaldeasturias.com\\\/magazine365\\\/la-comision-de-patrimonio-historico-informa-a-favor-del-proyecto-en-el-templo-romano-de-cordoba\\\/#webpage\"},\"articleSection\":\"Noticias y Actualidad\"},{\"@type\":\"BreadcrumbList\",\"@id\":\"https:\\\/\\\/eldigitaldeasturias.com\\\/magazine365\\\/la-comision-de-patrimonio-historico-informa-a-favor-del-proyecto-en-el-templo-romano-de-cordoba\\\/#breadcrumblist\",\"itemListElement\":[{\"@type\":\"ListItem\",\"@id\":\"https:\\\/\\\/eldigitaldeasturias.com\\\/magazine365#listItem\",\"position\":1,\"name\":\"Home\",\"item\":\"https:\\\/\\\/eldigitaldeasturias.com\\\/magazine365\",\"nextItem\":{\"@type\":\"ListItem\",\"@id\":\"https:\\\/\\\/eldigitaldeasturias.com\\\/magazine365\\\/category\\\/noticias-actualidad\\\/#listItem\",\"name\":\"Noticias y Actualidad\"}},{\"@type\":\"ListItem\",\"@id\":\"https:\\\/\\\/eldigitaldeasturias.com\\\/magazine365\\\/category\\\/noticias-actualidad\\\/#listItem\",\"position\":2,\"name\":\"Noticias y Actualidad\",\"item\":\"https:\\\/\\\/eldigitaldeasturias.com\\\/magazine365\\\/category\\\/noticias-actualidad\\\/\",\"nextItem\":{\"@type\":\"ListItem\",\"@id\":\"https:\\\/\\\/eldigitaldeasturias.com\\\/magazine365\\\/la-comision-de-patrimonio-historico-informa-a-favor-del-proyecto-en-el-templo-romano-de-cordoba\\\/#listItem\",\"name\":\"La Comisi\\u00f3n de Patrimonio Hist\\u00f3rico informa a favor del proyecto en el Templo Romano de C\\u00f3rdoba\"},\"previousItem\":{\"@type\":\"ListItem\",\"@id\":\"https:\\\/\\\/eldigitaldeasturias.com\\\/magazine365#listItem\",\"name\":\"Home\"}},{\"@type\":\"ListItem\",\"@id\":\"https:\\\/\\\/eldigitaldeasturias.com\\\/magazine365\\\/la-comision-de-patrimonio-historico-informa-a-favor-del-proyecto-en-el-templo-romano-de-cordoba\\\/#listItem\",\"position\":3,\"name\":\"La Comisi\\u00f3n de Patrimonio Hist\\u00f3rico informa a favor del proyecto en el Templo Romano de C\\u00f3rdoba\",\"previousItem\":{\"@type\":\"ListItem\",\"@id\":\"https:\\\/\\\/eldigitaldeasturias.com\\\/magazine365\\\/category\\\/noticias-actualidad\\\/#listItem\",\"name\":\"Noticias y Actualidad\"}}]},{\"@type\":\"Organization\",\"@id\":\"https:\\\/\\\/eldigitaldeasturias.com\\\/magazine365\\\/#organization\",\"name\":\"El digital de Asturias\",\"description\":\"Revista de ocio, turismo y estilo de vida\",\"url\":\"https:\\\/\\\/eldigitaldeasturias.com\\\/magazine365\\\/\",\"logo\":{\"@type\":\"ImageObject\",\"url\":\"https:\\\/\\\/www.eldigitaldeasturias.com\\\/noticias\\\/wp-content\\\/uploads\\\/2020\\\/12\\\/EDA.jpg\",\"@id\":\"https:\\\/\\\/eldigitaldeasturias.com\\\/magazine365\\\/la-comision-de-patrimonio-historico-informa-a-favor-del-proyecto-en-el-templo-romano-de-cordoba\\\/#organizationLogo\"},\"image\":{\"@id\":\"https:\\\/\\\/eldigitaldeasturias.com\\\/magazine365\\\/la-comision-de-patrimonio-historico-informa-a-favor-del-proyecto-en-el-templo-romano-de-cordoba\\\/#organizationLogo\"}},{\"@type\":\"Person\",\"@id\":\"https:\\\/\\\/eldigitaldeasturias.com\\\/magazine365\\\/author\\\/admin\\\/#author\",\"url\":\"https:\\\/\\\/eldigitaldeasturias.com\\\/magazine365\\\/author\\\/admin\\\/\",\"name\":\"admin\",\"image\":{\"@type\":\"ImageObject\",\"@id\":\"https:\\\/\\\/eldigitaldeasturias.com\\\/magazine365\\\/la-comision-de-patrimonio-historico-informa-a-favor-del-proyecto-en-el-templo-romano-de-cordoba\\\/#authorImage\",\"url\":\"https:\\\/\\\/eldigitaldeasturias.com\\\/magazine365\\\/wp-content\\\/litespeed\\\/avatar\\\/e571bcf59a0edd6fa6838245a470f2fe.jpg?ver=1776969259\",\"width\":96,\"height\":96,\"caption\":\"admin\"}},{\"@type\":\"WebPage\",\"@id\":\"https:\\\/\\\/eldigitaldeasturias.com\\\/magazine365\\\/la-comision-de-patrimonio-historico-informa-a-favor-del-proyecto-en-el-templo-romano-de-cordoba\\\/#webpage\",\"url\":\"https:\\\/\\\/eldigitaldeasturias.com\\\/magazine365\\\/la-comision-de-patrimonio-historico-informa-a-favor-del-proyecto-en-el-templo-romano-de-cordoba\\\/\",\"name\":\"La Comisi\\u00f3n de Patrimonio Hist\\u00f3rico informa a favor del proyecto en el Templo Romano de C\\u00f3rdoba | El Digital de Asturias\",\"description\":\"El delegado de Cultura, Turismo y Deporte de la Junta de Andaluc\\u00eda en C\\u00f3rdoba, Francisco Alcalde, que preside la Comisi\\u00f3n de Patrimonio Hist\\u00f3rico, ha anunciado este mi\\u00e9rcoles que la misma ha informado favorablemente el proyecto, presentado por el Ayuntamiento de C\\u00f3rdoba, en el Templo Romano, para conservaci\\u00f3n y restauraci\\u00f3n de sus estructuras y de las\",\"inLanguage\":\"es-ES\",\"isPartOf\":{\"@id\":\"https:\\\/\\\/eldigitaldeasturias.com\\\/magazine365\\\/#website\"},\"breadcrumb\":{\"@id\":\"https:\\\/\\\/eldigitaldeasturias.com\\\/magazine365\\\/la-comision-de-patrimonio-historico-informa-a-favor-del-proyecto-en-el-templo-romano-de-cordoba\\\/#breadcrumblist\"},\"author\":{\"@id\":\"https:\\\/\\\/eldigitaldeasturias.com\\\/magazine365\\\/author\\\/admin\\\/#author\"},\"creator\":{\"@id\":\"https:\\\/\\\/eldigitaldeasturias.com\\\/magazine365\\\/author\\\/admin\\\/#author\"},\"image\":{\"@type\":\"ImageObject\",\"url\":\"https:\\\/\\\/eldigitaldeasturias.com\\\/magazine365\\\/wp-content\\\/uploads\\\/2016\\\/06\\\/fotonoticia_20160629162918_800.jpg\",\"@id\":\"https:\\\/\\\/eldigitaldeasturias.com\\\/magazine365\\\/la-comision-de-patrimonio-historico-informa-a-favor-del-proyecto-en-el-templo-romano-de-cordoba\\\/#mainImage\",\"width\":800,\"height\":600},\"primaryImageOfPage\":{\"@id\":\"https:\\\/\\\/eldigitaldeasturias.com\\\/magazine365\\\/la-comision-de-patrimonio-historico-informa-a-favor-del-proyecto-en-el-templo-romano-de-cordoba\\\/#mainImage\"},\"datePublished\":\"2016-06-29T20:38:55+02:00\",\"dateModified\":\"2016-06-29T20:38:55+02:00\"},{\"@type\":\"WebSite\",\"@id\":\"https:\\\/\\\/eldigitaldeasturias.com\\\/magazine365\\\/#website\",\"url\":\"https:\\\/\\\/eldigitaldeasturias.com\\\/magazine365\\\/\",\"name\":\"El Digital de Asturias\",\"description\":\"Revista de ocio, turismo y estilo de vida\",\"inLanguage\":\"es-ES\",\"publisher\":{\"@id\":\"https:\\\/\\\/eldigitaldeasturias.com\\\/magazine365\\\/#organization\"}}]}\n\t\t<\/script>\n\t\t<!-- All in One SEO Pro -->\r\n\t\t<title>La Comisi\u00f3n de Patrimonio Hist\u00f3rico informa a favor del proyecto en el Templo Romano de C\u00f3rdoba | El Digital de Asturias<\/title>\n\n","aioseo_head_json":{"title":"La Comisi\u00f3n de Patrimonio Hist\u00f3rico informa a favor del proyecto en el Templo Romano de C\u00f3rdoba | El Digital de Asturias","description":"El delegado de Cultura, Turismo y Deporte de la Junta de Andaluc\u00eda en C\u00f3rdoba, Francisco Alcalde, que preside la Comisi\u00f3n de Patrimonio Hist\u00f3rico, ha anunciado este mi\u00e9rcoles que la misma ha informado favorablemente el proyecto, presentado por el Ayuntamiento de C\u00f3rdoba, en el Templo Romano, para conservaci\u00f3n y restauraci\u00f3n de sus estructuras y de las","canonical_url":"https:\/\/eldigitaldeasturias.com\/magazine365\/la-comision-de-patrimonio-historico-informa-a-favor-del-proyecto-en-el-templo-romano-de-cordoba\/","robots":"max-image-preview:large","keywords":"noticias y actualidad","webmasterTools":{"google-site-verification":"UA-38556648-1","miscellaneous":""},"schema":{"@context":"https:\/\/schema.org","@graph":[{"@type":"Article","@id":"https:\/\/eldigitaldeasturias.com\/magazine365\/la-comision-de-patrimonio-historico-informa-a-favor-del-proyecto-en-el-templo-romano-de-cordoba\/#article","name":"La Comisi\u00f3n de Patrimonio Hist\u00f3rico informa a favor del proyecto en el Templo Romano de C\u00f3rdoba | El Digital de Asturias","headline":"La Comisi\u00f3n de Patrimonio Hist\u00f3rico informa a favor del proyecto en el Templo Romano de C\u00f3rdoba","author":{"@id":"https:\/\/eldigitaldeasturias.com\/magazine365\/author\/admin\/#author"},"publisher":{"@id":"https:\/\/eldigitaldeasturias.com\/magazine365\/#organization"},"image":{"@type":"ImageObject","url":"https:\/\/eldigitaldeasturias.com\/magazine365\/wp-content\/uploads\/2016\/06\/fotonoticia_20160629162918_800.jpg","width":800,"height":600},"datePublished":"2016-06-29T20:38:55+02:00","dateModified":"2016-06-29T20:38:55+02:00","inLanguage":"es-ES","mainEntityOfPage":{"@id":"https:\/\/eldigitaldeasturias.com\/magazine365\/la-comision-de-patrimonio-historico-informa-a-favor-del-proyecto-en-el-templo-romano-de-cordoba\/#webpage"},"isPartOf":{"@id":"https:\/\/eldigitaldeasturias.com\/magazine365\/la-comision-de-patrimonio-historico-informa-a-favor-del-proyecto-en-el-templo-romano-de-cordoba\/#webpage"},"articleSection":"Noticias y Actualidad"},{"@type":"BreadcrumbList","@id":"https:\/\/eldigitaldeasturias.com\/magazine365\/la-comision-de-patrimonio-historico-informa-a-favor-del-proyecto-en-el-templo-romano-de-cordoba\/#breadcrumblist","itemListElement":[{"@type":"ListItem","@id":"https:\/\/eldigitaldeasturias.com\/magazine365#listItem","position":1,"name":"Home","item":"https:\/\/eldigitaldeasturias.com\/magazine365","nextItem":{"@type":"ListItem","@id":"https:\/\/eldigitaldeasturias.com\/magazine365\/category\/noticias-actualidad\/#listItem","name":"Noticias y Actualidad"}},{"@type":"ListItem","@id":"https:\/\/eldigitaldeasturias.com\/magazine365\/category\/noticias-actualidad\/#listItem","position":2,"name":"Noticias y Actualidad","item":"https:\/\/eldigitaldeasturias.com\/magazine365\/category\/noticias-actualidad\/","nextItem":{"@type":"ListItem","@id":"https:\/\/eldigitaldeasturias.com\/magazine365\/la-comision-de-patrimonio-historico-informa-a-favor-del-proyecto-en-el-templo-romano-de-cordoba\/#listItem","name":"La Comisi\u00f3n de Patrimonio Hist\u00f3rico informa a favor del proyecto en el Templo Romano de C\u00f3rdoba"},"previousItem":{"@type":"ListItem","@id":"https:\/\/eldigitaldeasturias.com\/magazine365#listItem","name":"Home"}},{"@type":"ListItem","@id":"https:\/\/eldigitaldeasturias.com\/magazine365\/la-comision-de-patrimonio-historico-informa-a-favor-del-proyecto-en-el-templo-romano-de-cordoba\/#listItem","position":3,"name":"La Comisi\u00f3n de Patrimonio Hist\u00f3rico informa a favor del proyecto en el Templo Romano de C\u00f3rdoba","previousItem":{"@type":"ListItem","@id":"https:\/\/eldigitaldeasturias.com\/magazine365\/category\/noticias-actualidad\/#listItem","name":"Noticias y Actualidad"}}]},{"@type":"Organization","@id":"https:\/\/eldigitaldeasturias.com\/magazine365\/#organization","name":"El digital de Asturias","description":"Revista de ocio, turismo y estilo de vida","url":"https:\/\/eldigitaldeasturias.com\/magazine365\/","logo":{"@type":"ImageObject","url":"https:\/\/www.eldigitaldeasturias.com\/noticias\/wp-content\/uploads\/2020\/12\/EDA.jpg","@id":"https:\/\/eldigitaldeasturias.com\/magazine365\/la-comision-de-patrimonio-historico-informa-a-favor-del-proyecto-en-el-templo-romano-de-cordoba\/#organizationLogo"},"image":{"@id":"https:\/\/eldigitaldeasturias.com\/magazine365\/la-comision-de-patrimonio-historico-informa-a-favor-del-proyecto-en-el-templo-romano-de-cordoba\/#organizationLogo"}},{"@type":"Person","@id":"https:\/\/eldigitaldeasturias.com\/magazine365\/author\/admin\/#author","url":"https:\/\/eldigitaldeasturias.com\/magazine365\/author\/admin\/","name":"admin","image":{"@type":"ImageObject","@id":"https:\/\/eldigitaldeasturias.com\/magazine365\/la-comision-de-patrimonio-historico-informa-a-favor-del-proyecto-en-el-templo-romano-de-cordoba\/#authorImage","url":"https:\/\/eldigitaldeasturias.com\/magazine365\/wp-content\/litespeed\/avatar\/e571bcf59a0edd6fa6838245a470f2fe.jpg?ver=1776969259","width":96,"height":96,"caption":"admin"}},{"@type":"WebPage","@id":"https:\/\/eldigitaldeasturias.com\/magazine365\/la-comision-de-patrimonio-historico-informa-a-favor-del-proyecto-en-el-templo-romano-de-cordoba\/#webpage","url":"https:\/\/eldigitaldeasturias.com\/magazine365\/la-comision-de-patrimonio-historico-informa-a-favor-del-proyecto-en-el-templo-romano-de-cordoba\/","name":"La Comisi\u00f3n de Patrimonio Hist\u00f3rico informa a favor del proyecto en el Templo Romano de C\u00f3rdoba | El Digital de Asturias","description":"El delegado de Cultura, Turismo y Deporte de la Junta de Andaluc\u00eda en C\u00f3rdoba, Francisco Alcalde, que preside la Comisi\u00f3n de Patrimonio Hist\u00f3rico, ha anunciado este mi\u00e9rcoles que la misma ha informado favorablemente el proyecto, presentado por el Ayuntamiento de C\u00f3rdoba, en el Templo Romano, para conservaci\u00f3n y restauraci\u00f3n de sus estructuras y de las","inLanguage":"es-ES","isPartOf":{"@id":"https:\/\/eldigitaldeasturias.com\/magazine365\/#website"},"breadcrumb":{"@id":"https:\/\/eldigitaldeasturias.com\/magazine365\/la-comision-de-patrimonio-historico-informa-a-favor-del-proyecto-en-el-templo-romano-de-cordoba\/#breadcrumblist"},"author":{"@id":"https:\/\/eldigitaldeasturias.com\/magazine365\/author\/admin\/#author"},"creator":{"@id":"https:\/\/eldigitaldeasturias.com\/magazine365\/author\/admin\/#author"},"image":{"@type":"ImageObject","url":"https:\/\/eldigitaldeasturias.com\/magazine365\/wp-content\/uploads\/2016\/06\/fotonoticia_20160629162918_800.jpg","@id":"https:\/\/eldigitaldeasturias.com\/magazine365\/la-comision-de-patrimonio-historico-informa-a-favor-del-proyecto-en-el-templo-romano-de-cordoba\/#mainImage","width":800,"height":600},"primaryImageOfPage":{"@id":"https:\/\/eldigitaldeasturias.com\/magazine365\/la-comision-de-patrimonio-historico-informa-a-favor-del-proyecto-en-el-templo-romano-de-cordoba\/#mainImage"},"datePublished":"2016-06-29T20:38:55+02:00","dateModified":"2016-06-29T20:38:55+02:00"},{"@type":"WebSite","@id":"https:\/\/eldigitaldeasturias.com\/magazine365\/#website","url":"https:\/\/eldigitaldeasturias.com\/magazine365\/","name":"El Digital de Asturias","description":"Revista de ocio, turismo y estilo de vida","inLanguage":"es-ES","publisher":{"@id":"https:\/\/eldigitaldeasturias.com\/magazine365\/#organization"}}]},"og:locale":"es_ES","og:site_name":"El Digital de Asturias \u2013 Revista de ocio, turismo y estilo de vida","og:type":"article","og:title":"La Comisi\u00f3n de Patrimonio Hist\u00f3rico informa a favor del proyecto en el Templo Romano de C\u00f3rdoba | El Digital de Asturias","og:description":"El delegado de Cultura, Turismo y Deporte de la Junta de Andaluc\u00eda en C\u00f3rdoba, Francisco Alcalde, que preside la Comisi\u00f3n de Patrimonio Hist\u00f3rico, ha anunciado este mi\u00e9rcoles que la misma ha informado favorablemente el proyecto, presentado por el Ayuntamiento de C\u00f3rdoba, en el Templo Romano, para conservaci\u00f3n y restauraci\u00f3n de sus estructuras y de las","og:url":"https:\/\/eldigitaldeasturias.com\/magazine365\/la-comision-de-patrimonio-historico-informa-a-favor-del-proyecto-en-el-templo-romano-de-cordoba\/","og:image":"https:\/\/eldigitaldeasturias.com\/magazine365\/wp-content\/uploads\/2016\/06\/fotonoticia_20160629162918_800.jpg","og:image:secure_url":"https:\/\/eldigitaldeasturias.com\/magazine365\/wp-content\/uploads\/2016\/06\/fotonoticia_20160629162918_800.jpg","og:image:width":800,"og:image:height":600,"article:published_time":"2016-06-29T18:38:55+00:00","article:modified_time":"2016-06-29T18:38:55+00:00","twitter:card":"summary_large_image","twitter:title":"La Comisi\u00f3n de Patrimonio Hist\u00f3rico informa a favor del proyecto en el Templo Romano de C\u00f3rdoba | El Digital de Asturias","twitter:description":"El delegado de Cultura, Turismo y Deporte de la Junta de Andaluc\u00eda en C\u00f3rdoba, Francisco Alcalde, que preside la Comisi\u00f3n de Patrimonio Hist\u00f3rico, ha anunciado este mi\u00e9rcoles que la misma ha informado favorablemente el proyecto, presentado por el Ayuntamiento de C\u00f3rdoba, en el Templo Romano, para conservaci\u00f3n y restauraci\u00f3n de sus estructuras y de las","twitter:image":"https:\/\/eldigitaldeasturias.com\/magazine365\/wp-content\/uploads\/2016\/06\/fotonoticia_20160629162918_800.jpg"},"aioseo_meta_data":{"post_id":"81134","title":null,"description":null,"keywords":null,"keyphrases":null,"primary_term":null,"canonical_url":null,"og_title":null,"og_description":null,"og_object_type":"default","og_image_type":"default","og_image_url":null,"og_image_width":null,"og_image_height":null,"og_image_custom_url":null,"og_image_custom_fields":null,"og_video":null,"og_custom_url":null,"og_article_section":null,"og_article_tags":null,"twitter_use_og":false,"twitter_card":"default","twitter_image_type":"default","twitter_image_url":null,"twitter_image_custom_url":null,"twitter_image_custom_fields":null,"twitter_title":null,"twitter_description":null,"schema":{"blockGraphs":[],"customGraphs":[],"default":{"data":{"Article":[],"Course":[],"Dataset":[],"FAQPage":[],"Movie":[],"Person":[],"Product":[],"ProductReview":[],"Car":[],"Recipe":[],"Service":[],"SoftwareApplication":[],"WebPage":[]},"graphName":"","isEnabled":true},"graphs":[],"defaultGraph":"","defaultPostTypeGraph":""},"schema_type":null,"schema_type_options":null,"pillar_content":false,"robots_default":true,"robots_noindex":false,"robots_noarchive":false,"robots_nosnippet":false,"robots_nofollow":false,"robots_noimageindex":false,"robots_noodp":false,"robots_notranslate":false,"robots_max_snippet":null,"robots_max_videopreview":null,"robots_max_imagepreview":"large","priority":null,"frequency":null,"location":null,"local_seo":null,"seo_analyzer_scan_date":"2025-09-27 22:17:38","breadcrumb_settings":null,"limit_modified_date":false,"open_ai":null,"ai":null,"created":"2021-03-08 17:21:45","updated":"2025-09-27 22:17:38"},"aioseo_breadcrumb":"<div class=\"aioseo-breadcrumbs\"><span class=\"aioseo-breadcrumb\">\n\t<a href=\"https:\/\/eldigitaldeasturias.com\/magazine365\" title=\"Home\">Home<\/a>\n<\/span><span class=\"aioseo-breadcrumb-separator\">\u2013<\/span><span class=\"aioseo-breadcrumb\">\n\t<a href=\"https:\/\/eldigitaldeasturias.com\/magazine365\/category\/noticias-actualidad\/\" title=\"Noticias y Actualidad\">Noticias y Actualidad<\/a>\n<\/span><span class=\"aioseo-breadcrumb-separator\">\u2013<\/span><span class=\"aioseo-breadcrumb\">\n\t<a href=\"https:\/\/eldigitaldeasturias.com\/magazine365\/la-comision-de-patrimonio-historico-informa-a-favor-del-proyecto-en-el-templo-romano-de-cordoba\/\" title=\"La Comisi\u00f3n de Patrimonio Hist\u00f3rico informa a favor del proyecto en el Templo Romano de C\u00f3rdoba\">La Comisi\u00f3n de Patrimonio Hist\u00f3rico informa a favor del proyecto en el Templo Romano de C\u00f3rdoba<\/a>\n<\/span><\/div>","aioseo_breadcrumb_json":[{"label":"Home","link":"https:\/\/eldigitaldeasturias.com\/magazine365"},{"label":"Noticias y Actualidad","link":"https:\/\/eldigitaldeasturias.com\/magazine365\/category\/noticias-actualidad\/"},{"label":"La Comisi\u00f3n de Patrimonio Hist\u00f3rico informa a favor del proyecto en el Templo Romano de C\u00f3rdoba","link":"https:\/\/eldigitaldeasturias.com\/magazine365\/la-comision-de-patrimonio-historico-informa-a-favor-del-proyecto-en-el-templo-romano-de-cordoba\/"}],"_links":{"self":[{"href":"https:\/\/eldigitaldeasturias.com\/magazine365\/wp-json\/wp\/v2\/posts\/81134","targetHints":{"allow":["GET"]}}],"collection":[{"href":"https:\/\/eldigitaldeasturias.com\/magazine365\/wp-json\/wp\/v2\/posts"}],"about":[{"href":"https:\/\/eldigitaldeasturias.com\/magazine365\/wp-json\/wp\/v2\/types\/post"}],"author":[{"embeddable":true,"href":"https:\/\/eldigitaldeasturias.com\/magazine365\/wp-json\/wp\/v2\/users\/1"}],"replies":[{"embeddable":true,"href":"https:\/\/eldigitaldeasturias.com\/magazine365\/wp-json\/wp\/v2\/comments?post=81134"}],"version-history":[{"count":0,"href":"https:\/\/eldigitaldeasturias.com\/magazine365\/wp-json\/wp\/v2\/posts\/81134\/revisions"}],"wp:featuredmedia":[{"embeddable":true,"href":"https:\/\/eldigitaldeasturias.com\/magazine365\/wp-json\/wp\/v2\/media\/81135"}],"wp:attachment":[{"href":"https:\/\/eldigitaldeasturias.com\/magazine365\/wp-json\/wp\/v2\/media?parent=81134"}],"wp:term":[{"taxonomy":"category","embeddable":true,"href":"https:\/\/eldigitaldeasturias.com\/magazine365\/wp-json\/wp\/v2\/categories?post=81134"},{"taxonomy":"post_tag","embeddable":true,"href":"https:\/\/eldigitaldeasturias.com\/magazine365\/wp-json\/wp\/v2\/tags?post=81134"}],"curies":[{"name":"wp","href":"https:\/\/api.w.org\/{rel}","templated":true}]}}