{"id":81123,"date":"2016-06-29T20:34:29","date_gmt":"2016-06-29T18:34:29","guid":{"rendered":"http:\/\/eldigitaldeasturias.com\/magazine365\/?p=81123"},"modified":"2016-06-29T20:34:29","modified_gmt":"2016-06-29T18:34:29","slug":"el-trekking-altas-cumbres-abre-las-rutas-de-la-fusion-de-la-nieve-en-sierra-nevada","status":"publish","type":"post","link":"https:\/\/eldigitaldeasturias.com\/magazine365\/el-trekking-altas-cumbres-abre-las-rutas-de-la-fusion-de-la-nieve-en-sierra-nevada\/","title":{"rendered":"El trekking Altas Cumbres abre las rutas de la fusi\u00f3n de la nieve en Sierra Nevada"},"content":{"rendered":"<p><img fetchpriority=\"high\" decoding=\"async\" class=\"alignleft size-medium wp-image-77926\" src=\"https:\/\/eldigitaldeasturias.com\/magazine365\/wp-content\/uploads\/2016\/06\/m365-360x198.jpg\" alt=\"m365\" width=\"360\" height=\"198\" srcset=\"https:\/\/eldigitaldeasturias.com\/magazine365\/wp-content\/uploads\/2016\/06\/m365-360x198.jpg 360w, https:\/\/eldigitaldeasturias.com\/magazine365\/wp-content\/uploads\/2016\/06\/m365-650x357.jpg 650w, https:\/\/eldigitaldeasturias.com\/magazine365\/wp-content\/uploads\/2016\/06\/m365-150x82.jpg 150w, https:\/\/eldigitaldeasturias.com\/magazine365\/wp-content\/uploads\/2016\/06\/m365-450x247.jpg 450w, https:\/\/eldigitaldeasturias.com\/magazine365\/wp-content\/uploads\/2016\/06\/m365.jpg 655w\" sizes=\"(max-width: 360px) 100vw, 360px\" \/>Sierra Nevada organiza este s\u00e1bado, 2 de julio, enmarcado en su programa deportivo estival, el Trekking Interpretativo de las Altas Cumbres, con la ascensi\u00f3n al pico de los Machos para un nivel medio de monta\u00f1eros y al pico Mulhac\u00e9n para carrera por monta\u00f1a de nivel alto.<\/p>\n<p>La actividad, promovida por el Club Deportivo Altal\u00ed y Mamut Sierra Nevada, pretende descubrir las posibilidades de monta\u00f1ismo de altas cumbres que tiene Sierra Nevada, dar a conocer una muestra del patrimonio natural y cultural que albergan estas monta\u00f1as, mostrar la oportunidad que brindan los remontes abiertos en verano para iniciarse en la alta monta\u00f1a y aprender los protocolos imprescindibles de seguridad para transitar por ella. Los gu\u00edas de Mamut Sierra Nevada acompa\u00f1ar\u00e1n a los participantes durante todo el recorrido.<\/p>\n<p>La ruta dise\u00f1ada para esta ascensi\u00f3n al cerro de los Machos tiene una distancia de 7,5 kil\u00f3metros y un desnivel acumulado de 699 metros, su duraci\u00f3n es de media jornada y el nivel de exigencia f\u00edsica es medio.<\/p>\n<p>La otra opci\u00f3n, m\u00e1s extrema, es la del trail running hasta el Mulhac\u00e9n. En este caso se recorren 20,4 kil\u00f3metros, con un desnivel acumulado de 1.802 metros, una duraci\u00f3n aproximada de cinco horas y un nivel de exigencia f\u00edsica alto.<\/p>\n<p>Para esta actividad de carrera por monta\u00f1a hay inscritos de varios puntos de Espa\u00f1a y miembros de varios clubes de monta\u00f1a de Granada: Club Cerro del Caballo, Club Salta balates, Club la Bicha, Club Deportivo Altal\u00ed y del Club Organizador.<\/p>\n<p>El plazo de inscripci\u00f3n concluye el 30 de julio. La misma incluye el acceso en medios mec\u00e1nicos, telecabina y telesilla, gafas de sol, gazpacho, servicio de gu\u00eda e interpretaci\u00f3n de la naturaleza y seguro de asistencia y responsabilidad civil.<\/p>\n<p>El fin de la actividad es tambi\u00e9n solidario, el coste de la inscripci\u00f3n (15 euros) ir\u00e1 destinado \u00edntegramente a la reconstrucci\u00f3n de una aldea de Nepal, que fue devastada por los terremotos de abril de 2015, se trata de la aldea de Langtang a 3.500 metros de altitud. Con el dinero recaudado se ir\u00e1 a Nepal para comprar cemento, y se cubrir\u00e1n los gastos del transporte desde Katmand\u00fa. Un grupo de voluntarios permanecer\u00e1 un tiempo ayudando a las familias m\u00e1s desfavorecidas, que a\u00fan no han conseguido los materiales suficientes para comenzar la reconstrucci\u00f3n de sus casas.<\/p>\n<p>El Trekking de las Altas Cumbres de este s\u00e1bado se enmarca en los senderos de la Fusi\u00f3n de la Nieve y recorridos por las Altas Cumbres. La apertura de los remontes, el telecabina Borreguiles y el telesilla Veleta, facilita el acceso de los usuarios desde los 2.100 a los 3.000 metros para iniciar algunas de las rutas de senderismo o running en alta monta\u00f1a.<\/p>\n<p>Por otro lado, Sierra Nevada contin\u00faa este fin de semana con su programa de Astroturismo con tres actividades: Ge\u00f3logo por un d\u00eda y Atardecer desde el Veleta, el d\u00eda 2 de julio y Luces del Amanecer, en el collado del Diablo, el domingo d\u00eda 3.<\/p>\n","protected":false},"excerpt":{"rendered":"<p>Sierra Nevada organiza este s\u00e1bado, 2 de julio, enmarcado en su programa deportivo estival, el Trekking Interpretativo de las Altas Cumbres, con la ascensi\u00f3n al pico de los Machos para un nivel medio de monta\u00f1eros y al pico Mulhac\u00e9n para carrera por monta\u00f1a de nivel alto. La actividad, promovida por el Club Deportivo Altal\u00ed y<\/p>\n","protected":false},"author":1,"featured_media":77926,"comment_status":"open","ping_status":"closed","sticky":false,"template":"","format":"standard","meta":{"footnotes":""},"categories":[224],"tags":[],"class_list":{"0":"post-81123","1":"post","2":"type-post","3":"status-publish","4":"format-standard","5":"has-post-thumbnail","7":"category-noticias-actualidad"},"aioseo_notices":[],"aioseo_head":"\n\t\t<!-- All in One SEO Pro 4.9.6.1 - aioseo.com -->\n\t<meta name=\"description\" content=\"Sierra Nevada organiza este s\u00e1bado, 2 de julio, enmarcado en su programa deportivo estival, el Trekking Interpretativo de las Altas Cumbres, con la ascensi\u00f3n al pico de los Machos para un nivel medio de monta\u00f1eros y al pico Mulhac\u00e9n para carrera por monta\u00f1a de nivel alto. La actividad, promovida por el Club Deportivo Altal\u00ed y\" \/>\n\t<meta name=\"robots\" content=\"max-image-preview:large\" \/>\n\t<meta name=\"author\" content=\"admin\"\/>\n\t<meta name=\"google-site-verification\" content=\"UA-38556648-1\" \/>\n\t<meta name=\"keywords\" content=\"noticias y actualidad\" \/>\n\t<link rel=\"canonical\" href=\"https:\/\/eldigitaldeasturias.com\/magazine365\/el-trekking-altas-cumbres-abre-las-rutas-de-la-fusion-de-la-nieve-en-sierra-nevada\/\" \/>\n\t<meta name=\"generator\" content=\"All in One SEO Pro (AIOSEO) 4.9.6.1\" \/>\n\t\t<meta property=\"og:locale\" content=\"es_ES\" \/>\n\t\t<meta property=\"og:site_name\" content=\"El Digital de Asturias \u2013 Revista de ocio, turismo y estilo de vida\" \/>\n\t\t<meta property=\"og:type\" content=\"article\" \/>\n\t\t<meta property=\"og:title\" content=\"El trekking Altas Cumbres abre las rutas de la fusi\u00f3n de la nieve en Sierra Nevada | El Digital de Asturias\" \/>\n\t\t<meta property=\"og:description\" content=\"Sierra Nevada organiza este s\u00e1bado, 2 de julio, enmarcado en su programa deportivo estival, el Trekking Interpretativo de las Altas Cumbres, con la ascensi\u00f3n al pico de los Machos para un nivel medio de monta\u00f1eros y al pico Mulhac\u00e9n para carrera por monta\u00f1a de nivel alto. La actividad, promovida por el Club Deportivo Altal\u00ed y\" \/>\n\t\t<meta property=\"og:url\" content=\"https:\/\/eldigitaldeasturias.com\/magazine365\/el-trekking-altas-cumbres-abre-las-rutas-de-la-fusion-de-la-nieve-en-sierra-nevada\/\" \/>\n\t\t<meta property=\"og:image\" content=\"https:\/\/eldigitaldeasturias.com\/magazine365\/wp-content\/uploads\/2016\/06\/m365.jpg\" \/>\n\t\t<meta property=\"og:image:secure_url\" content=\"https:\/\/eldigitaldeasturias.com\/magazine365\/wp-content\/uploads\/2016\/06\/m365.jpg\" \/>\n\t\t<meta property=\"og:image:width\" content=\"655\" \/>\n\t\t<meta property=\"og:image:height\" content=\"360\" \/>\n\t\t<meta property=\"article:published_time\" content=\"2016-06-29T18:34:29+00:00\" \/>\n\t\t<meta property=\"article:modified_time\" content=\"2016-06-29T18:34:29+00:00\" \/>\n\t\t<meta name=\"twitter:card\" content=\"summary_large_image\" \/>\n\t\t<meta name=\"twitter:title\" content=\"El trekking Altas Cumbres abre las rutas de la fusi\u00f3n de la nieve en Sierra Nevada | El Digital de Asturias\" \/>\n\t\t<meta name=\"twitter:description\" content=\"Sierra Nevada organiza este s\u00e1bado, 2 de julio, enmarcado en su programa deportivo estival, el Trekking Interpretativo de las Altas Cumbres, con la ascensi\u00f3n al pico de los Machos para un nivel medio de monta\u00f1eros y al pico Mulhac\u00e9n para carrera por monta\u00f1a de nivel alto. La actividad, promovida por el Club Deportivo Altal\u00ed y\" \/>\n\t\t<meta name=\"twitter:image\" content=\"https:\/\/eldigitaldeasturias.com\/magazine365\/wp-content\/uploads\/2016\/06\/m365.jpg\" \/>\n\t\t<script type=\"application\/ld+json\" class=\"aioseo-schema\">\n\t\t\t{\"@context\":\"https:\\\/\\\/schema.org\",\"@graph\":[{\"@type\":\"Article\",\"@id\":\"https:\\\/\\\/eldigitaldeasturias.com\\\/magazine365\\\/el-trekking-altas-cumbres-abre-las-rutas-de-la-fusion-de-la-nieve-en-sierra-nevada\\\/#article\",\"name\":\"El trekking Altas Cumbres abre las rutas de la fusi\\u00f3n de la nieve en Sierra Nevada | El Digital de Asturias\",\"headline\":\"El trekking Altas Cumbres abre las rutas de la fusi\\u00f3n de la nieve en Sierra Nevada\",\"author\":{\"@id\":\"https:\\\/\\\/eldigitaldeasturias.com\\\/magazine365\\\/author\\\/admin\\\/#author\"},\"publisher\":{\"@id\":\"https:\\\/\\\/eldigitaldeasturias.com\\\/magazine365\\\/#organization\"},\"image\":{\"@type\":\"ImageObject\",\"url\":\"https:\\\/\\\/eldigitaldeasturias.com\\\/magazine365\\\/wp-content\\\/uploads\\\/2016\\\/06\\\/m365.jpg\",\"width\":655,\"height\":360},\"datePublished\":\"2016-06-29T20:34:29+02:00\",\"dateModified\":\"2016-06-29T20:34:29+02:00\",\"inLanguage\":\"es-ES\",\"mainEntityOfPage\":{\"@id\":\"https:\\\/\\\/eldigitaldeasturias.com\\\/magazine365\\\/el-trekking-altas-cumbres-abre-las-rutas-de-la-fusion-de-la-nieve-en-sierra-nevada\\\/#webpage\"},\"isPartOf\":{\"@id\":\"https:\\\/\\\/eldigitaldeasturias.com\\\/magazine365\\\/el-trekking-altas-cumbres-abre-las-rutas-de-la-fusion-de-la-nieve-en-sierra-nevada\\\/#webpage\"},\"articleSection\":\"Noticias y Actualidad\"},{\"@type\":\"BreadcrumbList\",\"@id\":\"https:\\\/\\\/eldigitaldeasturias.com\\\/magazine365\\\/el-trekking-altas-cumbres-abre-las-rutas-de-la-fusion-de-la-nieve-en-sierra-nevada\\\/#breadcrumblist\",\"itemListElement\":[{\"@type\":\"ListItem\",\"@id\":\"https:\\\/\\\/eldigitaldeasturias.com\\\/magazine365#listItem\",\"position\":1,\"name\":\"Home\",\"item\":\"https:\\\/\\\/eldigitaldeasturias.com\\\/magazine365\",\"nextItem\":{\"@type\":\"ListItem\",\"@id\":\"https:\\\/\\\/eldigitaldeasturias.com\\\/magazine365\\\/category\\\/noticias-actualidad\\\/#listItem\",\"name\":\"Noticias y Actualidad\"}},{\"@type\":\"ListItem\",\"@id\":\"https:\\\/\\\/eldigitaldeasturias.com\\\/magazine365\\\/category\\\/noticias-actualidad\\\/#listItem\",\"position\":2,\"name\":\"Noticias y Actualidad\",\"item\":\"https:\\\/\\\/eldigitaldeasturias.com\\\/magazine365\\\/category\\\/noticias-actualidad\\\/\",\"nextItem\":{\"@type\":\"ListItem\",\"@id\":\"https:\\\/\\\/eldigitaldeasturias.com\\\/magazine365\\\/el-trekking-altas-cumbres-abre-las-rutas-de-la-fusion-de-la-nieve-en-sierra-nevada\\\/#listItem\",\"name\":\"El trekking Altas Cumbres abre las rutas de la fusi\\u00f3n de la nieve en Sierra Nevada\"},\"previousItem\":{\"@type\":\"ListItem\",\"@id\":\"https:\\\/\\\/eldigitaldeasturias.com\\\/magazine365#listItem\",\"name\":\"Home\"}},{\"@type\":\"ListItem\",\"@id\":\"https:\\\/\\\/eldigitaldeasturias.com\\\/magazine365\\\/el-trekking-altas-cumbres-abre-las-rutas-de-la-fusion-de-la-nieve-en-sierra-nevada\\\/#listItem\",\"position\":3,\"name\":\"El trekking Altas Cumbres abre las rutas de la fusi\\u00f3n de la nieve en Sierra Nevada\",\"previousItem\":{\"@type\":\"ListItem\",\"@id\":\"https:\\\/\\\/eldigitaldeasturias.com\\\/magazine365\\\/category\\\/noticias-actualidad\\\/#listItem\",\"name\":\"Noticias y Actualidad\"}}]},{\"@type\":\"Organization\",\"@id\":\"https:\\\/\\\/eldigitaldeasturias.com\\\/magazine365\\\/#organization\",\"name\":\"El digital de Asturias\",\"description\":\"Revista de ocio, turismo y estilo de vida\",\"url\":\"https:\\\/\\\/eldigitaldeasturias.com\\\/magazine365\\\/\",\"logo\":{\"@type\":\"ImageObject\",\"url\":\"https:\\\/\\\/www.eldigitaldeasturias.com\\\/noticias\\\/wp-content\\\/uploads\\\/2020\\\/12\\\/EDA.jpg\",\"@id\":\"https:\\\/\\\/eldigitaldeasturias.com\\\/magazine365\\\/el-trekking-altas-cumbres-abre-las-rutas-de-la-fusion-de-la-nieve-en-sierra-nevada\\\/#organizationLogo\"},\"image\":{\"@id\":\"https:\\\/\\\/eldigitaldeasturias.com\\\/magazine365\\\/el-trekking-altas-cumbres-abre-las-rutas-de-la-fusion-de-la-nieve-en-sierra-nevada\\\/#organizationLogo\"}},{\"@type\":\"Person\",\"@id\":\"https:\\\/\\\/eldigitaldeasturias.com\\\/magazine365\\\/author\\\/admin\\\/#author\",\"url\":\"https:\\\/\\\/eldigitaldeasturias.com\\\/magazine365\\\/author\\\/admin\\\/\",\"name\":\"admin\",\"image\":{\"@type\":\"ImageObject\",\"@id\":\"https:\\\/\\\/eldigitaldeasturias.com\\\/magazine365\\\/el-trekking-altas-cumbres-abre-las-rutas-de-la-fusion-de-la-nieve-en-sierra-nevada\\\/#authorImage\",\"url\":\"https:\\\/\\\/eldigitaldeasturias.com\\\/magazine365\\\/wp-content\\\/litespeed\\\/avatar\\\/e571bcf59a0edd6fa6838245a470f2fe.jpg?ver=1776969259\",\"width\":96,\"height\":96,\"caption\":\"admin\"}},{\"@type\":\"WebPage\",\"@id\":\"https:\\\/\\\/eldigitaldeasturias.com\\\/magazine365\\\/el-trekking-altas-cumbres-abre-las-rutas-de-la-fusion-de-la-nieve-en-sierra-nevada\\\/#webpage\",\"url\":\"https:\\\/\\\/eldigitaldeasturias.com\\\/magazine365\\\/el-trekking-altas-cumbres-abre-las-rutas-de-la-fusion-de-la-nieve-en-sierra-nevada\\\/\",\"name\":\"El trekking Altas Cumbres abre las rutas de la fusi\\u00f3n de la nieve en Sierra Nevada | El Digital de Asturias\",\"description\":\"Sierra Nevada organiza este s\\u00e1bado, 2 de julio, enmarcado en su programa deportivo estival, el Trekking Interpretativo de las Altas Cumbres, con la ascensi\\u00f3n al pico de los Machos para un nivel medio de monta\\u00f1eros y al pico Mulhac\\u00e9n para carrera por monta\\u00f1a de nivel alto. La actividad, promovida por el Club Deportivo Altal\\u00ed y\",\"inLanguage\":\"es-ES\",\"isPartOf\":{\"@id\":\"https:\\\/\\\/eldigitaldeasturias.com\\\/magazine365\\\/#website\"},\"breadcrumb\":{\"@id\":\"https:\\\/\\\/eldigitaldeasturias.com\\\/magazine365\\\/el-trekking-altas-cumbres-abre-las-rutas-de-la-fusion-de-la-nieve-en-sierra-nevada\\\/#breadcrumblist\"},\"author\":{\"@id\":\"https:\\\/\\\/eldigitaldeasturias.com\\\/magazine365\\\/author\\\/admin\\\/#author\"},\"creator\":{\"@id\":\"https:\\\/\\\/eldigitaldeasturias.com\\\/magazine365\\\/author\\\/admin\\\/#author\"},\"image\":{\"@type\":\"ImageObject\",\"url\":\"https:\\\/\\\/eldigitaldeasturias.com\\\/magazine365\\\/wp-content\\\/uploads\\\/2016\\\/06\\\/m365.jpg\",\"@id\":\"https:\\\/\\\/eldigitaldeasturias.com\\\/magazine365\\\/el-trekking-altas-cumbres-abre-las-rutas-de-la-fusion-de-la-nieve-en-sierra-nevada\\\/#mainImage\",\"width\":655,\"height\":360},\"primaryImageOfPage\":{\"@id\":\"https:\\\/\\\/eldigitaldeasturias.com\\\/magazine365\\\/el-trekking-altas-cumbres-abre-las-rutas-de-la-fusion-de-la-nieve-en-sierra-nevada\\\/#mainImage\"},\"datePublished\":\"2016-06-29T20:34:29+02:00\",\"dateModified\":\"2016-06-29T20:34:29+02:00\"},{\"@type\":\"WebSite\",\"@id\":\"https:\\\/\\\/eldigitaldeasturias.com\\\/magazine365\\\/#website\",\"url\":\"https:\\\/\\\/eldigitaldeasturias.com\\\/magazine365\\\/\",\"name\":\"El Digital de Asturias\",\"description\":\"Revista de ocio, turismo y estilo de vida\",\"inLanguage\":\"es-ES\",\"publisher\":{\"@id\":\"https:\\\/\\\/eldigitaldeasturias.com\\\/magazine365\\\/#organization\"}}]}\n\t\t<\/script>\n\t\t<!-- All in One SEO Pro -->\r\n\t\t<title>El trekking Altas Cumbres abre las rutas de la fusi\u00f3n de la nieve en Sierra Nevada | El Digital de Asturias<\/title>\n\n","aioseo_head_json":{"title":"El trekking Altas Cumbres abre las rutas de la fusi\u00f3n de la nieve en Sierra Nevada | El Digital de Asturias","description":"Sierra Nevada organiza este s\u00e1bado, 2 de julio, enmarcado en su programa deportivo estival, el Trekking Interpretativo de las Altas Cumbres, con la ascensi\u00f3n al pico de los Machos para un nivel medio de monta\u00f1eros y al pico Mulhac\u00e9n para carrera por monta\u00f1a de nivel alto. La actividad, promovida por el Club Deportivo Altal\u00ed y","canonical_url":"https:\/\/eldigitaldeasturias.com\/magazine365\/el-trekking-altas-cumbres-abre-las-rutas-de-la-fusion-de-la-nieve-en-sierra-nevada\/","robots":"max-image-preview:large","keywords":"noticias y actualidad","webmasterTools":{"google-site-verification":"UA-38556648-1","miscellaneous":""},"schema":{"@context":"https:\/\/schema.org","@graph":[{"@type":"Article","@id":"https:\/\/eldigitaldeasturias.com\/magazine365\/el-trekking-altas-cumbres-abre-las-rutas-de-la-fusion-de-la-nieve-en-sierra-nevada\/#article","name":"El trekking Altas Cumbres abre las rutas de la fusi\u00f3n de la nieve en Sierra Nevada | El Digital de Asturias","headline":"El trekking Altas Cumbres abre las rutas de la fusi\u00f3n de la nieve en Sierra Nevada","author":{"@id":"https:\/\/eldigitaldeasturias.com\/magazine365\/author\/admin\/#author"},"publisher":{"@id":"https:\/\/eldigitaldeasturias.com\/magazine365\/#organization"},"image":{"@type":"ImageObject","url":"https:\/\/eldigitaldeasturias.com\/magazine365\/wp-content\/uploads\/2016\/06\/m365.jpg","width":655,"height":360},"datePublished":"2016-06-29T20:34:29+02:00","dateModified":"2016-06-29T20:34:29+02:00","inLanguage":"es-ES","mainEntityOfPage":{"@id":"https:\/\/eldigitaldeasturias.com\/magazine365\/el-trekking-altas-cumbres-abre-las-rutas-de-la-fusion-de-la-nieve-en-sierra-nevada\/#webpage"},"isPartOf":{"@id":"https:\/\/eldigitaldeasturias.com\/magazine365\/el-trekking-altas-cumbres-abre-las-rutas-de-la-fusion-de-la-nieve-en-sierra-nevada\/#webpage"},"articleSection":"Noticias y Actualidad"},{"@type":"BreadcrumbList","@id":"https:\/\/eldigitaldeasturias.com\/magazine365\/el-trekking-altas-cumbres-abre-las-rutas-de-la-fusion-de-la-nieve-en-sierra-nevada\/#breadcrumblist","itemListElement":[{"@type":"ListItem","@id":"https:\/\/eldigitaldeasturias.com\/magazine365#listItem","position":1,"name":"Home","item":"https:\/\/eldigitaldeasturias.com\/magazine365","nextItem":{"@type":"ListItem","@id":"https:\/\/eldigitaldeasturias.com\/magazine365\/category\/noticias-actualidad\/#listItem","name":"Noticias y Actualidad"}},{"@type":"ListItem","@id":"https:\/\/eldigitaldeasturias.com\/magazine365\/category\/noticias-actualidad\/#listItem","position":2,"name":"Noticias y Actualidad","item":"https:\/\/eldigitaldeasturias.com\/magazine365\/category\/noticias-actualidad\/","nextItem":{"@type":"ListItem","@id":"https:\/\/eldigitaldeasturias.com\/magazine365\/el-trekking-altas-cumbres-abre-las-rutas-de-la-fusion-de-la-nieve-en-sierra-nevada\/#listItem","name":"El trekking Altas Cumbres abre las rutas de la fusi\u00f3n de la nieve en Sierra Nevada"},"previousItem":{"@type":"ListItem","@id":"https:\/\/eldigitaldeasturias.com\/magazine365#listItem","name":"Home"}},{"@type":"ListItem","@id":"https:\/\/eldigitaldeasturias.com\/magazine365\/el-trekking-altas-cumbres-abre-las-rutas-de-la-fusion-de-la-nieve-en-sierra-nevada\/#listItem","position":3,"name":"El trekking Altas Cumbres abre las rutas de la fusi\u00f3n de la nieve en Sierra Nevada","previousItem":{"@type":"ListItem","@id":"https:\/\/eldigitaldeasturias.com\/magazine365\/category\/noticias-actualidad\/#listItem","name":"Noticias y Actualidad"}}]},{"@type":"Organization","@id":"https:\/\/eldigitaldeasturias.com\/magazine365\/#organization","name":"El digital de Asturias","description":"Revista de ocio, turismo y estilo de vida","url":"https:\/\/eldigitaldeasturias.com\/magazine365\/","logo":{"@type":"ImageObject","url":"https:\/\/www.eldigitaldeasturias.com\/noticias\/wp-content\/uploads\/2020\/12\/EDA.jpg","@id":"https:\/\/eldigitaldeasturias.com\/magazine365\/el-trekking-altas-cumbres-abre-las-rutas-de-la-fusion-de-la-nieve-en-sierra-nevada\/#organizationLogo"},"image":{"@id":"https:\/\/eldigitaldeasturias.com\/magazine365\/el-trekking-altas-cumbres-abre-las-rutas-de-la-fusion-de-la-nieve-en-sierra-nevada\/#organizationLogo"}},{"@type":"Person","@id":"https:\/\/eldigitaldeasturias.com\/magazine365\/author\/admin\/#author","url":"https:\/\/eldigitaldeasturias.com\/magazine365\/author\/admin\/","name":"admin","image":{"@type":"ImageObject","@id":"https:\/\/eldigitaldeasturias.com\/magazine365\/el-trekking-altas-cumbres-abre-las-rutas-de-la-fusion-de-la-nieve-en-sierra-nevada\/#authorImage","url":"https:\/\/eldigitaldeasturias.com\/magazine365\/wp-content\/litespeed\/avatar\/e571bcf59a0edd6fa6838245a470f2fe.jpg?ver=1776969259","width":96,"height":96,"caption":"admin"}},{"@type":"WebPage","@id":"https:\/\/eldigitaldeasturias.com\/magazine365\/el-trekking-altas-cumbres-abre-las-rutas-de-la-fusion-de-la-nieve-en-sierra-nevada\/#webpage","url":"https:\/\/eldigitaldeasturias.com\/magazine365\/el-trekking-altas-cumbres-abre-las-rutas-de-la-fusion-de-la-nieve-en-sierra-nevada\/","name":"El trekking Altas Cumbres abre las rutas de la fusi\u00f3n de la nieve en Sierra Nevada | El Digital de Asturias","description":"Sierra Nevada organiza este s\u00e1bado, 2 de julio, enmarcado en su programa deportivo estival, el Trekking Interpretativo de las Altas Cumbres, con la ascensi\u00f3n al pico de los Machos para un nivel medio de monta\u00f1eros y al pico Mulhac\u00e9n para carrera por monta\u00f1a de nivel alto. La actividad, promovida por el Club Deportivo Altal\u00ed y","inLanguage":"es-ES","isPartOf":{"@id":"https:\/\/eldigitaldeasturias.com\/magazine365\/#website"},"breadcrumb":{"@id":"https:\/\/eldigitaldeasturias.com\/magazine365\/el-trekking-altas-cumbres-abre-las-rutas-de-la-fusion-de-la-nieve-en-sierra-nevada\/#breadcrumblist"},"author":{"@id":"https:\/\/eldigitaldeasturias.com\/magazine365\/author\/admin\/#author"},"creator":{"@id":"https:\/\/eldigitaldeasturias.com\/magazine365\/author\/admin\/#author"},"image":{"@type":"ImageObject","url":"https:\/\/eldigitaldeasturias.com\/magazine365\/wp-content\/uploads\/2016\/06\/m365.jpg","@id":"https:\/\/eldigitaldeasturias.com\/magazine365\/el-trekking-altas-cumbres-abre-las-rutas-de-la-fusion-de-la-nieve-en-sierra-nevada\/#mainImage","width":655,"height":360},"primaryImageOfPage":{"@id":"https:\/\/eldigitaldeasturias.com\/magazine365\/el-trekking-altas-cumbres-abre-las-rutas-de-la-fusion-de-la-nieve-en-sierra-nevada\/#mainImage"},"datePublished":"2016-06-29T20:34:29+02:00","dateModified":"2016-06-29T20:34:29+02:00"},{"@type":"WebSite","@id":"https:\/\/eldigitaldeasturias.com\/magazine365\/#website","url":"https:\/\/eldigitaldeasturias.com\/magazine365\/","name":"El Digital de Asturias","description":"Revista de ocio, turismo y estilo de vida","inLanguage":"es-ES","publisher":{"@id":"https:\/\/eldigitaldeasturias.com\/magazine365\/#organization"}}]},"og:locale":"es_ES","og:site_name":"El Digital de Asturias \u2013 Revista de ocio, turismo y estilo de vida","og:type":"article","og:title":"El trekking Altas Cumbres abre las rutas de la fusi\u00f3n de la nieve en Sierra Nevada | El Digital de Asturias","og:description":"Sierra Nevada organiza este s\u00e1bado, 2 de julio, enmarcado en su programa deportivo estival, el Trekking Interpretativo de las Altas Cumbres, con la ascensi\u00f3n al pico de los Machos para un nivel medio de monta\u00f1eros y al pico Mulhac\u00e9n para carrera por monta\u00f1a de nivel alto. La actividad, promovida por el Club Deportivo Altal\u00ed y","og:url":"https:\/\/eldigitaldeasturias.com\/magazine365\/el-trekking-altas-cumbres-abre-las-rutas-de-la-fusion-de-la-nieve-en-sierra-nevada\/","og:image":"https:\/\/eldigitaldeasturias.com\/magazine365\/wp-content\/uploads\/2016\/06\/m365.jpg","og:image:secure_url":"https:\/\/eldigitaldeasturias.com\/magazine365\/wp-content\/uploads\/2016\/06\/m365.jpg","og:image:width":655,"og:image:height":360,"article:published_time":"2016-06-29T18:34:29+00:00","article:modified_time":"2016-06-29T18:34:29+00:00","twitter:card":"summary_large_image","twitter:title":"El trekking Altas Cumbres abre las rutas de la fusi\u00f3n de la nieve en Sierra Nevada | El Digital de Asturias","twitter:description":"Sierra Nevada organiza este s\u00e1bado, 2 de julio, enmarcado en su programa deportivo estival, el Trekking Interpretativo de las Altas Cumbres, con la ascensi\u00f3n al pico de los Machos para un nivel medio de monta\u00f1eros y al pico Mulhac\u00e9n para carrera por monta\u00f1a de nivel alto. La actividad, promovida por el Club Deportivo Altal\u00ed y","twitter:image":"https:\/\/eldigitaldeasturias.com\/magazine365\/wp-content\/uploads\/2016\/06\/m365.jpg"},"aioseo_meta_data":{"post_id":"81123","title":null,"description":null,"keywords":null,"keyphrases":null,"primary_term":null,"canonical_url":null,"og_title":null,"og_description":null,"og_object_type":"default","og_image_type":"default","og_image_url":null,"og_image_width":null,"og_image_height":null,"og_image_custom_url":null,"og_image_custom_fields":null,"og_video":null,"og_custom_url":null,"og_article_section":null,"og_article_tags":null,"twitter_use_og":false,"twitter_card":"default","twitter_image_type":"default","twitter_image_url":null,"twitter_image_custom_url":null,"twitter_image_custom_fields":null,"twitter_title":null,"twitter_description":null,"schema":{"blockGraphs":[],"customGraphs":[],"default":{"data":{"Article":[],"Course":[],"Dataset":[],"FAQPage":[],"Movie":[],"Person":[],"Product":[],"ProductReview":[],"Car":[],"Recipe":[],"Service":[],"SoftwareApplication":[],"WebPage":[]},"graphName":"","isEnabled":true},"graphs":[],"defaultGraph":"","defaultPostTypeGraph":""},"schema_type":null,"schema_type_options":null,"pillar_content":false,"robots_default":true,"robots_noindex":false,"robots_noarchive":false,"robots_nosnippet":false,"robots_nofollow":false,"robots_noimageindex":false,"robots_noodp":false,"robots_notranslate":false,"robots_max_snippet":null,"robots_max_videopreview":null,"robots_max_imagepreview":"large","priority":null,"frequency":null,"location":null,"local_seo":null,"seo_analyzer_scan_date":"2025-09-27 22:14:13","breadcrumb_settings":null,"limit_modified_date":false,"open_ai":null,"ai":null,"created":"2021-03-08 17:21:45","updated":"2025-09-27 22:14:13"},"aioseo_breadcrumb":"<div class=\"aioseo-breadcrumbs\"><span class=\"aioseo-breadcrumb\">\n\t<a href=\"https:\/\/eldigitaldeasturias.com\/magazine365\" title=\"Home\">Home<\/a>\n<\/span><span class=\"aioseo-breadcrumb-separator\">\u2013<\/span><span class=\"aioseo-breadcrumb\">\n\t<a href=\"https:\/\/eldigitaldeasturias.com\/magazine365\/category\/noticias-actualidad\/\" title=\"Noticias y Actualidad\">Noticias y Actualidad<\/a>\n<\/span><span class=\"aioseo-breadcrumb-separator\">\u2013<\/span><span class=\"aioseo-breadcrumb\">\n\t<a href=\"https:\/\/eldigitaldeasturias.com\/magazine365\/el-trekking-altas-cumbres-abre-las-rutas-de-la-fusion-de-la-nieve-en-sierra-nevada\/\" title=\"El trekking Altas Cumbres abre las rutas de la fusi\u00f3n de la nieve en Sierra Nevada\">El trekking Altas Cumbres abre las rutas de la fusi\u00f3n de la nieve en Sierra Nevada<\/a>\n<\/span><\/div>","aioseo_breadcrumb_json":[{"label":"Home","link":"https:\/\/eldigitaldeasturias.com\/magazine365"},{"label":"Noticias y Actualidad","link":"https:\/\/eldigitaldeasturias.com\/magazine365\/category\/noticias-actualidad\/"},{"label":"El trekking Altas Cumbres abre las rutas de la fusi\u00f3n de la nieve en Sierra Nevada","link":"https:\/\/eldigitaldeasturias.com\/magazine365\/el-trekking-altas-cumbres-abre-las-rutas-de-la-fusion-de-la-nieve-en-sierra-nevada\/"}],"_links":{"self":[{"href":"https:\/\/eldigitaldeasturias.com\/magazine365\/wp-json\/wp\/v2\/posts\/81123","targetHints":{"allow":["GET"]}}],"collection":[{"href":"https:\/\/eldigitaldeasturias.com\/magazine365\/wp-json\/wp\/v2\/posts"}],"about":[{"href":"https:\/\/eldigitaldeasturias.com\/magazine365\/wp-json\/wp\/v2\/types\/post"}],"author":[{"embeddable":true,"href":"https:\/\/eldigitaldeasturias.com\/magazine365\/wp-json\/wp\/v2\/users\/1"}],"replies":[{"embeddable":true,"href":"https:\/\/eldigitaldeasturias.com\/magazine365\/wp-json\/wp\/v2\/comments?post=81123"}],"version-history":[{"count":0,"href":"https:\/\/eldigitaldeasturias.com\/magazine365\/wp-json\/wp\/v2\/posts\/81123\/revisions"}],"wp:featuredmedia":[{"embeddable":true,"href":"https:\/\/eldigitaldeasturias.com\/magazine365\/wp-json\/wp\/v2\/media\/77926"}],"wp:attachment":[{"href":"https:\/\/eldigitaldeasturias.com\/magazine365\/wp-json\/wp\/v2\/media?parent=81123"}],"wp:term":[{"taxonomy":"category","embeddable":true,"href":"https:\/\/eldigitaldeasturias.com\/magazine365\/wp-json\/wp\/v2\/categories?post=81123"},{"taxonomy":"post_tag","embeddable":true,"href":"https:\/\/eldigitaldeasturias.com\/magazine365\/wp-json\/wp\/v2\/tags?post=81123"}],"curies":[{"name":"wp","href":"https:\/\/api.w.org\/{rel}","templated":true}]}}