{"id":81116,"date":"2016-06-29T20:32:09","date_gmt":"2016-06-29T18:32:09","guid":{"rendered":"http:\/\/eldigitaldeasturias.com\/magazine365\/?p=81116"},"modified":"2016-06-29T20:32:09","modified_gmt":"2016-06-29T18:32:09","slug":"un-total-de-23-vuelos-han-sido-programados-entre-espana-y-turquia-este-martes","status":"publish","type":"post","link":"https:\/\/eldigitaldeasturias.com\/magazine365\/un-total-de-23-vuelos-han-sido-programados-entre-espana-y-turquia-este-martes\/","title":{"rendered":"Un total de 23 vuelos han sido programados entre Espa\u00f1a y Turqu\u00eda este martes"},"content":{"rendered":"<p><img fetchpriority=\"high\" decoding=\"async\" class=\"alignleft size-medium wp-image-81117\" src=\"https:\/\/eldigitaldeasturias.com\/magazine365\/wp-content\/uploads\/2016\/06\/fotonoticia_20160629141451_800-360x239.jpg\" alt=\"fotonoticia_20160629141451_800\" width=\"360\" height=\"239\" srcset=\"https:\/\/eldigitaldeasturias.com\/magazine365\/wp-content\/uploads\/2016\/06\/fotonoticia_20160629141451_800-360x239.jpg 360w, https:\/\/eldigitaldeasturias.com\/magazine365\/wp-content\/uploads\/2016\/06\/fotonoticia_20160629141451_800-650x431.jpg 650w, https:\/\/eldigitaldeasturias.com\/magazine365\/wp-content\/uploads\/2016\/06\/fotonoticia_20160629141451_800-768x509.jpg 768w, https:\/\/eldigitaldeasturias.com\/magazine365\/wp-content\/uploads\/2016\/06\/fotonoticia_20160629141451_800-150x99.jpg 150w, https:\/\/eldigitaldeasturias.com\/magazine365\/wp-content\/uploads\/2016\/06\/fotonoticia_20160629141451_800-450x298.jpg 450w, https:\/\/eldigitaldeasturias.com\/magazine365\/wp-content\/uploads\/2016\/06\/fotonoticia_20160629141451_800-121x79.jpg 121w, https:\/\/eldigitaldeasturias.com\/magazine365\/wp-content\/uploads\/2016\/06\/fotonoticia_20160629141451_800-101x66.jpg 101w, https:\/\/eldigitaldeasturias.com\/magazine365\/wp-content\/uploads\/2016\/06\/fotonoticia_20160629141451_800.jpg 800w\" sizes=\"(max-width: 360px) 100vw, 360px\" \/>Un total de 23 vuelos han sido programados entre Espa\u00f1a y Turqu\u00eda este martes manteniendo la normalidad de las operaciones tras el atentado terrorista registrado este mi\u00e9rcoles en Turqu\u00eda que ha acabado con la vida de 41 personas en uno de los aeropuertos del pa\u00eds, seg\u00fan informaron fuentes de Aena a Europa Press.<\/p>\n<p>De ellos de momento uno ha sido operado con normalidad desde el aeropuerto de Barcelona, el resto tienen prevista su salida a lo largo del d\u00eda de forma normalizada.<\/p>\n<p>El aeropuerto Atat\u00fcrk de Estambul, en el que este mi\u00e9rcoles se registr\u00f3 el atentado cuyo \u00faltimo balance es de al menos 41 muertos y 239 heridos, ha comenzado a operar varios vuelos este jueves aunque todav\u00eda se registran retrasos como consecuencia del ataque, ha informado el diario &#8216;Hurriyet&#8217;.<\/p>\n<p>Los responsables de las aerol\u00edneas que operan en el aer\u00f3dromo han pedido a los viajeros que est\u00e9n atentos a la informaci\u00f3n sobre los vuelos que se va publicando. El primer ministro turco, Binali Yildirim, anunci\u00f3 su reapertura parcial para operar vuelos de llegada y de salida desde las 2:20 horas.<\/p>\n<p>El Ministerio de Asuntos Exteriores y de Cooperaci\u00f3n espa\u00f1ol ha recomendado a los ciudadanos espa\u00f1oles que eviten \u00aben la medida de lo posible\u00bb el aeropuerto Atat\u00fcrk de Estambul.<\/p>\n<p>A los ciudadanos que vayan a volar con destino a Estambul o transitar a trav\u00e9s del aeropuerto Atat\u00fcrk, el Ministerio de Exteriores les ha recomendado \u00abinformarse con su compa\u00f1\u00eda a\u00e9rea sobre posibles retrasos, desv\u00edos o cancelaciones y mantenerse alerta siguiendo las indicaciones de las autoridades locales.\u00bb<\/p>\n<p>El departamento que dirige Garc\u00eda-Margallo ha pedido a todos los ciudadanos que vayan a viajar a Turqu\u00eda que lean el apartado referido a seguridad de las recomendaciones de viaje a este pa\u00eds.<\/p>\n","protected":false},"excerpt":{"rendered":"<p>Un total de 23 vuelos han sido programados entre Espa\u00f1a y Turqu\u00eda este martes manteniendo la normalidad de las operaciones tras el atentado terrorista registrado este mi\u00e9rcoles en Turqu\u00eda que ha acabado con la vida de 41 personas en uno de los aeropuertos del pa\u00eds, seg\u00fan informaron fuentes de Aena a Europa Press. De ellos<\/p>\n","protected":false},"author":1,"featured_media":81117,"comment_status":"open","ping_status":"closed","sticky":false,"template":"","format":"standard","meta":{"footnotes":""},"categories":[224],"tags":[],"class_list":{"0":"post-81116","1":"post","2":"type-post","3":"status-publish","4":"format-standard","5":"has-post-thumbnail","7":"category-noticias-actualidad"},"aioseo_notices":[],"aioseo_head":"\n\t\t<!-- All in One SEO Pro 4.9.6.1 - aioseo.com -->\n\t<meta name=\"description\" content=\"Un total de 23 vuelos han sido programados entre Espa\u00f1a y Turqu\u00eda este martes manteniendo la normalidad de las operaciones tras el atentado terrorista registrado este mi\u00e9rcoles en Turqu\u00eda que ha acabado con la vida de 41 personas en uno de los aeropuertos del pa\u00eds, seg\u00fan informaron fuentes de Aena a Europa Press. De ellos\" \/>\n\t<meta name=\"robots\" content=\"max-image-preview:large\" \/>\n\t<meta name=\"author\" content=\"admin\"\/>\n\t<meta name=\"google-site-verification\" content=\"UA-38556648-1\" \/>\n\t<meta name=\"keywords\" content=\"noticias y actualidad\" \/>\n\t<link rel=\"canonical\" href=\"https:\/\/eldigitaldeasturias.com\/magazine365\/un-total-de-23-vuelos-han-sido-programados-entre-espana-y-turquia-este-martes\/\" \/>\n\t<meta name=\"generator\" content=\"All in One SEO Pro (AIOSEO) 4.9.6.1\" \/>\n\t\t<meta property=\"og:locale\" content=\"es_ES\" \/>\n\t\t<meta property=\"og:site_name\" content=\"El Digital de Asturias \u2013 Revista de ocio, turismo y estilo de vida\" \/>\n\t\t<meta property=\"og:type\" content=\"article\" \/>\n\t\t<meta property=\"og:title\" content=\"Un total de 23 vuelos han sido programados entre Espa\u00f1a y Turqu\u00eda este martes | El Digital de Asturias\" \/>\n\t\t<meta property=\"og:description\" content=\"Un total de 23 vuelos han sido programados entre Espa\u00f1a y Turqu\u00eda este martes manteniendo la normalidad de las operaciones tras el atentado terrorista registrado este mi\u00e9rcoles en Turqu\u00eda que ha acabado con la vida de 41 personas en uno de los aeropuertos del pa\u00eds, seg\u00fan informaron fuentes de Aena a Europa Press. De ellos\" \/>\n\t\t<meta property=\"og:url\" content=\"https:\/\/eldigitaldeasturias.com\/magazine365\/un-total-de-23-vuelos-han-sido-programados-entre-espana-y-turquia-este-martes\/\" \/>\n\t\t<meta property=\"og:image\" content=\"https:\/\/eldigitaldeasturias.com\/magazine365\/wp-content\/uploads\/2016\/06\/fotonoticia_20160629141451_800.jpg\" \/>\n\t\t<meta property=\"og:image:secure_url\" content=\"https:\/\/eldigitaldeasturias.com\/magazine365\/wp-content\/uploads\/2016\/06\/fotonoticia_20160629141451_800.jpg\" \/>\n\t\t<meta property=\"og:image:width\" content=\"800\" \/>\n\t\t<meta property=\"og:image:height\" content=\"530\" \/>\n\t\t<meta property=\"article:published_time\" content=\"2016-06-29T18:32:09+00:00\" \/>\n\t\t<meta property=\"article:modified_time\" content=\"2016-06-29T18:32:09+00:00\" \/>\n\t\t<meta name=\"twitter:card\" content=\"summary_large_image\" \/>\n\t\t<meta name=\"twitter:title\" content=\"Un total de 23 vuelos han sido programados entre Espa\u00f1a y Turqu\u00eda este martes | El Digital de Asturias\" \/>\n\t\t<meta name=\"twitter:description\" content=\"Un total de 23 vuelos han sido programados entre Espa\u00f1a y Turqu\u00eda este martes manteniendo la normalidad de las operaciones tras el atentado terrorista registrado este mi\u00e9rcoles en Turqu\u00eda que ha acabado con la vida de 41 personas en uno de los aeropuertos del pa\u00eds, seg\u00fan informaron fuentes de Aena a Europa Press. De ellos\" \/>\n\t\t<meta name=\"twitter:image\" content=\"https:\/\/eldigitaldeasturias.com\/magazine365\/wp-content\/uploads\/2016\/06\/fotonoticia_20160629141451_800.jpg\" \/>\n\t\t<script type=\"application\/ld+json\" class=\"aioseo-schema\">\n\t\t\t{\"@context\":\"https:\\\/\\\/schema.org\",\"@graph\":[{\"@type\":\"Article\",\"@id\":\"https:\\\/\\\/eldigitaldeasturias.com\\\/magazine365\\\/un-total-de-23-vuelos-han-sido-programados-entre-espana-y-turquia-este-martes\\\/#article\",\"name\":\"Un total de 23 vuelos han sido programados entre Espa\\u00f1a y Turqu\\u00eda este martes | El Digital de Asturias\",\"headline\":\"Un total de 23 vuelos han sido programados entre Espa\\u00f1a y Turqu\\u00eda este martes\",\"author\":{\"@id\":\"https:\\\/\\\/eldigitaldeasturias.com\\\/magazine365\\\/author\\\/admin\\\/#author\"},\"publisher\":{\"@id\":\"https:\\\/\\\/eldigitaldeasturias.com\\\/magazine365\\\/#organization\"},\"image\":{\"@type\":\"ImageObject\",\"url\":\"https:\\\/\\\/eldigitaldeasturias.com\\\/magazine365\\\/wp-content\\\/uploads\\\/2016\\\/06\\\/fotonoticia_20160629141451_800.jpg\",\"width\":800,\"height\":530},\"datePublished\":\"2016-06-29T20:32:09+02:00\",\"dateModified\":\"2016-06-29T20:32:09+02:00\",\"inLanguage\":\"es-ES\",\"mainEntityOfPage\":{\"@id\":\"https:\\\/\\\/eldigitaldeasturias.com\\\/magazine365\\\/un-total-de-23-vuelos-han-sido-programados-entre-espana-y-turquia-este-martes\\\/#webpage\"},\"isPartOf\":{\"@id\":\"https:\\\/\\\/eldigitaldeasturias.com\\\/magazine365\\\/un-total-de-23-vuelos-han-sido-programados-entre-espana-y-turquia-este-martes\\\/#webpage\"},\"articleSection\":\"Noticias y Actualidad\"},{\"@type\":\"BreadcrumbList\",\"@id\":\"https:\\\/\\\/eldigitaldeasturias.com\\\/magazine365\\\/un-total-de-23-vuelos-han-sido-programados-entre-espana-y-turquia-este-martes\\\/#breadcrumblist\",\"itemListElement\":[{\"@type\":\"ListItem\",\"@id\":\"https:\\\/\\\/eldigitaldeasturias.com\\\/magazine365#listItem\",\"position\":1,\"name\":\"Home\",\"item\":\"https:\\\/\\\/eldigitaldeasturias.com\\\/magazine365\",\"nextItem\":{\"@type\":\"ListItem\",\"@id\":\"https:\\\/\\\/eldigitaldeasturias.com\\\/magazine365\\\/category\\\/noticias-actualidad\\\/#listItem\",\"name\":\"Noticias y Actualidad\"}},{\"@type\":\"ListItem\",\"@id\":\"https:\\\/\\\/eldigitaldeasturias.com\\\/magazine365\\\/category\\\/noticias-actualidad\\\/#listItem\",\"position\":2,\"name\":\"Noticias y Actualidad\",\"item\":\"https:\\\/\\\/eldigitaldeasturias.com\\\/magazine365\\\/category\\\/noticias-actualidad\\\/\",\"nextItem\":{\"@type\":\"ListItem\",\"@id\":\"https:\\\/\\\/eldigitaldeasturias.com\\\/magazine365\\\/un-total-de-23-vuelos-han-sido-programados-entre-espana-y-turquia-este-martes\\\/#listItem\",\"name\":\"Un total de 23 vuelos han sido programados entre Espa\\u00f1a y Turqu\\u00eda este martes\"},\"previousItem\":{\"@type\":\"ListItem\",\"@id\":\"https:\\\/\\\/eldigitaldeasturias.com\\\/magazine365#listItem\",\"name\":\"Home\"}},{\"@type\":\"ListItem\",\"@id\":\"https:\\\/\\\/eldigitaldeasturias.com\\\/magazine365\\\/un-total-de-23-vuelos-han-sido-programados-entre-espana-y-turquia-este-martes\\\/#listItem\",\"position\":3,\"name\":\"Un total de 23 vuelos han sido programados entre Espa\\u00f1a y Turqu\\u00eda este martes\",\"previousItem\":{\"@type\":\"ListItem\",\"@id\":\"https:\\\/\\\/eldigitaldeasturias.com\\\/magazine365\\\/category\\\/noticias-actualidad\\\/#listItem\",\"name\":\"Noticias y Actualidad\"}}]},{\"@type\":\"Organization\",\"@id\":\"https:\\\/\\\/eldigitaldeasturias.com\\\/magazine365\\\/#organization\",\"name\":\"El digital de Asturias\",\"description\":\"Revista de ocio, turismo y estilo de vida\",\"url\":\"https:\\\/\\\/eldigitaldeasturias.com\\\/magazine365\\\/\",\"logo\":{\"@type\":\"ImageObject\",\"url\":\"https:\\\/\\\/www.eldigitaldeasturias.com\\\/noticias\\\/wp-content\\\/uploads\\\/2020\\\/12\\\/EDA.jpg\",\"@id\":\"https:\\\/\\\/eldigitaldeasturias.com\\\/magazine365\\\/un-total-de-23-vuelos-han-sido-programados-entre-espana-y-turquia-este-martes\\\/#organizationLogo\"},\"image\":{\"@id\":\"https:\\\/\\\/eldigitaldeasturias.com\\\/magazine365\\\/un-total-de-23-vuelos-han-sido-programados-entre-espana-y-turquia-este-martes\\\/#organizationLogo\"}},{\"@type\":\"Person\",\"@id\":\"https:\\\/\\\/eldigitaldeasturias.com\\\/magazine365\\\/author\\\/admin\\\/#author\",\"url\":\"https:\\\/\\\/eldigitaldeasturias.com\\\/magazine365\\\/author\\\/admin\\\/\",\"name\":\"admin\",\"image\":{\"@type\":\"ImageObject\",\"@id\":\"https:\\\/\\\/eldigitaldeasturias.com\\\/magazine365\\\/un-total-de-23-vuelos-han-sido-programados-entre-espana-y-turquia-este-martes\\\/#authorImage\",\"url\":\"https:\\\/\\\/eldigitaldeasturias.com\\\/magazine365\\\/wp-content\\\/litespeed\\\/avatar\\\/e571bcf59a0edd6fa6838245a470f2fe.jpg?ver=1776969259\",\"width\":96,\"height\":96,\"caption\":\"admin\"}},{\"@type\":\"WebPage\",\"@id\":\"https:\\\/\\\/eldigitaldeasturias.com\\\/magazine365\\\/un-total-de-23-vuelos-han-sido-programados-entre-espana-y-turquia-este-martes\\\/#webpage\",\"url\":\"https:\\\/\\\/eldigitaldeasturias.com\\\/magazine365\\\/un-total-de-23-vuelos-han-sido-programados-entre-espana-y-turquia-este-martes\\\/\",\"name\":\"Un total de 23 vuelos han sido programados entre Espa\\u00f1a y Turqu\\u00eda este martes | El Digital de Asturias\",\"description\":\"Un total de 23 vuelos han sido programados entre Espa\\u00f1a y Turqu\\u00eda este martes manteniendo la normalidad de las operaciones tras el atentado terrorista registrado este mi\\u00e9rcoles en Turqu\\u00eda que ha acabado con la vida de 41 personas en uno de los aeropuertos del pa\\u00eds, seg\\u00fan informaron fuentes de Aena a Europa Press. De ellos\",\"inLanguage\":\"es-ES\",\"isPartOf\":{\"@id\":\"https:\\\/\\\/eldigitaldeasturias.com\\\/magazine365\\\/#website\"},\"breadcrumb\":{\"@id\":\"https:\\\/\\\/eldigitaldeasturias.com\\\/magazine365\\\/un-total-de-23-vuelos-han-sido-programados-entre-espana-y-turquia-este-martes\\\/#breadcrumblist\"},\"author\":{\"@id\":\"https:\\\/\\\/eldigitaldeasturias.com\\\/magazine365\\\/author\\\/admin\\\/#author\"},\"creator\":{\"@id\":\"https:\\\/\\\/eldigitaldeasturias.com\\\/magazine365\\\/author\\\/admin\\\/#author\"},\"image\":{\"@type\":\"ImageObject\",\"url\":\"https:\\\/\\\/eldigitaldeasturias.com\\\/magazine365\\\/wp-content\\\/uploads\\\/2016\\\/06\\\/fotonoticia_20160629141451_800.jpg\",\"@id\":\"https:\\\/\\\/eldigitaldeasturias.com\\\/magazine365\\\/un-total-de-23-vuelos-han-sido-programados-entre-espana-y-turquia-este-martes\\\/#mainImage\",\"width\":800,\"height\":530},\"primaryImageOfPage\":{\"@id\":\"https:\\\/\\\/eldigitaldeasturias.com\\\/magazine365\\\/un-total-de-23-vuelos-han-sido-programados-entre-espana-y-turquia-este-martes\\\/#mainImage\"},\"datePublished\":\"2016-06-29T20:32:09+02:00\",\"dateModified\":\"2016-06-29T20:32:09+02:00\"},{\"@type\":\"WebSite\",\"@id\":\"https:\\\/\\\/eldigitaldeasturias.com\\\/magazine365\\\/#website\",\"url\":\"https:\\\/\\\/eldigitaldeasturias.com\\\/magazine365\\\/\",\"name\":\"El Digital de Asturias\",\"description\":\"Revista de ocio, turismo y estilo de vida\",\"inLanguage\":\"es-ES\",\"publisher\":{\"@id\":\"https:\\\/\\\/eldigitaldeasturias.com\\\/magazine365\\\/#organization\"}}]}\n\t\t<\/script>\n\t\t<!-- All in One SEO Pro -->\r\n\t\t<title>Un total de 23 vuelos han sido programados entre Espa\u00f1a y Turqu\u00eda este martes | El Digital de Asturias<\/title>\n\n","aioseo_head_json":{"title":"Un total de 23 vuelos han sido programados entre Espa\u00f1a y Turqu\u00eda este martes | El Digital de Asturias","description":"Un total de 23 vuelos han sido programados entre Espa\u00f1a y Turqu\u00eda este martes manteniendo la normalidad de las operaciones tras el atentado terrorista registrado este mi\u00e9rcoles en Turqu\u00eda que ha acabado con la vida de 41 personas en uno de los aeropuertos del pa\u00eds, seg\u00fan informaron fuentes de Aena a Europa Press. De ellos","canonical_url":"https:\/\/eldigitaldeasturias.com\/magazine365\/un-total-de-23-vuelos-han-sido-programados-entre-espana-y-turquia-este-martes\/","robots":"max-image-preview:large","keywords":"noticias y actualidad","webmasterTools":{"google-site-verification":"UA-38556648-1","miscellaneous":""},"schema":{"@context":"https:\/\/schema.org","@graph":[{"@type":"Article","@id":"https:\/\/eldigitaldeasturias.com\/magazine365\/un-total-de-23-vuelos-han-sido-programados-entre-espana-y-turquia-este-martes\/#article","name":"Un total de 23 vuelos han sido programados entre Espa\u00f1a y Turqu\u00eda este martes | El Digital de Asturias","headline":"Un total de 23 vuelos han sido programados entre Espa\u00f1a y Turqu\u00eda este martes","author":{"@id":"https:\/\/eldigitaldeasturias.com\/magazine365\/author\/admin\/#author"},"publisher":{"@id":"https:\/\/eldigitaldeasturias.com\/magazine365\/#organization"},"image":{"@type":"ImageObject","url":"https:\/\/eldigitaldeasturias.com\/magazine365\/wp-content\/uploads\/2016\/06\/fotonoticia_20160629141451_800.jpg","width":800,"height":530},"datePublished":"2016-06-29T20:32:09+02:00","dateModified":"2016-06-29T20:32:09+02:00","inLanguage":"es-ES","mainEntityOfPage":{"@id":"https:\/\/eldigitaldeasturias.com\/magazine365\/un-total-de-23-vuelos-han-sido-programados-entre-espana-y-turquia-este-martes\/#webpage"},"isPartOf":{"@id":"https:\/\/eldigitaldeasturias.com\/magazine365\/un-total-de-23-vuelos-han-sido-programados-entre-espana-y-turquia-este-martes\/#webpage"},"articleSection":"Noticias y Actualidad"},{"@type":"BreadcrumbList","@id":"https:\/\/eldigitaldeasturias.com\/magazine365\/un-total-de-23-vuelos-han-sido-programados-entre-espana-y-turquia-este-martes\/#breadcrumblist","itemListElement":[{"@type":"ListItem","@id":"https:\/\/eldigitaldeasturias.com\/magazine365#listItem","position":1,"name":"Home","item":"https:\/\/eldigitaldeasturias.com\/magazine365","nextItem":{"@type":"ListItem","@id":"https:\/\/eldigitaldeasturias.com\/magazine365\/category\/noticias-actualidad\/#listItem","name":"Noticias y Actualidad"}},{"@type":"ListItem","@id":"https:\/\/eldigitaldeasturias.com\/magazine365\/category\/noticias-actualidad\/#listItem","position":2,"name":"Noticias y Actualidad","item":"https:\/\/eldigitaldeasturias.com\/magazine365\/category\/noticias-actualidad\/","nextItem":{"@type":"ListItem","@id":"https:\/\/eldigitaldeasturias.com\/magazine365\/un-total-de-23-vuelos-han-sido-programados-entre-espana-y-turquia-este-martes\/#listItem","name":"Un total de 23 vuelos han sido programados entre Espa\u00f1a y Turqu\u00eda este martes"},"previousItem":{"@type":"ListItem","@id":"https:\/\/eldigitaldeasturias.com\/magazine365#listItem","name":"Home"}},{"@type":"ListItem","@id":"https:\/\/eldigitaldeasturias.com\/magazine365\/un-total-de-23-vuelos-han-sido-programados-entre-espana-y-turquia-este-martes\/#listItem","position":3,"name":"Un total de 23 vuelos han sido programados entre Espa\u00f1a y Turqu\u00eda este martes","previousItem":{"@type":"ListItem","@id":"https:\/\/eldigitaldeasturias.com\/magazine365\/category\/noticias-actualidad\/#listItem","name":"Noticias y Actualidad"}}]},{"@type":"Organization","@id":"https:\/\/eldigitaldeasturias.com\/magazine365\/#organization","name":"El digital de Asturias","description":"Revista de ocio, turismo y estilo de vida","url":"https:\/\/eldigitaldeasturias.com\/magazine365\/","logo":{"@type":"ImageObject","url":"https:\/\/www.eldigitaldeasturias.com\/noticias\/wp-content\/uploads\/2020\/12\/EDA.jpg","@id":"https:\/\/eldigitaldeasturias.com\/magazine365\/un-total-de-23-vuelos-han-sido-programados-entre-espana-y-turquia-este-martes\/#organizationLogo"},"image":{"@id":"https:\/\/eldigitaldeasturias.com\/magazine365\/un-total-de-23-vuelos-han-sido-programados-entre-espana-y-turquia-este-martes\/#organizationLogo"}},{"@type":"Person","@id":"https:\/\/eldigitaldeasturias.com\/magazine365\/author\/admin\/#author","url":"https:\/\/eldigitaldeasturias.com\/magazine365\/author\/admin\/","name":"admin","image":{"@type":"ImageObject","@id":"https:\/\/eldigitaldeasturias.com\/magazine365\/un-total-de-23-vuelos-han-sido-programados-entre-espana-y-turquia-este-martes\/#authorImage","url":"https:\/\/eldigitaldeasturias.com\/magazine365\/wp-content\/litespeed\/avatar\/e571bcf59a0edd6fa6838245a470f2fe.jpg?ver=1776969259","width":96,"height":96,"caption":"admin"}},{"@type":"WebPage","@id":"https:\/\/eldigitaldeasturias.com\/magazine365\/un-total-de-23-vuelos-han-sido-programados-entre-espana-y-turquia-este-martes\/#webpage","url":"https:\/\/eldigitaldeasturias.com\/magazine365\/un-total-de-23-vuelos-han-sido-programados-entre-espana-y-turquia-este-martes\/","name":"Un total de 23 vuelos han sido programados entre Espa\u00f1a y Turqu\u00eda este martes | El Digital de Asturias","description":"Un total de 23 vuelos han sido programados entre Espa\u00f1a y Turqu\u00eda este martes manteniendo la normalidad de las operaciones tras el atentado terrorista registrado este mi\u00e9rcoles en Turqu\u00eda que ha acabado con la vida de 41 personas en uno de los aeropuertos del pa\u00eds, seg\u00fan informaron fuentes de Aena a Europa Press. De ellos","inLanguage":"es-ES","isPartOf":{"@id":"https:\/\/eldigitaldeasturias.com\/magazine365\/#website"},"breadcrumb":{"@id":"https:\/\/eldigitaldeasturias.com\/magazine365\/un-total-de-23-vuelos-han-sido-programados-entre-espana-y-turquia-este-martes\/#breadcrumblist"},"author":{"@id":"https:\/\/eldigitaldeasturias.com\/magazine365\/author\/admin\/#author"},"creator":{"@id":"https:\/\/eldigitaldeasturias.com\/magazine365\/author\/admin\/#author"},"image":{"@type":"ImageObject","url":"https:\/\/eldigitaldeasturias.com\/magazine365\/wp-content\/uploads\/2016\/06\/fotonoticia_20160629141451_800.jpg","@id":"https:\/\/eldigitaldeasturias.com\/magazine365\/un-total-de-23-vuelos-han-sido-programados-entre-espana-y-turquia-este-martes\/#mainImage","width":800,"height":530},"primaryImageOfPage":{"@id":"https:\/\/eldigitaldeasturias.com\/magazine365\/un-total-de-23-vuelos-han-sido-programados-entre-espana-y-turquia-este-martes\/#mainImage"},"datePublished":"2016-06-29T20:32:09+02:00","dateModified":"2016-06-29T20:32:09+02:00"},{"@type":"WebSite","@id":"https:\/\/eldigitaldeasturias.com\/magazine365\/#website","url":"https:\/\/eldigitaldeasturias.com\/magazine365\/","name":"El Digital de Asturias","description":"Revista de ocio, turismo y estilo de vida","inLanguage":"es-ES","publisher":{"@id":"https:\/\/eldigitaldeasturias.com\/magazine365\/#organization"}}]},"og:locale":"es_ES","og:site_name":"El Digital de Asturias \u2013 Revista de ocio, turismo y estilo de vida","og:type":"article","og:title":"Un total de 23 vuelos han sido programados entre Espa\u00f1a y Turqu\u00eda este martes | El Digital de Asturias","og:description":"Un total de 23 vuelos han sido programados entre Espa\u00f1a y Turqu\u00eda este martes manteniendo la normalidad de las operaciones tras el atentado terrorista registrado este mi\u00e9rcoles en Turqu\u00eda que ha acabado con la vida de 41 personas en uno de los aeropuertos del pa\u00eds, seg\u00fan informaron fuentes de Aena a Europa Press. De ellos","og:url":"https:\/\/eldigitaldeasturias.com\/magazine365\/un-total-de-23-vuelos-han-sido-programados-entre-espana-y-turquia-este-martes\/","og:image":"https:\/\/eldigitaldeasturias.com\/magazine365\/wp-content\/uploads\/2016\/06\/fotonoticia_20160629141451_800.jpg","og:image:secure_url":"https:\/\/eldigitaldeasturias.com\/magazine365\/wp-content\/uploads\/2016\/06\/fotonoticia_20160629141451_800.jpg","og:image:width":800,"og:image:height":530,"article:published_time":"2016-06-29T18:32:09+00:00","article:modified_time":"2016-06-29T18:32:09+00:00","twitter:card":"summary_large_image","twitter:title":"Un total de 23 vuelos han sido programados entre Espa\u00f1a y Turqu\u00eda este martes | El Digital de Asturias","twitter:description":"Un total de 23 vuelos han sido programados entre Espa\u00f1a y Turqu\u00eda este martes manteniendo la normalidad de las operaciones tras el atentado terrorista registrado este mi\u00e9rcoles en Turqu\u00eda que ha acabado con la vida de 41 personas en uno de los aeropuertos del pa\u00eds, seg\u00fan informaron fuentes de Aena a Europa Press. De ellos","twitter:image":"https:\/\/eldigitaldeasturias.com\/magazine365\/wp-content\/uploads\/2016\/06\/fotonoticia_20160629141451_800.jpg"},"aioseo_meta_data":{"post_id":"81116","title":null,"description":null,"keywords":null,"keyphrases":null,"primary_term":null,"canonical_url":null,"og_title":null,"og_description":null,"og_object_type":"default","og_image_type":"default","og_image_url":null,"og_image_width":null,"og_image_height":null,"og_image_custom_url":null,"og_image_custom_fields":null,"og_video":null,"og_custom_url":null,"og_article_section":null,"og_article_tags":null,"twitter_use_og":false,"twitter_card":"default","twitter_image_type":"default","twitter_image_url":null,"twitter_image_custom_url":null,"twitter_image_custom_fields":null,"twitter_title":null,"twitter_description":null,"schema":{"blockGraphs":[],"customGraphs":[],"default":{"data":{"Article":[],"Course":[],"Dataset":[],"FAQPage":[],"Movie":[],"Person":[],"Product":[],"ProductReview":[],"Car":[],"Recipe":[],"Service":[],"SoftwareApplication":[],"WebPage":[]},"graphName":"","isEnabled":true},"graphs":[],"defaultGraph":"","defaultPostTypeGraph":""},"schema_type":null,"schema_type_options":null,"pillar_content":false,"robots_default":true,"robots_noindex":false,"robots_noarchive":false,"robots_nosnippet":false,"robots_nofollow":false,"robots_noimageindex":false,"robots_noodp":false,"robots_notranslate":false,"robots_max_snippet":null,"robots_max_videopreview":null,"robots_max_imagepreview":"large","priority":null,"frequency":null,"location":null,"local_seo":null,"seo_analyzer_scan_date":"2025-09-27 22:14:06","breadcrumb_settings":null,"limit_modified_date":false,"open_ai":null,"ai":null,"created":"2021-03-08 17:21:45","updated":"2025-09-27 22:14:06"},"aioseo_breadcrumb":"<div class=\"aioseo-breadcrumbs\"><span class=\"aioseo-breadcrumb\">\n\t<a href=\"https:\/\/eldigitaldeasturias.com\/magazine365\" title=\"Home\">Home<\/a>\n<\/span><span class=\"aioseo-breadcrumb-separator\">\u2013<\/span><span class=\"aioseo-breadcrumb\">\n\t<a href=\"https:\/\/eldigitaldeasturias.com\/magazine365\/category\/noticias-actualidad\/\" title=\"Noticias y Actualidad\">Noticias y Actualidad<\/a>\n<\/span><span class=\"aioseo-breadcrumb-separator\">\u2013<\/span><span class=\"aioseo-breadcrumb\">\n\t<a href=\"https:\/\/eldigitaldeasturias.com\/magazine365\/un-total-de-23-vuelos-han-sido-programados-entre-espana-y-turquia-este-martes\/\" title=\"Un total de 23 vuelos han sido programados entre Espa\u00f1a y Turqu\u00eda este martes\">Un total de 23 vuelos han sido programados entre Espa\u00f1a y Turqu\u00eda este martes<\/a>\n<\/span><\/div>","aioseo_breadcrumb_json":[{"label":"Home","link":"https:\/\/eldigitaldeasturias.com\/magazine365"},{"label":"Noticias y Actualidad","link":"https:\/\/eldigitaldeasturias.com\/magazine365\/category\/noticias-actualidad\/"},{"label":"Un total de 23 vuelos han sido programados entre Espa\u00f1a y Turqu\u00eda este martes","link":"https:\/\/eldigitaldeasturias.com\/magazine365\/un-total-de-23-vuelos-han-sido-programados-entre-espana-y-turquia-este-martes\/"}],"_links":{"self":[{"href":"https:\/\/eldigitaldeasturias.com\/magazine365\/wp-json\/wp\/v2\/posts\/81116","targetHints":{"allow":["GET"]}}],"collection":[{"href":"https:\/\/eldigitaldeasturias.com\/magazine365\/wp-json\/wp\/v2\/posts"}],"about":[{"href":"https:\/\/eldigitaldeasturias.com\/magazine365\/wp-json\/wp\/v2\/types\/post"}],"author":[{"embeddable":true,"href":"https:\/\/eldigitaldeasturias.com\/magazine365\/wp-json\/wp\/v2\/users\/1"}],"replies":[{"embeddable":true,"href":"https:\/\/eldigitaldeasturias.com\/magazine365\/wp-json\/wp\/v2\/comments?post=81116"}],"version-history":[{"count":0,"href":"https:\/\/eldigitaldeasturias.com\/magazine365\/wp-json\/wp\/v2\/posts\/81116\/revisions"}],"wp:featuredmedia":[{"embeddable":true,"href":"https:\/\/eldigitaldeasturias.com\/magazine365\/wp-json\/wp\/v2\/media\/81117"}],"wp:attachment":[{"href":"https:\/\/eldigitaldeasturias.com\/magazine365\/wp-json\/wp\/v2\/media?parent=81116"}],"wp:term":[{"taxonomy":"category","embeddable":true,"href":"https:\/\/eldigitaldeasturias.com\/magazine365\/wp-json\/wp\/v2\/categories?post=81116"},{"taxonomy":"post_tag","embeddable":true,"href":"https:\/\/eldigitaldeasturias.com\/magazine365\/wp-json\/wp\/v2\/tags?post=81116"}],"curies":[{"name":"wp","href":"https:\/\/api.w.org\/{rel}","templated":true}]}}