{"id":81110,"date":"2016-06-29T20:30:04","date_gmt":"2016-06-29T18:30:04","guid":{"rendered":"http:\/\/eldigitaldeasturias.com\/magazine365\/?p=81110"},"modified":"2016-06-29T20:30:04","modified_gmt":"2016-06-29T18:30:04","slug":"amadeus-recibe-el-premio-a-la-innovacion-red-hat","status":"publish","type":"post","link":"https:\/\/eldigitaldeasturias.com\/magazine365\/amadeus-recibe-el-premio-a-la-innovacion-red-hat\/","title":{"rendered":"Amadeus recibe el premio a la innovaci\u00f3n Red Hat"},"content":{"rendered":"<p><img fetchpriority=\"high\" decoding=\"async\" class=\"alignleft size-medium wp-image-81111\" src=\"https:\/\/eldigitaldeasturias.com\/magazine365\/wp-content\/uploads\/2016\/06\/fotonoticia_20160629135625_800-360x270.jpg\" alt=\"fotonoticia_20160629135625_800\" width=\"360\" height=\"270\" srcset=\"https:\/\/eldigitaldeasturias.com\/magazine365\/wp-content\/uploads\/2016\/06\/fotonoticia_20160629135625_800-360x270.jpg 360w, https:\/\/eldigitaldeasturias.com\/magazine365\/wp-content\/uploads\/2016\/06\/fotonoticia_20160629135625_800-650x488.jpg 650w, https:\/\/eldigitaldeasturias.com\/magazine365\/wp-content\/uploads\/2016\/06\/fotonoticia_20160629135625_800-768x577.jpg 768w, https:\/\/eldigitaldeasturias.com\/magazine365\/wp-content\/uploads\/2016\/06\/fotonoticia_20160629135625_800-150x113.jpg 150w, https:\/\/eldigitaldeasturias.com\/magazine365\/wp-content\/uploads\/2016\/06\/fotonoticia_20160629135625_800-450x338.jpg 450w, https:\/\/eldigitaldeasturias.com\/magazine365\/wp-content\/uploads\/2016\/06\/fotonoticia_20160629135625_800-90x67.jpg 90w, https:\/\/eldigitaldeasturias.com\/magazine365\/wp-content\/uploads\/2016\/06\/fotonoticia_20160629135625_800-164x124.jpg 164w, https:\/\/eldigitaldeasturias.com\/magazine365\/wp-content\/uploads\/2016\/06\/fotonoticia_20160629135625_800-100x75.jpg 100w, https:\/\/eldigitaldeasturias.com\/magazine365\/wp-content\/uploads\/2016\/06\/fotonoticia_20160629135625_800.jpg 800w\" sizes=\"(max-width: 360px) 100vw, 360px\" \/>Amadeus ha recibido el galard\u00f3n &#8216;Innovador en la nube del a\u00f1o&#8217; en la X edici\u00f3n de los Premios de Innovaci\u00f3n Red Hat que reconocen el uso innovador y destacado de las soluciones de esta compa\u00f1\u00eda por parte de clientes y asociados.<\/p>\n<p>Los servicios en la nube Amadeus Cloud Services responden al reto que afrontan las aerol\u00edneas de atender a un volumen cada vez mayor de b\u00fasquedas de vuelos y, adem\u00e1s, revolucionan las bases tecnol\u00f3gicas del sector global de la hosteler\u00eda.<\/p>\n<p>Esta distinci\u00f3n llega tras el lanzamiento, durante el pasado mes de junio, de Amadeus Cloud Services, respaldado por un proyecto de c\u00f3digo abierto que Amadeus desarroll\u00f3 con Red Hat en la Red Hat OpenShift Container Platform.<\/p>\n<p>La entrega de galardones tendr\u00e1 lugar en el evento Red Hat Summit 2016, que se celebra en San Francisco (Estados Unios) del 28 al 30 de junio.<\/p>\n","protected":false},"excerpt":{"rendered":"<p>Amadeus ha recibido el galard\u00f3n &#8216;Innovador en la nube del a\u00f1o&#8217; en la X edici\u00f3n de los Premios de Innovaci\u00f3n Red Hat que reconocen el uso innovador y destacado de las soluciones de esta compa\u00f1\u00eda por parte de clientes y asociados. Los servicios en la nube Amadeus Cloud Services responden al reto que afrontan las<\/p>\n","protected":false},"author":1,"featured_media":81111,"comment_status":"open","ping_status":"closed","sticky":false,"template":"","format":"standard","meta":{"footnotes":""},"categories":[224],"tags":[],"class_list":{"0":"post-81110","1":"post","2":"type-post","3":"status-publish","4":"format-standard","5":"has-post-thumbnail","7":"category-noticias-actualidad"},"aioseo_notices":[],"aioseo_head":"\n\t\t<!-- All in One SEO Pro 4.9.6.1 - aioseo.com -->\n\t<meta name=\"description\" content=\"Amadeus ha recibido el galard\u00f3n &#039;Innovador en la nube del a\u00f1o&#039; en la X edici\u00f3n de los Premios de Innovaci\u00f3n Red Hat que reconocen el uso innovador y destacado de las soluciones de esta compa\u00f1\u00eda por parte de clientes y asociados. Los servicios en la nube Amadeus Cloud Services responden al reto que afrontan las\" \/>\n\t<meta name=\"robots\" content=\"max-image-preview:large\" \/>\n\t<meta name=\"author\" content=\"admin\"\/>\n\t<meta name=\"google-site-verification\" content=\"UA-38556648-1\" \/>\n\t<meta name=\"keywords\" content=\"noticias y actualidad\" \/>\n\t<link rel=\"canonical\" href=\"https:\/\/eldigitaldeasturias.com\/magazine365\/amadeus-recibe-el-premio-a-la-innovacion-red-hat\/\" \/>\n\t<meta name=\"generator\" content=\"All in One SEO Pro (AIOSEO) 4.9.6.1\" \/>\n\t\t<meta property=\"og:locale\" content=\"es_ES\" \/>\n\t\t<meta property=\"og:site_name\" content=\"El Digital de Asturias \u2013 Revista de ocio, turismo y estilo de vida\" \/>\n\t\t<meta property=\"og:type\" content=\"article\" \/>\n\t\t<meta property=\"og:title\" content=\"Amadeus recibe el premio a la innovaci\u00f3n Red Hat | El Digital de Asturias\" \/>\n\t\t<meta property=\"og:description\" content=\"Amadeus ha recibido el galard\u00f3n &#039;Innovador en la nube del a\u00f1o&#039; en la X edici\u00f3n de los Premios de Innovaci\u00f3n Red Hat que reconocen el uso innovador y destacado de las soluciones de esta compa\u00f1\u00eda por parte de clientes y asociados. Los servicios en la nube Amadeus Cloud Services responden al reto que afrontan las\" \/>\n\t\t<meta property=\"og:url\" content=\"https:\/\/eldigitaldeasturias.com\/magazine365\/amadeus-recibe-el-premio-a-la-innovacion-red-hat\/\" \/>\n\t\t<meta property=\"og:image\" content=\"https:\/\/eldigitaldeasturias.com\/magazine365\/wp-content\/uploads\/2016\/06\/fotonoticia_20160629135625_800.jpg\" \/>\n\t\t<meta property=\"og:image:secure_url\" content=\"https:\/\/eldigitaldeasturias.com\/magazine365\/wp-content\/uploads\/2016\/06\/fotonoticia_20160629135625_800.jpg\" \/>\n\t\t<meta property=\"og:image:width\" content=\"800\" \/>\n\t\t<meta property=\"og:image:height\" content=\"601\" \/>\n\t\t<meta property=\"article:published_time\" content=\"2016-06-29T18:30:04+00:00\" \/>\n\t\t<meta property=\"article:modified_time\" content=\"2016-06-29T18:30:04+00:00\" \/>\n\t\t<meta name=\"twitter:card\" content=\"summary_large_image\" \/>\n\t\t<meta name=\"twitter:title\" content=\"Amadeus recibe el premio a la innovaci\u00f3n Red Hat | El Digital de Asturias\" \/>\n\t\t<meta name=\"twitter:description\" content=\"Amadeus ha recibido el galard\u00f3n &#039;Innovador en la nube del a\u00f1o&#039; en la X edici\u00f3n de los Premios de Innovaci\u00f3n Red Hat que reconocen el uso innovador y destacado de las soluciones de esta compa\u00f1\u00eda por parte de clientes y asociados. Los servicios en la nube Amadeus Cloud Services responden al reto que afrontan las\" \/>\n\t\t<meta name=\"twitter:image\" content=\"https:\/\/eldigitaldeasturias.com\/magazine365\/wp-content\/uploads\/2016\/06\/fotonoticia_20160629135625_800.jpg\" \/>\n\t\t<script type=\"application\/ld+json\" class=\"aioseo-schema\">\n\t\t\t{\"@context\":\"https:\\\/\\\/schema.org\",\"@graph\":[{\"@type\":\"Article\",\"@id\":\"https:\\\/\\\/eldigitaldeasturias.com\\\/magazine365\\\/amadeus-recibe-el-premio-a-la-innovacion-red-hat\\\/#article\",\"name\":\"Amadeus recibe el premio a la innovaci\\u00f3n Red Hat | El Digital de Asturias\",\"headline\":\"Amadeus recibe el premio a la innovaci\\u00f3n Red Hat\",\"author\":{\"@id\":\"https:\\\/\\\/eldigitaldeasturias.com\\\/magazine365\\\/author\\\/admin\\\/#author\"},\"publisher\":{\"@id\":\"https:\\\/\\\/eldigitaldeasturias.com\\\/magazine365\\\/#organization\"},\"image\":{\"@type\":\"ImageObject\",\"url\":\"https:\\\/\\\/eldigitaldeasturias.com\\\/magazine365\\\/wp-content\\\/uploads\\\/2016\\\/06\\\/fotonoticia_20160629135625_800.jpg\",\"width\":800,\"height\":601},\"datePublished\":\"2016-06-29T20:30:04+02:00\",\"dateModified\":\"2016-06-29T20:30:04+02:00\",\"inLanguage\":\"es-ES\",\"mainEntityOfPage\":{\"@id\":\"https:\\\/\\\/eldigitaldeasturias.com\\\/magazine365\\\/amadeus-recibe-el-premio-a-la-innovacion-red-hat\\\/#webpage\"},\"isPartOf\":{\"@id\":\"https:\\\/\\\/eldigitaldeasturias.com\\\/magazine365\\\/amadeus-recibe-el-premio-a-la-innovacion-red-hat\\\/#webpage\"},\"articleSection\":\"Noticias y Actualidad\"},{\"@type\":\"BreadcrumbList\",\"@id\":\"https:\\\/\\\/eldigitaldeasturias.com\\\/magazine365\\\/amadeus-recibe-el-premio-a-la-innovacion-red-hat\\\/#breadcrumblist\",\"itemListElement\":[{\"@type\":\"ListItem\",\"@id\":\"https:\\\/\\\/eldigitaldeasturias.com\\\/magazine365#listItem\",\"position\":1,\"name\":\"Home\",\"item\":\"https:\\\/\\\/eldigitaldeasturias.com\\\/magazine365\",\"nextItem\":{\"@type\":\"ListItem\",\"@id\":\"https:\\\/\\\/eldigitaldeasturias.com\\\/magazine365\\\/category\\\/noticias-actualidad\\\/#listItem\",\"name\":\"Noticias y Actualidad\"}},{\"@type\":\"ListItem\",\"@id\":\"https:\\\/\\\/eldigitaldeasturias.com\\\/magazine365\\\/category\\\/noticias-actualidad\\\/#listItem\",\"position\":2,\"name\":\"Noticias y Actualidad\",\"item\":\"https:\\\/\\\/eldigitaldeasturias.com\\\/magazine365\\\/category\\\/noticias-actualidad\\\/\",\"nextItem\":{\"@type\":\"ListItem\",\"@id\":\"https:\\\/\\\/eldigitaldeasturias.com\\\/magazine365\\\/amadeus-recibe-el-premio-a-la-innovacion-red-hat\\\/#listItem\",\"name\":\"Amadeus recibe el premio a la innovaci\\u00f3n Red Hat\"},\"previousItem\":{\"@type\":\"ListItem\",\"@id\":\"https:\\\/\\\/eldigitaldeasturias.com\\\/magazine365#listItem\",\"name\":\"Home\"}},{\"@type\":\"ListItem\",\"@id\":\"https:\\\/\\\/eldigitaldeasturias.com\\\/magazine365\\\/amadeus-recibe-el-premio-a-la-innovacion-red-hat\\\/#listItem\",\"position\":3,\"name\":\"Amadeus recibe el premio a la innovaci\\u00f3n Red Hat\",\"previousItem\":{\"@type\":\"ListItem\",\"@id\":\"https:\\\/\\\/eldigitaldeasturias.com\\\/magazine365\\\/category\\\/noticias-actualidad\\\/#listItem\",\"name\":\"Noticias y Actualidad\"}}]},{\"@type\":\"Organization\",\"@id\":\"https:\\\/\\\/eldigitaldeasturias.com\\\/magazine365\\\/#organization\",\"name\":\"El digital de Asturias\",\"description\":\"Revista de ocio, turismo y estilo de vida\",\"url\":\"https:\\\/\\\/eldigitaldeasturias.com\\\/magazine365\\\/\",\"logo\":{\"@type\":\"ImageObject\",\"url\":\"https:\\\/\\\/www.eldigitaldeasturias.com\\\/noticias\\\/wp-content\\\/uploads\\\/2020\\\/12\\\/EDA.jpg\",\"@id\":\"https:\\\/\\\/eldigitaldeasturias.com\\\/magazine365\\\/amadeus-recibe-el-premio-a-la-innovacion-red-hat\\\/#organizationLogo\"},\"image\":{\"@id\":\"https:\\\/\\\/eldigitaldeasturias.com\\\/magazine365\\\/amadeus-recibe-el-premio-a-la-innovacion-red-hat\\\/#organizationLogo\"}},{\"@type\":\"Person\",\"@id\":\"https:\\\/\\\/eldigitaldeasturias.com\\\/magazine365\\\/author\\\/admin\\\/#author\",\"url\":\"https:\\\/\\\/eldigitaldeasturias.com\\\/magazine365\\\/author\\\/admin\\\/\",\"name\":\"admin\",\"image\":{\"@type\":\"ImageObject\",\"@id\":\"https:\\\/\\\/eldigitaldeasturias.com\\\/magazine365\\\/amadeus-recibe-el-premio-a-la-innovacion-red-hat\\\/#authorImage\",\"url\":\"https:\\\/\\\/eldigitaldeasturias.com\\\/magazine365\\\/wp-content\\\/litespeed\\\/avatar\\\/e571bcf59a0edd6fa6838245a470f2fe.jpg?ver=1776969259\",\"width\":96,\"height\":96,\"caption\":\"admin\"}},{\"@type\":\"WebPage\",\"@id\":\"https:\\\/\\\/eldigitaldeasturias.com\\\/magazine365\\\/amadeus-recibe-el-premio-a-la-innovacion-red-hat\\\/#webpage\",\"url\":\"https:\\\/\\\/eldigitaldeasturias.com\\\/magazine365\\\/amadeus-recibe-el-premio-a-la-innovacion-red-hat\\\/\",\"name\":\"Amadeus recibe el premio a la innovaci\\u00f3n Red Hat | El Digital de Asturias\",\"description\":\"Amadeus ha recibido el galard\\u00f3n 'Innovador en la nube del a\\u00f1o' en la X edici\\u00f3n de los Premios de Innovaci\\u00f3n Red Hat que reconocen el uso innovador y destacado de las soluciones de esta compa\\u00f1\\u00eda por parte de clientes y asociados. Los servicios en la nube Amadeus Cloud Services responden al reto que afrontan las\",\"inLanguage\":\"es-ES\",\"isPartOf\":{\"@id\":\"https:\\\/\\\/eldigitaldeasturias.com\\\/magazine365\\\/#website\"},\"breadcrumb\":{\"@id\":\"https:\\\/\\\/eldigitaldeasturias.com\\\/magazine365\\\/amadeus-recibe-el-premio-a-la-innovacion-red-hat\\\/#breadcrumblist\"},\"author\":{\"@id\":\"https:\\\/\\\/eldigitaldeasturias.com\\\/magazine365\\\/author\\\/admin\\\/#author\"},\"creator\":{\"@id\":\"https:\\\/\\\/eldigitaldeasturias.com\\\/magazine365\\\/author\\\/admin\\\/#author\"},\"image\":{\"@type\":\"ImageObject\",\"url\":\"https:\\\/\\\/eldigitaldeasturias.com\\\/magazine365\\\/wp-content\\\/uploads\\\/2016\\\/06\\\/fotonoticia_20160629135625_800.jpg\",\"@id\":\"https:\\\/\\\/eldigitaldeasturias.com\\\/magazine365\\\/amadeus-recibe-el-premio-a-la-innovacion-red-hat\\\/#mainImage\",\"width\":800,\"height\":601},\"primaryImageOfPage\":{\"@id\":\"https:\\\/\\\/eldigitaldeasturias.com\\\/magazine365\\\/amadeus-recibe-el-premio-a-la-innovacion-red-hat\\\/#mainImage\"},\"datePublished\":\"2016-06-29T20:30:04+02:00\",\"dateModified\":\"2016-06-29T20:30:04+02:00\"},{\"@type\":\"WebSite\",\"@id\":\"https:\\\/\\\/eldigitaldeasturias.com\\\/magazine365\\\/#website\",\"url\":\"https:\\\/\\\/eldigitaldeasturias.com\\\/magazine365\\\/\",\"name\":\"El Digital de Asturias\",\"description\":\"Revista de ocio, turismo y estilo de vida\",\"inLanguage\":\"es-ES\",\"publisher\":{\"@id\":\"https:\\\/\\\/eldigitaldeasturias.com\\\/magazine365\\\/#organization\"}}]}\n\t\t<\/script>\n\t\t<!-- All in One SEO Pro -->\r\n\t\t<title>Amadeus recibe el premio a la innovaci\u00f3n Red Hat | El Digital de Asturias<\/title>\n\n","aioseo_head_json":{"title":"Amadeus recibe el premio a la innovaci\u00f3n Red Hat | El Digital de Asturias","description":"Amadeus ha recibido el galard\u00f3n 'Innovador en la nube del a\u00f1o' en la X edici\u00f3n de los Premios de Innovaci\u00f3n Red Hat que reconocen el uso innovador y destacado de las soluciones de esta compa\u00f1\u00eda por parte de clientes y asociados. Los servicios en la nube Amadeus Cloud Services responden al reto que afrontan las","canonical_url":"https:\/\/eldigitaldeasturias.com\/magazine365\/amadeus-recibe-el-premio-a-la-innovacion-red-hat\/","robots":"max-image-preview:large","keywords":"noticias y actualidad","webmasterTools":{"google-site-verification":"UA-38556648-1","miscellaneous":""},"schema":{"@context":"https:\/\/schema.org","@graph":[{"@type":"Article","@id":"https:\/\/eldigitaldeasturias.com\/magazine365\/amadeus-recibe-el-premio-a-la-innovacion-red-hat\/#article","name":"Amadeus recibe el premio a la innovaci\u00f3n Red Hat | El Digital de Asturias","headline":"Amadeus recibe el premio a la innovaci\u00f3n Red Hat","author":{"@id":"https:\/\/eldigitaldeasturias.com\/magazine365\/author\/admin\/#author"},"publisher":{"@id":"https:\/\/eldigitaldeasturias.com\/magazine365\/#organization"},"image":{"@type":"ImageObject","url":"https:\/\/eldigitaldeasturias.com\/magazine365\/wp-content\/uploads\/2016\/06\/fotonoticia_20160629135625_800.jpg","width":800,"height":601},"datePublished":"2016-06-29T20:30:04+02:00","dateModified":"2016-06-29T20:30:04+02:00","inLanguage":"es-ES","mainEntityOfPage":{"@id":"https:\/\/eldigitaldeasturias.com\/magazine365\/amadeus-recibe-el-premio-a-la-innovacion-red-hat\/#webpage"},"isPartOf":{"@id":"https:\/\/eldigitaldeasturias.com\/magazine365\/amadeus-recibe-el-premio-a-la-innovacion-red-hat\/#webpage"},"articleSection":"Noticias y Actualidad"},{"@type":"BreadcrumbList","@id":"https:\/\/eldigitaldeasturias.com\/magazine365\/amadeus-recibe-el-premio-a-la-innovacion-red-hat\/#breadcrumblist","itemListElement":[{"@type":"ListItem","@id":"https:\/\/eldigitaldeasturias.com\/magazine365#listItem","position":1,"name":"Home","item":"https:\/\/eldigitaldeasturias.com\/magazine365","nextItem":{"@type":"ListItem","@id":"https:\/\/eldigitaldeasturias.com\/magazine365\/category\/noticias-actualidad\/#listItem","name":"Noticias y Actualidad"}},{"@type":"ListItem","@id":"https:\/\/eldigitaldeasturias.com\/magazine365\/category\/noticias-actualidad\/#listItem","position":2,"name":"Noticias y Actualidad","item":"https:\/\/eldigitaldeasturias.com\/magazine365\/category\/noticias-actualidad\/","nextItem":{"@type":"ListItem","@id":"https:\/\/eldigitaldeasturias.com\/magazine365\/amadeus-recibe-el-premio-a-la-innovacion-red-hat\/#listItem","name":"Amadeus recibe el premio a la innovaci\u00f3n Red Hat"},"previousItem":{"@type":"ListItem","@id":"https:\/\/eldigitaldeasturias.com\/magazine365#listItem","name":"Home"}},{"@type":"ListItem","@id":"https:\/\/eldigitaldeasturias.com\/magazine365\/amadeus-recibe-el-premio-a-la-innovacion-red-hat\/#listItem","position":3,"name":"Amadeus recibe el premio a la innovaci\u00f3n Red Hat","previousItem":{"@type":"ListItem","@id":"https:\/\/eldigitaldeasturias.com\/magazine365\/category\/noticias-actualidad\/#listItem","name":"Noticias y Actualidad"}}]},{"@type":"Organization","@id":"https:\/\/eldigitaldeasturias.com\/magazine365\/#organization","name":"El digital de Asturias","description":"Revista de ocio, turismo y estilo de vida","url":"https:\/\/eldigitaldeasturias.com\/magazine365\/","logo":{"@type":"ImageObject","url":"https:\/\/www.eldigitaldeasturias.com\/noticias\/wp-content\/uploads\/2020\/12\/EDA.jpg","@id":"https:\/\/eldigitaldeasturias.com\/magazine365\/amadeus-recibe-el-premio-a-la-innovacion-red-hat\/#organizationLogo"},"image":{"@id":"https:\/\/eldigitaldeasturias.com\/magazine365\/amadeus-recibe-el-premio-a-la-innovacion-red-hat\/#organizationLogo"}},{"@type":"Person","@id":"https:\/\/eldigitaldeasturias.com\/magazine365\/author\/admin\/#author","url":"https:\/\/eldigitaldeasturias.com\/magazine365\/author\/admin\/","name":"admin","image":{"@type":"ImageObject","@id":"https:\/\/eldigitaldeasturias.com\/magazine365\/amadeus-recibe-el-premio-a-la-innovacion-red-hat\/#authorImage","url":"https:\/\/eldigitaldeasturias.com\/magazine365\/wp-content\/litespeed\/avatar\/e571bcf59a0edd6fa6838245a470f2fe.jpg?ver=1776969259","width":96,"height":96,"caption":"admin"}},{"@type":"WebPage","@id":"https:\/\/eldigitaldeasturias.com\/magazine365\/amadeus-recibe-el-premio-a-la-innovacion-red-hat\/#webpage","url":"https:\/\/eldigitaldeasturias.com\/magazine365\/amadeus-recibe-el-premio-a-la-innovacion-red-hat\/","name":"Amadeus recibe el premio a la innovaci\u00f3n Red Hat | El Digital de Asturias","description":"Amadeus ha recibido el galard\u00f3n 'Innovador en la nube del a\u00f1o' en la X edici\u00f3n de los Premios de Innovaci\u00f3n Red Hat que reconocen el uso innovador y destacado de las soluciones de esta compa\u00f1\u00eda por parte de clientes y asociados. Los servicios en la nube Amadeus Cloud Services responden al reto que afrontan las","inLanguage":"es-ES","isPartOf":{"@id":"https:\/\/eldigitaldeasturias.com\/magazine365\/#website"},"breadcrumb":{"@id":"https:\/\/eldigitaldeasturias.com\/magazine365\/amadeus-recibe-el-premio-a-la-innovacion-red-hat\/#breadcrumblist"},"author":{"@id":"https:\/\/eldigitaldeasturias.com\/magazine365\/author\/admin\/#author"},"creator":{"@id":"https:\/\/eldigitaldeasturias.com\/magazine365\/author\/admin\/#author"},"image":{"@type":"ImageObject","url":"https:\/\/eldigitaldeasturias.com\/magazine365\/wp-content\/uploads\/2016\/06\/fotonoticia_20160629135625_800.jpg","@id":"https:\/\/eldigitaldeasturias.com\/magazine365\/amadeus-recibe-el-premio-a-la-innovacion-red-hat\/#mainImage","width":800,"height":601},"primaryImageOfPage":{"@id":"https:\/\/eldigitaldeasturias.com\/magazine365\/amadeus-recibe-el-premio-a-la-innovacion-red-hat\/#mainImage"},"datePublished":"2016-06-29T20:30:04+02:00","dateModified":"2016-06-29T20:30:04+02:00"},{"@type":"WebSite","@id":"https:\/\/eldigitaldeasturias.com\/magazine365\/#website","url":"https:\/\/eldigitaldeasturias.com\/magazine365\/","name":"El Digital de Asturias","description":"Revista de ocio, turismo y estilo de vida","inLanguage":"es-ES","publisher":{"@id":"https:\/\/eldigitaldeasturias.com\/magazine365\/#organization"}}]},"og:locale":"es_ES","og:site_name":"El Digital de Asturias \u2013 Revista de ocio, turismo y estilo de vida","og:type":"article","og:title":"Amadeus recibe el premio a la innovaci\u00f3n Red Hat | El Digital de Asturias","og:description":"Amadeus ha recibido el galard\u00f3n 'Innovador en la nube del a\u00f1o' en la X edici\u00f3n de los Premios de Innovaci\u00f3n Red Hat que reconocen el uso innovador y destacado de las soluciones de esta compa\u00f1\u00eda por parte de clientes y asociados. Los servicios en la nube Amadeus Cloud Services responden al reto que afrontan las","og:url":"https:\/\/eldigitaldeasturias.com\/magazine365\/amadeus-recibe-el-premio-a-la-innovacion-red-hat\/","og:image":"https:\/\/eldigitaldeasturias.com\/magazine365\/wp-content\/uploads\/2016\/06\/fotonoticia_20160629135625_800.jpg","og:image:secure_url":"https:\/\/eldigitaldeasturias.com\/magazine365\/wp-content\/uploads\/2016\/06\/fotonoticia_20160629135625_800.jpg","og:image:width":800,"og:image:height":601,"article:published_time":"2016-06-29T18:30:04+00:00","article:modified_time":"2016-06-29T18:30:04+00:00","twitter:card":"summary_large_image","twitter:title":"Amadeus recibe el premio a la innovaci\u00f3n Red Hat | El Digital de Asturias","twitter:description":"Amadeus ha recibido el galard\u00f3n 'Innovador en la nube del a\u00f1o' en la X edici\u00f3n de los Premios de Innovaci\u00f3n Red Hat que reconocen el uso innovador y destacado de las soluciones de esta compa\u00f1\u00eda por parte de clientes y asociados. Los servicios en la nube Amadeus Cloud Services responden al reto que afrontan las","twitter:image":"https:\/\/eldigitaldeasturias.com\/magazine365\/wp-content\/uploads\/2016\/06\/fotonoticia_20160629135625_800.jpg"},"aioseo_meta_data":{"post_id":"81110","title":null,"description":null,"keywords":null,"keyphrases":null,"primary_term":null,"canonical_url":null,"og_title":null,"og_description":null,"og_object_type":"default","og_image_type":"default","og_image_url":null,"og_image_width":null,"og_image_height":null,"og_image_custom_url":null,"og_image_custom_fields":null,"og_video":null,"og_custom_url":null,"og_article_section":null,"og_article_tags":null,"twitter_use_og":false,"twitter_card":"default","twitter_image_type":"default","twitter_image_url":null,"twitter_image_custom_url":null,"twitter_image_custom_fields":null,"twitter_title":null,"twitter_description":null,"schema":{"blockGraphs":[],"customGraphs":[],"default":{"data":{"Article":[],"Course":[],"Dataset":[],"FAQPage":[],"Movie":[],"Person":[],"Product":[],"ProductReview":[],"Car":[],"Recipe":[],"Service":[],"SoftwareApplication":[],"WebPage":[]},"graphName":"","isEnabled":true},"graphs":[],"defaultGraph":"","defaultPostTypeGraph":""},"schema_type":null,"schema_type_options":null,"pillar_content":false,"robots_default":true,"robots_noindex":false,"robots_noarchive":false,"robots_nosnippet":false,"robots_nofollow":false,"robots_noimageindex":false,"robots_noodp":false,"robots_notranslate":false,"robots_max_snippet":null,"robots_max_videopreview":null,"robots_max_imagepreview":"large","priority":null,"frequency":null,"location":null,"local_seo":null,"seo_analyzer_scan_date":"2025-09-27 22:12:01","breadcrumb_settings":null,"limit_modified_date":false,"open_ai":null,"ai":null,"created":"2021-03-08 17:21:45","updated":"2025-09-27 22:12:01"},"aioseo_breadcrumb":"<div class=\"aioseo-breadcrumbs\"><span class=\"aioseo-breadcrumb\">\n\t<a href=\"https:\/\/eldigitaldeasturias.com\/magazine365\" title=\"Home\">Home<\/a>\n<\/span><span class=\"aioseo-breadcrumb-separator\">\u2013<\/span><span class=\"aioseo-breadcrumb\">\n\t<a href=\"https:\/\/eldigitaldeasturias.com\/magazine365\/category\/noticias-actualidad\/\" title=\"Noticias y Actualidad\">Noticias y Actualidad<\/a>\n<\/span><span class=\"aioseo-breadcrumb-separator\">\u2013<\/span><span class=\"aioseo-breadcrumb\">\n\t<a href=\"https:\/\/eldigitaldeasturias.com\/magazine365\/amadeus-recibe-el-premio-a-la-innovacion-red-hat\/\" title=\"Amadeus recibe el premio a la innovaci\u00f3n Red Hat\">Amadeus recibe el premio a la innovaci\u00f3n Red Hat<\/a>\n<\/span><\/div>","aioseo_breadcrumb_json":[{"label":"Home","link":"https:\/\/eldigitaldeasturias.com\/magazine365"},{"label":"Noticias y Actualidad","link":"https:\/\/eldigitaldeasturias.com\/magazine365\/category\/noticias-actualidad\/"},{"label":"Amadeus recibe el premio a la innovaci\u00f3n Red Hat","link":"https:\/\/eldigitaldeasturias.com\/magazine365\/amadeus-recibe-el-premio-a-la-innovacion-red-hat\/"}],"_links":{"self":[{"href":"https:\/\/eldigitaldeasturias.com\/magazine365\/wp-json\/wp\/v2\/posts\/81110","targetHints":{"allow":["GET"]}}],"collection":[{"href":"https:\/\/eldigitaldeasturias.com\/magazine365\/wp-json\/wp\/v2\/posts"}],"about":[{"href":"https:\/\/eldigitaldeasturias.com\/magazine365\/wp-json\/wp\/v2\/types\/post"}],"author":[{"embeddable":true,"href":"https:\/\/eldigitaldeasturias.com\/magazine365\/wp-json\/wp\/v2\/users\/1"}],"replies":[{"embeddable":true,"href":"https:\/\/eldigitaldeasturias.com\/magazine365\/wp-json\/wp\/v2\/comments?post=81110"}],"version-history":[{"count":0,"href":"https:\/\/eldigitaldeasturias.com\/magazine365\/wp-json\/wp\/v2\/posts\/81110\/revisions"}],"wp:featuredmedia":[{"embeddable":true,"href":"https:\/\/eldigitaldeasturias.com\/magazine365\/wp-json\/wp\/v2\/media\/81111"}],"wp:attachment":[{"href":"https:\/\/eldigitaldeasturias.com\/magazine365\/wp-json\/wp\/v2\/media?parent=81110"}],"wp:term":[{"taxonomy":"category","embeddable":true,"href":"https:\/\/eldigitaldeasturias.com\/magazine365\/wp-json\/wp\/v2\/categories?post=81110"},{"taxonomy":"post_tag","embeddable":true,"href":"https:\/\/eldigitaldeasturias.com\/magazine365\/wp-json\/wp\/v2\/tags?post=81110"}],"curies":[{"name":"wp","href":"https:\/\/api.w.org\/{rel}","templated":true}]}}