{"id":81104,"date":"2016-06-29T20:28:11","date_gmt":"2016-06-29T18:28:11","guid":{"rendered":"http:\/\/eldigitaldeasturias.com\/magazine365\/?p=81104"},"modified":"2016-06-29T20:28:11","modified_gmt":"2016-06-29T18:28:11","slug":"uber-ofrece-desde-el-lunes-un-trayecto-alternativo-a-las-estaciones-cerradas-de-la-linea-1-de-metro","status":"publish","type":"post","link":"https:\/\/eldigitaldeasturias.com\/magazine365\/uber-ofrece-desde-el-lunes-un-trayecto-alternativo-a-las-estaciones-cerradas-de-la-linea-1-de-metro\/","title":{"rendered":"Uber ofrece desde el lunes un trayecto alternativo a las estaciones cerradas de la l\u00ednea 1 de Metro"},"content":{"rendered":"<p><img fetchpriority=\"high\" decoding=\"async\" class=\"alignleft size-medium wp-image-81105\" src=\"https:\/\/eldigitaldeasturias.com\/magazine365\/wp-content\/uploads\/2016\/06\/fotonoticia_20160629134923_800-360x240.jpg\" alt=\"fotonoticia_20160629134923_800\" width=\"360\" height=\"240\" srcset=\"https:\/\/eldigitaldeasturias.com\/magazine365\/wp-content\/uploads\/2016\/06\/fotonoticia_20160629134923_800-360x240.jpg 360w, https:\/\/eldigitaldeasturias.com\/magazine365\/wp-content\/uploads\/2016\/06\/fotonoticia_20160629134923_800-650x434.jpg 650w, https:\/\/eldigitaldeasturias.com\/magazine365\/wp-content\/uploads\/2016\/06\/fotonoticia_20160629134923_800-768x513.jpg 768w, https:\/\/eldigitaldeasturias.com\/magazine365\/wp-content\/uploads\/2016\/06\/fotonoticia_20160629134923_800-150x100.jpg 150w, https:\/\/eldigitaldeasturias.com\/magazine365\/wp-content\/uploads\/2016\/06\/fotonoticia_20160629134923_800-450x300.jpg 450w, https:\/\/eldigitaldeasturias.com\/magazine365\/wp-content\/uploads\/2016\/06\/fotonoticia_20160629134923_800-101x66.jpg 101w, https:\/\/eldigitaldeasturias.com\/magazine365\/wp-content\/uploads\/2016\/06\/fotonoticia_20160629134923_800.jpg 800w\" sizes=\"(max-width: 360px) 100vw, 360px\" \/>La plataforma Uber pondr\u00e1 en marcha este lunes la &#8216;L\u00ednea U&#8217; de transporte con motivo del cierre por obras de la l\u00ednea 1 del Metro de Madrid, ha informado la empresa en un comunicado.<\/p>\n<p>El trayecto complementario de Uber permitir\u00e1 al usuario moverse entre cualquiera de las estaciones de la L\u00ednea 1 que estar\u00e1n afectadas por obras de mantenimiento desde este domingo, y la empresa ha se\u00f1alado que el precio para un viaje de 3 \u00f3 m\u00e1s pasajeros ser\u00e1 m\u00e1s econ\u00f3mico que el billete sencillo de Metro.<\/p>\n<p>De este modo, Uber ofrecer\u00e1 a un precio de 4 euros el viaje entre las estaciones afectadas, que tienen conexi\u00f3n con otras l\u00edneas de Metro y Cercan\u00edas. Esta oferta estar\u00e1 vigente entre los d\u00edas 4 y 8 de julio.<\/p>\n<p>El horario de este servicio estar\u00e1 comprendido entre las 7 y las 20 horas, y para facilitar su acceso Uber ha incorporado una opci\u00f3n espec\u00edfica dentro de su aplicaci\u00f3n con la que poder iniciar el recorrido desde cualquier parada afectada de la L\u00ednea 1.<\/p>\n<p>Seg\u00fan el director general de Uber para el sur de Europa, es necesario complementar el transporte p\u00fablico con \u00abnuevas alternativas m\u00e1s sostenibles que promuevan la reducci\u00f3n del uso del veh\u00edculo privado\u00bb.<\/p>\n<p>A partir del 11 de julio, realizar\u00e1 un estudio sobre el transporte en Madrid que incluir\u00e1 el an\u00e1lisis de los viajes con inicio o destino en los nudos de conexi\u00f3n de transporte, para evaluar el uso de transporte combinado.<\/p>\n<p>En el \u00faltimo per\u00edodo de cierre de la L\u00ednea 1, Uber presentar\u00e1 los resultados de su estudio y una nueva versi\u00f3n de la &#8216;L\u00ednea U&#8217; basada en el comportamiento de los usuarios durante el per\u00edodo de cierre.<\/p>\n","protected":false},"excerpt":{"rendered":"<p>La plataforma Uber pondr\u00e1 en marcha este lunes la &#8216;L\u00ednea U&#8217; de transporte con motivo del cierre por obras de la l\u00ednea 1 del Metro de Madrid, ha informado la empresa en un comunicado. El trayecto complementario de Uber permitir\u00e1 al usuario moverse entre cualquiera de las estaciones de la L\u00ednea 1 que estar\u00e1n afectadas<\/p>\n","protected":false},"author":1,"featured_media":81105,"comment_status":"open","ping_status":"closed","sticky":false,"template":"","format":"standard","meta":{"footnotes":""},"categories":[224],"tags":[],"class_list":{"0":"post-81104","1":"post","2":"type-post","3":"status-publish","4":"format-standard","5":"has-post-thumbnail","7":"category-noticias-actualidad"},"aioseo_notices":[],"aioseo_head":"\n\t\t<!-- All in One SEO Pro 4.9.6.1 - aioseo.com -->\n\t<meta name=\"description\" content=\"La plataforma Uber pondr\u00e1 en marcha este lunes la &#039;L\u00ednea U&#039; de transporte con motivo del cierre por obras de la l\u00ednea 1 del Metro de Madrid, ha informado la empresa en un comunicado. El trayecto complementario de Uber permitir\u00e1 al usuario moverse entre cualquiera de las estaciones de la L\u00ednea 1 que estar\u00e1n afectadas\" \/>\n\t<meta name=\"robots\" content=\"max-image-preview:large\" \/>\n\t<meta name=\"author\" content=\"admin\"\/>\n\t<meta name=\"google-site-verification\" content=\"UA-38556648-1\" \/>\n\t<meta name=\"keywords\" content=\"noticias y actualidad\" \/>\n\t<link rel=\"canonical\" href=\"https:\/\/eldigitaldeasturias.com\/magazine365\/uber-ofrece-desde-el-lunes-un-trayecto-alternativo-a-las-estaciones-cerradas-de-la-linea-1-de-metro\/\" \/>\n\t<meta name=\"generator\" content=\"All in One SEO Pro (AIOSEO) 4.9.6.1\" \/>\n\t\t<meta property=\"og:locale\" content=\"es_ES\" \/>\n\t\t<meta property=\"og:site_name\" content=\"El Digital de Asturias \u2013 Revista de ocio, turismo y estilo de vida\" \/>\n\t\t<meta property=\"og:type\" content=\"article\" \/>\n\t\t<meta property=\"og:title\" content=\"Uber ofrece desde el lunes un trayecto alternativo a las estaciones cerradas de la l\u00ednea 1 de Metro | El Digital de Asturias\" \/>\n\t\t<meta property=\"og:description\" content=\"La plataforma Uber pondr\u00e1 en marcha este lunes la &#039;L\u00ednea U&#039; de transporte con motivo del cierre por obras de la l\u00ednea 1 del Metro de Madrid, ha informado la empresa en un comunicado. El trayecto complementario de Uber permitir\u00e1 al usuario moverse entre cualquiera de las estaciones de la L\u00ednea 1 que estar\u00e1n afectadas\" \/>\n\t\t<meta property=\"og:url\" content=\"https:\/\/eldigitaldeasturias.com\/magazine365\/uber-ofrece-desde-el-lunes-un-trayecto-alternativo-a-las-estaciones-cerradas-de-la-linea-1-de-metro\/\" \/>\n\t\t<meta property=\"og:image\" content=\"https:\/\/eldigitaldeasturias.com\/magazine365\/wp-content\/uploads\/2016\/06\/fotonoticia_20160629134923_800.jpg\" \/>\n\t\t<meta property=\"og:image:secure_url\" content=\"https:\/\/eldigitaldeasturias.com\/magazine365\/wp-content\/uploads\/2016\/06\/fotonoticia_20160629134923_800.jpg\" \/>\n\t\t<meta property=\"og:image:width\" content=\"800\" \/>\n\t\t<meta property=\"og:image:height\" content=\"534\" \/>\n\t\t<meta property=\"article:published_time\" content=\"2016-06-29T18:28:11+00:00\" \/>\n\t\t<meta property=\"article:modified_time\" content=\"2016-06-29T18:28:11+00:00\" \/>\n\t\t<meta name=\"twitter:card\" content=\"summary_large_image\" \/>\n\t\t<meta name=\"twitter:title\" content=\"Uber ofrece desde el lunes un trayecto alternativo a las estaciones cerradas de la l\u00ednea 1 de Metro | El Digital de Asturias\" \/>\n\t\t<meta name=\"twitter:description\" content=\"La plataforma Uber pondr\u00e1 en marcha este lunes la &#039;L\u00ednea U&#039; de transporte con motivo del cierre por obras de la l\u00ednea 1 del Metro de Madrid, ha informado la empresa en un comunicado. El trayecto complementario de Uber permitir\u00e1 al usuario moverse entre cualquiera de las estaciones de la L\u00ednea 1 que estar\u00e1n afectadas\" \/>\n\t\t<meta name=\"twitter:image\" content=\"https:\/\/eldigitaldeasturias.com\/magazine365\/wp-content\/uploads\/2016\/06\/fotonoticia_20160629134923_800.jpg\" \/>\n\t\t<script type=\"application\/ld+json\" class=\"aioseo-schema\">\n\t\t\t{\"@context\":\"https:\\\/\\\/schema.org\",\"@graph\":[{\"@type\":\"Article\",\"@id\":\"https:\\\/\\\/eldigitaldeasturias.com\\\/magazine365\\\/uber-ofrece-desde-el-lunes-un-trayecto-alternativo-a-las-estaciones-cerradas-de-la-linea-1-de-metro\\\/#article\",\"name\":\"Uber ofrece desde el lunes un trayecto alternativo a las estaciones cerradas de la l\\u00ednea 1 de Metro | El Digital de Asturias\",\"headline\":\"Uber ofrece desde el lunes un trayecto alternativo a las estaciones cerradas de la l\\u00ednea 1 de Metro\",\"author\":{\"@id\":\"https:\\\/\\\/eldigitaldeasturias.com\\\/magazine365\\\/author\\\/admin\\\/#author\"},\"publisher\":{\"@id\":\"https:\\\/\\\/eldigitaldeasturias.com\\\/magazine365\\\/#organization\"},\"image\":{\"@type\":\"ImageObject\",\"url\":\"https:\\\/\\\/eldigitaldeasturias.com\\\/magazine365\\\/wp-content\\\/uploads\\\/2016\\\/06\\\/fotonoticia_20160629134923_800.jpg\",\"width\":800,\"height\":534},\"datePublished\":\"2016-06-29T20:28:11+02:00\",\"dateModified\":\"2016-06-29T20:28:11+02:00\",\"inLanguage\":\"es-ES\",\"mainEntityOfPage\":{\"@id\":\"https:\\\/\\\/eldigitaldeasturias.com\\\/magazine365\\\/uber-ofrece-desde-el-lunes-un-trayecto-alternativo-a-las-estaciones-cerradas-de-la-linea-1-de-metro\\\/#webpage\"},\"isPartOf\":{\"@id\":\"https:\\\/\\\/eldigitaldeasturias.com\\\/magazine365\\\/uber-ofrece-desde-el-lunes-un-trayecto-alternativo-a-las-estaciones-cerradas-de-la-linea-1-de-metro\\\/#webpage\"},\"articleSection\":\"Noticias y Actualidad\"},{\"@type\":\"BreadcrumbList\",\"@id\":\"https:\\\/\\\/eldigitaldeasturias.com\\\/magazine365\\\/uber-ofrece-desde-el-lunes-un-trayecto-alternativo-a-las-estaciones-cerradas-de-la-linea-1-de-metro\\\/#breadcrumblist\",\"itemListElement\":[{\"@type\":\"ListItem\",\"@id\":\"https:\\\/\\\/eldigitaldeasturias.com\\\/magazine365#listItem\",\"position\":1,\"name\":\"Home\",\"item\":\"https:\\\/\\\/eldigitaldeasturias.com\\\/magazine365\",\"nextItem\":{\"@type\":\"ListItem\",\"@id\":\"https:\\\/\\\/eldigitaldeasturias.com\\\/magazine365\\\/category\\\/noticias-actualidad\\\/#listItem\",\"name\":\"Noticias y Actualidad\"}},{\"@type\":\"ListItem\",\"@id\":\"https:\\\/\\\/eldigitaldeasturias.com\\\/magazine365\\\/category\\\/noticias-actualidad\\\/#listItem\",\"position\":2,\"name\":\"Noticias y Actualidad\",\"item\":\"https:\\\/\\\/eldigitaldeasturias.com\\\/magazine365\\\/category\\\/noticias-actualidad\\\/\",\"nextItem\":{\"@type\":\"ListItem\",\"@id\":\"https:\\\/\\\/eldigitaldeasturias.com\\\/magazine365\\\/uber-ofrece-desde-el-lunes-un-trayecto-alternativo-a-las-estaciones-cerradas-de-la-linea-1-de-metro\\\/#listItem\",\"name\":\"Uber ofrece desde el lunes un trayecto alternativo a las estaciones cerradas de la l\\u00ednea 1 de Metro\"},\"previousItem\":{\"@type\":\"ListItem\",\"@id\":\"https:\\\/\\\/eldigitaldeasturias.com\\\/magazine365#listItem\",\"name\":\"Home\"}},{\"@type\":\"ListItem\",\"@id\":\"https:\\\/\\\/eldigitaldeasturias.com\\\/magazine365\\\/uber-ofrece-desde-el-lunes-un-trayecto-alternativo-a-las-estaciones-cerradas-de-la-linea-1-de-metro\\\/#listItem\",\"position\":3,\"name\":\"Uber ofrece desde el lunes un trayecto alternativo a las estaciones cerradas de la l\\u00ednea 1 de Metro\",\"previousItem\":{\"@type\":\"ListItem\",\"@id\":\"https:\\\/\\\/eldigitaldeasturias.com\\\/magazine365\\\/category\\\/noticias-actualidad\\\/#listItem\",\"name\":\"Noticias y Actualidad\"}}]},{\"@type\":\"Organization\",\"@id\":\"https:\\\/\\\/eldigitaldeasturias.com\\\/magazine365\\\/#organization\",\"name\":\"El digital de Asturias\",\"description\":\"Revista de ocio, turismo y estilo de vida\",\"url\":\"https:\\\/\\\/eldigitaldeasturias.com\\\/magazine365\\\/\",\"logo\":{\"@type\":\"ImageObject\",\"url\":\"https:\\\/\\\/www.eldigitaldeasturias.com\\\/noticias\\\/wp-content\\\/uploads\\\/2020\\\/12\\\/EDA.jpg\",\"@id\":\"https:\\\/\\\/eldigitaldeasturias.com\\\/magazine365\\\/uber-ofrece-desde-el-lunes-un-trayecto-alternativo-a-las-estaciones-cerradas-de-la-linea-1-de-metro\\\/#organizationLogo\"},\"image\":{\"@id\":\"https:\\\/\\\/eldigitaldeasturias.com\\\/magazine365\\\/uber-ofrece-desde-el-lunes-un-trayecto-alternativo-a-las-estaciones-cerradas-de-la-linea-1-de-metro\\\/#organizationLogo\"}},{\"@type\":\"Person\",\"@id\":\"https:\\\/\\\/eldigitaldeasturias.com\\\/magazine365\\\/author\\\/admin\\\/#author\",\"url\":\"https:\\\/\\\/eldigitaldeasturias.com\\\/magazine365\\\/author\\\/admin\\\/\",\"name\":\"admin\",\"image\":{\"@type\":\"ImageObject\",\"@id\":\"https:\\\/\\\/eldigitaldeasturias.com\\\/magazine365\\\/uber-ofrece-desde-el-lunes-un-trayecto-alternativo-a-las-estaciones-cerradas-de-la-linea-1-de-metro\\\/#authorImage\",\"url\":\"https:\\\/\\\/eldigitaldeasturias.com\\\/magazine365\\\/wp-content\\\/litespeed\\\/avatar\\\/e571bcf59a0edd6fa6838245a470f2fe.jpg?ver=1776969259\",\"width\":96,\"height\":96,\"caption\":\"admin\"}},{\"@type\":\"WebPage\",\"@id\":\"https:\\\/\\\/eldigitaldeasturias.com\\\/magazine365\\\/uber-ofrece-desde-el-lunes-un-trayecto-alternativo-a-las-estaciones-cerradas-de-la-linea-1-de-metro\\\/#webpage\",\"url\":\"https:\\\/\\\/eldigitaldeasturias.com\\\/magazine365\\\/uber-ofrece-desde-el-lunes-un-trayecto-alternativo-a-las-estaciones-cerradas-de-la-linea-1-de-metro\\\/\",\"name\":\"Uber ofrece desde el lunes un trayecto alternativo a las estaciones cerradas de la l\\u00ednea 1 de Metro | El Digital de Asturias\",\"description\":\"La plataforma Uber pondr\\u00e1 en marcha este lunes la 'L\\u00ednea U' de transporte con motivo del cierre por obras de la l\\u00ednea 1 del Metro de Madrid, ha informado la empresa en un comunicado. El trayecto complementario de Uber permitir\\u00e1 al usuario moverse entre cualquiera de las estaciones de la L\\u00ednea 1 que estar\\u00e1n afectadas\",\"inLanguage\":\"es-ES\",\"isPartOf\":{\"@id\":\"https:\\\/\\\/eldigitaldeasturias.com\\\/magazine365\\\/#website\"},\"breadcrumb\":{\"@id\":\"https:\\\/\\\/eldigitaldeasturias.com\\\/magazine365\\\/uber-ofrece-desde-el-lunes-un-trayecto-alternativo-a-las-estaciones-cerradas-de-la-linea-1-de-metro\\\/#breadcrumblist\"},\"author\":{\"@id\":\"https:\\\/\\\/eldigitaldeasturias.com\\\/magazine365\\\/author\\\/admin\\\/#author\"},\"creator\":{\"@id\":\"https:\\\/\\\/eldigitaldeasturias.com\\\/magazine365\\\/author\\\/admin\\\/#author\"},\"image\":{\"@type\":\"ImageObject\",\"url\":\"https:\\\/\\\/eldigitaldeasturias.com\\\/magazine365\\\/wp-content\\\/uploads\\\/2016\\\/06\\\/fotonoticia_20160629134923_800.jpg\",\"@id\":\"https:\\\/\\\/eldigitaldeasturias.com\\\/magazine365\\\/uber-ofrece-desde-el-lunes-un-trayecto-alternativo-a-las-estaciones-cerradas-de-la-linea-1-de-metro\\\/#mainImage\",\"width\":800,\"height\":534},\"primaryImageOfPage\":{\"@id\":\"https:\\\/\\\/eldigitaldeasturias.com\\\/magazine365\\\/uber-ofrece-desde-el-lunes-un-trayecto-alternativo-a-las-estaciones-cerradas-de-la-linea-1-de-metro\\\/#mainImage\"},\"datePublished\":\"2016-06-29T20:28:11+02:00\",\"dateModified\":\"2016-06-29T20:28:11+02:00\"},{\"@type\":\"WebSite\",\"@id\":\"https:\\\/\\\/eldigitaldeasturias.com\\\/magazine365\\\/#website\",\"url\":\"https:\\\/\\\/eldigitaldeasturias.com\\\/magazine365\\\/\",\"name\":\"El Digital de Asturias\",\"description\":\"Revista de ocio, turismo y estilo de vida\",\"inLanguage\":\"es-ES\",\"publisher\":{\"@id\":\"https:\\\/\\\/eldigitaldeasturias.com\\\/magazine365\\\/#organization\"}}]}\n\t\t<\/script>\n\t\t<!-- All in One SEO Pro -->\r\n\t\t<title>Uber ofrece desde el lunes un trayecto alternativo a las estaciones cerradas de la l\u00ednea 1 de Metro | El Digital de Asturias<\/title>\n\n","aioseo_head_json":{"title":"Uber ofrece desde el lunes un trayecto alternativo a las estaciones cerradas de la l\u00ednea 1 de Metro | El Digital de Asturias","description":"La plataforma Uber pondr\u00e1 en marcha este lunes la 'L\u00ednea U' de transporte con motivo del cierre por obras de la l\u00ednea 1 del Metro de Madrid, ha informado la empresa en un comunicado. El trayecto complementario de Uber permitir\u00e1 al usuario moverse entre cualquiera de las estaciones de la L\u00ednea 1 que estar\u00e1n afectadas","canonical_url":"https:\/\/eldigitaldeasturias.com\/magazine365\/uber-ofrece-desde-el-lunes-un-trayecto-alternativo-a-las-estaciones-cerradas-de-la-linea-1-de-metro\/","robots":"max-image-preview:large","keywords":"noticias y actualidad","webmasterTools":{"google-site-verification":"UA-38556648-1","miscellaneous":""},"schema":{"@context":"https:\/\/schema.org","@graph":[{"@type":"Article","@id":"https:\/\/eldigitaldeasturias.com\/magazine365\/uber-ofrece-desde-el-lunes-un-trayecto-alternativo-a-las-estaciones-cerradas-de-la-linea-1-de-metro\/#article","name":"Uber ofrece desde el lunes un trayecto alternativo a las estaciones cerradas de la l\u00ednea 1 de Metro | El Digital de Asturias","headline":"Uber ofrece desde el lunes un trayecto alternativo a las estaciones cerradas de la l\u00ednea 1 de Metro","author":{"@id":"https:\/\/eldigitaldeasturias.com\/magazine365\/author\/admin\/#author"},"publisher":{"@id":"https:\/\/eldigitaldeasturias.com\/magazine365\/#organization"},"image":{"@type":"ImageObject","url":"https:\/\/eldigitaldeasturias.com\/magazine365\/wp-content\/uploads\/2016\/06\/fotonoticia_20160629134923_800.jpg","width":800,"height":534},"datePublished":"2016-06-29T20:28:11+02:00","dateModified":"2016-06-29T20:28:11+02:00","inLanguage":"es-ES","mainEntityOfPage":{"@id":"https:\/\/eldigitaldeasturias.com\/magazine365\/uber-ofrece-desde-el-lunes-un-trayecto-alternativo-a-las-estaciones-cerradas-de-la-linea-1-de-metro\/#webpage"},"isPartOf":{"@id":"https:\/\/eldigitaldeasturias.com\/magazine365\/uber-ofrece-desde-el-lunes-un-trayecto-alternativo-a-las-estaciones-cerradas-de-la-linea-1-de-metro\/#webpage"},"articleSection":"Noticias y Actualidad"},{"@type":"BreadcrumbList","@id":"https:\/\/eldigitaldeasturias.com\/magazine365\/uber-ofrece-desde-el-lunes-un-trayecto-alternativo-a-las-estaciones-cerradas-de-la-linea-1-de-metro\/#breadcrumblist","itemListElement":[{"@type":"ListItem","@id":"https:\/\/eldigitaldeasturias.com\/magazine365#listItem","position":1,"name":"Home","item":"https:\/\/eldigitaldeasturias.com\/magazine365","nextItem":{"@type":"ListItem","@id":"https:\/\/eldigitaldeasturias.com\/magazine365\/category\/noticias-actualidad\/#listItem","name":"Noticias y Actualidad"}},{"@type":"ListItem","@id":"https:\/\/eldigitaldeasturias.com\/magazine365\/category\/noticias-actualidad\/#listItem","position":2,"name":"Noticias y Actualidad","item":"https:\/\/eldigitaldeasturias.com\/magazine365\/category\/noticias-actualidad\/","nextItem":{"@type":"ListItem","@id":"https:\/\/eldigitaldeasturias.com\/magazine365\/uber-ofrece-desde-el-lunes-un-trayecto-alternativo-a-las-estaciones-cerradas-de-la-linea-1-de-metro\/#listItem","name":"Uber ofrece desde el lunes un trayecto alternativo a las estaciones cerradas de la l\u00ednea 1 de Metro"},"previousItem":{"@type":"ListItem","@id":"https:\/\/eldigitaldeasturias.com\/magazine365#listItem","name":"Home"}},{"@type":"ListItem","@id":"https:\/\/eldigitaldeasturias.com\/magazine365\/uber-ofrece-desde-el-lunes-un-trayecto-alternativo-a-las-estaciones-cerradas-de-la-linea-1-de-metro\/#listItem","position":3,"name":"Uber ofrece desde el lunes un trayecto alternativo a las estaciones cerradas de la l\u00ednea 1 de Metro","previousItem":{"@type":"ListItem","@id":"https:\/\/eldigitaldeasturias.com\/magazine365\/category\/noticias-actualidad\/#listItem","name":"Noticias y Actualidad"}}]},{"@type":"Organization","@id":"https:\/\/eldigitaldeasturias.com\/magazine365\/#organization","name":"El digital de Asturias","description":"Revista de ocio, turismo y estilo de vida","url":"https:\/\/eldigitaldeasturias.com\/magazine365\/","logo":{"@type":"ImageObject","url":"https:\/\/www.eldigitaldeasturias.com\/noticias\/wp-content\/uploads\/2020\/12\/EDA.jpg","@id":"https:\/\/eldigitaldeasturias.com\/magazine365\/uber-ofrece-desde-el-lunes-un-trayecto-alternativo-a-las-estaciones-cerradas-de-la-linea-1-de-metro\/#organizationLogo"},"image":{"@id":"https:\/\/eldigitaldeasturias.com\/magazine365\/uber-ofrece-desde-el-lunes-un-trayecto-alternativo-a-las-estaciones-cerradas-de-la-linea-1-de-metro\/#organizationLogo"}},{"@type":"Person","@id":"https:\/\/eldigitaldeasturias.com\/magazine365\/author\/admin\/#author","url":"https:\/\/eldigitaldeasturias.com\/magazine365\/author\/admin\/","name":"admin","image":{"@type":"ImageObject","@id":"https:\/\/eldigitaldeasturias.com\/magazine365\/uber-ofrece-desde-el-lunes-un-trayecto-alternativo-a-las-estaciones-cerradas-de-la-linea-1-de-metro\/#authorImage","url":"https:\/\/eldigitaldeasturias.com\/magazine365\/wp-content\/litespeed\/avatar\/e571bcf59a0edd6fa6838245a470f2fe.jpg?ver=1776969259","width":96,"height":96,"caption":"admin"}},{"@type":"WebPage","@id":"https:\/\/eldigitaldeasturias.com\/magazine365\/uber-ofrece-desde-el-lunes-un-trayecto-alternativo-a-las-estaciones-cerradas-de-la-linea-1-de-metro\/#webpage","url":"https:\/\/eldigitaldeasturias.com\/magazine365\/uber-ofrece-desde-el-lunes-un-trayecto-alternativo-a-las-estaciones-cerradas-de-la-linea-1-de-metro\/","name":"Uber ofrece desde el lunes un trayecto alternativo a las estaciones cerradas de la l\u00ednea 1 de Metro | El Digital de Asturias","description":"La plataforma Uber pondr\u00e1 en marcha este lunes la 'L\u00ednea U' de transporte con motivo del cierre por obras de la l\u00ednea 1 del Metro de Madrid, ha informado la empresa en un comunicado. El trayecto complementario de Uber permitir\u00e1 al usuario moverse entre cualquiera de las estaciones de la L\u00ednea 1 que estar\u00e1n afectadas","inLanguage":"es-ES","isPartOf":{"@id":"https:\/\/eldigitaldeasturias.com\/magazine365\/#website"},"breadcrumb":{"@id":"https:\/\/eldigitaldeasturias.com\/magazine365\/uber-ofrece-desde-el-lunes-un-trayecto-alternativo-a-las-estaciones-cerradas-de-la-linea-1-de-metro\/#breadcrumblist"},"author":{"@id":"https:\/\/eldigitaldeasturias.com\/magazine365\/author\/admin\/#author"},"creator":{"@id":"https:\/\/eldigitaldeasturias.com\/magazine365\/author\/admin\/#author"},"image":{"@type":"ImageObject","url":"https:\/\/eldigitaldeasturias.com\/magazine365\/wp-content\/uploads\/2016\/06\/fotonoticia_20160629134923_800.jpg","@id":"https:\/\/eldigitaldeasturias.com\/magazine365\/uber-ofrece-desde-el-lunes-un-trayecto-alternativo-a-las-estaciones-cerradas-de-la-linea-1-de-metro\/#mainImage","width":800,"height":534},"primaryImageOfPage":{"@id":"https:\/\/eldigitaldeasturias.com\/magazine365\/uber-ofrece-desde-el-lunes-un-trayecto-alternativo-a-las-estaciones-cerradas-de-la-linea-1-de-metro\/#mainImage"},"datePublished":"2016-06-29T20:28:11+02:00","dateModified":"2016-06-29T20:28:11+02:00"},{"@type":"WebSite","@id":"https:\/\/eldigitaldeasturias.com\/magazine365\/#website","url":"https:\/\/eldigitaldeasturias.com\/magazine365\/","name":"El Digital de Asturias","description":"Revista de ocio, turismo y estilo de vida","inLanguage":"es-ES","publisher":{"@id":"https:\/\/eldigitaldeasturias.com\/magazine365\/#organization"}}]},"og:locale":"es_ES","og:site_name":"El Digital de Asturias \u2013 Revista de ocio, turismo y estilo de vida","og:type":"article","og:title":"Uber ofrece desde el lunes un trayecto alternativo a las estaciones cerradas de la l\u00ednea 1 de Metro | El Digital de Asturias","og:description":"La plataforma Uber pondr\u00e1 en marcha este lunes la 'L\u00ednea U' de transporte con motivo del cierre por obras de la l\u00ednea 1 del Metro de Madrid, ha informado la empresa en un comunicado. El trayecto complementario de Uber permitir\u00e1 al usuario moverse entre cualquiera de las estaciones de la L\u00ednea 1 que estar\u00e1n afectadas","og:url":"https:\/\/eldigitaldeasturias.com\/magazine365\/uber-ofrece-desde-el-lunes-un-trayecto-alternativo-a-las-estaciones-cerradas-de-la-linea-1-de-metro\/","og:image":"https:\/\/eldigitaldeasturias.com\/magazine365\/wp-content\/uploads\/2016\/06\/fotonoticia_20160629134923_800.jpg","og:image:secure_url":"https:\/\/eldigitaldeasturias.com\/magazine365\/wp-content\/uploads\/2016\/06\/fotonoticia_20160629134923_800.jpg","og:image:width":800,"og:image:height":534,"article:published_time":"2016-06-29T18:28:11+00:00","article:modified_time":"2016-06-29T18:28:11+00:00","twitter:card":"summary_large_image","twitter:title":"Uber ofrece desde el lunes un trayecto alternativo a las estaciones cerradas de la l\u00ednea 1 de Metro | El Digital de Asturias","twitter:description":"La plataforma Uber pondr\u00e1 en marcha este lunes la 'L\u00ednea U' de transporte con motivo del cierre por obras de la l\u00ednea 1 del Metro de Madrid, ha informado la empresa en un comunicado. El trayecto complementario de Uber permitir\u00e1 al usuario moverse entre cualquiera de las estaciones de la L\u00ednea 1 que estar\u00e1n afectadas","twitter:image":"https:\/\/eldigitaldeasturias.com\/magazine365\/wp-content\/uploads\/2016\/06\/fotonoticia_20160629134923_800.jpg"},"aioseo_meta_data":{"post_id":"81104","title":null,"description":null,"keywords":null,"keyphrases":null,"primary_term":null,"canonical_url":null,"og_title":null,"og_description":null,"og_object_type":"default","og_image_type":"default","og_image_url":null,"og_image_width":null,"og_image_height":null,"og_image_custom_url":null,"og_image_custom_fields":null,"og_video":null,"og_custom_url":null,"og_article_section":null,"og_article_tags":null,"twitter_use_og":false,"twitter_card":"default","twitter_image_type":"default","twitter_image_url":null,"twitter_image_custom_url":null,"twitter_image_custom_fields":null,"twitter_title":null,"twitter_description":null,"schema":{"blockGraphs":[],"customGraphs":[],"default":{"data":{"Article":[],"Course":[],"Dataset":[],"FAQPage":[],"Movie":[],"Person":[],"Product":[],"ProductReview":[],"Car":[],"Recipe":[],"Service":[],"SoftwareApplication":[],"WebPage":[]},"graphName":"","isEnabled":true},"graphs":[],"defaultGraph":"","defaultPostTypeGraph":""},"schema_type":null,"schema_type_options":null,"pillar_content":false,"robots_default":true,"robots_noindex":false,"robots_noarchive":false,"robots_nosnippet":false,"robots_nofollow":false,"robots_noimageindex":false,"robots_noodp":false,"robots_notranslate":false,"robots_max_snippet":null,"robots_max_videopreview":null,"robots_max_imagepreview":"large","priority":null,"frequency":null,"location":null,"local_seo":null,"seo_analyzer_scan_date":"2025-09-27 22:11:59","breadcrumb_settings":null,"limit_modified_date":false,"open_ai":null,"ai":null,"created":"2021-03-08 17:21:45","updated":"2025-09-27 22:11:59"},"aioseo_breadcrumb":"<div class=\"aioseo-breadcrumbs\"><span class=\"aioseo-breadcrumb\">\n\t<a href=\"https:\/\/eldigitaldeasturias.com\/magazine365\" title=\"Home\">Home<\/a>\n<\/span><span class=\"aioseo-breadcrumb-separator\">\u2013<\/span><span class=\"aioseo-breadcrumb\">\n\t<a href=\"https:\/\/eldigitaldeasturias.com\/magazine365\/category\/noticias-actualidad\/\" title=\"Noticias y Actualidad\">Noticias y Actualidad<\/a>\n<\/span><span class=\"aioseo-breadcrumb-separator\">\u2013<\/span><span class=\"aioseo-breadcrumb\">\n\t<a href=\"https:\/\/eldigitaldeasturias.com\/magazine365\/uber-ofrece-desde-el-lunes-un-trayecto-alternativo-a-las-estaciones-cerradas-de-la-linea-1-de-metro\/\" title=\"Uber ofrece desde el lunes un trayecto alternativo a las estaciones cerradas de la l\u00ednea 1 de Metro\">Uber ofrece desde el lunes un trayecto alternativo a las estaciones cerradas de la l\u00ednea 1 de Metro<\/a>\n<\/span><\/div>","aioseo_breadcrumb_json":[{"label":"Home","link":"https:\/\/eldigitaldeasturias.com\/magazine365"},{"label":"Noticias y Actualidad","link":"https:\/\/eldigitaldeasturias.com\/magazine365\/category\/noticias-actualidad\/"},{"label":"Uber ofrece desde el lunes un trayecto alternativo a las estaciones cerradas de la l\u00ednea 1 de Metro","link":"https:\/\/eldigitaldeasturias.com\/magazine365\/uber-ofrece-desde-el-lunes-un-trayecto-alternativo-a-las-estaciones-cerradas-de-la-linea-1-de-metro\/"}],"_links":{"self":[{"href":"https:\/\/eldigitaldeasturias.com\/magazine365\/wp-json\/wp\/v2\/posts\/81104","targetHints":{"allow":["GET"]}}],"collection":[{"href":"https:\/\/eldigitaldeasturias.com\/magazine365\/wp-json\/wp\/v2\/posts"}],"about":[{"href":"https:\/\/eldigitaldeasturias.com\/magazine365\/wp-json\/wp\/v2\/types\/post"}],"author":[{"embeddable":true,"href":"https:\/\/eldigitaldeasturias.com\/magazine365\/wp-json\/wp\/v2\/users\/1"}],"replies":[{"embeddable":true,"href":"https:\/\/eldigitaldeasturias.com\/magazine365\/wp-json\/wp\/v2\/comments?post=81104"}],"version-history":[{"count":0,"href":"https:\/\/eldigitaldeasturias.com\/magazine365\/wp-json\/wp\/v2\/posts\/81104\/revisions"}],"wp:featuredmedia":[{"embeddable":true,"href":"https:\/\/eldigitaldeasturias.com\/magazine365\/wp-json\/wp\/v2\/media\/81105"}],"wp:attachment":[{"href":"https:\/\/eldigitaldeasturias.com\/magazine365\/wp-json\/wp\/v2\/media?parent=81104"}],"wp:term":[{"taxonomy":"category","embeddable":true,"href":"https:\/\/eldigitaldeasturias.com\/magazine365\/wp-json\/wp\/v2\/categories?post=81104"},{"taxonomy":"post_tag","embeddable":true,"href":"https:\/\/eldigitaldeasturias.com\/magazine365\/wp-json\/wp\/v2\/tags?post=81104"}],"curies":[{"name":"wp","href":"https:\/\/api.w.org\/{rel}","templated":true}]}}