{"id":81094,"date":"2016-06-29T20:24:59","date_gmt":"2016-06-29T18:24:59","guid":{"rendered":"http:\/\/eldigitaldeasturias.com\/magazine365\/?p=81094"},"modified":"2016-06-29T20:24:59","modified_gmt":"2016-06-29T18:24:59","slug":"aena-alerta-del-impacto-economico-y-operativo-que-supondria-reducir-los-vuelos-de-la-pista-18r-de-barajas","status":"publish","type":"post","link":"https:\/\/eldigitaldeasturias.com\/magazine365\/aena-alerta-del-impacto-economico-y-operativo-que-supondria-reducir-los-vuelos-de-la-pista-18r-de-barajas\/","title":{"rendered":"Aena alerta del impacto econ\u00f3mico y operativo que supondr\u00eda reducir los vuelos de la pista 18R de Barajas"},"content":{"rendered":"<p><img fetchpriority=\"high\" decoding=\"async\" class=\"alignleft size-medium wp-image-81095\" src=\"https:\/\/eldigitaldeasturias.com\/magazine365\/wp-content\/uploads\/2016\/06\/fotonoticia_20160629134135_800-360x240.jpg\" alt=\"fotonoticia_20160629134135_800\" width=\"360\" height=\"240\" srcset=\"https:\/\/eldigitaldeasturias.com\/magazine365\/wp-content\/uploads\/2016\/06\/fotonoticia_20160629134135_800-360x240.jpg 360w, https:\/\/eldigitaldeasturias.com\/magazine365\/wp-content\/uploads\/2016\/06\/fotonoticia_20160629134135_800-650x433.jpg 650w, https:\/\/eldigitaldeasturias.com\/magazine365\/wp-content\/uploads\/2016\/06\/fotonoticia_20160629134135_800-768x512.jpg 768w, https:\/\/eldigitaldeasturias.com\/magazine365\/wp-content\/uploads\/2016\/06\/fotonoticia_20160629134135_800-150x100.jpg 150w, https:\/\/eldigitaldeasturias.com\/magazine365\/wp-content\/uploads\/2016\/06\/fotonoticia_20160629134135_800-450x300.jpg 450w, https:\/\/eldigitaldeasturias.com\/magazine365\/wp-content\/uploads\/2016\/06\/fotonoticia_20160629134135_800-101x66.jpg 101w, https:\/\/eldigitaldeasturias.com\/magazine365\/wp-content\/uploads\/2016\/06\/fotonoticia_20160629134135_800.jpg 800w\" sizes=\"(max-width: 360px) 100vw, 360px\" \/>El posible cierre o la reducci\u00f3n del 30 por ciento de los sobrevuelos en la pista 18R\/DL sobre la urbanizaci\u00f3n Santo Domingo, en Algete, supondr\u00eda una \u00abreducci\u00f3n muy importante\u00bb de la capacidad operativa del aeropuerto Adolfo Su\u00e1rez Madrid-Barajas y repercutir\u00eda sobre la econom\u00eda y empleo tanto regional como nacional.<\/p>\n<p>En concreto, la posibilidad de reducir vuelo o incluso el cierre provocar\u00eda una disminuci\u00f3n acumulada de 70 millones de pasajeros hasta 2030 y la p\u00e9rdida de empleos ser\u00eda de 14.000 en la regi\u00f3n y 42.000 puestos de trabajo en todo el pa\u00eds.<\/p>\n<p>As\u00ed lo han indicado a Europa Press fuentes de Aena en relaci\u00f3n al contencioso que mantienen vecinos de esta urbanizaci\u00f3n por el ruido que generan los aviones que sobrevuelan la zona con destino a esta pista.<\/p>\n<p>En este punto, Aena estima que se podr\u00eda ver mermada la condici\u00f3n de &#8216;Hub del aer\u00f3dromo &#8211;recepci\u00f3n y distribuci\u00f3n de vuelos&#8211; que se opera bajo alianzas con aerol\u00edneas y que la operativa de vuelos en las conexiones con Latinoam\u00e9rica &#8211;el 25% del total de la operativa de Barajas&#8211; tambi\u00e9n se ver\u00eda \u00abmuy afectada\u00bb.<\/p>\n<p>La reducci\u00f3n de sobrevuelos afectar\u00eda tambi\u00e9n al futuro crecimiento y ampliaci\u00f3n del aer\u00f3dromo, con impacto negativo tambi\u00e9n en lo referente a las empresas y compa\u00f1\u00edas que trabajan en estas instalaciones.<\/p>\n<p>Las mismas fuentes a\u00f1aden que esta pista estuvo inoperativa entre el 17 de abril y el 16 de mayo de 2015 por obras de regeneraci\u00f3n de pavimentos y renovaci\u00f3n de balizamiento de la pista y de las calles de rodaje.<\/p>\n<p>Durante ese periodo y para ilustrar la repercusi\u00f3n en la operatividad de Barajas que tiene esta pista, la m\u00e1s larga del aeropuerto y que se utiliza preferentemente para vuelos transatl\u00e1nticos, el \u00edndice de puntualidad cay\u00f3 un 15,5 por ciento hasta un 71 por ciento, frente al 87 por ciento media que se registr\u00f3 en el primer trimestre de 2015. Adem\u00e1s, en &#8216;hora punta&#8217; la puntualidad descendi\u00f3 un 33,5 por ciento.<\/p>\n<p>El aeropuerto aporta unos 18.000 millones de euros a la Comunidad de Madrid, cerca del 10 por ciento de su PIB, y en sus instalaciones desarrollan su actividad alrededor de 300 empresas y m\u00e1s de 80 compa\u00f1\u00edas a\u00e9reas.<\/p>\n<p>El impacto total sobre el empleo en el territorio nacional es de 6.800 empleos por cada mill\u00f3n de pasajeros y en \u00e9l transitan a diario m\u00e1s de 100.000 visitantes y operan m\u00e1s de 1.00 vuelos.<\/p>\n<h2 class=\"ladillo\">MEDIDAS PARA REDUCIR EL IMPACTO AC\u00daSTICO<\/h2>\n<p>Por otro lado, Aena subraya las medidas implantadas para reducir el impacto ac\u00fastico en esta urbanizaci\u00f3n, como el tr\u00e1nsito de acciones m\u00e1s silencioso y cambios operativos en la compa\u00f1\u00eda.<\/p>\n<p>Se han reducido los sobrevuelos sobre la urbanizaci\u00f3n con restricciones nocturnos. A su vez, se desarrollan o se prev\u00e9n otras medidas como aislamiento ac\u00fastico de los domicilios (propuesta en 2010 y que fue rechazada por los vecinos) o el uso t\u00e1ctico en la configuraci\u00f3n sur de la Pista 18L con el objetivo de minimizar el uso de la pista 18R para aterrizajes. Esta medida ha comenzado ya a aplicarse en los periodos de configuraci\u00f3n sur en los que la demanda lo permite.<\/p>\n<p>Aena considera que la sentencia del Tribunal Supremo sobre la reclamaci\u00f3n de los vecinos \u00abno ordena el cese de los sobrevuelos de los aviones sobre esta urbanizaci\u00f3n sino que se tomen medidas para que cese la causa de la lesi\u00f3n, identificando como causa de la misma el ruido producido por los sobrevuelos a baja altura\u00bb.<\/p>\n<p>Argumenta que desde hace m\u00e1s de 10 a\u00f1os, con la intenci\u00f3n de conciliar la operaci\u00f3n del aeropuerto con el bienestar de los vecinos del entorno, Aena ha tomando medidas para minimizar el impacto ac\u00fastico que producen las aeronaves sobre las poblaciones cercanas.<\/p>\n<p>\u00abAena ha estado siempre dispuesta a dialogar con los vecinos y a atender sus demandas siempre que no se ponga en peligro la seguridad, la operaci\u00f3n y la capacidad del aeropuerto\u00bb, han agregado.<\/p>\n<p>Recalca que se cumplen con las reglamentaciones vigentes en materia de ruido, con lo marcado en la Declaraci\u00f3n de Impacto Ambiental derivada de la ampliaci\u00f3n y participaci\u00f3n en la Comisi\u00f3n de Seguimiento de la Ampliaci\u00f3n de Aeropuerto, junto con otros organismos y los ayuntamientos incluidos en la huella ac\u00fastica de Barajas.<\/p>\n<p>\u00c9ste \u00f3rgano fue el que aprob\u00f3 la huella de ruido elaborada con las trayectorias de despegue y aterrizaje vigentes en la actualidad y en la que la urbanizaci\u00f3n de Santo Domingo \u00abno est\u00e1 incluida en la huella ac\u00fastica del Aeropuerto\u00bb.<\/p>\n<p>A pesar de ello, Aena ha ido adoptando \u00abdiversas medidas posibles y proponiendo otras nuevas para minimizar el ruido en la zona\u00bb.<\/p>\n","protected":false},"excerpt":{"rendered":"<p>El posible cierre o la reducci\u00f3n del 30 por ciento de los sobrevuelos en la pista 18R\/DL sobre la urbanizaci\u00f3n Santo Domingo, en Algete, supondr\u00eda una \u00abreducci\u00f3n muy importante\u00bb de la capacidad operativa del aeropuerto Adolfo Su\u00e1rez Madrid-Barajas y repercutir\u00eda sobre la econom\u00eda y empleo tanto regional como nacional. En concreto, la posibilidad de reducir<\/p>\n","protected":false},"author":1,"featured_media":81095,"comment_status":"open","ping_status":"closed","sticky":false,"template":"","format":"standard","meta":{"footnotes":""},"categories":[224],"tags":[],"class_list":{"0":"post-81094","1":"post","2":"type-post","3":"status-publish","4":"format-standard","5":"has-post-thumbnail","7":"category-noticias-actualidad"},"aioseo_notices":[],"aioseo_head":"\n\t\t<!-- All in One SEO Pro 4.9.6.1 - aioseo.com -->\n\t<meta name=\"description\" content=\"El posible cierre o la reducci\u00f3n del 30 por ciento de los sobrevuelos en la pista 18R\/DL sobre la urbanizaci\u00f3n Santo Domingo, en Algete, supondr\u00eda una &quot;reducci\u00f3n muy importante&quot; de la capacidad operativa del aeropuerto Adolfo Su\u00e1rez Madrid-Barajas y repercutir\u00eda sobre la econom\u00eda y empleo tanto regional como nacional. En concreto, la posibilidad de reducir\" \/>\n\t<meta name=\"robots\" content=\"max-image-preview:large\" \/>\n\t<meta name=\"author\" content=\"admin\"\/>\n\t<meta name=\"google-site-verification\" content=\"UA-38556648-1\" \/>\n\t<meta name=\"keywords\" content=\"noticias y actualidad\" \/>\n\t<link rel=\"canonical\" href=\"https:\/\/eldigitaldeasturias.com\/magazine365\/aena-alerta-del-impacto-economico-y-operativo-que-supondria-reducir-los-vuelos-de-la-pista-18r-de-barajas\/\" \/>\n\t<meta name=\"generator\" content=\"All in One SEO Pro (AIOSEO) 4.9.6.1\" \/>\n\t\t<meta property=\"og:locale\" content=\"es_ES\" \/>\n\t\t<meta property=\"og:site_name\" content=\"El Digital de Asturias \u2013 Revista de ocio, turismo y estilo de vida\" \/>\n\t\t<meta property=\"og:type\" content=\"article\" \/>\n\t\t<meta property=\"og:title\" content=\"Aena alerta del impacto econ\u00f3mico y operativo que supondr\u00eda reducir los vuelos de la pista 18R de Barajas | El Digital de Asturias\" \/>\n\t\t<meta property=\"og:description\" content=\"El posible cierre o la reducci\u00f3n del 30 por ciento de los sobrevuelos en la pista 18R\/DL sobre la urbanizaci\u00f3n Santo Domingo, en Algete, supondr\u00eda una &quot;reducci\u00f3n muy importante&quot; de la capacidad operativa del aeropuerto Adolfo Su\u00e1rez Madrid-Barajas y repercutir\u00eda sobre la econom\u00eda y empleo tanto regional como nacional. En concreto, la posibilidad de reducir\" \/>\n\t\t<meta property=\"og:url\" content=\"https:\/\/eldigitaldeasturias.com\/magazine365\/aena-alerta-del-impacto-economico-y-operativo-que-supondria-reducir-los-vuelos-de-la-pista-18r-de-barajas\/\" \/>\n\t\t<meta property=\"og:image\" content=\"https:\/\/eldigitaldeasturias.com\/magazine365\/wp-content\/uploads\/2016\/06\/fotonoticia_20160629134135_800.jpg\" \/>\n\t\t<meta property=\"og:image:secure_url\" content=\"https:\/\/eldigitaldeasturias.com\/magazine365\/wp-content\/uploads\/2016\/06\/fotonoticia_20160629134135_800.jpg\" \/>\n\t\t<meta property=\"og:image:width\" content=\"800\" \/>\n\t\t<meta property=\"og:image:height\" content=\"533\" \/>\n\t\t<meta property=\"article:published_time\" content=\"2016-06-29T18:24:59+00:00\" \/>\n\t\t<meta property=\"article:modified_time\" content=\"2016-06-29T18:24:59+00:00\" \/>\n\t\t<meta name=\"twitter:card\" content=\"summary_large_image\" \/>\n\t\t<meta name=\"twitter:title\" content=\"Aena alerta del impacto econ\u00f3mico y operativo que supondr\u00eda reducir los vuelos de la pista 18R de Barajas | El Digital de Asturias\" \/>\n\t\t<meta name=\"twitter:description\" content=\"El posible cierre o la reducci\u00f3n del 30 por ciento de los sobrevuelos en la pista 18R\/DL sobre la urbanizaci\u00f3n Santo Domingo, en Algete, supondr\u00eda una &quot;reducci\u00f3n muy importante&quot; de la capacidad operativa del aeropuerto Adolfo Su\u00e1rez Madrid-Barajas y repercutir\u00eda sobre la econom\u00eda y empleo tanto regional como nacional. En concreto, la posibilidad de reducir\" \/>\n\t\t<meta name=\"twitter:image\" content=\"https:\/\/eldigitaldeasturias.com\/magazine365\/wp-content\/uploads\/2016\/06\/fotonoticia_20160629134135_800.jpg\" \/>\n\t\t<script type=\"application\/ld+json\" class=\"aioseo-schema\">\n\t\t\t{\"@context\":\"https:\\\/\\\/schema.org\",\"@graph\":[{\"@type\":\"Article\",\"@id\":\"https:\\\/\\\/eldigitaldeasturias.com\\\/magazine365\\\/aena-alerta-del-impacto-economico-y-operativo-que-supondria-reducir-los-vuelos-de-la-pista-18r-de-barajas\\\/#article\",\"name\":\"Aena alerta del impacto econ\\u00f3mico y operativo que supondr\\u00eda reducir los vuelos de la pista 18R de Barajas | El Digital de Asturias\",\"headline\":\"Aena alerta del impacto econ\\u00f3mico y operativo que supondr\\u00eda reducir los vuelos de la pista 18R de Barajas\",\"author\":{\"@id\":\"https:\\\/\\\/eldigitaldeasturias.com\\\/magazine365\\\/author\\\/admin\\\/#author\"},\"publisher\":{\"@id\":\"https:\\\/\\\/eldigitaldeasturias.com\\\/magazine365\\\/#organization\"},\"image\":{\"@type\":\"ImageObject\",\"url\":\"https:\\\/\\\/eldigitaldeasturias.com\\\/magazine365\\\/wp-content\\\/uploads\\\/2016\\\/06\\\/fotonoticia_20160629134135_800.jpg\",\"width\":800,\"height\":533},\"datePublished\":\"2016-06-29T20:24:59+02:00\",\"dateModified\":\"2016-06-29T20:24:59+02:00\",\"inLanguage\":\"es-ES\",\"mainEntityOfPage\":{\"@id\":\"https:\\\/\\\/eldigitaldeasturias.com\\\/magazine365\\\/aena-alerta-del-impacto-economico-y-operativo-que-supondria-reducir-los-vuelos-de-la-pista-18r-de-barajas\\\/#webpage\"},\"isPartOf\":{\"@id\":\"https:\\\/\\\/eldigitaldeasturias.com\\\/magazine365\\\/aena-alerta-del-impacto-economico-y-operativo-que-supondria-reducir-los-vuelos-de-la-pista-18r-de-barajas\\\/#webpage\"},\"articleSection\":\"Noticias y Actualidad\"},{\"@type\":\"BreadcrumbList\",\"@id\":\"https:\\\/\\\/eldigitaldeasturias.com\\\/magazine365\\\/aena-alerta-del-impacto-economico-y-operativo-que-supondria-reducir-los-vuelos-de-la-pista-18r-de-barajas\\\/#breadcrumblist\",\"itemListElement\":[{\"@type\":\"ListItem\",\"@id\":\"https:\\\/\\\/eldigitaldeasturias.com\\\/magazine365#listItem\",\"position\":1,\"name\":\"Home\",\"item\":\"https:\\\/\\\/eldigitaldeasturias.com\\\/magazine365\",\"nextItem\":{\"@type\":\"ListItem\",\"@id\":\"https:\\\/\\\/eldigitaldeasturias.com\\\/magazine365\\\/category\\\/noticias-actualidad\\\/#listItem\",\"name\":\"Noticias y Actualidad\"}},{\"@type\":\"ListItem\",\"@id\":\"https:\\\/\\\/eldigitaldeasturias.com\\\/magazine365\\\/category\\\/noticias-actualidad\\\/#listItem\",\"position\":2,\"name\":\"Noticias y Actualidad\",\"item\":\"https:\\\/\\\/eldigitaldeasturias.com\\\/magazine365\\\/category\\\/noticias-actualidad\\\/\",\"nextItem\":{\"@type\":\"ListItem\",\"@id\":\"https:\\\/\\\/eldigitaldeasturias.com\\\/magazine365\\\/aena-alerta-del-impacto-economico-y-operativo-que-supondria-reducir-los-vuelos-de-la-pista-18r-de-barajas\\\/#listItem\",\"name\":\"Aena alerta del impacto econ\\u00f3mico y operativo que supondr\\u00eda reducir los vuelos de la pista 18R de Barajas\"},\"previousItem\":{\"@type\":\"ListItem\",\"@id\":\"https:\\\/\\\/eldigitaldeasturias.com\\\/magazine365#listItem\",\"name\":\"Home\"}},{\"@type\":\"ListItem\",\"@id\":\"https:\\\/\\\/eldigitaldeasturias.com\\\/magazine365\\\/aena-alerta-del-impacto-economico-y-operativo-que-supondria-reducir-los-vuelos-de-la-pista-18r-de-barajas\\\/#listItem\",\"position\":3,\"name\":\"Aena alerta del impacto econ\\u00f3mico y operativo que supondr\\u00eda reducir los vuelos de la pista 18R de Barajas\",\"previousItem\":{\"@type\":\"ListItem\",\"@id\":\"https:\\\/\\\/eldigitaldeasturias.com\\\/magazine365\\\/category\\\/noticias-actualidad\\\/#listItem\",\"name\":\"Noticias y Actualidad\"}}]},{\"@type\":\"Organization\",\"@id\":\"https:\\\/\\\/eldigitaldeasturias.com\\\/magazine365\\\/#organization\",\"name\":\"El digital de Asturias\",\"description\":\"Revista de ocio, turismo y estilo de vida\",\"url\":\"https:\\\/\\\/eldigitaldeasturias.com\\\/magazine365\\\/\",\"logo\":{\"@type\":\"ImageObject\",\"url\":\"https:\\\/\\\/www.eldigitaldeasturias.com\\\/noticias\\\/wp-content\\\/uploads\\\/2020\\\/12\\\/EDA.jpg\",\"@id\":\"https:\\\/\\\/eldigitaldeasturias.com\\\/magazine365\\\/aena-alerta-del-impacto-economico-y-operativo-que-supondria-reducir-los-vuelos-de-la-pista-18r-de-barajas\\\/#organizationLogo\"},\"image\":{\"@id\":\"https:\\\/\\\/eldigitaldeasturias.com\\\/magazine365\\\/aena-alerta-del-impacto-economico-y-operativo-que-supondria-reducir-los-vuelos-de-la-pista-18r-de-barajas\\\/#organizationLogo\"}},{\"@type\":\"Person\",\"@id\":\"https:\\\/\\\/eldigitaldeasturias.com\\\/magazine365\\\/author\\\/admin\\\/#author\",\"url\":\"https:\\\/\\\/eldigitaldeasturias.com\\\/magazine365\\\/author\\\/admin\\\/\",\"name\":\"admin\",\"image\":{\"@type\":\"ImageObject\",\"@id\":\"https:\\\/\\\/eldigitaldeasturias.com\\\/magazine365\\\/aena-alerta-del-impacto-economico-y-operativo-que-supondria-reducir-los-vuelos-de-la-pista-18r-de-barajas\\\/#authorImage\",\"url\":\"https:\\\/\\\/eldigitaldeasturias.com\\\/magazine365\\\/wp-content\\\/litespeed\\\/avatar\\\/e571bcf59a0edd6fa6838245a470f2fe.jpg?ver=1776969259\",\"width\":96,\"height\":96,\"caption\":\"admin\"}},{\"@type\":\"WebPage\",\"@id\":\"https:\\\/\\\/eldigitaldeasturias.com\\\/magazine365\\\/aena-alerta-del-impacto-economico-y-operativo-que-supondria-reducir-los-vuelos-de-la-pista-18r-de-barajas\\\/#webpage\",\"url\":\"https:\\\/\\\/eldigitaldeasturias.com\\\/magazine365\\\/aena-alerta-del-impacto-economico-y-operativo-que-supondria-reducir-los-vuelos-de-la-pista-18r-de-barajas\\\/\",\"name\":\"Aena alerta del impacto econ\\u00f3mico y operativo que supondr\\u00eda reducir los vuelos de la pista 18R de Barajas | El Digital de Asturias\",\"description\":\"El posible cierre o la reducci\\u00f3n del 30 por ciento de los sobrevuelos en la pista 18R\\\/DL sobre la urbanizaci\\u00f3n Santo Domingo, en Algete, supondr\\u00eda una \\\"reducci\\u00f3n muy importante\\\" de la capacidad operativa del aeropuerto Adolfo Su\\u00e1rez Madrid-Barajas y repercutir\\u00eda sobre la econom\\u00eda y empleo tanto regional como nacional. En concreto, la posibilidad de reducir\",\"inLanguage\":\"es-ES\",\"isPartOf\":{\"@id\":\"https:\\\/\\\/eldigitaldeasturias.com\\\/magazine365\\\/#website\"},\"breadcrumb\":{\"@id\":\"https:\\\/\\\/eldigitaldeasturias.com\\\/magazine365\\\/aena-alerta-del-impacto-economico-y-operativo-que-supondria-reducir-los-vuelos-de-la-pista-18r-de-barajas\\\/#breadcrumblist\"},\"author\":{\"@id\":\"https:\\\/\\\/eldigitaldeasturias.com\\\/magazine365\\\/author\\\/admin\\\/#author\"},\"creator\":{\"@id\":\"https:\\\/\\\/eldigitaldeasturias.com\\\/magazine365\\\/author\\\/admin\\\/#author\"},\"image\":{\"@type\":\"ImageObject\",\"url\":\"https:\\\/\\\/eldigitaldeasturias.com\\\/magazine365\\\/wp-content\\\/uploads\\\/2016\\\/06\\\/fotonoticia_20160629134135_800.jpg\",\"@id\":\"https:\\\/\\\/eldigitaldeasturias.com\\\/magazine365\\\/aena-alerta-del-impacto-economico-y-operativo-que-supondria-reducir-los-vuelos-de-la-pista-18r-de-barajas\\\/#mainImage\",\"width\":800,\"height\":533},\"primaryImageOfPage\":{\"@id\":\"https:\\\/\\\/eldigitaldeasturias.com\\\/magazine365\\\/aena-alerta-del-impacto-economico-y-operativo-que-supondria-reducir-los-vuelos-de-la-pista-18r-de-barajas\\\/#mainImage\"},\"datePublished\":\"2016-06-29T20:24:59+02:00\",\"dateModified\":\"2016-06-29T20:24:59+02:00\"},{\"@type\":\"WebSite\",\"@id\":\"https:\\\/\\\/eldigitaldeasturias.com\\\/magazine365\\\/#website\",\"url\":\"https:\\\/\\\/eldigitaldeasturias.com\\\/magazine365\\\/\",\"name\":\"El Digital de Asturias\",\"description\":\"Revista de ocio, turismo y estilo de vida\",\"inLanguage\":\"es-ES\",\"publisher\":{\"@id\":\"https:\\\/\\\/eldigitaldeasturias.com\\\/magazine365\\\/#organization\"}}]}\n\t\t<\/script>\n\t\t<!-- All in One SEO Pro -->\r\n\t\t<title>Aena alerta del impacto econ\u00f3mico y operativo que supondr\u00eda reducir los vuelos de la pista 18R de Barajas | El Digital de Asturias<\/title>\n\n","aioseo_head_json":{"title":"Aena alerta del impacto econ\u00f3mico y operativo que supondr\u00eda reducir los vuelos de la pista 18R de Barajas | El Digital de Asturias","description":"El posible cierre o la reducci\u00f3n del 30 por ciento de los sobrevuelos en la pista 18R\/DL sobre la urbanizaci\u00f3n Santo Domingo, en Algete, supondr\u00eda una \"reducci\u00f3n muy importante\" de la capacidad operativa del aeropuerto Adolfo Su\u00e1rez Madrid-Barajas y repercutir\u00eda sobre la econom\u00eda y empleo tanto regional como nacional. En concreto, la posibilidad de reducir","canonical_url":"https:\/\/eldigitaldeasturias.com\/magazine365\/aena-alerta-del-impacto-economico-y-operativo-que-supondria-reducir-los-vuelos-de-la-pista-18r-de-barajas\/","robots":"max-image-preview:large","keywords":"noticias y actualidad","webmasterTools":{"google-site-verification":"UA-38556648-1","miscellaneous":""},"schema":{"@context":"https:\/\/schema.org","@graph":[{"@type":"Article","@id":"https:\/\/eldigitaldeasturias.com\/magazine365\/aena-alerta-del-impacto-economico-y-operativo-que-supondria-reducir-los-vuelos-de-la-pista-18r-de-barajas\/#article","name":"Aena alerta del impacto econ\u00f3mico y operativo que supondr\u00eda reducir los vuelos de la pista 18R de Barajas | El Digital de Asturias","headline":"Aena alerta del impacto econ\u00f3mico y operativo que supondr\u00eda reducir los vuelos de la pista 18R de Barajas","author":{"@id":"https:\/\/eldigitaldeasturias.com\/magazine365\/author\/admin\/#author"},"publisher":{"@id":"https:\/\/eldigitaldeasturias.com\/magazine365\/#organization"},"image":{"@type":"ImageObject","url":"https:\/\/eldigitaldeasturias.com\/magazine365\/wp-content\/uploads\/2016\/06\/fotonoticia_20160629134135_800.jpg","width":800,"height":533},"datePublished":"2016-06-29T20:24:59+02:00","dateModified":"2016-06-29T20:24:59+02:00","inLanguage":"es-ES","mainEntityOfPage":{"@id":"https:\/\/eldigitaldeasturias.com\/magazine365\/aena-alerta-del-impacto-economico-y-operativo-que-supondria-reducir-los-vuelos-de-la-pista-18r-de-barajas\/#webpage"},"isPartOf":{"@id":"https:\/\/eldigitaldeasturias.com\/magazine365\/aena-alerta-del-impacto-economico-y-operativo-que-supondria-reducir-los-vuelos-de-la-pista-18r-de-barajas\/#webpage"},"articleSection":"Noticias y Actualidad"},{"@type":"BreadcrumbList","@id":"https:\/\/eldigitaldeasturias.com\/magazine365\/aena-alerta-del-impacto-economico-y-operativo-que-supondria-reducir-los-vuelos-de-la-pista-18r-de-barajas\/#breadcrumblist","itemListElement":[{"@type":"ListItem","@id":"https:\/\/eldigitaldeasturias.com\/magazine365#listItem","position":1,"name":"Home","item":"https:\/\/eldigitaldeasturias.com\/magazine365","nextItem":{"@type":"ListItem","@id":"https:\/\/eldigitaldeasturias.com\/magazine365\/category\/noticias-actualidad\/#listItem","name":"Noticias y Actualidad"}},{"@type":"ListItem","@id":"https:\/\/eldigitaldeasturias.com\/magazine365\/category\/noticias-actualidad\/#listItem","position":2,"name":"Noticias y Actualidad","item":"https:\/\/eldigitaldeasturias.com\/magazine365\/category\/noticias-actualidad\/","nextItem":{"@type":"ListItem","@id":"https:\/\/eldigitaldeasturias.com\/magazine365\/aena-alerta-del-impacto-economico-y-operativo-que-supondria-reducir-los-vuelos-de-la-pista-18r-de-barajas\/#listItem","name":"Aena alerta del impacto econ\u00f3mico y operativo que supondr\u00eda reducir los vuelos de la pista 18R de Barajas"},"previousItem":{"@type":"ListItem","@id":"https:\/\/eldigitaldeasturias.com\/magazine365#listItem","name":"Home"}},{"@type":"ListItem","@id":"https:\/\/eldigitaldeasturias.com\/magazine365\/aena-alerta-del-impacto-economico-y-operativo-que-supondria-reducir-los-vuelos-de-la-pista-18r-de-barajas\/#listItem","position":3,"name":"Aena alerta del impacto econ\u00f3mico y operativo que supondr\u00eda reducir los vuelos de la pista 18R de Barajas","previousItem":{"@type":"ListItem","@id":"https:\/\/eldigitaldeasturias.com\/magazine365\/category\/noticias-actualidad\/#listItem","name":"Noticias y Actualidad"}}]},{"@type":"Organization","@id":"https:\/\/eldigitaldeasturias.com\/magazine365\/#organization","name":"El digital de Asturias","description":"Revista de ocio, turismo y estilo de vida","url":"https:\/\/eldigitaldeasturias.com\/magazine365\/","logo":{"@type":"ImageObject","url":"https:\/\/www.eldigitaldeasturias.com\/noticias\/wp-content\/uploads\/2020\/12\/EDA.jpg","@id":"https:\/\/eldigitaldeasturias.com\/magazine365\/aena-alerta-del-impacto-economico-y-operativo-que-supondria-reducir-los-vuelos-de-la-pista-18r-de-barajas\/#organizationLogo"},"image":{"@id":"https:\/\/eldigitaldeasturias.com\/magazine365\/aena-alerta-del-impacto-economico-y-operativo-que-supondria-reducir-los-vuelos-de-la-pista-18r-de-barajas\/#organizationLogo"}},{"@type":"Person","@id":"https:\/\/eldigitaldeasturias.com\/magazine365\/author\/admin\/#author","url":"https:\/\/eldigitaldeasturias.com\/magazine365\/author\/admin\/","name":"admin","image":{"@type":"ImageObject","@id":"https:\/\/eldigitaldeasturias.com\/magazine365\/aena-alerta-del-impacto-economico-y-operativo-que-supondria-reducir-los-vuelos-de-la-pista-18r-de-barajas\/#authorImage","url":"https:\/\/eldigitaldeasturias.com\/magazine365\/wp-content\/litespeed\/avatar\/e571bcf59a0edd6fa6838245a470f2fe.jpg?ver=1776969259","width":96,"height":96,"caption":"admin"}},{"@type":"WebPage","@id":"https:\/\/eldigitaldeasturias.com\/magazine365\/aena-alerta-del-impacto-economico-y-operativo-que-supondria-reducir-los-vuelos-de-la-pista-18r-de-barajas\/#webpage","url":"https:\/\/eldigitaldeasturias.com\/magazine365\/aena-alerta-del-impacto-economico-y-operativo-que-supondria-reducir-los-vuelos-de-la-pista-18r-de-barajas\/","name":"Aena alerta del impacto econ\u00f3mico y operativo que supondr\u00eda reducir los vuelos de la pista 18R de Barajas | El Digital de Asturias","description":"El posible cierre o la reducci\u00f3n del 30 por ciento de los sobrevuelos en la pista 18R\/DL sobre la urbanizaci\u00f3n Santo Domingo, en Algete, supondr\u00eda una \"reducci\u00f3n muy importante\" de la capacidad operativa del aeropuerto Adolfo Su\u00e1rez Madrid-Barajas y repercutir\u00eda sobre la econom\u00eda y empleo tanto regional como nacional. En concreto, la posibilidad de reducir","inLanguage":"es-ES","isPartOf":{"@id":"https:\/\/eldigitaldeasturias.com\/magazine365\/#website"},"breadcrumb":{"@id":"https:\/\/eldigitaldeasturias.com\/magazine365\/aena-alerta-del-impacto-economico-y-operativo-que-supondria-reducir-los-vuelos-de-la-pista-18r-de-barajas\/#breadcrumblist"},"author":{"@id":"https:\/\/eldigitaldeasturias.com\/magazine365\/author\/admin\/#author"},"creator":{"@id":"https:\/\/eldigitaldeasturias.com\/magazine365\/author\/admin\/#author"},"image":{"@type":"ImageObject","url":"https:\/\/eldigitaldeasturias.com\/magazine365\/wp-content\/uploads\/2016\/06\/fotonoticia_20160629134135_800.jpg","@id":"https:\/\/eldigitaldeasturias.com\/magazine365\/aena-alerta-del-impacto-economico-y-operativo-que-supondria-reducir-los-vuelos-de-la-pista-18r-de-barajas\/#mainImage","width":800,"height":533},"primaryImageOfPage":{"@id":"https:\/\/eldigitaldeasturias.com\/magazine365\/aena-alerta-del-impacto-economico-y-operativo-que-supondria-reducir-los-vuelos-de-la-pista-18r-de-barajas\/#mainImage"},"datePublished":"2016-06-29T20:24:59+02:00","dateModified":"2016-06-29T20:24:59+02:00"},{"@type":"WebSite","@id":"https:\/\/eldigitaldeasturias.com\/magazine365\/#website","url":"https:\/\/eldigitaldeasturias.com\/magazine365\/","name":"El Digital de Asturias","description":"Revista de ocio, turismo y estilo de vida","inLanguage":"es-ES","publisher":{"@id":"https:\/\/eldigitaldeasturias.com\/magazine365\/#organization"}}]},"og:locale":"es_ES","og:site_name":"El Digital de Asturias \u2013 Revista de ocio, turismo y estilo de vida","og:type":"article","og:title":"Aena alerta del impacto econ\u00f3mico y operativo que supondr\u00eda reducir los vuelos de la pista 18R de Barajas | El Digital de Asturias","og:description":"El posible cierre o la reducci\u00f3n del 30 por ciento de los sobrevuelos en la pista 18R\/DL sobre la urbanizaci\u00f3n Santo Domingo, en Algete, supondr\u00eda una &quot;reducci\u00f3n muy importante&quot; de la capacidad operativa del aeropuerto Adolfo Su\u00e1rez Madrid-Barajas y repercutir\u00eda sobre la econom\u00eda y empleo tanto regional como nacional. En concreto, la posibilidad de reducir","og:url":"https:\/\/eldigitaldeasturias.com\/magazine365\/aena-alerta-del-impacto-economico-y-operativo-que-supondria-reducir-los-vuelos-de-la-pista-18r-de-barajas\/","og:image":"https:\/\/eldigitaldeasturias.com\/magazine365\/wp-content\/uploads\/2016\/06\/fotonoticia_20160629134135_800.jpg","og:image:secure_url":"https:\/\/eldigitaldeasturias.com\/magazine365\/wp-content\/uploads\/2016\/06\/fotonoticia_20160629134135_800.jpg","og:image:width":800,"og:image:height":533,"article:published_time":"2016-06-29T18:24:59+00:00","article:modified_time":"2016-06-29T18:24:59+00:00","twitter:card":"summary_large_image","twitter:title":"Aena alerta del impacto econ\u00f3mico y operativo que supondr\u00eda reducir los vuelos de la pista 18R de Barajas | El Digital de Asturias","twitter:description":"El posible cierre o la reducci\u00f3n del 30 por ciento de los sobrevuelos en la pista 18R\/DL sobre la urbanizaci\u00f3n Santo Domingo, en Algete, supondr\u00eda una &quot;reducci\u00f3n muy importante&quot; de la capacidad operativa del aeropuerto Adolfo Su\u00e1rez Madrid-Barajas y repercutir\u00eda sobre la econom\u00eda y empleo tanto regional como nacional. En concreto, la posibilidad de reducir","twitter:image":"https:\/\/eldigitaldeasturias.com\/magazine365\/wp-content\/uploads\/2016\/06\/fotonoticia_20160629134135_800.jpg"},"aioseo_meta_data":{"post_id":"81094","title":null,"description":null,"keywords":null,"keyphrases":null,"primary_term":null,"canonical_url":null,"og_title":null,"og_description":null,"og_object_type":"default","og_image_type":"default","og_image_url":null,"og_image_width":null,"og_image_height":null,"og_image_custom_url":null,"og_image_custom_fields":null,"og_video":null,"og_custom_url":null,"og_article_section":null,"og_article_tags":null,"twitter_use_og":false,"twitter_card":"default","twitter_image_type":"default","twitter_image_url":null,"twitter_image_custom_url":null,"twitter_image_custom_fields":null,"twitter_title":null,"twitter_description":null,"schema":{"blockGraphs":[],"customGraphs":[],"default":{"data":{"Article":[],"Course":[],"Dataset":[],"FAQPage":[],"Movie":[],"Person":[],"Product":[],"ProductReview":[],"Car":[],"Recipe":[],"Service":[],"SoftwareApplication":[],"WebPage":[]},"graphName":"","isEnabled":true},"graphs":[],"defaultGraph":"","defaultPostTypeGraph":""},"schema_type":null,"schema_type_options":null,"pillar_content":false,"robots_default":true,"robots_noindex":false,"robots_noarchive":false,"robots_nosnippet":false,"robots_nofollow":false,"robots_noimageindex":false,"robots_noodp":false,"robots_notranslate":false,"robots_max_snippet":null,"robots_max_videopreview":null,"robots_max_imagepreview":"large","priority":null,"frequency":null,"location":null,"local_seo":null,"seo_analyzer_scan_date":"2025-09-27 22:10:26","breadcrumb_settings":null,"limit_modified_date":false,"open_ai":null,"ai":null,"created":"2021-03-08 17:21:45","updated":"2025-09-27 22:10:26"},"aioseo_breadcrumb":"<div class=\"aioseo-breadcrumbs\"><span class=\"aioseo-breadcrumb\">\n\t<a href=\"https:\/\/eldigitaldeasturias.com\/magazine365\" title=\"Home\">Home<\/a>\n<\/span><span class=\"aioseo-breadcrumb-separator\">\u2013<\/span><span class=\"aioseo-breadcrumb\">\n\t<a href=\"https:\/\/eldigitaldeasturias.com\/magazine365\/category\/noticias-actualidad\/\" title=\"Noticias y Actualidad\">Noticias y Actualidad<\/a>\n<\/span><span class=\"aioseo-breadcrumb-separator\">\u2013<\/span><span class=\"aioseo-breadcrumb\">\n\t<a href=\"https:\/\/eldigitaldeasturias.com\/magazine365\/aena-alerta-del-impacto-economico-y-operativo-que-supondria-reducir-los-vuelos-de-la-pista-18r-de-barajas\/\" title=\"Aena alerta del impacto econ\u00f3mico y operativo que supondr\u00eda reducir los vuelos de la pista 18R de Barajas\">Aena alerta del impacto econ\u00f3mico y operativo que supondr\u00eda reducir los vuelos de la pista 18R de Barajas<\/a>\n<\/span><\/div>","aioseo_breadcrumb_json":[{"label":"Home","link":"https:\/\/eldigitaldeasturias.com\/magazine365"},{"label":"Noticias y Actualidad","link":"https:\/\/eldigitaldeasturias.com\/magazine365\/category\/noticias-actualidad\/"},{"label":"Aena alerta del impacto econ\u00f3mico y operativo que supondr\u00eda reducir los vuelos de la pista 18R de Barajas","link":"https:\/\/eldigitaldeasturias.com\/magazine365\/aena-alerta-del-impacto-economico-y-operativo-que-supondria-reducir-los-vuelos-de-la-pista-18r-de-barajas\/"}],"_links":{"self":[{"href":"https:\/\/eldigitaldeasturias.com\/magazine365\/wp-json\/wp\/v2\/posts\/81094","targetHints":{"allow":["GET"]}}],"collection":[{"href":"https:\/\/eldigitaldeasturias.com\/magazine365\/wp-json\/wp\/v2\/posts"}],"about":[{"href":"https:\/\/eldigitaldeasturias.com\/magazine365\/wp-json\/wp\/v2\/types\/post"}],"author":[{"embeddable":true,"href":"https:\/\/eldigitaldeasturias.com\/magazine365\/wp-json\/wp\/v2\/users\/1"}],"replies":[{"embeddable":true,"href":"https:\/\/eldigitaldeasturias.com\/magazine365\/wp-json\/wp\/v2\/comments?post=81094"}],"version-history":[{"count":0,"href":"https:\/\/eldigitaldeasturias.com\/magazine365\/wp-json\/wp\/v2\/posts\/81094\/revisions"}],"wp:featuredmedia":[{"embeddable":true,"href":"https:\/\/eldigitaldeasturias.com\/magazine365\/wp-json\/wp\/v2\/media\/81095"}],"wp:attachment":[{"href":"https:\/\/eldigitaldeasturias.com\/magazine365\/wp-json\/wp\/v2\/media?parent=81094"}],"wp:term":[{"taxonomy":"category","embeddable":true,"href":"https:\/\/eldigitaldeasturias.com\/magazine365\/wp-json\/wp\/v2\/categories?post=81094"},{"taxonomy":"post_tag","embeddable":true,"href":"https:\/\/eldigitaldeasturias.com\/magazine365\/wp-json\/wp\/v2\/tags?post=81094"}],"curies":[{"name":"wp","href":"https:\/\/api.w.org\/{rel}","templated":true}]}}