{"id":81092,"date":"2016-06-29T20:23:53","date_gmt":"2016-06-29T18:23:53","guid":{"rendered":"http:\/\/eldigitaldeasturias.com\/magazine365\/?p=81092"},"modified":"2016-06-29T20:23:53","modified_gmt":"2016-06-29T18:23:53","slug":"renfe-ofrecera-116-000-plazas-de-tren-para-viajar-a-los-sanfermines","status":"publish","type":"post","link":"https:\/\/eldigitaldeasturias.com\/magazine365\/renfe-ofrecera-116-000-plazas-de-tren-para-viajar-a-los-sanfermines\/","title":{"rendered":"Renfe ofrecer\u00e1 116.000 plazas de tren para viajar a los Sanfermines"},"content":{"rendered":"<p><img fetchpriority=\"high\" decoding=\"async\" class=\"alignleft size-medium wp-image-38766\" src=\"https:\/\/eldigitaldeasturias.com\/magazine365\/wp-content\/uploads\/2015\/06\/tren-360x243.jpg\" alt=\"tren\" width=\"360\" height=\"243\" srcset=\"https:\/\/eldigitaldeasturias.com\/magazine365\/wp-content\/uploads\/2015\/06\/tren-360x243.jpg 360w, https:\/\/eldigitaldeasturias.com\/magazine365\/wp-content\/uploads\/2015\/06\/tren-650x438.jpg 650w, https:\/\/eldigitaldeasturias.com\/magazine365\/wp-content\/uploads\/2015\/06\/tren-768x517.jpg 768w, https:\/\/eldigitaldeasturias.com\/magazine365\/wp-content\/uploads\/2015\/06\/tren-150x101.jpg 150w, https:\/\/eldigitaldeasturias.com\/magazine365\/wp-content\/uploads\/2015\/06\/tren-450x303.jpg 450w, https:\/\/eldigitaldeasturias.com\/magazine365\/wp-content\/uploads\/2015\/06\/tren-696x469.jpg 696w, https:\/\/eldigitaldeasturias.com\/magazine365\/wp-content\/uploads\/2015\/06\/tren-623x420.jpg 623w, https:\/\/eldigitaldeasturias.com\/magazine365\/wp-content\/uploads\/2015\/06\/tren.jpg 800w\" sizes=\"(max-width: 360px) 100vw, 360px\" \/>Renfe ha puesto a la venta m\u00e1s de 116.000 plazas para todos los trenes con entrada y salida de Pamplona entre los d\u00edas 5 y 15 de julio con motivo de la celebraci\u00f3n de las fiestas de San Ferm\u00edn.<\/p>\n<p>Los servicios de este operativo especial comprenden todas las l\u00edneas tanto de Media Distancia como de Larga Distancia que comunican la capital navarra con Zaragoza, Tudela, Burgos, Vitoria-Gasteiz, Madrid, Barcelona, Tarragona, Lleida, Sevilla, C\u00f3rdoba y M\u00e1laga.<\/p>\n<p>A todos los viajeros de estos trenes se les a va a repartir el &#8216;pa\u00f1uelico&#8217; rojo y el programa de fiestas.<\/p>\n<p>Adem\u00e1s, Renfe se suma al inicio de la celebraci\u00f3n de las fiestas de San Ferm\u00edn con la puesta en marcha de los trenes del Chupinazo. Estos saldr\u00e1n de Barcelona a las 6.30 horas y de Madrid a las 7.35 horas el pr\u00f3ximo d\u00eda 6 de julio, y llegar\u00e1n a Pamplona a media ma\u00f1ana.<\/p>\n<h2 class=\"ladillo\">TRAYECTOS DE MEDIA DISTANCIA DESDE ZARAGOZA, VITORIA-GASTEIZ Y BURGOS<\/h2>\n<p>Los servicios de Media Distancia ser\u00e1n reforzados mediante el operativo dispuesto por Renfe con una serie de trenes especiales desde Zaragoza, Vitoria-Gasteiz y Burgos. Se ampliar\u00e1 la composici\u00f3n habitual de varios trenes desde el 5 hasta el 15 de julio, lo que posibilita ofrecer 29.600 plazas para atender las demandas de desplazamiento a Pamplona. El servicio de Media Distancia con origen y destino Pamplona quedar\u00e1 reforzado con 45 trenes y 9.900 plazas.<\/p>\n<p>El operativo programado por Renfe entre Barcelona y Pamplona pone a disposici\u00f3n de los viajeros un total de 37.500 plazas. De esta manera, el servicio habitual de cinco trenes diarios por sentido entre ambas capitales se refuerza con 34 trenes adicionales, 17 por sentido, y 9.300 plazas m\u00e1s.<\/p>\n<p>Entre Madrid y Pamplona Renfe dispondr\u00e1 de una oferta de 33.000 plazas. De estas plazas, 8.600 son plazas especiales de refuerzo a los trenes habituales que circular\u00e1n en doble composici\u00f3n entre ambas capitales y 2.800 plazas en trenes especiales adicionales.<\/p>\n<h2 class=\"ladillo\">TRENES DE ENLACE ENTRE ANDALUC\u00cdA Y PAMPLONA<\/h2>\n<p>Para desplazarse desde M\u00e1laga, C\u00f3rdoba y Sevilla hasta Pamplona, este a\u00f1o la oferta se ha visto ampliada con posibilidades de viaje con enlace en Zaragoza o Madrid. Para comunicar estas 4 capitales Renfe ofrece m\u00e1s de 15.000 plazas entre el 5 y el 15 de julio. Los Billetes Combinados para estos trenes incluyen los dos trayectos en un \u00fanico billete con un precio reducido y el enlace garantizado en Madrid o Zaragoza.<\/p>\n","protected":false},"excerpt":{"rendered":"<p>Renfe ha puesto a la venta m\u00e1s de 116.000 plazas para todos los trenes con entrada y salida de Pamplona entre los d\u00edas 5 y 15 de julio con motivo de la celebraci\u00f3n de las fiestas de San Ferm\u00edn. Los servicios de este operativo especial comprenden todas las l\u00edneas tanto de Media Distancia como de<\/p>\n","protected":false},"author":1,"featured_media":38766,"comment_status":"open","ping_status":"closed","sticky":false,"template":"","format":"standard","meta":{"footnotes":""},"categories":[224],"tags":[],"class_list":{"0":"post-81092","1":"post","2":"type-post","3":"status-publish","4":"format-standard","5":"has-post-thumbnail","7":"category-noticias-actualidad"},"aioseo_notices":[],"aioseo_head":"\n\t\t<!-- All in One SEO Pro 4.9.6.1 - aioseo.com -->\n\t<meta name=\"description\" content=\"Renfe ha puesto a la venta m\u00e1s de 116.000 plazas para todos los trenes con entrada y salida de Pamplona entre los d\u00edas 5 y 15 de julio con motivo de la celebraci\u00f3n de las fiestas de San Ferm\u00edn. Los servicios de este operativo especial comprenden todas las l\u00edneas tanto de Media Distancia como de\" \/>\n\t<meta name=\"robots\" content=\"max-image-preview:large\" \/>\n\t<meta name=\"author\" content=\"admin\"\/>\n\t<meta name=\"google-site-verification\" content=\"UA-38556648-1\" \/>\n\t<meta name=\"keywords\" content=\"noticias y actualidad\" \/>\n\t<link rel=\"canonical\" href=\"https:\/\/eldigitaldeasturias.com\/magazine365\/renfe-ofrecera-116-000-plazas-de-tren-para-viajar-a-los-sanfermines\/\" \/>\n\t<meta name=\"generator\" content=\"All in One SEO Pro (AIOSEO) 4.9.6.1\" \/>\n\t\t<meta property=\"og:locale\" content=\"es_ES\" \/>\n\t\t<meta property=\"og:site_name\" content=\"El Digital de Asturias \u2013 Revista de ocio, turismo y estilo de vida\" \/>\n\t\t<meta property=\"og:type\" content=\"article\" \/>\n\t\t<meta property=\"og:title\" content=\"Renfe ofrecer\u00e1 116.000 plazas de tren para viajar a los Sanfermines | El Digital de Asturias\" \/>\n\t\t<meta property=\"og:description\" content=\"Renfe ha puesto a la venta m\u00e1s de 116.000 plazas para todos los trenes con entrada y salida de Pamplona entre los d\u00edas 5 y 15 de julio con motivo de la celebraci\u00f3n de las fiestas de San Ferm\u00edn. Los servicios de este operativo especial comprenden todas las l\u00edneas tanto de Media Distancia como de\" \/>\n\t\t<meta property=\"og:url\" content=\"https:\/\/eldigitaldeasturias.com\/magazine365\/renfe-ofrecera-116-000-plazas-de-tren-para-viajar-a-los-sanfermines\/\" \/>\n\t\t<meta property=\"og:image\" content=\"https:\/\/eldigitaldeasturias.com\/magazine365\/wp-content\/uploads\/2015\/06\/tren.jpg\" \/>\n\t\t<meta property=\"og:image:secure_url\" content=\"https:\/\/eldigitaldeasturias.com\/magazine365\/wp-content\/uploads\/2015\/06\/tren.jpg\" \/>\n\t\t<meta property=\"og:image:width\" content=\"800\" \/>\n\t\t<meta property=\"og:image:height\" content=\"539\" \/>\n\t\t<meta property=\"article:published_time\" content=\"2016-06-29T18:23:53+00:00\" \/>\n\t\t<meta property=\"article:modified_time\" content=\"2016-06-29T18:23:53+00:00\" \/>\n\t\t<meta name=\"twitter:card\" content=\"summary_large_image\" \/>\n\t\t<meta name=\"twitter:title\" content=\"Renfe ofrecer\u00e1 116.000 plazas de tren para viajar a los Sanfermines | El Digital de Asturias\" \/>\n\t\t<meta name=\"twitter:description\" content=\"Renfe ha puesto a la venta m\u00e1s de 116.000 plazas para todos los trenes con entrada y salida de Pamplona entre los d\u00edas 5 y 15 de julio con motivo de la celebraci\u00f3n de las fiestas de San Ferm\u00edn. Los servicios de este operativo especial comprenden todas las l\u00edneas tanto de Media Distancia como de\" \/>\n\t\t<meta name=\"twitter:image\" content=\"https:\/\/eldigitaldeasturias.com\/magazine365\/wp-content\/uploads\/2015\/06\/tren.jpg\" \/>\n\t\t<script type=\"application\/ld+json\" class=\"aioseo-schema\">\n\t\t\t{\"@context\":\"https:\\\/\\\/schema.org\",\"@graph\":[{\"@type\":\"Article\",\"@id\":\"https:\\\/\\\/eldigitaldeasturias.com\\\/magazine365\\\/renfe-ofrecera-116-000-plazas-de-tren-para-viajar-a-los-sanfermines\\\/#article\",\"name\":\"Renfe ofrecer\\u00e1 116.000 plazas de tren para viajar a los Sanfermines | El Digital de Asturias\",\"headline\":\"Renfe ofrecer\\u00e1 116.000 plazas de tren para viajar a los Sanfermines\",\"author\":{\"@id\":\"https:\\\/\\\/eldigitaldeasturias.com\\\/magazine365\\\/author\\\/admin\\\/#author\"},\"publisher\":{\"@id\":\"https:\\\/\\\/eldigitaldeasturias.com\\\/magazine365\\\/#organization\"},\"image\":{\"@type\":\"ImageObject\",\"url\":\"https:\\\/\\\/eldigitaldeasturias.com\\\/magazine365\\\/wp-content\\\/uploads\\\/2015\\\/06\\\/tren.jpg\",\"width\":800,\"height\":539},\"datePublished\":\"2016-06-29T20:23:53+02:00\",\"dateModified\":\"2016-06-29T20:23:53+02:00\",\"inLanguage\":\"es-ES\",\"mainEntityOfPage\":{\"@id\":\"https:\\\/\\\/eldigitaldeasturias.com\\\/magazine365\\\/renfe-ofrecera-116-000-plazas-de-tren-para-viajar-a-los-sanfermines\\\/#webpage\"},\"isPartOf\":{\"@id\":\"https:\\\/\\\/eldigitaldeasturias.com\\\/magazine365\\\/renfe-ofrecera-116-000-plazas-de-tren-para-viajar-a-los-sanfermines\\\/#webpage\"},\"articleSection\":\"Noticias y Actualidad\"},{\"@type\":\"BreadcrumbList\",\"@id\":\"https:\\\/\\\/eldigitaldeasturias.com\\\/magazine365\\\/renfe-ofrecera-116-000-plazas-de-tren-para-viajar-a-los-sanfermines\\\/#breadcrumblist\",\"itemListElement\":[{\"@type\":\"ListItem\",\"@id\":\"https:\\\/\\\/eldigitaldeasturias.com\\\/magazine365#listItem\",\"position\":1,\"name\":\"Home\",\"item\":\"https:\\\/\\\/eldigitaldeasturias.com\\\/magazine365\",\"nextItem\":{\"@type\":\"ListItem\",\"@id\":\"https:\\\/\\\/eldigitaldeasturias.com\\\/magazine365\\\/category\\\/noticias-actualidad\\\/#listItem\",\"name\":\"Noticias y Actualidad\"}},{\"@type\":\"ListItem\",\"@id\":\"https:\\\/\\\/eldigitaldeasturias.com\\\/magazine365\\\/category\\\/noticias-actualidad\\\/#listItem\",\"position\":2,\"name\":\"Noticias y Actualidad\",\"item\":\"https:\\\/\\\/eldigitaldeasturias.com\\\/magazine365\\\/category\\\/noticias-actualidad\\\/\",\"nextItem\":{\"@type\":\"ListItem\",\"@id\":\"https:\\\/\\\/eldigitaldeasturias.com\\\/magazine365\\\/renfe-ofrecera-116-000-plazas-de-tren-para-viajar-a-los-sanfermines\\\/#listItem\",\"name\":\"Renfe ofrecer\\u00e1 116.000 plazas de tren para viajar a los Sanfermines\"},\"previousItem\":{\"@type\":\"ListItem\",\"@id\":\"https:\\\/\\\/eldigitaldeasturias.com\\\/magazine365#listItem\",\"name\":\"Home\"}},{\"@type\":\"ListItem\",\"@id\":\"https:\\\/\\\/eldigitaldeasturias.com\\\/magazine365\\\/renfe-ofrecera-116-000-plazas-de-tren-para-viajar-a-los-sanfermines\\\/#listItem\",\"position\":3,\"name\":\"Renfe ofrecer\\u00e1 116.000 plazas de tren para viajar a los Sanfermines\",\"previousItem\":{\"@type\":\"ListItem\",\"@id\":\"https:\\\/\\\/eldigitaldeasturias.com\\\/magazine365\\\/category\\\/noticias-actualidad\\\/#listItem\",\"name\":\"Noticias y Actualidad\"}}]},{\"@type\":\"Organization\",\"@id\":\"https:\\\/\\\/eldigitaldeasturias.com\\\/magazine365\\\/#organization\",\"name\":\"El digital de Asturias\",\"description\":\"Revista de ocio, turismo y estilo de vida\",\"url\":\"https:\\\/\\\/eldigitaldeasturias.com\\\/magazine365\\\/\",\"logo\":{\"@type\":\"ImageObject\",\"url\":\"https:\\\/\\\/www.eldigitaldeasturias.com\\\/noticias\\\/wp-content\\\/uploads\\\/2020\\\/12\\\/EDA.jpg\",\"@id\":\"https:\\\/\\\/eldigitaldeasturias.com\\\/magazine365\\\/renfe-ofrecera-116-000-plazas-de-tren-para-viajar-a-los-sanfermines\\\/#organizationLogo\"},\"image\":{\"@id\":\"https:\\\/\\\/eldigitaldeasturias.com\\\/magazine365\\\/renfe-ofrecera-116-000-plazas-de-tren-para-viajar-a-los-sanfermines\\\/#organizationLogo\"}},{\"@type\":\"Person\",\"@id\":\"https:\\\/\\\/eldigitaldeasturias.com\\\/magazine365\\\/author\\\/admin\\\/#author\",\"url\":\"https:\\\/\\\/eldigitaldeasturias.com\\\/magazine365\\\/author\\\/admin\\\/\",\"name\":\"admin\",\"image\":{\"@type\":\"ImageObject\",\"@id\":\"https:\\\/\\\/eldigitaldeasturias.com\\\/magazine365\\\/renfe-ofrecera-116-000-plazas-de-tren-para-viajar-a-los-sanfermines\\\/#authorImage\",\"url\":\"https:\\\/\\\/eldigitaldeasturias.com\\\/magazine365\\\/wp-content\\\/litespeed\\\/avatar\\\/e571bcf59a0edd6fa6838245a470f2fe.jpg?ver=1776969259\",\"width\":96,\"height\":96,\"caption\":\"admin\"}},{\"@type\":\"WebPage\",\"@id\":\"https:\\\/\\\/eldigitaldeasturias.com\\\/magazine365\\\/renfe-ofrecera-116-000-plazas-de-tren-para-viajar-a-los-sanfermines\\\/#webpage\",\"url\":\"https:\\\/\\\/eldigitaldeasturias.com\\\/magazine365\\\/renfe-ofrecera-116-000-plazas-de-tren-para-viajar-a-los-sanfermines\\\/\",\"name\":\"Renfe ofrecer\\u00e1 116.000 plazas de tren para viajar a los Sanfermines | El Digital de Asturias\",\"description\":\"Renfe ha puesto a la venta m\\u00e1s de 116.000 plazas para todos los trenes con entrada y salida de Pamplona entre los d\\u00edas 5 y 15 de julio con motivo de la celebraci\\u00f3n de las fiestas de San Ferm\\u00edn. Los servicios de este operativo especial comprenden todas las l\\u00edneas tanto de Media Distancia como de\",\"inLanguage\":\"es-ES\",\"isPartOf\":{\"@id\":\"https:\\\/\\\/eldigitaldeasturias.com\\\/magazine365\\\/#website\"},\"breadcrumb\":{\"@id\":\"https:\\\/\\\/eldigitaldeasturias.com\\\/magazine365\\\/renfe-ofrecera-116-000-plazas-de-tren-para-viajar-a-los-sanfermines\\\/#breadcrumblist\"},\"author\":{\"@id\":\"https:\\\/\\\/eldigitaldeasturias.com\\\/magazine365\\\/author\\\/admin\\\/#author\"},\"creator\":{\"@id\":\"https:\\\/\\\/eldigitaldeasturias.com\\\/magazine365\\\/author\\\/admin\\\/#author\"},\"image\":{\"@type\":\"ImageObject\",\"url\":\"https:\\\/\\\/eldigitaldeasturias.com\\\/magazine365\\\/wp-content\\\/uploads\\\/2015\\\/06\\\/tren.jpg\",\"@id\":\"https:\\\/\\\/eldigitaldeasturias.com\\\/magazine365\\\/renfe-ofrecera-116-000-plazas-de-tren-para-viajar-a-los-sanfermines\\\/#mainImage\",\"width\":800,\"height\":539},\"primaryImageOfPage\":{\"@id\":\"https:\\\/\\\/eldigitaldeasturias.com\\\/magazine365\\\/renfe-ofrecera-116-000-plazas-de-tren-para-viajar-a-los-sanfermines\\\/#mainImage\"},\"datePublished\":\"2016-06-29T20:23:53+02:00\",\"dateModified\":\"2016-06-29T20:23:53+02:00\"},{\"@type\":\"WebSite\",\"@id\":\"https:\\\/\\\/eldigitaldeasturias.com\\\/magazine365\\\/#website\",\"url\":\"https:\\\/\\\/eldigitaldeasturias.com\\\/magazine365\\\/\",\"name\":\"El Digital de Asturias\",\"description\":\"Revista de ocio, turismo y estilo de vida\",\"inLanguage\":\"es-ES\",\"publisher\":{\"@id\":\"https:\\\/\\\/eldigitaldeasturias.com\\\/magazine365\\\/#organization\"}}]}\n\t\t<\/script>\n\t\t<!-- All in One SEO Pro -->\r\n\t\t<title>Renfe ofrecer\u00e1 116.000 plazas de tren para viajar a los Sanfermines | El Digital de Asturias<\/title>\n\n","aioseo_head_json":{"title":"Renfe ofrecer\u00e1 116.000 plazas de tren para viajar a los Sanfermines | El Digital de Asturias","description":"Renfe ha puesto a la venta m\u00e1s de 116.000 plazas para todos los trenes con entrada y salida de Pamplona entre los d\u00edas 5 y 15 de julio con motivo de la celebraci\u00f3n de las fiestas de San Ferm\u00edn. Los servicios de este operativo especial comprenden todas las l\u00edneas tanto de Media Distancia como de","canonical_url":"https:\/\/eldigitaldeasturias.com\/magazine365\/renfe-ofrecera-116-000-plazas-de-tren-para-viajar-a-los-sanfermines\/","robots":"max-image-preview:large","keywords":"noticias y actualidad","webmasterTools":{"google-site-verification":"UA-38556648-1","miscellaneous":""},"schema":{"@context":"https:\/\/schema.org","@graph":[{"@type":"Article","@id":"https:\/\/eldigitaldeasturias.com\/magazine365\/renfe-ofrecera-116-000-plazas-de-tren-para-viajar-a-los-sanfermines\/#article","name":"Renfe ofrecer\u00e1 116.000 plazas de tren para viajar a los Sanfermines | El Digital de Asturias","headline":"Renfe ofrecer\u00e1 116.000 plazas de tren para viajar a los Sanfermines","author":{"@id":"https:\/\/eldigitaldeasturias.com\/magazine365\/author\/admin\/#author"},"publisher":{"@id":"https:\/\/eldigitaldeasturias.com\/magazine365\/#organization"},"image":{"@type":"ImageObject","url":"https:\/\/eldigitaldeasturias.com\/magazine365\/wp-content\/uploads\/2015\/06\/tren.jpg","width":800,"height":539},"datePublished":"2016-06-29T20:23:53+02:00","dateModified":"2016-06-29T20:23:53+02:00","inLanguage":"es-ES","mainEntityOfPage":{"@id":"https:\/\/eldigitaldeasturias.com\/magazine365\/renfe-ofrecera-116-000-plazas-de-tren-para-viajar-a-los-sanfermines\/#webpage"},"isPartOf":{"@id":"https:\/\/eldigitaldeasturias.com\/magazine365\/renfe-ofrecera-116-000-plazas-de-tren-para-viajar-a-los-sanfermines\/#webpage"},"articleSection":"Noticias y Actualidad"},{"@type":"BreadcrumbList","@id":"https:\/\/eldigitaldeasturias.com\/magazine365\/renfe-ofrecera-116-000-plazas-de-tren-para-viajar-a-los-sanfermines\/#breadcrumblist","itemListElement":[{"@type":"ListItem","@id":"https:\/\/eldigitaldeasturias.com\/magazine365#listItem","position":1,"name":"Home","item":"https:\/\/eldigitaldeasturias.com\/magazine365","nextItem":{"@type":"ListItem","@id":"https:\/\/eldigitaldeasturias.com\/magazine365\/category\/noticias-actualidad\/#listItem","name":"Noticias y Actualidad"}},{"@type":"ListItem","@id":"https:\/\/eldigitaldeasturias.com\/magazine365\/category\/noticias-actualidad\/#listItem","position":2,"name":"Noticias y Actualidad","item":"https:\/\/eldigitaldeasturias.com\/magazine365\/category\/noticias-actualidad\/","nextItem":{"@type":"ListItem","@id":"https:\/\/eldigitaldeasturias.com\/magazine365\/renfe-ofrecera-116-000-plazas-de-tren-para-viajar-a-los-sanfermines\/#listItem","name":"Renfe ofrecer\u00e1 116.000 plazas de tren para viajar a los Sanfermines"},"previousItem":{"@type":"ListItem","@id":"https:\/\/eldigitaldeasturias.com\/magazine365#listItem","name":"Home"}},{"@type":"ListItem","@id":"https:\/\/eldigitaldeasturias.com\/magazine365\/renfe-ofrecera-116-000-plazas-de-tren-para-viajar-a-los-sanfermines\/#listItem","position":3,"name":"Renfe ofrecer\u00e1 116.000 plazas de tren para viajar a los Sanfermines","previousItem":{"@type":"ListItem","@id":"https:\/\/eldigitaldeasturias.com\/magazine365\/category\/noticias-actualidad\/#listItem","name":"Noticias y Actualidad"}}]},{"@type":"Organization","@id":"https:\/\/eldigitaldeasturias.com\/magazine365\/#organization","name":"El digital de Asturias","description":"Revista de ocio, turismo y estilo de vida","url":"https:\/\/eldigitaldeasturias.com\/magazine365\/","logo":{"@type":"ImageObject","url":"https:\/\/www.eldigitaldeasturias.com\/noticias\/wp-content\/uploads\/2020\/12\/EDA.jpg","@id":"https:\/\/eldigitaldeasturias.com\/magazine365\/renfe-ofrecera-116-000-plazas-de-tren-para-viajar-a-los-sanfermines\/#organizationLogo"},"image":{"@id":"https:\/\/eldigitaldeasturias.com\/magazine365\/renfe-ofrecera-116-000-plazas-de-tren-para-viajar-a-los-sanfermines\/#organizationLogo"}},{"@type":"Person","@id":"https:\/\/eldigitaldeasturias.com\/magazine365\/author\/admin\/#author","url":"https:\/\/eldigitaldeasturias.com\/magazine365\/author\/admin\/","name":"admin","image":{"@type":"ImageObject","@id":"https:\/\/eldigitaldeasturias.com\/magazine365\/renfe-ofrecera-116-000-plazas-de-tren-para-viajar-a-los-sanfermines\/#authorImage","url":"https:\/\/eldigitaldeasturias.com\/magazine365\/wp-content\/litespeed\/avatar\/e571bcf59a0edd6fa6838245a470f2fe.jpg?ver=1776969259","width":96,"height":96,"caption":"admin"}},{"@type":"WebPage","@id":"https:\/\/eldigitaldeasturias.com\/magazine365\/renfe-ofrecera-116-000-plazas-de-tren-para-viajar-a-los-sanfermines\/#webpage","url":"https:\/\/eldigitaldeasturias.com\/magazine365\/renfe-ofrecera-116-000-plazas-de-tren-para-viajar-a-los-sanfermines\/","name":"Renfe ofrecer\u00e1 116.000 plazas de tren para viajar a los Sanfermines | El Digital de Asturias","description":"Renfe ha puesto a la venta m\u00e1s de 116.000 plazas para todos los trenes con entrada y salida de Pamplona entre los d\u00edas 5 y 15 de julio con motivo de la celebraci\u00f3n de las fiestas de San Ferm\u00edn. Los servicios de este operativo especial comprenden todas las l\u00edneas tanto de Media Distancia como de","inLanguage":"es-ES","isPartOf":{"@id":"https:\/\/eldigitaldeasturias.com\/magazine365\/#website"},"breadcrumb":{"@id":"https:\/\/eldigitaldeasturias.com\/magazine365\/renfe-ofrecera-116-000-plazas-de-tren-para-viajar-a-los-sanfermines\/#breadcrumblist"},"author":{"@id":"https:\/\/eldigitaldeasturias.com\/magazine365\/author\/admin\/#author"},"creator":{"@id":"https:\/\/eldigitaldeasturias.com\/magazine365\/author\/admin\/#author"},"image":{"@type":"ImageObject","url":"https:\/\/eldigitaldeasturias.com\/magazine365\/wp-content\/uploads\/2015\/06\/tren.jpg","@id":"https:\/\/eldigitaldeasturias.com\/magazine365\/renfe-ofrecera-116-000-plazas-de-tren-para-viajar-a-los-sanfermines\/#mainImage","width":800,"height":539},"primaryImageOfPage":{"@id":"https:\/\/eldigitaldeasturias.com\/magazine365\/renfe-ofrecera-116-000-plazas-de-tren-para-viajar-a-los-sanfermines\/#mainImage"},"datePublished":"2016-06-29T20:23:53+02:00","dateModified":"2016-06-29T20:23:53+02:00"},{"@type":"WebSite","@id":"https:\/\/eldigitaldeasturias.com\/magazine365\/#website","url":"https:\/\/eldigitaldeasturias.com\/magazine365\/","name":"El Digital de Asturias","description":"Revista de ocio, turismo y estilo de vida","inLanguage":"es-ES","publisher":{"@id":"https:\/\/eldigitaldeasturias.com\/magazine365\/#organization"}}]},"og:locale":"es_ES","og:site_name":"El Digital de Asturias \u2013 Revista de ocio, turismo y estilo de vida","og:type":"article","og:title":"Renfe ofrecer\u00e1 116.000 plazas de tren para viajar a los Sanfermines | El Digital de Asturias","og:description":"Renfe ha puesto a la venta m\u00e1s de 116.000 plazas para todos los trenes con entrada y salida de Pamplona entre los d\u00edas 5 y 15 de julio con motivo de la celebraci\u00f3n de las fiestas de San Ferm\u00edn. Los servicios de este operativo especial comprenden todas las l\u00edneas tanto de Media Distancia como de","og:url":"https:\/\/eldigitaldeasturias.com\/magazine365\/renfe-ofrecera-116-000-plazas-de-tren-para-viajar-a-los-sanfermines\/","og:image":"https:\/\/eldigitaldeasturias.com\/magazine365\/wp-content\/uploads\/2015\/06\/tren.jpg","og:image:secure_url":"https:\/\/eldigitaldeasturias.com\/magazine365\/wp-content\/uploads\/2015\/06\/tren.jpg","og:image:width":800,"og:image:height":539,"article:published_time":"2016-06-29T18:23:53+00:00","article:modified_time":"2016-06-29T18:23:53+00:00","twitter:card":"summary_large_image","twitter:title":"Renfe ofrecer\u00e1 116.000 plazas de tren para viajar a los Sanfermines | El Digital de Asturias","twitter:description":"Renfe ha puesto a la venta m\u00e1s de 116.000 plazas para todos los trenes con entrada y salida de Pamplona entre los d\u00edas 5 y 15 de julio con motivo de la celebraci\u00f3n de las fiestas de San Ferm\u00edn. Los servicios de este operativo especial comprenden todas las l\u00edneas tanto de Media Distancia como de","twitter:image":"https:\/\/eldigitaldeasturias.com\/magazine365\/wp-content\/uploads\/2015\/06\/tren.jpg"},"aioseo_meta_data":{"post_id":"81092","title":null,"description":null,"keywords":null,"keyphrases":null,"primary_term":null,"canonical_url":null,"og_title":null,"og_description":null,"og_object_type":"default","og_image_type":"default","og_image_url":null,"og_image_width":null,"og_image_height":null,"og_image_custom_url":null,"og_image_custom_fields":null,"og_video":null,"og_custom_url":null,"og_article_section":null,"og_article_tags":null,"twitter_use_og":false,"twitter_card":"default","twitter_image_type":"default","twitter_image_url":null,"twitter_image_custom_url":null,"twitter_image_custom_fields":null,"twitter_title":null,"twitter_description":null,"schema":{"blockGraphs":[],"customGraphs":[],"default":{"data":{"Article":[],"Course":[],"Dataset":[],"FAQPage":[],"Movie":[],"Person":[],"Product":[],"ProductReview":[],"Car":[],"Recipe":[],"Service":[],"SoftwareApplication":[],"WebPage":[]},"graphName":"","isEnabled":true},"graphs":[],"defaultGraph":"","defaultPostTypeGraph":""},"schema_type":null,"schema_type_options":null,"pillar_content":false,"robots_default":true,"robots_noindex":false,"robots_noarchive":false,"robots_nosnippet":false,"robots_nofollow":false,"robots_noimageindex":false,"robots_noodp":false,"robots_notranslate":false,"robots_max_snippet":null,"robots_max_videopreview":null,"robots_max_imagepreview":"large","priority":null,"frequency":null,"location":null,"local_seo":null,"seo_analyzer_scan_date":"2025-09-27 22:10:24","breadcrumb_settings":null,"limit_modified_date":false,"open_ai":null,"ai":null,"created":"2021-03-08 17:21:45","updated":"2025-09-27 22:10:24"},"aioseo_breadcrumb":"<div class=\"aioseo-breadcrumbs\"><span class=\"aioseo-breadcrumb\">\n\t<a href=\"https:\/\/eldigitaldeasturias.com\/magazine365\" title=\"Home\">Home<\/a>\n<\/span><span class=\"aioseo-breadcrumb-separator\">\u2013<\/span><span class=\"aioseo-breadcrumb\">\n\t<a href=\"https:\/\/eldigitaldeasturias.com\/magazine365\/category\/noticias-actualidad\/\" title=\"Noticias y Actualidad\">Noticias y Actualidad<\/a>\n<\/span><span class=\"aioseo-breadcrumb-separator\">\u2013<\/span><span class=\"aioseo-breadcrumb\">\n\t<a href=\"https:\/\/eldigitaldeasturias.com\/magazine365\/renfe-ofrecera-116-000-plazas-de-tren-para-viajar-a-los-sanfermines\/\" title=\"Renfe ofrecer\u00e1 116.000 plazas de tren para viajar a los Sanfermines\">Renfe ofrecer\u00e1 116.000 plazas de tren para viajar a los Sanfermines<\/a>\n<\/span><\/div>","aioseo_breadcrumb_json":[{"label":"Home","link":"https:\/\/eldigitaldeasturias.com\/magazine365"},{"label":"Noticias y Actualidad","link":"https:\/\/eldigitaldeasturias.com\/magazine365\/category\/noticias-actualidad\/"},{"label":"Renfe ofrecer\u00e1 116.000 plazas de tren para viajar a los Sanfermines","link":"https:\/\/eldigitaldeasturias.com\/magazine365\/renfe-ofrecera-116-000-plazas-de-tren-para-viajar-a-los-sanfermines\/"}],"_links":{"self":[{"href":"https:\/\/eldigitaldeasturias.com\/magazine365\/wp-json\/wp\/v2\/posts\/81092","targetHints":{"allow":["GET"]}}],"collection":[{"href":"https:\/\/eldigitaldeasturias.com\/magazine365\/wp-json\/wp\/v2\/posts"}],"about":[{"href":"https:\/\/eldigitaldeasturias.com\/magazine365\/wp-json\/wp\/v2\/types\/post"}],"author":[{"embeddable":true,"href":"https:\/\/eldigitaldeasturias.com\/magazine365\/wp-json\/wp\/v2\/users\/1"}],"replies":[{"embeddable":true,"href":"https:\/\/eldigitaldeasturias.com\/magazine365\/wp-json\/wp\/v2\/comments?post=81092"}],"version-history":[{"count":0,"href":"https:\/\/eldigitaldeasturias.com\/magazine365\/wp-json\/wp\/v2\/posts\/81092\/revisions"}],"wp:featuredmedia":[{"embeddable":true,"href":"https:\/\/eldigitaldeasturias.com\/magazine365\/wp-json\/wp\/v2\/media\/38766"}],"wp:attachment":[{"href":"https:\/\/eldigitaldeasturias.com\/magazine365\/wp-json\/wp\/v2\/media?parent=81092"}],"wp:term":[{"taxonomy":"category","embeddable":true,"href":"https:\/\/eldigitaldeasturias.com\/magazine365\/wp-json\/wp\/v2\/categories?post=81092"},{"taxonomy":"post_tag","embeddable":true,"href":"https:\/\/eldigitaldeasturias.com\/magazine365\/wp-json\/wp\/v2\/tags?post=81092"}],"curies":[{"name":"wp","href":"https:\/\/api.w.org\/{rel}","templated":true}]}}