{"id":81071,"date":"2016-06-29T20:16:35","date_gmt":"2016-06-29T18:16:35","guid":{"rendered":"http:\/\/eldigitaldeasturias.com\/magazine365\/?p=81071"},"modified":"2016-07-05T17:41:27","modified_gmt":"2016-07-05T15:41:27","slug":"al-menos-41-muertos-en-el-atentado-contra-el-aeropuerto-ataturk-de-estambul","status":"publish","type":"post","link":"https:\/\/eldigitaldeasturias.com\/magazine365\/al-menos-41-muertos-en-el-atentado-contra-el-aeropuerto-ataturk-de-estambul\/","title":{"rendered":"Al menos 41 muertos en el atentado contra el aeropuerto Atat\u00fcrk de Estambul"},"content":{"rendered":"<p><img fetchpriority=\"high\" decoding=\"async\" class=\"alignleft size-medium wp-image-81072\" src=\"https:\/\/eldigitaldeasturias.com\/magazine365\/wp-content\/uploads\/2016\/06\/fotonoticia_20160629011457_800-2-360x240.jpg\" alt=\"fotonoticia_20160629011457_800\" width=\"360\" height=\"240\" srcset=\"https:\/\/eldigitaldeasturias.com\/magazine365\/wp-content\/uploads\/2016\/06\/fotonoticia_20160629011457_800-2-360x240.jpg 360w, https:\/\/eldigitaldeasturias.com\/magazine365\/wp-content\/uploads\/2016\/06\/fotonoticia_20160629011457_800-2-650x434.jpg 650w, https:\/\/eldigitaldeasturias.com\/magazine365\/wp-content\/uploads\/2016\/06\/fotonoticia_20160629011457_800-2-768x513.jpg 768w, https:\/\/eldigitaldeasturias.com\/magazine365\/wp-content\/uploads\/2016\/06\/fotonoticia_20160629011457_800-2-150x100.jpg 150w, https:\/\/eldigitaldeasturias.com\/magazine365\/wp-content\/uploads\/2016\/06\/fotonoticia_20160629011457_800-2-450x300.jpg 450w, https:\/\/eldigitaldeasturias.com\/magazine365\/wp-content\/uploads\/2016\/06\/fotonoticia_20160629011457_800-2-101x66.jpg 101w, https:\/\/eldigitaldeasturias.com\/magazine365\/wp-content\/uploads\/2016\/06\/fotonoticia_20160629011457_800-2.jpg 800w\" sizes=\"(max-width: 360px) 100vw, 360px\" \/>Al menos 41 personas han muerto y m\u00e1s de 200 heridos han resultado heridas como consecuencia del atentado perpetrado el martes por la noche por varios terroristas suicidas en la terminal internacional del aeropuerto Atat\u00fcrk de Estambul, seg\u00fan el \u00faltimo balance de la Oficina del gobernador de esta ciudad turca difundido por el diario &#8216;Hurriyet&#8217;.<\/p>\n<p>Entre los fallecidos figuran diez extranjeros y tres personas con doble nacionalidad. El n\u00famero de heridos se eleva a 239 personas, de los que 109 ya han sido dados de alta.<\/p>\n<p>Las autoridades turcas trabajan con la hip\u00f3tesis de que el atentado ha sido responsabilidad de Estado Isl\u00e1mico, aunque, por el momento, no ha habido reivindicaci\u00f3n por parte del grupo terrorista que lidera Ab\u00fa Bakr al Baghdadi.<\/p>\n","protected":false},"excerpt":{"rendered":"<p>Al menos 41 personas han muerto y m\u00e1s de 200 heridos han resultado heridas como consecuencia del atentado perpetrado el martes por la noche por varios terroristas suicidas en la terminal internacional del aeropuerto Atat\u00fcrk de Estambul, seg\u00fan el \u00faltimo balance de la Oficina del gobernador de esta ciudad turca difundido por el diario &#8216;Hurriyet&#8217;.<\/p>\n","protected":false},"author":1,"featured_media":81072,"comment_status":"open","ping_status":"closed","sticky":false,"template":"","format":"standard","meta":{"footnotes":""},"categories":[224],"tags":[],"class_list":{"0":"post-81071","1":"post","2":"type-post","3":"status-publish","4":"format-standard","5":"has-post-thumbnail","7":"category-noticias-actualidad"},"aioseo_notices":[],"aioseo_head":"\n\t\t<!-- All in One SEO Pro 4.9.6.1 - aioseo.com -->\n\t<meta name=\"description\" content=\"Al menos 41 personas han muerto y m\u00e1s de 200 heridos han resultado heridas como consecuencia del atentado perpetrado el martes por la noche por varios terroristas suicidas en la terminal internacional del aeropuerto Atat\u00fcrk de Estambul, seg\u00fan el \u00faltimo balance de la Oficina del gobernador de esta ciudad turca difundido por el diario &#039;Hurriyet&#039;.\" \/>\n\t<meta name=\"robots\" content=\"max-image-preview:large\" \/>\n\t<meta name=\"author\" content=\"admin\"\/>\n\t<meta name=\"google-site-verification\" content=\"UA-38556648-1\" \/>\n\t<meta name=\"keywords\" content=\"noticias y actualidad\" \/>\n\t<link rel=\"canonical\" href=\"https:\/\/eldigitaldeasturias.com\/magazine365\/al-menos-41-muertos-en-el-atentado-contra-el-aeropuerto-ataturk-de-estambul\/\" \/>\n\t<meta name=\"generator\" content=\"All in One SEO Pro (AIOSEO) 4.9.6.1\" \/>\n\t\t<meta property=\"og:locale\" content=\"es_ES\" \/>\n\t\t<meta property=\"og:site_name\" content=\"El Digital de Asturias \u2013 Revista de ocio, turismo y estilo de vida\" \/>\n\t\t<meta property=\"og:type\" content=\"article\" \/>\n\t\t<meta property=\"og:title\" content=\"Al menos 41 muertos en el atentado contra el aeropuerto Atat\u00fcrk de Estambul | El Digital de Asturias\" \/>\n\t\t<meta property=\"og:description\" content=\"Al menos 41 personas han muerto y m\u00e1s de 200 heridos han resultado heridas como consecuencia del atentado perpetrado el martes por la noche por varios terroristas suicidas en la terminal internacional del aeropuerto Atat\u00fcrk de Estambul, seg\u00fan el \u00faltimo balance de la Oficina del gobernador de esta ciudad turca difundido por el diario &#039;Hurriyet&#039;.\" \/>\n\t\t<meta property=\"og:url\" content=\"https:\/\/eldigitaldeasturias.com\/magazine365\/al-menos-41-muertos-en-el-atentado-contra-el-aeropuerto-ataturk-de-estambul\/\" \/>\n\t\t<meta property=\"og:image\" content=\"https:\/\/eldigitaldeasturias.com\/magazine365\/wp-content\/uploads\/2016\/06\/fotonoticia_20160629011457_800-2.jpg\" \/>\n\t\t<meta property=\"og:image:secure_url\" content=\"https:\/\/eldigitaldeasturias.com\/magazine365\/wp-content\/uploads\/2016\/06\/fotonoticia_20160629011457_800-2.jpg\" \/>\n\t\t<meta property=\"og:image:width\" content=\"800\" \/>\n\t\t<meta property=\"og:image:height\" content=\"534\" \/>\n\t\t<meta property=\"article:published_time\" content=\"2016-06-29T18:16:35+00:00\" \/>\n\t\t<meta property=\"article:modified_time\" content=\"2016-07-05T15:41:27+00:00\" \/>\n\t\t<meta name=\"twitter:card\" content=\"summary_large_image\" \/>\n\t\t<meta name=\"twitter:title\" content=\"Al menos 41 muertos en el atentado contra el aeropuerto Atat\u00fcrk de Estambul | El Digital de Asturias\" \/>\n\t\t<meta name=\"twitter:description\" content=\"Al menos 41 personas han muerto y m\u00e1s de 200 heridos han resultado heridas como consecuencia del atentado perpetrado el martes por la noche por varios terroristas suicidas en la terminal internacional del aeropuerto Atat\u00fcrk de Estambul, seg\u00fan el \u00faltimo balance de la Oficina del gobernador de esta ciudad turca difundido por el diario &#039;Hurriyet&#039;.\" \/>\n\t\t<meta name=\"twitter:image\" content=\"https:\/\/eldigitaldeasturias.com\/magazine365\/wp-content\/uploads\/2016\/06\/fotonoticia_20160629011457_800-2.jpg\" \/>\n\t\t<script type=\"application\/ld+json\" class=\"aioseo-schema\">\n\t\t\t{\"@context\":\"https:\\\/\\\/schema.org\",\"@graph\":[{\"@type\":\"Article\",\"@id\":\"https:\\\/\\\/eldigitaldeasturias.com\\\/magazine365\\\/al-menos-41-muertos-en-el-atentado-contra-el-aeropuerto-ataturk-de-estambul\\\/#article\",\"name\":\"Al menos 41 muertos en el atentado contra el aeropuerto Atat\\u00fcrk de Estambul | El Digital de Asturias\",\"headline\":\"Al menos 41 muertos en el atentado contra el aeropuerto Atat\\u00fcrk de Estambul\",\"author\":{\"@id\":\"https:\\\/\\\/eldigitaldeasturias.com\\\/magazine365\\\/author\\\/admin\\\/#author\"},\"publisher\":{\"@id\":\"https:\\\/\\\/eldigitaldeasturias.com\\\/magazine365\\\/#organization\"},\"image\":{\"@type\":\"ImageObject\",\"url\":\"https:\\\/\\\/eldigitaldeasturias.com\\\/magazine365\\\/wp-content\\\/uploads\\\/2016\\\/06\\\/fotonoticia_20160629011457_800-2.jpg\",\"width\":800,\"height\":534},\"datePublished\":\"2016-06-29T20:16:35+02:00\",\"dateModified\":\"2016-07-05T17:41:27+02:00\",\"inLanguage\":\"es-ES\",\"mainEntityOfPage\":{\"@id\":\"https:\\\/\\\/eldigitaldeasturias.com\\\/magazine365\\\/al-menos-41-muertos-en-el-atentado-contra-el-aeropuerto-ataturk-de-estambul\\\/#webpage\"},\"isPartOf\":{\"@id\":\"https:\\\/\\\/eldigitaldeasturias.com\\\/magazine365\\\/al-menos-41-muertos-en-el-atentado-contra-el-aeropuerto-ataturk-de-estambul\\\/#webpage\"},\"articleSection\":\"Noticias y Actualidad\"},{\"@type\":\"BreadcrumbList\",\"@id\":\"https:\\\/\\\/eldigitaldeasturias.com\\\/magazine365\\\/al-menos-41-muertos-en-el-atentado-contra-el-aeropuerto-ataturk-de-estambul\\\/#breadcrumblist\",\"itemListElement\":[{\"@type\":\"ListItem\",\"@id\":\"https:\\\/\\\/eldigitaldeasturias.com\\\/magazine365#listItem\",\"position\":1,\"name\":\"Home\",\"item\":\"https:\\\/\\\/eldigitaldeasturias.com\\\/magazine365\",\"nextItem\":{\"@type\":\"ListItem\",\"@id\":\"https:\\\/\\\/eldigitaldeasturias.com\\\/magazine365\\\/category\\\/noticias-actualidad\\\/#listItem\",\"name\":\"Noticias y Actualidad\"}},{\"@type\":\"ListItem\",\"@id\":\"https:\\\/\\\/eldigitaldeasturias.com\\\/magazine365\\\/category\\\/noticias-actualidad\\\/#listItem\",\"position\":2,\"name\":\"Noticias y Actualidad\",\"item\":\"https:\\\/\\\/eldigitaldeasturias.com\\\/magazine365\\\/category\\\/noticias-actualidad\\\/\",\"nextItem\":{\"@type\":\"ListItem\",\"@id\":\"https:\\\/\\\/eldigitaldeasturias.com\\\/magazine365\\\/al-menos-41-muertos-en-el-atentado-contra-el-aeropuerto-ataturk-de-estambul\\\/#listItem\",\"name\":\"Al menos 41 muertos en el atentado contra el aeropuerto Atat\\u00fcrk de Estambul\"},\"previousItem\":{\"@type\":\"ListItem\",\"@id\":\"https:\\\/\\\/eldigitaldeasturias.com\\\/magazine365#listItem\",\"name\":\"Home\"}},{\"@type\":\"ListItem\",\"@id\":\"https:\\\/\\\/eldigitaldeasturias.com\\\/magazine365\\\/al-menos-41-muertos-en-el-atentado-contra-el-aeropuerto-ataturk-de-estambul\\\/#listItem\",\"position\":3,\"name\":\"Al menos 41 muertos en el atentado contra el aeropuerto Atat\\u00fcrk de Estambul\",\"previousItem\":{\"@type\":\"ListItem\",\"@id\":\"https:\\\/\\\/eldigitaldeasturias.com\\\/magazine365\\\/category\\\/noticias-actualidad\\\/#listItem\",\"name\":\"Noticias y Actualidad\"}}]},{\"@type\":\"Organization\",\"@id\":\"https:\\\/\\\/eldigitaldeasturias.com\\\/magazine365\\\/#organization\",\"name\":\"El digital de Asturias\",\"description\":\"Revista de ocio, turismo y estilo de vida\",\"url\":\"https:\\\/\\\/eldigitaldeasturias.com\\\/magazine365\\\/\",\"logo\":{\"@type\":\"ImageObject\",\"url\":\"https:\\\/\\\/www.eldigitaldeasturias.com\\\/noticias\\\/wp-content\\\/uploads\\\/2020\\\/12\\\/EDA.jpg\",\"@id\":\"https:\\\/\\\/eldigitaldeasturias.com\\\/magazine365\\\/al-menos-41-muertos-en-el-atentado-contra-el-aeropuerto-ataturk-de-estambul\\\/#organizationLogo\"},\"image\":{\"@id\":\"https:\\\/\\\/eldigitaldeasturias.com\\\/magazine365\\\/al-menos-41-muertos-en-el-atentado-contra-el-aeropuerto-ataturk-de-estambul\\\/#organizationLogo\"}},{\"@type\":\"Person\",\"@id\":\"https:\\\/\\\/eldigitaldeasturias.com\\\/magazine365\\\/author\\\/admin\\\/#author\",\"url\":\"https:\\\/\\\/eldigitaldeasturias.com\\\/magazine365\\\/author\\\/admin\\\/\",\"name\":\"admin\",\"image\":{\"@type\":\"ImageObject\",\"@id\":\"https:\\\/\\\/eldigitaldeasturias.com\\\/magazine365\\\/al-menos-41-muertos-en-el-atentado-contra-el-aeropuerto-ataturk-de-estambul\\\/#authorImage\",\"url\":\"https:\\\/\\\/eldigitaldeasturias.com\\\/magazine365\\\/wp-content\\\/litespeed\\\/avatar\\\/e571bcf59a0edd6fa6838245a470f2fe.jpg?ver=1776969259\",\"width\":96,\"height\":96,\"caption\":\"admin\"}},{\"@type\":\"WebPage\",\"@id\":\"https:\\\/\\\/eldigitaldeasturias.com\\\/magazine365\\\/al-menos-41-muertos-en-el-atentado-contra-el-aeropuerto-ataturk-de-estambul\\\/#webpage\",\"url\":\"https:\\\/\\\/eldigitaldeasturias.com\\\/magazine365\\\/al-menos-41-muertos-en-el-atentado-contra-el-aeropuerto-ataturk-de-estambul\\\/\",\"name\":\"Al menos 41 muertos en el atentado contra el aeropuerto Atat\\u00fcrk de Estambul | El Digital de Asturias\",\"description\":\"Al menos 41 personas han muerto y m\\u00e1s de 200 heridos han resultado heridas como consecuencia del atentado perpetrado el martes por la noche por varios terroristas suicidas en la terminal internacional del aeropuerto Atat\\u00fcrk de Estambul, seg\\u00fan el \\u00faltimo balance de la Oficina del gobernador de esta ciudad turca difundido por el diario 'Hurriyet'.\",\"inLanguage\":\"es-ES\",\"isPartOf\":{\"@id\":\"https:\\\/\\\/eldigitaldeasturias.com\\\/magazine365\\\/#website\"},\"breadcrumb\":{\"@id\":\"https:\\\/\\\/eldigitaldeasturias.com\\\/magazine365\\\/al-menos-41-muertos-en-el-atentado-contra-el-aeropuerto-ataturk-de-estambul\\\/#breadcrumblist\"},\"author\":{\"@id\":\"https:\\\/\\\/eldigitaldeasturias.com\\\/magazine365\\\/author\\\/admin\\\/#author\"},\"creator\":{\"@id\":\"https:\\\/\\\/eldigitaldeasturias.com\\\/magazine365\\\/author\\\/admin\\\/#author\"},\"image\":{\"@type\":\"ImageObject\",\"url\":\"https:\\\/\\\/eldigitaldeasturias.com\\\/magazine365\\\/wp-content\\\/uploads\\\/2016\\\/06\\\/fotonoticia_20160629011457_800-2.jpg\",\"@id\":\"https:\\\/\\\/eldigitaldeasturias.com\\\/magazine365\\\/al-menos-41-muertos-en-el-atentado-contra-el-aeropuerto-ataturk-de-estambul\\\/#mainImage\",\"width\":800,\"height\":534},\"primaryImageOfPage\":{\"@id\":\"https:\\\/\\\/eldigitaldeasturias.com\\\/magazine365\\\/al-menos-41-muertos-en-el-atentado-contra-el-aeropuerto-ataturk-de-estambul\\\/#mainImage\"},\"datePublished\":\"2016-06-29T20:16:35+02:00\",\"dateModified\":\"2016-07-05T17:41:27+02:00\"},{\"@type\":\"WebSite\",\"@id\":\"https:\\\/\\\/eldigitaldeasturias.com\\\/magazine365\\\/#website\",\"url\":\"https:\\\/\\\/eldigitaldeasturias.com\\\/magazine365\\\/\",\"name\":\"El Digital de Asturias\",\"description\":\"Revista de ocio, turismo y estilo de vida\",\"inLanguage\":\"es-ES\",\"publisher\":{\"@id\":\"https:\\\/\\\/eldigitaldeasturias.com\\\/magazine365\\\/#organization\"}}]}\n\t\t<\/script>\n\t\t<!-- All in One SEO Pro -->\r\n\t\t<title>Al menos 41 muertos en el atentado contra el aeropuerto Atat\u00fcrk de Estambul | El Digital de Asturias<\/title>\n\n","aioseo_head_json":{"title":"Al menos 41 muertos en el atentado contra el aeropuerto Atat\u00fcrk de Estambul | El Digital de Asturias","description":"Al menos 41 personas han muerto y m\u00e1s de 200 heridos han resultado heridas como consecuencia del atentado perpetrado el martes por la noche por varios terroristas suicidas en la terminal internacional del aeropuerto Atat\u00fcrk de Estambul, seg\u00fan el \u00faltimo balance de la Oficina del gobernador de esta ciudad turca difundido por el diario 'Hurriyet'.","canonical_url":"https:\/\/eldigitaldeasturias.com\/magazine365\/al-menos-41-muertos-en-el-atentado-contra-el-aeropuerto-ataturk-de-estambul\/","robots":"max-image-preview:large","keywords":"noticias y actualidad","webmasterTools":{"google-site-verification":"UA-38556648-1","miscellaneous":""},"schema":{"@context":"https:\/\/schema.org","@graph":[{"@type":"Article","@id":"https:\/\/eldigitaldeasturias.com\/magazine365\/al-menos-41-muertos-en-el-atentado-contra-el-aeropuerto-ataturk-de-estambul\/#article","name":"Al menos 41 muertos en el atentado contra el aeropuerto Atat\u00fcrk de Estambul | El Digital de Asturias","headline":"Al menos 41 muertos en el atentado contra el aeropuerto Atat\u00fcrk de Estambul","author":{"@id":"https:\/\/eldigitaldeasturias.com\/magazine365\/author\/admin\/#author"},"publisher":{"@id":"https:\/\/eldigitaldeasturias.com\/magazine365\/#organization"},"image":{"@type":"ImageObject","url":"https:\/\/eldigitaldeasturias.com\/magazine365\/wp-content\/uploads\/2016\/06\/fotonoticia_20160629011457_800-2.jpg","width":800,"height":534},"datePublished":"2016-06-29T20:16:35+02:00","dateModified":"2016-07-05T17:41:27+02:00","inLanguage":"es-ES","mainEntityOfPage":{"@id":"https:\/\/eldigitaldeasturias.com\/magazine365\/al-menos-41-muertos-en-el-atentado-contra-el-aeropuerto-ataturk-de-estambul\/#webpage"},"isPartOf":{"@id":"https:\/\/eldigitaldeasturias.com\/magazine365\/al-menos-41-muertos-en-el-atentado-contra-el-aeropuerto-ataturk-de-estambul\/#webpage"},"articleSection":"Noticias y Actualidad"},{"@type":"BreadcrumbList","@id":"https:\/\/eldigitaldeasturias.com\/magazine365\/al-menos-41-muertos-en-el-atentado-contra-el-aeropuerto-ataturk-de-estambul\/#breadcrumblist","itemListElement":[{"@type":"ListItem","@id":"https:\/\/eldigitaldeasturias.com\/magazine365#listItem","position":1,"name":"Home","item":"https:\/\/eldigitaldeasturias.com\/magazine365","nextItem":{"@type":"ListItem","@id":"https:\/\/eldigitaldeasturias.com\/magazine365\/category\/noticias-actualidad\/#listItem","name":"Noticias y Actualidad"}},{"@type":"ListItem","@id":"https:\/\/eldigitaldeasturias.com\/magazine365\/category\/noticias-actualidad\/#listItem","position":2,"name":"Noticias y Actualidad","item":"https:\/\/eldigitaldeasturias.com\/magazine365\/category\/noticias-actualidad\/","nextItem":{"@type":"ListItem","@id":"https:\/\/eldigitaldeasturias.com\/magazine365\/al-menos-41-muertos-en-el-atentado-contra-el-aeropuerto-ataturk-de-estambul\/#listItem","name":"Al menos 41 muertos en el atentado contra el aeropuerto Atat\u00fcrk de Estambul"},"previousItem":{"@type":"ListItem","@id":"https:\/\/eldigitaldeasturias.com\/magazine365#listItem","name":"Home"}},{"@type":"ListItem","@id":"https:\/\/eldigitaldeasturias.com\/magazine365\/al-menos-41-muertos-en-el-atentado-contra-el-aeropuerto-ataturk-de-estambul\/#listItem","position":3,"name":"Al menos 41 muertos en el atentado contra el aeropuerto Atat\u00fcrk de Estambul","previousItem":{"@type":"ListItem","@id":"https:\/\/eldigitaldeasturias.com\/magazine365\/category\/noticias-actualidad\/#listItem","name":"Noticias y Actualidad"}}]},{"@type":"Organization","@id":"https:\/\/eldigitaldeasturias.com\/magazine365\/#organization","name":"El digital de Asturias","description":"Revista de ocio, turismo y estilo de vida","url":"https:\/\/eldigitaldeasturias.com\/magazine365\/","logo":{"@type":"ImageObject","url":"https:\/\/www.eldigitaldeasturias.com\/noticias\/wp-content\/uploads\/2020\/12\/EDA.jpg","@id":"https:\/\/eldigitaldeasturias.com\/magazine365\/al-menos-41-muertos-en-el-atentado-contra-el-aeropuerto-ataturk-de-estambul\/#organizationLogo"},"image":{"@id":"https:\/\/eldigitaldeasturias.com\/magazine365\/al-menos-41-muertos-en-el-atentado-contra-el-aeropuerto-ataturk-de-estambul\/#organizationLogo"}},{"@type":"Person","@id":"https:\/\/eldigitaldeasturias.com\/magazine365\/author\/admin\/#author","url":"https:\/\/eldigitaldeasturias.com\/magazine365\/author\/admin\/","name":"admin","image":{"@type":"ImageObject","@id":"https:\/\/eldigitaldeasturias.com\/magazine365\/al-menos-41-muertos-en-el-atentado-contra-el-aeropuerto-ataturk-de-estambul\/#authorImage","url":"https:\/\/eldigitaldeasturias.com\/magazine365\/wp-content\/litespeed\/avatar\/e571bcf59a0edd6fa6838245a470f2fe.jpg?ver=1776969259","width":96,"height":96,"caption":"admin"}},{"@type":"WebPage","@id":"https:\/\/eldigitaldeasturias.com\/magazine365\/al-menos-41-muertos-en-el-atentado-contra-el-aeropuerto-ataturk-de-estambul\/#webpage","url":"https:\/\/eldigitaldeasturias.com\/magazine365\/al-menos-41-muertos-en-el-atentado-contra-el-aeropuerto-ataturk-de-estambul\/","name":"Al menos 41 muertos en el atentado contra el aeropuerto Atat\u00fcrk de Estambul | El Digital de Asturias","description":"Al menos 41 personas han muerto y m\u00e1s de 200 heridos han resultado heridas como consecuencia del atentado perpetrado el martes por la noche por varios terroristas suicidas en la terminal internacional del aeropuerto Atat\u00fcrk de Estambul, seg\u00fan el \u00faltimo balance de la Oficina del gobernador de esta ciudad turca difundido por el diario 'Hurriyet'.","inLanguage":"es-ES","isPartOf":{"@id":"https:\/\/eldigitaldeasturias.com\/magazine365\/#website"},"breadcrumb":{"@id":"https:\/\/eldigitaldeasturias.com\/magazine365\/al-menos-41-muertos-en-el-atentado-contra-el-aeropuerto-ataturk-de-estambul\/#breadcrumblist"},"author":{"@id":"https:\/\/eldigitaldeasturias.com\/magazine365\/author\/admin\/#author"},"creator":{"@id":"https:\/\/eldigitaldeasturias.com\/magazine365\/author\/admin\/#author"},"image":{"@type":"ImageObject","url":"https:\/\/eldigitaldeasturias.com\/magazine365\/wp-content\/uploads\/2016\/06\/fotonoticia_20160629011457_800-2.jpg","@id":"https:\/\/eldigitaldeasturias.com\/magazine365\/al-menos-41-muertos-en-el-atentado-contra-el-aeropuerto-ataturk-de-estambul\/#mainImage","width":800,"height":534},"primaryImageOfPage":{"@id":"https:\/\/eldigitaldeasturias.com\/magazine365\/al-menos-41-muertos-en-el-atentado-contra-el-aeropuerto-ataturk-de-estambul\/#mainImage"},"datePublished":"2016-06-29T20:16:35+02:00","dateModified":"2016-07-05T17:41:27+02:00"},{"@type":"WebSite","@id":"https:\/\/eldigitaldeasturias.com\/magazine365\/#website","url":"https:\/\/eldigitaldeasturias.com\/magazine365\/","name":"El Digital de Asturias","description":"Revista de ocio, turismo y estilo de vida","inLanguage":"es-ES","publisher":{"@id":"https:\/\/eldigitaldeasturias.com\/magazine365\/#organization"}}]},"og:locale":"es_ES","og:site_name":"El Digital de Asturias \u2013 Revista de ocio, turismo y estilo de vida","og:type":"article","og:title":"Al menos 41 muertos en el atentado contra el aeropuerto Atat\u00fcrk de Estambul | El Digital de Asturias","og:description":"Al menos 41 personas han muerto y m\u00e1s de 200 heridos han resultado heridas como consecuencia del atentado perpetrado el martes por la noche por varios terroristas suicidas en la terminal internacional del aeropuerto Atat\u00fcrk de Estambul, seg\u00fan el \u00faltimo balance de la Oficina del gobernador de esta ciudad turca difundido por el diario 'Hurriyet'.","og:url":"https:\/\/eldigitaldeasturias.com\/magazine365\/al-menos-41-muertos-en-el-atentado-contra-el-aeropuerto-ataturk-de-estambul\/","og:image":"https:\/\/eldigitaldeasturias.com\/magazine365\/wp-content\/uploads\/2016\/06\/fotonoticia_20160629011457_800-2.jpg","og:image:secure_url":"https:\/\/eldigitaldeasturias.com\/magazine365\/wp-content\/uploads\/2016\/06\/fotonoticia_20160629011457_800-2.jpg","og:image:width":800,"og:image:height":534,"article:published_time":"2016-06-29T18:16:35+00:00","article:modified_time":"2016-07-05T15:41:27+00:00","twitter:card":"summary_large_image","twitter:title":"Al menos 41 muertos en el atentado contra el aeropuerto Atat\u00fcrk de Estambul | El Digital de Asturias","twitter:description":"Al menos 41 personas han muerto y m\u00e1s de 200 heridos han resultado heridas como consecuencia del atentado perpetrado el martes por la noche por varios terroristas suicidas en la terminal internacional del aeropuerto Atat\u00fcrk de Estambul, seg\u00fan el \u00faltimo balance de la Oficina del gobernador de esta ciudad turca difundido por el diario 'Hurriyet'.","twitter:image":"https:\/\/eldigitaldeasturias.com\/magazine365\/wp-content\/uploads\/2016\/06\/fotonoticia_20160629011457_800-2.jpg"},"aioseo_meta_data":{"post_id":"81071","title":null,"description":null,"keywords":null,"keyphrases":null,"primary_term":null,"canonical_url":null,"og_title":null,"og_description":null,"og_object_type":"default","og_image_type":"default","og_image_url":null,"og_image_width":null,"og_image_height":null,"og_image_custom_url":null,"og_image_custom_fields":null,"og_video":null,"og_custom_url":null,"og_article_section":null,"og_article_tags":null,"twitter_use_og":false,"twitter_card":"default","twitter_image_type":"default","twitter_image_url":null,"twitter_image_custom_url":null,"twitter_image_custom_fields":null,"twitter_title":null,"twitter_description":null,"schema":{"blockGraphs":[],"customGraphs":[],"default":{"data":{"Article":[],"Course":[],"Dataset":[],"FAQPage":[],"Movie":[],"Person":[],"Product":[],"ProductReview":[],"Car":[],"Recipe":[],"Service":[],"SoftwareApplication":[],"WebPage":[]},"graphName":"","isEnabled":true},"graphs":[],"defaultGraph":"","defaultPostTypeGraph":""},"schema_type":null,"schema_type_options":null,"pillar_content":false,"robots_default":true,"robots_noindex":false,"robots_noarchive":false,"robots_nosnippet":false,"robots_nofollow":false,"robots_noimageindex":false,"robots_noodp":false,"robots_notranslate":false,"robots_max_snippet":null,"robots_max_videopreview":null,"robots_max_imagepreview":"large","priority":null,"frequency":null,"location":null,"local_seo":null,"seo_analyzer_scan_date":"2025-09-27 22:08:55","breadcrumb_settings":null,"limit_modified_date":false,"open_ai":null,"ai":null,"created":"2021-03-08 17:21:45","updated":"2025-09-27 22:08:55"},"aioseo_breadcrumb":"<div class=\"aioseo-breadcrumbs\"><span class=\"aioseo-breadcrumb\">\n\t<a href=\"https:\/\/eldigitaldeasturias.com\/magazine365\" title=\"Home\">Home<\/a>\n<\/span><span class=\"aioseo-breadcrumb-separator\">\u2013<\/span><span class=\"aioseo-breadcrumb\">\n\t<a href=\"https:\/\/eldigitaldeasturias.com\/magazine365\/category\/noticias-actualidad\/\" title=\"Noticias y Actualidad\">Noticias y Actualidad<\/a>\n<\/span><span class=\"aioseo-breadcrumb-separator\">\u2013<\/span><span class=\"aioseo-breadcrumb\">\n\t<a href=\"https:\/\/eldigitaldeasturias.com\/magazine365\/al-menos-41-muertos-en-el-atentado-contra-el-aeropuerto-ataturk-de-estambul\/\" title=\"Al menos 41 muertos en el atentado contra el aeropuerto Atat\u00fcrk de Estambul\">Al menos 41 muertos en el atentado contra el aeropuerto Atat\u00fcrk de Estambul<\/a>\n<\/span><\/div>","aioseo_breadcrumb_json":[{"label":"Home","link":"https:\/\/eldigitaldeasturias.com\/magazine365"},{"label":"Noticias y Actualidad","link":"https:\/\/eldigitaldeasturias.com\/magazine365\/category\/noticias-actualidad\/"},{"label":"Al menos 41 muertos en el atentado contra el aeropuerto Atat\u00fcrk de Estambul","link":"https:\/\/eldigitaldeasturias.com\/magazine365\/al-menos-41-muertos-en-el-atentado-contra-el-aeropuerto-ataturk-de-estambul\/"}],"_links":{"self":[{"href":"https:\/\/eldigitaldeasturias.com\/magazine365\/wp-json\/wp\/v2\/posts\/81071","targetHints":{"allow":["GET"]}}],"collection":[{"href":"https:\/\/eldigitaldeasturias.com\/magazine365\/wp-json\/wp\/v2\/posts"}],"about":[{"href":"https:\/\/eldigitaldeasturias.com\/magazine365\/wp-json\/wp\/v2\/types\/post"}],"author":[{"embeddable":true,"href":"https:\/\/eldigitaldeasturias.com\/magazine365\/wp-json\/wp\/v2\/users\/1"}],"replies":[{"embeddable":true,"href":"https:\/\/eldigitaldeasturias.com\/magazine365\/wp-json\/wp\/v2\/comments?post=81071"}],"version-history":[{"count":0,"href":"https:\/\/eldigitaldeasturias.com\/magazine365\/wp-json\/wp\/v2\/posts\/81071\/revisions"}],"wp:featuredmedia":[{"embeddable":true,"href":"https:\/\/eldigitaldeasturias.com\/magazine365\/wp-json\/wp\/v2\/media\/81072"}],"wp:attachment":[{"href":"https:\/\/eldigitaldeasturias.com\/magazine365\/wp-json\/wp\/v2\/media?parent=81071"}],"wp:term":[{"taxonomy":"category","embeddable":true,"href":"https:\/\/eldigitaldeasturias.com\/magazine365\/wp-json\/wp\/v2\/categories?post=81071"},{"taxonomy":"post_tag","embeddable":true,"href":"https:\/\/eldigitaldeasturias.com\/magazine365\/wp-json\/wp\/v2\/tags?post=81071"}],"curies":[{"name":"wp","href":"https:\/\/api.w.org\/{rel}","templated":true}]}}