{"id":81058,"date":"2016-06-29T20:12:38","date_gmt":"2016-06-29T18:12:38","guid":{"rendered":"http:\/\/eldigitaldeasturias.com\/magazine365\/?p=81058"},"modified":"2016-06-29T20:12:38","modified_gmt":"2016-06-29T18:12:38","slug":"saudia-airlines-organiza-una-cena-iftar-para-sus-colaboradores-musulmanes","status":"publish","type":"post","link":"https:\/\/eldigitaldeasturias.com\/magazine365\/saudia-airlines-organiza-una-cena-iftar-para-sus-colaboradores-musulmanes\/","title":{"rendered":"Saudia Airlines organiza una cena Iftar para sus colaboradores musulmanes"},"content":{"rendered":"<p><img fetchpriority=\"high\" decoding=\"async\" class=\"alignleft size-medium wp-image-81059\" src=\"https:\/\/eldigitaldeasturias.com\/magazine365\/wp-content\/uploads\/2016\/06\/fotonoticia_20160629115617_800-360x239.jpg\" alt=\"fotonoticia_20160629115617_800\" width=\"360\" height=\"239\" srcset=\"https:\/\/eldigitaldeasturias.com\/magazine365\/wp-content\/uploads\/2016\/06\/fotonoticia_20160629115617_800-360x239.jpg 360w, https:\/\/eldigitaldeasturias.com\/magazine365\/wp-content\/uploads\/2016\/06\/fotonoticia_20160629115617_800-650x432.jpg 650w, https:\/\/eldigitaldeasturias.com\/magazine365\/wp-content\/uploads\/2016\/06\/fotonoticia_20160629115617_800-768x511.jpg 768w, https:\/\/eldigitaldeasturias.com\/magazine365\/wp-content\/uploads\/2016\/06\/fotonoticia_20160629115617_800-150x100.jpg 150w, https:\/\/eldigitaldeasturias.com\/magazine365\/wp-content\/uploads\/2016\/06\/fotonoticia_20160629115617_800-450x299.jpg 450w, https:\/\/eldigitaldeasturias.com\/magazine365\/wp-content\/uploads\/2016\/06\/fotonoticia_20160629115617_800-121x79.jpg 121w, https:\/\/eldigitaldeasturias.com\/magazine365\/wp-content\/uploads\/2016\/06\/fotonoticia_20160629115617_800-101x66.jpg 101w, https:\/\/eldigitaldeasturias.com\/magazine365\/wp-content\/uploads\/2016\/06\/fotonoticia_20160629115617_800.jpg 800w\" sizes=\"(max-width: 360px) 100vw, 360px\" \/>Saudia Airlines, la compa\u00f1\u00eda a\u00e9rea l\u00edder en Arabia Saud\u00ed, ha organizado por segundo a\u00f1o consecutivo una cena Iftar en el Hotel Intercontinental Madrid, que ha contado con la presencia de sus principales clientes musulmanes.<\/p>\n<p>El evento tuvo lugar el martes 28 de junio y cont\u00f3 con la asistencia de una treintena de agentes de viajes que ha podido degustar un men\u00fa Halal compuesto por sopas t\u00edpicas, ensaladas, platos calientes y postres, destacando recetas t\u00edpicas como el mutabal &#8211;crema de berenjenas&#8211;, hummus, tabbouleh y el cordero taj\u00edn con verduras y cusc\u00fas, entre otros.<\/p>\n<p>El Iftar es la comida nocturna con la que se rompe el ayuno diario durante el mes del Ramad\u00e1n. Tradicionalmente, esta comida se hace en grupo y tiene lugar justo despu\u00e9s del Maghrib, de la puesta de sol. El d\u00e1til es el primer alimento que se consume al romper el ayuno.<\/p>\n<p>\u00abEste es el segundo a\u00f1o que organizamos en Madrid esta cena para nuestros clientes y proveedores de la comunidad musulmana. Para nosotros es muy satisfactorio reunirnos con ellos y compartir este momento tan especial, acerc\u00e1ndonos un poco m\u00e1s a nuestros principales colaboradores del d\u00eda a d\u00eda\u00bb, explic\u00f3 Mar\u00eda Gonz\u00e1lez, supervisora de ventas y marketing de Saudia para Espa\u00f1a y Portugal.<\/p>\n","protected":false},"excerpt":{"rendered":"<p>Saudia Airlines, la compa\u00f1\u00eda a\u00e9rea l\u00edder en Arabia Saud\u00ed, ha organizado por segundo a\u00f1o consecutivo una cena Iftar en el Hotel Intercontinental Madrid, que ha contado con la presencia de sus principales clientes musulmanes. El evento tuvo lugar el martes 28 de junio y cont\u00f3 con la asistencia de una treintena de agentes de viajes<\/p>\n","protected":false},"author":1,"featured_media":81059,"comment_status":"open","ping_status":"closed","sticky":false,"template":"","format":"standard","meta":{"footnotes":""},"categories":[224],"tags":[],"class_list":{"0":"post-81058","1":"post","2":"type-post","3":"status-publish","4":"format-standard","5":"has-post-thumbnail","7":"category-noticias-actualidad"},"aioseo_notices":[],"aioseo_head":"\n\t\t<!-- All in One SEO Pro 4.9.6.1 - aioseo.com -->\n\t<meta name=\"description\" content=\"Saudia Airlines, la compa\u00f1\u00eda a\u00e9rea l\u00edder en Arabia Saud\u00ed, ha organizado por segundo a\u00f1o consecutivo una cena Iftar en el Hotel Intercontinental Madrid, que ha contado con la presencia de sus principales clientes musulmanes. El evento tuvo lugar el martes 28 de junio y cont\u00f3 con la asistencia de una treintena de agentes de viajes\" \/>\n\t<meta name=\"robots\" content=\"max-image-preview:large\" \/>\n\t<meta name=\"author\" content=\"admin\"\/>\n\t<meta name=\"google-site-verification\" content=\"UA-38556648-1\" \/>\n\t<meta name=\"keywords\" content=\"noticias y actualidad\" \/>\n\t<link rel=\"canonical\" href=\"https:\/\/eldigitaldeasturias.com\/magazine365\/saudia-airlines-organiza-una-cena-iftar-para-sus-colaboradores-musulmanes\/\" \/>\n\t<meta name=\"generator\" content=\"All in One SEO Pro (AIOSEO) 4.9.6.1\" \/>\n\t\t<meta property=\"og:locale\" content=\"es_ES\" \/>\n\t\t<meta property=\"og:site_name\" content=\"El Digital de Asturias \u2013 Revista de ocio, turismo y estilo de vida\" \/>\n\t\t<meta property=\"og:type\" content=\"article\" \/>\n\t\t<meta property=\"og:title\" content=\"Saudia Airlines organiza una cena Iftar para sus colaboradores musulmanes | El Digital de Asturias\" \/>\n\t\t<meta property=\"og:description\" content=\"Saudia Airlines, la compa\u00f1\u00eda a\u00e9rea l\u00edder en Arabia Saud\u00ed, ha organizado por segundo a\u00f1o consecutivo una cena Iftar en el Hotel Intercontinental Madrid, que ha contado con la presencia de sus principales clientes musulmanes. El evento tuvo lugar el martes 28 de junio y cont\u00f3 con la asistencia de una treintena de agentes de viajes\" \/>\n\t\t<meta property=\"og:url\" content=\"https:\/\/eldigitaldeasturias.com\/magazine365\/saudia-airlines-organiza-una-cena-iftar-para-sus-colaboradores-musulmanes\/\" \/>\n\t\t<meta property=\"og:image\" content=\"https:\/\/eldigitaldeasturias.com\/magazine365\/wp-content\/uploads\/2016\/06\/fotonoticia_20160629115617_800.jpg\" \/>\n\t\t<meta property=\"og:image:secure_url\" content=\"https:\/\/eldigitaldeasturias.com\/magazine365\/wp-content\/uploads\/2016\/06\/fotonoticia_20160629115617_800.jpg\" \/>\n\t\t<meta property=\"og:image:width\" content=\"800\" \/>\n\t\t<meta property=\"og:image:height\" content=\"532\" \/>\n\t\t<meta property=\"article:published_time\" content=\"2016-06-29T18:12:38+00:00\" \/>\n\t\t<meta property=\"article:modified_time\" content=\"2016-06-29T18:12:38+00:00\" \/>\n\t\t<meta name=\"twitter:card\" content=\"summary_large_image\" \/>\n\t\t<meta name=\"twitter:title\" content=\"Saudia Airlines organiza una cena Iftar para sus colaboradores musulmanes | El Digital de Asturias\" \/>\n\t\t<meta name=\"twitter:description\" content=\"Saudia Airlines, la compa\u00f1\u00eda a\u00e9rea l\u00edder en Arabia Saud\u00ed, ha organizado por segundo a\u00f1o consecutivo una cena Iftar en el Hotel Intercontinental Madrid, que ha contado con la presencia de sus principales clientes musulmanes. El evento tuvo lugar el martes 28 de junio y cont\u00f3 con la asistencia de una treintena de agentes de viajes\" \/>\n\t\t<meta name=\"twitter:image\" content=\"https:\/\/eldigitaldeasturias.com\/magazine365\/wp-content\/uploads\/2016\/06\/fotonoticia_20160629115617_800.jpg\" \/>\n\t\t<script type=\"application\/ld+json\" class=\"aioseo-schema\">\n\t\t\t{\"@context\":\"https:\\\/\\\/schema.org\",\"@graph\":[{\"@type\":\"Article\",\"@id\":\"https:\\\/\\\/eldigitaldeasturias.com\\\/magazine365\\\/saudia-airlines-organiza-una-cena-iftar-para-sus-colaboradores-musulmanes\\\/#article\",\"name\":\"Saudia Airlines organiza una cena Iftar para sus colaboradores musulmanes | El Digital de Asturias\",\"headline\":\"Saudia Airlines organiza una cena Iftar para sus colaboradores musulmanes\",\"author\":{\"@id\":\"https:\\\/\\\/eldigitaldeasturias.com\\\/magazine365\\\/author\\\/admin\\\/#author\"},\"publisher\":{\"@id\":\"https:\\\/\\\/eldigitaldeasturias.com\\\/magazine365\\\/#organization\"},\"image\":{\"@type\":\"ImageObject\",\"url\":\"https:\\\/\\\/eldigitaldeasturias.com\\\/magazine365\\\/wp-content\\\/uploads\\\/2016\\\/06\\\/fotonoticia_20160629115617_800.jpg\",\"width\":800,\"height\":532},\"datePublished\":\"2016-06-29T20:12:38+02:00\",\"dateModified\":\"2016-06-29T20:12:38+02:00\",\"inLanguage\":\"es-ES\",\"mainEntityOfPage\":{\"@id\":\"https:\\\/\\\/eldigitaldeasturias.com\\\/magazine365\\\/saudia-airlines-organiza-una-cena-iftar-para-sus-colaboradores-musulmanes\\\/#webpage\"},\"isPartOf\":{\"@id\":\"https:\\\/\\\/eldigitaldeasturias.com\\\/magazine365\\\/saudia-airlines-organiza-una-cena-iftar-para-sus-colaboradores-musulmanes\\\/#webpage\"},\"articleSection\":\"Noticias y Actualidad\"},{\"@type\":\"BreadcrumbList\",\"@id\":\"https:\\\/\\\/eldigitaldeasturias.com\\\/magazine365\\\/saudia-airlines-organiza-una-cena-iftar-para-sus-colaboradores-musulmanes\\\/#breadcrumblist\",\"itemListElement\":[{\"@type\":\"ListItem\",\"@id\":\"https:\\\/\\\/eldigitaldeasturias.com\\\/magazine365#listItem\",\"position\":1,\"name\":\"Home\",\"item\":\"https:\\\/\\\/eldigitaldeasturias.com\\\/magazine365\",\"nextItem\":{\"@type\":\"ListItem\",\"@id\":\"https:\\\/\\\/eldigitaldeasturias.com\\\/magazine365\\\/category\\\/noticias-actualidad\\\/#listItem\",\"name\":\"Noticias y Actualidad\"}},{\"@type\":\"ListItem\",\"@id\":\"https:\\\/\\\/eldigitaldeasturias.com\\\/magazine365\\\/category\\\/noticias-actualidad\\\/#listItem\",\"position\":2,\"name\":\"Noticias y Actualidad\",\"item\":\"https:\\\/\\\/eldigitaldeasturias.com\\\/magazine365\\\/category\\\/noticias-actualidad\\\/\",\"nextItem\":{\"@type\":\"ListItem\",\"@id\":\"https:\\\/\\\/eldigitaldeasturias.com\\\/magazine365\\\/saudia-airlines-organiza-una-cena-iftar-para-sus-colaboradores-musulmanes\\\/#listItem\",\"name\":\"Saudia Airlines organiza una cena Iftar para sus colaboradores musulmanes\"},\"previousItem\":{\"@type\":\"ListItem\",\"@id\":\"https:\\\/\\\/eldigitaldeasturias.com\\\/magazine365#listItem\",\"name\":\"Home\"}},{\"@type\":\"ListItem\",\"@id\":\"https:\\\/\\\/eldigitaldeasturias.com\\\/magazine365\\\/saudia-airlines-organiza-una-cena-iftar-para-sus-colaboradores-musulmanes\\\/#listItem\",\"position\":3,\"name\":\"Saudia Airlines organiza una cena Iftar para sus colaboradores musulmanes\",\"previousItem\":{\"@type\":\"ListItem\",\"@id\":\"https:\\\/\\\/eldigitaldeasturias.com\\\/magazine365\\\/category\\\/noticias-actualidad\\\/#listItem\",\"name\":\"Noticias y Actualidad\"}}]},{\"@type\":\"Organization\",\"@id\":\"https:\\\/\\\/eldigitaldeasturias.com\\\/magazine365\\\/#organization\",\"name\":\"El digital de Asturias\",\"description\":\"Revista de ocio, turismo y estilo de vida\",\"url\":\"https:\\\/\\\/eldigitaldeasturias.com\\\/magazine365\\\/\",\"logo\":{\"@type\":\"ImageObject\",\"url\":\"https:\\\/\\\/www.eldigitaldeasturias.com\\\/noticias\\\/wp-content\\\/uploads\\\/2020\\\/12\\\/EDA.jpg\",\"@id\":\"https:\\\/\\\/eldigitaldeasturias.com\\\/magazine365\\\/saudia-airlines-organiza-una-cena-iftar-para-sus-colaboradores-musulmanes\\\/#organizationLogo\"},\"image\":{\"@id\":\"https:\\\/\\\/eldigitaldeasturias.com\\\/magazine365\\\/saudia-airlines-organiza-una-cena-iftar-para-sus-colaboradores-musulmanes\\\/#organizationLogo\"}},{\"@type\":\"Person\",\"@id\":\"https:\\\/\\\/eldigitaldeasturias.com\\\/magazine365\\\/author\\\/admin\\\/#author\",\"url\":\"https:\\\/\\\/eldigitaldeasturias.com\\\/magazine365\\\/author\\\/admin\\\/\",\"name\":\"admin\",\"image\":{\"@type\":\"ImageObject\",\"@id\":\"https:\\\/\\\/eldigitaldeasturias.com\\\/magazine365\\\/saudia-airlines-organiza-una-cena-iftar-para-sus-colaboradores-musulmanes\\\/#authorImage\",\"url\":\"https:\\\/\\\/eldigitaldeasturias.com\\\/magazine365\\\/wp-content\\\/litespeed\\\/avatar\\\/e571bcf59a0edd6fa6838245a470f2fe.jpg?ver=1776969259\",\"width\":96,\"height\":96,\"caption\":\"admin\"}},{\"@type\":\"WebPage\",\"@id\":\"https:\\\/\\\/eldigitaldeasturias.com\\\/magazine365\\\/saudia-airlines-organiza-una-cena-iftar-para-sus-colaboradores-musulmanes\\\/#webpage\",\"url\":\"https:\\\/\\\/eldigitaldeasturias.com\\\/magazine365\\\/saudia-airlines-organiza-una-cena-iftar-para-sus-colaboradores-musulmanes\\\/\",\"name\":\"Saudia Airlines organiza una cena Iftar para sus colaboradores musulmanes | El Digital de Asturias\",\"description\":\"Saudia Airlines, la compa\\u00f1\\u00eda a\\u00e9rea l\\u00edder en Arabia Saud\\u00ed, ha organizado por segundo a\\u00f1o consecutivo una cena Iftar en el Hotel Intercontinental Madrid, que ha contado con la presencia de sus principales clientes musulmanes. El evento tuvo lugar el martes 28 de junio y cont\\u00f3 con la asistencia de una treintena de agentes de viajes\",\"inLanguage\":\"es-ES\",\"isPartOf\":{\"@id\":\"https:\\\/\\\/eldigitaldeasturias.com\\\/magazine365\\\/#website\"},\"breadcrumb\":{\"@id\":\"https:\\\/\\\/eldigitaldeasturias.com\\\/magazine365\\\/saudia-airlines-organiza-una-cena-iftar-para-sus-colaboradores-musulmanes\\\/#breadcrumblist\"},\"author\":{\"@id\":\"https:\\\/\\\/eldigitaldeasturias.com\\\/magazine365\\\/author\\\/admin\\\/#author\"},\"creator\":{\"@id\":\"https:\\\/\\\/eldigitaldeasturias.com\\\/magazine365\\\/author\\\/admin\\\/#author\"},\"image\":{\"@type\":\"ImageObject\",\"url\":\"https:\\\/\\\/eldigitaldeasturias.com\\\/magazine365\\\/wp-content\\\/uploads\\\/2016\\\/06\\\/fotonoticia_20160629115617_800.jpg\",\"@id\":\"https:\\\/\\\/eldigitaldeasturias.com\\\/magazine365\\\/saudia-airlines-organiza-una-cena-iftar-para-sus-colaboradores-musulmanes\\\/#mainImage\",\"width\":800,\"height\":532},\"primaryImageOfPage\":{\"@id\":\"https:\\\/\\\/eldigitaldeasturias.com\\\/magazine365\\\/saudia-airlines-organiza-una-cena-iftar-para-sus-colaboradores-musulmanes\\\/#mainImage\"},\"datePublished\":\"2016-06-29T20:12:38+02:00\",\"dateModified\":\"2016-06-29T20:12:38+02:00\"},{\"@type\":\"WebSite\",\"@id\":\"https:\\\/\\\/eldigitaldeasturias.com\\\/magazine365\\\/#website\",\"url\":\"https:\\\/\\\/eldigitaldeasturias.com\\\/magazine365\\\/\",\"name\":\"El Digital de Asturias\",\"description\":\"Revista de ocio, turismo y estilo de vida\",\"inLanguage\":\"es-ES\",\"publisher\":{\"@id\":\"https:\\\/\\\/eldigitaldeasturias.com\\\/magazine365\\\/#organization\"}}]}\n\t\t<\/script>\n\t\t<!-- All in One SEO Pro -->\r\n\t\t<title>Saudia Airlines organiza una cena Iftar para sus colaboradores musulmanes | El Digital de Asturias<\/title>\n\n","aioseo_head_json":{"title":"Saudia Airlines organiza una cena Iftar para sus colaboradores musulmanes | El Digital de Asturias","description":"Saudia Airlines, la compa\u00f1\u00eda a\u00e9rea l\u00edder en Arabia Saud\u00ed, ha organizado por segundo a\u00f1o consecutivo una cena Iftar en el Hotel Intercontinental Madrid, que ha contado con la presencia de sus principales clientes musulmanes. El evento tuvo lugar el martes 28 de junio y cont\u00f3 con la asistencia de una treintena de agentes de viajes","canonical_url":"https:\/\/eldigitaldeasturias.com\/magazine365\/saudia-airlines-organiza-una-cena-iftar-para-sus-colaboradores-musulmanes\/","robots":"max-image-preview:large","keywords":"noticias y actualidad","webmasterTools":{"google-site-verification":"UA-38556648-1","miscellaneous":""},"schema":{"@context":"https:\/\/schema.org","@graph":[{"@type":"Article","@id":"https:\/\/eldigitaldeasturias.com\/magazine365\/saudia-airlines-organiza-una-cena-iftar-para-sus-colaboradores-musulmanes\/#article","name":"Saudia Airlines organiza una cena Iftar para sus colaboradores musulmanes | El Digital de Asturias","headline":"Saudia Airlines organiza una cena Iftar para sus colaboradores musulmanes","author":{"@id":"https:\/\/eldigitaldeasturias.com\/magazine365\/author\/admin\/#author"},"publisher":{"@id":"https:\/\/eldigitaldeasturias.com\/magazine365\/#organization"},"image":{"@type":"ImageObject","url":"https:\/\/eldigitaldeasturias.com\/magazine365\/wp-content\/uploads\/2016\/06\/fotonoticia_20160629115617_800.jpg","width":800,"height":532},"datePublished":"2016-06-29T20:12:38+02:00","dateModified":"2016-06-29T20:12:38+02:00","inLanguage":"es-ES","mainEntityOfPage":{"@id":"https:\/\/eldigitaldeasturias.com\/magazine365\/saudia-airlines-organiza-una-cena-iftar-para-sus-colaboradores-musulmanes\/#webpage"},"isPartOf":{"@id":"https:\/\/eldigitaldeasturias.com\/magazine365\/saudia-airlines-organiza-una-cena-iftar-para-sus-colaboradores-musulmanes\/#webpage"},"articleSection":"Noticias y Actualidad"},{"@type":"BreadcrumbList","@id":"https:\/\/eldigitaldeasturias.com\/magazine365\/saudia-airlines-organiza-una-cena-iftar-para-sus-colaboradores-musulmanes\/#breadcrumblist","itemListElement":[{"@type":"ListItem","@id":"https:\/\/eldigitaldeasturias.com\/magazine365#listItem","position":1,"name":"Home","item":"https:\/\/eldigitaldeasturias.com\/magazine365","nextItem":{"@type":"ListItem","@id":"https:\/\/eldigitaldeasturias.com\/magazine365\/category\/noticias-actualidad\/#listItem","name":"Noticias y Actualidad"}},{"@type":"ListItem","@id":"https:\/\/eldigitaldeasturias.com\/magazine365\/category\/noticias-actualidad\/#listItem","position":2,"name":"Noticias y Actualidad","item":"https:\/\/eldigitaldeasturias.com\/magazine365\/category\/noticias-actualidad\/","nextItem":{"@type":"ListItem","@id":"https:\/\/eldigitaldeasturias.com\/magazine365\/saudia-airlines-organiza-una-cena-iftar-para-sus-colaboradores-musulmanes\/#listItem","name":"Saudia Airlines organiza una cena Iftar para sus colaboradores musulmanes"},"previousItem":{"@type":"ListItem","@id":"https:\/\/eldigitaldeasturias.com\/magazine365#listItem","name":"Home"}},{"@type":"ListItem","@id":"https:\/\/eldigitaldeasturias.com\/magazine365\/saudia-airlines-organiza-una-cena-iftar-para-sus-colaboradores-musulmanes\/#listItem","position":3,"name":"Saudia Airlines organiza una cena Iftar para sus colaboradores musulmanes","previousItem":{"@type":"ListItem","@id":"https:\/\/eldigitaldeasturias.com\/magazine365\/category\/noticias-actualidad\/#listItem","name":"Noticias y Actualidad"}}]},{"@type":"Organization","@id":"https:\/\/eldigitaldeasturias.com\/magazine365\/#organization","name":"El digital de Asturias","description":"Revista de ocio, turismo y estilo de vida","url":"https:\/\/eldigitaldeasturias.com\/magazine365\/","logo":{"@type":"ImageObject","url":"https:\/\/www.eldigitaldeasturias.com\/noticias\/wp-content\/uploads\/2020\/12\/EDA.jpg","@id":"https:\/\/eldigitaldeasturias.com\/magazine365\/saudia-airlines-organiza-una-cena-iftar-para-sus-colaboradores-musulmanes\/#organizationLogo"},"image":{"@id":"https:\/\/eldigitaldeasturias.com\/magazine365\/saudia-airlines-organiza-una-cena-iftar-para-sus-colaboradores-musulmanes\/#organizationLogo"}},{"@type":"Person","@id":"https:\/\/eldigitaldeasturias.com\/magazine365\/author\/admin\/#author","url":"https:\/\/eldigitaldeasturias.com\/magazine365\/author\/admin\/","name":"admin","image":{"@type":"ImageObject","@id":"https:\/\/eldigitaldeasturias.com\/magazine365\/saudia-airlines-organiza-una-cena-iftar-para-sus-colaboradores-musulmanes\/#authorImage","url":"https:\/\/eldigitaldeasturias.com\/magazine365\/wp-content\/litespeed\/avatar\/e571bcf59a0edd6fa6838245a470f2fe.jpg?ver=1776969259","width":96,"height":96,"caption":"admin"}},{"@type":"WebPage","@id":"https:\/\/eldigitaldeasturias.com\/magazine365\/saudia-airlines-organiza-una-cena-iftar-para-sus-colaboradores-musulmanes\/#webpage","url":"https:\/\/eldigitaldeasturias.com\/magazine365\/saudia-airlines-organiza-una-cena-iftar-para-sus-colaboradores-musulmanes\/","name":"Saudia Airlines organiza una cena Iftar para sus colaboradores musulmanes | El Digital de Asturias","description":"Saudia Airlines, la compa\u00f1\u00eda a\u00e9rea l\u00edder en Arabia Saud\u00ed, ha organizado por segundo a\u00f1o consecutivo una cena Iftar en el Hotel Intercontinental Madrid, que ha contado con la presencia de sus principales clientes musulmanes. El evento tuvo lugar el martes 28 de junio y cont\u00f3 con la asistencia de una treintena de agentes de viajes","inLanguage":"es-ES","isPartOf":{"@id":"https:\/\/eldigitaldeasturias.com\/magazine365\/#website"},"breadcrumb":{"@id":"https:\/\/eldigitaldeasturias.com\/magazine365\/saudia-airlines-organiza-una-cena-iftar-para-sus-colaboradores-musulmanes\/#breadcrumblist"},"author":{"@id":"https:\/\/eldigitaldeasturias.com\/magazine365\/author\/admin\/#author"},"creator":{"@id":"https:\/\/eldigitaldeasturias.com\/magazine365\/author\/admin\/#author"},"image":{"@type":"ImageObject","url":"https:\/\/eldigitaldeasturias.com\/magazine365\/wp-content\/uploads\/2016\/06\/fotonoticia_20160629115617_800.jpg","@id":"https:\/\/eldigitaldeasturias.com\/magazine365\/saudia-airlines-organiza-una-cena-iftar-para-sus-colaboradores-musulmanes\/#mainImage","width":800,"height":532},"primaryImageOfPage":{"@id":"https:\/\/eldigitaldeasturias.com\/magazine365\/saudia-airlines-organiza-una-cena-iftar-para-sus-colaboradores-musulmanes\/#mainImage"},"datePublished":"2016-06-29T20:12:38+02:00","dateModified":"2016-06-29T20:12:38+02:00"},{"@type":"WebSite","@id":"https:\/\/eldigitaldeasturias.com\/magazine365\/#website","url":"https:\/\/eldigitaldeasturias.com\/magazine365\/","name":"El Digital de Asturias","description":"Revista de ocio, turismo y estilo de vida","inLanguage":"es-ES","publisher":{"@id":"https:\/\/eldigitaldeasturias.com\/magazine365\/#organization"}}]},"og:locale":"es_ES","og:site_name":"El Digital de Asturias \u2013 Revista de ocio, turismo y estilo de vida","og:type":"article","og:title":"Saudia Airlines organiza una cena Iftar para sus colaboradores musulmanes | El Digital de Asturias","og:description":"Saudia Airlines, la compa\u00f1\u00eda a\u00e9rea l\u00edder en Arabia Saud\u00ed, ha organizado por segundo a\u00f1o consecutivo una cena Iftar en el Hotel Intercontinental Madrid, que ha contado con la presencia de sus principales clientes musulmanes. El evento tuvo lugar el martes 28 de junio y cont\u00f3 con la asistencia de una treintena de agentes de viajes","og:url":"https:\/\/eldigitaldeasturias.com\/magazine365\/saudia-airlines-organiza-una-cena-iftar-para-sus-colaboradores-musulmanes\/","og:image":"https:\/\/eldigitaldeasturias.com\/magazine365\/wp-content\/uploads\/2016\/06\/fotonoticia_20160629115617_800.jpg","og:image:secure_url":"https:\/\/eldigitaldeasturias.com\/magazine365\/wp-content\/uploads\/2016\/06\/fotonoticia_20160629115617_800.jpg","og:image:width":800,"og:image:height":532,"article:published_time":"2016-06-29T18:12:38+00:00","article:modified_time":"2016-06-29T18:12:38+00:00","twitter:card":"summary_large_image","twitter:title":"Saudia Airlines organiza una cena Iftar para sus colaboradores musulmanes | El Digital de Asturias","twitter:description":"Saudia Airlines, la compa\u00f1\u00eda a\u00e9rea l\u00edder en Arabia Saud\u00ed, ha organizado por segundo a\u00f1o consecutivo una cena Iftar en el Hotel Intercontinental Madrid, que ha contado con la presencia de sus principales clientes musulmanes. El evento tuvo lugar el martes 28 de junio y cont\u00f3 con la asistencia de una treintena de agentes de viajes","twitter:image":"https:\/\/eldigitaldeasturias.com\/magazine365\/wp-content\/uploads\/2016\/06\/fotonoticia_20160629115617_800.jpg"},"aioseo_meta_data":{"post_id":"81058","title":null,"description":null,"keywords":null,"keyphrases":null,"primary_term":null,"canonical_url":null,"og_title":null,"og_description":null,"og_object_type":"default","og_image_type":"default","og_image_url":null,"og_image_width":null,"og_image_height":null,"og_image_custom_url":null,"og_image_custom_fields":null,"og_video":null,"og_custom_url":null,"og_article_section":null,"og_article_tags":null,"twitter_use_og":false,"twitter_card":"default","twitter_image_type":"default","twitter_image_url":null,"twitter_image_custom_url":null,"twitter_image_custom_fields":null,"twitter_title":null,"twitter_description":null,"schema":{"blockGraphs":[],"customGraphs":[],"default":{"data":{"Article":[],"Course":[],"Dataset":[],"FAQPage":[],"Movie":[],"Person":[],"Product":[],"ProductReview":[],"Car":[],"Recipe":[],"Service":[],"SoftwareApplication":[],"WebPage":[]},"graphName":"","isEnabled":true},"graphs":[],"defaultGraph":"","defaultPostTypeGraph":""},"schema_type":null,"schema_type_options":null,"pillar_content":false,"robots_default":true,"robots_noindex":false,"robots_noarchive":false,"robots_nosnippet":false,"robots_nofollow":false,"robots_noimageindex":false,"robots_noodp":false,"robots_notranslate":false,"robots_max_snippet":null,"robots_max_videopreview":null,"robots_max_imagepreview":"large","priority":null,"frequency":null,"location":null,"local_seo":null,"seo_analyzer_scan_date":"2025-09-27 22:07:22","breadcrumb_settings":null,"limit_modified_date":false,"open_ai":null,"ai":null,"created":"2021-03-08 17:22:47","updated":"2025-09-27 22:07:22"},"aioseo_breadcrumb":"<div class=\"aioseo-breadcrumbs\"><span class=\"aioseo-breadcrumb\">\n\t<a href=\"https:\/\/eldigitaldeasturias.com\/magazine365\" title=\"Home\">Home<\/a>\n<\/span><span class=\"aioseo-breadcrumb-separator\">\u2013<\/span><span class=\"aioseo-breadcrumb\">\n\t<a href=\"https:\/\/eldigitaldeasturias.com\/magazine365\/category\/noticias-actualidad\/\" title=\"Noticias y Actualidad\">Noticias y Actualidad<\/a>\n<\/span><span class=\"aioseo-breadcrumb-separator\">\u2013<\/span><span class=\"aioseo-breadcrumb\">\n\t<a href=\"https:\/\/eldigitaldeasturias.com\/magazine365\/saudia-airlines-organiza-una-cena-iftar-para-sus-colaboradores-musulmanes\/\" title=\"Saudia Airlines organiza una cena Iftar para sus colaboradores musulmanes\">Saudia Airlines organiza una cena Iftar para sus colaboradores musulmanes<\/a>\n<\/span><\/div>","aioseo_breadcrumb_json":[{"label":"Home","link":"https:\/\/eldigitaldeasturias.com\/magazine365"},{"label":"Noticias y Actualidad","link":"https:\/\/eldigitaldeasturias.com\/magazine365\/category\/noticias-actualidad\/"},{"label":"Saudia Airlines organiza una cena Iftar para sus colaboradores musulmanes","link":"https:\/\/eldigitaldeasturias.com\/magazine365\/saudia-airlines-organiza-una-cena-iftar-para-sus-colaboradores-musulmanes\/"}],"_links":{"self":[{"href":"https:\/\/eldigitaldeasturias.com\/magazine365\/wp-json\/wp\/v2\/posts\/81058","targetHints":{"allow":["GET"]}}],"collection":[{"href":"https:\/\/eldigitaldeasturias.com\/magazine365\/wp-json\/wp\/v2\/posts"}],"about":[{"href":"https:\/\/eldigitaldeasturias.com\/magazine365\/wp-json\/wp\/v2\/types\/post"}],"author":[{"embeddable":true,"href":"https:\/\/eldigitaldeasturias.com\/magazine365\/wp-json\/wp\/v2\/users\/1"}],"replies":[{"embeddable":true,"href":"https:\/\/eldigitaldeasturias.com\/magazine365\/wp-json\/wp\/v2\/comments?post=81058"}],"version-history":[{"count":0,"href":"https:\/\/eldigitaldeasturias.com\/magazine365\/wp-json\/wp\/v2\/posts\/81058\/revisions"}],"wp:featuredmedia":[{"embeddable":true,"href":"https:\/\/eldigitaldeasturias.com\/magazine365\/wp-json\/wp\/v2\/media\/81059"}],"wp:attachment":[{"href":"https:\/\/eldigitaldeasturias.com\/magazine365\/wp-json\/wp\/v2\/media?parent=81058"}],"wp:term":[{"taxonomy":"category","embeddable":true,"href":"https:\/\/eldigitaldeasturias.com\/magazine365\/wp-json\/wp\/v2\/categories?post=81058"},{"taxonomy":"post_tag","embeddable":true,"href":"https:\/\/eldigitaldeasturias.com\/magazine365\/wp-json\/wp\/v2\/tags?post=81058"}],"curies":[{"name":"wp","href":"https:\/\/api.w.org\/{rel}","templated":true}]}}