{"id":81036,"date":"2016-06-29T20:00:01","date_gmt":"2016-06-29T18:00:01","guid":{"rendered":"http:\/\/eldigitaldeasturias.com\/magazine365\/?p=81036"},"modified":"2016-06-29T20:00:01","modified_gmt":"2016-06-29T18:00:01","slug":"rajoy-confirma-que-no-hay-victimas-espanolas-en-los-atentados-contra-el-aeropuerto-de-estambul","status":"publish","type":"post","link":"https:\/\/eldigitaldeasturias.com\/magazine365\/rajoy-confirma-que-no-hay-victimas-espanolas-en-los-atentados-contra-el-aeropuerto-de-estambul\/","title":{"rendered":"Rajoy confirma que no hay v\u00edctimas espa\u00f1olas en los atentados contra el aeropuerto de Estambul"},"content":{"rendered":"<p><img fetchpriority=\"high\" decoding=\"async\" class=\"alignleft size-medium wp-image-81037\" src=\"https:\/\/eldigitaldeasturias.com\/magazine365\/wp-content\/uploads\/2016\/06\/fotonoticia_20160629104837_800-360x240.jpg\" alt=\"fotonoticia_20160629104837_800\" width=\"360\" height=\"240\" srcset=\"https:\/\/eldigitaldeasturias.com\/magazine365\/wp-content\/uploads\/2016\/06\/fotonoticia_20160629104837_800-360x240.jpg 360w, https:\/\/eldigitaldeasturias.com\/magazine365\/wp-content\/uploads\/2016\/06\/fotonoticia_20160629104837_800-650x433.jpg 650w, https:\/\/eldigitaldeasturias.com\/magazine365\/wp-content\/uploads\/2016\/06\/fotonoticia_20160629104837_800-768x512.jpg 768w, https:\/\/eldigitaldeasturias.com\/magazine365\/wp-content\/uploads\/2016\/06\/fotonoticia_20160629104837_800-150x100.jpg 150w, https:\/\/eldigitaldeasturias.com\/magazine365\/wp-content\/uploads\/2016\/06\/fotonoticia_20160629104837_800-450x300.jpg 450w, https:\/\/eldigitaldeasturias.com\/magazine365\/wp-content\/uploads\/2016\/06\/fotonoticia_20160629104837_800-101x66.jpg 101w, https:\/\/eldigitaldeasturias.com\/magazine365\/wp-content\/uploads\/2016\/06\/fotonoticia_20160629104837_800.jpg 800w\" sizes=\"(max-width: 360px) 100vw, 360px\" \/>El presidente del Gobierno espa\u00f1ol en funciones, Mariano Rajoy, ha confirmado este mi\u00e9rcoles que no hay v\u00edctimas espa\u00f1olas en los atentados perpetrados a \u00faltima hora de este martes en el aeropuerto Ataturk de Estambul que se ha saldado con al menos 36 muertos y 147 heridos.<\/p>\n<p>\u00abNo hay\u00bb, ha confirmado Rajoy en declaraciones a la prensa a su llegada a la cumbre informal de los Veintisiete, para discutir el futuro de la Uni\u00f3n tras el refer\u00e9ndum en Reino Unido en el que se ha impuesto la salida del pa\u00eds del bloque, al ser preguntado si hay v\u00edctimas espa\u00f1olas en Estambul. Rajoy ya se solidariz\u00f3 este martes con Turqu\u00eda por los atentados y apel\u00f3 a \u00abtrabajar juntos\u00bb contra el terrorismo.<\/p>\n<p>Ning\u00fan grupo ha reivindicado por el momento la autor\u00eda de los ataques, pero las autoridades turcas sospechan de que el autodenominado Estado Isl\u00e1mico podr\u00eda estar detr\u00e1s de ellos. El gobernador de Estambul, Vasip Sahin, ha confirmado que han sido tres los suicidas que han llevado a cabo los ataques en Ataturk, el mayor aer\u00f3dromo de la ciudad turca.<\/p>\n<p>Por su parte, el ministro de Justicia, Bekir Bozdag, ha explicado que al menos uno de ellos abri\u00f3 fuego con un fusil Kalashnikov antes de detonar los explosivos, seg\u00fan &#8216;Hurriyet&#8217;. Un testigo ha indicado a la cadena CNN T\u00fcrk que hab\u00eda escuchado disparos desde el aparcamiento del aeropuerto.<\/p>\n","protected":false},"excerpt":{"rendered":"<p>El presidente del Gobierno espa\u00f1ol en funciones, Mariano Rajoy, ha confirmado este mi\u00e9rcoles que no hay v\u00edctimas espa\u00f1olas en los atentados perpetrados a \u00faltima hora de este martes en el aeropuerto Ataturk de Estambul que se ha saldado con al menos 36 muertos y 147 heridos. \u00abNo hay\u00bb, ha confirmado Rajoy en declaraciones a la<\/p>\n","protected":false},"author":1,"featured_media":81037,"comment_status":"open","ping_status":"closed","sticky":false,"template":"","format":"standard","meta":{"footnotes":""},"categories":[224],"tags":[],"class_list":{"0":"post-81036","1":"post","2":"type-post","3":"status-publish","4":"format-standard","5":"has-post-thumbnail","7":"category-noticias-actualidad"},"aioseo_notices":[],"aioseo_head":"\n\t\t<!-- All in One SEO Pro 4.9.6.1 - aioseo.com -->\n\t<meta name=\"description\" content=\"El presidente del Gobierno espa\u00f1ol en funciones, Mariano Rajoy, ha confirmado este mi\u00e9rcoles que no hay v\u00edctimas espa\u00f1olas en los atentados perpetrados a \u00faltima hora de este martes en el aeropuerto Ataturk de Estambul que se ha saldado con al menos 36 muertos y 147 heridos. &quot;No hay&quot;, ha confirmado Rajoy en declaraciones a la\" \/>\n\t<meta name=\"robots\" content=\"max-image-preview:large\" \/>\n\t<meta name=\"author\" content=\"admin\"\/>\n\t<meta name=\"google-site-verification\" content=\"UA-38556648-1\" \/>\n\t<meta name=\"keywords\" content=\"noticias y actualidad\" \/>\n\t<link rel=\"canonical\" href=\"https:\/\/eldigitaldeasturias.com\/magazine365\/rajoy-confirma-que-no-hay-victimas-espanolas-en-los-atentados-contra-el-aeropuerto-de-estambul\/\" \/>\n\t<meta name=\"generator\" content=\"All in One SEO Pro (AIOSEO) 4.9.6.1\" \/>\n\t\t<meta property=\"og:locale\" content=\"es_ES\" \/>\n\t\t<meta property=\"og:site_name\" content=\"El Digital de Asturias \u2013 Revista de ocio, turismo y estilo de vida\" \/>\n\t\t<meta property=\"og:type\" content=\"article\" \/>\n\t\t<meta property=\"og:title\" content=\"Rajoy confirma que no hay v\u00edctimas espa\u00f1olas en los atentados contra el aeropuerto de Estambul | El Digital de Asturias\" \/>\n\t\t<meta property=\"og:description\" content=\"El presidente del Gobierno espa\u00f1ol en funciones, Mariano Rajoy, ha confirmado este mi\u00e9rcoles que no hay v\u00edctimas espa\u00f1olas en los atentados perpetrados a \u00faltima hora de este martes en el aeropuerto Ataturk de Estambul que se ha saldado con al menos 36 muertos y 147 heridos. &quot;No hay&quot;, ha confirmado Rajoy en declaraciones a la\" \/>\n\t\t<meta property=\"og:url\" content=\"https:\/\/eldigitaldeasturias.com\/magazine365\/rajoy-confirma-que-no-hay-victimas-espanolas-en-los-atentados-contra-el-aeropuerto-de-estambul\/\" \/>\n\t\t<meta property=\"og:image\" content=\"https:\/\/eldigitaldeasturias.com\/magazine365\/wp-content\/uploads\/2016\/06\/fotonoticia_20160629104837_800.jpg\" \/>\n\t\t<meta property=\"og:image:secure_url\" content=\"https:\/\/eldigitaldeasturias.com\/magazine365\/wp-content\/uploads\/2016\/06\/fotonoticia_20160629104837_800.jpg\" \/>\n\t\t<meta property=\"og:image:width\" content=\"800\" \/>\n\t\t<meta property=\"og:image:height\" content=\"533\" \/>\n\t\t<meta property=\"article:published_time\" content=\"2016-06-29T18:00:01+00:00\" \/>\n\t\t<meta property=\"article:modified_time\" content=\"2016-06-29T18:00:01+00:00\" \/>\n\t\t<meta name=\"twitter:card\" content=\"summary_large_image\" \/>\n\t\t<meta name=\"twitter:title\" content=\"Rajoy confirma que no hay v\u00edctimas espa\u00f1olas en los atentados contra el aeropuerto de Estambul | El Digital de Asturias\" \/>\n\t\t<meta name=\"twitter:description\" content=\"El presidente del Gobierno espa\u00f1ol en funciones, Mariano Rajoy, ha confirmado este mi\u00e9rcoles que no hay v\u00edctimas espa\u00f1olas en los atentados perpetrados a \u00faltima hora de este martes en el aeropuerto Ataturk de Estambul que se ha saldado con al menos 36 muertos y 147 heridos. &quot;No hay&quot;, ha confirmado Rajoy en declaraciones a la\" \/>\n\t\t<meta name=\"twitter:image\" content=\"https:\/\/eldigitaldeasturias.com\/magazine365\/wp-content\/uploads\/2016\/06\/fotonoticia_20160629104837_800.jpg\" \/>\n\t\t<script type=\"application\/ld+json\" class=\"aioseo-schema\">\n\t\t\t{\"@context\":\"https:\\\/\\\/schema.org\",\"@graph\":[{\"@type\":\"Article\",\"@id\":\"https:\\\/\\\/eldigitaldeasturias.com\\\/magazine365\\\/rajoy-confirma-que-no-hay-victimas-espanolas-en-los-atentados-contra-el-aeropuerto-de-estambul\\\/#article\",\"name\":\"Rajoy confirma que no hay v\\u00edctimas espa\\u00f1olas en los atentados contra el aeropuerto de Estambul | El Digital de Asturias\",\"headline\":\"Rajoy confirma que no hay v\\u00edctimas espa\\u00f1olas en los atentados contra el aeropuerto de Estambul\",\"author\":{\"@id\":\"https:\\\/\\\/eldigitaldeasturias.com\\\/magazine365\\\/author\\\/admin\\\/#author\"},\"publisher\":{\"@id\":\"https:\\\/\\\/eldigitaldeasturias.com\\\/magazine365\\\/#organization\"},\"image\":{\"@type\":\"ImageObject\",\"url\":\"https:\\\/\\\/eldigitaldeasturias.com\\\/magazine365\\\/wp-content\\\/uploads\\\/2016\\\/06\\\/fotonoticia_20160629104837_800.jpg\",\"width\":800,\"height\":533},\"datePublished\":\"2016-06-29T20:00:01+02:00\",\"dateModified\":\"2016-06-29T20:00:01+02:00\",\"inLanguage\":\"es-ES\",\"mainEntityOfPage\":{\"@id\":\"https:\\\/\\\/eldigitaldeasturias.com\\\/magazine365\\\/rajoy-confirma-que-no-hay-victimas-espanolas-en-los-atentados-contra-el-aeropuerto-de-estambul\\\/#webpage\"},\"isPartOf\":{\"@id\":\"https:\\\/\\\/eldigitaldeasturias.com\\\/magazine365\\\/rajoy-confirma-que-no-hay-victimas-espanolas-en-los-atentados-contra-el-aeropuerto-de-estambul\\\/#webpage\"},\"articleSection\":\"Noticias y Actualidad\"},{\"@type\":\"BreadcrumbList\",\"@id\":\"https:\\\/\\\/eldigitaldeasturias.com\\\/magazine365\\\/rajoy-confirma-que-no-hay-victimas-espanolas-en-los-atentados-contra-el-aeropuerto-de-estambul\\\/#breadcrumblist\",\"itemListElement\":[{\"@type\":\"ListItem\",\"@id\":\"https:\\\/\\\/eldigitaldeasturias.com\\\/magazine365#listItem\",\"position\":1,\"name\":\"Home\",\"item\":\"https:\\\/\\\/eldigitaldeasturias.com\\\/magazine365\",\"nextItem\":{\"@type\":\"ListItem\",\"@id\":\"https:\\\/\\\/eldigitaldeasturias.com\\\/magazine365\\\/category\\\/noticias-actualidad\\\/#listItem\",\"name\":\"Noticias y Actualidad\"}},{\"@type\":\"ListItem\",\"@id\":\"https:\\\/\\\/eldigitaldeasturias.com\\\/magazine365\\\/category\\\/noticias-actualidad\\\/#listItem\",\"position\":2,\"name\":\"Noticias y Actualidad\",\"item\":\"https:\\\/\\\/eldigitaldeasturias.com\\\/magazine365\\\/category\\\/noticias-actualidad\\\/\",\"nextItem\":{\"@type\":\"ListItem\",\"@id\":\"https:\\\/\\\/eldigitaldeasturias.com\\\/magazine365\\\/rajoy-confirma-que-no-hay-victimas-espanolas-en-los-atentados-contra-el-aeropuerto-de-estambul\\\/#listItem\",\"name\":\"Rajoy confirma que no hay v\\u00edctimas espa\\u00f1olas en los atentados contra el aeropuerto de Estambul\"},\"previousItem\":{\"@type\":\"ListItem\",\"@id\":\"https:\\\/\\\/eldigitaldeasturias.com\\\/magazine365#listItem\",\"name\":\"Home\"}},{\"@type\":\"ListItem\",\"@id\":\"https:\\\/\\\/eldigitaldeasturias.com\\\/magazine365\\\/rajoy-confirma-que-no-hay-victimas-espanolas-en-los-atentados-contra-el-aeropuerto-de-estambul\\\/#listItem\",\"position\":3,\"name\":\"Rajoy confirma que no hay v\\u00edctimas espa\\u00f1olas en los atentados contra el aeropuerto de Estambul\",\"previousItem\":{\"@type\":\"ListItem\",\"@id\":\"https:\\\/\\\/eldigitaldeasturias.com\\\/magazine365\\\/category\\\/noticias-actualidad\\\/#listItem\",\"name\":\"Noticias y Actualidad\"}}]},{\"@type\":\"Organization\",\"@id\":\"https:\\\/\\\/eldigitaldeasturias.com\\\/magazine365\\\/#organization\",\"name\":\"El digital de Asturias\",\"description\":\"Revista de ocio, turismo y estilo de vida\",\"url\":\"https:\\\/\\\/eldigitaldeasturias.com\\\/magazine365\\\/\",\"logo\":{\"@type\":\"ImageObject\",\"url\":\"https:\\\/\\\/www.eldigitaldeasturias.com\\\/noticias\\\/wp-content\\\/uploads\\\/2020\\\/12\\\/EDA.jpg\",\"@id\":\"https:\\\/\\\/eldigitaldeasturias.com\\\/magazine365\\\/rajoy-confirma-que-no-hay-victimas-espanolas-en-los-atentados-contra-el-aeropuerto-de-estambul\\\/#organizationLogo\"},\"image\":{\"@id\":\"https:\\\/\\\/eldigitaldeasturias.com\\\/magazine365\\\/rajoy-confirma-que-no-hay-victimas-espanolas-en-los-atentados-contra-el-aeropuerto-de-estambul\\\/#organizationLogo\"}},{\"@type\":\"Person\",\"@id\":\"https:\\\/\\\/eldigitaldeasturias.com\\\/magazine365\\\/author\\\/admin\\\/#author\",\"url\":\"https:\\\/\\\/eldigitaldeasturias.com\\\/magazine365\\\/author\\\/admin\\\/\",\"name\":\"admin\",\"image\":{\"@type\":\"ImageObject\",\"@id\":\"https:\\\/\\\/eldigitaldeasturias.com\\\/magazine365\\\/rajoy-confirma-que-no-hay-victimas-espanolas-en-los-atentados-contra-el-aeropuerto-de-estambul\\\/#authorImage\",\"url\":\"https:\\\/\\\/eldigitaldeasturias.com\\\/magazine365\\\/wp-content\\\/litespeed\\\/avatar\\\/e571bcf59a0edd6fa6838245a470f2fe.jpg?ver=1776969259\",\"width\":96,\"height\":96,\"caption\":\"admin\"}},{\"@type\":\"WebPage\",\"@id\":\"https:\\\/\\\/eldigitaldeasturias.com\\\/magazine365\\\/rajoy-confirma-que-no-hay-victimas-espanolas-en-los-atentados-contra-el-aeropuerto-de-estambul\\\/#webpage\",\"url\":\"https:\\\/\\\/eldigitaldeasturias.com\\\/magazine365\\\/rajoy-confirma-que-no-hay-victimas-espanolas-en-los-atentados-contra-el-aeropuerto-de-estambul\\\/\",\"name\":\"Rajoy confirma que no hay v\\u00edctimas espa\\u00f1olas en los atentados contra el aeropuerto de Estambul | El Digital de Asturias\",\"description\":\"El presidente del Gobierno espa\\u00f1ol en funciones, Mariano Rajoy, ha confirmado este mi\\u00e9rcoles que no hay v\\u00edctimas espa\\u00f1olas en los atentados perpetrados a \\u00faltima hora de este martes en el aeropuerto Ataturk de Estambul que se ha saldado con al menos 36 muertos y 147 heridos. \\\"No hay\\\", ha confirmado Rajoy en declaraciones a la\",\"inLanguage\":\"es-ES\",\"isPartOf\":{\"@id\":\"https:\\\/\\\/eldigitaldeasturias.com\\\/magazine365\\\/#website\"},\"breadcrumb\":{\"@id\":\"https:\\\/\\\/eldigitaldeasturias.com\\\/magazine365\\\/rajoy-confirma-que-no-hay-victimas-espanolas-en-los-atentados-contra-el-aeropuerto-de-estambul\\\/#breadcrumblist\"},\"author\":{\"@id\":\"https:\\\/\\\/eldigitaldeasturias.com\\\/magazine365\\\/author\\\/admin\\\/#author\"},\"creator\":{\"@id\":\"https:\\\/\\\/eldigitaldeasturias.com\\\/magazine365\\\/author\\\/admin\\\/#author\"},\"image\":{\"@type\":\"ImageObject\",\"url\":\"https:\\\/\\\/eldigitaldeasturias.com\\\/magazine365\\\/wp-content\\\/uploads\\\/2016\\\/06\\\/fotonoticia_20160629104837_800.jpg\",\"@id\":\"https:\\\/\\\/eldigitaldeasturias.com\\\/magazine365\\\/rajoy-confirma-que-no-hay-victimas-espanolas-en-los-atentados-contra-el-aeropuerto-de-estambul\\\/#mainImage\",\"width\":800,\"height\":533},\"primaryImageOfPage\":{\"@id\":\"https:\\\/\\\/eldigitaldeasturias.com\\\/magazine365\\\/rajoy-confirma-que-no-hay-victimas-espanolas-en-los-atentados-contra-el-aeropuerto-de-estambul\\\/#mainImage\"},\"datePublished\":\"2016-06-29T20:00:01+02:00\",\"dateModified\":\"2016-06-29T20:00:01+02:00\"},{\"@type\":\"WebSite\",\"@id\":\"https:\\\/\\\/eldigitaldeasturias.com\\\/magazine365\\\/#website\",\"url\":\"https:\\\/\\\/eldigitaldeasturias.com\\\/magazine365\\\/\",\"name\":\"El Digital de Asturias\",\"description\":\"Revista de ocio, turismo y estilo de vida\",\"inLanguage\":\"es-ES\",\"publisher\":{\"@id\":\"https:\\\/\\\/eldigitaldeasturias.com\\\/magazine365\\\/#organization\"}}]}\n\t\t<\/script>\n\t\t<!-- All in One SEO Pro -->\r\n\t\t<title>Rajoy confirma que no hay v\u00edctimas espa\u00f1olas en los atentados contra el aeropuerto de Estambul | El Digital de Asturias<\/title>\n\n","aioseo_head_json":{"title":"Rajoy confirma que no hay v\u00edctimas espa\u00f1olas en los atentados contra el aeropuerto de Estambul | El Digital de Asturias","description":"El presidente del Gobierno espa\u00f1ol en funciones, Mariano Rajoy, ha confirmado este mi\u00e9rcoles que no hay v\u00edctimas espa\u00f1olas en los atentados perpetrados a \u00faltima hora de este martes en el aeropuerto Ataturk de Estambul que se ha saldado con al menos 36 muertos y 147 heridos. \"No hay\", ha confirmado Rajoy en declaraciones a la","canonical_url":"https:\/\/eldigitaldeasturias.com\/magazine365\/rajoy-confirma-que-no-hay-victimas-espanolas-en-los-atentados-contra-el-aeropuerto-de-estambul\/","robots":"max-image-preview:large","keywords":"noticias y actualidad","webmasterTools":{"google-site-verification":"UA-38556648-1","miscellaneous":""},"schema":{"@context":"https:\/\/schema.org","@graph":[{"@type":"Article","@id":"https:\/\/eldigitaldeasturias.com\/magazine365\/rajoy-confirma-que-no-hay-victimas-espanolas-en-los-atentados-contra-el-aeropuerto-de-estambul\/#article","name":"Rajoy confirma que no hay v\u00edctimas espa\u00f1olas en los atentados contra el aeropuerto de Estambul | El Digital de Asturias","headline":"Rajoy confirma que no hay v\u00edctimas espa\u00f1olas en los atentados contra el aeropuerto de Estambul","author":{"@id":"https:\/\/eldigitaldeasturias.com\/magazine365\/author\/admin\/#author"},"publisher":{"@id":"https:\/\/eldigitaldeasturias.com\/magazine365\/#organization"},"image":{"@type":"ImageObject","url":"https:\/\/eldigitaldeasturias.com\/magazine365\/wp-content\/uploads\/2016\/06\/fotonoticia_20160629104837_800.jpg","width":800,"height":533},"datePublished":"2016-06-29T20:00:01+02:00","dateModified":"2016-06-29T20:00:01+02:00","inLanguage":"es-ES","mainEntityOfPage":{"@id":"https:\/\/eldigitaldeasturias.com\/magazine365\/rajoy-confirma-que-no-hay-victimas-espanolas-en-los-atentados-contra-el-aeropuerto-de-estambul\/#webpage"},"isPartOf":{"@id":"https:\/\/eldigitaldeasturias.com\/magazine365\/rajoy-confirma-que-no-hay-victimas-espanolas-en-los-atentados-contra-el-aeropuerto-de-estambul\/#webpage"},"articleSection":"Noticias y Actualidad"},{"@type":"BreadcrumbList","@id":"https:\/\/eldigitaldeasturias.com\/magazine365\/rajoy-confirma-que-no-hay-victimas-espanolas-en-los-atentados-contra-el-aeropuerto-de-estambul\/#breadcrumblist","itemListElement":[{"@type":"ListItem","@id":"https:\/\/eldigitaldeasturias.com\/magazine365#listItem","position":1,"name":"Home","item":"https:\/\/eldigitaldeasturias.com\/magazine365","nextItem":{"@type":"ListItem","@id":"https:\/\/eldigitaldeasturias.com\/magazine365\/category\/noticias-actualidad\/#listItem","name":"Noticias y Actualidad"}},{"@type":"ListItem","@id":"https:\/\/eldigitaldeasturias.com\/magazine365\/category\/noticias-actualidad\/#listItem","position":2,"name":"Noticias y Actualidad","item":"https:\/\/eldigitaldeasturias.com\/magazine365\/category\/noticias-actualidad\/","nextItem":{"@type":"ListItem","@id":"https:\/\/eldigitaldeasturias.com\/magazine365\/rajoy-confirma-que-no-hay-victimas-espanolas-en-los-atentados-contra-el-aeropuerto-de-estambul\/#listItem","name":"Rajoy confirma que no hay v\u00edctimas espa\u00f1olas en los atentados contra el aeropuerto de Estambul"},"previousItem":{"@type":"ListItem","@id":"https:\/\/eldigitaldeasturias.com\/magazine365#listItem","name":"Home"}},{"@type":"ListItem","@id":"https:\/\/eldigitaldeasturias.com\/magazine365\/rajoy-confirma-que-no-hay-victimas-espanolas-en-los-atentados-contra-el-aeropuerto-de-estambul\/#listItem","position":3,"name":"Rajoy confirma que no hay v\u00edctimas espa\u00f1olas en los atentados contra el aeropuerto de Estambul","previousItem":{"@type":"ListItem","@id":"https:\/\/eldigitaldeasturias.com\/magazine365\/category\/noticias-actualidad\/#listItem","name":"Noticias y Actualidad"}}]},{"@type":"Organization","@id":"https:\/\/eldigitaldeasturias.com\/magazine365\/#organization","name":"El digital de Asturias","description":"Revista de ocio, turismo y estilo de vida","url":"https:\/\/eldigitaldeasturias.com\/magazine365\/","logo":{"@type":"ImageObject","url":"https:\/\/www.eldigitaldeasturias.com\/noticias\/wp-content\/uploads\/2020\/12\/EDA.jpg","@id":"https:\/\/eldigitaldeasturias.com\/magazine365\/rajoy-confirma-que-no-hay-victimas-espanolas-en-los-atentados-contra-el-aeropuerto-de-estambul\/#organizationLogo"},"image":{"@id":"https:\/\/eldigitaldeasturias.com\/magazine365\/rajoy-confirma-que-no-hay-victimas-espanolas-en-los-atentados-contra-el-aeropuerto-de-estambul\/#organizationLogo"}},{"@type":"Person","@id":"https:\/\/eldigitaldeasturias.com\/magazine365\/author\/admin\/#author","url":"https:\/\/eldigitaldeasturias.com\/magazine365\/author\/admin\/","name":"admin","image":{"@type":"ImageObject","@id":"https:\/\/eldigitaldeasturias.com\/magazine365\/rajoy-confirma-que-no-hay-victimas-espanolas-en-los-atentados-contra-el-aeropuerto-de-estambul\/#authorImage","url":"https:\/\/eldigitaldeasturias.com\/magazine365\/wp-content\/litespeed\/avatar\/e571bcf59a0edd6fa6838245a470f2fe.jpg?ver=1776969259","width":96,"height":96,"caption":"admin"}},{"@type":"WebPage","@id":"https:\/\/eldigitaldeasturias.com\/magazine365\/rajoy-confirma-que-no-hay-victimas-espanolas-en-los-atentados-contra-el-aeropuerto-de-estambul\/#webpage","url":"https:\/\/eldigitaldeasturias.com\/magazine365\/rajoy-confirma-que-no-hay-victimas-espanolas-en-los-atentados-contra-el-aeropuerto-de-estambul\/","name":"Rajoy confirma que no hay v\u00edctimas espa\u00f1olas en los atentados contra el aeropuerto de Estambul | El Digital de Asturias","description":"El presidente del Gobierno espa\u00f1ol en funciones, Mariano Rajoy, ha confirmado este mi\u00e9rcoles que no hay v\u00edctimas espa\u00f1olas en los atentados perpetrados a \u00faltima hora de este martes en el aeropuerto Ataturk de Estambul que se ha saldado con al menos 36 muertos y 147 heridos. \"No hay\", ha confirmado Rajoy en declaraciones a la","inLanguage":"es-ES","isPartOf":{"@id":"https:\/\/eldigitaldeasturias.com\/magazine365\/#website"},"breadcrumb":{"@id":"https:\/\/eldigitaldeasturias.com\/magazine365\/rajoy-confirma-que-no-hay-victimas-espanolas-en-los-atentados-contra-el-aeropuerto-de-estambul\/#breadcrumblist"},"author":{"@id":"https:\/\/eldigitaldeasturias.com\/magazine365\/author\/admin\/#author"},"creator":{"@id":"https:\/\/eldigitaldeasturias.com\/magazine365\/author\/admin\/#author"},"image":{"@type":"ImageObject","url":"https:\/\/eldigitaldeasturias.com\/magazine365\/wp-content\/uploads\/2016\/06\/fotonoticia_20160629104837_800.jpg","@id":"https:\/\/eldigitaldeasturias.com\/magazine365\/rajoy-confirma-que-no-hay-victimas-espanolas-en-los-atentados-contra-el-aeropuerto-de-estambul\/#mainImage","width":800,"height":533},"primaryImageOfPage":{"@id":"https:\/\/eldigitaldeasturias.com\/magazine365\/rajoy-confirma-que-no-hay-victimas-espanolas-en-los-atentados-contra-el-aeropuerto-de-estambul\/#mainImage"},"datePublished":"2016-06-29T20:00:01+02:00","dateModified":"2016-06-29T20:00:01+02:00"},{"@type":"WebSite","@id":"https:\/\/eldigitaldeasturias.com\/magazine365\/#website","url":"https:\/\/eldigitaldeasturias.com\/magazine365\/","name":"El Digital de Asturias","description":"Revista de ocio, turismo y estilo de vida","inLanguage":"es-ES","publisher":{"@id":"https:\/\/eldigitaldeasturias.com\/magazine365\/#organization"}}]},"og:locale":"es_ES","og:site_name":"El Digital de Asturias \u2013 Revista de ocio, turismo y estilo de vida","og:type":"article","og:title":"Rajoy confirma que no hay v\u00edctimas espa\u00f1olas en los atentados contra el aeropuerto de Estambul | El Digital de Asturias","og:description":"El presidente del Gobierno espa\u00f1ol en funciones, Mariano Rajoy, ha confirmado este mi\u00e9rcoles que no hay v\u00edctimas espa\u00f1olas en los atentados perpetrados a \u00faltima hora de este martes en el aeropuerto Ataturk de Estambul que se ha saldado con al menos 36 muertos y 147 heridos. &quot;No hay&quot;, ha confirmado Rajoy en declaraciones a la","og:url":"https:\/\/eldigitaldeasturias.com\/magazine365\/rajoy-confirma-que-no-hay-victimas-espanolas-en-los-atentados-contra-el-aeropuerto-de-estambul\/","og:image":"https:\/\/eldigitaldeasturias.com\/magazine365\/wp-content\/uploads\/2016\/06\/fotonoticia_20160629104837_800.jpg","og:image:secure_url":"https:\/\/eldigitaldeasturias.com\/magazine365\/wp-content\/uploads\/2016\/06\/fotonoticia_20160629104837_800.jpg","og:image:width":800,"og:image:height":533,"article:published_time":"2016-06-29T18:00:01+00:00","article:modified_time":"2016-06-29T18:00:01+00:00","twitter:card":"summary_large_image","twitter:title":"Rajoy confirma que no hay v\u00edctimas espa\u00f1olas en los atentados contra el aeropuerto de Estambul | El Digital de Asturias","twitter:description":"El presidente del Gobierno espa\u00f1ol en funciones, Mariano Rajoy, ha confirmado este mi\u00e9rcoles que no hay v\u00edctimas espa\u00f1olas en los atentados perpetrados a \u00faltima hora de este martes en el aeropuerto Ataturk de Estambul que se ha saldado con al menos 36 muertos y 147 heridos. &quot;No hay&quot;, ha confirmado Rajoy en declaraciones a la","twitter:image":"https:\/\/eldigitaldeasturias.com\/magazine365\/wp-content\/uploads\/2016\/06\/fotonoticia_20160629104837_800.jpg"},"aioseo_meta_data":{"post_id":"81036","title":null,"description":null,"keywords":null,"keyphrases":null,"primary_term":null,"canonical_url":null,"og_title":null,"og_description":null,"og_object_type":"default","og_image_type":"default","og_image_url":null,"og_image_width":null,"og_image_height":null,"og_image_custom_url":null,"og_image_custom_fields":null,"og_video":null,"og_custom_url":null,"og_article_section":null,"og_article_tags":null,"twitter_use_og":false,"twitter_card":"default","twitter_image_type":"default","twitter_image_url":null,"twitter_image_custom_url":null,"twitter_image_custom_fields":null,"twitter_title":null,"twitter_description":null,"schema":{"blockGraphs":[],"customGraphs":[],"default":{"data":{"Article":[],"Course":[],"Dataset":[],"FAQPage":[],"Movie":[],"Person":[],"Product":[],"ProductReview":[],"Car":[],"Recipe":[],"Service":[],"SoftwareApplication":[],"WebPage":[]},"graphName":"","isEnabled":true},"graphs":[],"defaultGraph":"","defaultPostTypeGraph":""},"schema_type":null,"schema_type_options":null,"pillar_content":false,"robots_default":true,"robots_noindex":false,"robots_noarchive":false,"robots_nosnippet":false,"robots_nofollow":false,"robots_noimageindex":false,"robots_noodp":false,"robots_notranslate":false,"robots_max_snippet":null,"robots_max_videopreview":null,"robots_max_imagepreview":"large","priority":null,"frequency":null,"location":null,"local_seo":null,"seo_analyzer_scan_date":"2025-09-27 22:02:13","breadcrumb_settings":null,"limit_modified_date":false,"open_ai":null,"ai":null,"created":"2021-03-08 17:22:47","updated":"2025-09-27 22:02:13"},"aioseo_breadcrumb":"<div class=\"aioseo-breadcrumbs\"><span class=\"aioseo-breadcrumb\">\n\t<a href=\"https:\/\/eldigitaldeasturias.com\/magazine365\" title=\"Home\">Home<\/a>\n<\/span><span class=\"aioseo-breadcrumb-separator\">\u2013<\/span><span class=\"aioseo-breadcrumb\">\n\t<a href=\"https:\/\/eldigitaldeasturias.com\/magazine365\/category\/noticias-actualidad\/\" title=\"Noticias y Actualidad\">Noticias y Actualidad<\/a>\n<\/span><span class=\"aioseo-breadcrumb-separator\">\u2013<\/span><span class=\"aioseo-breadcrumb\">\n\t<a href=\"https:\/\/eldigitaldeasturias.com\/magazine365\/rajoy-confirma-que-no-hay-victimas-espanolas-en-los-atentados-contra-el-aeropuerto-de-estambul\/\" title=\"Rajoy confirma que no hay v\u00edctimas espa\u00f1olas en los atentados contra el aeropuerto de Estambul\">Rajoy confirma que no hay v\u00edctimas espa\u00f1olas en los atentados contra el aeropuerto de Estambul<\/a>\n<\/span><\/div>","aioseo_breadcrumb_json":[{"label":"Home","link":"https:\/\/eldigitaldeasturias.com\/magazine365"},{"label":"Noticias y Actualidad","link":"https:\/\/eldigitaldeasturias.com\/magazine365\/category\/noticias-actualidad\/"},{"label":"Rajoy confirma que no hay v\u00edctimas espa\u00f1olas en los atentados contra el aeropuerto de Estambul","link":"https:\/\/eldigitaldeasturias.com\/magazine365\/rajoy-confirma-que-no-hay-victimas-espanolas-en-los-atentados-contra-el-aeropuerto-de-estambul\/"}],"_links":{"self":[{"href":"https:\/\/eldigitaldeasturias.com\/magazine365\/wp-json\/wp\/v2\/posts\/81036","targetHints":{"allow":["GET"]}}],"collection":[{"href":"https:\/\/eldigitaldeasturias.com\/magazine365\/wp-json\/wp\/v2\/posts"}],"about":[{"href":"https:\/\/eldigitaldeasturias.com\/magazine365\/wp-json\/wp\/v2\/types\/post"}],"author":[{"embeddable":true,"href":"https:\/\/eldigitaldeasturias.com\/magazine365\/wp-json\/wp\/v2\/users\/1"}],"replies":[{"embeddable":true,"href":"https:\/\/eldigitaldeasturias.com\/magazine365\/wp-json\/wp\/v2\/comments?post=81036"}],"version-history":[{"count":0,"href":"https:\/\/eldigitaldeasturias.com\/magazine365\/wp-json\/wp\/v2\/posts\/81036\/revisions"}],"wp:featuredmedia":[{"embeddable":true,"href":"https:\/\/eldigitaldeasturias.com\/magazine365\/wp-json\/wp\/v2\/media\/81037"}],"wp:attachment":[{"href":"https:\/\/eldigitaldeasturias.com\/magazine365\/wp-json\/wp\/v2\/media?parent=81036"}],"wp:term":[{"taxonomy":"category","embeddable":true,"href":"https:\/\/eldigitaldeasturias.com\/magazine365\/wp-json\/wp\/v2\/categories?post=81036"},{"taxonomy":"post_tag","embeddable":true,"href":"https:\/\/eldigitaldeasturias.com\/magazine365\/wp-json\/wp\/v2\/tags?post=81036"}],"curies":[{"name":"wp","href":"https:\/\/api.w.org\/{rel}","templated":true}]}}