{"id":81017,"date":"2016-06-29T19:55:03","date_gmt":"2016-06-29T17:55:03","guid":{"rendered":"http:\/\/eldigitaldeasturias.com\/magazine365\/?p=81017"},"modified":"2016-06-29T19:55:48","modified_gmt":"2016-06-29T17:55:48","slug":"al-menos-31-heridos-y-147-muertos-en-el-atentado-del-aeropuerto-ataturk-de-estambul","status":"publish","type":"post","link":"https:\/\/eldigitaldeasturias.com\/magazine365\/al-menos-31-heridos-y-147-muertos-en-el-atentado-del-aeropuerto-ataturk-de-estambul\/","title":{"rendered":"Al menos 31 muertos y 147 heridos en el atentado del aeropuerto Ataturk de Estambul"},"content":{"rendered":"<p><img fetchpriority=\"high\" decoding=\"async\" class=\"alignleft size-medium wp-image-81018\" src=\"https:\/\/eldigitaldeasturias.com\/magazine365\/wp-content\/uploads\/2016\/06\/fotonoticia_20160629011457_800-360x240.jpg\" alt=\"fotonoticia_20160629011457_800\" width=\"360\" height=\"240\" \/><\/p>\n<p>El ministro de Justicia de Turqu\u00eda, Bekir Bozdag, ha confirmado el nuevo balance de v\u00edctimas tras el atentado m\u00faltiple ocurrido a \u00faltima hora de este martes en el aeropuerto Ataturk de Estambul, elevando la cifra de muertos a 31 y la de heridos a 147, seg\u00fan recoge la cadena de televisi\u00f3n turca Haberturk.<\/p>\n<p>Ning\u00fan grupo ha reivindicado por el momento la autor\u00eda de los ataques, pero las autoridades turcas sospechan de que el autodenominado Estado Isl\u00e1mico podr\u00eda estar detr\u00e1s de ellos.<\/p>\n<p>Las autoridades atribuyeron inicialmente el ataque a dos terroristas suicidas que se inmolaron en la zona del control de seguridad del aeropuerto Ataturk, el principal aer\u00f3dromo de la ciudad turca, pero el gobernador ha asegurado que ahora creen que han sido tres, seg\u00fan la cadena NTV.<\/p>\n<p>Bozdag ha explicado que uno de ellos abri\u00f3 fuego con un fusil kalashnikov antes de detonar los explosivos, informa la agencia oficial Anatolia.<\/p>\n","protected":false},"excerpt":{"rendered":"<p>El ministro de Justicia de Turqu\u00eda, Bekir Bozdag, ha confirmado el nuevo balance de v\u00edctimas tras el atentado m\u00faltiple ocurrido a \u00faltima hora de este martes en el aeropuerto Ataturk de Estambul, elevando la cifra de muertos a 31 y la de heridos a 147, seg\u00fan recoge la cadena de televisi\u00f3n turca Haberturk. Ning\u00fan grupo<\/p>\n","protected":false},"author":1,"featured_media":0,"comment_status":"open","ping_status":"closed","sticky":false,"template":"","format":"standard","meta":{"footnotes":""},"categories":[224],"tags":[],"class_list":{"0":"post-81017","1":"post","2":"type-post","3":"status-publish","4":"format-standard","6":"category-noticias-actualidad"},"aioseo_notices":[],"aioseo_head":"\n\t\t<!-- All in One SEO Pro 4.9.6.1 - aioseo.com -->\n\t<meta name=\"description\" content=\"El ministro de Justicia de Turqu\u00eda, Bekir Bozdag, ha confirmado el nuevo balance de v\u00edctimas tras el atentado m\u00faltiple ocurrido a \u00faltima hora de este martes en el aeropuerto Ataturk de Estambul, elevando la cifra de muertos a 31 y la de heridos a 147, seg\u00fan recoge la cadena de televisi\u00f3n turca Haberturk. Ning\u00fan grupo\" \/>\n\t<meta name=\"robots\" content=\"max-image-preview:large\" \/>\n\t<meta name=\"author\" content=\"admin\"\/>\n\t<meta name=\"google-site-verification\" content=\"UA-38556648-1\" \/>\n\t<meta name=\"keywords\" content=\"noticias y actualidad\" \/>\n\t<link rel=\"canonical\" href=\"https:\/\/eldigitaldeasturias.com\/magazine365\/al-menos-31-heridos-y-147-muertos-en-el-atentado-del-aeropuerto-ataturk-de-estambul\/\" \/>\n\t<meta name=\"generator\" content=\"All in One SEO Pro (AIOSEO) 4.9.6.1\" \/>\n\t\t<meta property=\"og:locale\" content=\"es_ES\" \/>\n\t\t<meta property=\"og:site_name\" content=\"El Digital de Asturias \u2013 Revista de ocio, turismo y estilo de vida\" \/>\n\t\t<meta property=\"og:type\" content=\"article\" \/>\n\t\t<meta property=\"og:title\" content=\"Al menos 31 muertos y 147 heridos en el atentado del aeropuerto Ataturk de Estambul | El Digital de Asturias\" \/>\n\t\t<meta property=\"og:description\" content=\"El ministro de Justicia de Turqu\u00eda, Bekir Bozdag, ha confirmado el nuevo balance de v\u00edctimas tras el atentado m\u00faltiple ocurrido a \u00faltima hora de este martes en el aeropuerto Ataturk de Estambul, elevando la cifra de muertos a 31 y la de heridos a 147, seg\u00fan recoge la cadena de televisi\u00f3n turca Haberturk. Ning\u00fan grupo\" \/>\n\t\t<meta property=\"og:url\" content=\"https:\/\/eldigitaldeasturias.com\/magazine365\/al-menos-31-heridos-y-147-muertos-en-el-atentado-del-aeropuerto-ataturk-de-estambul\/\" \/>\n\t\t<meta property=\"og:image\" content=\"https:\/\/www.eldigitaldeasturias.com\/noticias\/wp-content\/uploads\/2020\/12\/EDA.jpg\" \/>\n\t\t<meta property=\"og:image:secure_url\" content=\"https:\/\/www.eldigitaldeasturias.com\/noticias\/wp-content\/uploads\/2020\/12\/EDA.jpg\" \/>\n\t\t<meta property=\"article:published_time\" content=\"2016-06-29T17:55:03+00:00\" \/>\n\t\t<meta property=\"article:modified_time\" content=\"2016-06-29T17:55:48+00:00\" \/>\n\t\t<meta name=\"twitter:card\" content=\"summary_large_image\" \/>\n\t\t<meta name=\"twitter:title\" content=\"Al menos 31 muertos y 147 heridos en el atentado del aeropuerto Ataturk de Estambul | El Digital de Asturias\" \/>\n\t\t<meta name=\"twitter:description\" content=\"El ministro de Justicia de Turqu\u00eda, Bekir Bozdag, ha confirmado el nuevo balance de v\u00edctimas tras el atentado m\u00faltiple ocurrido a \u00faltima hora de este martes en el aeropuerto Ataturk de Estambul, elevando la cifra de muertos a 31 y la de heridos a 147, seg\u00fan recoge la cadena de televisi\u00f3n turca Haberturk. Ning\u00fan grupo\" \/>\n\t\t<meta name=\"twitter:image\" content=\"https:\/\/www.eldigitaldeasturias.com\/noticias\/wp-content\/uploads\/2020\/12\/EDA.jpg\" \/>\n\t\t<script type=\"application\/ld+json\" class=\"aioseo-schema\">\n\t\t\t{\"@context\":\"https:\\\/\\\/schema.org\",\"@graph\":[{\"@type\":\"Article\",\"@id\":\"https:\\\/\\\/eldigitaldeasturias.com\\\/magazine365\\\/al-menos-31-heridos-y-147-muertos-en-el-atentado-del-aeropuerto-ataturk-de-estambul\\\/#article\",\"name\":\"Al menos 31 muertos y 147 heridos en el atentado del aeropuerto Ataturk de Estambul | El Digital de Asturias\",\"headline\":\"Al menos 31 muertos y 147 heridos en el atentado del aeropuerto Ataturk de Estambul\",\"author\":{\"@id\":\"https:\\\/\\\/eldigitaldeasturias.com\\\/magazine365\\\/author\\\/admin\\\/#author\"},\"publisher\":{\"@id\":\"https:\\\/\\\/eldigitaldeasturias.com\\\/magazine365\\\/#organization\"},\"image\":{\"@type\":\"ImageObject\",\"url\":\"http:\\\/\\\/eldigitaldeasturias.com\\\/magazine365\\\/wp-content\\\/uploads\\\/2016\\\/06\\\/fotonoticia_20160629011457_800-360x240.jpg\",\"@id\":\"https:\\\/\\\/eldigitaldeasturias.com\\\/magazine365\\\/al-menos-31-heridos-y-147-muertos-en-el-atentado-del-aeropuerto-ataturk-de-estambul\\\/#articleImage\"},\"datePublished\":\"2016-06-29T19:55:03+02:00\",\"dateModified\":\"2016-06-29T19:55:48+02:00\",\"inLanguage\":\"es-ES\",\"mainEntityOfPage\":{\"@id\":\"https:\\\/\\\/eldigitaldeasturias.com\\\/magazine365\\\/al-menos-31-heridos-y-147-muertos-en-el-atentado-del-aeropuerto-ataturk-de-estambul\\\/#webpage\"},\"isPartOf\":{\"@id\":\"https:\\\/\\\/eldigitaldeasturias.com\\\/magazine365\\\/al-menos-31-heridos-y-147-muertos-en-el-atentado-del-aeropuerto-ataturk-de-estambul\\\/#webpage\"},\"articleSection\":\"Noticias y Actualidad\"},{\"@type\":\"BreadcrumbList\",\"@id\":\"https:\\\/\\\/eldigitaldeasturias.com\\\/magazine365\\\/al-menos-31-heridos-y-147-muertos-en-el-atentado-del-aeropuerto-ataturk-de-estambul\\\/#breadcrumblist\",\"itemListElement\":[{\"@type\":\"ListItem\",\"@id\":\"https:\\\/\\\/eldigitaldeasturias.com\\\/magazine365#listItem\",\"position\":1,\"name\":\"Home\",\"item\":\"https:\\\/\\\/eldigitaldeasturias.com\\\/magazine365\",\"nextItem\":{\"@type\":\"ListItem\",\"@id\":\"https:\\\/\\\/eldigitaldeasturias.com\\\/magazine365\\\/category\\\/noticias-actualidad\\\/#listItem\",\"name\":\"Noticias y Actualidad\"}},{\"@type\":\"ListItem\",\"@id\":\"https:\\\/\\\/eldigitaldeasturias.com\\\/magazine365\\\/category\\\/noticias-actualidad\\\/#listItem\",\"position\":2,\"name\":\"Noticias y Actualidad\",\"item\":\"https:\\\/\\\/eldigitaldeasturias.com\\\/magazine365\\\/category\\\/noticias-actualidad\\\/\",\"nextItem\":{\"@type\":\"ListItem\",\"@id\":\"https:\\\/\\\/eldigitaldeasturias.com\\\/magazine365\\\/al-menos-31-heridos-y-147-muertos-en-el-atentado-del-aeropuerto-ataturk-de-estambul\\\/#listItem\",\"name\":\"Al menos 31 muertos y 147 heridos en el atentado del aeropuerto Ataturk de Estambul\"},\"previousItem\":{\"@type\":\"ListItem\",\"@id\":\"https:\\\/\\\/eldigitaldeasturias.com\\\/magazine365#listItem\",\"name\":\"Home\"}},{\"@type\":\"ListItem\",\"@id\":\"https:\\\/\\\/eldigitaldeasturias.com\\\/magazine365\\\/al-menos-31-heridos-y-147-muertos-en-el-atentado-del-aeropuerto-ataturk-de-estambul\\\/#listItem\",\"position\":3,\"name\":\"Al menos 31 muertos y 147 heridos en el atentado del aeropuerto Ataturk de Estambul\",\"previousItem\":{\"@type\":\"ListItem\",\"@id\":\"https:\\\/\\\/eldigitaldeasturias.com\\\/magazine365\\\/category\\\/noticias-actualidad\\\/#listItem\",\"name\":\"Noticias y Actualidad\"}}]},{\"@type\":\"Organization\",\"@id\":\"https:\\\/\\\/eldigitaldeasturias.com\\\/magazine365\\\/#organization\",\"name\":\"El digital de Asturias\",\"description\":\"Revista de ocio, turismo y estilo de vida\",\"url\":\"https:\\\/\\\/eldigitaldeasturias.com\\\/magazine365\\\/\",\"logo\":{\"@type\":\"ImageObject\",\"url\":\"https:\\\/\\\/www.eldigitaldeasturias.com\\\/noticias\\\/wp-content\\\/uploads\\\/2020\\\/12\\\/EDA.jpg\",\"@id\":\"https:\\\/\\\/eldigitaldeasturias.com\\\/magazine365\\\/al-menos-31-heridos-y-147-muertos-en-el-atentado-del-aeropuerto-ataturk-de-estambul\\\/#organizationLogo\"},\"image\":{\"@id\":\"https:\\\/\\\/eldigitaldeasturias.com\\\/magazine365\\\/al-menos-31-heridos-y-147-muertos-en-el-atentado-del-aeropuerto-ataturk-de-estambul\\\/#organizationLogo\"}},{\"@type\":\"Person\",\"@id\":\"https:\\\/\\\/eldigitaldeasturias.com\\\/magazine365\\\/author\\\/admin\\\/#author\",\"url\":\"https:\\\/\\\/eldigitaldeasturias.com\\\/magazine365\\\/author\\\/admin\\\/\",\"name\":\"admin\",\"image\":{\"@type\":\"ImageObject\",\"@id\":\"https:\\\/\\\/eldigitaldeasturias.com\\\/magazine365\\\/al-menos-31-heridos-y-147-muertos-en-el-atentado-del-aeropuerto-ataturk-de-estambul\\\/#authorImage\",\"url\":\"https:\\\/\\\/eldigitaldeasturias.com\\\/magazine365\\\/wp-content\\\/litespeed\\\/avatar\\\/e571bcf59a0edd6fa6838245a470f2fe.jpg?ver=1776969259\",\"width\":96,\"height\":96,\"caption\":\"admin\"}},{\"@type\":\"WebPage\",\"@id\":\"https:\\\/\\\/eldigitaldeasturias.com\\\/magazine365\\\/al-menos-31-heridos-y-147-muertos-en-el-atentado-del-aeropuerto-ataturk-de-estambul\\\/#webpage\",\"url\":\"https:\\\/\\\/eldigitaldeasturias.com\\\/magazine365\\\/al-menos-31-heridos-y-147-muertos-en-el-atentado-del-aeropuerto-ataturk-de-estambul\\\/\",\"name\":\"Al menos 31 muertos y 147 heridos en el atentado del aeropuerto Ataturk de Estambul | El Digital de Asturias\",\"description\":\"El ministro de Justicia de Turqu\\u00eda, Bekir Bozdag, ha confirmado el nuevo balance de v\\u00edctimas tras el atentado m\\u00faltiple ocurrido a \\u00faltima hora de este martes en el aeropuerto Ataturk de Estambul, elevando la cifra de muertos a 31 y la de heridos a 147, seg\\u00fan recoge la cadena de televisi\\u00f3n turca Haberturk. Ning\\u00fan grupo\",\"inLanguage\":\"es-ES\",\"isPartOf\":{\"@id\":\"https:\\\/\\\/eldigitaldeasturias.com\\\/magazine365\\\/#website\"},\"breadcrumb\":{\"@id\":\"https:\\\/\\\/eldigitaldeasturias.com\\\/magazine365\\\/al-menos-31-heridos-y-147-muertos-en-el-atentado-del-aeropuerto-ataturk-de-estambul\\\/#breadcrumblist\"},\"author\":{\"@id\":\"https:\\\/\\\/eldigitaldeasturias.com\\\/magazine365\\\/author\\\/admin\\\/#author\"},\"creator\":{\"@id\":\"https:\\\/\\\/eldigitaldeasturias.com\\\/magazine365\\\/author\\\/admin\\\/#author\"},\"datePublished\":\"2016-06-29T19:55:03+02:00\",\"dateModified\":\"2016-06-29T19:55:48+02:00\"},{\"@type\":\"WebSite\",\"@id\":\"https:\\\/\\\/eldigitaldeasturias.com\\\/magazine365\\\/#website\",\"url\":\"https:\\\/\\\/eldigitaldeasturias.com\\\/magazine365\\\/\",\"name\":\"El Digital de Asturias\",\"description\":\"Revista de ocio, turismo y estilo de vida\",\"inLanguage\":\"es-ES\",\"publisher\":{\"@id\":\"https:\\\/\\\/eldigitaldeasturias.com\\\/magazine365\\\/#organization\"}}]}\n\t\t<\/script>\n\t\t<!-- All in One SEO Pro -->\r\n\t\t<title>Al menos 31 muertos y 147 heridos en el atentado del aeropuerto Ataturk de Estambul | El Digital de Asturias<\/title>\n\n","aioseo_head_json":{"title":"Al menos 31 muertos y 147 heridos en el atentado del aeropuerto Ataturk de Estambul | El Digital de Asturias","description":"El ministro de Justicia de Turqu\u00eda, Bekir Bozdag, ha confirmado el nuevo balance de v\u00edctimas tras el atentado m\u00faltiple ocurrido a \u00faltima hora de este martes en el aeropuerto Ataturk de Estambul, elevando la cifra de muertos a 31 y la de heridos a 147, seg\u00fan recoge la cadena de televisi\u00f3n turca Haberturk. Ning\u00fan grupo","canonical_url":"https:\/\/eldigitaldeasturias.com\/magazine365\/al-menos-31-heridos-y-147-muertos-en-el-atentado-del-aeropuerto-ataturk-de-estambul\/","robots":"max-image-preview:large","keywords":"noticias y actualidad","webmasterTools":{"google-site-verification":"UA-38556648-1","miscellaneous":""},"schema":{"@context":"https:\/\/schema.org","@graph":[{"@type":"Article","@id":"https:\/\/eldigitaldeasturias.com\/magazine365\/al-menos-31-heridos-y-147-muertos-en-el-atentado-del-aeropuerto-ataturk-de-estambul\/#article","name":"Al menos 31 muertos y 147 heridos en el atentado del aeropuerto Ataturk de Estambul | El Digital de Asturias","headline":"Al menos 31 muertos y 147 heridos en el atentado del aeropuerto Ataturk de Estambul","author":{"@id":"https:\/\/eldigitaldeasturias.com\/magazine365\/author\/admin\/#author"},"publisher":{"@id":"https:\/\/eldigitaldeasturias.com\/magazine365\/#organization"},"image":{"@type":"ImageObject","url":"http:\/\/eldigitaldeasturias.com\/magazine365\/wp-content\/uploads\/2016\/06\/fotonoticia_20160629011457_800-360x240.jpg","@id":"https:\/\/eldigitaldeasturias.com\/magazine365\/al-menos-31-heridos-y-147-muertos-en-el-atentado-del-aeropuerto-ataturk-de-estambul\/#articleImage"},"datePublished":"2016-06-29T19:55:03+02:00","dateModified":"2016-06-29T19:55:48+02:00","inLanguage":"es-ES","mainEntityOfPage":{"@id":"https:\/\/eldigitaldeasturias.com\/magazine365\/al-menos-31-heridos-y-147-muertos-en-el-atentado-del-aeropuerto-ataturk-de-estambul\/#webpage"},"isPartOf":{"@id":"https:\/\/eldigitaldeasturias.com\/magazine365\/al-menos-31-heridos-y-147-muertos-en-el-atentado-del-aeropuerto-ataturk-de-estambul\/#webpage"},"articleSection":"Noticias y Actualidad"},{"@type":"BreadcrumbList","@id":"https:\/\/eldigitaldeasturias.com\/magazine365\/al-menos-31-heridos-y-147-muertos-en-el-atentado-del-aeropuerto-ataturk-de-estambul\/#breadcrumblist","itemListElement":[{"@type":"ListItem","@id":"https:\/\/eldigitaldeasturias.com\/magazine365#listItem","position":1,"name":"Home","item":"https:\/\/eldigitaldeasturias.com\/magazine365","nextItem":{"@type":"ListItem","@id":"https:\/\/eldigitaldeasturias.com\/magazine365\/category\/noticias-actualidad\/#listItem","name":"Noticias y Actualidad"}},{"@type":"ListItem","@id":"https:\/\/eldigitaldeasturias.com\/magazine365\/category\/noticias-actualidad\/#listItem","position":2,"name":"Noticias y Actualidad","item":"https:\/\/eldigitaldeasturias.com\/magazine365\/category\/noticias-actualidad\/","nextItem":{"@type":"ListItem","@id":"https:\/\/eldigitaldeasturias.com\/magazine365\/al-menos-31-heridos-y-147-muertos-en-el-atentado-del-aeropuerto-ataturk-de-estambul\/#listItem","name":"Al menos 31 muertos y 147 heridos en el atentado del aeropuerto Ataturk de Estambul"},"previousItem":{"@type":"ListItem","@id":"https:\/\/eldigitaldeasturias.com\/magazine365#listItem","name":"Home"}},{"@type":"ListItem","@id":"https:\/\/eldigitaldeasturias.com\/magazine365\/al-menos-31-heridos-y-147-muertos-en-el-atentado-del-aeropuerto-ataturk-de-estambul\/#listItem","position":3,"name":"Al menos 31 muertos y 147 heridos en el atentado del aeropuerto Ataturk de Estambul","previousItem":{"@type":"ListItem","@id":"https:\/\/eldigitaldeasturias.com\/magazine365\/category\/noticias-actualidad\/#listItem","name":"Noticias y Actualidad"}}]},{"@type":"Organization","@id":"https:\/\/eldigitaldeasturias.com\/magazine365\/#organization","name":"El digital de Asturias","description":"Revista de ocio, turismo y estilo de vida","url":"https:\/\/eldigitaldeasturias.com\/magazine365\/","logo":{"@type":"ImageObject","url":"https:\/\/www.eldigitaldeasturias.com\/noticias\/wp-content\/uploads\/2020\/12\/EDA.jpg","@id":"https:\/\/eldigitaldeasturias.com\/magazine365\/al-menos-31-heridos-y-147-muertos-en-el-atentado-del-aeropuerto-ataturk-de-estambul\/#organizationLogo"},"image":{"@id":"https:\/\/eldigitaldeasturias.com\/magazine365\/al-menos-31-heridos-y-147-muertos-en-el-atentado-del-aeropuerto-ataturk-de-estambul\/#organizationLogo"}},{"@type":"Person","@id":"https:\/\/eldigitaldeasturias.com\/magazine365\/author\/admin\/#author","url":"https:\/\/eldigitaldeasturias.com\/magazine365\/author\/admin\/","name":"admin","image":{"@type":"ImageObject","@id":"https:\/\/eldigitaldeasturias.com\/magazine365\/al-menos-31-heridos-y-147-muertos-en-el-atentado-del-aeropuerto-ataturk-de-estambul\/#authorImage","url":"https:\/\/eldigitaldeasturias.com\/magazine365\/wp-content\/litespeed\/avatar\/e571bcf59a0edd6fa6838245a470f2fe.jpg?ver=1776969259","width":96,"height":96,"caption":"admin"}},{"@type":"WebPage","@id":"https:\/\/eldigitaldeasturias.com\/magazine365\/al-menos-31-heridos-y-147-muertos-en-el-atentado-del-aeropuerto-ataturk-de-estambul\/#webpage","url":"https:\/\/eldigitaldeasturias.com\/magazine365\/al-menos-31-heridos-y-147-muertos-en-el-atentado-del-aeropuerto-ataturk-de-estambul\/","name":"Al menos 31 muertos y 147 heridos en el atentado del aeropuerto Ataturk de Estambul | El Digital de Asturias","description":"El ministro de Justicia de Turqu\u00eda, Bekir Bozdag, ha confirmado el nuevo balance de v\u00edctimas tras el atentado m\u00faltiple ocurrido a \u00faltima hora de este martes en el aeropuerto Ataturk de Estambul, elevando la cifra de muertos a 31 y la de heridos a 147, seg\u00fan recoge la cadena de televisi\u00f3n turca Haberturk. Ning\u00fan grupo","inLanguage":"es-ES","isPartOf":{"@id":"https:\/\/eldigitaldeasturias.com\/magazine365\/#website"},"breadcrumb":{"@id":"https:\/\/eldigitaldeasturias.com\/magazine365\/al-menos-31-heridos-y-147-muertos-en-el-atentado-del-aeropuerto-ataturk-de-estambul\/#breadcrumblist"},"author":{"@id":"https:\/\/eldigitaldeasturias.com\/magazine365\/author\/admin\/#author"},"creator":{"@id":"https:\/\/eldigitaldeasturias.com\/magazine365\/author\/admin\/#author"},"datePublished":"2016-06-29T19:55:03+02:00","dateModified":"2016-06-29T19:55:48+02:00"},{"@type":"WebSite","@id":"https:\/\/eldigitaldeasturias.com\/magazine365\/#website","url":"https:\/\/eldigitaldeasturias.com\/magazine365\/","name":"El Digital de Asturias","description":"Revista de ocio, turismo y estilo de vida","inLanguage":"es-ES","publisher":{"@id":"https:\/\/eldigitaldeasturias.com\/magazine365\/#organization"}}]},"og:locale":"es_ES","og:site_name":"El Digital de Asturias \u2013 Revista de ocio, turismo y estilo de vida","og:type":"article","og:title":"Al menos 31 muertos y 147 heridos en el atentado del aeropuerto Ataturk de Estambul | El Digital de Asturias","og:description":"El ministro de Justicia de Turqu\u00eda, Bekir Bozdag, ha confirmado el nuevo balance de v\u00edctimas tras el atentado m\u00faltiple ocurrido a \u00faltima hora de este martes en el aeropuerto Ataturk de Estambul, elevando la cifra de muertos a 31 y la de heridos a 147, seg\u00fan recoge la cadena de televisi\u00f3n turca Haberturk. Ning\u00fan grupo","og:url":"https:\/\/eldigitaldeasturias.com\/magazine365\/al-menos-31-heridos-y-147-muertos-en-el-atentado-del-aeropuerto-ataturk-de-estambul\/","og:image":"https:\/\/www.eldigitaldeasturias.com\/noticias\/wp-content\/uploads\/2020\/12\/EDA.jpg","og:image:secure_url":"https:\/\/www.eldigitaldeasturias.com\/noticias\/wp-content\/uploads\/2020\/12\/EDA.jpg","article:published_time":"2016-06-29T17:55:03+00:00","article:modified_time":"2016-06-29T17:55:48+00:00","twitter:card":"summary_large_image","twitter:title":"Al menos 31 muertos y 147 heridos en el atentado del aeropuerto Ataturk de Estambul | El Digital de Asturias","twitter:description":"El ministro de Justicia de Turqu\u00eda, Bekir Bozdag, ha confirmado el nuevo balance de v\u00edctimas tras el atentado m\u00faltiple ocurrido a \u00faltima hora de este martes en el aeropuerto Ataturk de Estambul, elevando la cifra de muertos a 31 y la de heridos a 147, seg\u00fan recoge la cadena de televisi\u00f3n turca Haberturk. Ning\u00fan grupo","twitter:image":"https:\/\/www.eldigitaldeasturias.com\/noticias\/wp-content\/uploads\/2020\/12\/EDA.jpg"},"aioseo_meta_data":{"post_id":"81017","title":null,"description":null,"keywords":null,"keyphrases":null,"primary_term":null,"canonical_url":null,"og_title":null,"og_description":null,"og_object_type":"default","og_image_type":"default","og_image_url":null,"og_image_width":null,"og_image_height":null,"og_image_custom_url":null,"og_image_custom_fields":null,"og_video":null,"og_custom_url":null,"og_article_section":null,"og_article_tags":null,"twitter_use_og":false,"twitter_card":"default","twitter_image_type":"default","twitter_image_url":null,"twitter_image_custom_url":null,"twitter_image_custom_fields":null,"twitter_title":null,"twitter_description":null,"schema":{"blockGraphs":[],"customGraphs":[],"default":{"data":{"Article":[],"Course":[],"Dataset":[],"FAQPage":[],"Movie":[],"Person":[],"Product":[],"ProductReview":[],"Car":[],"Recipe":[],"Service":[],"SoftwareApplication":[],"WebPage":[]},"graphName":"","isEnabled":true},"graphs":[],"defaultGraph":"","defaultPostTypeGraph":""},"schema_type":null,"schema_type_options":null,"pillar_content":false,"robots_default":true,"robots_noindex":false,"robots_noarchive":false,"robots_nosnippet":false,"robots_nofollow":false,"robots_noimageindex":false,"robots_noodp":false,"robots_notranslate":false,"robots_max_snippet":null,"robots_max_videopreview":null,"robots_max_imagepreview":"large","priority":null,"frequency":null,"location":null,"local_seo":null,"seo_analyzer_scan_date":"2025-09-27 21:59:21","breadcrumb_settings":null,"limit_modified_date":false,"open_ai":null,"ai":null,"created":"2021-03-08 17:22:47","updated":"2025-09-27 21:59:21"},"aioseo_breadcrumb":"<div class=\"aioseo-breadcrumbs\"><span class=\"aioseo-breadcrumb\">\n\t<a href=\"https:\/\/eldigitaldeasturias.com\/magazine365\" title=\"Home\">Home<\/a>\n<\/span><span class=\"aioseo-breadcrumb-separator\">\u2013<\/span><span class=\"aioseo-breadcrumb\">\n\t<a href=\"https:\/\/eldigitaldeasturias.com\/magazine365\/category\/noticias-actualidad\/\" title=\"Noticias y Actualidad\">Noticias y Actualidad<\/a>\n<\/span><span class=\"aioseo-breadcrumb-separator\">\u2013<\/span><span class=\"aioseo-breadcrumb\">\n\t<a href=\"https:\/\/eldigitaldeasturias.com\/magazine365\/al-menos-31-heridos-y-147-muertos-en-el-atentado-del-aeropuerto-ataturk-de-estambul\/\" title=\"Al menos 31 muertos y 147 heridos en el atentado del aeropuerto Ataturk de Estambul\">Al menos 31 muertos y 147 heridos en el atentado del aeropuerto Ataturk de Estambul<\/a>\n<\/span><\/div>","aioseo_breadcrumb_json":[{"label":"Home","link":"https:\/\/eldigitaldeasturias.com\/magazine365"},{"label":"Noticias y Actualidad","link":"https:\/\/eldigitaldeasturias.com\/magazine365\/category\/noticias-actualidad\/"},{"label":"Al menos 31 muertos y 147 heridos en el atentado del aeropuerto Ataturk de Estambul","link":"https:\/\/eldigitaldeasturias.com\/magazine365\/al-menos-31-heridos-y-147-muertos-en-el-atentado-del-aeropuerto-ataturk-de-estambul\/"}],"_links":{"self":[{"href":"https:\/\/eldigitaldeasturias.com\/magazine365\/wp-json\/wp\/v2\/posts\/81017","targetHints":{"allow":["GET"]}}],"collection":[{"href":"https:\/\/eldigitaldeasturias.com\/magazine365\/wp-json\/wp\/v2\/posts"}],"about":[{"href":"https:\/\/eldigitaldeasturias.com\/magazine365\/wp-json\/wp\/v2\/types\/post"}],"author":[{"embeddable":true,"href":"https:\/\/eldigitaldeasturias.com\/magazine365\/wp-json\/wp\/v2\/users\/1"}],"replies":[{"embeddable":true,"href":"https:\/\/eldigitaldeasturias.com\/magazine365\/wp-json\/wp\/v2\/comments?post=81017"}],"version-history":[{"count":0,"href":"https:\/\/eldigitaldeasturias.com\/magazine365\/wp-json\/wp\/v2\/posts\/81017\/revisions"}],"wp:attachment":[{"href":"https:\/\/eldigitaldeasturias.com\/magazine365\/wp-json\/wp\/v2\/media?parent=81017"}],"wp:term":[{"taxonomy":"category","embeddable":true,"href":"https:\/\/eldigitaldeasturias.com\/magazine365\/wp-json\/wp\/v2\/categories?post=81017"},{"taxonomy":"post_tag","embeddable":true,"href":"https:\/\/eldigitaldeasturias.com\/magazine365\/wp-json\/wp\/v2\/tags?post=81017"}],"curies":[{"name":"wp","href":"https:\/\/api.w.org\/{rel}","templated":true}]}}