{"id":80999,"date":"2016-06-29T08:46:34","date_gmt":"2016-06-29T06:46:34","guid":{"rendered":"http:\/\/eldigitaldeasturias.com\/magazine365\/?p=80999"},"modified":"2016-06-29T08:46:34","modified_gmt":"2016-06-29T06:46:34","slug":"el-hotel-santos-las-arenas-de-valencia-celebra-su-decimo-aniversario-con-una-exposicion","status":"publish","type":"post","link":"https:\/\/eldigitaldeasturias.com\/magazine365\/el-hotel-santos-las-arenas-de-valencia-celebra-su-decimo-aniversario-con-una-exposicion\/","title":{"rendered":"El Hotel Santos Las Arenas de Valencia celebra su d\u00e9cimo aniversario con una exposici\u00f3n"},"content":{"rendered":"<p><img fetchpriority=\"high\" decoding=\"async\" class=\"alignleft size-medium wp-image-81000\" src=\"https:\/\/eldigitaldeasturias.com\/magazine365\/wp-content\/uploads\/2016\/06\/fotonoticia_20160628190650_800-360x203.jpg\" alt=\"fotonoticia_20160628190650_800\" width=\"360\" height=\"203\" srcset=\"https:\/\/eldigitaldeasturias.com\/magazine365\/wp-content\/uploads\/2016\/06\/fotonoticia_20160628190650_800-360x203.jpg 360w, https:\/\/eldigitaldeasturias.com\/magazine365\/wp-content\/uploads\/2016\/06\/fotonoticia_20160628190650_800-650x366.jpg 650w, https:\/\/eldigitaldeasturias.com\/magazine365\/wp-content\/uploads\/2016\/06\/fotonoticia_20160628190650_800-768x432.jpg 768w, https:\/\/eldigitaldeasturias.com\/magazine365\/wp-content\/uploads\/2016\/06\/fotonoticia_20160628190650_800-150x84.jpg 150w, https:\/\/eldigitaldeasturias.com\/magazine365\/wp-content\/uploads\/2016\/06\/fotonoticia_20160628190650_800-450x253.jpg 450w, https:\/\/eldigitaldeasturias.com\/magazine365\/wp-content\/uploads\/2016\/06\/fotonoticia_20160628190650_800-499x280.jpg 499w, https:\/\/eldigitaldeasturias.com\/magazine365\/wp-content\/uploads\/2016\/06\/fotonoticia_20160628190650_800-510x289.jpg 510w, https:\/\/eldigitaldeasturias.com\/magazine365\/wp-content\/uploads\/2016\/06\/fotonoticia_20160628190650_800.jpg 800w\" sizes=\"(max-width: 360px) 100vw, 360px\" \/>El Hotel Santos Las Arenas de Valencia celebra su d\u00e9cimo aniversario con una exposici\u00f3n que recorre la historia del balneario en los a\u00f1os 20, 30 y 40 mediante fotograf\u00edas de la \u00e9poca y con una fiesta que rememorar\u00e1 aquellos a\u00f1os a trav\u00e9s de espect\u00e1culos y representaciones.<\/p>\n<p>As\u00ed lo ha explicado el director del centro, Carlos Boga, en encuentro de prensa celebrado este martes con motivo del d\u00e9cimo aniversario del hotel. \u00abLlevar hoy en d\u00eda diez a\u00f1os con un negocio abierto sabiendo todo lo que hemos pasado, es para celebrarlo\u00bb, ha dicho.<\/p>\n<p>Tambi\u00e9n ha explicado que la trayectoria del hotel \u00abafortunadamente siempre ha ido &#8216;in crescendo&#8217;, desde 2006 con la Copa Am\u00e9rica y luego superando la crisis con el crecimiento del turismo internacional, que supone aproximadamente un 70 por ciento de nuestra clientela\u00bb.<\/p>\n<p>Seg\u00fan ha apuntado, durante la crisis se resinti\u00f3 el segmento de empresas como clientes pero ha destacado que el turismo \u00abha seguido creciendo en la ciudad\u00bb, ya que \u00abValencia se est\u00e1 internacionalizando cada vez m\u00e1s. \u00abAlicante siempre ha sido una ciudad mucho m\u00e1s internacional y eso en Valencia no pasaba. Eso est\u00e1 cambiando poco a poco\u00bb, ha dicho.<\/p>\n<p>El director del recinto se ha mostrado optimista y ha expresado que pueden apostar \u00abpor diez, por veinte y por treinta a\u00f1os m\u00e1s\u00bb de continuidad del hotel en la ciudad porque \u00abva muy bien\u00bb.<\/p>\n<p>Para celebrar este \u00e9xito, el Hotel Santos Las Arenas ha organizado una fiesta, que contar\u00e1 con 1.000 invitados, cuyo &#8216;leit motiv&#8217; ser\u00e1 la \u00abexcelencia\u00bb con la que trabajan, seg\u00fan su director. Seg\u00fan los responsables de la organizaci\u00f3n del evento, van a representar una historia a trav\u00e9s de varias d\u00e9cadas \u00abpara expresar a trav\u00e9s de un envoltorio art\u00edstico y vivencial que lo que permanece es la excelencia\u00bb.<\/p>\n<p>\u00abHabr\u00e1 una parte de animaci\u00f3n con algo parecido a un parque tem\u00e1tico con cinco zonas que representar\u00e1n las distintas formas de vida que hab\u00eda en los balnearios en los a\u00f1os 20, con magos, caracterizaci\u00f3n de los a\u00f1os 20, representaciones y un espect\u00e1culo de nataci\u00f3n sincronizada\u00bb, han indicado.<\/p>\n<p>&nbsp;<\/p>\n","protected":false},"excerpt":{"rendered":"<p>El Hotel Santos Las Arenas de Valencia celebra su d\u00e9cimo aniversario con una exposici\u00f3n que recorre la historia del balneario en los a\u00f1os 20, 30 y 40 mediante fotograf\u00edas de la \u00e9poca y con una fiesta que rememorar\u00e1 aquellos a\u00f1os a trav\u00e9s de espect\u00e1culos y representaciones. As\u00ed lo ha explicado el director del centro, Carlos<\/p>\n","protected":false},"author":1,"featured_media":81000,"comment_status":"open","ping_status":"closed","sticky":false,"template":"","format":"standard","meta":{"footnotes":""},"categories":[224],"tags":[],"class_list":{"0":"post-80999","1":"post","2":"type-post","3":"status-publish","4":"format-standard","5":"has-post-thumbnail","7":"category-noticias-actualidad"},"aioseo_notices":[],"aioseo_head":"\n\t\t<!-- All in One SEO Pro 4.9.6.1 - aioseo.com -->\n\t<meta name=\"description\" content=\"El Hotel Santos Las Arenas de Valencia celebra su d\u00e9cimo aniversario con una exposici\u00f3n que recorre la historia del balneario en los a\u00f1os 20, 30 y 40 mediante fotograf\u00edas de la \u00e9poca y con una fiesta que rememorar\u00e1 aquellos a\u00f1os a trav\u00e9s de espect\u00e1culos y representaciones. As\u00ed lo ha explicado el director del centro, Carlos\" \/>\n\t<meta name=\"robots\" content=\"max-image-preview:large\" \/>\n\t<meta name=\"author\" content=\"admin\"\/>\n\t<meta name=\"google-site-verification\" content=\"UA-38556648-1\" \/>\n\t<meta name=\"keywords\" content=\"noticias y actualidad\" \/>\n\t<link rel=\"canonical\" href=\"https:\/\/eldigitaldeasturias.com\/magazine365\/el-hotel-santos-las-arenas-de-valencia-celebra-su-decimo-aniversario-con-una-exposicion\/\" \/>\n\t<meta name=\"generator\" content=\"All in One SEO Pro (AIOSEO) 4.9.6.1\" \/>\n\t\t<meta property=\"og:locale\" content=\"es_ES\" \/>\n\t\t<meta property=\"og:site_name\" content=\"El Digital de Asturias \u2013 Revista de ocio, turismo y estilo de vida\" \/>\n\t\t<meta property=\"og:type\" content=\"article\" \/>\n\t\t<meta property=\"og:title\" content=\"El Hotel Santos Las Arenas de Valencia celebra su d\u00e9cimo aniversario con una exposici\u00f3n | El Digital de Asturias\" \/>\n\t\t<meta property=\"og:description\" content=\"El Hotel Santos Las Arenas de Valencia celebra su d\u00e9cimo aniversario con una exposici\u00f3n que recorre la historia del balneario en los a\u00f1os 20, 30 y 40 mediante fotograf\u00edas de la \u00e9poca y con una fiesta que rememorar\u00e1 aquellos a\u00f1os a trav\u00e9s de espect\u00e1culos y representaciones. As\u00ed lo ha explicado el director del centro, Carlos\" \/>\n\t\t<meta property=\"og:url\" content=\"https:\/\/eldigitaldeasturias.com\/magazine365\/el-hotel-santos-las-arenas-de-valencia-celebra-su-decimo-aniversario-con-una-exposicion\/\" \/>\n\t\t<meta property=\"og:image\" content=\"https:\/\/eldigitaldeasturias.com\/magazine365\/wp-content\/uploads\/2016\/06\/fotonoticia_20160628190650_800.jpg\" \/>\n\t\t<meta property=\"og:image:secure_url\" content=\"https:\/\/eldigitaldeasturias.com\/magazine365\/wp-content\/uploads\/2016\/06\/fotonoticia_20160628190650_800.jpg\" \/>\n\t\t<meta property=\"og:image:width\" content=\"800\" \/>\n\t\t<meta property=\"og:image:height\" content=\"450\" \/>\n\t\t<meta property=\"article:published_time\" content=\"2016-06-29T06:46:34+00:00\" \/>\n\t\t<meta property=\"article:modified_time\" content=\"2016-06-29T06:46:34+00:00\" \/>\n\t\t<meta name=\"twitter:card\" content=\"summary_large_image\" \/>\n\t\t<meta name=\"twitter:title\" content=\"El Hotel Santos Las Arenas de Valencia celebra su d\u00e9cimo aniversario con una exposici\u00f3n | El Digital de Asturias\" \/>\n\t\t<meta name=\"twitter:description\" content=\"El Hotel Santos Las Arenas de Valencia celebra su d\u00e9cimo aniversario con una exposici\u00f3n que recorre la historia del balneario en los a\u00f1os 20, 30 y 40 mediante fotograf\u00edas de la \u00e9poca y con una fiesta que rememorar\u00e1 aquellos a\u00f1os a trav\u00e9s de espect\u00e1culos y representaciones. As\u00ed lo ha explicado el director del centro, Carlos\" \/>\n\t\t<meta name=\"twitter:image\" content=\"https:\/\/eldigitaldeasturias.com\/magazine365\/wp-content\/uploads\/2016\/06\/fotonoticia_20160628190650_800.jpg\" \/>\n\t\t<script type=\"application\/ld+json\" class=\"aioseo-schema\">\n\t\t\t{\"@context\":\"https:\\\/\\\/schema.org\",\"@graph\":[{\"@type\":\"Article\",\"@id\":\"https:\\\/\\\/eldigitaldeasturias.com\\\/magazine365\\\/el-hotel-santos-las-arenas-de-valencia-celebra-su-decimo-aniversario-con-una-exposicion\\\/#article\",\"name\":\"El Hotel Santos Las Arenas de Valencia celebra su d\\u00e9cimo aniversario con una exposici\\u00f3n | El Digital de Asturias\",\"headline\":\"El Hotel Santos Las Arenas de Valencia celebra su d\\u00e9cimo aniversario con una exposici\\u00f3n\",\"author\":{\"@id\":\"https:\\\/\\\/eldigitaldeasturias.com\\\/magazine365\\\/author\\\/admin\\\/#author\"},\"publisher\":{\"@id\":\"https:\\\/\\\/eldigitaldeasturias.com\\\/magazine365\\\/#organization\"},\"image\":{\"@type\":\"ImageObject\",\"url\":\"https:\\\/\\\/eldigitaldeasturias.com\\\/magazine365\\\/wp-content\\\/uploads\\\/2016\\\/06\\\/fotonoticia_20160628190650_800.jpg\",\"width\":800,\"height\":450},\"datePublished\":\"2016-06-29T08:46:34+02:00\",\"dateModified\":\"2016-06-29T08:46:34+02:00\",\"inLanguage\":\"es-ES\",\"mainEntityOfPage\":{\"@id\":\"https:\\\/\\\/eldigitaldeasturias.com\\\/magazine365\\\/el-hotel-santos-las-arenas-de-valencia-celebra-su-decimo-aniversario-con-una-exposicion\\\/#webpage\"},\"isPartOf\":{\"@id\":\"https:\\\/\\\/eldigitaldeasturias.com\\\/magazine365\\\/el-hotel-santos-las-arenas-de-valencia-celebra-su-decimo-aniversario-con-una-exposicion\\\/#webpage\"},\"articleSection\":\"Noticias y Actualidad\"},{\"@type\":\"BreadcrumbList\",\"@id\":\"https:\\\/\\\/eldigitaldeasturias.com\\\/magazine365\\\/el-hotel-santos-las-arenas-de-valencia-celebra-su-decimo-aniversario-con-una-exposicion\\\/#breadcrumblist\",\"itemListElement\":[{\"@type\":\"ListItem\",\"@id\":\"https:\\\/\\\/eldigitaldeasturias.com\\\/magazine365#listItem\",\"position\":1,\"name\":\"Home\",\"item\":\"https:\\\/\\\/eldigitaldeasturias.com\\\/magazine365\",\"nextItem\":{\"@type\":\"ListItem\",\"@id\":\"https:\\\/\\\/eldigitaldeasturias.com\\\/magazine365\\\/category\\\/noticias-actualidad\\\/#listItem\",\"name\":\"Noticias y Actualidad\"}},{\"@type\":\"ListItem\",\"@id\":\"https:\\\/\\\/eldigitaldeasturias.com\\\/magazine365\\\/category\\\/noticias-actualidad\\\/#listItem\",\"position\":2,\"name\":\"Noticias y Actualidad\",\"item\":\"https:\\\/\\\/eldigitaldeasturias.com\\\/magazine365\\\/category\\\/noticias-actualidad\\\/\",\"nextItem\":{\"@type\":\"ListItem\",\"@id\":\"https:\\\/\\\/eldigitaldeasturias.com\\\/magazine365\\\/el-hotel-santos-las-arenas-de-valencia-celebra-su-decimo-aniversario-con-una-exposicion\\\/#listItem\",\"name\":\"El Hotel Santos Las Arenas de Valencia celebra su d\\u00e9cimo aniversario con una exposici\\u00f3n\"},\"previousItem\":{\"@type\":\"ListItem\",\"@id\":\"https:\\\/\\\/eldigitaldeasturias.com\\\/magazine365#listItem\",\"name\":\"Home\"}},{\"@type\":\"ListItem\",\"@id\":\"https:\\\/\\\/eldigitaldeasturias.com\\\/magazine365\\\/el-hotel-santos-las-arenas-de-valencia-celebra-su-decimo-aniversario-con-una-exposicion\\\/#listItem\",\"position\":3,\"name\":\"El Hotel Santos Las Arenas de Valencia celebra su d\\u00e9cimo aniversario con una exposici\\u00f3n\",\"previousItem\":{\"@type\":\"ListItem\",\"@id\":\"https:\\\/\\\/eldigitaldeasturias.com\\\/magazine365\\\/category\\\/noticias-actualidad\\\/#listItem\",\"name\":\"Noticias y Actualidad\"}}]},{\"@type\":\"Organization\",\"@id\":\"https:\\\/\\\/eldigitaldeasturias.com\\\/magazine365\\\/#organization\",\"name\":\"El digital de Asturias\",\"description\":\"Revista de ocio, turismo y estilo de vida\",\"url\":\"https:\\\/\\\/eldigitaldeasturias.com\\\/magazine365\\\/\",\"logo\":{\"@type\":\"ImageObject\",\"url\":\"https:\\\/\\\/www.eldigitaldeasturias.com\\\/noticias\\\/wp-content\\\/uploads\\\/2020\\\/12\\\/EDA.jpg\",\"@id\":\"https:\\\/\\\/eldigitaldeasturias.com\\\/magazine365\\\/el-hotel-santos-las-arenas-de-valencia-celebra-su-decimo-aniversario-con-una-exposicion\\\/#organizationLogo\"},\"image\":{\"@id\":\"https:\\\/\\\/eldigitaldeasturias.com\\\/magazine365\\\/el-hotel-santos-las-arenas-de-valencia-celebra-su-decimo-aniversario-con-una-exposicion\\\/#organizationLogo\"}},{\"@type\":\"Person\",\"@id\":\"https:\\\/\\\/eldigitaldeasturias.com\\\/magazine365\\\/author\\\/admin\\\/#author\",\"url\":\"https:\\\/\\\/eldigitaldeasturias.com\\\/magazine365\\\/author\\\/admin\\\/\",\"name\":\"admin\",\"image\":{\"@type\":\"ImageObject\",\"@id\":\"https:\\\/\\\/eldigitaldeasturias.com\\\/magazine365\\\/el-hotel-santos-las-arenas-de-valencia-celebra-su-decimo-aniversario-con-una-exposicion\\\/#authorImage\",\"url\":\"https:\\\/\\\/eldigitaldeasturias.com\\\/magazine365\\\/wp-content\\\/litespeed\\\/avatar\\\/e571bcf59a0edd6fa6838245a470f2fe.jpg?ver=1776969259\",\"width\":96,\"height\":96,\"caption\":\"admin\"}},{\"@type\":\"WebPage\",\"@id\":\"https:\\\/\\\/eldigitaldeasturias.com\\\/magazine365\\\/el-hotel-santos-las-arenas-de-valencia-celebra-su-decimo-aniversario-con-una-exposicion\\\/#webpage\",\"url\":\"https:\\\/\\\/eldigitaldeasturias.com\\\/magazine365\\\/el-hotel-santos-las-arenas-de-valencia-celebra-su-decimo-aniversario-con-una-exposicion\\\/\",\"name\":\"El Hotel Santos Las Arenas de Valencia celebra su d\\u00e9cimo aniversario con una exposici\\u00f3n | El Digital de Asturias\",\"description\":\"El Hotel Santos Las Arenas de Valencia celebra su d\\u00e9cimo aniversario con una exposici\\u00f3n que recorre la historia del balneario en los a\\u00f1os 20, 30 y 40 mediante fotograf\\u00edas de la \\u00e9poca y con una fiesta que rememorar\\u00e1 aquellos a\\u00f1os a trav\\u00e9s de espect\\u00e1culos y representaciones. As\\u00ed lo ha explicado el director del centro, Carlos\",\"inLanguage\":\"es-ES\",\"isPartOf\":{\"@id\":\"https:\\\/\\\/eldigitaldeasturias.com\\\/magazine365\\\/#website\"},\"breadcrumb\":{\"@id\":\"https:\\\/\\\/eldigitaldeasturias.com\\\/magazine365\\\/el-hotel-santos-las-arenas-de-valencia-celebra-su-decimo-aniversario-con-una-exposicion\\\/#breadcrumblist\"},\"author\":{\"@id\":\"https:\\\/\\\/eldigitaldeasturias.com\\\/magazine365\\\/author\\\/admin\\\/#author\"},\"creator\":{\"@id\":\"https:\\\/\\\/eldigitaldeasturias.com\\\/magazine365\\\/author\\\/admin\\\/#author\"},\"image\":{\"@type\":\"ImageObject\",\"url\":\"https:\\\/\\\/eldigitaldeasturias.com\\\/magazine365\\\/wp-content\\\/uploads\\\/2016\\\/06\\\/fotonoticia_20160628190650_800.jpg\",\"@id\":\"https:\\\/\\\/eldigitaldeasturias.com\\\/magazine365\\\/el-hotel-santos-las-arenas-de-valencia-celebra-su-decimo-aniversario-con-una-exposicion\\\/#mainImage\",\"width\":800,\"height\":450},\"primaryImageOfPage\":{\"@id\":\"https:\\\/\\\/eldigitaldeasturias.com\\\/magazine365\\\/el-hotel-santos-las-arenas-de-valencia-celebra-su-decimo-aniversario-con-una-exposicion\\\/#mainImage\"},\"datePublished\":\"2016-06-29T08:46:34+02:00\",\"dateModified\":\"2016-06-29T08:46:34+02:00\"},{\"@type\":\"WebSite\",\"@id\":\"https:\\\/\\\/eldigitaldeasturias.com\\\/magazine365\\\/#website\",\"url\":\"https:\\\/\\\/eldigitaldeasturias.com\\\/magazine365\\\/\",\"name\":\"El Digital de Asturias\",\"description\":\"Revista de ocio, turismo y estilo de vida\",\"inLanguage\":\"es-ES\",\"publisher\":{\"@id\":\"https:\\\/\\\/eldigitaldeasturias.com\\\/magazine365\\\/#organization\"}}]}\n\t\t<\/script>\n\t\t<!-- All in One SEO Pro -->\r\n\t\t<title>El Hotel Santos Las Arenas de Valencia celebra su d\u00e9cimo aniversario con una exposici\u00f3n | El Digital de Asturias<\/title>\n\n","aioseo_head_json":{"title":"El Hotel Santos Las Arenas de Valencia celebra su d\u00e9cimo aniversario con una exposici\u00f3n | El Digital de Asturias","description":"El Hotel Santos Las Arenas de Valencia celebra su d\u00e9cimo aniversario con una exposici\u00f3n que recorre la historia del balneario en los a\u00f1os 20, 30 y 40 mediante fotograf\u00edas de la \u00e9poca y con una fiesta que rememorar\u00e1 aquellos a\u00f1os a trav\u00e9s de espect\u00e1culos y representaciones. As\u00ed lo ha explicado el director del centro, Carlos","canonical_url":"https:\/\/eldigitaldeasturias.com\/magazine365\/el-hotel-santos-las-arenas-de-valencia-celebra-su-decimo-aniversario-con-una-exposicion\/","robots":"max-image-preview:large","keywords":"noticias y actualidad","webmasterTools":{"google-site-verification":"UA-38556648-1","miscellaneous":""},"schema":{"@context":"https:\/\/schema.org","@graph":[{"@type":"Article","@id":"https:\/\/eldigitaldeasturias.com\/magazine365\/el-hotel-santos-las-arenas-de-valencia-celebra-su-decimo-aniversario-con-una-exposicion\/#article","name":"El Hotel Santos Las Arenas de Valencia celebra su d\u00e9cimo aniversario con una exposici\u00f3n | El Digital de Asturias","headline":"El Hotel Santos Las Arenas de Valencia celebra su d\u00e9cimo aniversario con una exposici\u00f3n","author":{"@id":"https:\/\/eldigitaldeasturias.com\/magazine365\/author\/admin\/#author"},"publisher":{"@id":"https:\/\/eldigitaldeasturias.com\/magazine365\/#organization"},"image":{"@type":"ImageObject","url":"https:\/\/eldigitaldeasturias.com\/magazine365\/wp-content\/uploads\/2016\/06\/fotonoticia_20160628190650_800.jpg","width":800,"height":450},"datePublished":"2016-06-29T08:46:34+02:00","dateModified":"2016-06-29T08:46:34+02:00","inLanguage":"es-ES","mainEntityOfPage":{"@id":"https:\/\/eldigitaldeasturias.com\/magazine365\/el-hotel-santos-las-arenas-de-valencia-celebra-su-decimo-aniversario-con-una-exposicion\/#webpage"},"isPartOf":{"@id":"https:\/\/eldigitaldeasturias.com\/magazine365\/el-hotel-santos-las-arenas-de-valencia-celebra-su-decimo-aniversario-con-una-exposicion\/#webpage"},"articleSection":"Noticias y Actualidad"},{"@type":"BreadcrumbList","@id":"https:\/\/eldigitaldeasturias.com\/magazine365\/el-hotel-santos-las-arenas-de-valencia-celebra-su-decimo-aniversario-con-una-exposicion\/#breadcrumblist","itemListElement":[{"@type":"ListItem","@id":"https:\/\/eldigitaldeasturias.com\/magazine365#listItem","position":1,"name":"Home","item":"https:\/\/eldigitaldeasturias.com\/magazine365","nextItem":{"@type":"ListItem","@id":"https:\/\/eldigitaldeasturias.com\/magazine365\/category\/noticias-actualidad\/#listItem","name":"Noticias y Actualidad"}},{"@type":"ListItem","@id":"https:\/\/eldigitaldeasturias.com\/magazine365\/category\/noticias-actualidad\/#listItem","position":2,"name":"Noticias y Actualidad","item":"https:\/\/eldigitaldeasturias.com\/magazine365\/category\/noticias-actualidad\/","nextItem":{"@type":"ListItem","@id":"https:\/\/eldigitaldeasturias.com\/magazine365\/el-hotel-santos-las-arenas-de-valencia-celebra-su-decimo-aniversario-con-una-exposicion\/#listItem","name":"El Hotel Santos Las Arenas de Valencia celebra su d\u00e9cimo aniversario con una exposici\u00f3n"},"previousItem":{"@type":"ListItem","@id":"https:\/\/eldigitaldeasturias.com\/magazine365#listItem","name":"Home"}},{"@type":"ListItem","@id":"https:\/\/eldigitaldeasturias.com\/magazine365\/el-hotel-santos-las-arenas-de-valencia-celebra-su-decimo-aniversario-con-una-exposicion\/#listItem","position":3,"name":"El Hotel Santos Las Arenas de Valencia celebra su d\u00e9cimo aniversario con una exposici\u00f3n","previousItem":{"@type":"ListItem","@id":"https:\/\/eldigitaldeasturias.com\/magazine365\/category\/noticias-actualidad\/#listItem","name":"Noticias y Actualidad"}}]},{"@type":"Organization","@id":"https:\/\/eldigitaldeasturias.com\/magazine365\/#organization","name":"El digital de Asturias","description":"Revista de ocio, turismo y estilo de vida","url":"https:\/\/eldigitaldeasturias.com\/magazine365\/","logo":{"@type":"ImageObject","url":"https:\/\/www.eldigitaldeasturias.com\/noticias\/wp-content\/uploads\/2020\/12\/EDA.jpg","@id":"https:\/\/eldigitaldeasturias.com\/magazine365\/el-hotel-santos-las-arenas-de-valencia-celebra-su-decimo-aniversario-con-una-exposicion\/#organizationLogo"},"image":{"@id":"https:\/\/eldigitaldeasturias.com\/magazine365\/el-hotel-santos-las-arenas-de-valencia-celebra-su-decimo-aniversario-con-una-exposicion\/#organizationLogo"}},{"@type":"Person","@id":"https:\/\/eldigitaldeasturias.com\/magazine365\/author\/admin\/#author","url":"https:\/\/eldigitaldeasturias.com\/magazine365\/author\/admin\/","name":"admin","image":{"@type":"ImageObject","@id":"https:\/\/eldigitaldeasturias.com\/magazine365\/el-hotel-santos-las-arenas-de-valencia-celebra-su-decimo-aniversario-con-una-exposicion\/#authorImage","url":"https:\/\/eldigitaldeasturias.com\/magazine365\/wp-content\/litespeed\/avatar\/e571bcf59a0edd6fa6838245a470f2fe.jpg?ver=1776969259","width":96,"height":96,"caption":"admin"}},{"@type":"WebPage","@id":"https:\/\/eldigitaldeasturias.com\/magazine365\/el-hotel-santos-las-arenas-de-valencia-celebra-su-decimo-aniversario-con-una-exposicion\/#webpage","url":"https:\/\/eldigitaldeasturias.com\/magazine365\/el-hotel-santos-las-arenas-de-valencia-celebra-su-decimo-aniversario-con-una-exposicion\/","name":"El Hotel Santos Las Arenas de Valencia celebra su d\u00e9cimo aniversario con una exposici\u00f3n | El Digital de Asturias","description":"El Hotel Santos Las Arenas de Valencia celebra su d\u00e9cimo aniversario con una exposici\u00f3n que recorre la historia del balneario en los a\u00f1os 20, 30 y 40 mediante fotograf\u00edas de la \u00e9poca y con una fiesta que rememorar\u00e1 aquellos a\u00f1os a trav\u00e9s de espect\u00e1culos y representaciones. As\u00ed lo ha explicado el director del centro, Carlos","inLanguage":"es-ES","isPartOf":{"@id":"https:\/\/eldigitaldeasturias.com\/magazine365\/#website"},"breadcrumb":{"@id":"https:\/\/eldigitaldeasturias.com\/magazine365\/el-hotel-santos-las-arenas-de-valencia-celebra-su-decimo-aniversario-con-una-exposicion\/#breadcrumblist"},"author":{"@id":"https:\/\/eldigitaldeasturias.com\/magazine365\/author\/admin\/#author"},"creator":{"@id":"https:\/\/eldigitaldeasturias.com\/magazine365\/author\/admin\/#author"},"image":{"@type":"ImageObject","url":"https:\/\/eldigitaldeasturias.com\/magazine365\/wp-content\/uploads\/2016\/06\/fotonoticia_20160628190650_800.jpg","@id":"https:\/\/eldigitaldeasturias.com\/magazine365\/el-hotel-santos-las-arenas-de-valencia-celebra-su-decimo-aniversario-con-una-exposicion\/#mainImage","width":800,"height":450},"primaryImageOfPage":{"@id":"https:\/\/eldigitaldeasturias.com\/magazine365\/el-hotel-santos-las-arenas-de-valencia-celebra-su-decimo-aniversario-con-una-exposicion\/#mainImage"},"datePublished":"2016-06-29T08:46:34+02:00","dateModified":"2016-06-29T08:46:34+02:00"},{"@type":"WebSite","@id":"https:\/\/eldigitaldeasturias.com\/magazine365\/#website","url":"https:\/\/eldigitaldeasturias.com\/magazine365\/","name":"El Digital de Asturias","description":"Revista de ocio, turismo y estilo de vida","inLanguage":"es-ES","publisher":{"@id":"https:\/\/eldigitaldeasturias.com\/magazine365\/#organization"}}]},"og:locale":"es_ES","og:site_name":"El Digital de Asturias \u2013 Revista de ocio, turismo y estilo de vida","og:type":"article","og:title":"El Hotel Santos Las Arenas de Valencia celebra su d\u00e9cimo aniversario con una exposici\u00f3n | El Digital de Asturias","og:description":"El Hotel Santos Las Arenas de Valencia celebra su d\u00e9cimo aniversario con una exposici\u00f3n que recorre la historia del balneario en los a\u00f1os 20, 30 y 40 mediante fotograf\u00edas de la \u00e9poca y con una fiesta que rememorar\u00e1 aquellos a\u00f1os a trav\u00e9s de espect\u00e1culos y representaciones. As\u00ed lo ha explicado el director del centro, Carlos","og:url":"https:\/\/eldigitaldeasturias.com\/magazine365\/el-hotel-santos-las-arenas-de-valencia-celebra-su-decimo-aniversario-con-una-exposicion\/","og:image":"https:\/\/eldigitaldeasturias.com\/magazine365\/wp-content\/uploads\/2016\/06\/fotonoticia_20160628190650_800.jpg","og:image:secure_url":"https:\/\/eldigitaldeasturias.com\/magazine365\/wp-content\/uploads\/2016\/06\/fotonoticia_20160628190650_800.jpg","og:image:width":800,"og:image:height":450,"article:published_time":"2016-06-29T06:46:34+00:00","article:modified_time":"2016-06-29T06:46:34+00:00","twitter:card":"summary_large_image","twitter:title":"El Hotel Santos Las Arenas de Valencia celebra su d\u00e9cimo aniversario con una exposici\u00f3n | El Digital de Asturias","twitter:description":"El Hotel Santos Las Arenas de Valencia celebra su d\u00e9cimo aniversario con una exposici\u00f3n que recorre la historia del balneario en los a\u00f1os 20, 30 y 40 mediante fotograf\u00edas de la \u00e9poca y con una fiesta que rememorar\u00e1 aquellos a\u00f1os a trav\u00e9s de espect\u00e1culos y representaciones. As\u00ed lo ha explicado el director del centro, Carlos","twitter:image":"https:\/\/eldigitaldeasturias.com\/magazine365\/wp-content\/uploads\/2016\/06\/fotonoticia_20160628190650_800.jpg"},"aioseo_meta_data":{"post_id":"80999","title":null,"description":null,"keywords":null,"keyphrases":null,"primary_term":null,"canonical_url":null,"og_title":null,"og_description":null,"og_object_type":"default","og_image_type":"default","og_image_url":null,"og_image_width":null,"og_image_height":null,"og_image_custom_url":null,"og_image_custom_fields":null,"og_video":null,"og_custom_url":null,"og_article_section":null,"og_article_tags":null,"twitter_use_og":false,"twitter_card":"default","twitter_image_type":"default","twitter_image_url":null,"twitter_image_custom_url":null,"twitter_image_custom_fields":null,"twitter_title":null,"twitter_description":null,"schema":{"blockGraphs":[],"customGraphs":[],"default":{"data":{"Article":[],"Course":[],"Dataset":[],"FAQPage":[],"Movie":[],"Person":[],"Product":[],"ProductReview":[],"Car":[],"Recipe":[],"Service":[],"SoftwareApplication":[],"WebPage":[]},"graphName":"","isEnabled":true},"graphs":[],"defaultGraph":"","defaultPostTypeGraph":""},"schema_type":null,"schema_type_options":null,"pillar_content":false,"robots_default":true,"robots_noindex":false,"robots_noarchive":false,"robots_nosnippet":false,"robots_nofollow":false,"robots_noimageindex":false,"robots_noodp":false,"robots_notranslate":false,"robots_max_snippet":null,"robots_max_videopreview":null,"robots_max_imagepreview":"large","priority":null,"frequency":null,"location":null,"local_seo":null,"seo_analyzer_scan_date":"2025-09-27 21:57:15","breadcrumb_settings":null,"limit_modified_date":false,"open_ai":null,"ai":null,"created":"2021-03-08 17:22:47","updated":"2025-09-27 21:57:15"},"aioseo_breadcrumb":"<div class=\"aioseo-breadcrumbs\"><span class=\"aioseo-breadcrumb\">\n\t<a href=\"https:\/\/eldigitaldeasturias.com\/magazine365\" title=\"Home\">Home<\/a>\n<\/span><span class=\"aioseo-breadcrumb-separator\">\u2013<\/span><span class=\"aioseo-breadcrumb\">\n\t<a href=\"https:\/\/eldigitaldeasturias.com\/magazine365\/category\/noticias-actualidad\/\" title=\"Noticias y Actualidad\">Noticias y Actualidad<\/a>\n<\/span><span class=\"aioseo-breadcrumb-separator\">\u2013<\/span><span class=\"aioseo-breadcrumb\">\n\t<a href=\"https:\/\/eldigitaldeasturias.com\/magazine365\/el-hotel-santos-las-arenas-de-valencia-celebra-su-decimo-aniversario-con-una-exposicion\/\" title=\"El Hotel Santos Las Arenas de Valencia celebra su d\u00e9cimo aniversario con una exposici\u00f3n\">El Hotel Santos Las Arenas de Valencia celebra su d\u00e9cimo aniversario con una exposici\u00f3n<\/a>\n<\/span><\/div>","aioseo_breadcrumb_json":[{"label":"Home","link":"https:\/\/eldigitaldeasturias.com\/magazine365"},{"label":"Noticias y Actualidad","link":"https:\/\/eldigitaldeasturias.com\/magazine365\/category\/noticias-actualidad\/"},{"label":"El Hotel Santos Las Arenas de Valencia celebra su d\u00e9cimo aniversario con una exposici\u00f3n","link":"https:\/\/eldigitaldeasturias.com\/magazine365\/el-hotel-santos-las-arenas-de-valencia-celebra-su-decimo-aniversario-con-una-exposicion\/"}],"_links":{"self":[{"href":"https:\/\/eldigitaldeasturias.com\/magazine365\/wp-json\/wp\/v2\/posts\/80999","targetHints":{"allow":["GET"]}}],"collection":[{"href":"https:\/\/eldigitaldeasturias.com\/magazine365\/wp-json\/wp\/v2\/posts"}],"about":[{"href":"https:\/\/eldigitaldeasturias.com\/magazine365\/wp-json\/wp\/v2\/types\/post"}],"author":[{"embeddable":true,"href":"https:\/\/eldigitaldeasturias.com\/magazine365\/wp-json\/wp\/v2\/users\/1"}],"replies":[{"embeddable":true,"href":"https:\/\/eldigitaldeasturias.com\/magazine365\/wp-json\/wp\/v2\/comments?post=80999"}],"version-history":[{"count":0,"href":"https:\/\/eldigitaldeasturias.com\/magazine365\/wp-json\/wp\/v2\/posts\/80999\/revisions"}],"wp:featuredmedia":[{"embeddable":true,"href":"https:\/\/eldigitaldeasturias.com\/magazine365\/wp-json\/wp\/v2\/media\/81000"}],"wp:attachment":[{"href":"https:\/\/eldigitaldeasturias.com\/magazine365\/wp-json\/wp\/v2\/media?parent=80999"}],"wp:term":[{"taxonomy":"category","embeddable":true,"href":"https:\/\/eldigitaldeasturias.com\/magazine365\/wp-json\/wp\/v2\/categories?post=80999"},{"taxonomy":"post_tag","embeddable":true,"href":"https:\/\/eldigitaldeasturias.com\/magazine365\/wp-json\/wp\/v2\/tags?post=80999"}],"curies":[{"name":"wp","href":"https:\/\/api.w.org\/{rel}","templated":true}]}}