{"id":80996,"date":"2016-06-29T08:43:45","date_gmt":"2016-06-29T06:43:45","guid":{"rendered":"http:\/\/eldigitaldeasturias.com\/magazine365\/?p=80996"},"modified":"2016-06-29T08:43:45","modified_gmt":"2016-06-29T06:43:45","slug":"el-palau-de-les-arts-de-valencia-se-despide-hasta-septiembre-con-una-doble-jornada-de-puertas-abiertas-nocturna","status":"publish","type":"post","link":"https:\/\/eldigitaldeasturias.com\/magazine365\/el-palau-de-les-arts-de-valencia-se-despide-hasta-septiembre-con-una-doble-jornada-de-puertas-abiertas-nocturna\/","title":{"rendered":"El Palau de les Arts de Valencia se despide hasta septiembre con una doble jornada de puertas abiertas nocturna"},"content":{"rendered":"<p><img fetchpriority=\"high\" decoding=\"async\" class=\"alignleft size-medium wp-image-80997\" src=\"https:\/\/eldigitaldeasturias.com\/magazine365\/wp-content\/uploads\/2016\/06\/fotonoticia_20160628185417_800-360x147.jpg\" alt=\"fotonoticia_20160628185417_800\" width=\"360\" height=\"147\" srcset=\"https:\/\/eldigitaldeasturias.com\/magazine365\/wp-content\/uploads\/2016\/06\/fotonoticia_20160628185417_800-360x147.jpg 360w, https:\/\/eldigitaldeasturias.com\/magazine365\/wp-content\/uploads\/2016\/06\/fotonoticia_20160628185417_800-650x265.jpg 650w, https:\/\/eldigitaldeasturias.com\/magazine365\/wp-content\/uploads\/2016\/06\/fotonoticia_20160628185417_800-768x313.jpg 768w, https:\/\/eldigitaldeasturias.com\/magazine365\/wp-content\/uploads\/2016\/06\/fotonoticia_20160628185417_800-150x61.jpg 150w, https:\/\/eldigitaldeasturias.com\/magazine365\/wp-content\/uploads\/2016\/06\/fotonoticia_20160628185417_800-450x183.jpg 450w, https:\/\/eldigitaldeasturias.com\/magazine365\/wp-content\/uploads\/2016\/06\/fotonoticia_20160628185417_800.jpg 800w\" sizes=\"(max-width: 360px) 100vw, 360px\" \/>El Palau de les Arts Reina Sof\u00eda celebra las noches del viernes y s\u00e1bado de esta semana julio una doble edici\u00f3n de su jornada de puertas abiertas nocturna &#8216;Nit a Les Arts&#8217;, con la que el enclave cultural se despide de la actividad abierta al p\u00fablico hasta el mes de septiembre, seg\u00fan ha informado la Generalitat en un comunicado.<\/p>\n<p>&#8216;Nit a Les Arts&#8217; ofrece exhibiciones t\u00e9cnico-art\u00edsticas y actuaciones en vivo del Cor de la Generalitat Valenciana y de la Orquestra de la Comunitat Valenciana, adem\u00e1s de una exposici\u00f3n con elementos de vestuario y utiler\u00eda de la \u00f3pera &#8216;Aida&#8217; para todo aquel que se acerque al edificio de Santiago Calatrava.<\/p>\n<p>Como fin de fiesta, ambas noches, una sesi\u00f3n de m\u00fasica con DJ pondr\u00e1 el punto final a la jornada. La actividad al p\u00fablico comienza tanto el viernes 1 como el s\u00e1bado 2 con el inicio de los seis pases de la exhibici\u00f3n t\u00e9cnico-art\u00edstica que acoge el escenario de la Sala Principal.<\/p>\n<p>En grupos de hasta 240 personas, los asistentes tienen la ocasi\u00f3n de conocer in situ, mediante un espect\u00e1culo de unos 40 minutos de duraci\u00f3n, el funcionamiento de la maquinaria esc\u00e9nica, iluminaci\u00f3n, audiovisuales y todos los elementos necesarios para poner en marcha una funci\u00f3n de \u00f3pera.<\/p>\n<p>La parte art\u00edstica de esta exhibici\u00f3n corre a cargo de los artistas del Centre Pl\u00e1cido Domingo y del Ballet de la Generalitat, que ofrecen una representaci\u00f3n, dirigida por Emilio L\u00f3pez, que combina elementos de l\u00edrica y danza.<\/p>\n<p>Para poder disfrutar de esta actividad, los interesados deber\u00e1n presentarse en las Taquillas de Les Arts en los 30 minutos previos al inicio del pase que mejor se acople a su agenda. Se har\u00e1 entrega de un m\u00e1ximo de dos invitaciones por persona hasta completar el aforo de cada turno.<\/p>\n<p>Asimismo, el centro de artes reserva un cupo de localidades para estos pases a sus abonados de Temporada, que podr\u00e1n efectuar su reserva entre los d\u00edas 29 y 30 de junio en el apartado de la p\u00e1gina web que el coliseo dispondr\u00e1 a tal efecto.<\/p>\n<p>A partir de las 20.30 horas de ambas veladas el Vest\u00edbulo de la Sala Principal abrir\u00e1 sus puertas para disfrutar de una exposici\u00f3n de vestuario y utiler\u00eda de la \u00f3pera &#8216;Aida&#8217;, de Giuseppe Verdi.<\/p>\n<p>El p\u00fablico, de manera libre, podr\u00e1 disfrutar del vestuario dise\u00f1ado por Moritz Junge para esta coproducci\u00f3n de Les Arts con el Covent Garden de Londres y la \u00d3pera de Oslo, adem\u00e1s de elementos de utiler\u00eda empleados en este montaje.<\/p>\n<p>M\u00daSICA EN VIVO Y LIBRE RECORRIDO POR LAS TERRAZAS<\/p>\n<p>A partir de las 20.30 horas, el Palau de les Arts Reina Sof\u00eda abre sus terrazas y balcones para todo aquel que quiera conocer y disfrutar de los espacios al aire libre del enclave oper\u00edstico.<\/p>\n<p>Los cuerpos estables del centro de artes valenciano: El Cor de la Generalitat, que colabora por segunda ocasi\u00f3n en este evento, y la Orquestra de la Comunitat Valenciana ponen la nota musical a la noche en blanco de Les Arts.<\/p>\n<p>El Restaurante Los Toros, ubicado en la und\u00e9cima planta del teatro y conectado con las Terrasses de les Palmeres, es el marco donde, desde las 21.00 horas hasta las 0.00 horas, el Cor de la Generalitat y agrupaciones de Profesores de la OCV ofrecen diversas actuaciones.<\/p>\n<p>El viernes, los protagonistas ser\u00e1n los m\u00fasicos de la formaci\u00f3n titular del Palau de les Arts con micro-conciertos de 25 minutos de duraci\u00f3n a las 21.00 horas, 21.55 horas, 22.45 horas y 23.40 horas.<\/p>\n<p>El s\u00e1bado, los solistas de la OCV se turnar\u00e1n con el Cor de la Generalitat Valenciana, que acompa\u00f1ado al piano por Francisco Herv\u00e1s y dirigido por Francesc Perales, interpreta coros de t\u00edtulos que integran la Temporada 2016-2017 de Les Arts como &#8216;L&#8217;elisir d&#8217;amore&#8217;, de Donizetti, &#8216;I vespri siciliani&#8217; y &#8216;La traviata&#8217;, de Verdi, &#8216;Gloria&#8217;, de Vivaldi, &#8216;Israel in Egypt&#8217;, de Hendel, o &#8216;Missa Papae Marcelli&#8217;, de Palestrina.<\/p>\n<p>Desde las 20.30 horas y hasta las 0.30 de la madrugada, adem\u00e1s, el Palau de les Arts ha dispuesto servicio de restauraci\u00f3n en ambas terrazas de la planta und\u00e9cima, en las que lucir\u00e1 una espectacular escultura LED, cortes\u00eda del artista Nacho Ruiz.<\/p>\n<p>A partir de las 0.30 horas, en ese mismo piso, la terraza con vistas al Jard\u00edn del Turia se convertir\u00e1 en una gran pista de baile con una sesi\u00f3n de m\u00fasica con DJ en vivo, que despedir\u00e1 la actividad de ambas jornadas a ritmo &#8216;dance&#8217;. l centro de artes cerrar\u00e1 sus puertas a las 2 de la madrugada tanto el s\u00e1bado 2 como el domingo 3.<\/p>\n","protected":false},"excerpt":{"rendered":"<p>El Palau de les Arts Reina Sof\u00eda celebra las noches del viernes y s\u00e1bado de esta semana julio una doble edici\u00f3n de su jornada de puertas abiertas nocturna &#8216;Nit a Les Arts&#8217;, con la que el enclave cultural se despide de la actividad abierta al p\u00fablico hasta el mes de septiembre, seg\u00fan ha informado la<\/p>\n","protected":false},"author":1,"featured_media":80997,"comment_status":"open","ping_status":"closed","sticky":false,"template":"","format":"standard","meta":{"footnotes":""},"categories":[224],"tags":[],"class_list":{"0":"post-80996","1":"post","2":"type-post","3":"status-publish","4":"format-standard","5":"has-post-thumbnail","7":"category-noticias-actualidad"},"aioseo_notices":[],"aioseo_head":"\n\t\t<!-- All in One SEO Pro 4.9.6.1 - aioseo.com -->\n\t<meta name=\"description\" content=\"El Palau de les Arts Reina Sof\u00eda celebra las noches del viernes y s\u00e1bado de esta semana julio una doble edici\u00f3n de su jornada de puertas abiertas nocturna &#039;Nit a Les Arts&#039;, con la que el enclave cultural se despide de la actividad abierta al p\u00fablico hasta el mes de septiembre, seg\u00fan ha informado la\" \/>\n\t<meta name=\"robots\" content=\"max-image-preview:large\" \/>\n\t<meta name=\"author\" content=\"admin\"\/>\n\t<meta name=\"google-site-verification\" content=\"UA-38556648-1\" \/>\n\t<meta name=\"keywords\" content=\"noticias y actualidad\" \/>\n\t<link rel=\"canonical\" href=\"https:\/\/eldigitaldeasturias.com\/magazine365\/el-palau-de-les-arts-de-valencia-se-despide-hasta-septiembre-con-una-doble-jornada-de-puertas-abiertas-nocturna\/\" \/>\n\t<meta name=\"generator\" content=\"All in One SEO Pro (AIOSEO) 4.9.6.1\" \/>\n\t\t<meta property=\"og:locale\" content=\"es_ES\" \/>\n\t\t<meta property=\"og:site_name\" content=\"El Digital de Asturias \u2013 Revista de ocio, turismo y estilo de vida\" \/>\n\t\t<meta property=\"og:type\" content=\"article\" \/>\n\t\t<meta property=\"og:title\" content=\"El Palau de les Arts de Valencia se despide hasta septiembre con una doble jornada de puertas abiertas nocturna | El Digital de Asturias\" \/>\n\t\t<meta property=\"og:description\" content=\"El Palau de les Arts Reina Sof\u00eda celebra las noches del viernes y s\u00e1bado de esta semana julio una doble edici\u00f3n de su jornada de puertas abiertas nocturna &#039;Nit a Les Arts&#039;, con la que el enclave cultural se despide de la actividad abierta al p\u00fablico hasta el mes de septiembre, seg\u00fan ha informado la\" \/>\n\t\t<meta property=\"og:url\" content=\"https:\/\/eldigitaldeasturias.com\/magazine365\/el-palau-de-les-arts-de-valencia-se-despide-hasta-septiembre-con-una-doble-jornada-de-puertas-abiertas-nocturna\/\" \/>\n\t\t<meta property=\"og:image\" content=\"https:\/\/eldigitaldeasturias.com\/magazine365\/wp-content\/uploads\/2016\/06\/fotonoticia_20160628185417_800.jpg\" \/>\n\t\t<meta property=\"og:image:secure_url\" content=\"https:\/\/eldigitaldeasturias.com\/magazine365\/wp-content\/uploads\/2016\/06\/fotonoticia_20160628185417_800.jpg\" \/>\n\t\t<meta property=\"og:image:width\" content=\"800\" \/>\n\t\t<meta property=\"og:image:height\" content=\"326\" \/>\n\t\t<meta property=\"article:published_time\" content=\"2016-06-29T06:43:45+00:00\" \/>\n\t\t<meta property=\"article:modified_time\" content=\"2016-06-29T06:43:45+00:00\" \/>\n\t\t<meta name=\"twitter:card\" content=\"summary_large_image\" \/>\n\t\t<meta name=\"twitter:title\" content=\"El Palau de les Arts de Valencia se despide hasta septiembre con una doble jornada de puertas abiertas nocturna | El Digital de Asturias\" \/>\n\t\t<meta name=\"twitter:description\" content=\"El Palau de les Arts Reina Sof\u00eda celebra las noches del viernes y s\u00e1bado de esta semana julio una doble edici\u00f3n de su jornada de puertas abiertas nocturna &#039;Nit a Les Arts&#039;, con la que el enclave cultural se despide de la actividad abierta al p\u00fablico hasta el mes de septiembre, seg\u00fan ha informado la\" \/>\n\t\t<meta name=\"twitter:image\" content=\"https:\/\/eldigitaldeasturias.com\/magazine365\/wp-content\/uploads\/2016\/06\/fotonoticia_20160628185417_800.jpg\" \/>\n\t\t<script type=\"application\/ld+json\" class=\"aioseo-schema\">\n\t\t\t{\"@context\":\"https:\\\/\\\/schema.org\",\"@graph\":[{\"@type\":\"Article\",\"@id\":\"https:\\\/\\\/eldigitaldeasturias.com\\\/magazine365\\\/el-palau-de-les-arts-de-valencia-se-despide-hasta-septiembre-con-una-doble-jornada-de-puertas-abiertas-nocturna\\\/#article\",\"name\":\"El Palau de les Arts de Valencia se despide hasta septiembre con una doble jornada de puertas abiertas nocturna | El Digital de Asturias\",\"headline\":\"El Palau de les Arts de Valencia se despide hasta septiembre con una doble jornada de puertas abiertas nocturna\",\"author\":{\"@id\":\"https:\\\/\\\/eldigitaldeasturias.com\\\/magazine365\\\/author\\\/admin\\\/#author\"},\"publisher\":{\"@id\":\"https:\\\/\\\/eldigitaldeasturias.com\\\/magazine365\\\/#organization\"},\"image\":{\"@type\":\"ImageObject\",\"url\":\"https:\\\/\\\/eldigitaldeasturias.com\\\/magazine365\\\/wp-content\\\/uploads\\\/2016\\\/06\\\/fotonoticia_20160628185417_800.jpg\",\"width\":800,\"height\":326},\"datePublished\":\"2016-06-29T08:43:45+02:00\",\"dateModified\":\"2016-06-29T08:43:45+02:00\",\"inLanguage\":\"es-ES\",\"mainEntityOfPage\":{\"@id\":\"https:\\\/\\\/eldigitaldeasturias.com\\\/magazine365\\\/el-palau-de-les-arts-de-valencia-se-despide-hasta-septiembre-con-una-doble-jornada-de-puertas-abiertas-nocturna\\\/#webpage\"},\"isPartOf\":{\"@id\":\"https:\\\/\\\/eldigitaldeasturias.com\\\/magazine365\\\/el-palau-de-les-arts-de-valencia-se-despide-hasta-septiembre-con-una-doble-jornada-de-puertas-abiertas-nocturna\\\/#webpage\"},\"articleSection\":\"Noticias y Actualidad\"},{\"@type\":\"BreadcrumbList\",\"@id\":\"https:\\\/\\\/eldigitaldeasturias.com\\\/magazine365\\\/el-palau-de-les-arts-de-valencia-se-despide-hasta-septiembre-con-una-doble-jornada-de-puertas-abiertas-nocturna\\\/#breadcrumblist\",\"itemListElement\":[{\"@type\":\"ListItem\",\"@id\":\"https:\\\/\\\/eldigitaldeasturias.com\\\/magazine365#listItem\",\"position\":1,\"name\":\"Home\",\"item\":\"https:\\\/\\\/eldigitaldeasturias.com\\\/magazine365\",\"nextItem\":{\"@type\":\"ListItem\",\"@id\":\"https:\\\/\\\/eldigitaldeasturias.com\\\/magazine365\\\/category\\\/noticias-actualidad\\\/#listItem\",\"name\":\"Noticias y Actualidad\"}},{\"@type\":\"ListItem\",\"@id\":\"https:\\\/\\\/eldigitaldeasturias.com\\\/magazine365\\\/category\\\/noticias-actualidad\\\/#listItem\",\"position\":2,\"name\":\"Noticias y Actualidad\",\"item\":\"https:\\\/\\\/eldigitaldeasturias.com\\\/magazine365\\\/category\\\/noticias-actualidad\\\/\",\"nextItem\":{\"@type\":\"ListItem\",\"@id\":\"https:\\\/\\\/eldigitaldeasturias.com\\\/magazine365\\\/el-palau-de-les-arts-de-valencia-se-despide-hasta-septiembre-con-una-doble-jornada-de-puertas-abiertas-nocturna\\\/#listItem\",\"name\":\"El Palau de les Arts de Valencia se despide hasta septiembre con una doble jornada de puertas abiertas nocturna\"},\"previousItem\":{\"@type\":\"ListItem\",\"@id\":\"https:\\\/\\\/eldigitaldeasturias.com\\\/magazine365#listItem\",\"name\":\"Home\"}},{\"@type\":\"ListItem\",\"@id\":\"https:\\\/\\\/eldigitaldeasturias.com\\\/magazine365\\\/el-palau-de-les-arts-de-valencia-se-despide-hasta-septiembre-con-una-doble-jornada-de-puertas-abiertas-nocturna\\\/#listItem\",\"position\":3,\"name\":\"El Palau de les Arts de Valencia se despide hasta septiembre con una doble jornada de puertas abiertas nocturna\",\"previousItem\":{\"@type\":\"ListItem\",\"@id\":\"https:\\\/\\\/eldigitaldeasturias.com\\\/magazine365\\\/category\\\/noticias-actualidad\\\/#listItem\",\"name\":\"Noticias y Actualidad\"}}]},{\"@type\":\"Organization\",\"@id\":\"https:\\\/\\\/eldigitaldeasturias.com\\\/magazine365\\\/#organization\",\"name\":\"El digital de Asturias\",\"description\":\"Revista de ocio, turismo y estilo de vida\",\"url\":\"https:\\\/\\\/eldigitaldeasturias.com\\\/magazine365\\\/\",\"logo\":{\"@type\":\"ImageObject\",\"url\":\"https:\\\/\\\/www.eldigitaldeasturias.com\\\/noticias\\\/wp-content\\\/uploads\\\/2020\\\/12\\\/EDA.jpg\",\"@id\":\"https:\\\/\\\/eldigitaldeasturias.com\\\/magazine365\\\/el-palau-de-les-arts-de-valencia-se-despide-hasta-septiembre-con-una-doble-jornada-de-puertas-abiertas-nocturna\\\/#organizationLogo\"},\"image\":{\"@id\":\"https:\\\/\\\/eldigitaldeasturias.com\\\/magazine365\\\/el-palau-de-les-arts-de-valencia-se-despide-hasta-septiembre-con-una-doble-jornada-de-puertas-abiertas-nocturna\\\/#organizationLogo\"}},{\"@type\":\"Person\",\"@id\":\"https:\\\/\\\/eldigitaldeasturias.com\\\/magazine365\\\/author\\\/admin\\\/#author\",\"url\":\"https:\\\/\\\/eldigitaldeasturias.com\\\/magazine365\\\/author\\\/admin\\\/\",\"name\":\"admin\",\"image\":{\"@type\":\"ImageObject\",\"@id\":\"https:\\\/\\\/eldigitaldeasturias.com\\\/magazine365\\\/el-palau-de-les-arts-de-valencia-se-despide-hasta-septiembre-con-una-doble-jornada-de-puertas-abiertas-nocturna\\\/#authorImage\",\"url\":\"https:\\\/\\\/eldigitaldeasturias.com\\\/magazine365\\\/wp-content\\\/litespeed\\\/avatar\\\/e571bcf59a0edd6fa6838245a470f2fe.jpg?ver=1776969259\",\"width\":96,\"height\":96,\"caption\":\"admin\"}},{\"@type\":\"WebPage\",\"@id\":\"https:\\\/\\\/eldigitaldeasturias.com\\\/magazine365\\\/el-palau-de-les-arts-de-valencia-se-despide-hasta-septiembre-con-una-doble-jornada-de-puertas-abiertas-nocturna\\\/#webpage\",\"url\":\"https:\\\/\\\/eldigitaldeasturias.com\\\/magazine365\\\/el-palau-de-les-arts-de-valencia-se-despide-hasta-septiembre-con-una-doble-jornada-de-puertas-abiertas-nocturna\\\/\",\"name\":\"El Palau de les Arts de Valencia se despide hasta septiembre con una doble jornada de puertas abiertas nocturna | El Digital de Asturias\",\"description\":\"El Palau de les Arts Reina Sof\\u00eda celebra las noches del viernes y s\\u00e1bado de esta semana julio una doble edici\\u00f3n de su jornada de puertas abiertas nocturna 'Nit a Les Arts', con la que el enclave cultural se despide de la actividad abierta al p\\u00fablico hasta el mes de septiembre, seg\\u00fan ha informado la\",\"inLanguage\":\"es-ES\",\"isPartOf\":{\"@id\":\"https:\\\/\\\/eldigitaldeasturias.com\\\/magazine365\\\/#website\"},\"breadcrumb\":{\"@id\":\"https:\\\/\\\/eldigitaldeasturias.com\\\/magazine365\\\/el-palau-de-les-arts-de-valencia-se-despide-hasta-septiembre-con-una-doble-jornada-de-puertas-abiertas-nocturna\\\/#breadcrumblist\"},\"author\":{\"@id\":\"https:\\\/\\\/eldigitaldeasturias.com\\\/magazine365\\\/author\\\/admin\\\/#author\"},\"creator\":{\"@id\":\"https:\\\/\\\/eldigitaldeasturias.com\\\/magazine365\\\/author\\\/admin\\\/#author\"},\"image\":{\"@type\":\"ImageObject\",\"url\":\"https:\\\/\\\/eldigitaldeasturias.com\\\/magazine365\\\/wp-content\\\/uploads\\\/2016\\\/06\\\/fotonoticia_20160628185417_800.jpg\",\"@id\":\"https:\\\/\\\/eldigitaldeasturias.com\\\/magazine365\\\/el-palau-de-les-arts-de-valencia-se-despide-hasta-septiembre-con-una-doble-jornada-de-puertas-abiertas-nocturna\\\/#mainImage\",\"width\":800,\"height\":326},\"primaryImageOfPage\":{\"@id\":\"https:\\\/\\\/eldigitaldeasturias.com\\\/magazine365\\\/el-palau-de-les-arts-de-valencia-se-despide-hasta-septiembre-con-una-doble-jornada-de-puertas-abiertas-nocturna\\\/#mainImage\"},\"datePublished\":\"2016-06-29T08:43:45+02:00\",\"dateModified\":\"2016-06-29T08:43:45+02:00\"},{\"@type\":\"WebSite\",\"@id\":\"https:\\\/\\\/eldigitaldeasturias.com\\\/magazine365\\\/#website\",\"url\":\"https:\\\/\\\/eldigitaldeasturias.com\\\/magazine365\\\/\",\"name\":\"El Digital de Asturias\",\"description\":\"Revista de ocio, turismo y estilo de vida\",\"inLanguage\":\"es-ES\",\"publisher\":{\"@id\":\"https:\\\/\\\/eldigitaldeasturias.com\\\/magazine365\\\/#organization\"}}]}\n\t\t<\/script>\n\t\t<!-- All in One SEO Pro -->\r\n\t\t<title>El Palau de les Arts de Valencia se despide hasta septiembre con una doble jornada de puertas abiertas nocturna | El Digital de Asturias<\/title>\n\n","aioseo_head_json":{"title":"El Palau de les Arts de Valencia se despide hasta septiembre con una doble jornada de puertas abiertas nocturna | El Digital de Asturias","description":"El Palau de les Arts Reina Sof\u00eda celebra las noches del viernes y s\u00e1bado de esta semana julio una doble edici\u00f3n de su jornada de puertas abiertas nocturna 'Nit a Les Arts', con la que el enclave cultural se despide de la actividad abierta al p\u00fablico hasta el mes de septiembre, seg\u00fan ha informado la","canonical_url":"https:\/\/eldigitaldeasturias.com\/magazine365\/el-palau-de-les-arts-de-valencia-se-despide-hasta-septiembre-con-una-doble-jornada-de-puertas-abiertas-nocturna\/","robots":"max-image-preview:large","keywords":"noticias y actualidad","webmasterTools":{"google-site-verification":"UA-38556648-1","miscellaneous":""},"schema":{"@context":"https:\/\/schema.org","@graph":[{"@type":"Article","@id":"https:\/\/eldigitaldeasturias.com\/magazine365\/el-palau-de-les-arts-de-valencia-se-despide-hasta-septiembre-con-una-doble-jornada-de-puertas-abiertas-nocturna\/#article","name":"El Palau de les Arts de Valencia se despide hasta septiembre con una doble jornada de puertas abiertas nocturna | El Digital de Asturias","headline":"El Palau de les Arts de Valencia se despide hasta septiembre con una doble jornada de puertas abiertas nocturna","author":{"@id":"https:\/\/eldigitaldeasturias.com\/magazine365\/author\/admin\/#author"},"publisher":{"@id":"https:\/\/eldigitaldeasturias.com\/magazine365\/#organization"},"image":{"@type":"ImageObject","url":"https:\/\/eldigitaldeasturias.com\/magazine365\/wp-content\/uploads\/2016\/06\/fotonoticia_20160628185417_800.jpg","width":800,"height":326},"datePublished":"2016-06-29T08:43:45+02:00","dateModified":"2016-06-29T08:43:45+02:00","inLanguage":"es-ES","mainEntityOfPage":{"@id":"https:\/\/eldigitaldeasturias.com\/magazine365\/el-palau-de-les-arts-de-valencia-se-despide-hasta-septiembre-con-una-doble-jornada-de-puertas-abiertas-nocturna\/#webpage"},"isPartOf":{"@id":"https:\/\/eldigitaldeasturias.com\/magazine365\/el-palau-de-les-arts-de-valencia-se-despide-hasta-septiembre-con-una-doble-jornada-de-puertas-abiertas-nocturna\/#webpage"},"articleSection":"Noticias y Actualidad"},{"@type":"BreadcrumbList","@id":"https:\/\/eldigitaldeasturias.com\/magazine365\/el-palau-de-les-arts-de-valencia-se-despide-hasta-septiembre-con-una-doble-jornada-de-puertas-abiertas-nocturna\/#breadcrumblist","itemListElement":[{"@type":"ListItem","@id":"https:\/\/eldigitaldeasturias.com\/magazine365#listItem","position":1,"name":"Home","item":"https:\/\/eldigitaldeasturias.com\/magazine365","nextItem":{"@type":"ListItem","@id":"https:\/\/eldigitaldeasturias.com\/magazine365\/category\/noticias-actualidad\/#listItem","name":"Noticias y Actualidad"}},{"@type":"ListItem","@id":"https:\/\/eldigitaldeasturias.com\/magazine365\/category\/noticias-actualidad\/#listItem","position":2,"name":"Noticias y Actualidad","item":"https:\/\/eldigitaldeasturias.com\/magazine365\/category\/noticias-actualidad\/","nextItem":{"@type":"ListItem","@id":"https:\/\/eldigitaldeasturias.com\/magazine365\/el-palau-de-les-arts-de-valencia-se-despide-hasta-septiembre-con-una-doble-jornada-de-puertas-abiertas-nocturna\/#listItem","name":"El Palau de les Arts de Valencia se despide hasta septiembre con una doble jornada de puertas abiertas nocturna"},"previousItem":{"@type":"ListItem","@id":"https:\/\/eldigitaldeasturias.com\/magazine365#listItem","name":"Home"}},{"@type":"ListItem","@id":"https:\/\/eldigitaldeasturias.com\/magazine365\/el-palau-de-les-arts-de-valencia-se-despide-hasta-septiembre-con-una-doble-jornada-de-puertas-abiertas-nocturna\/#listItem","position":3,"name":"El Palau de les Arts de Valencia se despide hasta septiembre con una doble jornada de puertas abiertas nocturna","previousItem":{"@type":"ListItem","@id":"https:\/\/eldigitaldeasturias.com\/magazine365\/category\/noticias-actualidad\/#listItem","name":"Noticias y Actualidad"}}]},{"@type":"Organization","@id":"https:\/\/eldigitaldeasturias.com\/magazine365\/#organization","name":"El digital de Asturias","description":"Revista de ocio, turismo y estilo de vida","url":"https:\/\/eldigitaldeasturias.com\/magazine365\/","logo":{"@type":"ImageObject","url":"https:\/\/www.eldigitaldeasturias.com\/noticias\/wp-content\/uploads\/2020\/12\/EDA.jpg","@id":"https:\/\/eldigitaldeasturias.com\/magazine365\/el-palau-de-les-arts-de-valencia-se-despide-hasta-septiembre-con-una-doble-jornada-de-puertas-abiertas-nocturna\/#organizationLogo"},"image":{"@id":"https:\/\/eldigitaldeasturias.com\/magazine365\/el-palau-de-les-arts-de-valencia-se-despide-hasta-septiembre-con-una-doble-jornada-de-puertas-abiertas-nocturna\/#organizationLogo"}},{"@type":"Person","@id":"https:\/\/eldigitaldeasturias.com\/magazine365\/author\/admin\/#author","url":"https:\/\/eldigitaldeasturias.com\/magazine365\/author\/admin\/","name":"admin","image":{"@type":"ImageObject","@id":"https:\/\/eldigitaldeasturias.com\/magazine365\/el-palau-de-les-arts-de-valencia-se-despide-hasta-septiembre-con-una-doble-jornada-de-puertas-abiertas-nocturna\/#authorImage","url":"https:\/\/eldigitaldeasturias.com\/magazine365\/wp-content\/litespeed\/avatar\/e571bcf59a0edd6fa6838245a470f2fe.jpg?ver=1776969259","width":96,"height":96,"caption":"admin"}},{"@type":"WebPage","@id":"https:\/\/eldigitaldeasturias.com\/magazine365\/el-palau-de-les-arts-de-valencia-se-despide-hasta-septiembre-con-una-doble-jornada-de-puertas-abiertas-nocturna\/#webpage","url":"https:\/\/eldigitaldeasturias.com\/magazine365\/el-palau-de-les-arts-de-valencia-se-despide-hasta-septiembre-con-una-doble-jornada-de-puertas-abiertas-nocturna\/","name":"El Palau de les Arts de Valencia se despide hasta septiembre con una doble jornada de puertas abiertas nocturna | El Digital de Asturias","description":"El Palau de les Arts Reina Sof\u00eda celebra las noches del viernes y s\u00e1bado de esta semana julio una doble edici\u00f3n de su jornada de puertas abiertas nocturna 'Nit a Les Arts', con la que el enclave cultural se despide de la actividad abierta al p\u00fablico hasta el mes de septiembre, seg\u00fan ha informado la","inLanguage":"es-ES","isPartOf":{"@id":"https:\/\/eldigitaldeasturias.com\/magazine365\/#website"},"breadcrumb":{"@id":"https:\/\/eldigitaldeasturias.com\/magazine365\/el-palau-de-les-arts-de-valencia-se-despide-hasta-septiembre-con-una-doble-jornada-de-puertas-abiertas-nocturna\/#breadcrumblist"},"author":{"@id":"https:\/\/eldigitaldeasturias.com\/magazine365\/author\/admin\/#author"},"creator":{"@id":"https:\/\/eldigitaldeasturias.com\/magazine365\/author\/admin\/#author"},"image":{"@type":"ImageObject","url":"https:\/\/eldigitaldeasturias.com\/magazine365\/wp-content\/uploads\/2016\/06\/fotonoticia_20160628185417_800.jpg","@id":"https:\/\/eldigitaldeasturias.com\/magazine365\/el-palau-de-les-arts-de-valencia-se-despide-hasta-septiembre-con-una-doble-jornada-de-puertas-abiertas-nocturna\/#mainImage","width":800,"height":326},"primaryImageOfPage":{"@id":"https:\/\/eldigitaldeasturias.com\/magazine365\/el-palau-de-les-arts-de-valencia-se-despide-hasta-septiembre-con-una-doble-jornada-de-puertas-abiertas-nocturna\/#mainImage"},"datePublished":"2016-06-29T08:43:45+02:00","dateModified":"2016-06-29T08:43:45+02:00"},{"@type":"WebSite","@id":"https:\/\/eldigitaldeasturias.com\/magazine365\/#website","url":"https:\/\/eldigitaldeasturias.com\/magazine365\/","name":"El Digital de Asturias","description":"Revista de ocio, turismo y estilo de vida","inLanguage":"es-ES","publisher":{"@id":"https:\/\/eldigitaldeasturias.com\/magazine365\/#organization"}}]},"og:locale":"es_ES","og:site_name":"El Digital de Asturias \u2013 Revista de ocio, turismo y estilo de vida","og:type":"article","og:title":"El Palau de les Arts de Valencia se despide hasta septiembre con una doble jornada de puertas abiertas nocturna | El Digital de Asturias","og:description":"El Palau de les Arts Reina Sof\u00eda celebra las noches del viernes y s\u00e1bado de esta semana julio una doble edici\u00f3n de su jornada de puertas abiertas nocturna 'Nit a Les Arts', con la que el enclave cultural se despide de la actividad abierta al p\u00fablico hasta el mes de septiembre, seg\u00fan ha informado la","og:url":"https:\/\/eldigitaldeasturias.com\/magazine365\/el-palau-de-les-arts-de-valencia-se-despide-hasta-septiembre-con-una-doble-jornada-de-puertas-abiertas-nocturna\/","og:image":"https:\/\/eldigitaldeasturias.com\/magazine365\/wp-content\/uploads\/2016\/06\/fotonoticia_20160628185417_800.jpg","og:image:secure_url":"https:\/\/eldigitaldeasturias.com\/magazine365\/wp-content\/uploads\/2016\/06\/fotonoticia_20160628185417_800.jpg","og:image:width":800,"og:image:height":326,"article:published_time":"2016-06-29T06:43:45+00:00","article:modified_time":"2016-06-29T06:43:45+00:00","twitter:card":"summary_large_image","twitter:title":"El Palau de les Arts de Valencia se despide hasta septiembre con una doble jornada de puertas abiertas nocturna | El Digital de Asturias","twitter:description":"El Palau de les Arts Reina Sof\u00eda celebra las noches del viernes y s\u00e1bado de esta semana julio una doble edici\u00f3n de su jornada de puertas abiertas nocturna 'Nit a Les Arts', con la que el enclave cultural se despide de la actividad abierta al p\u00fablico hasta el mes de septiembre, seg\u00fan ha informado la","twitter:image":"https:\/\/eldigitaldeasturias.com\/magazine365\/wp-content\/uploads\/2016\/06\/fotonoticia_20160628185417_800.jpg"},"aioseo_meta_data":{"post_id":"80996","title":null,"description":null,"keywords":null,"keyphrases":null,"primary_term":null,"canonical_url":null,"og_title":null,"og_description":null,"og_object_type":"default","og_image_type":"default","og_image_url":null,"og_image_width":null,"og_image_height":null,"og_image_custom_url":null,"og_image_custom_fields":null,"og_video":null,"og_custom_url":null,"og_article_section":null,"og_article_tags":null,"twitter_use_og":false,"twitter_card":"default","twitter_image_type":"default","twitter_image_url":null,"twitter_image_custom_url":null,"twitter_image_custom_fields":null,"twitter_title":null,"twitter_description":null,"schema":{"blockGraphs":[],"customGraphs":[],"default":{"data":{"Article":[],"Course":[],"Dataset":[],"FAQPage":[],"Movie":[],"Person":[],"Product":[],"ProductReview":[],"Car":[],"Recipe":[],"Service":[],"SoftwareApplication":[],"WebPage":[]},"graphName":"","isEnabled":true},"graphs":[],"defaultGraph":"","defaultPostTypeGraph":""},"schema_type":null,"schema_type_options":null,"pillar_content":false,"robots_default":true,"robots_noindex":false,"robots_noarchive":false,"robots_nosnippet":false,"robots_nofollow":false,"robots_noimageindex":false,"robots_noodp":false,"robots_notranslate":false,"robots_max_snippet":null,"robots_max_videopreview":null,"robots_max_imagepreview":"large","priority":null,"frequency":null,"location":null,"local_seo":null,"seo_analyzer_scan_date":"2025-09-27 21:57:13","breadcrumb_settings":null,"limit_modified_date":false,"open_ai":null,"ai":null,"created":"2021-03-08 17:22:47","updated":"2025-09-27 21:57:13"},"aioseo_breadcrumb":"<div class=\"aioseo-breadcrumbs\"><span class=\"aioseo-breadcrumb\">\n\t<a href=\"https:\/\/eldigitaldeasturias.com\/magazine365\" title=\"Home\">Home<\/a>\n<\/span><span class=\"aioseo-breadcrumb-separator\">\u2013<\/span><span class=\"aioseo-breadcrumb\">\n\t<a href=\"https:\/\/eldigitaldeasturias.com\/magazine365\/category\/noticias-actualidad\/\" title=\"Noticias y Actualidad\">Noticias y Actualidad<\/a>\n<\/span><span class=\"aioseo-breadcrumb-separator\">\u2013<\/span><span class=\"aioseo-breadcrumb\">\n\t<a href=\"https:\/\/eldigitaldeasturias.com\/magazine365\/el-palau-de-les-arts-de-valencia-se-despide-hasta-septiembre-con-una-doble-jornada-de-puertas-abiertas-nocturna\/\" title=\"El Palau de les Arts de Valencia se despide hasta septiembre con una doble jornada de puertas abiertas nocturna\">El Palau de les Arts de Valencia se despide hasta septiembre con una doble jornada de puertas abiertas nocturna<\/a>\n<\/span><\/div>","aioseo_breadcrumb_json":[{"label":"Home","link":"https:\/\/eldigitaldeasturias.com\/magazine365"},{"label":"Noticias y Actualidad","link":"https:\/\/eldigitaldeasturias.com\/magazine365\/category\/noticias-actualidad\/"},{"label":"El Palau de les Arts de Valencia se despide hasta septiembre con una doble jornada de puertas abiertas nocturna","link":"https:\/\/eldigitaldeasturias.com\/magazine365\/el-palau-de-les-arts-de-valencia-se-despide-hasta-septiembre-con-una-doble-jornada-de-puertas-abiertas-nocturna\/"}],"_links":{"self":[{"href":"https:\/\/eldigitaldeasturias.com\/magazine365\/wp-json\/wp\/v2\/posts\/80996","targetHints":{"allow":["GET"]}}],"collection":[{"href":"https:\/\/eldigitaldeasturias.com\/magazine365\/wp-json\/wp\/v2\/posts"}],"about":[{"href":"https:\/\/eldigitaldeasturias.com\/magazine365\/wp-json\/wp\/v2\/types\/post"}],"author":[{"embeddable":true,"href":"https:\/\/eldigitaldeasturias.com\/magazine365\/wp-json\/wp\/v2\/users\/1"}],"replies":[{"embeddable":true,"href":"https:\/\/eldigitaldeasturias.com\/magazine365\/wp-json\/wp\/v2\/comments?post=80996"}],"version-history":[{"count":0,"href":"https:\/\/eldigitaldeasturias.com\/magazine365\/wp-json\/wp\/v2\/posts\/80996\/revisions"}],"wp:featuredmedia":[{"embeddable":true,"href":"https:\/\/eldigitaldeasturias.com\/magazine365\/wp-json\/wp\/v2\/media\/80997"}],"wp:attachment":[{"href":"https:\/\/eldigitaldeasturias.com\/magazine365\/wp-json\/wp\/v2\/media?parent=80996"}],"wp:term":[{"taxonomy":"category","embeddable":true,"href":"https:\/\/eldigitaldeasturias.com\/magazine365\/wp-json\/wp\/v2\/categories?post=80996"},{"taxonomy":"post_tag","embeddable":true,"href":"https:\/\/eldigitaldeasturias.com\/magazine365\/wp-json\/wp\/v2\/tags?post=80996"}],"curies":[{"name":"wp","href":"https:\/\/api.w.org\/{rel}","templated":true}]}}