{"id":80987,"date":"2016-06-29T08:37:29","date_gmt":"2016-06-29T06:37:29","guid":{"rendered":"http:\/\/eldigitaldeasturias.com\/magazine365\/?p=80987"},"modified":"2016-06-29T08:37:29","modified_gmt":"2016-06-29T06:37:29","slug":"autobuses-lat-cambia-los-horarios-de-su-flota-en-verano","status":"publish","type":"post","link":"https:\/\/eldigitaldeasturias.com\/magazine365\/autobuses-lat-cambia-los-horarios-de-su-flota-en-verano\/","title":{"rendered":"Autobuses LAT cambia los horarios de su flota en verano"},"content":{"rendered":"<p><img fetchpriority=\"high\" decoding=\"async\" class=\"alignleft size-medium wp-image-80988\" src=\"https:\/\/eldigitaldeasturias.com\/magazine365\/wp-content\/uploads\/2016\/06\/fotonoticia_20160628172445_800-360x270.jpg\" alt=\"fotonoticia_20160628172445_800\" width=\"360\" height=\"270\" srcset=\"https:\/\/eldigitaldeasturias.com\/magazine365\/wp-content\/uploads\/2016\/06\/fotonoticia_20160628172445_800-360x270.jpg 360w, https:\/\/eldigitaldeasturias.com\/magazine365\/wp-content\/uploads\/2016\/06\/fotonoticia_20160628172445_800-650x488.jpg 650w, https:\/\/eldigitaldeasturias.com\/magazine365\/wp-content\/uploads\/2016\/06\/fotonoticia_20160628172445_800-768x576.jpg 768w, https:\/\/eldigitaldeasturias.com\/magazine365\/wp-content\/uploads\/2016\/06\/fotonoticia_20160628172445_800-150x113.jpg 150w, https:\/\/eldigitaldeasturias.com\/magazine365\/wp-content\/uploads\/2016\/06\/fotonoticia_20160628172445_800-450x338.jpg 450w, https:\/\/eldigitaldeasturias.com\/magazine365\/wp-content\/uploads\/2016\/06\/fotonoticia_20160628172445_800-90x67.jpg 90w, https:\/\/eldigitaldeasturias.com\/magazine365\/wp-content\/uploads\/2016\/06\/fotonoticia_20160628172445_800-164x124.jpg 164w, https:\/\/eldigitaldeasturias.com\/magazine365\/wp-content\/uploads\/2016\/06\/fotonoticia_20160628172445_800-100x75.jpg 100w, https:\/\/eldigitaldeasturias.com\/magazine365\/wp-content\/uploads\/2016\/06\/fotonoticia_20160628172445_800.jpg 800w\" sizes=\"(max-width: 360px) 100vw, 360px\" \/>Autobuses LAT modifica sus horarios con la entrada del verano. El nuevo horario de verano se pondr\u00e1 en marcha desde este viernes hasta el 31 de agosto, con el objetivo de cubrir las necesidades de sus usuarios en el per\u00edodo vacacional y de adaptarse al flujo de pasajeros en Murcia.<\/p>\n<p>Con el objetivo de fomentar el turismo playero de la Regi\u00f3n, Autobuses LAT ha potenciado la L\u00ednea 70. Este servicio, que comienza en la Estaci\u00f3n de Murcia, acerca a los murcianos a San Javier, La Ribera, Lo Pag\u00e1n, San Pedro del Pinatar, Pilar de la Horadada y Torre de la Horadada, terminando en Campoamor. El recorrido, que incluye 25 paradas en toda la costa y un autob\u00fas cada hora, presta servicio desde primera hasta \u00faltima hora del d\u00eda.<\/p>\n<p>En lo referente a los servicios nocturno, el B\u00faho Bus (l\u00ednea 55, 56, 57, 58 y 59) queda suspendido desde el 1 de julio hasta el 31 de agosto.<br \/>\nOtro servicio suspendido es el de la L\u00ednea 32 (Cruce de El Raal-Murcia), a partir del 1 de julio hasta el 1 de septiembre.<\/p>\n<p>La L\u00ednea 47, con el recorrido Molina de Segura-Campus-Ucam, tambi\u00e9n ve afectado sus servicios, suspendidos desde el 1 de julio hasta inicio del curso 2016-2017. Puede consultar m\u00e1s informaci\u00f3n sobre los horarios de verano en la web &#8216;www.latbus.com&#8217;.<\/p>\n","protected":false},"excerpt":{"rendered":"<p>Autobuses LAT modifica sus horarios con la entrada del verano. El nuevo horario de verano se pondr\u00e1 en marcha desde este viernes hasta el 31 de agosto, con el objetivo de cubrir las necesidades de sus usuarios en el per\u00edodo vacacional y de adaptarse al flujo de pasajeros en Murcia. Con el objetivo de fomentar<\/p>\n","protected":false},"author":1,"featured_media":80988,"comment_status":"open","ping_status":"closed","sticky":false,"template":"","format":"standard","meta":{"footnotes":""},"categories":[224],"tags":[],"class_list":{"0":"post-80987","1":"post","2":"type-post","3":"status-publish","4":"format-standard","5":"has-post-thumbnail","7":"category-noticias-actualidad"},"aioseo_notices":[],"aioseo_head":"\n\t\t<!-- All in One SEO Pro 4.9.6.1 - aioseo.com -->\n\t<meta name=\"description\" content=\"Autobuses LAT modifica sus horarios con la entrada del verano. El nuevo horario de verano se pondr\u00e1 en marcha desde este viernes hasta el 31 de agosto, con el objetivo de cubrir las necesidades de sus usuarios en el per\u00edodo vacacional y de adaptarse al flujo de pasajeros en Murcia. Con el objetivo de fomentar\" \/>\n\t<meta name=\"robots\" content=\"max-image-preview:large\" \/>\n\t<meta name=\"author\" content=\"admin\"\/>\n\t<meta name=\"google-site-verification\" content=\"UA-38556648-1\" \/>\n\t<meta name=\"keywords\" content=\"noticias y actualidad\" \/>\n\t<link rel=\"canonical\" href=\"https:\/\/eldigitaldeasturias.com\/magazine365\/autobuses-lat-cambia-los-horarios-de-su-flota-en-verano\/\" \/>\n\t<meta name=\"generator\" content=\"All in One SEO Pro (AIOSEO) 4.9.6.1\" \/>\n\t\t<meta property=\"og:locale\" content=\"es_ES\" \/>\n\t\t<meta property=\"og:site_name\" content=\"El Digital de Asturias \u2013 Revista de ocio, turismo y estilo de vida\" \/>\n\t\t<meta property=\"og:type\" content=\"article\" \/>\n\t\t<meta property=\"og:title\" content=\"Autobuses LAT cambia los horarios de su flota en verano | El Digital de Asturias\" \/>\n\t\t<meta property=\"og:description\" content=\"Autobuses LAT modifica sus horarios con la entrada del verano. El nuevo horario de verano se pondr\u00e1 en marcha desde este viernes hasta el 31 de agosto, con el objetivo de cubrir las necesidades de sus usuarios en el per\u00edodo vacacional y de adaptarse al flujo de pasajeros en Murcia. Con el objetivo de fomentar\" \/>\n\t\t<meta property=\"og:url\" content=\"https:\/\/eldigitaldeasturias.com\/magazine365\/autobuses-lat-cambia-los-horarios-de-su-flota-en-verano\/\" \/>\n\t\t<meta property=\"og:image\" content=\"https:\/\/eldigitaldeasturias.com\/magazine365\/wp-content\/uploads\/2016\/06\/fotonoticia_20160628172445_800.jpg\" \/>\n\t\t<meta property=\"og:image:secure_url\" content=\"https:\/\/eldigitaldeasturias.com\/magazine365\/wp-content\/uploads\/2016\/06\/fotonoticia_20160628172445_800.jpg\" \/>\n\t\t<meta property=\"og:image:width\" content=\"800\" \/>\n\t\t<meta property=\"og:image:height\" content=\"600\" \/>\n\t\t<meta property=\"article:published_time\" content=\"2016-06-29T06:37:29+00:00\" \/>\n\t\t<meta property=\"article:modified_time\" content=\"2016-06-29T06:37:29+00:00\" \/>\n\t\t<meta name=\"twitter:card\" content=\"summary_large_image\" \/>\n\t\t<meta name=\"twitter:title\" content=\"Autobuses LAT cambia los horarios de su flota en verano | El Digital de Asturias\" \/>\n\t\t<meta name=\"twitter:description\" content=\"Autobuses LAT modifica sus horarios con la entrada del verano. El nuevo horario de verano se pondr\u00e1 en marcha desde este viernes hasta el 31 de agosto, con el objetivo de cubrir las necesidades de sus usuarios en el per\u00edodo vacacional y de adaptarse al flujo de pasajeros en Murcia. Con el objetivo de fomentar\" \/>\n\t\t<meta name=\"twitter:image\" content=\"https:\/\/eldigitaldeasturias.com\/magazine365\/wp-content\/uploads\/2016\/06\/fotonoticia_20160628172445_800.jpg\" \/>\n\t\t<script type=\"application\/ld+json\" class=\"aioseo-schema\">\n\t\t\t{\"@context\":\"https:\\\/\\\/schema.org\",\"@graph\":[{\"@type\":\"Article\",\"@id\":\"https:\\\/\\\/eldigitaldeasturias.com\\\/magazine365\\\/autobuses-lat-cambia-los-horarios-de-su-flota-en-verano\\\/#article\",\"name\":\"Autobuses LAT cambia los horarios de su flota en verano | El Digital de Asturias\",\"headline\":\"Autobuses LAT cambia los horarios de su flota en verano\",\"author\":{\"@id\":\"https:\\\/\\\/eldigitaldeasturias.com\\\/magazine365\\\/author\\\/admin\\\/#author\"},\"publisher\":{\"@id\":\"https:\\\/\\\/eldigitaldeasturias.com\\\/magazine365\\\/#organization\"},\"image\":{\"@type\":\"ImageObject\",\"url\":\"https:\\\/\\\/eldigitaldeasturias.com\\\/magazine365\\\/wp-content\\\/uploads\\\/2016\\\/06\\\/fotonoticia_20160628172445_800.jpg\",\"width\":800,\"height\":600},\"datePublished\":\"2016-06-29T08:37:29+02:00\",\"dateModified\":\"2016-06-29T08:37:29+02:00\",\"inLanguage\":\"es-ES\",\"mainEntityOfPage\":{\"@id\":\"https:\\\/\\\/eldigitaldeasturias.com\\\/magazine365\\\/autobuses-lat-cambia-los-horarios-de-su-flota-en-verano\\\/#webpage\"},\"isPartOf\":{\"@id\":\"https:\\\/\\\/eldigitaldeasturias.com\\\/magazine365\\\/autobuses-lat-cambia-los-horarios-de-su-flota-en-verano\\\/#webpage\"},\"articleSection\":\"Noticias y Actualidad\"},{\"@type\":\"BreadcrumbList\",\"@id\":\"https:\\\/\\\/eldigitaldeasturias.com\\\/magazine365\\\/autobuses-lat-cambia-los-horarios-de-su-flota-en-verano\\\/#breadcrumblist\",\"itemListElement\":[{\"@type\":\"ListItem\",\"@id\":\"https:\\\/\\\/eldigitaldeasturias.com\\\/magazine365#listItem\",\"position\":1,\"name\":\"Home\",\"item\":\"https:\\\/\\\/eldigitaldeasturias.com\\\/magazine365\",\"nextItem\":{\"@type\":\"ListItem\",\"@id\":\"https:\\\/\\\/eldigitaldeasturias.com\\\/magazine365\\\/category\\\/noticias-actualidad\\\/#listItem\",\"name\":\"Noticias y Actualidad\"}},{\"@type\":\"ListItem\",\"@id\":\"https:\\\/\\\/eldigitaldeasturias.com\\\/magazine365\\\/category\\\/noticias-actualidad\\\/#listItem\",\"position\":2,\"name\":\"Noticias y Actualidad\",\"item\":\"https:\\\/\\\/eldigitaldeasturias.com\\\/magazine365\\\/category\\\/noticias-actualidad\\\/\",\"nextItem\":{\"@type\":\"ListItem\",\"@id\":\"https:\\\/\\\/eldigitaldeasturias.com\\\/magazine365\\\/autobuses-lat-cambia-los-horarios-de-su-flota-en-verano\\\/#listItem\",\"name\":\"Autobuses LAT cambia los horarios de su flota en verano\"},\"previousItem\":{\"@type\":\"ListItem\",\"@id\":\"https:\\\/\\\/eldigitaldeasturias.com\\\/magazine365#listItem\",\"name\":\"Home\"}},{\"@type\":\"ListItem\",\"@id\":\"https:\\\/\\\/eldigitaldeasturias.com\\\/magazine365\\\/autobuses-lat-cambia-los-horarios-de-su-flota-en-verano\\\/#listItem\",\"position\":3,\"name\":\"Autobuses LAT cambia los horarios de su flota en verano\",\"previousItem\":{\"@type\":\"ListItem\",\"@id\":\"https:\\\/\\\/eldigitaldeasturias.com\\\/magazine365\\\/category\\\/noticias-actualidad\\\/#listItem\",\"name\":\"Noticias y Actualidad\"}}]},{\"@type\":\"Organization\",\"@id\":\"https:\\\/\\\/eldigitaldeasturias.com\\\/magazine365\\\/#organization\",\"name\":\"El digital de Asturias\",\"description\":\"Revista de ocio, turismo y estilo de vida\",\"url\":\"https:\\\/\\\/eldigitaldeasturias.com\\\/magazine365\\\/\",\"logo\":{\"@type\":\"ImageObject\",\"url\":\"https:\\\/\\\/www.eldigitaldeasturias.com\\\/noticias\\\/wp-content\\\/uploads\\\/2020\\\/12\\\/EDA.jpg\",\"@id\":\"https:\\\/\\\/eldigitaldeasturias.com\\\/magazine365\\\/autobuses-lat-cambia-los-horarios-de-su-flota-en-verano\\\/#organizationLogo\"},\"image\":{\"@id\":\"https:\\\/\\\/eldigitaldeasturias.com\\\/magazine365\\\/autobuses-lat-cambia-los-horarios-de-su-flota-en-verano\\\/#organizationLogo\"}},{\"@type\":\"Person\",\"@id\":\"https:\\\/\\\/eldigitaldeasturias.com\\\/magazine365\\\/author\\\/admin\\\/#author\",\"url\":\"https:\\\/\\\/eldigitaldeasturias.com\\\/magazine365\\\/author\\\/admin\\\/\",\"name\":\"admin\",\"image\":{\"@type\":\"ImageObject\",\"@id\":\"https:\\\/\\\/eldigitaldeasturias.com\\\/magazine365\\\/autobuses-lat-cambia-los-horarios-de-su-flota-en-verano\\\/#authorImage\",\"url\":\"https:\\\/\\\/eldigitaldeasturias.com\\\/magazine365\\\/wp-content\\\/litespeed\\\/avatar\\\/e571bcf59a0edd6fa6838245a470f2fe.jpg?ver=1776969259\",\"width\":96,\"height\":96,\"caption\":\"admin\"}},{\"@type\":\"WebPage\",\"@id\":\"https:\\\/\\\/eldigitaldeasturias.com\\\/magazine365\\\/autobuses-lat-cambia-los-horarios-de-su-flota-en-verano\\\/#webpage\",\"url\":\"https:\\\/\\\/eldigitaldeasturias.com\\\/magazine365\\\/autobuses-lat-cambia-los-horarios-de-su-flota-en-verano\\\/\",\"name\":\"Autobuses LAT cambia los horarios de su flota en verano | El Digital de Asturias\",\"description\":\"Autobuses LAT modifica sus horarios con la entrada del verano. El nuevo horario de verano se pondr\\u00e1 en marcha desde este viernes hasta el 31 de agosto, con el objetivo de cubrir las necesidades de sus usuarios en el per\\u00edodo vacacional y de adaptarse al flujo de pasajeros en Murcia. Con el objetivo de fomentar\",\"inLanguage\":\"es-ES\",\"isPartOf\":{\"@id\":\"https:\\\/\\\/eldigitaldeasturias.com\\\/magazine365\\\/#website\"},\"breadcrumb\":{\"@id\":\"https:\\\/\\\/eldigitaldeasturias.com\\\/magazine365\\\/autobuses-lat-cambia-los-horarios-de-su-flota-en-verano\\\/#breadcrumblist\"},\"author\":{\"@id\":\"https:\\\/\\\/eldigitaldeasturias.com\\\/magazine365\\\/author\\\/admin\\\/#author\"},\"creator\":{\"@id\":\"https:\\\/\\\/eldigitaldeasturias.com\\\/magazine365\\\/author\\\/admin\\\/#author\"},\"image\":{\"@type\":\"ImageObject\",\"url\":\"https:\\\/\\\/eldigitaldeasturias.com\\\/magazine365\\\/wp-content\\\/uploads\\\/2016\\\/06\\\/fotonoticia_20160628172445_800.jpg\",\"@id\":\"https:\\\/\\\/eldigitaldeasturias.com\\\/magazine365\\\/autobuses-lat-cambia-los-horarios-de-su-flota-en-verano\\\/#mainImage\",\"width\":800,\"height\":600},\"primaryImageOfPage\":{\"@id\":\"https:\\\/\\\/eldigitaldeasturias.com\\\/magazine365\\\/autobuses-lat-cambia-los-horarios-de-su-flota-en-verano\\\/#mainImage\"},\"datePublished\":\"2016-06-29T08:37:29+02:00\",\"dateModified\":\"2016-06-29T08:37:29+02:00\"},{\"@type\":\"WebSite\",\"@id\":\"https:\\\/\\\/eldigitaldeasturias.com\\\/magazine365\\\/#website\",\"url\":\"https:\\\/\\\/eldigitaldeasturias.com\\\/magazine365\\\/\",\"name\":\"El Digital de Asturias\",\"description\":\"Revista de ocio, turismo y estilo de vida\",\"inLanguage\":\"es-ES\",\"publisher\":{\"@id\":\"https:\\\/\\\/eldigitaldeasturias.com\\\/magazine365\\\/#organization\"}}]}\n\t\t<\/script>\n\t\t<!-- All in One SEO Pro -->\r\n\t\t<title>Autobuses LAT cambia los horarios de su flota en verano | El Digital de Asturias<\/title>\n\n","aioseo_head_json":{"title":"Autobuses LAT cambia los horarios de su flota en verano | El Digital de Asturias","description":"Autobuses LAT modifica sus horarios con la entrada del verano. El nuevo horario de verano se pondr\u00e1 en marcha desde este viernes hasta el 31 de agosto, con el objetivo de cubrir las necesidades de sus usuarios en el per\u00edodo vacacional y de adaptarse al flujo de pasajeros en Murcia. Con el objetivo de fomentar","canonical_url":"https:\/\/eldigitaldeasturias.com\/magazine365\/autobuses-lat-cambia-los-horarios-de-su-flota-en-verano\/","robots":"max-image-preview:large","keywords":"noticias y actualidad","webmasterTools":{"google-site-verification":"UA-38556648-1","miscellaneous":""},"schema":{"@context":"https:\/\/schema.org","@graph":[{"@type":"Article","@id":"https:\/\/eldigitaldeasturias.com\/magazine365\/autobuses-lat-cambia-los-horarios-de-su-flota-en-verano\/#article","name":"Autobuses LAT cambia los horarios de su flota en verano | El Digital de Asturias","headline":"Autobuses LAT cambia los horarios de su flota en verano","author":{"@id":"https:\/\/eldigitaldeasturias.com\/magazine365\/author\/admin\/#author"},"publisher":{"@id":"https:\/\/eldigitaldeasturias.com\/magazine365\/#organization"},"image":{"@type":"ImageObject","url":"https:\/\/eldigitaldeasturias.com\/magazine365\/wp-content\/uploads\/2016\/06\/fotonoticia_20160628172445_800.jpg","width":800,"height":600},"datePublished":"2016-06-29T08:37:29+02:00","dateModified":"2016-06-29T08:37:29+02:00","inLanguage":"es-ES","mainEntityOfPage":{"@id":"https:\/\/eldigitaldeasturias.com\/magazine365\/autobuses-lat-cambia-los-horarios-de-su-flota-en-verano\/#webpage"},"isPartOf":{"@id":"https:\/\/eldigitaldeasturias.com\/magazine365\/autobuses-lat-cambia-los-horarios-de-su-flota-en-verano\/#webpage"},"articleSection":"Noticias y Actualidad"},{"@type":"BreadcrumbList","@id":"https:\/\/eldigitaldeasturias.com\/magazine365\/autobuses-lat-cambia-los-horarios-de-su-flota-en-verano\/#breadcrumblist","itemListElement":[{"@type":"ListItem","@id":"https:\/\/eldigitaldeasturias.com\/magazine365#listItem","position":1,"name":"Home","item":"https:\/\/eldigitaldeasturias.com\/magazine365","nextItem":{"@type":"ListItem","@id":"https:\/\/eldigitaldeasturias.com\/magazine365\/category\/noticias-actualidad\/#listItem","name":"Noticias y Actualidad"}},{"@type":"ListItem","@id":"https:\/\/eldigitaldeasturias.com\/magazine365\/category\/noticias-actualidad\/#listItem","position":2,"name":"Noticias y Actualidad","item":"https:\/\/eldigitaldeasturias.com\/magazine365\/category\/noticias-actualidad\/","nextItem":{"@type":"ListItem","@id":"https:\/\/eldigitaldeasturias.com\/magazine365\/autobuses-lat-cambia-los-horarios-de-su-flota-en-verano\/#listItem","name":"Autobuses LAT cambia los horarios de su flota en verano"},"previousItem":{"@type":"ListItem","@id":"https:\/\/eldigitaldeasturias.com\/magazine365#listItem","name":"Home"}},{"@type":"ListItem","@id":"https:\/\/eldigitaldeasturias.com\/magazine365\/autobuses-lat-cambia-los-horarios-de-su-flota-en-verano\/#listItem","position":3,"name":"Autobuses LAT cambia los horarios de su flota en verano","previousItem":{"@type":"ListItem","@id":"https:\/\/eldigitaldeasturias.com\/magazine365\/category\/noticias-actualidad\/#listItem","name":"Noticias y Actualidad"}}]},{"@type":"Organization","@id":"https:\/\/eldigitaldeasturias.com\/magazine365\/#organization","name":"El digital de Asturias","description":"Revista de ocio, turismo y estilo de vida","url":"https:\/\/eldigitaldeasturias.com\/magazine365\/","logo":{"@type":"ImageObject","url":"https:\/\/www.eldigitaldeasturias.com\/noticias\/wp-content\/uploads\/2020\/12\/EDA.jpg","@id":"https:\/\/eldigitaldeasturias.com\/magazine365\/autobuses-lat-cambia-los-horarios-de-su-flota-en-verano\/#organizationLogo"},"image":{"@id":"https:\/\/eldigitaldeasturias.com\/magazine365\/autobuses-lat-cambia-los-horarios-de-su-flota-en-verano\/#organizationLogo"}},{"@type":"Person","@id":"https:\/\/eldigitaldeasturias.com\/magazine365\/author\/admin\/#author","url":"https:\/\/eldigitaldeasturias.com\/magazine365\/author\/admin\/","name":"admin","image":{"@type":"ImageObject","@id":"https:\/\/eldigitaldeasturias.com\/magazine365\/autobuses-lat-cambia-los-horarios-de-su-flota-en-verano\/#authorImage","url":"https:\/\/eldigitaldeasturias.com\/magazine365\/wp-content\/litespeed\/avatar\/e571bcf59a0edd6fa6838245a470f2fe.jpg?ver=1776969259","width":96,"height":96,"caption":"admin"}},{"@type":"WebPage","@id":"https:\/\/eldigitaldeasturias.com\/magazine365\/autobuses-lat-cambia-los-horarios-de-su-flota-en-verano\/#webpage","url":"https:\/\/eldigitaldeasturias.com\/magazine365\/autobuses-lat-cambia-los-horarios-de-su-flota-en-verano\/","name":"Autobuses LAT cambia los horarios de su flota en verano | El Digital de Asturias","description":"Autobuses LAT modifica sus horarios con la entrada del verano. El nuevo horario de verano se pondr\u00e1 en marcha desde este viernes hasta el 31 de agosto, con el objetivo de cubrir las necesidades de sus usuarios en el per\u00edodo vacacional y de adaptarse al flujo de pasajeros en Murcia. Con el objetivo de fomentar","inLanguage":"es-ES","isPartOf":{"@id":"https:\/\/eldigitaldeasturias.com\/magazine365\/#website"},"breadcrumb":{"@id":"https:\/\/eldigitaldeasturias.com\/magazine365\/autobuses-lat-cambia-los-horarios-de-su-flota-en-verano\/#breadcrumblist"},"author":{"@id":"https:\/\/eldigitaldeasturias.com\/magazine365\/author\/admin\/#author"},"creator":{"@id":"https:\/\/eldigitaldeasturias.com\/magazine365\/author\/admin\/#author"},"image":{"@type":"ImageObject","url":"https:\/\/eldigitaldeasturias.com\/magazine365\/wp-content\/uploads\/2016\/06\/fotonoticia_20160628172445_800.jpg","@id":"https:\/\/eldigitaldeasturias.com\/magazine365\/autobuses-lat-cambia-los-horarios-de-su-flota-en-verano\/#mainImage","width":800,"height":600},"primaryImageOfPage":{"@id":"https:\/\/eldigitaldeasturias.com\/magazine365\/autobuses-lat-cambia-los-horarios-de-su-flota-en-verano\/#mainImage"},"datePublished":"2016-06-29T08:37:29+02:00","dateModified":"2016-06-29T08:37:29+02:00"},{"@type":"WebSite","@id":"https:\/\/eldigitaldeasturias.com\/magazine365\/#website","url":"https:\/\/eldigitaldeasturias.com\/magazine365\/","name":"El Digital de Asturias","description":"Revista de ocio, turismo y estilo de vida","inLanguage":"es-ES","publisher":{"@id":"https:\/\/eldigitaldeasturias.com\/magazine365\/#organization"}}]},"og:locale":"es_ES","og:site_name":"El Digital de Asturias \u2013 Revista de ocio, turismo y estilo de vida","og:type":"article","og:title":"Autobuses LAT cambia los horarios de su flota en verano | El Digital de Asturias","og:description":"Autobuses LAT modifica sus horarios con la entrada del verano. El nuevo horario de verano se pondr\u00e1 en marcha desde este viernes hasta el 31 de agosto, con el objetivo de cubrir las necesidades de sus usuarios en el per\u00edodo vacacional y de adaptarse al flujo de pasajeros en Murcia. Con el objetivo de fomentar","og:url":"https:\/\/eldigitaldeasturias.com\/magazine365\/autobuses-lat-cambia-los-horarios-de-su-flota-en-verano\/","og:image":"https:\/\/eldigitaldeasturias.com\/magazine365\/wp-content\/uploads\/2016\/06\/fotonoticia_20160628172445_800.jpg","og:image:secure_url":"https:\/\/eldigitaldeasturias.com\/magazine365\/wp-content\/uploads\/2016\/06\/fotonoticia_20160628172445_800.jpg","og:image:width":800,"og:image:height":600,"article:published_time":"2016-06-29T06:37:29+00:00","article:modified_time":"2016-06-29T06:37:29+00:00","twitter:card":"summary_large_image","twitter:title":"Autobuses LAT cambia los horarios de su flota en verano | El Digital de Asturias","twitter:description":"Autobuses LAT modifica sus horarios con la entrada del verano. El nuevo horario de verano se pondr\u00e1 en marcha desde este viernes hasta el 31 de agosto, con el objetivo de cubrir las necesidades de sus usuarios en el per\u00edodo vacacional y de adaptarse al flujo de pasajeros en Murcia. Con el objetivo de fomentar","twitter:image":"https:\/\/eldigitaldeasturias.com\/magazine365\/wp-content\/uploads\/2016\/06\/fotonoticia_20160628172445_800.jpg"},"aioseo_meta_data":{"post_id":"80987","title":null,"description":null,"keywords":null,"keyphrases":null,"primary_term":null,"canonical_url":null,"og_title":null,"og_description":null,"og_object_type":"default","og_image_type":"default","og_image_url":null,"og_image_width":null,"og_image_height":null,"og_image_custom_url":null,"og_image_custom_fields":null,"og_video":null,"og_custom_url":null,"og_article_section":null,"og_article_tags":null,"twitter_use_og":false,"twitter_card":"default","twitter_image_type":"default","twitter_image_url":null,"twitter_image_custom_url":null,"twitter_image_custom_fields":null,"twitter_title":null,"twitter_description":null,"schema":{"blockGraphs":[],"customGraphs":[],"default":{"data":{"Article":[],"Course":[],"Dataset":[],"FAQPage":[],"Movie":[],"Person":[],"Product":[],"ProductReview":[],"Car":[],"Recipe":[],"Service":[],"SoftwareApplication":[],"WebPage":[]},"graphName":"","isEnabled":true},"graphs":[],"defaultGraph":"","defaultPostTypeGraph":""},"schema_type":null,"schema_type_options":null,"pillar_content":false,"robots_default":true,"robots_noindex":false,"robots_noarchive":false,"robots_nosnippet":false,"robots_nofollow":false,"robots_noimageindex":false,"robots_noodp":false,"robots_notranslate":false,"robots_max_snippet":null,"robots_max_videopreview":null,"robots_max_imagepreview":"large","priority":null,"frequency":null,"location":null,"local_seo":null,"seo_analyzer_scan_date":"2025-09-27 21:57:07","breadcrumb_settings":null,"limit_modified_date":false,"open_ai":null,"ai":null,"created":"2021-03-08 17:22:47","updated":"2025-09-27 21:57:07"},"aioseo_breadcrumb":"<div class=\"aioseo-breadcrumbs\"><span class=\"aioseo-breadcrumb\">\n\t<a href=\"https:\/\/eldigitaldeasturias.com\/magazine365\" title=\"Home\">Home<\/a>\n<\/span><span class=\"aioseo-breadcrumb-separator\">\u2013<\/span><span class=\"aioseo-breadcrumb\">\n\t<a href=\"https:\/\/eldigitaldeasturias.com\/magazine365\/category\/noticias-actualidad\/\" title=\"Noticias y Actualidad\">Noticias y Actualidad<\/a>\n<\/span><span class=\"aioseo-breadcrumb-separator\">\u2013<\/span><span class=\"aioseo-breadcrumb\">\n\t<a href=\"https:\/\/eldigitaldeasturias.com\/magazine365\/autobuses-lat-cambia-los-horarios-de-su-flota-en-verano\/\" title=\"Autobuses LAT cambia los horarios de su flota en verano\">Autobuses LAT cambia los horarios de su flota en verano<\/a>\n<\/span><\/div>","aioseo_breadcrumb_json":[{"label":"Home","link":"https:\/\/eldigitaldeasturias.com\/magazine365"},{"label":"Noticias y Actualidad","link":"https:\/\/eldigitaldeasturias.com\/magazine365\/category\/noticias-actualidad\/"},{"label":"Autobuses LAT cambia los horarios de su flota en verano","link":"https:\/\/eldigitaldeasturias.com\/magazine365\/autobuses-lat-cambia-los-horarios-de-su-flota-en-verano\/"}],"_links":{"self":[{"href":"https:\/\/eldigitaldeasturias.com\/magazine365\/wp-json\/wp\/v2\/posts\/80987","targetHints":{"allow":["GET"]}}],"collection":[{"href":"https:\/\/eldigitaldeasturias.com\/magazine365\/wp-json\/wp\/v2\/posts"}],"about":[{"href":"https:\/\/eldigitaldeasturias.com\/magazine365\/wp-json\/wp\/v2\/types\/post"}],"author":[{"embeddable":true,"href":"https:\/\/eldigitaldeasturias.com\/magazine365\/wp-json\/wp\/v2\/users\/1"}],"replies":[{"embeddable":true,"href":"https:\/\/eldigitaldeasturias.com\/magazine365\/wp-json\/wp\/v2\/comments?post=80987"}],"version-history":[{"count":0,"href":"https:\/\/eldigitaldeasturias.com\/magazine365\/wp-json\/wp\/v2\/posts\/80987\/revisions"}],"wp:featuredmedia":[{"embeddable":true,"href":"https:\/\/eldigitaldeasturias.com\/magazine365\/wp-json\/wp\/v2\/media\/80988"}],"wp:attachment":[{"href":"https:\/\/eldigitaldeasturias.com\/magazine365\/wp-json\/wp\/v2\/media?parent=80987"}],"wp:term":[{"taxonomy":"category","embeddable":true,"href":"https:\/\/eldigitaldeasturias.com\/magazine365\/wp-json\/wp\/v2\/categories?post=80987"},{"taxonomy":"post_tag","embeddable":true,"href":"https:\/\/eldigitaldeasturias.com\/magazine365\/wp-json\/wp\/v2\/tags?post=80987"}],"curies":[{"name":"wp","href":"https:\/\/api.w.org\/{rel}","templated":true}]}}