{"id":80984,"date":"2016-06-29T08:35:37","date_gmt":"2016-06-29T06:35:37","guid":{"rendered":"http:\/\/eldigitaldeasturias.com\/magazine365\/?p=80984"},"modified":"2016-06-29T08:35:37","modified_gmt":"2016-06-29T06:35:37","slug":"la-costa-del-sol-presenta-ante-unas-200-empresas-sus-posibilidades-como-destino-de-congresos","status":"publish","type":"post","link":"https:\/\/eldigitaldeasturias.com\/magazine365\/la-costa-del-sol-presenta-ante-unas-200-empresas-sus-posibilidades-como-destino-de-congresos\/","title":{"rendered":"La Costa del Sol presenta ante unas 200 empresas sus posibilidades como destino de congresos"},"content":{"rendered":"<p><img fetchpriority=\"high\" decoding=\"async\" class=\"alignleft size-medium wp-image-80985\" src=\"https:\/\/eldigitaldeasturias.com\/magazine365\/wp-content\/uploads\/2016\/06\/fotonoticia_20160628164438_800-360x236.jpg\" alt=\"fotonoticia_20160628164438_800\" width=\"360\" height=\"236\" srcset=\"https:\/\/eldigitaldeasturias.com\/magazine365\/wp-content\/uploads\/2016\/06\/fotonoticia_20160628164438_800-360x236.jpg 360w, https:\/\/eldigitaldeasturias.com\/magazine365\/wp-content\/uploads\/2016\/06\/fotonoticia_20160628164438_800-650x426.jpg 650w, https:\/\/eldigitaldeasturias.com\/magazine365\/wp-content\/uploads\/2016\/06\/fotonoticia_20160628164438_800-768x503.jpg 768w, https:\/\/eldigitaldeasturias.com\/magazine365\/wp-content\/uploads\/2016\/06\/fotonoticia_20160628164438_800-150x98.jpg 150w, https:\/\/eldigitaldeasturias.com\/magazine365\/wp-content\/uploads\/2016\/06\/fotonoticia_20160628164438_800-450x295.jpg 450w, https:\/\/eldigitaldeasturias.com\/magazine365\/wp-content\/uploads\/2016\/06\/fotonoticia_20160628164438_800-121x79.jpg 121w, https:\/\/eldigitaldeasturias.com\/magazine365\/wp-content\/uploads\/2016\/06\/fotonoticia_20160628164438_800-101x66.jpg 101w, https:\/\/eldigitaldeasturias.com\/magazine365\/wp-content\/uploads\/2016\/06\/fotonoticia_20160628164438_800-326x213.jpg 326w, https:\/\/eldigitaldeasturias.com\/magazine365\/wp-content\/uploads\/2016\/06\/fotonoticia_20160628164438_800.jpg 800w\" sizes=\"(max-width: 360px) 100vw, 360px\" \/>La Costa del Sol sigue trabajando en posicionarse como referencia para el turismo MICE y para ello el destino ha estado presente en las sesiones de Travel Managers organizadas por el Forum Business Travel, que hasta el 30 de junio tienen lugar en las ciudades de Madrid y Barcelona.<\/p>\n<p>En calidad de destino invitado en exclusiva, la Costa del Sol aprovecha la oportunidad de presentar su oferta del segmento Convention Bureau ante dos centenares de empresas relacionadas con el turismo de congresos, convenciones y negocios, tanto en la cita de Madrid como en la de Barcelona.<\/p>\n<p>En este sentido, el director general de Turismo Costa del Sol, Arturo Bernal ha afirmado que \u00abhay que aprovechar oportunidades como la que nos da Forum Business Travel para la promoci\u00f3n del turismo de convenciones en la Costa del Sol\u00bb.<\/p>\n<p>\u00abContamos con una infraestructura extraordinaria para estos fines y la buena marcha de este segmento supone un significativo factor desestacionalizador\u00bb, ha incidido a trav\u00e9s de un comunicado.<\/p>\n<p>Durante intervenciones, de unos 30 minutos en cada sesi\u00f3n, Turismo Costa del Sol ha presentado, de forma atractiva y din\u00e1mica, su oferta destinada al turismo MICE, que ha contado con un enfoque dirigido a la vivencia de experiencias originales a trav\u00e9s de los distintos viajes de incentivos que organizan las empresas.<\/p>\n<p>Mediante estas acciones, el destino contin\u00faa trabajando en el fortalecimiento del segmento de convenciones y reuniones, un turismo que ha crecido significativamente en la Costa del Sol, celebr\u00e1ndose hasta 165 congresos en el pasado 2015 con m\u00e1s de 72.000 participantes.<\/p>\n<p>\u00abY al finalizar 2016, las previsiones de crecimiento parecen apuntar a un crecimiento del 15 por ciento de participantes en estas citas\u00bb, ha precisado Bernal.<\/p>\n<p>Forum Business Travel naci\u00f3 hace cuatro a\u00f1os como una plataforma para la formaci\u00f3n, comunicaci\u00f3n y relaci\u00f3n con los responsables de los distintos viajes de empresas. Dentro de sus actividades celebra sesiones formativas como las que arrancaron el 27 de junio y se prolongar\u00e1n hasta el d\u00eda 30 en las ciudades de Madrid y Barcelona.<\/p>\n<p>La Costa del Sol ha sido escogida como destino invitado en esta sesi\u00f3n de 2016 que, bajo el t\u00edtulo &#8216;El programa de viajes desde la perspectiva de compras&#8217;, promocionar\u00e1 y dinamizar\u00e1 el turismo MICE entre dos centenares de empresas del sector.<\/p>\n<p>En las dos sesiones que tienen lugar en Madrid y Barcelona, Turismo Costa del Sol tiene la oportunidad presentar el segmento Convention Bureau bajo el t\u00edtulo &#8216;Las mejores propuestas MICE en la Costa del Sol&#8217;.<\/p>\n","protected":false},"excerpt":{"rendered":"<p>La Costa del Sol sigue trabajando en posicionarse como referencia para el turismo MICE y para ello el destino ha estado presente en las sesiones de Travel Managers organizadas por el Forum Business Travel, que hasta el 30 de junio tienen lugar en las ciudades de Madrid y Barcelona. En calidad de destino invitado en<\/p>\n","protected":false},"author":1,"featured_media":80985,"comment_status":"open","ping_status":"closed","sticky":false,"template":"","format":"standard","meta":{"footnotes":""},"categories":[224],"tags":[],"class_list":{"0":"post-80984","1":"post","2":"type-post","3":"status-publish","4":"format-standard","5":"has-post-thumbnail","7":"category-noticias-actualidad"},"aioseo_notices":[],"aioseo_head":"\n\t\t<!-- All in One SEO Pro 4.9.6.1 - aioseo.com -->\n\t<meta name=\"description\" content=\"La Costa del Sol sigue trabajando en posicionarse como referencia para el turismo MICE y para ello el destino ha estado presente en las sesiones de Travel Managers organizadas por el Forum Business Travel, que hasta el 30 de junio tienen lugar en las ciudades de Madrid y Barcelona. En calidad de destino invitado en\" \/>\n\t<meta name=\"robots\" content=\"max-image-preview:large\" \/>\n\t<meta name=\"author\" content=\"admin\"\/>\n\t<meta name=\"google-site-verification\" content=\"UA-38556648-1\" \/>\n\t<meta name=\"keywords\" content=\"noticias y actualidad\" \/>\n\t<link rel=\"canonical\" href=\"https:\/\/eldigitaldeasturias.com\/magazine365\/la-costa-del-sol-presenta-ante-unas-200-empresas-sus-posibilidades-como-destino-de-congresos\/\" \/>\n\t<meta name=\"generator\" content=\"All in One SEO Pro (AIOSEO) 4.9.6.1\" \/>\n\t\t<meta property=\"og:locale\" content=\"es_ES\" \/>\n\t\t<meta property=\"og:site_name\" content=\"El Digital de Asturias \u2013 Revista de ocio, turismo y estilo de vida\" \/>\n\t\t<meta property=\"og:type\" content=\"article\" \/>\n\t\t<meta property=\"og:title\" content=\"La Costa del Sol presenta ante unas 200 empresas sus posibilidades como destino de congresos | El Digital de Asturias\" \/>\n\t\t<meta property=\"og:description\" content=\"La Costa del Sol sigue trabajando en posicionarse como referencia para el turismo MICE y para ello el destino ha estado presente en las sesiones de Travel Managers organizadas por el Forum Business Travel, que hasta el 30 de junio tienen lugar en las ciudades de Madrid y Barcelona. En calidad de destino invitado en\" \/>\n\t\t<meta property=\"og:url\" content=\"https:\/\/eldigitaldeasturias.com\/magazine365\/la-costa-del-sol-presenta-ante-unas-200-empresas-sus-posibilidades-como-destino-de-congresos\/\" \/>\n\t\t<meta property=\"og:image\" content=\"https:\/\/eldigitaldeasturias.com\/magazine365\/wp-content\/uploads\/2016\/06\/fotonoticia_20160628164438_800.jpg\" \/>\n\t\t<meta property=\"og:image:secure_url\" content=\"https:\/\/eldigitaldeasturias.com\/magazine365\/wp-content\/uploads\/2016\/06\/fotonoticia_20160628164438_800.jpg\" \/>\n\t\t<meta property=\"og:image:width\" content=\"800\" \/>\n\t\t<meta property=\"og:image:height\" content=\"524\" \/>\n\t\t<meta property=\"article:published_time\" content=\"2016-06-29T06:35:37+00:00\" \/>\n\t\t<meta property=\"article:modified_time\" content=\"2016-06-29T06:35:37+00:00\" \/>\n\t\t<meta name=\"twitter:card\" content=\"summary_large_image\" \/>\n\t\t<meta name=\"twitter:title\" content=\"La Costa del Sol presenta ante unas 200 empresas sus posibilidades como destino de congresos | El Digital de Asturias\" \/>\n\t\t<meta name=\"twitter:description\" content=\"La Costa del Sol sigue trabajando en posicionarse como referencia para el turismo MICE y para ello el destino ha estado presente en las sesiones de Travel Managers organizadas por el Forum Business Travel, que hasta el 30 de junio tienen lugar en las ciudades de Madrid y Barcelona. En calidad de destino invitado en\" \/>\n\t\t<meta name=\"twitter:image\" content=\"https:\/\/eldigitaldeasturias.com\/magazine365\/wp-content\/uploads\/2016\/06\/fotonoticia_20160628164438_800.jpg\" \/>\n\t\t<script type=\"application\/ld+json\" class=\"aioseo-schema\">\n\t\t\t{\"@context\":\"https:\\\/\\\/schema.org\",\"@graph\":[{\"@type\":\"Article\",\"@id\":\"https:\\\/\\\/eldigitaldeasturias.com\\\/magazine365\\\/la-costa-del-sol-presenta-ante-unas-200-empresas-sus-posibilidades-como-destino-de-congresos\\\/#article\",\"name\":\"La Costa del Sol presenta ante unas 200 empresas sus posibilidades como destino de congresos | El Digital de Asturias\",\"headline\":\"La Costa del Sol presenta ante unas 200 empresas sus posibilidades como destino de congresos\",\"author\":{\"@id\":\"https:\\\/\\\/eldigitaldeasturias.com\\\/magazine365\\\/author\\\/admin\\\/#author\"},\"publisher\":{\"@id\":\"https:\\\/\\\/eldigitaldeasturias.com\\\/magazine365\\\/#organization\"},\"image\":{\"@type\":\"ImageObject\",\"url\":\"https:\\\/\\\/eldigitaldeasturias.com\\\/magazine365\\\/wp-content\\\/uploads\\\/2016\\\/06\\\/fotonoticia_20160628164438_800.jpg\",\"width\":800,\"height\":524},\"datePublished\":\"2016-06-29T08:35:37+02:00\",\"dateModified\":\"2016-06-29T08:35:37+02:00\",\"inLanguage\":\"es-ES\",\"mainEntityOfPage\":{\"@id\":\"https:\\\/\\\/eldigitaldeasturias.com\\\/magazine365\\\/la-costa-del-sol-presenta-ante-unas-200-empresas-sus-posibilidades-como-destino-de-congresos\\\/#webpage\"},\"isPartOf\":{\"@id\":\"https:\\\/\\\/eldigitaldeasturias.com\\\/magazine365\\\/la-costa-del-sol-presenta-ante-unas-200-empresas-sus-posibilidades-como-destino-de-congresos\\\/#webpage\"},\"articleSection\":\"Noticias y Actualidad\"},{\"@type\":\"BreadcrumbList\",\"@id\":\"https:\\\/\\\/eldigitaldeasturias.com\\\/magazine365\\\/la-costa-del-sol-presenta-ante-unas-200-empresas-sus-posibilidades-como-destino-de-congresos\\\/#breadcrumblist\",\"itemListElement\":[{\"@type\":\"ListItem\",\"@id\":\"https:\\\/\\\/eldigitaldeasturias.com\\\/magazine365#listItem\",\"position\":1,\"name\":\"Home\",\"item\":\"https:\\\/\\\/eldigitaldeasturias.com\\\/magazine365\",\"nextItem\":{\"@type\":\"ListItem\",\"@id\":\"https:\\\/\\\/eldigitaldeasturias.com\\\/magazine365\\\/category\\\/noticias-actualidad\\\/#listItem\",\"name\":\"Noticias y Actualidad\"}},{\"@type\":\"ListItem\",\"@id\":\"https:\\\/\\\/eldigitaldeasturias.com\\\/magazine365\\\/category\\\/noticias-actualidad\\\/#listItem\",\"position\":2,\"name\":\"Noticias y Actualidad\",\"item\":\"https:\\\/\\\/eldigitaldeasturias.com\\\/magazine365\\\/category\\\/noticias-actualidad\\\/\",\"nextItem\":{\"@type\":\"ListItem\",\"@id\":\"https:\\\/\\\/eldigitaldeasturias.com\\\/magazine365\\\/la-costa-del-sol-presenta-ante-unas-200-empresas-sus-posibilidades-como-destino-de-congresos\\\/#listItem\",\"name\":\"La Costa del Sol presenta ante unas 200 empresas sus posibilidades como destino de congresos\"},\"previousItem\":{\"@type\":\"ListItem\",\"@id\":\"https:\\\/\\\/eldigitaldeasturias.com\\\/magazine365#listItem\",\"name\":\"Home\"}},{\"@type\":\"ListItem\",\"@id\":\"https:\\\/\\\/eldigitaldeasturias.com\\\/magazine365\\\/la-costa-del-sol-presenta-ante-unas-200-empresas-sus-posibilidades-como-destino-de-congresos\\\/#listItem\",\"position\":3,\"name\":\"La Costa del Sol presenta ante unas 200 empresas sus posibilidades como destino de congresos\",\"previousItem\":{\"@type\":\"ListItem\",\"@id\":\"https:\\\/\\\/eldigitaldeasturias.com\\\/magazine365\\\/category\\\/noticias-actualidad\\\/#listItem\",\"name\":\"Noticias y Actualidad\"}}]},{\"@type\":\"Organization\",\"@id\":\"https:\\\/\\\/eldigitaldeasturias.com\\\/magazine365\\\/#organization\",\"name\":\"El digital de Asturias\",\"description\":\"Revista de ocio, turismo y estilo de vida\",\"url\":\"https:\\\/\\\/eldigitaldeasturias.com\\\/magazine365\\\/\",\"logo\":{\"@type\":\"ImageObject\",\"url\":\"https:\\\/\\\/www.eldigitaldeasturias.com\\\/noticias\\\/wp-content\\\/uploads\\\/2020\\\/12\\\/EDA.jpg\",\"@id\":\"https:\\\/\\\/eldigitaldeasturias.com\\\/magazine365\\\/la-costa-del-sol-presenta-ante-unas-200-empresas-sus-posibilidades-como-destino-de-congresos\\\/#organizationLogo\"},\"image\":{\"@id\":\"https:\\\/\\\/eldigitaldeasturias.com\\\/magazine365\\\/la-costa-del-sol-presenta-ante-unas-200-empresas-sus-posibilidades-como-destino-de-congresos\\\/#organizationLogo\"}},{\"@type\":\"Person\",\"@id\":\"https:\\\/\\\/eldigitaldeasturias.com\\\/magazine365\\\/author\\\/admin\\\/#author\",\"url\":\"https:\\\/\\\/eldigitaldeasturias.com\\\/magazine365\\\/author\\\/admin\\\/\",\"name\":\"admin\",\"image\":{\"@type\":\"ImageObject\",\"@id\":\"https:\\\/\\\/eldigitaldeasturias.com\\\/magazine365\\\/la-costa-del-sol-presenta-ante-unas-200-empresas-sus-posibilidades-como-destino-de-congresos\\\/#authorImage\",\"url\":\"https:\\\/\\\/eldigitaldeasturias.com\\\/magazine365\\\/wp-content\\\/litespeed\\\/avatar\\\/e571bcf59a0edd6fa6838245a470f2fe.jpg?ver=1776969259\",\"width\":96,\"height\":96,\"caption\":\"admin\"}},{\"@type\":\"WebPage\",\"@id\":\"https:\\\/\\\/eldigitaldeasturias.com\\\/magazine365\\\/la-costa-del-sol-presenta-ante-unas-200-empresas-sus-posibilidades-como-destino-de-congresos\\\/#webpage\",\"url\":\"https:\\\/\\\/eldigitaldeasturias.com\\\/magazine365\\\/la-costa-del-sol-presenta-ante-unas-200-empresas-sus-posibilidades-como-destino-de-congresos\\\/\",\"name\":\"La Costa del Sol presenta ante unas 200 empresas sus posibilidades como destino de congresos | El Digital de Asturias\",\"description\":\"La Costa del Sol sigue trabajando en posicionarse como referencia para el turismo MICE y para ello el destino ha estado presente en las sesiones de Travel Managers organizadas por el Forum Business Travel, que hasta el 30 de junio tienen lugar en las ciudades de Madrid y Barcelona. En calidad de destino invitado en\",\"inLanguage\":\"es-ES\",\"isPartOf\":{\"@id\":\"https:\\\/\\\/eldigitaldeasturias.com\\\/magazine365\\\/#website\"},\"breadcrumb\":{\"@id\":\"https:\\\/\\\/eldigitaldeasturias.com\\\/magazine365\\\/la-costa-del-sol-presenta-ante-unas-200-empresas-sus-posibilidades-como-destino-de-congresos\\\/#breadcrumblist\"},\"author\":{\"@id\":\"https:\\\/\\\/eldigitaldeasturias.com\\\/magazine365\\\/author\\\/admin\\\/#author\"},\"creator\":{\"@id\":\"https:\\\/\\\/eldigitaldeasturias.com\\\/magazine365\\\/author\\\/admin\\\/#author\"},\"image\":{\"@type\":\"ImageObject\",\"url\":\"https:\\\/\\\/eldigitaldeasturias.com\\\/magazine365\\\/wp-content\\\/uploads\\\/2016\\\/06\\\/fotonoticia_20160628164438_800.jpg\",\"@id\":\"https:\\\/\\\/eldigitaldeasturias.com\\\/magazine365\\\/la-costa-del-sol-presenta-ante-unas-200-empresas-sus-posibilidades-como-destino-de-congresos\\\/#mainImage\",\"width\":800,\"height\":524},\"primaryImageOfPage\":{\"@id\":\"https:\\\/\\\/eldigitaldeasturias.com\\\/magazine365\\\/la-costa-del-sol-presenta-ante-unas-200-empresas-sus-posibilidades-como-destino-de-congresos\\\/#mainImage\"},\"datePublished\":\"2016-06-29T08:35:37+02:00\",\"dateModified\":\"2016-06-29T08:35:37+02:00\"},{\"@type\":\"WebSite\",\"@id\":\"https:\\\/\\\/eldigitaldeasturias.com\\\/magazine365\\\/#website\",\"url\":\"https:\\\/\\\/eldigitaldeasturias.com\\\/magazine365\\\/\",\"name\":\"El Digital de Asturias\",\"description\":\"Revista de ocio, turismo y estilo de vida\",\"inLanguage\":\"es-ES\",\"publisher\":{\"@id\":\"https:\\\/\\\/eldigitaldeasturias.com\\\/magazine365\\\/#organization\"}}]}\n\t\t<\/script>\n\t\t<!-- All in One SEO Pro -->\r\n\t\t<title>La Costa del Sol presenta ante unas 200 empresas sus posibilidades como destino de congresos | El Digital de Asturias<\/title>\n\n","aioseo_head_json":{"title":"La Costa del Sol presenta ante unas 200 empresas sus posibilidades como destino de congresos | El Digital de Asturias","description":"La Costa del Sol sigue trabajando en posicionarse como referencia para el turismo MICE y para ello el destino ha estado presente en las sesiones de Travel Managers organizadas por el Forum Business Travel, que hasta el 30 de junio tienen lugar en las ciudades de Madrid y Barcelona. En calidad de destino invitado en","canonical_url":"https:\/\/eldigitaldeasturias.com\/magazine365\/la-costa-del-sol-presenta-ante-unas-200-empresas-sus-posibilidades-como-destino-de-congresos\/","robots":"max-image-preview:large","keywords":"noticias y actualidad","webmasterTools":{"google-site-verification":"UA-38556648-1","miscellaneous":""},"schema":{"@context":"https:\/\/schema.org","@graph":[{"@type":"Article","@id":"https:\/\/eldigitaldeasturias.com\/magazine365\/la-costa-del-sol-presenta-ante-unas-200-empresas-sus-posibilidades-como-destino-de-congresos\/#article","name":"La Costa del Sol presenta ante unas 200 empresas sus posibilidades como destino de congresos | El Digital de Asturias","headline":"La Costa del Sol presenta ante unas 200 empresas sus posibilidades como destino de congresos","author":{"@id":"https:\/\/eldigitaldeasturias.com\/magazine365\/author\/admin\/#author"},"publisher":{"@id":"https:\/\/eldigitaldeasturias.com\/magazine365\/#organization"},"image":{"@type":"ImageObject","url":"https:\/\/eldigitaldeasturias.com\/magazine365\/wp-content\/uploads\/2016\/06\/fotonoticia_20160628164438_800.jpg","width":800,"height":524},"datePublished":"2016-06-29T08:35:37+02:00","dateModified":"2016-06-29T08:35:37+02:00","inLanguage":"es-ES","mainEntityOfPage":{"@id":"https:\/\/eldigitaldeasturias.com\/magazine365\/la-costa-del-sol-presenta-ante-unas-200-empresas-sus-posibilidades-como-destino-de-congresos\/#webpage"},"isPartOf":{"@id":"https:\/\/eldigitaldeasturias.com\/magazine365\/la-costa-del-sol-presenta-ante-unas-200-empresas-sus-posibilidades-como-destino-de-congresos\/#webpage"},"articleSection":"Noticias y Actualidad"},{"@type":"BreadcrumbList","@id":"https:\/\/eldigitaldeasturias.com\/magazine365\/la-costa-del-sol-presenta-ante-unas-200-empresas-sus-posibilidades-como-destino-de-congresos\/#breadcrumblist","itemListElement":[{"@type":"ListItem","@id":"https:\/\/eldigitaldeasturias.com\/magazine365#listItem","position":1,"name":"Home","item":"https:\/\/eldigitaldeasturias.com\/magazine365","nextItem":{"@type":"ListItem","@id":"https:\/\/eldigitaldeasturias.com\/magazine365\/category\/noticias-actualidad\/#listItem","name":"Noticias y Actualidad"}},{"@type":"ListItem","@id":"https:\/\/eldigitaldeasturias.com\/magazine365\/category\/noticias-actualidad\/#listItem","position":2,"name":"Noticias y Actualidad","item":"https:\/\/eldigitaldeasturias.com\/magazine365\/category\/noticias-actualidad\/","nextItem":{"@type":"ListItem","@id":"https:\/\/eldigitaldeasturias.com\/magazine365\/la-costa-del-sol-presenta-ante-unas-200-empresas-sus-posibilidades-como-destino-de-congresos\/#listItem","name":"La Costa del Sol presenta ante unas 200 empresas sus posibilidades como destino de congresos"},"previousItem":{"@type":"ListItem","@id":"https:\/\/eldigitaldeasturias.com\/magazine365#listItem","name":"Home"}},{"@type":"ListItem","@id":"https:\/\/eldigitaldeasturias.com\/magazine365\/la-costa-del-sol-presenta-ante-unas-200-empresas-sus-posibilidades-como-destino-de-congresos\/#listItem","position":3,"name":"La Costa del Sol presenta ante unas 200 empresas sus posibilidades como destino de congresos","previousItem":{"@type":"ListItem","@id":"https:\/\/eldigitaldeasturias.com\/magazine365\/category\/noticias-actualidad\/#listItem","name":"Noticias y Actualidad"}}]},{"@type":"Organization","@id":"https:\/\/eldigitaldeasturias.com\/magazine365\/#organization","name":"El digital de Asturias","description":"Revista de ocio, turismo y estilo de vida","url":"https:\/\/eldigitaldeasturias.com\/magazine365\/","logo":{"@type":"ImageObject","url":"https:\/\/www.eldigitaldeasturias.com\/noticias\/wp-content\/uploads\/2020\/12\/EDA.jpg","@id":"https:\/\/eldigitaldeasturias.com\/magazine365\/la-costa-del-sol-presenta-ante-unas-200-empresas-sus-posibilidades-como-destino-de-congresos\/#organizationLogo"},"image":{"@id":"https:\/\/eldigitaldeasturias.com\/magazine365\/la-costa-del-sol-presenta-ante-unas-200-empresas-sus-posibilidades-como-destino-de-congresos\/#organizationLogo"}},{"@type":"Person","@id":"https:\/\/eldigitaldeasturias.com\/magazine365\/author\/admin\/#author","url":"https:\/\/eldigitaldeasturias.com\/magazine365\/author\/admin\/","name":"admin","image":{"@type":"ImageObject","@id":"https:\/\/eldigitaldeasturias.com\/magazine365\/la-costa-del-sol-presenta-ante-unas-200-empresas-sus-posibilidades-como-destino-de-congresos\/#authorImage","url":"https:\/\/eldigitaldeasturias.com\/magazine365\/wp-content\/litespeed\/avatar\/e571bcf59a0edd6fa6838245a470f2fe.jpg?ver=1776969259","width":96,"height":96,"caption":"admin"}},{"@type":"WebPage","@id":"https:\/\/eldigitaldeasturias.com\/magazine365\/la-costa-del-sol-presenta-ante-unas-200-empresas-sus-posibilidades-como-destino-de-congresos\/#webpage","url":"https:\/\/eldigitaldeasturias.com\/magazine365\/la-costa-del-sol-presenta-ante-unas-200-empresas-sus-posibilidades-como-destino-de-congresos\/","name":"La Costa del Sol presenta ante unas 200 empresas sus posibilidades como destino de congresos | El Digital de Asturias","description":"La Costa del Sol sigue trabajando en posicionarse como referencia para el turismo MICE y para ello el destino ha estado presente en las sesiones de Travel Managers organizadas por el Forum Business Travel, que hasta el 30 de junio tienen lugar en las ciudades de Madrid y Barcelona. En calidad de destino invitado en","inLanguage":"es-ES","isPartOf":{"@id":"https:\/\/eldigitaldeasturias.com\/magazine365\/#website"},"breadcrumb":{"@id":"https:\/\/eldigitaldeasturias.com\/magazine365\/la-costa-del-sol-presenta-ante-unas-200-empresas-sus-posibilidades-como-destino-de-congresos\/#breadcrumblist"},"author":{"@id":"https:\/\/eldigitaldeasturias.com\/magazine365\/author\/admin\/#author"},"creator":{"@id":"https:\/\/eldigitaldeasturias.com\/magazine365\/author\/admin\/#author"},"image":{"@type":"ImageObject","url":"https:\/\/eldigitaldeasturias.com\/magazine365\/wp-content\/uploads\/2016\/06\/fotonoticia_20160628164438_800.jpg","@id":"https:\/\/eldigitaldeasturias.com\/magazine365\/la-costa-del-sol-presenta-ante-unas-200-empresas-sus-posibilidades-como-destino-de-congresos\/#mainImage","width":800,"height":524},"primaryImageOfPage":{"@id":"https:\/\/eldigitaldeasturias.com\/magazine365\/la-costa-del-sol-presenta-ante-unas-200-empresas-sus-posibilidades-como-destino-de-congresos\/#mainImage"},"datePublished":"2016-06-29T08:35:37+02:00","dateModified":"2016-06-29T08:35:37+02:00"},{"@type":"WebSite","@id":"https:\/\/eldigitaldeasturias.com\/magazine365\/#website","url":"https:\/\/eldigitaldeasturias.com\/magazine365\/","name":"El Digital de Asturias","description":"Revista de ocio, turismo y estilo de vida","inLanguage":"es-ES","publisher":{"@id":"https:\/\/eldigitaldeasturias.com\/magazine365\/#organization"}}]},"og:locale":"es_ES","og:site_name":"El Digital de Asturias \u2013 Revista de ocio, turismo y estilo de vida","og:type":"article","og:title":"La Costa del Sol presenta ante unas 200 empresas sus posibilidades como destino de congresos | El Digital de Asturias","og:description":"La Costa del Sol sigue trabajando en posicionarse como referencia para el turismo MICE y para ello el destino ha estado presente en las sesiones de Travel Managers organizadas por el Forum Business Travel, que hasta el 30 de junio tienen lugar en las ciudades de Madrid y Barcelona. En calidad de destino invitado en","og:url":"https:\/\/eldigitaldeasturias.com\/magazine365\/la-costa-del-sol-presenta-ante-unas-200-empresas-sus-posibilidades-como-destino-de-congresos\/","og:image":"https:\/\/eldigitaldeasturias.com\/magazine365\/wp-content\/uploads\/2016\/06\/fotonoticia_20160628164438_800.jpg","og:image:secure_url":"https:\/\/eldigitaldeasturias.com\/magazine365\/wp-content\/uploads\/2016\/06\/fotonoticia_20160628164438_800.jpg","og:image:width":800,"og:image:height":524,"article:published_time":"2016-06-29T06:35:37+00:00","article:modified_time":"2016-06-29T06:35:37+00:00","twitter:card":"summary_large_image","twitter:title":"La Costa del Sol presenta ante unas 200 empresas sus posibilidades como destino de congresos | El Digital de Asturias","twitter:description":"La Costa del Sol sigue trabajando en posicionarse como referencia para el turismo MICE y para ello el destino ha estado presente en las sesiones de Travel Managers organizadas por el Forum Business Travel, que hasta el 30 de junio tienen lugar en las ciudades de Madrid y Barcelona. En calidad de destino invitado en","twitter:image":"https:\/\/eldigitaldeasturias.com\/magazine365\/wp-content\/uploads\/2016\/06\/fotonoticia_20160628164438_800.jpg"},"aioseo_meta_data":{"post_id":"80984","title":null,"description":null,"keywords":null,"keyphrases":null,"primary_term":null,"canonical_url":null,"og_title":null,"og_description":null,"og_object_type":"default","og_image_type":"default","og_image_url":null,"og_image_width":null,"og_image_height":null,"og_image_custom_url":null,"og_image_custom_fields":null,"og_video":null,"og_custom_url":null,"og_article_section":null,"og_article_tags":null,"twitter_use_og":false,"twitter_card":"default","twitter_image_type":"default","twitter_image_url":null,"twitter_image_custom_url":null,"twitter_image_custom_fields":null,"twitter_title":null,"twitter_description":null,"schema":{"blockGraphs":[],"customGraphs":[],"default":{"data":{"Article":[],"Course":[],"Dataset":[],"FAQPage":[],"Movie":[],"Person":[],"Product":[],"ProductReview":[],"Car":[],"Recipe":[],"Service":[],"SoftwareApplication":[],"WebPage":[]},"graphName":"","isEnabled":true},"graphs":[]},"schema_type":null,"schema_type_options":null,"pillar_content":false,"robots_default":true,"robots_noindex":false,"robots_noarchive":false,"robots_nosnippet":false,"robots_nofollow":false,"robots_noimageindex":false,"robots_noodp":false,"robots_notranslate":false,"robots_max_snippet":null,"robots_max_videopreview":null,"robots_max_imagepreview":"large","priority":null,"frequency":null,"location":null,"local_seo":null,"seo_analyzer_scan_date":"2025-09-27 21:55:12","breadcrumb_settings":null,"limit_modified_date":false,"open_ai":null,"ai":null,"created":"2021-03-08 17:22:47","updated":"2025-09-27 21:55:12"},"aioseo_breadcrumb":"<div class=\"aioseo-breadcrumbs\"><span class=\"aioseo-breadcrumb\">\n\t<a href=\"https:\/\/eldigitaldeasturias.com\/magazine365\" title=\"Home\">Home<\/a>\n<\/span><span class=\"aioseo-breadcrumb-separator\">\u2013<\/span><span class=\"aioseo-breadcrumb\">\n\t<a href=\"https:\/\/eldigitaldeasturias.com\/magazine365\/category\/noticias-actualidad\/\" title=\"Noticias y Actualidad\">Noticias y Actualidad<\/a>\n<\/span><span class=\"aioseo-breadcrumb-separator\">\u2013<\/span><span class=\"aioseo-breadcrumb\">\n\t<a href=\"https:\/\/eldigitaldeasturias.com\/magazine365\/la-costa-del-sol-presenta-ante-unas-200-empresas-sus-posibilidades-como-destino-de-congresos\/\" title=\"La Costa del Sol presenta ante unas 200 empresas sus posibilidades como destino de congresos\">La Costa del Sol presenta ante unas 200 empresas sus posibilidades como destino de congresos<\/a>\n<\/span><\/div>","aioseo_breadcrumb_json":[{"label":"Home","link":"https:\/\/eldigitaldeasturias.com\/magazine365"},{"label":"Noticias y Actualidad","link":"https:\/\/eldigitaldeasturias.com\/magazine365\/category\/noticias-actualidad\/"},{"label":"La Costa del Sol presenta ante unas 200 empresas sus posibilidades como destino de congresos","link":"https:\/\/eldigitaldeasturias.com\/magazine365\/la-costa-del-sol-presenta-ante-unas-200-empresas-sus-posibilidades-como-destino-de-congresos\/"}],"_links":{"self":[{"href":"https:\/\/eldigitaldeasturias.com\/magazine365\/wp-json\/wp\/v2\/posts\/80984","targetHints":{"allow":["GET"]}}],"collection":[{"href":"https:\/\/eldigitaldeasturias.com\/magazine365\/wp-json\/wp\/v2\/posts"}],"about":[{"href":"https:\/\/eldigitaldeasturias.com\/magazine365\/wp-json\/wp\/v2\/types\/post"}],"author":[{"embeddable":true,"href":"https:\/\/eldigitaldeasturias.com\/magazine365\/wp-json\/wp\/v2\/users\/1"}],"replies":[{"embeddable":true,"href":"https:\/\/eldigitaldeasturias.com\/magazine365\/wp-json\/wp\/v2\/comments?post=80984"}],"version-history":[{"count":0,"href":"https:\/\/eldigitaldeasturias.com\/magazine365\/wp-json\/wp\/v2\/posts\/80984\/revisions"}],"wp:featuredmedia":[{"embeddable":true,"href":"https:\/\/eldigitaldeasturias.com\/magazine365\/wp-json\/wp\/v2\/media\/80985"}],"wp:attachment":[{"href":"https:\/\/eldigitaldeasturias.com\/magazine365\/wp-json\/wp\/v2\/media?parent=80984"}],"wp:term":[{"taxonomy":"category","embeddable":true,"href":"https:\/\/eldigitaldeasturias.com\/magazine365\/wp-json\/wp\/v2\/categories?post=80984"},{"taxonomy":"post_tag","embeddable":true,"href":"https:\/\/eldigitaldeasturias.com\/magazine365\/wp-json\/wp\/v2\/tags?post=80984"}],"curies":[{"name":"wp","href":"https:\/\/api.w.org\/{rel}","templated":true}]}}