{"id":80976,"date":"2016-06-28T17:26:27","date_gmt":"2016-06-28T15:26:27","guid":{"rendered":"http:\/\/eldigitaldeasturias.com\/magazine365\/?p=80976"},"modified":"2016-06-28T17:26:27","modified_gmt":"2016-06-28T15:26:27","slug":"la-capital-alcanza-un-80-de-ocupacion-hotelera-durante-el-madrid-orgullo","status":"publish","type":"post","link":"https:\/\/eldigitaldeasturias.com\/magazine365\/la-capital-alcanza-un-80-de-ocupacion-hotelera-durante-el-madrid-orgullo\/","title":{"rendered":"La capital alcanza un 80% de ocupaci\u00f3n hotelera durante el Madrid Orgullo"},"content":{"rendered":"<p><img fetchpriority=\"high\" decoding=\"async\" class=\"alignleft size-medium wp-image-80977\" src=\"https:\/\/eldigitaldeasturias.com\/magazine365\/wp-content\/uploads\/2016\/06\/fotonoticia_20160628153925_800-360x213.jpg\" alt=\"fotonoticia_20160628153925_800\" width=\"360\" height=\"213\" srcset=\"https:\/\/eldigitaldeasturias.com\/magazine365\/wp-content\/uploads\/2016\/06\/fotonoticia_20160628153925_800-360x213.jpg 360w, https:\/\/eldigitaldeasturias.com\/magazine365\/wp-content\/uploads\/2016\/06\/fotonoticia_20160628153925_800-650x384.jpg 650w, https:\/\/eldigitaldeasturias.com\/magazine365\/wp-content\/uploads\/2016\/06\/fotonoticia_20160628153925_800-768x454.jpg 768w, https:\/\/eldigitaldeasturias.com\/magazine365\/wp-content\/uploads\/2016\/06\/fotonoticia_20160628153925_800-150x89.jpg 150w, https:\/\/eldigitaldeasturias.com\/magazine365\/wp-content\/uploads\/2016\/06\/fotonoticia_20160628153925_800-450x266.jpg 450w, https:\/\/eldigitaldeasturias.com\/magazine365\/wp-content\/uploads\/2016\/06\/fotonoticia_20160628153925_800.jpg 800w\" sizes=\"(max-width: 360px) 100vw, 360px\" \/>El Madrid Orgullo se celebra en la capital del 29 de junio al 3 de julio y un 80% de los hoteles madrile\u00f1os estar\u00e1n llenos durante los cinco d\u00edas que dura el evento, seg\u00fan un estudio que ha realizado trivago.es<\/p>\n<p>El d\u00eda de mayor ocupaci\u00f3n ser\u00e1 el s\u00e1bado, con un 83% de la planta hotelera ocupada. Tambi\u00e9n el viernes se registran altos \u00edndices de ocupaci\u00f3n con apenas el 25% de los alojamientos disponibles, as\u00ed como el d\u00eda inaugural, para cuando el 67% de los hoteles cuelgan el cartel de completo.<\/p>\n<p>Durante estos d\u00edas de celebraci\u00f3n, los hoteles de la ciudad ofrecen un precio medio de 135 euros, siendo el d\u00eda de mayor ocupaci\u00f3n el que registra unos precios m\u00e1s elevados con 158 euros de media. Estas cifras suponen un notable incremento si se tiene en cuenta que el precio medio para este mes de junio es de 113 euros.<\/p>\n<p>Aun as\u00ed, todav\u00eda es posible encontrar alojamientos con habitaciones disponibles cerca de Chueca y de otros puntos neur\u00e1lgicos del evento como Puerta de Alcal\u00e1, Calle Pelayo o Plaza del Sol desde los 25 euros por habitaci\u00f3n doble.<\/p>\n<p>Para este a\u00f1o se espera que la participaci\u00f3n sea de 1,5 millones de personas. La mayor\u00eda de los visitantes se desplazar\u00e1n desde otros puntos de Espa\u00f1a, pero tambi\u00e9n alemanes, ingleses, italianos y de Am\u00e9rica visitar\u00e1n la capital durante el que es uno de los mayores eventos de orgullo gay del mundo.<\/p>\n<p><strong>TAMBI\u00c9N EL 86% DE LAS VIVIENDAS TUR\u00cdSTICAS, OCUPADAS DURANTE EL ORGULLO<\/strong><\/p>\n<p>Las viviendas tur\u00edsticas tienen una ocupaci\u00f3n del 86% hasta el domingo 3 de julio, un buen dato comparado con las Fiestas del Orgullo 2015, cuando se alcanz\u00f3 una ocupaci\u00f3n del 83,3%. Por tanto, el crecimiento de ocupaci\u00f3n es de 2,7 puntos, seg\u00fan el estudio de precios y ocupaci\u00f3n realizado por Rentalia.<\/p>\n<p>El precio medio de las viviendas tur\u00edsticas en la capital para estos d\u00edas es de 30 euros por persona y noche, un dato que se mantiene inalterado con respecto a las Fiestas del Orgullo del a\u00f1o 2015.<\/p>\n<p>Las caracter\u00edsticas predominantes entre las viviendas tur\u00edsticas son un 77% que ofrece Internet a los hu\u00e9spedes, el 53% que cuenta con aire acondicionado, un 11% que ofrece aparcamiento y el 13% permite a los viajeros alojarse con su mascota.<\/p>\n<p>&nbsp;<\/p>\n","protected":false},"excerpt":{"rendered":"<p>El Madrid Orgullo se celebra en la capital del 29 de junio al 3 de julio y un 80% de los hoteles madrile\u00f1os estar\u00e1n llenos durante los cinco d\u00edas que dura el evento, seg\u00fan un estudio que ha realizado trivago.es El d\u00eda de mayor ocupaci\u00f3n ser\u00e1 el s\u00e1bado, con un 83% de la planta hotelera<\/p>\n","protected":false},"author":1,"featured_media":80977,"comment_status":"open","ping_status":"closed","sticky":false,"template":"","format":"standard","meta":{"footnotes":""},"categories":[224],"tags":[],"class_list":{"0":"post-80976","1":"post","2":"type-post","3":"status-publish","4":"format-standard","5":"has-post-thumbnail","7":"category-noticias-actualidad"},"aioseo_notices":[],"aioseo_head":"\n\t\t<!-- All in One SEO Pro 4.9.6.1 - aioseo.com -->\n\t<meta name=\"description\" content=\"El Madrid Orgullo se celebra en la capital del 29 de junio al 3 de julio y un 80% de los hoteles madrile\u00f1os estar\u00e1n llenos durante los cinco d\u00edas que dura el evento, seg\u00fan un estudio que ha realizado trivago.es El d\u00eda de mayor ocupaci\u00f3n ser\u00e1 el s\u00e1bado, con un 83% de la planta hotelera\" \/>\n\t<meta name=\"robots\" content=\"max-image-preview:large\" \/>\n\t<meta name=\"author\" content=\"admin\"\/>\n\t<meta name=\"google-site-verification\" content=\"UA-38556648-1\" \/>\n\t<meta name=\"keywords\" content=\"noticias y actualidad\" \/>\n\t<link rel=\"canonical\" href=\"https:\/\/eldigitaldeasturias.com\/magazine365\/la-capital-alcanza-un-80-de-ocupacion-hotelera-durante-el-madrid-orgullo\/\" \/>\n\t<meta name=\"generator\" content=\"All in One SEO Pro (AIOSEO) 4.9.6.1\" \/>\n\t\t<meta property=\"og:locale\" content=\"es_ES\" \/>\n\t\t<meta property=\"og:site_name\" content=\"El Digital de Asturias \u2013 Revista de ocio, turismo y estilo de vida\" \/>\n\t\t<meta property=\"og:type\" content=\"article\" \/>\n\t\t<meta property=\"og:title\" content=\"La capital alcanza un 80% de ocupaci\u00f3n hotelera durante el Madrid Orgullo | El Digital de Asturias\" \/>\n\t\t<meta property=\"og:description\" content=\"El Madrid Orgullo se celebra en la capital del 29 de junio al 3 de julio y un 80% de los hoteles madrile\u00f1os estar\u00e1n llenos durante los cinco d\u00edas que dura el evento, seg\u00fan un estudio que ha realizado trivago.es El d\u00eda de mayor ocupaci\u00f3n ser\u00e1 el s\u00e1bado, con un 83% de la planta hotelera\" \/>\n\t\t<meta property=\"og:url\" content=\"https:\/\/eldigitaldeasturias.com\/magazine365\/la-capital-alcanza-un-80-de-ocupacion-hotelera-durante-el-madrid-orgullo\/\" \/>\n\t\t<meta property=\"og:image\" content=\"https:\/\/eldigitaldeasturias.com\/magazine365\/wp-content\/uploads\/2016\/06\/fotonoticia_20160628153925_800.jpg\" \/>\n\t\t<meta property=\"og:image:secure_url\" content=\"https:\/\/eldigitaldeasturias.com\/magazine365\/wp-content\/uploads\/2016\/06\/fotonoticia_20160628153925_800.jpg\" \/>\n\t\t<meta property=\"og:image:width\" content=\"800\" \/>\n\t\t<meta property=\"og:image:height\" content=\"473\" \/>\n\t\t<meta property=\"article:published_time\" content=\"2016-06-28T15:26:27+00:00\" \/>\n\t\t<meta property=\"article:modified_time\" content=\"2016-06-28T15:26:27+00:00\" \/>\n\t\t<meta name=\"twitter:card\" content=\"summary_large_image\" \/>\n\t\t<meta name=\"twitter:title\" content=\"La capital alcanza un 80% de ocupaci\u00f3n hotelera durante el Madrid Orgullo | El Digital de Asturias\" \/>\n\t\t<meta name=\"twitter:description\" content=\"El Madrid Orgullo se celebra en la capital del 29 de junio al 3 de julio y un 80% de los hoteles madrile\u00f1os estar\u00e1n llenos durante los cinco d\u00edas que dura el evento, seg\u00fan un estudio que ha realizado trivago.es El d\u00eda de mayor ocupaci\u00f3n ser\u00e1 el s\u00e1bado, con un 83% de la planta hotelera\" \/>\n\t\t<meta name=\"twitter:image\" content=\"https:\/\/eldigitaldeasturias.com\/magazine365\/wp-content\/uploads\/2016\/06\/fotonoticia_20160628153925_800.jpg\" \/>\n\t\t<script type=\"application\/ld+json\" class=\"aioseo-schema\">\n\t\t\t{\"@context\":\"https:\\\/\\\/schema.org\",\"@graph\":[{\"@type\":\"Article\",\"@id\":\"https:\\\/\\\/eldigitaldeasturias.com\\\/magazine365\\\/la-capital-alcanza-un-80-de-ocupacion-hotelera-durante-el-madrid-orgullo\\\/#article\",\"name\":\"La capital alcanza un 80% de ocupaci\\u00f3n hotelera durante el Madrid Orgullo | El Digital de Asturias\",\"headline\":\"La capital alcanza un 80% de ocupaci\\u00f3n hotelera durante el Madrid Orgullo\",\"author\":{\"@id\":\"https:\\\/\\\/eldigitaldeasturias.com\\\/magazine365\\\/author\\\/admin\\\/#author\"},\"publisher\":{\"@id\":\"https:\\\/\\\/eldigitaldeasturias.com\\\/magazine365\\\/#organization\"},\"image\":{\"@type\":\"ImageObject\",\"url\":\"https:\\\/\\\/eldigitaldeasturias.com\\\/magazine365\\\/wp-content\\\/uploads\\\/2016\\\/06\\\/fotonoticia_20160628153925_800.jpg\",\"width\":800,\"height\":473},\"datePublished\":\"2016-06-28T17:26:27+02:00\",\"dateModified\":\"2016-06-28T17:26:27+02:00\",\"inLanguage\":\"es-ES\",\"mainEntityOfPage\":{\"@id\":\"https:\\\/\\\/eldigitaldeasturias.com\\\/magazine365\\\/la-capital-alcanza-un-80-de-ocupacion-hotelera-durante-el-madrid-orgullo\\\/#webpage\"},\"isPartOf\":{\"@id\":\"https:\\\/\\\/eldigitaldeasturias.com\\\/magazine365\\\/la-capital-alcanza-un-80-de-ocupacion-hotelera-durante-el-madrid-orgullo\\\/#webpage\"},\"articleSection\":\"Noticias y Actualidad\"},{\"@type\":\"BreadcrumbList\",\"@id\":\"https:\\\/\\\/eldigitaldeasturias.com\\\/magazine365\\\/la-capital-alcanza-un-80-de-ocupacion-hotelera-durante-el-madrid-orgullo\\\/#breadcrumblist\",\"itemListElement\":[{\"@type\":\"ListItem\",\"@id\":\"https:\\\/\\\/eldigitaldeasturias.com\\\/magazine365#listItem\",\"position\":1,\"name\":\"Home\",\"item\":\"https:\\\/\\\/eldigitaldeasturias.com\\\/magazine365\",\"nextItem\":{\"@type\":\"ListItem\",\"@id\":\"https:\\\/\\\/eldigitaldeasturias.com\\\/magazine365\\\/category\\\/noticias-actualidad\\\/#listItem\",\"name\":\"Noticias y Actualidad\"}},{\"@type\":\"ListItem\",\"@id\":\"https:\\\/\\\/eldigitaldeasturias.com\\\/magazine365\\\/category\\\/noticias-actualidad\\\/#listItem\",\"position\":2,\"name\":\"Noticias y Actualidad\",\"item\":\"https:\\\/\\\/eldigitaldeasturias.com\\\/magazine365\\\/category\\\/noticias-actualidad\\\/\",\"nextItem\":{\"@type\":\"ListItem\",\"@id\":\"https:\\\/\\\/eldigitaldeasturias.com\\\/magazine365\\\/la-capital-alcanza-un-80-de-ocupacion-hotelera-durante-el-madrid-orgullo\\\/#listItem\",\"name\":\"La capital alcanza un 80% de ocupaci\\u00f3n hotelera durante el Madrid Orgullo\"},\"previousItem\":{\"@type\":\"ListItem\",\"@id\":\"https:\\\/\\\/eldigitaldeasturias.com\\\/magazine365#listItem\",\"name\":\"Home\"}},{\"@type\":\"ListItem\",\"@id\":\"https:\\\/\\\/eldigitaldeasturias.com\\\/magazine365\\\/la-capital-alcanza-un-80-de-ocupacion-hotelera-durante-el-madrid-orgullo\\\/#listItem\",\"position\":3,\"name\":\"La capital alcanza un 80% de ocupaci\\u00f3n hotelera durante el Madrid Orgullo\",\"previousItem\":{\"@type\":\"ListItem\",\"@id\":\"https:\\\/\\\/eldigitaldeasturias.com\\\/magazine365\\\/category\\\/noticias-actualidad\\\/#listItem\",\"name\":\"Noticias y Actualidad\"}}]},{\"@type\":\"Organization\",\"@id\":\"https:\\\/\\\/eldigitaldeasturias.com\\\/magazine365\\\/#organization\",\"name\":\"El digital de Asturias\",\"description\":\"Revista de ocio, turismo y estilo de vida\",\"url\":\"https:\\\/\\\/eldigitaldeasturias.com\\\/magazine365\\\/\",\"logo\":{\"@type\":\"ImageObject\",\"url\":\"https:\\\/\\\/www.eldigitaldeasturias.com\\\/noticias\\\/wp-content\\\/uploads\\\/2020\\\/12\\\/EDA.jpg\",\"@id\":\"https:\\\/\\\/eldigitaldeasturias.com\\\/magazine365\\\/la-capital-alcanza-un-80-de-ocupacion-hotelera-durante-el-madrid-orgullo\\\/#organizationLogo\"},\"image\":{\"@id\":\"https:\\\/\\\/eldigitaldeasturias.com\\\/magazine365\\\/la-capital-alcanza-un-80-de-ocupacion-hotelera-durante-el-madrid-orgullo\\\/#organizationLogo\"}},{\"@type\":\"Person\",\"@id\":\"https:\\\/\\\/eldigitaldeasturias.com\\\/magazine365\\\/author\\\/admin\\\/#author\",\"url\":\"https:\\\/\\\/eldigitaldeasturias.com\\\/magazine365\\\/author\\\/admin\\\/\",\"name\":\"admin\",\"image\":{\"@type\":\"ImageObject\",\"@id\":\"https:\\\/\\\/eldigitaldeasturias.com\\\/magazine365\\\/la-capital-alcanza-un-80-de-ocupacion-hotelera-durante-el-madrid-orgullo\\\/#authorImage\",\"url\":\"https:\\\/\\\/eldigitaldeasturias.com\\\/magazine365\\\/wp-content\\\/litespeed\\\/avatar\\\/e571bcf59a0edd6fa6838245a470f2fe.jpg?ver=1776969259\",\"width\":96,\"height\":96,\"caption\":\"admin\"}},{\"@type\":\"WebPage\",\"@id\":\"https:\\\/\\\/eldigitaldeasturias.com\\\/magazine365\\\/la-capital-alcanza-un-80-de-ocupacion-hotelera-durante-el-madrid-orgullo\\\/#webpage\",\"url\":\"https:\\\/\\\/eldigitaldeasturias.com\\\/magazine365\\\/la-capital-alcanza-un-80-de-ocupacion-hotelera-durante-el-madrid-orgullo\\\/\",\"name\":\"La capital alcanza un 80% de ocupaci\\u00f3n hotelera durante el Madrid Orgullo | El Digital de Asturias\",\"description\":\"El Madrid Orgullo se celebra en la capital del 29 de junio al 3 de julio y un 80% de los hoteles madrile\\u00f1os estar\\u00e1n llenos durante los cinco d\\u00edas que dura el evento, seg\\u00fan un estudio que ha realizado trivago.es El d\\u00eda de mayor ocupaci\\u00f3n ser\\u00e1 el s\\u00e1bado, con un 83% de la planta hotelera\",\"inLanguage\":\"es-ES\",\"isPartOf\":{\"@id\":\"https:\\\/\\\/eldigitaldeasturias.com\\\/magazine365\\\/#website\"},\"breadcrumb\":{\"@id\":\"https:\\\/\\\/eldigitaldeasturias.com\\\/magazine365\\\/la-capital-alcanza-un-80-de-ocupacion-hotelera-durante-el-madrid-orgullo\\\/#breadcrumblist\"},\"author\":{\"@id\":\"https:\\\/\\\/eldigitaldeasturias.com\\\/magazine365\\\/author\\\/admin\\\/#author\"},\"creator\":{\"@id\":\"https:\\\/\\\/eldigitaldeasturias.com\\\/magazine365\\\/author\\\/admin\\\/#author\"},\"image\":{\"@type\":\"ImageObject\",\"url\":\"https:\\\/\\\/eldigitaldeasturias.com\\\/magazine365\\\/wp-content\\\/uploads\\\/2016\\\/06\\\/fotonoticia_20160628153925_800.jpg\",\"@id\":\"https:\\\/\\\/eldigitaldeasturias.com\\\/magazine365\\\/la-capital-alcanza-un-80-de-ocupacion-hotelera-durante-el-madrid-orgullo\\\/#mainImage\",\"width\":800,\"height\":473},\"primaryImageOfPage\":{\"@id\":\"https:\\\/\\\/eldigitaldeasturias.com\\\/magazine365\\\/la-capital-alcanza-un-80-de-ocupacion-hotelera-durante-el-madrid-orgullo\\\/#mainImage\"},\"datePublished\":\"2016-06-28T17:26:27+02:00\",\"dateModified\":\"2016-06-28T17:26:27+02:00\"},{\"@type\":\"WebSite\",\"@id\":\"https:\\\/\\\/eldigitaldeasturias.com\\\/magazine365\\\/#website\",\"url\":\"https:\\\/\\\/eldigitaldeasturias.com\\\/magazine365\\\/\",\"name\":\"El Digital de Asturias\",\"description\":\"Revista de ocio, turismo y estilo de vida\",\"inLanguage\":\"es-ES\",\"publisher\":{\"@id\":\"https:\\\/\\\/eldigitaldeasturias.com\\\/magazine365\\\/#organization\"}}]}\n\t\t<\/script>\n\t\t<!-- All in One SEO Pro -->\r\n\t\t<title>La capital alcanza un 80% de ocupaci\u00f3n hotelera durante el Madrid Orgullo | El Digital de Asturias<\/title>\n\n","aioseo_head_json":{"title":"La capital alcanza un 80% de ocupaci\u00f3n hotelera durante el Madrid Orgullo | El Digital de Asturias","description":"El Madrid Orgullo se celebra en la capital del 29 de junio al 3 de julio y un 80% de los hoteles madrile\u00f1os estar\u00e1n llenos durante los cinco d\u00edas que dura el evento, seg\u00fan un estudio que ha realizado trivago.es El d\u00eda de mayor ocupaci\u00f3n ser\u00e1 el s\u00e1bado, con un 83% de la planta hotelera","canonical_url":"https:\/\/eldigitaldeasturias.com\/magazine365\/la-capital-alcanza-un-80-de-ocupacion-hotelera-durante-el-madrid-orgullo\/","robots":"max-image-preview:large","keywords":"noticias y actualidad","webmasterTools":{"google-site-verification":"UA-38556648-1","miscellaneous":""},"schema":{"@context":"https:\/\/schema.org","@graph":[{"@type":"Article","@id":"https:\/\/eldigitaldeasturias.com\/magazine365\/la-capital-alcanza-un-80-de-ocupacion-hotelera-durante-el-madrid-orgullo\/#article","name":"La capital alcanza un 80% de ocupaci\u00f3n hotelera durante el Madrid Orgullo | El Digital de Asturias","headline":"La capital alcanza un 80% de ocupaci\u00f3n hotelera durante el Madrid Orgullo","author":{"@id":"https:\/\/eldigitaldeasturias.com\/magazine365\/author\/admin\/#author"},"publisher":{"@id":"https:\/\/eldigitaldeasturias.com\/magazine365\/#organization"},"image":{"@type":"ImageObject","url":"https:\/\/eldigitaldeasturias.com\/magazine365\/wp-content\/uploads\/2016\/06\/fotonoticia_20160628153925_800.jpg","width":800,"height":473},"datePublished":"2016-06-28T17:26:27+02:00","dateModified":"2016-06-28T17:26:27+02:00","inLanguage":"es-ES","mainEntityOfPage":{"@id":"https:\/\/eldigitaldeasturias.com\/magazine365\/la-capital-alcanza-un-80-de-ocupacion-hotelera-durante-el-madrid-orgullo\/#webpage"},"isPartOf":{"@id":"https:\/\/eldigitaldeasturias.com\/magazine365\/la-capital-alcanza-un-80-de-ocupacion-hotelera-durante-el-madrid-orgullo\/#webpage"},"articleSection":"Noticias y Actualidad"},{"@type":"BreadcrumbList","@id":"https:\/\/eldigitaldeasturias.com\/magazine365\/la-capital-alcanza-un-80-de-ocupacion-hotelera-durante-el-madrid-orgullo\/#breadcrumblist","itemListElement":[{"@type":"ListItem","@id":"https:\/\/eldigitaldeasturias.com\/magazine365#listItem","position":1,"name":"Home","item":"https:\/\/eldigitaldeasturias.com\/magazine365","nextItem":{"@type":"ListItem","@id":"https:\/\/eldigitaldeasturias.com\/magazine365\/category\/noticias-actualidad\/#listItem","name":"Noticias y Actualidad"}},{"@type":"ListItem","@id":"https:\/\/eldigitaldeasturias.com\/magazine365\/category\/noticias-actualidad\/#listItem","position":2,"name":"Noticias y Actualidad","item":"https:\/\/eldigitaldeasturias.com\/magazine365\/category\/noticias-actualidad\/","nextItem":{"@type":"ListItem","@id":"https:\/\/eldigitaldeasturias.com\/magazine365\/la-capital-alcanza-un-80-de-ocupacion-hotelera-durante-el-madrid-orgullo\/#listItem","name":"La capital alcanza un 80% de ocupaci\u00f3n hotelera durante el Madrid Orgullo"},"previousItem":{"@type":"ListItem","@id":"https:\/\/eldigitaldeasturias.com\/magazine365#listItem","name":"Home"}},{"@type":"ListItem","@id":"https:\/\/eldigitaldeasturias.com\/magazine365\/la-capital-alcanza-un-80-de-ocupacion-hotelera-durante-el-madrid-orgullo\/#listItem","position":3,"name":"La capital alcanza un 80% de ocupaci\u00f3n hotelera durante el Madrid Orgullo","previousItem":{"@type":"ListItem","@id":"https:\/\/eldigitaldeasturias.com\/magazine365\/category\/noticias-actualidad\/#listItem","name":"Noticias y Actualidad"}}]},{"@type":"Organization","@id":"https:\/\/eldigitaldeasturias.com\/magazine365\/#organization","name":"El digital de Asturias","description":"Revista de ocio, turismo y estilo de vida","url":"https:\/\/eldigitaldeasturias.com\/magazine365\/","logo":{"@type":"ImageObject","url":"https:\/\/www.eldigitaldeasturias.com\/noticias\/wp-content\/uploads\/2020\/12\/EDA.jpg","@id":"https:\/\/eldigitaldeasturias.com\/magazine365\/la-capital-alcanza-un-80-de-ocupacion-hotelera-durante-el-madrid-orgullo\/#organizationLogo"},"image":{"@id":"https:\/\/eldigitaldeasturias.com\/magazine365\/la-capital-alcanza-un-80-de-ocupacion-hotelera-durante-el-madrid-orgullo\/#organizationLogo"}},{"@type":"Person","@id":"https:\/\/eldigitaldeasturias.com\/magazine365\/author\/admin\/#author","url":"https:\/\/eldigitaldeasturias.com\/magazine365\/author\/admin\/","name":"admin","image":{"@type":"ImageObject","@id":"https:\/\/eldigitaldeasturias.com\/magazine365\/la-capital-alcanza-un-80-de-ocupacion-hotelera-durante-el-madrid-orgullo\/#authorImage","url":"https:\/\/eldigitaldeasturias.com\/magazine365\/wp-content\/litespeed\/avatar\/e571bcf59a0edd6fa6838245a470f2fe.jpg?ver=1776969259","width":96,"height":96,"caption":"admin"}},{"@type":"WebPage","@id":"https:\/\/eldigitaldeasturias.com\/magazine365\/la-capital-alcanza-un-80-de-ocupacion-hotelera-durante-el-madrid-orgullo\/#webpage","url":"https:\/\/eldigitaldeasturias.com\/magazine365\/la-capital-alcanza-un-80-de-ocupacion-hotelera-durante-el-madrid-orgullo\/","name":"La capital alcanza un 80% de ocupaci\u00f3n hotelera durante el Madrid Orgullo | El Digital de Asturias","description":"El Madrid Orgullo se celebra en la capital del 29 de junio al 3 de julio y un 80% de los hoteles madrile\u00f1os estar\u00e1n llenos durante los cinco d\u00edas que dura el evento, seg\u00fan un estudio que ha realizado trivago.es El d\u00eda de mayor ocupaci\u00f3n ser\u00e1 el s\u00e1bado, con un 83% de la planta hotelera","inLanguage":"es-ES","isPartOf":{"@id":"https:\/\/eldigitaldeasturias.com\/magazine365\/#website"},"breadcrumb":{"@id":"https:\/\/eldigitaldeasturias.com\/magazine365\/la-capital-alcanza-un-80-de-ocupacion-hotelera-durante-el-madrid-orgullo\/#breadcrumblist"},"author":{"@id":"https:\/\/eldigitaldeasturias.com\/magazine365\/author\/admin\/#author"},"creator":{"@id":"https:\/\/eldigitaldeasturias.com\/magazine365\/author\/admin\/#author"},"image":{"@type":"ImageObject","url":"https:\/\/eldigitaldeasturias.com\/magazine365\/wp-content\/uploads\/2016\/06\/fotonoticia_20160628153925_800.jpg","@id":"https:\/\/eldigitaldeasturias.com\/magazine365\/la-capital-alcanza-un-80-de-ocupacion-hotelera-durante-el-madrid-orgullo\/#mainImage","width":800,"height":473},"primaryImageOfPage":{"@id":"https:\/\/eldigitaldeasturias.com\/magazine365\/la-capital-alcanza-un-80-de-ocupacion-hotelera-durante-el-madrid-orgullo\/#mainImage"},"datePublished":"2016-06-28T17:26:27+02:00","dateModified":"2016-06-28T17:26:27+02:00"},{"@type":"WebSite","@id":"https:\/\/eldigitaldeasturias.com\/magazine365\/#website","url":"https:\/\/eldigitaldeasturias.com\/magazine365\/","name":"El Digital de Asturias","description":"Revista de ocio, turismo y estilo de vida","inLanguage":"es-ES","publisher":{"@id":"https:\/\/eldigitaldeasturias.com\/magazine365\/#organization"}}]},"og:locale":"es_ES","og:site_name":"El Digital de Asturias \u2013 Revista de ocio, turismo y estilo de vida","og:type":"article","og:title":"La capital alcanza un 80% de ocupaci\u00f3n hotelera durante el Madrid Orgullo | El Digital de Asturias","og:description":"El Madrid Orgullo se celebra en la capital del 29 de junio al 3 de julio y un 80% de los hoteles madrile\u00f1os estar\u00e1n llenos durante los cinco d\u00edas que dura el evento, seg\u00fan un estudio que ha realizado trivago.es El d\u00eda de mayor ocupaci\u00f3n ser\u00e1 el s\u00e1bado, con un 83% de la planta hotelera","og:url":"https:\/\/eldigitaldeasturias.com\/magazine365\/la-capital-alcanza-un-80-de-ocupacion-hotelera-durante-el-madrid-orgullo\/","og:image":"https:\/\/eldigitaldeasturias.com\/magazine365\/wp-content\/uploads\/2016\/06\/fotonoticia_20160628153925_800.jpg","og:image:secure_url":"https:\/\/eldigitaldeasturias.com\/magazine365\/wp-content\/uploads\/2016\/06\/fotonoticia_20160628153925_800.jpg","og:image:width":800,"og:image:height":473,"article:published_time":"2016-06-28T15:26:27+00:00","article:modified_time":"2016-06-28T15:26:27+00:00","twitter:card":"summary_large_image","twitter:title":"La capital alcanza un 80% de ocupaci\u00f3n hotelera durante el Madrid Orgullo | El Digital de Asturias","twitter:description":"El Madrid Orgullo se celebra en la capital del 29 de junio al 3 de julio y un 80% de los hoteles madrile\u00f1os estar\u00e1n llenos durante los cinco d\u00edas que dura el evento, seg\u00fan un estudio que ha realizado trivago.es El d\u00eda de mayor ocupaci\u00f3n ser\u00e1 el s\u00e1bado, con un 83% de la planta hotelera","twitter:image":"https:\/\/eldigitaldeasturias.com\/magazine365\/wp-content\/uploads\/2016\/06\/fotonoticia_20160628153925_800.jpg"},"aioseo_meta_data":{"post_id":"80976","title":null,"description":null,"keywords":null,"keyphrases":null,"primary_term":null,"canonical_url":null,"og_title":null,"og_description":null,"og_object_type":"default","og_image_type":"default","og_image_url":null,"og_image_width":null,"og_image_height":null,"og_image_custom_url":null,"og_image_custom_fields":null,"og_video":null,"og_custom_url":null,"og_article_section":null,"og_article_tags":null,"twitter_use_og":false,"twitter_card":"default","twitter_image_type":"default","twitter_image_url":null,"twitter_image_custom_url":null,"twitter_image_custom_fields":null,"twitter_title":null,"twitter_description":null,"schema":{"blockGraphs":[],"customGraphs":[],"default":{"data":{"Article":[],"Course":[],"Dataset":[],"FAQPage":[],"Movie":[],"Person":[],"Product":[],"ProductReview":[],"Car":[],"Recipe":[],"Service":[],"SoftwareApplication":[],"WebPage":[]},"graphName":"","isEnabled":true},"graphs":[]},"schema_type":null,"schema_type_options":null,"pillar_content":false,"robots_default":true,"robots_noindex":false,"robots_noarchive":false,"robots_nosnippet":false,"robots_nofollow":false,"robots_noimageindex":false,"robots_noodp":false,"robots_notranslate":false,"robots_max_snippet":null,"robots_max_videopreview":null,"robots_max_imagepreview":"large","priority":null,"frequency":null,"location":null,"local_seo":null,"seo_analyzer_scan_date":"2025-09-27 21:55:07","breadcrumb_settings":null,"limit_modified_date":false,"open_ai":null,"ai":null,"created":"2021-03-08 17:22:47","updated":"2025-09-27 21:55:07"},"aioseo_breadcrumb":"<div class=\"aioseo-breadcrumbs\"><span class=\"aioseo-breadcrumb\">\n\t<a href=\"https:\/\/eldigitaldeasturias.com\/magazine365\" title=\"Home\">Home<\/a>\n<\/span><span class=\"aioseo-breadcrumb-separator\">\u2013<\/span><span class=\"aioseo-breadcrumb\">\n\t<a href=\"https:\/\/eldigitaldeasturias.com\/magazine365\/category\/noticias-actualidad\/\" title=\"Noticias y Actualidad\">Noticias y Actualidad<\/a>\n<\/span><span class=\"aioseo-breadcrumb-separator\">\u2013<\/span><span class=\"aioseo-breadcrumb\">\n\t<a href=\"https:\/\/eldigitaldeasturias.com\/magazine365\/la-capital-alcanza-un-80-de-ocupacion-hotelera-durante-el-madrid-orgullo\/\" title=\"La capital alcanza un 80% de ocupaci\u00f3n hotelera durante el Madrid Orgullo\">La capital alcanza un 80% de ocupaci\u00f3n hotelera durante el Madrid Orgullo<\/a>\n<\/span><\/div>","aioseo_breadcrumb_json":[{"label":"Home","link":"https:\/\/eldigitaldeasturias.com\/magazine365"},{"label":"Noticias y Actualidad","link":"https:\/\/eldigitaldeasturias.com\/magazine365\/category\/noticias-actualidad\/"},{"label":"La capital alcanza un 80% de ocupaci\u00f3n hotelera durante el Madrid Orgullo","link":"https:\/\/eldigitaldeasturias.com\/magazine365\/la-capital-alcanza-un-80-de-ocupacion-hotelera-durante-el-madrid-orgullo\/"}],"_links":{"self":[{"href":"https:\/\/eldigitaldeasturias.com\/magazine365\/wp-json\/wp\/v2\/posts\/80976","targetHints":{"allow":["GET"]}}],"collection":[{"href":"https:\/\/eldigitaldeasturias.com\/magazine365\/wp-json\/wp\/v2\/posts"}],"about":[{"href":"https:\/\/eldigitaldeasturias.com\/magazine365\/wp-json\/wp\/v2\/types\/post"}],"author":[{"embeddable":true,"href":"https:\/\/eldigitaldeasturias.com\/magazine365\/wp-json\/wp\/v2\/users\/1"}],"replies":[{"embeddable":true,"href":"https:\/\/eldigitaldeasturias.com\/magazine365\/wp-json\/wp\/v2\/comments?post=80976"}],"version-history":[{"count":0,"href":"https:\/\/eldigitaldeasturias.com\/magazine365\/wp-json\/wp\/v2\/posts\/80976\/revisions"}],"wp:featuredmedia":[{"embeddable":true,"href":"https:\/\/eldigitaldeasturias.com\/magazine365\/wp-json\/wp\/v2\/media\/80977"}],"wp:attachment":[{"href":"https:\/\/eldigitaldeasturias.com\/magazine365\/wp-json\/wp\/v2\/media?parent=80976"}],"wp:term":[{"taxonomy":"category","embeddable":true,"href":"https:\/\/eldigitaldeasturias.com\/magazine365\/wp-json\/wp\/v2\/categories?post=80976"},{"taxonomy":"post_tag","embeddable":true,"href":"https:\/\/eldigitaldeasturias.com\/magazine365\/wp-json\/wp\/v2\/tags?post=80976"}],"curies":[{"name":"wp","href":"https:\/\/api.w.org\/{rel}","templated":true}]}}