{"id":80945,"date":"2016-06-28T15:57:13","date_gmt":"2016-06-28T13:57:13","guid":{"rendered":"http:\/\/eldigitaldeasturias.com\/magazine365\/?p=80945"},"modified":"2016-06-28T15:57:13","modified_gmt":"2016-06-28T13:57:13","slug":"aena-rechaza-la-rebaja-de-tarifas-de-la-cnmc","status":"publish","type":"post","link":"https:\/\/eldigitaldeasturias.com\/magazine365\/aena-rechaza-la-rebaja-de-tarifas-de-la-cnmc\/","title":{"rendered":"Aena rechaza la rebaja de tarifas de la CNMC"},"content":{"rendered":"<p><img fetchpriority=\"high\" decoding=\"async\" class=\"alignleft size-medium wp-image-80946\" src=\"https:\/\/eldigitaldeasturias.com\/magazine365\/wp-content\/uploads\/2016\/06\/fotonoticia_20160628142100_800-360x270.jpg\" alt=\"fotonoticia_20160628142100_800\" width=\"360\" height=\"270\" srcset=\"https:\/\/eldigitaldeasturias.com\/magazine365\/wp-content\/uploads\/2016\/06\/fotonoticia_20160628142100_800-360x270.jpg 360w, https:\/\/eldigitaldeasturias.com\/magazine365\/wp-content\/uploads\/2016\/06\/fotonoticia_20160628142100_800-650x488.jpg 650w, https:\/\/eldigitaldeasturias.com\/magazine365\/wp-content\/uploads\/2016\/06\/fotonoticia_20160628142100_800-768x577.jpg 768w, https:\/\/eldigitaldeasturias.com\/magazine365\/wp-content\/uploads\/2016\/06\/fotonoticia_20160628142100_800-150x113.jpg 150w, https:\/\/eldigitaldeasturias.com\/magazine365\/wp-content\/uploads\/2016\/06\/fotonoticia_20160628142100_800-450x338.jpg 450w, https:\/\/eldigitaldeasturias.com\/magazine365\/wp-content\/uploads\/2016\/06\/fotonoticia_20160628142100_800-90x67.jpg 90w, https:\/\/eldigitaldeasturias.com\/magazine365\/wp-content\/uploads\/2016\/06\/fotonoticia_20160628142100_800-164x124.jpg 164w, https:\/\/eldigitaldeasturias.com\/magazine365\/wp-content\/uploads\/2016\/06\/fotonoticia_20160628142100_800-100x75.jpg 100w, https:\/\/eldigitaldeasturias.com\/magazine365\/wp-content\/uploads\/2016\/06\/fotonoticia_20160628142100_800.jpg 800w\" sizes=\"(max-width: 360px) 100vw, 360px\" \/>El nuevo marco regulador aeroportuario que est\u00e1 previsto sea aprobado por el Consejo de Ministros antes del 30 de septiembre es \u00bb comparable a los existentes en otros estados europeos\u00bb y servir\u00e1 para dar \u00abconfianza y certidumbre a los mercados\u00bb, seg\u00fan afirm\u00f3 el presidente de Aena, Jos\u00e9 Manuel Vargas, durante la junta de accionistas de la compa\u00f1\u00eda celebrada este martes en Madrid.<\/p>\n<p>Aena aprob\u00f3 el pasado mes de marzo una propuesta tarifaria definitiva de congelaci\u00f3n sobre el Documento de Regulaci\u00f3n Aeroportuaria (DORA) para el periodo 2017-2021, frente a la rebaja de casi el 2,6% reclamada por las aerol\u00edneas, mientras que la Comisi\u00f3n Nacional de los Mercados y la Competencia (CNMC) plantea en su informe consultivo una rebaja del 10,1% durante este quinquenio (un descenso del 2,02% anual).<\/p>\n<p>En su informe presentado ante la Junta de Accionistas celebrada este martes en Madrid, el presidente del gestor aeroportuario asegura que el principal objetivo de la reforma es la gesti\u00f3n eficiente de la red de aeropuertos espa\u00f1ola configur\u00e1ndola como un servicio de inter\u00e9s econ\u00f3mico general.<\/p>\n<p>En este marco, Aena insiste en la propuesta de congelaci\u00f3n de tarifas aeroportuarias para el periodo 2017 a 2021 (ambos incluidos). Dicha congelaci\u00f3n se aplicar\u00eda sobre las tarifas en vigor en el a\u00f1o 2016, que han sufrido una reducci\u00f3n del 1,9% respecto al a\u00f1o anterior.<\/p>\n<p>Aena asegura que esta propuesta garantiza la accesibilidad, suficiencia e idoneidad de las infraestructuras aeroportuarias y la adecuada prestaci\u00f3n de los servicios.<\/p>\n<p>\u00abEste marco regulador impulsado por el Ministerio de Fomento es comparable a los existentes en otros estados europeos, y en mi opini\u00f3n, es necesario para dar confianza y certidumbre a los mercados, a nuestros clientes y a los accionistas\u00bb, explic\u00f3 Vargas.<\/p>\n<p>En su discurso, destac\u00f3 que Espa\u00f1a es el \u00fanico pa\u00eds de Europa que no podr\u00e1 subir las tarifas a\u00e9reas durante los pr\u00f3ximos diez a\u00f1os, \u00ablo que otorga una importante ventaja de estabilidad a las compa\u00f1\u00edas a\u00e9reas\u00bb.<\/p>\n<p>Aena prev\u00e9 que el tr\u00e1fico a\u00e9reo crezca un 6,2% en 2016 y alcance en 2021 los 240 millones de pasajeros, impulsado por la mejora de la situaci\u00f3n econ\u00f3mica espa\u00f1ola y la atracci\u00f3n de Espa\u00f1a como destino tur\u00edstico.<\/p>\n<p>Por el contrario la CNMC aseguraba en su informe remitido a Fomento que los crecimientos del tr\u00e1fico a\u00e9reo ser\u00e1n superiores a los anunciados por Aena, y los costes menores, todo ello manteniendo una \u00abretribuci\u00f3n holgada\u00bb para los accionistas.<\/p>\n<p>El documento final del DORA lo elaborar\u00e1 la Direcci\u00f3n General de Aviaci\u00f3n Civil (DGAC) de acuerdo con la propuesta de Aena, tras las consultas realizadas al sector y a los informes de los supervisores. Debe ser aprobado en Consejo de Ministros antes del 30 de septiembre de 2016, con el objetivo de que entre en vigor el 1 de enero de 2017.<\/p>\n","protected":false},"excerpt":{"rendered":"<p>El nuevo marco regulador aeroportuario que est\u00e1 previsto sea aprobado por el Consejo de Ministros antes del 30 de septiembre es \u00bb comparable a los existentes en otros estados europeos\u00bb y servir\u00e1 para dar \u00abconfianza y certidumbre a los mercados\u00bb, seg\u00fan afirm\u00f3 el presidente de Aena, Jos\u00e9 Manuel Vargas, durante la junta de accionistas de<\/p>\n","protected":false},"author":1,"featured_media":80946,"comment_status":"open","ping_status":"closed","sticky":false,"template":"","format":"standard","meta":{"footnotes":""},"categories":[224],"tags":[],"class_list":{"0":"post-80945","1":"post","2":"type-post","3":"status-publish","4":"format-standard","5":"has-post-thumbnail","7":"category-noticias-actualidad"},"aioseo_notices":[],"aioseo_head":"\n\t\t<!-- All in One SEO Pro 4.9.6.1 - aioseo.com -->\n\t<meta name=\"description\" content=\"El nuevo marco regulador aeroportuario que est\u00e1 previsto sea aprobado por el Consejo de Ministros antes del 30 de septiembre es &quot; comparable a los existentes en otros estados europeos&quot; y servir\u00e1 para dar &quot;confianza y certidumbre a los mercados&quot;, seg\u00fan afirm\u00f3 el presidente de Aena, Jos\u00e9 Manuel Vargas, durante la junta de accionistas de\" \/>\n\t<meta name=\"robots\" content=\"max-image-preview:large\" \/>\n\t<meta name=\"author\" content=\"admin\"\/>\n\t<meta name=\"google-site-verification\" content=\"UA-38556648-1\" \/>\n\t<meta name=\"keywords\" content=\"noticias y actualidad\" \/>\n\t<link rel=\"canonical\" href=\"https:\/\/eldigitaldeasturias.com\/magazine365\/aena-rechaza-la-rebaja-de-tarifas-de-la-cnmc\/\" \/>\n\t<meta name=\"generator\" content=\"All in One SEO Pro (AIOSEO) 4.9.6.1\" \/>\n\t\t<meta property=\"og:locale\" content=\"es_ES\" \/>\n\t\t<meta property=\"og:site_name\" content=\"El Digital de Asturias \u2013 Revista de ocio, turismo y estilo de vida\" \/>\n\t\t<meta property=\"og:type\" content=\"article\" \/>\n\t\t<meta property=\"og:title\" content=\"Aena rechaza la rebaja de tarifas de la CNMC | El Digital de Asturias\" \/>\n\t\t<meta property=\"og:description\" content=\"El nuevo marco regulador aeroportuario que est\u00e1 previsto sea aprobado por el Consejo de Ministros antes del 30 de septiembre es &quot; comparable a los existentes en otros estados europeos&quot; y servir\u00e1 para dar &quot;confianza y certidumbre a los mercados&quot;, seg\u00fan afirm\u00f3 el presidente de Aena, Jos\u00e9 Manuel Vargas, durante la junta de accionistas de\" \/>\n\t\t<meta property=\"og:url\" content=\"https:\/\/eldigitaldeasturias.com\/magazine365\/aena-rechaza-la-rebaja-de-tarifas-de-la-cnmc\/\" \/>\n\t\t<meta property=\"og:image\" content=\"https:\/\/eldigitaldeasturias.com\/magazine365\/wp-content\/uploads\/2016\/06\/fotonoticia_20160628142100_800.jpg\" \/>\n\t\t<meta property=\"og:image:secure_url\" content=\"https:\/\/eldigitaldeasturias.com\/magazine365\/wp-content\/uploads\/2016\/06\/fotonoticia_20160628142100_800.jpg\" \/>\n\t\t<meta property=\"og:image:width\" content=\"800\" \/>\n\t\t<meta property=\"og:image:height\" content=\"601\" \/>\n\t\t<meta property=\"article:published_time\" content=\"2016-06-28T13:57:13+00:00\" \/>\n\t\t<meta property=\"article:modified_time\" content=\"2016-06-28T13:57:13+00:00\" \/>\n\t\t<meta name=\"twitter:card\" content=\"summary_large_image\" \/>\n\t\t<meta name=\"twitter:title\" content=\"Aena rechaza la rebaja de tarifas de la CNMC | El Digital de Asturias\" \/>\n\t\t<meta name=\"twitter:description\" content=\"El nuevo marco regulador aeroportuario que est\u00e1 previsto sea aprobado por el Consejo de Ministros antes del 30 de septiembre es &quot; comparable a los existentes en otros estados europeos&quot; y servir\u00e1 para dar &quot;confianza y certidumbre a los mercados&quot;, seg\u00fan afirm\u00f3 el presidente de Aena, Jos\u00e9 Manuel Vargas, durante la junta de accionistas de\" \/>\n\t\t<meta name=\"twitter:image\" content=\"https:\/\/eldigitaldeasturias.com\/magazine365\/wp-content\/uploads\/2016\/06\/fotonoticia_20160628142100_800.jpg\" \/>\n\t\t<script type=\"application\/ld+json\" class=\"aioseo-schema\">\n\t\t\t{\"@context\":\"https:\\\/\\\/schema.org\",\"@graph\":[{\"@type\":\"Article\",\"@id\":\"https:\\\/\\\/eldigitaldeasturias.com\\\/magazine365\\\/aena-rechaza-la-rebaja-de-tarifas-de-la-cnmc\\\/#article\",\"name\":\"Aena rechaza la rebaja de tarifas de la CNMC | El Digital de Asturias\",\"headline\":\"Aena rechaza la rebaja de tarifas de la CNMC\",\"author\":{\"@id\":\"https:\\\/\\\/eldigitaldeasturias.com\\\/magazine365\\\/author\\\/admin\\\/#author\"},\"publisher\":{\"@id\":\"https:\\\/\\\/eldigitaldeasturias.com\\\/magazine365\\\/#organization\"},\"image\":{\"@type\":\"ImageObject\",\"url\":\"https:\\\/\\\/eldigitaldeasturias.com\\\/magazine365\\\/wp-content\\\/uploads\\\/2016\\\/06\\\/fotonoticia_20160628142100_800.jpg\",\"width\":800,\"height\":601},\"datePublished\":\"2016-06-28T15:57:13+02:00\",\"dateModified\":\"2016-06-28T15:57:13+02:00\",\"inLanguage\":\"es-ES\",\"mainEntityOfPage\":{\"@id\":\"https:\\\/\\\/eldigitaldeasturias.com\\\/magazine365\\\/aena-rechaza-la-rebaja-de-tarifas-de-la-cnmc\\\/#webpage\"},\"isPartOf\":{\"@id\":\"https:\\\/\\\/eldigitaldeasturias.com\\\/magazine365\\\/aena-rechaza-la-rebaja-de-tarifas-de-la-cnmc\\\/#webpage\"},\"articleSection\":\"Noticias y Actualidad\"},{\"@type\":\"BreadcrumbList\",\"@id\":\"https:\\\/\\\/eldigitaldeasturias.com\\\/magazine365\\\/aena-rechaza-la-rebaja-de-tarifas-de-la-cnmc\\\/#breadcrumblist\",\"itemListElement\":[{\"@type\":\"ListItem\",\"@id\":\"https:\\\/\\\/eldigitaldeasturias.com\\\/magazine365#listItem\",\"position\":1,\"name\":\"Home\",\"item\":\"https:\\\/\\\/eldigitaldeasturias.com\\\/magazine365\",\"nextItem\":{\"@type\":\"ListItem\",\"@id\":\"https:\\\/\\\/eldigitaldeasturias.com\\\/magazine365\\\/category\\\/noticias-actualidad\\\/#listItem\",\"name\":\"Noticias y Actualidad\"}},{\"@type\":\"ListItem\",\"@id\":\"https:\\\/\\\/eldigitaldeasturias.com\\\/magazine365\\\/category\\\/noticias-actualidad\\\/#listItem\",\"position\":2,\"name\":\"Noticias y Actualidad\",\"item\":\"https:\\\/\\\/eldigitaldeasturias.com\\\/magazine365\\\/category\\\/noticias-actualidad\\\/\",\"nextItem\":{\"@type\":\"ListItem\",\"@id\":\"https:\\\/\\\/eldigitaldeasturias.com\\\/magazine365\\\/aena-rechaza-la-rebaja-de-tarifas-de-la-cnmc\\\/#listItem\",\"name\":\"Aena rechaza la rebaja de tarifas de la CNMC\"},\"previousItem\":{\"@type\":\"ListItem\",\"@id\":\"https:\\\/\\\/eldigitaldeasturias.com\\\/magazine365#listItem\",\"name\":\"Home\"}},{\"@type\":\"ListItem\",\"@id\":\"https:\\\/\\\/eldigitaldeasturias.com\\\/magazine365\\\/aena-rechaza-la-rebaja-de-tarifas-de-la-cnmc\\\/#listItem\",\"position\":3,\"name\":\"Aena rechaza la rebaja de tarifas de la CNMC\",\"previousItem\":{\"@type\":\"ListItem\",\"@id\":\"https:\\\/\\\/eldigitaldeasturias.com\\\/magazine365\\\/category\\\/noticias-actualidad\\\/#listItem\",\"name\":\"Noticias y Actualidad\"}}]},{\"@type\":\"Organization\",\"@id\":\"https:\\\/\\\/eldigitaldeasturias.com\\\/magazine365\\\/#organization\",\"name\":\"El digital de Asturias\",\"description\":\"Revista de ocio, turismo y estilo de vida\",\"url\":\"https:\\\/\\\/eldigitaldeasturias.com\\\/magazine365\\\/\",\"logo\":{\"@type\":\"ImageObject\",\"url\":\"https:\\\/\\\/www.eldigitaldeasturias.com\\\/noticias\\\/wp-content\\\/uploads\\\/2020\\\/12\\\/EDA.jpg\",\"@id\":\"https:\\\/\\\/eldigitaldeasturias.com\\\/magazine365\\\/aena-rechaza-la-rebaja-de-tarifas-de-la-cnmc\\\/#organizationLogo\"},\"image\":{\"@id\":\"https:\\\/\\\/eldigitaldeasturias.com\\\/magazine365\\\/aena-rechaza-la-rebaja-de-tarifas-de-la-cnmc\\\/#organizationLogo\"}},{\"@type\":\"Person\",\"@id\":\"https:\\\/\\\/eldigitaldeasturias.com\\\/magazine365\\\/author\\\/admin\\\/#author\",\"url\":\"https:\\\/\\\/eldigitaldeasturias.com\\\/magazine365\\\/author\\\/admin\\\/\",\"name\":\"admin\",\"image\":{\"@type\":\"ImageObject\",\"@id\":\"https:\\\/\\\/eldigitaldeasturias.com\\\/magazine365\\\/aena-rechaza-la-rebaja-de-tarifas-de-la-cnmc\\\/#authorImage\",\"url\":\"https:\\\/\\\/eldigitaldeasturias.com\\\/magazine365\\\/wp-content\\\/litespeed\\\/avatar\\\/e571bcf59a0edd6fa6838245a470f2fe.jpg?ver=1776969259\",\"width\":96,\"height\":96,\"caption\":\"admin\"}},{\"@type\":\"WebPage\",\"@id\":\"https:\\\/\\\/eldigitaldeasturias.com\\\/magazine365\\\/aena-rechaza-la-rebaja-de-tarifas-de-la-cnmc\\\/#webpage\",\"url\":\"https:\\\/\\\/eldigitaldeasturias.com\\\/magazine365\\\/aena-rechaza-la-rebaja-de-tarifas-de-la-cnmc\\\/\",\"name\":\"Aena rechaza la rebaja de tarifas de la CNMC | El Digital de Asturias\",\"description\":\"El nuevo marco regulador aeroportuario que est\\u00e1 previsto sea aprobado por el Consejo de Ministros antes del 30 de septiembre es \\\" comparable a los existentes en otros estados europeos\\\" y servir\\u00e1 para dar \\\"confianza y certidumbre a los mercados\\\", seg\\u00fan afirm\\u00f3 el presidente de Aena, Jos\\u00e9 Manuel Vargas, durante la junta de accionistas de\",\"inLanguage\":\"es-ES\",\"isPartOf\":{\"@id\":\"https:\\\/\\\/eldigitaldeasturias.com\\\/magazine365\\\/#website\"},\"breadcrumb\":{\"@id\":\"https:\\\/\\\/eldigitaldeasturias.com\\\/magazine365\\\/aena-rechaza-la-rebaja-de-tarifas-de-la-cnmc\\\/#breadcrumblist\"},\"author\":{\"@id\":\"https:\\\/\\\/eldigitaldeasturias.com\\\/magazine365\\\/author\\\/admin\\\/#author\"},\"creator\":{\"@id\":\"https:\\\/\\\/eldigitaldeasturias.com\\\/magazine365\\\/author\\\/admin\\\/#author\"},\"image\":{\"@type\":\"ImageObject\",\"url\":\"https:\\\/\\\/eldigitaldeasturias.com\\\/magazine365\\\/wp-content\\\/uploads\\\/2016\\\/06\\\/fotonoticia_20160628142100_800.jpg\",\"@id\":\"https:\\\/\\\/eldigitaldeasturias.com\\\/magazine365\\\/aena-rechaza-la-rebaja-de-tarifas-de-la-cnmc\\\/#mainImage\",\"width\":800,\"height\":601},\"primaryImageOfPage\":{\"@id\":\"https:\\\/\\\/eldigitaldeasturias.com\\\/magazine365\\\/aena-rechaza-la-rebaja-de-tarifas-de-la-cnmc\\\/#mainImage\"},\"datePublished\":\"2016-06-28T15:57:13+02:00\",\"dateModified\":\"2016-06-28T15:57:13+02:00\"},{\"@type\":\"WebSite\",\"@id\":\"https:\\\/\\\/eldigitaldeasturias.com\\\/magazine365\\\/#website\",\"url\":\"https:\\\/\\\/eldigitaldeasturias.com\\\/magazine365\\\/\",\"name\":\"El Digital de Asturias\",\"description\":\"Revista de ocio, turismo y estilo de vida\",\"inLanguage\":\"es-ES\",\"publisher\":{\"@id\":\"https:\\\/\\\/eldigitaldeasturias.com\\\/magazine365\\\/#organization\"}}]}\n\t\t<\/script>\n\t\t<!-- All in One SEO Pro -->\r\n\t\t<title>Aena rechaza la rebaja de tarifas de la CNMC | El Digital de Asturias<\/title>\n\n","aioseo_head_json":{"title":"Aena rechaza la rebaja de tarifas de la CNMC | El Digital de Asturias","description":"El nuevo marco regulador aeroportuario que est\u00e1 previsto sea aprobado por el Consejo de Ministros antes del 30 de septiembre es \" comparable a los existentes en otros estados europeos\" y servir\u00e1 para dar \"confianza y certidumbre a los mercados\", seg\u00fan afirm\u00f3 el presidente de Aena, Jos\u00e9 Manuel Vargas, durante la junta de accionistas de","canonical_url":"https:\/\/eldigitaldeasturias.com\/magazine365\/aena-rechaza-la-rebaja-de-tarifas-de-la-cnmc\/","robots":"max-image-preview:large","keywords":"noticias y actualidad","webmasterTools":{"google-site-verification":"UA-38556648-1","miscellaneous":""},"schema":{"@context":"https:\/\/schema.org","@graph":[{"@type":"Article","@id":"https:\/\/eldigitaldeasturias.com\/magazine365\/aena-rechaza-la-rebaja-de-tarifas-de-la-cnmc\/#article","name":"Aena rechaza la rebaja de tarifas de la CNMC | El Digital de Asturias","headline":"Aena rechaza la rebaja de tarifas de la CNMC","author":{"@id":"https:\/\/eldigitaldeasturias.com\/magazine365\/author\/admin\/#author"},"publisher":{"@id":"https:\/\/eldigitaldeasturias.com\/magazine365\/#organization"},"image":{"@type":"ImageObject","url":"https:\/\/eldigitaldeasturias.com\/magazine365\/wp-content\/uploads\/2016\/06\/fotonoticia_20160628142100_800.jpg","width":800,"height":601},"datePublished":"2016-06-28T15:57:13+02:00","dateModified":"2016-06-28T15:57:13+02:00","inLanguage":"es-ES","mainEntityOfPage":{"@id":"https:\/\/eldigitaldeasturias.com\/magazine365\/aena-rechaza-la-rebaja-de-tarifas-de-la-cnmc\/#webpage"},"isPartOf":{"@id":"https:\/\/eldigitaldeasturias.com\/magazine365\/aena-rechaza-la-rebaja-de-tarifas-de-la-cnmc\/#webpage"},"articleSection":"Noticias y Actualidad"},{"@type":"BreadcrumbList","@id":"https:\/\/eldigitaldeasturias.com\/magazine365\/aena-rechaza-la-rebaja-de-tarifas-de-la-cnmc\/#breadcrumblist","itemListElement":[{"@type":"ListItem","@id":"https:\/\/eldigitaldeasturias.com\/magazine365#listItem","position":1,"name":"Home","item":"https:\/\/eldigitaldeasturias.com\/magazine365","nextItem":{"@type":"ListItem","@id":"https:\/\/eldigitaldeasturias.com\/magazine365\/category\/noticias-actualidad\/#listItem","name":"Noticias y Actualidad"}},{"@type":"ListItem","@id":"https:\/\/eldigitaldeasturias.com\/magazine365\/category\/noticias-actualidad\/#listItem","position":2,"name":"Noticias y Actualidad","item":"https:\/\/eldigitaldeasturias.com\/magazine365\/category\/noticias-actualidad\/","nextItem":{"@type":"ListItem","@id":"https:\/\/eldigitaldeasturias.com\/magazine365\/aena-rechaza-la-rebaja-de-tarifas-de-la-cnmc\/#listItem","name":"Aena rechaza la rebaja de tarifas de la CNMC"},"previousItem":{"@type":"ListItem","@id":"https:\/\/eldigitaldeasturias.com\/magazine365#listItem","name":"Home"}},{"@type":"ListItem","@id":"https:\/\/eldigitaldeasturias.com\/magazine365\/aena-rechaza-la-rebaja-de-tarifas-de-la-cnmc\/#listItem","position":3,"name":"Aena rechaza la rebaja de tarifas de la CNMC","previousItem":{"@type":"ListItem","@id":"https:\/\/eldigitaldeasturias.com\/magazine365\/category\/noticias-actualidad\/#listItem","name":"Noticias y Actualidad"}}]},{"@type":"Organization","@id":"https:\/\/eldigitaldeasturias.com\/magazine365\/#organization","name":"El digital de Asturias","description":"Revista de ocio, turismo y estilo de vida","url":"https:\/\/eldigitaldeasturias.com\/magazine365\/","logo":{"@type":"ImageObject","url":"https:\/\/www.eldigitaldeasturias.com\/noticias\/wp-content\/uploads\/2020\/12\/EDA.jpg","@id":"https:\/\/eldigitaldeasturias.com\/magazine365\/aena-rechaza-la-rebaja-de-tarifas-de-la-cnmc\/#organizationLogo"},"image":{"@id":"https:\/\/eldigitaldeasturias.com\/magazine365\/aena-rechaza-la-rebaja-de-tarifas-de-la-cnmc\/#organizationLogo"}},{"@type":"Person","@id":"https:\/\/eldigitaldeasturias.com\/magazine365\/author\/admin\/#author","url":"https:\/\/eldigitaldeasturias.com\/magazine365\/author\/admin\/","name":"admin","image":{"@type":"ImageObject","@id":"https:\/\/eldigitaldeasturias.com\/magazine365\/aena-rechaza-la-rebaja-de-tarifas-de-la-cnmc\/#authorImage","url":"https:\/\/eldigitaldeasturias.com\/magazine365\/wp-content\/litespeed\/avatar\/e571bcf59a0edd6fa6838245a470f2fe.jpg?ver=1776969259","width":96,"height":96,"caption":"admin"}},{"@type":"WebPage","@id":"https:\/\/eldigitaldeasturias.com\/magazine365\/aena-rechaza-la-rebaja-de-tarifas-de-la-cnmc\/#webpage","url":"https:\/\/eldigitaldeasturias.com\/magazine365\/aena-rechaza-la-rebaja-de-tarifas-de-la-cnmc\/","name":"Aena rechaza la rebaja de tarifas de la CNMC | El Digital de Asturias","description":"El nuevo marco regulador aeroportuario que est\u00e1 previsto sea aprobado por el Consejo de Ministros antes del 30 de septiembre es \" comparable a los existentes en otros estados europeos\" y servir\u00e1 para dar \"confianza y certidumbre a los mercados\", seg\u00fan afirm\u00f3 el presidente de Aena, Jos\u00e9 Manuel Vargas, durante la junta de accionistas de","inLanguage":"es-ES","isPartOf":{"@id":"https:\/\/eldigitaldeasturias.com\/magazine365\/#website"},"breadcrumb":{"@id":"https:\/\/eldigitaldeasturias.com\/magazine365\/aena-rechaza-la-rebaja-de-tarifas-de-la-cnmc\/#breadcrumblist"},"author":{"@id":"https:\/\/eldigitaldeasturias.com\/magazine365\/author\/admin\/#author"},"creator":{"@id":"https:\/\/eldigitaldeasturias.com\/magazine365\/author\/admin\/#author"},"image":{"@type":"ImageObject","url":"https:\/\/eldigitaldeasturias.com\/magazine365\/wp-content\/uploads\/2016\/06\/fotonoticia_20160628142100_800.jpg","@id":"https:\/\/eldigitaldeasturias.com\/magazine365\/aena-rechaza-la-rebaja-de-tarifas-de-la-cnmc\/#mainImage","width":800,"height":601},"primaryImageOfPage":{"@id":"https:\/\/eldigitaldeasturias.com\/magazine365\/aena-rechaza-la-rebaja-de-tarifas-de-la-cnmc\/#mainImage"},"datePublished":"2016-06-28T15:57:13+02:00","dateModified":"2016-06-28T15:57:13+02:00"},{"@type":"WebSite","@id":"https:\/\/eldigitaldeasturias.com\/magazine365\/#website","url":"https:\/\/eldigitaldeasturias.com\/magazine365\/","name":"El Digital de Asturias","description":"Revista de ocio, turismo y estilo de vida","inLanguage":"es-ES","publisher":{"@id":"https:\/\/eldigitaldeasturias.com\/magazine365\/#organization"}}]},"og:locale":"es_ES","og:site_name":"El Digital de Asturias \u2013 Revista de ocio, turismo y estilo de vida","og:type":"article","og:title":"Aena rechaza la rebaja de tarifas de la CNMC | El Digital de Asturias","og:description":"El nuevo marco regulador aeroportuario que est\u00e1 previsto sea aprobado por el Consejo de Ministros antes del 30 de septiembre es &quot; comparable a los existentes en otros estados europeos&quot; y servir\u00e1 para dar &quot;confianza y certidumbre a los mercados&quot;, seg\u00fan afirm\u00f3 el presidente de Aena, Jos\u00e9 Manuel Vargas, durante la junta de accionistas de","og:url":"https:\/\/eldigitaldeasturias.com\/magazine365\/aena-rechaza-la-rebaja-de-tarifas-de-la-cnmc\/","og:image":"https:\/\/eldigitaldeasturias.com\/magazine365\/wp-content\/uploads\/2016\/06\/fotonoticia_20160628142100_800.jpg","og:image:secure_url":"https:\/\/eldigitaldeasturias.com\/magazine365\/wp-content\/uploads\/2016\/06\/fotonoticia_20160628142100_800.jpg","og:image:width":800,"og:image:height":601,"article:published_time":"2016-06-28T13:57:13+00:00","article:modified_time":"2016-06-28T13:57:13+00:00","twitter:card":"summary_large_image","twitter:title":"Aena rechaza la rebaja de tarifas de la CNMC | El Digital de Asturias","twitter:description":"El nuevo marco regulador aeroportuario que est\u00e1 previsto sea aprobado por el Consejo de Ministros antes del 30 de septiembre es &quot; comparable a los existentes en otros estados europeos&quot; y servir\u00e1 para dar &quot;confianza y certidumbre a los mercados&quot;, seg\u00fan afirm\u00f3 el presidente de Aena, Jos\u00e9 Manuel Vargas, durante la junta de accionistas de","twitter:image":"https:\/\/eldigitaldeasturias.com\/magazine365\/wp-content\/uploads\/2016\/06\/fotonoticia_20160628142100_800.jpg"},"aioseo_meta_data":{"post_id":"80945","title":null,"description":null,"keywords":null,"keyphrases":null,"primary_term":null,"canonical_url":null,"og_title":null,"og_description":null,"og_object_type":"default","og_image_type":"default","og_image_url":null,"og_image_width":null,"og_image_height":null,"og_image_custom_url":null,"og_image_custom_fields":null,"og_video":null,"og_custom_url":null,"og_article_section":null,"og_article_tags":null,"twitter_use_og":false,"twitter_card":"default","twitter_image_type":"default","twitter_image_url":null,"twitter_image_custom_url":null,"twitter_image_custom_fields":null,"twitter_title":null,"twitter_description":null,"schema":{"blockGraphs":[],"customGraphs":[],"default":{"data":{"Article":[],"Course":[],"Dataset":[],"FAQPage":[],"Movie":[],"Person":[],"Product":[],"ProductReview":[],"Car":[],"Recipe":[],"Service":[],"SoftwareApplication":[],"WebPage":[]},"graphName":"","isEnabled":true},"graphs":[],"defaultGraph":"","defaultPostTypeGraph":""},"schema_type":null,"schema_type_options":null,"pillar_content":false,"robots_default":true,"robots_noindex":false,"robots_noarchive":false,"robots_nosnippet":false,"robots_nofollow":false,"robots_noimageindex":false,"robots_noodp":false,"robots_notranslate":false,"robots_max_snippet":null,"robots_max_videopreview":null,"robots_max_imagepreview":"large","priority":null,"frequency":null,"location":null,"local_seo":null,"seo_analyzer_scan_date":"2025-09-27 21:51:23","breadcrumb_settings":null,"limit_modified_date":false,"open_ai":null,"ai":null,"created":"2021-03-08 17:23:43","updated":"2025-09-27 21:51:23"},"aioseo_breadcrumb":"<div class=\"aioseo-breadcrumbs\"><span class=\"aioseo-breadcrumb\">\n\t<a href=\"https:\/\/eldigitaldeasturias.com\/magazine365\" title=\"Home\">Home<\/a>\n<\/span><span class=\"aioseo-breadcrumb-separator\">\u2013<\/span><span class=\"aioseo-breadcrumb\">\n\t<a href=\"https:\/\/eldigitaldeasturias.com\/magazine365\/category\/noticias-actualidad\/\" title=\"Noticias y Actualidad\">Noticias y Actualidad<\/a>\n<\/span><span class=\"aioseo-breadcrumb-separator\">\u2013<\/span><span class=\"aioseo-breadcrumb\">\n\t<a href=\"https:\/\/eldigitaldeasturias.com\/magazine365\/aena-rechaza-la-rebaja-de-tarifas-de-la-cnmc\/\" title=\"Aena rechaza la rebaja de tarifas de la CNMC\">Aena rechaza la rebaja de tarifas de la CNMC<\/a>\n<\/span><\/div>","aioseo_breadcrumb_json":[{"label":"Home","link":"https:\/\/eldigitaldeasturias.com\/magazine365"},{"label":"Noticias y Actualidad","link":"https:\/\/eldigitaldeasturias.com\/magazine365\/category\/noticias-actualidad\/"},{"label":"Aena rechaza la rebaja de tarifas de la CNMC","link":"https:\/\/eldigitaldeasturias.com\/magazine365\/aena-rechaza-la-rebaja-de-tarifas-de-la-cnmc\/"}],"_links":{"self":[{"href":"https:\/\/eldigitaldeasturias.com\/magazine365\/wp-json\/wp\/v2\/posts\/80945","targetHints":{"allow":["GET"]}}],"collection":[{"href":"https:\/\/eldigitaldeasturias.com\/magazine365\/wp-json\/wp\/v2\/posts"}],"about":[{"href":"https:\/\/eldigitaldeasturias.com\/magazine365\/wp-json\/wp\/v2\/types\/post"}],"author":[{"embeddable":true,"href":"https:\/\/eldigitaldeasturias.com\/magazine365\/wp-json\/wp\/v2\/users\/1"}],"replies":[{"embeddable":true,"href":"https:\/\/eldigitaldeasturias.com\/magazine365\/wp-json\/wp\/v2\/comments?post=80945"}],"version-history":[{"count":0,"href":"https:\/\/eldigitaldeasturias.com\/magazine365\/wp-json\/wp\/v2\/posts\/80945\/revisions"}],"wp:featuredmedia":[{"embeddable":true,"href":"https:\/\/eldigitaldeasturias.com\/magazine365\/wp-json\/wp\/v2\/media\/80946"}],"wp:attachment":[{"href":"https:\/\/eldigitaldeasturias.com\/magazine365\/wp-json\/wp\/v2\/media?parent=80945"}],"wp:term":[{"taxonomy":"category","embeddable":true,"href":"https:\/\/eldigitaldeasturias.com\/magazine365\/wp-json\/wp\/v2\/categories?post=80945"},{"taxonomy":"post_tag","embeddable":true,"href":"https:\/\/eldigitaldeasturias.com\/magazine365\/wp-json\/wp\/v2\/tags?post=80945"}],"curies":[{"name":"wp","href":"https:\/\/api.w.org\/{rel}","templated":true}]}}