{"id":80939,"date":"2016-06-28T15:15:24","date_gmt":"2016-06-28T13:15:24","guid":{"rendered":"http:\/\/eldigitaldeasturias.com\/magazine365\/?p=80939"},"modified":"2016-06-28T15:15:24","modified_gmt":"2016-06-28T13:15:24","slug":"el-primer-a350-900-de-lufthansa-sale-de-toulouse","status":"publish","type":"post","link":"https:\/\/eldigitaldeasturias.com\/magazine365\/el-primer-a350-900-de-lufthansa-sale-de-toulouse\/","title":{"rendered":"El primer A350-900 de Lufthansa sale de Toulouse"},"content":{"rendered":"<p><img fetchpriority=\"high\" decoding=\"async\" class=\"alignleft size-medium wp-image-80940\" src=\"https:\/\/eldigitaldeasturias.com\/magazine365\/wp-content\/uploads\/2016\/06\/fotonoticia_20160628134047_800-360x249.jpg\" alt=\"fotonoticia_20160628134047_800\" width=\"360\" height=\"249\" srcset=\"https:\/\/eldigitaldeasturias.com\/magazine365\/wp-content\/uploads\/2016\/06\/fotonoticia_20160628134047_800-360x249.jpg 360w, https:\/\/eldigitaldeasturias.com\/magazine365\/wp-content\/uploads\/2016\/06\/fotonoticia_20160628134047_800-650x450.jpg 650w, https:\/\/eldigitaldeasturias.com\/magazine365\/wp-content\/uploads\/2016\/06\/fotonoticia_20160628134047_800-768x532.jpg 768w, https:\/\/eldigitaldeasturias.com\/magazine365\/wp-content\/uploads\/2016\/06\/fotonoticia_20160628134047_800-150x104.jpg 150w, https:\/\/eldigitaldeasturias.com\/magazine365\/wp-content\/uploads\/2016\/06\/fotonoticia_20160628134047_800-450x312.jpg 450w, https:\/\/eldigitaldeasturias.com\/magazine365\/wp-content\/uploads\/2016\/06\/fotonoticia_20160628134047_800.jpg 800w\" sizes=\"(max-width: 360px) 100vw, 360px\" \/>El A350-900 de Lufthansa sale de la planta de producci\u00f3n de Airbus en Toulouse por primera vez y llegar\u00e1 a M\u00fanich en el invierno, seg\u00fan ha informado la aerol\u00ednea en un comunicado.<\/p>\n<p>Los paneles de las alas y el tren de aterrizaje ya est\u00e1n instalados en el fuselaje. La pintura Lufthansa ya es claramente visible en la cola. A\u00fan faltan las etapas de montaje final, que incluyen la instalaci\u00f3n de los motores y los accesorios del interior de la cabina.<\/p>\n<p>El A350-900 es considerado como el avi\u00f3n de pasajeros de largo recorrido m\u00e1s moderno y ecol\u00f3gico del mundo. Consume un 25% menos de combustible y produce una hasta un 50% menos de &#8216;huella ac\u00fastica&#8217; que el resto de aeronaves comparables.<\/p>\n<p>Lufthansa estacionar\u00e1 su primer A350-900, de los diez que tiene encargados, en Munich desde principios del pr\u00f3ximo invierno. El avi\u00f3n contar\u00e1 con 293 plazas para pasajeros: 48 asientos en Clase Business, 21 en Premium Economy y 224 en Clase Turista.<\/p>\n<p>&nbsp;<\/p>\n","protected":false},"excerpt":{"rendered":"<p>El A350-900 de Lufthansa sale de la planta de producci\u00f3n de Airbus en Toulouse por primera vez y llegar\u00e1 a M\u00fanich en el invierno, seg\u00fan ha informado la aerol\u00ednea en un comunicado. Los paneles de las alas y el tren de aterrizaje ya est\u00e1n instalados en el fuselaje. La pintura Lufthansa ya es claramente visible<\/p>\n","protected":false},"author":1,"featured_media":80940,"comment_status":"open","ping_status":"closed","sticky":false,"template":"","format":"standard","meta":{"footnotes":""},"categories":[224],"tags":[],"class_list":{"0":"post-80939","1":"post","2":"type-post","3":"status-publish","4":"format-standard","5":"has-post-thumbnail","7":"category-noticias-actualidad"},"aioseo_notices":[],"aioseo_head":"\n\t\t<!-- All in One SEO Pro 4.9.6.1 - aioseo.com -->\n\t<meta name=\"description\" content=\"El A350-900 de Lufthansa sale de la planta de producci\u00f3n de Airbus en Toulouse por primera vez y llegar\u00e1 a M\u00fanich en el invierno, seg\u00fan ha informado la aerol\u00ednea en un comunicado. Los paneles de las alas y el tren de aterrizaje ya est\u00e1n instalados en el fuselaje. La pintura Lufthansa ya es claramente visible\" \/>\n\t<meta name=\"robots\" content=\"max-image-preview:large\" \/>\n\t<meta name=\"author\" content=\"admin\"\/>\n\t<meta name=\"google-site-verification\" content=\"UA-38556648-1\" \/>\n\t<meta name=\"keywords\" content=\"noticias y actualidad\" \/>\n\t<link rel=\"canonical\" href=\"https:\/\/eldigitaldeasturias.com\/magazine365\/el-primer-a350-900-de-lufthansa-sale-de-toulouse\/\" \/>\n\t<meta name=\"generator\" content=\"All in One SEO Pro (AIOSEO) 4.9.6.1\" \/>\n\t\t<meta property=\"og:locale\" content=\"es_ES\" \/>\n\t\t<meta property=\"og:site_name\" content=\"El Digital de Asturias \u2013 Revista de ocio, turismo y estilo de vida\" \/>\n\t\t<meta property=\"og:type\" content=\"article\" \/>\n\t\t<meta property=\"og:title\" content=\"El primer A350-900 de Lufthansa sale de Toulouse | El Digital de Asturias\" \/>\n\t\t<meta property=\"og:description\" content=\"El A350-900 de Lufthansa sale de la planta de producci\u00f3n de Airbus en Toulouse por primera vez y llegar\u00e1 a M\u00fanich en el invierno, seg\u00fan ha informado la aerol\u00ednea en un comunicado. Los paneles de las alas y el tren de aterrizaje ya est\u00e1n instalados en el fuselaje. La pintura Lufthansa ya es claramente visible\" \/>\n\t\t<meta property=\"og:url\" content=\"https:\/\/eldigitaldeasturias.com\/magazine365\/el-primer-a350-900-de-lufthansa-sale-de-toulouse\/\" \/>\n\t\t<meta property=\"og:image\" content=\"https:\/\/eldigitaldeasturias.com\/magazine365\/wp-content\/uploads\/2016\/06\/fotonoticia_20160628134047_800.jpg\" \/>\n\t\t<meta property=\"og:image:secure_url\" content=\"https:\/\/eldigitaldeasturias.com\/magazine365\/wp-content\/uploads\/2016\/06\/fotonoticia_20160628134047_800.jpg\" \/>\n\t\t<meta property=\"og:image:width\" content=\"800\" \/>\n\t\t<meta property=\"og:image:height\" content=\"554\" \/>\n\t\t<meta property=\"article:published_time\" content=\"2016-06-28T13:15:24+00:00\" \/>\n\t\t<meta property=\"article:modified_time\" content=\"2016-06-28T13:15:24+00:00\" \/>\n\t\t<meta name=\"twitter:card\" content=\"summary_large_image\" \/>\n\t\t<meta name=\"twitter:title\" content=\"El primer A350-900 de Lufthansa sale de Toulouse | El Digital de Asturias\" \/>\n\t\t<meta name=\"twitter:description\" content=\"El A350-900 de Lufthansa sale de la planta de producci\u00f3n de Airbus en Toulouse por primera vez y llegar\u00e1 a M\u00fanich en el invierno, seg\u00fan ha informado la aerol\u00ednea en un comunicado. Los paneles de las alas y el tren de aterrizaje ya est\u00e1n instalados en el fuselaje. La pintura Lufthansa ya es claramente visible\" \/>\n\t\t<meta name=\"twitter:image\" content=\"https:\/\/eldigitaldeasturias.com\/magazine365\/wp-content\/uploads\/2016\/06\/fotonoticia_20160628134047_800.jpg\" \/>\n\t\t<script type=\"application\/ld+json\" class=\"aioseo-schema\">\n\t\t\t{\"@context\":\"https:\\\/\\\/schema.org\",\"@graph\":[{\"@type\":\"Article\",\"@id\":\"https:\\\/\\\/eldigitaldeasturias.com\\\/magazine365\\\/el-primer-a350-900-de-lufthansa-sale-de-toulouse\\\/#article\",\"name\":\"El primer A350-900 de Lufthansa sale de Toulouse | El Digital de Asturias\",\"headline\":\"El primer A350-900 de Lufthansa sale de Toulouse\",\"author\":{\"@id\":\"https:\\\/\\\/eldigitaldeasturias.com\\\/magazine365\\\/author\\\/admin\\\/#author\"},\"publisher\":{\"@id\":\"https:\\\/\\\/eldigitaldeasturias.com\\\/magazine365\\\/#organization\"},\"image\":{\"@type\":\"ImageObject\",\"url\":\"https:\\\/\\\/eldigitaldeasturias.com\\\/magazine365\\\/wp-content\\\/uploads\\\/2016\\\/06\\\/fotonoticia_20160628134047_800.jpg\",\"width\":800,\"height\":554},\"datePublished\":\"2016-06-28T15:15:24+02:00\",\"dateModified\":\"2016-06-28T15:15:24+02:00\",\"inLanguage\":\"es-ES\",\"mainEntityOfPage\":{\"@id\":\"https:\\\/\\\/eldigitaldeasturias.com\\\/magazine365\\\/el-primer-a350-900-de-lufthansa-sale-de-toulouse\\\/#webpage\"},\"isPartOf\":{\"@id\":\"https:\\\/\\\/eldigitaldeasturias.com\\\/magazine365\\\/el-primer-a350-900-de-lufthansa-sale-de-toulouse\\\/#webpage\"},\"articleSection\":\"Noticias y Actualidad\"},{\"@type\":\"BreadcrumbList\",\"@id\":\"https:\\\/\\\/eldigitaldeasturias.com\\\/magazine365\\\/el-primer-a350-900-de-lufthansa-sale-de-toulouse\\\/#breadcrumblist\",\"itemListElement\":[{\"@type\":\"ListItem\",\"@id\":\"https:\\\/\\\/eldigitaldeasturias.com\\\/magazine365#listItem\",\"position\":1,\"name\":\"Home\",\"item\":\"https:\\\/\\\/eldigitaldeasturias.com\\\/magazine365\",\"nextItem\":{\"@type\":\"ListItem\",\"@id\":\"https:\\\/\\\/eldigitaldeasturias.com\\\/magazine365\\\/category\\\/noticias-actualidad\\\/#listItem\",\"name\":\"Noticias y Actualidad\"}},{\"@type\":\"ListItem\",\"@id\":\"https:\\\/\\\/eldigitaldeasturias.com\\\/magazine365\\\/category\\\/noticias-actualidad\\\/#listItem\",\"position\":2,\"name\":\"Noticias y Actualidad\",\"item\":\"https:\\\/\\\/eldigitaldeasturias.com\\\/magazine365\\\/category\\\/noticias-actualidad\\\/\",\"nextItem\":{\"@type\":\"ListItem\",\"@id\":\"https:\\\/\\\/eldigitaldeasturias.com\\\/magazine365\\\/el-primer-a350-900-de-lufthansa-sale-de-toulouse\\\/#listItem\",\"name\":\"El primer A350-900 de Lufthansa sale de Toulouse\"},\"previousItem\":{\"@type\":\"ListItem\",\"@id\":\"https:\\\/\\\/eldigitaldeasturias.com\\\/magazine365#listItem\",\"name\":\"Home\"}},{\"@type\":\"ListItem\",\"@id\":\"https:\\\/\\\/eldigitaldeasturias.com\\\/magazine365\\\/el-primer-a350-900-de-lufthansa-sale-de-toulouse\\\/#listItem\",\"position\":3,\"name\":\"El primer A350-900 de Lufthansa sale de Toulouse\",\"previousItem\":{\"@type\":\"ListItem\",\"@id\":\"https:\\\/\\\/eldigitaldeasturias.com\\\/magazine365\\\/category\\\/noticias-actualidad\\\/#listItem\",\"name\":\"Noticias y Actualidad\"}}]},{\"@type\":\"Organization\",\"@id\":\"https:\\\/\\\/eldigitaldeasturias.com\\\/magazine365\\\/#organization\",\"name\":\"El digital de Asturias\",\"description\":\"Revista de ocio, turismo y estilo de vida\",\"url\":\"https:\\\/\\\/eldigitaldeasturias.com\\\/magazine365\\\/\",\"logo\":{\"@type\":\"ImageObject\",\"url\":\"https:\\\/\\\/www.eldigitaldeasturias.com\\\/noticias\\\/wp-content\\\/uploads\\\/2020\\\/12\\\/EDA.jpg\",\"@id\":\"https:\\\/\\\/eldigitaldeasturias.com\\\/magazine365\\\/el-primer-a350-900-de-lufthansa-sale-de-toulouse\\\/#organizationLogo\"},\"image\":{\"@id\":\"https:\\\/\\\/eldigitaldeasturias.com\\\/magazine365\\\/el-primer-a350-900-de-lufthansa-sale-de-toulouse\\\/#organizationLogo\"}},{\"@type\":\"Person\",\"@id\":\"https:\\\/\\\/eldigitaldeasturias.com\\\/magazine365\\\/author\\\/admin\\\/#author\",\"url\":\"https:\\\/\\\/eldigitaldeasturias.com\\\/magazine365\\\/author\\\/admin\\\/\",\"name\":\"admin\",\"image\":{\"@type\":\"ImageObject\",\"@id\":\"https:\\\/\\\/eldigitaldeasturias.com\\\/magazine365\\\/el-primer-a350-900-de-lufthansa-sale-de-toulouse\\\/#authorImage\",\"url\":\"https:\\\/\\\/eldigitaldeasturias.com\\\/magazine365\\\/wp-content\\\/litespeed\\\/avatar\\\/e571bcf59a0edd6fa6838245a470f2fe.jpg?ver=1776969259\",\"width\":96,\"height\":96,\"caption\":\"admin\"}},{\"@type\":\"WebPage\",\"@id\":\"https:\\\/\\\/eldigitaldeasturias.com\\\/magazine365\\\/el-primer-a350-900-de-lufthansa-sale-de-toulouse\\\/#webpage\",\"url\":\"https:\\\/\\\/eldigitaldeasturias.com\\\/magazine365\\\/el-primer-a350-900-de-lufthansa-sale-de-toulouse\\\/\",\"name\":\"El primer A350-900 de Lufthansa sale de Toulouse | El Digital de Asturias\",\"description\":\"El A350-900 de Lufthansa sale de la planta de producci\\u00f3n de Airbus en Toulouse por primera vez y llegar\\u00e1 a M\\u00fanich en el invierno, seg\\u00fan ha informado la aerol\\u00ednea en un comunicado. Los paneles de las alas y el tren de aterrizaje ya est\\u00e1n instalados en el fuselaje. La pintura Lufthansa ya es claramente visible\",\"inLanguage\":\"es-ES\",\"isPartOf\":{\"@id\":\"https:\\\/\\\/eldigitaldeasturias.com\\\/magazine365\\\/#website\"},\"breadcrumb\":{\"@id\":\"https:\\\/\\\/eldigitaldeasturias.com\\\/magazine365\\\/el-primer-a350-900-de-lufthansa-sale-de-toulouse\\\/#breadcrumblist\"},\"author\":{\"@id\":\"https:\\\/\\\/eldigitaldeasturias.com\\\/magazine365\\\/author\\\/admin\\\/#author\"},\"creator\":{\"@id\":\"https:\\\/\\\/eldigitaldeasturias.com\\\/magazine365\\\/author\\\/admin\\\/#author\"},\"image\":{\"@type\":\"ImageObject\",\"url\":\"https:\\\/\\\/eldigitaldeasturias.com\\\/magazine365\\\/wp-content\\\/uploads\\\/2016\\\/06\\\/fotonoticia_20160628134047_800.jpg\",\"@id\":\"https:\\\/\\\/eldigitaldeasturias.com\\\/magazine365\\\/el-primer-a350-900-de-lufthansa-sale-de-toulouse\\\/#mainImage\",\"width\":800,\"height\":554},\"primaryImageOfPage\":{\"@id\":\"https:\\\/\\\/eldigitaldeasturias.com\\\/magazine365\\\/el-primer-a350-900-de-lufthansa-sale-de-toulouse\\\/#mainImage\"},\"datePublished\":\"2016-06-28T15:15:24+02:00\",\"dateModified\":\"2016-06-28T15:15:24+02:00\"},{\"@type\":\"WebSite\",\"@id\":\"https:\\\/\\\/eldigitaldeasturias.com\\\/magazine365\\\/#website\",\"url\":\"https:\\\/\\\/eldigitaldeasturias.com\\\/magazine365\\\/\",\"name\":\"El Digital de Asturias\",\"description\":\"Revista de ocio, turismo y estilo de vida\",\"inLanguage\":\"es-ES\",\"publisher\":{\"@id\":\"https:\\\/\\\/eldigitaldeasturias.com\\\/magazine365\\\/#organization\"}}]}\n\t\t<\/script>\n\t\t<!-- All in One SEO Pro -->\r\n\t\t<title>El primer A350-900 de Lufthansa sale de Toulouse | El Digital de Asturias<\/title>\n\n","aioseo_head_json":{"title":"El primer A350-900 de Lufthansa sale de Toulouse | El Digital de Asturias","description":"El A350-900 de Lufthansa sale de la planta de producci\u00f3n de Airbus en Toulouse por primera vez y llegar\u00e1 a M\u00fanich en el invierno, seg\u00fan ha informado la aerol\u00ednea en un comunicado. Los paneles de las alas y el tren de aterrizaje ya est\u00e1n instalados en el fuselaje. La pintura Lufthansa ya es claramente visible","canonical_url":"https:\/\/eldigitaldeasturias.com\/magazine365\/el-primer-a350-900-de-lufthansa-sale-de-toulouse\/","robots":"max-image-preview:large","keywords":"noticias y actualidad","webmasterTools":{"google-site-verification":"UA-38556648-1","miscellaneous":""},"schema":{"@context":"https:\/\/schema.org","@graph":[{"@type":"Article","@id":"https:\/\/eldigitaldeasturias.com\/magazine365\/el-primer-a350-900-de-lufthansa-sale-de-toulouse\/#article","name":"El primer A350-900 de Lufthansa sale de Toulouse | El Digital de Asturias","headline":"El primer A350-900 de Lufthansa sale de Toulouse","author":{"@id":"https:\/\/eldigitaldeasturias.com\/magazine365\/author\/admin\/#author"},"publisher":{"@id":"https:\/\/eldigitaldeasturias.com\/magazine365\/#organization"},"image":{"@type":"ImageObject","url":"https:\/\/eldigitaldeasturias.com\/magazine365\/wp-content\/uploads\/2016\/06\/fotonoticia_20160628134047_800.jpg","width":800,"height":554},"datePublished":"2016-06-28T15:15:24+02:00","dateModified":"2016-06-28T15:15:24+02:00","inLanguage":"es-ES","mainEntityOfPage":{"@id":"https:\/\/eldigitaldeasturias.com\/magazine365\/el-primer-a350-900-de-lufthansa-sale-de-toulouse\/#webpage"},"isPartOf":{"@id":"https:\/\/eldigitaldeasturias.com\/magazine365\/el-primer-a350-900-de-lufthansa-sale-de-toulouse\/#webpage"},"articleSection":"Noticias y Actualidad"},{"@type":"BreadcrumbList","@id":"https:\/\/eldigitaldeasturias.com\/magazine365\/el-primer-a350-900-de-lufthansa-sale-de-toulouse\/#breadcrumblist","itemListElement":[{"@type":"ListItem","@id":"https:\/\/eldigitaldeasturias.com\/magazine365#listItem","position":1,"name":"Home","item":"https:\/\/eldigitaldeasturias.com\/magazine365","nextItem":{"@type":"ListItem","@id":"https:\/\/eldigitaldeasturias.com\/magazine365\/category\/noticias-actualidad\/#listItem","name":"Noticias y Actualidad"}},{"@type":"ListItem","@id":"https:\/\/eldigitaldeasturias.com\/magazine365\/category\/noticias-actualidad\/#listItem","position":2,"name":"Noticias y Actualidad","item":"https:\/\/eldigitaldeasturias.com\/magazine365\/category\/noticias-actualidad\/","nextItem":{"@type":"ListItem","@id":"https:\/\/eldigitaldeasturias.com\/magazine365\/el-primer-a350-900-de-lufthansa-sale-de-toulouse\/#listItem","name":"El primer A350-900 de Lufthansa sale de Toulouse"},"previousItem":{"@type":"ListItem","@id":"https:\/\/eldigitaldeasturias.com\/magazine365#listItem","name":"Home"}},{"@type":"ListItem","@id":"https:\/\/eldigitaldeasturias.com\/magazine365\/el-primer-a350-900-de-lufthansa-sale-de-toulouse\/#listItem","position":3,"name":"El primer A350-900 de Lufthansa sale de Toulouse","previousItem":{"@type":"ListItem","@id":"https:\/\/eldigitaldeasturias.com\/magazine365\/category\/noticias-actualidad\/#listItem","name":"Noticias y Actualidad"}}]},{"@type":"Organization","@id":"https:\/\/eldigitaldeasturias.com\/magazine365\/#organization","name":"El digital de Asturias","description":"Revista de ocio, turismo y estilo de vida","url":"https:\/\/eldigitaldeasturias.com\/magazine365\/","logo":{"@type":"ImageObject","url":"https:\/\/www.eldigitaldeasturias.com\/noticias\/wp-content\/uploads\/2020\/12\/EDA.jpg","@id":"https:\/\/eldigitaldeasturias.com\/magazine365\/el-primer-a350-900-de-lufthansa-sale-de-toulouse\/#organizationLogo"},"image":{"@id":"https:\/\/eldigitaldeasturias.com\/magazine365\/el-primer-a350-900-de-lufthansa-sale-de-toulouse\/#organizationLogo"}},{"@type":"Person","@id":"https:\/\/eldigitaldeasturias.com\/magazine365\/author\/admin\/#author","url":"https:\/\/eldigitaldeasturias.com\/magazine365\/author\/admin\/","name":"admin","image":{"@type":"ImageObject","@id":"https:\/\/eldigitaldeasturias.com\/magazine365\/el-primer-a350-900-de-lufthansa-sale-de-toulouse\/#authorImage","url":"https:\/\/eldigitaldeasturias.com\/magazine365\/wp-content\/litespeed\/avatar\/e571bcf59a0edd6fa6838245a470f2fe.jpg?ver=1776969259","width":96,"height":96,"caption":"admin"}},{"@type":"WebPage","@id":"https:\/\/eldigitaldeasturias.com\/magazine365\/el-primer-a350-900-de-lufthansa-sale-de-toulouse\/#webpage","url":"https:\/\/eldigitaldeasturias.com\/magazine365\/el-primer-a350-900-de-lufthansa-sale-de-toulouse\/","name":"El primer A350-900 de Lufthansa sale de Toulouse | El Digital de Asturias","description":"El A350-900 de Lufthansa sale de la planta de producci\u00f3n de Airbus en Toulouse por primera vez y llegar\u00e1 a M\u00fanich en el invierno, seg\u00fan ha informado la aerol\u00ednea en un comunicado. Los paneles de las alas y el tren de aterrizaje ya est\u00e1n instalados en el fuselaje. La pintura Lufthansa ya es claramente visible","inLanguage":"es-ES","isPartOf":{"@id":"https:\/\/eldigitaldeasturias.com\/magazine365\/#website"},"breadcrumb":{"@id":"https:\/\/eldigitaldeasturias.com\/magazine365\/el-primer-a350-900-de-lufthansa-sale-de-toulouse\/#breadcrumblist"},"author":{"@id":"https:\/\/eldigitaldeasturias.com\/magazine365\/author\/admin\/#author"},"creator":{"@id":"https:\/\/eldigitaldeasturias.com\/magazine365\/author\/admin\/#author"},"image":{"@type":"ImageObject","url":"https:\/\/eldigitaldeasturias.com\/magazine365\/wp-content\/uploads\/2016\/06\/fotonoticia_20160628134047_800.jpg","@id":"https:\/\/eldigitaldeasturias.com\/magazine365\/el-primer-a350-900-de-lufthansa-sale-de-toulouse\/#mainImage","width":800,"height":554},"primaryImageOfPage":{"@id":"https:\/\/eldigitaldeasturias.com\/magazine365\/el-primer-a350-900-de-lufthansa-sale-de-toulouse\/#mainImage"},"datePublished":"2016-06-28T15:15:24+02:00","dateModified":"2016-06-28T15:15:24+02:00"},{"@type":"WebSite","@id":"https:\/\/eldigitaldeasturias.com\/magazine365\/#website","url":"https:\/\/eldigitaldeasturias.com\/magazine365\/","name":"El Digital de Asturias","description":"Revista de ocio, turismo y estilo de vida","inLanguage":"es-ES","publisher":{"@id":"https:\/\/eldigitaldeasturias.com\/magazine365\/#organization"}}]},"og:locale":"es_ES","og:site_name":"El Digital de Asturias \u2013 Revista de ocio, turismo y estilo de vida","og:type":"article","og:title":"El primer A350-900 de Lufthansa sale de Toulouse | El Digital de Asturias","og:description":"El A350-900 de Lufthansa sale de la planta de producci\u00f3n de Airbus en Toulouse por primera vez y llegar\u00e1 a M\u00fanich en el invierno, seg\u00fan ha informado la aerol\u00ednea en un comunicado. Los paneles de las alas y el tren de aterrizaje ya est\u00e1n instalados en el fuselaje. La pintura Lufthansa ya es claramente visible","og:url":"https:\/\/eldigitaldeasturias.com\/magazine365\/el-primer-a350-900-de-lufthansa-sale-de-toulouse\/","og:image":"https:\/\/eldigitaldeasturias.com\/magazine365\/wp-content\/uploads\/2016\/06\/fotonoticia_20160628134047_800.jpg","og:image:secure_url":"https:\/\/eldigitaldeasturias.com\/magazine365\/wp-content\/uploads\/2016\/06\/fotonoticia_20160628134047_800.jpg","og:image:width":800,"og:image:height":554,"article:published_time":"2016-06-28T13:15:24+00:00","article:modified_time":"2016-06-28T13:15:24+00:00","twitter:card":"summary_large_image","twitter:title":"El primer A350-900 de Lufthansa sale de Toulouse | El Digital de Asturias","twitter:description":"El A350-900 de Lufthansa sale de la planta de producci\u00f3n de Airbus en Toulouse por primera vez y llegar\u00e1 a M\u00fanich en el invierno, seg\u00fan ha informado la aerol\u00ednea en un comunicado. Los paneles de las alas y el tren de aterrizaje ya est\u00e1n instalados en el fuselaje. La pintura Lufthansa ya es claramente visible","twitter:image":"https:\/\/eldigitaldeasturias.com\/magazine365\/wp-content\/uploads\/2016\/06\/fotonoticia_20160628134047_800.jpg"},"aioseo_meta_data":{"post_id":"80939","title":null,"description":null,"keywords":null,"keyphrases":null,"primary_term":null,"canonical_url":null,"og_title":null,"og_description":null,"og_object_type":"default","og_image_type":"default","og_image_url":null,"og_image_width":null,"og_image_height":null,"og_image_custom_url":null,"og_image_custom_fields":null,"og_video":null,"og_custom_url":null,"og_article_section":null,"og_article_tags":null,"twitter_use_og":false,"twitter_card":"default","twitter_image_type":"default","twitter_image_url":null,"twitter_image_custom_url":null,"twitter_image_custom_fields":null,"twitter_title":null,"twitter_description":null,"schema":{"blockGraphs":[],"customGraphs":[],"default":{"data":{"Article":[],"Course":[],"Dataset":[],"FAQPage":[],"Movie":[],"Person":[],"Product":[],"ProductReview":[],"Car":[],"Recipe":[],"Service":[],"SoftwareApplication":[],"WebPage":[]},"graphName":"","isEnabled":true},"graphs":[],"defaultGraph":"","defaultPostTypeGraph":""},"schema_type":null,"schema_type_options":null,"pillar_content":false,"robots_default":true,"robots_noindex":false,"robots_noarchive":false,"robots_nosnippet":false,"robots_nofollow":false,"robots_noimageindex":false,"robots_noodp":false,"robots_notranslate":false,"robots_max_snippet":null,"robots_max_videopreview":null,"robots_max_imagepreview":"large","priority":null,"frequency":null,"location":null,"local_seo":null,"seo_analyzer_scan_date":"2025-09-27 21:49:59","breadcrumb_settings":null,"limit_modified_date":false,"open_ai":null,"ai":null,"created":"2021-03-08 17:23:43","updated":"2025-09-27 21:49:59"},"aioseo_breadcrumb":"<div class=\"aioseo-breadcrumbs\"><span class=\"aioseo-breadcrumb\">\n\t<a href=\"https:\/\/eldigitaldeasturias.com\/magazine365\" title=\"Home\">Home<\/a>\n<\/span><span class=\"aioseo-breadcrumb-separator\">\u2013<\/span><span class=\"aioseo-breadcrumb\">\n\t<a href=\"https:\/\/eldigitaldeasturias.com\/magazine365\/category\/noticias-actualidad\/\" title=\"Noticias y Actualidad\">Noticias y Actualidad<\/a>\n<\/span><span class=\"aioseo-breadcrumb-separator\">\u2013<\/span><span class=\"aioseo-breadcrumb\">\n\t<a href=\"https:\/\/eldigitaldeasturias.com\/magazine365\/el-primer-a350-900-de-lufthansa-sale-de-toulouse\/\" title=\"El primer A350-900 de Lufthansa sale de Toulouse\">El primer A350-900 de Lufthansa sale de Toulouse<\/a>\n<\/span><\/div>","aioseo_breadcrumb_json":[{"label":"Home","link":"https:\/\/eldigitaldeasturias.com\/magazine365"},{"label":"Noticias y Actualidad","link":"https:\/\/eldigitaldeasturias.com\/magazine365\/category\/noticias-actualidad\/"},{"label":"El primer A350-900 de Lufthansa sale de Toulouse","link":"https:\/\/eldigitaldeasturias.com\/magazine365\/el-primer-a350-900-de-lufthansa-sale-de-toulouse\/"}],"_links":{"self":[{"href":"https:\/\/eldigitaldeasturias.com\/magazine365\/wp-json\/wp\/v2\/posts\/80939","targetHints":{"allow":["GET"]}}],"collection":[{"href":"https:\/\/eldigitaldeasturias.com\/magazine365\/wp-json\/wp\/v2\/posts"}],"about":[{"href":"https:\/\/eldigitaldeasturias.com\/magazine365\/wp-json\/wp\/v2\/types\/post"}],"author":[{"embeddable":true,"href":"https:\/\/eldigitaldeasturias.com\/magazine365\/wp-json\/wp\/v2\/users\/1"}],"replies":[{"embeddable":true,"href":"https:\/\/eldigitaldeasturias.com\/magazine365\/wp-json\/wp\/v2\/comments?post=80939"}],"version-history":[{"count":0,"href":"https:\/\/eldigitaldeasturias.com\/magazine365\/wp-json\/wp\/v2\/posts\/80939\/revisions"}],"wp:featuredmedia":[{"embeddable":true,"href":"https:\/\/eldigitaldeasturias.com\/magazine365\/wp-json\/wp\/v2\/media\/80940"}],"wp:attachment":[{"href":"https:\/\/eldigitaldeasturias.com\/magazine365\/wp-json\/wp\/v2\/media?parent=80939"}],"wp:term":[{"taxonomy":"category","embeddable":true,"href":"https:\/\/eldigitaldeasturias.com\/magazine365\/wp-json\/wp\/v2\/categories?post=80939"},{"taxonomy":"post_tag","embeddable":true,"href":"https:\/\/eldigitaldeasturias.com\/magazine365\/wp-json\/wp\/v2\/tags?post=80939"}],"curies":[{"name":"wp","href":"https:\/\/api.w.org\/{rel}","templated":true}]}}